{"id":531,"date":"2020-09-21T11:24:33","date_gmt":"2020-09-21T08:24:33","guid":{"rendered":"https:\/\/hotnewsinworld.com\/es\/el-hospital-de-vallecas-ya-opera-al-135-de-su-capacidad-en-uci-madrid\/"},"modified":"2020-09-21T11:24:36","modified_gmt":"2020-09-21T08:24:36","slug":"el-hospital-de-vallecas-ya-opera-al-135-de-su-capacidad-en-uci-madrid","status":"publish","type":"post","link":"https:\/\/hotnewsinworld.com\/es\/el-hospital-de-vallecas-ya-opera-al-135-de-su-capacidad-en-uci-madrid\/","title":{"rendered":"El hospital de Vallecas ya opera al 135% de su capacidad en UCI | Madrid"},"content":{"rendered":"<p>La semana pasada volvi\u00f3 a salir llorando del hospital. Cuando lo cuenta, M\u00edriam Marcos, enfermera en el hospital Virgen de la Torre, en el distrito madrile\u00f1o de Villa de Vallecas, recuerda los meses de marzo y abril y no logra entender c\u00f3mo puede estar volviendo a ocurrir. Un total de 402 facultativos de todas las especialidades de ese centro y del hospital al que est\u00e1 adherido, el Infanta Leonor, firmaron una carta el pasado 16 de septiembre que enviaron al consejero de Sanidad de Madrid, Enrique Ruiz Escudero. Hablan de \u201cprecolapso\u201d.Como esta enfermera, el texto tambi\u00e9n se refiere a la primavera y a c\u00f3mo, entonces, \u201cel hospital lleg\u00f3 a tener una ocupaci\u00f3n del 202% solo de pacientes afectos de coronavirus, sin tener en cuenta otras patolog\u00edas\u201d. El centro se convirti\u00f3 en el hospital de Madrid con mayor presi\u00f3n de pacientes ingresados por covid respecto al n\u00famero de camas \u2015tienen 361 de las que 92 pertenecen al Virgen de la Torre, dedicado a paliativos y pacientes no subsidiarios de necesitar UCI\u2015, siendo el que menor n\u00famero de plazas de UCI puede ofrecer en relaci\u00f3n con los pacientes que ten\u00edan ingresados. Aquello provoc\u00f3 \u201cla suspensi\u00f3n de todo tipo de actividad quir\u00fargica incluida la urgente (solo se mantuvo la emergente) y derivando en la dedicaci\u00f3n de m\u00e9dicos de todas las especialidades al manejo de pacientes covid-19\u201d.En el momento en el que enviaron la carta su ocupaci\u00f3n era de un 54% por pacientes covid en agudos y del 100% en sus unidades de cr\u00edticos. En ella, alertaban de un r\u00e1pido aumento. Este domingo estaban al 55% en agudos y al 135% en la UCI. \u00bfLa raz\u00f3n? La alta incidencia del virus en la zona que cubren, 305.262 personas en Puente de Vallecas, el distrito madrile\u00f1o con m\u00e1s contagios. En los \u00faltimos 14 d\u00edas ah\u00ed se han notificado 2.914 casos y tienen una incidencia acumulada de 1.240,76, la m\u00e1s alta de Madrid. Es una de las zonas b\u00e1sicas de salud que desde este lunes est\u00e1n sometidas a las nuevas restricciones que la presidenta Isabel D\u00edaz Ayuso anunci\u00f3 el viernes y que ha puesto en pie a vecinos y sanitarios.La zona con m\u00e1s incidencia de Espa\u00f1aEl viernes por la noche en la Puerta del Sol y este domingo frente a la Asamblea de Madrid miles de vecinos de los ocho municipios afectados protestaron por unas medidas que consideran \u201cineficaces y discriminatorias\u201d, unos adjetivos que tambi\u00e9n usan sanitarios y epidemi\u00f3logos, que apuntan a medidas m\u00e1s restrictivas y de aplicaci\u00f3n en toda la regi\u00f3n y vuelven a insistir en que, sin un refuerzo de atenci\u00f3n primaria y salud p\u00fablica, no se conseguir\u00e1 frenar la pandemia.Mientras la poblaci\u00f3n de ese distrito sal\u00eda la ma\u00f1ana de este domingo a reclamar inversi\u00f3n en sus \u00e1reas \u201cy no segregaci\u00f3n\u201d, Marcos terminaba un turno de noche en el que hab\u00eda dos enfermeras y dos auxiliares para 28 pacientes covid. Lo normal es que hubiera \u201ctres enfermeras y tres auxiliares por la ma\u00f1ana, igual por la tarde\u201d y dos de cada una de estas especialistas por las noches: \u201cPero lo que deber\u00eda haber son seis y seis en cada turno. Lo que viene es inasumible\u201d.Mientras que en marzo, abril y mayo les lleg\u00f3 refuerzo al hospital, \u201cahora no ha venido nadie\u201d. En el texto enviado a la consejer\u00eda cuentan que ya han tenido que mover a los especialistas a atender pacientes de covid, \u201cdejando de lado su especialidad y a pacientes que pueden tener patolog\u00edas tan o m\u00e1s graves y limitantes\u201d. Han aplazado ya intervenciones quir\u00fargicas programadas y aseguran que esta actividad \u201cse resentir\u00e1 a\u00fan m\u00e1s. Tambi\u00e9n la atenci\u00f3n a los pacientes con patolog\u00edas cr\u00f3nicas, que en su mayor\u00eda se llevan a cabo en el \u00e1rea asistencial ambulatoria, quedar\u00e1 mermada o anulada\u201d.Soluciones: recursos humanos y redistribuci\u00f3n de pacientes\u201c\u00bfC\u00f3mo puedes cuidar a los pacientes as\u00ed? \u00bfC\u00f3mo vas a dar una asistencia de calidad en estas condiciones? Lo quieres hacer lo mejor posible pero es imposible\u201d, se pregunta Marcos. La presi\u00f3n hospitalaria de este centro no es la del resto de Madrid, que hace mella en los hospitales de forma asim\u00e9trica, un hecho que tambi\u00e9n se subraya en el documento: \u201cEl principio de justicia insiste en la necesidad de que todos los pacientes tengan igualdad de oportunidades de acceso a la asistencia\u201d.Los especialistas que firman la carta, el 87,3% de la plantilla, piden \u201credistribuci\u00f3n de pacientes\u201d entre los hospitales madrile\u00f1os \u2014\u201ces prioritario y exigible para maximizar el bien com\u00fan\u201d\u2014, y un \u201cadecuado funcionamiento del corredor UCI\u201d, una medida que se puso en marcha en marzo a trav\u00e9s de un grupo de WhatsApp en el que estaban los jefes de servicio de Medicina Intensiva de todos los hospitales madrile\u00f1os y la Consejer\u00eda de Sanidad. Durante los momentos m\u00e1s duros de la pandemia, para intentar no dejar fuera de una UCI a ning\u00fan paciente que la necesitara, se derivaban estos enfermos al centro que en ese momento tuviese m\u00e1s capacidad para atenderlo.Sergio Fern\u00e1ndez, delegado de CC OO en el Infanta Leonor, recuerda que llevan meses denunciando la situaci\u00f3n. Por un lado, la ineficacia no solo del corredor de UCI, sino del traslado de pacientes en las plantas: \u201cSeg\u00fan la gerencia se ha solicitado ese traslado pero no se lo conceden y nadie entiende qu\u00e9 est\u00e1 pasando\u201d. Y por otro, la falta de profesionales que sufren: \u201cSe suman los contagiados, los que est\u00e1n en aislamiento por ser contactos, las vacaciones que se est\u00e1n respetando al m\u00e1ximo para que los profesionales puedan descansar, que no se consigue contratar a m\u00e1s gente porque se han marchado debido a las condiciones laborales indecentes que se les ofrec\u00edan, que llevamos 20 a\u00f1os de recortes y plantillas infradotadas y ahora una primaria que, si cabe, agoniza a\u00fan m\u00e1s\u201d. El resultado, dice, \u201ces obvio\u201d.Estamos ah\u00ed, en el precolapso, un sitio al que jam\u00e1s deber\u00edamos haber vueltoM\u00edriam Marcos, enfermera del Hospital Virgen de la TorreEsa segunda ola, dicen otros tres profesionales del Infanta Leonor, \u201cllega mucho antes\u201d de lo que esperaban. El agotamiento, lamentan, sigue, y los recursos humanos de los que disponen son limitados. \u201cY queda un tiempo muy largo con una carga muy alta\u201d. Lo mismo observa Joaqu\u00edn, que se incorpor\u00f3 de sus vacaciones el pasado viernes: \u201cSoy matrona y aunque en nuestro servicio funcionamos por autogesti\u00f3n, cubriendo las bajas y los problemas que pueda haber, como si fu\u00e9semos una isla, se observa claramente el aumento de pacientes. En marzo y abril sufrimos, sobre todo, por nuestras pacientes y porque no pod\u00edamos ayudar a nuestros compa\u00f1eros, y ahora tememos que vuelva a ocurrir lo mismo\u201d.A ninguno de estos profesionales les importa la carga de trabajo o la dureza del mismo, les \u201cduele\u201d la falta de recursos para poder manejarlo. M\u00edriam Marcos, la enfermera, dice que no sabe hasta d\u00f3nde llegar\u00e1 de nuevo la situaci\u00f3n: \u201cPero ya estamos ah\u00ed, en el precolapso, un sitio al que jam\u00e1s deber\u00edamos haber vuelto\u201d.Informaci\u00f3n sobre el coronavirus- Aqu\u00ed puede seguir la \u00faltima hora sobre la evoluci\u00f3n de la pandemia- As\u00ed evoluciona la curva del coronavirus en Espa\u00f1a y en cada autonom\u00eda- Buscador: La nueva normalidad por municipios- Preguntas y respuestas sobre el coronavirus- Gu\u00eda de actuaci\u00f3n ante la enfermedad<br \/>\n<br \/>\n<!--noindex--><br \/>\n<a href=\"https:\/\/elpais.com\/espana\/madrid\/2020-09-21\/el-hospital-de-vallecas-ya-opera-al-135-de-su-capacidad-en-uci.html\" rel=\"nofollow\">Source link <\/a><br \/>\n<!--\/noindex--><\/p>\n","protected":false},"excerpt":{"rendered":"<p>La semana pasada volvi\u00f3 a salir llorando del hospital. Cuando lo cuenta, M\u00edriam Marcos, enfermera en el hospital Virgen de la Torre, en el distrito madrile\u00f1o de Villa de Vallecas, recuerda los meses de marzo y abril y no logra entender c\u00f3mo puede estar volviendo a ocurrir. Un total de 402 facultativos de todas las [&hellip;]<\/p>\n","protected":false},"author":2,"featured_media":532,"comment_status":"open","ping_status":"open","sticky":false,"template":"","format":"standard","meta":{"footnotes":""},"categories":[3],"tags":[],"class_list":["post-531","post","type-post","status-publish","format-standard","has-post-thumbnail","hentry","category-noticias-de-medios-sociales"],"yoast_head":"<!-- This site is optimized with the Yoast SEO plugin v27.4 - https:\/\/yoast.com\/product\/yoast-seo-wordpress\/ -->\n<title>El hospital de Vallecas ya opera al 135% de su capacidad en UCI | Madrid - Hot News in World<\/title>\n<meta name=\"robots\" content=\"index, follow, max-snippet:-1, max-image-preview:large, max-video-preview:-1\" \/>\n<link rel=\"canonical\" href=\"https:\/\/hotnewsinworld.com\/es\/el-hospital-de-vallecas-ya-opera-al-135-de-su-capacidad-en-uci-madrid\/\" \/>\n<meta property=\"og:locale\" content=\"es_ES\" \/>\n<meta property=\"og:type\" content=\"article\" \/>\n<meta property=\"og:title\" content=\"El hospital de Vallecas ya opera al 135% de su capacidad en UCI | Madrid - Hot News in World\" \/>\n<meta property=\"og:description\" content=\"La semana pasada volvi\u00f3 a salir llorando del hospital. Cuando lo cuenta, M\u00edriam Marcos, enfermera en el hospital Virgen de la Torre, en el distrito madrile\u00f1o de Villa de Vallecas, recuerda los meses de marzo y abril y no logra entender c\u00f3mo puede estar volviendo a ocurrir. Un total de 402 facultativos de todas las [&hellip;]\" \/>\n<meta property=\"og:url\" content=\"https:\/\/hotnewsinworld.com\/es\/el-hospital-de-vallecas-ya-opera-al-135-de-su-capacidad-en-uci-madrid\/\" \/>\n<meta property=\"og:site_name\" content=\"Hot News in World\" \/>\n<meta property=\"article:published_time\" content=\"2020-09-21T08:24:33+00:00\" \/>\n<meta property=\"article:modified_time\" content=\"2020-09-21T08:24:36+00:00\" \/>\n<meta property=\"og:image\" content=\"https:\/\/hotnewsinworld.com\/es\/wp-content\/uploads\/sites\/4\/2020\/09\/El-hospital-de-Vallecas-ya-opera-al-135-de-su.jpg\" \/>\n\t<meta property=\"og:image:width\" content=\"4859\" \/>\n\t<meta property=\"og:image:height\" content=\"3113\" \/>\n\t<meta property=\"og:image:type\" content=\"image\/jpeg\" \/>\n<meta name=\"author\" content=\"hotnewsinworld\" \/>\n<meta name=\"twitter:card\" content=\"summary_large_image\" \/>\n<meta name=\"twitter:label1\" content=\"Escrito por\" \/>\n\t<meta name=\"twitter:data1\" content=\"hotnewsinworld\" \/>\n\t<meta name=\"twitter:label2\" content=\"Tiempo de lectura\" \/>\n\t<meta name=\"twitter:data2\" content=\"6 minutos\" \/>\n<script type=\"application\/ld+json\" class=\"yoast-schema-graph\">{\"@context\":\"https:\\\/\\\/schema.org\",\"@graph\":[{\"@type\":\"Article\",\"@id\":\"https:\\\/\\\/hotnewsinworld.com\\\/es\\\/el-hospital-de-vallecas-ya-opera-al-135-de-su-capacidad-en-uci-madrid\\\/#article\",\"isPartOf\":{\"@id\":\"https:\\\/\\\/hotnewsinworld.com\\\/es\\\/el-hospital-de-vallecas-ya-opera-al-135-de-su-capacidad-en-uci-madrid\\\/\"},\"author\":{\"name\":\"hotnewsinworld\",\"@id\":\"https:\\\/\\\/hotnewsinworld.com\\\/es\\\/#\\\/schema\\\/person\\\/fe61448b21c0d59086e75fcc1f9d8f6b\"},\"headline\":\"El hospital de Vallecas ya opera al 135% de su capacidad en UCI | Madrid\",\"datePublished\":\"2020-09-21T08:24:33+00:00\",\"dateModified\":\"2020-09-21T08:24:36+00:00\",\"mainEntityOfPage\":{\"@id\":\"https:\\\/\\\/hotnewsinworld.com\\\/es\\\/el-hospital-de-vallecas-ya-opera-al-135-de-su-capacidad-en-uci-madrid\\\/\"},\"wordCount\":1291,\"commentCount\":0,\"image\":{\"@id\":\"https:\\\/\\\/hotnewsinworld.com\\\/es\\\/el-hospital-de-vallecas-ya-opera-al-135-de-su-capacidad-en-uci-madrid\\\/#primaryimage\"},\"thumbnailUrl\":\"https:\\\/\\\/hotnewsinworld.com\\\/es\\\/wp-content\\\/uploads\\\/sites\\\/4\\\/2020\\\/09\\\/El-hospital-de-Vallecas-ya-opera-al-135-de-su.jpg\",\"articleSection\":[\"NOTICIAS DE MEDIOS SOCIALES\"],\"inLanguage\":\"es\",\"potentialAction\":[{\"@type\":\"CommentAction\",\"name\":\"Comment\",\"target\":[\"https:\\\/\\\/hotnewsinworld.com\\\/es\\\/el-hospital-de-vallecas-ya-opera-al-135-de-su-capacidad-en-uci-madrid\\\/#respond\"]}]},{\"@type\":\"WebPage\",\"@id\":\"https:\\\/\\\/hotnewsinworld.com\\\/es\\\/el-hospital-de-vallecas-ya-opera-al-135-de-su-capacidad-en-uci-madrid\\\/\",\"url\":\"https:\\\/\\\/hotnewsinworld.com\\\/es\\\/el-hospital-de-vallecas-ya-opera-al-135-de-su-capacidad-en-uci-madrid\\\/\",\"name\":\"El hospital de Vallecas ya opera al 135% de su capacidad en UCI | Madrid - Hot News in World\",\"isPartOf\":{\"@id\":\"https:\\\/\\\/hotnewsinworld.com\\\/es\\\/#website\"},\"primaryImageOfPage\":{\"@id\":\"https:\\\/\\\/hotnewsinworld.com\\\/es\\\/el-hospital-de-vallecas-ya-opera-al-135-de-su-capacidad-en-uci-madrid\\\/#primaryimage\"},\"image\":{\"@id\":\"https:\\\/\\\/hotnewsinworld.com\\\/es\\\/el-hospital-de-vallecas-ya-opera-al-135-de-su-capacidad-en-uci-madrid\\\/#primaryimage\"},\"thumbnailUrl\":\"https:\\\/\\\/hotnewsinworld.com\\\/es\\\/wp-content\\\/uploads\\\/sites\\\/4\\\/2020\\\/09\\\/El-hospital-de-Vallecas-ya-opera-al-135-de-su.jpg\",\"datePublished\":\"2020-09-21T08:24:33+00:00\",\"dateModified\":\"2020-09-21T08:24:36+00:00\",\"author\":{\"@id\":\"https:\\\/\\\/hotnewsinworld.com\\\/es\\\/#\\\/schema\\\/person\\\/fe61448b21c0d59086e75fcc1f9d8f6b\"},\"breadcrumb\":{\"@id\":\"https:\\\/\\\/hotnewsinworld.com\\\/es\\\/el-hospital-de-vallecas-ya-opera-al-135-de-su-capacidad-en-uci-madrid\\\/#breadcrumb\"},\"inLanguage\":\"es\",\"potentialAction\":[{\"@type\":\"ReadAction\",\"target\":[\"https:\\\/\\\/hotnewsinworld.com\\\/es\\\/el-hospital-de-vallecas-ya-opera-al-135-de-su-capacidad-en-uci-madrid\\\/\"]}]},{\"@type\":\"ImageObject\",\"inLanguage\":\"es\",\"@id\":\"https:\\\/\\\/hotnewsinworld.com\\\/es\\\/el-hospital-de-vallecas-ya-opera-al-135-de-su-capacidad-en-uci-madrid\\\/#primaryimage\",\"url\":\"https:\\\/\\\/hotnewsinworld.com\\\/es\\\/wp-content\\\/uploads\\\/sites\\\/4\\\/2020\\\/09\\\/El-hospital-de-Vallecas-ya-opera-al-135-de-su.jpg\",\"contentUrl\":\"https:\\\/\\\/hotnewsinworld.com\\\/es\\\/wp-content\\\/uploads\\\/sites\\\/4\\\/2020\\\/09\\\/El-hospital-de-Vallecas-ya-opera-al-135-de-su.jpg\",\"width\":4859,\"height\":3113,\"caption\":\"El hospital de Vallecas ya opera al 135% de su capacidad en UCI | Madrid\"},{\"@type\":\"BreadcrumbList\",\"@id\":\"https:\\\/\\\/hotnewsinworld.com\\\/es\\\/el-hospital-de-vallecas-ya-opera-al-135-de-su-capacidad-en-uci-madrid\\\/#breadcrumb\",\"itemListElement\":[{\"@type\":\"ListItem\",\"position\":1,\"name\":\"\u0413\u043b\u0430\u0432\u043d\u0430\u044f \u0441\u0442\u0440\u0430\u043d\u0438\u0446\u0430\",\"item\":\"https:\\\/\\\/hotnewsinworld.com\\\/es\\\/\"},{\"@type\":\"ListItem\",\"position\":2,\"name\":\"El hospital de Vallecas ya opera al 135% de su capacidad en UCI | Madrid\"}]},{\"@type\":\"WebSite\",\"@id\":\"https:\\\/\\\/hotnewsinworld.com\\\/es\\\/#website\",\"url\":\"https:\\\/\\\/hotnewsinworld.com\\\/es\\\/\",\"name\":\"Hot News in World\",\"description\":\"Hot News in World from Spain\",\"potentialAction\":[{\"@type\":\"SearchAction\",\"target\":{\"@type\":\"EntryPoint\",\"urlTemplate\":\"https:\\\/\\\/hotnewsinworld.com\\\/es\\\/?s={search_term_string}\"},\"query-input\":{\"@type\":\"PropertyValueSpecification\",\"valueRequired\":true,\"valueName\":\"search_term_string\"}}],\"inLanguage\":\"es\"},{\"@type\":\"Person\",\"@id\":\"https:\\\/\\\/hotnewsinworld.com\\\/es\\\/#\\\/schema\\\/person\\\/fe61448b21c0d59086e75fcc1f9d8f6b\",\"name\":\"hotnewsinworld\",\"image\":{\"@type\":\"ImageObject\",\"inLanguage\":\"es\",\"@id\":\"https:\\\/\\\/secure.gravatar.com\\\/avatar\\\/8a09ac165600ce2e1c38fe593c63928eb1e6e7ba5c5a907d67787c41b3d00c14?s=96&d=mm&r=g\",\"url\":\"https:\\\/\\\/secure.gravatar.com\\\/avatar\\\/8a09ac165600ce2e1c38fe593c63928eb1e6e7ba5c5a907d67787c41b3d00c14?s=96&d=mm&r=g\",\"contentUrl\":\"https:\\\/\\\/secure.gravatar.com\\\/avatar\\\/8a09ac165600ce2e1c38fe593c63928eb1e6e7ba5c5a907d67787c41b3d00c14?s=96&d=mm&r=g\",\"caption\":\"hotnewsinworld\"},\"url\":\"https:\\\/\\\/hotnewsinworld.com\\\/es\\\/author\\\/pt\\\/\"}]}<\/script>\n<!-- \/ Yoast SEO plugin. -->","yoast_head_json":{"title":"El hospital de Vallecas ya opera al 135% de su capacidad en UCI | Madrid - Hot News in World","robots":{"index":"index","follow":"follow","max-snippet":"max-snippet:-1","max-image-preview":"max-image-preview:large","max-video-preview":"max-video-preview:-1"},"canonical":"https:\/\/hotnewsinworld.com\/es\/el-hospital-de-vallecas-ya-opera-al-135-de-su-capacidad-en-uci-madrid\/","og_locale":"es_ES","og_type":"article","og_title":"El hospital de Vallecas ya opera al 135% de su capacidad en UCI | Madrid - Hot News in World","og_description":"La semana pasada volvi\u00f3 a salir llorando del hospital. Cuando lo cuenta, M\u00edriam Marcos, enfermera en el hospital Virgen de la Torre, en el distrito madrile\u00f1o de Villa de Vallecas, recuerda los meses de marzo y abril y no logra entender c\u00f3mo puede estar volviendo a ocurrir. Un total de 402 facultativos de todas las [&hellip;]","og_url":"https:\/\/hotnewsinworld.com\/es\/el-hospital-de-vallecas-ya-opera-al-135-de-su-capacidad-en-uci-madrid\/","og_site_name":"Hot News in World","article_published_time":"2020-09-21T08:24:33+00:00","article_modified_time":"2020-09-21T08:24:36+00:00","og_image":[{"width":4859,"height":3113,"url":"https:\/\/hotnewsinworld.com\/es\/wp-content\/uploads\/sites\/4\/2020\/09\/El-hospital-de-Vallecas-ya-opera-al-135-de-su.jpg","type":"image\/jpeg"}],"author":"hotnewsinworld","twitter_card":"summary_large_image","twitter_misc":{"Escrito por":"hotnewsinworld","Tiempo de lectura":"6 minutos"},"schema":{"@context":"https:\/\/schema.org","@graph":[{"@type":"Article","@id":"https:\/\/hotnewsinworld.com\/es\/el-hospital-de-vallecas-ya-opera-al-135-de-su-capacidad-en-uci-madrid\/#article","isPartOf":{"@id":"https:\/\/hotnewsinworld.com\/es\/el-hospital-de-vallecas-ya-opera-al-135-de-su-capacidad-en-uci-madrid\/"},"author":{"name":"hotnewsinworld","@id":"https:\/\/hotnewsinworld.com\/es\/#\/schema\/person\/fe61448b21c0d59086e75fcc1f9d8f6b"},"headline":"El hospital de Vallecas ya opera al 135% de su capacidad en UCI | Madrid","datePublished":"2020-09-21T08:24:33+00:00","dateModified":"2020-09-21T08:24:36+00:00","mainEntityOfPage":{"@id":"https:\/\/hotnewsinworld.com\/es\/el-hospital-de-vallecas-ya-opera-al-135-de-su-capacidad-en-uci-madrid\/"},"wordCount":1291,"commentCount":0,"image":{"@id":"https:\/\/hotnewsinworld.com\/es\/el-hospital-de-vallecas-ya-opera-al-135-de-su-capacidad-en-uci-madrid\/#primaryimage"},"thumbnailUrl":"https:\/\/hotnewsinworld.com\/es\/wp-content\/uploads\/sites\/4\/2020\/09\/El-hospital-de-Vallecas-ya-opera-al-135-de-su.jpg","articleSection":["NOTICIAS DE MEDIOS SOCIALES"],"inLanguage":"es","potentialAction":[{"@type":"CommentAction","name":"Comment","target":["https:\/\/hotnewsinworld.com\/es\/el-hospital-de-vallecas-ya-opera-al-135-de-su-capacidad-en-uci-madrid\/#respond"]}]},{"@type":"WebPage","@id":"https:\/\/hotnewsinworld.com\/es\/el-hospital-de-vallecas-ya-opera-al-135-de-su-capacidad-en-uci-madrid\/","url":"https:\/\/hotnewsinworld.com\/es\/el-hospital-de-vallecas-ya-opera-al-135-de-su-capacidad-en-uci-madrid\/","name":"El hospital de Vallecas ya opera al 135% de su capacidad en UCI | Madrid - Hot News in World","isPartOf":{"@id":"https:\/\/hotnewsinworld.com\/es\/#website"},"primaryImageOfPage":{"@id":"https:\/\/hotnewsinworld.com\/es\/el-hospital-de-vallecas-ya-opera-al-135-de-su-capacidad-en-uci-madrid\/#primaryimage"},"image":{"@id":"https:\/\/hotnewsinworld.com\/es\/el-hospital-de-vallecas-ya-opera-al-135-de-su-capacidad-en-uci-madrid\/#primaryimage"},"thumbnailUrl":"https:\/\/hotnewsinworld.com\/es\/wp-content\/uploads\/sites\/4\/2020\/09\/El-hospital-de-Vallecas-ya-opera-al-135-de-su.jpg","datePublished":"2020-09-21T08:24:33+00:00","dateModified":"2020-09-21T08:24:36+00:00","author":{"@id":"https:\/\/hotnewsinworld.com\/es\/#\/schema\/person\/fe61448b21c0d59086e75fcc1f9d8f6b"},"breadcrumb":{"@id":"https:\/\/hotnewsinworld.com\/es\/el-hospital-de-vallecas-ya-opera-al-135-de-su-capacidad-en-uci-madrid\/#breadcrumb"},"inLanguage":"es","potentialAction":[{"@type":"ReadAction","target":["https:\/\/hotnewsinworld.com\/es\/el-hospital-de-vallecas-ya-opera-al-135-de-su-capacidad-en-uci-madrid\/"]}]},{"@type":"ImageObject","inLanguage":"es","@id":"https:\/\/hotnewsinworld.com\/es\/el-hospital-de-vallecas-ya-opera-al-135-de-su-capacidad-en-uci-madrid\/#primaryimage","url":"https:\/\/hotnewsinworld.com\/es\/wp-content\/uploads\/sites\/4\/2020\/09\/El-hospital-de-Vallecas-ya-opera-al-135-de-su.jpg","contentUrl":"https:\/\/hotnewsinworld.com\/es\/wp-content\/uploads\/sites\/4\/2020\/09\/El-hospital-de-Vallecas-ya-opera-al-135-de-su.jpg","width":4859,"height":3113,"caption":"El hospital de Vallecas ya opera al 135% de su capacidad en UCI | Madrid"},{"@type":"BreadcrumbList","@id":"https:\/\/hotnewsinworld.com\/es\/el-hospital-de-vallecas-ya-opera-al-135-de-su-capacidad-en-uci-madrid\/#breadcrumb","itemListElement":[{"@type":"ListItem","position":1,"name":"\u0413\u043b\u0430\u0432\u043d\u0430\u044f \u0441\u0442\u0440\u0430\u043d\u0438\u0446\u0430","item":"https:\/\/hotnewsinworld.com\/es\/"},{"@type":"ListItem","position":2,"name":"El hospital de Vallecas ya opera al 135% de su capacidad en UCI | Madrid"}]},{"@type":"WebSite","@id":"https:\/\/hotnewsinworld.com\/es\/#website","url":"https:\/\/hotnewsinworld.com\/es\/","name":"Hot News in World","description":"Hot News in World from Spain","potentialAction":[{"@type":"SearchAction","target":{"@type":"EntryPoint","urlTemplate":"https:\/\/hotnewsinworld.com\/es\/?s={search_term_string}"},"query-input":{"@type":"PropertyValueSpecification","valueRequired":true,"valueName":"search_term_string"}}],"inLanguage":"es"},{"@type":"Person","@id":"https:\/\/hotnewsinworld.com\/es\/#\/schema\/person\/fe61448b21c0d59086e75fcc1f9d8f6b","name":"hotnewsinworld","image":{"@type":"ImageObject","inLanguage":"es","@id":"https:\/\/secure.gravatar.com\/avatar\/8a09ac165600ce2e1c38fe593c63928eb1e6e7ba5c5a907d67787c41b3d00c14?s=96&d=mm&r=g","url":"https:\/\/secure.gravatar.com\/avatar\/8a09ac165600ce2e1c38fe593c63928eb1e6e7ba5c5a907d67787c41b3d00c14?s=96&d=mm&r=g","contentUrl":"https:\/\/secure.gravatar.com\/avatar\/8a09ac165600ce2e1c38fe593c63928eb1e6e7ba5c5a907d67787c41b3d00c14?s=96&d=mm&r=g","caption":"hotnewsinworld"},"url":"https:\/\/hotnewsinworld.com\/es\/author\/pt\/"}]}},"_links":{"self":[{"href":"https:\/\/hotnewsinworld.com\/es\/wp-json\/wp\/v2\/posts\/531","targetHints":{"allow":["GET"]}}],"collection":[{"href":"https:\/\/hotnewsinworld.com\/es\/wp-json\/wp\/v2\/posts"}],"about":[{"href":"https:\/\/hotnewsinworld.com\/es\/wp-json\/wp\/v2\/types\/post"}],"author":[{"embeddable":true,"href":"https:\/\/hotnewsinworld.com\/es\/wp-json\/wp\/v2\/users\/2"}],"replies":[{"embeddable":true,"href":"https:\/\/hotnewsinworld.com\/es\/wp-json\/wp\/v2\/comments?post=531"}],"version-history":[{"count":1,"href":"https:\/\/hotnewsinworld.com\/es\/wp-json\/wp\/v2\/posts\/531\/revisions"}],"predecessor-version":[{"id":533,"href":"https:\/\/hotnewsinworld.com\/es\/wp-json\/wp\/v2\/posts\/531\/revisions\/533"}],"wp:featuredmedia":[{"embeddable":true,"href":"https:\/\/hotnewsinworld.com\/es\/wp-json\/wp\/v2\/media\/532"}],"wp:attachment":[{"href":"https:\/\/hotnewsinworld.com\/es\/wp-json\/wp\/v2\/media?parent=531"}],"wp:term":[{"taxonomy":"category","embeddable":true,"href":"https:\/\/hotnewsinworld.com\/es\/wp-json\/wp\/v2\/categories?post=531"},{"taxonomy":"post_tag","embeddable":true,"href":"https:\/\/hotnewsinworld.com\/es\/wp-json\/wp\/v2\/tags?post=531"}],"curies":[{"name":"wp","href":"https:\/\/api.w.org\/{rel}","templated":true}]}}