{"id":537,"date":"2020-09-24T00:05:24","date_gmt":"2020-09-23T21:05:24","guid":{"rendered":"https:\/\/hotnewsinworld.com\/es\/juliette-greco-y-el-final-de-la-chanson-cultura\/"},"modified":"2020-09-24T00:05:26","modified_gmt":"2020-09-23T21:05:26","slug":"juliette-greco-y-el-final-de-la-chanson-cultura","status":"publish","type":"post","link":"https:\/\/hotnewsinworld.com\/es\/juliette-greco-y-el-final-de-la-chanson-cultura\/","title":{"rendered":"Juliette Gr\u00e9co y el final de la &#8216;chanson\u2019 | Cultura"},"content":{"rendered":"<p>Juliette Greco durante la apertura de un festival musical en Bourges (Francia) en 2015GUILLAUME SOUVANT \/ AFPTodo un mundo ya muy lejano, una \u00e9poca remota pero luminosa en la memoria y en los libros de historia desaparece. Juliette Gr\u00e9co fue una leyenda de la canci\u00f3n francesa. Y mucho m\u00e1s. Una imagen de Francia y de su cultura y modernidad. Una mujer libre que convivi\u00f3, cant\u00f3, actu\u00f3 o se divirti\u00f3 con Sartre y Camus, con Duke Ellington y Miles Davis, con Georges Brassens y con Jacques Brel. Un monumento de otro siglo que sigui\u00f3 al pie del ca\u00f1\u00f3n hasta pocos a\u00f1os antes del final, una vida por la que pasaron las desgracias y los instantes brillantes del siglo XX.\u201cJuliette Gr\u00e9co se ha apagado este mi\u00e9rcoles 23 de septiembre de 2020 rodeada de los suyos en su tan amada casa de Ramatuelle. Tuvo una vida fuera de lo com\u00fan\u201d, declar\u00f3 su familia en un comunicado a la agencia France Presse. \u201cA los 89 a\u00f1os todav\u00eda hac\u00eda irradiar la canci\u00f3n francesa\u201d, a\u00f1ad\u00eda el comunicado, en referencia a su \u00faltimo concierto, en 2016, a\u00f1o en que detuvo su carrera tras sufrir un ictus y perder a su hija \u00fanica, Laurence-Marie.La llamaban la musa de Saint-Germain-des-Pr\u00e8s, el barrio parisino donde al final de la Segunda Guerra Mundial se congreg\u00f3 una densidad de intelectuales y artistas por metro cuadrado que seguramente nunca m\u00e1s haya existido en ning\u00fan otro lugar. Tambi\u00e9n era conocida como la musa de los existencialistas, por el grupo de pensadores, encabezado por sus amigos Sartre y Merleau-Ponty, que daban el tono literario y filos\u00f3fico de aquella \u00e9poca, y no solo en Saint-Germain-des-Pr\u00e8s, sino en Francia, en Europa, en el mundo.Pero estos calificativos, que la reducen a un papel de inspiradora, no le hacen justicia. Juliette Gr\u00e9co fue una protagonista en aquel c\u00edrculo, uno de los grandes nombres de la chanson, la eterna canci\u00f3n francesa que quiz\u00e1 fue el \u00faltimo movimiento musical global antes de la irrupci\u00f3n del rock &amp; roll y fuera de las modas procedentes de Reino Unido y Estados Unidos. Esas canciones y esas letras se escuchaban desde la s\u00f3rdida Espa\u00f1a de la posguerra \u2014\u00bbarisca, vil y bella canci\u00f3n francesa de mi juventud!\u00bb, cant\u00f3 el poeta Jaime Gil de Biedma\u2014 hasta los cen\u00e1culos de intelectuales neoyorquinos, cuando Par\u00eds a\u00fan era para muchos el centro de universo.Gr\u00e9co hab\u00eda nacido en Montepellier, hija de un comisario de polic\u00eda que abandon\u00f3 a la familia y de una mujer de izquierdas, adelantada a su \u00e9poca. Resistentes durante la ocupaci\u00f3n nazi, la madre y hermana mayor fueron detenidas y deportadas a Ravensbr\u00fcck. Sobrevivieron. Ella, que ten\u00eda 16 a\u00f1os, pas\u00f3 unos d\u00edas detenida. \u201cCuando sal\u00ed de prisi\u00f3n regres\u00e9 a Saint-Germain-des-Pr\u00e8s, a la plazoleta, al lado de la pensi\u00f3n de familia donde me hab\u00eda instalado\u201d, explic\u00f3 hace unos a\u00f1os a Le Monde. \u201cEntonces me puse a cantar Over the Rainbow, porque entonces la m\u00fasica americana estaba prohibida\u201d.Tras la liberaci\u00f3n, Par\u00eds y Saint-Germain-des-Pr\u00e8s quiz\u00e1 no eran exactamente una fiesta, pero para una joven con talento y ansias de libertad, aunque fuese pobre, hab\u00eda pocos lugares mejores. Las calles y los caf\u00e9s, los tugurios y las cavas de jazz, los teatros: Juliette Gr\u00e9co se sumergi\u00f3 en aquella efervescencia creativa.Cant\u00f3 a los poetas de su tiempo: Aragon, \u00c9luard, Brel. Pis\u00f3 los escenarios de Am\u00e9rica, de Nueva York. Rod\u00f3 con Jean-Pierre Melville, con Jean Renoir, y en Hollywood. Ella era una imagen de Par\u00eds, de Francia. Canciones memorables: Jolie M\u00f4me, sus versiones de Brassens, de Gainsbourg. \u201c58 kilos, 1,65 metros, \u00bfning\u00fan signo particular? S\u00ed, siempre vestida de negro\u201d, la describi\u00f3 Boris Vian.Infatigable, no par\u00f3 hasta casi el final. \u201cLo echo tanto de menos. Mi raz\u00f3n de vivir es cantar\u201d, dijo en una entrevista reciente al semanario T\u00e9l\u00e9rama despu\u00e9s de dejar los escenarios. \u201cCantar lo es todo: el cuerpo, el instinto, la cabeza\u201d.<br \/>\n<br \/>\n<!--noindex--><br \/>\n<a href=\"https:\/\/elpais.com\/cultura\/2020-09-23\/muere-la-cantante-juliette-greco-icono-de-la-cancion-francesa-a-los-93-anos.html\" rel=\"nofollow\">Source link <\/a><br \/>\n<!--\/noindex--><\/p>\n","protected":false},"excerpt":{"rendered":"<p>Juliette Greco durante la apertura de un festival musical en Bourges (Francia) en 2015GUILLAUME SOUVANT \/ AFPTodo un mundo ya muy lejano, una \u00e9poca remota pero luminosa en la memoria y en los libros de historia desaparece. Juliette Gr\u00e9co fue una leyenda de la canci\u00f3n francesa. Y mucho m\u00e1s. Una imagen de Francia y de [&hellip;]<\/p>\n","protected":false},"author":2,"featured_media":538,"comment_status":"open","ping_status":"open","sticky":false,"template":"","format":"standard","meta":{"footnotes":""},"categories":[3],"tags":[],"class_list":["post-537","post","type-post","status-publish","format-standard","has-post-thumbnail","hentry","category-noticias-de-medios-sociales"],"yoast_head":"<!-- This site is optimized with the Yoast SEO plugin v27.4 - https:\/\/yoast.com\/product\/yoast-seo-wordpress\/ -->\n<title>Juliette Gr\u00e9co y el final de la &#039;chanson\u2019 | Cultura - Hot News in World<\/title>\n<meta name=\"robots\" content=\"index, follow, max-snippet:-1, max-image-preview:large, max-video-preview:-1\" \/>\n<link rel=\"canonical\" href=\"https:\/\/hotnewsinworld.com\/es\/juliette-greco-y-el-final-de-la-chanson-cultura\/\" \/>\n<meta property=\"og:locale\" content=\"es_ES\" \/>\n<meta property=\"og:type\" content=\"article\" \/>\n<meta property=\"og:title\" content=\"Juliette Gr\u00e9co y el final de la &#039;chanson\u2019 | Cultura - Hot News in World\" \/>\n<meta property=\"og:description\" content=\"Juliette Greco durante la apertura de un festival musical en Bourges (Francia) en 2015GUILLAUME SOUVANT \/ AFPTodo un mundo ya muy lejano, una \u00e9poca remota pero luminosa en la memoria y en los libros de historia desaparece. Juliette Gr\u00e9co fue una leyenda de la canci\u00f3n francesa. Y mucho m\u00e1s. Una imagen de Francia y de [&hellip;]\" \/>\n<meta property=\"og:url\" content=\"https:\/\/hotnewsinworld.com\/es\/juliette-greco-y-el-final-de-la-chanson-cultura\/\" \/>\n<meta property=\"og:site_name\" content=\"Hot News in World\" \/>\n<meta property=\"article:published_time\" content=\"2020-09-23T21:05:24+00:00\" \/>\n<meta property=\"article:modified_time\" content=\"2020-09-23T21:05:26+00:00\" \/>\n<meta property=\"og:image\" content=\"https:\/\/hotnewsinworld.com\/es\/wp-content\/uploads\/sites\/4\/2020\/09\/Juliette-Gr\u00e9co-y-el-final-de-la-chanson\u2019-Cultura.jpg\" \/>\n\t<meta property=\"og:image:width\" content=\"4200\" \/>\n\t<meta property=\"og:image:height\" content=\"2818\" \/>\n\t<meta property=\"og:image:type\" content=\"image\/jpeg\" \/>\n<meta name=\"author\" content=\"hotnewsinworld\" \/>\n<meta name=\"twitter:card\" content=\"summary_large_image\" \/>\n<meta name=\"twitter:label1\" content=\"Escrito por\" \/>\n\t<meta name=\"twitter:data1\" content=\"hotnewsinworld\" \/>\n\t<meta name=\"twitter:label2\" content=\"Tiempo de lectura\" \/>\n\t<meta name=\"twitter:data2\" content=\"3 minutos\" \/>\n<script type=\"application\/ld+json\" class=\"yoast-schema-graph\">{\"@context\":\"https:\\\/\\\/schema.org\",\"@graph\":[{\"@type\":\"Article\",\"@id\":\"https:\\\/\\\/hotnewsinworld.com\\\/es\\\/juliette-greco-y-el-final-de-la-chanson-cultura\\\/#article\",\"isPartOf\":{\"@id\":\"https:\\\/\\\/hotnewsinworld.com\\\/es\\\/juliette-greco-y-el-final-de-la-chanson-cultura\\\/\"},\"author\":{\"name\":\"hotnewsinworld\",\"@id\":\"https:\\\/\\\/hotnewsinworld.com\\\/es\\\/#\\\/schema\\\/person\\\/fe61448b21c0d59086e75fcc1f9d8f6b\"},\"headline\":\"Juliette Gr\u00e9co y el final de la &#8216;chanson\u2019 | Cultura\",\"datePublished\":\"2020-09-23T21:05:24+00:00\",\"dateModified\":\"2020-09-23T21:05:26+00:00\",\"mainEntityOfPage\":{\"@id\":\"https:\\\/\\\/hotnewsinworld.com\\\/es\\\/juliette-greco-y-el-final-de-la-chanson-cultura\\\/\"},\"wordCount\":700,\"commentCount\":0,\"image\":{\"@id\":\"https:\\\/\\\/hotnewsinworld.com\\\/es\\\/juliette-greco-y-el-final-de-la-chanson-cultura\\\/#primaryimage\"},\"thumbnailUrl\":\"https:\\\/\\\/hotnewsinworld.com\\\/es\\\/wp-content\\\/uploads\\\/sites\\\/4\\\/2020\\\/09\\\/Juliette-Gr\u00e9co-y-el-final-de-la-chanson\u2019-Cultura.jpg\",\"articleSection\":[\"NOTICIAS DE MEDIOS SOCIALES\"],\"inLanguage\":\"es\",\"potentialAction\":[{\"@type\":\"CommentAction\",\"name\":\"Comment\",\"target\":[\"https:\\\/\\\/hotnewsinworld.com\\\/es\\\/juliette-greco-y-el-final-de-la-chanson-cultura\\\/#respond\"]}]},{\"@type\":\"WebPage\",\"@id\":\"https:\\\/\\\/hotnewsinworld.com\\\/es\\\/juliette-greco-y-el-final-de-la-chanson-cultura\\\/\",\"url\":\"https:\\\/\\\/hotnewsinworld.com\\\/es\\\/juliette-greco-y-el-final-de-la-chanson-cultura\\\/\",\"name\":\"Juliette Gr\u00e9co y el final de la 'chanson\u2019 | Cultura - Hot News in World\",\"isPartOf\":{\"@id\":\"https:\\\/\\\/hotnewsinworld.com\\\/es\\\/#website\"},\"primaryImageOfPage\":{\"@id\":\"https:\\\/\\\/hotnewsinworld.com\\\/es\\\/juliette-greco-y-el-final-de-la-chanson-cultura\\\/#primaryimage\"},\"image\":{\"@id\":\"https:\\\/\\\/hotnewsinworld.com\\\/es\\\/juliette-greco-y-el-final-de-la-chanson-cultura\\\/#primaryimage\"},\"thumbnailUrl\":\"https:\\\/\\\/hotnewsinworld.com\\\/es\\\/wp-content\\\/uploads\\\/sites\\\/4\\\/2020\\\/09\\\/Juliette-Gr\u00e9co-y-el-final-de-la-chanson\u2019-Cultura.jpg\",\"datePublished\":\"2020-09-23T21:05:24+00:00\",\"dateModified\":\"2020-09-23T21:05:26+00:00\",\"author\":{\"@id\":\"https:\\\/\\\/hotnewsinworld.com\\\/es\\\/#\\\/schema\\\/person\\\/fe61448b21c0d59086e75fcc1f9d8f6b\"},\"breadcrumb\":{\"@id\":\"https:\\\/\\\/hotnewsinworld.com\\\/es\\\/juliette-greco-y-el-final-de-la-chanson-cultura\\\/#breadcrumb\"},\"inLanguage\":\"es\",\"potentialAction\":[{\"@type\":\"ReadAction\",\"target\":[\"https:\\\/\\\/hotnewsinworld.com\\\/es\\\/juliette-greco-y-el-final-de-la-chanson-cultura\\\/\"]}]},{\"@type\":\"ImageObject\",\"inLanguage\":\"es\",\"@id\":\"https:\\\/\\\/hotnewsinworld.com\\\/es\\\/juliette-greco-y-el-final-de-la-chanson-cultura\\\/#primaryimage\",\"url\":\"https:\\\/\\\/hotnewsinworld.com\\\/es\\\/wp-content\\\/uploads\\\/sites\\\/4\\\/2020\\\/09\\\/Juliette-Gr\u00e9co-y-el-final-de-la-chanson\u2019-Cultura.jpg\",\"contentUrl\":\"https:\\\/\\\/hotnewsinworld.com\\\/es\\\/wp-content\\\/uploads\\\/sites\\\/4\\\/2020\\\/09\\\/Juliette-Gr\u00e9co-y-el-final-de-la-chanson\u2019-Cultura.jpg\",\"width\":4200,\"height\":2818,\"caption\":\"Juliette Gr\u00e9co y el final de la 'chanson\u2019 | Cultura\"},{\"@type\":\"BreadcrumbList\",\"@id\":\"https:\\\/\\\/hotnewsinworld.com\\\/es\\\/juliette-greco-y-el-final-de-la-chanson-cultura\\\/#breadcrumb\",\"itemListElement\":[{\"@type\":\"ListItem\",\"position\":1,\"name\":\"\u0413\u043b\u0430\u0432\u043d\u0430\u044f \u0441\u0442\u0440\u0430\u043d\u0438\u0446\u0430\",\"item\":\"https:\\\/\\\/hotnewsinworld.com\\\/es\\\/\"},{\"@type\":\"ListItem\",\"position\":2,\"name\":\"Juliette Gr\u00e9co y el final de la &#8216;chanson\u2019 | Cultura\"}]},{\"@type\":\"WebSite\",\"@id\":\"https:\\\/\\\/hotnewsinworld.com\\\/es\\\/#website\",\"url\":\"https:\\\/\\\/hotnewsinworld.com\\\/es\\\/\",\"name\":\"Hot News in World\",\"description\":\"Hot News in World from Spain\",\"potentialAction\":[{\"@type\":\"SearchAction\",\"target\":{\"@type\":\"EntryPoint\",\"urlTemplate\":\"https:\\\/\\\/hotnewsinworld.com\\\/es\\\/?s={search_term_string}\"},\"query-input\":{\"@type\":\"PropertyValueSpecification\",\"valueRequired\":true,\"valueName\":\"search_term_string\"}}],\"inLanguage\":\"es\"},{\"@type\":\"Person\",\"@id\":\"https:\\\/\\\/hotnewsinworld.com\\\/es\\\/#\\\/schema\\\/person\\\/fe61448b21c0d59086e75fcc1f9d8f6b\",\"name\":\"hotnewsinworld\",\"image\":{\"@type\":\"ImageObject\",\"inLanguage\":\"es\",\"@id\":\"https:\\\/\\\/secure.gravatar.com\\\/avatar\\\/8a09ac165600ce2e1c38fe593c63928eb1e6e7ba5c5a907d67787c41b3d00c14?s=96&d=mm&r=g\",\"url\":\"https:\\\/\\\/secure.gravatar.com\\\/avatar\\\/8a09ac165600ce2e1c38fe593c63928eb1e6e7ba5c5a907d67787c41b3d00c14?s=96&d=mm&r=g\",\"contentUrl\":\"https:\\\/\\\/secure.gravatar.com\\\/avatar\\\/8a09ac165600ce2e1c38fe593c63928eb1e6e7ba5c5a907d67787c41b3d00c14?s=96&d=mm&r=g\",\"caption\":\"hotnewsinworld\"},\"url\":\"https:\\\/\\\/hotnewsinworld.com\\\/es\\\/author\\\/pt\\\/\"}]}<\/script>\n<!-- \/ Yoast SEO plugin. -->","yoast_head_json":{"title":"Juliette Gr\u00e9co y el final de la 'chanson\u2019 | Cultura - Hot News in World","robots":{"index":"index","follow":"follow","max-snippet":"max-snippet:-1","max-image-preview":"max-image-preview:large","max-video-preview":"max-video-preview:-1"},"canonical":"https:\/\/hotnewsinworld.com\/es\/juliette-greco-y-el-final-de-la-chanson-cultura\/","og_locale":"es_ES","og_type":"article","og_title":"Juliette Gr\u00e9co y el final de la 'chanson\u2019 | Cultura - Hot News in World","og_description":"Juliette Greco durante la apertura de un festival musical en Bourges (Francia) en 2015GUILLAUME SOUVANT \/ AFPTodo un mundo ya muy lejano, una \u00e9poca remota pero luminosa en la memoria y en los libros de historia desaparece. Juliette Gr\u00e9co fue una leyenda de la canci\u00f3n francesa. Y mucho m\u00e1s. Una imagen de Francia y de [&hellip;]","og_url":"https:\/\/hotnewsinworld.com\/es\/juliette-greco-y-el-final-de-la-chanson-cultura\/","og_site_name":"Hot News in World","article_published_time":"2020-09-23T21:05:24+00:00","article_modified_time":"2020-09-23T21:05:26+00:00","og_image":[{"width":4200,"height":2818,"url":"https:\/\/hotnewsinworld.com\/es\/wp-content\/uploads\/sites\/4\/2020\/09\/Juliette-Gr\u00e9co-y-el-final-de-la-chanson\u2019-Cultura.jpg","type":"image\/jpeg"}],"author":"hotnewsinworld","twitter_card":"summary_large_image","twitter_misc":{"Escrito por":"hotnewsinworld","Tiempo de lectura":"3 minutos"},"schema":{"@context":"https:\/\/schema.org","@graph":[{"@type":"Article","@id":"https:\/\/hotnewsinworld.com\/es\/juliette-greco-y-el-final-de-la-chanson-cultura\/#article","isPartOf":{"@id":"https:\/\/hotnewsinworld.com\/es\/juliette-greco-y-el-final-de-la-chanson-cultura\/"},"author":{"name":"hotnewsinworld","@id":"https:\/\/hotnewsinworld.com\/es\/#\/schema\/person\/fe61448b21c0d59086e75fcc1f9d8f6b"},"headline":"Juliette Gr\u00e9co y el final de la &#8216;chanson\u2019 | Cultura","datePublished":"2020-09-23T21:05:24+00:00","dateModified":"2020-09-23T21:05:26+00:00","mainEntityOfPage":{"@id":"https:\/\/hotnewsinworld.com\/es\/juliette-greco-y-el-final-de-la-chanson-cultura\/"},"wordCount":700,"commentCount":0,"image":{"@id":"https:\/\/hotnewsinworld.com\/es\/juliette-greco-y-el-final-de-la-chanson-cultura\/#primaryimage"},"thumbnailUrl":"https:\/\/hotnewsinworld.com\/es\/wp-content\/uploads\/sites\/4\/2020\/09\/Juliette-Gr\u00e9co-y-el-final-de-la-chanson\u2019-Cultura.jpg","articleSection":["NOTICIAS DE MEDIOS SOCIALES"],"inLanguage":"es","potentialAction":[{"@type":"CommentAction","name":"Comment","target":["https:\/\/hotnewsinworld.com\/es\/juliette-greco-y-el-final-de-la-chanson-cultura\/#respond"]}]},{"@type":"WebPage","@id":"https:\/\/hotnewsinworld.com\/es\/juliette-greco-y-el-final-de-la-chanson-cultura\/","url":"https:\/\/hotnewsinworld.com\/es\/juliette-greco-y-el-final-de-la-chanson-cultura\/","name":"Juliette Gr\u00e9co y el final de la 'chanson\u2019 | Cultura - Hot News in World","isPartOf":{"@id":"https:\/\/hotnewsinworld.com\/es\/#website"},"primaryImageOfPage":{"@id":"https:\/\/hotnewsinworld.com\/es\/juliette-greco-y-el-final-de-la-chanson-cultura\/#primaryimage"},"image":{"@id":"https:\/\/hotnewsinworld.com\/es\/juliette-greco-y-el-final-de-la-chanson-cultura\/#primaryimage"},"thumbnailUrl":"https:\/\/hotnewsinworld.com\/es\/wp-content\/uploads\/sites\/4\/2020\/09\/Juliette-Gr\u00e9co-y-el-final-de-la-chanson\u2019-Cultura.jpg","datePublished":"2020-09-23T21:05:24+00:00","dateModified":"2020-09-23T21:05:26+00:00","author":{"@id":"https:\/\/hotnewsinworld.com\/es\/#\/schema\/person\/fe61448b21c0d59086e75fcc1f9d8f6b"},"breadcrumb":{"@id":"https:\/\/hotnewsinworld.com\/es\/juliette-greco-y-el-final-de-la-chanson-cultura\/#breadcrumb"},"inLanguage":"es","potentialAction":[{"@type":"ReadAction","target":["https:\/\/hotnewsinworld.com\/es\/juliette-greco-y-el-final-de-la-chanson-cultura\/"]}]},{"@type":"ImageObject","inLanguage":"es","@id":"https:\/\/hotnewsinworld.com\/es\/juliette-greco-y-el-final-de-la-chanson-cultura\/#primaryimage","url":"https:\/\/hotnewsinworld.com\/es\/wp-content\/uploads\/sites\/4\/2020\/09\/Juliette-Gr\u00e9co-y-el-final-de-la-chanson\u2019-Cultura.jpg","contentUrl":"https:\/\/hotnewsinworld.com\/es\/wp-content\/uploads\/sites\/4\/2020\/09\/Juliette-Gr\u00e9co-y-el-final-de-la-chanson\u2019-Cultura.jpg","width":4200,"height":2818,"caption":"Juliette Gr\u00e9co y el final de la 'chanson\u2019 | Cultura"},{"@type":"BreadcrumbList","@id":"https:\/\/hotnewsinworld.com\/es\/juliette-greco-y-el-final-de-la-chanson-cultura\/#breadcrumb","itemListElement":[{"@type":"ListItem","position":1,"name":"\u0413\u043b\u0430\u0432\u043d\u0430\u044f \u0441\u0442\u0440\u0430\u043d\u0438\u0446\u0430","item":"https:\/\/hotnewsinworld.com\/es\/"},{"@type":"ListItem","position":2,"name":"Juliette Gr\u00e9co y el final de la &#8216;chanson\u2019 | Cultura"}]},{"@type":"WebSite","@id":"https:\/\/hotnewsinworld.com\/es\/#website","url":"https:\/\/hotnewsinworld.com\/es\/","name":"Hot News in World","description":"Hot News in World from Spain","potentialAction":[{"@type":"SearchAction","target":{"@type":"EntryPoint","urlTemplate":"https:\/\/hotnewsinworld.com\/es\/?s={search_term_string}"},"query-input":{"@type":"PropertyValueSpecification","valueRequired":true,"valueName":"search_term_string"}}],"inLanguage":"es"},{"@type":"Person","@id":"https:\/\/hotnewsinworld.com\/es\/#\/schema\/person\/fe61448b21c0d59086e75fcc1f9d8f6b","name":"hotnewsinworld","image":{"@type":"ImageObject","inLanguage":"es","@id":"https:\/\/secure.gravatar.com\/avatar\/8a09ac165600ce2e1c38fe593c63928eb1e6e7ba5c5a907d67787c41b3d00c14?s=96&d=mm&r=g","url":"https:\/\/secure.gravatar.com\/avatar\/8a09ac165600ce2e1c38fe593c63928eb1e6e7ba5c5a907d67787c41b3d00c14?s=96&d=mm&r=g","contentUrl":"https:\/\/secure.gravatar.com\/avatar\/8a09ac165600ce2e1c38fe593c63928eb1e6e7ba5c5a907d67787c41b3d00c14?s=96&d=mm&r=g","caption":"hotnewsinworld"},"url":"https:\/\/hotnewsinworld.com\/es\/author\/pt\/"}]}},"_links":{"self":[{"href":"https:\/\/hotnewsinworld.com\/es\/wp-json\/wp\/v2\/posts\/537","targetHints":{"allow":["GET"]}}],"collection":[{"href":"https:\/\/hotnewsinworld.com\/es\/wp-json\/wp\/v2\/posts"}],"about":[{"href":"https:\/\/hotnewsinworld.com\/es\/wp-json\/wp\/v2\/types\/post"}],"author":[{"embeddable":true,"href":"https:\/\/hotnewsinworld.com\/es\/wp-json\/wp\/v2\/users\/2"}],"replies":[{"embeddable":true,"href":"https:\/\/hotnewsinworld.com\/es\/wp-json\/wp\/v2\/comments?post=537"}],"version-history":[{"count":1,"href":"https:\/\/hotnewsinworld.com\/es\/wp-json\/wp\/v2\/posts\/537\/revisions"}],"predecessor-version":[{"id":539,"href":"https:\/\/hotnewsinworld.com\/es\/wp-json\/wp\/v2\/posts\/537\/revisions\/539"}],"wp:featuredmedia":[{"embeddable":true,"href":"https:\/\/hotnewsinworld.com\/es\/wp-json\/wp\/v2\/media\/538"}],"wp:attachment":[{"href":"https:\/\/hotnewsinworld.com\/es\/wp-json\/wp\/v2\/media?parent=537"}],"wp:term":[{"taxonomy":"category","embeddable":true,"href":"https:\/\/hotnewsinworld.com\/es\/wp-json\/wp\/v2\/categories?post=537"},{"taxonomy":"post_tag","embeddable":true,"href":"https:\/\/hotnewsinworld.com\/es\/wp-json\/wp\/v2\/tags?post=537"}],"curies":[{"name":"wp","href":"https:\/\/api.w.org\/{rel}","templated":true}]}}