{"id":634,"date":"2020-10-28T08:50:15","date_gmt":"2020-10-28T05:50:15","guid":{"rendered":"https:\/\/hotnewsinworld.com\/es\/toque-de-queda-este-es-el-horario-en-cada-comunidad-sociedad\/"},"modified":"2020-10-28T08:50:19","modified_gmt":"2020-10-28T05:50:19","slug":"toque-de-queda-este-es-el-horario-en-cada-comunidad-sociedad","status":"publish","type":"post","link":"https:\/\/hotnewsinworld.com\/es\/toque-de-queda-este-es-el-horario-en-cada-comunidad-sociedad\/","title":{"rendered":"Toque de queda: este es el horario en cada comunidad | Sociedad"},"content":{"rendered":"<p>Nota a los lectores: EL PA\u00cdS ofrece en abierto la informaci\u00f3n esencial del coronavirus durante la crisis. Si quieres apoyar nuestro periodismo, suscr\u00edbete aqu\u00ed.El decreto de estado alarma para toda Espa\u00f1a, que entr\u00f3 este domingo en vigor, establece durante 15 d\u00edas un toque de queda obligatorio desde las 23.00 a las 6.00, salvo en Canarias. Pero da margen a las autonom\u00edas para adelantarlo o retrasarlo una hora. Baleares, Cantabria, Madrid, Comunidad Valenciana y Extremadura retrasan su inicio a las 0.00. Castilla y Le\u00f3n y Catalu\u00f1a lo adelantan a las 22.00. El resto, mantiene los horarios propuestos por el Gobierno, aunque Andaluc\u00eda podr\u00eda retrasarlo a las 0.00, a petici\u00f3n de los hosteleros, decisi\u00f3n que est\u00e1 previsto que tome este mi\u00e9rcoles.ANDALUC\u00cdA. La Junta mantiene en principio el toque de queda entre las 23.00 y las 6.00, el mismo horario que fij\u00f3 la pasada semana para Granada, donde el virus est\u00e1 disparado.ARAG\u00d3N. El Gobierno regional ha anunciado este lunes que aplica el toque de queda establecido por defecto, de 23.00 a 6.00.ASTURIAS. Est\u00e1 en vigor el toque de queda establecido por el Gobierno, de 23.00 a 6.00.BALEARES. La restricci\u00f3n de movilidad se aplica de 0.00 a 6.00. En principio el Gobierno pretend\u00eda aplicar el toque de queda desde las 23.00, pero lo ha retrasado una hora tras reunirse con representantes del sector de la restauraci\u00f3n.CANTABRIA. El toque de queda se aplica entre 0.00 y 6.00 \u201cen concordancia\u201d con los horarios de cierre en la hosteler\u00eda acordados por el Gobierno regional, seg\u00fan anunci\u00f3 este domingo el presidente c\u00e1ntabro, Miguel \u00c1ngel Revilla. Sin embargo, no est\u00e1 publicada la modificaci\u00f3n oficialmente.CASTILLA-LA MANCHA. Se aplica el horario general de 23.00 a 6.00.CASTILLA Y LE\u00d3N. Mantiene en un nuevo acuerdo publicado este domingo el toque de queda de 22.00 a 6.00, que ya hab\u00eda ordenado la Junta desde el d\u00eda anterior. (Ver acuerdo)CATALU\u00d1A. La Generalitat fij\u00f3 este domingo el toque de queda entre las 22.00 y las 6.00. (Ver resoluci\u00f3n)COMUNIDAD VALENCIANA. Fij\u00f3 este domingo las restricciones a la movilidad de 0.00 a 6.00. (Ver decreto)EXTREMADURA. Aprob\u00f3 este domingo reducir la movilidad nocturna entre las 0.00 y las 6.00. (Ver decreto)GALICIA. Aplica el horario propuesto por el Gobierno de 23.00 a 6.00.LA RIOJA. La comunidad deja el toque de queda en el horario propuesto por el Gobierno, de 23.00 a 6.00.MADRID. El Ejecutivo de Isabel D\u00edaz Ayuso ya decret\u00f3 el s\u00e1bado un horario de restricciones nocturnas, entre 0.00 y 6.00, que pretende mantener. No ha publicado una nueva disposici\u00f3n tras la aprobaci\u00f3n del estado de alarma del Gobierno.MURCIA. Se aplicar\u00e1 el horario propuesto por el Gobierno, de 23.00 a 6.00, seg\u00fan anunci\u00f3 este domingo el consejero de Salud, Manuel Villegas. Est\u00e1 pendiente la aprobaci\u00f3n de un decreto que lo recoja junto con nuevas restricciones.NAVARRA. Aplica el toque de queda propuesto por el Gobierno de 23.00 a 6.00.PA\u00cdS VASCO. Aplica el toque de queda de 23.00 a 6.00.Informaci\u00f3n sobre el coronavirus- Aqu\u00ed puede seguir la \u00faltima hora sobre la evoluci\u00f3n de la pandemia- As\u00ed evoluciona la curva del coronavirus en el mundo- Desc\u00e1rguese la aplicaci\u00f3n de rastreo para Espa\u00f1a- Gu\u00eda de actuaci\u00f3n ante la enfermedad<br \/>\n<br \/>\n<!--noindex--><br \/>\n<a href=\"https:\/\/elpais.com\/sociedad\/2020-10-26\/toque-de-queda-este-es-el-horario-en-cada-comunidad.html\" rel=\"nofollow\">Source link <\/a><br \/>\n<!--\/noindex--><\/p>\n","protected":false},"excerpt":{"rendered":"<p>Nota a los lectores: EL PA\u00cdS ofrece en abierto la informaci\u00f3n esencial del coronavirus durante la crisis. Si quieres apoyar nuestro periodismo, suscr\u00edbete aqu\u00ed.El decreto de estado alarma para toda Espa\u00f1a, que entr\u00f3 este domingo en vigor, establece durante 15 d\u00edas un toque de queda obligatorio desde las 23.00 a las 6.00, salvo en Canarias. [&hellip;]<\/p>\n","protected":false},"author":2,"featured_media":635,"comment_status":"open","ping_status":"open","sticky":false,"template":"","format":"standard","meta":{"footnotes":""},"categories":[3],"tags":[],"class_list":["post-634","post","type-post","status-publish","format-standard","has-post-thumbnail","hentry","category-noticias-de-medios-sociales"],"yoast_head":"<!-- This site is optimized with the Yoast SEO plugin v27.4 - https:\/\/yoast.com\/product\/yoast-seo-wordpress\/ -->\n<title>Toque de queda: este es el horario en cada comunidad | Sociedad - Hot News in World<\/title>\n<meta name=\"robots\" content=\"index, follow, max-snippet:-1, max-image-preview:large, max-video-preview:-1\" \/>\n<link rel=\"canonical\" href=\"https:\/\/hotnewsinworld.com\/es\/toque-de-queda-este-es-el-horario-en-cada-comunidad-sociedad\/\" \/>\n<meta property=\"og:locale\" content=\"es_ES\" \/>\n<meta property=\"og:type\" content=\"article\" \/>\n<meta property=\"og:title\" content=\"Toque de queda: este es el horario en cada comunidad | Sociedad - Hot News in World\" \/>\n<meta property=\"og:description\" content=\"Nota a los lectores: EL PA\u00cdS ofrece en abierto la informaci\u00f3n esencial del coronavirus durante la crisis. Si quieres apoyar nuestro periodismo, suscr\u00edbete aqu\u00ed.El decreto de estado alarma para toda Espa\u00f1a, que entr\u00f3 este domingo en vigor, establece durante 15 d\u00edas un toque de queda obligatorio desde las 23.00 a las 6.00, salvo en Canarias. [&hellip;]\" \/>\n<meta property=\"og:url\" content=\"https:\/\/hotnewsinworld.com\/es\/toque-de-queda-este-es-el-horario-en-cada-comunidad-sociedad\/\" \/>\n<meta property=\"og:site_name\" content=\"Hot News in World\" \/>\n<meta property=\"article:published_time\" content=\"2020-10-28T05:50:15+00:00\" \/>\n<meta property=\"article:modified_time\" content=\"2020-10-28T05:50:19+00:00\" \/>\n<meta property=\"og:image\" content=\"https:\/\/hotnewsinworld.com\/es\/wp-content\/uploads\/sites\/4\/2020\/10\/Toque-de-queda-este-es-el-horario-en-cada-comunidad-scaled.jpeg\" \/>\n\t<meta property=\"og:image:width\" content=\"2560\" \/>\n\t<meta property=\"og:image:height\" content=\"1708\" \/>\n\t<meta property=\"og:image:type\" content=\"image\/jpeg\" \/>\n<meta name=\"author\" content=\"hotnewsinworld\" \/>\n<meta name=\"twitter:card\" content=\"summary_large_image\" \/>\n<meta name=\"twitter:label1\" content=\"Escrito por\" \/>\n\t<meta name=\"twitter:data1\" content=\"hotnewsinworld\" \/>\n\t<meta name=\"twitter:label2\" content=\"Tiempo de lectura\" \/>\n\t<meta name=\"twitter:data2\" content=\"3 minutos\" \/>\n<script type=\"application\/ld+json\" class=\"yoast-schema-graph\">{\"@context\":\"https:\\\/\\\/schema.org\",\"@graph\":[{\"@type\":\"Article\",\"@id\":\"https:\\\/\\\/hotnewsinworld.com\\\/es\\\/toque-de-queda-este-es-el-horario-en-cada-comunidad-sociedad\\\/#article\",\"isPartOf\":{\"@id\":\"https:\\\/\\\/hotnewsinworld.com\\\/es\\\/toque-de-queda-este-es-el-horario-en-cada-comunidad-sociedad\\\/\"},\"author\":{\"name\":\"hotnewsinworld\",\"@id\":\"https:\\\/\\\/hotnewsinworld.com\\\/es\\\/#\\\/schema\\\/person\\\/fe61448b21c0d59086e75fcc1f9d8f6b\"},\"headline\":\"Toque de queda: este es el horario en cada comunidad | Sociedad\",\"datePublished\":\"2020-10-28T05:50:15+00:00\",\"dateModified\":\"2020-10-28T05:50:19+00:00\",\"mainEntityOfPage\":{\"@id\":\"https:\\\/\\\/hotnewsinworld.com\\\/es\\\/toque-de-queda-este-es-el-horario-en-cada-comunidad-sociedad\\\/\"},\"wordCount\":548,\"commentCount\":0,\"image\":{\"@id\":\"https:\\\/\\\/hotnewsinworld.com\\\/es\\\/toque-de-queda-este-es-el-horario-en-cada-comunidad-sociedad\\\/#primaryimage\"},\"thumbnailUrl\":\"https:\\\/\\\/hotnewsinworld.com\\\/es\\\/wp-content\\\/uploads\\\/sites\\\/4\\\/2020\\\/10\\\/Toque-de-queda-este-es-el-horario-en-cada-comunidad-scaled.jpeg\",\"articleSection\":[\"NOTICIAS DE MEDIOS SOCIALES\"],\"inLanguage\":\"es\",\"potentialAction\":[{\"@type\":\"CommentAction\",\"name\":\"Comment\",\"target\":[\"https:\\\/\\\/hotnewsinworld.com\\\/es\\\/toque-de-queda-este-es-el-horario-en-cada-comunidad-sociedad\\\/#respond\"]}]},{\"@type\":\"WebPage\",\"@id\":\"https:\\\/\\\/hotnewsinworld.com\\\/es\\\/toque-de-queda-este-es-el-horario-en-cada-comunidad-sociedad\\\/\",\"url\":\"https:\\\/\\\/hotnewsinworld.com\\\/es\\\/toque-de-queda-este-es-el-horario-en-cada-comunidad-sociedad\\\/\",\"name\":\"Toque de queda: este es el horario en cada comunidad | Sociedad - Hot News in World\",\"isPartOf\":{\"@id\":\"https:\\\/\\\/hotnewsinworld.com\\\/es\\\/#website\"},\"primaryImageOfPage\":{\"@id\":\"https:\\\/\\\/hotnewsinworld.com\\\/es\\\/toque-de-queda-este-es-el-horario-en-cada-comunidad-sociedad\\\/#primaryimage\"},\"image\":{\"@id\":\"https:\\\/\\\/hotnewsinworld.com\\\/es\\\/toque-de-queda-este-es-el-horario-en-cada-comunidad-sociedad\\\/#primaryimage\"},\"thumbnailUrl\":\"https:\\\/\\\/hotnewsinworld.com\\\/es\\\/wp-content\\\/uploads\\\/sites\\\/4\\\/2020\\\/10\\\/Toque-de-queda-este-es-el-horario-en-cada-comunidad-scaled.jpeg\",\"datePublished\":\"2020-10-28T05:50:15+00:00\",\"dateModified\":\"2020-10-28T05:50:19+00:00\",\"author\":{\"@id\":\"https:\\\/\\\/hotnewsinworld.com\\\/es\\\/#\\\/schema\\\/person\\\/fe61448b21c0d59086e75fcc1f9d8f6b\"},\"breadcrumb\":{\"@id\":\"https:\\\/\\\/hotnewsinworld.com\\\/es\\\/toque-de-queda-este-es-el-horario-en-cada-comunidad-sociedad\\\/#breadcrumb\"},\"inLanguage\":\"es\",\"potentialAction\":[{\"@type\":\"ReadAction\",\"target\":[\"https:\\\/\\\/hotnewsinworld.com\\\/es\\\/toque-de-queda-este-es-el-horario-en-cada-comunidad-sociedad\\\/\"]}]},{\"@type\":\"ImageObject\",\"inLanguage\":\"es\",\"@id\":\"https:\\\/\\\/hotnewsinworld.com\\\/es\\\/toque-de-queda-este-es-el-horario-en-cada-comunidad-sociedad\\\/#primaryimage\",\"url\":\"https:\\\/\\\/hotnewsinworld.com\\\/es\\\/wp-content\\\/uploads\\\/sites\\\/4\\\/2020\\\/10\\\/Toque-de-queda-este-es-el-horario-en-cada-comunidad-scaled.jpeg\",\"contentUrl\":\"https:\\\/\\\/hotnewsinworld.com\\\/es\\\/wp-content\\\/uploads\\\/sites\\\/4\\\/2020\\\/10\\\/Toque-de-queda-este-es-el-horario-en-cada-comunidad-scaled.jpeg\",\"width\":2560,\"height\":1708,\"caption\":\"Toque de queda: este es el horario en cada comunidad | Sociedad\"},{\"@type\":\"BreadcrumbList\",\"@id\":\"https:\\\/\\\/hotnewsinworld.com\\\/es\\\/toque-de-queda-este-es-el-horario-en-cada-comunidad-sociedad\\\/#breadcrumb\",\"itemListElement\":[{\"@type\":\"ListItem\",\"position\":1,\"name\":\"\u0413\u043b\u0430\u0432\u043d\u0430\u044f \u0441\u0442\u0440\u0430\u043d\u0438\u0446\u0430\",\"item\":\"https:\\\/\\\/hotnewsinworld.com\\\/es\\\/\"},{\"@type\":\"ListItem\",\"position\":2,\"name\":\"Toque de queda: este es el horario en cada comunidad | Sociedad\"}]},{\"@type\":\"WebSite\",\"@id\":\"https:\\\/\\\/hotnewsinworld.com\\\/es\\\/#website\",\"url\":\"https:\\\/\\\/hotnewsinworld.com\\\/es\\\/\",\"name\":\"Hot News in World\",\"description\":\"Hot News in World from Spain\",\"potentialAction\":[{\"@type\":\"SearchAction\",\"target\":{\"@type\":\"EntryPoint\",\"urlTemplate\":\"https:\\\/\\\/hotnewsinworld.com\\\/es\\\/?s={search_term_string}\"},\"query-input\":{\"@type\":\"PropertyValueSpecification\",\"valueRequired\":true,\"valueName\":\"search_term_string\"}}],\"inLanguage\":\"es\"},{\"@type\":\"Person\",\"@id\":\"https:\\\/\\\/hotnewsinworld.com\\\/es\\\/#\\\/schema\\\/person\\\/fe61448b21c0d59086e75fcc1f9d8f6b\",\"name\":\"hotnewsinworld\",\"image\":{\"@type\":\"ImageObject\",\"inLanguage\":\"es\",\"@id\":\"https:\\\/\\\/secure.gravatar.com\\\/avatar\\\/8a09ac165600ce2e1c38fe593c63928eb1e6e7ba5c5a907d67787c41b3d00c14?s=96&d=mm&r=g\",\"url\":\"https:\\\/\\\/secure.gravatar.com\\\/avatar\\\/8a09ac165600ce2e1c38fe593c63928eb1e6e7ba5c5a907d67787c41b3d00c14?s=96&d=mm&r=g\",\"contentUrl\":\"https:\\\/\\\/secure.gravatar.com\\\/avatar\\\/8a09ac165600ce2e1c38fe593c63928eb1e6e7ba5c5a907d67787c41b3d00c14?s=96&d=mm&r=g\",\"caption\":\"hotnewsinworld\"},\"url\":\"https:\\\/\\\/hotnewsinworld.com\\\/es\\\/author\\\/pt\\\/\"}]}<\/script>\n<!-- \/ Yoast SEO plugin. -->","yoast_head_json":{"title":"Toque de queda: este es el horario en cada comunidad | Sociedad - Hot News in World","robots":{"index":"index","follow":"follow","max-snippet":"max-snippet:-1","max-image-preview":"max-image-preview:large","max-video-preview":"max-video-preview:-1"},"canonical":"https:\/\/hotnewsinworld.com\/es\/toque-de-queda-este-es-el-horario-en-cada-comunidad-sociedad\/","og_locale":"es_ES","og_type":"article","og_title":"Toque de queda: este es el horario en cada comunidad | Sociedad - Hot News in World","og_description":"Nota a los lectores: EL PA\u00cdS ofrece en abierto la informaci\u00f3n esencial del coronavirus durante la crisis. Si quieres apoyar nuestro periodismo, suscr\u00edbete aqu\u00ed.El decreto de estado alarma para toda Espa\u00f1a, que entr\u00f3 este domingo en vigor, establece durante 15 d\u00edas un toque de queda obligatorio desde las 23.00 a las 6.00, salvo en Canarias. [&hellip;]","og_url":"https:\/\/hotnewsinworld.com\/es\/toque-de-queda-este-es-el-horario-en-cada-comunidad-sociedad\/","og_site_name":"Hot News in World","article_published_time":"2020-10-28T05:50:15+00:00","article_modified_time":"2020-10-28T05:50:19+00:00","og_image":[{"width":2560,"height":1708,"url":"https:\/\/hotnewsinworld.com\/es\/wp-content\/uploads\/sites\/4\/2020\/10\/Toque-de-queda-este-es-el-horario-en-cada-comunidad-scaled.jpeg","type":"image\/jpeg"}],"author":"hotnewsinworld","twitter_card":"summary_large_image","twitter_misc":{"Escrito por":"hotnewsinworld","Tiempo de lectura":"3 minutos"},"schema":{"@context":"https:\/\/schema.org","@graph":[{"@type":"Article","@id":"https:\/\/hotnewsinworld.com\/es\/toque-de-queda-este-es-el-horario-en-cada-comunidad-sociedad\/#article","isPartOf":{"@id":"https:\/\/hotnewsinworld.com\/es\/toque-de-queda-este-es-el-horario-en-cada-comunidad-sociedad\/"},"author":{"name":"hotnewsinworld","@id":"https:\/\/hotnewsinworld.com\/es\/#\/schema\/person\/fe61448b21c0d59086e75fcc1f9d8f6b"},"headline":"Toque de queda: este es el horario en cada comunidad | Sociedad","datePublished":"2020-10-28T05:50:15+00:00","dateModified":"2020-10-28T05:50:19+00:00","mainEntityOfPage":{"@id":"https:\/\/hotnewsinworld.com\/es\/toque-de-queda-este-es-el-horario-en-cada-comunidad-sociedad\/"},"wordCount":548,"commentCount":0,"image":{"@id":"https:\/\/hotnewsinworld.com\/es\/toque-de-queda-este-es-el-horario-en-cada-comunidad-sociedad\/#primaryimage"},"thumbnailUrl":"https:\/\/hotnewsinworld.com\/es\/wp-content\/uploads\/sites\/4\/2020\/10\/Toque-de-queda-este-es-el-horario-en-cada-comunidad-scaled.jpeg","articleSection":["NOTICIAS DE MEDIOS SOCIALES"],"inLanguage":"es","potentialAction":[{"@type":"CommentAction","name":"Comment","target":["https:\/\/hotnewsinworld.com\/es\/toque-de-queda-este-es-el-horario-en-cada-comunidad-sociedad\/#respond"]}]},{"@type":"WebPage","@id":"https:\/\/hotnewsinworld.com\/es\/toque-de-queda-este-es-el-horario-en-cada-comunidad-sociedad\/","url":"https:\/\/hotnewsinworld.com\/es\/toque-de-queda-este-es-el-horario-en-cada-comunidad-sociedad\/","name":"Toque de queda: este es el horario en cada comunidad | Sociedad - Hot News in World","isPartOf":{"@id":"https:\/\/hotnewsinworld.com\/es\/#website"},"primaryImageOfPage":{"@id":"https:\/\/hotnewsinworld.com\/es\/toque-de-queda-este-es-el-horario-en-cada-comunidad-sociedad\/#primaryimage"},"image":{"@id":"https:\/\/hotnewsinworld.com\/es\/toque-de-queda-este-es-el-horario-en-cada-comunidad-sociedad\/#primaryimage"},"thumbnailUrl":"https:\/\/hotnewsinworld.com\/es\/wp-content\/uploads\/sites\/4\/2020\/10\/Toque-de-queda-este-es-el-horario-en-cada-comunidad-scaled.jpeg","datePublished":"2020-10-28T05:50:15+00:00","dateModified":"2020-10-28T05:50:19+00:00","author":{"@id":"https:\/\/hotnewsinworld.com\/es\/#\/schema\/person\/fe61448b21c0d59086e75fcc1f9d8f6b"},"breadcrumb":{"@id":"https:\/\/hotnewsinworld.com\/es\/toque-de-queda-este-es-el-horario-en-cada-comunidad-sociedad\/#breadcrumb"},"inLanguage":"es","potentialAction":[{"@type":"ReadAction","target":["https:\/\/hotnewsinworld.com\/es\/toque-de-queda-este-es-el-horario-en-cada-comunidad-sociedad\/"]}]},{"@type":"ImageObject","inLanguage":"es","@id":"https:\/\/hotnewsinworld.com\/es\/toque-de-queda-este-es-el-horario-en-cada-comunidad-sociedad\/#primaryimage","url":"https:\/\/hotnewsinworld.com\/es\/wp-content\/uploads\/sites\/4\/2020\/10\/Toque-de-queda-este-es-el-horario-en-cada-comunidad-scaled.jpeg","contentUrl":"https:\/\/hotnewsinworld.com\/es\/wp-content\/uploads\/sites\/4\/2020\/10\/Toque-de-queda-este-es-el-horario-en-cada-comunidad-scaled.jpeg","width":2560,"height":1708,"caption":"Toque de queda: este es el horario en cada comunidad | Sociedad"},{"@type":"BreadcrumbList","@id":"https:\/\/hotnewsinworld.com\/es\/toque-de-queda-este-es-el-horario-en-cada-comunidad-sociedad\/#breadcrumb","itemListElement":[{"@type":"ListItem","position":1,"name":"\u0413\u043b\u0430\u0432\u043d\u0430\u044f \u0441\u0442\u0440\u0430\u043d\u0438\u0446\u0430","item":"https:\/\/hotnewsinworld.com\/es\/"},{"@type":"ListItem","position":2,"name":"Toque de queda: este es el horario en cada comunidad | Sociedad"}]},{"@type":"WebSite","@id":"https:\/\/hotnewsinworld.com\/es\/#website","url":"https:\/\/hotnewsinworld.com\/es\/","name":"Hot News in World","description":"Hot News in World from Spain","potentialAction":[{"@type":"SearchAction","target":{"@type":"EntryPoint","urlTemplate":"https:\/\/hotnewsinworld.com\/es\/?s={search_term_string}"},"query-input":{"@type":"PropertyValueSpecification","valueRequired":true,"valueName":"search_term_string"}}],"inLanguage":"es"},{"@type":"Person","@id":"https:\/\/hotnewsinworld.com\/es\/#\/schema\/person\/fe61448b21c0d59086e75fcc1f9d8f6b","name":"hotnewsinworld","image":{"@type":"ImageObject","inLanguage":"es","@id":"https:\/\/secure.gravatar.com\/avatar\/8a09ac165600ce2e1c38fe593c63928eb1e6e7ba5c5a907d67787c41b3d00c14?s=96&d=mm&r=g","url":"https:\/\/secure.gravatar.com\/avatar\/8a09ac165600ce2e1c38fe593c63928eb1e6e7ba5c5a907d67787c41b3d00c14?s=96&d=mm&r=g","contentUrl":"https:\/\/secure.gravatar.com\/avatar\/8a09ac165600ce2e1c38fe593c63928eb1e6e7ba5c5a907d67787c41b3d00c14?s=96&d=mm&r=g","caption":"hotnewsinworld"},"url":"https:\/\/hotnewsinworld.com\/es\/author\/pt\/"}]}},"_links":{"self":[{"href":"https:\/\/hotnewsinworld.com\/es\/wp-json\/wp\/v2\/posts\/634","targetHints":{"allow":["GET"]}}],"collection":[{"href":"https:\/\/hotnewsinworld.com\/es\/wp-json\/wp\/v2\/posts"}],"about":[{"href":"https:\/\/hotnewsinworld.com\/es\/wp-json\/wp\/v2\/types\/post"}],"author":[{"embeddable":true,"href":"https:\/\/hotnewsinworld.com\/es\/wp-json\/wp\/v2\/users\/2"}],"replies":[{"embeddable":true,"href":"https:\/\/hotnewsinworld.com\/es\/wp-json\/wp\/v2\/comments?post=634"}],"version-history":[{"count":1,"href":"https:\/\/hotnewsinworld.com\/es\/wp-json\/wp\/v2\/posts\/634\/revisions"}],"predecessor-version":[{"id":636,"href":"https:\/\/hotnewsinworld.com\/es\/wp-json\/wp\/v2\/posts\/634\/revisions\/636"}],"wp:featuredmedia":[{"embeddable":true,"href":"https:\/\/hotnewsinworld.com\/es\/wp-json\/wp\/v2\/media\/635"}],"wp:attachment":[{"href":"https:\/\/hotnewsinworld.com\/es\/wp-json\/wp\/v2\/media?parent=634"}],"wp:term":[{"taxonomy":"category","embeddable":true,"href":"https:\/\/hotnewsinworld.com\/es\/wp-json\/wp\/v2\/categories?post=634"},{"taxonomy":"post_tag","embeddable":true,"href":"https:\/\/hotnewsinworld.com\/es\/wp-json\/wp\/v2\/tags?post=634"}],"curies":[{"name":"wp","href":"https:\/\/api.w.org\/{rel}","templated":true}]}}