{"id":640,"date":"2020-10-30T19:01:08","date_gmt":"2020-10-30T16:01:08","guid":{"rendered":"https:\/\/hotnewsinworld.com\/es\/almeria-el-video-de-la-muerte-de-un-joven-en-un-centro-de-menores-no-muestra-que-este-opusiera-resistencia-espana\/"},"modified":"2020-10-30T19:01:10","modified_gmt":"2020-10-30T16:01:10","slug":"almeria-el-video-de-la-muerte-de-un-joven-en-un-centro-de-menores-no-muestra-que-este-opusiera-resistencia-espana","status":"publish","type":"post","link":"https:\/\/hotnewsinworld.com\/es\/almeria-el-video-de-la-muerte-de-un-joven-en-un-centro-de-menores-no-muestra-que-este-opusiera-resistencia-espana\/","title":{"rendered":"Almer\u00eda: El v\u00eddeo de la muerte de un joven en un centro de menores no muestra que este opusiera resistencia | Espa\u00f1a"},"content":{"rendered":"<p>El v\u00eddeo que registr\u00f3 la muerte del joven Iliass Tahiri (18 a\u00f1os, 90,4 kilos de peso y 1,78 de estatura) la tarde del 1 de julio del a\u00f1o pasado en el centro de menores Tierras de Oria de Almer\u00eda no muestra que el joven opusiera resistencia. La grabaci\u00f3n de la c\u00e1mara de seguridad, de 13 minutos, no hab\u00eda sido publicada \u00edntegra hasta ahora porque formaba parte de un sumario secreto en el juzgado \u00fanico de Purchena. El caso se investig\u00f3 y archiv\u00f3 el pasado mes de enero, tras calificar los hechos de \u201cmuerte violenta accidental\u201d. La familia recurri\u00f3 el auto de la juez Teresa In\u00e9s S\u00e1nchez Gisbert.La grabaci\u00f3n est\u00e1 formada por dos secuencias de algo m\u00e1s de seis minutos y medio cada una. En ella se ve c\u00f3mo seis personas (un responsable del centro y cinco guardias de seguridad) introducen al chico \u2015esposado con las manos en la espalda\u2015 en una peque\u00f1a habitaci\u00f3n, lo colocan boca abajo en una peque\u00f1a cama y le atan pies, manos y abdomen mientras le mantienen inmovilizado coloc\u00e1ndose encima de \u00e9l, que se encuentra en todo momento boca abajo. Seg\u00fan su contenido, la maniobra de inmovilizaci\u00f3n no dura cuatro minutos (\u201cde 14.46 a 14.50\u201d) como recog\u00eda el informe del forense Juan Luis S\u00e1nchez Blanque, incluido en el sumario de la causa al que tuvo acceso EL PA\u00cdS, que se\u00f1alaba que a esa hora el chico \u201cdeja de moverse y de oponer resistencia\u201d.En el visionado completo del v\u00eddeo, no se percibe que el joven oponga resistencia de ning\u00fan modo en ning\u00fan momento. S\u00ed se ve que uno de los agentes de seguridad del centro \u2015una vez tumbado el chico boca abajo y maniatado en la cama\u2015 coloca su rodilla y le oprime con su peso en alguna zona pr\u00f3xima a la cabeza, y se mantiene as\u00ed buena parte del tiempo (13 minutos) que dura la aplicaci\u00f3n del controvertido \u201cprotocolo de contenci\u00f3n mec\u00e1nica\u201d. Cuando progresivamente se van retirando los responsables de seguridad de su cuerpo, tratan de comprobar si tiene pulso. Illias Tahiri, un chico conflictivo que hab\u00eda pasado ya por varios centros de menores y a quien ya se le hab\u00eda aplicado con anterioridad esa clase de protocolos \u201cantisuicidios\u201d, estaba ya muerto.En la parte final de la \u00faltima secuencia del v\u00eddeo, se ve al responsable-tutor del centro llamar por tel\u00e9fono, presumiblemente a la doctora que minutos m\u00e1s tarde, seg\u00fan consta en el sumario al que tuvo acceso EL PA\u00cdS, comprueba que el joven no respira (15.04 horas) y ordena que le desaten y que comiencen unas infructuosas t\u00e9cnicas de reanimaci\u00f3n en un pasillo.Boca abajoEl doctor S\u00e1nchez Blanque dedica varios folios de su prolijo informe a la posici\u00f3n del cuerpo de Iliass Tahiri y c\u00f3mo pudo influir esa postura en el \u00f3bito. Dice el forense que la autopsia refleja un \u201cfracaso cardiorrespiratorio\u201d, pero se decanta finalmente por una \u201carritmia card\u00edaca\u201d como \u201ccausa m\u00e1s probable\u201d de la muerte, y descarta la asfixia que reflejaba el informe preliminar: \u201cSignos asfix\u00edacos generales muy evidentes con livideces extensas de color azul oscuro\u201d. Aunque s\u00ed refleja en su informe: \u201cGran edema agudo de pulm\u00f3n, congesti\u00f3n y numerosas esquimosis de Tardieu [manchas asociadas a la sofocaci\u00f3n, la asfixia y la anoxia]\u201d.\u201cCon car\u00e1cter general, la posici\u00f3n del menor en la cama ser\u00e1 de dec\u00fabito supino (boca arriba), salvo que por prescripci\u00f3n m\u00e9dica u otras circunstancias justifiquen o aconsejen la posici\u00f3n de dec\u00fabito prono (boca abajo)\u201d, reza el texto del protocolo de contenci\u00f3n mec\u00e1nica del centro de internamiento de menores Tierras de Oria (Almer\u00eda).La posici\u00f3n del fallecido, contraria al resto de protocolos de contenci\u00f3n como subraya el forense, es clave para determinar cu\u00e1nto pudo influir en la muerte del chico. Y determinar si se trata de \u201cuna muerte violenta accidental\u201d, como se concluye en el auto de archivo de la causa de la juez Teresa In\u00e9s S\u00e1nchez Gisbert del pasado 29 de enero o, por el contrario, de un posible \u201chomicidio\u201d, como defiende el abogado de la familia, Carlos Rolin, en el recurso presentado posteriormente.La juez, sin embargo, no entra a valorar en su auto el protocolo aplicado, sino que se limita a analizar si se actu\u00f3 de acuerdo con el mismo o no. Pero el abogado de la familia cuestiona, al igual que el forense, el citado protocolo, creado por la misma asociaci\u00f3n para la gesti\u00f3n social (Ginso) responsable del centro. \u201cUna adaptaci\u00f3n espec\u00edfica a las caracter\u00edsticas del centro del que rige para todos los centros de la Junta de Andaluc\u00eda\u201d, aclar\u00f3 en su d\u00eda un portavoz de la asociaci\u00f3n a este diario.Se trata de uno de los cuatro centros de internamiento que gestiona esa pol\u00e9mica organizaci\u00f3n, que acarrea denuncias, incidentes y m\u00e1s de una muerte tras la aplicaci\u00f3n de este tipo de medidas. Ginso gan\u00f3 el concurso p\u00fablico para la gesti\u00f3n de este centro almeriense de la Junta de Andaluc\u00eda en 2015.El diario local \u2018La Comarca\u2019 publicaba este lunes la carta de dimisi\u00f3n del director del centro, Manuel Madrid Saavedra, quien orden\u00f3 la aplicaci\u00f3n del citado protocolo. La present\u00f3 el pasado 5 de junio y va dirigida al vicepresidente de Ginso, Enrique Tu\u00f1\u00f3n Serrano. En la escueta misiva puede leerse: \u00abMi dimisi\u00f3n y cese en mi puesto de trabajo por motivos personales, familiares y por agotamiento f\u00edsico y psicol\u00f3gico y para salvaguardar el trabajo y buena imagen de mi centro, de los trabajadores y de mi asociaci\u00f3n\u201d.<br \/>\n<br \/>\n<!--noindex--><br \/>\n<a href=\"https:\/\/elpais.com\/espana\/2020-06-09\/el-video-de-la-muerte-en-el-centro-de-menores-de-almeria-no-muestra-que-el-joven-opusiera-resistencia.html\" rel=\"nofollow\">Source link <\/a><br \/>\n<!--\/noindex--><\/p>\n","protected":false},"excerpt":{"rendered":"<p>El v\u00eddeo que registr\u00f3 la muerte del joven Iliass Tahiri (18 a\u00f1os, 90,4 kilos de peso y 1,78 de estatura) la tarde del 1 de julio del a\u00f1o pasado en el centro de menores Tierras de Oria de Almer\u00eda no muestra que el joven opusiera resistencia. La grabaci\u00f3n de la c\u00e1mara de seguridad, de 13 [&hellip;]<\/p>\n","protected":false},"author":2,"featured_media":641,"comment_status":"open","ping_status":"open","sticky":false,"template":"","format":"standard","meta":{"footnotes":""},"categories":[3],"tags":[],"class_list":["post-640","post","type-post","status-publish","format-standard","has-post-thumbnail","hentry","category-noticias-de-medios-sociales"],"yoast_head":"<!-- This site is optimized with the Yoast SEO plugin v27.4 - https:\/\/yoast.com\/product\/yoast-seo-wordpress\/ -->\n<title>Almer\u00eda: El v\u00eddeo de la muerte de un joven en un centro de menores no muestra que este opusiera resistencia | Espa\u00f1a - Hot News in World<\/title>\n<meta name=\"robots\" content=\"index, follow, max-snippet:-1, max-image-preview:large, max-video-preview:-1\" \/>\n<link rel=\"canonical\" href=\"https:\/\/hotnewsinworld.com\/es\/almeria-el-video-de-la-muerte-de-un-joven-en-un-centro-de-menores-no-muestra-que-este-opusiera-resistencia-espana\/\" \/>\n<meta property=\"og:locale\" content=\"es_ES\" \/>\n<meta property=\"og:type\" content=\"article\" \/>\n<meta property=\"og:title\" content=\"Almer\u00eda: El v\u00eddeo de la muerte de un joven en un centro de menores no muestra que este opusiera resistencia | Espa\u00f1a - Hot News in World\" \/>\n<meta property=\"og:description\" content=\"El v\u00eddeo que registr\u00f3 la muerte del joven Iliass Tahiri (18 a\u00f1os, 90,4 kilos de peso y 1,78 de estatura) la tarde del 1 de julio del a\u00f1o pasado en el centro de menores Tierras de Oria de Almer\u00eda no muestra que el joven opusiera resistencia. La grabaci\u00f3n de la c\u00e1mara de seguridad, de 13 [&hellip;]\" \/>\n<meta property=\"og:url\" content=\"https:\/\/hotnewsinworld.com\/es\/almeria-el-video-de-la-muerte-de-un-joven-en-un-centro-de-menores-no-muestra-que-este-opusiera-resistencia-espana\/\" \/>\n<meta property=\"og:site_name\" content=\"Hot News in World\" \/>\n<meta property=\"article:published_time\" content=\"2020-10-30T16:01:08+00:00\" \/>\n<meta property=\"article:modified_time\" content=\"2020-10-30T16:01:10+00:00\" \/>\n<meta property=\"og:image\" content=\"https:\/\/hotnewsinworld.com\/es\/wp-content\/uploads\/sites\/4\/2020\/10\/Almeria-El-video-de-la-muerte-de-un-joven-en.jpg\" \/>\n\t<meta property=\"og:image:width\" content=\"1000\" \/>\n\t<meta property=\"og:image:height\" content=\"563\" \/>\n\t<meta property=\"og:image:type\" content=\"image\/jpeg\" \/>\n<meta name=\"author\" content=\"hotnewsinworld\" \/>\n<meta name=\"twitter:card\" content=\"summary_large_image\" \/>\n<meta name=\"twitter:label1\" content=\"Escrito por\" \/>\n\t<meta name=\"twitter:data1\" content=\"hotnewsinworld\" \/>\n\t<meta name=\"twitter:label2\" content=\"Tiempo de lectura\" \/>\n\t<meta name=\"twitter:data2\" content=\"5 minutos\" \/>\n<script type=\"application\/ld+json\" class=\"yoast-schema-graph\">{\"@context\":\"https:\\\/\\\/schema.org\",\"@graph\":[{\"@type\":\"Article\",\"@id\":\"https:\\\/\\\/hotnewsinworld.com\\\/es\\\/almeria-el-video-de-la-muerte-de-un-joven-en-un-centro-de-menores-no-muestra-que-este-opusiera-resistencia-espana\\\/#article\",\"isPartOf\":{\"@id\":\"https:\\\/\\\/hotnewsinworld.com\\\/es\\\/almeria-el-video-de-la-muerte-de-un-joven-en-un-centro-de-menores-no-muestra-que-este-opusiera-resistencia-espana\\\/\"},\"author\":{\"name\":\"hotnewsinworld\",\"@id\":\"https:\\\/\\\/hotnewsinworld.com\\\/es\\\/#\\\/schema\\\/person\\\/fe61448b21c0d59086e75fcc1f9d8f6b\"},\"headline\":\"Almer\u00eda: El v\u00eddeo de la muerte de un joven en un centro de menores no muestra que este opusiera resistencia | Espa\u00f1a\",\"datePublished\":\"2020-10-30T16:01:08+00:00\",\"dateModified\":\"2020-10-30T16:01:10+00:00\",\"mainEntityOfPage\":{\"@id\":\"https:\\\/\\\/hotnewsinworld.com\\\/es\\\/almeria-el-video-de-la-muerte-de-un-joven-en-un-centro-de-menores-no-muestra-que-este-opusiera-resistencia-espana\\\/\"},\"wordCount\":991,\"commentCount\":0,\"image\":{\"@id\":\"https:\\\/\\\/hotnewsinworld.com\\\/es\\\/almeria-el-video-de-la-muerte-de-un-joven-en-un-centro-de-menores-no-muestra-que-este-opusiera-resistencia-espana\\\/#primaryimage\"},\"thumbnailUrl\":\"https:\\\/\\\/hotnewsinworld.com\\\/es\\\/wp-content\\\/uploads\\\/sites\\\/4\\\/2020\\\/10\\\/Almeria-El-video-de-la-muerte-de-un-joven-en.jpg\",\"articleSection\":[\"NOTICIAS DE MEDIOS SOCIALES\"],\"inLanguage\":\"es\",\"potentialAction\":[{\"@type\":\"CommentAction\",\"name\":\"Comment\",\"target\":[\"https:\\\/\\\/hotnewsinworld.com\\\/es\\\/almeria-el-video-de-la-muerte-de-un-joven-en-un-centro-de-menores-no-muestra-que-este-opusiera-resistencia-espana\\\/#respond\"]}]},{\"@type\":\"WebPage\",\"@id\":\"https:\\\/\\\/hotnewsinworld.com\\\/es\\\/almeria-el-video-de-la-muerte-de-un-joven-en-un-centro-de-menores-no-muestra-que-este-opusiera-resistencia-espana\\\/\",\"url\":\"https:\\\/\\\/hotnewsinworld.com\\\/es\\\/almeria-el-video-de-la-muerte-de-un-joven-en-un-centro-de-menores-no-muestra-que-este-opusiera-resistencia-espana\\\/\",\"name\":\"Almer\u00eda: El v\u00eddeo de la muerte de un joven en un centro de menores no muestra que este opusiera resistencia | Espa\u00f1a - Hot News in World\",\"isPartOf\":{\"@id\":\"https:\\\/\\\/hotnewsinworld.com\\\/es\\\/#website\"},\"primaryImageOfPage\":{\"@id\":\"https:\\\/\\\/hotnewsinworld.com\\\/es\\\/almeria-el-video-de-la-muerte-de-un-joven-en-un-centro-de-menores-no-muestra-que-este-opusiera-resistencia-espana\\\/#primaryimage\"},\"image\":{\"@id\":\"https:\\\/\\\/hotnewsinworld.com\\\/es\\\/almeria-el-video-de-la-muerte-de-un-joven-en-un-centro-de-menores-no-muestra-que-este-opusiera-resistencia-espana\\\/#primaryimage\"},\"thumbnailUrl\":\"https:\\\/\\\/hotnewsinworld.com\\\/es\\\/wp-content\\\/uploads\\\/sites\\\/4\\\/2020\\\/10\\\/Almeria-El-video-de-la-muerte-de-un-joven-en.jpg\",\"datePublished\":\"2020-10-30T16:01:08+00:00\",\"dateModified\":\"2020-10-30T16:01:10+00:00\",\"author\":{\"@id\":\"https:\\\/\\\/hotnewsinworld.com\\\/es\\\/#\\\/schema\\\/person\\\/fe61448b21c0d59086e75fcc1f9d8f6b\"},\"breadcrumb\":{\"@id\":\"https:\\\/\\\/hotnewsinworld.com\\\/es\\\/almeria-el-video-de-la-muerte-de-un-joven-en-un-centro-de-menores-no-muestra-que-este-opusiera-resistencia-espana\\\/#breadcrumb\"},\"inLanguage\":\"es\",\"potentialAction\":[{\"@type\":\"ReadAction\",\"target\":[\"https:\\\/\\\/hotnewsinworld.com\\\/es\\\/almeria-el-video-de-la-muerte-de-un-joven-en-un-centro-de-menores-no-muestra-que-este-opusiera-resistencia-espana\\\/\"]}]},{\"@type\":\"ImageObject\",\"inLanguage\":\"es\",\"@id\":\"https:\\\/\\\/hotnewsinworld.com\\\/es\\\/almeria-el-video-de-la-muerte-de-un-joven-en-un-centro-de-menores-no-muestra-que-este-opusiera-resistencia-espana\\\/#primaryimage\",\"url\":\"https:\\\/\\\/hotnewsinworld.com\\\/es\\\/wp-content\\\/uploads\\\/sites\\\/4\\\/2020\\\/10\\\/Almeria-El-video-de-la-muerte-de-un-joven-en.jpg\",\"contentUrl\":\"https:\\\/\\\/hotnewsinworld.com\\\/es\\\/wp-content\\\/uploads\\\/sites\\\/4\\\/2020\\\/10\\\/Almeria-El-video-de-la-muerte-de-un-joven-en.jpg\",\"width\":1000,\"height\":563,\"caption\":\"Almer\u00eda: El v\u00eddeo de la muerte de un joven en un centro de menores no muestra que este opusiera resistencia | Espa\u00f1a\"},{\"@type\":\"BreadcrumbList\",\"@id\":\"https:\\\/\\\/hotnewsinworld.com\\\/es\\\/almeria-el-video-de-la-muerte-de-un-joven-en-un-centro-de-menores-no-muestra-que-este-opusiera-resistencia-espana\\\/#breadcrumb\",\"itemListElement\":[{\"@type\":\"ListItem\",\"position\":1,\"name\":\"\u0413\u043b\u0430\u0432\u043d\u0430\u044f \u0441\u0442\u0440\u0430\u043d\u0438\u0446\u0430\",\"item\":\"https:\\\/\\\/hotnewsinworld.com\\\/es\\\/\"},{\"@type\":\"ListItem\",\"position\":2,\"name\":\"Almer\u00eda: El v\u00eddeo de la muerte de un joven en un centro de menores no muestra que este opusiera resistencia | Espa\u00f1a\"}]},{\"@type\":\"WebSite\",\"@id\":\"https:\\\/\\\/hotnewsinworld.com\\\/es\\\/#website\",\"url\":\"https:\\\/\\\/hotnewsinworld.com\\\/es\\\/\",\"name\":\"Hot News in World\",\"description\":\"Hot News in World from Spain\",\"potentialAction\":[{\"@type\":\"SearchAction\",\"target\":{\"@type\":\"EntryPoint\",\"urlTemplate\":\"https:\\\/\\\/hotnewsinworld.com\\\/es\\\/?s={search_term_string}\"},\"query-input\":{\"@type\":\"PropertyValueSpecification\",\"valueRequired\":true,\"valueName\":\"search_term_string\"}}],\"inLanguage\":\"es\"},{\"@type\":\"Person\",\"@id\":\"https:\\\/\\\/hotnewsinworld.com\\\/es\\\/#\\\/schema\\\/person\\\/fe61448b21c0d59086e75fcc1f9d8f6b\",\"name\":\"hotnewsinworld\",\"image\":{\"@type\":\"ImageObject\",\"inLanguage\":\"es\",\"@id\":\"https:\\\/\\\/secure.gravatar.com\\\/avatar\\\/8a09ac165600ce2e1c38fe593c63928eb1e6e7ba5c5a907d67787c41b3d00c14?s=96&d=mm&r=g\",\"url\":\"https:\\\/\\\/secure.gravatar.com\\\/avatar\\\/8a09ac165600ce2e1c38fe593c63928eb1e6e7ba5c5a907d67787c41b3d00c14?s=96&d=mm&r=g\",\"contentUrl\":\"https:\\\/\\\/secure.gravatar.com\\\/avatar\\\/8a09ac165600ce2e1c38fe593c63928eb1e6e7ba5c5a907d67787c41b3d00c14?s=96&d=mm&r=g\",\"caption\":\"hotnewsinworld\"},\"url\":\"https:\\\/\\\/hotnewsinworld.com\\\/es\\\/author\\\/pt\\\/\"}]}<\/script>\n<!-- \/ Yoast SEO plugin. -->","yoast_head_json":{"title":"Almer\u00eda: El v\u00eddeo de la muerte de un joven en un centro de menores no muestra que este opusiera resistencia | Espa\u00f1a - Hot News in World","robots":{"index":"index","follow":"follow","max-snippet":"max-snippet:-1","max-image-preview":"max-image-preview:large","max-video-preview":"max-video-preview:-1"},"canonical":"https:\/\/hotnewsinworld.com\/es\/almeria-el-video-de-la-muerte-de-un-joven-en-un-centro-de-menores-no-muestra-que-este-opusiera-resistencia-espana\/","og_locale":"es_ES","og_type":"article","og_title":"Almer\u00eda: El v\u00eddeo de la muerte de un joven en un centro de menores no muestra que este opusiera resistencia | Espa\u00f1a - Hot News in World","og_description":"El v\u00eddeo que registr\u00f3 la muerte del joven Iliass Tahiri (18 a\u00f1os, 90,4 kilos de peso y 1,78 de estatura) la tarde del 1 de julio del a\u00f1o pasado en el centro de menores Tierras de Oria de Almer\u00eda no muestra que el joven opusiera resistencia. La grabaci\u00f3n de la c\u00e1mara de seguridad, de 13 [&hellip;]","og_url":"https:\/\/hotnewsinworld.com\/es\/almeria-el-video-de-la-muerte-de-un-joven-en-un-centro-de-menores-no-muestra-que-este-opusiera-resistencia-espana\/","og_site_name":"Hot News in World","article_published_time":"2020-10-30T16:01:08+00:00","article_modified_time":"2020-10-30T16:01:10+00:00","og_image":[{"width":1000,"height":563,"url":"https:\/\/hotnewsinworld.com\/es\/wp-content\/uploads\/sites\/4\/2020\/10\/Almeria-El-video-de-la-muerte-de-un-joven-en.jpg","type":"image\/jpeg"}],"author":"hotnewsinworld","twitter_card":"summary_large_image","twitter_misc":{"Escrito por":"hotnewsinworld","Tiempo de lectura":"5 minutos"},"schema":{"@context":"https:\/\/schema.org","@graph":[{"@type":"Article","@id":"https:\/\/hotnewsinworld.com\/es\/almeria-el-video-de-la-muerte-de-un-joven-en-un-centro-de-menores-no-muestra-que-este-opusiera-resistencia-espana\/#article","isPartOf":{"@id":"https:\/\/hotnewsinworld.com\/es\/almeria-el-video-de-la-muerte-de-un-joven-en-un-centro-de-menores-no-muestra-que-este-opusiera-resistencia-espana\/"},"author":{"name":"hotnewsinworld","@id":"https:\/\/hotnewsinworld.com\/es\/#\/schema\/person\/fe61448b21c0d59086e75fcc1f9d8f6b"},"headline":"Almer\u00eda: El v\u00eddeo de la muerte de un joven en un centro de menores no muestra que este opusiera resistencia | Espa\u00f1a","datePublished":"2020-10-30T16:01:08+00:00","dateModified":"2020-10-30T16:01:10+00:00","mainEntityOfPage":{"@id":"https:\/\/hotnewsinworld.com\/es\/almeria-el-video-de-la-muerte-de-un-joven-en-un-centro-de-menores-no-muestra-que-este-opusiera-resistencia-espana\/"},"wordCount":991,"commentCount":0,"image":{"@id":"https:\/\/hotnewsinworld.com\/es\/almeria-el-video-de-la-muerte-de-un-joven-en-un-centro-de-menores-no-muestra-que-este-opusiera-resistencia-espana\/#primaryimage"},"thumbnailUrl":"https:\/\/hotnewsinworld.com\/es\/wp-content\/uploads\/sites\/4\/2020\/10\/Almeria-El-video-de-la-muerte-de-un-joven-en.jpg","articleSection":["NOTICIAS DE MEDIOS SOCIALES"],"inLanguage":"es","potentialAction":[{"@type":"CommentAction","name":"Comment","target":["https:\/\/hotnewsinworld.com\/es\/almeria-el-video-de-la-muerte-de-un-joven-en-un-centro-de-menores-no-muestra-que-este-opusiera-resistencia-espana\/#respond"]}]},{"@type":"WebPage","@id":"https:\/\/hotnewsinworld.com\/es\/almeria-el-video-de-la-muerte-de-un-joven-en-un-centro-de-menores-no-muestra-que-este-opusiera-resistencia-espana\/","url":"https:\/\/hotnewsinworld.com\/es\/almeria-el-video-de-la-muerte-de-un-joven-en-un-centro-de-menores-no-muestra-que-este-opusiera-resistencia-espana\/","name":"Almer\u00eda: El v\u00eddeo de la muerte de un joven en un centro de menores no muestra que este opusiera resistencia | Espa\u00f1a - Hot News in World","isPartOf":{"@id":"https:\/\/hotnewsinworld.com\/es\/#website"},"primaryImageOfPage":{"@id":"https:\/\/hotnewsinworld.com\/es\/almeria-el-video-de-la-muerte-de-un-joven-en-un-centro-de-menores-no-muestra-que-este-opusiera-resistencia-espana\/#primaryimage"},"image":{"@id":"https:\/\/hotnewsinworld.com\/es\/almeria-el-video-de-la-muerte-de-un-joven-en-un-centro-de-menores-no-muestra-que-este-opusiera-resistencia-espana\/#primaryimage"},"thumbnailUrl":"https:\/\/hotnewsinworld.com\/es\/wp-content\/uploads\/sites\/4\/2020\/10\/Almeria-El-video-de-la-muerte-de-un-joven-en.jpg","datePublished":"2020-10-30T16:01:08+00:00","dateModified":"2020-10-30T16:01:10+00:00","author":{"@id":"https:\/\/hotnewsinworld.com\/es\/#\/schema\/person\/fe61448b21c0d59086e75fcc1f9d8f6b"},"breadcrumb":{"@id":"https:\/\/hotnewsinworld.com\/es\/almeria-el-video-de-la-muerte-de-un-joven-en-un-centro-de-menores-no-muestra-que-este-opusiera-resistencia-espana\/#breadcrumb"},"inLanguage":"es","potentialAction":[{"@type":"ReadAction","target":["https:\/\/hotnewsinworld.com\/es\/almeria-el-video-de-la-muerte-de-un-joven-en-un-centro-de-menores-no-muestra-que-este-opusiera-resistencia-espana\/"]}]},{"@type":"ImageObject","inLanguage":"es","@id":"https:\/\/hotnewsinworld.com\/es\/almeria-el-video-de-la-muerte-de-un-joven-en-un-centro-de-menores-no-muestra-que-este-opusiera-resistencia-espana\/#primaryimage","url":"https:\/\/hotnewsinworld.com\/es\/wp-content\/uploads\/sites\/4\/2020\/10\/Almeria-El-video-de-la-muerte-de-un-joven-en.jpg","contentUrl":"https:\/\/hotnewsinworld.com\/es\/wp-content\/uploads\/sites\/4\/2020\/10\/Almeria-El-video-de-la-muerte-de-un-joven-en.jpg","width":1000,"height":563,"caption":"Almer\u00eda: El v\u00eddeo de la muerte de un joven en un centro de menores no muestra que este opusiera resistencia | Espa\u00f1a"},{"@type":"BreadcrumbList","@id":"https:\/\/hotnewsinworld.com\/es\/almeria-el-video-de-la-muerte-de-un-joven-en-un-centro-de-menores-no-muestra-que-este-opusiera-resistencia-espana\/#breadcrumb","itemListElement":[{"@type":"ListItem","position":1,"name":"\u0413\u043b\u0430\u0432\u043d\u0430\u044f \u0441\u0442\u0440\u0430\u043d\u0438\u0446\u0430","item":"https:\/\/hotnewsinworld.com\/es\/"},{"@type":"ListItem","position":2,"name":"Almer\u00eda: El v\u00eddeo de la muerte de un joven en un centro de menores no muestra que este opusiera resistencia | Espa\u00f1a"}]},{"@type":"WebSite","@id":"https:\/\/hotnewsinworld.com\/es\/#website","url":"https:\/\/hotnewsinworld.com\/es\/","name":"Hot News in World","description":"Hot News in World from Spain","potentialAction":[{"@type":"SearchAction","target":{"@type":"EntryPoint","urlTemplate":"https:\/\/hotnewsinworld.com\/es\/?s={search_term_string}"},"query-input":{"@type":"PropertyValueSpecification","valueRequired":true,"valueName":"search_term_string"}}],"inLanguage":"es"},{"@type":"Person","@id":"https:\/\/hotnewsinworld.com\/es\/#\/schema\/person\/fe61448b21c0d59086e75fcc1f9d8f6b","name":"hotnewsinworld","image":{"@type":"ImageObject","inLanguage":"es","@id":"https:\/\/secure.gravatar.com\/avatar\/8a09ac165600ce2e1c38fe593c63928eb1e6e7ba5c5a907d67787c41b3d00c14?s=96&d=mm&r=g","url":"https:\/\/secure.gravatar.com\/avatar\/8a09ac165600ce2e1c38fe593c63928eb1e6e7ba5c5a907d67787c41b3d00c14?s=96&d=mm&r=g","contentUrl":"https:\/\/secure.gravatar.com\/avatar\/8a09ac165600ce2e1c38fe593c63928eb1e6e7ba5c5a907d67787c41b3d00c14?s=96&d=mm&r=g","caption":"hotnewsinworld"},"url":"https:\/\/hotnewsinworld.com\/es\/author\/pt\/"}]}},"_links":{"self":[{"href":"https:\/\/hotnewsinworld.com\/es\/wp-json\/wp\/v2\/posts\/640","targetHints":{"allow":["GET"]}}],"collection":[{"href":"https:\/\/hotnewsinworld.com\/es\/wp-json\/wp\/v2\/posts"}],"about":[{"href":"https:\/\/hotnewsinworld.com\/es\/wp-json\/wp\/v2\/types\/post"}],"author":[{"embeddable":true,"href":"https:\/\/hotnewsinworld.com\/es\/wp-json\/wp\/v2\/users\/2"}],"replies":[{"embeddable":true,"href":"https:\/\/hotnewsinworld.com\/es\/wp-json\/wp\/v2\/comments?post=640"}],"version-history":[{"count":1,"href":"https:\/\/hotnewsinworld.com\/es\/wp-json\/wp\/v2\/posts\/640\/revisions"}],"predecessor-version":[{"id":642,"href":"https:\/\/hotnewsinworld.com\/es\/wp-json\/wp\/v2\/posts\/640\/revisions\/642"}],"wp:featuredmedia":[{"embeddable":true,"href":"https:\/\/hotnewsinworld.com\/es\/wp-json\/wp\/v2\/media\/641"}],"wp:attachment":[{"href":"https:\/\/hotnewsinworld.com\/es\/wp-json\/wp\/v2\/media?parent=640"}],"wp:term":[{"taxonomy":"category","embeddable":true,"href":"https:\/\/hotnewsinworld.com\/es\/wp-json\/wp\/v2\/categories?post=640"},{"taxonomy":"post_tag","embeddable":true,"href":"https:\/\/hotnewsinworld.com\/es\/wp-json\/wp\/v2\/tags?post=640"}],"curies":[{"name":"wp","href":"https:\/\/api.w.org\/{rel}","templated":true}]}}