{"id":669,"date":"2020-11-10T12:48:25","date_gmt":"2020-11-10T09:48:25","guid":{"rendered":"https:\/\/hotnewsinworld.com\/es\/el-lider-republicano-en-el-senado-se-alinea-con-trump-y-no-reconoce-la-victoria-de-biden\/"},"modified":"2020-11-10T12:48:27","modified_gmt":"2020-11-10T09:48:27","slug":"el-lider-republicano-en-el-senado-se-alinea-con-trump-y-no-reconoce-la-victoria-de-biden","status":"publish","type":"post","link":"https:\/\/hotnewsinworld.com\/es\/el-lider-republicano-en-el-senado-se-alinea-con-trump-y-no-reconoce-la-victoria-de-biden\/","title":{"rendered":"El l\u00edder republicano en el Senado se alinea con Trump y no reconoce la victoria de Biden"},"content":{"rendered":"<p>El l\u00edder de la mayor\u00eda republicana en el Senado, Mitch McConnell, se coloc\u00f3 este lunes en fila con el resto de los cargos republicanos de Washington para defender la negativa de Donald Trump a reconocer el resultado de la elecci\u00f3n del pasado martes, que perdi\u00f3 contra Joe Biden. La ruptura con la tradici\u00f3n democr\u00e1tica de conceder la derrota y colaborar con el ganador de unas elecciones pasa as\u00ed de ser una extravagancia a ser la posici\u00f3n oficial del Partido Republicano. McConnell es el republicano m\u00e1s poderoso de Washington y este lunes defendi\u00f3 el derecho del presidente a presentar acciones legales para poner en duda el resultado.En un discurso en el pleno del Senado, McConnell presumi\u00f3 de que los republicanos han conseguido defender moment\u00e1neamente su mayor\u00eda en el Senado y han conseguido reducir la mayor\u00eda dem\u00f3crata en la C\u00e1mara de Representantes \u201cde una forma que ha asombrado a los pron\u00f3sticos\u201d. Los republicanos solo han perdido un esca\u00f1o neto en el Senado y han avanzado al menos cinco esca\u00f1os en la C\u00e1mara. Pero sobre la elecci\u00f3n presidencial dijo que \u201cning\u00fan Estado ha certificado a\u00fan sus resultados electorales\u201d.Las papeletas para elegir a esos senadores y para elegir al presidente eran las mismas. Los Estados tienen cada uno su propia fecha l\u00edmite para certificar los resultados. Delaware lo hizo el 5 de noviembre. El \u00faltimo es California (22 millones de votos), que tiene como fecha l\u00edmite el 10 de diciembre para terminar de contarlos.\u201cTenemos uno o dos Estados que van camino de un recuento\u201d, a\u00f1adi\u00f3 McConnell. Es muy probable que el resultado en Georgia sea tan ajustado que requiera de un recuento. Los recuentos en EE UU a veces han encontrado errores, pero suelen reducirse a unas pocas papeletas. Jam\u00e1s han cambiado un resultado electoral. Y adem\u00e1s, Georgia es irrelevante para los n\u00fameros finales de Biden sobre Trump.\u201cCreo que el presidente est\u00e1 presentando acciones legales en al menos cinco Estados\u201d, termin\u00f3 de argumentar McConnell. Trump pretende presentar demandas en Nevada, Arizona, Georgia, Michigan y Pensilvania. Todas las que ha presentado hasta el momento han sido rechazadas en primera instancia, menos una puramente procedimental en Pensilvania que no tiene que ver con el escrutinio.\u201cEl principio central aqu\u00ed no deber\u00eda ser complicado. En Estados Unidos, se deben contar todos los votos legales, cualquier voto ilegal no se debe contar, el proceso debe ser transparente y observable para todos y los tribunales est\u00e1n para resolver las dudas\u201d. McConnell repiti\u00f3 en el Senado sus \u00faltimas palabras sobre este asunto, escritas en un tuit el viernes, un d\u00eda antes de que las proyecciones de todos los medios de Estados Unidos dieran como ganador a Joe Biden. \u201cEl presidente tiene al 100% el derecho de examinar las acusaciones de irregularidades y estudiar sus opciones legales\u201d.McConnell asume as\u00ed el lenguaje de Trump, pero solo en su aspecto m\u00e1s evidente. En sus palabras no asume las denuncias de fraude ni robo de las elecciones, algo de lo que nadie ha presentado la m\u00e1s m\u00ednima prueba durante una semana. Con sus declaraciones, queda garantizado que los principales republicanos con poder en Washington seguir\u00e1n coreando la teor\u00eda de la conspiraci\u00f3n lanzada por el presidente para negarse a aceptar el resultado de la elecci\u00f3n.Otros republicanos, como el senador Mitt Romney, o el \u00faltimo presidente republicano antes de Trump, George W. Bush, han felicitado a Biden en el momento que hubo un consenso entre las proyecciones de los medios, como es tradici\u00f3n.El l\u00edder republicano atac\u00f3 entonces a los dem\u00f3cratas diciendo: \u201cQue no nos den lecciones sobre c\u00f3mo el presidente deber\u00eda aceptar alegremente el resultado de la elecci\u00f3n los mismos personajes que se han pasado cuatro a\u00f1os poniendo en duda la elecci\u00f3n anterior\u201d, en referencia a las investigaciones, basadas en informes de inteligencia, que los dem\u00f3cratas han promovido sobre la interferencia de Rusia en las elecciones de 2016.El Senado es el \u00faltimo espacio de poder que les va a quedar a los republicanos en Washington el a\u00f1o que viene. McConnell se presenta a s\u00ed mismo como el \u00faltimo dique ante una supuesta ola izquierdista. Esa mayor\u00eda est\u00e1 en peligro. Las dos elecciones al Senado por Georgia se tienen que resolver en una segunda vuelta que se celebrar\u00e1 el 5 de enero. Donald Trump ha sacado al menos 71 millones de votos y los republicanos necesitan mantener a esas bases activas y movilizadas al menos dos meses m\u00e1s para defender su mayor\u00eda.Suscr\u00edbase aqu\u00ed a la newsletter sobre las elecciones en Estados Unidos<br \/>\n<br \/>\n<!--noindex--><br \/>\n<a href=\"https:\/\/elpais.com\/internacional\/elecciones-usa\/2020-11-09\/el-lider-republicano-en-el-senado-se-alinea-con-trump-y-no-reconoce-la-victoria-de-biden.html\" rel=\"nofollow\">Source link <\/a><br \/>\n<!--\/noindex--><\/p>\n","protected":false},"excerpt":{"rendered":"<p>El l\u00edder de la mayor\u00eda republicana en el Senado, Mitch McConnell, se coloc\u00f3 este lunes en fila con el resto de los cargos republicanos de Washington para defender la negativa de Donald Trump a reconocer el resultado de la elecci\u00f3n del pasado martes, que perdi\u00f3 contra Joe Biden. La ruptura con la tradici\u00f3n democr\u00e1tica de [&hellip;]<\/p>\n","protected":false},"author":2,"featured_media":670,"comment_status":"open","ping_status":"open","sticky":false,"template":"","format":"standard","meta":{"footnotes":""},"categories":[3],"tags":[],"class_list":["post-669","post","type-post","status-publish","format-standard","has-post-thumbnail","hentry","category-noticias-de-medios-sociales"],"yoast_head":"<!-- This site is optimized with the Yoast SEO plugin v27.4 - https:\/\/yoast.com\/product\/yoast-seo-wordpress\/ -->\n<title>El l\u00edder republicano en el Senado se alinea con Trump y no reconoce la victoria de Biden - Hot News in World<\/title>\n<meta name=\"robots\" content=\"index, follow, max-snippet:-1, max-image-preview:large, max-video-preview:-1\" \/>\n<link rel=\"canonical\" href=\"https:\/\/hotnewsinworld.com\/es\/el-lider-republicano-en-el-senado-se-alinea-con-trump-y-no-reconoce-la-victoria-de-biden\/\" \/>\n<meta property=\"og:locale\" content=\"es_ES\" \/>\n<meta property=\"og:type\" content=\"article\" \/>\n<meta property=\"og:title\" content=\"El l\u00edder republicano en el Senado se alinea con Trump y no reconoce la victoria de Biden - Hot News in World\" \/>\n<meta property=\"og:description\" content=\"El l\u00edder de la mayor\u00eda republicana en el Senado, Mitch McConnell, se coloc\u00f3 este lunes en fila con el resto de los cargos republicanos de Washington para defender la negativa de Donald Trump a reconocer el resultado de la elecci\u00f3n del pasado martes, que perdi\u00f3 contra Joe Biden. La ruptura con la tradici\u00f3n democr\u00e1tica de [&hellip;]\" \/>\n<meta property=\"og:url\" content=\"https:\/\/hotnewsinworld.com\/es\/el-lider-republicano-en-el-senado-se-alinea-con-trump-y-no-reconoce-la-victoria-de-biden\/\" \/>\n<meta property=\"og:site_name\" content=\"Hot News in World\" \/>\n<meta property=\"article:published_time\" content=\"2020-11-10T09:48:25+00:00\" \/>\n<meta property=\"article:modified_time\" content=\"2020-11-10T09:48:27+00:00\" \/>\n<meta property=\"og:image\" content=\"https:\/\/hotnewsinworld.com\/es\/wp-content\/uploads\/sites\/4\/2020\/11\/El-lider-republicano-en-el-Senado-se-alinea-con-Trump.jpg\" \/>\n\t<meta property=\"og:image:width\" content=\"1000\" \/>\n\t<meta property=\"og:image:height\" content=\"667\" \/>\n\t<meta property=\"og:image:type\" content=\"image\/jpeg\" \/>\n<meta name=\"author\" content=\"hotnewsinworld\" \/>\n<meta name=\"twitter:card\" content=\"summary_large_image\" \/>\n<meta name=\"twitter:label1\" content=\"Escrito por\" \/>\n\t<meta name=\"twitter:data1\" content=\"hotnewsinworld\" \/>\n\t<meta name=\"twitter:label2\" content=\"Tiempo de lectura\" \/>\n\t<meta name=\"twitter:data2\" content=\"4 minutos\" \/>\n<script type=\"application\/ld+json\" class=\"yoast-schema-graph\">{\"@context\":\"https:\\\/\\\/schema.org\",\"@graph\":[{\"@type\":\"Article\",\"@id\":\"https:\\\/\\\/hotnewsinworld.com\\\/es\\\/el-lider-republicano-en-el-senado-se-alinea-con-trump-y-no-reconoce-la-victoria-de-biden\\\/#article\",\"isPartOf\":{\"@id\":\"https:\\\/\\\/hotnewsinworld.com\\\/es\\\/el-lider-republicano-en-el-senado-se-alinea-con-trump-y-no-reconoce-la-victoria-de-biden\\\/\"},\"author\":{\"name\":\"hotnewsinworld\",\"@id\":\"https:\\\/\\\/hotnewsinworld.com\\\/es\\\/#\\\/schema\\\/person\\\/fe61448b21c0d59086e75fcc1f9d8f6b\"},\"headline\":\"El l\u00edder republicano en el Senado se alinea con Trump y no reconoce la victoria de Biden\",\"datePublished\":\"2020-11-10T09:48:25+00:00\",\"dateModified\":\"2020-11-10T09:48:27+00:00\",\"mainEntityOfPage\":{\"@id\":\"https:\\\/\\\/hotnewsinworld.com\\\/es\\\/el-lider-republicano-en-el-senado-se-alinea-con-trump-y-no-reconoce-la-victoria-de-biden\\\/\"},\"wordCount\":806,\"commentCount\":0,\"image\":{\"@id\":\"https:\\\/\\\/hotnewsinworld.com\\\/es\\\/el-lider-republicano-en-el-senado-se-alinea-con-trump-y-no-reconoce-la-victoria-de-biden\\\/#primaryimage\"},\"thumbnailUrl\":\"https:\\\/\\\/hotnewsinworld.com\\\/es\\\/wp-content\\\/uploads\\\/sites\\\/4\\\/2020\\\/11\\\/El-lider-republicano-en-el-Senado-se-alinea-con-Trump.jpg\",\"articleSection\":[\"NOTICIAS DE MEDIOS SOCIALES\"],\"inLanguage\":\"es\",\"potentialAction\":[{\"@type\":\"CommentAction\",\"name\":\"Comment\",\"target\":[\"https:\\\/\\\/hotnewsinworld.com\\\/es\\\/el-lider-republicano-en-el-senado-se-alinea-con-trump-y-no-reconoce-la-victoria-de-biden\\\/#respond\"]}]},{\"@type\":\"WebPage\",\"@id\":\"https:\\\/\\\/hotnewsinworld.com\\\/es\\\/el-lider-republicano-en-el-senado-se-alinea-con-trump-y-no-reconoce-la-victoria-de-biden\\\/\",\"url\":\"https:\\\/\\\/hotnewsinworld.com\\\/es\\\/el-lider-republicano-en-el-senado-se-alinea-con-trump-y-no-reconoce-la-victoria-de-biden\\\/\",\"name\":\"El l\u00edder republicano en el Senado se alinea con Trump y no reconoce la victoria de Biden - Hot News in World\",\"isPartOf\":{\"@id\":\"https:\\\/\\\/hotnewsinworld.com\\\/es\\\/#website\"},\"primaryImageOfPage\":{\"@id\":\"https:\\\/\\\/hotnewsinworld.com\\\/es\\\/el-lider-republicano-en-el-senado-se-alinea-con-trump-y-no-reconoce-la-victoria-de-biden\\\/#primaryimage\"},\"image\":{\"@id\":\"https:\\\/\\\/hotnewsinworld.com\\\/es\\\/el-lider-republicano-en-el-senado-se-alinea-con-trump-y-no-reconoce-la-victoria-de-biden\\\/#primaryimage\"},\"thumbnailUrl\":\"https:\\\/\\\/hotnewsinworld.com\\\/es\\\/wp-content\\\/uploads\\\/sites\\\/4\\\/2020\\\/11\\\/El-lider-republicano-en-el-Senado-se-alinea-con-Trump.jpg\",\"datePublished\":\"2020-11-10T09:48:25+00:00\",\"dateModified\":\"2020-11-10T09:48:27+00:00\",\"author\":{\"@id\":\"https:\\\/\\\/hotnewsinworld.com\\\/es\\\/#\\\/schema\\\/person\\\/fe61448b21c0d59086e75fcc1f9d8f6b\"},\"breadcrumb\":{\"@id\":\"https:\\\/\\\/hotnewsinworld.com\\\/es\\\/el-lider-republicano-en-el-senado-se-alinea-con-trump-y-no-reconoce-la-victoria-de-biden\\\/#breadcrumb\"},\"inLanguage\":\"es\",\"potentialAction\":[{\"@type\":\"ReadAction\",\"target\":[\"https:\\\/\\\/hotnewsinworld.com\\\/es\\\/el-lider-republicano-en-el-senado-se-alinea-con-trump-y-no-reconoce-la-victoria-de-biden\\\/\"]}]},{\"@type\":\"ImageObject\",\"inLanguage\":\"es\",\"@id\":\"https:\\\/\\\/hotnewsinworld.com\\\/es\\\/el-lider-republicano-en-el-senado-se-alinea-con-trump-y-no-reconoce-la-victoria-de-biden\\\/#primaryimage\",\"url\":\"https:\\\/\\\/hotnewsinworld.com\\\/es\\\/wp-content\\\/uploads\\\/sites\\\/4\\\/2020\\\/11\\\/El-lider-republicano-en-el-Senado-se-alinea-con-Trump.jpg\",\"contentUrl\":\"https:\\\/\\\/hotnewsinworld.com\\\/es\\\/wp-content\\\/uploads\\\/sites\\\/4\\\/2020\\\/11\\\/El-lider-republicano-en-el-Senado-se-alinea-con-Trump.jpg\",\"width\":1000,\"height\":667,\"caption\":\"El l\u00edder republicano en el Senado se alinea con Trump y no reconoce la victoria de Biden\"},{\"@type\":\"BreadcrumbList\",\"@id\":\"https:\\\/\\\/hotnewsinworld.com\\\/es\\\/el-lider-republicano-en-el-senado-se-alinea-con-trump-y-no-reconoce-la-victoria-de-biden\\\/#breadcrumb\",\"itemListElement\":[{\"@type\":\"ListItem\",\"position\":1,\"name\":\"\u0413\u043b\u0430\u0432\u043d\u0430\u044f \u0441\u0442\u0440\u0430\u043d\u0438\u0446\u0430\",\"item\":\"https:\\\/\\\/hotnewsinworld.com\\\/es\\\/\"},{\"@type\":\"ListItem\",\"position\":2,\"name\":\"El l\u00edder republicano en el Senado se alinea con Trump y no reconoce la victoria de Biden\"}]},{\"@type\":\"WebSite\",\"@id\":\"https:\\\/\\\/hotnewsinworld.com\\\/es\\\/#website\",\"url\":\"https:\\\/\\\/hotnewsinworld.com\\\/es\\\/\",\"name\":\"Hot News in World\",\"description\":\"Hot News in World from Spain\",\"potentialAction\":[{\"@type\":\"SearchAction\",\"target\":{\"@type\":\"EntryPoint\",\"urlTemplate\":\"https:\\\/\\\/hotnewsinworld.com\\\/es\\\/?s={search_term_string}\"},\"query-input\":{\"@type\":\"PropertyValueSpecification\",\"valueRequired\":true,\"valueName\":\"search_term_string\"}}],\"inLanguage\":\"es\"},{\"@type\":\"Person\",\"@id\":\"https:\\\/\\\/hotnewsinworld.com\\\/es\\\/#\\\/schema\\\/person\\\/fe61448b21c0d59086e75fcc1f9d8f6b\",\"name\":\"hotnewsinworld\",\"image\":{\"@type\":\"ImageObject\",\"inLanguage\":\"es\",\"@id\":\"https:\\\/\\\/secure.gravatar.com\\\/avatar\\\/8a09ac165600ce2e1c38fe593c63928eb1e6e7ba5c5a907d67787c41b3d00c14?s=96&d=mm&r=g\",\"url\":\"https:\\\/\\\/secure.gravatar.com\\\/avatar\\\/8a09ac165600ce2e1c38fe593c63928eb1e6e7ba5c5a907d67787c41b3d00c14?s=96&d=mm&r=g\",\"contentUrl\":\"https:\\\/\\\/secure.gravatar.com\\\/avatar\\\/8a09ac165600ce2e1c38fe593c63928eb1e6e7ba5c5a907d67787c41b3d00c14?s=96&d=mm&r=g\",\"caption\":\"hotnewsinworld\"},\"url\":\"https:\\\/\\\/hotnewsinworld.com\\\/es\\\/author\\\/pt\\\/\"}]}<\/script>\n<!-- \/ Yoast SEO plugin. -->","yoast_head_json":{"title":"El l\u00edder republicano en el Senado se alinea con Trump y no reconoce la victoria de Biden - Hot News in World","robots":{"index":"index","follow":"follow","max-snippet":"max-snippet:-1","max-image-preview":"max-image-preview:large","max-video-preview":"max-video-preview:-1"},"canonical":"https:\/\/hotnewsinworld.com\/es\/el-lider-republicano-en-el-senado-se-alinea-con-trump-y-no-reconoce-la-victoria-de-biden\/","og_locale":"es_ES","og_type":"article","og_title":"El l\u00edder republicano en el Senado se alinea con Trump y no reconoce la victoria de Biden - Hot News in World","og_description":"El l\u00edder de la mayor\u00eda republicana en el Senado, Mitch McConnell, se coloc\u00f3 este lunes en fila con el resto de los cargos republicanos de Washington para defender la negativa de Donald Trump a reconocer el resultado de la elecci\u00f3n del pasado martes, que perdi\u00f3 contra Joe Biden. La ruptura con la tradici\u00f3n democr\u00e1tica de [&hellip;]","og_url":"https:\/\/hotnewsinworld.com\/es\/el-lider-republicano-en-el-senado-se-alinea-con-trump-y-no-reconoce-la-victoria-de-biden\/","og_site_name":"Hot News in World","article_published_time":"2020-11-10T09:48:25+00:00","article_modified_time":"2020-11-10T09:48:27+00:00","og_image":[{"width":1000,"height":667,"url":"https:\/\/hotnewsinworld.com\/es\/wp-content\/uploads\/sites\/4\/2020\/11\/El-lider-republicano-en-el-Senado-se-alinea-con-Trump.jpg","type":"image\/jpeg"}],"author":"hotnewsinworld","twitter_card":"summary_large_image","twitter_misc":{"Escrito por":"hotnewsinworld","Tiempo de lectura":"4 minutos"},"schema":{"@context":"https:\/\/schema.org","@graph":[{"@type":"Article","@id":"https:\/\/hotnewsinworld.com\/es\/el-lider-republicano-en-el-senado-se-alinea-con-trump-y-no-reconoce-la-victoria-de-biden\/#article","isPartOf":{"@id":"https:\/\/hotnewsinworld.com\/es\/el-lider-republicano-en-el-senado-se-alinea-con-trump-y-no-reconoce-la-victoria-de-biden\/"},"author":{"name":"hotnewsinworld","@id":"https:\/\/hotnewsinworld.com\/es\/#\/schema\/person\/fe61448b21c0d59086e75fcc1f9d8f6b"},"headline":"El l\u00edder republicano en el Senado se alinea con Trump y no reconoce la victoria de Biden","datePublished":"2020-11-10T09:48:25+00:00","dateModified":"2020-11-10T09:48:27+00:00","mainEntityOfPage":{"@id":"https:\/\/hotnewsinworld.com\/es\/el-lider-republicano-en-el-senado-se-alinea-con-trump-y-no-reconoce-la-victoria-de-biden\/"},"wordCount":806,"commentCount":0,"image":{"@id":"https:\/\/hotnewsinworld.com\/es\/el-lider-republicano-en-el-senado-se-alinea-con-trump-y-no-reconoce-la-victoria-de-biden\/#primaryimage"},"thumbnailUrl":"https:\/\/hotnewsinworld.com\/es\/wp-content\/uploads\/sites\/4\/2020\/11\/El-lider-republicano-en-el-Senado-se-alinea-con-Trump.jpg","articleSection":["NOTICIAS DE MEDIOS SOCIALES"],"inLanguage":"es","potentialAction":[{"@type":"CommentAction","name":"Comment","target":["https:\/\/hotnewsinworld.com\/es\/el-lider-republicano-en-el-senado-se-alinea-con-trump-y-no-reconoce-la-victoria-de-biden\/#respond"]}]},{"@type":"WebPage","@id":"https:\/\/hotnewsinworld.com\/es\/el-lider-republicano-en-el-senado-se-alinea-con-trump-y-no-reconoce-la-victoria-de-biden\/","url":"https:\/\/hotnewsinworld.com\/es\/el-lider-republicano-en-el-senado-se-alinea-con-trump-y-no-reconoce-la-victoria-de-biden\/","name":"El l\u00edder republicano en el Senado se alinea con Trump y no reconoce la victoria de Biden - Hot News in World","isPartOf":{"@id":"https:\/\/hotnewsinworld.com\/es\/#website"},"primaryImageOfPage":{"@id":"https:\/\/hotnewsinworld.com\/es\/el-lider-republicano-en-el-senado-se-alinea-con-trump-y-no-reconoce-la-victoria-de-biden\/#primaryimage"},"image":{"@id":"https:\/\/hotnewsinworld.com\/es\/el-lider-republicano-en-el-senado-se-alinea-con-trump-y-no-reconoce-la-victoria-de-biden\/#primaryimage"},"thumbnailUrl":"https:\/\/hotnewsinworld.com\/es\/wp-content\/uploads\/sites\/4\/2020\/11\/El-lider-republicano-en-el-Senado-se-alinea-con-Trump.jpg","datePublished":"2020-11-10T09:48:25+00:00","dateModified":"2020-11-10T09:48:27+00:00","author":{"@id":"https:\/\/hotnewsinworld.com\/es\/#\/schema\/person\/fe61448b21c0d59086e75fcc1f9d8f6b"},"breadcrumb":{"@id":"https:\/\/hotnewsinworld.com\/es\/el-lider-republicano-en-el-senado-se-alinea-con-trump-y-no-reconoce-la-victoria-de-biden\/#breadcrumb"},"inLanguage":"es","potentialAction":[{"@type":"ReadAction","target":["https:\/\/hotnewsinworld.com\/es\/el-lider-republicano-en-el-senado-se-alinea-con-trump-y-no-reconoce-la-victoria-de-biden\/"]}]},{"@type":"ImageObject","inLanguage":"es","@id":"https:\/\/hotnewsinworld.com\/es\/el-lider-republicano-en-el-senado-se-alinea-con-trump-y-no-reconoce-la-victoria-de-biden\/#primaryimage","url":"https:\/\/hotnewsinworld.com\/es\/wp-content\/uploads\/sites\/4\/2020\/11\/El-lider-republicano-en-el-Senado-se-alinea-con-Trump.jpg","contentUrl":"https:\/\/hotnewsinworld.com\/es\/wp-content\/uploads\/sites\/4\/2020\/11\/El-lider-republicano-en-el-Senado-se-alinea-con-Trump.jpg","width":1000,"height":667,"caption":"El l\u00edder republicano en el Senado se alinea con Trump y no reconoce la victoria de Biden"},{"@type":"BreadcrumbList","@id":"https:\/\/hotnewsinworld.com\/es\/el-lider-republicano-en-el-senado-se-alinea-con-trump-y-no-reconoce-la-victoria-de-biden\/#breadcrumb","itemListElement":[{"@type":"ListItem","position":1,"name":"\u0413\u043b\u0430\u0432\u043d\u0430\u044f \u0441\u0442\u0440\u0430\u043d\u0438\u0446\u0430","item":"https:\/\/hotnewsinworld.com\/es\/"},{"@type":"ListItem","position":2,"name":"El l\u00edder republicano en el Senado se alinea con Trump y no reconoce la victoria de Biden"}]},{"@type":"WebSite","@id":"https:\/\/hotnewsinworld.com\/es\/#website","url":"https:\/\/hotnewsinworld.com\/es\/","name":"Hot News in World","description":"Hot News in World from Spain","potentialAction":[{"@type":"SearchAction","target":{"@type":"EntryPoint","urlTemplate":"https:\/\/hotnewsinworld.com\/es\/?s={search_term_string}"},"query-input":{"@type":"PropertyValueSpecification","valueRequired":true,"valueName":"search_term_string"}}],"inLanguage":"es"},{"@type":"Person","@id":"https:\/\/hotnewsinworld.com\/es\/#\/schema\/person\/fe61448b21c0d59086e75fcc1f9d8f6b","name":"hotnewsinworld","image":{"@type":"ImageObject","inLanguage":"es","@id":"https:\/\/secure.gravatar.com\/avatar\/8a09ac165600ce2e1c38fe593c63928eb1e6e7ba5c5a907d67787c41b3d00c14?s=96&d=mm&r=g","url":"https:\/\/secure.gravatar.com\/avatar\/8a09ac165600ce2e1c38fe593c63928eb1e6e7ba5c5a907d67787c41b3d00c14?s=96&d=mm&r=g","contentUrl":"https:\/\/secure.gravatar.com\/avatar\/8a09ac165600ce2e1c38fe593c63928eb1e6e7ba5c5a907d67787c41b3d00c14?s=96&d=mm&r=g","caption":"hotnewsinworld"},"url":"https:\/\/hotnewsinworld.com\/es\/author\/pt\/"}]}},"_links":{"self":[{"href":"https:\/\/hotnewsinworld.com\/es\/wp-json\/wp\/v2\/posts\/669","targetHints":{"allow":["GET"]}}],"collection":[{"href":"https:\/\/hotnewsinworld.com\/es\/wp-json\/wp\/v2\/posts"}],"about":[{"href":"https:\/\/hotnewsinworld.com\/es\/wp-json\/wp\/v2\/types\/post"}],"author":[{"embeddable":true,"href":"https:\/\/hotnewsinworld.com\/es\/wp-json\/wp\/v2\/users\/2"}],"replies":[{"embeddable":true,"href":"https:\/\/hotnewsinworld.com\/es\/wp-json\/wp\/v2\/comments?post=669"}],"version-history":[{"count":1,"href":"https:\/\/hotnewsinworld.com\/es\/wp-json\/wp\/v2\/posts\/669\/revisions"}],"predecessor-version":[{"id":671,"href":"https:\/\/hotnewsinworld.com\/es\/wp-json\/wp\/v2\/posts\/669\/revisions\/671"}],"wp:featuredmedia":[{"embeddable":true,"href":"https:\/\/hotnewsinworld.com\/es\/wp-json\/wp\/v2\/media\/670"}],"wp:attachment":[{"href":"https:\/\/hotnewsinworld.com\/es\/wp-json\/wp\/v2\/media?parent=669"}],"wp:term":[{"taxonomy":"category","embeddable":true,"href":"https:\/\/hotnewsinworld.com\/es\/wp-json\/wp\/v2\/categories?post=669"},{"taxonomy":"post_tag","embeddable":true,"href":"https:\/\/hotnewsinworld.com\/es\/wp-json\/wp\/v2\/tags?post=669"}],"curies":[{"name":"wp","href":"https:\/\/api.w.org\/{rel}","templated":true}]}}