{"id":675,"date":"2020-11-11T00:54:59","date_gmt":"2020-11-10T21:54:59","guid":{"rendered":"https:\/\/hotnewsinworld.com\/es\/muere-jordi-llopart-legendario-marchador-espanol-subcampeon-olimpico-en-1980-y-campeon-de-europa-en-1978\/"},"modified":"2020-11-11T00:55:01","modified_gmt":"2020-11-10T21:55:01","slug":"muere-jordi-llopart-legendario-marchador-espanol-subcampeon-olimpico-en-1980-y-campeon-de-europa-en-1978","status":"publish","type":"post","link":"https:\/\/hotnewsinworld.com\/es\/muere-jordi-llopart-legendario-marchador-espanol-subcampeon-olimpico-en-1980-y-campeon-de-europa-en-1978\/","title":{"rendered":"Muere Jordi Llopart, legendario marchador espa\u00f1ol, subcampe\u00f3n ol\u00edmpico en 1980 y campe\u00f3n de Europa en 1978"},"content":{"rendered":"<p>El atleta espa\u00f1ol Jordi Llopart.Servicio Ilustrado (Autom\u00e1tico)  \/ Europa PressJordi Llopart, que en Mosc\u00fa 1980 logr\u00f3 la plata en los 50 kil\u00f3metros marcha -la primera medalla del atletismo espa\u00f1ol en unos Juegos Ol\u00edmpicos- y fue campe\u00f3n de Europa de la distancia en Praga 1978, falleci\u00f3 este martes a los 68 a\u00f1os, inform\u00f3 en las redes sociales Ram\u00f3n Cid, exdirector t\u00e9cnico de la Real Federaci\u00f3n Espa\u00f1ola de Atletismo. Llopart, pionero de la marcha espa\u00f1ola junto con Josep Mar\u00edn, naci\u00f3 el 5 de mayo de 1952 en El Prat de Llobregat (Barcelona). Compiti\u00f3 en tres ediciones de los Juegos Ol\u00edmpicos: Mosc\u00fa 80, Los \u00c1ngeles 84 y Se\u00fal 88. Era adem\u00e1s asistente t\u00e9cnico sanitario (1970-74), diplomado en Turismo y curs\u00f3 estudios de oficial de Artes Gr\u00e1ficas. Trabaj\u00f3 como auxiliar administrativo en el negociado de Hacienda del Ayuntamiento de Prat de Llobregat (1976-83), en el que estuvo en excedencia durante su etapa dedicada al atletismo.Siempre milit\u00f3 en el Grupo Cultural Deportivo La Seda y su entrenador fue su padre, Moises Llopart, exceptuando las dos etapas en las que lo dirigi\u00f3 en M\u00e9xico el polaco Jerzy Hausleberg. Comenz\u00f3 a practicar atletismo en 1965, en un principio en pruebas de cross. En 1976 se proclam\u00f3 por primera vez campe\u00f3n de Espa\u00f1a en la prueba de los 20 kms en pista y dos a\u00f1os despu\u00e9s se anot\u00f3 su primer t\u00edtulo nacional de los 50 kil\u00f3metros, que revalid\u00f3 en las ediciones de 1979, 1981, 1985, 1986, 1989 1990 y 1991. En esta \u00faltima distancia fue plusmarquista nacional tanto en pista como en ruta, que logr\u00f3 el 28 de mayo de 1981 en la localidad noruega de Bergen y que tambi\u00e9n fue r\u00e9cord de Europa.En la cita de Mosc\u00fa 1980 logr\u00f3 la plata en los 50 kil\u00f3metros marcha. Era la primera vez que un atleta espa\u00f1ol sub\u00eda al podio en una cita ol\u00edmpica. En Los \u00c1ngeles&#8217;84 fue s\u00e9ptimo, y en Se\u00fal&#8217;88, decimotercero. Tambi\u00e9n particip\u00f3 en tres Mundiales, siempre en los 50 kil\u00f3metros marcha. Fue en los de Helsinki&#8217;83, Roma&#8217;87 y Tokio&#8217;91, con discretos resultados. Intervino en cuatro Campeonatos de Europa, entre 1978 y 1990, y logr\u00f3 el oro el 2 de septiembre de 1978 en Praga -primera medalla de oro de un atleta espa\u00f1ol-, el sexto lugar en Atenas 82 y el noveno en los de Stuttgart&#8217;86. Adem\u00e1s, disput\u00f3 trece Copas del Mundo (1973-91).Se retir\u00f3 de la competici\u00f3n despu\u00e9s de la cuarta posici\u00f3n en el Campeonato de Espa\u00f1a de marcha, en marzo de 1992 en Badalona, con lo que se qued\u00f3 fuera del equipo ol\u00edmpico para Barcelona 92. Comenz\u00f3 entonces su etapa como entrenador, en la que tuvo como pupilos a Daniel Plaza -campe\u00f3n ol\u00edmpico en Barcelona&#8217;92-, Basilio Labrador, Jes\u00fas \u00c1ngel Garc\u00eda Bragado -campe\u00f3n del mundo 1993 y subcampe\u00f3n en 1997 y 2001-, Teresa Linares, la polaca nacionalizada espa\u00f1ola Beata Betlej y varios marchadores japoneses.Adem\u00e1s, fue presidente de la Asociaci\u00f3n Catalana de Deportistas contra la Droga y desde enero de 1993 asesor de la Federaci\u00f3n Espa\u00f1ola en la categor\u00eda de marcha, organizaci\u00f3n en la que fue seleccionador nacional femenino en los noventa. Entre noviembre de 2005 y noviembre de 2008 fue secretario t\u00e9cnico a la secci\u00f3n de atletismo del FC Barcelona. En esta \u00faltima fecha fue contratado como coordinador t\u00e9cnico por M\u00e9xico, por mediaci\u00f3n de Hausleberg, para potenciar a sus marchadores para el ciclo ol\u00edmpico 2008-12.Tras esta experiencia, que finaliz\u00f3 en diciembre de 2012, qued\u00f3 en el paro y desde entonces sufri\u00f3 penurias econ\u00f3micas, recibiendo el subsidio de desempleo de 426 euros y una ayuda temporal que le dio el Comit\u00e9 Ol\u00edmpico Espa\u00f1ol a trav\u00e9s de un programa para atletas, as\u00ed como la recibida por el Centro de Alto Rendimiento de Sant Cugat y del Ayuntamiento de Calella.Durante unos meses en 2015 trabaj\u00f3 como asesor de Fitwalking (caminar para la salud) en la empresa de nutrici\u00f3n espa\u00f1ola Bluebonnet. Adem\u00e1s, cre\u00f3 en 2011 en Canet de Mar la \u201cEscuela para caminar\u201d. Tambi\u00e9n, era desde 2015 asesor t\u00e9cnico del equipo japon\u00e9s de marcha. Estaba en posesi\u00f3n del \u201cYa de oro\u201d a los valores humanos de 1980, de la insignia de oro de la Federaci\u00f3n Espa\u00f1ola de Atletismo (1993), de la medalla de plata de la Real Orden al M\u00e9rito Deportivo (1994) y de la Orden Ol\u00edmpica del COI (2000).Estaba casado en segundas nupcias con la exmarchadora lituana Sonata Milusaiskaite, a la que tambi\u00e9n entren\u00f3 y con la que ha tenido dos hijas (Karina y Victoria). En diciembre de 1979 se hab\u00eda casado con Mar\u00eda del Carmen, con la que tuvo dos hijas. El marchador Diego Garc\u00eda, subcampe\u00f3n de Europa de 20 km marcha, afirmas en las redes sociales que \u201ccon Jordi Llopart empez\u00f3 todo\u201d. \u201cSi hoy algunos nos podemos dedicar a esto es, en gran medida, porque Jordi le allan\u00f3 el camino a la marcha espa\u00f1ola\u201d. Para el presidente de la RFEA, Ra\u00fal Chapado, la muerte de Llopart es una \u201cdolorosa y terrible noticia\u201d. El propio Ram\u00f3n Cid asegura que Jordi Llopart era un \u201cpionero y grande entre los grandes\u201d.<br \/>\n<br \/>\n<!--noindex--><br \/>\n<a href=\"https:\/\/elpais.com\/deportes\/2020-11-10\/muere-jordi-llopart-legendario-marchador-espanol-subcampeon-olimpico-en-1980-y-campeon-de-europa-en-1978.html\" rel=\"nofollow\">Source link <\/a><br \/>\n<!--\/noindex--><\/p>\n","protected":false},"excerpt":{"rendered":"<p>El atleta espa\u00f1ol Jordi Llopart.Servicio Ilustrado (Autom\u00e1tico) \/ Europa PressJordi Llopart, que en Mosc\u00fa 1980 logr\u00f3 la plata en los 50 kil\u00f3metros marcha -la primera medalla del atletismo espa\u00f1ol en unos Juegos Ol\u00edmpicos- y fue campe\u00f3n de Europa de la distancia en Praga 1978, falleci\u00f3 este martes a los 68 a\u00f1os, inform\u00f3 en las redes [&hellip;]<\/p>\n","protected":false},"author":2,"featured_media":676,"comment_status":"open","ping_status":"open","sticky":false,"template":"","format":"standard","meta":{"footnotes":""},"categories":[3],"tags":[],"class_list":["post-675","post","type-post","status-publish","format-standard","has-post-thumbnail","hentry","category-noticias-de-medios-sociales"],"yoast_head":"<!-- This site is optimized with the Yoast SEO plugin v27.4 - https:\/\/yoast.com\/product\/yoast-seo-wordpress\/ -->\n<title>Muere Jordi Llopart, legendario marchador espa\u00f1ol, subcampe\u00f3n ol\u00edmpico en 1980 y campe\u00f3n de Europa en 1978 - Hot News in World<\/title>\n<meta name=\"robots\" content=\"index, follow, max-snippet:-1, max-image-preview:large, max-video-preview:-1\" \/>\n<link rel=\"canonical\" href=\"https:\/\/hotnewsinworld.com\/es\/muere-jordi-llopart-legendario-marchador-espanol-subcampeon-olimpico-en-1980-y-campeon-de-europa-en-1978\/\" \/>\n<meta property=\"og:locale\" content=\"es_ES\" \/>\n<meta property=\"og:type\" content=\"article\" \/>\n<meta property=\"og:title\" content=\"Muere Jordi Llopart, legendario marchador espa\u00f1ol, subcampe\u00f3n ol\u00edmpico en 1980 y campe\u00f3n de Europa en 1978 - Hot News in World\" \/>\n<meta property=\"og:description\" content=\"El atleta espa\u00f1ol Jordi Llopart.Servicio Ilustrado (Autom\u00e1tico) \/ Europa PressJordi Llopart, que en Mosc\u00fa 1980 logr\u00f3 la plata en los 50 kil\u00f3metros marcha -la primera medalla del atletismo espa\u00f1ol en unos Juegos Ol\u00edmpicos- y fue campe\u00f3n de Europa de la distancia en Praga 1978, falleci\u00f3 este martes a los 68 a\u00f1os, inform\u00f3 en las redes [&hellip;]\" \/>\n<meta property=\"og:url\" content=\"https:\/\/hotnewsinworld.com\/es\/muere-jordi-llopart-legendario-marchador-espanol-subcampeon-olimpico-en-1980-y-campeon-de-europa-en-1978\/\" \/>\n<meta property=\"og:site_name\" content=\"Hot News in World\" \/>\n<meta property=\"article:published_time\" content=\"2020-11-10T21:54:59+00:00\" \/>\n<meta property=\"article:modified_time\" content=\"2020-11-10T21:55:01+00:00\" \/>\n<meta property=\"og:image\" content=\"https:\/\/hotnewsinworld.com\/es\/wp-content\/uploads\/sites\/4\/2020\/11\/Muere-Jordi-Llopart-legendario-marchador-espanol-subcampeon-olimpico-en-1980.jpg\" \/>\n\t<meta property=\"og:image:width\" content=\"349\" \/>\n\t<meta property=\"og:image:height\" content=\"312\" \/>\n\t<meta property=\"og:image:type\" content=\"image\/jpeg\" \/>\n<meta name=\"author\" content=\"hotnewsinworld\" \/>\n<meta name=\"twitter:card\" content=\"summary_large_image\" \/>\n<meta name=\"twitter:label1\" content=\"Escrito por\" \/>\n\t<meta name=\"twitter:data1\" content=\"hotnewsinworld\" \/>\n\t<meta name=\"twitter:label2\" content=\"Tiempo de lectura\" \/>\n\t<meta name=\"twitter:data2\" content=\"4 minutos\" \/>\n<script type=\"application\/ld+json\" class=\"yoast-schema-graph\">{\"@context\":\"https:\\\/\\\/schema.org\",\"@graph\":[{\"@type\":\"Article\",\"@id\":\"https:\\\/\\\/hotnewsinworld.com\\\/es\\\/muere-jordi-llopart-legendario-marchador-espanol-subcampeon-olimpico-en-1980-y-campeon-de-europa-en-1978\\\/#article\",\"isPartOf\":{\"@id\":\"https:\\\/\\\/hotnewsinworld.com\\\/es\\\/muere-jordi-llopart-legendario-marchador-espanol-subcampeon-olimpico-en-1980-y-campeon-de-europa-en-1978\\\/\"},\"author\":{\"name\":\"hotnewsinworld\",\"@id\":\"https:\\\/\\\/hotnewsinworld.com\\\/es\\\/#\\\/schema\\\/person\\\/fe61448b21c0d59086e75fcc1f9d8f6b\"},\"headline\":\"Muere Jordi Llopart, legendario marchador espa\u00f1ol, subcampe\u00f3n ol\u00edmpico en 1980 y campe\u00f3n de Europa en 1978\",\"datePublished\":\"2020-11-10T21:54:59+00:00\",\"dateModified\":\"2020-11-10T21:55:01+00:00\",\"mainEntityOfPage\":{\"@id\":\"https:\\\/\\\/hotnewsinworld.com\\\/es\\\/muere-jordi-llopart-legendario-marchador-espanol-subcampeon-olimpico-en-1980-y-campeon-de-europa-en-1978\\\/\"},\"wordCount\":883,\"commentCount\":0,\"image\":{\"@id\":\"https:\\\/\\\/hotnewsinworld.com\\\/es\\\/muere-jordi-llopart-legendario-marchador-espanol-subcampeon-olimpico-en-1980-y-campeon-de-europa-en-1978\\\/#primaryimage\"},\"thumbnailUrl\":\"https:\\\/\\\/hotnewsinworld.com\\\/es\\\/wp-content\\\/uploads\\\/sites\\\/4\\\/2020\\\/11\\\/Muere-Jordi-Llopart-legendario-marchador-espanol-subcampeon-olimpico-en-1980.jpg\",\"articleSection\":[\"NOTICIAS DE MEDIOS SOCIALES\"],\"inLanguage\":\"es\",\"potentialAction\":[{\"@type\":\"CommentAction\",\"name\":\"Comment\",\"target\":[\"https:\\\/\\\/hotnewsinworld.com\\\/es\\\/muere-jordi-llopart-legendario-marchador-espanol-subcampeon-olimpico-en-1980-y-campeon-de-europa-en-1978\\\/#respond\"]}]},{\"@type\":\"WebPage\",\"@id\":\"https:\\\/\\\/hotnewsinworld.com\\\/es\\\/muere-jordi-llopart-legendario-marchador-espanol-subcampeon-olimpico-en-1980-y-campeon-de-europa-en-1978\\\/\",\"url\":\"https:\\\/\\\/hotnewsinworld.com\\\/es\\\/muere-jordi-llopart-legendario-marchador-espanol-subcampeon-olimpico-en-1980-y-campeon-de-europa-en-1978\\\/\",\"name\":\"Muere Jordi Llopart, legendario marchador espa\u00f1ol, subcampe\u00f3n ol\u00edmpico en 1980 y campe\u00f3n de Europa en 1978 - Hot News in World\",\"isPartOf\":{\"@id\":\"https:\\\/\\\/hotnewsinworld.com\\\/es\\\/#website\"},\"primaryImageOfPage\":{\"@id\":\"https:\\\/\\\/hotnewsinworld.com\\\/es\\\/muere-jordi-llopart-legendario-marchador-espanol-subcampeon-olimpico-en-1980-y-campeon-de-europa-en-1978\\\/#primaryimage\"},\"image\":{\"@id\":\"https:\\\/\\\/hotnewsinworld.com\\\/es\\\/muere-jordi-llopart-legendario-marchador-espanol-subcampeon-olimpico-en-1980-y-campeon-de-europa-en-1978\\\/#primaryimage\"},\"thumbnailUrl\":\"https:\\\/\\\/hotnewsinworld.com\\\/es\\\/wp-content\\\/uploads\\\/sites\\\/4\\\/2020\\\/11\\\/Muere-Jordi-Llopart-legendario-marchador-espanol-subcampeon-olimpico-en-1980.jpg\",\"datePublished\":\"2020-11-10T21:54:59+00:00\",\"dateModified\":\"2020-11-10T21:55:01+00:00\",\"author\":{\"@id\":\"https:\\\/\\\/hotnewsinworld.com\\\/es\\\/#\\\/schema\\\/person\\\/fe61448b21c0d59086e75fcc1f9d8f6b\"},\"breadcrumb\":{\"@id\":\"https:\\\/\\\/hotnewsinworld.com\\\/es\\\/muere-jordi-llopart-legendario-marchador-espanol-subcampeon-olimpico-en-1980-y-campeon-de-europa-en-1978\\\/#breadcrumb\"},\"inLanguage\":\"es\",\"potentialAction\":[{\"@type\":\"ReadAction\",\"target\":[\"https:\\\/\\\/hotnewsinworld.com\\\/es\\\/muere-jordi-llopart-legendario-marchador-espanol-subcampeon-olimpico-en-1980-y-campeon-de-europa-en-1978\\\/\"]}]},{\"@type\":\"ImageObject\",\"inLanguage\":\"es\",\"@id\":\"https:\\\/\\\/hotnewsinworld.com\\\/es\\\/muere-jordi-llopart-legendario-marchador-espanol-subcampeon-olimpico-en-1980-y-campeon-de-europa-en-1978\\\/#primaryimage\",\"url\":\"https:\\\/\\\/hotnewsinworld.com\\\/es\\\/wp-content\\\/uploads\\\/sites\\\/4\\\/2020\\\/11\\\/Muere-Jordi-Llopart-legendario-marchador-espanol-subcampeon-olimpico-en-1980.jpg\",\"contentUrl\":\"https:\\\/\\\/hotnewsinworld.com\\\/es\\\/wp-content\\\/uploads\\\/sites\\\/4\\\/2020\\\/11\\\/Muere-Jordi-Llopart-legendario-marchador-espanol-subcampeon-olimpico-en-1980.jpg\",\"width\":349,\"height\":312,\"caption\":\"Muere Jordi Llopart, legendario marchador espa\u00f1ol, subcampe\u00f3n ol\u00edmpico en 1980 y campe\u00f3n de Europa en 1978\"},{\"@type\":\"BreadcrumbList\",\"@id\":\"https:\\\/\\\/hotnewsinworld.com\\\/es\\\/muere-jordi-llopart-legendario-marchador-espanol-subcampeon-olimpico-en-1980-y-campeon-de-europa-en-1978\\\/#breadcrumb\",\"itemListElement\":[{\"@type\":\"ListItem\",\"position\":1,\"name\":\"\u0413\u043b\u0430\u0432\u043d\u0430\u044f \u0441\u0442\u0440\u0430\u043d\u0438\u0446\u0430\",\"item\":\"https:\\\/\\\/hotnewsinworld.com\\\/es\\\/\"},{\"@type\":\"ListItem\",\"position\":2,\"name\":\"Muere Jordi Llopart, legendario marchador espa\u00f1ol, subcampe\u00f3n ol\u00edmpico en 1980 y campe\u00f3n de Europa en 1978\"}]},{\"@type\":\"WebSite\",\"@id\":\"https:\\\/\\\/hotnewsinworld.com\\\/es\\\/#website\",\"url\":\"https:\\\/\\\/hotnewsinworld.com\\\/es\\\/\",\"name\":\"Hot News in World\",\"description\":\"Hot News in World from Spain\",\"potentialAction\":[{\"@type\":\"SearchAction\",\"target\":{\"@type\":\"EntryPoint\",\"urlTemplate\":\"https:\\\/\\\/hotnewsinworld.com\\\/es\\\/?s={search_term_string}\"},\"query-input\":{\"@type\":\"PropertyValueSpecification\",\"valueRequired\":true,\"valueName\":\"search_term_string\"}}],\"inLanguage\":\"es\"},{\"@type\":\"Person\",\"@id\":\"https:\\\/\\\/hotnewsinworld.com\\\/es\\\/#\\\/schema\\\/person\\\/fe61448b21c0d59086e75fcc1f9d8f6b\",\"name\":\"hotnewsinworld\",\"image\":{\"@type\":\"ImageObject\",\"inLanguage\":\"es\",\"@id\":\"https:\\\/\\\/secure.gravatar.com\\\/avatar\\\/8a09ac165600ce2e1c38fe593c63928eb1e6e7ba5c5a907d67787c41b3d00c14?s=96&d=mm&r=g\",\"url\":\"https:\\\/\\\/secure.gravatar.com\\\/avatar\\\/8a09ac165600ce2e1c38fe593c63928eb1e6e7ba5c5a907d67787c41b3d00c14?s=96&d=mm&r=g\",\"contentUrl\":\"https:\\\/\\\/secure.gravatar.com\\\/avatar\\\/8a09ac165600ce2e1c38fe593c63928eb1e6e7ba5c5a907d67787c41b3d00c14?s=96&d=mm&r=g\",\"caption\":\"hotnewsinworld\"},\"url\":\"https:\\\/\\\/hotnewsinworld.com\\\/es\\\/author\\\/pt\\\/\"}]}<\/script>\n<!-- \/ Yoast SEO plugin. -->","yoast_head_json":{"title":"Muere Jordi Llopart, legendario marchador espa\u00f1ol, subcampe\u00f3n ol\u00edmpico en 1980 y campe\u00f3n de Europa en 1978 - Hot News in World","robots":{"index":"index","follow":"follow","max-snippet":"max-snippet:-1","max-image-preview":"max-image-preview:large","max-video-preview":"max-video-preview:-1"},"canonical":"https:\/\/hotnewsinworld.com\/es\/muere-jordi-llopart-legendario-marchador-espanol-subcampeon-olimpico-en-1980-y-campeon-de-europa-en-1978\/","og_locale":"es_ES","og_type":"article","og_title":"Muere Jordi Llopart, legendario marchador espa\u00f1ol, subcampe\u00f3n ol\u00edmpico en 1980 y campe\u00f3n de Europa en 1978 - Hot News in World","og_description":"El atleta espa\u00f1ol Jordi Llopart.Servicio Ilustrado (Autom\u00e1tico) \/ Europa PressJordi Llopart, que en Mosc\u00fa 1980 logr\u00f3 la plata en los 50 kil\u00f3metros marcha -la primera medalla del atletismo espa\u00f1ol en unos Juegos Ol\u00edmpicos- y fue campe\u00f3n de Europa de la distancia en Praga 1978, falleci\u00f3 este martes a los 68 a\u00f1os, inform\u00f3 en las redes [&hellip;]","og_url":"https:\/\/hotnewsinworld.com\/es\/muere-jordi-llopart-legendario-marchador-espanol-subcampeon-olimpico-en-1980-y-campeon-de-europa-en-1978\/","og_site_name":"Hot News in World","article_published_time":"2020-11-10T21:54:59+00:00","article_modified_time":"2020-11-10T21:55:01+00:00","og_image":[{"width":349,"height":312,"url":"https:\/\/hotnewsinworld.com\/es\/wp-content\/uploads\/sites\/4\/2020\/11\/Muere-Jordi-Llopart-legendario-marchador-espanol-subcampeon-olimpico-en-1980.jpg","type":"image\/jpeg"}],"author":"hotnewsinworld","twitter_card":"summary_large_image","twitter_misc":{"Escrito por":"hotnewsinworld","Tiempo de lectura":"4 minutos"},"schema":{"@context":"https:\/\/schema.org","@graph":[{"@type":"Article","@id":"https:\/\/hotnewsinworld.com\/es\/muere-jordi-llopart-legendario-marchador-espanol-subcampeon-olimpico-en-1980-y-campeon-de-europa-en-1978\/#article","isPartOf":{"@id":"https:\/\/hotnewsinworld.com\/es\/muere-jordi-llopart-legendario-marchador-espanol-subcampeon-olimpico-en-1980-y-campeon-de-europa-en-1978\/"},"author":{"name":"hotnewsinworld","@id":"https:\/\/hotnewsinworld.com\/es\/#\/schema\/person\/fe61448b21c0d59086e75fcc1f9d8f6b"},"headline":"Muere Jordi Llopart, legendario marchador espa\u00f1ol, subcampe\u00f3n ol\u00edmpico en 1980 y campe\u00f3n de Europa en 1978","datePublished":"2020-11-10T21:54:59+00:00","dateModified":"2020-11-10T21:55:01+00:00","mainEntityOfPage":{"@id":"https:\/\/hotnewsinworld.com\/es\/muere-jordi-llopart-legendario-marchador-espanol-subcampeon-olimpico-en-1980-y-campeon-de-europa-en-1978\/"},"wordCount":883,"commentCount":0,"image":{"@id":"https:\/\/hotnewsinworld.com\/es\/muere-jordi-llopart-legendario-marchador-espanol-subcampeon-olimpico-en-1980-y-campeon-de-europa-en-1978\/#primaryimage"},"thumbnailUrl":"https:\/\/hotnewsinworld.com\/es\/wp-content\/uploads\/sites\/4\/2020\/11\/Muere-Jordi-Llopart-legendario-marchador-espanol-subcampeon-olimpico-en-1980.jpg","articleSection":["NOTICIAS DE MEDIOS SOCIALES"],"inLanguage":"es","potentialAction":[{"@type":"CommentAction","name":"Comment","target":["https:\/\/hotnewsinworld.com\/es\/muere-jordi-llopart-legendario-marchador-espanol-subcampeon-olimpico-en-1980-y-campeon-de-europa-en-1978\/#respond"]}]},{"@type":"WebPage","@id":"https:\/\/hotnewsinworld.com\/es\/muere-jordi-llopart-legendario-marchador-espanol-subcampeon-olimpico-en-1980-y-campeon-de-europa-en-1978\/","url":"https:\/\/hotnewsinworld.com\/es\/muere-jordi-llopart-legendario-marchador-espanol-subcampeon-olimpico-en-1980-y-campeon-de-europa-en-1978\/","name":"Muere Jordi Llopart, legendario marchador espa\u00f1ol, subcampe\u00f3n ol\u00edmpico en 1980 y campe\u00f3n de Europa en 1978 - Hot News in World","isPartOf":{"@id":"https:\/\/hotnewsinworld.com\/es\/#website"},"primaryImageOfPage":{"@id":"https:\/\/hotnewsinworld.com\/es\/muere-jordi-llopart-legendario-marchador-espanol-subcampeon-olimpico-en-1980-y-campeon-de-europa-en-1978\/#primaryimage"},"image":{"@id":"https:\/\/hotnewsinworld.com\/es\/muere-jordi-llopart-legendario-marchador-espanol-subcampeon-olimpico-en-1980-y-campeon-de-europa-en-1978\/#primaryimage"},"thumbnailUrl":"https:\/\/hotnewsinworld.com\/es\/wp-content\/uploads\/sites\/4\/2020\/11\/Muere-Jordi-Llopart-legendario-marchador-espanol-subcampeon-olimpico-en-1980.jpg","datePublished":"2020-11-10T21:54:59+00:00","dateModified":"2020-11-10T21:55:01+00:00","author":{"@id":"https:\/\/hotnewsinworld.com\/es\/#\/schema\/person\/fe61448b21c0d59086e75fcc1f9d8f6b"},"breadcrumb":{"@id":"https:\/\/hotnewsinworld.com\/es\/muere-jordi-llopart-legendario-marchador-espanol-subcampeon-olimpico-en-1980-y-campeon-de-europa-en-1978\/#breadcrumb"},"inLanguage":"es","potentialAction":[{"@type":"ReadAction","target":["https:\/\/hotnewsinworld.com\/es\/muere-jordi-llopart-legendario-marchador-espanol-subcampeon-olimpico-en-1980-y-campeon-de-europa-en-1978\/"]}]},{"@type":"ImageObject","inLanguage":"es","@id":"https:\/\/hotnewsinworld.com\/es\/muere-jordi-llopart-legendario-marchador-espanol-subcampeon-olimpico-en-1980-y-campeon-de-europa-en-1978\/#primaryimage","url":"https:\/\/hotnewsinworld.com\/es\/wp-content\/uploads\/sites\/4\/2020\/11\/Muere-Jordi-Llopart-legendario-marchador-espanol-subcampeon-olimpico-en-1980.jpg","contentUrl":"https:\/\/hotnewsinworld.com\/es\/wp-content\/uploads\/sites\/4\/2020\/11\/Muere-Jordi-Llopart-legendario-marchador-espanol-subcampeon-olimpico-en-1980.jpg","width":349,"height":312,"caption":"Muere Jordi Llopart, legendario marchador espa\u00f1ol, subcampe\u00f3n ol\u00edmpico en 1980 y campe\u00f3n de Europa en 1978"},{"@type":"BreadcrumbList","@id":"https:\/\/hotnewsinworld.com\/es\/muere-jordi-llopart-legendario-marchador-espanol-subcampeon-olimpico-en-1980-y-campeon-de-europa-en-1978\/#breadcrumb","itemListElement":[{"@type":"ListItem","position":1,"name":"\u0413\u043b\u0430\u0432\u043d\u0430\u044f \u0441\u0442\u0440\u0430\u043d\u0438\u0446\u0430","item":"https:\/\/hotnewsinworld.com\/es\/"},{"@type":"ListItem","position":2,"name":"Muere Jordi Llopart, legendario marchador espa\u00f1ol, subcampe\u00f3n ol\u00edmpico en 1980 y campe\u00f3n de Europa en 1978"}]},{"@type":"WebSite","@id":"https:\/\/hotnewsinworld.com\/es\/#website","url":"https:\/\/hotnewsinworld.com\/es\/","name":"Hot News in World","description":"Hot News in World from Spain","potentialAction":[{"@type":"SearchAction","target":{"@type":"EntryPoint","urlTemplate":"https:\/\/hotnewsinworld.com\/es\/?s={search_term_string}"},"query-input":{"@type":"PropertyValueSpecification","valueRequired":true,"valueName":"search_term_string"}}],"inLanguage":"es"},{"@type":"Person","@id":"https:\/\/hotnewsinworld.com\/es\/#\/schema\/person\/fe61448b21c0d59086e75fcc1f9d8f6b","name":"hotnewsinworld","image":{"@type":"ImageObject","inLanguage":"es","@id":"https:\/\/secure.gravatar.com\/avatar\/8a09ac165600ce2e1c38fe593c63928eb1e6e7ba5c5a907d67787c41b3d00c14?s=96&d=mm&r=g","url":"https:\/\/secure.gravatar.com\/avatar\/8a09ac165600ce2e1c38fe593c63928eb1e6e7ba5c5a907d67787c41b3d00c14?s=96&d=mm&r=g","contentUrl":"https:\/\/secure.gravatar.com\/avatar\/8a09ac165600ce2e1c38fe593c63928eb1e6e7ba5c5a907d67787c41b3d00c14?s=96&d=mm&r=g","caption":"hotnewsinworld"},"url":"https:\/\/hotnewsinworld.com\/es\/author\/pt\/"}]}},"_links":{"self":[{"href":"https:\/\/hotnewsinworld.com\/es\/wp-json\/wp\/v2\/posts\/675","targetHints":{"allow":["GET"]}}],"collection":[{"href":"https:\/\/hotnewsinworld.com\/es\/wp-json\/wp\/v2\/posts"}],"about":[{"href":"https:\/\/hotnewsinworld.com\/es\/wp-json\/wp\/v2\/types\/post"}],"author":[{"embeddable":true,"href":"https:\/\/hotnewsinworld.com\/es\/wp-json\/wp\/v2\/users\/2"}],"replies":[{"embeddable":true,"href":"https:\/\/hotnewsinworld.com\/es\/wp-json\/wp\/v2\/comments?post=675"}],"version-history":[{"count":1,"href":"https:\/\/hotnewsinworld.com\/es\/wp-json\/wp\/v2\/posts\/675\/revisions"}],"predecessor-version":[{"id":677,"href":"https:\/\/hotnewsinworld.com\/es\/wp-json\/wp\/v2\/posts\/675\/revisions\/677"}],"wp:featuredmedia":[{"embeddable":true,"href":"https:\/\/hotnewsinworld.com\/es\/wp-json\/wp\/v2\/media\/676"}],"wp:attachment":[{"href":"https:\/\/hotnewsinworld.com\/es\/wp-json\/wp\/v2\/media?parent=675"}],"wp:term":[{"taxonomy":"category","embeddable":true,"href":"https:\/\/hotnewsinworld.com\/es\/wp-json\/wp\/v2\/categories?post=675"},{"taxonomy":"post_tag","embeddable":true,"href":"https:\/\/hotnewsinworld.com\/es\/wp-json\/wp\/v2\/tags?post=675"}],"curies":[{"name":"wp","href":"https:\/\/api.w.org\/{rel}","templated":true}]}}