{"id":695,"date":"2020-11-12T15:15:39","date_gmt":"2020-11-12T12:15:39","guid":{"rendered":"https:\/\/hotnewsinworld.com\/es\/la-cumbre-entre-la-ue-y-china-evidencia-la-distancia-politica-y-economica-entre-los-dos-bloques\/"},"modified":"2020-11-12T15:15:41","modified_gmt":"2020-11-12T12:15:41","slug":"la-cumbre-entre-la-ue-y-china-evidencia-la-distancia-politica-y-economica-entre-los-dos-bloques","status":"publish","type":"post","link":"https:\/\/hotnewsinworld.com\/es\/la-cumbre-entre-la-ue-y-china-evidencia-la-distancia-politica-y-economica-entre-los-dos-bloques\/","title":{"rendered":"La cumbre entre la UE y China evidencia la distancia pol\u00edtica y econ\u00f3mica entre los dos bloques"},"content":{"rendered":"<p>El presidente del Consejo Europeo, Charles Michel, al comienzo de su participaci\u00f3n en la cumbre virtual UE-China.YVES HERMAN \/ AFPNi comunicado conjunto. Ni rueda de prensa compartida. Ni gestos de acercamiento. La cumbre entre la UE y China estuvo marcada por el distanciamiento digital que impone la pandemia pero, sobre todo, por la creciente brecha pol\u00edtica y comercial entre dos potencias que ven alejarse la posibilidad de pactar una alternativa al mundo unilateral de Donald Trump. Los l\u00edderes europeos expresaron a China sus \u201cgraves preocupaciones\u201d sobre la ley de seguridad nacional para Hong Kong. Pek\u00edn recurri\u00f3 a las buenas palabras y puso el acento en la cooperaci\u00f3n.La 22\u00aa cumbre deb\u00eda haberse celebrado el pasado mes de marzo, pero la extensi\u00f3n global de la pandemia oblig\u00f3 a cancelarla. Las relaciones entre ambas potencias desde entonces no han hecho sino deteriorarse. La Comisi\u00f3n Europea ha venido se\u00f1alando en las \u00faltimas semanas a Pek\u00edn como uno de los responsables de instigar los bulos que se han difundido mediante las redes sociales durante la crisis de la covid-19. El encuentro fue calificado de \u201cabierto\u201d, \u201csustantivo\u201d, \u201cintenso\u201d o \u201cfranco\u201d por la presidenta de la Comisi\u00f3n Europea, Ursula von der Leyen, y el jefe del Consejo Europeo, Charles Michel, que se reunieron de forma virtual con el presidente chino, Xi Jinping, y el primer ministro, Li Keqiang. A partir de ah\u00ed, la rueda de prensa de los dos l\u00edderes europeos evidenci\u00f3 la multitud de \u00e1mbitos en los que ambos bloques siguen distanci\u00e1ndose.Von der Leyen confirm\u00f3 las bajas expectativas sobre la reuni\u00f3n al calificarla como \u201csolo un punto de partida\u201d en el marco de una relaci\u00f3n que va a requerir de grandes dosis de \u201cconfianza\u201d y \u201creciprocidad\u201d. La presidenta asumi\u00f3 el an\u00e1lisis que el Ejecutivo de Jean-Claude Juncker hab\u00eda hecho de China. \u201cEs un socio negociador, un competidor econ\u00f3mico y un rival sist\u00e9mico\u201d, record\u00f3 la presidenta. La conciliaci\u00f3n de esos tres v\u00e9rtices de la relaci\u00f3n resulta cada vez m\u00e1s ardua, en especial con el deterioro del respeto a los derechos humanos. La UE ven\u00eda denunciando ya los abusos a las minor\u00edas uigur y tibetana o a los activistas por los derechos humanos. Este lunes pidi\u00f3 a China que \u201creconsiderara\u201d sus \u00faltimas decisiones respecto a Hong Kong. \u201cLa Uni\u00f3n Europea ha reiterado su grave preocupaci\u00f3n por las medidas adoptadas por China para imponer la legislaci\u00f3n de seguridad nacional en Hong Kong\u201d, sostuvo Michel. A su lado, Von der Leyen fue tajante: \u201cPara la UE, los derechos humanos y las libertades fundamentales no son negociables\u201d.Los l\u00edderes europeos tampoco apreciaron avances en el terreno econ\u00f3mico. A pesar de que las relaciones comerciales entre ambos bloques son cada vez m\u00e1s intensas, Bruselas y Pek\u00edn siguen sin ser capaces de alcanzar un acuerdo sobre inversiones tras seis a\u00f1os de negociaciones. Solo el a\u00f1o pasado, las importaciones chines a la UE alcanzaron los 362.000 millones de euros. En direcci\u00f3n contraria, las exportaciones europeas sumaron 198.000 millones.La cumbre prevista para septiembre en Leipzig (Alemania) podr\u00eda haber dado un impulso a ese pacto, pero sin ese encuentro en el calendario fuentes diplom\u00e1ticas dan por hecho que no ser\u00e1 posible cerrarlo en 2020. \u201cNecesitamos m\u00e1s ambici\u00f3n del lado chino para concluir las negociaciones sobre un acuerdo de inversi\u00f3n\u201d, admiti\u00f3 Von der Leyen.Un comunicado del Gobierno chino divulgado a \u00faltima hora de la noche en Pek\u00edn utilizaba un lenguaje m\u00e1s optimista, aunque deliberadamente vago. \u201cLos l\u00edderes apuntaron que las conversaciones han logrado progresos y reiteraron sus esfuerzos para cerrar un acuerdo este a\u00f1o\u201d, indica el texto. \u201cLos l\u00edderes de ambas partes esperan alcanzar un acuerdo ambicioso y de alto nivel, y se mostraron de acuerdo en acometer los mayores esfuerzos para alcanzar lo antes posible un consenso sobre las reglas de una libre competencia y otras \u00e1reas\u201d.El cierre de ese pacto, sin embargo, requiere muchos progresos en apenas seis meses. Michel ayer apenas desgran\u00f3 un pu\u00f1ado: Pek\u00edn debe permitir el acceso de las empresas europeas a sus mercados, dejar de dopar a sus empresas para sacarlas a competir en Europa, abrir sus sistemas de contrataci\u00f3n p\u00fablica, garantizar un terreno de juego nivelado o dotar de transparencia a la transferencia tecnol\u00f3gica de Europa a su pa\u00eds. \u201cSeguimos teniendo una relaci\u00f3n comercial y de inversi\u00f3n desequilibrada. No hemos logrado el progreso que persegu\u00edamos en la declaraci\u00f3n de la cumbre del a\u00f1o pasado\u201d, concluy\u00f3 la presidenta de la Comisi\u00f3n.Acuerdos para el multilateralismoBruselas necesita de China para restablecer el mundo multilateral que Donald Trump ha ido erosionando. La Comisi\u00f3n volvi\u00f3 a requerirle su compromiso para reformar la Organizaci\u00f3n Mundial del Comercio, preservar los Acuerdos de Par\u00eds o pactar un nuevo r\u00e9gimen mundial de ayudas de Estado. Tambi\u00e9n el acuerdo nuclear con Ir\u00e1n depende en gran medida de ese v\u00ednculo. El primer ministro chino, seg\u00fan la versi\u00f3n de los medios de su pa\u00eds, se mostr\u00f3 favorable a la colaboraci\u00f3n en la OMC y en la lucha contra el cambio clim\u00e1tico. Tambi\u00e9n para mantener la estabilidad en las cadenas globales de suministro, de modo que se minimice el impacto del coronavirus en la econom\u00eda mundial. Sin embargo, la UE y China siguen sin poder \u201creequilibrar\u201d, en palabras de Michel, sus relaciones comerciales. Para ello, Bruselas piensa rearmarse con herramientas que le permitan analizar e incluso vetar adquisiciones de empresas chinas subvencionadas en Europa o privarlas de participar en concursos p\u00fablicos. Esa posibilidad era vista con recelos tanto por el norte, reacio a limitar el libre comercio, como el sur, receptor de inversi\u00f3n china. Sin embargo, fuentes diplom\u00e1ticas coinciden en que los Veintisiete van convergiendo a una posici\u00f3n cada vez \u201cm\u00e1s un\u00edsona\u201d y \u201cmenos ingenua\u201d al respecto.<br \/>\n<br \/>\n<!--noindex--><br \/>\n<a href=\"https:\/\/elpais.com\/internacional\/2020-06-22\/la-cumbre-entre-la-ue-y-china-evidencia-la-distancia-politica-y-economica-entre-los-dos-bloques.html\" rel=\"nofollow\">Source link <\/a><br \/>\n<!--\/noindex--><\/p>\n","protected":false},"excerpt":{"rendered":"<p>El presidente del Consejo Europeo, Charles Michel, al comienzo de su participaci\u00f3n en la cumbre virtual UE-China.YVES HERMAN \/ AFPNi comunicado conjunto. Ni rueda de prensa compartida. Ni gestos de acercamiento. La cumbre entre la UE y China estuvo marcada por el distanciamiento digital que impone la pandemia pero, sobre todo, por la creciente brecha [&hellip;]<\/p>\n","protected":false},"author":2,"featured_media":696,"comment_status":"open","ping_status":"open","sticky":false,"template":"","format":"standard","meta":{"footnotes":""},"categories":[3],"tags":[],"class_list":["post-695","post","type-post","status-publish","format-standard","has-post-thumbnail","hentry","category-noticias-de-medios-sociales"],"yoast_head":"<!-- This site is optimized with the Yoast SEO plugin v27.4 - https:\/\/yoast.com\/product\/yoast-seo-wordpress\/ -->\n<title>La cumbre entre la UE y China evidencia la distancia pol\u00edtica y econ\u00f3mica entre los dos bloques - Hot News in World<\/title>\n<meta name=\"robots\" content=\"index, follow, max-snippet:-1, max-image-preview:large, max-video-preview:-1\" \/>\n<link rel=\"canonical\" href=\"https:\/\/hotnewsinworld.com\/es\/la-cumbre-entre-la-ue-y-china-evidencia-la-distancia-politica-y-economica-entre-los-dos-bloques\/\" \/>\n<meta property=\"og:locale\" content=\"es_ES\" \/>\n<meta property=\"og:type\" content=\"article\" \/>\n<meta property=\"og:title\" content=\"La cumbre entre la UE y China evidencia la distancia pol\u00edtica y econ\u00f3mica entre los dos bloques - Hot News in World\" \/>\n<meta property=\"og:description\" content=\"El presidente del Consejo Europeo, Charles Michel, al comienzo de su participaci\u00f3n en la cumbre virtual UE-China.YVES HERMAN \/ AFPNi comunicado conjunto. Ni rueda de prensa compartida. Ni gestos de acercamiento. La cumbre entre la UE y China estuvo marcada por el distanciamiento digital que impone la pandemia pero, sobre todo, por la creciente brecha [&hellip;]\" \/>\n<meta property=\"og:url\" content=\"https:\/\/hotnewsinworld.com\/es\/la-cumbre-entre-la-ue-y-china-evidencia-la-distancia-politica-y-economica-entre-los-dos-bloques\/\" \/>\n<meta property=\"og:site_name\" content=\"Hot News in World\" \/>\n<meta property=\"article:published_time\" content=\"2020-11-12T12:15:39+00:00\" \/>\n<meta property=\"article:modified_time\" content=\"2020-11-12T12:15:41+00:00\" \/>\n<meta property=\"og:image\" content=\"https:\/\/hotnewsinworld.com\/es\/wp-content\/uploads\/sites\/4\/2020\/11\/La-cumbre-entre-la-UE-y-China-evidencia-la-distancia.jpg\" \/>\n\t<meta property=\"og:image:width\" content=\"1000\" \/>\n\t<meta property=\"og:image:height\" content=\"641\" \/>\n\t<meta property=\"og:image:type\" content=\"image\/jpeg\" \/>\n<meta name=\"author\" content=\"hotnewsinworld\" \/>\n<meta name=\"twitter:card\" content=\"summary_large_image\" \/>\n<meta name=\"twitter:label1\" content=\"Escrito por\" \/>\n\t<meta name=\"twitter:data1\" content=\"hotnewsinworld\" \/>\n\t<meta name=\"twitter:label2\" content=\"Tiempo de lectura\" \/>\n\t<meta name=\"twitter:data2\" content=\"5 minutos\" \/>\n<script type=\"application\/ld+json\" class=\"yoast-schema-graph\">{\"@context\":\"https:\\\/\\\/schema.org\",\"@graph\":[{\"@type\":\"Article\",\"@id\":\"https:\\\/\\\/hotnewsinworld.com\\\/es\\\/la-cumbre-entre-la-ue-y-china-evidencia-la-distancia-politica-y-economica-entre-los-dos-bloques\\\/#article\",\"isPartOf\":{\"@id\":\"https:\\\/\\\/hotnewsinworld.com\\\/es\\\/la-cumbre-entre-la-ue-y-china-evidencia-la-distancia-politica-y-economica-entre-los-dos-bloques\\\/\"},\"author\":{\"name\":\"hotnewsinworld\",\"@id\":\"https:\\\/\\\/hotnewsinworld.com\\\/es\\\/#\\\/schema\\\/person\\\/fe61448b21c0d59086e75fcc1f9d8f6b\"},\"headline\":\"La cumbre entre la UE y China evidencia la distancia pol\u00edtica y econ\u00f3mica entre los dos bloques\",\"datePublished\":\"2020-11-12T12:15:39+00:00\",\"dateModified\":\"2020-11-12T12:15:41+00:00\",\"mainEntityOfPage\":{\"@id\":\"https:\\\/\\\/hotnewsinworld.com\\\/es\\\/la-cumbre-entre-la-ue-y-china-evidencia-la-distancia-politica-y-economica-entre-los-dos-bloques\\\/\"},\"wordCount\":1024,\"commentCount\":0,\"image\":{\"@id\":\"https:\\\/\\\/hotnewsinworld.com\\\/es\\\/la-cumbre-entre-la-ue-y-china-evidencia-la-distancia-politica-y-economica-entre-los-dos-bloques\\\/#primaryimage\"},\"thumbnailUrl\":\"https:\\\/\\\/hotnewsinworld.com\\\/es\\\/wp-content\\\/uploads\\\/sites\\\/4\\\/2020\\\/11\\\/La-cumbre-entre-la-UE-y-China-evidencia-la-distancia.jpg\",\"articleSection\":[\"NOTICIAS DE MEDIOS SOCIALES\"],\"inLanguage\":\"es\",\"potentialAction\":[{\"@type\":\"CommentAction\",\"name\":\"Comment\",\"target\":[\"https:\\\/\\\/hotnewsinworld.com\\\/es\\\/la-cumbre-entre-la-ue-y-china-evidencia-la-distancia-politica-y-economica-entre-los-dos-bloques\\\/#respond\"]}]},{\"@type\":\"WebPage\",\"@id\":\"https:\\\/\\\/hotnewsinworld.com\\\/es\\\/la-cumbre-entre-la-ue-y-china-evidencia-la-distancia-politica-y-economica-entre-los-dos-bloques\\\/\",\"url\":\"https:\\\/\\\/hotnewsinworld.com\\\/es\\\/la-cumbre-entre-la-ue-y-china-evidencia-la-distancia-politica-y-economica-entre-los-dos-bloques\\\/\",\"name\":\"La cumbre entre la UE y China evidencia la distancia pol\u00edtica y econ\u00f3mica entre los dos bloques - Hot News in World\",\"isPartOf\":{\"@id\":\"https:\\\/\\\/hotnewsinworld.com\\\/es\\\/#website\"},\"primaryImageOfPage\":{\"@id\":\"https:\\\/\\\/hotnewsinworld.com\\\/es\\\/la-cumbre-entre-la-ue-y-china-evidencia-la-distancia-politica-y-economica-entre-los-dos-bloques\\\/#primaryimage\"},\"image\":{\"@id\":\"https:\\\/\\\/hotnewsinworld.com\\\/es\\\/la-cumbre-entre-la-ue-y-china-evidencia-la-distancia-politica-y-economica-entre-los-dos-bloques\\\/#primaryimage\"},\"thumbnailUrl\":\"https:\\\/\\\/hotnewsinworld.com\\\/es\\\/wp-content\\\/uploads\\\/sites\\\/4\\\/2020\\\/11\\\/La-cumbre-entre-la-UE-y-China-evidencia-la-distancia.jpg\",\"datePublished\":\"2020-11-12T12:15:39+00:00\",\"dateModified\":\"2020-11-12T12:15:41+00:00\",\"author\":{\"@id\":\"https:\\\/\\\/hotnewsinworld.com\\\/es\\\/#\\\/schema\\\/person\\\/fe61448b21c0d59086e75fcc1f9d8f6b\"},\"breadcrumb\":{\"@id\":\"https:\\\/\\\/hotnewsinworld.com\\\/es\\\/la-cumbre-entre-la-ue-y-china-evidencia-la-distancia-politica-y-economica-entre-los-dos-bloques\\\/#breadcrumb\"},\"inLanguage\":\"es\",\"potentialAction\":[{\"@type\":\"ReadAction\",\"target\":[\"https:\\\/\\\/hotnewsinworld.com\\\/es\\\/la-cumbre-entre-la-ue-y-china-evidencia-la-distancia-politica-y-economica-entre-los-dos-bloques\\\/\"]}]},{\"@type\":\"ImageObject\",\"inLanguage\":\"es\",\"@id\":\"https:\\\/\\\/hotnewsinworld.com\\\/es\\\/la-cumbre-entre-la-ue-y-china-evidencia-la-distancia-politica-y-economica-entre-los-dos-bloques\\\/#primaryimage\",\"url\":\"https:\\\/\\\/hotnewsinworld.com\\\/es\\\/wp-content\\\/uploads\\\/sites\\\/4\\\/2020\\\/11\\\/La-cumbre-entre-la-UE-y-China-evidencia-la-distancia.jpg\",\"contentUrl\":\"https:\\\/\\\/hotnewsinworld.com\\\/es\\\/wp-content\\\/uploads\\\/sites\\\/4\\\/2020\\\/11\\\/La-cumbre-entre-la-UE-y-China-evidencia-la-distancia.jpg\",\"width\":1000,\"height\":641,\"caption\":\"La cumbre entre la UE y China evidencia la distancia pol\u00edtica y econ\u00f3mica entre los dos bloques\"},{\"@type\":\"BreadcrumbList\",\"@id\":\"https:\\\/\\\/hotnewsinworld.com\\\/es\\\/la-cumbre-entre-la-ue-y-china-evidencia-la-distancia-politica-y-economica-entre-los-dos-bloques\\\/#breadcrumb\",\"itemListElement\":[{\"@type\":\"ListItem\",\"position\":1,\"name\":\"\u0413\u043b\u0430\u0432\u043d\u0430\u044f \u0441\u0442\u0440\u0430\u043d\u0438\u0446\u0430\",\"item\":\"https:\\\/\\\/hotnewsinworld.com\\\/es\\\/\"},{\"@type\":\"ListItem\",\"position\":2,\"name\":\"La cumbre entre la UE y China evidencia la distancia pol\u00edtica y econ\u00f3mica entre los dos bloques\"}]},{\"@type\":\"WebSite\",\"@id\":\"https:\\\/\\\/hotnewsinworld.com\\\/es\\\/#website\",\"url\":\"https:\\\/\\\/hotnewsinworld.com\\\/es\\\/\",\"name\":\"Hot News in World\",\"description\":\"Hot News in World from Spain\",\"potentialAction\":[{\"@type\":\"SearchAction\",\"target\":{\"@type\":\"EntryPoint\",\"urlTemplate\":\"https:\\\/\\\/hotnewsinworld.com\\\/es\\\/?s={search_term_string}\"},\"query-input\":{\"@type\":\"PropertyValueSpecification\",\"valueRequired\":true,\"valueName\":\"search_term_string\"}}],\"inLanguage\":\"es\"},{\"@type\":\"Person\",\"@id\":\"https:\\\/\\\/hotnewsinworld.com\\\/es\\\/#\\\/schema\\\/person\\\/fe61448b21c0d59086e75fcc1f9d8f6b\",\"name\":\"hotnewsinworld\",\"image\":{\"@type\":\"ImageObject\",\"inLanguage\":\"es\",\"@id\":\"https:\\\/\\\/secure.gravatar.com\\\/avatar\\\/8a09ac165600ce2e1c38fe593c63928eb1e6e7ba5c5a907d67787c41b3d00c14?s=96&d=mm&r=g\",\"url\":\"https:\\\/\\\/secure.gravatar.com\\\/avatar\\\/8a09ac165600ce2e1c38fe593c63928eb1e6e7ba5c5a907d67787c41b3d00c14?s=96&d=mm&r=g\",\"contentUrl\":\"https:\\\/\\\/secure.gravatar.com\\\/avatar\\\/8a09ac165600ce2e1c38fe593c63928eb1e6e7ba5c5a907d67787c41b3d00c14?s=96&d=mm&r=g\",\"caption\":\"hotnewsinworld\"},\"url\":\"https:\\\/\\\/hotnewsinworld.com\\\/es\\\/author\\\/pt\\\/\"}]}<\/script>\n<!-- \/ Yoast SEO plugin. -->","yoast_head_json":{"title":"La cumbre entre la UE y China evidencia la distancia pol\u00edtica y econ\u00f3mica entre los dos bloques - Hot News in World","robots":{"index":"index","follow":"follow","max-snippet":"max-snippet:-1","max-image-preview":"max-image-preview:large","max-video-preview":"max-video-preview:-1"},"canonical":"https:\/\/hotnewsinworld.com\/es\/la-cumbre-entre-la-ue-y-china-evidencia-la-distancia-politica-y-economica-entre-los-dos-bloques\/","og_locale":"es_ES","og_type":"article","og_title":"La cumbre entre la UE y China evidencia la distancia pol\u00edtica y econ\u00f3mica entre los dos bloques - Hot News in World","og_description":"El presidente del Consejo Europeo, Charles Michel, al comienzo de su participaci\u00f3n en la cumbre virtual UE-China.YVES HERMAN \/ AFPNi comunicado conjunto. Ni rueda de prensa compartida. Ni gestos de acercamiento. La cumbre entre la UE y China estuvo marcada por el distanciamiento digital que impone la pandemia pero, sobre todo, por la creciente brecha [&hellip;]","og_url":"https:\/\/hotnewsinworld.com\/es\/la-cumbre-entre-la-ue-y-china-evidencia-la-distancia-politica-y-economica-entre-los-dos-bloques\/","og_site_name":"Hot News in World","article_published_time":"2020-11-12T12:15:39+00:00","article_modified_time":"2020-11-12T12:15:41+00:00","og_image":[{"width":1000,"height":641,"url":"https:\/\/hotnewsinworld.com\/es\/wp-content\/uploads\/sites\/4\/2020\/11\/La-cumbre-entre-la-UE-y-China-evidencia-la-distancia.jpg","type":"image\/jpeg"}],"author":"hotnewsinworld","twitter_card":"summary_large_image","twitter_misc":{"Escrito por":"hotnewsinworld","Tiempo de lectura":"5 minutos"},"schema":{"@context":"https:\/\/schema.org","@graph":[{"@type":"Article","@id":"https:\/\/hotnewsinworld.com\/es\/la-cumbre-entre-la-ue-y-china-evidencia-la-distancia-politica-y-economica-entre-los-dos-bloques\/#article","isPartOf":{"@id":"https:\/\/hotnewsinworld.com\/es\/la-cumbre-entre-la-ue-y-china-evidencia-la-distancia-politica-y-economica-entre-los-dos-bloques\/"},"author":{"name":"hotnewsinworld","@id":"https:\/\/hotnewsinworld.com\/es\/#\/schema\/person\/fe61448b21c0d59086e75fcc1f9d8f6b"},"headline":"La cumbre entre la UE y China evidencia la distancia pol\u00edtica y econ\u00f3mica entre los dos bloques","datePublished":"2020-11-12T12:15:39+00:00","dateModified":"2020-11-12T12:15:41+00:00","mainEntityOfPage":{"@id":"https:\/\/hotnewsinworld.com\/es\/la-cumbre-entre-la-ue-y-china-evidencia-la-distancia-politica-y-economica-entre-los-dos-bloques\/"},"wordCount":1024,"commentCount":0,"image":{"@id":"https:\/\/hotnewsinworld.com\/es\/la-cumbre-entre-la-ue-y-china-evidencia-la-distancia-politica-y-economica-entre-los-dos-bloques\/#primaryimage"},"thumbnailUrl":"https:\/\/hotnewsinworld.com\/es\/wp-content\/uploads\/sites\/4\/2020\/11\/La-cumbre-entre-la-UE-y-China-evidencia-la-distancia.jpg","articleSection":["NOTICIAS DE MEDIOS SOCIALES"],"inLanguage":"es","potentialAction":[{"@type":"CommentAction","name":"Comment","target":["https:\/\/hotnewsinworld.com\/es\/la-cumbre-entre-la-ue-y-china-evidencia-la-distancia-politica-y-economica-entre-los-dos-bloques\/#respond"]}]},{"@type":"WebPage","@id":"https:\/\/hotnewsinworld.com\/es\/la-cumbre-entre-la-ue-y-china-evidencia-la-distancia-politica-y-economica-entre-los-dos-bloques\/","url":"https:\/\/hotnewsinworld.com\/es\/la-cumbre-entre-la-ue-y-china-evidencia-la-distancia-politica-y-economica-entre-los-dos-bloques\/","name":"La cumbre entre la UE y China evidencia la distancia pol\u00edtica y econ\u00f3mica entre los dos bloques - Hot News in World","isPartOf":{"@id":"https:\/\/hotnewsinworld.com\/es\/#website"},"primaryImageOfPage":{"@id":"https:\/\/hotnewsinworld.com\/es\/la-cumbre-entre-la-ue-y-china-evidencia-la-distancia-politica-y-economica-entre-los-dos-bloques\/#primaryimage"},"image":{"@id":"https:\/\/hotnewsinworld.com\/es\/la-cumbre-entre-la-ue-y-china-evidencia-la-distancia-politica-y-economica-entre-los-dos-bloques\/#primaryimage"},"thumbnailUrl":"https:\/\/hotnewsinworld.com\/es\/wp-content\/uploads\/sites\/4\/2020\/11\/La-cumbre-entre-la-UE-y-China-evidencia-la-distancia.jpg","datePublished":"2020-11-12T12:15:39+00:00","dateModified":"2020-11-12T12:15:41+00:00","author":{"@id":"https:\/\/hotnewsinworld.com\/es\/#\/schema\/person\/fe61448b21c0d59086e75fcc1f9d8f6b"},"breadcrumb":{"@id":"https:\/\/hotnewsinworld.com\/es\/la-cumbre-entre-la-ue-y-china-evidencia-la-distancia-politica-y-economica-entre-los-dos-bloques\/#breadcrumb"},"inLanguage":"es","potentialAction":[{"@type":"ReadAction","target":["https:\/\/hotnewsinworld.com\/es\/la-cumbre-entre-la-ue-y-china-evidencia-la-distancia-politica-y-economica-entre-los-dos-bloques\/"]}]},{"@type":"ImageObject","inLanguage":"es","@id":"https:\/\/hotnewsinworld.com\/es\/la-cumbre-entre-la-ue-y-china-evidencia-la-distancia-politica-y-economica-entre-los-dos-bloques\/#primaryimage","url":"https:\/\/hotnewsinworld.com\/es\/wp-content\/uploads\/sites\/4\/2020\/11\/La-cumbre-entre-la-UE-y-China-evidencia-la-distancia.jpg","contentUrl":"https:\/\/hotnewsinworld.com\/es\/wp-content\/uploads\/sites\/4\/2020\/11\/La-cumbre-entre-la-UE-y-China-evidencia-la-distancia.jpg","width":1000,"height":641,"caption":"La cumbre entre la UE y China evidencia la distancia pol\u00edtica y econ\u00f3mica entre los dos bloques"},{"@type":"BreadcrumbList","@id":"https:\/\/hotnewsinworld.com\/es\/la-cumbre-entre-la-ue-y-china-evidencia-la-distancia-politica-y-economica-entre-los-dos-bloques\/#breadcrumb","itemListElement":[{"@type":"ListItem","position":1,"name":"\u0413\u043b\u0430\u0432\u043d\u0430\u044f \u0441\u0442\u0440\u0430\u043d\u0438\u0446\u0430","item":"https:\/\/hotnewsinworld.com\/es\/"},{"@type":"ListItem","position":2,"name":"La cumbre entre la UE y China evidencia la distancia pol\u00edtica y econ\u00f3mica entre los dos bloques"}]},{"@type":"WebSite","@id":"https:\/\/hotnewsinworld.com\/es\/#website","url":"https:\/\/hotnewsinworld.com\/es\/","name":"Hot News in World","description":"Hot News in World from Spain","potentialAction":[{"@type":"SearchAction","target":{"@type":"EntryPoint","urlTemplate":"https:\/\/hotnewsinworld.com\/es\/?s={search_term_string}"},"query-input":{"@type":"PropertyValueSpecification","valueRequired":true,"valueName":"search_term_string"}}],"inLanguage":"es"},{"@type":"Person","@id":"https:\/\/hotnewsinworld.com\/es\/#\/schema\/person\/fe61448b21c0d59086e75fcc1f9d8f6b","name":"hotnewsinworld","image":{"@type":"ImageObject","inLanguage":"es","@id":"https:\/\/secure.gravatar.com\/avatar\/8a09ac165600ce2e1c38fe593c63928eb1e6e7ba5c5a907d67787c41b3d00c14?s=96&d=mm&r=g","url":"https:\/\/secure.gravatar.com\/avatar\/8a09ac165600ce2e1c38fe593c63928eb1e6e7ba5c5a907d67787c41b3d00c14?s=96&d=mm&r=g","contentUrl":"https:\/\/secure.gravatar.com\/avatar\/8a09ac165600ce2e1c38fe593c63928eb1e6e7ba5c5a907d67787c41b3d00c14?s=96&d=mm&r=g","caption":"hotnewsinworld"},"url":"https:\/\/hotnewsinworld.com\/es\/author\/pt\/"}]}},"_links":{"self":[{"href":"https:\/\/hotnewsinworld.com\/es\/wp-json\/wp\/v2\/posts\/695","targetHints":{"allow":["GET"]}}],"collection":[{"href":"https:\/\/hotnewsinworld.com\/es\/wp-json\/wp\/v2\/posts"}],"about":[{"href":"https:\/\/hotnewsinworld.com\/es\/wp-json\/wp\/v2\/types\/post"}],"author":[{"embeddable":true,"href":"https:\/\/hotnewsinworld.com\/es\/wp-json\/wp\/v2\/users\/2"}],"replies":[{"embeddable":true,"href":"https:\/\/hotnewsinworld.com\/es\/wp-json\/wp\/v2\/comments?post=695"}],"version-history":[{"count":1,"href":"https:\/\/hotnewsinworld.com\/es\/wp-json\/wp\/v2\/posts\/695\/revisions"}],"predecessor-version":[{"id":697,"href":"https:\/\/hotnewsinworld.com\/es\/wp-json\/wp\/v2\/posts\/695\/revisions\/697"}],"wp:featuredmedia":[{"embeddable":true,"href":"https:\/\/hotnewsinworld.com\/es\/wp-json\/wp\/v2\/media\/696"}],"wp:attachment":[{"href":"https:\/\/hotnewsinworld.com\/es\/wp-json\/wp\/v2\/media?parent=695"}],"wp:term":[{"taxonomy":"category","embeddable":true,"href":"https:\/\/hotnewsinworld.com\/es\/wp-json\/wp\/v2\/categories?post=695"},{"taxonomy":"post_tag","embeddable":true,"href":"https:\/\/hotnewsinworld.com\/es\/wp-json\/wp\/v2\/tags?post=695"}],"curies":[{"name":"wp","href":"https:\/\/api.w.org\/{rel}","templated":true}]}}