{"id":707,"date":"2020-11-13T16:02:40","date_gmt":"2020-11-13T13:02:40","guid":{"rendered":"https:\/\/hotnewsinworld.com\/es\/el-nacional-de-fotografia-premia-la-relectura-de-la-historia-de-ana-teresa-ortega\/"},"modified":"2020-11-18T12:32:33","modified_gmt":"2020-11-18T09:32:33","slug":"el-nacional-de-fotografia-premia-la-relectura-de-la-historia-de-ana-teresa-ortega","status":"publish","type":"post","link":"https:\/\/hotnewsinworld.com\/es\/el-nacional-de-fotografia-premia-la-relectura-de-la-historia-de-ana-teresa-ortega\/","title":{"rendered":"El Nacional de Fotograf\u00eda premia la relectura de la historia de Ana Teresa Ortega"},"content":{"rendered":"<p>&#8216;Fuerte de San Crist\u00f3bal (Pamplona), 1936-1945&#8217;, una de las im\u00e1genes del trabajo &#8216;Cartograf\u00edas silenciadas&#8217;, de Ana Ortega.ANA TERESA ORTEGALa fot\u00f3grafa alicantina Ana Teresa Ortega Aznar, nacida en 1952, ha sido distinguida este viernes con el premio Nacional de Fotograf\u00eda 2020, ha anunciado el ministro de Cultura y Deporte, Jos\u00e9 Manuel Rodr\u00edguez Uribes en su cuenta de Twitter. Ortega Aznar, profesora en la Facultad de Bellas Artes de la Universidad Polit\u00e9cnica de Valencia y tambi\u00e9n comisaria de exposiciones, es la cuarta mujer que logra este galard\u00f3n en los \u00faltimos cinco a\u00f1os, junto a Montserrat Soto (2019), Cristina de Middel (2017) e Isabel Mu\u00f1oz (2016). La relectura de la historia, junto con la memoria y el tiempo, centran la trayectoria de Ortega, que ha expuesto su obra en Arco y es autora del libro Discurso e imagen fotogr\u00e1fica en la obra de Carlos P\u00e9rez, sobre la obra de este autor documental, centrado en las injusticias sociales.Acabamos de conocer el fallo del Jurado del Premio Nacional de Fotograf\u00eda 2020. Ha sido para la alicantina Ana Teresa Ortega Aznar. He tenido la oportunidad, y el placer, de comunic\u00e1rselo personalmente \u00a1Enhorabuena, Ana! Un abrazo\u2014 Jos\u00e9 Manuel Rodr\u00edguez Uribes (@jmrdezuribes) November 13, 2020<\/p>\n<p>Entre sus \u00faltimas exposiciones destaca Cartograf\u00edas silenciadas, dedicada a recuperar la memoria de los antiguos campos de concentraci\u00f3n de la Espa\u00f1a de Franco con im\u00e1genes de los enclaves actuales en los que estuvieron aquellos centros penitenciarios. Esa l\u00ednea de la mirada al pasado est\u00e1 tambi\u00e9n en otros de sus trabajos, como Pensadores y Lugares del saber y el exilio cient\u00edfico.<\/p>\n<p><!--noindex--><br \/>\n<a href=\"https:\/\/elpais.com\/cultura\/2020-11-13\/ana-teresa-ortega-premio-nacional-de-fotografia.html\" rel=\"nofollow\">Source link <\/a><br \/>\n<!--\/noindex--><\/p>\n","protected":false},"excerpt":{"rendered":"<p>&#8216;Fuerte de San Crist\u00f3bal (Pamplona), 1936-1945&#8217;, una de las im\u00e1genes del trabajo &#8216;Cartograf\u00edas silenciadas&#8217;, de Ana Ortega.ANA TERESA ORTEGALa fot\u00f3grafa alicantina Ana Teresa Ortega Aznar, nacida en 1952, ha sido distinguida este viernes con el premio Nacional de Fotograf\u00eda 2020, ha anunciado el ministro de Cultura y Deporte, Jos\u00e9 Manuel Rodr\u00edguez Uribes en su cuenta [&hellip;]<\/p>\n","protected":false},"author":2,"featured_media":708,"comment_status":"open","ping_status":"open","sticky":false,"template":"","format":"standard","meta":{"footnotes":""},"categories":[3],"tags":[],"class_list":["post-707","post","type-post","status-publish","format-standard","has-post-thumbnail","hentry","category-noticias-de-medios-sociales"],"yoast_head":"<!-- This site is optimized with the Yoast SEO plugin v27.4 - https:\/\/yoast.com\/product\/yoast-seo-wordpress\/ -->\n<title>El Nacional de Fotograf\u00eda premia la relectura de la historia de Ana Teresa Ortega - Hot News in World<\/title>\n<meta name=\"robots\" content=\"index, follow, max-snippet:-1, max-image-preview:large, max-video-preview:-1\" \/>\n<link rel=\"canonical\" href=\"https:\/\/hotnewsinworld.com\/es\/el-nacional-de-fotografia-premia-la-relectura-de-la-historia-de-ana-teresa-ortega\/\" \/>\n<meta property=\"og:locale\" content=\"es_ES\" \/>\n<meta property=\"og:type\" content=\"article\" \/>\n<meta property=\"og:title\" content=\"El Nacional de Fotograf\u00eda premia la relectura de la historia de Ana Teresa Ortega - Hot News in World\" \/>\n<meta property=\"og:description\" content=\"&#8216;Fuerte de San Crist\u00f3bal (Pamplona), 1936-1945&#8217;, una de las im\u00e1genes del trabajo &#8216;Cartograf\u00edas silenciadas&#8217;, de Ana Ortega.ANA TERESA ORTEGALa fot\u00f3grafa alicantina Ana Teresa Ortega Aznar, nacida en 1952, ha sido distinguida este viernes con el premio Nacional de Fotograf\u00eda 2020, ha anunciado el ministro de Cultura y Deporte, Jos\u00e9 Manuel Rodr\u00edguez Uribes en su cuenta [&hellip;]\" \/>\n<meta property=\"og:url\" content=\"https:\/\/hotnewsinworld.com\/es\/el-nacional-de-fotografia-premia-la-relectura-de-la-historia-de-ana-teresa-ortega\/\" \/>\n<meta property=\"og:site_name\" content=\"Hot News in World\" \/>\n<meta property=\"article:published_time\" content=\"2020-11-13T13:02:40+00:00\" \/>\n<meta property=\"article:modified_time\" content=\"2020-11-18T09:32:33+00:00\" \/>\n<meta property=\"og:image\" content=\"https:\/\/hotnewsinworld.com\/es\/wp-content\/uploads\/sites\/4\/2020\/11\/El-Nacional-de-Fotografia-premia-la-relectura-de-la-historia.jpg\" \/>\n\t<meta property=\"og:image:width\" content=\"1400\" \/>\n\t<meta property=\"og:image:height\" content=\"490\" \/>\n\t<meta property=\"og:image:type\" content=\"image\/jpeg\" \/>\n<meta name=\"author\" content=\"hotnewsinworld\" \/>\n<meta name=\"twitter:card\" content=\"summary_large_image\" \/>\n<meta name=\"twitter:label1\" content=\"Escrito por\" \/>\n\t<meta name=\"twitter:data1\" content=\"hotnewsinworld\" \/>\n\t<meta name=\"twitter:label2\" content=\"Tiempo de lectura\" \/>\n\t<meta name=\"twitter:data2\" content=\"1 minuto\" \/>\n<script type=\"application\/ld+json\" class=\"yoast-schema-graph\">{\"@context\":\"https:\\\/\\\/schema.org\",\"@graph\":[{\"@type\":\"Article\",\"@id\":\"https:\\\/\\\/hotnewsinworld.com\\\/es\\\/el-nacional-de-fotografia-premia-la-relectura-de-la-historia-de-ana-teresa-ortega\\\/#article\",\"isPartOf\":{\"@id\":\"https:\\\/\\\/hotnewsinworld.com\\\/es\\\/el-nacional-de-fotografia-premia-la-relectura-de-la-historia-de-ana-teresa-ortega\\\/\"},\"author\":{\"name\":\"hotnewsinworld\",\"@id\":\"https:\\\/\\\/hotnewsinworld.com\\\/es\\\/#\\\/schema\\\/person\\\/fe61448b21c0d59086e75fcc1f9d8f6b\"},\"headline\":\"El Nacional de Fotograf\u00eda premia la relectura de la historia de Ana Teresa Ortega\",\"datePublished\":\"2020-11-13T13:02:40+00:00\",\"dateModified\":\"2020-11-18T09:32:33+00:00\",\"mainEntityOfPage\":{\"@id\":\"https:\\\/\\\/hotnewsinworld.com\\\/es\\\/el-nacional-de-fotografia-premia-la-relectura-de-la-historia-de-ana-teresa-ortega\\\/\"},\"wordCount\":291,\"commentCount\":0,\"image\":{\"@id\":\"https:\\\/\\\/hotnewsinworld.com\\\/es\\\/el-nacional-de-fotografia-premia-la-relectura-de-la-historia-de-ana-teresa-ortega\\\/#primaryimage\"},\"thumbnailUrl\":\"https:\\\/\\\/hotnewsinworld.com\\\/es\\\/wp-content\\\/uploads\\\/sites\\\/4\\\/2020\\\/11\\\/El-Nacional-de-Fotografia-premia-la-relectura-de-la-historia.jpg\",\"articleSection\":[\"NOTICIAS DE MEDIOS SOCIALES\"],\"inLanguage\":\"es\",\"potentialAction\":[{\"@type\":\"CommentAction\",\"name\":\"Comment\",\"target\":[\"https:\\\/\\\/hotnewsinworld.com\\\/es\\\/el-nacional-de-fotografia-premia-la-relectura-de-la-historia-de-ana-teresa-ortega\\\/#respond\"]}]},{\"@type\":\"WebPage\",\"@id\":\"https:\\\/\\\/hotnewsinworld.com\\\/es\\\/el-nacional-de-fotografia-premia-la-relectura-de-la-historia-de-ana-teresa-ortega\\\/\",\"url\":\"https:\\\/\\\/hotnewsinworld.com\\\/es\\\/el-nacional-de-fotografia-premia-la-relectura-de-la-historia-de-ana-teresa-ortega\\\/\",\"name\":\"El Nacional de Fotograf\u00eda premia la relectura de la historia de Ana Teresa Ortega - Hot News in World\",\"isPartOf\":{\"@id\":\"https:\\\/\\\/hotnewsinworld.com\\\/es\\\/#website\"},\"primaryImageOfPage\":{\"@id\":\"https:\\\/\\\/hotnewsinworld.com\\\/es\\\/el-nacional-de-fotografia-premia-la-relectura-de-la-historia-de-ana-teresa-ortega\\\/#primaryimage\"},\"image\":{\"@id\":\"https:\\\/\\\/hotnewsinworld.com\\\/es\\\/el-nacional-de-fotografia-premia-la-relectura-de-la-historia-de-ana-teresa-ortega\\\/#primaryimage\"},\"thumbnailUrl\":\"https:\\\/\\\/hotnewsinworld.com\\\/es\\\/wp-content\\\/uploads\\\/sites\\\/4\\\/2020\\\/11\\\/El-Nacional-de-Fotografia-premia-la-relectura-de-la-historia.jpg\",\"datePublished\":\"2020-11-13T13:02:40+00:00\",\"dateModified\":\"2020-11-18T09:32:33+00:00\",\"author\":{\"@id\":\"https:\\\/\\\/hotnewsinworld.com\\\/es\\\/#\\\/schema\\\/person\\\/fe61448b21c0d59086e75fcc1f9d8f6b\"},\"breadcrumb\":{\"@id\":\"https:\\\/\\\/hotnewsinworld.com\\\/es\\\/el-nacional-de-fotografia-premia-la-relectura-de-la-historia-de-ana-teresa-ortega\\\/#breadcrumb\"},\"inLanguage\":\"es\",\"potentialAction\":[{\"@type\":\"ReadAction\",\"target\":[\"https:\\\/\\\/hotnewsinworld.com\\\/es\\\/el-nacional-de-fotografia-premia-la-relectura-de-la-historia-de-ana-teresa-ortega\\\/\"]}]},{\"@type\":\"ImageObject\",\"inLanguage\":\"es\",\"@id\":\"https:\\\/\\\/hotnewsinworld.com\\\/es\\\/el-nacional-de-fotografia-premia-la-relectura-de-la-historia-de-ana-teresa-ortega\\\/#primaryimage\",\"url\":\"https:\\\/\\\/hotnewsinworld.com\\\/es\\\/wp-content\\\/uploads\\\/sites\\\/4\\\/2020\\\/11\\\/El-Nacional-de-Fotografia-premia-la-relectura-de-la-historia.jpg\",\"contentUrl\":\"https:\\\/\\\/hotnewsinworld.com\\\/es\\\/wp-content\\\/uploads\\\/sites\\\/4\\\/2020\\\/11\\\/El-Nacional-de-Fotografia-premia-la-relectura-de-la-historia.jpg\",\"width\":1400,\"height\":490,\"caption\":\"El Nacional de Fotograf\u00eda premia la relectura de la historia de Ana Teresa Ortega\"},{\"@type\":\"BreadcrumbList\",\"@id\":\"https:\\\/\\\/hotnewsinworld.com\\\/es\\\/el-nacional-de-fotografia-premia-la-relectura-de-la-historia-de-ana-teresa-ortega\\\/#breadcrumb\",\"itemListElement\":[{\"@type\":\"ListItem\",\"position\":1,\"name\":\"\u0413\u043b\u0430\u0432\u043d\u0430\u044f \u0441\u0442\u0440\u0430\u043d\u0438\u0446\u0430\",\"item\":\"https:\\\/\\\/hotnewsinworld.com\\\/es\\\/\"},{\"@type\":\"ListItem\",\"position\":2,\"name\":\"El Nacional de Fotograf\u00eda premia la relectura de la historia de Ana Teresa Ortega\"}]},{\"@type\":\"WebSite\",\"@id\":\"https:\\\/\\\/hotnewsinworld.com\\\/es\\\/#website\",\"url\":\"https:\\\/\\\/hotnewsinworld.com\\\/es\\\/\",\"name\":\"Hot News in World\",\"description\":\"Hot News in World from Spain\",\"potentialAction\":[{\"@type\":\"SearchAction\",\"target\":{\"@type\":\"EntryPoint\",\"urlTemplate\":\"https:\\\/\\\/hotnewsinworld.com\\\/es\\\/?s={search_term_string}\"},\"query-input\":{\"@type\":\"PropertyValueSpecification\",\"valueRequired\":true,\"valueName\":\"search_term_string\"}}],\"inLanguage\":\"es\"},{\"@type\":\"Person\",\"@id\":\"https:\\\/\\\/hotnewsinworld.com\\\/es\\\/#\\\/schema\\\/person\\\/fe61448b21c0d59086e75fcc1f9d8f6b\",\"name\":\"hotnewsinworld\",\"image\":{\"@type\":\"ImageObject\",\"inLanguage\":\"es\",\"@id\":\"https:\\\/\\\/secure.gravatar.com\\\/avatar\\\/8a09ac165600ce2e1c38fe593c63928eb1e6e7ba5c5a907d67787c41b3d00c14?s=96&d=mm&r=g\",\"url\":\"https:\\\/\\\/secure.gravatar.com\\\/avatar\\\/8a09ac165600ce2e1c38fe593c63928eb1e6e7ba5c5a907d67787c41b3d00c14?s=96&d=mm&r=g\",\"contentUrl\":\"https:\\\/\\\/secure.gravatar.com\\\/avatar\\\/8a09ac165600ce2e1c38fe593c63928eb1e6e7ba5c5a907d67787c41b3d00c14?s=96&d=mm&r=g\",\"caption\":\"hotnewsinworld\"},\"url\":\"https:\\\/\\\/hotnewsinworld.com\\\/es\\\/author\\\/pt\\\/\"}]}<\/script>\n<!-- \/ Yoast SEO plugin. -->","yoast_head_json":{"title":"El Nacional de Fotograf\u00eda premia la relectura de la historia de Ana Teresa Ortega - Hot News in World","robots":{"index":"index","follow":"follow","max-snippet":"max-snippet:-1","max-image-preview":"max-image-preview:large","max-video-preview":"max-video-preview:-1"},"canonical":"https:\/\/hotnewsinworld.com\/es\/el-nacional-de-fotografia-premia-la-relectura-de-la-historia-de-ana-teresa-ortega\/","og_locale":"es_ES","og_type":"article","og_title":"El Nacional de Fotograf\u00eda premia la relectura de la historia de Ana Teresa Ortega - Hot News in World","og_description":"&#8216;Fuerte de San Crist\u00f3bal (Pamplona), 1936-1945&#8217;, una de las im\u00e1genes del trabajo &#8216;Cartograf\u00edas silenciadas&#8217;, de Ana Ortega.ANA TERESA ORTEGALa fot\u00f3grafa alicantina Ana Teresa Ortega Aznar, nacida en 1952, ha sido distinguida este viernes con el premio Nacional de Fotograf\u00eda 2020, ha anunciado el ministro de Cultura y Deporte, Jos\u00e9 Manuel Rodr\u00edguez Uribes en su cuenta [&hellip;]","og_url":"https:\/\/hotnewsinworld.com\/es\/el-nacional-de-fotografia-premia-la-relectura-de-la-historia-de-ana-teresa-ortega\/","og_site_name":"Hot News in World","article_published_time":"2020-11-13T13:02:40+00:00","article_modified_time":"2020-11-18T09:32:33+00:00","og_image":[{"width":1400,"height":490,"url":"https:\/\/hotnewsinworld.com\/es\/wp-content\/uploads\/sites\/4\/2020\/11\/El-Nacional-de-Fotografia-premia-la-relectura-de-la-historia.jpg","type":"image\/jpeg"}],"author":"hotnewsinworld","twitter_card":"summary_large_image","twitter_misc":{"Escrito por":"hotnewsinworld","Tiempo de lectura":"1 minuto"},"schema":{"@context":"https:\/\/schema.org","@graph":[{"@type":"Article","@id":"https:\/\/hotnewsinworld.com\/es\/el-nacional-de-fotografia-premia-la-relectura-de-la-historia-de-ana-teresa-ortega\/#article","isPartOf":{"@id":"https:\/\/hotnewsinworld.com\/es\/el-nacional-de-fotografia-premia-la-relectura-de-la-historia-de-ana-teresa-ortega\/"},"author":{"name":"hotnewsinworld","@id":"https:\/\/hotnewsinworld.com\/es\/#\/schema\/person\/fe61448b21c0d59086e75fcc1f9d8f6b"},"headline":"El Nacional de Fotograf\u00eda premia la relectura de la historia de Ana Teresa Ortega","datePublished":"2020-11-13T13:02:40+00:00","dateModified":"2020-11-18T09:32:33+00:00","mainEntityOfPage":{"@id":"https:\/\/hotnewsinworld.com\/es\/el-nacional-de-fotografia-premia-la-relectura-de-la-historia-de-ana-teresa-ortega\/"},"wordCount":291,"commentCount":0,"image":{"@id":"https:\/\/hotnewsinworld.com\/es\/el-nacional-de-fotografia-premia-la-relectura-de-la-historia-de-ana-teresa-ortega\/#primaryimage"},"thumbnailUrl":"https:\/\/hotnewsinworld.com\/es\/wp-content\/uploads\/sites\/4\/2020\/11\/El-Nacional-de-Fotografia-premia-la-relectura-de-la-historia.jpg","articleSection":["NOTICIAS DE MEDIOS SOCIALES"],"inLanguage":"es","potentialAction":[{"@type":"CommentAction","name":"Comment","target":["https:\/\/hotnewsinworld.com\/es\/el-nacional-de-fotografia-premia-la-relectura-de-la-historia-de-ana-teresa-ortega\/#respond"]}]},{"@type":"WebPage","@id":"https:\/\/hotnewsinworld.com\/es\/el-nacional-de-fotografia-premia-la-relectura-de-la-historia-de-ana-teresa-ortega\/","url":"https:\/\/hotnewsinworld.com\/es\/el-nacional-de-fotografia-premia-la-relectura-de-la-historia-de-ana-teresa-ortega\/","name":"El Nacional de Fotograf\u00eda premia la relectura de la historia de Ana Teresa Ortega - Hot News in World","isPartOf":{"@id":"https:\/\/hotnewsinworld.com\/es\/#website"},"primaryImageOfPage":{"@id":"https:\/\/hotnewsinworld.com\/es\/el-nacional-de-fotografia-premia-la-relectura-de-la-historia-de-ana-teresa-ortega\/#primaryimage"},"image":{"@id":"https:\/\/hotnewsinworld.com\/es\/el-nacional-de-fotografia-premia-la-relectura-de-la-historia-de-ana-teresa-ortega\/#primaryimage"},"thumbnailUrl":"https:\/\/hotnewsinworld.com\/es\/wp-content\/uploads\/sites\/4\/2020\/11\/El-Nacional-de-Fotografia-premia-la-relectura-de-la-historia.jpg","datePublished":"2020-11-13T13:02:40+00:00","dateModified":"2020-11-18T09:32:33+00:00","author":{"@id":"https:\/\/hotnewsinworld.com\/es\/#\/schema\/person\/fe61448b21c0d59086e75fcc1f9d8f6b"},"breadcrumb":{"@id":"https:\/\/hotnewsinworld.com\/es\/el-nacional-de-fotografia-premia-la-relectura-de-la-historia-de-ana-teresa-ortega\/#breadcrumb"},"inLanguage":"es","potentialAction":[{"@type":"ReadAction","target":["https:\/\/hotnewsinworld.com\/es\/el-nacional-de-fotografia-premia-la-relectura-de-la-historia-de-ana-teresa-ortega\/"]}]},{"@type":"ImageObject","inLanguage":"es","@id":"https:\/\/hotnewsinworld.com\/es\/el-nacional-de-fotografia-premia-la-relectura-de-la-historia-de-ana-teresa-ortega\/#primaryimage","url":"https:\/\/hotnewsinworld.com\/es\/wp-content\/uploads\/sites\/4\/2020\/11\/El-Nacional-de-Fotografia-premia-la-relectura-de-la-historia.jpg","contentUrl":"https:\/\/hotnewsinworld.com\/es\/wp-content\/uploads\/sites\/4\/2020\/11\/El-Nacional-de-Fotografia-premia-la-relectura-de-la-historia.jpg","width":1400,"height":490,"caption":"El Nacional de Fotograf\u00eda premia la relectura de la historia de Ana Teresa Ortega"},{"@type":"BreadcrumbList","@id":"https:\/\/hotnewsinworld.com\/es\/el-nacional-de-fotografia-premia-la-relectura-de-la-historia-de-ana-teresa-ortega\/#breadcrumb","itemListElement":[{"@type":"ListItem","position":1,"name":"\u0413\u043b\u0430\u0432\u043d\u0430\u044f \u0441\u0442\u0440\u0430\u043d\u0438\u0446\u0430","item":"https:\/\/hotnewsinworld.com\/es\/"},{"@type":"ListItem","position":2,"name":"El Nacional de Fotograf\u00eda premia la relectura de la historia de Ana Teresa Ortega"}]},{"@type":"WebSite","@id":"https:\/\/hotnewsinworld.com\/es\/#website","url":"https:\/\/hotnewsinworld.com\/es\/","name":"Hot News in World","description":"Hot News in World from Spain","potentialAction":[{"@type":"SearchAction","target":{"@type":"EntryPoint","urlTemplate":"https:\/\/hotnewsinworld.com\/es\/?s={search_term_string}"},"query-input":{"@type":"PropertyValueSpecification","valueRequired":true,"valueName":"search_term_string"}}],"inLanguage":"es"},{"@type":"Person","@id":"https:\/\/hotnewsinworld.com\/es\/#\/schema\/person\/fe61448b21c0d59086e75fcc1f9d8f6b","name":"hotnewsinworld","image":{"@type":"ImageObject","inLanguage":"es","@id":"https:\/\/secure.gravatar.com\/avatar\/8a09ac165600ce2e1c38fe593c63928eb1e6e7ba5c5a907d67787c41b3d00c14?s=96&d=mm&r=g","url":"https:\/\/secure.gravatar.com\/avatar\/8a09ac165600ce2e1c38fe593c63928eb1e6e7ba5c5a907d67787c41b3d00c14?s=96&d=mm&r=g","contentUrl":"https:\/\/secure.gravatar.com\/avatar\/8a09ac165600ce2e1c38fe593c63928eb1e6e7ba5c5a907d67787c41b3d00c14?s=96&d=mm&r=g","caption":"hotnewsinworld"},"url":"https:\/\/hotnewsinworld.com\/es\/author\/pt\/"}]}},"_links":{"self":[{"href":"https:\/\/hotnewsinworld.com\/es\/wp-json\/wp\/v2\/posts\/707","targetHints":{"allow":["GET"]}}],"collection":[{"href":"https:\/\/hotnewsinworld.com\/es\/wp-json\/wp\/v2\/posts"}],"about":[{"href":"https:\/\/hotnewsinworld.com\/es\/wp-json\/wp\/v2\/types\/post"}],"author":[{"embeddable":true,"href":"https:\/\/hotnewsinworld.com\/es\/wp-json\/wp\/v2\/users\/2"}],"replies":[{"embeddable":true,"href":"https:\/\/hotnewsinworld.com\/es\/wp-json\/wp\/v2\/comments?post=707"}],"version-history":[{"count":2,"href":"https:\/\/hotnewsinworld.com\/es\/wp-json\/wp\/v2\/posts\/707\/revisions"}],"predecessor-version":[{"id":772,"href":"https:\/\/hotnewsinworld.com\/es\/wp-json\/wp\/v2\/posts\/707\/revisions\/772"}],"wp:featuredmedia":[{"embeddable":true,"href":"https:\/\/hotnewsinworld.com\/es\/wp-json\/wp\/v2\/media\/708"}],"wp:attachment":[{"href":"https:\/\/hotnewsinworld.com\/es\/wp-json\/wp\/v2\/media?parent=707"}],"wp:term":[{"taxonomy":"category","embeddable":true,"href":"https:\/\/hotnewsinworld.com\/es\/wp-json\/wp\/v2\/categories?post=707"},{"taxonomy":"post_tag","embeddable":true,"href":"https:\/\/hotnewsinworld.com\/es\/wp-json\/wp\/v2\/tags?post=707"}],"curies":[{"name":"wp","href":"https:\/\/api.w.org\/{rel}","templated":true}]}}