{"id":731,"date":"2020-11-15T18:20:06","date_gmt":"2020-11-15T15:20:06","guid":{"rendered":"https:\/\/hotnewsinworld.com\/es\/miles-de-peruanos-protestan-contra-el-gobierno-interino-de-manuel-merino\/"},"modified":"2020-11-15T18:20:07","modified_gmt":"2020-11-15T15:20:07","slug":"miles-de-peruanos-protestan-contra-el-gobierno-interino-de-manuel-merino","status":"publish","type":"post","link":"https:\/\/hotnewsinworld.com\/es\/miles-de-peruanos-protestan-contra-el-gobierno-interino-de-manuel-merino\/","title":{"rendered":"Miles de peruanos protestan contra el Gobierno interino de Manuel Merino"},"content":{"rendered":"<p>El cuarto d\u00eda de protestas en Per\u00fa por la destituci\u00f3n del presidente Mart\u00edn Vizcarra ha sido uno de los m\u00e1s violentos y multitudinarios. Tras la toma de posesi\u00f3n como presidente interino del empresario derechista Manuel Merino de Lama, de Acci\u00f3n Popular, que ejerc\u00eda hasta ahora como presidente del Congreso, miles de manifestantes, la mayor\u00eda j\u00f3venes, se echaron en la tarde de este jueves a las calles para protestar contra el nuevo Gobierno, al que consideran ileg\u00edtimo. La protesta empez\u00f3 de manera pac\u00edfica, pero al caer la noche en Lima, el ambiente se volvi\u00f3 cada vez m\u00e1s tenso. Al menos hay tres heridos de gravedad por disparos de las fuerzas de seguridad, uno de ellos con pron\u00f3stico reservado, y ocho lesionados leves, entre ellos cuatro periodistas, seg\u00fan un informe de la Coordinadora Nacional de Derechos Humanos difundido a primera hora de este viernes. Adem\u00e1s, al menos 16 personas han sido detenidas. El herido m\u00e1s grave es Percy P\u00e9rez Shaquiama, de 27 a\u00f1os, que fue trasladado antes de medianoche al Hospital Guillermo Almenara tras recibir un impacto de bala en el abdomen y fue operado en el servicio de emergencias del centro, donde se encuentra \u201cdelicado y con pron\u00f3stico reservado\u201d. Durante un programa de radio, el m\u00e9dico Jorge Amor\u00f3s asegur\u00f3 que el personal m\u00e9dico extrajo un \u201ccuerpo extra\u00f1o\u201d que hab\u00eda perforado el intestino delgado de la v\u00edctima y que lo hab\u00edan entregado a la polic\u00eda. Minutos despu\u00e9s, el seguro social de salud Essalud, al que pertenece el hospital, precis\u00f3 en un comunicado que P\u00e9rez era atendido por una herida de bala. Luego elimin\u00f3 el tuit del primer informe y modific\u00f3 el texto para reemplazar \u201cbala\u201d por \u201cproyectil de arma de fuego\u201d.Tambi\u00e9n fue ingresado por herida de bala en el mismo hospital Luis Alejandro Aguilar, de 26 a\u00f1os, que se encuentra \u201cestable\u201d, informa la agencia Efe. La Coordinadora Nacional de Derechos Humanos de Per\u00fa indic\u00f3 que adem\u00e1s habr\u00eda una tercera persona, Rub\u00e9n Guevara, tambi\u00e9n de 27 a\u00f1os, que recibi\u00f3 un impacto en el rostro de un cartucho de perdigones y qued\u00f3 con el \u201crostro desfigurado, con posibilidad de lesiones permanentes en el ojo izquierdo\u201d.La confirmaci\u00f3n de los heridos de bala tiene lugar despu\u00e9s de que se hayan difundido numerosas grabaciones en v\u00eddeo efectuadas por los ciudadanos y la prensa sobre la presencia de supuestos agentes encubiertos que habr\u00edan utilizado sus armas de fuego durante las protestas. La aparici\u00f3n de esos agentes de paisano, del llamado Grupo Terna, durante los primeros d\u00edas de manifestaciones, tras la destituci\u00f3n el lunes de Mart\u00edn Vizcarra a manos del Congreso, ya hab\u00eda suscitado severas cr\u00edticas tanto en Per\u00fa como por parte de organismos internacionales. Mar P\u00e9rez, abogada de la Coordinadora Nacional de Derechos Humanos, ha denunciado que se trata de una violaci\u00f3n del derecho internacional y de los manuales de la polic\u00eda.En la noche del jueves, mientras ocurr\u00edan los enfrentamientos, el nuevo ministro de Interior, Gast\u00f3n Rodr\u00edguez, desminti\u00f3 que los agentes usaran perdigones y que hubiese elementos del Grupo Terna. Sin embargo, un grupo de j\u00f3venes habr\u00eda identificado a uno de estos polic\u00edas en la protesta en Lima. Cuando lo echaron de la manifestaci\u00f3n, se\u00f1al\u00e1ndolo con un puntero l\u00e1ser, el agente supuestamente habr\u00eda sacado su arma y disparado contra los asistentes. .Las protestas contra el que consideran un Gobierno ileg\u00edtimo \u2014en la forma y en el fondo\u2014 y contra la corrupci\u00f3n ocurrieron no solo en el centro de Lima, sino, por primera vez en 20 a\u00f1os, en casi todos los distritos de la capital, acompa\u00f1adas por cacerolazos, y en casi todas las capitales de las 24 regiones. \u201cError 404. Democracia not found\u201d, dec\u00eda el cartel que mostraba un joven a 200 metros de la Plaza San Mart\u00edn, el punto principal de las protestas en Lima. La plaza estuvo llena desde las 18.30 horas (hora local) y los manifestantes cubr\u00edan casi todas las avenidas y calles aleda\u00f1as. El objetivo de la Polic\u00eda Nacional era impedir que los manifestantes avanzaran hacia el Congreso o el Palacio de Gobierno. Las fuerzas de seguridad tambi\u00e9n reprimieron a los informadores: cuatro periodistas -del diario El Comercio, Canal N, Ojo P\u00fablico y la agencia francesa AFP- fueron heridos por perdigones. Una quinta fue lesionada en Puerto Maldonado, en la amaz\u00f3nica regi\u00f3n de Madre de Dios, seg\u00fan inform\u00f3 la Asociaci\u00f3n Nacional de PeriodistasEl Parlamento destituy\u00f3 el lunes a Vizcarra mediante la figura de la vacancia (o impeachment) por \u201cincapacidad moral permanente\u201d, sustentada en una investigaci\u00f3n contra el pol\u00edtico por supuestamente dejarse sobornar cuando era gobernador regional de Moquegua, en 2014. La moci\u00f3n sali\u00f3 adelante, contra todo pron\u00f3stico, por 105 votos a favor, 19 en contra y 4 abstenciones. La Fiscal\u00eda investiga al expresidente, que ya sufri\u00f3 un primer intento de destituci\u00f3n hace dos meses y cuyo mandato terminaba el 28 de julio, mientras continuaban las pesquisas.Las bancadas parlamentarias que promovieron la salida de Vizcarra encontraban en Vizcarra un obst\u00e1culo para poder usar el Parlamento como plataforma en favor de sus intereses particulares. El fundador de Podemos Per\u00fa, Jos\u00e9 Luna Morales, se encuentra desde el s\u00e1bado en prisi\u00f3n preventiva mientras es investigado por lavado de activos y tr\u00e1fico de influencias. Morales es el principal representante de un grupo de pol\u00edticos que hizo negocios abriendo universidades privadas de poca calidad educativa que fueron cerradas m\u00e1s tarde por la Superintendencia Nacional de Educaci\u00f3n Universitaria. Por otro lado, el l\u00edder de Uni\u00f3n por el Per\u00fa, Antauro Humala, est\u00e1 preso y pretende una amnist\u00eda para ser candidato presidencial.Reacci\u00f3n internacionalLas Embajadas de Estados Unidos y del Reino Unido se han pronunciado sobre la crisis pol\u00edtica en Per\u00fa. \u201cNos preocupan los informes de uso excesivo de la fuerza por parte de las autoridades peruanas en respuesta a las protestas en el pa\u00eds. La protesta es un derecho democr\u00e1tico y debe ser respetado\u201d, plante\u00f3 la representaci\u00f3n brit\u00e1nica en un comunicado difundido el viernes. \u201cEl Reino Unido toma nota del debate p\u00fablico y la protesta en curso sobre la constitucionalidad del voto del Congreso y espera una pronta opini\u00f3n del Tribunal Constitucional peruano\u201d, a\u00f1ade la Embajada en alusi\u00f3n a la interpretaci\u00f3n que deben hacer los jueces sobre en qu\u00e9 casos el Congreso puede aplicar la figura de la destituci\u00f3n por \u201cincapacidad moral permanente\u201d, como lo hizo con Vizcarra.Al mismo tiempo, la Embajada estadounidense salud\u00f3 el compromiso del Gobierno de transici\u00f3n de realizar elecciones generales en abril del a\u00f1o pr\u00f3ximo y destac\u00f3 que \u201clos peruanos, como todos los pueblos de las Am\u00e9ricas, tienen el derecho a la democracia, y sus gobiernos tienen la obligaci\u00f3n de promoverla y defenderla, incluyendo el derecho a protestar pac\u00edficamente\u201d.<br \/>\n<br \/>\n<!--noindex--><br \/>\n<a href=\"https:\/\/elpais.com\/internacional\/2020-11-13\/miles-de-peruanos-protestan-contra-la-destitucion-del-presidente-martin-vizcarra.html\" rel=\"nofollow\">Source link <\/a><br \/>\n<!--\/noindex--><\/p>\n","protected":false},"excerpt":{"rendered":"<p>El cuarto d\u00eda de protestas en Per\u00fa por la destituci\u00f3n del presidente Mart\u00edn Vizcarra ha sido uno de los m\u00e1s violentos y multitudinarios. Tras la toma de posesi\u00f3n como presidente interino del empresario derechista Manuel Merino de Lama, de Acci\u00f3n Popular, que ejerc\u00eda hasta ahora como presidente del Congreso, miles de manifestantes, la mayor\u00eda j\u00f3venes, [&hellip;]<\/p>\n","protected":false},"author":2,"featured_media":732,"comment_status":"open","ping_status":"open","sticky":false,"template":"","format":"standard","meta":{"footnotes":""},"categories":[3],"tags":[],"class_list":["post-731","post","type-post","status-publish","format-standard","has-post-thumbnail","hentry","category-noticias-de-medios-sociales"],"yoast_head":"<!-- This site is optimized with the Yoast SEO plugin v27.4 - https:\/\/yoast.com\/product\/yoast-seo-wordpress\/ -->\n<title>Miles de peruanos protestan contra el Gobierno interino de Manuel Merino - Hot News in World<\/title>\n<meta name=\"robots\" content=\"index, follow, max-snippet:-1, max-image-preview:large, max-video-preview:-1\" \/>\n<link rel=\"canonical\" href=\"https:\/\/hotnewsinworld.com\/es\/miles-de-peruanos-protestan-contra-el-gobierno-interino-de-manuel-merino\/\" \/>\n<meta property=\"og:locale\" content=\"es_ES\" \/>\n<meta property=\"og:type\" content=\"article\" \/>\n<meta property=\"og:title\" content=\"Miles de peruanos protestan contra el Gobierno interino de Manuel Merino - Hot News in World\" \/>\n<meta property=\"og:description\" content=\"El cuarto d\u00eda de protestas en Per\u00fa por la destituci\u00f3n del presidente Mart\u00edn Vizcarra ha sido uno de los m\u00e1s violentos y multitudinarios. Tras la toma de posesi\u00f3n como presidente interino del empresario derechista Manuel Merino de Lama, de Acci\u00f3n Popular, que ejerc\u00eda hasta ahora como presidente del Congreso, miles de manifestantes, la mayor\u00eda j\u00f3venes, [&hellip;]\" \/>\n<meta property=\"og:url\" content=\"https:\/\/hotnewsinworld.com\/es\/miles-de-peruanos-protestan-contra-el-gobierno-interino-de-manuel-merino\/\" \/>\n<meta property=\"og:site_name\" content=\"Hot News in World\" \/>\n<meta property=\"article:published_time\" content=\"2020-11-15T15:20:06+00:00\" \/>\n<meta property=\"article:modified_time\" content=\"2020-11-15T15:20:07+00:00\" \/>\n<meta property=\"og:image\" content=\"https:\/\/hotnewsinworld.com\/es\/wp-content\/uploads\/sites\/4\/2020\/11\/Miles-de-peruanos-protestan-contra-el-Gobierno-interino-de-Manuel.jpg\" \/>\n\t<meta property=\"og:image:width\" content=\"1000\" \/>\n\t<meta property=\"og:image:height\" content=\"666\" \/>\n\t<meta property=\"og:image:type\" content=\"image\/jpeg\" \/>\n<meta name=\"author\" content=\"hotnewsinworld\" \/>\n<meta name=\"twitter:card\" content=\"summary_large_image\" \/>\n<meta name=\"twitter:label1\" content=\"Escrito por\" \/>\n\t<meta name=\"twitter:data1\" content=\"hotnewsinworld\" \/>\n\t<meta name=\"twitter:label2\" content=\"Tiempo de lectura\" \/>\n\t<meta name=\"twitter:data2\" content=\"6 minutos\" \/>\n<script type=\"application\/ld+json\" class=\"yoast-schema-graph\">{\"@context\":\"https:\\\/\\\/schema.org\",\"@graph\":[{\"@type\":\"Article\",\"@id\":\"https:\\\/\\\/hotnewsinworld.com\\\/es\\\/miles-de-peruanos-protestan-contra-el-gobierno-interino-de-manuel-merino\\\/#article\",\"isPartOf\":{\"@id\":\"https:\\\/\\\/hotnewsinworld.com\\\/es\\\/miles-de-peruanos-protestan-contra-el-gobierno-interino-de-manuel-merino\\\/\"},\"author\":{\"name\":\"hotnewsinworld\",\"@id\":\"https:\\\/\\\/hotnewsinworld.com\\\/es\\\/#\\\/schema\\\/person\\\/fe61448b21c0d59086e75fcc1f9d8f6b\"},\"headline\":\"Miles de peruanos protestan contra el Gobierno interino de Manuel Merino\",\"datePublished\":\"2020-11-15T15:20:06+00:00\",\"dateModified\":\"2020-11-15T15:20:07+00:00\",\"mainEntityOfPage\":{\"@id\":\"https:\\\/\\\/hotnewsinworld.com\\\/es\\\/miles-de-peruanos-protestan-contra-el-gobierno-interino-de-manuel-merino\\\/\"},\"wordCount\":1193,\"commentCount\":0,\"image\":{\"@id\":\"https:\\\/\\\/hotnewsinworld.com\\\/es\\\/miles-de-peruanos-protestan-contra-el-gobierno-interino-de-manuel-merino\\\/#primaryimage\"},\"thumbnailUrl\":\"https:\\\/\\\/hotnewsinworld.com\\\/es\\\/wp-content\\\/uploads\\\/sites\\\/4\\\/2020\\\/11\\\/Miles-de-peruanos-protestan-contra-el-Gobierno-interino-de-Manuel.jpg\",\"articleSection\":[\"NOTICIAS DE MEDIOS SOCIALES\"],\"inLanguage\":\"es\",\"potentialAction\":[{\"@type\":\"CommentAction\",\"name\":\"Comment\",\"target\":[\"https:\\\/\\\/hotnewsinworld.com\\\/es\\\/miles-de-peruanos-protestan-contra-el-gobierno-interino-de-manuel-merino\\\/#respond\"]}]},{\"@type\":\"WebPage\",\"@id\":\"https:\\\/\\\/hotnewsinworld.com\\\/es\\\/miles-de-peruanos-protestan-contra-el-gobierno-interino-de-manuel-merino\\\/\",\"url\":\"https:\\\/\\\/hotnewsinworld.com\\\/es\\\/miles-de-peruanos-protestan-contra-el-gobierno-interino-de-manuel-merino\\\/\",\"name\":\"Miles de peruanos protestan contra el Gobierno interino de Manuel Merino - Hot News in World\",\"isPartOf\":{\"@id\":\"https:\\\/\\\/hotnewsinworld.com\\\/es\\\/#website\"},\"primaryImageOfPage\":{\"@id\":\"https:\\\/\\\/hotnewsinworld.com\\\/es\\\/miles-de-peruanos-protestan-contra-el-gobierno-interino-de-manuel-merino\\\/#primaryimage\"},\"image\":{\"@id\":\"https:\\\/\\\/hotnewsinworld.com\\\/es\\\/miles-de-peruanos-protestan-contra-el-gobierno-interino-de-manuel-merino\\\/#primaryimage\"},\"thumbnailUrl\":\"https:\\\/\\\/hotnewsinworld.com\\\/es\\\/wp-content\\\/uploads\\\/sites\\\/4\\\/2020\\\/11\\\/Miles-de-peruanos-protestan-contra-el-Gobierno-interino-de-Manuel.jpg\",\"datePublished\":\"2020-11-15T15:20:06+00:00\",\"dateModified\":\"2020-11-15T15:20:07+00:00\",\"author\":{\"@id\":\"https:\\\/\\\/hotnewsinworld.com\\\/es\\\/#\\\/schema\\\/person\\\/fe61448b21c0d59086e75fcc1f9d8f6b\"},\"breadcrumb\":{\"@id\":\"https:\\\/\\\/hotnewsinworld.com\\\/es\\\/miles-de-peruanos-protestan-contra-el-gobierno-interino-de-manuel-merino\\\/#breadcrumb\"},\"inLanguage\":\"es\",\"potentialAction\":[{\"@type\":\"ReadAction\",\"target\":[\"https:\\\/\\\/hotnewsinworld.com\\\/es\\\/miles-de-peruanos-protestan-contra-el-gobierno-interino-de-manuel-merino\\\/\"]}]},{\"@type\":\"ImageObject\",\"inLanguage\":\"es\",\"@id\":\"https:\\\/\\\/hotnewsinworld.com\\\/es\\\/miles-de-peruanos-protestan-contra-el-gobierno-interino-de-manuel-merino\\\/#primaryimage\",\"url\":\"https:\\\/\\\/hotnewsinworld.com\\\/es\\\/wp-content\\\/uploads\\\/sites\\\/4\\\/2020\\\/11\\\/Miles-de-peruanos-protestan-contra-el-Gobierno-interino-de-Manuel.jpg\",\"contentUrl\":\"https:\\\/\\\/hotnewsinworld.com\\\/es\\\/wp-content\\\/uploads\\\/sites\\\/4\\\/2020\\\/11\\\/Miles-de-peruanos-protestan-contra-el-Gobierno-interino-de-Manuel.jpg\",\"width\":1000,\"height\":666,\"caption\":\"Miles de peruanos protestan contra el Gobierno interino de Manuel Merino\"},{\"@type\":\"BreadcrumbList\",\"@id\":\"https:\\\/\\\/hotnewsinworld.com\\\/es\\\/miles-de-peruanos-protestan-contra-el-gobierno-interino-de-manuel-merino\\\/#breadcrumb\",\"itemListElement\":[{\"@type\":\"ListItem\",\"position\":1,\"name\":\"\u0413\u043b\u0430\u0432\u043d\u0430\u044f \u0441\u0442\u0440\u0430\u043d\u0438\u0446\u0430\",\"item\":\"https:\\\/\\\/hotnewsinworld.com\\\/es\\\/\"},{\"@type\":\"ListItem\",\"position\":2,\"name\":\"Miles de peruanos protestan contra el Gobierno interino de Manuel Merino\"}]},{\"@type\":\"WebSite\",\"@id\":\"https:\\\/\\\/hotnewsinworld.com\\\/es\\\/#website\",\"url\":\"https:\\\/\\\/hotnewsinworld.com\\\/es\\\/\",\"name\":\"Hot News in World\",\"description\":\"Hot News in World from Spain\",\"potentialAction\":[{\"@type\":\"SearchAction\",\"target\":{\"@type\":\"EntryPoint\",\"urlTemplate\":\"https:\\\/\\\/hotnewsinworld.com\\\/es\\\/?s={search_term_string}\"},\"query-input\":{\"@type\":\"PropertyValueSpecification\",\"valueRequired\":true,\"valueName\":\"search_term_string\"}}],\"inLanguage\":\"es\"},{\"@type\":\"Person\",\"@id\":\"https:\\\/\\\/hotnewsinworld.com\\\/es\\\/#\\\/schema\\\/person\\\/fe61448b21c0d59086e75fcc1f9d8f6b\",\"name\":\"hotnewsinworld\",\"image\":{\"@type\":\"ImageObject\",\"inLanguage\":\"es\",\"@id\":\"https:\\\/\\\/secure.gravatar.com\\\/avatar\\\/8a09ac165600ce2e1c38fe593c63928eb1e6e7ba5c5a907d67787c41b3d00c14?s=96&d=mm&r=g\",\"url\":\"https:\\\/\\\/secure.gravatar.com\\\/avatar\\\/8a09ac165600ce2e1c38fe593c63928eb1e6e7ba5c5a907d67787c41b3d00c14?s=96&d=mm&r=g\",\"contentUrl\":\"https:\\\/\\\/secure.gravatar.com\\\/avatar\\\/8a09ac165600ce2e1c38fe593c63928eb1e6e7ba5c5a907d67787c41b3d00c14?s=96&d=mm&r=g\",\"caption\":\"hotnewsinworld\"},\"url\":\"https:\\\/\\\/hotnewsinworld.com\\\/es\\\/author\\\/pt\\\/\"}]}<\/script>\n<!-- \/ Yoast SEO plugin. -->","yoast_head_json":{"title":"Miles de peruanos protestan contra el Gobierno interino de Manuel Merino - Hot News in World","robots":{"index":"index","follow":"follow","max-snippet":"max-snippet:-1","max-image-preview":"max-image-preview:large","max-video-preview":"max-video-preview:-1"},"canonical":"https:\/\/hotnewsinworld.com\/es\/miles-de-peruanos-protestan-contra-el-gobierno-interino-de-manuel-merino\/","og_locale":"es_ES","og_type":"article","og_title":"Miles de peruanos protestan contra el Gobierno interino de Manuel Merino - Hot News in World","og_description":"El cuarto d\u00eda de protestas en Per\u00fa por la destituci\u00f3n del presidente Mart\u00edn Vizcarra ha sido uno de los m\u00e1s violentos y multitudinarios. Tras la toma de posesi\u00f3n como presidente interino del empresario derechista Manuel Merino de Lama, de Acci\u00f3n Popular, que ejerc\u00eda hasta ahora como presidente del Congreso, miles de manifestantes, la mayor\u00eda j\u00f3venes, [&hellip;]","og_url":"https:\/\/hotnewsinworld.com\/es\/miles-de-peruanos-protestan-contra-el-gobierno-interino-de-manuel-merino\/","og_site_name":"Hot News in World","article_published_time":"2020-11-15T15:20:06+00:00","article_modified_time":"2020-11-15T15:20:07+00:00","og_image":[{"width":1000,"height":666,"url":"https:\/\/hotnewsinworld.com\/es\/wp-content\/uploads\/sites\/4\/2020\/11\/Miles-de-peruanos-protestan-contra-el-Gobierno-interino-de-Manuel.jpg","type":"image\/jpeg"}],"author":"hotnewsinworld","twitter_card":"summary_large_image","twitter_misc":{"Escrito por":"hotnewsinworld","Tiempo de lectura":"6 minutos"},"schema":{"@context":"https:\/\/schema.org","@graph":[{"@type":"Article","@id":"https:\/\/hotnewsinworld.com\/es\/miles-de-peruanos-protestan-contra-el-gobierno-interino-de-manuel-merino\/#article","isPartOf":{"@id":"https:\/\/hotnewsinworld.com\/es\/miles-de-peruanos-protestan-contra-el-gobierno-interino-de-manuel-merino\/"},"author":{"name":"hotnewsinworld","@id":"https:\/\/hotnewsinworld.com\/es\/#\/schema\/person\/fe61448b21c0d59086e75fcc1f9d8f6b"},"headline":"Miles de peruanos protestan contra el Gobierno interino de Manuel Merino","datePublished":"2020-11-15T15:20:06+00:00","dateModified":"2020-11-15T15:20:07+00:00","mainEntityOfPage":{"@id":"https:\/\/hotnewsinworld.com\/es\/miles-de-peruanos-protestan-contra-el-gobierno-interino-de-manuel-merino\/"},"wordCount":1193,"commentCount":0,"image":{"@id":"https:\/\/hotnewsinworld.com\/es\/miles-de-peruanos-protestan-contra-el-gobierno-interino-de-manuel-merino\/#primaryimage"},"thumbnailUrl":"https:\/\/hotnewsinworld.com\/es\/wp-content\/uploads\/sites\/4\/2020\/11\/Miles-de-peruanos-protestan-contra-el-Gobierno-interino-de-Manuel.jpg","articleSection":["NOTICIAS DE MEDIOS SOCIALES"],"inLanguage":"es","potentialAction":[{"@type":"CommentAction","name":"Comment","target":["https:\/\/hotnewsinworld.com\/es\/miles-de-peruanos-protestan-contra-el-gobierno-interino-de-manuel-merino\/#respond"]}]},{"@type":"WebPage","@id":"https:\/\/hotnewsinworld.com\/es\/miles-de-peruanos-protestan-contra-el-gobierno-interino-de-manuel-merino\/","url":"https:\/\/hotnewsinworld.com\/es\/miles-de-peruanos-protestan-contra-el-gobierno-interino-de-manuel-merino\/","name":"Miles de peruanos protestan contra el Gobierno interino de Manuel Merino - Hot News in World","isPartOf":{"@id":"https:\/\/hotnewsinworld.com\/es\/#website"},"primaryImageOfPage":{"@id":"https:\/\/hotnewsinworld.com\/es\/miles-de-peruanos-protestan-contra-el-gobierno-interino-de-manuel-merino\/#primaryimage"},"image":{"@id":"https:\/\/hotnewsinworld.com\/es\/miles-de-peruanos-protestan-contra-el-gobierno-interino-de-manuel-merino\/#primaryimage"},"thumbnailUrl":"https:\/\/hotnewsinworld.com\/es\/wp-content\/uploads\/sites\/4\/2020\/11\/Miles-de-peruanos-protestan-contra-el-Gobierno-interino-de-Manuel.jpg","datePublished":"2020-11-15T15:20:06+00:00","dateModified":"2020-11-15T15:20:07+00:00","author":{"@id":"https:\/\/hotnewsinworld.com\/es\/#\/schema\/person\/fe61448b21c0d59086e75fcc1f9d8f6b"},"breadcrumb":{"@id":"https:\/\/hotnewsinworld.com\/es\/miles-de-peruanos-protestan-contra-el-gobierno-interino-de-manuel-merino\/#breadcrumb"},"inLanguage":"es","potentialAction":[{"@type":"ReadAction","target":["https:\/\/hotnewsinworld.com\/es\/miles-de-peruanos-protestan-contra-el-gobierno-interino-de-manuel-merino\/"]}]},{"@type":"ImageObject","inLanguage":"es","@id":"https:\/\/hotnewsinworld.com\/es\/miles-de-peruanos-protestan-contra-el-gobierno-interino-de-manuel-merino\/#primaryimage","url":"https:\/\/hotnewsinworld.com\/es\/wp-content\/uploads\/sites\/4\/2020\/11\/Miles-de-peruanos-protestan-contra-el-Gobierno-interino-de-Manuel.jpg","contentUrl":"https:\/\/hotnewsinworld.com\/es\/wp-content\/uploads\/sites\/4\/2020\/11\/Miles-de-peruanos-protestan-contra-el-Gobierno-interino-de-Manuel.jpg","width":1000,"height":666,"caption":"Miles de peruanos protestan contra el Gobierno interino de Manuel Merino"},{"@type":"BreadcrumbList","@id":"https:\/\/hotnewsinworld.com\/es\/miles-de-peruanos-protestan-contra-el-gobierno-interino-de-manuel-merino\/#breadcrumb","itemListElement":[{"@type":"ListItem","position":1,"name":"\u0413\u043b\u0430\u0432\u043d\u0430\u044f \u0441\u0442\u0440\u0430\u043d\u0438\u0446\u0430","item":"https:\/\/hotnewsinworld.com\/es\/"},{"@type":"ListItem","position":2,"name":"Miles de peruanos protestan contra el Gobierno interino de Manuel Merino"}]},{"@type":"WebSite","@id":"https:\/\/hotnewsinworld.com\/es\/#website","url":"https:\/\/hotnewsinworld.com\/es\/","name":"Hot News in World","description":"Hot News in World from Spain","potentialAction":[{"@type":"SearchAction","target":{"@type":"EntryPoint","urlTemplate":"https:\/\/hotnewsinworld.com\/es\/?s={search_term_string}"},"query-input":{"@type":"PropertyValueSpecification","valueRequired":true,"valueName":"search_term_string"}}],"inLanguage":"es"},{"@type":"Person","@id":"https:\/\/hotnewsinworld.com\/es\/#\/schema\/person\/fe61448b21c0d59086e75fcc1f9d8f6b","name":"hotnewsinworld","image":{"@type":"ImageObject","inLanguage":"es","@id":"https:\/\/secure.gravatar.com\/avatar\/8a09ac165600ce2e1c38fe593c63928eb1e6e7ba5c5a907d67787c41b3d00c14?s=96&d=mm&r=g","url":"https:\/\/secure.gravatar.com\/avatar\/8a09ac165600ce2e1c38fe593c63928eb1e6e7ba5c5a907d67787c41b3d00c14?s=96&d=mm&r=g","contentUrl":"https:\/\/secure.gravatar.com\/avatar\/8a09ac165600ce2e1c38fe593c63928eb1e6e7ba5c5a907d67787c41b3d00c14?s=96&d=mm&r=g","caption":"hotnewsinworld"},"url":"https:\/\/hotnewsinworld.com\/es\/author\/pt\/"}]}},"_links":{"self":[{"href":"https:\/\/hotnewsinworld.com\/es\/wp-json\/wp\/v2\/posts\/731","targetHints":{"allow":["GET"]}}],"collection":[{"href":"https:\/\/hotnewsinworld.com\/es\/wp-json\/wp\/v2\/posts"}],"about":[{"href":"https:\/\/hotnewsinworld.com\/es\/wp-json\/wp\/v2\/types\/post"}],"author":[{"embeddable":true,"href":"https:\/\/hotnewsinworld.com\/es\/wp-json\/wp\/v2\/users\/2"}],"replies":[{"embeddable":true,"href":"https:\/\/hotnewsinworld.com\/es\/wp-json\/wp\/v2\/comments?post=731"}],"version-history":[{"count":1,"href":"https:\/\/hotnewsinworld.com\/es\/wp-json\/wp\/v2\/posts\/731\/revisions"}],"predecessor-version":[{"id":733,"href":"https:\/\/hotnewsinworld.com\/es\/wp-json\/wp\/v2\/posts\/731\/revisions\/733"}],"wp:featuredmedia":[{"embeddable":true,"href":"https:\/\/hotnewsinworld.com\/es\/wp-json\/wp\/v2\/media\/732"}],"wp:attachment":[{"href":"https:\/\/hotnewsinworld.com\/es\/wp-json\/wp\/v2\/media?parent=731"}],"wp:term":[{"taxonomy":"category","embeddable":true,"href":"https:\/\/hotnewsinworld.com\/es\/wp-json\/wp\/v2\/categories?post=731"},{"taxonomy":"post_tag","embeddable":true,"href":"https:\/\/hotnewsinworld.com\/es\/wp-json\/wp\/v2\/tags?post=731"}],"curies":[{"name":"wp","href":"https:\/\/api.w.org\/{rel}","templated":true}]}}