{"id":774,"date":"2020-11-18T22:08:59","date_gmt":"2020-11-18T19:08:59","guid":{"rendered":"https:\/\/hotnewsinworld.com\/es\/a-mi-tambien-me-acosaron-4-historias-de-superacion-del-bullying\/"},"modified":"2020-11-18T22:09:01","modified_gmt":"2020-11-18T19:09:01","slug":"a-mi-tambien-me-acosaron-4-historias-de-superacion-del-bullying","status":"publish","type":"post","link":"https:\/\/hotnewsinworld.com\/es\/a-mi-tambien-me-acosaron-4-historias-de-superacion-del-bullying\/","title":{"rendered":"&#8216;A m\u00ed tambi\u00e9n me acosaron&#8217;: 4 historias de superaci\u00f3n del bullying"},"content":{"rendered":"<p>\nEl caso de Diego, el ni\u00f1o de 11 a\u00f1os que se suicid\u00f3 en octubre, volvi\u00f3 a poner en la agenda pol\u00edtica, gracias a la lucha de sus padres, el tema del acoso escolar. Seg\u00fan un estudio de Save the Children, con preguntas a 21.500 estudiantes de entre 12 y 16 a\u00f1os,\u00a0uno de cada diez alumnos asegura ser v\u00edctima de acoso escolar y un 22,6% afirma ser blanco de insultos frecuentes. A continuaci\u00f3n, cuatro v\u00edctimas de varias generaciones nos cuentan su caso y nos explican c\u00f3mo lograron salir adelante.<br \/>\nYaiza. 14 a\u00f1os, acosada a los 7<\/p>\n<p>\u00abLo m\u00edo comenz\u00f3 en primaria, cuando ten\u00eda 7 a\u00f1os y cambi\u00e9 de colegio. Yo me comportaba normal, como lo hab\u00eda hecho siempre, pero un grupo de compa\u00f1eras me tom\u00f3 man\u00eda. Daba igual el lugar, ya fuese en el aula, en el patio o en los vestuarios del colegio, porque en todos ellos me arrinconaban y me insultaban: que si ol\u00eda mal, que si era fea, que si no sab\u00eda vestir&#8230;<br \/>\nDe tantas veces que me lo dijeron, me cost\u00f3 mucho convencerme de que no era as\u00ed, incluso hasta un tiempo despu\u00e9s de que dejaran de acosarme. Este es uno de los grandes problemas del acoso, y es que cuesta mucho trabajo recuperarse. En mi caso, he superado las secuelas m\u00e1s graves, pero en ocasiones todav\u00eda me pongo nerviosa al recordar todo aquello. Para m\u00ed es como una herida que a\u00fan est\u00e1 cicatrizando y que duele un poco al tocarla.<br \/>\nTras los insultos, el acoso pas\u00f3 a ser m\u00e1s f\u00edsico: me robaban el desayuno y llegaron a lanzarme un pupitre. Por ejemplo, hubo un d\u00eda en el que mis compa\u00f1eras, despu\u00e9s de clase de gimnasia, empezaron a lanzarme papel higi\u00e9nico mojado. Me escond\u00ed en un ba\u00f1o, pero ellas me lo siguieron lanzando por encima de la puerta. En aquellas ocasiones me quedaba quieta, no sab\u00eda c\u00f3mo reaccionar. Adem\u00e1s, no me atrev\u00eda a dec\u00edrselo a nadie por sus amenazas: &#8216;Como se lo digas a alguien, sufrir\u00e1s el doble&#8217;, me dec\u00edan. As\u00ed que mis padres no se enteraron hasta que mis primas se lo contaron.<br \/>\nEn mi caso, logr\u00e9 superarlo al cambiar de colegio y al coincidir con una tutora que estaba muy involucrada en la lucha contra el acoso escolar. Ella nos habl\u00f3 abiertamente del problema y decid\u00ed cont\u00e1rselo. El hecho de haber tenido una profesora sensible fue decisivo en mi caso y por eso creo que es importante que los profesores est\u00e9n bien preparados\u00bb.<br \/>\nIsaac (nombre ficticio). 22 a\u00f1os, acosado de los 3 a los 17<br \/>\n\u00abA m\u00ed me acosaron desde los 3 hasta los 17 a\u00f1os. Da igual que haya pasado por colegios p\u00fablicos y privados: toda mi vida escolar ha estado vinculada con el acoso. Al principio, cuando era m\u00e1s peque\u00f1o, otros ni\u00f1os me hac\u00edan vac\u00edo y me prohib\u00edan jugar con ellos. Es incre\u00edble c\u00f3mo, desde tan peque\u00f1os, podemos albergar sentimientos tan crueles. Luego, m\u00e1s adelante, durante mi paso por un internado, de los 11 a los 15 a\u00f1os, otros ni\u00f1os se met\u00edan en mi habitaci\u00f3n y me golpeaban por las noches.<br \/>\nCreo que la tomaban conmigo por ser muy introvertido. Siempre he sido una persona solitaria y me costaba mucho centrarme en los estudios. Aunque creo que tambi\u00e9n ha tenido que ver el hecho de ser centroamericano. Llegu\u00e9 a Espa\u00f1a cuando era muy peque\u00f1o, pero creo que el acoso contra m\u00ed tuvo un ingrediente racista.<br \/>\nPor ser una persona tan introvertida, me cost\u00f3 mucho exteriorizar todo lo que me estaba ocurriendo. Incluso, en un intento por integrarme, llegu\u00e9 a convertirme en acosador. Eso dur\u00f3 una temporada, hasta que me di cuenta de que ese camino no llevaba a ning\u00fan lado. As\u00ed que yo lo super\u00e9 gracias a un ejercicio de resistencia pura y dura.<br \/>\nAhora colaboro en una asociaci\u00f3n llamada NACE (No al Acoso Escolar, info@noalacoso.org) y aconsejo a las v\u00edctimas que lo hablen con alguien. Es probable que, de haberlo exteriorizado, yo lo hubiese atajado antes. Pero no lo hice. De hecho, llevo acudiendo a terapia psicol\u00f3gica desde los seis a\u00f1os, y no se lo comuniqu\u00e9 a mi terapeuta hasta hace un par de a\u00f1os, cuando me vi con confianza para hacerlo. Y eso que ahora tengo 22 a\u00f1os\u00bb.<br \/>\nMari\u00e1n Campello. 29 a\u00f1os, acosada en el colegio<\/p>\n<p>\u00abEmpec\u00e9 a sufrir acoso escolar hace 17 a\u00f1os, cuando el bullying no ten\u00eda ni nombre. Para referirme a ello, entonces, dec\u00eda que en mi colegio de Elche se met\u00edan conmigo y me pegaban. Eso es lo que empez\u00f3 a ocurrir cuando me puse del lado de otros ni\u00f1os que sufr\u00edan acoso. Desde entonces los acosadores la tomaron conmigo: empezaron con collejas en el pasillo y luego me esperaban fuera del colegio para golpearme.<br \/>\nEn mi caso lo verbalic\u00e9 con rapidez y se lo dije a mis profesores, pero no le dieron mucha importancia. Tambi\u00e9n lo habl\u00e9 con mis padres, quienes insistieron ante los profesores, aunque sin resultados. Mis padres hablaron incluso con los padres de mis acosadores, lo que tampoco sirvi\u00f3. Por desgracia, las cosas no mejoraron hasta que me cambiaron de clase. Pero, aunque no consiguieron enderezar las cosas, mis padres se convirtieron en mi sost\u00e9n principal y me apoyaron mucho.<br \/>\nAhora la gente es m\u00e1s consciente de la lacra que supone el acoso escolar, por lo que quiero creer que hoy en d\u00eda los profesores se lo tomar\u00edan m\u00e1s en serio y que actuar\u00edan mejor ante una denuncia como la m\u00eda. Tambi\u00e9n hay algunos programas de mediaci\u00f3n en los instituos que pueden servir de apoyo para quienes lo pasan mal. Por suerte, el acoso escolar cada vez se encuentra menos normalizado.<br \/>\nDesde que termin\u00e9 el colegio casi no hab\u00eda vuelto a hablar de esto. Pero hace unas semanas decid\u00ed hacer p\u00fablica mi historia en una sesi\u00f3n sobre acoso escolar en las Cortes Valencianas, donde soy diputada. Espero que mi historia sirva para que las v\u00edctimas sepan que no est\u00e1n solas\u00bb.<br \/>\nLuis Luque. 43 a\u00f1os, acosado de los 8 a los 15 a\u00f1os<\/p>\n<p>\u00abEn mi caso hubo insultos, pintadas en el pupitre, amenazas y algunos empujones. La mayor\u00eda, con una motivaci\u00f3n hom\u00f3foba. Esto demuestra que el acoso escolar no es solo cosa de ni\u00f1os, sino que muchas veces volcamos en ellos nuestros prejuicios, nuestros odios, nuestros miedos y nuestros fracasos. De alguna manera, hemos hecho que ellos se empapen de nuestro miedo a la diferencia.<br \/>\nNecesitamos una reflexi\u00f3n generalizada para que padres, profesores y alumnos tomen conciencia de la importancia del problema. Por fortuna, desde los 8 a los 15 a\u00f1os, cuando fui v\u00edctima de acoso, no sufr\u00ed las terribles agresiones f\u00edsicas que a menudo saltan a las noticias. Pero deber\u00edamos ser muy conscientes de que el abuso tambi\u00e9n est\u00e1 en aquellos insultos y en aquellas pintadas, que pueden hacer mucho da\u00f1o a las v\u00edctimas.<br \/>\nTambi\u00e9n deber\u00edamos volcarnos en que los alumnos sepan reaccionar ante el acoso. De igual manera en que yo fui v\u00edctima de acoso, tambi\u00e9n fui testigo de c\u00f3mo acosaban a otros compa\u00f1eros. Y entonces no reaccion\u00e9 de ninguna manera, me limit\u00e9 a contemplarlo. Durante todo este tiempo, hemos estado muy paralizados ante el acoso escolar, y es hora de que aprendamos a reaccionar. Como v\u00edctima, yo no manifest\u00e9 el problema ante ning\u00fan adulto porque me daba verg\u00fcenza, pero ahora quienes sufren acoso deber\u00edan tener claro las herramientas para superarlo.<br \/>\nAhora soy director de teatro y estoy dirigiendo El peque\u00f1o pony, una obra sobre acoso escolar que escribi\u00f3 Paco Bezerra bas\u00e1ndose en una historia real ocurrida en Estados Unidos. En 2014, un ni\u00f1o de nueve a\u00f1os empez\u00f3 a sufrir bullying por llevar una mochila de la serie animada Mi peque\u00f1o pony. La direcci\u00f3n del centro no encontr\u00f3 otra soluci\u00f3n m\u00e1s que pedir al ni\u00f1o que dejara de llevar la mochila porque era un detonante de acoso. La obra trata sobre aquel caso y, debido a mi pasado, es una de las obras m\u00e1s personales que he dirigido hasta ahora\u00bb.<br \/>\n* Los testimonios de este art\u00edculo han sido recopilados por \u00c1lvaro Llorca<br \/>\n* Para que no te pierdas nada, nosotros te mandamos lo mejor de Verne a tu m\u00f3vil: \u00a1\u00fanete a nuestro Telegram telegram.me\/verneelpais!<br \/>\n* Tambi\u00e9n puedes seguirnos en Instagram y Flipboard. \u00a1No te pierdas lo mejor de Verne!                    <script async defer src=\"https:\/\/platform.instagram.com\/en_US\/embeds.js\"><\/script><br \/>\n<br \/>\n<!--noindex--><br \/>\n<a href=\"https:\/\/verne.elpais.com\/verne\/2016\/01\/27\/articulo\/1453901550_357408.html\" rel=\"nofollow\">Source link <\/a><br \/>\n<!--\/noindex--><\/p>\n","protected":false},"excerpt":{"rendered":"<p>El caso de Diego, el ni\u00f1o de 11 a\u00f1os que se suicid\u00f3 en octubre, volvi\u00f3 a poner en la agenda pol\u00edtica, gracias a la lucha de sus padres, el tema del acoso escolar. Seg\u00fan un estudio de Save the Children, con preguntas a 21.500 estudiantes de entre 12 y 16 a\u00f1os,\u00a0uno de cada diez alumnos [&hellip;]<\/p>\n","protected":false},"author":2,"featured_media":775,"comment_status":"open","ping_status":"open","sticky":false,"template":"","format":"standard","meta":{"footnotes":""},"categories":[3],"tags":[],"class_list":["post-774","post","type-post","status-publish","format-standard","has-post-thumbnail","hentry","category-noticias-de-medios-sociales"],"yoast_head":"<!-- This site is optimized with the Yoast SEO plugin v27.4 - https:\/\/yoast.com\/product\/yoast-seo-wordpress\/ -->\n<title>&#039;A m\u00ed tambi\u00e9n me acosaron&#039;: 4 historias de superaci\u00f3n del bullying - Hot News in World<\/title>\n<meta name=\"robots\" content=\"index, follow, max-snippet:-1, max-image-preview:large, max-video-preview:-1\" \/>\n<link rel=\"canonical\" href=\"https:\/\/hotnewsinworld.com\/es\/a-mi-tambien-me-acosaron-4-historias-de-superacion-del-bullying\/\" \/>\n<meta property=\"og:locale\" content=\"es_ES\" \/>\n<meta property=\"og:type\" content=\"article\" \/>\n<meta property=\"og:title\" content=\"&#039;A m\u00ed tambi\u00e9n me acosaron&#039;: 4 historias de superaci\u00f3n del bullying - Hot News in World\" \/>\n<meta property=\"og:description\" content=\"El caso de Diego, el ni\u00f1o de 11 a\u00f1os que se suicid\u00f3 en octubre, volvi\u00f3 a poner en la agenda pol\u00edtica, gracias a la lucha de sus padres, el tema del acoso escolar. Seg\u00fan un estudio de Save the Children, con preguntas a 21.500 estudiantes de entre 12 y 16 a\u00f1os,\u00a0uno de cada diez alumnos [&hellip;]\" \/>\n<meta property=\"og:url\" content=\"https:\/\/hotnewsinworld.com\/es\/a-mi-tambien-me-acosaron-4-historias-de-superacion-del-bullying\/\" \/>\n<meta property=\"og:site_name\" content=\"Hot News in World\" \/>\n<meta property=\"article:published_time\" content=\"2020-11-18T19:08:59+00:00\" \/>\n<meta property=\"article:modified_time\" content=\"2020-11-18T19:09:01+00:00\" \/>\n<meta property=\"og:image\" content=\"https:\/\/hotnewsinworld.com\/es\/wp-content\/uploads\/sites\/4\/2020\/11\/A-mi-tambien-me-acosaron-4-historias-de-superacion-del.jpg\" \/>\n\t<meta property=\"og:image:width\" content=\"630\" \/>\n\t<meta property=\"og:image:height\" content=\"397\" \/>\n\t<meta property=\"og:image:type\" content=\"image\/jpeg\" \/>\n<meta name=\"author\" content=\"hotnewsinworld\" \/>\n<meta name=\"twitter:card\" content=\"summary_large_image\" \/>\n<meta name=\"twitter:label1\" content=\"Escrito por\" \/>\n\t<meta name=\"twitter:data1\" content=\"hotnewsinworld\" \/>\n\t<meta name=\"twitter:label2\" content=\"Tiempo de lectura\" \/>\n\t<meta name=\"twitter:data2\" content=\"7 minutos\" \/>\n<script type=\"application\/ld+json\" class=\"yoast-schema-graph\">{\"@context\":\"https:\\\/\\\/schema.org\",\"@graph\":[{\"@type\":\"Article\",\"@id\":\"https:\\\/\\\/hotnewsinworld.com\\\/es\\\/a-mi-tambien-me-acosaron-4-historias-de-superacion-del-bullying\\\/#article\",\"isPartOf\":{\"@id\":\"https:\\\/\\\/hotnewsinworld.com\\\/es\\\/a-mi-tambien-me-acosaron-4-historias-de-superacion-del-bullying\\\/\"},\"author\":{\"name\":\"hotnewsinworld\",\"@id\":\"https:\\\/\\\/hotnewsinworld.com\\\/es\\\/#\\\/schema\\\/person\\\/fe61448b21c0d59086e75fcc1f9d8f6b\"},\"headline\":\"&#8216;A m\u00ed tambi\u00e9n me acosaron&#8217;: 4 historias de superaci\u00f3n del bullying\",\"datePublished\":\"2020-11-18T19:08:59+00:00\",\"dateModified\":\"2020-11-18T19:09:01+00:00\",\"mainEntityOfPage\":{\"@id\":\"https:\\\/\\\/hotnewsinworld.com\\\/es\\\/a-mi-tambien-me-acosaron-4-historias-de-superacion-del-bullying\\\/\"},\"wordCount\":1474,\"commentCount\":0,\"image\":{\"@id\":\"https:\\\/\\\/hotnewsinworld.com\\\/es\\\/a-mi-tambien-me-acosaron-4-historias-de-superacion-del-bullying\\\/#primaryimage\"},\"thumbnailUrl\":\"https:\\\/\\\/hotnewsinworld.com\\\/es\\\/wp-content\\\/uploads\\\/sites\\\/4\\\/2020\\\/11\\\/A-mi-tambien-me-acosaron-4-historias-de-superacion-del.jpg\",\"articleSection\":[\"NOTICIAS DE MEDIOS SOCIALES\"],\"inLanguage\":\"es\",\"potentialAction\":[{\"@type\":\"CommentAction\",\"name\":\"Comment\",\"target\":[\"https:\\\/\\\/hotnewsinworld.com\\\/es\\\/a-mi-tambien-me-acosaron-4-historias-de-superacion-del-bullying\\\/#respond\"]}]},{\"@type\":\"WebPage\",\"@id\":\"https:\\\/\\\/hotnewsinworld.com\\\/es\\\/a-mi-tambien-me-acosaron-4-historias-de-superacion-del-bullying\\\/\",\"url\":\"https:\\\/\\\/hotnewsinworld.com\\\/es\\\/a-mi-tambien-me-acosaron-4-historias-de-superacion-del-bullying\\\/\",\"name\":\"'A m\u00ed tambi\u00e9n me acosaron': 4 historias de superaci\u00f3n del bullying - Hot News in World\",\"isPartOf\":{\"@id\":\"https:\\\/\\\/hotnewsinworld.com\\\/es\\\/#website\"},\"primaryImageOfPage\":{\"@id\":\"https:\\\/\\\/hotnewsinworld.com\\\/es\\\/a-mi-tambien-me-acosaron-4-historias-de-superacion-del-bullying\\\/#primaryimage\"},\"image\":{\"@id\":\"https:\\\/\\\/hotnewsinworld.com\\\/es\\\/a-mi-tambien-me-acosaron-4-historias-de-superacion-del-bullying\\\/#primaryimage\"},\"thumbnailUrl\":\"https:\\\/\\\/hotnewsinworld.com\\\/es\\\/wp-content\\\/uploads\\\/sites\\\/4\\\/2020\\\/11\\\/A-mi-tambien-me-acosaron-4-historias-de-superacion-del.jpg\",\"datePublished\":\"2020-11-18T19:08:59+00:00\",\"dateModified\":\"2020-11-18T19:09:01+00:00\",\"author\":{\"@id\":\"https:\\\/\\\/hotnewsinworld.com\\\/es\\\/#\\\/schema\\\/person\\\/fe61448b21c0d59086e75fcc1f9d8f6b\"},\"breadcrumb\":{\"@id\":\"https:\\\/\\\/hotnewsinworld.com\\\/es\\\/a-mi-tambien-me-acosaron-4-historias-de-superacion-del-bullying\\\/#breadcrumb\"},\"inLanguage\":\"es\",\"potentialAction\":[{\"@type\":\"ReadAction\",\"target\":[\"https:\\\/\\\/hotnewsinworld.com\\\/es\\\/a-mi-tambien-me-acosaron-4-historias-de-superacion-del-bullying\\\/\"]}]},{\"@type\":\"ImageObject\",\"inLanguage\":\"es\",\"@id\":\"https:\\\/\\\/hotnewsinworld.com\\\/es\\\/a-mi-tambien-me-acosaron-4-historias-de-superacion-del-bullying\\\/#primaryimage\",\"url\":\"https:\\\/\\\/hotnewsinworld.com\\\/es\\\/wp-content\\\/uploads\\\/sites\\\/4\\\/2020\\\/11\\\/A-mi-tambien-me-acosaron-4-historias-de-superacion-del.jpg\",\"contentUrl\":\"https:\\\/\\\/hotnewsinworld.com\\\/es\\\/wp-content\\\/uploads\\\/sites\\\/4\\\/2020\\\/11\\\/A-mi-tambien-me-acosaron-4-historias-de-superacion-del.jpg\",\"width\":630,\"height\":397,\"caption\":\"'A m\u00ed tambi\u00e9n me acosaron': 4 historias de superaci\u00f3n del bullying\"},{\"@type\":\"BreadcrumbList\",\"@id\":\"https:\\\/\\\/hotnewsinworld.com\\\/es\\\/a-mi-tambien-me-acosaron-4-historias-de-superacion-del-bullying\\\/#breadcrumb\",\"itemListElement\":[{\"@type\":\"ListItem\",\"position\":1,\"name\":\"\u0413\u043b\u0430\u0432\u043d\u0430\u044f \u0441\u0442\u0440\u0430\u043d\u0438\u0446\u0430\",\"item\":\"https:\\\/\\\/hotnewsinworld.com\\\/es\\\/\"},{\"@type\":\"ListItem\",\"position\":2,\"name\":\"&#8216;A m\u00ed tambi\u00e9n me acosaron&#8217;: 4 historias de superaci\u00f3n del bullying\"}]},{\"@type\":\"WebSite\",\"@id\":\"https:\\\/\\\/hotnewsinworld.com\\\/es\\\/#website\",\"url\":\"https:\\\/\\\/hotnewsinworld.com\\\/es\\\/\",\"name\":\"Hot News in World\",\"description\":\"Hot News in World from Spain\",\"potentialAction\":[{\"@type\":\"SearchAction\",\"target\":{\"@type\":\"EntryPoint\",\"urlTemplate\":\"https:\\\/\\\/hotnewsinworld.com\\\/es\\\/?s={search_term_string}\"},\"query-input\":{\"@type\":\"PropertyValueSpecification\",\"valueRequired\":true,\"valueName\":\"search_term_string\"}}],\"inLanguage\":\"es\"},{\"@type\":\"Person\",\"@id\":\"https:\\\/\\\/hotnewsinworld.com\\\/es\\\/#\\\/schema\\\/person\\\/fe61448b21c0d59086e75fcc1f9d8f6b\",\"name\":\"hotnewsinworld\",\"image\":{\"@type\":\"ImageObject\",\"inLanguage\":\"es\",\"@id\":\"https:\\\/\\\/secure.gravatar.com\\\/avatar\\\/8a09ac165600ce2e1c38fe593c63928eb1e6e7ba5c5a907d67787c41b3d00c14?s=96&d=mm&r=g\",\"url\":\"https:\\\/\\\/secure.gravatar.com\\\/avatar\\\/8a09ac165600ce2e1c38fe593c63928eb1e6e7ba5c5a907d67787c41b3d00c14?s=96&d=mm&r=g\",\"contentUrl\":\"https:\\\/\\\/secure.gravatar.com\\\/avatar\\\/8a09ac165600ce2e1c38fe593c63928eb1e6e7ba5c5a907d67787c41b3d00c14?s=96&d=mm&r=g\",\"caption\":\"hotnewsinworld\"},\"url\":\"https:\\\/\\\/hotnewsinworld.com\\\/es\\\/author\\\/pt\\\/\"}]}<\/script>\n<!-- \/ Yoast SEO plugin. -->","yoast_head_json":{"title":"'A m\u00ed tambi\u00e9n me acosaron': 4 historias de superaci\u00f3n del bullying - Hot News in World","robots":{"index":"index","follow":"follow","max-snippet":"max-snippet:-1","max-image-preview":"max-image-preview:large","max-video-preview":"max-video-preview:-1"},"canonical":"https:\/\/hotnewsinworld.com\/es\/a-mi-tambien-me-acosaron-4-historias-de-superacion-del-bullying\/","og_locale":"es_ES","og_type":"article","og_title":"'A m\u00ed tambi\u00e9n me acosaron': 4 historias de superaci\u00f3n del bullying - Hot News in World","og_description":"El caso de Diego, el ni\u00f1o de 11 a\u00f1os que se suicid\u00f3 en octubre, volvi\u00f3 a poner en la agenda pol\u00edtica, gracias a la lucha de sus padres, el tema del acoso escolar. Seg\u00fan un estudio de Save the Children, con preguntas a 21.500 estudiantes de entre 12 y 16 a\u00f1os,\u00a0uno de cada diez alumnos [&hellip;]","og_url":"https:\/\/hotnewsinworld.com\/es\/a-mi-tambien-me-acosaron-4-historias-de-superacion-del-bullying\/","og_site_name":"Hot News in World","article_published_time":"2020-11-18T19:08:59+00:00","article_modified_time":"2020-11-18T19:09:01+00:00","og_image":[{"width":630,"height":397,"url":"https:\/\/hotnewsinworld.com\/es\/wp-content\/uploads\/sites\/4\/2020\/11\/A-mi-tambien-me-acosaron-4-historias-de-superacion-del.jpg","type":"image\/jpeg"}],"author":"hotnewsinworld","twitter_card":"summary_large_image","twitter_misc":{"Escrito por":"hotnewsinworld","Tiempo de lectura":"7 minutos"},"schema":{"@context":"https:\/\/schema.org","@graph":[{"@type":"Article","@id":"https:\/\/hotnewsinworld.com\/es\/a-mi-tambien-me-acosaron-4-historias-de-superacion-del-bullying\/#article","isPartOf":{"@id":"https:\/\/hotnewsinworld.com\/es\/a-mi-tambien-me-acosaron-4-historias-de-superacion-del-bullying\/"},"author":{"name":"hotnewsinworld","@id":"https:\/\/hotnewsinworld.com\/es\/#\/schema\/person\/fe61448b21c0d59086e75fcc1f9d8f6b"},"headline":"&#8216;A m\u00ed tambi\u00e9n me acosaron&#8217;: 4 historias de superaci\u00f3n del bullying","datePublished":"2020-11-18T19:08:59+00:00","dateModified":"2020-11-18T19:09:01+00:00","mainEntityOfPage":{"@id":"https:\/\/hotnewsinworld.com\/es\/a-mi-tambien-me-acosaron-4-historias-de-superacion-del-bullying\/"},"wordCount":1474,"commentCount":0,"image":{"@id":"https:\/\/hotnewsinworld.com\/es\/a-mi-tambien-me-acosaron-4-historias-de-superacion-del-bullying\/#primaryimage"},"thumbnailUrl":"https:\/\/hotnewsinworld.com\/es\/wp-content\/uploads\/sites\/4\/2020\/11\/A-mi-tambien-me-acosaron-4-historias-de-superacion-del.jpg","articleSection":["NOTICIAS DE MEDIOS SOCIALES"],"inLanguage":"es","potentialAction":[{"@type":"CommentAction","name":"Comment","target":["https:\/\/hotnewsinworld.com\/es\/a-mi-tambien-me-acosaron-4-historias-de-superacion-del-bullying\/#respond"]}]},{"@type":"WebPage","@id":"https:\/\/hotnewsinworld.com\/es\/a-mi-tambien-me-acosaron-4-historias-de-superacion-del-bullying\/","url":"https:\/\/hotnewsinworld.com\/es\/a-mi-tambien-me-acosaron-4-historias-de-superacion-del-bullying\/","name":"'A m\u00ed tambi\u00e9n me acosaron': 4 historias de superaci\u00f3n del bullying - Hot News in World","isPartOf":{"@id":"https:\/\/hotnewsinworld.com\/es\/#website"},"primaryImageOfPage":{"@id":"https:\/\/hotnewsinworld.com\/es\/a-mi-tambien-me-acosaron-4-historias-de-superacion-del-bullying\/#primaryimage"},"image":{"@id":"https:\/\/hotnewsinworld.com\/es\/a-mi-tambien-me-acosaron-4-historias-de-superacion-del-bullying\/#primaryimage"},"thumbnailUrl":"https:\/\/hotnewsinworld.com\/es\/wp-content\/uploads\/sites\/4\/2020\/11\/A-mi-tambien-me-acosaron-4-historias-de-superacion-del.jpg","datePublished":"2020-11-18T19:08:59+00:00","dateModified":"2020-11-18T19:09:01+00:00","author":{"@id":"https:\/\/hotnewsinworld.com\/es\/#\/schema\/person\/fe61448b21c0d59086e75fcc1f9d8f6b"},"breadcrumb":{"@id":"https:\/\/hotnewsinworld.com\/es\/a-mi-tambien-me-acosaron-4-historias-de-superacion-del-bullying\/#breadcrumb"},"inLanguage":"es","potentialAction":[{"@type":"ReadAction","target":["https:\/\/hotnewsinworld.com\/es\/a-mi-tambien-me-acosaron-4-historias-de-superacion-del-bullying\/"]}]},{"@type":"ImageObject","inLanguage":"es","@id":"https:\/\/hotnewsinworld.com\/es\/a-mi-tambien-me-acosaron-4-historias-de-superacion-del-bullying\/#primaryimage","url":"https:\/\/hotnewsinworld.com\/es\/wp-content\/uploads\/sites\/4\/2020\/11\/A-mi-tambien-me-acosaron-4-historias-de-superacion-del.jpg","contentUrl":"https:\/\/hotnewsinworld.com\/es\/wp-content\/uploads\/sites\/4\/2020\/11\/A-mi-tambien-me-acosaron-4-historias-de-superacion-del.jpg","width":630,"height":397,"caption":"'A m\u00ed tambi\u00e9n me acosaron': 4 historias de superaci\u00f3n del bullying"},{"@type":"BreadcrumbList","@id":"https:\/\/hotnewsinworld.com\/es\/a-mi-tambien-me-acosaron-4-historias-de-superacion-del-bullying\/#breadcrumb","itemListElement":[{"@type":"ListItem","position":1,"name":"\u0413\u043b\u0430\u0432\u043d\u0430\u044f \u0441\u0442\u0440\u0430\u043d\u0438\u0446\u0430","item":"https:\/\/hotnewsinworld.com\/es\/"},{"@type":"ListItem","position":2,"name":"&#8216;A m\u00ed tambi\u00e9n me acosaron&#8217;: 4 historias de superaci\u00f3n del bullying"}]},{"@type":"WebSite","@id":"https:\/\/hotnewsinworld.com\/es\/#website","url":"https:\/\/hotnewsinworld.com\/es\/","name":"Hot News in World","description":"Hot News in World from Spain","potentialAction":[{"@type":"SearchAction","target":{"@type":"EntryPoint","urlTemplate":"https:\/\/hotnewsinworld.com\/es\/?s={search_term_string}"},"query-input":{"@type":"PropertyValueSpecification","valueRequired":true,"valueName":"search_term_string"}}],"inLanguage":"es"},{"@type":"Person","@id":"https:\/\/hotnewsinworld.com\/es\/#\/schema\/person\/fe61448b21c0d59086e75fcc1f9d8f6b","name":"hotnewsinworld","image":{"@type":"ImageObject","inLanguage":"es","@id":"https:\/\/secure.gravatar.com\/avatar\/8a09ac165600ce2e1c38fe593c63928eb1e6e7ba5c5a907d67787c41b3d00c14?s=96&d=mm&r=g","url":"https:\/\/secure.gravatar.com\/avatar\/8a09ac165600ce2e1c38fe593c63928eb1e6e7ba5c5a907d67787c41b3d00c14?s=96&d=mm&r=g","contentUrl":"https:\/\/secure.gravatar.com\/avatar\/8a09ac165600ce2e1c38fe593c63928eb1e6e7ba5c5a907d67787c41b3d00c14?s=96&d=mm&r=g","caption":"hotnewsinworld"},"url":"https:\/\/hotnewsinworld.com\/es\/author\/pt\/"}]}},"_links":{"self":[{"href":"https:\/\/hotnewsinworld.com\/es\/wp-json\/wp\/v2\/posts\/774","targetHints":{"allow":["GET"]}}],"collection":[{"href":"https:\/\/hotnewsinworld.com\/es\/wp-json\/wp\/v2\/posts"}],"about":[{"href":"https:\/\/hotnewsinworld.com\/es\/wp-json\/wp\/v2\/types\/post"}],"author":[{"embeddable":true,"href":"https:\/\/hotnewsinworld.com\/es\/wp-json\/wp\/v2\/users\/2"}],"replies":[{"embeddable":true,"href":"https:\/\/hotnewsinworld.com\/es\/wp-json\/wp\/v2\/comments?post=774"}],"version-history":[{"count":1,"href":"https:\/\/hotnewsinworld.com\/es\/wp-json\/wp\/v2\/posts\/774\/revisions"}],"predecessor-version":[{"id":776,"href":"https:\/\/hotnewsinworld.com\/es\/wp-json\/wp\/v2\/posts\/774\/revisions\/776"}],"wp:featuredmedia":[{"embeddable":true,"href":"https:\/\/hotnewsinworld.com\/es\/wp-json\/wp\/v2\/media\/775"}],"wp:attachment":[{"href":"https:\/\/hotnewsinworld.com\/es\/wp-json\/wp\/v2\/media?parent=774"}],"wp:term":[{"taxonomy":"category","embeddable":true,"href":"https:\/\/hotnewsinworld.com\/es\/wp-json\/wp\/v2\/categories?post=774"},{"taxonomy":"post_tag","embeddable":true,"href":"https:\/\/hotnewsinworld.com\/es\/wp-json\/wp\/v2\/tags?post=774"}],"curies":[{"name":"wp","href":"https:\/\/api.w.org\/{rel}","templated":true}]}}