{"id":792,"date":"2020-11-20T12:34:24","date_gmt":"2020-11-20T09:34:24","guid":{"rendered":"https:\/\/hotnewsinworld.com\/es\/el-pnv-pacta-con-el-gobierno-la-eliminacion-de-la-subida-del-impuesto-al-diesel-de-los-presupuestos\/"},"modified":"2020-11-20T12:34:30","modified_gmt":"2020-11-20T09:34:30","slug":"el-pnv-pacta-con-el-gobierno-la-eliminacion-de-la-subida-del-impuesto-al-diesel-de-los-presupuestos","status":"publish","type":"post","link":"https:\/\/hotnewsinworld.com\/es\/el-pnv-pacta-con-el-gobierno-la-eliminacion-de-la-subida-del-impuesto-al-diesel-de-los-presupuestos\/","title":{"rendered":"El PNV pacta con el Gobierno la eliminaci\u00f3n de la subida del impuesto al di\u00e9sel de los presupuestos"},"content":{"rendered":"<p>El presidente del PNV, Andoni Ort\u00fazar.FERNANDO DOMINGO-ALDAMAEl PNV ha pactado con el Gobierno central un paquete de enmiendas a los presupuestos generales del Estado (PGE), entre las que se incluye la eliminaci\u00f3n del impuesto al di\u00e9sel, han informado fuentes de la formaci\u00f3n nacionalista y ha confirmado su portavoz en el Congreso, Aitor Esteban. Desde el primer momento, los nacionalistas vascos condicionaron su apoyo a las cuentas a la supresi\u00f3n de este aumento impositivo, con el que el Gobierno pretend\u00eda recaudar unos 500 millones de euros en dos a\u00f1os. Ciudadanos tambi\u00e9n estaba en contra de este impuesto e incluso lleg\u00f3 a asegurar que hab\u00eda conseguido un compromiso del Ejecutivo de Pedro S\u00e1nchez para su eliminaci\u00f3n en el proceso de enmiendas.Seg\u00fan Esteban, el PNV ha acordado con el Gobierno cuatro enmiendas a los Presupuestos, que incluyen la eliminaci\u00f3n del impuesto al di\u00e9sel y varias inversiones para el Pa\u00eds Vasco, y que acercan a los nacionalistas a un pacto definitivo de apoyo a las cuentas p\u00fablicas. El portavoz ha destacado la importancia del \u201cavance\u201d, pero ha dejado claro que a\u00fan no supone un apoyo definitivo al proyecto aprobado la semana pasada. El proyecto de Presupuestos contiene una medida que pretende acercar la tributaci\u00f3n del di\u00e9sel a la de la gasolina,\u00a0algo que llevaba tiempo en la mesa del Ejecutivo. En concreto, el tipo estatal general del gas\u00f3leo, seg\u00fan el proyecto, subir\u00eda hasta los 34,5 c\u00e9ntimos por litro \u2015frente a los 30,7 actuales\u2015 con lo que se reducir\u00eda la bonificaci\u00f3n de la que goza este combustible hasta los 3,8 c\u00e9ntimos por litro. El Gobierno esperaba recaudar con esta subida, ahora eliminada de las cuentas, unos 500 millones de euros. Pero el PNV hizo causa belli de este aumento, aduciendo que perjudicar\u00eda a la industria vasca dedicada a los motores di\u00e9sel, porque desincentivar\u00eda la compra de estos veh\u00edculos, poniendo en juego los empleos en esa industria.La medida, en todo caso, estaba en el alero casi desde el mismo momento en que se aprob\u00f3 el proyecto de Presupuestos. El mismo d\u00eda de su presentaci\u00f3n en el Congreso, Ciudadanos asegur\u00f3 que \u201cno habr\u00e1 subida al di\u00e9sel\u201d, que hab\u00eda arrancado al Gobierno el compromiso de que se suprimir\u00e1 v\u00eda enmienda, reforzando as\u00ed la impresi\u00f3n de que su inclusi\u00f3n en las cuentas era una moneda de cambio para negociar.Adem\u00e1s del asunto del di\u00e9sel, el PNV ha acordado inversiones de 50 millones para la industria de la m\u00e1quina herramienta, seis millones para el soterramiento del tren en Zorrotza (Bilbao), y la creaci\u00f3n de una nueva figura contractual para el desarrollo de la formaci\u00f3n dual universitaria.<br \/>\n<br \/>\n<!--noindex--><br \/>\n<a href=\"https:\/\/elpais.com\/economia\/2020-11-20\/el-pnv-asegura-que-ha-pactado-con-el-gobierno-la-eliminacion-del-impuesto-al-diesel.html\" rel=\"nofollow\">Source link <\/a><br \/>\n<!--\/noindex--><\/p>\n","protected":false},"excerpt":{"rendered":"<p>El presidente del PNV, Andoni Ort\u00fazar.FERNANDO DOMINGO-ALDAMAEl PNV ha pactado con el Gobierno central un paquete de enmiendas a los presupuestos generales del Estado (PGE), entre las que se incluye la eliminaci\u00f3n del impuesto al di\u00e9sel, han informado fuentes de la formaci\u00f3n nacionalista y ha confirmado su portavoz en el Congreso, Aitor Esteban. Desde el [&hellip;]<\/p>\n","protected":false},"author":2,"featured_media":793,"comment_status":"open","ping_status":"open","sticky":false,"template":"","format":"standard","meta":{"footnotes":""},"categories":[3],"tags":[],"class_list":["post-792","post","type-post","status-publish","format-standard","has-post-thumbnail","hentry","category-noticias-de-medios-sociales"],"yoast_head":"<!-- This site is optimized with the Yoast SEO plugin v27.4 - https:\/\/yoast.com\/product\/yoast-seo-wordpress\/ -->\n<title>El PNV pacta con el Gobierno la eliminaci\u00f3n de la subida del impuesto al di\u00e9sel de los presupuestos - Hot News in World<\/title>\n<meta name=\"robots\" content=\"index, follow, max-snippet:-1, max-image-preview:large, max-video-preview:-1\" \/>\n<link rel=\"canonical\" href=\"https:\/\/hotnewsinworld.com\/es\/el-pnv-pacta-con-el-gobierno-la-eliminacion-de-la-subida-del-impuesto-al-diesel-de-los-presupuestos\/\" \/>\n<meta property=\"og:locale\" content=\"es_ES\" \/>\n<meta property=\"og:type\" content=\"article\" \/>\n<meta property=\"og:title\" content=\"El PNV pacta con el Gobierno la eliminaci\u00f3n de la subida del impuesto al di\u00e9sel de los presupuestos - Hot News in World\" \/>\n<meta property=\"og:description\" content=\"El presidente del PNV, Andoni Ort\u00fazar.FERNANDO DOMINGO-ALDAMAEl PNV ha pactado con el Gobierno central un paquete de enmiendas a los presupuestos generales del Estado (PGE), entre las que se incluye la eliminaci\u00f3n del impuesto al di\u00e9sel, han informado fuentes de la formaci\u00f3n nacionalista y ha confirmado su portavoz en el Congreso, Aitor Esteban. Desde el [&hellip;]\" \/>\n<meta property=\"og:url\" content=\"https:\/\/hotnewsinworld.com\/es\/el-pnv-pacta-con-el-gobierno-la-eliminacion-de-la-subida-del-impuesto-al-diesel-de-los-presupuestos\/\" \/>\n<meta property=\"og:site_name\" content=\"Hot News in World\" \/>\n<meta property=\"article:published_time\" content=\"2020-11-20T09:34:24+00:00\" \/>\n<meta property=\"article:modified_time\" content=\"2020-11-20T09:34:30+00:00\" \/>\n<meta property=\"og:image\" content=\"https:\/\/hotnewsinworld.com\/es\/wp-content\/uploads\/sites\/4\/2020\/11\/El-PNV-pacta-con-el-Gobierno-la-eliminacion-de-la-scaled.jpg\" \/>\n\t<meta property=\"og:image:width\" content=\"2560\" \/>\n\t<meta property=\"og:image:height\" content=\"1707\" \/>\n\t<meta property=\"og:image:type\" content=\"image\/jpeg\" \/>\n<meta name=\"author\" content=\"hotnewsinworld\" \/>\n<meta name=\"twitter:card\" content=\"summary_large_image\" \/>\n<meta name=\"twitter:label1\" content=\"Escrito por\" \/>\n\t<meta name=\"twitter:data1\" content=\"hotnewsinworld\" \/>\n\t<meta name=\"twitter:label2\" content=\"Tiempo de lectura\" \/>\n\t<meta name=\"twitter:data2\" content=\"2 minutos\" \/>\n<script type=\"application\/ld+json\" class=\"yoast-schema-graph\">{\"@context\":\"https:\\\/\\\/schema.org\",\"@graph\":[{\"@type\":\"Article\",\"@id\":\"https:\\\/\\\/hotnewsinworld.com\\\/es\\\/el-pnv-pacta-con-el-gobierno-la-eliminacion-de-la-subida-del-impuesto-al-diesel-de-los-presupuestos\\\/#article\",\"isPartOf\":{\"@id\":\"https:\\\/\\\/hotnewsinworld.com\\\/es\\\/el-pnv-pacta-con-el-gobierno-la-eliminacion-de-la-subida-del-impuesto-al-diesel-de-los-presupuestos\\\/\"},\"author\":{\"name\":\"hotnewsinworld\",\"@id\":\"https:\\\/\\\/hotnewsinworld.com\\\/es\\\/#\\\/schema\\\/person\\\/fe61448b21c0d59086e75fcc1f9d8f6b\"},\"headline\":\"El PNV pacta con el Gobierno la eliminaci\u00f3n de la subida del impuesto al di\u00e9sel de los presupuestos\",\"datePublished\":\"2020-11-20T09:34:24+00:00\",\"dateModified\":\"2020-11-20T09:34:30+00:00\",\"mainEntityOfPage\":{\"@id\":\"https:\\\/\\\/hotnewsinworld.com\\\/es\\\/el-pnv-pacta-con-el-gobierno-la-eliminacion-de-la-subida-del-impuesto-al-diesel-de-los-presupuestos\\\/\"},\"wordCount\":487,\"commentCount\":0,\"image\":{\"@id\":\"https:\\\/\\\/hotnewsinworld.com\\\/es\\\/el-pnv-pacta-con-el-gobierno-la-eliminacion-de-la-subida-del-impuesto-al-diesel-de-los-presupuestos\\\/#primaryimage\"},\"thumbnailUrl\":\"https:\\\/\\\/hotnewsinworld.com\\\/es\\\/wp-content\\\/uploads\\\/sites\\\/4\\\/2020\\\/11\\\/El-PNV-pacta-con-el-Gobierno-la-eliminacion-de-la-scaled.jpg\",\"articleSection\":[\"NOTICIAS DE MEDIOS SOCIALES\"],\"inLanguage\":\"es\",\"potentialAction\":[{\"@type\":\"CommentAction\",\"name\":\"Comment\",\"target\":[\"https:\\\/\\\/hotnewsinworld.com\\\/es\\\/el-pnv-pacta-con-el-gobierno-la-eliminacion-de-la-subida-del-impuesto-al-diesel-de-los-presupuestos\\\/#respond\"]}]},{\"@type\":\"WebPage\",\"@id\":\"https:\\\/\\\/hotnewsinworld.com\\\/es\\\/el-pnv-pacta-con-el-gobierno-la-eliminacion-de-la-subida-del-impuesto-al-diesel-de-los-presupuestos\\\/\",\"url\":\"https:\\\/\\\/hotnewsinworld.com\\\/es\\\/el-pnv-pacta-con-el-gobierno-la-eliminacion-de-la-subida-del-impuesto-al-diesel-de-los-presupuestos\\\/\",\"name\":\"El PNV pacta con el Gobierno la eliminaci\u00f3n de la subida del impuesto al di\u00e9sel de los presupuestos - Hot News in World\",\"isPartOf\":{\"@id\":\"https:\\\/\\\/hotnewsinworld.com\\\/es\\\/#website\"},\"primaryImageOfPage\":{\"@id\":\"https:\\\/\\\/hotnewsinworld.com\\\/es\\\/el-pnv-pacta-con-el-gobierno-la-eliminacion-de-la-subida-del-impuesto-al-diesel-de-los-presupuestos\\\/#primaryimage\"},\"image\":{\"@id\":\"https:\\\/\\\/hotnewsinworld.com\\\/es\\\/el-pnv-pacta-con-el-gobierno-la-eliminacion-de-la-subida-del-impuesto-al-diesel-de-los-presupuestos\\\/#primaryimage\"},\"thumbnailUrl\":\"https:\\\/\\\/hotnewsinworld.com\\\/es\\\/wp-content\\\/uploads\\\/sites\\\/4\\\/2020\\\/11\\\/El-PNV-pacta-con-el-Gobierno-la-eliminacion-de-la-scaled.jpg\",\"datePublished\":\"2020-11-20T09:34:24+00:00\",\"dateModified\":\"2020-11-20T09:34:30+00:00\",\"author\":{\"@id\":\"https:\\\/\\\/hotnewsinworld.com\\\/es\\\/#\\\/schema\\\/person\\\/fe61448b21c0d59086e75fcc1f9d8f6b\"},\"breadcrumb\":{\"@id\":\"https:\\\/\\\/hotnewsinworld.com\\\/es\\\/el-pnv-pacta-con-el-gobierno-la-eliminacion-de-la-subida-del-impuesto-al-diesel-de-los-presupuestos\\\/#breadcrumb\"},\"inLanguage\":\"es\",\"potentialAction\":[{\"@type\":\"ReadAction\",\"target\":[\"https:\\\/\\\/hotnewsinworld.com\\\/es\\\/el-pnv-pacta-con-el-gobierno-la-eliminacion-de-la-subida-del-impuesto-al-diesel-de-los-presupuestos\\\/\"]}]},{\"@type\":\"ImageObject\",\"inLanguage\":\"es\",\"@id\":\"https:\\\/\\\/hotnewsinworld.com\\\/es\\\/el-pnv-pacta-con-el-gobierno-la-eliminacion-de-la-subida-del-impuesto-al-diesel-de-los-presupuestos\\\/#primaryimage\",\"url\":\"https:\\\/\\\/hotnewsinworld.com\\\/es\\\/wp-content\\\/uploads\\\/sites\\\/4\\\/2020\\\/11\\\/El-PNV-pacta-con-el-Gobierno-la-eliminacion-de-la-scaled.jpg\",\"contentUrl\":\"https:\\\/\\\/hotnewsinworld.com\\\/es\\\/wp-content\\\/uploads\\\/sites\\\/4\\\/2020\\\/11\\\/El-PNV-pacta-con-el-Gobierno-la-eliminacion-de-la-scaled.jpg\",\"width\":2560,\"height\":1707,\"caption\":\"El PNV pacta con el Gobierno la eliminaci\u00f3n de la subida del impuesto al di\u00e9sel de los presupuestos\"},{\"@type\":\"BreadcrumbList\",\"@id\":\"https:\\\/\\\/hotnewsinworld.com\\\/es\\\/el-pnv-pacta-con-el-gobierno-la-eliminacion-de-la-subida-del-impuesto-al-diesel-de-los-presupuestos\\\/#breadcrumb\",\"itemListElement\":[{\"@type\":\"ListItem\",\"position\":1,\"name\":\"\u0413\u043b\u0430\u0432\u043d\u0430\u044f \u0441\u0442\u0440\u0430\u043d\u0438\u0446\u0430\",\"item\":\"https:\\\/\\\/hotnewsinworld.com\\\/es\\\/\"},{\"@type\":\"ListItem\",\"position\":2,\"name\":\"El PNV pacta con el Gobierno la eliminaci\u00f3n de la subida del impuesto al di\u00e9sel de los presupuestos\"}]},{\"@type\":\"WebSite\",\"@id\":\"https:\\\/\\\/hotnewsinworld.com\\\/es\\\/#website\",\"url\":\"https:\\\/\\\/hotnewsinworld.com\\\/es\\\/\",\"name\":\"Hot News in World\",\"description\":\"Hot News in World from Spain\",\"potentialAction\":[{\"@type\":\"SearchAction\",\"target\":{\"@type\":\"EntryPoint\",\"urlTemplate\":\"https:\\\/\\\/hotnewsinworld.com\\\/es\\\/?s={search_term_string}\"},\"query-input\":{\"@type\":\"PropertyValueSpecification\",\"valueRequired\":true,\"valueName\":\"search_term_string\"}}],\"inLanguage\":\"es\"},{\"@type\":\"Person\",\"@id\":\"https:\\\/\\\/hotnewsinworld.com\\\/es\\\/#\\\/schema\\\/person\\\/fe61448b21c0d59086e75fcc1f9d8f6b\",\"name\":\"hotnewsinworld\",\"image\":{\"@type\":\"ImageObject\",\"inLanguage\":\"es\",\"@id\":\"https:\\\/\\\/secure.gravatar.com\\\/avatar\\\/8a09ac165600ce2e1c38fe593c63928eb1e6e7ba5c5a907d67787c41b3d00c14?s=96&d=mm&r=g\",\"url\":\"https:\\\/\\\/secure.gravatar.com\\\/avatar\\\/8a09ac165600ce2e1c38fe593c63928eb1e6e7ba5c5a907d67787c41b3d00c14?s=96&d=mm&r=g\",\"contentUrl\":\"https:\\\/\\\/secure.gravatar.com\\\/avatar\\\/8a09ac165600ce2e1c38fe593c63928eb1e6e7ba5c5a907d67787c41b3d00c14?s=96&d=mm&r=g\",\"caption\":\"hotnewsinworld\"},\"url\":\"https:\\\/\\\/hotnewsinworld.com\\\/es\\\/author\\\/pt\\\/\"}]}<\/script>\n<!-- \/ Yoast SEO plugin. -->","yoast_head_json":{"title":"El PNV pacta con el Gobierno la eliminaci\u00f3n de la subida del impuesto al di\u00e9sel de los presupuestos - Hot News in World","robots":{"index":"index","follow":"follow","max-snippet":"max-snippet:-1","max-image-preview":"max-image-preview:large","max-video-preview":"max-video-preview:-1"},"canonical":"https:\/\/hotnewsinworld.com\/es\/el-pnv-pacta-con-el-gobierno-la-eliminacion-de-la-subida-del-impuesto-al-diesel-de-los-presupuestos\/","og_locale":"es_ES","og_type":"article","og_title":"El PNV pacta con el Gobierno la eliminaci\u00f3n de la subida del impuesto al di\u00e9sel de los presupuestos - Hot News in World","og_description":"El presidente del PNV, Andoni Ort\u00fazar.FERNANDO DOMINGO-ALDAMAEl PNV ha pactado con el Gobierno central un paquete de enmiendas a los presupuestos generales del Estado (PGE), entre las que se incluye la eliminaci\u00f3n del impuesto al di\u00e9sel, han informado fuentes de la formaci\u00f3n nacionalista y ha confirmado su portavoz en el Congreso, Aitor Esteban. Desde el [&hellip;]","og_url":"https:\/\/hotnewsinworld.com\/es\/el-pnv-pacta-con-el-gobierno-la-eliminacion-de-la-subida-del-impuesto-al-diesel-de-los-presupuestos\/","og_site_name":"Hot News in World","article_published_time":"2020-11-20T09:34:24+00:00","article_modified_time":"2020-11-20T09:34:30+00:00","og_image":[{"width":2560,"height":1707,"url":"https:\/\/hotnewsinworld.com\/es\/wp-content\/uploads\/sites\/4\/2020\/11\/El-PNV-pacta-con-el-Gobierno-la-eliminacion-de-la-scaled.jpg","type":"image\/jpeg"}],"author":"hotnewsinworld","twitter_card":"summary_large_image","twitter_misc":{"Escrito por":"hotnewsinworld","Tiempo de lectura":"2 minutos"},"schema":{"@context":"https:\/\/schema.org","@graph":[{"@type":"Article","@id":"https:\/\/hotnewsinworld.com\/es\/el-pnv-pacta-con-el-gobierno-la-eliminacion-de-la-subida-del-impuesto-al-diesel-de-los-presupuestos\/#article","isPartOf":{"@id":"https:\/\/hotnewsinworld.com\/es\/el-pnv-pacta-con-el-gobierno-la-eliminacion-de-la-subida-del-impuesto-al-diesel-de-los-presupuestos\/"},"author":{"name":"hotnewsinworld","@id":"https:\/\/hotnewsinworld.com\/es\/#\/schema\/person\/fe61448b21c0d59086e75fcc1f9d8f6b"},"headline":"El PNV pacta con el Gobierno la eliminaci\u00f3n de la subida del impuesto al di\u00e9sel de los presupuestos","datePublished":"2020-11-20T09:34:24+00:00","dateModified":"2020-11-20T09:34:30+00:00","mainEntityOfPage":{"@id":"https:\/\/hotnewsinworld.com\/es\/el-pnv-pacta-con-el-gobierno-la-eliminacion-de-la-subida-del-impuesto-al-diesel-de-los-presupuestos\/"},"wordCount":487,"commentCount":0,"image":{"@id":"https:\/\/hotnewsinworld.com\/es\/el-pnv-pacta-con-el-gobierno-la-eliminacion-de-la-subida-del-impuesto-al-diesel-de-los-presupuestos\/#primaryimage"},"thumbnailUrl":"https:\/\/hotnewsinworld.com\/es\/wp-content\/uploads\/sites\/4\/2020\/11\/El-PNV-pacta-con-el-Gobierno-la-eliminacion-de-la-scaled.jpg","articleSection":["NOTICIAS DE MEDIOS SOCIALES"],"inLanguage":"es","potentialAction":[{"@type":"CommentAction","name":"Comment","target":["https:\/\/hotnewsinworld.com\/es\/el-pnv-pacta-con-el-gobierno-la-eliminacion-de-la-subida-del-impuesto-al-diesel-de-los-presupuestos\/#respond"]}]},{"@type":"WebPage","@id":"https:\/\/hotnewsinworld.com\/es\/el-pnv-pacta-con-el-gobierno-la-eliminacion-de-la-subida-del-impuesto-al-diesel-de-los-presupuestos\/","url":"https:\/\/hotnewsinworld.com\/es\/el-pnv-pacta-con-el-gobierno-la-eliminacion-de-la-subida-del-impuesto-al-diesel-de-los-presupuestos\/","name":"El PNV pacta con el Gobierno la eliminaci\u00f3n de la subida del impuesto al di\u00e9sel de los presupuestos - Hot News in World","isPartOf":{"@id":"https:\/\/hotnewsinworld.com\/es\/#website"},"primaryImageOfPage":{"@id":"https:\/\/hotnewsinworld.com\/es\/el-pnv-pacta-con-el-gobierno-la-eliminacion-de-la-subida-del-impuesto-al-diesel-de-los-presupuestos\/#primaryimage"},"image":{"@id":"https:\/\/hotnewsinworld.com\/es\/el-pnv-pacta-con-el-gobierno-la-eliminacion-de-la-subida-del-impuesto-al-diesel-de-los-presupuestos\/#primaryimage"},"thumbnailUrl":"https:\/\/hotnewsinworld.com\/es\/wp-content\/uploads\/sites\/4\/2020\/11\/El-PNV-pacta-con-el-Gobierno-la-eliminacion-de-la-scaled.jpg","datePublished":"2020-11-20T09:34:24+00:00","dateModified":"2020-11-20T09:34:30+00:00","author":{"@id":"https:\/\/hotnewsinworld.com\/es\/#\/schema\/person\/fe61448b21c0d59086e75fcc1f9d8f6b"},"breadcrumb":{"@id":"https:\/\/hotnewsinworld.com\/es\/el-pnv-pacta-con-el-gobierno-la-eliminacion-de-la-subida-del-impuesto-al-diesel-de-los-presupuestos\/#breadcrumb"},"inLanguage":"es","potentialAction":[{"@type":"ReadAction","target":["https:\/\/hotnewsinworld.com\/es\/el-pnv-pacta-con-el-gobierno-la-eliminacion-de-la-subida-del-impuesto-al-diesel-de-los-presupuestos\/"]}]},{"@type":"ImageObject","inLanguage":"es","@id":"https:\/\/hotnewsinworld.com\/es\/el-pnv-pacta-con-el-gobierno-la-eliminacion-de-la-subida-del-impuesto-al-diesel-de-los-presupuestos\/#primaryimage","url":"https:\/\/hotnewsinworld.com\/es\/wp-content\/uploads\/sites\/4\/2020\/11\/El-PNV-pacta-con-el-Gobierno-la-eliminacion-de-la-scaled.jpg","contentUrl":"https:\/\/hotnewsinworld.com\/es\/wp-content\/uploads\/sites\/4\/2020\/11\/El-PNV-pacta-con-el-Gobierno-la-eliminacion-de-la-scaled.jpg","width":2560,"height":1707,"caption":"El PNV pacta con el Gobierno la eliminaci\u00f3n de la subida del impuesto al di\u00e9sel de los presupuestos"},{"@type":"BreadcrumbList","@id":"https:\/\/hotnewsinworld.com\/es\/el-pnv-pacta-con-el-gobierno-la-eliminacion-de-la-subida-del-impuesto-al-diesel-de-los-presupuestos\/#breadcrumb","itemListElement":[{"@type":"ListItem","position":1,"name":"\u0413\u043b\u0430\u0432\u043d\u0430\u044f \u0441\u0442\u0440\u0430\u043d\u0438\u0446\u0430","item":"https:\/\/hotnewsinworld.com\/es\/"},{"@type":"ListItem","position":2,"name":"El PNV pacta con el Gobierno la eliminaci\u00f3n de la subida del impuesto al di\u00e9sel de los presupuestos"}]},{"@type":"WebSite","@id":"https:\/\/hotnewsinworld.com\/es\/#website","url":"https:\/\/hotnewsinworld.com\/es\/","name":"Hot News in World","description":"Hot News in World from Spain","potentialAction":[{"@type":"SearchAction","target":{"@type":"EntryPoint","urlTemplate":"https:\/\/hotnewsinworld.com\/es\/?s={search_term_string}"},"query-input":{"@type":"PropertyValueSpecification","valueRequired":true,"valueName":"search_term_string"}}],"inLanguage":"es"},{"@type":"Person","@id":"https:\/\/hotnewsinworld.com\/es\/#\/schema\/person\/fe61448b21c0d59086e75fcc1f9d8f6b","name":"hotnewsinworld","image":{"@type":"ImageObject","inLanguage":"es","@id":"https:\/\/secure.gravatar.com\/avatar\/8a09ac165600ce2e1c38fe593c63928eb1e6e7ba5c5a907d67787c41b3d00c14?s=96&d=mm&r=g","url":"https:\/\/secure.gravatar.com\/avatar\/8a09ac165600ce2e1c38fe593c63928eb1e6e7ba5c5a907d67787c41b3d00c14?s=96&d=mm&r=g","contentUrl":"https:\/\/secure.gravatar.com\/avatar\/8a09ac165600ce2e1c38fe593c63928eb1e6e7ba5c5a907d67787c41b3d00c14?s=96&d=mm&r=g","caption":"hotnewsinworld"},"url":"https:\/\/hotnewsinworld.com\/es\/author\/pt\/"}]}},"_links":{"self":[{"href":"https:\/\/hotnewsinworld.com\/es\/wp-json\/wp\/v2\/posts\/792","targetHints":{"allow":["GET"]}}],"collection":[{"href":"https:\/\/hotnewsinworld.com\/es\/wp-json\/wp\/v2\/posts"}],"about":[{"href":"https:\/\/hotnewsinworld.com\/es\/wp-json\/wp\/v2\/types\/post"}],"author":[{"embeddable":true,"href":"https:\/\/hotnewsinworld.com\/es\/wp-json\/wp\/v2\/users\/2"}],"replies":[{"embeddable":true,"href":"https:\/\/hotnewsinworld.com\/es\/wp-json\/wp\/v2\/comments?post=792"}],"version-history":[{"count":1,"href":"https:\/\/hotnewsinworld.com\/es\/wp-json\/wp\/v2\/posts\/792\/revisions"}],"predecessor-version":[{"id":794,"href":"https:\/\/hotnewsinworld.com\/es\/wp-json\/wp\/v2\/posts\/792\/revisions\/794"}],"wp:featuredmedia":[{"embeddable":true,"href":"https:\/\/hotnewsinworld.com\/es\/wp-json\/wp\/v2\/media\/793"}],"wp:attachment":[{"href":"https:\/\/hotnewsinworld.com\/es\/wp-json\/wp\/v2\/media?parent=792"}],"wp:term":[{"taxonomy":"category","embeddable":true,"href":"https:\/\/hotnewsinworld.com\/es\/wp-json\/wp\/v2\/categories?post=792"},{"taxonomy":"post_tag","embeddable":true,"href":"https:\/\/hotnewsinworld.com\/es\/wp-json\/wp\/v2\/tags?post=792"}],"curies":[{"name":"wp","href":"https:\/\/api.w.org\/{rel}","templated":true}]}}