{"id":828,"date":"2020-11-23T14:12:35","date_gmt":"2020-11-23T11:12:35","guid":{"rendered":"https:\/\/hotnewsinworld.com\/es\/damia-calvet-el-15-f-llamaria-a-sanchez-para-sentarnos-a-dialogar\/"},"modified":"2020-11-23T14:12:39","modified_gmt":"2020-11-23T11:12:39","slug":"damia-calvet-el-15-f-llamaria-a-sanchez-para-sentarnos-a-dialogar","status":"publish","type":"post","link":"https:\/\/hotnewsinworld.com\/es\/damia-calvet-el-15-f-llamaria-a-sanchez-para-sentarnos-a-dialogar\/","title":{"rendered":"Dami\u00e0 Calvet: \u201cEl 15-F llamar\u00eda a S\u00e1nchez para sentarnos a dialogar\u201d"},"content":{"rendered":"<p>Si el conseller de Territorio, Dami\u00e0 Calvet (Vilanova i la Geltr\u00fa, 1968), gana las primarias de Junts per Catalunya y tambi\u00e9n las elecciones del 14-F, ofrecer\u00e1 di\u00e1logo al Gobierno. Llegar\u00eda a la mesa de negociaci\u00f3n con tres exigencias: amnist\u00eda, derecho a decidir y la carpeta de compromisos econ\u00f3micos incumplidos. La independencia llegar\u00e1, dice, sumando peque\u00f1as victorias en la gesti\u00f3n.Pregunta. Pide gobernar con solvencia. \u00bfLo hace el Govern?Respuesta. Hemos tenido disfunciones que hacen sufrir a la gente. Tenemos que saber pedir perd\u00f3n y corregir. Es evidente que el Govern tiene muchas limitaciones. Pol\u00edticas y, sobre todo, econ\u00f3micas. Y eso provoca tensiones. Superarlas nos ayudar\u00eda a gestionar mejor y por eso trabajo para lograr la independencia.P. Limitaciones, pero dan sensaci\u00f3n de incapacidad. Si tienen que repetir coalici\u00f3n con ERC, \u00bfc\u00f3mo se coordinar\u00e1n mejor?R. Cuando no puedes responder con diligencia por tus limitaciones y las tensiones se viven no al d\u00eda sino al minuto hay una magnificaci\u00f3n de las disfunciones. Los mecanismos de toma de decisiones, debate y comunicaci\u00f3n tienen que mejorar.P. Usted viene del mundo convergente y Laura Borr\u00e0s de los independientes que Carles Puigdemont busc\u00f3 en 2017. \u00bfTres a\u00f1os despu\u00e9s se siguen enfrentando esas dos almas?R. Desde el momento en que somos un partido nuevo y todos somos afiliados, somos todos lo mismo. Aqu\u00ed ya no hay \u201cindependientes\u201d o \u201cvengo de este sitio\u201d.P. \u00bfEs usted el candidato favorito de Carles Puigdemont?R. Quien lidera este espacio es Puigdemont. Encarna el proyecto de esta generaci\u00f3n de la ruptura, que ha perdido el miedo y que propone conseguir la independencia con paz y democracia. Las primarias son para escoger a un presidenciable que pueda hacer en Catalu\u00f1a lo que Puigdemont pide, que es un Govern fuerte.P. Entonces, si gana \u00bfhar\u00e1 lo que \u00e9l le diga?R. No, yo ser\u00eda el president. Soy el candidato de los que creen que Junts es la pieza central del independentismo, que gobernando la Generalitat har\u00e1 la independencia y tambi\u00e9n habr\u00e1 un Govern al servicio de los ciudadanos.P. \u00bfCon qu\u00e9 porcentaje? Su partido habla del 50% m\u00e1s uno. La sociedad est\u00e1 dividida.R. No hay una sociedad dividida, hay una sociedad que contrasta ideas de manera natural. No creo que el debate est\u00e9 ahora alrededor de los porcentajes y Puigdemont rehuye esa idea. Quiero presentar una propuesta para una generaci\u00f3n. El 1-O fue una gran victoria moral y pol\u00edtica y ahora conviene hacer del 14-F una nueva victoria. Victorias que sumen y orientadas inequ\u00edvocamente a hacer la independencia. Puede haber otras: la amnist\u00eda o la bilateralidad. O sectoriales, como el traspaso de ciertas competencias. Y este hacer la independencia necesita de un acto de reconocimiento interno y externo y eso es un refer\u00e9ndum acordado.P. \u00bfLe duele la purga al PDeCAT en el Govern?R. Me ha dolido por el uso del t\u00e9rmino purga. Lo que no se vale es llegar al 1-O todos juntos y usar el espacio de Junts para presentarte a todas las elecciones y que despu\u00e9s te desmarques. El que se ha separado es el que tiene que dar explicaciones.P. Las encuestas no les son muy favorables.R. Junts es un espacio m\u00e1s inclasificable y seguramente las encuestas no acaban de reflejarlo.P. Consejero de un \u201cleg\u00edtimo\u201d consejero (Josep Rull). Candidato a la presidencia de un \u201cleg\u00edtimo candidato (Puigdemont). \u00bfAlg\u00fan d\u00eda querr\u00e1 ser usted el leg\u00edtimo?R. Siempre defenderemos la legitimidad del Govern cesado. Yo soy el consejero de Territorio, no el consejero sustituto. Pero desde esta posici\u00f3n defiendo que el consejero leg\u00edtimo es Rull. \u00bfContrasto con \u00e9l cada decisi\u00f3n? No. Reivindico su posici\u00f3n y hablo con \u00e9l cada d\u00eda. Lo mismo pasar\u00eda con la presidencia de la Generalitat.P. \u00bfSi gana a Borr\u00e0s ser\u00e1 m\u00e1s f\u00e1cil negociar con Madrid?R. Al d\u00eda siguiente de las elecciones llamar\u00eda a Pedro S\u00e1nchez para proponerle negociar. Pero no en la mesa de di\u00e1logo que ha habido hasta ahora, fake y que no ha tenido ni continuidad ni resultado tangible. Yo le llamar\u00eda para poder sentarnos, en igualdad de condiciones, y plantearle como m\u00ednimo tres cosas. La amnist\u00eda. En segundo lugar, que se nos reconozca nuestro leg\u00edtimo derecho a la autodeterminaci\u00f3n. Y en tercer lugar toda la agenda Gobierno, de temas sectoriales y econ\u00f3micos atascados. Y no podemos renunciar a la unilateralidad, ser\u00eda ir a la negociaci\u00f3n con la mano amarrada a la espalda<br \/>\n<br \/>\n<!--noindex--><br \/>\n<a href=\"https:\/\/elpais.com\/espana\/catalunya\/2020-11-22\/damia-calvet-el-15-f-llamaria-a-sanchez-para-sentarnos-a-dialogar.html\" rel=\"nofollow\">Source link <\/a><br \/>\n<!--\/noindex--><\/p>\n","protected":false},"excerpt":{"rendered":"<p>Si el conseller de Territorio, Dami\u00e0 Calvet (Vilanova i la Geltr\u00fa, 1968), gana las primarias de Junts per Catalunya y tambi\u00e9n las elecciones del 14-F, ofrecer\u00e1 di\u00e1logo al Gobierno. Llegar\u00eda a la mesa de negociaci\u00f3n con tres exigencias: amnist\u00eda, derecho a decidir y la carpeta de compromisos econ\u00f3micos incumplidos. La independencia llegar\u00e1, dice, sumando peque\u00f1as [&hellip;]<\/p>\n","protected":false},"author":2,"featured_media":829,"comment_status":"open","ping_status":"open","sticky":false,"template":"","format":"standard","meta":{"footnotes":""},"categories":[3],"tags":[],"class_list":["post-828","post","type-post","status-publish","format-standard","has-post-thumbnail","hentry","category-noticias-de-medios-sociales"],"yoast_head":"<!-- This site is optimized with the Yoast SEO plugin v27.4 - https:\/\/yoast.com\/product\/yoast-seo-wordpress\/ -->\n<title>Dami\u00e0 Calvet: \u201cEl 15-F llamar\u00eda a S\u00e1nchez para sentarnos a dialogar\u201d - Hot News in World<\/title>\n<meta name=\"robots\" content=\"index, follow, max-snippet:-1, max-image-preview:large, max-video-preview:-1\" \/>\n<link rel=\"canonical\" href=\"https:\/\/hotnewsinworld.com\/es\/damia-calvet-el-15-f-llamaria-a-sanchez-para-sentarnos-a-dialogar\/\" \/>\n<meta property=\"og:locale\" content=\"es_ES\" \/>\n<meta property=\"og:type\" content=\"article\" \/>\n<meta property=\"og:title\" content=\"Dami\u00e0 Calvet: \u201cEl 15-F llamar\u00eda a S\u00e1nchez para sentarnos a dialogar\u201d - Hot News in World\" \/>\n<meta property=\"og:description\" content=\"Si el conseller de Territorio, Dami\u00e0 Calvet (Vilanova i la Geltr\u00fa, 1968), gana las primarias de Junts per Catalunya y tambi\u00e9n las elecciones del 14-F, ofrecer\u00e1 di\u00e1logo al Gobierno. Llegar\u00eda a la mesa de negociaci\u00f3n con tres exigencias: amnist\u00eda, derecho a decidir y la carpeta de compromisos econ\u00f3micos incumplidos. La independencia llegar\u00e1, dice, sumando peque\u00f1as [&hellip;]\" \/>\n<meta property=\"og:url\" content=\"https:\/\/hotnewsinworld.com\/es\/damia-calvet-el-15-f-llamaria-a-sanchez-para-sentarnos-a-dialogar\/\" \/>\n<meta property=\"og:site_name\" content=\"Hot News in World\" \/>\n<meta property=\"article:published_time\" content=\"2020-11-23T11:12:35+00:00\" \/>\n<meta property=\"article:modified_time\" content=\"2020-11-23T11:12:39+00:00\" \/>\n<meta property=\"og:image\" content=\"https:\/\/hotnewsinworld.com\/es\/wp-content\/uploads\/sites\/4\/2020\/11\/Damia-Calvet-El-15-F-llamaria-a-Sanchez-para-sentarnos-a.jpg\" \/>\n\t<meta property=\"og:image:width\" content=\"1000\" \/>\n\t<meta property=\"og:image:height\" content=\"667\" \/>\n\t<meta property=\"og:image:type\" content=\"image\/jpeg\" \/>\n<meta name=\"author\" content=\"hotnewsinworld\" \/>\n<meta name=\"twitter:card\" content=\"summary_large_image\" \/>\n<meta name=\"twitter:label1\" content=\"Escrito por\" \/>\n\t<meta name=\"twitter:data1\" content=\"hotnewsinworld\" \/>\n\t<meta name=\"twitter:label2\" content=\"Tiempo de lectura\" \/>\n\t<meta name=\"twitter:data2\" content=\"4 minutos\" \/>\n<script type=\"application\/ld+json\" class=\"yoast-schema-graph\">{\"@context\":\"https:\\\/\\\/schema.org\",\"@graph\":[{\"@type\":\"Article\",\"@id\":\"https:\\\/\\\/hotnewsinworld.com\\\/es\\\/damia-calvet-el-15-f-llamaria-a-sanchez-para-sentarnos-a-dialogar\\\/#article\",\"isPartOf\":{\"@id\":\"https:\\\/\\\/hotnewsinworld.com\\\/es\\\/damia-calvet-el-15-f-llamaria-a-sanchez-para-sentarnos-a-dialogar\\\/\"},\"author\":{\"name\":\"hotnewsinworld\",\"@id\":\"https:\\\/\\\/hotnewsinworld.com\\\/es\\\/#\\\/schema\\\/person\\\/fe61448b21c0d59086e75fcc1f9d8f6b\"},\"headline\":\"Dami\u00e0 Calvet: \u201cEl 15-F llamar\u00eda a S\u00e1nchez para sentarnos a dialogar\u201d\",\"datePublished\":\"2020-11-23T11:12:35+00:00\",\"dateModified\":\"2020-11-23T11:12:39+00:00\",\"mainEntityOfPage\":{\"@id\":\"https:\\\/\\\/hotnewsinworld.com\\\/es\\\/damia-calvet-el-15-f-llamaria-a-sanchez-para-sentarnos-a-dialogar\\\/\"},\"wordCount\":800,\"commentCount\":0,\"image\":{\"@id\":\"https:\\\/\\\/hotnewsinworld.com\\\/es\\\/damia-calvet-el-15-f-llamaria-a-sanchez-para-sentarnos-a-dialogar\\\/#primaryimage\"},\"thumbnailUrl\":\"https:\\\/\\\/hotnewsinworld.com\\\/es\\\/wp-content\\\/uploads\\\/sites\\\/4\\\/2020\\\/11\\\/Damia-Calvet-El-15-F-llamaria-a-Sanchez-para-sentarnos-a.jpg\",\"articleSection\":[\"NOTICIAS DE MEDIOS SOCIALES\"],\"inLanguage\":\"es\",\"potentialAction\":[{\"@type\":\"CommentAction\",\"name\":\"Comment\",\"target\":[\"https:\\\/\\\/hotnewsinworld.com\\\/es\\\/damia-calvet-el-15-f-llamaria-a-sanchez-para-sentarnos-a-dialogar\\\/#respond\"]}]},{\"@type\":\"WebPage\",\"@id\":\"https:\\\/\\\/hotnewsinworld.com\\\/es\\\/damia-calvet-el-15-f-llamaria-a-sanchez-para-sentarnos-a-dialogar\\\/\",\"url\":\"https:\\\/\\\/hotnewsinworld.com\\\/es\\\/damia-calvet-el-15-f-llamaria-a-sanchez-para-sentarnos-a-dialogar\\\/\",\"name\":\"Dami\u00e0 Calvet: \u201cEl 15-F llamar\u00eda a S\u00e1nchez para sentarnos a dialogar\u201d - Hot News in World\",\"isPartOf\":{\"@id\":\"https:\\\/\\\/hotnewsinworld.com\\\/es\\\/#website\"},\"primaryImageOfPage\":{\"@id\":\"https:\\\/\\\/hotnewsinworld.com\\\/es\\\/damia-calvet-el-15-f-llamaria-a-sanchez-para-sentarnos-a-dialogar\\\/#primaryimage\"},\"image\":{\"@id\":\"https:\\\/\\\/hotnewsinworld.com\\\/es\\\/damia-calvet-el-15-f-llamaria-a-sanchez-para-sentarnos-a-dialogar\\\/#primaryimage\"},\"thumbnailUrl\":\"https:\\\/\\\/hotnewsinworld.com\\\/es\\\/wp-content\\\/uploads\\\/sites\\\/4\\\/2020\\\/11\\\/Damia-Calvet-El-15-F-llamaria-a-Sanchez-para-sentarnos-a.jpg\",\"datePublished\":\"2020-11-23T11:12:35+00:00\",\"dateModified\":\"2020-11-23T11:12:39+00:00\",\"author\":{\"@id\":\"https:\\\/\\\/hotnewsinworld.com\\\/es\\\/#\\\/schema\\\/person\\\/fe61448b21c0d59086e75fcc1f9d8f6b\"},\"breadcrumb\":{\"@id\":\"https:\\\/\\\/hotnewsinworld.com\\\/es\\\/damia-calvet-el-15-f-llamaria-a-sanchez-para-sentarnos-a-dialogar\\\/#breadcrumb\"},\"inLanguage\":\"es\",\"potentialAction\":[{\"@type\":\"ReadAction\",\"target\":[\"https:\\\/\\\/hotnewsinworld.com\\\/es\\\/damia-calvet-el-15-f-llamaria-a-sanchez-para-sentarnos-a-dialogar\\\/\"]}]},{\"@type\":\"ImageObject\",\"inLanguage\":\"es\",\"@id\":\"https:\\\/\\\/hotnewsinworld.com\\\/es\\\/damia-calvet-el-15-f-llamaria-a-sanchez-para-sentarnos-a-dialogar\\\/#primaryimage\",\"url\":\"https:\\\/\\\/hotnewsinworld.com\\\/es\\\/wp-content\\\/uploads\\\/sites\\\/4\\\/2020\\\/11\\\/Damia-Calvet-El-15-F-llamaria-a-Sanchez-para-sentarnos-a.jpg\",\"contentUrl\":\"https:\\\/\\\/hotnewsinworld.com\\\/es\\\/wp-content\\\/uploads\\\/sites\\\/4\\\/2020\\\/11\\\/Damia-Calvet-El-15-F-llamaria-a-Sanchez-para-sentarnos-a.jpg\",\"width\":1000,\"height\":667,\"caption\":\"Dami\u00e0 Calvet: \u201cEl 15-F llamar\u00eda a S\u00e1nchez para sentarnos a dialogar\u201d\"},{\"@type\":\"BreadcrumbList\",\"@id\":\"https:\\\/\\\/hotnewsinworld.com\\\/es\\\/damia-calvet-el-15-f-llamaria-a-sanchez-para-sentarnos-a-dialogar\\\/#breadcrumb\",\"itemListElement\":[{\"@type\":\"ListItem\",\"position\":1,\"name\":\"\u0413\u043b\u0430\u0432\u043d\u0430\u044f \u0441\u0442\u0440\u0430\u043d\u0438\u0446\u0430\",\"item\":\"https:\\\/\\\/hotnewsinworld.com\\\/es\\\/\"},{\"@type\":\"ListItem\",\"position\":2,\"name\":\"Dami\u00e0 Calvet: \u201cEl 15-F llamar\u00eda a S\u00e1nchez para sentarnos a dialogar\u201d\"}]},{\"@type\":\"WebSite\",\"@id\":\"https:\\\/\\\/hotnewsinworld.com\\\/es\\\/#website\",\"url\":\"https:\\\/\\\/hotnewsinworld.com\\\/es\\\/\",\"name\":\"Hot News in World\",\"description\":\"Hot News in World from Spain\",\"potentialAction\":[{\"@type\":\"SearchAction\",\"target\":{\"@type\":\"EntryPoint\",\"urlTemplate\":\"https:\\\/\\\/hotnewsinworld.com\\\/es\\\/?s={search_term_string}\"},\"query-input\":{\"@type\":\"PropertyValueSpecification\",\"valueRequired\":true,\"valueName\":\"search_term_string\"}}],\"inLanguage\":\"es\"},{\"@type\":\"Person\",\"@id\":\"https:\\\/\\\/hotnewsinworld.com\\\/es\\\/#\\\/schema\\\/person\\\/fe61448b21c0d59086e75fcc1f9d8f6b\",\"name\":\"hotnewsinworld\",\"image\":{\"@type\":\"ImageObject\",\"inLanguage\":\"es\",\"@id\":\"https:\\\/\\\/secure.gravatar.com\\\/avatar\\\/8a09ac165600ce2e1c38fe593c63928eb1e6e7ba5c5a907d67787c41b3d00c14?s=96&d=mm&r=g\",\"url\":\"https:\\\/\\\/secure.gravatar.com\\\/avatar\\\/8a09ac165600ce2e1c38fe593c63928eb1e6e7ba5c5a907d67787c41b3d00c14?s=96&d=mm&r=g\",\"contentUrl\":\"https:\\\/\\\/secure.gravatar.com\\\/avatar\\\/8a09ac165600ce2e1c38fe593c63928eb1e6e7ba5c5a907d67787c41b3d00c14?s=96&d=mm&r=g\",\"caption\":\"hotnewsinworld\"},\"url\":\"https:\\\/\\\/hotnewsinworld.com\\\/es\\\/author\\\/pt\\\/\"}]}<\/script>\n<!-- \/ Yoast SEO plugin. -->","yoast_head_json":{"title":"Dami\u00e0 Calvet: \u201cEl 15-F llamar\u00eda a S\u00e1nchez para sentarnos a dialogar\u201d - Hot News in World","robots":{"index":"index","follow":"follow","max-snippet":"max-snippet:-1","max-image-preview":"max-image-preview:large","max-video-preview":"max-video-preview:-1"},"canonical":"https:\/\/hotnewsinworld.com\/es\/damia-calvet-el-15-f-llamaria-a-sanchez-para-sentarnos-a-dialogar\/","og_locale":"es_ES","og_type":"article","og_title":"Dami\u00e0 Calvet: \u201cEl 15-F llamar\u00eda a S\u00e1nchez para sentarnos a dialogar\u201d - Hot News in World","og_description":"Si el conseller de Territorio, Dami\u00e0 Calvet (Vilanova i la Geltr\u00fa, 1968), gana las primarias de Junts per Catalunya y tambi\u00e9n las elecciones del 14-F, ofrecer\u00e1 di\u00e1logo al Gobierno. Llegar\u00eda a la mesa de negociaci\u00f3n con tres exigencias: amnist\u00eda, derecho a decidir y la carpeta de compromisos econ\u00f3micos incumplidos. La independencia llegar\u00e1, dice, sumando peque\u00f1as [&hellip;]","og_url":"https:\/\/hotnewsinworld.com\/es\/damia-calvet-el-15-f-llamaria-a-sanchez-para-sentarnos-a-dialogar\/","og_site_name":"Hot News in World","article_published_time":"2020-11-23T11:12:35+00:00","article_modified_time":"2020-11-23T11:12:39+00:00","og_image":[{"width":1000,"height":667,"url":"https:\/\/hotnewsinworld.com\/es\/wp-content\/uploads\/sites\/4\/2020\/11\/Damia-Calvet-El-15-F-llamaria-a-Sanchez-para-sentarnos-a.jpg","type":"image\/jpeg"}],"author":"hotnewsinworld","twitter_card":"summary_large_image","twitter_misc":{"Escrito por":"hotnewsinworld","Tiempo de lectura":"4 minutos"},"schema":{"@context":"https:\/\/schema.org","@graph":[{"@type":"Article","@id":"https:\/\/hotnewsinworld.com\/es\/damia-calvet-el-15-f-llamaria-a-sanchez-para-sentarnos-a-dialogar\/#article","isPartOf":{"@id":"https:\/\/hotnewsinworld.com\/es\/damia-calvet-el-15-f-llamaria-a-sanchez-para-sentarnos-a-dialogar\/"},"author":{"name":"hotnewsinworld","@id":"https:\/\/hotnewsinworld.com\/es\/#\/schema\/person\/fe61448b21c0d59086e75fcc1f9d8f6b"},"headline":"Dami\u00e0 Calvet: \u201cEl 15-F llamar\u00eda a S\u00e1nchez para sentarnos a dialogar\u201d","datePublished":"2020-11-23T11:12:35+00:00","dateModified":"2020-11-23T11:12:39+00:00","mainEntityOfPage":{"@id":"https:\/\/hotnewsinworld.com\/es\/damia-calvet-el-15-f-llamaria-a-sanchez-para-sentarnos-a-dialogar\/"},"wordCount":800,"commentCount":0,"image":{"@id":"https:\/\/hotnewsinworld.com\/es\/damia-calvet-el-15-f-llamaria-a-sanchez-para-sentarnos-a-dialogar\/#primaryimage"},"thumbnailUrl":"https:\/\/hotnewsinworld.com\/es\/wp-content\/uploads\/sites\/4\/2020\/11\/Damia-Calvet-El-15-F-llamaria-a-Sanchez-para-sentarnos-a.jpg","articleSection":["NOTICIAS DE MEDIOS SOCIALES"],"inLanguage":"es","potentialAction":[{"@type":"CommentAction","name":"Comment","target":["https:\/\/hotnewsinworld.com\/es\/damia-calvet-el-15-f-llamaria-a-sanchez-para-sentarnos-a-dialogar\/#respond"]}]},{"@type":"WebPage","@id":"https:\/\/hotnewsinworld.com\/es\/damia-calvet-el-15-f-llamaria-a-sanchez-para-sentarnos-a-dialogar\/","url":"https:\/\/hotnewsinworld.com\/es\/damia-calvet-el-15-f-llamaria-a-sanchez-para-sentarnos-a-dialogar\/","name":"Dami\u00e0 Calvet: \u201cEl 15-F llamar\u00eda a S\u00e1nchez para sentarnos a dialogar\u201d - Hot News in World","isPartOf":{"@id":"https:\/\/hotnewsinworld.com\/es\/#website"},"primaryImageOfPage":{"@id":"https:\/\/hotnewsinworld.com\/es\/damia-calvet-el-15-f-llamaria-a-sanchez-para-sentarnos-a-dialogar\/#primaryimage"},"image":{"@id":"https:\/\/hotnewsinworld.com\/es\/damia-calvet-el-15-f-llamaria-a-sanchez-para-sentarnos-a-dialogar\/#primaryimage"},"thumbnailUrl":"https:\/\/hotnewsinworld.com\/es\/wp-content\/uploads\/sites\/4\/2020\/11\/Damia-Calvet-El-15-F-llamaria-a-Sanchez-para-sentarnos-a.jpg","datePublished":"2020-11-23T11:12:35+00:00","dateModified":"2020-11-23T11:12:39+00:00","author":{"@id":"https:\/\/hotnewsinworld.com\/es\/#\/schema\/person\/fe61448b21c0d59086e75fcc1f9d8f6b"},"breadcrumb":{"@id":"https:\/\/hotnewsinworld.com\/es\/damia-calvet-el-15-f-llamaria-a-sanchez-para-sentarnos-a-dialogar\/#breadcrumb"},"inLanguage":"es","potentialAction":[{"@type":"ReadAction","target":["https:\/\/hotnewsinworld.com\/es\/damia-calvet-el-15-f-llamaria-a-sanchez-para-sentarnos-a-dialogar\/"]}]},{"@type":"ImageObject","inLanguage":"es","@id":"https:\/\/hotnewsinworld.com\/es\/damia-calvet-el-15-f-llamaria-a-sanchez-para-sentarnos-a-dialogar\/#primaryimage","url":"https:\/\/hotnewsinworld.com\/es\/wp-content\/uploads\/sites\/4\/2020\/11\/Damia-Calvet-El-15-F-llamaria-a-Sanchez-para-sentarnos-a.jpg","contentUrl":"https:\/\/hotnewsinworld.com\/es\/wp-content\/uploads\/sites\/4\/2020\/11\/Damia-Calvet-El-15-F-llamaria-a-Sanchez-para-sentarnos-a.jpg","width":1000,"height":667,"caption":"Dami\u00e0 Calvet: \u201cEl 15-F llamar\u00eda a S\u00e1nchez para sentarnos a dialogar\u201d"},{"@type":"BreadcrumbList","@id":"https:\/\/hotnewsinworld.com\/es\/damia-calvet-el-15-f-llamaria-a-sanchez-para-sentarnos-a-dialogar\/#breadcrumb","itemListElement":[{"@type":"ListItem","position":1,"name":"\u0413\u043b\u0430\u0432\u043d\u0430\u044f \u0441\u0442\u0440\u0430\u043d\u0438\u0446\u0430","item":"https:\/\/hotnewsinworld.com\/es\/"},{"@type":"ListItem","position":2,"name":"Dami\u00e0 Calvet: \u201cEl 15-F llamar\u00eda a S\u00e1nchez para sentarnos a dialogar\u201d"}]},{"@type":"WebSite","@id":"https:\/\/hotnewsinworld.com\/es\/#website","url":"https:\/\/hotnewsinworld.com\/es\/","name":"Hot News in World","description":"Hot News in World from Spain","potentialAction":[{"@type":"SearchAction","target":{"@type":"EntryPoint","urlTemplate":"https:\/\/hotnewsinworld.com\/es\/?s={search_term_string}"},"query-input":{"@type":"PropertyValueSpecification","valueRequired":true,"valueName":"search_term_string"}}],"inLanguage":"es"},{"@type":"Person","@id":"https:\/\/hotnewsinworld.com\/es\/#\/schema\/person\/fe61448b21c0d59086e75fcc1f9d8f6b","name":"hotnewsinworld","image":{"@type":"ImageObject","inLanguage":"es","@id":"https:\/\/secure.gravatar.com\/avatar\/8a09ac165600ce2e1c38fe593c63928eb1e6e7ba5c5a907d67787c41b3d00c14?s=96&d=mm&r=g","url":"https:\/\/secure.gravatar.com\/avatar\/8a09ac165600ce2e1c38fe593c63928eb1e6e7ba5c5a907d67787c41b3d00c14?s=96&d=mm&r=g","contentUrl":"https:\/\/secure.gravatar.com\/avatar\/8a09ac165600ce2e1c38fe593c63928eb1e6e7ba5c5a907d67787c41b3d00c14?s=96&d=mm&r=g","caption":"hotnewsinworld"},"url":"https:\/\/hotnewsinworld.com\/es\/author\/pt\/"}]}},"_links":{"self":[{"href":"https:\/\/hotnewsinworld.com\/es\/wp-json\/wp\/v2\/posts\/828","targetHints":{"allow":["GET"]}}],"collection":[{"href":"https:\/\/hotnewsinworld.com\/es\/wp-json\/wp\/v2\/posts"}],"about":[{"href":"https:\/\/hotnewsinworld.com\/es\/wp-json\/wp\/v2\/types\/post"}],"author":[{"embeddable":true,"href":"https:\/\/hotnewsinworld.com\/es\/wp-json\/wp\/v2\/users\/2"}],"replies":[{"embeddable":true,"href":"https:\/\/hotnewsinworld.com\/es\/wp-json\/wp\/v2\/comments?post=828"}],"version-history":[{"count":1,"href":"https:\/\/hotnewsinworld.com\/es\/wp-json\/wp\/v2\/posts\/828\/revisions"}],"predecessor-version":[{"id":830,"href":"https:\/\/hotnewsinworld.com\/es\/wp-json\/wp\/v2\/posts\/828\/revisions\/830"}],"wp:featuredmedia":[{"embeddable":true,"href":"https:\/\/hotnewsinworld.com\/es\/wp-json\/wp\/v2\/media\/829"}],"wp:attachment":[{"href":"https:\/\/hotnewsinworld.com\/es\/wp-json\/wp\/v2\/media?parent=828"}],"wp:term":[{"taxonomy":"category","embeddable":true,"href":"https:\/\/hotnewsinworld.com\/es\/wp-json\/wp\/v2\/categories?post=828"},{"taxonomy":"post_tag","embeddable":true,"href":"https:\/\/hotnewsinworld.com\/es\/wp-json\/wp\/v2\/tags?post=828"}],"curies":[{"name":"wp","href":"https:\/\/api.w.org\/{rel}","templated":true}]}}