{"id":834,"date":"2020-11-24T02:49:09","date_gmt":"2020-11-23T23:49:09","guid":{"rendered":"https:\/\/hotnewsinworld.com\/es\/isabel-allende-feminista-para-todos-los-publicos\/"},"modified":"2020-11-24T02:49:15","modified_gmt":"2020-11-23T23:49:15","slug":"isabel-allende-feminista-para-todos-los-publicos","status":"publish","type":"post","link":"https:\/\/hotnewsinworld.com\/es\/isabel-allende-feminista-para-todos-los-publicos\/","title":{"rendered":"Isabel Allende, feminista para todos los p\u00fablicos"},"content":{"rendered":"<p>Isabel Allende, por Luis Gra\u00f1ena.\u201cMi infancia no fue alegre, pero s\u00ed interesante\u201d, confesaba Isabel Allende en un art\u00edculo publicado en este peri\u00f3dico en 2003. Una infancia novelesca, como toda su vida, repleta de aventuras y personajes que ella ha sabido capitalizar admirablemente reconvirti\u00e9ndola en obra literaria. Nacida en Lima en 1942, donde su padre, primo hermano del presidente Salvador Allende, era secretario de la Embajada chilena, tuvo una infancia ambulante entre varios continentes \u2014porque al padre diplom\u00e1tico que desert\u00f3 enseguida, le sigui\u00f3 un padrastro diplom\u00e1tico tambi\u00e9n\u2014 y una vida adulta marcada por el golpe &#8230;Inicia sesi\u00f3n para seguir leyendoS\u00f3lo con tener una cuenta ya puedes leer este art\u00edculo, es gratisGracias por leer EL PA\u00cdS<br \/>\n<br \/>\n<!--noindex--><br \/>\n<a href=\"https:\/\/elpais.com\/ideas\/2020-11-14\/isabel-allende-feminista-para-todos-los-publicos.html\" rel=\"nofollow\">Source link <\/a><br \/>\n<!--\/noindex--><\/p>\n","protected":false},"excerpt":{"rendered":"<p>Isabel Allende, por Luis Gra\u00f1ena.\u201cMi infancia no fue alegre, pero s\u00ed interesante\u201d, confesaba Isabel Allende en un art\u00edculo publicado en este peri\u00f3dico en 2003. Una infancia novelesca, como toda su vida, repleta de aventuras y personajes que ella ha sabido capitalizar admirablemente reconvirti\u00e9ndola en obra literaria. Nacida en Lima en 1942, donde su padre, primo [&hellip;]<\/p>\n","protected":false},"author":2,"featured_media":835,"comment_status":"open","ping_status":"open","sticky":false,"template":"","format":"standard","meta":{"footnotes":""},"categories":[3],"tags":[],"class_list":["post-834","post","type-post","status-publish","format-standard","has-post-thumbnail","hentry","category-noticias-de-medios-sociales"],"yoast_head":"<!-- This site is optimized with the Yoast SEO plugin v27.4 - https:\/\/yoast.com\/product\/yoast-seo-wordpress\/ -->\n<title>Isabel Allende, feminista para todos los p\u00fablicos - Hot News in World<\/title>\n<meta name=\"robots\" content=\"index, follow, max-snippet:-1, max-image-preview:large, max-video-preview:-1\" \/>\n<link rel=\"canonical\" href=\"https:\/\/hotnewsinworld.com\/es\/isabel-allende-feminista-para-todos-los-publicos\/\" \/>\n<meta property=\"og:locale\" content=\"es_ES\" \/>\n<meta property=\"og:type\" content=\"article\" \/>\n<meta property=\"og:title\" content=\"Isabel Allende, feminista para todos los p\u00fablicos - Hot News in World\" \/>\n<meta property=\"og:description\" content=\"Isabel Allende, por Luis Gra\u00f1ena.\u201cMi infancia no fue alegre, pero s\u00ed interesante\u201d, confesaba Isabel Allende en un art\u00edculo publicado en este peri\u00f3dico en 2003. Una infancia novelesca, como toda su vida, repleta de aventuras y personajes que ella ha sabido capitalizar admirablemente reconvirti\u00e9ndola en obra literaria. Nacida en Lima en 1942, donde su padre, primo [&hellip;]\" \/>\n<meta property=\"og:url\" content=\"https:\/\/hotnewsinworld.com\/es\/isabel-allende-feminista-para-todos-los-publicos\/\" \/>\n<meta property=\"og:site_name\" content=\"Hot News in World\" \/>\n<meta property=\"article:published_time\" content=\"2020-11-23T23:49:09+00:00\" \/>\n<meta property=\"article:modified_time\" content=\"2020-11-23T23:49:15+00:00\" \/>\n<meta property=\"og:image\" content=\"https:\/\/hotnewsinworld.com\/es\/wp-content\/uploads\/sites\/4\/2020\/11\/Isabel-Allende-feminista-para-todos-los-publicos-scaled.jpg\" \/>\n\t<meta property=\"og:image:width\" content=\"1824\" \/>\n\t<meta property=\"og:image:height\" content=\"2560\" \/>\n\t<meta property=\"og:image:type\" content=\"image\/jpeg\" \/>\n<meta name=\"author\" content=\"hotnewsinworld\" \/>\n<meta name=\"twitter:card\" content=\"summary_large_image\" \/>\n<meta name=\"twitter:label1\" content=\"Escrito por\" \/>\n\t<meta name=\"twitter:data1\" content=\"hotnewsinworld\" \/>\n\t<meta name=\"twitter:label2\" content=\"Tiempo de lectura\" \/>\n\t<meta name=\"twitter:data2\" content=\"1 minuto\" \/>\n<script type=\"application\/ld+json\" class=\"yoast-schema-graph\">{\"@context\":\"https:\\\/\\\/schema.org\",\"@graph\":[{\"@type\":\"Article\",\"@id\":\"https:\\\/\\\/hotnewsinworld.com\\\/es\\\/isabel-allende-feminista-para-todos-los-publicos\\\/#article\",\"isPartOf\":{\"@id\":\"https:\\\/\\\/hotnewsinworld.com\\\/es\\\/isabel-allende-feminista-para-todos-los-publicos\\\/\"},\"author\":{\"name\":\"hotnewsinworld\",\"@id\":\"https:\\\/\\\/hotnewsinworld.com\\\/es\\\/#\\\/schema\\\/person\\\/fe61448b21c0d59086e75fcc1f9d8f6b\"},\"headline\":\"Isabel Allende, feminista para todos los p\u00fablicos\",\"datePublished\":\"2020-11-23T23:49:09+00:00\",\"dateModified\":\"2020-11-23T23:49:15+00:00\",\"mainEntityOfPage\":{\"@id\":\"https:\\\/\\\/hotnewsinworld.com\\\/es\\\/isabel-allende-feminista-para-todos-los-publicos\\\/\"},\"wordCount\":134,\"commentCount\":0,\"image\":{\"@id\":\"https:\\\/\\\/hotnewsinworld.com\\\/es\\\/isabel-allende-feminista-para-todos-los-publicos\\\/#primaryimage\"},\"thumbnailUrl\":\"https:\\\/\\\/hotnewsinworld.com\\\/es\\\/wp-content\\\/uploads\\\/sites\\\/4\\\/2020\\\/11\\\/Isabel-Allende-feminista-para-todos-los-publicos-scaled.jpg\",\"articleSection\":[\"NOTICIAS DE MEDIOS SOCIALES\"],\"inLanguage\":\"es\",\"potentialAction\":[{\"@type\":\"CommentAction\",\"name\":\"Comment\",\"target\":[\"https:\\\/\\\/hotnewsinworld.com\\\/es\\\/isabel-allende-feminista-para-todos-los-publicos\\\/#respond\"]}]},{\"@type\":\"WebPage\",\"@id\":\"https:\\\/\\\/hotnewsinworld.com\\\/es\\\/isabel-allende-feminista-para-todos-los-publicos\\\/\",\"url\":\"https:\\\/\\\/hotnewsinworld.com\\\/es\\\/isabel-allende-feminista-para-todos-los-publicos\\\/\",\"name\":\"Isabel Allende, feminista para todos los p\u00fablicos - Hot News in World\",\"isPartOf\":{\"@id\":\"https:\\\/\\\/hotnewsinworld.com\\\/es\\\/#website\"},\"primaryImageOfPage\":{\"@id\":\"https:\\\/\\\/hotnewsinworld.com\\\/es\\\/isabel-allende-feminista-para-todos-los-publicos\\\/#primaryimage\"},\"image\":{\"@id\":\"https:\\\/\\\/hotnewsinworld.com\\\/es\\\/isabel-allende-feminista-para-todos-los-publicos\\\/#primaryimage\"},\"thumbnailUrl\":\"https:\\\/\\\/hotnewsinworld.com\\\/es\\\/wp-content\\\/uploads\\\/sites\\\/4\\\/2020\\\/11\\\/Isabel-Allende-feminista-para-todos-los-publicos-scaled.jpg\",\"datePublished\":\"2020-11-23T23:49:09+00:00\",\"dateModified\":\"2020-11-23T23:49:15+00:00\",\"author\":{\"@id\":\"https:\\\/\\\/hotnewsinworld.com\\\/es\\\/#\\\/schema\\\/person\\\/fe61448b21c0d59086e75fcc1f9d8f6b\"},\"breadcrumb\":{\"@id\":\"https:\\\/\\\/hotnewsinworld.com\\\/es\\\/isabel-allende-feminista-para-todos-los-publicos\\\/#breadcrumb\"},\"inLanguage\":\"es\",\"potentialAction\":[{\"@type\":\"ReadAction\",\"target\":[\"https:\\\/\\\/hotnewsinworld.com\\\/es\\\/isabel-allende-feminista-para-todos-los-publicos\\\/\"]}]},{\"@type\":\"ImageObject\",\"inLanguage\":\"es\",\"@id\":\"https:\\\/\\\/hotnewsinworld.com\\\/es\\\/isabel-allende-feminista-para-todos-los-publicos\\\/#primaryimage\",\"url\":\"https:\\\/\\\/hotnewsinworld.com\\\/es\\\/wp-content\\\/uploads\\\/sites\\\/4\\\/2020\\\/11\\\/Isabel-Allende-feminista-para-todos-los-publicos-scaled.jpg\",\"contentUrl\":\"https:\\\/\\\/hotnewsinworld.com\\\/es\\\/wp-content\\\/uploads\\\/sites\\\/4\\\/2020\\\/11\\\/Isabel-Allende-feminista-para-todos-los-publicos-scaled.jpg\",\"width\":1824,\"height\":2560,\"caption\":\"Isabel Allende, feminista para todos los p\u00fablicos\"},{\"@type\":\"BreadcrumbList\",\"@id\":\"https:\\\/\\\/hotnewsinworld.com\\\/es\\\/isabel-allende-feminista-para-todos-los-publicos\\\/#breadcrumb\",\"itemListElement\":[{\"@type\":\"ListItem\",\"position\":1,\"name\":\"\u0413\u043b\u0430\u0432\u043d\u0430\u044f \u0441\u0442\u0440\u0430\u043d\u0438\u0446\u0430\",\"item\":\"https:\\\/\\\/hotnewsinworld.com\\\/es\\\/\"},{\"@type\":\"ListItem\",\"position\":2,\"name\":\"Isabel Allende, feminista para todos los p\u00fablicos\"}]},{\"@type\":\"WebSite\",\"@id\":\"https:\\\/\\\/hotnewsinworld.com\\\/es\\\/#website\",\"url\":\"https:\\\/\\\/hotnewsinworld.com\\\/es\\\/\",\"name\":\"Hot News in World\",\"description\":\"Hot News in World from Spain\",\"potentialAction\":[{\"@type\":\"SearchAction\",\"target\":{\"@type\":\"EntryPoint\",\"urlTemplate\":\"https:\\\/\\\/hotnewsinworld.com\\\/es\\\/?s={search_term_string}\"},\"query-input\":{\"@type\":\"PropertyValueSpecification\",\"valueRequired\":true,\"valueName\":\"search_term_string\"}}],\"inLanguage\":\"es\"},{\"@type\":\"Person\",\"@id\":\"https:\\\/\\\/hotnewsinworld.com\\\/es\\\/#\\\/schema\\\/person\\\/fe61448b21c0d59086e75fcc1f9d8f6b\",\"name\":\"hotnewsinworld\",\"image\":{\"@type\":\"ImageObject\",\"inLanguage\":\"es\",\"@id\":\"https:\\\/\\\/secure.gravatar.com\\\/avatar\\\/8a09ac165600ce2e1c38fe593c63928eb1e6e7ba5c5a907d67787c41b3d00c14?s=96&d=mm&r=g\",\"url\":\"https:\\\/\\\/secure.gravatar.com\\\/avatar\\\/8a09ac165600ce2e1c38fe593c63928eb1e6e7ba5c5a907d67787c41b3d00c14?s=96&d=mm&r=g\",\"contentUrl\":\"https:\\\/\\\/secure.gravatar.com\\\/avatar\\\/8a09ac165600ce2e1c38fe593c63928eb1e6e7ba5c5a907d67787c41b3d00c14?s=96&d=mm&r=g\",\"caption\":\"hotnewsinworld\"},\"url\":\"https:\\\/\\\/hotnewsinworld.com\\\/es\\\/author\\\/pt\\\/\"}]}<\/script>\n<!-- \/ Yoast SEO plugin. -->","yoast_head_json":{"title":"Isabel Allende, feminista para todos los p\u00fablicos - Hot News in World","robots":{"index":"index","follow":"follow","max-snippet":"max-snippet:-1","max-image-preview":"max-image-preview:large","max-video-preview":"max-video-preview:-1"},"canonical":"https:\/\/hotnewsinworld.com\/es\/isabel-allende-feminista-para-todos-los-publicos\/","og_locale":"es_ES","og_type":"article","og_title":"Isabel Allende, feminista para todos los p\u00fablicos - Hot News in World","og_description":"Isabel Allende, por Luis Gra\u00f1ena.\u201cMi infancia no fue alegre, pero s\u00ed interesante\u201d, confesaba Isabel Allende en un art\u00edculo publicado en este peri\u00f3dico en 2003. Una infancia novelesca, como toda su vida, repleta de aventuras y personajes que ella ha sabido capitalizar admirablemente reconvirti\u00e9ndola en obra literaria. Nacida en Lima en 1942, donde su padre, primo [&hellip;]","og_url":"https:\/\/hotnewsinworld.com\/es\/isabel-allende-feminista-para-todos-los-publicos\/","og_site_name":"Hot News in World","article_published_time":"2020-11-23T23:49:09+00:00","article_modified_time":"2020-11-23T23:49:15+00:00","og_image":[{"width":1824,"height":2560,"url":"https:\/\/hotnewsinworld.com\/es\/wp-content\/uploads\/sites\/4\/2020\/11\/Isabel-Allende-feminista-para-todos-los-publicos-scaled.jpg","type":"image\/jpeg"}],"author":"hotnewsinworld","twitter_card":"summary_large_image","twitter_misc":{"Escrito por":"hotnewsinworld","Tiempo de lectura":"1 minuto"},"schema":{"@context":"https:\/\/schema.org","@graph":[{"@type":"Article","@id":"https:\/\/hotnewsinworld.com\/es\/isabel-allende-feminista-para-todos-los-publicos\/#article","isPartOf":{"@id":"https:\/\/hotnewsinworld.com\/es\/isabel-allende-feminista-para-todos-los-publicos\/"},"author":{"name":"hotnewsinworld","@id":"https:\/\/hotnewsinworld.com\/es\/#\/schema\/person\/fe61448b21c0d59086e75fcc1f9d8f6b"},"headline":"Isabel Allende, feminista para todos los p\u00fablicos","datePublished":"2020-11-23T23:49:09+00:00","dateModified":"2020-11-23T23:49:15+00:00","mainEntityOfPage":{"@id":"https:\/\/hotnewsinworld.com\/es\/isabel-allende-feminista-para-todos-los-publicos\/"},"wordCount":134,"commentCount":0,"image":{"@id":"https:\/\/hotnewsinworld.com\/es\/isabel-allende-feminista-para-todos-los-publicos\/#primaryimage"},"thumbnailUrl":"https:\/\/hotnewsinworld.com\/es\/wp-content\/uploads\/sites\/4\/2020\/11\/Isabel-Allende-feminista-para-todos-los-publicos-scaled.jpg","articleSection":["NOTICIAS DE MEDIOS SOCIALES"],"inLanguage":"es","potentialAction":[{"@type":"CommentAction","name":"Comment","target":["https:\/\/hotnewsinworld.com\/es\/isabel-allende-feminista-para-todos-los-publicos\/#respond"]}]},{"@type":"WebPage","@id":"https:\/\/hotnewsinworld.com\/es\/isabel-allende-feminista-para-todos-los-publicos\/","url":"https:\/\/hotnewsinworld.com\/es\/isabel-allende-feminista-para-todos-los-publicos\/","name":"Isabel Allende, feminista para todos los p\u00fablicos - Hot News in World","isPartOf":{"@id":"https:\/\/hotnewsinworld.com\/es\/#website"},"primaryImageOfPage":{"@id":"https:\/\/hotnewsinworld.com\/es\/isabel-allende-feminista-para-todos-los-publicos\/#primaryimage"},"image":{"@id":"https:\/\/hotnewsinworld.com\/es\/isabel-allende-feminista-para-todos-los-publicos\/#primaryimage"},"thumbnailUrl":"https:\/\/hotnewsinworld.com\/es\/wp-content\/uploads\/sites\/4\/2020\/11\/Isabel-Allende-feminista-para-todos-los-publicos-scaled.jpg","datePublished":"2020-11-23T23:49:09+00:00","dateModified":"2020-11-23T23:49:15+00:00","author":{"@id":"https:\/\/hotnewsinworld.com\/es\/#\/schema\/person\/fe61448b21c0d59086e75fcc1f9d8f6b"},"breadcrumb":{"@id":"https:\/\/hotnewsinworld.com\/es\/isabel-allende-feminista-para-todos-los-publicos\/#breadcrumb"},"inLanguage":"es","potentialAction":[{"@type":"ReadAction","target":["https:\/\/hotnewsinworld.com\/es\/isabel-allende-feminista-para-todos-los-publicos\/"]}]},{"@type":"ImageObject","inLanguage":"es","@id":"https:\/\/hotnewsinworld.com\/es\/isabel-allende-feminista-para-todos-los-publicos\/#primaryimage","url":"https:\/\/hotnewsinworld.com\/es\/wp-content\/uploads\/sites\/4\/2020\/11\/Isabel-Allende-feminista-para-todos-los-publicos-scaled.jpg","contentUrl":"https:\/\/hotnewsinworld.com\/es\/wp-content\/uploads\/sites\/4\/2020\/11\/Isabel-Allende-feminista-para-todos-los-publicos-scaled.jpg","width":1824,"height":2560,"caption":"Isabel Allende, feminista para todos los p\u00fablicos"},{"@type":"BreadcrumbList","@id":"https:\/\/hotnewsinworld.com\/es\/isabel-allende-feminista-para-todos-los-publicos\/#breadcrumb","itemListElement":[{"@type":"ListItem","position":1,"name":"\u0413\u043b\u0430\u0432\u043d\u0430\u044f \u0441\u0442\u0440\u0430\u043d\u0438\u0446\u0430","item":"https:\/\/hotnewsinworld.com\/es\/"},{"@type":"ListItem","position":2,"name":"Isabel Allende, feminista para todos los p\u00fablicos"}]},{"@type":"WebSite","@id":"https:\/\/hotnewsinworld.com\/es\/#website","url":"https:\/\/hotnewsinworld.com\/es\/","name":"Hot News in World","description":"Hot News in World from Spain","potentialAction":[{"@type":"SearchAction","target":{"@type":"EntryPoint","urlTemplate":"https:\/\/hotnewsinworld.com\/es\/?s={search_term_string}"},"query-input":{"@type":"PropertyValueSpecification","valueRequired":true,"valueName":"search_term_string"}}],"inLanguage":"es"},{"@type":"Person","@id":"https:\/\/hotnewsinworld.com\/es\/#\/schema\/person\/fe61448b21c0d59086e75fcc1f9d8f6b","name":"hotnewsinworld","image":{"@type":"ImageObject","inLanguage":"es","@id":"https:\/\/secure.gravatar.com\/avatar\/8a09ac165600ce2e1c38fe593c63928eb1e6e7ba5c5a907d67787c41b3d00c14?s=96&d=mm&r=g","url":"https:\/\/secure.gravatar.com\/avatar\/8a09ac165600ce2e1c38fe593c63928eb1e6e7ba5c5a907d67787c41b3d00c14?s=96&d=mm&r=g","contentUrl":"https:\/\/secure.gravatar.com\/avatar\/8a09ac165600ce2e1c38fe593c63928eb1e6e7ba5c5a907d67787c41b3d00c14?s=96&d=mm&r=g","caption":"hotnewsinworld"},"url":"https:\/\/hotnewsinworld.com\/es\/author\/pt\/"}]}},"_links":{"self":[{"href":"https:\/\/hotnewsinworld.com\/es\/wp-json\/wp\/v2\/posts\/834","targetHints":{"allow":["GET"]}}],"collection":[{"href":"https:\/\/hotnewsinworld.com\/es\/wp-json\/wp\/v2\/posts"}],"about":[{"href":"https:\/\/hotnewsinworld.com\/es\/wp-json\/wp\/v2\/types\/post"}],"author":[{"embeddable":true,"href":"https:\/\/hotnewsinworld.com\/es\/wp-json\/wp\/v2\/users\/2"}],"replies":[{"embeddable":true,"href":"https:\/\/hotnewsinworld.com\/es\/wp-json\/wp\/v2\/comments?post=834"}],"version-history":[{"count":1,"href":"https:\/\/hotnewsinworld.com\/es\/wp-json\/wp\/v2\/posts\/834\/revisions"}],"predecessor-version":[{"id":836,"href":"https:\/\/hotnewsinworld.com\/es\/wp-json\/wp\/v2\/posts\/834\/revisions\/836"}],"wp:featuredmedia":[{"embeddable":true,"href":"https:\/\/hotnewsinworld.com\/es\/wp-json\/wp\/v2\/media\/835"}],"wp:attachment":[{"href":"https:\/\/hotnewsinworld.com\/es\/wp-json\/wp\/v2\/media?parent=834"}],"wp:term":[{"taxonomy":"category","embeddable":true,"href":"https:\/\/hotnewsinworld.com\/es\/wp-json\/wp\/v2\/categories?post=834"},{"taxonomy":"post_tag","embeddable":true,"href":"https:\/\/hotnewsinworld.com\/es\/wp-json\/wp\/v2\/tags?post=834"}],"curies":[{"name":"wp","href":"https:\/\/api.w.org\/{rel}","templated":true}]}}