{"id":934,"date":"2020-12-01T23:16:13","date_gmt":"2020-12-01T20:16:13","guid":{"rendered":"https:\/\/hotnewsinworld.com\/es\/regreso-a-kiev-la-ciudad-que-dejo-cojo-al-madrid\/"},"modified":"2020-12-01T23:16:18","modified_gmt":"2020-12-01T20:16:18","slug":"regreso-a-kiev-la-ciudad-que-dejo-cojo-al-madrid","status":"publish","type":"post","link":"https:\/\/hotnewsinworld.com\/es\/regreso-a-kiev-la-ciudad-que-dejo-cojo-al-madrid\/","title":{"rendered":"Regreso a Kiev, la ciudad que dej\u00f3 cojo al Madrid"},"content":{"rendered":"<p>Benzema, Hazard y Asensio, antes del Real Madrid-Inter de Champions de esta temporada.diego soutoEl Real Madrid vuelve este martes a Kiev para jugar contra el Shakhtar (18.55, Movistar Liga de Campeones), la \u00faltima ciudad donde fue plenamente feliz. Ocurri\u00f3 una noche de finales de mayo de 2018 con la conquista de la 13\u00aa Copa de Europa, sin embargo, la calma apenas dur\u00f3 unos minutos y lo que vino despu\u00e9s abri\u00f3 un enorme socav\u00f3n ofensivo para el que a\u00fan no ha encontrado soluci\u00f3n pese al dinero invertido.Cristiano Ronaldo desliz\u00f3 sobre el c\u00e9sped que se iba y a los d\u00edas le sigui\u00f3 Zidane. La salida del franc\u00e9s cre\u00f3 un vac\u00edo existencial, luego reparado, pero la partida del portugu\u00e9s gener\u00f3 un agujero sobre el c\u00e9sped irremediable hasta ahora. Solo el empe\u00f1o defensivo extra en el postconfinamiento lo alivi\u00f3 de forma puntual e hizo posible el t\u00edtulo liguero porque arriba la producci\u00f3n renque\u00f3 pese a los esfuerzos de Benzema (en m\u00e1ximos de su carrera los dos \u00faltimos cursos) y el tropel de atacantes fichados. Las cifras anotadoras del equipo han descendido a las cotas m\u00e1s bajas desde hace 15 a\u00f1os a estas alturas en el torneo dom\u00e9stico. Esta temporada lleva 16 tantos en 10 jornadas, los mismos que el a\u00f1o pasado y dos m\u00e1s que hace tres campa\u00f1as.Desde el adi\u00f3s de CR, la entidad no ha parado de contratar jugadores de ataque. Mientras en el resto del campo ha actuado de forma quir\u00fargica (Courtois, Lunin, Mendy, Milit\u00e3o y Odriozola) con mayor o menor tino, arriba lo ha hecho de forma compulsiva y con pocos resultados hasta ahora. Antes de que la pandemia congelara las compras en La Castellana, se gast\u00f3 no menos de 320 millones en Vinicius (45), Mariano (21,5), Brahim (17), Jovic (60), Rodrygo (45), Reinier (30) y Hazard (entre 100 y los 160 que inform\u00f3 la prensa belga). A los que hay que sumar Kubo, que lleg\u00f3 libre. Una cantidad de dinero y efectivos que no ha evitado la ca\u00edda de la \u00e9lite continental, eliminado dos temporadas seguidas en octavos.Desde la salida de Ronaldo, el club ha gastado no menos de 320 millones en jugadores de ataque, pero ninguno ha ayudado lo suficiente a Benzema para aliviar el agujeroDe entre el amplio cat\u00e1logo adquirido y el que ya exist\u00eda en la plantilla, el dictamen de Zizou fue meridiano: Hazard y Asensio eran los elegidos, adem\u00e1s de Benzema, su \u00fanico delantero (de vuelta a una convocatoria en Kiev). M\u00e1s de un a\u00f1o le cost\u00f3 alinearlos juntos por las lesiones de los dos primeros, sin embargo, los efectos no est\u00e1n siendo los esperados. El belga, por sus constantes problemas f\u00edsicos; y el balear, por su rendimiento. El Madrid suspir\u00f3 muchos meses por ambos como un principio de soluci\u00f3n a las dificultades ofensivas, pero los resultados han provocado, hasta la fecha, frustraci\u00f3n.\u201cDejadle jugar\u201dHazard volvi\u00f3 a caer el s\u00e1bado y estar\u00e1 de baja de tres a cuatro semanas debido a una lesi\u00f3n muscular en el recto anterior del muslo derecho. Se trata del cuarto percance en lo que va de campa\u00f1a. En su historial cl\u00ednico no falta ni el covid. Hace siete d\u00edas, tras anotar de penalti en Mil\u00e1n (su segundo tanto de la temporada y el tercero como blanco), ped\u00eda \u201cm\u00e1s partidos, minutos y confianza\u201d para cumplir con las expectativas y la inversi\u00f3n realizada, y es justo lo que nunca encuentra pese al empe\u00f1o de Zidane en darle pista.El problema de Asensio, en cambio, ha sido con el bal\u00f3n. El mallorqu\u00edn (cero tantos y cero asistencias) se ha mostrado apagado y trist\u00f3n. Salvo su aceptable actuaci\u00f3n en M\u00f6nchengladbach, a su despliegue le ha faltado verticalidad y chispa para ofrecer soluciones en un equipo que a veces le cuesta producir en ataque. ZZ nunca disimul\u00f3 sus simpat\u00edas y, en cuanto su f\u00edsico se puso a tono tras la grave lesi\u00f3n, le concedi\u00f3 carrete. Disput\u00f3 seis partidos seguidos de titular, una quimera para otros compa\u00f1eros del ataque, pero en Villarreal y San Siro regres\u00f3 al banquillo. Ante su escasa influencia frente a la porter\u00eda rival y la ausencia de Casemiro, Zizou prefiri\u00f3 a Lucas V\u00e1zquez para hormigonar el medio. Su poca aportaci\u00f3n en este arranque ha alimentado la sospecha de que solo es capaz de acercarse a su mejor nivel con el viento a favor. \u201cLo que ten\u00e9is que hacer es dejar de hablar de que tiene que hacer esto o lo otro. Dejadle jugar y ya est\u00e1. Poco a poco veremos al mejor Marco\u201d, coment\u00f3 este lunes Zidane algo contrariado.El Madrid suspir\u00f3 muchos meses por Asensio y Hazard como un principio de soluci\u00f3n a las dificultades ofensivas, pero su rendimiento ha provocado frustraci\u00f3nLa preferencia del t\u00e9cnico por esta pareja evidenci\u00f3 el papel secundario del resto del ataque, que no par\u00f3 de rotar mientras Hazard y Asensio no estuvieron listos. J\u00f3venes, estrat\u00e9gicos algunos de ellos en las oficinas, pero que en el verde no han terminado de asomar la cabeza ni de tener la fe del entrenador. Varios, incluso, fueron mandados de instrucci\u00f3n a otros equipos (Brahim, Kubo y Reinier).De los que est\u00e1n, quien m\u00e1s ha sufrido el paso a la trastienda es Vinicius, preso de la melancol\u00eda. Sus tres tantos son previos a la suplencia del \u00faltimo mes y el pasado s\u00e1bado contra el Alav\u00e9s, en sus 27 minutos sobre el c\u00e9sped y en un trance de necesidad del equipo, solo intent\u00f3 (sin \u00e9xito) un regate. La nueva lesi\u00f3n del belga le abre una rendija, aunque contra los vitorianos la primera opci\u00f3n fue Rodrygo. A este no se le ve mucho (solo dos titularidades), pero lo aprovecha bien: dos dianas claves al Inter y cuatro asistencias. Por su parte, a Jovic y Mariano, los \u00faltimos de la fila, solo les queda pelear por los minutos que deje libres Benzema o ser el relevo preferente en situaciones de emergencia. Muchos nombres, gran desembolso y escasas soluciones de momento para mitigar la cojera que arrastra desde el triunfal regreso de Kiev en 2018. El plan A se est\u00e1 quedando corto y al plan B le han dejado claro que es segundo plato.<br \/>\n<br \/>\n<!--noindex--><br \/>\n<a href=\"https:\/\/elpais.com\/deportes\/2020-11-30\/regreso-a-kiev-la-ciudad-que-dejo-cojo-al-madrid.html\" rel=\"nofollow\">Source link <\/a><br \/>\n<!--\/noindex--><\/p>\n","protected":false},"excerpt":{"rendered":"<p>Benzema, Hazard y Asensio, antes del Real Madrid-Inter de Champions de esta temporada.diego soutoEl Real Madrid vuelve este martes a Kiev para jugar contra el Shakhtar (18.55, Movistar Liga de Campeones), la \u00faltima ciudad donde fue plenamente feliz. Ocurri\u00f3 una noche de finales de mayo de 2018 con la conquista de la 13\u00aa Copa de [&hellip;]<\/p>\n","protected":false},"author":2,"featured_media":935,"comment_status":"open","ping_status":"open","sticky":false,"template":"","format":"standard","meta":{"footnotes":""},"categories":[3],"tags":[],"class_list":["post-934","post","type-post","status-publish","format-standard","has-post-thumbnail","hentry","category-noticias-de-medios-sociales"],"yoast_head":"<!-- This site is optimized with the Yoast SEO plugin v27.4 - https:\/\/yoast.com\/product\/yoast-seo-wordpress\/ -->\n<title>Regreso a Kiev, la ciudad que dej\u00f3 cojo al Madrid - Hot News in World<\/title>\n<meta name=\"robots\" content=\"index, follow, max-snippet:-1, max-image-preview:large, max-video-preview:-1\" \/>\n<link rel=\"canonical\" href=\"https:\/\/hotnewsinworld.com\/es\/regreso-a-kiev-la-ciudad-que-dejo-cojo-al-madrid\/\" \/>\n<meta property=\"og:locale\" content=\"es_ES\" \/>\n<meta property=\"og:type\" content=\"article\" \/>\n<meta property=\"og:title\" content=\"Regreso a Kiev, la ciudad que dej\u00f3 cojo al Madrid - Hot News in World\" \/>\n<meta property=\"og:description\" content=\"Benzema, Hazard y Asensio, antes del Real Madrid-Inter de Champions de esta temporada.diego soutoEl Real Madrid vuelve este martes a Kiev para jugar contra el Shakhtar (18.55, Movistar Liga de Campeones), la \u00faltima ciudad donde fue plenamente feliz. Ocurri\u00f3 una noche de finales de mayo de 2018 con la conquista de la 13\u00aa Copa de [&hellip;]\" \/>\n<meta property=\"og:url\" content=\"https:\/\/hotnewsinworld.com\/es\/regreso-a-kiev-la-ciudad-que-dejo-cojo-al-madrid\/\" \/>\n<meta property=\"og:site_name\" content=\"Hot News in World\" \/>\n<meta property=\"article:published_time\" content=\"2020-12-01T20:16:13+00:00\" \/>\n<meta property=\"article:modified_time\" content=\"2020-12-01T20:16:18+00:00\" \/>\n<meta property=\"og:image\" content=\"https:\/\/hotnewsinworld.com\/es\/wp-content\/uploads\/sites\/4\/2020\/12\/Regreso-a-Kiev-la-ciudad-que-dejo-cojo-al-Madrid-scaled.jpg\" \/>\n\t<meta property=\"og:image:width\" content=\"2560\" \/>\n\t<meta property=\"og:image:height\" content=\"1706\" \/>\n\t<meta property=\"og:image:type\" content=\"image\/jpeg\" \/>\n<meta name=\"author\" content=\"hotnewsinworld\" \/>\n<meta name=\"twitter:card\" content=\"summary_large_image\" \/>\n<meta name=\"twitter:label1\" content=\"Escrito por\" \/>\n\t<meta name=\"twitter:data1\" content=\"hotnewsinworld\" \/>\n\t<meta name=\"twitter:label2\" content=\"Tiempo de lectura\" \/>\n\t<meta name=\"twitter:data2\" content=\"5 minutos\" \/>\n<script type=\"application\/ld+json\" class=\"yoast-schema-graph\">{\"@context\":\"https:\\\/\\\/schema.org\",\"@graph\":[{\"@type\":\"Article\",\"@id\":\"https:\\\/\\\/hotnewsinworld.com\\\/es\\\/regreso-a-kiev-la-ciudad-que-dejo-cojo-al-madrid\\\/#article\",\"isPartOf\":{\"@id\":\"https:\\\/\\\/hotnewsinworld.com\\\/es\\\/regreso-a-kiev-la-ciudad-que-dejo-cojo-al-madrid\\\/\"},\"author\":{\"name\":\"hotnewsinworld\",\"@id\":\"https:\\\/\\\/hotnewsinworld.com\\\/es\\\/#\\\/schema\\\/person\\\/fe61448b21c0d59086e75fcc1f9d8f6b\"},\"headline\":\"Regreso a Kiev, la ciudad que dej\u00f3 cojo al Madrid\",\"datePublished\":\"2020-12-01T20:16:13+00:00\",\"dateModified\":\"2020-12-01T20:16:18+00:00\",\"mainEntityOfPage\":{\"@id\":\"https:\\\/\\\/hotnewsinworld.com\\\/es\\\/regreso-a-kiev-la-ciudad-que-dejo-cojo-al-madrid\\\/\"},\"wordCount\":1077,\"commentCount\":0,\"image\":{\"@id\":\"https:\\\/\\\/hotnewsinworld.com\\\/es\\\/regreso-a-kiev-la-ciudad-que-dejo-cojo-al-madrid\\\/#primaryimage\"},\"thumbnailUrl\":\"https:\\\/\\\/hotnewsinworld.com\\\/es\\\/wp-content\\\/uploads\\\/sites\\\/4\\\/2020\\\/12\\\/Regreso-a-Kiev-la-ciudad-que-dejo-cojo-al-Madrid-scaled.jpg\",\"articleSection\":[\"NOTICIAS DE MEDIOS SOCIALES\"],\"inLanguage\":\"es\",\"potentialAction\":[{\"@type\":\"CommentAction\",\"name\":\"Comment\",\"target\":[\"https:\\\/\\\/hotnewsinworld.com\\\/es\\\/regreso-a-kiev-la-ciudad-que-dejo-cojo-al-madrid\\\/#respond\"]}]},{\"@type\":\"WebPage\",\"@id\":\"https:\\\/\\\/hotnewsinworld.com\\\/es\\\/regreso-a-kiev-la-ciudad-que-dejo-cojo-al-madrid\\\/\",\"url\":\"https:\\\/\\\/hotnewsinworld.com\\\/es\\\/regreso-a-kiev-la-ciudad-que-dejo-cojo-al-madrid\\\/\",\"name\":\"Regreso a Kiev, la ciudad que dej\u00f3 cojo al Madrid - Hot News in World\",\"isPartOf\":{\"@id\":\"https:\\\/\\\/hotnewsinworld.com\\\/es\\\/#website\"},\"primaryImageOfPage\":{\"@id\":\"https:\\\/\\\/hotnewsinworld.com\\\/es\\\/regreso-a-kiev-la-ciudad-que-dejo-cojo-al-madrid\\\/#primaryimage\"},\"image\":{\"@id\":\"https:\\\/\\\/hotnewsinworld.com\\\/es\\\/regreso-a-kiev-la-ciudad-que-dejo-cojo-al-madrid\\\/#primaryimage\"},\"thumbnailUrl\":\"https:\\\/\\\/hotnewsinworld.com\\\/es\\\/wp-content\\\/uploads\\\/sites\\\/4\\\/2020\\\/12\\\/Regreso-a-Kiev-la-ciudad-que-dejo-cojo-al-Madrid-scaled.jpg\",\"datePublished\":\"2020-12-01T20:16:13+00:00\",\"dateModified\":\"2020-12-01T20:16:18+00:00\",\"author\":{\"@id\":\"https:\\\/\\\/hotnewsinworld.com\\\/es\\\/#\\\/schema\\\/person\\\/fe61448b21c0d59086e75fcc1f9d8f6b\"},\"breadcrumb\":{\"@id\":\"https:\\\/\\\/hotnewsinworld.com\\\/es\\\/regreso-a-kiev-la-ciudad-que-dejo-cojo-al-madrid\\\/#breadcrumb\"},\"inLanguage\":\"es\",\"potentialAction\":[{\"@type\":\"ReadAction\",\"target\":[\"https:\\\/\\\/hotnewsinworld.com\\\/es\\\/regreso-a-kiev-la-ciudad-que-dejo-cojo-al-madrid\\\/\"]}]},{\"@type\":\"ImageObject\",\"inLanguage\":\"es\",\"@id\":\"https:\\\/\\\/hotnewsinworld.com\\\/es\\\/regreso-a-kiev-la-ciudad-que-dejo-cojo-al-madrid\\\/#primaryimage\",\"url\":\"https:\\\/\\\/hotnewsinworld.com\\\/es\\\/wp-content\\\/uploads\\\/sites\\\/4\\\/2020\\\/12\\\/Regreso-a-Kiev-la-ciudad-que-dejo-cojo-al-Madrid-scaled.jpg\",\"contentUrl\":\"https:\\\/\\\/hotnewsinworld.com\\\/es\\\/wp-content\\\/uploads\\\/sites\\\/4\\\/2020\\\/12\\\/Regreso-a-Kiev-la-ciudad-que-dejo-cojo-al-Madrid-scaled.jpg\",\"width\":2560,\"height\":1706,\"caption\":\"Regreso a Kiev, la ciudad que dej\u00f3 cojo al Madrid\"},{\"@type\":\"BreadcrumbList\",\"@id\":\"https:\\\/\\\/hotnewsinworld.com\\\/es\\\/regreso-a-kiev-la-ciudad-que-dejo-cojo-al-madrid\\\/#breadcrumb\",\"itemListElement\":[{\"@type\":\"ListItem\",\"position\":1,\"name\":\"\u0413\u043b\u0430\u0432\u043d\u0430\u044f \u0441\u0442\u0440\u0430\u043d\u0438\u0446\u0430\",\"item\":\"https:\\\/\\\/hotnewsinworld.com\\\/es\\\/\"},{\"@type\":\"ListItem\",\"position\":2,\"name\":\"Regreso a Kiev, la ciudad que dej\u00f3 cojo al Madrid\"}]},{\"@type\":\"WebSite\",\"@id\":\"https:\\\/\\\/hotnewsinworld.com\\\/es\\\/#website\",\"url\":\"https:\\\/\\\/hotnewsinworld.com\\\/es\\\/\",\"name\":\"Hot News in World\",\"description\":\"Hot News in World from Spain\",\"potentialAction\":[{\"@type\":\"SearchAction\",\"target\":{\"@type\":\"EntryPoint\",\"urlTemplate\":\"https:\\\/\\\/hotnewsinworld.com\\\/es\\\/?s={search_term_string}\"},\"query-input\":{\"@type\":\"PropertyValueSpecification\",\"valueRequired\":true,\"valueName\":\"search_term_string\"}}],\"inLanguage\":\"es\"},{\"@type\":\"Person\",\"@id\":\"https:\\\/\\\/hotnewsinworld.com\\\/es\\\/#\\\/schema\\\/person\\\/fe61448b21c0d59086e75fcc1f9d8f6b\",\"name\":\"hotnewsinworld\",\"image\":{\"@type\":\"ImageObject\",\"inLanguage\":\"es\",\"@id\":\"https:\\\/\\\/secure.gravatar.com\\\/avatar\\\/8a09ac165600ce2e1c38fe593c63928eb1e6e7ba5c5a907d67787c41b3d00c14?s=96&d=mm&r=g\",\"url\":\"https:\\\/\\\/secure.gravatar.com\\\/avatar\\\/8a09ac165600ce2e1c38fe593c63928eb1e6e7ba5c5a907d67787c41b3d00c14?s=96&d=mm&r=g\",\"contentUrl\":\"https:\\\/\\\/secure.gravatar.com\\\/avatar\\\/8a09ac165600ce2e1c38fe593c63928eb1e6e7ba5c5a907d67787c41b3d00c14?s=96&d=mm&r=g\",\"caption\":\"hotnewsinworld\"},\"url\":\"https:\\\/\\\/hotnewsinworld.com\\\/es\\\/author\\\/pt\\\/\"}]}<\/script>\n<!-- \/ Yoast SEO plugin. -->","yoast_head_json":{"title":"Regreso a Kiev, la ciudad que dej\u00f3 cojo al Madrid - Hot News in World","robots":{"index":"index","follow":"follow","max-snippet":"max-snippet:-1","max-image-preview":"max-image-preview:large","max-video-preview":"max-video-preview:-1"},"canonical":"https:\/\/hotnewsinworld.com\/es\/regreso-a-kiev-la-ciudad-que-dejo-cojo-al-madrid\/","og_locale":"es_ES","og_type":"article","og_title":"Regreso a Kiev, la ciudad que dej\u00f3 cojo al Madrid - Hot News in World","og_description":"Benzema, Hazard y Asensio, antes del Real Madrid-Inter de Champions de esta temporada.diego soutoEl Real Madrid vuelve este martes a Kiev para jugar contra el Shakhtar (18.55, Movistar Liga de Campeones), la \u00faltima ciudad donde fue plenamente feliz. Ocurri\u00f3 una noche de finales de mayo de 2018 con la conquista de la 13\u00aa Copa de [&hellip;]","og_url":"https:\/\/hotnewsinworld.com\/es\/regreso-a-kiev-la-ciudad-que-dejo-cojo-al-madrid\/","og_site_name":"Hot News in World","article_published_time":"2020-12-01T20:16:13+00:00","article_modified_time":"2020-12-01T20:16:18+00:00","og_image":[{"width":2560,"height":1706,"url":"https:\/\/hotnewsinworld.com\/es\/wp-content\/uploads\/sites\/4\/2020\/12\/Regreso-a-Kiev-la-ciudad-que-dejo-cojo-al-Madrid-scaled.jpg","type":"image\/jpeg"}],"author":"hotnewsinworld","twitter_card":"summary_large_image","twitter_misc":{"Escrito por":"hotnewsinworld","Tiempo de lectura":"5 minutos"},"schema":{"@context":"https:\/\/schema.org","@graph":[{"@type":"Article","@id":"https:\/\/hotnewsinworld.com\/es\/regreso-a-kiev-la-ciudad-que-dejo-cojo-al-madrid\/#article","isPartOf":{"@id":"https:\/\/hotnewsinworld.com\/es\/regreso-a-kiev-la-ciudad-que-dejo-cojo-al-madrid\/"},"author":{"name":"hotnewsinworld","@id":"https:\/\/hotnewsinworld.com\/es\/#\/schema\/person\/fe61448b21c0d59086e75fcc1f9d8f6b"},"headline":"Regreso a Kiev, la ciudad que dej\u00f3 cojo al Madrid","datePublished":"2020-12-01T20:16:13+00:00","dateModified":"2020-12-01T20:16:18+00:00","mainEntityOfPage":{"@id":"https:\/\/hotnewsinworld.com\/es\/regreso-a-kiev-la-ciudad-que-dejo-cojo-al-madrid\/"},"wordCount":1077,"commentCount":0,"image":{"@id":"https:\/\/hotnewsinworld.com\/es\/regreso-a-kiev-la-ciudad-que-dejo-cojo-al-madrid\/#primaryimage"},"thumbnailUrl":"https:\/\/hotnewsinworld.com\/es\/wp-content\/uploads\/sites\/4\/2020\/12\/Regreso-a-Kiev-la-ciudad-que-dejo-cojo-al-Madrid-scaled.jpg","articleSection":["NOTICIAS DE MEDIOS SOCIALES"],"inLanguage":"es","potentialAction":[{"@type":"CommentAction","name":"Comment","target":["https:\/\/hotnewsinworld.com\/es\/regreso-a-kiev-la-ciudad-que-dejo-cojo-al-madrid\/#respond"]}]},{"@type":"WebPage","@id":"https:\/\/hotnewsinworld.com\/es\/regreso-a-kiev-la-ciudad-que-dejo-cojo-al-madrid\/","url":"https:\/\/hotnewsinworld.com\/es\/regreso-a-kiev-la-ciudad-que-dejo-cojo-al-madrid\/","name":"Regreso a Kiev, la ciudad que dej\u00f3 cojo al Madrid - Hot News in World","isPartOf":{"@id":"https:\/\/hotnewsinworld.com\/es\/#website"},"primaryImageOfPage":{"@id":"https:\/\/hotnewsinworld.com\/es\/regreso-a-kiev-la-ciudad-que-dejo-cojo-al-madrid\/#primaryimage"},"image":{"@id":"https:\/\/hotnewsinworld.com\/es\/regreso-a-kiev-la-ciudad-que-dejo-cojo-al-madrid\/#primaryimage"},"thumbnailUrl":"https:\/\/hotnewsinworld.com\/es\/wp-content\/uploads\/sites\/4\/2020\/12\/Regreso-a-Kiev-la-ciudad-que-dejo-cojo-al-Madrid-scaled.jpg","datePublished":"2020-12-01T20:16:13+00:00","dateModified":"2020-12-01T20:16:18+00:00","author":{"@id":"https:\/\/hotnewsinworld.com\/es\/#\/schema\/person\/fe61448b21c0d59086e75fcc1f9d8f6b"},"breadcrumb":{"@id":"https:\/\/hotnewsinworld.com\/es\/regreso-a-kiev-la-ciudad-que-dejo-cojo-al-madrid\/#breadcrumb"},"inLanguage":"es","potentialAction":[{"@type":"ReadAction","target":["https:\/\/hotnewsinworld.com\/es\/regreso-a-kiev-la-ciudad-que-dejo-cojo-al-madrid\/"]}]},{"@type":"ImageObject","inLanguage":"es","@id":"https:\/\/hotnewsinworld.com\/es\/regreso-a-kiev-la-ciudad-que-dejo-cojo-al-madrid\/#primaryimage","url":"https:\/\/hotnewsinworld.com\/es\/wp-content\/uploads\/sites\/4\/2020\/12\/Regreso-a-Kiev-la-ciudad-que-dejo-cojo-al-Madrid-scaled.jpg","contentUrl":"https:\/\/hotnewsinworld.com\/es\/wp-content\/uploads\/sites\/4\/2020\/12\/Regreso-a-Kiev-la-ciudad-que-dejo-cojo-al-Madrid-scaled.jpg","width":2560,"height":1706,"caption":"Regreso a Kiev, la ciudad que dej\u00f3 cojo al Madrid"},{"@type":"BreadcrumbList","@id":"https:\/\/hotnewsinworld.com\/es\/regreso-a-kiev-la-ciudad-que-dejo-cojo-al-madrid\/#breadcrumb","itemListElement":[{"@type":"ListItem","position":1,"name":"\u0413\u043b\u0430\u0432\u043d\u0430\u044f \u0441\u0442\u0440\u0430\u043d\u0438\u0446\u0430","item":"https:\/\/hotnewsinworld.com\/es\/"},{"@type":"ListItem","position":2,"name":"Regreso a Kiev, la ciudad que dej\u00f3 cojo al Madrid"}]},{"@type":"WebSite","@id":"https:\/\/hotnewsinworld.com\/es\/#website","url":"https:\/\/hotnewsinworld.com\/es\/","name":"Hot News in World","description":"Hot News in World from Spain","potentialAction":[{"@type":"SearchAction","target":{"@type":"EntryPoint","urlTemplate":"https:\/\/hotnewsinworld.com\/es\/?s={search_term_string}"},"query-input":{"@type":"PropertyValueSpecification","valueRequired":true,"valueName":"search_term_string"}}],"inLanguage":"es"},{"@type":"Person","@id":"https:\/\/hotnewsinworld.com\/es\/#\/schema\/person\/fe61448b21c0d59086e75fcc1f9d8f6b","name":"hotnewsinworld","image":{"@type":"ImageObject","inLanguage":"es","@id":"https:\/\/secure.gravatar.com\/avatar\/8a09ac165600ce2e1c38fe593c63928eb1e6e7ba5c5a907d67787c41b3d00c14?s=96&d=mm&r=g","url":"https:\/\/secure.gravatar.com\/avatar\/8a09ac165600ce2e1c38fe593c63928eb1e6e7ba5c5a907d67787c41b3d00c14?s=96&d=mm&r=g","contentUrl":"https:\/\/secure.gravatar.com\/avatar\/8a09ac165600ce2e1c38fe593c63928eb1e6e7ba5c5a907d67787c41b3d00c14?s=96&d=mm&r=g","caption":"hotnewsinworld"},"url":"https:\/\/hotnewsinworld.com\/es\/author\/pt\/"}]}},"_links":{"self":[{"href":"https:\/\/hotnewsinworld.com\/es\/wp-json\/wp\/v2\/posts\/934","targetHints":{"allow":["GET"]}}],"collection":[{"href":"https:\/\/hotnewsinworld.com\/es\/wp-json\/wp\/v2\/posts"}],"about":[{"href":"https:\/\/hotnewsinworld.com\/es\/wp-json\/wp\/v2\/types\/post"}],"author":[{"embeddable":true,"href":"https:\/\/hotnewsinworld.com\/es\/wp-json\/wp\/v2\/users\/2"}],"replies":[{"embeddable":true,"href":"https:\/\/hotnewsinworld.com\/es\/wp-json\/wp\/v2\/comments?post=934"}],"version-history":[{"count":1,"href":"https:\/\/hotnewsinworld.com\/es\/wp-json\/wp\/v2\/posts\/934\/revisions"}],"predecessor-version":[{"id":936,"href":"https:\/\/hotnewsinworld.com\/es\/wp-json\/wp\/v2\/posts\/934\/revisions\/936"}],"wp:featuredmedia":[{"embeddable":true,"href":"https:\/\/hotnewsinworld.com\/es\/wp-json\/wp\/v2\/media\/935"}],"wp:attachment":[{"href":"https:\/\/hotnewsinworld.com\/es\/wp-json\/wp\/v2\/media?parent=934"}],"wp:term":[{"taxonomy":"category","embeddable":true,"href":"https:\/\/hotnewsinworld.com\/es\/wp-json\/wp\/v2\/categories?post=934"},{"taxonomy":"post_tag","embeddable":true,"href":"https:\/\/hotnewsinworld.com\/es\/wp-json\/wp\/v2\/tags?post=934"}],"curies":[{"name":"wp","href":"https:\/\/api.w.org\/{rel}","templated":true}]}}