{"id":958,"date":"2020-12-04T01:26:14","date_gmt":"2020-12-03T22:26:14","guid":{"rendered":"https:\/\/hotnewsinworld.com\/es\/la-policia-seguia-a-rafael-amargo-por-trafico-de-drogas-desde-hace-un-ano\/"},"modified":"2020-12-04T01:26:19","modified_gmt":"2020-12-03T22:26:19","slug":"la-policia-seguia-a-rafael-amargo-por-trafico-de-drogas-desde-hace-un-ano","status":"publish","type":"post","link":"https:\/\/hotnewsinworld.com\/es\/la-policia-seguia-a-rafael-amargo-por-trafico-de-drogas-desde-hace-un-ano\/","title":{"rendered":"La polic\u00eda segu\u00eda a Rafael Amargo por tr\u00e1fico de drogas desde hace un a\u00f1o"},"content":{"rendered":"<p>Rafael Amargo, de 45 a\u00f1os, vive sus horas m\u00e1s dif\u00edciles tras ser detenido el martes a las 20.00 cuando sal\u00eda de casa de sus padres donde vive por los delitos de organizaci\u00f3n criminal y tr\u00e1fico de drogas en una operaci\u00f3n de la Polic\u00eda Nacional que todav\u00eda est\u00e1 abierta, seg\u00fan fuentes policiales. En la actuaci\u00f3n han sido arrestadas adem\u00e1s otras tres personas, una de ellas pareja del artista. Todo apunta a que la organizaci\u00f3n traficaba principalmente con metanfetaminas y pastillas. La polic\u00eda llevaba un a\u00f1o detr\u00e1s del bailar\u00edn y ha descubierto que lo que inicialmente era menudeo se convirti\u00f3 en algo de m\u00e1s envergadura. Amargo sigue detenido en la comisar\u00eda de Centro antes de pasar a disposici\u00f3n judicial, seg\u00fan informa F. J. Barroso. Este es el \u00faltimo acto de la vida del bailar\u00edn que desde hace a\u00f1os vive abonado a la pol\u00e9mica y al que le gusta definirse como \u201cpol\u00edticamente incorrecto y emocionalmente promiscuo\u201d.Desde hace meses no pasa por un buen momento el artista. Sus problemas econ\u00f3micos son notables por lo que se hab\u00eda instalado en el domicilio de sus padres en el barrio de Tribunal. Ellos se ocupaban de su bienestar, preocupados por el baj\u00f3n an\u00edmico que hab\u00eda experimentado. El estreno de Yerma, previsto para este jueves en el teatro de La Latina, significaba mucho para \u00e9l ya que le pod\u00eda ayudar a comenzar a remontar el bache en el que se encontraba. Pero no ser\u00e1 ya as\u00ed. La obra ha sido cancelada y el productor es uno de los detenidos.C\u00e1ndido Conde, abogado defensor de Rafael Amargo, abandona la comisar\u00eda Centro de Madrid donde se encuentra el bailar\u00edn detenido acusado de organizaci\u00f3n criminal y tr\u00e1fico de drogas. En v\u00eddeo, Conde asegura que al artista solo se le incaut\u00f3 droga \u00abpara consumo propio\u00bb.JOS\u00c9 OLIVA | EUROPA PRESSA Amargo le gusta provocar. Unas declaraciones suyas hace unos meses encendieron la mecha al hablar de su vida \u00edntima: \u201cSoy bisexual, ni maric\u00f3n ni gay\u201d. El bailaor asegur\u00f3 que se considera una persona \u201cviciosa\u201d, pero tambi\u00e9n muy \u201ccreyente\u201d (estudi\u00f3 en un colegio del Opus) e hizo una propuesta que los defensores de los derechos LGTBIQ vieron como un gesto de homofobia: \u201c\u00bfY por qu\u00e9 no celebramos el D\u00eda del Orgullo Hetero?\u201d, reclam\u00f3. Las voces cr\u00edticas fueron tantas que el bailar\u00edn quiso matizarlas pero en realidad lo empeor\u00f3 todo. \u201cA m\u00ed no me gusta que a nadie le llamen maric\u00f3n porque es una palabra despectiva y creo que un maric\u00f3n es un terrorista, un pederasta, un hijo de puta, un ladr\u00f3n, alguien que haga algo mal\u201d, proclam\u00f3.Pero no solo ha sido pol\u00e9mico con sus declaraciones, tambi\u00e9n con su f\u00edsico. Amargo protagoniz\u00f3 una de las portadas m\u00e1s comentadas de la revista Intervi\u00fa al convertirse en el segundo hombre que sal\u00eda sin ropa \u2014el primero fue Jes\u00fas V\u00e1zquez\u2014 pero el \u00fanico que lo ha hecho con un desnudo integral.En una entrevista con EL PA\u00cdS declar\u00f3 que no bebe ni fuma pero consume otras cosas cuando sale de juerga. \u201cYo soy valiente y sincero\u201d. Se ha casado dos veces, una con Yolanda Jim\u00e9nez, madre de sus dos hijos, de 2003 a 2009, y con Silvia Calvet, un matrimonio que solo dur\u00f3 un a\u00f1o. \u201cNo me he casado con un hombre porque no lo he encontrado. No lo descarto. Pero es muy dif\u00edcil. Es m\u00e1s f\u00e1cil armar una familia con una mujer que con un hombre. Con un hombre es complicado. Existe mucha promiscuidad. Tendr\u00eda que encontrar un tipo como yo. Igual con alguien que tambi\u00e9n tenga hijos. Tengo que buscar otro formato, inventarme otro tipo de pareja. Est\u00e1n los heterosexuales, los homosexuales&#8230; Y luego yo: hombre que ha tenido mujer e hijos y que a la hora de la verdad vive mejor con hombres. Pero ahora estoy soltero y en la gloria\u201d, dijo hace unos a\u00f1os. En la actualidad tiene una nueva pareja y se plantea ser de nuevo padre.En los \u00faltimos a\u00f1os, cuando su carrera como bailar\u00edn atraves\u00f3 momentos complicados por la falta de trabajo, Rafael Amargo coquete\u00f3 con la televisi\u00f3n. Se convirti\u00f3 en visitante de programas del coraz\u00f3n y particip\u00f3 en alg\u00fan reality pero no logr\u00f3 entrar en Gran Hermano VIP 7, algo que le molest\u00f3 mucho como dej\u00f3 claro en sus redes sociales. \u201cCumplir con la palabra y no inventar excusas y sobre todo prejuicios. \u00bfDe verdad que siendo referentes de un programa rechaz\u00e1is-discrimin\u00e1is a personas? \u00bfQu\u00e9 pasa, ellos no conviven? \u00bfNo cont\u00e1is con ellos como seres aptos?\u201d, escribi\u00f3 en un claro ataque a Mediaset para despu\u00e9s advertir: \u201cOjo, es muy delicado lo que cuento\u201d.La pol\u00e9mica tambi\u00e9n le acompa\u00f1\u00f3 cuando fue elegido para dirigir la gala de la elecci\u00f3n de la reina del Carnaval de Tenerife en 2007. El gobierno local puso el caso en manos de sus servicios jur\u00eddicos para que buscaran la f\u00f3rmula legal de no abonar una parte \u201cimportante\u201d de dinero al artista, que ya en la previa hab\u00eda desatado las cr\u00edticas en Tenerife al anunciar antes de la gala que no quer\u00eda \u201cgordas\u201d en el espect\u00e1culo. Fue, adem\u00e1s, el a\u00f1o en que Bel\u00e9n Esteban actu\u00f3 en un n\u00famero repleto de fallos a cambio de una importante suma de dinero.Todos estos sucesos y algunos m\u00e1s han empa\u00f1ado la carrera de Rafael Amargo, durante a\u00f1os considerado uno de los mejores bailarines y core\u00f3grafos espa\u00f1oles. Debut\u00f3 en el oficio con 16 a\u00f1os. Medalla de Oro al M\u00e9rito de las Bellas Artes 2016, tambi\u00e9n tiene un premio Max y la Medalla de Andaluc\u00eda. Ha levantado espect\u00e1culos como Poeta en Nueva York, El amor brujo o Quijote. Estudi\u00f3 en Nueva York en la escuela de Martha Graham. Es un artista ecl\u00e9ctico y arriesgado, capaz de adaptarse a un local reducido o a un gran espect\u00e1culo.<br \/>\n<br \/>\n<!--noindex--><br \/>\n<a href=\"https:\/\/elpais.com\/gente\/2020-12-02\/rafael-amargo-un-bailarin-abonado-a-la-polemica.html\" rel=\"nofollow\">Source link <\/a><br \/>\n<!--\/noindex--><\/p>\n","protected":false},"excerpt":{"rendered":"<p>Rafael Amargo, de 45 a\u00f1os, vive sus horas m\u00e1s dif\u00edciles tras ser detenido el martes a las 20.00 cuando sal\u00eda de casa de sus padres donde vive por los delitos de organizaci\u00f3n criminal y tr\u00e1fico de drogas en una operaci\u00f3n de la Polic\u00eda Nacional que todav\u00eda est\u00e1 abierta, seg\u00fan fuentes policiales. En la actuaci\u00f3n han [&hellip;]<\/p>\n","protected":false},"author":2,"featured_media":959,"comment_status":"open","ping_status":"open","sticky":false,"template":"","format":"standard","meta":{"footnotes":""},"categories":[3],"tags":[],"class_list":["post-958","post","type-post","status-publish","format-standard","has-post-thumbnail","hentry","category-noticias-de-medios-sociales"],"yoast_head":"<!-- This site is optimized with the Yoast SEO plugin v27.4 - https:\/\/yoast.com\/product\/yoast-seo-wordpress\/ -->\n<title>La polic\u00eda segu\u00eda a Rafael Amargo por tr\u00e1fico de drogas desde hace un a\u00f1o - Hot News in World<\/title>\n<meta name=\"robots\" content=\"index, follow, max-snippet:-1, max-image-preview:large, max-video-preview:-1\" \/>\n<link rel=\"canonical\" href=\"https:\/\/hotnewsinworld.com\/es\/la-policia-seguia-a-rafael-amargo-por-trafico-de-drogas-desde-hace-un-ano\/\" \/>\n<meta property=\"og:locale\" content=\"es_ES\" \/>\n<meta property=\"og:type\" content=\"article\" \/>\n<meta property=\"og:title\" content=\"La polic\u00eda segu\u00eda a Rafael Amargo por tr\u00e1fico de drogas desde hace un a\u00f1o - Hot News in World\" \/>\n<meta property=\"og:description\" content=\"Rafael Amargo, de 45 a\u00f1os, vive sus horas m\u00e1s dif\u00edciles tras ser detenido el martes a las 20.00 cuando sal\u00eda de casa de sus padres donde vive por los delitos de organizaci\u00f3n criminal y tr\u00e1fico de drogas en una operaci\u00f3n de la Polic\u00eda Nacional que todav\u00eda est\u00e1 abierta, seg\u00fan fuentes policiales. En la actuaci\u00f3n han [&hellip;]\" \/>\n<meta property=\"og:url\" content=\"https:\/\/hotnewsinworld.com\/es\/la-policia-seguia-a-rafael-amargo-por-trafico-de-drogas-desde-hace-un-ano\/\" \/>\n<meta property=\"og:site_name\" content=\"Hot News in World\" \/>\n<meta property=\"article:published_time\" content=\"2020-12-03T22:26:14+00:00\" \/>\n<meta property=\"article:modified_time\" content=\"2020-12-03T22:26:19+00:00\" \/>\n<meta property=\"og:image\" content=\"https:\/\/hotnewsinworld.com\/es\/wp-content\/uploads\/sites\/4\/2020\/12\/La-policia-seguia-a-Rafael-Amargo-por-trafico-de-drogas-scaled.jpg\" \/>\n\t<meta property=\"og:image:width\" content=\"2560\" \/>\n\t<meta property=\"og:image:height\" content=\"1440\" \/>\n\t<meta property=\"og:image:type\" content=\"image\/jpeg\" \/>\n<meta name=\"author\" content=\"hotnewsinworld\" \/>\n<meta name=\"twitter:card\" content=\"summary_large_image\" \/>\n<meta name=\"twitter:label1\" content=\"Escrito por\" \/>\n\t<meta name=\"twitter:data1\" content=\"hotnewsinworld\" \/>\n\t<meta name=\"twitter:label2\" content=\"Tiempo de lectura\" \/>\n\t<meta name=\"twitter:data2\" content=\"5 minutos\" \/>\n<script type=\"application\/ld+json\" class=\"yoast-schema-graph\">{\"@context\":\"https:\\\/\\\/schema.org\",\"@graph\":[{\"@type\":\"Article\",\"@id\":\"https:\\\/\\\/hotnewsinworld.com\\\/es\\\/la-policia-seguia-a-rafael-amargo-por-trafico-de-drogas-desde-hace-un-ano\\\/#article\",\"isPartOf\":{\"@id\":\"https:\\\/\\\/hotnewsinworld.com\\\/es\\\/la-policia-seguia-a-rafael-amargo-por-trafico-de-drogas-desde-hace-un-ano\\\/\"},\"author\":{\"name\":\"hotnewsinworld\",\"@id\":\"https:\\\/\\\/hotnewsinworld.com\\\/es\\\/#\\\/schema\\\/person\\\/fe61448b21c0d59086e75fcc1f9d8f6b\"},\"headline\":\"La polic\u00eda segu\u00eda a Rafael Amargo por tr\u00e1fico de drogas desde hace un a\u00f1o\",\"datePublished\":\"2020-12-03T22:26:14+00:00\",\"dateModified\":\"2020-12-03T22:26:19+00:00\",\"mainEntityOfPage\":{\"@id\":\"https:\\\/\\\/hotnewsinworld.com\\\/es\\\/la-policia-seguia-a-rafael-amargo-por-trafico-de-drogas-desde-hace-un-ano\\\/\"},\"wordCount\":1054,\"commentCount\":0,\"image\":{\"@id\":\"https:\\\/\\\/hotnewsinworld.com\\\/es\\\/la-policia-seguia-a-rafael-amargo-por-trafico-de-drogas-desde-hace-un-ano\\\/#primaryimage\"},\"thumbnailUrl\":\"https:\\\/\\\/hotnewsinworld.com\\\/es\\\/wp-content\\\/uploads\\\/sites\\\/4\\\/2020\\\/12\\\/La-policia-seguia-a-Rafael-Amargo-por-trafico-de-drogas-scaled.jpg\",\"articleSection\":[\"NOTICIAS DE MEDIOS SOCIALES\"],\"inLanguage\":\"es\",\"potentialAction\":[{\"@type\":\"CommentAction\",\"name\":\"Comment\",\"target\":[\"https:\\\/\\\/hotnewsinworld.com\\\/es\\\/la-policia-seguia-a-rafael-amargo-por-trafico-de-drogas-desde-hace-un-ano\\\/#respond\"]}]},{\"@type\":\"WebPage\",\"@id\":\"https:\\\/\\\/hotnewsinworld.com\\\/es\\\/la-policia-seguia-a-rafael-amargo-por-trafico-de-drogas-desde-hace-un-ano\\\/\",\"url\":\"https:\\\/\\\/hotnewsinworld.com\\\/es\\\/la-policia-seguia-a-rafael-amargo-por-trafico-de-drogas-desde-hace-un-ano\\\/\",\"name\":\"La polic\u00eda segu\u00eda a Rafael Amargo por tr\u00e1fico de drogas desde hace un a\u00f1o - Hot News in World\",\"isPartOf\":{\"@id\":\"https:\\\/\\\/hotnewsinworld.com\\\/es\\\/#website\"},\"primaryImageOfPage\":{\"@id\":\"https:\\\/\\\/hotnewsinworld.com\\\/es\\\/la-policia-seguia-a-rafael-amargo-por-trafico-de-drogas-desde-hace-un-ano\\\/#primaryimage\"},\"image\":{\"@id\":\"https:\\\/\\\/hotnewsinworld.com\\\/es\\\/la-policia-seguia-a-rafael-amargo-por-trafico-de-drogas-desde-hace-un-ano\\\/#primaryimage\"},\"thumbnailUrl\":\"https:\\\/\\\/hotnewsinworld.com\\\/es\\\/wp-content\\\/uploads\\\/sites\\\/4\\\/2020\\\/12\\\/La-policia-seguia-a-Rafael-Amargo-por-trafico-de-drogas-scaled.jpg\",\"datePublished\":\"2020-12-03T22:26:14+00:00\",\"dateModified\":\"2020-12-03T22:26:19+00:00\",\"author\":{\"@id\":\"https:\\\/\\\/hotnewsinworld.com\\\/es\\\/#\\\/schema\\\/person\\\/fe61448b21c0d59086e75fcc1f9d8f6b\"},\"breadcrumb\":{\"@id\":\"https:\\\/\\\/hotnewsinworld.com\\\/es\\\/la-policia-seguia-a-rafael-amargo-por-trafico-de-drogas-desde-hace-un-ano\\\/#breadcrumb\"},\"inLanguage\":\"es\",\"potentialAction\":[{\"@type\":\"ReadAction\",\"target\":[\"https:\\\/\\\/hotnewsinworld.com\\\/es\\\/la-policia-seguia-a-rafael-amargo-por-trafico-de-drogas-desde-hace-un-ano\\\/\"]}]},{\"@type\":\"ImageObject\",\"inLanguage\":\"es\",\"@id\":\"https:\\\/\\\/hotnewsinworld.com\\\/es\\\/la-policia-seguia-a-rafael-amargo-por-trafico-de-drogas-desde-hace-un-ano\\\/#primaryimage\",\"url\":\"https:\\\/\\\/hotnewsinworld.com\\\/es\\\/wp-content\\\/uploads\\\/sites\\\/4\\\/2020\\\/12\\\/La-policia-seguia-a-Rafael-Amargo-por-trafico-de-drogas-scaled.jpg\",\"contentUrl\":\"https:\\\/\\\/hotnewsinworld.com\\\/es\\\/wp-content\\\/uploads\\\/sites\\\/4\\\/2020\\\/12\\\/La-policia-seguia-a-Rafael-Amargo-por-trafico-de-drogas-scaled.jpg\",\"width\":2560,\"height\":1440,\"caption\":\"La polic\u00eda segu\u00eda a Rafael Amargo por tr\u00e1fico de drogas desde hace un a\u00f1o\"},{\"@type\":\"BreadcrumbList\",\"@id\":\"https:\\\/\\\/hotnewsinworld.com\\\/es\\\/la-policia-seguia-a-rafael-amargo-por-trafico-de-drogas-desde-hace-un-ano\\\/#breadcrumb\",\"itemListElement\":[{\"@type\":\"ListItem\",\"position\":1,\"name\":\"\u0413\u043b\u0430\u0432\u043d\u0430\u044f \u0441\u0442\u0440\u0430\u043d\u0438\u0446\u0430\",\"item\":\"https:\\\/\\\/hotnewsinworld.com\\\/es\\\/\"},{\"@type\":\"ListItem\",\"position\":2,\"name\":\"La polic\u00eda segu\u00eda a Rafael Amargo por tr\u00e1fico de drogas desde hace un a\u00f1o\"}]},{\"@type\":\"WebSite\",\"@id\":\"https:\\\/\\\/hotnewsinworld.com\\\/es\\\/#website\",\"url\":\"https:\\\/\\\/hotnewsinworld.com\\\/es\\\/\",\"name\":\"Hot News in World\",\"description\":\"Hot News in World from Spain\",\"potentialAction\":[{\"@type\":\"SearchAction\",\"target\":{\"@type\":\"EntryPoint\",\"urlTemplate\":\"https:\\\/\\\/hotnewsinworld.com\\\/es\\\/?s={search_term_string}\"},\"query-input\":{\"@type\":\"PropertyValueSpecification\",\"valueRequired\":true,\"valueName\":\"search_term_string\"}}],\"inLanguage\":\"es\"},{\"@type\":\"Person\",\"@id\":\"https:\\\/\\\/hotnewsinworld.com\\\/es\\\/#\\\/schema\\\/person\\\/fe61448b21c0d59086e75fcc1f9d8f6b\",\"name\":\"hotnewsinworld\",\"image\":{\"@type\":\"ImageObject\",\"inLanguage\":\"es\",\"@id\":\"https:\\\/\\\/secure.gravatar.com\\\/avatar\\\/8a09ac165600ce2e1c38fe593c63928eb1e6e7ba5c5a907d67787c41b3d00c14?s=96&d=mm&r=g\",\"url\":\"https:\\\/\\\/secure.gravatar.com\\\/avatar\\\/8a09ac165600ce2e1c38fe593c63928eb1e6e7ba5c5a907d67787c41b3d00c14?s=96&d=mm&r=g\",\"contentUrl\":\"https:\\\/\\\/secure.gravatar.com\\\/avatar\\\/8a09ac165600ce2e1c38fe593c63928eb1e6e7ba5c5a907d67787c41b3d00c14?s=96&d=mm&r=g\",\"caption\":\"hotnewsinworld\"},\"url\":\"https:\\\/\\\/hotnewsinworld.com\\\/es\\\/author\\\/pt\\\/\"}]}<\/script>\n<!-- \/ Yoast SEO plugin. -->","yoast_head_json":{"title":"La polic\u00eda segu\u00eda a Rafael Amargo por tr\u00e1fico de drogas desde hace un a\u00f1o - Hot News in World","robots":{"index":"index","follow":"follow","max-snippet":"max-snippet:-1","max-image-preview":"max-image-preview:large","max-video-preview":"max-video-preview:-1"},"canonical":"https:\/\/hotnewsinworld.com\/es\/la-policia-seguia-a-rafael-amargo-por-trafico-de-drogas-desde-hace-un-ano\/","og_locale":"es_ES","og_type":"article","og_title":"La polic\u00eda segu\u00eda a Rafael Amargo por tr\u00e1fico de drogas desde hace un a\u00f1o - Hot News in World","og_description":"Rafael Amargo, de 45 a\u00f1os, vive sus horas m\u00e1s dif\u00edciles tras ser detenido el martes a las 20.00 cuando sal\u00eda de casa de sus padres donde vive por los delitos de organizaci\u00f3n criminal y tr\u00e1fico de drogas en una operaci\u00f3n de la Polic\u00eda Nacional que todav\u00eda est\u00e1 abierta, seg\u00fan fuentes policiales. En la actuaci\u00f3n han [&hellip;]","og_url":"https:\/\/hotnewsinworld.com\/es\/la-policia-seguia-a-rafael-amargo-por-trafico-de-drogas-desde-hace-un-ano\/","og_site_name":"Hot News in World","article_published_time":"2020-12-03T22:26:14+00:00","article_modified_time":"2020-12-03T22:26:19+00:00","og_image":[{"width":2560,"height":1440,"url":"https:\/\/hotnewsinworld.com\/es\/wp-content\/uploads\/sites\/4\/2020\/12\/La-policia-seguia-a-Rafael-Amargo-por-trafico-de-drogas-scaled.jpg","type":"image\/jpeg"}],"author":"hotnewsinworld","twitter_card":"summary_large_image","twitter_misc":{"Escrito por":"hotnewsinworld","Tiempo de lectura":"5 minutos"},"schema":{"@context":"https:\/\/schema.org","@graph":[{"@type":"Article","@id":"https:\/\/hotnewsinworld.com\/es\/la-policia-seguia-a-rafael-amargo-por-trafico-de-drogas-desde-hace-un-ano\/#article","isPartOf":{"@id":"https:\/\/hotnewsinworld.com\/es\/la-policia-seguia-a-rafael-amargo-por-trafico-de-drogas-desde-hace-un-ano\/"},"author":{"name":"hotnewsinworld","@id":"https:\/\/hotnewsinworld.com\/es\/#\/schema\/person\/fe61448b21c0d59086e75fcc1f9d8f6b"},"headline":"La polic\u00eda segu\u00eda a Rafael Amargo por tr\u00e1fico de drogas desde hace un a\u00f1o","datePublished":"2020-12-03T22:26:14+00:00","dateModified":"2020-12-03T22:26:19+00:00","mainEntityOfPage":{"@id":"https:\/\/hotnewsinworld.com\/es\/la-policia-seguia-a-rafael-amargo-por-trafico-de-drogas-desde-hace-un-ano\/"},"wordCount":1054,"commentCount":0,"image":{"@id":"https:\/\/hotnewsinworld.com\/es\/la-policia-seguia-a-rafael-amargo-por-trafico-de-drogas-desde-hace-un-ano\/#primaryimage"},"thumbnailUrl":"https:\/\/hotnewsinworld.com\/es\/wp-content\/uploads\/sites\/4\/2020\/12\/La-policia-seguia-a-Rafael-Amargo-por-trafico-de-drogas-scaled.jpg","articleSection":["NOTICIAS DE MEDIOS SOCIALES"],"inLanguage":"es","potentialAction":[{"@type":"CommentAction","name":"Comment","target":["https:\/\/hotnewsinworld.com\/es\/la-policia-seguia-a-rafael-amargo-por-trafico-de-drogas-desde-hace-un-ano\/#respond"]}]},{"@type":"WebPage","@id":"https:\/\/hotnewsinworld.com\/es\/la-policia-seguia-a-rafael-amargo-por-trafico-de-drogas-desde-hace-un-ano\/","url":"https:\/\/hotnewsinworld.com\/es\/la-policia-seguia-a-rafael-amargo-por-trafico-de-drogas-desde-hace-un-ano\/","name":"La polic\u00eda segu\u00eda a Rafael Amargo por tr\u00e1fico de drogas desde hace un a\u00f1o - Hot News in World","isPartOf":{"@id":"https:\/\/hotnewsinworld.com\/es\/#website"},"primaryImageOfPage":{"@id":"https:\/\/hotnewsinworld.com\/es\/la-policia-seguia-a-rafael-amargo-por-trafico-de-drogas-desde-hace-un-ano\/#primaryimage"},"image":{"@id":"https:\/\/hotnewsinworld.com\/es\/la-policia-seguia-a-rafael-amargo-por-trafico-de-drogas-desde-hace-un-ano\/#primaryimage"},"thumbnailUrl":"https:\/\/hotnewsinworld.com\/es\/wp-content\/uploads\/sites\/4\/2020\/12\/La-policia-seguia-a-Rafael-Amargo-por-trafico-de-drogas-scaled.jpg","datePublished":"2020-12-03T22:26:14+00:00","dateModified":"2020-12-03T22:26:19+00:00","author":{"@id":"https:\/\/hotnewsinworld.com\/es\/#\/schema\/person\/fe61448b21c0d59086e75fcc1f9d8f6b"},"breadcrumb":{"@id":"https:\/\/hotnewsinworld.com\/es\/la-policia-seguia-a-rafael-amargo-por-trafico-de-drogas-desde-hace-un-ano\/#breadcrumb"},"inLanguage":"es","potentialAction":[{"@type":"ReadAction","target":["https:\/\/hotnewsinworld.com\/es\/la-policia-seguia-a-rafael-amargo-por-trafico-de-drogas-desde-hace-un-ano\/"]}]},{"@type":"ImageObject","inLanguage":"es","@id":"https:\/\/hotnewsinworld.com\/es\/la-policia-seguia-a-rafael-amargo-por-trafico-de-drogas-desde-hace-un-ano\/#primaryimage","url":"https:\/\/hotnewsinworld.com\/es\/wp-content\/uploads\/sites\/4\/2020\/12\/La-policia-seguia-a-Rafael-Amargo-por-trafico-de-drogas-scaled.jpg","contentUrl":"https:\/\/hotnewsinworld.com\/es\/wp-content\/uploads\/sites\/4\/2020\/12\/La-policia-seguia-a-Rafael-Amargo-por-trafico-de-drogas-scaled.jpg","width":2560,"height":1440,"caption":"La polic\u00eda segu\u00eda a Rafael Amargo por tr\u00e1fico de drogas desde hace un a\u00f1o"},{"@type":"BreadcrumbList","@id":"https:\/\/hotnewsinworld.com\/es\/la-policia-seguia-a-rafael-amargo-por-trafico-de-drogas-desde-hace-un-ano\/#breadcrumb","itemListElement":[{"@type":"ListItem","position":1,"name":"\u0413\u043b\u0430\u0432\u043d\u0430\u044f \u0441\u0442\u0440\u0430\u043d\u0438\u0446\u0430","item":"https:\/\/hotnewsinworld.com\/es\/"},{"@type":"ListItem","position":2,"name":"La polic\u00eda segu\u00eda a Rafael Amargo por tr\u00e1fico de drogas desde hace un a\u00f1o"}]},{"@type":"WebSite","@id":"https:\/\/hotnewsinworld.com\/es\/#website","url":"https:\/\/hotnewsinworld.com\/es\/","name":"Hot News in World","description":"Hot News in World from Spain","potentialAction":[{"@type":"SearchAction","target":{"@type":"EntryPoint","urlTemplate":"https:\/\/hotnewsinworld.com\/es\/?s={search_term_string}"},"query-input":{"@type":"PropertyValueSpecification","valueRequired":true,"valueName":"search_term_string"}}],"inLanguage":"es"},{"@type":"Person","@id":"https:\/\/hotnewsinworld.com\/es\/#\/schema\/person\/fe61448b21c0d59086e75fcc1f9d8f6b","name":"hotnewsinworld","image":{"@type":"ImageObject","inLanguage":"es","@id":"https:\/\/secure.gravatar.com\/avatar\/8a09ac165600ce2e1c38fe593c63928eb1e6e7ba5c5a907d67787c41b3d00c14?s=96&d=mm&r=g","url":"https:\/\/secure.gravatar.com\/avatar\/8a09ac165600ce2e1c38fe593c63928eb1e6e7ba5c5a907d67787c41b3d00c14?s=96&d=mm&r=g","contentUrl":"https:\/\/secure.gravatar.com\/avatar\/8a09ac165600ce2e1c38fe593c63928eb1e6e7ba5c5a907d67787c41b3d00c14?s=96&d=mm&r=g","caption":"hotnewsinworld"},"url":"https:\/\/hotnewsinworld.com\/es\/author\/pt\/"}]}},"_links":{"self":[{"href":"https:\/\/hotnewsinworld.com\/es\/wp-json\/wp\/v2\/posts\/958","targetHints":{"allow":["GET"]}}],"collection":[{"href":"https:\/\/hotnewsinworld.com\/es\/wp-json\/wp\/v2\/posts"}],"about":[{"href":"https:\/\/hotnewsinworld.com\/es\/wp-json\/wp\/v2\/types\/post"}],"author":[{"embeddable":true,"href":"https:\/\/hotnewsinworld.com\/es\/wp-json\/wp\/v2\/users\/2"}],"replies":[{"embeddable":true,"href":"https:\/\/hotnewsinworld.com\/es\/wp-json\/wp\/v2\/comments?post=958"}],"version-history":[{"count":1,"href":"https:\/\/hotnewsinworld.com\/es\/wp-json\/wp\/v2\/posts\/958\/revisions"}],"predecessor-version":[{"id":960,"href":"https:\/\/hotnewsinworld.com\/es\/wp-json\/wp\/v2\/posts\/958\/revisions\/960"}],"wp:featuredmedia":[{"embeddable":true,"href":"https:\/\/hotnewsinworld.com\/es\/wp-json\/wp\/v2\/media\/959"}],"wp:attachment":[{"href":"https:\/\/hotnewsinworld.com\/es\/wp-json\/wp\/v2\/media?parent=958"}],"wp:term":[{"taxonomy":"category","embeddable":true,"href":"https:\/\/hotnewsinworld.com\/es\/wp-json\/wp\/v2\/categories?post=958"},{"taxonomy":"post_tag","embeddable":true,"href":"https:\/\/hotnewsinworld.com\/es\/wp-json\/wp\/v2\/tags?post=958"}],"curies":[{"name":"wp","href":"https:\/\/api.w.org\/{rel}","templated":true}]}}