{"id":993,"date":"2020-12-06T14:42:22","date_gmt":"2020-12-06T11:42:22","guid":{"rendered":"https:\/\/hotnewsinworld.com\/es\/editorial-maltrato-en-melilla\/"},"modified":"2020-12-21T20:20:15","modified_gmt":"2020-12-21T17:20:15","slug":"editorial-maltrato-en-melilla","status":"publish","type":"post","link":"https:\/\/hotnewsinworld.com\/es\/editorial-maltrato-en-melilla\/","title":{"rendered":"Editorial | Maltrato en Melilla"},"content":{"rendered":"<p>Por su ubicaci\u00f3n en un punto estrat\u00e9gico de la frontera sur de Espa\u00f1a, la ciudad aut\u00f3noma de Melilla se enfrenta a una intensa presi\u00f3n migratoria que no siempre es f\u00e1cil de gestionar. Pero esto no justifica que los servicios p\u00fablicos no garanticen las prestaciones m\u00ednimas exigibles ni la protecci\u00f3n de los derechos humanos, como ocurre en La Pur\u00edsima, el principal centro de acogida de menores inmigrantes no acompa\u00f1ados, ubicado en un antiguo fuerte militar en las afueras de la ciudad. La situaci\u00f3n de degradaci\u00f3n y las graves carencias materiales no son un problema puntual. Hace a\u00f1os que diferentes instancias, desde el Defensor del Pueblo a las organizaciones humanitarias que operan en la zona, vienen denunciando las deplorables condiciones en que se encuentra el centro. El maltrato institucional que reciben los menores fue incluso llevado ante la Fiscal\u00eda en diciembre pasado por la consejera de Hacienda del Gobierno local aut\u00f3nomo.<\/p>\n<p>El recinto ha llegado a albergar a 886 menores, la mayor parte de ellos en los dispositivos restringidos de primera acogida, que apenas tiene capacidad para 350. Las im\u00e1genes que ha podido ofrecer este diario son elocuentes: colchones en el suelo, hacinamiento y p\u00e9simas condiciones higi\u00e9nicas, a lo que hay que a\u00f1adir deficiencias graves en la alimentaci\u00f3n. Tambi\u00e9n el r\u00e9gimen organizativo ha suscitado cr\u00edticas. Las condiciones materiales y las r\u00edgidas normas internas hacen que muchos menores traten de escapar de un sistema rigorista que produce m\u00e1s malestar que respeto, y que acaba provocando que muchos acaben deambulando y durmiendo en la calle, algo especialmente grave teniendo en cuenta que se trata de menores que se encuentran bajo la tutela del Estado.<br \/>\nEl centro est\u00e1 gestionado bajo r\u00e9gimen de concesi\u00f3n por una entidad privada que ha ido encadenando pr\u00f3rrogas del contrato durante m\u00e1s de una d\u00e9cada a pesar de las denuncias. El nuevo Gobierno, formado por el PSOE, Coalici\u00f3n por Melilla y Ciudadanos, ha tenido diferencias sobre la forma de abordar el problema. Ante la amenaza de despido de los m\u00e1s de 200 trabajadores del centro al finalizar el contrato, se decidi\u00f3 una pr\u00f3rroga de un a\u00f1o y la convocatoria de un nuevo concurso para 2021, pero esto implica prolongar tambi\u00e9n durante ese tiempo una situaci\u00f3n en la que no se respetan los derechos humanos ni la normativa sobre infancia.<br \/>\nLa ciudad de Melilla recibe fondos finalistas para atender de forma adecuada a estos menores. Si no son suficientes, deben aumentarse. En todo caso es urgente mejorar las condiciones del centro y clarificar su situaci\u00f3n contractual. Los menores que no puedan ser acogidos en condiciones por falta de espacio deber\u00edan trasladarse a la Pen\u00ednsula. No es aceptable que semejante degradaci\u00f3n se prolongue por m\u00e1s tiempo.<br \/>\nPuedes seguir EL PA\u00cdS Opini\u00f3n en Facebook, Twitter o suscribirte aqu\u00ed a la Newsletter.<\/p>\n<p><!--noindex--><br \/>\n<a href=\"https:\/\/elpais.com\/elpais\/2020\/03\/13\/opinion\/1584118613_351532.html\" rel=\"nofollow\">Source link <\/a><a href=\"https:\/\/www.facebook.com\/elpaisopinion\/\"><br \/>\n<!--\/noindex--><\/a><\/p>\n","protected":false},"excerpt":{"rendered":"<p>Por su ubicaci\u00f3n en un punto estrat\u00e9gico de la frontera sur de Espa\u00f1a, la ciudad aut\u00f3noma de Melilla se enfrenta a una intensa presi\u00f3n migratoria que no siempre es f\u00e1cil de gestionar. Pero esto no justifica que los servicios p\u00fablicos no garanticen las prestaciones m\u00ednimas exigibles ni la protecci\u00f3n de los derechos humanos, como ocurre [&hellip;]<\/p>\n","protected":false},"author":2,"featured_media":994,"comment_status":"open","ping_status":"open","sticky":false,"template":"","format":"standard","meta":{"footnotes":""},"categories":[3],"tags":[],"class_list":["post-993","post","type-post","status-publish","format-standard","has-post-thumbnail","hentry","category-noticias-de-medios-sociales"],"yoast_head":"<!-- This site is optimized with the Yoast SEO plugin v27.4 - https:\/\/yoast.com\/product\/yoast-seo-wordpress\/ -->\n<title>Editorial | Maltrato en Melilla - Hot News in World<\/title>\n<meta name=\"robots\" content=\"index, follow, max-snippet:-1, max-image-preview:large, max-video-preview:-1\" \/>\n<link rel=\"canonical\" href=\"https:\/\/hotnewsinworld.com\/es\/editorial-maltrato-en-melilla\/\" \/>\n<meta property=\"og:locale\" content=\"es_ES\" \/>\n<meta property=\"og:type\" content=\"article\" \/>\n<meta property=\"og:title\" content=\"Editorial | Maltrato en Melilla - Hot News in World\" \/>\n<meta property=\"og:description\" content=\"Por su ubicaci\u00f3n en un punto estrat\u00e9gico de la frontera sur de Espa\u00f1a, la ciudad aut\u00f3noma de Melilla se enfrenta a una intensa presi\u00f3n migratoria que no siempre es f\u00e1cil de gestionar. Pero esto no justifica que los servicios p\u00fablicos no garanticen las prestaciones m\u00ednimas exigibles ni la protecci\u00f3n de los derechos humanos, como ocurre [&hellip;]\" \/>\n<meta property=\"og:url\" content=\"https:\/\/hotnewsinworld.com\/es\/editorial-maltrato-en-melilla\/\" \/>\n<meta property=\"og:site_name\" content=\"Hot News in World\" \/>\n<meta property=\"article:published_time\" content=\"2020-12-06T11:42:22+00:00\" \/>\n<meta property=\"article:modified_time\" content=\"2020-12-21T17:20:15+00:00\" \/>\n<meta property=\"og:image\" content=\"https:\/\/hotnewsinworld.com\/es\/wp-content\/uploads\/sites\/4\/2020\/12\/Editorial-Maltrato-en-Melilla.jpg\" \/>\n\t<meta property=\"og:image:width\" content=\"720\" \/>\n\t<meta property=\"og:image:height\" content=\"377\" \/>\n\t<meta property=\"og:image:type\" content=\"image\/jpeg\" \/>\n<meta name=\"author\" content=\"hotnewsinworld\" \/>\n<meta name=\"twitter:card\" content=\"summary_large_image\" \/>\n<meta name=\"twitter:label1\" content=\"Escrito por\" \/>\n\t<meta name=\"twitter:data1\" content=\"hotnewsinworld\" \/>\n\t<meta name=\"twitter:label2\" content=\"Tiempo de lectura\" \/>\n\t<meta name=\"twitter:data2\" content=\"2 minutos\" \/>\n<script type=\"application\/ld+json\" class=\"yoast-schema-graph\">{\"@context\":\"https:\\\/\\\/schema.org\",\"@graph\":[{\"@type\":\"Article\",\"@id\":\"https:\\\/\\\/hotnewsinworld.com\\\/es\\\/editorial-maltrato-en-melilla\\\/#article\",\"isPartOf\":{\"@id\":\"https:\\\/\\\/hotnewsinworld.com\\\/es\\\/editorial-maltrato-en-melilla\\\/\"},\"author\":{\"name\":\"hotnewsinworld\",\"@id\":\"https:\\\/\\\/hotnewsinworld.com\\\/es\\\/#\\\/schema\\\/person\\\/fe61448b21c0d59086e75fcc1f9d8f6b\"},\"headline\":\"Editorial | Maltrato en Melilla\",\"datePublished\":\"2020-12-06T11:42:22+00:00\",\"dateModified\":\"2020-12-21T17:20:15+00:00\",\"mainEntityOfPage\":{\"@id\":\"https:\\\/\\\/hotnewsinworld.com\\\/es\\\/editorial-maltrato-en-melilla\\\/\"},\"wordCount\":503,\"commentCount\":0,\"image\":{\"@id\":\"https:\\\/\\\/hotnewsinworld.com\\\/es\\\/editorial-maltrato-en-melilla\\\/#primaryimage\"},\"thumbnailUrl\":\"https:\\\/\\\/hotnewsinworld.com\\\/es\\\/wp-content\\\/uploads\\\/sites\\\/4\\\/2020\\\/12\\\/Editorial-Maltrato-en-Melilla.jpg\",\"articleSection\":[\"NOTICIAS DE MEDIOS SOCIALES\"],\"inLanguage\":\"es\",\"potentialAction\":[{\"@type\":\"CommentAction\",\"name\":\"Comment\",\"target\":[\"https:\\\/\\\/hotnewsinworld.com\\\/es\\\/editorial-maltrato-en-melilla\\\/#respond\"]}]},{\"@type\":\"WebPage\",\"@id\":\"https:\\\/\\\/hotnewsinworld.com\\\/es\\\/editorial-maltrato-en-melilla\\\/\",\"url\":\"https:\\\/\\\/hotnewsinworld.com\\\/es\\\/editorial-maltrato-en-melilla\\\/\",\"name\":\"Editorial | Maltrato en Melilla - Hot News in World\",\"isPartOf\":{\"@id\":\"https:\\\/\\\/hotnewsinworld.com\\\/es\\\/#website\"},\"primaryImageOfPage\":{\"@id\":\"https:\\\/\\\/hotnewsinworld.com\\\/es\\\/editorial-maltrato-en-melilla\\\/#primaryimage\"},\"image\":{\"@id\":\"https:\\\/\\\/hotnewsinworld.com\\\/es\\\/editorial-maltrato-en-melilla\\\/#primaryimage\"},\"thumbnailUrl\":\"https:\\\/\\\/hotnewsinworld.com\\\/es\\\/wp-content\\\/uploads\\\/sites\\\/4\\\/2020\\\/12\\\/Editorial-Maltrato-en-Melilla.jpg\",\"datePublished\":\"2020-12-06T11:42:22+00:00\",\"dateModified\":\"2020-12-21T17:20:15+00:00\",\"author\":{\"@id\":\"https:\\\/\\\/hotnewsinworld.com\\\/es\\\/#\\\/schema\\\/person\\\/fe61448b21c0d59086e75fcc1f9d8f6b\"},\"breadcrumb\":{\"@id\":\"https:\\\/\\\/hotnewsinworld.com\\\/es\\\/editorial-maltrato-en-melilla\\\/#breadcrumb\"},\"inLanguage\":\"es\",\"potentialAction\":[{\"@type\":\"ReadAction\",\"target\":[\"https:\\\/\\\/hotnewsinworld.com\\\/es\\\/editorial-maltrato-en-melilla\\\/\"]}]},{\"@type\":\"ImageObject\",\"inLanguage\":\"es\",\"@id\":\"https:\\\/\\\/hotnewsinworld.com\\\/es\\\/editorial-maltrato-en-melilla\\\/#primaryimage\",\"url\":\"https:\\\/\\\/hotnewsinworld.com\\\/es\\\/wp-content\\\/uploads\\\/sites\\\/4\\\/2020\\\/12\\\/Editorial-Maltrato-en-Melilla.jpg\",\"contentUrl\":\"https:\\\/\\\/hotnewsinworld.com\\\/es\\\/wp-content\\\/uploads\\\/sites\\\/4\\\/2020\\\/12\\\/Editorial-Maltrato-en-Melilla.jpg\",\"width\":720,\"height\":377,\"caption\":\"Editorial | Maltrato en Melilla\"},{\"@type\":\"BreadcrumbList\",\"@id\":\"https:\\\/\\\/hotnewsinworld.com\\\/es\\\/editorial-maltrato-en-melilla\\\/#breadcrumb\",\"itemListElement\":[{\"@type\":\"ListItem\",\"position\":1,\"name\":\"\u0413\u043b\u0430\u0432\u043d\u0430\u044f \u0441\u0442\u0440\u0430\u043d\u0438\u0446\u0430\",\"item\":\"https:\\\/\\\/hotnewsinworld.com\\\/es\\\/\"},{\"@type\":\"ListItem\",\"position\":2,\"name\":\"Editorial | Maltrato en Melilla\"}]},{\"@type\":\"WebSite\",\"@id\":\"https:\\\/\\\/hotnewsinworld.com\\\/es\\\/#website\",\"url\":\"https:\\\/\\\/hotnewsinworld.com\\\/es\\\/\",\"name\":\"Hot News in World\",\"description\":\"Hot News in World from Spain\",\"potentialAction\":[{\"@type\":\"SearchAction\",\"target\":{\"@type\":\"EntryPoint\",\"urlTemplate\":\"https:\\\/\\\/hotnewsinworld.com\\\/es\\\/?s={search_term_string}\"},\"query-input\":{\"@type\":\"PropertyValueSpecification\",\"valueRequired\":true,\"valueName\":\"search_term_string\"}}],\"inLanguage\":\"es\"},{\"@type\":\"Person\",\"@id\":\"https:\\\/\\\/hotnewsinworld.com\\\/es\\\/#\\\/schema\\\/person\\\/fe61448b21c0d59086e75fcc1f9d8f6b\",\"name\":\"hotnewsinworld\",\"image\":{\"@type\":\"ImageObject\",\"inLanguage\":\"es\",\"@id\":\"https:\\\/\\\/secure.gravatar.com\\\/avatar\\\/8a09ac165600ce2e1c38fe593c63928eb1e6e7ba5c5a907d67787c41b3d00c14?s=96&d=mm&r=g\",\"url\":\"https:\\\/\\\/secure.gravatar.com\\\/avatar\\\/8a09ac165600ce2e1c38fe593c63928eb1e6e7ba5c5a907d67787c41b3d00c14?s=96&d=mm&r=g\",\"contentUrl\":\"https:\\\/\\\/secure.gravatar.com\\\/avatar\\\/8a09ac165600ce2e1c38fe593c63928eb1e6e7ba5c5a907d67787c41b3d00c14?s=96&d=mm&r=g\",\"caption\":\"hotnewsinworld\"},\"url\":\"https:\\\/\\\/hotnewsinworld.com\\\/es\\\/author\\\/pt\\\/\"}]}<\/script>\n<!-- \/ Yoast SEO plugin. -->","yoast_head_json":{"title":"Editorial | Maltrato en Melilla - Hot News in World","robots":{"index":"index","follow":"follow","max-snippet":"max-snippet:-1","max-image-preview":"max-image-preview:large","max-video-preview":"max-video-preview:-1"},"canonical":"https:\/\/hotnewsinworld.com\/es\/editorial-maltrato-en-melilla\/","og_locale":"es_ES","og_type":"article","og_title":"Editorial | Maltrato en Melilla - Hot News in World","og_description":"Por su ubicaci\u00f3n en un punto estrat\u00e9gico de la frontera sur de Espa\u00f1a, la ciudad aut\u00f3noma de Melilla se enfrenta a una intensa presi\u00f3n migratoria que no siempre es f\u00e1cil de gestionar. Pero esto no justifica que los servicios p\u00fablicos no garanticen las prestaciones m\u00ednimas exigibles ni la protecci\u00f3n de los derechos humanos, como ocurre [&hellip;]","og_url":"https:\/\/hotnewsinworld.com\/es\/editorial-maltrato-en-melilla\/","og_site_name":"Hot News in World","article_published_time":"2020-12-06T11:42:22+00:00","article_modified_time":"2020-12-21T17:20:15+00:00","og_image":[{"width":720,"height":377,"url":"https:\/\/hotnewsinworld.com\/es\/wp-content\/uploads\/sites\/4\/2020\/12\/Editorial-Maltrato-en-Melilla.jpg","type":"image\/jpeg"}],"author":"hotnewsinworld","twitter_card":"summary_large_image","twitter_misc":{"Escrito por":"hotnewsinworld","Tiempo de lectura":"2 minutos"},"schema":{"@context":"https:\/\/schema.org","@graph":[{"@type":"Article","@id":"https:\/\/hotnewsinworld.com\/es\/editorial-maltrato-en-melilla\/#article","isPartOf":{"@id":"https:\/\/hotnewsinworld.com\/es\/editorial-maltrato-en-melilla\/"},"author":{"name":"hotnewsinworld","@id":"https:\/\/hotnewsinworld.com\/es\/#\/schema\/person\/fe61448b21c0d59086e75fcc1f9d8f6b"},"headline":"Editorial | Maltrato en Melilla","datePublished":"2020-12-06T11:42:22+00:00","dateModified":"2020-12-21T17:20:15+00:00","mainEntityOfPage":{"@id":"https:\/\/hotnewsinworld.com\/es\/editorial-maltrato-en-melilla\/"},"wordCount":503,"commentCount":0,"image":{"@id":"https:\/\/hotnewsinworld.com\/es\/editorial-maltrato-en-melilla\/#primaryimage"},"thumbnailUrl":"https:\/\/hotnewsinworld.com\/es\/wp-content\/uploads\/sites\/4\/2020\/12\/Editorial-Maltrato-en-Melilla.jpg","articleSection":["NOTICIAS DE MEDIOS SOCIALES"],"inLanguage":"es","potentialAction":[{"@type":"CommentAction","name":"Comment","target":["https:\/\/hotnewsinworld.com\/es\/editorial-maltrato-en-melilla\/#respond"]}]},{"@type":"WebPage","@id":"https:\/\/hotnewsinworld.com\/es\/editorial-maltrato-en-melilla\/","url":"https:\/\/hotnewsinworld.com\/es\/editorial-maltrato-en-melilla\/","name":"Editorial | Maltrato en Melilla - Hot News in World","isPartOf":{"@id":"https:\/\/hotnewsinworld.com\/es\/#website"},"primaryImageOfPage":{"@id":"https:\/\/hotnewsinworld.com\/es\/editorial-maltrato-en-melilla\/#primaryimage"},"image":{"@id":"https:\/\/hotnewsinworld.com\/es\/editorial-maltrato-en-melilla\/#primaryimage"},"thumbnailUrl":"https:\/\/hotnewsinworld.com\/es\/wp-content\/uploads\/sites\/4\/2020\/12\/Editorial-Maltrato-en-Melilla.jpg","datePublished":"2020-12-06T11:42:22+00:00","dateModified":"2020-12-21T17:20:15+00:00","author":{"@id":"https:\/\/hotnewsinworld.com\/es\/#\/schema\/person\/fe61448b21c0d59086e75fcc1f9d8f6b"},"breadcrumb":{"@id":"https:\/\/hotnewsinworld.com\/es\/editorial-maltrato-en-melilla\/#breadcrumb"},"inLanguage":"es","potentialAction":[{"@type":"ReadAction","target":["https:\/\/hotnewsinworld.com\/es\/editorial-maltrato-en-melilla\/"]}]},{"@type":"ImageObject","inLanguage":"es","@id":"https:\/\/hotnewsinworld.com\/es\/editorial-maltrato-en-melilla\/#primaryimage","url":"https:\/\/hotnewsinworld.com\/es\/wp-content\/uploads\/sites\/4\/2020\/12\/Editorial-Maltrato-en-Melilla.jpg","contentUrl":"https:\/\/hotnewsinworld.com\/es\/wp-content\/uploads\/sites\/4\/2020\/12\/Editorial-Maltrato-en-Melilla.jpg","width":720,"height":377,"caption":"Editorial | Maltrato en Melilla"},{"@type":"BreadcrumbList","@id":"https:\/\/hotnewsinworld.com\/es\/editorial-maltrato-en-melilla\/#breadcrumb","itemListElement":[{"@type":"ListItem","position":1,"name":"\u0413\u043b\u0430\u0432\u043d\u0430\u044f \u0441\u0442\u0440\u0430\u043d\u0438\u0446\u0430","item":"https:\/\/hotnewsinworld.com\/es\/"},{"@type":"ListItem","position":2,"name":"Editorial | Maltrato en Melilla"}]},{"@type":"WebSite","@id":"https:\/\/hotnewsinworld.com\/es\/#website","url":"https:\/\/hotnewsinworld.com\/es\/","name":"Hot News in World","description":"Hot News in World from Spain","potentialAction":[{"@type":"SearchAction","target":{"@type":"EntryPoint","urlTemplate":"https:\/\/hotnewsinworld.com\/es\/?s={search_term_string}"},"query-input":{"@type":"PropertyValueSpecification","valueRequired":true,"valueName":"search_term_string"}}],"inLanguage":"es"},{"@type":"Person","@id":"https:\/\/hotnewsinworld.com\/es\/#\/schema\/person\/fe61448b21c0d59086e75fcc1f9d8f6b","name":"hotnewsinworld","image":{"@type":"ImageObject","inLanguage":"es","@id":"https:\/\/secure.gravatar.com\/avatar\/8a09ac165600ce2e1c38fe593c63928eb1e6e7ba5c5a907d67787c41b3d00c14?s=96&d=mm&r=g","url":"https:\/\/secure.gravatar.com\/avatar\/8a09ac165600ce2e1c38fe593c63928eb1e6e7ba5c5a907d67787c41b3d00c14?s=96&d=mm&r=g","contentUrl":"https:\/\/secure.gravatar.com\/avatar\/8a09ac165600ce2e1c38fe593c63928eb1e6e7ba5c5a907d67787c41b3d00c14?s=96&d=mm&r=g","caption":"hotnewsinworld"},"url":"https:\/\/hotnewsinworld.com\/es\/author\/pt\/"}]}},"_links":{"self":[{"href":"https:\/\/hotnewsinworld.com\/es\/wp-json\/wp\/v2\/posts\/993","targetHints":{"allow":["GET"]}}],"collection":[{"href":"https:\/\/hotnewsinworld.com\/es\/wp-json\/wp\/v2\/posts"}],"about":[{"href":"https:\/\/hotnewsinworld.com\/es\/wp-json\/wp\/v2\/types\/post"}],"author":[{"embeddable":true,"href":"https:\/\/hotnewsinworld.com\/es\/wp-json\/wp\/v2\/users\/2"}],"replies":[{"embeddable":true,"href":"https:\/\/hotnewsinworld.com\/es\/wp-json\/wp\/v2\/comments?post=993"}],"version-history":[{"count":3,"href":"https:\/\/hotnewsinworld.com\/es\/wp-json\/wp\/v2\/posts\/993\/revisions"}],"predecessor-version":[{"id":1113,"href":"https:\/\/hotnewsinworld.com\/es\/wp-json\/wp\/v2\/posts\/993\/revisions\/1113"}],"wp:featuredmedia":[{"embeddable":true,"href":"https:\/\/hotnewsinworld.com\/es\/wp-json\/wp\/v2\/media\/994"}],"wp:attachment":[{"href":"https:\/\/hotnewsinworld.com\/es\/wp-json\/wp\/v2\/media?parent=993"}],"wp:term":[{"taxonomy":"category","embeddable":true,"href":"https:\/\/hotnewsinworld.com\/es\/wp-json\/wp\/v2\/categories?post=993"},{"taxonomy":"post_tag","embeddable":true,"href":"https:\/\/hotnewsinworld.com\/es\/wp-json\/wp\/v2\/tags?post=993"}],"curies":[{"name":"wp","href":"https:\/\/api.w.org\/{rel}","templated":true}]}}