{"id":1279,"date":"2019-08-27T16:25:34","date_gmt":"2019-08-27T13:25:34","guid":{"rendered":"https:\/\/hotnewsinworld.com\/hu\/fekete-gyor-elnezest-kert-amiert-csalodast-okoztak-egy-olyan-ember-tamogatasaval-aki-szegyenteli-modon-viselkedett\/"},"modified":"2019-09-16T16:43:11","modified_gmt":"2019-09-16T13:43:11","slug":"fekete-gyor-elnezest-kert-amiert-csalodast-okoztak-egy-olyan-ember-tamogatasaval-aki-szegyenteli-modon-viselkedett","status":"publish","type":"post","link":"https:\/\/hotnewsinworld.com\/hu\/fekete-gyor-elnezest-kert-amiert-csalodast-okoztak-egy-olyan-ember-tamogatasaval-aki-szegyenteli-modon-viselkedett\/","title":{"rendered":"Fekete-Gy\u0151r eln\u00e9z\u00e9st k\u00e9rt, ami\u00e9rt csal\u00f3d\u00e1st okoztak egy olyan ember t\u00e1mogat\u00e1s\u00e1val, aki sz\u00e9gyenteli m\u00f3don viselkedett"},"content":{"rendered":"<p>[ad_1]<\/p>\n<div id=\"content-main\">\n<p>A jobbikos Kulcs\u00e1r Gergelyr\u0151l&nbsp;h\u00e9tf\u0151n der\u00fclt ki, hogy az ellenz\u00e9ki p\u00e1rtok egy r\u00e9sze annak ellen\u00e9re \u00e1llt be m\u00f6g\u00e9, hogy kor\u00e1bban durva antiszemita megnyilv\u00e1nul\u00e1sair\u00f3l lett ismert. Kulcs\u00e1r azt\u00e1n visszal\u00e9pett, b\u00e1r el\u0151tte m\u00e9g a Momentum debreceni eln\u00f6ke, M\u00e1ndi L\u00e1szl\u00f3 azt mondta:&nbsp;<i>\u201eAmit Kulcs\u00e1r az akkori level\u00e9ben \u00edrt, az teljes m\u00e9rt\u00e9kben v\u00e1llalhatatlan, ilyen megnyilv\u00e1nul\u00e1soknak nincs helye a magyar k\u00f6z\u00e9letben. Mi viszont hisz\u00fcnk abban, hogy a Jobbik \u00e9s vezet\u0151i sokat v\u00e1ltoztak az elm\u00falt \u00e9vekben.\u201d<\/i><\/p>\n<p>Most Fekete-Gy\u0151r Andr\u00e1s, a Momentum eln\u00f6k azt \u00edrta a Facebookon:<\/p>\n<p><i>\u201eFontos, hogy elismerj\u00fck, ha hib\u00e1ztunk. Ez is hozz\u00e1tartozik a politikai kult\u00farav\u00e1lt\u00e1shoz.<\/i><!-- iBILLBOARD Ad Server one2many Position: go.eu.bbelements.com 444.hu(18785) \/ 444_aloldalak(2) \/ 444_aloldal_fix_cikk_640x360(8) \/ horizontal(2)--><!-- HowTo: Place this code into the html page where the ad should appear. --><\/p>\n<div class=\"jeti-roadblock ad\">\n<div id=\"bmone2n-18785.2.8.2\" class=\"banner-inner\"><noscript><\/p>\n<div style=\"display:inline\"><\/div>\n<p><\/noscript><\/div>\n<\/div>\n<p><i>Eln\u00e9z\u00e9st k\u00e9r\u00fcnk t\u0151letek, ami\u00e9rt csal\u00f3d\u00e1st okoztunk egy olyan ember t\u00e1mogat\u00e1s\u00e1val, aki sz\u00e9gyenteli m\u00f3don viselkedett.<\/i><\/p>\n<p><i>A hib\u00e1b\u00f3l tanultunk, a Jobbikkal a jel\u00f6ltj\u00e9t visszal\u00e9ptett\u00fck, az agg\u00f3d\u00f3 \u00fczeneteiteket pedig nagyon k\u00f6sz\u00f6nj\u00fck!\u201d<\/i><\/p>\n<footer class=\"hide-print\">\n<div>\n<div id=\"bmone2n-18785.2.6.2\"><noscript><\/p>\n<div style=\"display:inline\"><img decoding=\"async\" src=\"https:\/\/hotnewsinworld.com\/hu\/wp-content\/uploads\/sites\/3\/2019\/08\/1566912334_775_Fekete-Gyor-elnezest-kert-amiert-csalodast-okoztak-egy-olyan-ember-tamogatasaval.gif\" style=\"border-width:0\" alt=\"\"\/><\/div>\n<p><\/noscript><\/div>\n<\/div>\n<section>\n<div>\n<div id=\"bmone2n-18785.2.5.9\"><noscript><\/p>\n<div style=\"display:inline\"><img decoding=\"async\" src=\"https:\/\/hotnewsinworld.com\/hu\/wp-content\/uploads\/sites\/3\/2019\/08\/1566912334_396_Fekete-Gyor-elnezest-kert-amiert-csalodast-okoztak-egy-olyan-ember-tamogatasaval.gif\" style=\"border-width:0\" alt=\"\"\/><\/div>\n<p><\/noscript><\/div>\n<\/div>\n<div class=\"ad\">\n<div id=\"bmone2n-18785.2.5.2\"><noscript><\/p>\n<div style=\"display:inline\"><img decoding=\"async\" src=\"https:\/\/hotnewsinworld.com\/hu\/wp-content\/uploads\/sites\/3\/2019\/08\/1566912334_516_Fekete-Gyor-elnezest-kert-amiert-csalodast-okoztak-egy-olyan-ember-tamogatasaval.gif\" style=\"border-width:0\" alt=\"\"\/><\/div>\n<p><<\/noscript><\/div>\n<\/div>\n<\/section>\n<section><!-- links -->Kapcsol\u00f3d\u00f3<\/p>\n<p><a href=\"https:\/\/hirek.oldal.info\/rssclick\/14348506\">Source link <\/a><\/p>\n<\/section>\n<\/footer>\n<\/div>\n","protected":false},"excerpt":{"rendered":"<p>[ad_1] A jobbikos Kulcs\u00e1r Gergelyr\u0151l&nbsp;h\u00e9tf\u0151n der\u00fclt ki, hogy az ellenz\u00e9ki p\u00e1rtok egy r\u00e9sze annak ellen\u00e9re \u00e1llt be m\u00f6g\u00e9, hogy kor\u00e1bban durva antiszemita megnyilv\u00e1nul\u00e1sair\u00f3l lett ismert. Kulcs\u00e1r azt\u00e1n visszal\u00e9pett, b\u00e1r el\u0151tte m\u00e9g a Momentum debreceni eln\u00f6ke, M\u00e1ndi L\u00e1szl\u00f3 azt mondta:&nbsp;\u201eAmit Kulcs\u00e1r az akkori level\u00e9ben \u00edrt, az teljes m\u00e9rt\u00e9kben v\u00e1llalhatatlan, ilyen megnyilv\u00e1nul\u00e1soknak nincs helye a magyar k\u00f6z\u00e9letben. [&hellip;]<\/p>\n","protected":false},"author":2,"featured_media":1280,"comment_status":"open","ping_status":"open","sticky":false,"template":"","format":"standard","meta":{"footnotes":""},"categories":[1],"tags":[],"class_list":["post-1279","post","type-post","status-publish","format-standard","has-post-thumbnail","hentry","category-legujabb-penzugyi-hirek"],"yoast_head":"<!-- This site is optimized with the Yoast SEO plugin v27.4 - https:\/\/yoast.com\/product\/yoast-seo-wordpress\/ -->\n<title>Fekete-Gy\u0151r eln\u00e9z\u00e9st k\u00e9rt, ami\u00e9rt csal\u00f3d\u00e1st okoztak egy olyan ember t\u00e1mogat\u00e1s\u00e1val, aki sz\u00e9gyenteli m\u00f3don viselkedett - Hot News in World<\/title>\n<meta name=\"robots\" content=\"index, follow, max-snippet:-1, max-image-preview:large, max-video-preview:-1\" \/>\n<link rel=\"canonical\" href=\"https:\/\/hotnewsinworld.com\/hu\/fekete-gyor-elnezest-kert-amiert-csalodast-okoztak-egy-olyan-ember-tamogatasaval-aki-szegyenteli-modon-viselkedett\/\" \/>\n<meta property=\"og:locale\" content=\"hu_HU\" \/>\n<meta property=\"og:type\" content=\"article\" \/>\n<meta property=\"og:title\" content=\"Fekete-Gy\u0151r eln\u00e9z\u00e9st k\u00e9rt, ami\u00e9rt csal\u00f3d\u00e1st okoztak egy olyan ember t\u00e1mogat\u00e1s\u00e1val, aki sz\u00e9gyenteli m\u00f3don viselkedett - Hot News in World\" \/>\n<meta property=\"og:description\" content=\"[ad_1] A jobbikos Kulcs\u00e1r Gergelyr\u0151l&nbsp;h\u00e9tf\u0151n der\u00fclt ki, hogy az ellenz\u00e9ki p\u00e1rtok egy r\u00e9sze annak ellen\u00e9re \u00e1llt be m\u00f6g\u00e9, hogy kor\u00e1bban durva antiszemita megnyilv\u00e1nul\u00e1sair\u00f3l lett ismert. Kulcs\u00e1r azt\u00e1n visszal\u00e9pett, b\u00e1r el\u0151tte m\u00e9g a Momentum debreceni eln\u00f6ke, M\u00e1ndi L\u00e1szl\u00f3 azt mondta:&nbsp;\u201eAmit Kulcs\u00e1r az akkori level\u00e9ben \u00edrt, az teljes m\u00e9rt\u00e9kben v\u00e1llalhatatlan, ilyen megnyilv\u00e1nul\u00e1soknak nincs helye a magyar k\u00f6z\u00e9letben. [&hellip;]\" \/>\n<meta property=\"og:url\" content=\"https:\/\/hotnewsinworld.com\/hu\/fekete-gyor-elnezest-kert-amiert-csalodast-okoztak-egy-olyan-ember-tamogatasaval-aki-szegyenteli-modon-viselkedett\/\" \/>\n<meta property=\"og:site_name\" content=\"Hot News in World\" \/>\n<meta property=\"article:published_time\" content=\"2019-08-27T13:25:34+00:00\" \/>\n<meta property=\"article:modified_time\" content=\"2019-09-16T13:43:11+00:00\" \/>\n<meta property=\"og:image\" content=\"https:\/\/hotnewsinworld.com\/hu\/wp-content\/uploads\/sites\/3\/2019\/08\/Fekete-Gy\u0151r-eln\u00e9z\u00e9st-k\u00e9rt-ami\u00e9rt-csal\u00f3d\u00e1st-okoztak-egy-olyan-ember-t\u00e1mogat\u00e1s\u00e1val.gif\" \/>\n\t<meta property=\"og:image:width\" content=\"1\" \/>\n\t<meta property=\"og:image:height\" content=\"1\" \/>\n\t<meta property=\"og:image:type\" content=\"image\/gif\" \/>\n<meta name=\"author\" content=\"hotnewsinworld\" \/>\n<meta name=\"twitter:card\" content=\"summary_large_image\" \/>\n<meta name=\"twitter:label1\" content=\"Szerz\u0151:\" \/>\n\t<meta name=\"twitter:data1\" content=\"hotnewsinworld\" \/>\n\t<meta name=\"twitter:label2\" content=\"Becs\u00fclt olvas\u00e1si id\u0151\" \/>\n\t<meta name=\"twitter:data2\" content=\"1 perc\" \/>\n<script type=\"application\/ld+json\" class=\"yoast-schema-graph\">{\"@context\":\"https:\\\/\\\/schema.org\",\"@graph\":[{\"@type\":\"Article\",\"@id\":\"https:\\\/\\\/hotnewsinworld.com\\\/hu\\\/fekete-gyor-elnezest-kert-amiert-csalodast-okoztak-egy-olyan-ember-tamogatasaval-aki-szegyenteli-modon-viselkedett\\\/#article\",\"isPartOf\":{\"@id\":\"https:\\\/\\\/hotnewsinworld.com\\\/hu\\\/fekete-gyor-elnezest-kert-amiert-csalodast-okoztak-egy-olyan-ember-tamogatasaval-aki-szegyenteli-modon-viselkedett\\\/\"},\"author\":{\"name\":\"hotnewsinworld\",\"@id\":\"https:\\\/\\\/hotnewsinworld.com\\\/hu\\\/#\\\/schema\\\/person\\\/fe61448b21c0d59086e75fcc1f9d8f6b\"},\"headline\":\"Fekete-Gy\u0151r eln\u00e9z\u00e9st k\u00e9rt, ami\u00e9rt csal\u00f3d\u00e1st okoztak egy olyan ember t\u00e1mogat\u00e1s\u00e1val, aki sz\u00e9gyenteli m\u00f3don viselkedett\",\"datePublished\":\"2019-08-27T13:25:34+00:00\",\"dateModified\":\"2019-09-16T13:43:11+00:00\",\"mainEntityOfPage\":{\"@id\":\"https:\\\/\\\/hotnewsinworld.com\\\/hu\\\/fekete-gyor-elnezest-kert-amiert-csalodast-okoztak-egy-olyan-ember-tamogatasaval-aki-szegyenteli-modon-viselkedett\\\/\"},\"wordCount\":218,\"commentCount\":0,\"image\":{\"@id\":\"https:\\\/\\\/hotnewsinworld.com\\\/hu\\\/fekete-gyor-elnezest-kert-amiert-csalodast-okoztak-egy-olyan-ember-tamogatasaval-aki-szegyenteli-modon-viselkedett\\\/#primaryimage\"},\"thumbnailUrl\":\"https:\\\/\\\/hotnewsinworld.com\\\/hu\\\/wp-content\\\/uploads\\\/sites\\\/3\\\/2019\\\/08\\\/Fekete-Gy\u0151r-eln\u00e9z\u00e9st-k\u00e9rt-ami\u00e9rt-csal\u00f3d\u00e1st-okoztak-egy-olyan-ember-t\u00e1mogat\u00e1s\u00e1val.gif\",\"articleSection\":[\"LEG\u00daJABB P\u00c9NZ\u00dcGYI H\u00cdREK\"],\"inLanguage\":\"hu\",\"potentialAction\":[{\"@type\":\"CommentAction\",\"name\":\"Comment\",\"target\":[\"https:\\\/\\\/hotnewsinworld.com\\\/hu\\\/fekete-gyor-elnezest-kert-amiert-csalodast-okoztak-egy-olyan-ember-tamogatasaval-aki-szegyenteli-modon-viselkedett\\\/#respond\"]}]},{\"@type\":\"WebPage\",\"@id\":\"https:\\\/\\\/hotnewsinworld.com\\\/hu\\\/fekete-gyor-elnezest-kert-amiert-csalodast-okoztak-egy-olyan-ember-tamogatasaval-aki-szegyenteli-modon-viselkedett\\\/\",\"url\":\"https:\\\/\\\/hotnewsinworld.com\\\/hu\\\/fekete-gyor-elnezest-kert-amiert-csalodast-okoztak-egy-olyan-ember-tamogatasaval-aki-szegyenteli-modon-viselkedett\\\/\",\"name\":\"Fekete-Gy\u0151r eln\u00e9z\u00e9st k\u00e9rt, ami\u00e9rt csal\u00f3d\u00e1st okoztak egy olyan ember t\u00e1mogat\u00e1s\u00e1val, aki sz\u00e9gyenteli m\u00f3don viselkedett - Hot News in World\",\"isPartOf\":{\"@id\":\"https:\\\/\\\/hotnewsinworld.com\\\/hu\\\/#website\"},\"primaryImageOfPage\":{\"@id\":\"https:\\\/\\\/hotnewsinworld.com\\\/hu\\\/fekete-gyor-elnezest-kert-amiert-csalodast-okoztak-egy-olyan-ember-tamogatasaval-aki-szegyenteli-modon-viselkedett\\\/#primaryimage\"},\"image\":{\"@id\":\"https:\\\/\\\/hotnewsinworld.com\\\/hu\\\/fekete-gyor-elnezest-kert-amiert-csalodast-okoztak-egy-olyan-ember-tamogatasaval-aki-szegyenteli-modon-viselkedett\\\/#primaryimage\"},\"thumbnailUrl\":\"https:\\\/\\\/hotnewsinworld.com\\\/hu\\\/wp-content\\\/uploads\\\/sites\\\/3\\\/2019\\\/08\\\/Fekete-Gy\u0151r-eln\u00e9z\u00e9st-k\u00e9rt-ami\u00e9rt-csal\u00f3d\u00e1st-okoztak-egy-olyan-ember-t\u00e1mogat\u00e1s\u00e1val.gif\",\"datePublished\":\"2019-08-27T13:25:34+00:00\",\"dateModified\":\"2019-09-16T13:43:11+00:00\",\"author\":{\"@id\":\"https:\\\/\\\/hotnewsinworld.com\\\/hu\\\/#\\\/schema\\\/person\\\/fe61448b21c0d59086e75fcc1f9d8f6b\"},\"breadcrumb\":{\"@id\":\"https:\\\/\\\/hotnewsinworld.com\\\/hu\\\/fekete-gyor-elnezest-kert-amiert-csalodast-okoztak-egy-olyan-ember-tamogatasaval-aki-szegyenteli-modon-viselkedett\\\/#breadcrumb\"},\"inLanguage\":\"hu\",\"potentialAction\":[{\"@type\":\"ReadAction\",\"target\":[\"https:\\\/\\\/hotnewsinworld.com\\\/hu\\\/fekete-gyor-elnezest-kert-amiert-csalodast-okoztak-egy-olyan-ember-tamogatasaval-aki-szegyenteli-modon-viselkedett\\\/\"]}]},{\"@type\":\"ImageObject\",\"inLanguage\":\"hu\",\"@id\":\"https:\\\/\\\/hotnewsinworld.com\\\/hu\\\/fekete-gyor-elnezest-kert-amiert-csalodast-okoztak-egy-olyan-ember-tamogatasaval-aki-szegyenteli-modon-viselkedett\\\/#primaryimage\",\"url\":\"https:\\\/\\\/hotnewsinworld.com\\\/hu\\\/wp-content\\\/uploads\\\/sites\\\/3\\\/2019\\\/08\\\/Fekete-Gy\u0151r-eln\u00e9z\u00e9st-k\u00e9rt-ami\u00e9rt-csal\u00f3d\u00e1st-okoztak-egy-olyan-ember-t\u00e1mogat\u00e1s\u00e1val.gif\",\"contentUrl\":\"https:\\\/\\\/hotnewsinworld.com\\\/hu\\\/wp-content\\\/uploads\\\/sites\\\/3\\\/2019\\\/08\\\/Fekete-Gy\u0151r-eln\u00e9z\u00e9st-k\u00e9rt-ami\u00e9rt-csal\u00f3d\u00e1st-okoztak-egy-olyan-ember-t\u00e1mogat\u00e1s\u00e1val.gif\",\"width\":1,\"height\":1,\"caption\":\"Fekete-Gy\u0151r eln\u00e9z\u00e9st k\u00e9rt, ami\u00e9rt csal\u00f3d\u00e1st okoztak egy olyan ember t\u00e1mogat\u00e1s\u00e1val, aki sz\u00e9gyenteli m\u00f3don viselkedett\"},{\"@type\":\"BreadcrumbList\",\"@id\":\"https:\\\/\\\/hotnewsinworld.com\\\/hu\\\/fekete-gyor-elnezest-kert-amiert-csalodast-okoztak-egy-olyan-ember-tamogatasaval-aki-szegyenteli-modon-viselkedett\\\/#breadcrumb\",\"itemListElement\":[{\"@type\":\"ListItem\",\"position\":1,\"name\":\"\u0413\u043b\u0430\u0432\u043d\u0430\u044f \u0441\u0442\u0440\u0430\u043d\u0438\u0446\u0430\",\"item\":\"https:\\\/\\\/hotnewsinworld.com\\\/hu\\\/\"},{\"@type\":\"ListItem\",\"position\":2,\"name\":\"Fekete-Gy\u0151r eln\u00e9z\u00e9st k\u00e9rt, ami\u00e9rt csal\u00f3d\u00e1st okoztak egy olyan ember t\u00e1mogat\u00e1s\u00e1val, aki sz\u00e9gyenteli m\u00f3don viselkedett\"}]},{\"@type\":\"WebSite\",\"@id\":\"https:\\\/\\\/hotnewsinworld.com\\\/hu\\\/#website\",\"url\":\"https:\\\/\\\/hotnewsinworld.com\\\/hu\\\/\",\"name\":\"Hot News in World\",\"description\":\"Hot News in World from Hungary\",\"potentialAction\":[{\"@type\":\"SearchAction\",\"target\":{\"@type\":\"EntryPoint\",\"urlTemplate\":\"https:\\\/\\\/hotnewsinworld.com\\\/hu\\\/?s={search_term_string}\"},\"query-input\":{\"@type\":\"PropertyValueSpecification\",\"valueRequired\":true,\"valueName\":\"search_term_string\"}}],\"inLanguage\":\"hu\"},{\"@type\":\"Person\",\"@id\":\"https:\\\/\\\/hotnewsinworld.com\\\/hu\\\/#\\\/schema\\\/person\\\/fe61448b21c0d59086e75fcc1f9d8f6b\",\"name\":\"hotnewsinworld\",\"image\":{\"@type\":\"ImageObject\",\"inLanguage\":\"hu\",\"@id\":\"https:\\\/\\\/secure.gravatar.com\\\/avatar\\\/8a09ac165600ce2e1c38fe593c63928eb1e6e7ba5c5a907d67787c41b3d00c14?s=96&d=mm&r=g\",\"url\":\"https:\\\/\\\/secure.gravatar.com\\\/avatar\\\/8a09ac165600ce2e1c38fe593c63928eb1e6e7ba5c5a907d67787c41b3d00c14?s=96&d=mm&r=g\",\"contentUrl\":\"https:\\\/\\\/secure.gravatar.com\\\/avatar\\\/8a09ac165600ce2e1c38fe593c63928eb1e6e7ba5c5a907d67787c41b3d00c14?s=96&d=mm&r=g\",\"caption\":\"hotnewsinworld\"},\"url\":\"https:\\\/\\\/hotnewsinworld.com\\\/hu\\\/author\\\/pt\\\/\"}]}<\/script>\n<!-- \/ Yoast SEO plugin. -->","yoast_head_json":{"title":"Fekete-Gy\u0151r eln\u00e9z\u00e9st k\u00e9rt, ami\u00e9rt csal\u00f3d\u00e1st okoztak egy olyan ember t\u00e1mogat\u00e1s\u00e1val, aki sz\u00e9gyenteli m\u00f3don viselkedett - Hot News in World","robots":{"index":"index","follow":"follow","max-snippet":"max-snippet:-1","max-image-preview":"max-image-preview:large","max-video-preview":"max-video-preview:-1"},"canonical":"https:\/\/hotnewsinworld.com\/hu\/fekete-gyor-elnezest-kert-amiert-csalodast-okoztak-egy-olyan-ember-tamogatasaval-aki-szegyenteli-modon-viselkedett\/","og_locale":"hu_HU","og_type":"article","og_title":"Fekete-Gy\u0151r eln\u00e9z\u00e9st k\u00e9rt, ami\u00e9rt csal\u00f3d\u00e1st okoztak egy olyan ember t\u00e1mogat\u00e1s\u00e1val, aki sz\u00e9gyenteli m\u00f3don viselkedett - Hot News in World","og_description":"[ad_1] A jobbikos Kulcs\u00e1r Gergelyr\u0151l&nbsp;h\u00e9tf\u0151n der\u00fclt ki, hogy az ellenz\u00e9ki p\u00e1rtok egy r\u00e9sze annak ellen\u00e9re \u00e1llt be m\u00f6g\u00e9, hogy kor\u00e1bban durva antiszemita megnyilv\u00e1nul\u00e1sair\u00f3l lett ismert. Kulcs\u00e1r azt\u00e1n visszal\u00e9pett, b\u00e1r el\u0151tte m\u00e9g a Momentum debreceni eln\u00f6ke, M\u00e1ndi L\u00e1szl\u00f3 azt mondta:&nbsp;\u201eAmit Kulcs\u00e1r az akkori level\u00e9ben \u00edrt, az teljes m\u00e9rt\u00e9kben v\u00e1llalhatatlan, ilyen megnyilv\u00e1nul\u00e1soknak nincs helye a magyar k\u00f6z\u00e9letben. [&hellip;]","og_url":"https:\/\/hotnewsinworld.com\/hu\/fekete-gyor-elnezest-kert-amiert-csalodast-okoztak-egy-olyan-ember-tamogatasaval-aki-szegyenteli-modon-viselkedett\/","og_site_name":"Hot News in World","article_published_time":"2019-08-27T13:25:34+00:00","article_modified_time":"2019-09-16T13:43:11+00:00","og_image":[{"width":1,"height":1,"url":"https:\/\/hotnewsinworld.com\/hu\/wp-content\/uploads\/sites\/3\/2019\/08\/Fekete-Gy\u0151r-eln\u00e9z\u00e9st-k\u00e9rt-ami\u00e9rt-csal\u00f3d\u00e1st-okoztak-egy-olyan-ember-t\u00e1mogat\u00e1s\u00e1val.gif","type":"image\/gif"}],"author":"hotnewsinworld","twitter_card":"summary_large_image","twitter_misc":{"Szerz\u0151:":"hotnewsinworld","Becs\u00fclt olvas\u00e1si id\u0151":"1 perc"},"schema":{"@context":"https:\/\/schema.org","@graph":[{"@type":"Article","@id":"https:\/\/hotnewsinworld.com\/hu\/fekete-gyor-elnezest-kert-amiert-csalodast-okoztak-egy-olyan-ember-tamogatasaval-aki-szegyenteli-modon-viselkedett\/#article","isPartOf":{"@id":"https:\/\/hotnewsinworld.com\/hu\/fekete-gyor-elnezest-kert-amiert-csalodast-okoztak-egy-olyan-ember-tamogatasaval-aki-szegyenteli-modon-viselkedett\/"},"author":{"name":"hotnewsinworld","@id":"https:\/\/hotnewsinworld.com\/hu\/#\/schema\/person\/fe61448b21c0d59086e75fcc1f9d8f6b"},"headline":"Fekete-Gy\u0151r eln\u00e9z\u00e9st k\u00e9rt, ami\u00e9rt csal\u00f3d\u00e1st okoztak egy olyan ember t\u00e1mogat\u00e1s\u00e1val, aki sz\u00e9gyenteli m\u00f3don viselkedett","datePublished":"2019-08-27T13:25:34+00:00","dateModified":"2019-09-16T13:43:11+00:00","mainEntityOfPage":{"@id":"https:\/\/hotnewsinworld.com\/hu\/fekete-gyor-elnezest-kert-amiert-csalodast-okoztak-egy-olyan-ember-tamogatasaval-aki-szegyenteli-modon-viselkedett\/"},"wordCount":218,"commentCount":0,"image":{"@id":"https:\/\/hotnewsinworld.com\/hu\/fekete-gyor-elnezest-kert-amiert-csalodast-okoztak-egy-olyan-ember-tamogatasaval-aki-szegyenteli-modon-viselkedett\/#primaryimage"},"thumbnailUrl":"https:\/\/hotnewsinworld.com\/hu\/wp-content\/uploads\/sites\/3\/2019\/08\/Fekete-Gy\u0151r-eln\u00e9z\u00e9st-k\u00e9rt-ami\u00e9rt-csal\u00f3d\u00e1st-okoztak-egy-olyan-ember-t\u00e1mogat\u00e1s\u00e1val.gif","articleSection":["LEG\u00daJABB P\u00c9NZ\u00dcGYI H\u00cdREK"],"inLanguage":"hu","potentialAction":[{"@type":"CommentAction","name":"Comment","target":["https:\/\/hotnewsinworld.com\/hu\/fekete-gyor-elnezest-kert-amiert-csalodast-okoztak-egy-olyan-ember-tamogatasaval-aki-szegyenteli-modon-viselkedett\/#respond"]}]},{"@type":"WebPage","@id":"https:\/\/hotnewsinworld.com\/hu\/fekete-gyor-elnezest-kert-amiert-csalodast-okoztak-egy-olyan-ember-tamogatasaval-aki-szegyenteli-modon-viselkedett\/","url":"https:\/\/hotnewsinworld.com\/hu\/fekete-gyor-elnezest-kert-amiert-csalodast-okoztak-egy-olyan-ember-tamogatasaval-aki-szegyenteli-modon-viselkedett\/","name":"Fekete-Gy\u0151r eln\u00e9z\u00e9st k\u00e9rt, ami\u00e9rt csal\u00f3d\u00e1st okoztak egy olyan ember t\u00e1mogat\u00e1s\u00e1val, aki sz\u00e9gyenteli m\u00f3don viselkedett - Hot News in World","isPartOf":{"@id":"https:\/\/hotnewsinworld.com\/hu\/#website"},"primaryImageOfPage":{"@id":"https:\/\/hotnewsinworld.com\/hu\/fekete-gyor-elnezest-kert-amiert-csalodast-okoztak-egy-olyan-ember-tamogatasaval-aki-szegyenteli-modon-viselkedett\/#primaryimage"},"image":{"@id":"https:\/\/hotnewsinworld.com\/hu\/fekete-gyor-elnezest-kert-amiert-csalodast-okoztak-egy-olyan-ember-tamogatasaval-aki-szegyenteli-modon-viselkedett\/#primaryimage"},"thumbnailUrl":"https:\/\/hotnewsinworld.com\/hu\/wp-content\/uploads\/sites\/3\/2019\/08\/Fekete-Gy\u0151r-eln\u00e9z\u00e9st-k\u00e9rt-ami\u00e9rt-csal\u00f3d\u00e1st-okoztak-egy-olyan-ember-t\u00e1mogat\u00e1s\u00e1val.gif","datePublished":"2019-08-27T13:25:34+00:00","dateModified":"2019-09-16T13:43:11+00:00","author":{"@id":"https:\/\/hotnewsinworld.com\/hu\/#\/schema\/person\/fe61448b21c0d59086e75fcc1f9d8f6b"},"breadcrumb":{"@id":"https:\/\/hotnewsinworld.com\/hu\/fekete-gyor-elnezest-kert-amiert-csalodast-okoztak-egy-olyan-ember-tamogatasaval-aki-szegyenteli-modon-viselkedett\/#breadcrumb"},"inLanguage":"hu","potentialAction":[{"@type":"ReadAction","target":["https:\/\/hotnewsinworld.com\/hu\/fekete-gyor-elnezest-kert-amiert-csalodast-okoztak-egy-olyan-ember-tamogatasaval-aki-szegyenteli-modon-viselkedett\/"]}]},{"@type":"ImageObject","inLanguage":"hu","@id":"https:\/\/hotnewsinworld.com\/hu\/fekete-gyor-elnezest-kert-amiert-csalodast-okoztak-egy-olyan-ember-tamogatasaval-aki-szegyenteli-modon-viselkedett\/#primaryimage","url":"https:\/\/hotnewsinworld.com\/hu\/wp-content\/uploads\/sites\/3\/2019\/08\/Fekete-Gy\u0151r-eln\u00e9z\u00e9st-k\u00e9rt-ami\u00e9rt-csal\u00f3d\u00e1st-okoztak-egy-olyan-ember-t\u00e1mogat\u00e1s\u00e1val.gif","contentUrl":"https:\/\/hotnewsinworld.com\/hu\/wp-content\/uploads\/sites\/3\/2019\/08\/Fekete-Gy\u0151r-eln\u00e9z\u00e9st-k\u00e9rt-ami\u00e9rt-csal\u00f3d\u00e1st-okoztak-egy-olyan-ember-t\u00e1mogat\u00e1s\u00e1val.gif","width":1,"height":1,"caption":"Fekete-Gy\u0151r eln\u00e9z\u00e9st k\u00e9rt, ami\u00e9rt csal\u00f3d\u00e1st okoztak egy olyan ember t\u00e1mogat\u00e1s\u00e1val, aki sz\u00e9gyenteli m\u00f3don viselkedett"},{"@type":"BreadcrumbList","@id":"https:\/\/hotnewsinworld.com\/hu\/fekete-gyor-elnezest-kert-amiert-csalodast-okoztak-egy-olyan-ember-tamogatasaval-aki-szegyenteli-modon-viselkedett\/#breadcrumb","itemListElement":[{"@type":"ListItem","position":1,"name":"\u0413\u043b\u0430\u0432\u043d\u0430\u044f \u0441\u0442\u0440\u0430\u043d\u0438\u0446\u0430","item":"https:\/\/hotnewsinworld.com\/hu\/"},{"@type":"ListItem","position":2,"name":"Fekete-Gy\u0151r eln\u00e9z\u00e9st k\u00e9rt, ami\u00e9rt csal\u00f3d\u00e1st okoztak egy olyan ember t\u00e1mogat\u00e1s\u00e1val, aki sz\u00e9gyenteli m\u00f3don viselkedett"}]},{"@type":"WebSite","@id":"https:\/\/hotnewsinworld.com\/hu\/#website","url":"https:\/\/hotnewsinworld.com\/hu\/","name":"Hot News in World","description":"Hot News in World from Hungary","potentialAction":[{"@type":"SearchAction","target":{"@type":"EntryPoint","urlTemplate":"https:\/\/hotnewsinworld.com\/hu\/?s={search_term_string}"},"query-input":{"@type":"PropertyValueSpecification","valueRequired":true,"valueName":"search_term_string"}}],"inLanguage":"hu"},{"@type":"Person","@id":"https:\/\/hotnewsinworld.com\/hu\/#\/schema\/person\/fe61448b21c0d59086e75fcc1f9d8f6b","name":"hotnewsinworld","image":{"@type":"ImageObject","inLanguage":"hu","@id":"https:\/\/secure.gravatar.com\/avatar\/8a09ac165600ce2e1c38fe593c63928eb1e6e7ba5c5a907d67787c41b3d00c14?s=96&d=mm&r=g","url":"https:\/\/secure.gravatar.com\/avatar\/8a09ac165600ce2e1c38fe593c63928eb1e6e7ba5c5a907d67787c41b3d00c14?s=96&d=mm&r=g","contentUrl":"https:\/\/secure.gravatar.com\/avatar\/8a09ac165600ce2e1c38fe593c63928eb1e6e7ba5c5a907d67787c41b3d00c14?s=96&d=mm&r=g","caption":"hotnewsinworld"},"url":"https:\/\/hotnewsinworld.com\/hu\/author\/pt\/"}]}},"_links":{"self":[{"href":"https:\/\/hotnewsinworld.com\/hu\/wp-json\/wp\/v2\/posts\/1279","targetHints":{"allow":["GET"]}}],"collection":[{"href":"https:\/\/hotnewsinworld.com\/hu\/wp-json\/wp\/v2\/posts"}],"about":[{"href":"https:\/\/hotnewsinworld.com\/hu\/wp-json\/wp\/v2\/types\/post"}],"author":[{"embeddable":true,"href":"https:\/\/hotnewsinworld.com\/hu\/wp-json\/wp\/v2\/users\/2"}],"replies":[{"embeddable":true,"href":"https:\/\/hotnewsinworld.com\/hu\/wp-json\/wp\/v2\/comments?post=1279"}],"version-history":[{"count":2,"href":"https:\/\/hotnewsinworld.com\/hu\/wp-json\/wp\/v2\/posts\/1279\/revisions"}],"predecessor-version":[{"id":2129,"href":"https:\/\/hotnewsinworld.com\/hu\/wp-json\/wp\/v2\/posts\/1279\/revisions\/2129"}],"wp:featuredmedia":[{"embeddable":true,"href":"https:\/\/hotnewsinworld.com\/hu\/wp-json\/wp\/v2\/media\/1280"}],"wp:attachment":[{"href":"https:\/\/hotnewsinworld.com\/hu\/wp-json\/wp\/v2\/media?parent=1279"}],"wp:term":[{"taxonomy":"category","embeddable":true,"href":"https:\/\/hotnewsinworld.com\/hu\/wp-json\/wp\/v2\/categories?post=1279"},{"taxonomy":"post_tag","embeddable":true,"href":"https:\/\/hotnewsinworld.com\/hu\/wp-json\/wp\/v2\/tags?post=1279"}],"curies":[{"name":"wp","href":"https:\/\/api.w.org\/{rel}","templated":true}]}}