{"id":1285,"date":"2019-08-27T19:16:04","date_gmt":"2019-08-27T16:16:04","guid":{"rendered":"https:\/\/hotnewsinworld.com\/hu\/elindult-vasarnap-a-templomba-egy-sashalmi-no-azota-nem-talaljak\/"},"modified":"2019-08-27T19:16:05","modified_gmt":"2019-08-27T16:16:05","slug":"elindult-vasarnap-a-templomba-egy-sashalmi-no-azota-nem-talaljak","status":"publish","type":"post","link":"https:\/\/hotnewsinworld.com\/hu\/elindult-vasarnap-a-templomba-egy-sashalmi-no-azota-nem-talaljak\/","title":{"rendered":"Elindult vas\u00e1rnap a templomba egy sashalmi n\u0151, az\u00f3ta nem tal\u00e1lj\u00e1k"},"content":{"rendered":"<p> [ad_1]<br \/>\n<\/p>\n<div>\n<p>A BRFK XVI. ker\u00fcleti Rend\u0151rkapit\u00e1nys\u00e1ga\u00a0 elj\u00e1r\u00e1st folytat a 67 \u00e9ves <strong>Czimer J\u00f3zsef Csab\u00e1n\u00e9<\/strong> elt\u0171n\u00e9se \u00fcgy\u00e9ben.<\/p>\n<p>Az asszony augusztus 25-\u00e9n 17 \u00f3ra 30 perckor indult \u00fatnak a Feh\u00e9rsas utcai lak\u00e1s\u00e1b\u00f3l az istentiszteletre, de a templomba m\u00e1r nem \u00e9rkezett meg.<\/p>\n<p>Az elt\u0171nt n\u0151 160-165 centim\u00e9ter magas, \u0151sz haj\u00fa, szeme k\u00e9k, elt\u0171n\u00e9sekor feh\u00e9r szand\u00e1lt, illetve vil\u00e1gos ruh\u00e1t viselt.<\/p>\n<p>\u200bA BRFK ker\u00fcleti kapit\u00e1nys\u00e1ga k\u00e9ri, hogy aki a k\u00e9pen l\u00e1that\u00f3 n\u0151t felismeri, tart\u00f3zkod\u00e1si hely\u00e9r\u0151l vagy elt\u0171n\u00e9s\u00e9nek k\u00f6r\u00fclm\u00e9ny\u00e9r\u0151l inform\u00e1ci\u00f3val rendelkezik, ak\u00e1r n\u00e9vtelens\u00e9ge meg\u0151rz\u00e9se mellett tegyen bejelent\u00e9st a h\u00edvhat\u00f3 06-80-555-111 Telefontan\u00fa z\u00f6ldsz\u00e1m\u00e1n, a 107 vagy 112 k\u00f6zponti seg\u00e9lyh\u00edv\u00f3 sz\u00e1mok valamelyik\u00e9n.<\/p>\n<\/p>\n<p><noscript><img decoding=\"async\" src=\"https:\/\/hotnewsinworld.com\/hu\/wp-content\/uploads\/sites\/3\/2019\/08\/Elindult-vasarnap-a-templomba-egy-sashalmi-no-azota-nem-talaljak.jpg\" alt=\"\" data-width=\"660\" class=\"wp-image-2554851 alignnone\"\/><\/noscript>\n\t\t\t\t\t\t\t\t\t\t\t\t\t\t\t<\/div>\n<p><script>\n\tjQuery(window).load(function() {\n\t\twindow.fbAsyncInit = function () {\n\t\t\tFB.init({\n\t\t\t\tappId: '',\n\t\t\t\txfbml: true,\n\t\t\t\tversion: 'v3.2'\n\t\t\t});<\/p>\n<p>\t\t\tFB.Event.subscribe('xfbml.ready', function (msg) {\n\t\t\t\tif (msg.type === 'video') {\n\t\t\t\t\tif(typeof insertVideoMeasuringCode != \"undefined\"){\n\t\t\t\t\t\tinsertVideoMeasuringCode(msg);\n\t\t\t\t\t}\n\t\t\t\t}\n\t\t\t});\n\t\t};<\/p>\n<p>\t\tfunction initFB()\n\t\t{\n\t\t\t(function (d, s, id) {\n\t\t\t\tvar js, fjs = d.getElementsByTagName(s)[0];\n\t\t\t\tif (d.getElementById(id)) {\n\t\t\t\t\treturn;\n\t\t\t\t}\n\t\t\t\tjs = d.createElement(s);\n\t\t\t\tjs.id = id;\n\t\t\t\tjs.src = \"http:\/\/connect.facebook.net\/hu_HU\/all.js\";\n\t\t\t\tfjs.parentNode.insertBefore(js, fjs);\n\t\t\t}(document, 'script', 'facebook-jssdk'));\n\t\t\tjQuery(window).off('scroll mousemove touchmove', initFB);\n\t\t}<\/p>\n<p>\t\tfunction parseXFBML(e)\n\t\t{\n\t\t\tif (typeof FB !== \"undefined\" && typeof FB.XFBML !== \"undefined\") {\n\t\t\t\te.preventDefault();\n\t\t\t\te.stopPropagation();\n\t\t\t\tFB.XFBML.parse();\n\t\t\t\tjQuery(window).off('scroll mousemove touchmove', parseXFBML);<\/p>\n<p>\t\t\t\tif (typeof catchSocialEvents != \"undefined\" && typeof catchSocialEvents === \"function\") {\n\t\t\t\t\tcatchSocialEvents();\n\t\t\t\t}\n\t\t\t}\n\t\t}<\/p>\n<p>\t\tjQuery(window).on('scroll mousemove touchmove', initFB);\n\t\tjQuery(window).on('scroll mousemove touchmove', parseXFBML);\n\t});\n<\/script><br \/>\n<br \/>[ad_2]<br \/>\n<br \/><a href=\"https:\/\/hirek.oldal.info\/rssclick\/14348990\">Source link <\/a><\/p>\n","protected":false},"excerpt":{"rendered":"<p>[ad_1] A BRFK XVI. ker\u00fcleti Rend\u0151rkapit\u00e1nys\u00e1ga\u00a0 elj\u00e1r\u00e1st folytat a 67 \u00e9ves Czimer J\u00f3zsef Csab\u00e1n\u00e9 elt\u0171n\u00e9se \u00fcgy\u00e9ben. Az asszony augusztus 25-\u00e9n 17 \u00f3ra 30 perckor indult \u00fatnak a Feh\u00e9rsas utcai lak\u00e1s\u00e1b\u00f3l az istentiszteletre, de a templomba m\u00e1r nem \u00e9rkezett meg. Az elt\u0171nt n\u0151 160-165 centim\u00e9ter magas, \u0151sz haj\u00fa, szeme k\u00e9k, elt\u0171n\u00e9sekor feh\u00e9r szand\u00e1lt, illetve vil\u00e1gos ruh\u00e1t [&hellip;]<\/p>\n","protected":false},"author":2,"featured_media":1286,"comment_status":"open","ping_status":"open","sticky":false,"template":"","format":"standard","meta":{"footnotes":""},"categories":[1],"tags":[],"class_list":["post-1285","post","type-post","status-publish","format-standard","has-post-thumbnail","hentry","category-legujabb-penzugyi-hirek"],"yoast_head":"<!-- This site is optimized with the Yoast SEO plugin v27.4 - https:\/\/yoast.com\/product\/yoast-seo-wordpress\/ -->\n<title>Elindult vas\u00e1rnap a templomba egy sashalmi n\u0151, az\u00f3ta nem tal\u00e1lj\u00e1k - Hot News in World<\/title>\n<meta name=\"robots\" content=\"index, follow, max-snippet:-1, max-image-preview:large, max-video-preview:-1\" \/>\n<link rel=\"canonical\" href=\"https:\/\/hotnewsinworld.com\/hu\/elindult-vasarnap-a-templomba-egy-sashalmi-no-azota-nem-talaljak\/\" \/>\n<meta property=\"og:locale\" content=\"hu_HU\" \/>\n<meta property=\"og:type\" content=\"article\" \/>\n<meta property=\"og:title\" content=\"Elindult vas\u00e1rnap a templomba egy sashalmi n\u0151, az\u00f3ta nem tal\u00e1lj\u00e1k - Hot News in World\" \/>\n<meta property=\"og:description\" content=\"[ad_1] A BRFK XVI. ker\u00fcleti Rend\u0151rkapit\u00e1nys\u00e1ga\u00a0 elj\u00e1r\u00e1st folytat a 67 \u00e9ves Czimer J\u00f3zsef Csab\u00e1n\u00e9 elt\u0171n\u00e9se \u00fcgy\u00e9ben. Az asszony augusztus 25-\u00e9n 17 \u00f3ra 30 perckor indult \u00fatnak a Feh\u00e9rsas utcai lak\u00e1s\u00e1b\u00f3l az istentiszteletre, de a templomba m\u00e1r nem \u00e9rkezett meg. Az elt\u0171nt n\u0151 160-165 centim\u00e9ter magas, \u0151sz haj\u00fa, szeme k\u00e9k, elt\u0171n\u00e9sekor feh\u00e9r szand\u00e1lt, illetve vil\u00e1gos ruh\u00e1t [&hellip;]\" \/>\n<meta property=\"og:url\" content=\"https:\/\/hotnewsinworld.com\/hu\/elindult-vasarnap-a-templomba-egy-sashalmi-no-azota-nem-talaljak\/\" \/>\n<meta property=\"og:site_name\" content=\"Hot News in World\" \/>\n<meta property=\"article:published_time\" content=\"2019-08-27T16:16:04+00:00\" \/>\n<meta property=\"article:modified_time\" content=\"2019-08-27T16:16:05+00:00\" \/>\n<meta property=\"og:image\" content=\"https:\/\/hotnewsinworld.com\/hu\/wp-content\/uploads\/sites\/3\/2019\/08\/Elindult-vas\u00e1rnap-a-templomba-egy-sashalmi-n\u0151-az\u00f3ta-nem-tal\u00e1lj\u00e1k.jpg\" \/>\n\t<meta property=\"og:image:width\" content=\"660\" \/>\n\t<meta property=\"og:image:height\" content=\"439\" \/>\n\t<meta property=\"og:image:type\" content=\"image\/jpeg\" \/>\n<meta name=\"author\" content=\"hotnewsinworld\" \/>\n<meta name=\"twitter:card\" content=\"summary_large_image\" \/>\n<meta name=\"twitter:label1\" content=\"Szerz\u0151:\" \/>\n\t<meta name=\"twitter:data1\" content=\"hotnewsinworld\" \/>\n\t<meta name=\"twitter:label2\" content=\"Becs\u00fclt olvas\u00e1si id\u0151\" \/>\n\t<meta name=\"twitter:data2\" content=\"1 perc\" \/>\n<script type=\"application\/ld+json\" class=\"yoast-schema-graph\">{\"@context\":\"https:\\\/\\\/schema.org\",\"@graph\":[{\"@type\":\"Article\",\"@id\":\"https:\\\/\\\/hotnewsinworld.com\\\/hu\\\/elindult-vasarnap-a-templomba-egy-sashalmi-no-azota-nem-talaljak\\\/#article\",\"isPartOf\":{\"@id\":\"https:\\\/\\\/hotnewsinworld.com\\\/hu\\\/elindult-vasarnap-a-templomba-egy-sashalmi-no-azota-nem-talaljak\\\/\"},\"author\":{\"name\":\"hotnewsinworld\",\"@id\":\"https:\\\/\\\/hotnewsinworld.com\\\/hu\\\/#\\\/schema\\\/person\\\/fe61448b21c0d59086e75fcc1f9d8f6b\"},\"headline\":\"Elindult vas\u00e1rnap a templomba egy sashalmi n\u0151, az\u00f3ta nem tal\u00e1lj\u00e1k\",\"datePublished\":\"2019-08-27T16:16:04+00:00\",\"dateModified\":\"2019-08-27T16:16:05+00:00\",\"mainEntityOfPage\":{\"@id\":\"https:\\\/\\\/hotnewsinworld.com\\\/hu\\\/elindult-vasarnap-a-templomba-egy-sashalmi-no-azota-nem-talaljak\\\/\"},\"wordCount\":170,\"commentCount\":0,\"image\":{\"@id\":\"https:\\\/\\\/hotnewsinworld.com\\\/hu\\\/elindult-vasarnap-a-templomba-egy-sashalmi-no-azota-nem-talaljak\\\/#primaryimage\"},\"thumbnailUrl\":\"https:\\\/\\\/hotnewsinworld.com\\\/hu\\\/wp-content\\\/uploads\\\/sites\\\/3\\\/2019\\\/08\\\/Elindult-vas\u00e1rnap-a-templomba-egy-sashalmi-n\u0151-az\u00f3ta-nem-tal\u00e1lj\u00e1k.jpg\",\"articleSection\":[\"LEG\u00daJABB P\u00c9NZ\u00dcGYI H\u00cdREK\"],\"inLanguage\":\"hu\",\"potentialAction\":[{\"@type\":\"CommentAction\",\"name\":\"Comment\",\"target\":[\"https:\\\/\\\/hotnewsinworld.com\\\/hu\\\/elindult-vasarnap-a-templomba-egy-sashalmi-no-azota-nem-talaljak\\\/#respond\"]}]},{\"@type\":\"WebPage\",\"@id\":\"https:\\\/\\\/hotnewsinworld.com\\\/hu\\\/elindult-vasarnap-a-templomba-egy-sashalmi-no-azota-nem-talaljak\\\/\",\"url\":\"https:\\\/\\\/hotnewsinworld.com\\\/hu\\\/elindult-vasarnap-a-templomba-egy-sashalmi-no-azota-nem-talaljak\\\/\",\"name\":\"Elindult vas\u00e1rnap a templomba egy sashalmi n\u0151, az\u00f3ta nem tal\u00e1lj\u00e1k - Hot News in World\",\"isPartOf\":{\"@id\":\"https:\\\/\\\/hotnewsinworld.com\\\/hu\\\/#website\"},\"primaryImageOfPage\":{\"@id\":\"https:\\\/\\\/hotnewsinworld.com\\\/hu\\\/elindult-vasarnap-a-templomba-egy-sashalmi-no-azota-nem-talaljak\\\/#primaryimage\"},\"image\":{\"@id\":\"https:\\\/\\\/hotnewsinworld.com\\\/hu\\\/elindult-vasarnap-a-templomba-egy-sashalmi-no-azota-nem-talaljak\\\/#primaryimage\"},\"thumbnailUrl\":\"https:\\\/\\\/hotnewsinworld.com\\\/hu\\\/wp-content\\\/uploads\\\/sites\\\/3\\\/2019\\\/08\\\/Elindult-vas\u00e1rnap-a-templomba-egy-sashalmi-n\u0151-az\u00f3ta-nem-tal\u00e1lj\u00e1k.jpg\",\"datePublished\":\"2019-08-27T16:16:04+00:00\",\"dateModified\":\"2019-08-27T16:16:05+00:00\",\"author\":{\"@id\":\"https:\\\/\\\/hotnewsinworld.com\\\/hu\\\/#\\\/schema\\\/person\\\/fe61448b21c0d59086e75fcc1f9d8f6b\"},\"breadcrumb\":{\"@id\":\"https:\\\/\\\/hotnewsinworld.com\\\/hu\\\/elindult-vasarnap-a-templomba-egy-sashalmi-no-azota-nem-talaljak\\\/#breadcrumb\"},\"inLanguage\":\"hu\",\"potentialAction\":[{\"@type\":\"ReadAction\",\"target\":[\"https:\\\/\\\/hotnewsinworld.com\\\/hu\\\/elindult-vasarnap-a-templomba-egy-sashalmi-no-azota-nem-talaljak\\\/\"]}]},{\"@type\":\"ImageObject\",\"inLanguage\":\"hu\",\"@id\":\"https:\\\/\\\/hotnewsinworld.com\\\/hu\\\/elindult-vasarnap-a-templomba-egy-sashalmi-no-azota-nem-talaljak\\\/#primaryimage\",\"url\":\"https:\\\/\\\/hotnewsinworld.com\\\/hu\\\/wp-content\\\/uploads\\\/sites\\\/3\\\/2019\\\/08\\\/Elindult-vas\u00e1rnap-a-templomba-egy-sashalmi-n\u0151-az\u00f3ta-nem-tal\u00e1lj\u00e1k.jpg\",\"contentUrl\":\"https:\\\/\\\/hotnewsinworld.com\\\/hu\\\/wp-content\\\/uploads\\\/sites\\\/3\\\/2019\\\/08\\\/Elindult-vas\u00e1rnap-a-templomba-egy-sashalmi-n\u0151-az\u00f3ta-nem-tal\u00e1lj\u00e1k.jpg\",\"width\":660,\"height\":439,\"caption\":\"Elindult vas\u00e1rnap a templomba egy sashalmi n\u0151, az\u00f3ta nem tal\u00e1lj\u00e1k\"},{\"@type\":\"BreadcrumbList\",\"@id\":\"https:\\\/\\\/hotnewsinworld.com\\\/hu\\\/elindult-vasarnap-a-templomba-egy-sashalmi-no-azota-nem-talaljak\\\/#breadcrumb\",\"itemListElement\":[{\"@type\":\"ListItem\",\"position\":1,\"name\":\"\u0413\u043b\u0430\u0432\u043d\u0430\u044f \u0441\u0442\u0440\u0430\u043d\u0438\u0446\u0430\",\"item\":\"https:\\\/\\\/hotnewsinworld.com\\\/hu\\\/\"},{\"@type\":\"ListItem\",\"position\":2,\"name\":\"Elindult vas\u00e1rnap a templomba egy sashalmi n\u0151, az\u00f3ta nem tal\u00e1lj\u00e1k\"}]},{\"@type\":\"WebSite\",\"@id\":\"https:\\\/\\\/hotnewsinworld.com\\\/hu\\\/#website\",\"url\":\"https:\\\/\\\/hotnewsinworld.com\\\/hu\\\/\",\"name\":\"Hot News in World\",\"description\":\"Hot News in World from Hungary\",\"potentialAction\":[{\"@type\":\"SearchAction\",\"target\":{\"@type\":\"EntryPoint\",\"urlTemplate\":\"https:\\\/\\\/hotnewsinworld.com\\\/hu\\\/?s={search_term_string}\"},\"query-input\":{\"@type\":\"PropertyValueSpecification\",\"valueRequired\":true,\"valueName\":\"search_term_string\"}}],\"inLanguage\":\"hu\"},{\"@type\":\"Person\",\"@id\":\"https:\\\/\\\/hotnewsinworld.com\\\/hu\\\/#\\\/schema\\\/person\\\/fe61448b21c0d59086e75fcc1f9d8f6b\",\"name\":\"hotnewsinworld\",\"image\":{\"@type\":\"ImageObject\",\"inLanguage\":\"hu\",\"@id\":\"https:\\\/\\\/secure.gravatar.com\\\/avatar\\\/8a09ac165600ce2e1c38fe593c63928eb1e6e7ba5c5a907d67787c41b3d00c14?s=96&d=mm&r=g\",\"url\":\"https:\\\/\\\/secure.gravatar.com\\\/avatar\\\/8a09ac165600ce2e1c38fe593c63928eb1e6e7ba5c5a907d67787c41b3d00c14?s=96&d=mm&r=g\",\"contentUrl\":\"https:\\\/\\\/secure.gravatar.com\\\/avatar\\\/8a09ac165600ce2e1c38fe593c63928eb1e6e7ba5c5a907d67787c41b3d00c14?s=96&d=mm&r=g\",\"caption\":\"hotnewsinworld\"},\"url\":\"https:\\\/\\\/hotnewsinworld.com\\\/hu\\\/author\\\/pt\\\/\"}]}<\/script>\n<!-- \/ Yoast SEO plugin. -->","yoast_head_json":{"title":"Elindult vas\u00e1rnap a templomba egy sashalmi n\u0151, az\u00f3ta nem tal\u00e1lj\u00e1k - Hot News in World","robots":{"index":"index","follow":"follow","max-snippet":"max-snippet:-1","max-image-preview":"max-image-preview:large","max-video-preview":"max-video-preview:-1"},"canonical":"https:\/\/hotnewsinworld.com\/hu\/elindult-vasarnap-a-templomba-egy-sashalmi-no-azota-nem-talaljak\/","og_locale":"hu_HU","og_type":"article","og_title":"Elindult vas\u00e1rnap a templomba egy sashalmi n\u0151, az\u00f3ta nem tal\u00e1lj\u00e1k - Hot News in World","og_description":"[ad_1] A BRFK XVI. ker\u00fcleti Rend\u0151rkapit\u00e1nys\u00e1ga\u00a0 elj\u00e1r\u00e1st folytat a 67 \u00e9ves Czimer J\u00f3zsef Csab\u00e1n\u00e9 elt\u0171n\u00e9se \u00fcgy\u00e9ben. Az asszony augusztus 25-\u00e9n 17 \u00f3ra 30 perckor indult \u00fatnak a Feh\u00e9rsas utcai lak\u00e1s\u00e1b\u00f3l az istentiszteletre, de a templomba m\u00e1r nem \u00e9rkezett meg. Az elt\u0171nt n\u0151 160-165 centim\u00e9ter magas, \u0151sz haj\u00fa, szeme k\u00e9k, elt\u0171n\u00e9sekor feh\u00e9r szand\u00e1lt, illetve vil\u00e1gos ruh\u00e1t [&hellip;]","og_url":"https:\/\/hotnewsinworld.com\/hu\/elindult-vasarnap-a-templomba-egy-sashalmi-no-azota-nem-talaljak\/","og_site_name":"Hot News in World","article_published_time":"2019-08-27T16:16:04+00:00","article_modified_time":"2019-08-27T16:16:05+00:00","og_image":[{"width":660,"height":439,"url":"https:\/\/hotnewsinworld.com\/hu\/wp-content\/uploads\/sites\/3\/2019\/08\/Elindult-vas\u00e1rnap-a-templomba-egy-sashalmi-n\u0151-az\u00f3ta-nem-tal\u00e1lj\u00e1k.jpg","type":"image\/jpeg"}],"author":"hotnewsinworld","twitter_card":"summary_large_image","twitter_misc":{"Szerz\u0151:":"hotnewsinworld","Becs\u00fclt olvas\u00e1si id\u0151":"1 perc"},"schema":{"@context":"https:\/\/schema.org","@graph":[{"@type":"Article","@id":"https:\/\/hotnewsinworld.com\/hu\/elindult-vasarnap-a-templomba-egy-sashalmi-no-azota-nem-talaljak\/#article","isPartOf":{"@id":"https:\/\/hotnewsinworld.com\/hu\/elindult-vasarnap-a-templomba-egy-sashalmi-no-azota-nem-talaljak\/"},"author":{"name":"hotnewsinworld","@id":"https:\/\/hotnewsinworld.com\/hu\/#\/schema\/person\/fe61448b21c0d59086e75fcc1f9d8f6b"},"headline":"Elindult vas\u00e1rnap a templomba egy sashalmi n\u0151, az\u00f3ta nem tal\u00e1lj\u00e1k","datePublished":"2019-08-27T16:16:04+00:00","dateModified":"2019-08-27T16:16:05+00:00","mainEntityOfPage":{"@id":"https:\/\/hotnewsinworld.com\/hu\/elindult-vasarnap-a-templomba-egy-sashalmi-no-azota-nem-talaljak\/"},"wordCount":170,"commentCount":0,"image":{"@id":"https:\/\/hotnewsinworld.com\/hu\/elindult-vasarnap-a-templomba-egy-sashalmi-no-azota-nem-talaljak\/#primaryimage"},"thumbnailUrl":"https:\/\/hotnewsinworld.com\/hu\/wp-content\/uploads\/sites\/3\/2019\/08\/Elindult-vas\u00e1rnap-a-templomba-egy-sashalmi-n\u0151-az\u00f3ta-nem-tal\u00e1lj\u00e1k.jpg","articleSection":["LEG\u00daJABB P\u00c9NZ\u00dcGYI H\u00cdREK"],"inLanguage":"hu","potentialAction":[{"@type":"CommentAction","name":"Comment","target":["https:\/\/hotnewsinworld.com\/hu\/elindult-vasarnap-a-templomba-egy-sashalmi-no-azota-nem-talaljak\/#respond"]}]},{"@type":"WebPage","@id":"https:\/\/hotnewsinworld.com\/hu\/elindult-vasarnap-a-templomba-egy-sashalmi-no-azota-nem-talaljak\/","url":"https:\/\/hotnewsinworld.com\/hu\/elindult-vasarnap-a-templomba-egy-sashalmi-no-azota-nem-talaljak\/","name":"Elindult vas\u00e1rnap a templomba egy sashalmi n\u0151, az\u00f3ta nem tal\u00e1lj\u00e1k - Hot News in World","isPartOf":{"@id":"https:\/\/hotnewsinworld.com\/hu\/#website"},"primaryImageOfPage":{"@id":"https:\/\/hotnewsinworld.com\/hu\/elindult-vasarnap-a-templomba-egy-sashalmi-no-azota-nem-talaljak\/#primaryimage"},"image":{"@id":"https:\/\/hotnewsinworld.com\/hu\/elindult-vasarnap-a-templomba-egy-sashalmi-no-azota-nem-talaljak\/#primaryimage"},"thumbnailUrl":"https:\/\/hotnewsinworld.com\/hu\/wp-content\/uploads\/sites\/3\/2019\/08\/Elindult-vas\u00e1rnap-a-templomba-egy-sashalmi-n\u0151-az\u00f3ta-nem-tal\u00e1lj\u00e1k.jpg","datePublished":"2019-08-27T16:16:04+00:00","dateModified":"2019-08-27T16:16:05+00:00","author":{"@id":"https:\/\/hotnewsinworld.com\/hu\/#\/schema\/person\/fe61448b21c0d59086e75fcc1f9d8f6b"},"breadcrumb":{"@id":"https:\/\/hotnewsinworld.com\/hu\/elindult-vasarnap-a-templomba-egy-sashalmi-no-azota-nem-talaljak\/#breadcrumb"},"inLanguage":"hu","potentialAction":[{"@type":"ReadAction","target":["https:\/\/hotnewsinworld.com\/hu\/elindult-vasarnap-a-templomba-egy-sashalmi-no-azota-nem-talaljak\/"]}]},{"@type":"ImageObject","inLanguage":"hu","@id":"https:\/\/hotnewsinworld.com\/hu\/elindult-vasarnap-a-templomba-egy-sashalmi-no-azota-nem-talaljak\/#primaryimage","url":"https:\/\/hotnewsinworld.com\/hu\/wp-content\/uploads\/sites\/3\/2019\/08\/Elindult-vas\u00e1rnap-a-templomba-egy-sashalmi-n\u0151-az\u00f3ta-nem-tal\u00e1lj\u00e1k.jpg","contentUrl":"https:\/\/hotnewsinworld.com\/hu\/wp-content\/uploads\/sites\/3\/2019\/08\/Elindult-vas\u00e1rnap-a-templomba-egy-sashalmi-n\u0151-az\u00f3ta-nem-tal\u00e1lj\u00e1k.jpg","width":660,"height":439,"caption":"Elindult vas\u00e1rnap a templomba egy sashalmi n\u0151, az\u00f3ta nem tal\u00e1lj\u00e1k"},{"@type":"BreadcrumbList","@id":"https:\/\/hotnewsinworld.com\/hu\/elindult-vasarnap-a-templomba-egy-sashalmi-no-azota-nem-talaljak\/#breadcrumb","itemListElement":[{"@type":"ListItem","position":1,"name":"\u0413\u043b\u0430\u0432\u043d\u0430\u044f \u0441\u0442\u0440\u0430\u043d\u0438\u0446\u0430","item":"https:\/\/hotnewsinworld.com\/hu\/"},{"@type":"ListItem","position":2,"name":"Elindult vas\u00e1rnap a templomba egy sashalmi n\u0151, az\u00f3ta nem tal\u00e1lj\u00e1k"}]},{"@type":"WebSite","@id":"https:\/\/hotnewsinworld.com\/hu\/#website","url":"https:\/\/hotnewsinworld.com\/hu\/","name":"Hot News in World","description":"Hot News in World from Hungary","potentialAction":[{"@type":"SearchAction","target":{"@type":"EntryPoint","urlTemplate":"https:\/\/hotnewsinworld.com\/hu\/?s={search_term_string}"},"query-input":{"@type":"PropertyValueSpecification","valueRequired":true,"valueName":"search_term_string"}}],"inLanguage":"hu"},{"@type":"Person","@id":"https:\/\/hotnewsinworld.com\/hu\/#\/schema\/person\/fe61448b21c0d59086e75fcc1f9d8f6b","name":"hotnewsinworld","image":{"@type":"ImageObject","inLanguage":"hu","@id":"https:\/\/secure.gravatar.com\/avatar\/8a09ac165600ce2e1c38fe593c63928eb1e6e7ba5c5a907d67787c41b3d00c14?s=96&d=mm&r=g","url":"https:\/\/secure.gravatar.com\/avatar\/8a09ac165600ce2e1c38fe593c63928eb1e6e7ba5c5a907d67787c41b3d00c14?s=96&d=mm&r=g","contentUrl":"https:\/\/secure.gravatar.com\/avatar\/8a09ac165600ce2e1c38fe593c63928eb1e6e7ba5c5a907d67787c41b3d00c14?s=96&d=mm&r=g","caption":"hotnewsinworld"},"url":"https:\/\/hotnewsinworld.com\/hu\/author\/pt\/"}]}},"_links":{"self":[{"href":"https:\/\/hotnewsinworld.com\/hu\/wp-json\/wp\/v2\/posts\/1285","targetHints":{"allow":["GET"]}}],"collection":[{"href":"https:\/\/hotnewsinworld.com\/hu\/wp-json\/wp\/v2\/posts"}],"about":[{"href":"https:\/\/hotnewsinworld.com\/hu\/wp-json\/wp\/v2\/types\/post"}],"author":[{"embeddable":true,"href":"https:\/\/hotnewsinworld.com\/hu\/wp-json\/wp\/v2\/users\/2"}],"replies":[{"embeddable":true,"href":"https:\/\/hotnewsinworld.com\/hu\/wp-json\/wp\/v2\/comments?post=1285"}],"version-history":[{"count":1,"href":"https:\/\/hotnewsinworld.com\/hu\/wp-json\/wp\/v2\/posts\/1285\/revisions"}],"predecessor-version":[{"id":1287,"href":"https:\/\/hotnewsinworld.com\/hu\/wp-json\/wp\/v2\/posts\/1285\/revisions\/1287"}],"wp:featuredmedia":[{"embeddable":true,"href":"https:\/\/hotnewsinworld.com\/hu\/wp-json\/wp\/v2\/media\/1286"}],"wp:attachment":[{"href":"https:\/\/hotnewsinworld.com\/hu\/wp-json\/wp\/v2\/media?parent=1285"}],"wp:term":[{"taxonomy":"category","embeddable":true,"href":"https:\/\/hotnewsinworld.com\/hu\/wp-json\/wp\/v2\/categories?post=1285"},{"taxonomy":"post_tag","embeddable":true,"href":"https:\/\/hotnewsinworld.com\/hu\/wp-json\/wp\/v2\/tags?post=1285"}],"curies":[{"name":"wp","href":"https:\/\/api.w.org\/{rel}","templated":true}]}}