{"id":1290,"date":"2019-08-27T22:38:20","date_gmt":"2019-08-27T19:38:20","guid":{"rendered":"https:\/\/hotnewsinworld.com\/hu\/tarlos-jovo-heten-vegre-ujraindul-a-4-6-os-villamos-de-kozben-jonnek-a-bosszuszomjas-volt-szdsz-esek\/"},"modified":"2019-08-27T22:38:21","modified_gmt":"2019-08-27T19:38:21","slug":"tarlos-jovo-heten-vegre-ujraindul-a-4-6-os-villamos-de-kozben-jonnek-a-bosszuszomjas-volt-szdsz-esek","status":"publish","type":"post","link":"https:\/\/hotnewsinworld.com\/hu\/tarlos-jovo-heten-vegre-ujraindul-a-4-6-os-villamos-de-kozben-jonnek-a-bosszuszomjas-volt-szdsz-esek\/","title":{"rendered":"Tarl\u00f3s: j\u00f6v\u0151 h\u00e9ten v\u00e9gre \u00fajraindul a 4-6-os villamos, de k\u00f6zben j\u00f6nnek a bossz\u00faszomjas volt SZDSZ-esek"},"content":{"rendered":"<p> [ad_1]<br \/>\n<\/p>\n<div id=\"article-holder\">\n<div class=\"article-header\">\n<p>\n                    2019. augusztus 27. 21:15  &#8211; <span>szerz\u0151:<\/span> MTI                <\/p>\n<\/p><\/div>\n<div class=\"adv-holder\">\n                <!-- iBILLBOARD Ad Server one2many Position: go.eu.bbelements.com 168ora_2016(24172) \/ cikkoldalak(3) \/ cikkoldalak_lead_alatt_640x360(5) \/ horizontal(2)--><br \/>\n    <!-- HowTo: Place this code into the html page where the ad should appear. --><\/p>\n<div id=\"bmone2n-24172.3.5.2\">\n    <noscript><\/p>\n<div style=\"display:inline\"><\/div>\n<p><\/noscript>\n    <\/div>\n<\/p><\/div>\n<div id=\"article-content\">\n<p>J\u00f6v\u0151 h\u00e9tf\u0151t\u0151l \u00fajra teljes vonalon j\u00e1r majd a 4-es \u00e9s 6-os villamos &#8211; mondta el Budapest f\u0151polg\u00e1rmestere kedden a H\u00edr Tv Magyarorsz\u00e1g \u00e9l\u0151ben c\u00edm\u0171 m\u0171sor\u00e1ban.<\/p>\n<p>Tarl\u00f3s Istv\u00e1n azt k\u00f6z\u00f6lte, hogy a fel\u00faj\u00edt\u00e1sok szeptember 2-\u00e1ra befejez\u0151dnek \u00e9s a k\u00f6zleked\u00e9s zavartalanul megindul.\u00a0<\/p>\n<p>A f\u0151polg\u00e1rmester eml\u00e9keztetett arra, hogy a 2010 el\u0151tti f\u0151v\u00e1rosi vezet\u0151k a kor\u00e1bbi villamosokat lecser\u00e9lt\u00e9k a j\u00f3val nehezebb Combin\u00f3kra, de akkor &#8222;elfeledkeztek&#8221; a villamosp\u00e1ly\u00e1t, az al\u00e9p\u00edtm\u00e9nyt alkalmass\u00e1 tenni a t\u00f6bbletterhel\u00e9sre. Akkor tizenh\u00e9tszer d\u0151ltek ki a vezet\u00e9ktart\u00f3 oszlopok is. M\u00e1r 2015-ben \u00e9s 2018-ban kicser\u00e9ltek villamosp\u00e1lya-szakaszokat, \u00e9s ezek m\u00e1r elb\u00edrj\u00e1k a Combin\u00f3kat &#8211; tette hozz\u00e1.<\/p>\n<p>Tarl\u00f3s Istv\u00e1n az \u00f6nkorm\u00e1nyzati kamp\u00e1nyr\u00f3l sz\u00f3lva arr\u00f3l besz\u00e9lt: az ellenz\u00e9k f\u0151polg\u00e1rmesteri kamp\u00e1nya j\u00f3r\u00e9szt arra \u00e9p\u00fcl, hogy a f\u0151v\u00e1rosi \u00f6nkorm\u00e1nyzatot, amely a v\u00e1ros k\u00f6zszolg\u00e1ltat\u00e1sainak biztos\u00edt\u00e1s\u00e1ra \u00e9s fejleszt\u00e9s\u00e9re rendelkezik jogos\u00edtv\u00e1nnyal, &#8222;a parlament vagy a korm\u00e1ny konkurenci\u00e1j\u00e1nak&#8221; tekintik.&#8221; &#8222;Kicsit \u00e1br\u00e1ndos \u00e9s szerept\u00e9veszt\u0151&#8221; ilyen kamp\u00e1nyt folytatni &#8211; mondta, hozz\u00e1t\u00e9ve, hogy ilyen m\u00e9g soha nem volt.<\/p>\n<p>Tarl\u00f3s Istv\u00e1n kijelentette: szaporodnak a jelz\u00e9sek, hogy az ellenz\u00e9k kamp\u00e1nya m\u00f6g\u00f6tt &#8222;kicsit ilyen bossz\u00fara szomjas, frusztr\u00e1lt egykori SZDSZ-esek \u00e1llnak&#8221;, a r\u00e9gi SZDSZ m\u00f3dszerei visszak\u00f6sz\u00f6nni l\u00e1tszanak.<\/p>\n<p>A f\u0151polg\u00e1rmester k\u00f6z\u00f6lte: az \u0151 vezet\u00e9se alatt sokkal t\u00f6bb f\u00e1t \u00fcltettek Budapesten, mint 2010 el\u0151tt azok, akik most fa\u00fcltet\u00e9ssel kamp\u00e1nyolnak, valamint f\u0151polg\u00e1rmesterk\u00e9nt \u0151 k\u00f6t\u00f6tt meg\u00e1llapod\u00e1st a ker\u00e9kp\u00e1rosokkal, \u00e9s az ut\u00f3bbi \u00e9vekben 35 kilom\u00e9ter &#8222;t\u00e9nyleges&#8221; ker\u00e9kp\u00e1rutat \u00e9p\u00edtettek.<\/p>\n<\/p><\/div>\n<\/p><\/div>\n<p><script>(function(d, s, id) {\n                var js, fjs = d.getElementsByTagName(s)[0];\n                if (d.getElementById(id)) return;\n                js = d.createElement(s); js.id = id;\n                js.src = \"http:\/\/connect.facebook.net\/hu_HU\/sdk.js#xfbml=1&version=v2.10&appId=508836559497521\";\n                fjs.parentNode.insertBefore(js, fjs);\n                }(document, 'script', 'facebook-jssdk'));<\/script><br \/>\n<br \/>[ad_2]<br \/>\n<br \/><a href=\"https:\/\/hirek.oldal.info\/rssclick\/14349377\">Source link <\/a><\/p>\n","protected":false},"excerpt":{"rendered":"<p>[ad_1] 2019. augusztus 27. 21:15 &#8211; szerz\u0151: MTI J\u00f6v\u0151 h\u00e9tf\u0151t\u0151l \u00fajra teljes vonalon j\u00e1r majd a 4-es \u00e9s 6-os villamos &#8211; mondta el Budapest f\u0151polg\u00e1rmestere kedden a H\u00edr Tv Magyarorsz\u00e1g \u00e9l\u0151ben c\u00edm\u0171 m\u0171sor\u00e1ban. Tarl\u00f3s Istv\u00e1n azt k\u00f6z\u00f6lte, hogy a fel\u00faj\u00edt\u00e1sok szeptember 2-\u00e1ra befejez\u0151dnek \u00e9s a k\u00f6zleked\u00e9s zavartalanul megindul.\u00a0 A f\u0151polg\u00e1rmester eml\u00e9keztetett arra, hogy a 2010 [&hellip;]<\/p>\n","protected":false},"author":2,"featured_media":1291,"comment_status":"open","ping_status":"open","sticky":false,"template":"","format":"standard","meta":{"footnotes":""},"categories":[1],"tags":[],"class_list":["post-1290","post","type-post","status-publish","format-standard","has-post-thumbnail","hentry","category-legujabb-penzugyi-hirek"],"yoast_head":"<!-- This site is optimized with the Yoast SEO plugin v27.4 - https:\/\/yoast.com\/product\/yoast-seo-wordpress\/ -->\n<title>Tarl\u00f3s: j\u00f6v\u0151 h\u00e9ten v\u00e9gre \u00fajraindul a 4-6-os villamos, de k\u00f6zben j\u00f6nnek a bossz\u00faszomjas volt SZDSZ-esek - Hot News in World<\/title>\n<meta name=\"robots\" content=\"index, follow, max-snippet:-1, max-image-preview:large, max-video-preview:-1\" \/>\n<link rel=\"canonical\" href=\"https:\/\/hotnewsinworld.com\/hu\/tarlos-jovo-heten-vegre-ujraindul-a-4-6-os-villamos-de-kozben-jonnek-a-bosszuszomjas-volt-szdsz-esek\/\" \/>\n<meta property=\"og:locale\" content=\"hu_HU\" \/>\n<meta property=\"og:type\" content=\"article\" \/>\n<meta property=\"og:title\" content=\"Tarl\u00f3s: j\u00f6v\u0151 h\u00e9ten v\u00e9gre \u00fajraindul a 4-6-os villamos, de k\u00f6zben j\u00f6nnek a bossz\u00faszomjas volt SZDSZ-esek - Hot News in World\" \/>\n<meta property=\"og:description\" content=\"[ad_1] 2019. augusztus 27. 21:15 &#8211; szerz\u0151: MTI J\u00f6v\u0151 h\u00e9tf\u0151t\u0151l \u00fajra teljes vonalon j\u00e1r majd a 4-es \u00e9s 6-os villamos &#8211; mondta el Budapest f\u0151polg\u00e1rmestere kedden a H\u00edr Tv Magyarorsz\u00e1g \u00e9l\u0151ben c\u00edm\u0171 m\u0171sor\u00e1ban. Tarl\u00f3s Istv\u00e1n azt k\u00f6z\u00f6lte, hogy a fel\u00faj\u00edt\u00e1sok szeptember 2-\u00e1ra befejez\u0151dnek \u00e9s a k\u00f6zleked\u00e9s zavartalanul megindul.\u00a0 A f\u0151polg\u00e1rmester eml\u00e9keztetett arra, hogy a 2010 [&hellip;]\" \/>\n<meta property=\"og:url\" content=\"https:\/\/hotnewsinworld.com\/hu\/tarlos-jovo-heten-vegre-ujraindul-a-4-6-os-villamos-de-kozben-jonnek-a-bosszuszomjas-volt-szdsz-esek\/\" \/>\n<meta property=\"og:site_name\" content=\"Hot News in World\" \/>\n<meta property=\"article:published_time\" content=\"2019-08-27T19:38:20+00:00\" \/>\n<meta property=\"article:modified_time\" content=\"2019-08-27T19:38:21+00:00\" \/>\n<meta property=\"og:image\" content=\"https:\/\/hotnewsinworld.com\/hu\/wp-content\/uploads\/sites\/3\/2019\/08\/Tarl\u00f3s-j\u00f6v\u0151-h\u00e9ten-v\u00e9gre-\u00fajraindul-a-4-6-os-villamos-de-k\u00f6zben.gif\" \/>\n\t<meta property=\"og:image:width\" content=\"1\" \/>\n\t<meta property=\"og:image:height\" content=\"1\" \/>\n\t<meta property=\"og:image:type\" content=\"image\/gif\" \/>\n<meta name=\"author\" content=\"hotnewsinworld\" \/>\n<meta name=\"twitter:card\" content=\"summary_large_image\" \/>\n<meta name=\"twitter:label1\" content=\"Szerz\u0151:\" \/>\n\t<meta name=\"twitter:data1\" content=\"hotnewsinworld\" \/>\n\t<meta name=\"twitter:label2\" content=\"Becs\u00fclt olvas\u00e1si id\u0151\" \/>\n\t<meta name=\"twitter:data2\" content=\"2 perc\" \/>\n<script type=\"application\/ld+json\" class=\"yoast-schema-graph\">{\"@context\":\"https:\\\/\\\/schema.org\",\"@graph\":[{\"@type\":\"Article\",\"@id\":\"https:\\\/\\\/hotnewsinworld.com\\\/hu\\\/tarlos-jovo-heten-vegre-ujraindul-a-4-6-os-villamos-de-kozben-jonnek-a-bosszuszomjas-volt-szdsz-esek\\\/#article\",\"isPartOf\":{\"@id\":\"https:\\\/\\\/hotnewsinworld.com\\\/hu\\\/tarlos-jovo-heten-vegre-ujraindul-a-4-6-os-villamos-de-kozben-jonnek-a-bosszuszomjas-volt-szdsz-esek\\\/\"},\"author\":{\"name\":\"hotnewsinworld\",\"@id\":\"https:\\\/\\\/hotnewsinworld.com\\\/hu\\\/#\\\/schema\\\/person\\\/fe61448b21c0d59086e75fcc1f9d8f6b\"},\"headline\":\"Tarl\u00f3s: j\u00f6v\u0151 h\u00e9ten v\u00e9gre \u00fajraindul a 4-6-os villamos, de k\u00f6zben j\u00f6nnek a bossz\u00faszomjas volt SZDSZ-esek\",\"datePublished\":\"2019-08-27T19:38:20+00:00\",\"dateModified\":\"2019-08-27T19:38:21+00:00\",\"mainEntityOfPage\":{\"@id\":\"https:\\\/\\\/hotnewsinworld.com\\\/hu\\\/tarlos-jovo-heten-vegre-ujraindul-a-4-6-os-villamos-de-kozben-jonnek-a-bosszuszomjas-volt-szdsz-esek\\\/\"},\"wordCount\":361,\"commentCount\":0,\"image\":{\"@id\":\"https:\\\/\\\/hotnewsinworld.com\\\/hu\\\/tarlos-jovo-heten-vegre-ujraindul-a-4-6-os-villamos-de-kozben-jonnek-a-bosszuszomjas-volt-szdsz-esek\\\/#primaryimage\"},\"thumbnailUrl\":\"https:\\\/\\\/hotnewsinworld.com\\\/hu\\\/wp-content\\\/uploads\\\/sites\\\/3\\\/2019\\\/08\\\/Tarl\u00f3s-j\u00f6v\u0151-h\u00e9ten-v\u00e9gre-\u00fajraindul-a-4-6-os-villamos-de-k\u00f6zben.gif\",\"articleSection\":[\"LEG\u00daJABB P\u00c9NZ\u00dcGYI H\u00cdREK\"],\"inLanguage\":\"hu\",\"potentialAction\":[{\"@type\":\"CommentAction\",\"name\":\"Comment\",\"target\":[\"https:\\\/\\\/hotnewsinworld.com\\\/hu\\\/tarlos-jovo-heten-vegre-ujraindul-a-4-6-os-villamos-de-kozben-jonnek-a-bosszuszomjas-volt-szdsz-esek\\\/#respond\"]}]},{\"@type\":\"WebPage\",\"@id\":\"https:\\\/\\\/hotnewsinworld.com\\\/hu\\\/tarlos-jovo-heten-vegre-ujraindul-a-4-6-os-villamos-de-kozben-jonnek-a-bosszuszomjas-volt-szdsz-esek\\\/\",\"url\":\"https:\\\/\\\/hotnewsinworld.com\\\/hu\\\/tarlos-jovo-heten-vegre-ujraindul-a-4-6-os-villamos-de-kozben-jonnek-a-bosszuszomjas-volt-szdsz-esek\\\/\",\"name\":\"Tarl\u00f3s: j\u00f6v\u0151 h\u00e9ten v\u00e9gre \u00fajraindul a 4-6-os villamos, de k\u00f6zben j\u00f6nnek a bossz\u00faszomjas volt SZDSZ-esek - Hot News in World\",\"isPartOf\":{\"@id\":\"https:\\\/\\\/hotnewsinworld.com\\\/hu\\\/#website\"},\"primaryImageOfPage\":{\"@id\":\"https:\\\/\\\/hotnewsinworld.com\\\/hu\\\/tarlos-jovo-heten-vegre-ujraindul-a-4-6-os-villamos-de-kozben-jonnek-a-bosszuszomjas-volt-szdsz-esek\\\/#primaryimage\"},\"image\":{\"@id\":\"https:\\\/\\\/hotnewsinworld.com\\\/hu\\\/tarlos-jovo-heten-vegre-ujraindul-a-4-6-os-villamos-de-kozben-jonnek-a-bosszuszomjas-volt-szdsz-esek\\\/#primaryimage\"},\"thumbnailUrl\":\"https:\\\/\\\/hotnewsinworld.com\\\/hu\\\/wp-content\\\/uploads\\\/sites\\\/3\\\/2019\\\/08\\\/Tarl\u00f3s-j\u00f6v\u0151-h\u00e9ten-v\u00e9gre-\u00fajraindul-a-4-6-os-villamos-de-k\u00f6zben.gif\",\"datePublished\":\"2019-08-27T19:38:20+00:00\",\"dateModified\":\"2019-08-27T19:38:21+00:00\",\"author\":{\"@id\":\"https:\\\/\\\/hotnewsinworld.com\\\/hu\\\/#\\\/schema\\\/person\\\/fe61448b21c0d59086e75fcc1f9d8f6b\"},\"breadcrumb\":{\"@id\":\"https:\\\/\\\/hotnewsinworld.com\\\/hu\\\/tarlos-jovo-heten-vegre-ujraindul-a-4-6-os-villamos-de-kozben-jonnek-a-bosszuszomjas-volt-szdsz-esek\\\/#breadcrumb\"},\"inLanguage\":\"hu\",\"potentialAction\":[{\"@type\":\"ReadAction\",\"target\":[\"https:\\\/\\\/hotnewsinworld.com\\\/hu\\\/tarlos-jovo-heten-vegre-ujraindul-a-4-6-os-villamos-de-kozben-jonnek-a-bosszuszomjas-volt-szdsz-esek\\\/\"]}]},{\"@type\":\"ImageObject\",\"inLanguage\":\"hu\",\"@id\":\"https:\\\/\\\/hotnewsinworld.com\\\/hu\\\/tarlos-jovo-heten-vegre-ujraindul-a-4-6-os-villamos-de-kozben-jonnek-a-bosszuszomjas-volt-szdsz-esek\\\/#primaryimage\",\"url\":\"https:\\\/\\\/hotnewsinworld.com\\\/hu\\\/wp-content\\\/uploads\\\/sites\\\/3\\\/2019\\\/08\\\/Tarl\u00f3s-j\u00f6v\u0151-h\u00e9ten-v\u00e9gre-\u00fajraindul-a-4-6-os-villamos-de-k\u00f6zben.gif\",\"contentUrl\":\"https:\\\/\\\/hotnewsinworld.com\\\/hu\\\/wp-content\\\/uploads\\\/sites\\\/3\\\/2019\\\/08\\\/Tarl\u00f3s-j\u00f6v\u0151-h\u00e9ten-v\u00e9gre-\u00fajraindul-a-4-6-os-villamos-de-k\u00f6zben.gif\",\"width\":1,\"height\":1,\"caption\":\"Tarl\u00f3s: j\u00f6v\u0151 h\u00e9ten v\u00e9gre \u00fajraindul a 4-6-os villamos, de k\u00f6zben j\u00f6nnek a bossz\u00faszomjas volt SZDSZ-esek\"},{\"@type\":\"BreadcrumbList\",\"@id\":\"https:\\\/\\\/hotnewsinworld.com\\\/hu\\\/tarlos-jovo-heten-vegre-ujraindul-a-4-6-os-villamos-de-kozben-jonnek-a-bosszuszomjas-volt-szdsz-esek\\\/#breadcrumb\",\"itemListElement\":[{\"@type\":\"ListItem\",\"position\":1,\"name\":\"\u0413\u043b\u0430\u0432\u043d\u0430\u044f \u0441\u0442\u0440\u0430\u043d\u0438\u0446\u0430\",\"item\":\"https:\\\/\\\/hotnewsinworld.com\\\/hu\\\/\"},{\"@type\":\"ListItem\",\"position\":2,\"name\":\"Tarl\u00f3s: j\u00f6v\u0151 h\u00e9ten v\u00e9gre \u00fajraindul a 4-6-os villamos, de k\u00f6zben j\u00f6nnek a bossz\u00faszomjas volt SZDSZ-esek\"}]},{\"@type\":\"WebSite\",\"@id\":\"https:\\\/\\\/hotnewsinworld.com\\\/hu\\\/#website\",\"url\":\"https:\\\/\\\/hotnewsinworld.com\\\/hu\\\/\",\"name\":\"Hot News in World\",\"description\":\"Hot News in World from Hungary\",\"potentialAction\":[{\"@type\":\"SearchAction\",\"target\":{\"@type\":\"EntryPoint\",\"urlTemplate\":\"https:\\\/\\\/hotnewsinworld.com\\\/hu\\\/?s={search_term_string}\"},\"query-input\":{\"@type\":\"PropertyValueSpecification\",\"valueRequired\":true,\"valueName\":\"search_term_string\"}}],\"inLanguage\":\"hu\"},{\"@type\":\"Person\",\"@id\":\"https:\\\/\\\/hotnewsinworld.com\\\/hu\\\/#\\\/schema\\\/person\\\/fe61448b21c0d59086e75fcc1f9d8f6b\",\"name\":\"hotnewsinworld\",\"image\":{\"@type\":\"ImageObject\",\"inLanguage\":\"hu\",\"@id\":\"https:\\\/\\\/secure.gravatar.com\\\/avatar\\\/8a09ac165600ce2e1c38fe593c63928eb1e6e7ba5c5a907d67787c41b3d00c14?s=96&d=mm&r=g\",\"url\":\"https:\\\/\\\/secure.gravatar.com\\\/avatar\\\/8a09ac165600ce2e1c38fe593c63928eb1e6e7ba5c5a907d67787c41b3d00c14?s=96&d=mm&r=g\",\"contentUrl\":\"https:\\\/\\\/secure.gravatar.com\\\/avatar\\\/8a09ac165600ce2e1c38fe593c63928eb1e6e7ba5c5a907d67787c41b3d00c14?s=96&d=mm&r=g\",\"caption\":\"hotnewsinworld\"},\"url\":\"https:\\\/\\\/hotnewsinworld.com\\\/hu\\\/author\\\/pt\\\/\"}]}<\/script>\n<!-- \/ Yoast SEO plugin. -->","yoast_head_json":{"title":"Tarl\u00f3s: j\u00f6v\u0151 h\u00e9ten v\u00e9gre \u00fajraindul a 4-6-os villamos, de k\u00f6zben j\u00f6nnek a bossz\u00faszomjas volt SZDSZ-esek - Hot News in World","robots":{"index":"index","follow":"follow","max-snippet":"max-snippet:-1","max-image-preview":"max-image-preview:large","max-video-preview":"max-video-preview:-1"},"canonical":"https:\/\/hotnewsinworld.com\/hu\/tarlos-jovo-heten-vegre-ujraindul-a-4-6-os-villamos-de-kozben-jonnek-a-bosszuszomjas-volt-szdsz-esek\/","og_locale":"hu_HU","og_type":"article","og_title":"Tarl\u00f3s: j\u00f6v\u0151 h\u00e9ten v\u00e9gre \u00fajraindul a 4-6-os villamos, de k\u00f6zben j\u00f6nnek a bossz\u00faszomjas volt SZDSZ-esek - Hot News in World","og_description":"[ad_1] 2019. augusztus 27. 21:15 &#8211; szerz\u0151: MTI J\u00f6v\u0151 h\u00e9tf\u0151t\u0151l \u00fajra teljes vonalon j\u00e1r majd a 4-es \u00e9s 6-os villamos &#8211; mondta el Budapest f\u0151polg\u00e1rmestere kedden a H\u00edr Tv Magyarorsz\u00e1g \u00e9l\u0151ben c\u00edm\u0171 m\u0171sor\u00e1ban. Tarl\u00f3s Istv\u00e1n azt k\u00f6z\u00f6lte, hogy a fel\u00faj\u00edt\u00e1sok szeptember 2-\u00e1ra befejez\u0151dnek \u00e9s a k\u00f6zleked\u00e9s zavartalanul megindul.\u00a0 A f\u0151polg\u00e1rmester eml\u00e9keztetett arra, hogy a 2010 [&hellip;]","og_url":"https:\/\/hotnewsinworld.com\/hu\/tarlos-jovo-heten-vegre-ujraindul-a-4-6-os-villamos-de-kozben-jonnek-a-bosszuszomjas-volt-szdsz-esek\/","og_site_name":"Hot News in World","article_published_time":"2019-08-27T19:38:20+00:00","article_modified_time":"2019-08-27T19:38:21+00:00","og_image":[{"width":1,"height":1,"url":"https:\/\/hotnewsinworld.com\/hu\/wp-content\/uploads\/sites\/3\/2019\/08\/Tarl\u00f3s-j\u00f6v\u0151-h\u00e9ten-v\u00e9gre-\u00fajraindul-a-4-6-os-villamos-de-k\u00f6zben.gif","type":"image\/gif"}],"author":"hotnewsinworld","twitter_card":"summary_large_image","twitter_misc":{"Szerz\u0151:":"hotnewsinworld","Becs\u00fclt olvas\u00e1si id\u0151":"2 perc"},"schema":{"@context":"https:\/\/schema.org","@graph":[{"@type":"Article","@id":"https:\/\/hotnewsinworld.com\/hu\/tarlos-jovo-heten-vegre-ujraindul-a-4-6-os-villamos-de-kozben-jonnek-a-bosszuszomjas-volt-szdsz-esek\/#article","isPartOf":{"@id":"https:\/\/hotnewsinworld.com\/hu\/tarlos-jovo-heten-vegre-ujraindul-a-4-6-os-villamos-de-kozben-jonnek-a-bosszuszomjas-volt-szdsz-esek\/"},"author":{"name":"hotnewsinworld","@id":"https:\/\/hotnewsinworld.com\/hu\/#\/schema\/person\/fe61448b21c0d59086e75fcc1f9d8f6b"},"headline":"Tarl\u00f3s: j\u00f6v\u0151 h\u00e9ten v\u00e9gre \u00fajraindul a 4-6-os villamos, de k\u00f6zben j\u00f6nnek a bossz\u00faszomjas volt SZDSZ-esek","datePublished":"2019-08-27T19:38:20+00:00","dateModified":"2019-08-27T19:38:21+00:00","mainEntityOfPage":{"@id":"https:\/\/hotnewsinworld.com\/hu\/tarlos-jovo-heten-vegre-ujraindul-a-4-6-os-villamos-de-kozben-jonnek-a-bosszuszomjas-volt-szdsz-esek\/"},"wordCount":361,"commentCount":0,"image":{"@id":"https:\/\/hotnewsinworld.com\/hu\/tarlos-jovo-heten-vegre-ujraindul-a-4-6-os-villamos-de-kozben-jonnek-a-bosszuszomjas-volt-szdsz-esek\/#primaryimage"},"thumbnailUrl":"https:\/\/hotnewsinworld.com\/hu\/wp-content\/uploads\/sites\/3\/2019\/08\/Tarl\u00f3s-j\u00f6v\u0151-h\u00e9ten-v\u00e9gre-\u00fajraindul-a-4-6-os-villamos-de-k\u00f6zben.gif","articleSection":["LEG\u00daJABB P\u00c9NZ\u00dcGYI H\u00cdREK"],"inLanguage":"hu","potentialAction":[{"@type":"CommentAction","name":"Comment","target":["https:\/\/hotnewsinworld.com\/hu\/tarlos-jovo-heten-vegre-ujraindul-a-4-6-os-villamos-de-kozben-jonnek-a-bosszuszomjas-volt-szdsz-esek\/#respond"]}]},{"@type":"WebPage","@id":"https:\/\/hotnewsinworld.com\/hu\/tarlos-jovo-heten-vegre-ujraindul-a-4-6-os-villamos-de-kozben-jonnek-a-bosszuszomjas-volt-szdsz-esek\/","url":"https:\/\/hotnewsinworld.com\/hu\/tarlos-jovo-heten-vegre-ujraindul-a-4-6-os-villamos-de-kozben-jonnek-a-bosszuszomjas-volt-szdsz-esek\/","name":"Tarl\u00f3s: j\u00f6v\u0151 h\u00e9ten v\u00e9gre \u00fajraindul a 4-6-os villamos, de k\u00f6zben j\u00f6nnek a bossz\u00faszomjas volt SZDSZ-esek - Hot News in World","isPartOf":{"@id":"https:\/\/hotnewsinworld.com\/hu\/#website"},"primaryImageOfPage":{"@id":"https:\/\/hotnewsinworld.com\/hu\/tarlos-jovo-heten-vegre-ujraindul-a-4-6-os-villamos-de-kozben-jonnek-a-bosszuszomjas-volt-szdsz-esek\/#primaryimage"},"image":{"@id":"https:\/\/hotnewsinworld.com\/hu\/tarlos-jovo-heten-vegre-ujraindul-a-4-6-os-villamos-de-kozben-jonnek-a-bosszuszomjas-volt-szdsz-esek\/#primaryimage"},"thumbnailUrl":"https:\/\/hotnewsinworld.com\/hu\/wp-content\/uploads\/sites\/3\/2019\/08\/Tarl\u00f3s-j\u00f6v\u0151-h\u00e9ten-v\u00e9gre-\u00fajraindul-a-4-6-os-villamos-de-k\u00f6zben.gif","datePublished":"2019-08-27T19:38:20+00:00","dateModified":"2019-08-27T19:38:21+00:00","author":{"@id":"https:\/\/hotnewsinworld.com\/hu\/#\/schema\/person\/fe61448b21c0d59086e75fcc1f9d8f6b"},"breadcrumb":{"@id":"https:\/\/hotnewsinworld.com\/hu\/tarlos-jovo-heten-vegre-ujraindul-a-4-6-os-villamos-de-kozben-jonnek-a-bosszuszomjas-volt-szdsz-esek\/#breadcrumb"},"inLanguage":"hu","potentialAction":[{"@type":"ReadAction","target":["https:\/\/hotnewsinworld.com\/hu\/tarlos-jovo-heten-vegre-ujraindul-a-4-6-os-villamos-de-kozben-jonnek-a-bosszuszomjas-volt-szdsz-esek\/"]}]},{"@type":"ImageObject","inLanguage":"hu","@id":"https:\/\/hotnewsinworld.com\/hu\/tarlos-jovo-heten-vegre-ujraindul-a-4-6-os-villamos-de-kozben-jonnek-a-bosszuszomjas-volt-szdsz-esek\/#primaryimage","url":"https:\/\/hotnewsinworld.com\/hu\/wp-content\/uploads\/sites\/3\/2019\/08\/Tarl\u00f3s-j\u00f6v\u0151-h\u00e9ten-v\u00e9gre-\u00fajraindul-a-4-6-os-villamos-de-k\u00f6zben.gif","contentUrl":"https:\/\/hotnewsinworld.com\/hu\/wp-content\/uploads\/sites\/3\/2019\/08\/Tarl\u00f3s-j\u00f6v\u0151-h\u00e9ten-v\u00e9gre-\u00fajraindul-a-4-6-os-villamos-de-k\u00f6zben.gif","width":1,"height":1,"caption":"Tarl\u00f3s: j\u00f6v\u0151 h\u00e9ten v\u00e9gre \u00fajraindul a 4-6-os villamos, de k\u00f6zben j\u00f6nnek a bossz\u00faszomjas volt SZDSZ-esek"},{"@type":"BreadcrumbList","@id":"https:\/\/hotnewsinworld.com\/hu\/tarlos-jovo-heten-vegre-ujraindul-a-4-6-os-villamos-de-kozben-jonnek-a-bosszuszomjas-volt-szdsz-esek\/#breadcrumb","itemListElement":[{"@type":"ListItem","position":1,"name":"\u0413\u043b\u0430\u0432\u043d\u0430\u044f \u0441\u0442\u0440\u0430\u043d\u0438\u0446\u0430","item":"https:\/\/hotnewsinworld.com\/hu\/"},{"@type":"ListItem","position":2,"name":"Tarl\u00f3s: j\u00f6v\u0151 h\u00e9ten v\u00e9gre \u00fajraindul a 4-6-os villamos, de k\u00f6zben j\u00f6nnek a bossz\u00faszomjas volt SZDSZ-esek"}]},{"@type":"WebSite","@id":"https:\/\/hotnewsinworld.com\/hu\/#website","url":"https:\/\/hotnewsinworld.com\/hu\/","name":"Hot News in World","description":"Hot News in World from Hungary","potentialAction":[{"@type":"SearchAction","target":{"@type":"EntryPoint","urlTemplate":"https:\/\/hotnewsinworld.com\/hu\/?s={search_term_string}"},"query-input":{"@type":"PropertyValueSpecification","valueRequired":true,"valueName":"search_term_string"}}],"inLanguage":"hu"},{"@type":"Person","@id":"https:\/\/hotnewsinworld.com\/hu\/#\/schema\/person\/fe61448b21c0d59086e75fcc1f9d8f6b","name":"hotnewsinworld","image":{"@type":"ImageObject","inLanguage":"hu","@id":"https:\/\/secure.gravatar.com\/avatar\/8a09ac165600ce2e1c38fe593c63928eb1e6e7ba5c5a907d67787c41b3d00c14?s=96&d=mm&r=g","url":"https:\/\/secure.gravatar.com\/avatar\/8a09ac165600ce2e1c38fe593c63928eb1e6e7ba5c5a907d67787c41b3d00c14?s=96&d=mm&r=g","contentUrl":"https:\/\/secure.gravatar.com\/avatar\/8a09ac165600ce2e1c38fe593c63928eb1e6e7ba5c5a907d67787c41b3d00c14?s=96&d=mm&r=g","caption":"hotnewsinworld"},"url":"https:\/\/hotnewsinworld.com\/hu\/author\/pt\/"}]}},"_links":{"self":[{"href":"https:\/\/hotnewsinworld.com\/hu\/wp-json\/wp\/v2\/posts\/1290","targetHints":{"allow":["GET"]}}],"collection":[{"href":"https:\/\/hotnewsinworld.com\/hu\/wp-json\/wp\/v2\/posts"}],"about":[{"href":"https:\/\/hotnewsinworld.com\/hu\/wp-json\/wp\/v2\/types\/post"}],"author":[{"embeddable":true,"href":"https:\/\/hotnewsinworld.com\/hu\/wp-json\/wp\/v2\/users\/2"}],"replies":[{"embeddable":true,"href":"https:\/\/hotnewsinworld.com\/hu\/wp-json\/wp\/v2\/comments?post=1290"}],"version-history":[{"count":1,"href":"https:\/\/hotnewsinworld.com\/hu\/wp-json\/wp\/v2\/posts\/1290\/revisions"}],"predecessor-version":[{"id":1292,"href":"https:\/\/hotnewsinworld.com\/hu\/wp-json\/wp\/v2\/posts\/1290\/revisions\/1292"}],"wp:featuredmedia":[{"embeddable":true,"href":"https:\/\/hotnewsinworld.com\/hu\/wp-json\/wp\/v2\/media\/1291"}],"wp:attachment":[{"href":"https:\/\/hotnewsinworld.com\/hu\/wp-json\/wp\/v2\/media?parent=1290"}],"wp:term":[{"taxonomy":"category","embeddable":true,"href":"https:\/\/hotnewsinworld.com\/hu\/wp-json\/wp\/v2\/categories?post=1290"},{"taxonomy":"post_tag","embeddable":true,"href":"https:\/\/hotnewsinworld.com\/hu\/wp-json\/wp\/v2\/tags?post=1290"}],"curies":[{"name":"wp","href":"https:\/\/api.w.org\/{rel}","templated":true}]}}