{"id":1313,"date":"2019-08-28T10:27:46","date_gmt":"2019-08-28T07:27:46","guid":{"rendered":"https:\/\/hotnewsinworld.com\/hu\/lemondott-fodor-gabor\/"},"modified":"2019-08-28T10:27:47","modified_gmt":"2019-08-28T07:27:47","slug":"lemondott-fodor-gabor","status":"publish","type":"post","link":"https:\/\/hotnewsinworld.com\/hu\/lemondott-fodor-gabor\/","title":{"rendered":"Lemondott Fodor G\u00e1bor"},"content":{"rendered":"<p> [ad_1]<br \/>\n<\/p>\n<div>\n<div class=\"talalat kotegTitle\">\n<p class=\"lead\">A lek\u00f6sz\u00f6n\u0151 eln\u00f6k szerint az \u00faj ellenz\u00e9ki egy\u00fcttm\u0171k\u00f6d\u00e9sben olyan vezet\u0151re van sz\u00fcks\u00e9ge a liber\u00e1lis politikai k\u00f6z\u00f6ss\u00e9gnek, akit nem terhelnek az elm\u00falt \u00e9vek vit\u00e1i.<\/p>\n<\/div>\n<div class=\"talalat contsrc_561  szurke line-with-image-container\"><span class=\"line-with-image\"><span class=\"line-with-image-inner\" style=\"background-image:url('https:\/\/stat.hirstart.hu\/image\/20190827\/4833042\/a_tortenelem_es_a_liberalizmus_legvege_fodor_gabor_lemond_a_magyar_liberalis_part_elerol-73x73-crop.jpeg');background-repeat: no-repeat; background-size: 73.00px auto; width: 73.00px; height: 73.00px\"><\/span><\/span>class=&#8221;line-title-with-image&#8221;&gt;<\/p>\n<div class=\"line-with-image-search-padding\">\n<p class=\"lead\">Az elm\u00falt f\u00e9l \u00e9vtizedet az MSZP l\u00e9legeztet\u0151g\u00e9p\u00e9n t\u00f6lt\u0151 form\u00e1ci\u00f3 alap\u00edt\u00f3-eln\u00f6ke egyetemi oktat\u00f3k\u00e9nt folytatja. Rest in piac! $<\/p>\n<\/div>\n<\/div>\n<div class=\"talalat contsrc_263  szurke line-with-image-container\"><span class=\"line-with-image\"><span class=\"line-with-image-inner\" style=\"background-image:url('https:\/\/stat.hirstart.hu\/image\/20190827\/4833075\/lemondott_fodor_gabor_a_magyar_liberalis_part_elerol-73x73-crop.jpg');background-repeat: no-repeat; background-size: 73.00px auto; width: 73.00px; height: 73.00px\"><\/span><\/span>class=&#8221;line-title-with-image&#8221;&gt;<\/p>\n<div class=\"line-with-image-search-padding\">\n<p class=\"lead\">Tervei szerint \u00fajra egyetemi oktat\u00f3k\u00e9nt folytatja p\u00e1ly\u00e1j\u00e1t, \u00e9s megalap\u00edt egy int\u00e9zetet, mely a k\u00f6z\u00e9p-eur\u00f3pai rendszerv\u00e1lt\u00e1s t\u00f6rt\u00e9net\u00e9t dolgozza fel.<\/p>\n<\/div>\n<\/div>\n<div class=\"talalat contsrc_537  \">class=&#8221;&#8221;&gt;<\/p>\n<p class=\"lead\">Lemondott tiszts\u00e9g\u00e9r\u0151l Fodor G\u00e1bor a Magyar Liber\u00e1lis P\u00e1rt eln\u00f6ke. A politikus d\u00f6nt\u00e9s\u00e9t \u2013 egyebek mellett \u2013 azzal is indokolta, hogy a Fidesz olyan v\u00e1laszt\u00e1si rendszert dolgozott ki, amelyben az ellenz\u00e9ki p\u00e1rtok egym\u00e1ssal szoros sz\u00f6vets\u00e9gi rendszerben k\u00e9pesek lev\u00e1ltani a korm\u00e1nyz\u00f3p\u00e1rtot. Fodor G\u00e1bor k\u00f6zvetlen\u00fcl lemond\u00e1sa ut\u00e1n\u2026<\/p>\n<\/div>\n<div class=\"talalat contsrc_1  szurke line-with-image-container\"><span class=\"line-with-image\"><span class=\"line-with-image-inner\" style=\"background-image:url('https:\/\/stat.hirstart.hu\/image\/20190827\/4833060\/fodor_gabor_lemond_a_magyar_liberalis_part_elerol_2-73x73-crop.jpg');background-repeat: no-repeat; background-size: 73.00px auto; width: 73.00px; height: 73.00px\"><\/span><\/span>class=&#8221;line-title-with-image&#8221;&gt;<\/p>\n<div class=\"line-with-image-search-padding\">\n<p class=\"lead\">Mint mondta, az \u00faj ellenz\u00e9ki egy\u00fcttm\u0171k\u00f6d\u00e9sben olyan vezet\u0151re van sz\u00fcks\u00e9ge a liber\u00e1lis politikai k\u00f6z\u00f6ss\u00e9gnek, akit nem terhelnek az elm\u00falt \u00e9vek vit\u00e1i.<\/p>\n<\/div>\n<\/div>\n<div class=\"talalat contsrc_1080  \">class=&#8221;&#8221;&gt;<\/p>\n<p class=\"lead\">L\u00e9tezik Magyarorsz\u00e1gon egy olyan p\u00e1rt, aminek \u00e9pp hogy a n\u00e9v\u00e9t ismerj\u00fck. \u0150k a Liber\u00e1lisok. Most ez a p\u00e1rt \u00fagy t\u0171nik a v\u00e9g\u00e9t j\u00e1rja. Az egyetlen ismert tagja az eln\u00f6ke aki most lemond a tiszts\u00e9g\u00e9r\u0151l. \u0150 nem m\u00e1s mint a volt Fideszes, Szdsz-es, f\u00fcggetlen majd liber\u00e1lis politikus Fodor G\u00e1bor. \u00dagy gondoljuk,&#8230;<\/p>\n<\/div>\n<div class=\"talalat contsrc_7  szurke line-with-image-container\"><span class=\"line-with-image\"><span class=\"line-with-image-inner\" style=\"background-image:url('https:\/\/stat.hirstart.hu\/image\/20190828\/4834443\/fodor_gabor_buszke_vagyok_elegedett_nem-73x73-crop.jpg');background-repeat: no-repeat; background-size: 73.00px auto; width: 73.00px; height: 73.00px\"><\/span><\/span>class=&#8221;line-title-with-image&#8221;&gt;<\/p>\n<div class=\"line-with-image-search-padding\">\n<p class=\"lead\">Fodor G\u00e1bor lemondott a Liber\u00e1lisok \u2013 Magyar Liber\u00e1lis P\u00e1rt vezet\u00e9s\u00e9r\u0151l \u00e9s napi politik\u00e1val sem akar m\u00e1r foglalkozni. A Fidesz-alap\u00edt\u00f3, aki t\u00f6bb mint harminc \u00e9ve politiz\u00e1l, azt mondta a lapunknak adott interj\u00faban: voltak rossz d\u00f6nt\u00e9sei, de olyan egy sem, amelyet ne v\u00e1llalna most is.<\/p>\n<\/div>\n<\/div>\n<\/div>\n<p><script>(function(d, s, id) {\n  var js, fjs = d.getElementsByTagName(s)[0];\n  if (d.getElementById(id)) return;\n  js = d.createElement(s); js.id = id;\n  js.src = \"http:\/\/connect.facebook.net\/hu_HU\/sdk.js#xfbml=1&version=v2.6\";\n  fjs.parentNode.insertBefore(js, fjs);\n}(document, 'script', 'facebook-jssdk'));<\/script><br \/>\n<br \/>[ad_2]<br \/>\n<br \/><a href=\"https:\/\/hirek.oldal.info\/rssclick\/14350107\">Source link <\/a><\/p>\n","protected":false},"excerpt":{"rendered":"<p>[ad_1] A lek\u00f6sz\u00f6n\u0151 eln\u00f6k szerint az \u00faj ellenz\u00e9ki egy\u00fcttm\u0171k\u00f6d\u00e9sben olyan vezet\u0151re van sz\u00fcks\u00e9ge a liber\u00e1lis politikai k\u00f6z\u00f6ss\u00e9gnek, akit nem terhelnek az elm\u00falt \u00e9vek vit\u00e1i. class=&#8221;line-title-with-image&#8221;&gt; Az elm\u00falt f\u00e9l \u00e9vtizedet az MSZP l\u00e9legeztet\u0151g\u00e9p\u00e9n t\u00f6lt\u0151 form\u00e1ci\u00f3 alap\u00edt\u00f3-eln\u00f6ke egyetemi oktat\u00f3k\u00e9nt folytatja. Rest in piac! $ class=&#8221;line-title-with-image&#8221;&gt; Tervei szerint \u00fajra egyetemi oktat\u00f3k\u00e9nt folytatja p\u00e1ly\u00e1j\u00e1t, \u00e9s megalap\u00edt egy int\u00e9zetet, mely [&hellip;]<\/p>\n","protected":false},"author":2,"featured_media":1314,"comment_status":"open","ping_status":"open","sticky":false,"template":"","format":"standard","meta":{"footnotes":""},"categories":[1],"tags":[],"class_list":["post-1313","post","type-post","status-publish","format-standard","has-post-thumbnail","hentry","category-legujabb-penzugyi-hirek"],"yoast_head":"<!-- This site is optimized with the Yoast SEO plugin v27.4 - https:\/\/yoast.com\/product\/yoast-seo-wordpress\/ -->\n<title>Lemondott Fodor G\u00e1bor - Hot News in World<\/title>\n<meta name=\"robots\" content=\"index, follow, max-snippet:-1, max-image-preview:large, max-video-preview:-1\" \/>\n<link rel=\"canonical\" href=\"https:\/\/hotnewsinworld.com\/hu\/lemondott-fodor-gabor\/\" \/>\n<meta property=\"og:locale\" content=\"hu_HU\" \/>\n<meta property=\"og:type\" content=\"article\" \/>\n<meta property=\"og:title\" content=\"Lemondott Fodor G\u00e1bor - Hot News in World\" \/>\n<meta property=\"og:description\" content=\"[ad_1] A lek\u00f6sz\u00f6n\u0151 eln\u00f6k szerint az \u00faj ellenz\u00e9ki egy\u00fcttm\u0171k\u00f6d\u00e9sben olyan vezet\u0151re van sz\u00fcks\u00e9ge a liber\u00e1lis politikai k\u00f6z\u00f6ss\u00e9gnek, akit nem terhelnek az elm\u00falt \u00e9vek vit\u00e1i. class=&#8221;line-title-with-image&#8221;&gt; Az elm\u00falt f\u00e9l \u00e9vtizedet az MSZP l\u00e9legeztet\u0151g\u00e9p\u00e9n t\u00f6lt\u0151 form\u00e1ci\u00f3 alap\u00edt\u00f3-eln\u00f6ke egyetemi oktat\u00f3k\u00e9nt folytatja. Rest in piac! $ class=&#8221;line-title-with-image&#8221;&gt; Tervei szerint \u00fajra egyetemi oktat\u00f3k\u00e9nt folytatja p\u00e1ly\u00e1j\u00e1t, \u00e9s megalap\u00edt egy int\u00e9zetet, mely [&hellip;]\" \/>\n<meta property=\"og:url\" content=\"https:\/\/hotnewsinworld.com\/hu\/lemondott-fodor-gabor\/\" \/>\n<meta property=\"og:site_name\" content=\"Hot News in World\" \/>\n<meta property=\"article:published_time\" content=\"2019-08-28T07:27:46+00:00\" \/>\n<meta property=\"article:modified_time\" content=\"2019-08-28T07:27:47+00:00\" \/>\n<meta property=\"og:image\" content=\"https:\/\/hotnewsinworld.com\/hu\/wp-content\/uploads\/sites\/3\/2019\/08\/Lemondott-Fodor-G\u00e1bor.jpg\" \/>\n\t<meta property=\"og:image:width\" content=\"600\" \/>\n\t<meta property=\"og:image:height\" content=\"315\" \/>\n\t<meta property=\"og:image:type\" content=\"image\/jpeg\" \/>\n<meta name=\"author\" content=\"hotnewsinworld\" \/>\n<meta name=\"twitter:card\" content=\"summary_large_image\" \/>\n<meta name=\"twitter:label1\" content=\"Szerz\u0151:\" \/>\n\t<meta name=\"twitter:data1\" content=\"hotnewsinworld\" \/>\n\t<meta name=\"twitter:label2\" content=\"Becs\u00fclt olvas\u00e1si id\u0151\" \/>\n\t<meta name=\"twitter:data2\" content=\"2 perc\" \/>\n<script type=\"application\/ld+json\" class=\"yoast-schema-graph\">{\"@context\":\"https:\\\/\\\/schema.org\",\"@graph\":[{\"@type\":\"Article\",\"@id\":\"https:\\\/\\\/hotnewsinworld.com\\\/hu\\\/lemondott-fodor-gabor\\\/#article\",\"isPartOf\":{\"@id\":\"https:\\\/\\\/hotnewsinworld.com\\\/hu\\\/lemondott-fodor-gabor\\\/\"},\"author\":{\"name\":\"hotnewsinworld\",\"@id\":\"https:\\\/\\\/hotnewsinworld.com\\\/hu\\\/#\\\/schema\\\/person\\\/fe61448b21c0d59086e75fcc1f9d8f6b\"},\"headline\":\"Lemondott Fodor G\u00e1bor\",\"datePublished\":\"2019-08-28T07:27:46+00:00\",\"dateModified\":\"2019-08-28T07:27:47+00:00\",\"mainEntityOfPage\":{\"@id\":\"https:\\\/\\\/hotnewsinworld.com\\\/hu\\\/lemondott-fodor-gabor\\\/\"},\"wordCount\":357,\"commentCount\":0,\"image\":{\"@id\":\"https:\\\/\\\/hotnewsinworld.com\\\/hu\\\/lemondott-fodor-gabor\\\/#primaryimage\"},\"thumbnailUrl\":\"https:\\\/\\\/hotnewsinworld.com\\\/hu\\\/wp-content\\\/uploads\\\/sites\\\/3\\\/2019\\\/08\\\/Lemondott-Fodor-G\u00e1bor.jpg\",\"articleSection\":[\"LEG\u00daJABB P\u00c9NZ\u00dcGYI H\u00cdREK\"],\"inLanguage\":\"hu\",\"potentialAction\":[{\"@type\":\"CommentAction\",\"name\":\"Comment\",\"target\":[\"https:\\\/\\\/hotnewsinworld.com\\\/hu\\\/lemondott-fodor-gabor\\\/#respond\"]}]},{\"@type\":\"WebPage\",\"@id\":\"https:\\\/\\\/hotnewsinworld.com\\\/hu\\\/lemondott-fodor-gabor\\\/\",\"url\":\"https:\\\/\\\/hotnewsinworld.com\\\/hu\\\/lemondott-fodor-gabor\\\/\",\"name\":\"Lemondott Fodor G\u00e1bor - Hot News in World\",\"isPartOf\":{\"@id\":\"https:\\\/\\\/hotnewsinworld.com\\\/hu\\\/#website\"},\"primaryImageOfPage\":{\"@id\":\"https:\\\/\\\/hotnewsinworld.com\\\/hu\\\/lemondott-fodor-gabor\\\/#primaryimage\"},\"image\":{\"@id\":\"https:\\\/\\\/hotnewsinworld.com\\\/hu\\\/lemondott-fodor-gabor\\\/#primaryimage\"},\"thumbnailUrl\":\"https:\\\/\\\/hotnewsinworld.com\\\/hu\\\/wp-content\\\/uploads\\\/sites\\\/3\\\/2019\\\/08\\\/Lemondott-Fodor-G\u00e1bor.jpg\",\"datePublished\":\"2019-08-28T07:27:46+00:00\",\"dateModified\":\"2019-08-28T07:27:47+00:00\",\"author\":{\"@id\":\"https:\\\/\\\/hotnewsinworld.com\\\/hu\\\/#\\\/schema\\\/person\\\/fe61448b21c0d59086e75fcc1f9d8f6b\"},\"breadcrumb\":{\"@id\":\"https:\\\/\\\/hotnewsinworld.com\\\/hu\\\/lemondott-fodor-gabor\\\/#breadcrumb\"},\"inLanguage\":\"hu\",\"potentialAction\":[{\"@type\":\"ReadAction\",\"target\":[\"https:\\\/\\\/hotnewsinworld.com\\\/hu\\\/lemondott-fodor-gabor\\\/\"]}]},{\"@type\":\"ImageObject\",\"inLanguage\":\"hu\",\"@id\":\"https:\\\/\\\/hotnewsinworld.com\\\/hu\\\/lemondott-fodor-gabor\\\/#primaryimage\",\"url\":\"https:\\\/\\\/hotnewsinworld.com\\\/hu\\\/wp-content\\\/uploads\\\/sites\\\/3\\\/2019\\\/08\\\/Lemondott-Fodor-G\u00e1bor.jpg\",\"contentUrl\":\"https:\\\/\\\/hotnewsinworld.com\\\/hu\\\/wp-content\\\/uploads\\\/sites\\\/3\\\/2019\\\/08\\\/Lemondott-Fodor-G\u00e1bor.jpg\",\"width\":600,\"height\":315,\"caption\":\"Lemondott Fodor G\u00e1bor\"},{\"@type\":\"BreadcrumbList\",\"@id\":\"https:\\\/\\\/hotnewsinworld.com\\\/hu\\\/lemondott-fodor-gabor\\\/#breadcrumb\",\"itemListElement\":[{\"@type\":\"ListItem\",\"position\":1,\"name\":\"\u0413\u043b\u0430\u0432\u043d\u0430\u044f \u0441\u0442\u0440\u0430\u043d\u0438\u0446\u0430\",\"item\":\"https:\\\/\\\/hotnewsinworld.com\\\/hu\\\/\"},{\"@type\":\"ListItem\",\"position\":2,\"name\":\"Lemondott Fodor G\u00e1bor\"}]},{\"@type\":\"WebSite\",\"@id\":\"https:\\\/\\\/hotnewsinworld.com\\\/hu\\\/#website\",\"url\":\"https:\\\/\\\/hotnewsinworld.com\\\/hu\\\/\",\"name\":\"Hot News in World\",\"description\":\"Hot News in World from Hungary\",\"potentialAction\":[{\"@type\":\"SearchAction\",\"target\":{\"@type\":\"EntryPoint\",\"urlTemplate\":\"https:\\\/\\\/hotnewsinworld.com\\\/hu\\\/?s={search_term_string}\"},\"query-input\":{\"@type\":\"PropertyValueSpecification\",\"valueRequired\":true,\"valueName\":\"search_term_string\"}}],\"inLanguage\":\"hu\"},{\"@type\":\"Person\",\"@id\":\"https:\\\/\\\/hotnewsinworld.com\\\/hu\\\/#\\\/schema\\\/person\\\/fe61448b21c0d59086e75fcc1f9d8f6b\",\"name\":\"hotnewsinworld\",\"image\":{\"@type\":\"ImageObject\",\"inLanguage\":\"hu\",\"@id\":\"https:\\\/\\\/secure.gravatar.com\\\/avatar\\\/8a09ac165600ce2e1c38fe593c63928eb1e6e7ba5c5a907d67787c41b3d00c14?s=96&d=mm&r=g\",\"url\":\"https:\\\/\\\/secure.gravatar.com\\\/avatar\\\/8a09ac165600ce2e1c38fe593c63928eb1e6e7ba5c5a907d67787c41b3d00c14?s=96&d=mm&r=g\",\"contentUrl\":\"https:\\\/\\\/secure.gravatar.com\\\/avatar\\\/8a09ac165600ce2e1c38fe593c63928eb1e6e7ba5c5a907d67787c41b3d00c14?s=96&d=mm&r=g\",\"caption\":\"hotnewsinworld\"},\"url\":\"https:\\\/\\\/hotnewsinworld.com\\\/hu\\\/author\\\/pt\\\/\"}]}<\/script>\n<!-- \/ Yoast SEO plugin. -->","yoast_head_json":{"title":"Lemondott Fodor G\u00e1bor - Hot News in World","robots":{"index":"index","follow":"follow","max-snippet":"max-snippet:-1","max-image-preview":"max-image-preview:large","max-video-preview":"max-video-preview:-1"},"canonical":"https:\/\/hotnewsinworld.com\/hu\/lemondott-fodor-gabor\/","og_locale":"hu_HU","og_type":"article","og_title":"Lemondott Fodor G\u00e1bor - Hot News in World","og_description":"[ad_1] A lek\u00f6sz\u00f6n\u0151 eln\u00f6k szerint az \u00faj ellenz\u00e9ki egy\u00fcttm\u0171k\u00f6d\u00e9sben olyan vezet\u0151re van sz\u00fcks\u00e9ge a liber\u00e1lis politikai k\u00f6z\u00f6ss\u00e9gnek, akit nem terhelnek az elm\u00falt \u00e9vek vit\u00e1i. class=&#8221;line-title-with-image&#8221;&gt; Az elm\u00falt f\u00e9l \u00e9vtizedet az MSZP l\u00e9legeztet\u0151g\u00e9p\u00e9n t\u00f6lt\u0151 form\u00e1ci\u00f3 alap\u00edt\u00f3-eln\u00f6ke egyetemi oktat\u00f3k\u00e9nt folytatja. Rest in piac! $ class=&#8221;line-title-with-image&#8221;&gt; Tervei szerint \u00fajra egyetemi oktat\u00f3k\u00e9nt folytatja p\u00e1ly\u00e1j\u00e1t, \u00e9s megalap\u00edt egy int\u00e9zetet, mely [&hellip;]","og_url":"https:\/\/hotnewsinworld.com\/hu\/lemondott-fodor-gabor\/","og_site_name":"Hot News in World","article_published_time":"2019-08-28T07:27:46+00:00","article_modified_time":"2019-08-28T07:27:47+00:00","og_image":[{"width":600,"height":315,"url":"https:\/\/hotnewsinworld.com\/hu\/wp-content\/uploads\/sites\/3\/2019\/08\/Lemondott-Fodor-G\u00e1bor.jpg","type":"image\/jpeg"}],"author":"hotnewsinworld","twitter_card":"summary_large_image","twitter_misc":{"Szerz\u0151:":"hotnewsinworld","Becs\u00fclt olvas\u00e1si id\u0151":"2 perc"},"schema":{"@context":"https:\/\/schema.org","@graph":[{"@type":"Article","@id":"https:\/\/hotnewsinworld.com\/hu\/lemondott-fodor-gabor\/#article","isPartOf":{"@id":"https:\/\/hotnewsinworld.com\/hu\/lemondott-fodor-gabor\/"},"author":{"name":"hotnewsinworld","@id":"https:\/\/hotnewsinworld.com\/hu\/#\/schema\/person\/fe61448b21c0d59086e75fcc1f9d8f6b"},"headline":"Lemondott Fodor G\u00e1bor","datePublished":"2019-08-28T07:27:46+00:00","dateModified":"2019-08-28T07:27:47+00:00","mainEntityOfPage":{"@id":"https:\/\/hotnewsinworld.com\/hu\/lemondott-fodor-gabor\/"},"wordCount":357,"commentCount":0,"image":{"@id":"https:\/\/hotnewsinworld.com\/hu\/lemondott-fodor-gabor\/#primaryimage"},"thumbnailUrl":"https:\/\/hotnewsinworld.com\/hu\/wp-content\/uploads\/sites\/3\/2019\/08\/Lemondott-Fodor-G\u00e1bor.jpg","articleSection":["LEG\u00daJABB P\u00c9NZ\u00dcGYI H\u00cdREK"],"inLanguage":"hu","potentialAction":[{"@type":"CommentAction","name":"Comment","target":["https:\/\/hotnewsinworld.com\/hu\/lemondott-fodor-gabor\/#respond"]}]},{"@type":"WebPage","@id":"https:\/\/hotnewsinworld.com\/hu\/lemondott-fodor-gabor\/","url":"https:\/\/hotnewsinworld.com\/hu\/lemondott-fodor-gabor\/","name":"Lemondott Fodor G\u00e1bor - Hot News in World","isPartOf":{"@id":"https:\/\/hotnewsinworld.com\/hu\/#website"},"primaryImageOfPage":{"@id":"https:\/\/hotnewsinworld.com\/hu\/lemondott-fodor-gabor\/#primaryimage"},"image":{"@id":"https:\/\/hotnewsinworld.com\/hu\/lemondott-fodor-gabor\/#primaryimage"},"thumbnailUrl":"https:\/\/hotnewsinworld.com\/hu\/wp-content\/uploads\/sites\/3\/2019\/08\/Lemondott-Fodor-G\u00e1bor.jpg","datePublished":"2019-08-28T07:27:46+00:00","dateModified":"2019-08-28T07:27:47+00:00","author":{"@id":"https:\/\/hotnewsinworld.com\/hu\/#\/schema\/person\/fe61448b21c0d59086e75fcc1f9d8f6b"},"breadcrumb":{"@id":"https:\/\/hotnewsinworld.com\/hu\/lemondott-fodor-gabor\/#breadcrumb"},"inLanguage":"hu","potentialAction":[{"@type":"ReadAction","target":["https:\/\/hotnewsinworld.com\/hu\/lemondott-fodor-gabor\/"]}]},{"@type":"ImageObject","inLanguage":"hu","@id":"https:\/\/hotnewsinworld.com\/hu\/lemondott-fodor-gabor\/#primaryimage","url":"https:\/\/hotnewsinworld.com\/hu\/wp-content\/uploads\/sites\/3\/2019\/08\/Lemondott-Fodor-G\u00e1bor.jpg","contentUrl":"https:\/\/hotnewsinworld.com\/hu\/wp-content\/uploads\/sites\/3\/2019\/08\/Lemondott-Fodor-G\u00e1bor.jpg","width":600,"height":315,"caption":"Lemondott Fodor G\u00e1bor"},{"@type":"BreadcrumbList","@id":"https:\/\/hotnewsinworld.com\/hu\/lemondott-fodor-gabor\/#breadcrumb","itemListElement":[{"@type":"ListItem","position":1,"name":"\u0413\u043b\u0430\u0432\u043d\u0430\u044f \u0441\u0442\u0440\u0430\u043d\u0438\u0446\u0430","item":"https:\/\/hotnewsinworld.com\/hu\/"},{"@type":"ListItem","position":2,"name":"Lemondott Fodor G\u00e1bor"}]},{"@type":"WebSite","@id":"https:\/\/hotnewsinworld.com\/hu\/#website","url":"https:\/\/hotnewsinworld.com\/hu\/","name":"Hot News in World","description":"Hot News in World from Hungary","potentialAction":[{"@type":"SearchAction","target":{"@type":"EntryPoint","urlTemplate":"https:\/\/hotnewsinworld.com\/hu\/?s={search_term_string}"},"query-input":{"@type":"PropertyValueSpecification","valueRequired":true,"valueName":"search_term_string"}}],"inLanguage":"hu"},{"@type":"Person","@id":"https:\/\/hotnewsinworld.com\/hu\/#\/schema\/person\/fe61448b21c0d59086e75fcc1f9d8f6b","name":"hotnewsinworld","image":{"@type":"ImageObject","inLanguage":"hu","@id":"https:\/\/secure.gravatar.com\/avatar\/8a09ac165600ce2e1c38fe593c63928eb1e6e7ba5c5a907d67787c41b3d00c14?s=96&d=mm&r=g","url":"https:\/\/secure.gravatar.com\/avatar\/8a09ac165600ce2e1c38fe593c63928eb1e6e7ba5c5a907d67787c41b3d00c14?s=96&d=mm&r=g","contentUrl":"https:\/\/secure.gravatar.com\/avatar\/8a09ac165600ce2e1c38fe593c63928eb1e6e7ba5c5a907d67787c41b3d00c14?s=96&d=mm&r=g","caption":"hotnewsinworld"},"url":"https:\/\/hotnewsinworld.com\/hu\/author\/pt\/"}]}},"_links":{"self":[{"href":"https:\/\/hotnewsinworld.com\/hu\/wp-json\/wp\/v2\/posts\/1313","targetHints":{"allow":["GET"]}}],"collection":[{"href":"https:\/\/hotnewsinworld.com\/hu\/wp-json\/wp\/v2\/posts"}],"about":[{"href":"https:\/\/hotnewsinworld.com\/hu\/wp-json\/wp\/v2\/types\/post"}],"author":[{"embeddable":true,"href":"https:\/\/hotnewsinworld.com\/hu\/wp-json\/wp\/v2\/users\/2"}],"replies":[{"embeddable":true,"href":"https:\/\/hotnewsinworld.com\/hu\/wp-json\/wp\/v2\/comments?post=1313"}],"version-history":[{"count":1,"href":"https:\/\/hotnewsinworld.com\/hu\/wp-json\/wp\/v2\/posts\/1313\/revisions"}],"predecessor-version":[{"id":1315,"href":"https:\/\/hotnewsinworld.com\/hu\/wp-json\/wp\/v2\/posts\/1313\/revisions\/1315"}],"wp:featuredmedia":[{"embeddable":true,"href":"https:\/\/hotnewsinworld.com\/hu\/wp-json\/wp\/v2\/media\/1314"}],"wp:attachment":[{"href":"https:\/\/hotnewsinworld.com\/hu\/wp-json\/wp\/v2\/media?parent=1313"}],"wp:term":[{"taxonomy":"category","embeddable":true,"href":"https:\/\/hotnewsinworld.com\/hu\/wp-json\/wp\/v2\/categories?post=1313"},{"taxonomy":"post_tag","embeddable":true,"href":"https:\/\/hotnewsinworld.com\/hu\/wp-json\/wp\/v2\/tags?post=1313"}],"curies":[{"name":"wp","href":"https:\/\/api.w.org\/{rel}","templated":true}]}}