{"id":1324,"date":"2019-08-28T17:26:15","date_gmt":"2019-08-28T14:26:15","guid":{"rendered":"https:\/\/hotnewsinworld.com\/hu\/minden-fidesz-kdnp-jelolt-osszegyujtotte-az-ajanlasokat-budapesten\/"},"modified":"2019-08-28T17:26:16","modified_gmt":"2019-08-28T14:26:16","slug":"minden-fidesz-kdnp-jelolt-osszegyujtotte-az-ajanlasokat-budapesten","status":"publish","type":"post","link":"https:\/\/hotnewsinworld.com\/hu\/minden-fidesz-kdnp-jelolt-osszegyujtotte-az-ajanlasokat-budapesten\/","title":{"rendered":"Minden Fidesz-KDNP-jel\u00f6lt \u00f6sszegy\u0171jt\u00f6tte az aj\u00e1nl\u00e1sokat Budapesten"},"content":{"rendered":"<p> [ad_1]<br \/>\n<\/p>\n<p>2019.08.28. 15:47<\/p>\n<div>\n                                                                                                <span class=\"high-lite\"><br \/>\n                                        Valamennyi Fidesz-KDNP-s polg\u00e1rmester- \u00e9s k\u00e9pvisel\u0151jel\u00f6lt \u00f6sszegy\u0171jt\u00f6tte az indul\u00e1shoz sz\u00fcks\u00e9ges al\u00e1\u00edr\u00e1sokat Budapesten.                                    <\/span> <\/p>\n<div id=\"st\">\n<p>Budapesten minden Fidesz-KDNP-s polg\u00e1rmester- \u00e9s k\u00e9pvisel\u0151jel\u00f6lt \u00f6sszegy\u0171jt\u00f6tte az indul\u00e1shoz sz\u00fcks\u00e9ges al\u00e1\u00edr\u00e1sokat.<\/p>\n<p>A f\u0151v\u00e1rosban els\u0151k\u00e9nt Tarl\u00f3s Istv\u00e1n, a korm\u00e1nyp\u00e1rtok \u00e1ltal t\u00e1mogatott f\u0151polg\u00e1rmester-jel\u00f6lt szerezte meg az el\u0151\u00edrt sz\u00e1m\u00fa aj\u00e1nl\u00e1st, a v\u00e1rosvezet\u0151t szerd\u00e1n nyilv\u00e1ntart\u00e1sba vette a F\u0151v\u00e1rosi V\u00e1laszt\u00e1si Bizotts\u00e1g.<\/p>\n<p>A Fidesz budapesti aktivist\u00e1i a tov\u00e1bbiakban is gy\u0171jtik a t\u00e1mogat\u00f3 al\u00e1\u00edr\u00e1sokat \u2013 \u00e1ll a nagyobbik korm\u00e1nyp\u00e1rt k\u00f6zlem\u00e9ny\u00e9ben.<\/p>\n<\/p><\/div>\n<\/p><\/div>\n<p><script>\n    window.fbAsyncInit = function() {\n        FB.init({\n            appId      : \"1473970872899631\",\n            xfbml      : true,\n            version    : \"v2.12\"\n        });\n        FB.AppEvents.logPageView();\n    };<\/p>\n<p>    (function(d, s, id){\n        var js, fjs = d.getElementsByTagName(s)[0];\n        if (d.getElementById(id)) {return;}\n        js = d.createElement(s); js.id = id;\n        js.src = \"http:\/\/connect.facebook.net\/hu_HU\/sdk.js\";\n        fjs.parentNode.insertBefore(js, fjs);\n    }(document, \"script\", \"facebook-jssdk\"));\n<\/script><script> !function (f, b, e, v, n, t, s) {\n        if (f.fbq)\n            return;\n        n = f.fbq = function () {\n            n.callMethod ? n.callMethod.apply(n, arguments) : n.queue.push(arguments)\n        };\n        if (!f._fbq)\n            f._fbq = n;\n        n.push = n;\n        n.loaded = !0;\n        n.version = '2.0';\n        n.queue = [];\n        t = b.createElement(e);\n        t.async = !0;\n        t.src = v;\n        s = b.getElementsByTagName(e)[0];\n        s.parentNode.insertBefore(t, s)\n    }(window, document, 'script', 'https:\/\/connect.facebook.net\/en_US\/fbevents.js');\n    fbq('init', '609070165954492');\n    fbq('track', 'PageView');<\/script><script>  window.fbAsyncInit = function () {\n        FB.init({appId: '917862651618596', xfbml: true, version: 'v2.4'});\n    };\n    (function (d, s, id) {\n        var js, fjs = d.getElementsByTagName(s)[0];\n        if (d.getElementById(id))\n            return;\n        js = d.createElement(s);\n        js.id = id;\n        js.src = \"http:\/\/connect.facebook.net\/hu_HU\/all.js#xfbml=1\";\n        fjs.parentNode.insertBefore(js, fjs);\n    }(document, 'script', 'facebook-jssdk'));<\/script><br \/>\n<br \/>[ad_2]<br \/>\n<br \/><a href=\"https:\/\/hirek.oldal.info\/rssclick\/14351419\">Source link <\/a><\/p>\n","protected":false},"excerpt":{"rendered":"<p>[ad_1] 2019.08.28. 15:47 Valamennyi Fidesz-KDNP-s polg\u00e1rmester- \u00e9s k\u00e9pvisel\u0151jel\u00f6lt \u00f6sszegy\u0171jt\u00f6tte az indul\u00e1shoz sz\u00fcks\u00e9ges al\u00e1\u00edr\u00e1sokat Budapesten. Budapesten minden Fidesz-KDNP-s polg\u00e1rmester- \u00e9s k\u00e9pvisel\u0151jel\u00f6lt \u00f6sszegy\u0171jt\u00f6tte az indul\u00e1shoz sz\u00fcks\u00e9ges al\u00e1\u00edr\u00e1sokat. A f\u0151v\u00e1rosban els\u0151k\u00e9nt Tarl\u00f3s Istv\u00e1n, a korm\u00e1nyp\u00e1rtok \u00e1ltal t\u00e1mogatott f\u0151polg\u00e1rmester-jel\u00f6lt szerezte meg az el\u0151\u00edrt sz\u00e1m\u00fa aj\u00e1nl\u00e1st, a v\u00e1rosvezet\u0151t szerd\u00e1n nyilv\u00e1ntart\u00e1sba vette a F\u0151v\u00e1rosi V\u00e1laszt\u00e1si Bizotts\u00e1g. A Fidesz budapesti aktivist\u00e1i a [&hellip;]<\/p>\n","protected":false},"author":2,"featured_media":1325,"comment_status":"open","ping_status":"open","sticky":false,"template":"","format":"standard","meta":{"footnotes":""},"categories":[1],"tags":[],"class_list":["post-1324","post","type-post","status-publish","format-standard","has-post-thumbnail","hentry","category-legujabb-penzugyi-hirek"],"yoast_head":"<!-- This site is optimized with the Yoast SEO plugin v27.4 - https:\/\/yoast.com\/product\/yoast-seo-wordpress\/ -->\n<title>Minden Fidesz-KDNP-jel\u00f6lt \u00f6sszegy\u0171jt\u00f6tte az aj\u00e1nl\u00e1sokat Budapesten - Hot News in World<\/title>\n<meta name=\"robots\" content=\"index, follow, max-snippet:-1, max-image-preview:large, max-video-preview:-1\" \/>\n<link rel=\"canonical\" href=\"https:\/\/hotnewsinworld.com\/hu\/minden-fidesz-kdnp-jelolt-osszegyujtotte-az-ajanlasokat-budapesten\/\" \/>\n<meta property=\"og:locale\" content=\"hu_HU\" \/>\n<meta property=\"og:type\" content=\"article\" \/>\n<meta property=\"og:title\" content=\"Minden Fidesz-KDNP-jel\u00f6lt \u00f6sszegy\u0171jt\u00f6tte az aj\u00e1nl\u00e1sokat Budapesten - Hot News in World\" \/>\n<meta property=\"og:description\" content=\"[ad_1] 2019.08.28. 15:47 Valamennyi Fidesz-KDNP-s polg\u00e1rmester- \u00e9s k\u00e9pvisel\u0151jel\u00f6lt \u00f6sszegy\u0171jt\u00f6tte az indul\u00e1shoz sz\u00fcks\u00e9ges al\u00e1\u00edr\u00e1sokat Budapesten. Budapesten minden Fidesz-KDNP-s polg\u00e1rmester- \u00e9s k\u00e9pvisel\u0151jel\u00f6lt \u00f6sszegy\u0171jt\u00f6tte az indul\u00e1shoz sz\u00fcks\u00e9ges al\u00e1\u00edr\u00e1sokat. A f\u0151v\u00e1rosban els\u0151k\u00e9nt Tarl\u00f3s Istv\u00e1n, a korm\u00e1nyp\u00e1rtok \u00e1ltal t\u00e1mogatott f\u0151polg\u00e1rmester-jel\u00f6lt szerezte meg az el\u0151\u00edrt sz\u00e1m\u00fa aj\u00e1nl\u00e1st, a v\u00e1rosvezet\u0151t szerd\u00e1n nyilv\u00e1ntart\u00e1sba vette a F\u0151v\u00e1rosi V\u00e1laszt\u00e1si Bizotts\u00e1g. A Fidesz budapesti aktivist\u00e1i a [&hellip;]\" \/>\n<meta property=\"og:url\" content=\"https:\/\/hotnewsinworld.com\/hu\/minden-fidesz-kdnp-jelolt-osszegyujtotte-az-ajanlasokat-budapesten\/\" \/>\n<meta property=\"og:site_name\" content=\"Hot News in World\" \/>\n<meta property=\"article:published_time\" content=\"2019-08-28T14:26:15+00:00\" \/>\n<meta property=\"article:modified_time\" content=\"2019-08-28T14:26:16+00:00\" \/>\n<meta property=\"og:image\" content=\"https:\/\/hotnewsinworld.com\/hu\/wp-content\/uploads\/sites\/3\/2019\/08\/Minden-Fidesz-KDNP-jel\u00f6lt-\u00f6sszegy\u0171jt\u00f6tte-az-aj\u00e1nl\u00e1sokat-Budapesten.jpg\" \/>\n\t<meta property=\"og:image:width\" content=\"768\" \/>\n\t<meta property=\"og:image:height\" content=\"511\" \/>\n\t<meta property=\"og:image:type\" content=\"image\/jpeg\" \/>\n<meta name=\"author\" content=\"hotnewsinworld\" \/>\n<meta name=\"twitter:card\" content=\"summary_large_image\" \/>\n<meta name=\"twitter:label1\" content=\"Szerz\u0151:\" \/>\n\t<meta name=\"twitter:data1\" content=\"hotnewsinworld\" \/>\n\t<meta name=\"twitter:label2\" content=\"Becs\u00fclt olvas\u00e1si id\u0151\" \/>\n\t<meta name=\"twitter:data2\" content=\"1 perc\" \/>\n<script type=\"application\/ld+json\" class=\"yoast-schema-graph\">{\"@context\":\"https:\\\/\\\/schema.org\",\"@graph\":[{\"@type\":\"Article\",\"@id\":\"https:\\\/\\\/hotnewsinworld.com\\\/hu\\\/minden-fidesz-kdnp-jelolt-osszegyujtotte-az-ajanlasokat-budapesten\\\/#article\",\"isPartOf\":{\"@id\":\"https:\\\/\\\/hotnewsinworld.com\\\/hu\\\/minden-fidesz-kdnp-jelolt-osszegyujtotte-az-ajanlasokat-budapesten\\\/\"},\"author\":{\"name\":\"hotnewsinworld\",\"@id\":\"https:\\\/\\\/hotnewsinworld.com\\\/hu\\\/#\\\/schema\\\/person\\\/fe61448b21c0d59086e75fcc1f9d8f6b\"},\"headline\":\"Minden Fidesz-KDNP-jel\u00f6lt \u00f6sszegy\u0171jt\u00f6tte az aj\u00e1nl\u00e1sokat Budapesten\",\"datePublished\":\"2019-08-28T14:26:15+00:00\",\"dateModified\":\"2019-08-28T14:26:16+00:00\",\"mainEntityOfPage\":{\"@id\":\"https:\\\/\\\/hotnewsinworld.com\\\/hu\\\/minden-fidesz-kdnp-jelolt-osszegyujtotte-az-ajanlasokat-budapesten\\\/\"},\"wordCount\":137,\"commentCount\":0,\"image\":{\"@id\":\"https:\\\/\\\/hotnewsinworld.com\\\/hu\\\/minden-fidesz-kdnp-jelolt-osszegyujtotte-az-ajanlasokat-budapesten\\\/#primaryimage\"},\"thumbnailUrl\":\"https:\\\/\\\/hotnewsinworld.com\\\/hu\\\/wp-content\\\/uploads\\\/sites\\\/3\\\/2019\\\/08\\\/Minden-Fidesz-KDNP-jel\u00f6lt-\u00f6sszegy\u0171jt\u00f6tte-az-aj\u00e1nl\u00e1sokat-Budapesten.jpg\",\"articleSection\":[\"LEG\u00daJABB P\u00c9NZ\u00dcGYI H\u00cdREK\"],\"inLanguage\":\"hu\",\"potentialAction\":[{\"@type\":\"CommentAction\",\"name\":\"Comment\",\"target\":[\"https:\\\/\\\/hotnewsinworld.com\\\/hu\\\/minden-fidesz-kdnp-jelolt-osszegyujtotte-az-ajanlasokat-budapesten\\\/#respond\"]}]},{\"@type\":\"WebPage\",\"@id\":\"https:\\\/\\\/hotnewsinworld.com\\\/hu\\\/minden-fidesz-kdnp-jelolt-osszegyujtotte-az-ajanlasokat-budapesten\\\/\",\"url\":\"https:\\\/\\\/hotnewsinworld.com\\\/hu\\\/minden-fidesz-kdnp-jelolt-osszegyujtotte-az-ajanlasokat-budapesten\\\/\",\"name\":\"Minden Fidesz-KDNP-jel\u00f6lt \u00f6sszegy\u0171jt\u00f6tte az aj\u00e1nl\u00e1sokat Budapesten - Hot News in World\",\"isPartOf\":{\"@id\":\"https:\\\/\\\/hotnewsinworld.com\\\/hu\\\/#website\"},\"primaryImageOfPage\":{\"@id\":\"https:\\\/\\\/hotnewsinworld.com\\\/hu\\\/minden-fidesz-kdnp-jelolt-osszegyujtotte-az-ajanlasokat-budapesten\\\/#primaryimage\"},\"image\":{\"@id\":\"https:\\\/\\\/hotnewsinworld.com\\\/hu\\\/minden-fidesz-kdnp-jelolt-osszegyujtotte-az-ajanlasokat-budapesten\\\/#primaryimage\"},\"thumbnailUrl\":\"https:\\\/\\\/hotnewsinworld.com\\\/hu\\\/wp-content\\\/uploads\\\/sites\\\/3\\\/2019\\\/08\\\/Minden-Fidesz-KDNP-jel\u00f6lt-\u00f6sszegy\u0171jt\u00f6tte-az-aj\u00e1nl\u00e1sokat-Budapesten.jpg\",\"datePublished\":\"2019-08-28T14:26:15+00:00\",\"dateModified\":\"2019-08-28T14:26:16+00:00\",\"author\":{\"@id\":\"https:\\\/\\\/hotnewsinworld.com\\\/hu\\\/#\\\/schema\\\/person\\\/fe61448b21c0d59086e75fcc1f9d8f6b\"},\"breadcrumb\":{\"@id\":\"https:\\\/\\\/hotnewsinworld.com\\\/hu\\\/minden-fidesz-kdnp-jelolt-osszegyujtotte-az-ajanlasokat-budapesten\\\/#breadcrumb\"},\"inLanguage\":\"hu\",\"potentialAction\":[{\"@type\":\"ReadAction\",\"target\":[\"https:\\\/\\\/hotnewsinworld.com\\\/hu\\\/minden-fidesz-kdnp-jelolt-osszegyujtotte-az-ajanlasokat-budapesten\\\/\"]}]},{\"@type\":\"ImageObject\",\"inLanguage\":\"hu\",\"@id\":\"https:\\\/\\\/hotnewsinworld.com\\\/hu\\\/minden-fidesz-kdnp-jelolt-osszegyujtotte-az-ajanlasokat-budapesten\\\/#primaryimage\",\"url\":\"https:\\\/\\\/hotnewsinworld.com\\\/hu\\\/wp-content\\\/uploads\\\/sites\\\/3\\\/2019\\\/08\\\/Minden-Fidesz-KDNP-jel\u00f6lt-\u00f6sszegy\u0171jt\u00f6tte-az-aj\u00e1nl\u00e1sokat-Budapesten.jpg\",\"contentUrl\":\"https:\\\/\\\/hotnewsinworld.com\\\/hu\\\/wp-content\\\/uploads\\\/sites\\\/3\\\/2019\\\/08\\\/Minden-Fidesz-KDNP-jel\u00f6lt-\u00f6sszegy\u0171jt\u00f6tte-az-aj\u00e1nl\u00e1sokat-Budapesten.jpg\",\"width\":768,\"height\":511,\"caption\":\"Minden Fidesz-KDNP-jel\u00f6lt \u00f6sszegy\u0171jt\u00f6tte az aj\u00e1nl\u00e1sokat Budapesten\"},{\"@type\":\"BreadcrumbList\",\"@id\":\"https:\\\/\\\/hotnewsinworld.com\\\/hu\\\/minden-fidesz-kdnp-jelolt-osszegyujtotte-az-ajanlasokat-budapesten\\\/#breadcrumb\",\"itemListElement\":[{\"@type\":\"ListItem\",\"position\":1,\"name\":\"\u0413\u043b\u0430\u0432\u043d\u0430\u044f \u0441\u0442\u0440\u0430\u043d\u0438\u0446\u0430\",\"item\":\"https:\\\/\\\/hotnewsinworld.com\\\/hu\\\/\"},{\"@type\":\"ListItem\",\"position\":2,\"name\":\"Minden Fidesz-KDNP-jel\u00f6lt \u00f6sszegy\u0171jt\u00f6tte az aj\u00e1nl\u00e1sokat Budapesten\"}]},{\"@type\":\"WebSite\",\"@id\":\"https:\\\/\\\/hotnewsinworld.com\\\/hu\\\/#website\",\"url\":\"https:\\\/\\\/hotnewsinworld.com\\\/hu\\\/\",\"name\":\"Hot News in World\",\"description\":\"Hot News in World from Hungary\",\"potentialAction\":[{\"@type\":\"SearchAction\",\"target\":{\"@type\":\"EntryPoint\",\"urlTemplate\":\"https:\\\/\\\/hotnewsinworld.com\\\/hu\\\/?s={search_term_string}\"},\"query-input\":{\"@type\":\"PropertyValueSpecification\",\"valueRequired\":true,\"valueName\":\"search_term_string\"}}],\"inLanguage\":\"hu\"},{\"@type\":\"Person\",\"@id\":\"https:\\\/\\\/hotnewsinworld.com\\\/hu\\\/#\\\/schema\\\/person\\\/fe61448b21c0d59086e75fcc1f9d8f6b\",\"name\":\"hotnewsinworld\",\"image\":{\"@type\":\"ImageObject\",\"inLanguage\":\"hu\",\"@id\":\"https:\\\/\\\/secure.gravatar.com\\\/avatar\\\/8a09ac165600ce2e1c38fe593c63928eb1e6e7ba5c5a907d67787c41b3d00c14?s=96&d=mm&r=g\",\"url\":\"https:\\\/\\\/secure.gravatar.com\\\/avatar\\\/8a09ac165600ce2e1c38fe593c63928eb1e6e7ba5c5a907d67787c41b3d00c14?s=96&d=mm&r=g\",\"contentUrl\":\"https:\\\/\\\/secure.gravatar.com\\\/avatar\\\/8a09ac165600ce2e1c38fe593c63928eb1e6e7ba5c5a907d67787c41b3d00c14?s=96&d=mm&r=g\",\"caption\":\"hotnewsinworld\"},\"url\":\"https:\\\/\\\/hotnewsinworld.com\\\/hu\\\/author\\\/pt\\\/\"}]}<\/script>\n<!-- \/ Yoast SEO plugin. -->","yoast_head_json":{"title":"Minden Fidesz-KDNP-jel\u00f6lt \u00f6sszegy\u0171jt\u00f6tte az aj\u00e1nl\u00e1sokat Budapesten - Hot News in World","robots":{"index":"index","follow":"follow","max-snippet":"max-snippet:-1","max-image-preview":"max-image-preview:large","max-video-preview":"max-video-preview:-1"},"canonical":"https:\/\/hotnewsinworld.com\/hu\/minden-fidesz-kdnp-jelolt-osszegyujtotte-az-ajanlasokat-budapesten\/","og_locale":"hu_HU","og_type":"article","og_title":"Minden Fidesz-KDNP-jel\u00f6lt \u00f6sszegy\u0171jt\u00f6tte az aj\u00e1nl\u00e1sokat Budapesten - Hot News in World","og_description":"[ad_1] 2019.08.28. 15:47 Valamennyi Fidesz-KDNP-s polg\u00e1rmester- \u00e9s k\u00e9pvisel\u0151jel\u00f6lt \u00f6sszegy\u0171jt\u00f6tte az indul\u00e1shoz sz\u00fcks\u00e9ges al\u00e1\u00edr\u00e1sokat Budapesten. Budapesten minden Fidesz-KDNP-s polg\u00e1rmester- \u00e9s k\u00e9pvisel\u0151jel\u00f6lt \u00f6sszegy\u0171jt\u00f6tte az indul\u00e1shoz sz\u00fcks\u00e9ges al\u00e1\u00edr\u00e1sokat. A f\u0151v\u00e1rosban els\u0151k\u00e9nt Tarl\u00f3s Istv\u00e1n, a korm\u00e1nyp\u00e1rtok \u00e1ltal t\u00e1mogatott f\u0151polg\u00e1rmester-jel\u00f6lt szerezte meg az el\u0151\u00edrt sz\u00e1m\u00fa aj\u00e1nl\u00e1st, a v\u00e1rosvezet\u0151t szerd\u00e1n nyilv\u00e1ntart\u00e1sba vette a F\u0151v\u00e1rosi V\u00e1laszt\u00e1si Bizotts\u00e1g. A Fidesz budapesti aktivist\u00e1i a [&hellip;]","og_url":"https:\/\/hotnewsinworld.com\/hu\/minden-fidesz-kdnp-jelolt-osszegyujtotte-az-ajanlasokat-budapesten\/","og_site_name":"Hot News in World","article_published_time":"2019-08-28T14:26:15+00:00","article_modified_time":"2019-08-28T14:26:16+00:00","og_image":[{"width":768,"height":511,"url":"https:\/\/hotnewsinworld.com\/hu\/wp-content\/uploads\/sites\/3\/2019\/08\/Minden-Fidesz-KDNP-jel\u00f6lt-\u00f6sszegy\u0171jt\u00f6tte-az-aj\u00e1nl\u00e1sokat-Budapesten.jpg","type":"image\/jpeg"}],"author":"hotnewsinworld","twitter_card":"summary_large_image","twitter_misc":{"Szerz\u0151:":"hotnewsinworld","Becs\u00fclt olvas\u00e1si id\u0151":"1 perc"},"schema":{"@context":"https:\/\/schema.org","@graph":[{"@type":"Article","@id":"https:\/\/hotnewsinworld.com\/hu\/minden-fidesz-kdnp-jelolt-osszegyujtotte-az-ajanlasokat-budapesten\/#article","isPartOf":{"@id":"https:\/\/hotnewsinworld.com\/hu\/minden-fidesz-kdnp-jelolt-osszegyujtotte-az-ajanlasokat-budapesten\/"},"author":{"name":"hotnewsinworld","@id":"https:\/\/hotnewsinworld.com\/hu\/#\/schema\/person\/fe61448b21c0d59086e75fcc1f9d8f6b"},"headline":"Minden Fidesz-KDNP-jel\u00f6lt \u00f6sszegy\u0171jt\u00f6tte az aj\u00e1nl\u00e1sokat Budapesten","datePublished":"2019-08-28T14:26:15+00:00","dateModified":"2019-08-28T14:26:16+00:00","mainEntityOfPage":{"@id":"https:\/\/hotnewsinworld.com\/hu\/minden-fidesz-kdnp-jelolt-osszegyujtotte-az-ajanlasokat-budapesten\/"},"wordCount":137,"commentCount":0,"image":{"@id":"https:\/\/hotnewsinworld.com\/hu\/minden-fidesz-kdnp-jelolt-osszegyujtotte-az-ajanlasokat-budapesten\/#primaryimage"},"thumbnailUrl":"https:\/\/hotnewsinworld.com\/hu\/wp-content\/uploads\/sites\/3\/2019\/08\/Minden-Fidesz-KDNP-jel\u00f6lt-\u00f6sszegy\u0171jt\u00f6tte-az-aj\u00e1nl\u00e1sokat-Budapesten.jpg","articleSection":["LEG\u00daJABB P\u00c9NZ\u00dcGYI H\u00cdREK"],"inLanguage":"hu","potentialAction":[{"@type":"CommentAction","name":"Comment","target":["https:\/\/hotnewsinworld.com\/hu\/minden-fidesz-kdnp-jelolt-osszegyujtotte-az-ajanlasokat-budapesten\/#respond"]}]},{"@type":"WebPage","@id":"https:\/\/hotnewsinworld.com\/hu\/minden-fidesz-kdnp-jelolt-osszegyujtotte-az-ajanlasokat-budapesten\/","url":"https:\/\/hotnewsinworld.com\/hu\/minden-fidesz-kdnp-jelolt-osszegyujtotte-az-ajanlasokat-budapesten\/","name":"Minden Fidesz-KDNP-jel\u00f6lt \u00f6sszegy\u0171jt\u00f6tte az aj\u00e1nl\u00e1sokat Budapesten - Hot News in World","isPartOf":{"@id":"https:\/\/hotnewsinworld.com\/hu\/#website"},"primaryImageOfPage":{"@id":"https:\/\/hotnewsinworld.com\/hu\/minden-fidesz-kdnp-jelolt-osszegyujtotte-az-ajanlasokat-budapesten\/#primaryimage"},"image":{"@id":"https:\/\/hotnewsinworld.com\/hu\/minden-fidesz-kdnp-jelolt-osszegyujtotte-az-ajanlasokat-budapesten\/#primaryimage"},"thumbnailUrl":"https:\/\/hotnewsinworld.com\/hu\/wp-content\/uploads\/sites\/3\/2019\/08\/Minden-Fidesz-KDNP-jel\u00f6lt-\u00f6sszegy\u0171jt\u00f6tte-az-aj\u00e1nl\u00e1sokat-Budapesten.jpg","datePublished":"2019-08-28T14:26:15+00:00","dateModified":"2019-08-28T14:26:16+00:00","author":{"@id":"https:\/\/hotnewsinworld.com\/hu\/#\/schema\/person\/fe61448b21c0d59086e75fcc1f9d8f6b"},"breadcrumb":{"@id":"https:\/\/hotnewsinworld.com\/hu\/minden-fidesz-kdnp-jelolt-osszegyujtotte-az-ajanlasokat-budapesten\/#breadcrumb"},"inLanguage":"hu","potentialAction":[{"@type":"ReadAction","target":["https:\/\/hotnewsinworld.com\/hu\/minden-fidesz-kdnp-jelolt-osszegyujtotte-az-ajanlasokat-budapesten\/"]}]},{"@type":"ImageObject","inLanguage":"hu","@id":"https:\/\/hotnewsinworld.com\/hu\/minden-fidesz-kdnp-jelolt-osszegyujtotte-az-ajanlasokat-budapesten\/#primaryimage","url":"https:\/\/hotnewsinworld.com\/hu\/wp-content\/uploads\/sites\/3\/2019\/08\/Minden-Fidesz-KDNP-jel\u00f6lt-\u00f6sszegy\u0171jt\u00f6tte-az-aj\u00e1nl\u00e1sokat-Budapesten.jpg","contentUrl":"https:\/\/hotnewsinworld.com\/hu\/wp-content\/uploads\/sites\/3\/2019\/08\/Minden-Fidesz-KDNP-jel\u00f6lt-\u00f6sszegy\u0171jt\u00f6tte-az-aj\u00e1nl\u00e1sokat-Budapesten.jpg","width":768,"height":511,"caption":"Minden Fidesz-KDNP-jel\u00f6lt \u00f6sszegy\u0171jt\u00f6tte az aj\u00e1nl\u00e1sokat Budapesten"},{"@type":"BreadcrumbList","@id":"https:\/\/hotnewsinworld.com\/hu\/minden-fidesz-kdnp-jelolt-osszegyujtotte-az-ajanlasokat-budapesten\/#breadcrumb","itemListElement":[{"@type":"ListItem","position":1,"name":"\u0413\u043b\u0430\u0432\u043d\u0430\u044f \u0441\u0442\u0440\u0430\u043d\u0438\u0446\u0430","item":"https:\/\/hotnewsinworld.com\/hu\/"},{"@type":"ListItem","position":2,"name":"Minden Fidesz-KDNP-jel\u00f6lt \u00f6sszegy\u0171jt\u00f6tte az aj\u00e1nl\u00e1sokat Budapesten"}]},{"@type":"WebSite","@id":"https:\/\/hotnewsinworld.com\/hu\/#website","url":"https:\/\/hotnewsinworld.com\/hu\/","name":"Hot News in World","description":"Hot News in World from Hungary","potentialAction":[{"@type":"SearchAction","target":{"@type":"EntryPoint","urlTemplate":"https:\/\/hotnewsinworld.com\/hu\/?s={search_term_string}"},"query-input":{"@type":"PropertyValueSpecification","valueRequired":true,"valueName":"search_term_string"}}],"inLanguage":"hu"},{"@type":"Person","@id":"https:\/\/hotnewsinworld.com\/hu\/#\/schema\/person\/fe61448b21c0d59086e75fcc1f9d8f6b","name":"hotnewsinworld","image":{"@type":"ImageObject","inLanguage":"hu","@id":"https:\/\/secure.gravatar.com\/avatar\/8a09ac165600ce2e1c38fe593c63928eb1e6e7ba5c5a907d67787c41b3d00c14?s=96&d=mm&r=g","url":"https:\/\/secure.gravatar.com\/avatar\/8a09ac165600ce2e1c38fe593c63928eb1e6e7ba5c5a907d67787c41b3d00c14?s=96&d=mm&r=g","contentUrl":"https:\/\/secure.gravatar.com\/avatar\/8a09ac165600ce2e1c38fe593c63928eb1e6e7ba5c5a907d67787c41b3d00c14?s=96&d=mm&r=g","caption":"hotnewsinworld"},"url":"https:\/\/hotnewsinworld.com\/hu\/author\/pt\/"}]}},"_links":{"self":[{"href":"https:\/\/hotnewsinworld.com\/hu\/wp-json\/wp\/v2\/posts\/1324","targetHints":{"allow":["GET"]}}],"collection":[{"href":"https:\/\/hotnewsinworld.com\/hu\/wp-json\/wp\/v2\/posts"}],"about":[{"href":"https:\/\/hotnewsinworld.com\/hu\/wp-json\/wp\/v2\/types\/post"}],"author":[{"embeddable":true,"href":"https:\/\/hotnewsinworld.com\/hu\/wp-json\/wp\/v2\/users\/2"}],"replies":[{"embeddable":true,"href":"https:\/\/hotnewsinworld.com\/hu\/wp-json\/wp\/v2\/comments?post=1324"}],"version-history":[{"count":1,"href":"https:\/\/hotnewsinworld.com\/hu\/wp-json\/wp\/v2\/posts\/1324\/revisions"}],"predecessor-version":[{"id":1326,"href":"https:\/\/hotnewsinworld.com\/hu\/wp-json\/wp\/v2\/posts\/1324\/revisions\/1326"}],"wp:featuredmedia":[{"embeddable":true,"href":"https:\/\/hotnewsinworld.com\/hu\/wp-json\/wp\/v2\/media\/1325"}],"wp:attachment":[{"href":"https:\/\/hotnewsinworld.com\/hu\/wp-json\/wp\/v2\/media?parent=1324"}],"wp:term":[{"taxonomy":"category","embeddable":true,"href":"https:\/\/hotnewsinworld.com\/hu\/wp-json\/wp\/v2\/categories?post=1324"},{"taxonomy":"post_tag","embeddable":true,"href":"https:\/\/hotnewsinworld.com\/hu\/wp-json\/wp\/v2\/tags?post=1324"}],"curies":[{"name":"wp","href":"https:\/\/api.w.org\/{rel}","templated":true}]}}