{"id":1327,"date":"2019-08-28T19:08:07","date_gmt":"2019-08-28T16:08:07","guid":{"rendered":"https:\/\/hotnewsinworld.com\/hu\/nagy-istvan-a-videkfejlesztesi-programban-bovult-az-erdotelepitesek-tamogatasa\/"},"modified":"2019-08-28T19:08:07","modified_gmt":"2019-08-28T16:08:07","slug":"nagy-istvan-a-videkfejlesztesi-programban-bovult-az-erdotelepitesek-tamogatasa","status":"publish","type":"post","link":"https:\/\/hotnewsinworld.com\/hu\/nagy-istvan-a-videkfejlesztesi-programban-bovult-az-erdotelepitesek-tamogatasa\/","title":{"rendered":"Nagy Istv\u00e1n: A Vid\u00e9kfejleszt\u00e9si programban b\u0151v\u00fclt az erd\u0151telep\u00edt\u00e9sek t\u00e1mogat\u00e1sa"},"content":{"rendered":"<p> [ad_1]<br \/>\n<\/p>\n<div>\n\t\t\t\t\tA cikk emailben t\u00f6rt\u00e9n\u0151 elk\u00fcld\u00e9s\u00e9hez kattintson ide, vagy m\u00e1solja le \u00e9s k\u00fcldje el ezt a linket: <strong>https:\/\/magyarnemzet.hu\/belfold\/nagy-istvan-a-videkfejlesztesi-programban-bovult-az-erdotelepitesek-tamogatasa-7250321\/<\/strong>\n\t\t\t\t<\/div>\n<p>\n\t\t\t\t\t<span class=\"en-article-dates-main\">2019. augusztus 28. szerda 18:00<\/span><br \/>\n\t\t\t\t\t\t\t\t\t\t\t\t\t\t\t<span class=\"en-article-dates-updated\">2019. 08. 28. 18:04<\/span>\n\t\t\t\t\t\t\t\t\t<\/p>\n<div>\n<p>\n\t\t\t\t\t\t\t\tAz erd\u0151telep\u00edt\u00e9sek \u00f6szt\u00f6nz\u00e9se \u00e9rdek\u00e9ben a Vid\u00e9kfejleszt\u00e9si programban megn\u00f6velt\u00e9k az erd\u0151telep\u00edt\u00e9shez ig\u00e9nyelhet\u0151 j\u00f6vedelemp\u00f3tl\u00f3 \u00e9s az ehhez kapcsol\u00f3d\u00f3 erd\u0151\u00e1pol\u00e1si t\u00e1mogat\u00e1sok \u00f6sszeg\u00e9t \u00e9s id\u0151tartam\u00e1t \u2013 mondta Nagy Istv\u00e1n agr\u00e1rminiszter szerd\u00e1n Budapesten sajt\u00f3t\u00e1j\u00e9koztat\u00f3n. \t\t\t\t\t\t\t<\/p>\n<p>A program \u00e1talak\u00edt\u00e1s\u00e1ra az\u00e9rt volt sz\u00fcks\u00e9g, mert \u201eaz erd\u0151gazd\u00e1lkod\u00e1s az agr\u00e1riumnak az a r\u00e9sze, amely v\u00e1laszokat k\u00edn\u00e1l a kl\u00edmav\u00e1ltoz\u00e1sra\u201d \u2013 hangs\u00falyozta a miniszter.<\/p>\n<p>Nagy Istv\u00e1n ismertette: a j\u00f6vedelemp\u00f3tl\u00f3 t\u00e1mogat\u00e1sok \u00f6sszeg\u00e9t a kor\u00e1bbi hekt\u00e1ronk\u00e9nti 172 eur\u00f3r\u00f3l 432 eur\u00f3ra emelt\u00e9k, a t\u00e1mogat\u00e1s ig\u00e9nybev\u00e9tel\u00e9nek id\u0151tartama egys\u00e9gesen, minden fafaj eset\u00e9ben 12 \u00e9vre n\u0151tt.<\/p>\n<p>Az erd\u0151telep\u00edt\u00e9si k\u00f6lts\u00e9gek t\u00e1mogat\u00e1sa \u00e1tlagosan mintegy 20 sz\u00e1zal\u00e9kkal n\u0151, a t\u00f6lgyesek telep\u00edt\u00e9se ut\u00e1n a kor\u00e1bbi 2,6 milli\u00f3 forintr\u00f3l hekt\u00e1ronk\u00e9nt k\u00f6zel 5 milli\u00f3 forintra, a nemesny\u00e1ras eset\u00e9ben 1,2-1,3 milli\u00f3 forintr\u00f3l 2,8-2,9 milli\u00f3 forintra emelkedik az ig\u00e9nyelhet\u0151 \u00f6sszeg.<\/p>\n<\/p><\/div>\n<p><script>\n    window.fbAsyncInit = function() {\n        FB.init({\n            appId      : \"397495361000984\",\n            xfbml      : true,\n            version    : \"v2.12\"\n        });\n        FB.AppEvents.logPageView();\n        jQuery(document).trigger('fbInit');\n    };<\/p>\n<p>    (function(d, s, id){\n        var js, fjs = d.getElementsByTagName(s)[0];\n        if (d.getElementById(id)) {return;}\n        js = d.createElement(s); js.id = id;\n        js.src = \"http:\/\/connect.facebook.net\/hu_HU\/sdk.js\";\n        fjs.parentNode.insertBefore(js, fjs);\n    }(document, \"script\", \"facebook-jssdk\"));\n<\/script><br \/>\n<br \/>[ad_2]<br \/>\n<br \/><a href=\"https:\/\/hirek.oldal.info\/rssclick\/14351710\">Source link <\/a><\/p>\n","protected":false},"excerpt":{"rendered":"<p>[ad_1] A cikk emailben t\u00f6rt\u00e9n\u0151 elk\u00fcld\u00e9s\u00e9hez kattintson ide, vagy m\u00e1solja le \u00e9s k\u00fcldje el ezt a linket: https:\/\/magyarnemzet.hu\/belfold\/nagy-istvan-a-videkfejlesztesi-programban-bovult-az-erdotelepitesek-tamogatasa-7250321\/ 2019. augusztus 28. szerda 18:00 2019. 08. 28. 18:04 Az erd\u0151telep\u00edt\u00e9sek \u00f6szt\u00f6nz\u00e9se \u00e9rdek\u00e9ben a Vid\u00e9kfejleszt\u00e9si programban megn\u00f6velt\u00e9k az erd\u0151telep\u00edt\u00e9shez ig\u00e9nyelhet\u0151 j\u00f6vedelemp\u00f3tl\u00f3 \u00e9s az ehhez kapcsol\u00f3d\u00f3 erd\u0151\u00e1pol\u00e1si t\u00e1mogat\u00e1sok \u00f6sszeg\u00e9t \u00e9s id\u0151tartam\u00e1t \u2013 mondta Nagy Istv\u00e1n agr\u00e1rminiszter szerd\u00e1n Budapesten [&hellip;]<\/p>\n","protected":false},"author":2,"featured_media":199,"comment_status":"open","ping_status":"open","sticky":false,"template":"","format":"standard","meta":{"footnotes":""},"categories":[1],"tags":[],"class_list":["post-1327","post","type-post","status-publish","format-standard","has-post-thumbnail","hentry","category-legujabb-penzugyi-hirek"],"yoast_head":"<!-- This site is optimized with the Yoast SEO plugin v27.4 - https:\/\/yoast.com\/product\/yoast-seo-wordpress\/ -->\n<title>Nagy Istv\u00e1n: A Vid\u00e9kfejleszt\u00e9si programban b\u0151v\u00fclt az erd\u0151telep\u00edt\u00e9sek t\u00e1mogat\u00e1sa - Hot News in World<\/title>\n<meta name=\"robots\" content=\"index, follow, max-snippet:-1, max-image-preview:large, max-video-preview:-1\" \/>\n<link rel=\"canonical\" href=\"https:\/\/hotnewsinworld.com\/hu\/nagy-istvan-a-videkfejlesztesi-programban-bovult-az-erdotelepitesek-tamogatasa\/\" \/>\n<meta property=\"og:locale\" content=\"hu_HU\" \/>\n<meta property=\"og:type\" content=\"article\" \/>\n<meta property=\"og:title\" content=\"Nagy Istv\u00e1n: A Vid\u00e9kfejleszt\u00e9si programban b\u0151v\u00fclt az erd\u0151telep\u00edt\u00e9sek t\u00e1mogat\u00e1sa - Hot News in World\" \/>\n<meta property=\"og:description\" content=\"[ad_1] A cikk emailben t\u00f6rt\u00e9n\u0151 elk\u00fcld\u00e9s\u00e9hez kattintson ide, vagy m\u00e1solja le \u00e9s k\u00fcldje el ezt a linket: https:\/\/magyarnemzet.hu\/belfold\/nagy-istvan-a-videkfejlesztesi-programban-bovult-az-erdotelepitesek-tamogatasa-7250321\/ 2019. augusztus 28. szerda 18:00 2019. 08. 28. 18:04 Az erd\u0151telep\u00edt\u00e9sek \u00f6szt\u00f6nz\u00e9se \u00e9rdek\u00e9ben a Vid\u00e9kfejleszt\u00e9si programban megn\u00f6velt\u00e9k az erd\u0151telep\u00edt\u00e9shez ig\u00e9nyelhet\u0151 j\u00f6vedelemp\u00f3tl\u00f3 \u00e9s az ehhez kapcsol\u00f3d\u00f3 erd\u0151\u00e1pol\u00e1si t\u00e1mogat\u00e1sok \u00f6sszeg\u00e9t \u00e9s id\u0151tartam\u00e1t \u2013 mondta Nagy Istv\u00e1n agr\u00e1rminiszter szerd\u00e1n Budapesten [&hellip;]\" \/>\n<meta property=\"og:url\" content=\"https:\/\/hotnewsinworld.com\/hu\/nagy-istvan-a-videkfejlesztesi-programban-bovult-az-erdotelepitesek-tamogatasa\/\" \/>\n<meta property=\"og:site_name\" content=\"Hot News in World\" \/>\n<meta property=\"article:published_time\" content=\"2019-08-28T16:08:07+00:00\" \/>\n<meta property=\"og:image\" content=\"https:\/\/hotnewsinworld.com\/hu\/wp-content\/uploads\/sites\/3\/2019\/06\/Hidv\u00e9ghi-Bal\u00e1zs-A-Fidesz-kezdem\u00e9nyezni-fogja-a-migr\u00e1nsk\u00e1rty\u00e1k-megsz\u00fcntet\u00e9s\u00e9t.png\" \/>\n\t<meta property=\"og:image:width\" content=\"1200\" \/>\n\t<meta property=\"og:image:height\" content=\"630\" \/>\n\t<meta property=\"og:image:type\" content=\"image\/png\" \/>\n<meta name=\"author\" content=\"hotnewsinworld\" \/>\n<meta name=\"twitter:card\" content=\"summary_large_image\" \/>\n<meta name=\"twitter:label1\" content=\"Szerz\u0151:\" \/>\n\t<meta name=\"twitter:data1\" content=\"hotnewsinworld\" \/>\n\t<meta name=\"twitter:label2\" content=\"Becs\u00fclt olvas\u00e1si id\u0151\" \/>\n\t<meta name=\"twitter:data2\" content=\"1 perc\" \/>\n<script type=\"application\/ld+json\" class=\"yoast-schema-graph\">{\"@context\":\"https:\\\/\\\/schema.org\",\"@graph\":[{\"@type\":\"Article\",\"@id\":\"https:\\\/\\\/hotnewsinworld.com\\\/hu\\\/nagy-istvan-a-videkfejlesztesi-programban-bovult-az-erdotelepitesek-tamogatasa\\\/#article\",\"isPartOf\":{\"@id\":\"https:\\\/\\\/hotnewsinworld.com\\\/hu\\\/nagy-istvan-a-videkfejlesztesi-programban-bovult-az-erdotelepitesek-tamogatasa\\\/\"},\"author\":{\"name\":\"hotnewsinworld\",\"@id\":\"https:\\\/\\\/hotnewsinworld.com\\\/hu\\\/#\\\/schema\\\/person\\\/fe61448b21c0d59086e75fcc1f9d8f6b\"},\"headline\":\"Nagy Istv\u00e1n: A Vid\u00e9kfejleszt\u00e9si programban b\u0151v\u00fclt az erd\u0151telep\u00edt\u00e9sek t\u00e1mogat\u00e1sa\",\"datePublished\":\"2019-08-28T16:08:07+00:00\",\"mainEntityOfPage\":{\"@id\":\"https:\\\/\\\/hotnewsinworld.com\\\/hu\\\/nagy-istvan-a-videkfejlesztesi-programban-bovult-az-erdotelepitesek-tamogatasa\\\/\"},\"wordCount\":252,\"commentCount\":0,\"image\":{\"@id\":\"https:\\\/\\\/hotnewsinworld.com\\\/hu\\\/nagy-istvan-a-videkfejlesztesi-programban-bovult-az-erdotelepitesek-tamogatasa\\\/#primaryimage\"},\"thumbnailUrl\":\"https:\\\/\\\/hotnewsinworld.com\\\/hu\\\/wp-content\\\/uploads\\\/sites\\\/3\\\/2019\\\/06\\\/Hidv\u00e9ghi-Bal\u00e1zs-A-Fidesz-kezdem\u00e9nyezni-fogja-a-migr\u00e1nsk\u00e1rty\u00e1k-megsz\u00fcntet\u00e9s\u00e9t.png\",\"articleSection\":[\"LEG\u00daJABB P\u00c9NZ\u00dcGYI H\u00cdREK\"],\"inLanguage\":\"hu\",\"potentialAction\":[{\"@type\":\"CommentAction\",\"name\":\"Comment\",\"target\":[\"https:\\\/\\\/hotnewsinworld.com\\\/hu\\\/nagy-istvan-a-videkfejlesztesi-programban-bovult-az-erdotelepitesek-tamogatasa\\\/#respond\"]}]},{\"@type\":\"WebPage\",\"@id\":\"https:\\\/\\\/hotnewsinworld.com\\\/hu\\\/nagy-istvan-a-videkfejlesztesi-programban-bovult-az-erdotelepitesek-tamogatasa\\\/\",\"url\":\"https:\\\/\\\/hotnewsinworld.com\\\/hu\\\/nagy-istvan-a-videkfejlesztesi-programban-bovult-az-erdotelepitesek-tamogatasa\\\/\",\"name\":\"Nagy Istv\u00e1n: A Vid\u00e9kfejleszt\u00e9si programban b\u0151v\u00fclt az erd\u0151telep\u00edt\u00e9sek t\u00e1mogat\u00e1sa - Hot News in World\",\"isPartOf\":{\"@id\":\"https:\\\/\\\/hotnewsinworld.com\\\/hu\\\/#website\"},\"primaryImageOfPage\":{\"@id\":\"https:\\\/\\\/hotnewsinworld.com\\\/hu\\\/nagy-istvan-a-videkfejlesztesi-programban-bovult-az-erdotelepitesek-tamogatasa\\\/#primaryimage\"},\"image\":{\"@id\":\"https:\\\/\\\/hotnewsinworld.com\\\/hu\\\/nagy-istvan-a-videkfejlesztesi-programban-bovult-az-erdotelepitesek-tamogatasa\\\/#primaryimage\"},\"thumbnailUrl\":\"https:\\\/\\\/hotnewsinworld.com\\\/hu\\\/wp-content\\\/uploads\\\/sites\\\/3\\\/2019\\\/06\\\/Hidv\u00e9ghi-Bal\u00e1zs-A-Fidesz-kezdem\u00e9nyezni-fogja-a-migr\u00e1nsk\u00e1rty\u00e1k-megsz\u00fcntet\u00e9s\u00e9t.png\",\"datePublished\":\"2019-08-28T16:08:07+00:00\",\"author\":{\"@id\":\"https:\\\/\\\/hotnewsinworld.com\\\/hu\\\/#\\\/schema\\\/person\\\/fe61448b21c0d59086e75fcc1f9d8f6b\"},\"breadcrumb\":{\"@id\":\"https:\\\/\\\/hotnewsinworld.com\\\/hu\\\/nagy-istvan-a-videkfejlesztesi-programban-bovult-az-erdotelepitesek-tamogatasa\\\/#breadcrumb\"},\"inLanguage\":\"hu\",\"potentialAction\":[{\"@type\":\"ReadAction\",\"target\":[\"https:\\\/\\\/hotnewsinworld.com\\\/hu\\\/nagy-istvan-a-videkfejlesztesi-programban-bovult-az-erdotelepitesek-tamogatasa\\\/\"]}]},{\"@type\":\"ImageObject\",\"inLanguage\":\"hu\",\"@id\":\"https:\\\/\\\/hotnewsinworld.com\\\/hu\\\/nagy-istvan-a-videkfejlesztesi-programban-bovult-az-erdotelepitesek-tamogatasa\\\/#primaryimage\",\"url\":\"https:\\\/\\\/hotnewsinworld.com\\\/hu\\\/wp-content\\\/uploads\\\/sites\\\/3\\\/2019\\\/06\\\/Hidv\u00e9ghi-Bal\u00e1zs-A-Fidesz-kezdem\u00e9nyezni-fogja-a-migr\u00e1nsk\u00e1rty\u00e1k-megsz\u00fcntet\u00e9s\u00e9t.png\",\"contentUrl\":\"https:\\\/\\\/hotnewsinworld.com\\\/hu\\\/wp-content\\\/uploads\\\/sites\\\/3\\\/2019\\\/06\\\/Hidv\u00e9ghi-Bal\u00e1zs-A-Fidesz-kezdem\u00e9nyezni-fogja-a-migr\u00e1nsk\u00e1rty\u00e1k-megsz\u00fcntet\u00e9s\u00e9t.png\",\"width\":1200,\"height\":630,\"caption\":\"Hidv\u00e9ghi Bal\u00e1zs: A Fidesz kezdem\u00e9nyezni fogja a migr\u00e1nsk\u00e1rty\u00e1k megsz\u00fcntet\u00e9s\u00e9t\"},{\"@type\":\"BreadcrumbList\",\"@id\":\"https:\\\/\\\/hotnewsinworld.com\\\/hu\\\/nagy-istvan-a-videkfejlesztesi-programban-bovult-az-erdotelepitesek-tamogatasa\\\/#breadcrumb\",\"itemListElement\":[{\"@type\":\"ListItem\",\"position\":1,\"name\":\"\u0413\u043b\u0430\u0432\u043d\u0430\u044f \u0441\u0442\u0440\u0430\u043d\u0438\u0446\u0430\",\"item\":\"https:\\\/\\\/hotnewsinworld.com\\\/hu\\\/\"},{\"@type\":\"ListItem\",\"position\":2,\"name\":\"Nagy Istv\u00e1n: A Vid\u00e9kfejleszt\u00e9si programban b\u0151v\u00fclt az erd\u0151telep\u00edt\u00e9sek t\u00e1mogat\u00e1sa\"}]},{\"@type\":\"WebSite\",\"@id\":\"https:\\\/\\\/hotnewsinworld.com\\\/hu\\\/#website\",\"url\":\"https:\\\/\\\/hotnewsinworld.com\\\/hu\\\/\",\"name\":\"Hot News in World\",\"description\":\"Hot News in World from Hungary\",\"potentialAction\":[{\"@type\":\"SearchAction\",\"target\":{\"@type\":\"EntryPoint\",\"urlTemplate\":\"https:\\\/\\\/hotnewsinworld.com\\\/hu\\\/?s={search_term_string}\"},\"query-input\":{\"@type\":\"PropertyValueSpecification\",\"valueRequired\":true,\"valueName\":\"search_term_string\"}}],\"inLanguage\":\"hu\"},{\"@type\":\"Person\",\"@id\":\"https:\\\/\\\/hotnewsinworld.com\\\/hu\\\/#\\\/schema\\\/person\\\/fe61448b21c0d59086e75fcc1f9d8f6b\",\"name\":\"hotnewsinworld\",\"image\":{\"@type\":\"ImageObject\",\"inLanguage\":\"hu\",\"@id\":\"https:\\\/\\\/secure.gravatar.com\\\/avatar\\\/8a09ac165600ce2e1c38fe593c63928eb1e6e7ba5c5a907d67787c41b3d00c14?s=96&d=mm&r=g\",\"url\":\"https:\\\/\\\/secure.gravatar.com\\\/avatar\\\/8a09ac165600ce2e1c38fe593c63928eb1e6e7ba5c5a907d67787c41b3d00c14?s=96&d=mm&r=g\",\"contentUrl\":\"https:\\\/\\\/secure.gravatar.com\\\/avatar\\\/8a09ac165600ce2e1c38fe593c63928eb1e6e7ba5c5a907d67787c41b3d00c14?s=96&d=mm&r=g\",\"caption\":\"hotnewsinworld\"},\"url\":\"https:\\\/\\\/hotnewsinworld.com\\\/hu\\\/author\\\/pt\\\/\"}]}<\/script>\n<!-- \/ Yoast SEO plugin. -->","yoast_head_json":{"title":"Nagy Istv\u00e1n: A Vid\u00e9kfejleszt\u00e9si programban b\u0151v\u00fclt az erd\u0151telep\u00edt\u00e9sek t\u00e1mogat\u00e1sa - Hot News in World","robots":{"index":"index","follow":"follow","max-snippet":"max-snippet:-1","max-image-preview":"max-image-preview:large","max-video-preview":"max-video-preview:-1"},"canonical":"https:\/\/hotnewsinworld.com\/hu\/nagy-istvan-a-videkfejlesztesi-programban-bovult-az-erdotelepitesek-tamogatasa\/","og_locale":"hu_HU","og_type":"article","og_title":"Nagy Istv\u00e1n: A Vid\u00e9kfejleszt\u00e9si programban b\u0151v\u00fclt az erd\u0151telep\u00edt\u00e9sek t\u00e1mogat\u00e1sa - Hot News in World","og_description":"[ad_1] A cikk emailben t\u00f6rt\u00e9n\u0151 elk\u00fcld\u00e9s\u00e9hez kattintson ide, vagy m\u00e1solja le \u00e9s k\u00fcldje el ezt a linket: https:\/\/magyarnemzet.hu\/belfold\/nagy-istvan-a-videkfejlesztesi-programban-bovult-az-erdotelepitesek-tamogatasa-7250321\/ 2019. augusztus 28. szerda 18:00 2019. 08. 28. 18:04 Az erd\u0151telep\u00edt\u00e9sek \u00f6szt\u00f6nz\u00e9se \u00e9rdek\u00e9ben a Vid\u00e9kfejleszt\u00e9si programban megn\u00f6velt\u00e9k az erd\u0151telep\u00edt\u00e9shez ig\u00e9nyelhet\u0151 j\u00f6vedelemp\u00f3tl\u00f3 \u00e9s az ehhez kapcsol\u00f3d\u00f3 erd\u0151\u00e1pol\u00e1si t\u00e1mogat\u00e1sok \u00f6sszeg\u00e9t \u00e9s id\u0151tartam\u00e1t \u2013 mondta Nagy Istv\u00e1n agr\u00e1rminiszter szerd\u00e1n Budapesten [&hellip;]","og_url":"https:\/\/hotnewsinworld.com\/hu\/nagy-istvan-a-videkfejlesztesi-programban-bovult-az-erdotelepitesek-tamogatasa\/","og_site_name":"Hot News in World","article_published_time":"2019-08-28T16:08:07+00:00","og_image":[{"width":1200,"height":630,"url":"https:\/\/hotnewsinworld.com\/hu\/wp-content\/uploads\/sites\/3\/2019\/06\/Hidv\u00e9ghi-Bal\u00e1zs-A-Fidesz-kezdem\u00e9nyezni-fogja-a-migr\u00e1nsk\u00e1rty\u00e1k-megsz\u00fcntet\u00e9s\u00e9t.png","type":"image\/png"}],"author":"hotnewsinworld","twitter_card":"summary_large_image","twitter_misc":{"Szerz\u0151:":"hotnewsinworld","Becs\u00fclt olvas\u00e1si id\u0151":"1 perc"},"schema":{"@context":"https:\/\/schema.org","@graph":[{"@type":"Article","@id":"https:\/\/hotnewsinworld.com\/hu\/nagy-istvan-a-videkfejlesztesi-programban-bovult-az-erdotelepitesek-tamogatasa\/#article","isPartOf":{"@id":"https:\/\/hotnewsinworld.com\/hu\/nagy-istvan-a-videkfejlesztesi-programban-bovult-az-erdotelepitesek-tamogatasa\/"},"author":{"name":"hotnewsinworld","@id":"https:\/\/hotnewsinworld.com\/hu\/#\/schema\/person\/fe61448b21c0d59086e75fcc1f9d8f6b"},"headline":"Nagy Istv\u00e1n: A Vid\u00e9kfejleszt\u00e9si programban b\u0151v\u00fclt az erd\u0151telep\u00edt\u00e9sek t\u00e1mogat\u00e1sa","datePublished":"2019-08-28T16:08:07+00:00","mainEntityOfPage":{"@id":"https:\/\/hotnewsinworld.com\/hu\/nagy-istvan-a-videkfejlesztesi-programban-bovult-az-erdotelepitesek-tamogatasa\/"},"wordCount":252,"commentCount":0,"image":{"@id":"https:\/\/hotnewsinworld.com\/hu\/nagy-istvan-a-videkfejlesztesi-programban-bovult-az-erdotelepitesek-tamogatasa\/#primaryimage"},"thumbnailUrl":"https:\/\/hotnewsinworld.com\/hu\/wp-content\/uploads\/sites\/3\/2019\/06\/Hidv\u00e9ghi-Bal\u00e1zs-A-Fidesz-kezdem\u00e9nyezni-fogja-a-migr\u00e1nsk\u00e1rty\u00e1k-megsz\u00fcntet\u00e9s\u00e9t.png","articleSection":["LEG\u00daJABB P\u00c9NZ\u00dcGYI H\u00cdREK"],"inLanguage":"hu","potentialAction":[{"@type":"CommentAction","name":"Comment","target":["https:\/\/hotnewsinworld.com\/hu\/nagy-istvan-a-videkfejlesztesi-programban-bovult-az-erdotelepitesek-tamogatasa\/#respond"]}]},{"@type":"WebPage","@id":"https:\/\/hotnewsinworld.com\/hu\/nagy-istvan-a-videkfejlesztesi-programban-bovult-az-erdotelepitesek-tamogatasa\/","url":"https:\/\/hotnewsinworld.com\/hu\/nagy-istvan-a-videkfejlesztesi-programban-bovult-az-erdotelepitesek-tamogatasa\/","name":"Nagy Istv\u00e1n: A Vid\u00e9kfejleszt\u00e9si programban b\u0151v\u00fclt az erd\u0151telep\u00edt\u00e9sek t\u00e1mogat\u00e1sa - Hot News in World","isPartOf":{"@id":"https:\/\/hotnewsinworld.com\/hu\/#website"},"primaryImageOfPage":{"@id":"https:\/\/hotnewsinworld.com\/hu\/nagy-istvan-a-videkfejlesztesi-programban-bovult-az-erdotelepitesek-tamogatasa\/#primaryimage"},"image":{"@id":"https:\/\/hotnewsinworld.com\/hu\/nagy-istvan-a-videkfejlesztesi-programban-bovult-az-erdotelepitesek-tamogatasa\/#primaryimage"},"thumbnailUrl":"https:\/\/hotnewsinworld.com\/hu\/wp-content\/uploads\/sites\/3\/2019\/06\/Hidv\u00e9ghi-Bal\u00e1zs-A-Fidesz-kezdem\u00e9nyezni-fogja-a-migr\u00e1nsk\u00e1rty\u00e1k-megsz\u00fcntet\u00e9s\u00e9t.png","datePublished":"2019-08-28T16:08:07+00:00","author":{"@id":"https:\/\/hotnewsinworld.com\/hu\/#\/schema\/person\/fe61448b21c0d59086e75fcc1f9d8f6b"},"breadcrumb":{"@id":"https:\/\/hotnewsinworld.com\/hu\/nagy-istvan-a-videkfejlesztesi-programban-bovult-az-erdotelepitesek-tamogatasa\/#breadcrumb"},"inLanguage":"hu","potentialAction":[{"@type":"ReadAction","target":["https:\/\/hotnewsinworld.com\/hu\/nagy-istvan-a-videkfejlesztesi-programban-bovult-az-erdotelepitesek-tamogatasa\/"]}]},{"@type":"ImageObject","inLanguage":"hu","@id":"https:\/\/hotnewsinworld.com\/hu\/nagy-istvan-a-videkfejlesztesi-programban-bovult-az-erdotelepitesek-tamogatasa\/#primaryimage","url":"https:\/\/hotnewsinworld.com\/hu\/wp-content\/uploads\/sites\/3\/2019\/06\/Hidv\u00e9ghi-Bal\u00e1zs-A-Fidesz-kezdem\u00e9nyezni-fogja-a-migr\u00e1nsk\u00e1rty\u00e1k-megsz\u00fcntet\u00e9s\u00e9t.png","contentUrl":"https:\/\/hotnewsinworld.com\/hu\/wp-content\/uploads\/sites\/3\/2019\/06\/Hidv\u00e9ghi-Bal\u00e1zs-A-Fidesz-kezdem\u00e9nyezni-fogja-a-migr\u00e1nsk\u00e1rty\u00e1k-megsz\u00fcntet\u00e9s\u00e9t.png","width":1200,"height":630,"caption":"Hidv\u00e9ghi Bal\u00e1zs: A Fidesz kezdem\u00e9nyezni fogja a migr\u00e1nsk\u00e1rty\u00e1k megsz\u00fcntet\u00e9s\u00e9t"},{"@type":"BreadcrumbList","@id":"https:\/\/hotnewsinworld.com\/hu\/nagy-istvan-a-videkfejlesztesi-programban-bovult-az-erdotelepitesek-tamogatasa\/#breadcrumb","itemListElement":[{"@type":"ListItem","position":1,"name":"\u0413\u043b\u0430\u0432\u043d\u0430\u044f \u0441\u0442\u0440\u0430\u043d\u0438\u0446\u0430","item":"https:\/\/hotnewsinworld.com\/hu\/"},{"@type":"ListItem","position":2,"name":"Nagy Istv\u00e1n: A Vid\u00e9kfejleszt\u00e9si programban b\u0151v\u00fclt az erd\u0151telep\u00edt\u00e9sek t\u00e1mogat\u00e1sa"}]},{"@type":"WebSite","@id":"https:\/\/hotnewsinworld.com\/hu\/#website","url":"https:\/\/hotnewsinworld.com\/hu\/","name":"Hot News in World","description":"Hot News in World from Hungary","potentialAction":[{"@type":"SearchAction","target":{"@type":"EntryPoint","urlTemplate":"https:\/\/hotnewsinworld.com\/hu\/?s={search_term_string}"},"query-input":{"@type":"PropertyValueSpecification","valueRequired":true,"valueName":"search_term_string"}}],"inLanguage":"hu"},{"@type":"Person","@id":"https:\/\/hotnewsinworld.com\/hu\/#\/schema\/person\/fe61448b21c0d59086e75fcc1f9d8f6b","name":"hotnewsinworld","image":{"@type":"ImageObject","inLanguage":"hu","@id":"https:\/\/secure.gravatar.com\/avatar\/8a09ac165600ce2e1c38fe593c63928eb1e6e7ba5c5a907d67787c41b3d00c14?s=96&d=mm&r=g","url":"https:\/\/secure.gravatar.com\/avatar\/8a09ac165600ce2e1c38fe593c63928eb1e6e7ba5c5a907d67787c41b3d00c14?s=96&d=mm&r=g","contentUrl":"https:\/\/secure.gravatar.com\/avatar\/8a09ac165600ce2e1c38fe593c63928eb1e6e7ba5c5a907d67787c41b3d00c14?s=96&d=mm&r=g","caption":"hotnewsinworld"},"url":"https:\/\/hotnewsinworld.com\/hu\/author\/pt\/"}]}},"_links":{"self":[{"href":"https:\/\/hotnewsinworld.com\/hu\/wp-json\/wp\/v2\/posts\/1327","targetHints":{"allow":["GET"]}}],"collection":[{"href":"https:\/\/hotnewsinworld.com\/hu\/wp-json\/wp\/v2\/posts"}],"about":[{"href":"https:\/\/hotnewsinworld.com\/hu\/wp-json\/wp\/v2\/types\/post"}],"author":[{"embeddable":true,"href":"https:\/\/hotnewsinworld.com\/hu\/wp-json\/wp\/v2\/users\/2"}],"replies":[{"embeddable":true,"href":"https:\/\/hotnewsinworld.com\/hu\/wp-json\/wp\/v2\/comments?post=1327"}],"version-history":[{"count":1,"href":"https:\/\/hotnewsinworld.com\/hu\/wp-json\/wp\/v2\/posts\/1327\/revisions"}],"predecessor-version":[{"id":1328,"href":"https:\/\/hotnewsinworld.com\/hu\/wp-json\/wp\/v2\/posts\/1327\/revisions\/1328"}],"wp:featuredmedia":[{"embeddable":true,"href":"https:\/\/hotnewsinworld.com\/hu\/wp-json\/wp\/v2\/media\/199"}],"wp:attachment":[{"href":"https:\/\/hotnewsinworld.com\/hu\/wp-json\/wp\/v2\/media?parent=1327"}],"wp:term":[{"taxonomy":"category","embeddable":true,"href":"https:\/\/hotnewsinworld.com\/hu\/wp-json\/wp\/v2\/categories?post=1327"},{"taxonomy":"post_tag","embeddable":true,"href":"https:\/\/hotnewsinworld.com\/hu\/wp-json\/wp\/v2\/tags?post=1327"}],"curies":[{"name":"wp","href":"https:\/\/api.w.org\/{rel}","templated":true}]}}