{"id":1335,"date":"2019-08-29T00:07:06","date_gmt":"2019-08-28T21:07:06","guid":{"rendered":"https:\/\/hotnewsinworld.com\/hu\/dobbenetes-felvetel-percekig-szivatott-egy-utasokkal-teli-busz-egy-bosszuallo-autos-budapesten\/"},"modified":"2019-08-29T00:07:06","modified_gmt":"2019-08-28T21:07:06","slug":"dobbenetes-felvetel-percekig-szivatott-egy-utasokkal-teli-busz-egy-bosszuallo-autos-budapesten","status":"publish","type":"post","link":"https:\/\/hotnewsinworld.com\/hu\/dobbenetes-felvetel-percekig-szivatott-egy-utasokkal-teli-busz-egy-bosszuallo-autos-budapesten\/","title":{"rendered":"D\u00f6bbenetes felv\u00e9tel \u2013 percekig sz\u00edvatott egy utasokkal teli busz egy bossz\u00fa\u00e1ll\u00f3 aut\u00f3s Budapesten"},"content":{"rendered":"<p> [ad_1]<br \/>\n<\/p>\n<div>\n<p>Persze legrosszabbul megint azok j\u00e1rtak, akik nem tehettek semmir\u0151l.<\/p>\n<p>Szab\u00e1lytalanul akart busz el\u00e9 pof\u00e1tlankodni egy aut\u00f3s Budapesten, \u00e1m a buszsof\u0151r nem engedte \u00e1t a z\u00e1r\u00f3vonalon \u2013 l\u00e1that\u00f3 az RTL Klub birtok\u00e1ba ker\u00fclt felv\u00e9telen.<\/p>\n<p>Az aut\u00f3 sof\u0151rje ezen \u00fagy bed\u00fch\u00f6dhetett, hogy minden eszk\u00f6zt bevetett annak \u00e9rdek\u00e9ben, hogy a busz ne tudjon tov\u00e1bb haladni.<\/p>\n<p>A cs\u00facs az volt, amikor m\u0171szaki hib\u00e1t sz\u00ednlelve felnyitotta a kocsi motorh\u00e1ztet\u0151j\u00e9t, de amikor a busz megpr\u00f3b\u00e1lta kiker\u00fclni, az aut\u00f3 hirtelen &#8222;megjavult&#8221;.<\/p>\n<p>        <!--div style=\"padding:20px;margin-top:20px;border-left: 4px solid #e71000;background:#f6f6f6;\">\n            \n\n<h2>FinTechRadar 2.0 konferencia - van m&aacute;r jegyed?<\/h2>\n\n\n\n            \n\n<p>T&eacute;m&aacute;ink: PSD2\/Mobilfizet&eacute;s, Adatbiztons&aacute;g, UX, Big data, &Aacute;llam &eacute;s fintech, Insurtech.\n            2 nap, 30 el&#337;ad&oacute; &eacute;s v&aacute;laszok a fintech aktu&aacute;lis k&eacute;rd&eacute;seire okt&oacute;ber 17-18-&aacute;n a Sug&aacute;r Moziban.<\/p>\n\n\n\n            <a href=\"http:\/\/fintechradar.hu\/konferencia2?utm_source=propeller.hu&utm_medium=textlink&utm_campaign=FTR_konf2\"\n            class=\"button primary\" target=\"_blank\" style=\"color:#fff;margin-top:15px;background: #e71000;\" rel=\"noopener noreferrer\">Program &eacute;s jegyv&aacute;s&aacute;rl&aacute;s &rarr;<\/a>\n        <\/div-->\n    <\/div>\n<p><script>(function(d, s, id) {\n  var js, fjs = d.getElementsByTagName(s)[0];\n  if (d.getElementById(id)) return;\n  js = d.createElement(s); js.id = id;\n  js.src = \"http:\/\/connect.facebook.net\/hu_HU\/sdk.js#xfbml=1&version=v2.7&appId=247823682023773\";\n  fjs.parentNode.insertBefore(js, fjs);\n}(document, 'script', 'facebook-jssdk'));<\/script><br \/>\n<br \/>[ad_2]<br \/>\n<br \/><a href=\"https:\/\/hirek.oldal.info\/rssclick\/14352228\">Source link <\/a><\/p>\n","protected":false},"excerpt":{"rendered":"<p>[ad_1] Persze legrosszabbul megint azok j\u00e1rtak, akik nem tehettek semmir\u0151l. Szab\u00e1lytalanul akart busz el\u00e9 pof\u00e1tlankodni egy aut\u00f3s Budapesten, \u00e1m a buszsof\u0151r nem engedte \u00e1t a z\u00e1r\u00f3vonalon \u2013 l\u00e1that\u00f3 az RTL Klub birtok\u00e1ba ker\u00fclt felv\u00e9telen. Az aut\u00f3 sof\u0151rje ezen \u00fagy bed\u00fch\u00f6dhetett, hogy minden eszk\u00f6zt bevetett annak \u00e9rdek\u00e9ben, hogy a busz ne tudjon tov\u00e1bb haladni. A cs\u00facs [&hellip;]<\/p>\n","protected":false},"author":2,"featured_media":1336,"comment_status":"open","ping_status":"open","sticky":false,"template":"","format":"standard","meta":{"footnotes":""},"categories":[1],"tags":[],"class_list":["post-1335","post","type-post","status-publish","format-standard","has-post-thumbnail","hentry","category-legujabb-penzugyi-hirek"],"yoast_head":"<!-- This site is optimized with the Yoast SEO plugin v27.4 - https:\/\/yoast.com\/product\/yoast-seo-wordpress\/ -->\n<title>D\u00f6bbenetes felv\u00e9tel \u2013 percekig sz\u00edvatott egy utasokkal teli busz egy bossz\u00fa\u00e1ll\u00f3 aut\u00f3s Budapesten - Hot News in World<\/title>\n<meta name=\"robots\" content=\"index, follow, max-snippet:-1, max-image-preview:large, max-video-preview:-1\" \/>\n<link rel=\"canonical\" href=\"https:\/\/hotnewsinworld.com\/hu\/dobbenetes-felvetel-percekig-szivatott-egy-utasokkal-teli-busz-egy-bosszuallo-autos-budapesten\/\" \/>\n<meta property=\"og:locale\" content=\"hu_HU\" \/>\n<meta property=\"og:type\" content=\"article\" \/>\n<meta property=\"og:title\" content=\"D\u00f6bbenetes felv\u00e9tel \u2013 percekig sz\u00edvatott egy utasokkal teli busz egy bossz\u00fa\u00e1ll\u00f3 aut\u00f3s Budapesten - Hot News in World\" \/>\n<meta property=\"og:description\" content=\"[ad_1] Persze legrosszabbul megint azok j\u00e1rtak, akik nem tehettek semmir\u0151l. Szab\u00e1lytalanul akart busz el\u00e9 pof\u00e1tlankodni egy aut\u00f3s Budapesten, \u00e1m a buszsof\u0151r nem engedte \u00e1t a z\u00e1r\u00f3vonalon \u2013 l\u00e1that\u00f3 az RTL Klub birtok\u00e1ba ker\u00fclt felv\u00e9telen. Az aut\u00f3 sof\u0151rje ezen \u00fagy bed\u00fch\u00f6dhetett, hogy minden eszk\u00f6zt bevetett annak \u00e9rdek\u00e9ben, hogy a busz ne tudjon tov\u00e1bb haladni. A cs\u00facs [&hellip;]\" \/>\n<meta property=\"og:url\" content=\"https:\/\/hotnewsinworld.com\/hu\/dobbenetes-felvetel-percekig-szivatott-egy-utasokkal-teli-busz-egy-bosszuallo-autos-budapesten\/\" \/>\n<meta property=\"og:site_name\" content=\"Hot News in World\" \/>\n<meta property=\"article:published_time\" content=\"2019-08-28T21:07:06+00:00\" \/>\n<meta property=\"og:image\" content=\"https:\/\/hotnewsinworld.com\/hu\/wp-content\/uploads\/sites\/3\/2019\/08\/D\u00f6bbenetes-felv\u00e9tel-\u2013-percekig-sz\u00edvatott-egy-utasokkal-teli-busz-egy.jpg\" \/>\n\t<meta property=\"og:image:width\" content=\"636\" \/>\n\t<meta property=\"og:image:height\" content=\"332\" \/>\n\t<meta property=\"og:image:type\" content=\"image\/jpeg\" \/>\n<meta name=\"author\" content=\"hotnewsinworld\" \/>\n<meta name=\"twitter:card\" content=\"summary_large_image\" \/>\n<meta name=\"twitter:label1\" content=\"Szerz\u0151:\" \/>\n\t<meta name=\"twitter:data1\" content=\"hotnewsinworld\" \/>\n\t<meta name=\"twitter:label2\" content=\"Becs\u00fclt olvas\u00e1si id\u0151\" \/>\n\t<meta name=\"twitter:data2\" content=\"1 perc\" \/>\n<script type=\"application\/ld+json\" class=\"yoast-schema-graph\">{\"@context\":\"https:\\\/\\\/schema.org\",\"@graph\":[{\"@type\":\"Article\",\"@id\":\"https:\\\/\\\/hotnewsinworld.com\\\/hu\\\/dobbenetes-felvetel-percekig-szivatott-egy-utasokkal-teli-busz-egy-bosszuallo-autos-budapesten\\\/#article\",\"isPartOf\":{\"@id\":\"https:\\\/\\\/hotnewsinworld.com\\\/hu\\\/dobbenetes-felvetel-percekig-szivatott-egy-utasokkal-teli-busz-egy-bosszuallo-autos-budapesten\\\/\"},\"author\":{\"name\":\"hotnewsinworld\",\"@id\":\"https:\\\/\\\/hotnewsinworld.com\\\/hu\\\/#\\\/schema\\\/person\\\/fe61448b21c0d59086e75fcc1f9d8f6b\"},\"headline\":\"D\u00f6bbenetes felv\u00e9tel \u2013 percekig sz\u00edvatott egy utasokkal teli busz egy bossz\u00fa\u00e1ll\u00f3 aut\u00f3s Budapesten\",\"datePublished\":\"2019-08-28T21:07:06+00:00\",\"mainEntityOfPage\":{\"@id\":\"https:\\\/\\\/hotnewsinworld.com\\\/hu\\\/dobbenetes-felvetel-percekig-szivatott-egy-utasokkal-teli-busz-egy-bosszuallo-autos-budapesten\\\/\"},\"wordCount\":122,\"commentCount\":0,\"image\":{\"@id\":\"https:\\\/\\\/hotnewsinworld.com\\\/hu\\\/dobbenetes-felvetel-percekig-szivatott-egy-utasokkal-teli-busz-egy-bosszuallo-autos-budapesten\\\/#primaryimage\"},\"thumbnailUrl\":\"https:\\\/\\\/hotnewsinworld.com\\\/hu\\\/wp-content\\\/uploads\\\/sites\\\/3\\\/2019\\\/08\\\/D\u00f6bbenetes-felv\u00e9tel-\u2013-percekig-sz\u00edvatott-egy-utasokkal-teli-busz-egy.jpg\",\"articleSection\":[\"LEG\u00daJABB P\u00c9NZ\u00dcGYI H\u00cdREK\"],\"inLanguage\":\"hu\",\"potentialAction\":[{\"@type\":\"CommentAction\",\"name\":\"Comment\",\"target\":[\"https:\\\/\\\/hotnewsinworld.com\\\/hu\\\/dobbenetes-felvetel-percekig-szivatott-egy-utasokkal-teli-busz-egy-bosszuallo-autos-budapesten\\\/#respond\"]}]},{\"@type\":\"WebPage\",\"@id\":\"https:\\\/\\\/hotnewsinworld.com\\\/hu\\\/dobbenetes-felvetel-percekig-szivatott-egy-utasokkal-teli-busz-egy-bosszuallo-autos-budapesten\\\/\",\"url\":\"https:\\\/\\\/hotnewsinworld.com\\\/hu\\\/dobbenetes-felvetel-percekig-szivatott-egy-utasokkal-teli-busz-egy-bosszuallo-autos-budapesten\\\/\",\"name\":\"D\u00f6bbenetes felv\u00e9tel \u2013 percekig sz\u00edvatott egy utasokkal teli busz egy bossz\u00fa\u00e1ll\u00f3 aut\u00f3s Budapesten - Hot News in World\",\"isPartOf\":{\"@id\":\"https:\\\/\\\/hotnewsinworld.com\\\/hu\\\/#website\"},\"primaryImageOfPage\":{\"@id\":\"https:\\\/\\\/hotnewsinworld.com\\\/hu\\\/dobbenetes-felvetel-percekig-szivatott-egy-utasokkal-teli-busz-egy-bosszuallo-autos-budapesten\\\/#primaryimage\"},\"image\":{\"@id\":\"https:\\\/\\\/hotnewsinworld.com\\\/hu\\\/dobbenetes-felvetel-percekig-szivatott-egy-utasokkal-teli-busz-egy-bosszuallo-autos-budapesten\\\/#primaryimage\"},\"thumbnailUrl\":\"https:\\\/\\\/hotnewsinworld.com\\\/hu\\\/wp-content\\\/uploads\\\/sites\\\/3\\\/2019\\\/08\\\/D\u00f6bbenetes-felv\u00e9tel-\u2013-percekig-sz\u00edvatott-egy-utasokkal-teli-busz-egy.jpg\",\"datePublished\":\"2019-08-28T21:07:06+00:00\",\"author\":{\"@id\":\"https:\\\/\\\/hotnewsinworld.com\\\/hu\\\/#\\\/schema\\\/person\\\/fe61448b21c0d59086e75fcc1f9d8f6b\"},\"breadcrumb\":{\"@id\":\"https:\\\/\\\/hotnewsinworld.com\\\/hu\\\/dobbenetes-felvetel-percekig-szivatott-egy-utasokkal-teli-busz-egy-bosszuallo-autos-budapesten\\\/#breadcrumb\"},\"inLanguage\":\"hu\",\"potentialAction\":[{\"@type\":\"ReadAction\",\"target\":[\"https:\\\/\\\/hotnewsinworld.com\\\/hu\\\/dobbenetes-felvetel-percekig-szivatott-egy-utasokkal-teli-busz-egy-bosszuallo-autos-budapesten\\\/\"]}]},{\"@type\":\"ImageObject\",\"inLanguage\":\"hu\",\"@id\":\"https:\\\/\\\/hotnewsinworld.com\\\/hu\\\/dobbenetes-felvetel-percekig-szivatott-egy-utasokkal-teli-busz-egy-bosszuallo-autos-budapesten\\\/#primaryimage\",\"url\":\"https:\\\/\\\/hotnewsinworld.com\\\/hu\\\/wp-content\\\/uploads\\\/sites\\\/3\\\/2019\\\/08\\\/D\u00f6bbenetes-felv\u00e9tel-\u2013-percekig-sz\u00edvatott-egy-utasokkal-teli-busz-egy.jpg\",\"contentUrl\":\"https:\\\/\\\/hotnewsinworld.com\\\/hu\\\/wp-content\\\/uploads\\\/sites\\\/3\\\/2019\\\/08\\\/D\u00f6bbenetes-felv\u00e9tel-\u2013-percekig-sz\u00edvatott-egy-utasokkal-teli-busz-egy.jpg\",\"width\":636,\"height\":332,\"caption\":\"D\u00f6bbenetes felv\u00e9tel \u2013 percekig sz\u00edvatott egy utasokkal teli busz egy bossz\u00fa\u00e1ll\u00f3 aut\u00f3s Budapesten\"},{\"@type\":\"BreadcrumbList\",\"@id\":\"https:\\\/\\\/hotnewsinworld.com\\\/hu\\\/dobbenetes-felvetel-percekig-szivatott-egy-utasokkal-teli-busz-egy-bosszuallo-autos-budapesten\\\/#breadcrumb\",\"itemListElement\":[{\"@type\":\"ListItem\",\"position\":1,\"name\":\"\u0413\u043b\u0430\u0432\u043d\u0430\u044f \u0441\u0442\u0440\u0430\u043d\u0438\u0446\u0430\",\"item\":\"https:\\\/\\\/hotnewsinworld.com\\\/hu\\\/\"},{\"@type\":\"ListItem\",\"position\":2,\"name\":\"D\u00f6bbenetes felv\u00e9tel \u2013 percekig sz\u00edvatott egy utasokkal teli busz egy bossz\u00fa\u00e1ll\u00f3 aut\u00f3s Budapesten\"}]},{\"@type\":\"WebSite\",\"@id\":\"https:\\\/\\\/hotnewsinworld.com\\\/hu\\\/#website\",\"url\":\"https:\\\/\\\/hotnewsinworld.com\\\/hu\\\/\",\"name\":\"Hot News in World\",\"description\":\"Hot News in World from Hungary\",\"potentialAction\":[{\"@type\":\"SearchAction\",\"target\":{\"@type\":\"EntryPoint\",\"urlTemplate\":\"https:\\\/\\\/hotnewsinworld.com\\\/hu\\\/?s={search_term_string}\"},\"query-input\":{\"@type\":\"PropertyValueSpecification\",\"valueRequired\":true,\"valueName\":\"search_term_string\"}}],\"inLanguage\":\"hu\"},{\"@type\":\"Person\",\"@id\":\"https:\\\/\\\/hotnewsinworld.com\\\/hu\\\/#\\\/schema\\\/person\\\/fe61448b21c0d59086e75fcc1f9d8f6b\",\"name\":\"hotnewsinworld\",\"image\":{\"@type\":\"ImageObject\",\"inLanguage\":\"hu\",\"@id\":\"https:\\\/\\\/secure.gravatar.com\\\/avatar\\\/8a09ac165600ce2e1c38fe593c63928eb1e6e7ba5c5a907d67787c41b3d00c14?s=96&d=mm&r=g\",\"url\":\"https:\\\/\\\/secure.gravatar.com\\\/avatar\\\/8a09ac165600ce2e1c38fe593c63928eb1e6e7ba5c5a907d67787c41b3d00c14?s=96&d=mm&r=g\",\"contentUrl\":\"https:\\\/\\\/secure.gravatar.com\\\/avatar\\\/8a09ac165600ce2e1c38fe593c63928eb1e6e7ba5c5a907d67787c41b3d00c14?s=96&d=mm&r=g\",\"caption\":\"hotnewsinworld\"},\"url\":\"https:\\\/\\\/hotnewsinworld.com\\\/hu\\\/author\\\/pt\\\/\"}]}<\/script>\n<!-- \/ Yoast SEO plugin. -->","yoast_head_json":{"title":"D\u00f6bbenetes felv\u00e9tel \u2013 percekig sz\u00edvatott egy utasokkal teli busz egy bossz\u00fa\u00e1ll\u00f3 aut\u00f3s Budapesten - Hot News in World","robots":{"index":"index","follow":"follow","max-snippet":"max-snippet:-1","max-image-preview":"max-image-preview:large","max-video-preview":"max-video-preview:-1"},"canonical":"https:\/\/hotnewsinworld.com\/hu\/dobbenetes-felvetel-percekig-szivatott-egy-utasokkal-teli-busz-egy-bosszuallo-autos-budapesten\/","og_locale":"hu_HU","og_type":"article","og_title":"D\u00f6bbenetes felv\u00e9tel \u2013 percekig sz\u00edvatott egy utasokkal teli busz egy bossz\u00fa\u00e1ll\u00f3 aut\u00f3s Budapesten - Hot News in World","og_description":"[ad_1] Persze legrosszabbul megint azok j\u00e1rtak, akik nem tehettek semmir\u0151l. Szab\u00e1lytalanul akart busz el\u00e9 pof\u00e1tlankodni egy aut\u00f3s Budapesten, \u00e1m a buszsof\u0151r nem engedte \u00e1t a z\u00e1r\u00f3vonalon \u2013 l\u00e1that\u00f3 az RTL Klub birtok\u00e1ba ker\u00fclt felv\u00e9telen. Az aut\u00f3 sof\u0151rje ezen \u00fagy bed\u00fch\u00f6dhetett, hogy minden eszk\u00f6zt bevetett annak \u00e9rdek\u00e9ben, hogy a busz ne tudjon tov\u00e1bb haladni. A cs\u00facs [&hellip;]","og_url":"https:\/\/hotnewsinworld.com\/hu\/dobbenetes-felvetel-percekig-szivatott-egy-utasokkal-teli-busz-egy-bosszuallo-autos-budapesten\/","og_site_name":"Hot News in World","article_published_time":"2019-08-28T21:07:06+00:00","og_image":[{"width":636,"height":332,"url":"https:\/\/hotnewsinworld.com\/hu\/wp-content\/uploads\/sites\/3\/2019\/08\/D\u00f6bbenetes-felv\u00e9tel-\u2013-percekig-sz\u00edvatott-egy-utasokkal-teli-busz-egy.jpg","type":"image\/jpeg"}],"author":"hotnewsinworld","twitter_card":"summary_large_image","twitter_misc":{"Szerz\u0151:":"hotnewsinworld","Becs\u00fclt olvas\u00e1si id\u0151":"1 perc"},"schema":{"@context":"https:\/\/schema.org","@graph":[{"@type":"Article","@id":"https:\/\/hotnewsinworld.com\/hu\/dobbenetes-felvetel-percekig-szivatott-egy-utasokkal-teli-busz-egy-bosszuallo-autos-budapesten\/#article","isPartOf":{"@id":"https:\/\/hotnewsinworld.com\/hu\/dobbenetes-felvetel-percekig-szivatott-egy-utasokkal-teli-busz-egy-bosszuallo-autos-budapesten\/"},"author":{"name":"hotnewsinworld","@id":"https:\/\/hotnewsinworld.com\/hu\/#\/schema\/person\/fe61448b21c0d59086e75fcc1f9d8f6b"},"headline":"D\u00f6bbenetes felv\u00e9tel \u2013 percekig sz\u00edvatott egy utasokkal teli busz egy bossz\u00fa\u00e1ll\u00f3 aut\u00f3s Budapesten","datePublished":"2019-08-28T21:07:06+00:00","mainEntityOfPage":{"@id":"https:\/\/hotnewsinworld.com\/hu\/dobbenetes-felvetel-percekig-szivatott-egy-utasokkal-teli-busz-egy-bosszuallo-autos-budapesten\/"},"wordCount":122,"commentCount":0,"image":{"@id":"https:\/\/hotnewsinworld.com\/hu\/dobbenetes-felvetel-percekig-szivatott-egy-utasokkal-teli-busz-egy-bosszuallo-autos-budapesten\/#primaryimage"},"thumbnailUrl":"https:\/\/hotnewsinworld.com\/hu\/wp-content\/uploads\/sites\/3\/2019\/08\/D\u00f6bbenetes-felv\u00e9tel-\u2013-percekig-sz\u00edvatott-egy-utasokkal-teli-busz-egy.jpg","articleSection":["LEG\u00daJABB P\u00c9NZ\u00dcGYI H\u00cdREK"],"inLanguage":"hu","potentialAction":[{"@type":"CommentAction","name":"Comment","target":["https:\/\/hotnewsinworld.com\/hu\/dobbenetes-felvetel-percekig-szivatott-egy-utasokkal-teli-busz-egy-bosszuallo-autos-budapesten\/#respond"]}]},{"@type":"WebPage","@id":"https:\/\/hotnewsinworld.com\/hu\/dobbenetes-felvetel-percekig-szivatott-egy-utasokkal-teli-busz-egy-bosszuallo-autos-budapesten\/","url":"https:\/\/hotnewsinworld.com\/hu\/dobbenetes-felvetel-percekig-szivatott-egy-utasokkal-teli-busz-egy-bosszuallo-autos-budapesten\/","name":"D\u00f6bbenetes felv\u00e9tel \u2013 percekig sz\u00edvatott egy utasokkal teli busz egy bossz\u00fa\u00e1ll\u00f3 aut\u00f3s Budapesten - Hot News in World","isPartOf":{"@id":"https:\/\/hotnewsinworld.com\/hu\/#website"},"primaryImageOfPage":{"@id":"https:\/\/hotnewsinworld.com\/hu\/dobbenetes-felvetel-percekig-szivatott-egy-utasokkal-teli-busz-egy-bosszuallo-autos-budapesten\/#primaryimage"},"image":{"@id":"https:\/\/hotnewsinworld.com\/hu\/dobbenetes-felvetel-percekig-szivatott-egy-utasokkal-teli-busz-egy-bosszuallo-autos-budapesten\/#primaryimage"},"thumbnailUrl":"https:\/\/hotnewsinworld.com\/hu\/wp-content\/uploads\/sites\/3\/2019\/08\/D\u00f6bbenetes-felv\u00e9tel-\u2013-percekig-sz\u00edvatott-egy-utasokkal-teli-busz-egy.jpg","datePublished":"2019-08-28T21:07:06+00:00","author":{"@id":"https:\/\/hotnewsinworld.com\/hu\/#\/schema\/person\/fe61448b21c0d59086e75fcc1f9d8f6b"},"breadcrumb":{"@id":"https:\/\/hotnewsinworld.com\/hu\/dobbenetes-felvetel-percekig-szivatott-egy-utasokkal-teli-busz-egy-bosszuallo-autos-budapesten\/#breadcrumb"},"inLanguage":"hu","potentialAction":[{"@type":"ReadAction","target":["https:\/\/hotnewsinworld.com\/hu\/dobbenetes-felvetel-percekig-szivatott-egy-utasokkal-teli-busz-egy-bosszuallo-autos-budapesten\/"]}]},{"@type":"ImageObject","inLanguage":"hu","@id":"https:\/\/hotnewsinworld.com\/hu\/dobbenetes-felvetel-percekig-szivatott-egy-utasokkal-teli-busz-egy-bosszuallo-autos-budapesten\/#primaryimage","url":"https:\/\/hotnewsinworld.com\/hu\/wp-content\/uploads\/sites\/3\/2019\/08\/D\u00f6bbenetes-felv\u00e9tel-\u2013-percekig-sz\u00edvatott-egy-utasokkal-teli-busz-egy.jpg","contentUrl":"https:\/\/hotnewsinworld.com\/hu\/wp-content\/uploads\/sites\/3\/2019\/08\/D\u00f6bbenetes-felv\u00e9tel-\u2013-percekig-sz\u00edvatott-egy-utasokkal-teli-busz-egy.jpg","width":636,"height":332,"caption":"D\u00f6bbenetes felv\u00e9tel \u2013 percekig sz\u00edvatott egy utasokkal teli busz egy bossz\u00fa\u00e1ll\u00f3 aut\u00f3s Budapesten"},{"@type":"BreadcrumbList","@id":"https:\/\/hotnewsinworld.com\/hu\/dobbenetes-felvetel-percekig-szivatott-egy-utasokkal-teli-busz-egy-bosszuallo-autos-budapesten\/#breadcrumb","itemListElement":[{"@type":"ListItem","position":1,"name":"\u0413\u043b\u0430\u0432\u043d\u0430\u044f \u0441\u0442\u0440\u0430\u043d\u0438\u0446\u0430","item":"https:\/\/hotnewsinworld.com\/hu\/"},{"@type":"ListItem","position":2,"name":"D\u00f6bbenetes felv\u00e9tel \u2013 percekig sz\u00edvatott egy utasokkal teli busz egy bossz\u00fa\u00e1ll\u00f3 aut\u00f3s Budapesten"}]},{"@type":"WebSite","@id":"https:\/\/hotnewsinworld.com\/hu\/#website","url":"https:\/\/hotnewsinworld.com\/hu\/","name":"Hot News in World","description":"Hot News in World from Hungary","potentialAction":[{"@type":"SearchAction","target":{"@type":"EntryPoint","urlTemplate":"https:\/\/hotnewsinworld.com\/hu\/?s={search_term_string}"},"query-input":{"@type":"PropertyValueSpecification","valueRequired":true,"valueName":"search_term_string"}}],"inLanguage":"hu"},{"@type":"Person","@id":"https:\/\/hotnewsinworld.com\/hu\/#\/schema\/person\/fe61448b21c0d59086e75fcc1f9d8f6b","name":"hotnewsinworld","image":{"@type":"ImageObject","inLanguage":"hu","@id":"https:\/\/secure.gravatar.com\/avatar\/8a09ac165600ce2e1c38fe593c63928eb1e6e7ba5c5a907d67787c41b3d00c14?s=96&d=mm&r=g","url":"https:\/\/secure.gravatar.com\/avatar\/8a09ac165600ce2e1c38fe593c63928eb1e6e7ba5c5a907d67787c41b3d00c14?s=96&d=mm&r=g","contentUrl":"https:\/\/secure.gravatar.com\/avatar\/8a09ac165600ce2e1c38fe593c63928eb1e6e7ba5c5a907d67787c41b3d00c14?s=96&d=mm&r=g","caption":"hotnewsinworld"},"url":"https:\/\/hotnewsinworld.com\/hu\/author\/pt\/"}]}},"_links":{"self":[{"href":"https:\/\/hotnewsinworld.com\/hu\/wp-json\/wp\/v2\/posts\/1335","targetHints":{"allow":["GET"]}}],"collection":[{"href":"https:\/\/hotnewsinworld.com\/hu\/wp-json\/wp\/v2\/posts"}],"about":[{"href":"https:\/\/hotnewsinworld.com\/hu\/wp-json\/wp\/v2\/types\/post"}],"author":[{"embeddable":true,"href":"https:\/\/hotnewsinworld.com\/hu\/wp-json\/wp\/v2\/users\/2"}],"replies":[{"embeddable":true,"href":"https:\/\/hotnewsinworld.com\/hu\/wp-json\/wp\/v2\/comments?post=1335"}],"version-history":[{"count":1,"href":"https:\/\/hotnewsinworld.com\/hu\/wp-json\/wp\/v2\/posts\/1335\/revisions"}],"predecessor-version":[{"id":1337,"href":"https:\/\/hotnewsinworld.com\/hu\/wp-json\/wp\/v2\/posts\/1335\/revisions\/1337"}],"wp:featuredmedia":[{"embeddable":true,"href":"https:\/\/hotnewsinworld.com\/hu\/wp-json\/wp\/v2\/media\/1336"}],"wp:attachment":[{"href":"https:\/\/hotnewsinworld.com\/hu\/wp-json\/wp\/v2\/media?parent=1335"}],"wp:term":[{"taxonomy":"category","embeddable":true,"href":"https:\/\/hotnewsinworld.com\/hu\/wp-json\/wp\/v2\/categories?post=1335"},{"taxonomy":"post_tag","embeddable":true,"href":"https:\/\/hotnewsinworld.com\/hu\/wp-json\/wp\/v2\/tags?post=1335"}],"curies":[{"name":"wp","href":"https:\/\/api.w.org\/{rel}","templated":true}]}}