{"id":1341,"date":"2019-08-29T04:06:26","date_gmt":"2019-08-29T01:06:26","guid":{"rendered":"https:\/\/hotnewsinworld.com\/hu\/elobb-lesz-turbo-korforgalom-mint-felujitott-gyorsforgalmi-ut\/"},"modified":"2019-08-29T04:06:28","modified_gmt":"2019-08-29T01:06:28","slug":"elobb-lesz-turbo-korforgalom-mint-felujitott-gyorsforgalmi-ut","status":"publish","type":"post","link":"https:\/\/hotnewsinworld.com\/hu\/elobb-lesz-turbo-korforgalom-mint-felujitott-gyorsforgalmi-ut\/","title":{"rendered":"El\u0151bb lesz turb\u00f3 k\u00f6rforgalom, mint fel\u00faj\u00edtott gyorsforgalmi \u00fat"},"content":{"rendered":"<p> [ad_1]<br \/>\n<\/p>\n<div>\n<p class=\"lead\">Elkezd\u0151d\u00f6tt annak a turb\u00f3 k\u00f6rforgalomnak az \u00e9p\u00edt\u00e9se, amely a j\u00f6v\u0151ben megk\u00f6nny\u00edtheti a Liszt Ferenc Rep\u00fcl\u0151t\u00e9r kettes termin\u00e1lj\u00e1nak k\u00f6zleked\u00e9s\u00e9t. A rept\u00e9r \u00e9s k\u00f6rny\u00e9k\u00e9nek megk\u00f6zel\u00edt\u00e9se azonban tov\u00e1bbra is kih\u00edv\u00e1s marad, a rossz \u00e1llapotban l\u00e9v\u0151, balesetvesz\u00e9lyes gyorsforgalmi \u00fat fel\u00faj\u00edt\u00e1s\u00e1ra ugyanis m\u00e9g legal\u00e1bb 2 \u00e9vet v\u00e1rni kell. Tov\u00e1bbi\u2026<\/p>\n<\/div>\n<p><script>(function(d, s, id) {\n  var js, fjs = d.getElementsByTagName(s)[0];\n  if (d.getElementById(id)) return;\n  js = d.createElement(s); js.id = id;\n  js.src = \"http:\/\/connect.facebook.net\/hu_HU\/sdk.js#xfbml=1&version=v2.6\";\n  fjs.parentNode.insertBefore(js, fjs);\n}(document, 'script', 'facebook-jssdk'));<\/script><br \/>\n<br \/>[ad_2]<br \/>\n<br \/><a href=\"https:\/\/hirek.oldal.info\/rssclick\/14352297\">Source link <\/a><\/p>\n","protected":false},"excerpt":{"rendered":"<p>[ad_1] Elkezd\u0151d\u00f6tt annak a turb\u00f3 k\u00f6rforgalomnak az \u00e9p\u00edt\u00e9se, amely a j\u00f6v\u0151ben megk\u00f6nny\u00edtheti a Liszt Ferenc Rep\u00fcl\u0151t\u00e9r kettes termin\u00e1lj\u00e1nak k\u00f6zleked\u00e9s\u00e9t. A rept\u00e9r \u00e9s k\u00f6rny\u00e9k\u00e9nek megk\u00f6zel\u00edt\u00e9se azonban tov\u00e1bbra is kih\u00edv\u00e1s marad, a rossz \u00e1llapotban l\u00e9v\u0151, balesetvesz\u00e9lyes gyorsforgalmi \u00fat fel\u00faj\u00edt\u00e1s\u00e1ra ugyanis m\u00e9g legal\u00e1bb 2 \u00e9vet v\u00e1rni kell. Tov\u00e1bbi\u2026 [ad_2] Source link<\/p>\n","protected":false},"author":2,"featured_media":1342,"comment_status":"open","ping_status":"open","sticky":false,"template":"","format":"standard","meta":{"footnotes":""},"categories":[1],"tags":[],"class_list":["post-1341","post","type-post","status-publish","format-standard","has-post-thumbnail","hentry","category-legujabb-penzugyi-hirek"],"yoast_head":"<!-- This site is optimized with the Yoast SEO plugin v27.4 - https:\/\/yoast.com\/product\/yoast-seo-wordpress\/ -->\n<title>El\u0151bb lesz turb\u00f3 k\u00f6rforgalom, mint fel\u00faj\u00edtott gyorsforgalmi \u00fat - Hot News in World<\/title>\n<meta name=\"robots\" content=\"index, follow, max-snippet:-1, max-image-preview:large, max-video-preview:-1\" \/>\n<link rel=\"canonical\" href=\"https:\/\/hotnewsinworld.com\/hu\/elobb-lesz-turbo-korforgalom-mint-felujitott-gyorsforgalmi-ut\/\" \/>\n<meta property=\"og:locale\" content=\"hu_HU\" \/>\n<meta property=\"og:type\" content=\"article\" \/>\n<meta property=\"og:title\" content=\"El\u0151bb lesz turb\u00f3 k\u00f6rforgalom, mint fel\u00faj\u00edtott gyorsforgalmi \u00fat - Hot News in World\" \/>\n<meta property=\"og:description\" content=\"[ad_1] Elkezd\u0151d\u00f6tt annak a turb\u00f3 k\u00f6rforgalomnak az \u00e9p\u00edt\u00e9se, amely a j\u00f6v\u0151ben megk\u00f6nny\u00edtheti a Liszt Ferenc Rep\u00fcl\u0151t\u00e9r kettes termin\u00e1lj\u00e1nak k\u00f6zleked\u00e9s\u00e9t. A rept\u00e9r \u00e9s k\u00f6rny\u00e9k\u00e9nek megk\u00f6zel\u00edt\u00e9se azonban tov\u00e1bbra is kih\u00edv\u00e1s marad, a rossz \u00e1llapotban l\u00e9v\u0151, balesetvesz\u00e9lyes gyorsforgalmi \u00fat fel\u00faj\u00edt\u00e1s\u00e1ra ugyanis m\u00e9g legal\u00e1bb 2 \u00e9vet v\u00e1rni kell. Tov\u00e1bbi\u2026 [ad_2] Source link\" \/>\n<meta property=\"og:url\" content=\"https:\/\/hotnewsinworld.com\/hu\/elobb-lesz-turbo-korforgalom-mint-felujitott-gyorsforgalmi-ut\/\" \/>\n<meta property=\"og:site_name\" content=\"Hot News in World\" \/>\n<meta property=\"article:published_time\" content=\"2019-08-29T01:06:26+00:00\" \/>\n<meta property=\"article:modified_time\" content=\"2019-08-29T01:06:28+00:00\" \/>\n<meta property=\"og:image\" content=\"https:\/\/hotnewsinworld.com\/hu\/wp-content\/uploads\/sites\/3\/2019\/08\/El\u0151bb-lesz-turb\u00f3-k\u00f6rforgalom-mint-fel\u00faj\u00edtott-gyorsforgalmi-\u00fat.jpg\" \/>\n\t<meta property=\"og:image:width\" content=\"600\" \/>\n\t<meta property=\"og:image:height\" content=\"315\" \/>\n\t<meta property=\"og:image:type\" content=\"image\/jpeg\" \/>\n<meta name=\"author\" content=\"hotnewsinworld\" \/>\n<meta name=\"twitter:card\" content=\"summary_large_image\" \/>\n<meta name=\"twitter:label1\" content=\"Szerz\u0151:\" \/>\n\t<meta name=\"twitter:data1\" content=\"hotnewsinworld\" \/>\n<script type=\"application\/ld+json\" class=\"yoast-schema-graph\">{\"@context\":\"https:\\\/\\\/schema.org\",\"@graph\":[{\"@type\":\"Article\",\"@id\":\"https:\\\/\\\/hotnewsinworld.com\\\/hu\\\/elobb-lesz-turbo-korforgalom-mint-felujitott-gyorsforgalmi-ut\\\/#article\",\"isPartOf\":{\"@id\":\"https:\\\/\\\/hotnewsinworld.com\\\/hu\\\/elobb-lesz-turbo-korforgalom-mint-felujitott-gyorsforgalmi-ut\\\/\"},\"author\":{\"name\":\"hotnewsinworld\",\"@id\":\"https:\\\/\\\/hotnewsinworld.com\\\/hu\\\/#\\\/schema\\\/person\\\/fe61448b21c0d59086e75fcc1f9d8f6b\"},\"headline\":\"El\u0151bb lesz turb\u00f3 k\u00f6rforgalom, mint fel\u00faj\u00edtott gyorsforgalmi \u00fat\",\"datePublished\":\"2019-08-29T01:06:26+00:00\",\"dateModified\":\"2019-08-29T01:06:28+00:00\",\"mainEntityOfPage\":{\"@id\":\"https:\\\/\\\/hotnewsinworld.com\\\/hu\\\/elobb-lesz-turbo-korforgalom-mint-felujitott-gyorsforgalmi-ut\\\/\"},\"wordCount\":96,\"commentCount\":0,\"image\":{\"@id\":\"https:\\\/\\\/hotnewsinworld.com\\\/hu\\\/elobb-lesz-turbo-korforgalom-mint-felujitott-gyorsforgalmi-ut\\\/#primaryimage\"},\"thumbnailUrl\":\"https:\\\/\\\/hotnewsinworld.com\\\/hu\\\/wp-content\\\/uploads\\\/sites\\\/3\\\/2019\\\/08\\\/El\u0151bb-lesz-turb\u00f3-k\u00f6rforgalom-mint-fel\u00faj\u00edtott-gyorsforgalmi-\u00fat.jpg\",\"articleSection\":[\"LEG\u00daJABB P\u00c9NZ\u00dcGYI H\u00cdREK\"],\"inLanguage\":\"hu\",\"potentialAction\":[{\"@type\":\"CommentAction\",\"name\":\"Comment\",\"target\":[\"https:\\\/\\\/hotnewsinworld.com\\\/hu\\\/elobb-lesz-turbo-korforgalom-mint-felujitott-gyorsforgalmi-ut\\\/#respond\"]}]},{\"@type\":\"WebPage\",\"@id\":\"https:\\\/\\\/hotnewsinworld.com\\\/hu\\\/elobb-lesz-turbo-korforgalom-mint-felujitott-gyorsforgalmi-ut\\\/\",\"url\":\"https:\\\/\\\/hotnewsinworld.com\\\/hu\\\/elobb-lesz-turbo-korforgalom-mint-felujitott-gyorsforgalmi-ut\\\/\",\"name\":\"El\u0151bb lesz turb\u00f3 k\u00f6rforgalom, mint fel\u00faj\u00edtott gyorsforgalmi \u00fat - Hot News in World\",\"isPartOf\":{\"@id\":\"https:\\\/\\\/hotnewsinworld.com\\\/hu\\\/#website\"},\"primaryImageOfPage\":{\"@id\":\"https:\\\/\\\/hotnewsinworld.com\\\/hu\\\/elobb-lesz-turbo-korforgalom-mint-felujitott-gyorsforgalmi-ut\\\/#primaryimage\"},\"image\":{\"@id\":\"https:\\\/\\\/hotnewsinworld.com\\\/hu\\\/elobb-lesz-turbo-korforgalom-mint-felujitott-gyorsforgalmi-ut\\\/#primaryimage\"},\"thumbnailUrl\":\"https:\\\/\\\/hotnewsinworld.com\\\/hu\\\/wp-content\\\/uploads\\\/sites\\\/3\\\/2019\\\/08\\\/El\u0151bb-lesz-turb\u00f3-k\u00f6rforgalom-mint-fel\u00faj\u00edtott-gyorsforgalmi-\u00fat.jpg\",\"datePublished\":\"2019-08-29T01:06:26+00:00\",\"dateModified\":\"2019-08-29T01:06:28+00:00\",\"author\":{\"@id\":\"https:\\\/\\\/hotnewsinworld.com\\\/hu\\\/#\\\/schema\\\/person\\\/fe61448b21c0d59086e75fcc1f9d8f6b\"},\"breadcrumb\":{\"@id\":\"https:\\\/\\\/hotnewsinworld.com\\\/hu\\\/elobb-lesz-turbo-korforgalom-mint-felujitott-gyorsforgalmi-ut\\\/#breadcrumb\"},\"inLanguage\":\"hu\",\"potentialAction\":[{\"@type\":\"ReadAction\",\"target\":[\"https:\\\/\\\/hotnewsinworld.com\\\/hu\\\/elobb-lesz-turbo-korforgalom-mint-felujitott-gyorsforgalmi-ut\\\/\"]}]},{\"@type\":\"ImageObject\",\"inLanguage\":\"hu\",\"@id\":\"https:\\\/\\\/hotnewsinworld.com\\\/hu\\\/elobb-lesz-turbo-korforgalom-mint-felujitott-gyorsforgalmi-ut\\\/#primaryimage\",\"url\":\"https:\\\/\\\/hotnewsinworld.com\\\/hu\\\/wp-content\\\/uploads\\\/sites\\\/3\\\/2019\\\/08\\\/El\u0151bb-lesz-turb\u00f3-k\u00f6rforgalom-mint-fel\u00faj\u00edtott-gyorsforgalmi-\u00fat.jpg\",\"contentUrl\":\"https:\\\/\\\/hotnewsinworld.com\\\/hu\\\/wp-content\\\/uploads\\\/sites\\\/3\\\/2019\\\/08\\\/El\u0151bb-lesz-turb\u00f3-k\u00f6rforgalom-mint-fel\u00faj\u00edtott-gyorsforgalmi-\u00fat.jpg\",\"width\":600,\"height\":315,\"caption\":\"El\u0151bb lesz turb\u00f3 k\u00f6rforgalom, mint fel\u00faj\u00edtott gyorsforgalmi \u00fat\"},{\"@type\":\"BreadcrumbList\",\"@id\":\"https:\\\/\\\/hotnewsinworld.com\\\/hu\\\/elobb-lesz-turbo-korforgalom-mint-felujitott-gyorsforgalmi-ut\\\/#breadcrumb\",\"itemListElement\":[{\"@type\":\"ListItem\",\"position\":1,\"name\":\"\u0413\u043b\u0430\u0432\u043d\u0430\u044f \u0441\u0442\u0440\u0430\u043d\u0438\u0446\u0430\",\"item\":\"https:\\\/\\\/hotnewsinworld.com\\\/hu\\\/\"},{\"@type\":\"ListItem\",\"position\":2,\"name\":\"El\u0151bb lesz turb\u00f3 k\u00f6rforgalom, mint fel\u00faj\u00edtott gyorsforgalmi \u00fat\"}]},{\"@type\":\"WebSite\",\"@id\":\"https:\\\/\\\/hotnewsinworld.com\\\/hu\\\/#website\",\"url\":\"https:\\\/\\\/hotnewsinworld.com\\\/hu\\\/\",\"name\":\"Hot News in World\",\"description\":\"Hot News in World from Hungary\",\"potentialAction\":[{\"@type\":\"SearchAction\",\"target\":{\"@type\":\"EntryPoint\",\"urlTemplate\":\"https:\\\/\\\/hotnewsinworld.com\\\/hu\\\/?s={search_term_string}\"},\"query-input\":{\"@type\":\"PropertyValueSpecification\",\"valueRequired\":true,\"valueName\":\"search_term_string\"}}],\"inLanguage\":\"hu\"},{\"@type\":\"Person\",\"@id\":\"https:\\\/\\\/hotnewsinworld.com\\\/hu\\\/#\\\/schema\\\/person\\\/fe61448b21c0d59086e75fcc1f9d8f6b\",\"name\":\"hotnewsinworld\",\"image\":{\"@type\":\"ImageObject\",\"inLanguage\":\"hu\",\"@id\":\"https:\\\/\\\/secure.gravatar.com\\\/avatar\\\/8a09ac165600ce2e1c38fe593c63928eb1e6e7ba5c5a907d67787c41b3d00c14?s=96&d=mm&r=g\",\"url\":\"https:\\\/\\\/secure.gravatar.com\\\/avatar\\\/8a09ac165600ce2e1c38fe593c63928eb1e6e7ba5c5a907d67787c41b3d00c14?s=96&d=mm&r=g\",\"contentUrl\":\"https:\\\/\\\/secure.gravatar.com\\\/avatar\\\/8a09ac165600ce2e1c38fe593c63928eb1e6e7ba5c5a907d67787c41b3d00c14?s=96&d=mm&r=g\",\"caption\":\"hotnewsinworld\"},\"url\":\"https:\\\/\\\/hotnewsinworld.com\\\/hu\\\/author\\\/pt\\\/\"}]}<\/script>\n<!-- \/ Yoast SEO plugin. -->","yoast_head_json":{"title":"El\u0151bb lesz turb\u00f3 k\u00f6rforgalom, mint fel\u00faj\u00edtott gyorsforgalmi \u00fat - Hot News in World","robots":{"index":"index","follow":"follow","max-snippet":"max-snippet:-1","max-image-preview":"max-image-preview:large","max-video-preview":"max-video-preview:-1"},"canonical":"https:\/\/hotnewsinworld.com\/hu\/elobb-lesz-turbo-korforgalom-mint-felujitott-gyorsforgalmi-ut\/","og_locale":"hu_HU","og_type":"article","og_title":"El\u0151bb lesz turb\u00f3 k\u00f6rforgalom, mint fel\u00faj\u00edtott gyorsforgalmi \u00fat - Hot News in World","og_description":"[ad_1] Elkezd\u0151d\u00f6tt annak a turb\u00f3 k\u00f6rforgalomnak az \u00e9p\u00edt\u00e9se, amely a j\u00f6v\u0151ben megk\u00f6nny\u00edtheti a Liszt Ferenc Rep\u00fcl\u0151t\u00e9r kettes termin\u00e1lj\u00e1nak k\u00f6zleked\u00e9s\u00e9t. A rept\u00e9r \u00e9s k\u00f6rny\u00e9k\u00e9nek megk\u00f6zel\u00edt\u00e9se azonban tov\u00e1bbra is kih\u00edv\u00e1s marad, a rossz \u00e1llapotban l\u00e9v\u0151, balesetvesz\u00e9lyes gyorsforgalmi \u00fat fel\u00faj\u00edt\u00e1s\u00e1ra ugyanis m\u00e9g legal\u00e1bb 2 \u00e9vet v\u00e1rni kell. Tov\u00e1bbi\u2026 [ad_2] Source link","og_url":"https:\/\/hotnewsinworld.com\/hu\/elobb-lesz-turbo-korforgalom-mint-felujitott-gyorsforgalmi-ut\/","og_site_name":"Hot News in World","article_published_time":"2019-08-29T01:06:26+00:00","article_modified_time":"2019-08-29T01:06:28+00:00","og_image":[{"width":600,"height":315,"url":"https:\/\/hotnewsinworld.com\/hu\/wp-content\/uploads\/sites\/3\/2019\/08\/El\u0151bb-lesz-turb\u00f3-k\u00f6rforgalom-mint-fel\u00faj\u00edtott-gyorsforgalmi-\u00fat.jpg","type":"image\/jpeg"}],"author":"hotnewsinworld","twitter_card":"summary_large_image","twitter_misc":{"Szerz\u0151:":"hotnewsinworld"},"schema":{"@context":"https:\/\/schema.org","@graph":[{"@type":"Article","@id":"https:\/\/hotnewsinworld.com\/hu\/elobb-lesz-turbo-korforgalom-mint-felujitott-gyorsforgalmi-ut\/#article","isPartOf":{"@id":"https:\/\/hotnewsinworld.com\/hu\/elobb-lesz-turbo-korforgalom-mint-felujitott-gyorsforgalmi-ut\/"},"author":{"name":"hotnewsinworld","@id":"https:\/\/hotnewsinworld.com\/hu\/#\/schema\/person\/fe61448b21c0d59086e75fcc1f9d8f6b"},"headline":"El\u0151bb lesz turb\u00f3 k\u00f6rforgalom, mint fel\u00faj\u00edtott gyorsforgalmi \u00fat","datePublished":"2019-08-29T01:06:26+00:00","dateModified":"2019-08-29T01:06:28+00:00","mainEntityOfPage":{"@id":"https:\/\/hotnewsinworld.com\/hu\/elobb-lesz-turbo-korforgalom-mint-felujitott-gyorsforgalmi-ut\/"},"wordCount":96,"commentCount":0,"image":{"@id":"https:\/\/hotnewsinworld.com\/hu\/elobb-lesz-turbo-korforgalom-mint-felujitott-gyorsforgalmi-ut\/#primaryimage"},"thumbnailUrl":"https:\/\/hotnewsinworld.com\/hu\/wp-content\/uploads\/sites\/3\/2019\/08\/El\u0151bb-lesz-turb\u00f3-k\u00f6rforgalom-mint-fel\u00faj\u00edtott-gyorsforgalmi-\u00fat.jpg","articleSection":["LEG\u00daJABB P\u00c9NZ\u00dcGYI H\u00cdREK"],"inLanguage":"hu","potentialAction":[{"@type":"CommentAction","name":"Comment","target":["https:\/\/hotnewsinworld.com\/hu\/elobb-lesz-turbo-korforgalom-mint-felujitott-gyorsforgalmi-ut\/#respond"]}]},{"@type":"WebPage","@id":"https:\/\/hotnewsinworld.com\/hu\/elobb-lesz-turbo-korforgalom-mint-felujitott-gyorsforgalmi-ut\/","url":"https:\/\/hotnewsinworld.com\/hu\/elobb-lesz-turbo-korforgalom-mint-felujitott-gyorsforgalmi-ut\/","name":"El\u0151bb lesz turb\u00f3 k\u00f6rforgalom, mint fel\u00faj\u00edtott gyorsforgalmi \u00fat - Hot News in World","isPartOf":{"@id":"https:\/\/hotnewsinworld.com\/hu\/#website"},"primaryImageOfPage":{"@id":"https:\/\/hotnewsinworld.com\/hu\/elobb-lesz-turbo-korforgalom-mint-felujitott-gyorsforgalmi-ut\/#primaryimage"},"image":{"@id":"https:\/\/hotnewsinworld.com\/hu\/elobb-lesz-turbo-korforgalom-mint-felujitott-gyorsforgalmi-ut\/#primaryimage"},"thumbnailUrl":"https:\/\/hotnewsinworld.com\/hu\/wp-content\/uploads\/sites\/3\/2019\/08\/El\u0151bb-lesz-turb\u00f3-k\u00f6rforgalom-mint-fel\u00faj\u00edtott-gyorsforgalmi-\u00fat.jpg","datePublished":"2019-08-29T01:06:26+00:00","dateModified":"2019-08-29T01:06:28+00:00","author":{"@id":"https:\/\/hotnewsinworld.com\/hu\/#\/schema\/person\/fe61448b21c0d59086e75fcc1f9d8f6b"},"breadcrumb":{"@id":"https:\/\/hotnewsinworld.com\/hu\/elobb-lesz-turbo-korforgalom-mint-felujitott-gyorsforgalmi-ut\/#breadcrumb"},"inLanguage":"hu","potentialAction":[{"@type":"ReadAction","target":["https:\/\/hotnewsinworld.com\/hu\/elobb-lesz-turbo-korforgalom-mint-felujitott-gyorsforgalmi-ut\/"]}]},{"@type":"ImageObject","inLanguage":"hu","@id":"https:\/\/hotnewsinworld.com\/hu\/elobb-lesz-turbo-korforgalom-mint-felujitott-gyorsforgalmi-ut\/#primaryimage","url":"https:\/\/hotnewsinworld.com\/hu\/wp-content\/uploads\/sites\/3\/2019\/08\/El\u0151bb-lesz-turb\u00f3-k\u00f6rforgalom-mint-fel\u00faj\u00edtott-gyorsforgalmi-\u00fat.jpg","contentUrl":"https:\/\/hotnewsinworld.com\/hu\/wp-content\/uploads\/sites\/3\/2019\/08\/El\u0151bb-lesz-turb\u00f3-k\u00f6rforgalom-mint-fel\u00faj\u00edtott-gyorsforgalmi-\u00fat.jpg","width":600,"height":315,"caption":"El\u0151bb lesz turb\u00f3 k\u00f6rforgalom, mint fel\u00faj\u00edtott gyorsforgalmi \u00fat"},{"@type":"BreadcrumbList","@id":"https:\/\/hotnewsinworld.com\/hu\/elobb-lesz-turbo-korforgalom-mint-felujitott-gyorsforgalmi-ut\/#breadcrumb","itemListElement":[{"@type":"ListItem","position":1,"name":"\u0413\u043b\u0430\u0432\u043d\u0430\u044f \u0441\u0442\u0440\u0430\u043d\u0438\u0446\u0430","item":"https:\/\/hotnewsinworld.com\/hu\/"},{"@type":"ListItem","position":2,"name":"El\u0151bb lesz turb\u00f3 k\u00f6rforgalom, mint fel\u00faj\u00edtott gyorsforgalmi \u00fat"}]},{"@type":"WebSite","@id":"https:\/\/hotnewsinworld.com\/hu\/#website","url":"https:\/\/hotnewsinworld.com\/hu\/","name":"Hot News in World","description":"Hot News in World from Hungary","potentialAction":[{"@type":"SearchAction","target":{"@type":"EntryPoint","urlTemplate":"https:\/\/hotnewsinworld.com\/hu\/?s={search_term_string}"},"query-input":{"@type":"PropertyValueSpecification","valueRequired":true,"valueName":"search_term_string"}}],"inLanguage":"hu"},{"@type":"Person","@id":"https:\/\/hotnewsinworld.com\/hu\/#\/schema\/person\/fe61448b21c0d59086e75fcc1f9d8f6b","name":"hotnewsinworld","image":{"@type":"ImageObject","inLanguage":"hu","@id":"https:\/\/secure.gravatar.com\/avatar\/8a09ac165600ce2e1c38fe593c63928eb1e6e7ba5c5a907d67787c41b3d00c14?s=96&d=mm&r=g","url":"https:\/\/secure.gravatar.com\/avatar\/8a09ac165600ce2e1c38fe593c63928eb1e6e7ba5c5a907d67787c41b3d00c14?s=96&d=mm&r=g","contentUrl":"https:\/\/secure.gravatar.com\/avatar\/8a09ac165600ce2e1c38fe593c63928eb1e6e7ba5c5a907d67787c41b3d00c14?s=96&d=mm&r=g","caption":"hotnewsinworld"},"url":"https:\/\/hotnewsinworld.com\/hu\/author\/pt\/"}]}},"_links":{"self":[{"href":"https:\/\/hotnewsinworld.com\/hu\/wp-json\/wp\/v2\/posts\/1341","targetHints":{"allow":["GET"]}}],"collection":[{"href":"https:\/\/hotnewsinworld.com\/hu\/wp-json\/wp\/v2\/posts"}],"about":[{"href":"https:\/\/hotnewsinworld.com\/hu\/wp-json\/wp\/v2\/types\/post"}],"author":[{"embeddable":true,"href":"https:\/\/hotnewsinworld.com\/hu\/wp-json\/wp\/v2\/users\/2"}],"replies":[{"embeddable":true,"href":"https:\/\/hotnewsinworld.com\/hu\/wp-json\/wp\/v2\/comments?post=1341"}],"version-history":[{"count":1,"href":"https:\/\/hotnewsinworld.com\/hu\/wp-json\/wp\/v2\/posts\/1341\/revisions"}],"predecessor-version":[{"id":1343,"href":"https:\/\/hotnewsinworld.com\/hu\/wp-json\/wp\/v2\/posts\/1341\/revisions\/1343"}],"wp:featuredmedia":[{"embeddable":true,"href":"https:\/\/hotnewsinworld.com\/hu\/wp-json\/wp\/v2\/media\/1342"}],"wp:attachment":[{"href":"https:\/\/hotnewsinworld.com\/hu\/wp-json\/wp\/v2\/media?parent=1341"}],"wp:term":[{"taxonomy":"category","embeddable":true,"href":"https:\/\/hotnewsinworld.com\/hu\/wp-json\/wp\/v2\/categories?post=1341"},{"taxonomy":"post_tag","embeddable":true,"href":"https:\/\/hotnewsinworld.com\/hu\/wp-json\/wp\/v2\/tags?post=1341"}],"curies":[{"name":"wp","href":"https:\/\/api.w.org\/{rel}","templated":true}]}}