{"id":1344,"date":"2019-08-29T06:15:39","date_gmt":"2019-08-29T03:15:39","guid":{"rendered":"https:\/\/hotnewsinworld.com\/hu\/budapestnek-700-milliardnyi-elfogadott-fejlesztesi-projektje-van\/"},"modified":"2019-08-29T06:15:40","modified_gmt":"2019-08-29T03:15:40","slug":"budapestnek-700-milliardnyi-elfogadott-fejlesztesi-projektje-van","status":"publish","type":"post","link":"https:\/\/hotnewsinworld.com\/hu\/budapestnek-700-milliardnyi-elfogadott-fejlesztesi-projektje-van\/","title":{"rendered":"Budapestnek 700 milli\u00e1rdnyi elfogadott fejleszt\u00e9si projektje van"},"content":{"rendered":"<p> [ad_1]<br \/>\n<\/p>\n<div>\n<div class=\"talalat kotegTitle\">\n<p class=\"lead\">A f\u0151polg\u00e1rmester k\u00f6z\u00f6lte, jelenlegi elk\u00e9pzel\u00e9seiket, amelyeket a k\u00f6zfejleszt\u00e9si tan\u00e1cs el\u00e9 vittek, eddig a korm\u00e1ny marad\u00e9ktalanul j\u00f3v\u00e1hagyta.<\/p>\n<\/div>\n<div class=\"talalat contsrc_24  szurke line-with-image-container\"><span class=\"line-with-image\"><span class=\"line-with-image-inner\" style=\"background-image:url('https:\/\/stat.hirstart.hu\/image\/20190828\/4834563\/tarlos_az_ellenzek_batorsagfejleszto_szovegekkel_ont_lelket_magaba-73x73-crop.jpg');background-repeat: no-repeat; background-size: 73.00px auto; width: 73.00px; height: 73.00px\"><\/span><\/span>class=&#8221;line-title-with-image&#8221;&gt;<\/p>\n<div class=\"line-with-image-search-padding\">\n<p class=\"lead\">Ez a nyolcadik polg\u00e1rmesteri \u00e9s f\u0151polg\u00e1rmesteri kamp\u00e1ny, amelyben r\u00e9szt veszek, megszoktam a b\u00e1tors\u00e1gfejleszt\u0151 sz\u00f6vegeket \u2013 reag\u00e1lt Gr\u00e9czy Zsolt kijelent\u00e9s\u00e9re Tarl\u00f3s Istv\u00e1n az ATV Start c\u00edm\u0171 m\u0171sor\u00e1ban. Gr\u00e9czy kor\u00e1bban a Startban azt prognosztiz\u00e1lta, hogy az \u00f6t \u00e9vvel ezel\u0151ttin\u00e9l t\u00f6bb ellenz\u00e9ki polg\u00e1rmester lesz Budapesten \u00e9s Kar\u00e1csony\u2026<\/p>\n<\/div>\n<\/div>\n<div class=\"talalat contsrc_741  szurke line-with-image-container\"><span class=\"line-with-image\"><span class=\"line-with-image-inner\" style=\"background-image:url('https:\/\/stat.hirstart.hu\/image\/20190828\/4835683\/tarlos_2016_ota_9947_fat_ultettek_a_fovarosban-73x73-crop.jpg');background-repeat: no-repeat; background-size: 73.00px auto; width: 73.00px; height: 73.00px\"><\/span><\/span>class=&#8221;line-title-with-image&#8221;&gt;<\/p>\n<div class=\"line-with-image-search-padding\">\n<p class=\"lead\">Budapestnek m\u00e1r 700 milli\u00e1rd forintnyi elfogadott fejleszt\u00e9si projektje van a F\u0151v\u00e1rosi K\u00f6zfejleszt\u00e9sek Tan\u00e1cs\u00e1n kereszt\u00fcl \u2013 mondta Tarl\u00f3s Istv\u00e1n, a harmadik ciklus\u00e1ra k\u00e9sz\u00fcl\u0151 f\u0151polg\u00e1rmester szerda reggel az ATV Start c\u00edm\u0171 m\u0171sor\u00e1ban.<br \/>\nTarl\u00f3s Istv\u00e1n k\u00f6z\u00f6lte, jelenlegi elk\u00e9pzel\u00e9seiket, amelyeket a k\u00f6zfejleszt\u00e9si tan\u00e1cs el\u00e9 vittek, eddig a korm\u00e1ny\u2026<\/p>\n<\/div>\n<\/div>\n<div class=\"talalat contsrc_800  \">class=&#8221;&#8221;&gt;<\/p>\n<p class=\"lead\">Az ellenz\u00e9ki f\u0151polg\u00e1rmesteri kamp\u00e1ny egy suta, t\u00falz\u00e1sokkal tark\u00edtott, monoton korm\u00e1nybuktat\u00e1si szimul\u00e1ci\u00f3, aminek a v\u00e1ros menedzsel\u00e9se szempontj\u00e1b\u00f3l semmi \u00e9rtelme nincs.<\/p>\n<\/div>\n<div class=\"talalat contsrc_691  szurke line-with-image-container\"><span class=\"line-with-image\"><span class=\"line-with-image-inner\" style=\"background-image:url('https:\/\/stat.hirstart.hu\/image\/20190828\/4835012\/tarlos_istvan_budapestnek_700_milliardnyi_elfogadott_fejlesztesi_projektje_van-73x73-crop.jpg');background-repeat: no-repeat; background-size: 73.00px auto; width: 73.00px; height: 73.00px\"><\/span><\/span>class=&#8221;line-title-with-image&#8221;&gt;<\/p>\n<div class=\"line-with-image-search-padding\">\n<p class=\"lead\">Budapestnek m\u00e1r 700 milli\u00e1rd forintnyi elfogadott fejleszt\u00e9si projektje van a F\u0151v\u00e1rosi K\u00f6zfejleszt\u00e9sek Tan\u00e1cs\u00e1n kereszt\u00fcl &#8211; mondta Tarl\u00f3s Istv\u00e1n, a harmadik ciklus\u00e1ra k\u00e9sz\u00fcl\u0151 f\u0151polg\u00e1rmester szerda reggel az Atv Start c\u00edm\u0171 m\u0171sor\u00e1ban.<\/p>\n<\/div>\n<\/div>\n<div class=\"talalat contsrc_691  line-with-image-container\"><span class=\"line-with-image\"><span class=\"line-with-image-inner\" style=\"background-image:url('https:\/\/stat.hirstart.hu\/image\/20190829\/4838791\/tarlos_hetfotol_ujra_jar_a_4-es_es_a_6-os-73x73-crop.jpg');background-repeat: no-repeat; background-size: 73.00px auto; width: 73.00px; height: 73.00px\"><\/span><\/span>class=&#8221;line-title-with-image&#8221;&gt;<\/p>\n<div class=\"line-with-image-search-padding\">\n<p class=\"lead\">J\u00f6v\u0151 h\u00e9tf\u0151t\u0151l \u00fajra teljes vonalon j\u00e1r majd a 4-es \u00e9s a 6-os villamos \u2013 jelentette be telev\u00edzi\u00f3interj\u00faban Tarl\u00f3s Istv\u00e1n f\u0151polg\u00e1rmester, aki arr\u00f3l is bezs\u00e1molt, hogy\u00a0Budapestnek 700 milli\u00e1rd forintnyi elfogadott fejleszt\u00e9si projektje van a F\u0151v\u00e1rosi K\u00f6zfejleszt\u00e9sek Tan\u00e1cs\u00e1n kereszt\u00fcl.<\/p>\n<\/div>\n<\/div>\n<div class=\"talalat contsrc_118  szurke line-with-image-container\"><span class=\"line-with-image\"><span class=\"line-with-image-inner\" style=\"background-image:url('https:\/\/stat.hirstart.hu\/image\/20190828\/4835182\/tarlos_tobbszaz_milliardnyi_fejlesztesi_projekt_var_a_megvalositasra-73x73-crop.jpg');background-repeat: no-repeat; background-size: 73.00px auto; width: 73.00px; height: 73.00px\"><\/span><\/span>class=&#8221;line-title-with-image&#8221;&gt;<\/p>\n<div class=\"line-with-image-search-padding\">\n<p class=\"lead\">A f\u0151polg\u00e1rmester k\u00f6z\u00f6lte, jelenlegi elk\u00e9pzel\u00e9seiket, amelyeket a k\u00f6zfejleszt\u00e9si tan\u00e1cs el\u00e9 vittek, eddig a korm\u00e1ny marad\u00e9ktalanul j\u00f3v\u00e1hagyta.<\/p>\n<\/div>\n<\/div>\n<div class=\"talalat contsrc_54  line-with-image-container\"><span class=\"line-with-image\"><span class=\"line-with-image-inner\" style=\"background-image:url('https:\/\/stat.hirstart.hu\/image\/20190828\/4835143\/mar_700_milliardnyi_elfogadott_fejlesztesi_projektje_van_budapestnek-73x73-crop.jpg');background-repeat: no-repeat; background-size: 73.00px auto; width: 73.00px; height: 73.00px\"><\/span><\/span>class=&#8221;line-title-with-image&#8221;&gt;<\/p>\n<div class=\"line-with-image-search-padding\">\n<p class=\"lead\">Eddig a korm\u00e1ny minden tervet marad\u00e9ktalanul j\u00f3v\u00e1hagyta \u2013 emelte ki a f\u0151polg\u00e1rmester.<\/p>\n<\/div>\n<\/div>\n<div class=\"talalat contsrc_126  szurke line-with-image-container\"><span class=\"line-with-image\"><span class=\"line-with-image-inner\" style=\"background-image:url('https:\/\/stat.hirstart.hu\/image\/20190828\/4835159\/budapestnek_700_milliardnyi_elfogadott_fejlesztesi_projektje_van-73x73-crop.jpg');background-repeat: no-repeat; background-size: 73.00px auto; width: 73.00px; height: 73.00px\"><\/span><\/span>class=&#8221;line-title-with-image&#8221;&gt;<\/p>\n<div class=\"line-with-image-search-padding\">\n<p class=\"lead\">A fejleszt\u00e9sek k\u00f6z\u00f6tt szerepel t\u00f6bbek k\u00f6z\u00f6tt a L\u00e1nch\u00edd \u00e9s a Ferihegyi \u00fat fel\u00faj\u00edt\u00e1sa &#8211; sz\u00f6gezte le a f\u0151polg\u00e1rmester.<\/p>\n<\/div>\n<\/div>\n<div class=\"talalat contsrc_1048  line-with-image-container\"><span class=\"line-with-image\"><span class=\"line-with-image-inner\" style=\"background-image:url('https:\/\/stat.hirstart.hu\/image\/20190828\/4835604\/onkormanyzat_2019_tarlos_budapestnek_700_milliardnyi_elfogadott_fejlesztesi_projektje_v-73x73-crop.jpg');background-repeat: no-repeat; background-size: 73.00px auto; width: 73.00px; height: 73.00px\"><\/span><\/span>class=&#8221;line-title-with-image&#8221;&gt;<\/p>\n<div class=\"line-with-image-search-padding\">\n<p class=\"lead\">Budapestnek m\u00e1r 700 milli\u00e1rd forintnyi elfogadott fejleszt\u00e9si projektje van a F\u0151v\u00e1rosi K\u00f6zfejleszt\u00e9sek Tan\u00e1cs\u00e1n kereszt\u00fcl \u2013 mondta Tarl\u00f3s Istv\u00e1n, a harmadik &#8230;<\/p>\n<\/div>\n<\/div>\n<\/div>\n<p><script>(function(d, s, id) {\n  var js, fjs = d.getElementsByTagName(s)[0];\n  if (d.getElementById(id)) return;\n  js = d.createElement(s); js.id = id;\n  js.src = \"http:\/\/connect.facebook.net\/hu_HU\/sdk.js#xfbml=1&version=v2.6\";\n  fjs.parentNode.insertBefore(js, fjs);\n}(document, 'script', 'facebook-jssdk'));<\/script><br \/>\n<br \/>[ad_2]<br \/>\n<br \/><a href=\"https:\/\/hirek.oldal.info\/rssclick\/14352354\">Source link <\/a><\/p>\n","protected":false},"excerpt":{"rendered":"<p>[ad_1] A f\u0151polg\u00e1rmester k\u00f6z\u00f6lte, jelenlegi elk\u00e9pzel\u00e9seiket, amelyeket a k\u00f6zfejleszt\u00e9si tan\u00e1cs el\u00e9 vittek, eddig a korm\u00e1ny marad\u00e9ktalanul j\u00f3v\u00e1hagyta. class=&#8221;line-title-with-image&#8221;&gt; Ez a nyolcadik polg\u00e1rmesteri \u00e9s f\u0151polg\u00e1rmesteri kamp\u00e1ny, amelyben r\u00e9szt veszek, megszoktam a b\u00e1tors\u00e1gfejleszt\u0151 sz\u00f6vegeket \u2013 reag\u00e1lt Gr\u00e9czy Zsolt kijelent\u00e9s\u00e9re Tarl\u00f3s Istv\u00e1n az ATV Start c\u00edm\u0171 m\u0171sor\u00e1ban. Gr\u00e9czy kor\u00e1bban a Startban azt prognosztiz\u00e1lta, hogy az \u00f6t \u00e9vvel ezel\u0151ttin\u00e9l [&hellip;]<\/p>\n","protected":false},"author":2,"featured_media":1345,"comment_status":"open","ping_status":"open","sticky":false,"template":"","format":"standard","meta":{"footnotes":""},"categories":[1],"tags":[],"class_list":["post-1344","post","type-post","status-publish","format-standard","has-post-thumbnail","hentry","category-legujabb-penzugyi-hirek"],"yoast_head":"<!-- This site is optimized with the Yoast SEO plugin v27.4 - https:\/\/yoast.com\/product\/yoast-seo-wordpress\/ -->\n<title>Budapestnek 700 milli\u00e1rdnyi elfogadott fejleszt\u00e9si projektje van - Hot News in World<\/title>\n<meta name=\"robots\" content=\"index, follow, max-snippet:-1, max-image-preview:large, max-video-preview:-1\" \/>\n<link rel=\"canonical\" href=\"https:\/\/hotnewsinworld.com\/hu\/budapestnek-700-milliardnyi-elfogadott-fejlesztesi-projektje-van\/\" \/>\n<meta property=\"og:locale\" content=\"hu_HU\" \/>\n<meta property=\"og:type\" content=\"article\" \/>\n<meta property=\"og:title\" content=\"Budapestnek 700 milli\u00e1rdnyi elfogadott fejleszt\u00e9si projektje van - Hot News in World\" \/>\n<meta property=\"og:description\" content=\"[ad_1] A f\u0151polg\u00e1rmester k\u00f6z\u00f6lte, jelenlegi elk\u00e9pzel\u00e9seiket, amelyeket a k\u00f6zfejleszt\u00e9si tan\u00e1cs el\u00e9 vittek, eddig a korm\u00e1ny marad\u00e9ktalanul j\u00f3v\u00e1hagyta. class=&#8221;line-title-with-image&#8221;&gt; Ez a nyolcadik polg\u00e1rmesteri \u00e9s f\u0151polg\u00e1rmesteri kamp\u00e1ny, amelyben r\u00e9szt veszek, megszoktam a b\u00e1tors\u00e1gfejleszt\u0151 sz\u00f6vegeket \u2013 reag\u00e1lt Gr\u00e9czy Zsolt kijelent\u00e9s\u00e9re Tarl\u00f3s Istv\u00e1n az ATV Start c\u00edm\u0171 m\u0171sor\u00e1ban. Gr\u00e9czy kor\u00e1bban a Startban azt prognosztiz\u00e1lta, hogy az \u00f6t \u00e9vvel ezel\u0151ttin\u00e9l [&hellip;]\" \/>\n<meta property=\"og:url\" content=\"https:\/\/hotnewsinworld.com\/hu\/budapestnek-700-milliardnyi-elfogadott-fejlesztesi-projektje-van\/\" \/>\n<meta property=\"og:site_name\" content=\"Hot News in World\" \/>\n<meta property=\"article:published_time\" content=\"2019-08-29T03:15:39+00:00\" \/>\n<meta property=\"article:modified_time\" content=\"2019-08-29T03:15:40+00:00\" \/>\n<meta property=\"og:image\" content=\"https:\/\/hotnewsinworld.com\/hu\/wp-content\/uploads\/sites\/3\/2019\/08\/Budapestnek-700-milli\u00e1rdnyi-elfogadott-fejleszt\u00e9si-projektje-van.jpg\" \/>\n\t<meta property=\"og:image:width\" content=\"600\" \/>\n\t<meta property=\"og:image:height\" content=\"315\" \/>\n\t<meta property=\"og:image:type\" content=\"image\/jpeg\" \/>\n<meta name=\"author\" content=\"hotnewsinworld\" \/>\n<meta name=\"twitter:card\" content=\"summary_large_image\" \/>\n<meta name=\"twitter:label1\" content=\"Szerz\u0151:\" \/>\n\t<meta name=\"twitter:data1\" content=\"hotnewsinworld\" \/>\n\t<meta name=\"twitter:label2\" content=\"Becs\u00fclt olvas\u00e1si id\u0151\" \/>\n\t<meta name=\"twitter:data2\" content=\"2 perc\" \/>\n<script type=\"application\/ld+json\" class=\"yoast-schema-graph\">{\"@context\":\"https:\\\/\\\/schema.org\",\"@graph\":[{\"@type\":\"Article\",\"@id\":\"https:\\\/\\\/hotnewsinworld.com\\\/hu\\\/budapestnek-700-milliardnyi-elfogadott-fejlesztesi-projektje-van\\\/#article\",\"isPartOf\":{\"@id\":\"https:\\\/\\\/hotnewsinworld.com\\\/hu\\\/budapestnek-700-milliardnyi-elfogadott-fejlesztesi-projektje-van\\\/\"},\"author\":{\"name\":\"hotnewsinworld\",\"@id\":\"https:\\\/\\\/hotnewsinworld.com\\\/hu\\\/#\\\/schema\\\/person\\\/fe61448b21c0d59086e75fcc1f9d8f6b\"},\"headline\":\"Budapestnek 700 milli\u00e1rdnyi elfogadott fejleszt\u00e9si projektje van\",\"datePublished\":\"2019-08-29T03:15:39+00:00\",\"dateModified\":\"2019-08-29T03:15:40+00:00\",\"mainEntityOfPage\":{\"@id\":\"https:\\\/\\\/hotnewsinworld.com\\\/hu\\\/budapestnek-700-milliardnyi-elfogadott-fejlesztesi-projektje-van\\\/\"},\"wordCount\":457,\"commentCount\":0,\"image\":{\"@id\":\"https:\\\/\\\/hotnewsinworld.com\\\/hu\\\/budapestnek-700-milliardnyi-elfogadott-fejlesztesi-projektje-van\\\/#primaryimage\"},\"thumbnailUrl\":\"https:\\\/\\\/hotnewsinworld.com\\\/hu\\\/wp-content\\\/uploads\\\/sites\\\/3\\\/2019\\\/08\\\/Budapestnek-700-milli\u00e1rdnyi-elfogadott-fejleszt\u00e9si-projektje-van.jpg\",\"articleSection\":[\"LEG\u00daJABB P\u00c9NZ\u00dcGYI H\u00cdREK\"],\"inLanguage\":\"hu\",\"potentialAction\":[{\"@type\":\"CommentAction\",\"name\":\"Comment\",\"target\":[\"https:\\\/\\\/hotnewsinworld.com\\\/hu\\\/budapestnek-700-milliardnyi-elfogadott-fejlesztesi-projektje-van\\\/#respond\"]}]},{\"@type\":\"WebPage\",\"@id\":\"https:\\\/\\\/hotnewsinworld.com\\\/hu\\\/budapestnek-700-milliardnyi-elfogadott-fejlesztesi-projektje-van\\\/\",\"url\":\"https:\\\/\\\/hotnewsinworld.com\\\/hu\\\/budapestnek-700-milliardnyi-elfogadott-fejlesztesi-projektje-van\\\/\",\"name\":\"Budapestnek 700 milli\u00e1rdnyi elfogadott fejleszt\u00e9si projektje van - Hot News in World\",\"isPartOf\":{\"@id\":\"https:\\\/\\\/hotnewsinworld.com\\\/hu\\\/#website\"},\"primaryImageOfPage\":{\"@id\":\"https:\\\/\\\/hotnewsinworld.com\\\/hu\\\/budapestnek-700-milliardnyi-elfogadott-fejlesztesi-projektje-van\\\/#primaryimage\"},\"image\":{\"@id\":\"https:\\\/\\\/hotnewsinworld.com\\\/hu\\\/budapestnek-700-milliardnyi-elfogadott-fejlesztesi-projektje-van\\\/#primaryimage\"},\"thumbnailUrl\":\"https:\\\/\\\/hotnewsinworld.com\\\/hu\\\/wp-content\\\/uploads\\\/sites\\\/3\\\/2019\\\/08\\\/Budapestnek-700-milli\u00e1rdnyi-elfogadott-fejleszt\u00e9si-projektje-van.jpg\",\"datePublished\":\"2019-08-29T03:15:39+00:00\",\"dateModified\":\"2019-08-29T03:15:40+00:00\",\"author\":{\"@id\":\"https:\\\/\\\/hotnewsinworld.com\\\/hu\\\/#\\\/schema\\\/person\\\/fe61448b21c0d59086e75fcc1f9d8f6b\"},\"breadcrumb\":{\"@id\":\"https:\\\/\\\/hotnewsinworld.com\\\/hu\\\/budapestnek-700-milliardnyi-elfogadott-fejlesztesi-projektje-van\\\/#breadcrumb\"},\"inLanguage\":\"hu\",\"potentialAction\":[{\"@type\":\"ReadAction\",\"target\":[\"https:\\\/\\\/hotnewsinworld.com\\\/hu\\\/budapestnek-700-milliardnyi-elfogadott-fejlesztesi-projektje-van\\\/\"]}]},{\"@type\":\"ImageObject\",\"inLanguage\":\"hu\",\"@id\":\"https:\\\/\\\/hotnewsinworld.com\\\/hu\\\/budapestnek-700-milliardnyi-elfogadott-fejlesztesi-projektje-van\\\/#primaryimage\",\"url\":\"https:\\\/\\\/hotnewsinworld.com\\\/hu\\\/wp-content\\\/uploads\\\/sites\\\/3\\\/2019\\\/08\\\/Budapestnek-700-milli\u00e1rdnyi-elfogadott-fejleszt\u00e9si-projektje-van.jpg\",\"contentUrl\":\"https:\\\/\\\/hotnewsinworld.com\\\/hu\\\/wp-content\\\/uploads\\\/sites\\\/3\\\/2019\\\/08\\\/Budapestnek-700-milli\u00e1rdnyi-elfogadott-fejleszt\u00e9si-projektje-van.jpg\",\"width\":600,\"height\":315,\"caption\":\"Budapestnek 700 milli\u00e1rdnyi elfogadott fejleszt\u00e9si projektje van\"},{\"@type\":\"BreadcrumbList\",\"@id\":\"https:\\\/\\\/hotnewsinworld.com\\\/hu\\\/budapestnek-700-milliardnyi-elfogadott-fejlesztesi-projektje-van\\\/#breadcrumb\",\"itemListElement\":[{\"@type\":\"ListItem\",\"position\":1,\"name\":\"\u0413\u043b\u0430\u0432\u043d\u0430\u044f \u0441\u0442\u0440\u0430\u043d\u0438\u0446\u0430\",\"item\":\"https:\\\/\\\/hotnewsinworld.com\\\/hu\\\/\"},{\"@type\":\"ListItem\",\"position\":2,\"name\":\"Budapestnek 700 milli\u00e1rdnyi elfogadott fejleszt\u00e9si projektje van\"}]},{\"@type\":\"WebSite\",\"@id\":\"https:\\\/\\\/hotnewsinworld.com\\\/hu\\\/#website\",\"url\":\"https:\\\/\\\/hotnewsinworld.com\\\/hu\\\/\",\"name\":\"Hot News in World\",\"description\":\"Hot News in World from Hungary\",\"potentialAction\":[{\"@type\":\"SearchAction\",\"target\":{\"@type\":\"EntryPoint\",\"urlTemplate\":\"https:\\\/\\\/hotnewsinworld.com\\\/hu\\\/?s={search_term_string}\"},\"query-input\":{\"@type\":\"PropertyValueSpecification\",\"valueRequired\":true,\"valueName\":\"search_term_string\"}}],\"inLanguage\":\"hu\"},{\"@type\":\"Person\",\"@id\":\"https:\\\/\\\/hotnewsinworld.com\\\/hu\\\/#\\\/schema\\\/person\\\/fe61448b21c0d59086e75fcc1f9d8f6b\",\"name\":\"hotnewsinworld\",\"image\":{\"@type\":\"ImageObject\",\"inLanguage\":\"hu\",\"@id\":\"https:\\\/\\\/secure.gravatar.com\\\/avatar\\\/8a09ac165600ce2e1c38fe593c63928eb1e6e7ba5c5a907d67787c41b3d00c14?s=96&d=mm&r=g\",\"url\":\"https:\\\/\\\/secure.gravatar.com\\\/avatar\\\/8a09ac165600ce2e1c38fe593c63928eb1e6e7ba5c5a907d67787c41b3d00c14?s=96&d=mm&r=g\",\"contentUrl\":\"https:\\\/\\\/secure.gravatar.com\\\/avatar\\\/8a09ac165600ce2e1c38fe593c63928eb1e6e7ba5c5a907d67787c41b3d00c14?s=96&d=mm&r=g\",\"caption\":\"hotnewsinworld\"},\"url\":\"https:\\\/\\\/hotnewsinworld.com\\\/hu\\\/author\\\/pt\\\/\"}]}<\/script>\n<!-- \/ Yoast SEO plugin. -->","yoast_head_json":{"title":"Budapestnek 700 milli\u00e1rdnyi elfogadott fejleszt\u00e9si projektje van - Hot News in World","robots":{"index":"index","follow":"follow","max-snippet":"max-snippet:-1","max-image-preview":"max-image-preview:large","max-video-preview":"max-video-preview:-1"},"canonical":"https:\/\/hotnewsinworld.com\/hu\/budapestnek-700-milliardnyi-elfogadott-fejlesztesi-projektje-van\/","og_locale":"hu_HU","og_type":"article","og_title":"Budapestnek 700 milli\u00e1rdnyi elfogadott fejleszt\u00e9si projektje van - Hot News in World","og_description":"[ad_1] A f\u0151polg\u00e1rmester k\u00f6z\u00f6lte, jelenlegi elk\u00e9pzel\u00e9seiket, amelyeket a k\u00f6zfejleszt\u00e9si tan\u00e1cs el\u00e9 vittek, eddig a korm\u00e1ny marad\u00e9ktalanul j\u00f3v\u00e1hagyta. class=&#8221;line-title-with-image&#8221;&gt; Ez a nyolcadik polg\u00e1rmesteri \u00e9s f\u0151polg\u00e1rmesteri kamp\u00e1ny, amelyben r\u00e9szt veszek, megszoktam a b\u00e1tors\u00e1gfejleszt\u0151 sz\u00f6vegeket \u2013 reag\u00e1lt Gr\u00e9czy Zsolt kijelent\u00e9s\u00e9re Tarl\u00f3s Istv\u00e1n az ATV Start c\u00edm\u0171 m\u0171sor\u00e1ban. Gr\u00e9czy kor\u00e1bban a Startban azt prognosztiz\u00e1lta, hogy az \u00f6t \u00e9vvel ezel\u0151ttin\u00e9l [&hellip;]","og_url":"https:\/\/hotnewsinworld.com\/hu\/budapestnek-700-milliardnyi-elfogadott-fejlesztesi-projektje-van\/","og_site_name":"Hot News in World","article_published_time":"2019-08-29T03:15:39+00:00","article_modified_time":"2019-08-29T03:15:40+00:00","og_image":[{"width":600,"height":315,"url":"https:\/\/hotnewsinworld.com\/hu\/wp-content\/uploads\/sites\/3\/2019\/08\/Budapestnek-700-milli\u00e1rdnyi-elfogadott-fejleszt\u00e9si-projektje-van.jpg","type":"image\/jpeg"}],"author":"hotnewsinworld","twitter_card":"summary_large_image","twitter_misc":{"Szerz\u0151:":"hotnewsinworld","Becs\u00fclt olvas\u00e1si id\u0151":"2 perc"},"schema":{"@context":"https:\/\/schema.org","@graph":[{"@type":"Article","@id":"https:\/\/hotnewsinworld.com\/hu\/budapestnek-700-milliardnyi-elfogadott-fejlesztesi-projektje-van\/#article","isPartOf":{"@id":"https:\/\/hotnewsinworld.com\/hu\/budapestnek-700-milliardnyi-elfogadott-fejlesztesi-projektje-van\/"},"author":{"name":"hotnewsinworld","@id":"https:\/\/hotnewsinworld.com\/hu\/#\/schema\/person\/fe61448b21c0d59086e75fcc1f9d8f6b"},"headline":"Budapestnek 700 milli\u00e1rdnyi elfogadott fejleszt\u00e9si projektje van","datePublished":"2019-08-29T03:15:39+00:00","dateModified":"2019-08-29T03:15:40+00:00","mainEntityOfPage":{"@id":"https:\/\/hotnewsinworld.com\/hu\/budapestnek-700-milliardnyi-elfogadott-fejlesztesi-projektje-van\/"},"wordCount":457,"commentCount":0,"image":{"@id":"https:\/\/hotnewsinworld.com\/hu\/budapestnek-700-milliardnyi-elfogadott-fejlesztesi-projektje-van\/#primaryimage"},"thumbnailUrl":"https:\/\/hotnewsinworld.com\/hu\/wp-content\/uploads\/sites\/3\/2019\/08\/Budapestnek-700-milli\u00e1rdnyi-elfogadott-fejleszt\u00e9si-projektje-van.jpg","articleSection":["LEG\u00daJABB P\u00c9NZ\u00dcGYI H\u00cdREK"],"inLanguage":"hu","potentialAction":[{"@type":"CommentAction","name":"Comment","target":["https:\/\/hotnewsinworld.com\/hu\/budapestnek-700-milliardnyi-elfogadott-fejlesztesi-projektje-van\/#respond"]}]},{"@type":"WebPage","@id":"https:\/\/hotnewsinworld.com\/hu\/budapestnek-700-milliardnyi-elfogadott-fejlesztesi-projektje-van\/","url":"https:\/\/hotnewsinworld.com\/hu\/budapestnek-700-milliardnyi-elfogadott-fejlesztesi-projektje-van\/","name":"Budapestnek 700 milli\u00e1rdnyi elfogadott fejleszt\u00e9si projektje van - Hot News in World","isPartOf":{"@id":"https:\/\/hotnewsinworld.com\/hu\/#website"},"primaryImageOfPage":{"@id":"https:\/\/hotnewsinworld.com\/hu\/budapestnek-700-milliardnyi-elfogadott-fejlesztesi-projektje-van\/#primaryimage"},"image":{"@id":"https:\/\/hotnewsinworld.com\/hu\/budapestnek-700-milliardnyi-elfogadott-fejlesztesi-projektje-van\/#primaryimage"},"thumbnailUrl":"https:\/\/hotnewsinworld.com\/hu\/wp-content\/uploads\/sites\/3\/2019\/08\/Budapestnek-700-milli\u00e1rdnyi-elfogadott-fejleszt\u00e9si-projektje-van.jpg","datePublished":"2019-08-29T03:15:39+00:00","dateModified":"2019-08-29T03:15:40+00:00","author":{"@id":"https:\/\/hotnewsinworld.com\/hu\/#\/schema\/person\/fe61448b21c0d59086e75fcc1f9d8f6b"},"breadcrumb":{"@id":"https:\/\/hotnewsinworld.com\/hu\/budapestnek-700-milliardnyi-elfogadott-fejlesztesi-projektje-van\/#breadcrumb"},"inLanguage":"hu","potentialAction":[{"@type":"ReadAction","target":["https:\/\/hotnewsinworld.com\/hu\/budapestnek-700-milliardnyi-elfogadott-fejlesztesi-projektje-van\/"]}]},{"@type":"ImageObject","inLanguage":"hu","@id":"https:\/\/hotnewsinworld.com\/hu\/budapestnek-700-milliardnyi-elfogadott-fejlesztesi-projektje-van\/#primaryimage","url":"https:\/\/hotnewsinworld.com\/hu\/wp-content\/uploads\/sites\/3\/2019\/08\/Budapestnek-700-milli\u00e1rdnyi-elfogadott-fejleszt\u00e9si-projektje-van.jpg","contentUrl":"https:\/\/hotnewsinworld.com\/hu\/wp-content\/uploads\/sites\/3\/2019\/08\/Budapestnek-700-milli\u00e1rdnyi-elfogadott-fejleszt\u00e9si-projektje-van.jpg","width":600,"height":315,"caption":"Budapestnek 700 milli\u00e1rdnyi elfogadott fejleszt\u00e9si projektje van"},{"@type":"BreadcrumbList","@id":"https:\/\/hotnewsinworld.com\/hu\/budapestnek-700-milliardnyi-elfogadott-fejlesztesi-projektje-van\/#breadcrumb","itemListElement":[{"@type":"ListItem","position":1,"name":"\u0413\u043b\u0430\u0432\u043d\u0430\u044f \u0441\u0442\u0440\u0430\u043d\u0438\u0446\u0430","item":"https:\/\/hotnewsinworld.com\/hu\/"},{"@type":"ListItem","position":2,"name":"Budapestnek 700 milli\u00e1rdnyi elfogadott fejleszt\u00e9si projektje van"}]},{"@type":"WebSite","@id":"https:\/\/hotnewsinworld.com\/hu\/#website","url":"https:\/\/hotnewsinworld.com\/hu\/","name":"Hot News in World","description":"Hot News in World from Hungary","potentialAction":[{"@type":"SearchAction","target":{"@type":"EntryPoint","urlTemplate":"https:\/\/hotnewsinworld.com\/hu\/?s={search_term_string}"},"query-input":{"@type":"PropertyValueSpecification","valueRequired":true,"valueName":"search_term_string"}}],"inLanguage":"hu"},{"@type":"Person","@id":"https:\/\/hotnewsinworld.com\/hu\/#\/schema\/person\/fe61448b21c0d59086e75fcc1f9d8f6b","name":"hotnewsinworld","image":{"@type":"ImageObject","inLanguage":"hu","@id":"https:\/\/secure.gravatar.com\/avatar\/8a09ac165600ce2e1c38fe593c63928eb1e6e7ba5c5a907d67787c41b3d00c14?s=96&d=mm&r=g","url":"https:\/\/secure.gravatar.com\/avatar\/8a09ac165600ce2e1c38fe593c63928eb1e6e7ba5c5a907d67787c41b3d00c14?s=96&d=mm&r=g","contentUrl":"https:\/\/secure.gravatar.com\/avatar\/8a09ac165600ce2e1c38fe593c63928eb1e6e7ba5c5a907d67787c41b3d00c14?s=96&d=mm&r=g","caption":"hotnewsinworld"},"url":"https:\/\/hotnewsinworld.com\/hu\/author\/pt\/"}]}},"_links":{"self":[{"href":"https:\/\/hotnewsinworld.com\/hu\/wp-json\/wp\/v2\/posts\/1344","targetHints":{"allow":["GET"]}}],"collection":[{"href":"https:\/\/hotnewsinworld.com\/hu\/wp-json\/wp\/v2\/posts"}],"about":[{"href":"https:\/\/hotnewsinworld.com\/hu\/wp-json\/wp\/v2\/types\/post"}],"author":[{"embeddable":true,"href":"https:\/\/hotnewsinworld.com\/hu\/wp-json\/wp\/v2\/users\/2"}],"replies":[{"embeddable":true,"href":"https:\/\/hotnewsinworld.com\/hu\/wp-json\/wp\/v2\/comments?post=1344"}],"version-history":[{"count":1,"href":"https:\/\/hotnewsinworld.com\/hu\/wp-json\/wp\/v2\/posts\/1344\/revisions"}],"predecessor-version":[{"id":1346,"href":"https:\/\/hotnewsinworld.com\/hu\/wp-json\/wp\/v2\/posts\/1344\/revisions\/1346"}],"wp:featuredmedia":[{"embeddable":true,"href":"https:\/\/hotnewsinworld.com\/hu\/wp-json\/wp\/v2\/media\/1345"}],"wp:attachment":[{"href":"https:\/\/hotnewsinworld.com\/hu\/wp-json\/wp\/v2\/media?parent=1344"}],"wp:term":[{"taxonomy":"category","embeddable":true,"href":"https:\/\/hotnewsinworld.com\/hu\/wp-json\/wp\/v2\/categories?post=1344"},{"taxonomy":"post_tag","embeddable":true,"href":"https:\/\/hotnewsinworld.com\/hu\/wp-json\/wp\/v2\/tags?post=1344"}],"curies":[{"name":"wp","href":"https:\/\/api.w.org\/{rel}","templated":true}]}}