{"id":1347,"date":"2019-08-29T07:48:59","date_gmt":"2019-08-29T04:48:59","guid":{"rendered":"https:\/\/hotnewsinworld.com\/hu\/ez-tortent-szerdan-a-magyar-utakon\/"},"modified":"2019-09-16T16:41:59","modified_gmt":"2019-09-16T13:41:59","slug":"ez-tortent-szerdan-a-magyar-utakon","status":"publish","type":"post","link":"https:\/\/hotnewsinworld.com\/hu\/ez-tortent-szerdan-a-magyar-utakon\/","title":{"rendered":"Ez t\u00f6rt\u00e9nt szerd\u00e1n a magyar utakon"},"content":{"rendered":"<p>[ad_1]<\/p>\n<div id=\"send\" style=\"display: none;\">\n<p>Ez a program emailben elk\u00fcldi a cikk c\u00edm\u00e9t \u00e9s bevezet\u0151j\u00e9t, \u00f6nnek csak a c\u00edmzett e-mail c\u00edm\u00e9t kell megadnia.<br \/>\nP\u00e1r soros megjegyz\u00e9st is mell\u00e9kelhet az \u00fczenethez a &#8222;Megjegyz\u00e9s&#8221; rovatban.<\/p>\n<\/div>\n<div>\n<div class=\"img_container\">\n<div class=\"ratio-16-9\"><img decoding=\"async\" class=\"resp\" src=\"https:\/\/hotnewsinworld.com\/hu\/wp-content\/uploads\/sites\/3\/2019\/08\/Ez-tortent-szerdan-a-magyar-utakon.jpeg\" \/><\/div>\n<\/div>\n<p>A rend\u0151rs\u00e9g k\u00f6zz\u00e9tette a szerdai baleseti \u00e9s b\u0171n\u00fcgyi statisztik\u00e1j\u00e1t.<\/p>\n<div class=\"szerzoesido\">\n<p>Fot\u00f3: Napi.hu \/ Szab\u00f3 D\u00e1niel<\/p>\n<\/div>\n<p><!-- BANNER --><\/p>\n<p>Szerd\u00e1n a rend\u0151r\u00f6k 59 szem\u00e9lyi s\u00e9r\u00fcl\u00e9ses k\u00f6z\u00fati k\u00f6zleked\u00e9si baleset helysz\u00edn\u00e9n int\u00e9zkedtek, ebb\u0151l 1 balesetben 1 szem\u00e9ly vesztette \u00e9let\u00e9t, 14 s\u00falyos \u00e9s 44 k\u00f6nny\u0171 s\u00e9r\u00fcl\u00e9ssel v\u00e9gz\u0151d\u00f6tt &#8211; olvashat\u00f3 a police.hu-n.<\/p>\n<p>A szolg\u00e1latot ell\u00e1t\u00f3 \u00e1llom\u00e1ny 161 szem\u00e9lyt fogott el, k\u00f6z\u00fcl\u00fck 40-et \u00e9rv\u00e9nyben l\u00e9v\u0151 k\u00f6r\u00f6z\u00e9s alapj\u00e1n, 81-et b\u0171ncselekm\u00e9ny elk\u00f6vet\u00e9s\u00e9n \u00e9rtek tetten. 219 szem\u00e9lyt \u00e1ll\u00edtottak el\u0151, k\u00f6zt\u00fck 138 f\u0151t b\u0171ncselekm\u00e9ny elk\u00f6vet\u00e9s\u00e9nek gyan\u00faja 12 szem\u00e9lyt pedig ittas vezet\u00e9s gyan\u00faja miatt.<\/p>\n<p><a href=\"https:\/\/hirek.oldal.info\/rssclick\/14352489\">Source link <\/a><\/p>\n<\/div>\n","protected":false},"excerpt":{"rendered":"<p>[ad_1] Ez a program emailben elk\u00fcldi a cikk c\u00edm\u00e9t \u00e9s bevezet\u0151j\u00e9t, \u00f6nnek csak a c\u00edmzett e-mail c\u00edm\u00e9t kell megadnia. P\u00e1r soros megjegyz\u00e9st is mell\u00e9kelhet az \u00fczenethez a &#8222;Megjegyz\u00e9s&#8221; rovatban. A rend\u0151rs\u00e9g k\u00f6zz\u00e9tette a szerdai baleseti \u00e9s b\u0171n\u00fcgyi statisztik\u00e1j\u00e1t. Fot\u00f3: Napi.hu \/ Szab\u00f3 D\u00e1niel Szerd\u00e1n a rend\u0151r\u00f6k 59 szem\u00e9lyi s\u00e9r\u00fcl\u00e9ses k\u00f6z\u00fati k\u00f6zleked\u00e9si baleset helysz\u00edn\u00e9n int\u00e9zkedtek, ebb\u0151l [&hellip;]<\/p>\n","protected":false},"author":2,"featured_media":1348,"comment_status":"open","ping_status":"open","sticky":false,"template":"","format":"standard","meta":{"footnotes":""},"categories":[1],"tags":[],"class_list":["post-1347","post","type-post","status-publish","format-standard","has-post-thumbnail","hentry","category-legujabb-penzugyi-hirek"],"yoast_head":"<!-- This site is optimized with the Yoast SEO plugin v27.4 - https:\/\/yoast.com\/product\/yoast-seo-wordpress\/ -->\n<title>Ez t\u00f6rt\u00e9nt szerd\u00e1n a magyar utakon - Hot News in World<\/title>\n<meta name=\"robots\" content=\"index, follow, max-snippet:-1, max-image-preview:large, max-video-preview:-1\" \/>\n<link rel=\"canonical\" href=\"https:\/\/hotnewsinworld.com\/hu\/ez-tortent-szerdan-a-magyar-utakon\/\" \/>\n<meta property=\"og:locale\" content=\"hu_HU\" \/>\n<meta property=\"og:type\" content=\"article\" \/>\n<meta property=\"og:title\" content=\"Ez t\u00f6rt\u00e9nt szerd\u00e1n a magyar utakon - Hot News in World\" \/>\n<meta property=\"og:description\" content=\"[ad_1] Ez a program emailben elk\u00fcldi a cikk c\u00edm\u00e9t \u00e9s bevezet\u0151j\u00e9t, \u00f6nnek csak a c\u00edmzett e-mail c\u00edm\u00e9t kell megadnia. P\u00e1r soros megjegyz\u00e9st is mell\u00e9kelhet az \u00fczenethez a &#8222;Megjegyz\u00e9s&#8221; rovatban. A rend\u0151rs\u00e9g k\u00f6zz\u00e9tette a szerdai baleseti \u00e9s b\u0171n\u00fcgyi statisztik\u00e1j\u00e1t. Fot\u00f3: Napi.hu \/ Szab\u00f3 D\u00e1niel Szerd\u00e1n a rend\u0151r\u00f6k 59 szem\u00e9lyi s\u00e9r\u00fcl\u00e9ses k\u00f6z\u00fati k\u00f6zleked\u00e9si baleset helysz\u00edn\u00e9n int\u00e9zkedtek, ebb\u0151l [&hellip;]\" \/>\n<meta property=\"og:url\" content=\"https:\/\/hotnewsinworld.com\/hu\/ez-tortent-szerdan-a-magyar-utakon\/\" \/>\n<meta property=\"og:site_name\" content=\"Hot News in World\" \/>\n<meta property=\"article:published_time\" content=\"2019-08-29T04:48:59+00:00\" \/>\n<meta property=\"article:modified_time\" content=\"2019-09-16T13:41:59+00:00\" \/>\n<meta property=\"og:image\" content=\"https:\/\/hotnewsinworld.com\/hu\/wp-content\/uploads\/sites\/3\/2019\/08\/Ez-t\u00f6rt\u00e9nt-szerd\u00e1n-a-magyar-utakon.png\" \/>\n\t<meta property=\"og:image:width\" content=\"922\" \/>\n\t<meta property=\"og:image:height\" content=\"81\" \/>\n\t<meta property=\"og:image:type\" content=\"image\/png\" \/>\n<meta name=\"author\" content=\"hotnewsinworld\" \/>\n<meta name=\"twitter:card\" content=\"summary_large_image\" \/>\n<meta name=\"twitter:label1\" content=\"Szerz\u0151:\" \/>\n\t<meta name=\"twitter:data1\" content=\"hotnewsinworld\" \/>\n\t<meta name=\"twitter:label2\" content=\"Becs\u00fclt olvas\u00e1si id\u0151\" \/>\n\t<meta name=\"twitter:data2\" content=\"1 perc\" \/>\n<script type=\"application\/ld+json\" class=\"yoast-schema-graph\">{\"@context\":\"https:\\\/\\\/schema.org\",\"@graph\":[{\"@type\":\"Article\",\"@id\":\"https:\\\/\\\/hotnewsinworld.com\\\/hu\\\/ez-tortent-szerdan-a-magyar-utakon\\\/#article\",\"isPartOf\":{\"@id\":\"https:\\\/\\\/hotnewsinworld.com\\\/hu\\\/ez-tortent-szerdan-a-magyar-utakon\\\/\"},\"author\":{\"name\":\"hotnewsinworld\",\"@id\":\"https:\\\/\\\/hotnewsinworld.com\\\/hu\\\/#\\\/schema\\\/person\\\/fe61448b21c0d59086e75fcc1f9d8f6b\"},\"headline\":\"Ez t\u00f6rt\u00e9nt szerd\u00e1n a magyar utakon\",\"datePublished\":\"2019-08-29T04:48:59+00:00\",\"dateModified\":\"2019-09-16T13:41:59+00:00\",\"mainEntityOfPage\":{\"@id\":\"https:\\\/\\\/hotnewsinworld.com\\\/hu\\\/ez-tortent-szerdan-a-magyar-utakon\\\/\"},\"wordCount\":189,\"commentCount\":0,\"image\":{\"@id\":\"https:\\\/\\\/hotnewsinworld.com\\\/hu\\\/ez-tortent-szerdan-a-magyar-utakon\\\/#primaryimage\"},\"thumbnailUrl\":\"https:\\\/\\\/hotnewsinworld.com\\\/hu\\\/wp-content\\\/uploads\\\/sites\\\/3\\\/2019\\\/08\\\/Ez-t\u00f6rt\u00e9nt-szerd\u00e1n-a-magyar-utakon.png\",\"articleSection\":[\"LEG\u00daJABB P\u00c9NZ\u00dcGYI H\u00cdREK\"],\"inLanguage\":\"hu\",\"potentialAction\":[{\"@type\":\"CommentAction\",\"name\":\"Comment\",\"target\":[\"https:\\\/\\\/hotnewsinworld.com\\\/hu\\\/ez-tortent-szerdan-a-magyar-utakon\\\/#respond\"]}]},{\"@type\":\"WebPage\",\"@id\":\"https:\\\/\\\/hotnewsinworld.com\\\/hu\\\/ez-tortent-szerdan-a-magyar-utakon\\\/\",\"url\":\"https:\\\/\\\/hotnewsinworld.com\\\/hu\\\/ez-tortent-szerdan-a-magyar-utakon\\\/\",\"name\":\"Ez t\u00f6rt\u00e9nt szerd\u00e1n a magyar utakon - Hot News in World\",\"isPartOf\":{\"@id\":\"https:\\\/\\\/hotnewsinworld.com\\\/hu\\\/#website\"},\"primaryImageOfPage\":{\"@id\":\"https:\\\/\\\/hotnewsinworld.com\\\/hu\\\/ez-tortent-szerdan-a-magyar-utakon\\\/#primaryimage\"},\"image\":{\"@id\":\"https:\\\/\\\/hotnewsinworld.com\\\/hu\\\/ez-tortent-szerdan-a-magyar-utakon\\\/#primaryimage\"},\"thumbnailUrl\":\"https:\\\/\\\/hotnewsinworld.com\\\/hu\\\/wp-content\\\/uploads\\\/sites\\\/3\\\/2019\\\/08\\\/Ez-t\u00f6rt\u00e9nt-szerd\u00e1n-a-magyar-utakon.png\",\"datePublished\":\"2019-08-29T04:48:59+00:00\",\"dateModified\":\"2019-09-16T13:41:59+00:00\",\"author\":{\"@id\":\"https:\\\/\\\/hotnewsinworld.com\\\/hu\\\/#\\\/schema\\\/person\\\/fe61448b21c0d59086e75fcc1f9d8f6b\"},\"breadcrumb\":{\"@id\":\"https:\\\/\\\/hotnewsinworld.com\\\/hu\\\/ez-tortent-szerdan-a-magyar-utakon\\\/#breadcrumb\"},\"inLanguage\":\"hu\",\"potentialAction\":[{\"@type\":\"ReadAction\",\"target\":[\"https:\\\/\\\/hotnewsinworld.com\\\/hu\\\/ez-tortent-szerdan-a-magyar-utakon\\\/\"]}]},{\"@type\":\"ImageObject\",\"inLanguage\":\"hu\",\"@id\":\"https:\\\/\\\/hotnewsinworld.com\\\/hu\\\/ez-tortent-szerdan-a-magyar-utakon\\\/#primaryimage\",\"url\":\"https:\\\/\\\/hotnewsinworld.com\\\/hu\\\/wp-content\\\/uploads\\\/sites\\\/3\\\/2019\\\/08\\\/Ez-t\u00f6rt\u00e9nt-szerd\u00e1n-a-magyar-utakon.png\",\"contentUrl\":\"https:\\\/\\\/hotnewsinworld.com\\\/hu\\\/wp-content\\\/uploads\\\/sites\\\/3\\\/2019\\\/08\\\/Ez-t\u00f6rt\u00e9nt-szerd\u00e1n-a-magyar-utakon.png\",\"width\":922,\"height\":81,\"caption\":\"Ez t\u00f6rt\u00e9nt szerd\u00e1n a magyar utakon\"},{\"@type\":\"BreadcrumbList\",\"@id\":\"https:\\\/\\\/hotnewsinworld.com\\\/hu\\\/ez-tortent-szerdan-a-magyar-utakon\\\/#breadcrumb\",\"itemListElement\":[{\"@type\":\"ListItem\",\"position\":1,\"name\":\"\u0413\u043b\u0430\u0432\u043d\u0430\u044f \u0441\u0442\u0440\u0430\u043d\u0438\u0446\u0430\",\"item\":\"https:\\\/\\\/hotnewsinworld.com\\\/hu\\\/\"},{\"@type\":\"ListItem\",\"position\":2,\"name\":\"Ez t\u00f6rt\u00e9nt szerd\u00e1n a magyar utakon\"}]},{\"@type\":\"WebSite\",\"@id\":\"https:\\\/\\\/hotnewsinworld.com\\\/hu\\\/#website\",\"url\":\"https:\\\/\\\/hotnewsinworld.com\\\/hu\\\/\",\"name\":\"Hot News in World\",\"description\":\"Hot News in World from Hungary\",\"potentialAction\":[{\"@type\":\"SearchAction\",\"target\":{\"@type\":\"EntryPoint\",\"urlTemplate\":\"https:\\\/\\\/hotnewsinworld.com\\\/hu\\\/?s={search_term_string}\"},\"query-input\":{\"@type\":\"PropertyValueSpecification\",\"valueRequired\":true,\"valueName\":\"search_term_string\"}}],\"inLanguage\":\"hu\"},{\"@type\":\"Person\",\"@id\":\"https:\\\/\\\/hotnewsinworld.com\\\/hu\\\/#\\\/schema\\\/person\\\/fe61448b21c0d59086e75fcc1f9d8f6b\",\"name\":\"hotnewsinworld\",\"image\":{\"@type\":\"ImageObject\",\"inLanguage\":\"hu\",\"@id\":\"https:\\\/\\\/secure.gravatar.com\\\/avatar\\\/8a09ac165600ce2e1c38fe593c63928eb1e6e7ba5c5a907d67787c41b3d00c14?s=96&d=mm&r=g\",\"url\":\"https:\\\/\\\/secure.gravatar.com\\\/avatar\\\/8a09ac165600ce2e1c38fe593c63928eb1e6e7ba5c5a907d67787c41b3d00c14?s=96&d=mm&r=g\",\"contentUrl\":\"https:\\\/\\\/secure.gravatar.com\\\/avatar\\\/8a09ac165600ce2e1c38fe593c63928eb1e6e7ba5c5a907d67787c41b3d00c14?s=96&d=mm&r=g\",\"caption\":\"hotnewsinworld\"},\"url\":\"https:\\\/\\\/hotnewsinworld.com\\\/hu\\\/author\\\/pt\\\/\"}]}<\/script>\n<!-- \/ Yoast SEO plugin. -->","yoast_head_json":{"title":"Ez t\u00f6rt\u00e9nt szerd\u00e1n a magyar utakon - Hot News in World","robots":{"index":"index","follow":"follow","max-snippet":"max-snippet:-1","max-image-preview":"max-image-preview:large","max-video-preview":"max-video-preview:-1"},"canonical":"https:\/\/hotnewsinworld.com\/hu\/ez-tortent-szerdan-a-magyar-utakon\/","og_locale":"hu_HU","og_type":"article","og_title":"Ez t\u00f6rt\u00e9nt szerd\u00e1n a magyar utakon - Hot News in World","og_description":"[ad_1] Ez a program emailben elk\u00fcldi a cikk c\u00edm\u00e9t \u00e9s bevezet\u0151j\u00e9t, \u00f6nnek csak a c\u00edmzett e-mail c\u00edm\u00e9t kell megadnia. P\u00e1r soros megjegyz\u00e9st is mell\u00e9kelhet az \u00fczenethez a &#8222;Megjegyz\u00e9s&#8221; rovatban. A rend\u0151rs\u00e9g k\u00f6zz\u00e9tette a szerdai baleseti \u00e9s b\u0171n\u00fcgyi statisztik\u00e1j\u00e1t. Fot\u00f3: Napi.hu \/ Szab\u00f3 D\u00e1niel Szerd\u00e1n a rend\u0151r\u00f6k 59 szem\u00e9lyi s\u00e9r\u00fcl\u00e9ses k\u00f6z\u00fati k\u00f6zleked\u00e9si baleset helysz\u00edn\u00e9n int\u00e9zkedtek, ebb\u0151l [&hellip;]","og_url":"https:\/\/hotnewsinworld.com\/hu\/ez-tortent-szerdan-a-magyar-utakon\/","og_site_name":"Hot News in World","article_published_time":"2019-08-29T04:48:59+00:00","article_modified_time":"2019-09-16T13:41:59+00:00","og_image":[{"width":922,"height":81,"url":"https:\/\/hotnewsinworld.com\/hu\/wp-content\/uploads\/sites\/3\/2019\/08\/Ez-t\u00f6rt\u00e9nt-szerd\u00e1n-a-magyar-utakon.png","type":"image\/png"}],"author":"hotnewsinworld","twitter_card":"summary_large_image","twitter_misc":{"Szerz\u0151:":"hotnewsinworld","Becs\u00fclt olvas\u00e1si id\u0151":"1 perc"},"schema":{"@context":"https:\/\/schema.org","@graph":[{"@type":"Article","@id":"https:\/\/hotnewsinworld.com\/hu\/ez-tortent-szerdan-a-magyar-utakon\/#article","isPartOf":{"@id":"https:\/\/hotnewsinworld.com\/hu\/ez-tortent-szerdan-a-magyar-utakon\/"},"author":{"name":"hotnewsinworld","@id":"https:\/\/hotnewsinworld.com\/hu\/#\/schema\/person\/fe61448b21c0d59086e75fcc1f9d8f6b"},"headline":"Ez t\u00f6rt\u00e9nt szerd\u00e1n a magyar utakon","datePublished":"2019-08-29T04:48:59+00:00","dateModified":"2019-09-16T13:41:59+00:00","mainEntityOfPage":{"@id":"https:\/\/hotnewsinworld.com\/hu\/ez-tortent-szerdan-a-magyar-utakon\/"},"wordCount":189,"commentCount":0,"image":{"@id":"https:\/\/hotnewsinworld.com\/hu\/ez-tortent-szerdan-a-magyar-utakon\/#primaryimage"},"thumbnailUrl":"https:\/\/hotnewsinworld.com\/hu\/wp-content\/uploads\/sites\/3\/2019\/08\/Ez-t\u00f6rt\u00e9nt-szerd\u00e1n-a-magyar-utakon.png","articleSection":["LEG\u00daJABB P\u00c9NZ\u00dcGYI H\u00cdREK"],"inLanguage":"hu","potentialAction":[{"@type":"CommentAction","name":"Comment","target":["https:\/\/hotnewsinworld.com\/hu\/ez-tortent-szerdan-a-magyar-utakon\/#respond"]}]},{"@type":"WebPage","@id":"https:\/\/hotnewsinworld.com\/hu\/ez-tortent-szerdan-a-magyar-utakon\/","url":"https:\/\/hotnewsinworld.com\/hu\/ez-tortent-szerdan-a-magyar-utakon\/","name":"Ez t\u00f6rt\u00e9nt szerd\u00e1n a magyar utakon - Hot News in World","isPartOf":{"@id":"https:\/\/hotnewsinworld.com\/hu\/#website"},"primaryImageOfPage":{"@id":"https:\/\/hotnewsinworld.com\/hu\/ez-tortent-szerdan-a-magyar-utakon\/#primaryimage"},"image":{"@id":"https:\/\/hotnewsinworld.com\/hu\/ez-tortent-szerdan-a-magyar-utakon\/#primaryimage"},"thumbnailUrl":"https:\/\/hotnewsinworld.com\/hu\/wp-content\/uploads\/sites\/3\/2019\/08\/Ez-t\u00f6rt\u00e9nt-szerd\u00e1n-a-magyar-utakon.png","datePublished":"2019-08-29T04:48:59+00:00","dateModified":"2019-09-16T13:41:59+00:00","author":{"@id":"https:\/\/hotnewsinworld.com\/hu\/#\/schema\/person\/fe61448b21c0d59086e75fcc1f9d8f6b"},"breadcrumb":{"@id":"https:\/\/hotnewsinworld.com\/hu\/ez-tortent-szerdan-a-magyar-utakon\/#breadcrumb"},"inLanguage":"hu","potentialAction":[{"@type":"ReadAction","target":["https:\/\/hotnewsinworld.com\/hu\/ez-tortent-szerdan-a-magyar-utakon\/"]}]},{"@type":"ImageObject","inLanguage":"hu","@id":"https:\/\/hotnewsinworld.com\/hu\/ez-tortent-szerdan-a-magyar-utakon\/#primaryimage","url":"https:\/\/hotnewsinworld.com\/hu\/wp-content\/uploads\/sites\/3\/2019\/08\/Ez-t\u00f6rt\u00e9nt-szerd\u00e1n-a-magyar-utakon.png","contentUrl":"https:\/\/hotnewsinworld.com\/hu\/wp-content\/uploads\/sites\/3\/2019\/08\/Ez-t\u00f6rt\u00e9nt-szerd\u00e1n-a-magyar-utakon.png","width":922,"height":81,"caption":"Ez t\u00f6rt\u00e9nt szerd\u00e1n a magyar utakon"},{"@type":"BreadcrumbList","@id":"https:\/\/hotnewsinworld.com\/hu\/ez-tortent-szerdan-a-magyar-utakon\/#breadcrumb","itemListElement":[{"@type":"ListItem","position":1,"name":"\u0413\u043b\u0430\u0432\u043d\u0430\u044f \u0441\u0442\u0440\u0430\u043d\u0438\u0446\u0430","item":"https:\/\/hotnewsinworld.com\/hu\/"},{"@type":"ListItem","position":2,"name":"Ez t\u00f6rt\u00e9nt szerd\u00e1n a magyar utakon"}]},{"@type":"WebSite","@id":"https:\/\/hotnewsinworld.com\/hu\/#website","url":"https:\/\/hotnewsinworld.com\/hu\/","name":"Hot News in World","description":"Hot News in World from Hungary","potentialAction":[{"@type":"SearchAction","target":{"@type":"EntryPoint","urlTemplate":"https:\/\/hotnewsinworld.com\/hu\/?s={search_term_string}"},"query-input":{"@type":"PropertyValueSpecification","valueRequired":true,"valueName":"search_term_string"}}],"inLanguage":"hu"},{"@type":"Person","@id":"https:\/\/hotnewsinworld.com\/hu\/#\/schema\/person\/fe61448b21c0d59086e75fcc1f9d8f6b","name":"hotnewsinworld","image":{"@type":"ImageObject","inLanguage":"hu","@id":"https:\/\/secure.gravatar.com\/avatar\/8a09ac165600ce2e1c38fe593c63928eb1e6e7ba5c5a907d67787c41b3d00c14?s=96&d=mm&r=g","url":"https:\/\/secure.gravatar.com\/avatar\/8a09ac165600ce2e1c38fe593c63928eb1e6e7ba5c5a907d67787c41b3d00c14?s=96&d=mm&r=g","contentUrl":"https:\/\/secure.gravatar.com\/avatar\/8a09ac165600ce2e1c38fe593c63928eb1e6e7ba5c5a907d67787c41b3d00c14?s=96&d=mm&r=g","caption":"hotnewsinworld"},"url":"https:\/\/hotnewsinworld.com\/hu\/author\/pt\/"}]}},"_links":{"self":[{"href":"https:\/\/hotnewsinworld.com\/hu\/wp-json\/wp\/v2\/posts\/1347","targetHints":{"allow":["GET"]}}],"collection":[{"href":"https:\/\/hotnewsinworld.com\/hu\/wp-json\/wp\/v2\/posts"}],"about":[{"href":"https:\/\/hotnewsinworld.com\/hu\/wp-json\/wp\/v2\/types\/post"}],"author":[{"embeddable":true,"href":"https:\/\/hotnewsinworld.com\/hu\/wp-json\/wp\/v2\/users\/2"}],"replies":[{"embeddable":true,"href":"https:\/\/hotnewsinworld.com\/hu\/wp-json\/wp\/v2\/comments?post=1347"}],"version-history":[{"count":2,"href":"https:\/\/hotnewsinworld.com\/hu\/wp-json\/wp\/v2\/posts\/1347\/revisions"}],"predecessor-version":[{"id":2128,"href":"https:\/\/hotnewsinworld.com\/hu\/wp-json\/wp\/v2\/posts\/1347\/revisions\/2128"}],"wp:featuredmedia":[{"embeddable":true,"href":"https:\/\/hotnewsinworld.com\/hu\/wp-json\/wp\/v2\/media\/1348"}],"wp:attachment":[{"href":"https:\/\/hotnewsinworld.com\/hu\/wp-json\/wp\/v2\/media?parent=1347"}],"wp:term":[{"taxonomy":"category","embeddable":true,"href":"https:\/\/hotnewsinworld.com\/hu\/wp-json\/wp\/v2\/categories?post=1347"},{"taxonomy":"post_tag","embeddable":true,"href":"https:\/\/hotnewsinworld.com\/hu\/wp-json\/wp\/v2\/tags?post=1347"}],"curies":[{"name":"wp","href":"https:\/\/api.w.org\/{rel}","templated":true}]}}