{"id":1350,"date":"2019-08-29T09:12:02","date_gmt":"2019-08-29T06:12:02","guid":{"rendered":"https:\/\/hotnewsinworld.com\/hu\/parttagsagat-is-elvesztheti-egy-balatonfuredi-kdnp-s-mert-a-fidesz-ot-jelolne-osszel\/"},"modified":"2019-08-29T09:12:03","modified_gmt":"2019-08-29T06:12:03","slug":"parttagsagat-is-elvesztheti-egy-balatonfuredi-kdnp-s-mert-a-fidesz-ot-jelolne-osszel","status":"publish","type":"post","link":"https:\/\/hotnewsinworld.com\/hu\/parttagsagat-is-elvesztheti-egy-balatonfuredi-kdnp-s-mert-a-fidesz-ot-jelolne-osszel\/","title":{"rendered":"p\u00e1rttags\u00e1g\u00e1t is elvesztheti egy balatonf\u00fcredi KDNP-s, mert a Fidesz \u0151t jel\u00f6ln\u00e9 \u0151sszel"},"content":{"rendered":"<p> [ad_1]<br \/>\n<\/p>\n<div id=\"\">\n<p>Elm\u00e9rgesedtek a szem\u00e9lyi \u00e9s hat\u00e1sk\u00f6ri vit\u00e1k a korm\u00e1nyp\u00e1rt h\u00e1torsz\u00e1g\u00e1ban. Schmidt M\u00e1ria \u00e9s L\u00e1nczi Tam\u00e1s konfliktusa pont a kamp\u00e1nyban tet\u0151z\u00f6tt.<\/p>\n<p>Kider\u00fclt, hogy L\u00e1nczi Tam\u00e1ssal az \u00e9len h\u00e1nyan hagyt\u00e1k ott a Schmidt M\u00e1ria vezet\u00e9s\u00e9vel m\u0171k\u00f6d\u0151 XXI. Sz\u00e1zad Int\u00e9zetet. Az int\u00e9zm\u00e9ny honlapj\u00e1nak tan\u00fas\u00e1ga szerint a munkat\u00e1rsak l\u00e9tsz\u00e1ma egyik napr\u00f3l a m\u00e1sikra 16-r\u00f3l 5-re cs\u00f6kkent.<\/p>\n<p>\u201eOlyan ez, mint egy szak\u00edt\u00e1s. Nem \u00f6r\u00fcl\u00fcnk annak, hogy a h\u00edrekben szerepel\u00fcnk, mi komment\u00e1lni szeretj\u00fck a h\u00edreket\u201d \u2013 mondta lapunknak az egyik t\u00e1voz\u00f3, aki m\u00e1sokhoz hasonl\u00f3an azt k\u00e9rte, hogy neve ne jelenjen meg cikk\u00fcnkben. \u00dagy v\u00e9lte, a bels\u0151 konfliktusokr\u00f3l sz\u00f3l\u00f3 nyilatkozatok most nem lenn\u00e9nek hasznosak sz\u00e1mukra. \u201eHa elj\u00f6n az ideje, akkor majd mi fogjuk keresni a sajt\u00f3t\u201d \u2013 tette hozz\u00e1.<br \/>\nKijelent\u00e9s\u00e9vel arra utalt, hogy a XXI. Sz\u00e1zad Int\u00e9zetben felmondott t\u00e1rsas\u00e1g egy\u00fctt akar maradni. <\/p>\n<p>M\u00e1shonnan is hallottuk, hogy a kil\u00e9p\u0151k \u2013 b\u00e1r az elk\u00e9pzel\u00e9s megval\u00f3s\u00edthat\u00f3s\u00e1g\u00e1t t\u00f6bben is k\u00e9ts\u00e9gbe vont\u00e1k \u2013 \u00faj int\u00e9zet alap\u00edt\u00e1s\u00e1t tervezik. A helyzet k\u00e9pl\u00e9kenys\u00e9g\u00e9t jelzi, hogy m\u00e1svalaki ennek hat\u00e1rozottan az ellenkez\u0151j\u00e9t \u00e1ll\u00edtotta: szerinte nincs sz\u00f3 \u00faj int\u00e9zet l\u00e9trehoz\u00e1s\u00e1r\u00f3l, a csapat sz\u00e9tsz\u00f3r\u00f3dik, mindenki m\u00e1shol keres munk\u00e1t.<\/p>\n<p>Schmidt M\u00e1ria f\u0151igazgat\u00f3 \u2013 ahogyan arr\u00f3l besz\u00e1moltunk \u2013 kedden k\u00f6zlem\u00e9nyben jelentette be, hogy a \u201eK\u00f6z\u00e9p- \u00e9s Kelet-eur\u00f3pai T\u00f6rt\u00e9nelem \u00e9s T\u00e1rsadalom Kutat\u00e1s\u00e1\u00e9rt K\u00f6zalap\u00edtv\u00e1ny fenntart\u00e1s\u00e1ban m\u0171k\u00f6d\u0151 XXI. Sz\u00e1zad Int\u00e9zet munkat\u00e1rsai, k\u00f6zt\u00fck L\u00e1nczi Tam\u00e1s, az int\u00e9zet igazgat\u00f3ja a mai napon v\u00e1ratlanul \u00e9s puccsszer\u0171en, azonnali hat\u00e1llyal, indokl\u00e1s n\u00e9lk\u00fcl felmondta munkaviszony\u00e1t\u201d.<\/p>\n<p>Az eset az\u00e9rt is meglep\u0151, mert Schmidt M\u00e1ria \u00e9s L\u00e1nczi Tam\u00e1s egyar\u00e1nt a korm\u00e1nyp\u00e1rt bizalmi ember\u00e9nek sz\u00e1m\u00edt. L\u00e1nczi r\u00e1ad\u00e1sul kor\u00e1bban Schmidt egykori lapja, a Figyel\u0151 f\u0151szerkeszt\u0151je volt.<br \/>\nA Fidesz m\u0171k\u00f6d\u00e9s\u00e9t ismerve felt\u00e9telezhetn\u00e9nk, hogy L\u00e1nczi Tam\u00e1s a minisztereln\u00f6k j\u00f3v\u00e1hagy\u00e1sa n\u00e9lk\u00fcl nem merte volna fak\u00e9pn\u00e9l hagyni Schmidt M\u00e1ri\u00e1t. Ezzel szemben azok k\u00f6z\u00fcl, akik a \u201et\u0171z k\u00f6zel\u00e9ben\u201d vannak, ketten is arr\u00f3l gy\u0151zk\u00f6dt\u00e9k lapunkat: higgy\u00fck el, hogy Orb\u00e1n Viktornak nem volt tudom\u00e1sa L\u00e1nczi sz\u00e1nd\u00e9k\u00e1r\u00f3l.<\/p>\n<p>L\u00e1nczi Tam\u00e1st t\u00f6bbsz\u00f6r h\u00edvtuk, de nem siker\u00fclt el\u00e9rn\u00fcnk. A minisztereln\u00f6k sajt\u00f3f\u0151n\u00f6k\u00e9nek is elk\u00fcldt\u00fck k\u00e9rd\u00e9seinket, de cikk\u00fcnk megjelen\u00e9s\u00e9ig nem kaptunk v\u00e1laszt. Pr\u00f3b\u00e1ltuk megsz\u00f3laltatni Mr\u00e1z \u00c1goston S\u00e1muelt, a korm\u00e1nyp\u00e1rti N\u00e9z\u0151pont Int\u00e9zet vezet\u0151j\u00e9t, \u00e1m \u0151 \u2013 munkat\u00e1rsa indokl\u00e1sa szerint \u2013 nem tudott id\u0151t szak\u00edtani r\u00e1, hogy komment\u00e1lja az esem\u00e9nyeket. <\/p>\n<p>De\u00e1k D\u00e1niel politol\u00f3gus, aki maradt a XXI. Sz\u00e1zad Int\u00e9zetn\u00e9l, csak annyit mondott: kifejezetten j\u00f3 a viszonya a f\u0151igazgat\u00f3val, Schmidt M\u00e1ri\u00e1val. J\u00f3l \u00e9rzi mag\u00e1t, nincsenek konfliktusai, nem l\u00e1tta volna semmi \u00e9rtelm\u00e9t annak, hogy felmondjon az int\u00e9zetben.<\/p>\n<p>El\u0151z\u0151leg a Fidesz arra k\u00e9sztette Schmidt M\u00e1ri\u00e1t, hogy hetilapj\u00e1t, a Figyel\u0151t ingyen \u00e1tadja a K\u00f6z\u00e9p-Eur\u00f3pai Sajt\u00f3 \u00e9s M\u00e9dia Alap\u00edtv\u00e1ny (KESMA) nev\u0171 m\u00e9diag\u00f3lemnek, a korm\u00e1ny a Sorsok H\u00e1za megval\u00f3s\u00edt\u00e1s\u00e1t is elvette t\u0151le. B\u00e1r a f\u0151igazgat\u00f3t rendre milli\u00e1rdos megb\u00edz\u00e1sokkal l\u00e1tja el a hatalom, a mostani botr\u00e1ny lehets\u00e9ges olvasata m\u00e9gis az, hogy Schmidt M\u00e1ria \u201emegkapta a selyemzsin\u00f3rt\u201d. <\/p>\n<p>A lapunknak nyilatkoz\u00f3 egyik bennfentes ezzel szemben hangs\u00falyozta, hogy a XXI. Sz\u00e1zad Int\u00e9zetben t\u00f6rt\u00e9nteknek \u201enincs \u00f6nmag\u00e1n t\u00falmutat\u00f3 elvi jelent\u0151s\u00e9ge\u201d. B\u00e1rmilyen nehezen hihet\u0151, szerinte az ellent\u00e9tek nem politikai term\u00e9szet\u0171ek: szem\u00e9lyi \u00e9s hat\u00e1sk\u00f6ri vit\u00e1kb\u00f3l ad\u00f3d\u00f3 kisebb-nagyobb konfliktusok vezettek L\u00e1nczi Tam\u00e1s\u00e9k felmond\u00e1s\u00e1hoz.<\/p>\n<p>Az illet\u0151 felh\u00edvta a figyelm\u00fcnket arra, hogy Schmidt M\u00e1ria \u2013 abban a k\u00f6zlem\u00e9nyben, amelyben besz\u00e1molt a felmond\u00e1sokr\u00f3l \u2013 nem v\u00e9letlen\u00fcl hozta sz\u00f3ba az \u00f6nkorm\u00e1nyzati v\u00e1laszt\u00e1sokat. Magyar\u00e1zata szerint a f\u0151igazgat\u00f3 k\u00f6zvetett m\u00f3don azt akarta kifejezni, hogy \u201epolitikai \u00e1rul\u00f3knak\u201d tartja azokat, akik a kamp\u00e1ny idej\u00e9n ilyen l\u00e9p\u00e9st tesznek.<\/p>\n<div class=\"card\">\n<h2>\u00d6ngyilkos alakulat<\/h2>\n<p>Schmidt M\u00e1ria k\u00f6zlem\u00e9nye els\u0151k\u00e9nt a XXI. Sz\u00e1zad Int\u00e9zet k\u00f6z\u00f6ss\u00e9gi oldal\u00e1n jelent. A f\u0151igazgat\u00f3 saj\u00e1t profilj\u00e1n nem el\u00e9gedett meg a sz\u00f6veg publik\u00e1l\u00e1s\u00e1val, az \u00e1ltala prezent\u00e1lt h\u00edrt egy k\u00f6zismert v\u00edgj\u00e1t\u00e9k, a Brian \u00e9lete jelenet\u00e9vel illusztr\u00e1lta. A film v\u00e9g\u00e9n el\u0151ker\u00fcl \u201eA J\u00fadeai Nemzeti Front Elit \u00d6ngyilkos Alakulat\u201d, amelynek tagjai \u2013 ahelyett, hogy megmenten\u00e9k a keresztre fesz\u00edtett \u00e1ldozatokat \u2013 ritu\u00e1lis m\u00f3don hasba \u00e9s mellbe sz\u00farj\u00e1k magukat. \u201eMegmutattuk nekik!\u201d \u2013 mondja utols\u00f3 lehelet\u00e9vel az alakulat vezet\u0151je. Schmidt M\u00e1ri\u00e1nak ez jutott esz\u00e9be L\u00e1nczi Tam\u00e1s\u00e9k felmond\u00e1s\u00e1r\u00f3l.<\/p>\n<\/div>\n<p>            <a class=\"slogo\"><br \/>\n                <svg xmlns=\"http:\/\/www.w3.org\/2000\/svg\" width=\"30\" height=\"30\" viewbox=\"0 0 30 30\"><path d=\"M23.858,9.041c-1.868.118-2.456.46-2.456,3.4V22.732H19.6L10.625,11.6v6.758c0,3.072.759,3.179,2.537,3.5v.791H6.971v-.791c1.737-.28,2.46-.28,2.456-3.391V11.65c0-.644-.058-2.127-2.517-2.588V8.25h5.421L20.2,17.988V12.541c0-1.153.321-3.235-2.527-3.5V8.25h6.181Z\"\/><\/svg><\/a>\n\t\t\t<\/div>\n<p>[ad_2]<br \/>\n<br \/><a href=\"https:\/\/hirek.oldal.info\/rssclick\/14352628\">Source link <\/a><\/p>\n","protected":false},"excerpt":{"rendered":"<p>[ad_1] Elm\u00e9rgesedtek a szem\u00e9lyi \u00e9s hat\u00e1sk\u00f6ri vit\u00e1k a korm\u00e1nyp\u00e1rt h\u00e1torsz\u00e1g\u00e1ban. Schmidt M\u00e1ria \u00e9s L\u00e1nczi Tam\u00e1s konfliktusa pont a kamp\u00e1nyban tet\u0151z\u00f6tt. Kider\u00fclt, hogy L\u00e1nczi Tam\u00e1ssal az \u00e9len h\u00e1nyan hagyt\u00e1k ott a Schmidt M\u00e1ria vezet\u00e9s\u00e9vel m\u0171k\u00f6d\u0151 XXI. Sz\u00e1zad Int\u00e9zetet. Az int\u00e9zm\u00e9ny honlapj\u00e1nak tan\u00fas\u00e1ga szerint a munkat\u00e1rsak l\u00e9tsz\u00e1ma egyik napr\u00f3l a m\u00e1sikra 16-r\u00f3l 5-re cs\u00f6kkent. \u201eOlyan ez, mint [&hellip;]<\/p>\n","protected":false},"author":2,"featured_media":1351,"comment_status":"open","ping_status":"open","sticky":false,"template":"","format":"standard","meta":{"footnotes":""},"categories":[1],"tags":[],"class_list":["post-1350","post","type-post","status-publish","format-standard","has-post-thumbnail","hentry","category-legujabb-penzugyi-hirek"],"yoast_head":"<!-- This site is optimized with the Yoast SEO plugin v27.4 - https:\/\/yoast.com\/product\/yoast-seo-wordpress\/ -->\n<title>p\u00e1rttags\u00e1g\u00e1t is elvesztheti egy balatonf\u00fcredi KDNP-s, mert a Fidesz \u0151t jel\u00f6ln\u00e9 \u0151sszel - Hot News in World<\/title>\n<meta name=\"robots\" content=\"index, follow, max-snippet:-1, max-image-preview:large, max-video-preview:-1\" \/>\n<link rel=\"canonical\" href=\"https:\/\/hotnewsinworld.com\/hu\/parttagsagat-is-elvesztheti-egy-balatonfuredi-kdnp-s-mert-a-fidesz-ot-jelolne-osszel\/\" \/>\n<meta property=\"og:locale\" content=\"hu_HU\" \/>\n<meta property=\"og:type\" content=\"article\" \/>\n<meta property=\"og:title\" content=\"p\u00e1rttags\u00e1g\u00e1t is elvesztheti egy balatonf\u00fcredi KDNP-s, mert a Fidesz \u0151t jel\u00f6ln\u00e9 \u0151sszel - Hot News in World\" \/>\n<meta property=\"og:description\" content=\"[ad_1] Elm\u00e9rgesedtek a szem\u00e9lyi \u00e9s hat\u00e1sk\u00f6ri vit\u00e1k a korm\u00e1nyp\u00e1rt h\u00e1torsz\u00e1g\u00e1ban. Schmidt M\u00e1ria \u00e9s L\u00e1nczi Tam\u00e1s konfliktusa pont a kamp\u00e1nyban tet\u0151z\u00f6tt. Kider\u00fclt, hogy L\u00e1nczi Tam\u00e1ssal az \u00e9len h\u00e1nyan hagyt\u00e1k ott a Schmidt M\u00e1ria vezet\u00e9s\u00e9vel m\u0171k\u00f6d\u0151 XXI. Sz\u00e1zad Int\u00e9zetet. Az int\u00e9zm\u00e9ny honlapj\u00e1nak tan\u00fas\u00e1ga szerint a munkat\u00e1rsak l\u00e9tsz\u00e1ma egyik napr\u00f3l a m\u00e1sikra 16-r\u00f3l 5-re cs\u00f6kkent. \u201eOlyan ez, mint [&hellip;]\" \/>\n<meta property=\"og:url\" content=\"https:\/\/hotnewsinworld.com\/hu\/parttagsagat-is-elvesztheti-egy-balatonfuredi-kdnp-s-mert-a-fidesz-ot-jelolne-osszel\/\" \/>\n<meta property=\"og:site_name\" content=\"Hot News in World\" \/>\n<meta property=\"article:published_time\" content=\"2019-08-29T06:12:02+00:00\" \/>\n<meta property=\"article:modified_time\" content=\"2019-08-29T06:12:03+00:00\" \/>\n<meta property=\"og:image\" content=\"https:\/\/hotnewsinworld.com\/hu\/wp-content\/uploads\/sites\/3\/2019\/08\/p\u00e1rttags\u00e1g\u00e1t-is-elvesztheti-egy-balatonf\u00fcredi-KDNP-s-mert-a-Fidesz-\u0151t.jpg\" \/>\n\t<meta property=\"og:image:width\" content=\"1000\" \/>\n\t<meta property=\"og:image:height\" content=\"600\" \/>\n\t<meta property=\"og:image:type\" content=\"image\/jpeg\" \/>\n<meta name=\"author\" content=\"hotnewsinworld\" \/>\n<meta name=\"twitter:card\" content=\"summary_large_image\" \/>\n<meta name=\"twitter:label1\" content=\"Szerz\u0151:\" \/>\n\t<meta name=\"twitter:data1\" content=\"hotnewsinworld\" \/>\n\t<meta name=\"twitter:label2\" content=\"Becs\u00fclt olvas\u00e1si id\u0151\" \/>\n\t<meta name=\"twitter:data2\" content=\"5 perc\" \/>\n<script type=\"application\/ld+json\" class=\"yoast-schema-graph\">{\"@context\":\"https:\\\/\\\/schema.org\",\"@graph\":[{\"@type\":\"Article\",\"@id\":\"https:\\\/\\\/hotnewsinworld.com\\\/hu\\\/parttagsagat-is-elvesztheti-egy-balatonfuredi-kdnp-s-mert-a-fidesz-ot-jelolne-osszel\\\/#article\",\"isPartOf\":{\"@id\":\"https:\\\/\\\/hotnewsinworld.com\\\/hu\\\/parttagsagat-is-elvesztheti-egy-balatonfuredi-kdnp-s-mert-a-fidesz-ot-jelolne-osszel\\\/\"},\"author\":{\"name\":\"hotnewsinworld\",\"@id\":\"https:\\\/\\\/hotnewsinworld.com\\\/hu\\\/#\\\/schema\\\/person\\\/fe61448b21c0d59086e75fcc1f9d8f6b\"},\"headline\":\"p\u00e1rttags\u00e1g\u00e1t is elvesztheti egy balatonf\u00fcredi KDNP-s, mert a Fidesz \u0151t jel\u00f6ln\u00e9 \u0151sszel\",\"datePublished\":\"2019-08-29T06:12:02+00:00\",\"dateModified\":\"2019-08-29T06:12:03+00:00\",\"mainEntityOfPage\":{\"@id\":\"https:\\\/\\\/hotnewsinworld.com\\\/hu\\\/parttagsagat-is-elvesztheti-egy-balatonfuredi-kdnp-s-mert-a-fidesz-ot-jelolne-osszel\\\/\"},\"wordCount\":970,\"commentCount\":0,\"image\":{\"@id\":\"https:\\\/\\\/hotnewsinworld.com\\\/hu\\\/parttagsagat-is-elvesztheti-egy-balatonfuredi-kdnp-s-mert-a-fidesz-ot-jelolne-osszel\\\/#primaryimage\"},\"thumbnailUrl\":\"https:\\\/\\\/hotnewsinworld.com\\\/hu\\\/wp-content\\\/uploads\\\/sites\\\/3\\\/2019\\\/08\\\/p\u00e1rttags\u00e1g\u00e1t-is-elvesztheti-egy-balatonf\u00fcredi-KDNP-s-mert-a-Fidesz-\u0151t.jpg\",\"articleSection\":[\"LEG\u00daJABB P\u00c9NZ\u00dcGYI H\u00cdREK\"],\"inLanguage\":\"hu\",\"potentialAction\":[{\"@type\":\"CommentAction\",\"name\":\"Comment\",\"target\":[\"https:\\\/\\\/hotnewsinworld.com\\\/hu\\\/parttagsagat-is-elvesztheti-egy-balatonfuredi-kdnp-s-mert-a-fidesz-ot-jelolne-osszel\\\/#respond\"]}]},{\"@type\":\"WebPage\",\"@id\":\"https:\\\/\\\/hotnewsinworld.com\\\/hu\\\/parttagsagat-is-elvesztheti-egy-balatonfuredi-kdnp-s-mert-a-fidesz-ot-jelolne-osszel\\\/\",\"url\":\"https:\\\/\\\/hotnewsinworld.com\\\/hu\\\/parttagsagat-is-elvesztheti-egy-balatonfuredi-kdnp-s-mert-a-fidesz-ot-jelolne-osszel\\\/\",\"name\":\"p\u00e1rttags\u00e1g\u00e1t is elvesztheti egy balatonf\u00fcredi KDNP-s, mert a Fidesz \u0151t jel\u00f6ln\u00e9 \u0151sszel - Hot News in World\",\"isPartOf\":{\"@id\":\"https:\\\/\\\/hotnewsinworld.com\\\/hu\\\/#website\"},\"primaryImageOfPage\":{\"@id\":\"https:\\\/\\\/hotnewsinworld.com\\\/hu\\\/parttagsagat-is-elvesztheti-egy-balatonfuredi-kdnp-s-mert-a-fidesz-ot-jelolne-osszel\\\/#primaryimage\"},\"image\":{\"@id\":\"https:\\\/\\\/hotnewsinworld.com\\\/hu\\\/parttagsagat-is-elvesztheti-egy-balatonfuredi-kdnp-s-mert-a-fidesz-ot-jelolne-osszel\\\/#primaryimage\"},\"thumbnailUrl\":\"https:\\\/\\\/hotnewsinworld.com\\\/hu\\\/wp-content\\\/uploads\\\/sites\\\/3\\\/2019\\\/08\\\/p\u00e1rttags\u00e1g\u00e1t-is-elvesztheti-egy-balatonf\u00fcredi-KDNP-s-mert-a-Fidesz-\u0151t.jpg\",\"datePublished\":\"2019-08-29T06:12:02+00:00\",\"dateModified\":\"2019-08-29T06:12:03+00:00\",\"author\":{\"@id\":\"https:\\\/\\\/hotnewsinworld.com\\\/hu\\\/#\\\/schema\\\/person\\\/fe61448b21c0d59086e75fcc1f9d8f6b\"},\"breadcrumb\":{\"@id\":\"https:\\\/\\\/hotnewsinworld.com\\\/hu\\\/parttagsagat-is-elvesztheti-egy-balatonfuredi-kdnp-s-mert-a-fidesz-ot-jelolne-osszel\\\/#breadcrumb\"},\"inLanguage\":\"hu\",\"potentialAction\":[{\"@type\":\"ReadAction\",\"target\":[\"https:\\\/\\\/hotnewsinworld.com\\\/hu\\\/parttagsagat-is-elvesztheti-egy-balatonfuredi-kdnp-s-mert-a-fidesz-ot-jelolne-osszel\\\/\"]}]},{\"@type\":\"ImageObject\",\"inLanguage\":\"hu\",\"@id\":\"https:\\\/\\\/hotnewsinworld.com\\\/hu\\\/parttagsagat-is-elvesztheti-egy-balatonfuredi-kdnp-s-mert-a-fidesz-ot-jelolne-osszel\\\/#primaryimage\",\"url\":\"https:\\\/\\\/hotnewsinworld.com\\\/hu\\\/wp-content\\\/uploads\\\/sites\\\/3\\\/2019\\\/08\\\/p\u00e1rttags\u00e1g\u00e1t-is-elvesztheti-egy-balatonf\u00fcredi-KDNP-s-mert-a-Fidesz-\u0151t.jpg\",\"contentUrl\":\"https:\\\/\\\/hotnewsinworld.com\\\/hu\\\/wp-content\\\/uploads\\\/sites\\\/3\\\/2019\\\/08\\\/p\u00e1rttags\u00e1g\u00e1t-is-elvesztheti-egy-balatonf\u00fcredi-KDNP-s-mert-a-Fidesz-\u0151t.jpg\",\"width\":1000,\"height\":600,\"caption\":\"p\u00e1rttags\u00e1g\u00e1t is elvesztheti egy balatonf\u00fcredi KDNP-s, mert a Fidesz \u0151t jel\u00f6ln\u00e9 \u0151sszel\"},{\"@type\":\"BreadcrumbList\",\"@id\":\"https:\\\/\\\/hotnewsinworld.com\\\/hu\\\/parttagsagat-is-elvesztheti-egy-balatonfuredi-kdnp-s-mert-a-fidesz-ot-jelolne-osszel\\\/#breadcrumb\",\"itemListElement\":[{\"@type\":\"ListItem\",\"position\":1,\"name\":\"\u0413\u043b\u0430\u0432\u043d\u0430\u044f \u0441\u0442\u0440\u0430\u043d\u0438\u0446\u0430\",\"item\":\"https:\\\/\\\/hotnewsinworld.com\\\/hu\\\/\"},{\"@type\":\"ListItem\",\"position\":2,\"name\":\"p\u00e1rttags\u00e1g\u00e1t is elvesztheti egy balatonf\u00fcredi KDNP-s, mert a Fidesz \u0151t jel\u00f6ln\u00e9 \u0151sszel\"}]},{\"@type\":\"WebSite\",\"@id\":\"https:\\\/\\\/hotnewsinworld.com\\\/hu\\\/#website\",\"url\":\"https:\\\/\\\/hotnewsinworld.com\\\/hu\\\/\",\"name\":\"Hot News in World\",\"description\":\"Hot News in World from Hungary\",\"potentialAction\":[{\"@type\":\"SearchAction\",\"target\":{\"@type\":\"EntryPoint\",\"urlTemplate\":\"https:\\\/\\\/hotnewsinworld.com\\\/hu\\\/?s={search_term_string}\"},\"query-input\":{\"@type\":\"PropertyValueSpecification\",\"valueRequired\":true,\"valueName\":\"search_term_string\"}}],\"inLanguage\":\"hu\"},{\"@type\":\"Person\",\"@id\":\"https:\\\/\\\/hotnewsinworld.com\\\/hu\\\/#\\\/schema\\\/person\\\/fe61448b21c0d59086e75fcc1f9d8f6b\",\"name\":\"hotnewsinworld\",\"image\":{\"@type\":\"ImageObject\",\"inLanguage\":\"hu\",\"@id\":\"https:\\\/\\\/secure.gravatar.com\\\/avatar\\\/8a09ac165600ce2e1c38fe593c63928eb1e6e7ba5c5a907d67787c41b3d00c14?s=96&d=mm&r=g\",\"url\":\"https:\\\/\\\/secure.gravatar.com\\\/avatar\\\/8a09ac165600ce2e1c38fe593c63928eb1e6e7ba5c5a907d67787c41b3d00c14?s=96&d=mm&r=g\",\"contentUrl\":\"https:\\\/\\\/secure.gravatar.com\\\/avatar\\\/8a09ac165600ce2e1c38fe593c63928eb1e6e7ba5c5a907d67787c41b3d00c14?s=96&d=mm&r=g\",\"caption\":\"hotnewsinworld\"},\"url\":\"https:\\\/\\\/hotnewsinworld.com\\\/hu\\\/author\\\/pt\\\/\"}]}<\/script>\n<!-- \/ Yoast SEO plugin. -->","yoast_head_json":{"title":"p\u00e1rttags\u00e1g\u00e1t is elvesztheti egy balatonf\u00fcredi KDNP-s, mert a Fidesz \u0151t jel\u00f6ln\u00e9 \u0151sszel - Hot News in World","robots":{"index":"index","follow":"follow","max-snippet":"max-snippet:-1","max-image-preview":"max-image-preview:large","max-video-preview":"max-video-preview:-1"},"canonical":"https:\/\/hotnewsinworld.com\/hu\/parttagsagat-is-elvesztheti-egy-balatonfuredi-kdnp-s-mert-a-fidesz-ot-jelolne-osszel\/","og_locale":"hu_HU","og_type":"article","og_title":"p\u00e1rttags\u00e1g\u00e1t is elvesztheti egy balatonf\u00fcredi KDNP-s, mert a Fidesz \u0151t jel\u00f6ln\u00e9 \u0151sszel - Hot News in World","og_description":"[ad_1] Elm\u00e9rgesedtek a szem\u00e9lyi \u00e9s hat\u00e1sk\u00f6ri vit\u00e1k a korm\u00e1nyp\u00e1rt h\u00e1torsz\u00e1g\u00e1ban. Schmidt M\u00e1ria \u00e9s L\u00e1nczi Tam\u00e1s konfliktusa pont a kamp\u00e1nyban tet\u0151z\u00f6tt. Kider\u00fclt, hogy L\u00e1nczi Tam\u00e1ssal az \u00e9len h\u00e1nyan hagyt\u00e1k ott a Schmidt M\u00e1ria vezet\u00e9s\u00e9vel m\u0171k\u00f6d\u0151 XXI. Sz\u00e1zad Int\u00e9zetet. Az int\u00e9zm\u00e9ny honlapj\u00e1nak tan\u00fas\u00e1ga szerint a munkat\u00e1rsak l\u00e9tsz\u00e1ma egyik napr\u00f3l a m\u00e1sikra 16-r\u00f3l 5-re cs\u00f6kkent. \u201eOlyan ez, mint [&hellip;]","og_url":"https:\/\/hotnewsinworld.com\/hu\/parttagsagat-is-elvesztheti-egy-balatonfuredi-kdnp-s-mert-a-fidesz-ot-jelolne-osszel\/","og_site_name":"Hot News in World","article_published_time":"2019-08-29T06:12:02+00:00","article_modified_time":"2019-08-29T06:12:03+00:00","og_image":[{"width":1000,"height":600,"url":"https:\/\/hotnewsinworld.com\/hu\/wp-content\/uploads\/sites\/3\/2019\/08\/p\u00e1rttags\u00e1g\u00e1t-is-elvesztheti-egy-balatonf\u00fcredi-KDNP-s-mert-a-Fidesz-\u0151t.jpg","type":"image\/jpeg"}],"author":"hotnewsinworld","twitter_card":"summary_large_image","twitter_misc":{"Szerz\u0151:":"hotnewsinworld","Becs\u00fclt olvas\u00e1si id\u0151":"5 perc"},"schema":{"@context":"https:\/\/schema.org","@graph":[{"@type":"Article","@id":"https:\/\/hotnewsinworld.com\/hu\/parttagsagat-is-elvesztheti-egy-balatonfuredi-kdnp-s-mert-a-fidesz-ot-jelolne-osszel\/#article","isPartOf":{"@id":"https:\/\/hotnewsinworld.com\/hu\/parttagsagat-is-elvesztheti-egy-balatonfuredi-kdnp-s-mert-a-fidesz-ot-jelolne-osszel\/"},"author":{"name":"hotnewsinworld","@id":"https:\/\/hotnewsinworld.com\/hu\/#\/schema\/person\/fe61448b21c0d59086e75fcc1f9d8f6b"},"headline":"p\u00e1rttags\u00e1g\u00e1t is elvesztheti egy balatonf\u00fcredi KDNP-s, mert a Fidesz \u0151t jel\u00f6ln\u00e9 \u0151sszel","datePublished":"2019-08-29T06:12:02+00:00","dateModified":"2019-08-29T06:12:03+00:00","mainEntityOfPage":{"@id":"https:\/\/hotnewsinworld.com\/hu\/parttagsagat-is-elvesztheti-egy-balatonfuredi-kdnp-s-mert-a-fidesz-ot-jelolne-osszel\/"},"wordCount":970,"commentCount":0,"image":{"@id":"https:\/\/hotnewsinworld.com\/hu\/parttagsagat-is-elvesztheti-egy-balatonfuredi-kdnp-s-mert-a-fidesz-ot-jelolne-osszel\/#primaryimage"},"thumbnailUrl":"https:\/\/hotnewsinworld.com\/hu\/wp-content\/uploads\/sites\/3\/2019\/08\/p\u00e1rttags\u00e1g\u00e1t-is-elvesztheti-egy-balatonf\u00fcredi-KDNP-s-mert-a-Fidesz-\u0151t.jpg","articleSection":["LEG\u00daJABB P\u00c9NZ\u00dcGYI H\u00cdREK"],"inLanguage":"hu","potentialAction":[{"@type":"CommentAction","name":"Comment","target":["https:\/\/hotnewsinworld.com\/hu\/parttagsagat-is-elvesztheti-egy-balatonfuredi-kdnp-s-mert-a-fidesz-ot-jelolne-osszel\/#respond"]}]},{"@type":"WebPage","@id":"https:\/\/hotnewsinworld.com\/hu\/parttagsagat-is-elvesztheti-egy-balatonfuredi-kdnp-s-mert-a-fidesz-ot-jelolne-osszel\/","url":"https:\/\/hotnewsinworld.com\/hu\/parttagsagat-is-elvesztheti-egy-balatonfuredi-kdnp-s-mert-a-fidesz-ot-jelolne-osszel\/","name":"p\u00e1rttags\u00e1g\u00e1t is elvesztheti egy balatonf\u00fcredi KDNP-s, mert a Fidesz \u0151t jel\u00f6ln\u00e9 \u0151sszel - Hot News in World","isPartOf":{"@id":"https:\/\/hotnewsinworld.com\/hu\/#website"},"primaryImageOfPage":{"@id":"https:\/\/hotnewsinworld.com\/hu\/parttagsagat-is-elvesztheti-egy-balatonfuredi-kdnp-s-mert-a-fidesz-ot-jelolne-osszel\/#primaryimage"},"image":{"@id":"https:\/\/hotnewsinworld.com\/hu\/parttagsagat-is-elvesztheti-egy-balatonfuredi-kdnp-s-mert-a-fidesz-ot-jelolne-osszel\/#primaryimage"},"thumbnailUrl":"https:\/\/hotnewsinworld.com\/hu\/wp-content\/uploads\/sites\/3\/2019\/08\/p\u00e1rttags\u00e1g\u00e1t-is-elvesztheti-egy-balatonf\u00fcredi-KDNP-s-mert-a-Fidesz-\u0151t.jpg","datePublished":"2019-08-29T06:12:02+00:00","dateModified":"2019-08-29T06:12:03+00:00","author":{"@id":"https:\/\/hotnewsinworld.com\/hu\/#\/schema\/person\/fe61448b21c0d59086e75fcc1f9d8f6b"},"breadcrumb":{"@id":"https:\/\/hotnewsinworld.com\/hu\/parttagsagat-is-elvesztheti-egy-balatonfuredi-kdnp-s-mert-a-fidesz-ot-jelolne-osszel\/#breadcrumb"},"inLanguage":"hu","potentialAction":[{"@type":"ReadAction","target":["https:\/\/hotnewsinworld.com\/hu\/parttagsagat-is-elvesztheti-egy-balatonfuredi-kdnp-s-mert-a-fidesz-ot-jelolne-osszel\/"]}]},{"@type":"ImageObject","inLanguage":"hu","@id":"https:\/\/hotnewsinworld.com\/hu\/parttagsagat-is-elvesztheti-egy-balatonfuredi-kdnp-s-mert-a-fidesz-ot-jelolne-osszel\/#primaryimage","url":"https:\/\/hotnewsinworld.com\/hu\/wp-content\/uploads\/sites\/3\/2019\/08\/p\u00e1rttags\u00e1g\u00e1t-is-elvesztheti-egy-balatonf\u00fcredi-KDNP-s-mert-a-Fidesz-\u0151t.jpg","contentUrl":"https:\/\/hotnewsinworld.com\/hu\/wp-content\/uploads\/sites\/3\/2019\/08\/p\u00e1rttags\u00e1g\u00e1t-is-elvesztheti-egy-balatonf\u00fcredi-KDNP-s-mert-a-Fidesz-\u0151t.jpg","width":1000,"height":600,"caption":"p\u00e1rttags\u00e1g\u00e1t is elvesztheti egy balatonf\u00fcredi KDNP-s, mert a Fidesz \u0151t jel\u00f6ln\u00e9 \u0151sszel"},{"@type":"BreadcrumbList","@id":"https:\/\/hotnewsinworld.com\/hu\/parttagsagat-is-elvesztheti-egy-balatonfuredi-kdnp-s-mert-a-fidesz-ot-jelolne-osszel\/#breadcrumb","itemListElement":[{"@type":"ListItem","position":1,"name":"\u0413\u043b\u0430\u0432\u043d\u0430\u044f \u0441\u0442\u0440\u0430\u043d\u0438\u0446\u0430","item":"https:\/\/hotnewsinworld.com\/hu\/"},{"@type":"ListItem","position":2,"name":"p\u00e1rttags\u00e1g\u00e1t is elvesztheti egy balatonf\u00fcredi KDNP-s, mert a Fidesz \u0151t jel\u00f6ln\u00e9 \u0151sszel"}]},{"@type":"WebSite","@id":"https:\/\/hotnewsinworld.com\/hu\/#website","url":"https:\/\/hotnewsinworld.com\/hu\/","name":"Hot News in World","description":"Hot News in World from Hungary","potentialAction":[{"@type":"SearchAction","target":{"@type":"EntryPoint","urlTemplate":"https:\/\/hotnewsinworld.com\/hu\/?s={search_term_string}"},"query-input":{"@type":"PropertyValueSpecification","valueRequired":true,"valueName":"search_term_string"}}],"inLanguage":"hu"},{"@type":"Person","@id":"https:\/\/hotnewsinworld.com\/hu\/#\/schema\/person\/fe61448b21c0d59086e75fcc1f9d8f6b","name":"hotnewsinworld","image":{"@type":"ImageObject","inLanguage":"hu","@id":"https:\/\/secure.gravatar.com\/avatar\/8a09ac165600ce2e1c38fe593c63928eb1e6e7ba5c5a907d67787c41b3d00c14?s=96&d=mm&r=g","url":"https:\/\/secure.gravatar.com\/avatar\/8a09ac165600ce2e1c38fe593c63928eb1e6e7ba5c5a907d67787c41b3d00c14?s=96&d=mm&r=g","contentUrl":"https:\/\/secure.gravatar.com\/avatar\/8a09ac165600ce2e1c38fe593c63928eb1e6e7ba5c5a907d67787c41b3d00c14?s=96&d=mm&r=g","caption":"hotnewsinworld"},"url":"https:\/\/hotnewsinworld.com\/hu\/author\/pt\/"}]}},"_links":{"self":[{"href":"https:\/\/hotnewsinworld.com\/hu\/wp-json\/wp\/v2\/posts\/1350","targetHints":{"allow":["GET"]}}],"collection":[{"href":"https:\/\/hotnewsinworld.com\/hu\/wp-json\/wp\/v2\/posts"}],"about":[{"href":"https:\/\/hotnewsinworld.com\/hu\/wp-json\/wp\/v2\/types\/post"}],"author":[{"embeddable":true,"href":"https:\/\/hotnewsinworld.com\/hu\/wp-json\/wp\/v2\/users\/2"}],"replies":[{"embeddable":true,"href":"https:\/\/hotnewsinworld.com\/hu\/wp-json\/wp\/v2\/comments?post=1350"}],"version-history":[{"count":1,"href":"https:\/\/hotnewsinworld.com\/hu\/wp-json\/wp\/v2\/posts\/1350\/revisions"}],"predecessor-version":[{"id":1352,"href":"https:\/\/hotnewsinworld.com\/hu\/wp-json\/wp\/v2\/posts\/1350\/revisions\/1352"}],"wp:featuredmedia":[{"embeddable":true,"href":"https:\/\/hotnewsinworld.com\/hu\/wp-json\/wp\/v2\/media\/1351"}],"wp:attachment":[{"href":"https:\/\/hotnewsinworld.com\/hu\/wp-json\/wp\/v2\/media?parent=1350"}],"wp:term":[{"taxonomy":"category","embeddable":true,"href":"https:\/\/hotnewsinworld.com\/hu\/wp-json\/wp\/v2\/categories?post=1350"},{"taxonomy":"post_tag","embeddable":true,"href":"https:\/\/hotnewsinworld.com\/hu\/wp-json\/wp\/v2\/tags?post=1350"}],"curies":[{"name":"wp","href":"https:\/\/api.w.org\/{rel}","templated":true}]}}