{"id":1356,"date":"2019-08-29T11:56:25","date_gmt":"2019-08-29T08:56:25","guid":{"rendered":"https:\/\/hotnewsinworld.com\/hu\/karacsony-gergely-nemcsak-zuglot-de-budapestet-is-csodbe-vinne\/"},"modified":"2019-08-29T11:56:26","modified_gmt":"2019-08-29T08:56:26","slug":"karacsony-gergely-nemcsak-zuglot-de-budapestet-is-csodbe-vinne","status":"publish","type":"post","link":"https:\/\/hotnewsinworld.com\/hu\/karacsony-gergely-nemcsak-zuglot-de-budapestet-is-csodbe-vinne\/","title":{"rendered":"Kar\u00e1csony Gergely nemcsak Zugl\u00f3t, de Budapestet is cs\u0151dbe vinn\u00e9"},"content":{"rendered":"<p> [ad_1]<br \/>\n<\/p>\n<div id=\"st\">\n<div class=\"blockquote-holder\">\n<blockquote>\n<p>Zugl\u00f3 \u00e9rdekeit s\u00e9rti a fels\u0151 vezet\u00e9s\u0171 M2\u2013H\u00c9V-\u00f6sszek\u00f6ttet\u00e9s<\/p>\n<\/blockquote>\n<\/div>\n<p>\u2013 \u00adolvashat\u00f3 abban a lev\u00e9lben, amit Kar\u00e1csony Gergelynek, a XIV. ker\u00fclet polg\u00e1rmester\u00e9nek al\u00e1\u00edr\u00e1s\u00e1val k\u00fcldtek el a Budapesti K\u00f6zleked\u00e9si K\u00f6zpontnak (BKK).<\/p>\n<p>A <em>Magyar Nemzet<\/em> azt \u00edrja, hogy a 2019. janu\u00e1ri dokumentum szerint az \u00d6rs vez\u00e9r t\u00e9ri, \u00faj, pill\u00e9reken \u00e1ll\u00f3 \u00e1llom\u00e1s romboln\u00e1 a v\u00e1rosk\u00e9pet, a Szentmih\u00e1lyi \u00fat\u2013Kerepesi \u00fat csom\u00f3pontj\u00e1nak \u00e1t\u00e9p\u00edt\u00e9se \u00e9s a k\u00f6z\u00fati forgalom fel\u00fclj\u00e1r\u00f3n val\u00f3 \u00e1tvezet\u00e9se a k\u00f6rnyez\u0151 ter\u00fcleteket elz\u00e1rn\u00e1, azok \u201eelszl\u00f6m\u00f6s\u00f6dn\u00e9nek\u201d. Zugl\u00f3 polg\u00e1rmester\u00e9nek levele szerint a k\u00e9t k\u00f6t\u00f6ttp\u00e1ly\u00e1s k\u00f6zleked\u00e9si m\u00f3d felsz\u00edn feletti \u00f6sszek\u00f6ttet\u00e9se zajos lenne, rezg\u00e9seket okozna \u00e9s romboln\u00e1 a v\u00e1rosk\u00e9pet, ez\u00e9rt \u201ea b\u00edr\u00e1lati enged\u00e9lyez\u00e9si tervdokument\u00e1ci\u00f3ban bemutatott m\u0171szaki kialak\u00edt\u00e1sokat \u00f6sszess\u00e9g\u00e9ben nem tartja elfogadhat\u00f3nak\u201d.<\/p>\n<p>A BKK a v\u00e1laszlevel\u00e9ben felh\u00edvta Kar\u00e1csony Gergely figyelm\u00e9t arra, hogy a XIV. ker\u00fclettel a projekt tervez\u00e9s\u00e9nek kezdete \u00f3ta folynak az egyeztet\u00e9sek. Zugl\u00f3 v\u00e9lem\u00e9nyezte a kor\u00e1bbi munkar\u00e9szeket, a r\u00e9szleges megval\u00f3s\u00edthat\u00f3s\u00e1gi tanulm\u00e1nyt, valamint a vonalkapcsolat tanulm\u00e1nyterv\u00e9t is.<\/p>\n<div class=\"img-wrap\" style=\"position:relative;\"><\/div>\n<p>A f\u0151v\u00e1rosi k\u00f6zleked\u00e9sszervez\u0151 c\u00e9g level\u00e9b\u0151l az is kider\u00fclt, hogy a t\u00e9rrendez\u00e9ssel kapcsolatos tervp\u00e1ly\u00e1zat b\u00edr\u00e1l\u00f3bizotts\u00e1g\u00e1nak tagja volt a ker\u00fcleti f\u0151\u00e9p\u00edt\u00e9sz is. Azt is megjegyzik, hogy eddig nem kaptak a ker\u00fclett\u0151l olyan egy\u00e9rtelm\u0171 v\u00e9lem\u00e9nyt, amely kiz\u00e1rja az \u00d6rs vez\u00e9r ter\u00e9n a metr\u00f3 \u00e9s a H\u00c9V magasvas\u00fati \u00f6sszek\u00f6ttet\u00e9s\u00e9t.<\/p>\n<p>A BKK azt is jelezte Kar\u00e1csonynak, hogy ha a Pillang\u00f3 utc\u00e1t\u00f3l a K\u00f6rvas\u00fatig v\u00e9gig k\u00e9regvasutat \u00e9p\u00edten\u00e9nek, akkor csak a m\u0171t\u00e1rgyak kivitelez\u00e9se \u00e9s a k\u00f6zm\u0171vek kiv\u00e1lt\u00e1sa sz\u00e1zmilli\u00e1rdos pluszk\u00f6lts\u00e9get jelentene. Arr\u00f3l is t\u00e1j\u00e9koztatt\u00e1k a P\u00e1rbesz\u00e9d polg\u00e1rmester\u00e9t, hogy a felsz\u00edn al\u00e1 s\u00fcllyesztett vonalvezet\u00e9st m\u00e1r 2015-ben elvettett\u00e9k.<\/p>\n<div class=\"blockquote-holder\">\n<blockquote>\n<p>Erre az \u00fatra, a projekt k\u00f6lts\u00e9geinek jelent\u0151s n\u00f6vel\u00e9s\u00e9nek \u00fatj\u00e1ra visszat\u00e9rni nincs lehet\u0151s\u00e9g, mivel az a projekt ellehetetlen\u00fcl\u00e9s\u00e9t okozza, azt a korm\u00e1ny nem t\u00e1mogatja<\/p>\n<\/blockquote>\n<\/div>\n<p>\u2013 sz\u00f6gezte le a BKK. A t\u00e1rsas\u00e1g a szakmai indokol\u00e1sban azt is le\u00edrja, hogy Kar\u00e1csony elk\u00e9pzel\u00e9seinek k\u00f6vetkezm\u00e9nye a k\u00f6lts\u00e9gek k\u00e9tszeres\u00e9re n\u00f6veked\u00e9se mellett a l\u00e9gszennyez\u00e9s \u00e9s a zajhat\u00e1s n\u00f6veked\u00e9se lenne.<\/p>\n<p>A BKK meglepet\u00e9s\u00e9t fejezte ki, hogy az \u00d6rs vez\u00e9r t\u00e9ren az \u00faj BKV-v\u00e9g\u00e1llom\u00e1s kialak\u00edt\u00e1s\u00e1t, a t\u00e9rrendez\u00e9st Zugl\u00f3 kor\u00e1bban m\u00e9g t\u00e1mogatta, most pedig a polg\u00e1rmester sz\u00e1m\u00e1ra elfogadhatatlan lett a t\u00e9r meg\u00faj\u00edt\u00e1sa.<\/p>\n<div class=\"blockquote-holder\">\n<blockquote>\n<p>A v\u00e1rosk\u00e9pileg rombol\u00f3 hat\u00e1st az \u00d6rs vez\u00e9r tere kapcs\u00e1n nehezen tudjuk \u00e9rtelmezni. Az \u00e1ltal\u00e1nos k\u00f6zv\u00e9leked\u00e9s szerint ezen a helyzeten csak jav\u00edtani lehet<\/p>\n<\/blockquote>\n<\/div>\n<p>\u2013 jegyezte meg a Kar\u00e1csonynak k\u00fcld\u00f6tt v\u00e1laszlev\u00e9lben a BKK.<\/p>\n<p>Kar\u00e1csony Gergely az egy h\u00e9ttel ezel\u0151tt a XVI. ker\u00fcletben tartott sajt\u00f3t\u00e1j\u00e9koztat\u00f3j\u00e1n azt mondta: a g\u00f6d\u00f6ll\u0151i H\u00c9V \u00e9s a 2-es metr\u00f3 \u00f6sszek\u00f6t\u00e9s\u00e9nek tervez\u00e9s\u00e9t fel kell gyors\u00edtani, \u00e9s azt k\u00e9regvas\u00fatk\u00e9nt kell meg\u00e9p\u00edteni. A liber\u00e1lis politikus arr\u00f3l nem sz\u00f3lt, hogy tudja, hol tart a projekt tervez\u00e9si \u00e9s r\u00e9szleges enged\u00e9lyez\u00e9si folyamata. S\u0151t arr\u00f3l sem, hogy az \u00e1ltala v\u00e1zolt elk\u00e9pzel\u00e9snek nincs p\u00e9nz\u00fcgyi h\u00e1ttere.<\/p>\n<p>Mint azt kor\u00e1bban a <em>Magyar Nemzet<\/em> meg\u00edrta: a BKK k\u00f6zl\u00e9se szerint a projekt keret\u00e9ben a f\u0151v\u00e1rosi szakaszokra vonatkoz\u00f3 b\u00edr\u00e1lati enged\u00e9lyez\u00e9si tervek elk\u00e9sz\u00fcltek. A metr\u00f3- \u00e9s H\u00c9V-\u00fczemben is k\u00f6zlekedni k\u00e9pes \u00faj j\u00e1rm\u0171vekre vonatkoz\u00f3 elvi el\u0151zetes t\u00edpusenged\u00e9lyt pedig m\u00e1r ki is adt\u00e1k, a felt\u00e9teles k\u00f6zbeszerz\u00e9s ki\u00edr\u00e1sa \u00e9rdek\u00e9ben az \u00fczemeltet\u0151kkel, valamint a hat\u00f3s\u00e1gokkal az egyeztet\u00e9sek folyamatosak.<\/p>\n<p>A BKK szerint a projekt el\u0151k\u00e9sz\u00edt\u00e9s\u00e9nek hat\u00e1rideje 2019 v\u00e9ge, annak megval\u00f3s\u00edt\u00e1s\u00e1t a 2021\u20132027-es eur\u00f3pai uni\u00f3s k\u00f6lts\u00e9gvet\u00e9si ciklusban tervezik.<\/p>\n<\/p><\/div>\n<p><script>\n    window.fbAsyncInit = function() {\n        FB.init({\n            appId      : \"1473970872899631\",\n            xfbml      : true,\n            version    : \"v2.12\"\n        });\n        FB.AppEvents.logPageView();\n    };<\/p>\n<p>    (function(d, s, id){\n        var js, fjs = d.getElementsByTagName(s)[0];\n        if (d.getElementById(id)) {return;}\n        js = d.createElement(s); js.id = id;\n        js.src = \"http:\/\/connect.facebook.net\/hu_HU\/sdk.js\";\n        fjs.parentNode.insertBefore(js, fjs);\n    }(document, \"script\", \"facebook-jssdk\"));\n<\/script><script> !function (f, b, e, v, n, t, s) {\n        if (f.fbq)\n            return;\n        n = f.fbq = function () {\n            n.callMethod ? n.callMethod.apply(n, arguments) : n.queue.push(arguments)\n        };\n        if (!f._fbq)\n            f._fbq = n;\n        n.push = n;\n        n.loaded = !0;\n        n.version = '2.0';\n        n.queue = [];\n        t = b.createElement(e);\n        t.async = !0;\n        t.src = v;\n        s = b.getElementsByTagName(e)[0];\n        s.parentNode.insertBefore(t, s)\n    }(window, document, 'script', 'https:\/\/connect.facebook.net\/en_US\/fbevents.js');\n    fbq('init', '609070165954492');\n    fbq('track', 'PageView');<\/script><script>  window.fbAsyncInit = function () {\n        FB.init({appId: '917862651618596', xfbml: true, version: 'v2.4'});\n    };\n    (function (d, s, id) {\n        var js, fjs = d.getElementsByTagName(s)[0];\n        if (d.getElementById(id))\n            return;\n        js = d.createElement(s);\n        js.id = id;\n        js.src = \"http:\/\/connect.facebook.net\/hu_HU\/all.js#xfbml=1\";\n        fjs.parentNode.insertBefore(js, fjs);\n    }(document, 'script', 'facebook-jssdk'));<\/script><br \/>\n<br \/>[ad_2]<br \/>\n<br \/><a href=\"https:\/\/hirek.oldal.info\/rssclick\/14353095\">Source link <\/a><\/p>\n","protected":false},"excerpt":{"rendered":"<p>[ad_1] Zugl\u00f3 \u00e9rdekeit s\u00e9rti a fels\u0151 vezet\u00e9s\u0171 M2\u2013H\u00c9V-\u00f6sszek\u00f6ttet\u00e9s \u2013 \u00adolvashat\u00f3 abban a lev\u00e9lben, amit Kar\u00e1csony Gergelynek, a XIV. ker\u00fclet polg\u00e1rmester\u00e9nek al\u00e1\u00edr\u00e1s\u00e1val k\u00fcldtek el a Budapesti K\u00f6zleked\u00e9si K\u00f6zpontnak (BKK). A Magyar Nemzet azt \u00edrja, hogy a 2019. janu\u00e1ri dokumentum szerint az \u00d6rs vez\u00e9r t\u00e9ri, \u00faj, pill\u00e9reken \u00e1ll\u00f3 \u00e1llom\u00e1s romboln\u00e1 a v\u00e1rosk\u00e9pet, a Szentmih\u00e1lyi \u00fat\u2013Kerepesi \u00fat csom\u00f3pontj\u00e1nak [&hellip;]<\/p>\n","protected":false},"author":2,"featured_media":440,"comment_status":"open","ping_status":"open","sticky":false,"template":"","format":"standard","meta":{"footnotes":""},"categories":[1],"tags":[],"class_list":["post-1356","post","type-post","status-publish","format-standard","has-post-thumbnail","hentry","category-legujabb-penzugyi-hirek"],"yoast_head":"<!-- This site is optimized with the Yoast SEO plugin v27.4 - https:\/\/yoast.com\/product\/yoast-seo-wordpress\/ -->\n<title>Kar\u00e1csony Gergely nemcsak Zugl\u00f3t, de Budapestet is cs\u0151dbe vinn\u00e9 - Hot News in World<\/title>\n<meta name=\"robots\" content=\"index, follow, max-snippet:-1, max-image-preview:large, max-video-preview:-1\" \/>\n<link rel=\"canonical\" href=\"https:\/\/hotnewsinworld.com\/hu\/karacsony-gergely-nemcsak-zuglot-de-budapestet-is-csodbe-vinne\/\" \/>\n<meta property=\"og:locale\" content=\"hu_HU\" \/>\n<meta property=\"og:type\" content=\"article\" \/>\n<meta property=\"og:title\" content=\"Kar\u00e1csony Gergely nemcsak Zugl\u00f3t, de Budapestet is cs\u0151dbe vinn\u00e9 - Hot News in World\" \/>\n<meta property=\"og:description\" content=\"[ad_1] Zugl\u00f3 \u00e9rdekeit s\u00e9rti a fels\u0151 vezet\u00e9s\u0171 M2\u2013H\u00c9V-\u00f6sszek\u00f6ttet\u00e9s \u2013 \u00adolvashat\u00f3 abban a lev\u00e9lben, amit Kar\u00e1csony Gergelynek, a XIV. ker\u00fclet polg\u00e1rmester\u00e9nek al\u00e1\u00edr\u00e1s\u00e1val k\u00fcldtek el a Budapesti K\u00f6zleked\u00e9si K\u00f6zpontnak (BKK). A Magyar Nemzet azt \u00edrja, hogy a 2019. janu\u00e1ri dokumentum szerint az \u00d6rs vez\u00e9r t\u00e9ri, \u00faj, pill\u00e9reken \u00e1ll\u00f3 \u00e1llom\u00e1s romboln\u00e1 a v\u00e1rosk\u00e9pet, a Szentmih\u00e1lyi \u00fat\u2013Kerepesi \u00fat csom\u00f3pontj\u00e1nak [&hellip;]\" \/>\n<meta property=\"og:url\" content=\"https:\/\/hotnewsinworld.com\/hu\/karacsony-gergely-nemcsak-zuglot-de-budapestet-is-csodbe-vinne\/\" \/>\n<meta property=\"og:site_name\" content=\"Hot News in World\" \/>\n<meta property=\"article:published_time\" content=\"2019-08-29T08:56:25+00:00\" \/>\n<meta property=\"article:modified_time\" content=\"2019-08-29T08:56:26+00:00\" \/>\n<meta property=\"og:image\" content=\"https:\/\/hotnewsinworld.com\/hu\/wp-content\/uploads\/sites\/3\/2019\/07\/A-j\u00f3-hazafi-nacionalista-az-igaz-nacionalista-meg-j\u00f3-hazafi.jpg\" \/>\n\t<meta property=\"og:image:width\" content=\"1500\" \/>\n\t<meta property=\"og:image:height\" content=\"650\" \/>\n\t<meta property=\"og:image:type\" content=\"image\/jpeg\" \/>\n<meta name=\"author\" content=\"hotnewsinworld\" \/>\n<meta name=\"twitter:card\" content=\"summary_large_image\" \/>\n<meta name=\"twitter:label1\" content=\"Szerz\u0151:\" \/>\n\t<meta name=\"twitter:data1\" content=\"hotnewsinworld\" \/>\n\t<meta name=\"twitter:label2\" content=\"Becs\u00fclt olvas\u00e1si id\u0151\" \/>\n\t<meta name=\"twitter:data2\" content=\"4 perc\" \/>\n<script type=\"application\/ld+json\" class=\"yoast-schema-graph\">{\"@context\":\"https:\\\/\\\/schema.org\",\"@graph\":[{\"@type\":\"Article\",\"@id\":\"https:\\\/\\\/hotnewsinworld.com\\\/hu\\\/karacsony-gergely-nemcsak-zuglot-de-budapestet-is-csodbe-vinne\\\/#article\",\"isPartOf\":{\"@id\":\"https:\\\/\\\/hotnewsinworld.com\\\/hu\\\/karacsony-gergely-nemcsak-zuglot-de-budapestet-is-csodbe-vinne\\\/\"},\"author\":{\"name\":\"hotnewsinworld\",\"@id\":\"https:\\\/\\\/hotnewsinworld.com\\\/hu\\\/#\\\/schema\\\/person\\\/fe61448b21c0d59086e75fcc1f9d8f6b\"},\"headline\":\"Kar\u00e1csony Gergely nemcsak Zugl\u00f3t, de Budapestet is cs\u0151dbe vinn\u00e9\",\"datePublished\":\"2019-08-29T08:56:25+00:00\",\"dateModified\":\"2019-08-29T08:56:26+00:00\",\"mainEntityOfPage\":{\"@id\":\"https:\\\/\\\/hotnewsinworld.com\\\/hu\\\/karacsony-gergely-nemcsak-zuglot-de-budapestet-is-csodbe-vinne\\\/\"},\"wordCount\":802,\"commentCount\":0,\"image\":{\"@id\":\"https:\\\/\\\/hotnewsinworld.com\\\/hu\\\/karacsony-gergely-nemcsak-zuglot-de-budapestet-is-csodbe-vinne\\\/#primaryimage\"},\"thumbnailUrl\":\"https:\\\/\\\/hotnewsinworld.com\\\/hu\\\/wp-content\\\/uploads\\\/sites\\\/3\\\/2019\\\/07\\\/A-j\u00f3-hazafi-nacionalista-az-igaz-nacionalista-meg-j\u00f3-hazafi.jpg\",\"articleSection\":[\"LEG\u00daJABB P\u00c9NZ\u00dcGYI H\u00cdREK\"],\"inLanguage\":\"hu\",\"potentialAction\":[{\"@type\":\"CommentAction\",\"name\":\"Comment\",\"target\":[\"https:\\\/\\\/hotnewsinworld.com\\\/hu\\\/karacsony-gergely-nemcsak-zuglot-de-budapestet-is-csodbe-vinne\\\/#respond\"]}]},{\"@type\":\"WebPage\",\"@id\":\"https:\\\/\\\/hotnewsinworld.com\\\/hu\\\/karacsony-gergely-nemcsak-zuglot-de-budapestet-is-csodbe-vinne\\\/\",\"url\":\"https:\\\/\\\/hotnewsinworld.com\\\/hu\\\/karacsony-gergely-nemcsak-zuglot-de-budapestet-is-csodbe-vinne\\\/\",\"name\":\"Kar\u00e1csony Gergely nemcsak Zugl\u00f3t, de Budapestet is cs\u0151dbe vinn\u00e9 - Hot News in World\",\"isPartOf\":{\"@id\":\"https:\\\/\\\/hotnewsinworld.com\\\/hu\\\/#website\"},\"primaryImageOfPage\":{\"@id\":\"https:\\\/\\\/hotnewsinworld.com\\\/hu\\\/karacsony-gergely-nemcsak-zuglot-de-budapestet-is-csodbe-vinne\\\/#primaryimage\"},\"image\":{\"@id\":\"https:\\\/\\\/hotnewsinworld.com\\\/hu\\\/karacsony-gergely-nemcsak-zuglot-de-budapestet-is-csodbe-vinne\\\/#primaryimage\"},\"thumbnailUrl\":\"https:\\\/\\\/hotnewsinworld.com\\\/hu\\\/wp-content\\\/uploads\\\/sites\\\/3\\\/2019\\\/07\\\/A-j\u00f3-hazafi-nacionalista-az-igaz-nacionalista-meg-j\u00f3-hazafi.jpg\",\"datePublished\":\"2019-08-29T08:56:25+00:00\",\"dateModified\":\"2019-08-29T08:56:26+00:00\",\"author\":{\"@id\":\"https:\\\/\\\/hotnewsinworld.com\\\/hu\\\/#\\\/schema\\\/person\\\/fe61448b21c0d59086e75fcc1f9d8f6b\"},\"breadcrumb\":{\"@id\":\"https:\\\/\\\/hotnewsinworld.com\\\/hu\\\/karacsony-gergely-nemcsak-zuglot-de-budapestet-is-csodbe-vinne\\\/#breadcrumb\"},\"inLanguage\":\"hu\",\"potentialAction\":[{\"@type\":\"ReadAction\",\"target\":[\"https:\\\/\\\/hotnewsinworld.com\\\/hu\\\/karacsony-gergely-nemcsak-zuglot-de-budapestet-is-csodbe-vinne\\\/\"]}]},{\"@type\":\"ImageObject\",\"inLanguage\":\"hu\",\"@id\":\"https:\\\/\\\/hotnewsinworld.com\\\/hu\\\/karacsony-gergely-nemcsak-zuglot-de-budapestet-is-csodbe-vinne\\\/#primaryimage\",\"url\":\"https:\\\/\\\/hotnewsinworld.com\\\/hu\\\/wp-content\\\/uploads\\\/sites\\\/3\\\/2019\\\/07\\\/A-j\u00f3-hazafi-nacionalista-az-igaz-nacionalista-meg-j\u00f3-hazafi.jpg\",\"contentUrl\":\"https:\\\/\\\/hotnewsinworld.com\\\/hu\\\/wp-content\\\/uploads\\\/sites\\\/3\\\/2019\\\/07\\\/A-j\u00f3-hazafi-nacionalista-az-igaz-nacionalista-meg-j\u00f3-hazafi.jpg\",\"width\":1500,\"height\":650,\"caption\":\"A j\u00f3 hazafi nacionalista, az igaz nacionalista meg j\u00f3 hazafi!\"},{\"@type\":\"BreadcrumbList\",\"@id\":\"https:\\\/\\\/hotnewsinworld.com\\\/hu\\\/karacsony-gergely-nemcsak-zuglot-de-budapestet-is-csodbe-vinne\\\/#breadcrumb\",\"itemListElement\":[{\"@type\":\"ListItem\",\"position\":1,\"name\":\"\u0413\u043b\u0430\u0432\u043d\u0430\u044f \u0441\u0442\u0440\u0430\u043d\u0438\u0446\u0430\",\"item\":\"https:\\\/\\\/hotnewsinworld.com\\\/hu\\\/\"},{\"@type\":\"ListItem\",\"position\":2,\"name\":\"Kar\u00e1csony Gergely nemcsak Zugl\u00f3t, de Budapestet is cs\u0151dbe vinn\u00e9\"}]},{\"@type\":\"WebSite\",\"@id\":\"https:\\\/\\\/hotnewsinworld.com\\\/hu\\\/#website\",\"url\":\"https:\\\/\\\/hotnewsinworld.com\\\/hu\\\/\",\"name\":\"Hot News in World\",\"description\":\"Hot News in World from Hungary\",\"potentialAction\":[{\"@type\":\"SearchAction\",\"target\":{\"@type\":\"EntryPoint\",\"urlTemplate\":\"https:\\\/\\\/hotnewsinworld.com\\\/hu\\\/?s={search_term_string}\"},\"query-input\":{\"@type\":\"PropertyValueSpecification\",\"valueRequired\":true,\"valueName\":\"search_term_string\"}}],\"inLanguage\":\"hu\"},{\"@type\":\"Person\",\"@id\":\"https:\\\/\\\/hotnewsinworld.com\\\/hu\\\/#\\\/schema\\\/person\\\/fe61448b21c0d59086e75fcc1f9d8f6b\",\"name\":\"hotnewsinworld\",\"image\":{\"@type\":\"ImageObject\",\"inLanguage\":\"hu\",\"@id\":\"https:\\\/\\\/secure.gravatar.com\\\/avatar\\\/8a09ac165600ce2e1c38fe593c63928eb1e6e7ba5c5a907d67787c41b3d00c14?s=96&d=mm&r=g\",\"url\":\"https:\\\/\\\/secure.gravatar.com\\\/avatar\\\/8a09ac165600ce2e1c38fe593c63928eb1e6e7ba5c5a907d67787c41b3d00c14?s=96&d=mm&r=g\",\"contentUrl\":\"https:\\\/\\\/secure.gravatar.com\\\/avatar\\\/8a09ac165600ce2e1c38fe593c63928eb1e6e7ba5c5a907d67787c41b3d00c14?s=96&d=mm&r=g\",\"caption\":\"hotnewsinworld\"},\"url\":\"https:\\\/\\\/hotnewsinworld.com\\\/hu\\\/author\\\/pt\\\/\"}]}<\/script>\n<!-- \/ Yoast SEO plugin. -->","yoast_head_json":{"title":"Kar\u00e1csony Gergely nemcsak Zugl\u00f3t, de Budapestet is cs\u0151dbe vinn\u00e9 - Hot News in World","robots":{"index":"index","follow":"follow","max-snippet":"max-snippet:-1","max-image-preview":"max-image-preview:large","max-video-preview":"max-video-preview:-1"},"canonical":"https:\/\/hotnewsinworld.com\/hu\/karacsony-gergely-nemcsak-zuglot-de-budapestet-is-csodbe-vinne\/","og_locale":"hu_HU","og_type":"article","og_title":"Kar\u00e1csony Gergely nemcsak Zugl\u00f3t, de Budapestet is cs\u0151dbe vinn\u00e9 - Hot News in World","og_description":"[ad_1] Zugl\u00f3 \u00e9rdekeit s\u00e9rti a fels\u0151 vezet\u00e9s\u0171 M2\u2013H\u00c9V-\u00f6sszek\u00f6ttet\u00e9s \u2013 \u00adolvashat\u00f3 abban a lev\u00e9lben, amit Kar\u00e1csony Gergelynek, a XIV. ker\u00fclet polg\u00e1rmester\u00e9nek al\u00e1\u00edr\u00e1s\u00e1val k\u00fcldtek el a Budapesti K\u00f6zleked\u00e9si K\u00f6zpontnak (BKK). A Magyar Nemzet azt \u00edrja, hogy a 2019. janu\u00e1ri dokumentum szerint az \u00d6rs vez\u00e9r t\u00e9ri, \u00faj, pill\u00e9reken \u00e1ll\u00f3 \u00e1llom\u00e1s romboln\u00e1 a v\u00e1rosk\u00e9pet, a Szentmih\u00e1lyi \u00fat\u2013Kerepesi \u00fat csom\u00f3pontj\u00e1nak [&hellip;]","og_url":"https:\/\/hotnewsinworld.com\/hu\/karacsony-gergely-nemcsak-zuglot-de-budapestet-is-csodbe-vinne\/","og_site_name":"Hot News in World","article_published_time":"2019-08-29T08:56:25+00:00","article_modified_time":"2019-08-29T08:56:26+00:00","og_image":[{"width":1500,"height":650,"url":"https:\/\/hotnewsinworld.com\/hu\/wp-content\/uploads\/sites\/3\/2019\/07\/A-j\u00f3-hazafi-nacionalista-az-igaz-nacionalista-meg-j\u00f3-hazafi.jpg","type":"image\/jpeg"}],"author":"hotnewsinworld","twitter_card":"summary_large_image","twitter_misc":{"Szerz\u0151:":"hotnewsinworld","Becs\u00fclt olvas\u00e1si id\u0151":"4 perc"},"schema":{"@context":"https:\/\/schema.org","@graph":[{"@type":"Article","@id":"https:\/\/hotnewsinworld.com\/hu\/karacsony-gergely-nemcsak-zuglot-de-budapestet-is-csodbe-vinne\/#article","isPartOf":{"@id":"https:\/\/hotnewsinworld.com\/hu\/karacsony-gergely-nemcsak-zuglot-de-budapestet-is-csodbe-vinne\/"},"author":{"name":"hotnewsinworld","@id":"https:\/\/hotnewsinworld.com\/hu\/#\/schema\/person\/fe61448b21c0d59086e75fcc1f9d8f6b"},"headline":"Kar\u00e1csony Gergely nemcsak Zugl\u00f3t, de Budapestet is cs\u0151dbe vinn\u00e9","datePublished":"2019-08-29T08:56:25+00:00","dateModified":"2019-08-29T08:56:26+00:00","mainEntityOfPage":{"@id":"https:\/\/hotnewsinworld.com\/hu\/karacsony-gergely-nemcsak-zuglot-de-budapestet-is-csodbe-vinne\/"},"wordCount":802,"commentCount":0,"image":{"@id":"https:\/\/hotnewsinworld.com\/hu\/karacsony-gergely-nemcsak-zuglot-de-budapestet-is-csodbe-vinne\/#primaryimage"},"thumbnailUrl":"https:\/\/hotnewsinworld.com\/hu\/wp-content\/uploads\/sites\/3\/2019\/07\/A-j\u00f3-hazafi-nacionalista-az-igaz-nacionalista-meg-j\u00f3-hazafi.jpg","articleSection":["LEG\u00daJABB P\u00c9NZ\u00dcGYI H\u00cdREK"],"inLanguage":"hu","potentialAction":[{"@type":"CommentAction","name":"Comment","target":["https:\/\/hotnewsinworld.com\/hu\/karacsony-gergely-nemcsak-zuglot-de-budapestet-is-csodbe-vinne\/#respond"]}]},{"@type":"WebPage","@id":"https:\/\/hotnewsinworld.com\/hu\/karacsony-gergely-nemcsak-zuglot-de-budapestet-is-csodbe-vinne\/","url":"https:\/\/hotnewsinworld.com\/hu\/karacsony-gergely-nemcsak-zuglot-de-budapestet-is-csodbe-vinne\/","name":"Kar\u00e1csony Gergely nemcsak Zugl\u00f3t, de Budapestet is cs\u0151dbe vinn\u00e9 - Hot News in World","isPartOf":{"@id":"https:\/\/hotnewsinworld.com\/hu\/#website"},"primaryImageOfPage":{"@id":"https:\/\/hotnewsinworld.com\/hu\/karacsony-gergely-nemcsak-zuglot-de-budapestet-is-csodbe-vinne\/#primaryimage"},"image":{"@id":"https:\/\/hotnewsinworld.com\/hu\/karacsony-gergely-nemcsak-zuglot-de-budapestet-is-csodbe-vinne\/#primaryimage"},"thumbnailUrl":"https:\/\/hotnewsinworld.com\/hu\/wp-content\/uploads\/sites\/3\/2019\/07\/A-j\u00f3-hazafi-nacionalista-az-igaz-nacionalista-meg-j\u00f3-hazafi.jpg","datePublished":"2019-08-29T08:56:25+00:00","dateModified":"2019-08-29T08:56:26+00:00","author":{"@id":"https:\/\/hotnewsinworld.com\/hu\/#\/schema\/person\/fe61448b21c0d59086e75fcc1f9d8f6b"},"breadcrumb":{"@id":"https:\/\/hotnewsinworld.com\/hu\/karacsony-gergely-nemcsak-zuglot-de-budapestet-is-csodbe-vinne\/#breadcrumb"},"inLanguage":"hu","potentialAction":[{"@type":"ReadAction","target":["https:\/\/hotnewsinworld.com\/hu\/karacsony-gergely-nemcsak-zuglot-de-budapestet-is-csodbe-vinne\/"]}]},{"@type":"ImageObject","inLanguage":"hu","@id":"https:\/\/hotnewsinworld.com\/hu\/karacsony-gergely-nemcsak-zuglot-de-budapestet-is-csodbe-vinne\/#primaryimage","url":"https:\/\/hotnewsinworld.com\/hu\/wp-content\/uploads\/sites\/3\/2019\/07\/A-j\u00f3-hazafi-nacionalista-az-igaz-nacionalista-meg-j\u00f3-hazafi.jpg","contentUrl":"https:\/\/hotnewsinworld.com\/hu\/wp-content\/uploads\/sites\/3\/2019\/07\/A-j\u00f3-hazafi-nacionalista-az-igaz-nacionalista-meg-j\u00f3-hazafi.jpg","width":1500,"height":650,"caption":"A j\u00f3 hazafi nacionalista, az igaz nacionalista meg j\u00f3 hazafi!"},{"@type":"BreadcrumbList","@id":"https:\/\/hotnewsinworld.com\/hu\/karacsony-gergely-nemcsak-zuglot-de-budapestet-is-csodbe-vinne\/#breadcrumb","itemListElement":[{"@type":"ListItem","position":1,"name":"\u0413\u043b\u0430\u0432\u043d\u0430\u044f \u0441\u0442\u0440\u0430\u043d\u0438\u0446\u0430","item":"https:\/\/hotnewsinworld.com\/hu\/"},{"@type":"ListItem","position":2,"name":"Kar\u00e1csony Gergely nemcsak Zugl\u00f3t, de Budapestet is cs\u0151dbe vinn\u00e9"}]},{"@type":"WebSite","@id":"https:\/\/hotnewsinworld.com\/hu\/#website","url":"https:\/\/hotnewsinworld.com\/hu\/","name":"Hot News in World","description":"Hot News in World from Hungary","potentialAction":[{"@type":"SearchAction","target":{"@type":"EntryPoint","urlTemplate":"https:\/\/hotnewsinworld.com\/hu\/?s={search_term_string}"},"query-input":{"@type":"PropertyValueSpecification","valueRequired":true,"valueName":"search_term_string"}}],"inLanguage":"hu"},{"@type":"Person","@id":"https:\/\/hotnewsinworld.com\/hu\/#\/schema\/person\/fe61448b21c0d59086e75fcc1f9d8f6b","name":"hotnewsinworld","image":{"@type":"ImageObject","inLanguage":"hu","@id":"https:\/\/secure.gravatar.com\/avatar\/8a09ac165600ce2e1c38fe593c63928eb1e6e7ba5c5a907d67787c41b3d00c14?s=96&d=mm&r=g","url":"https:\/\/secure.gravatar.com\/avatar\/8a09ac165600ce2e1c38fe593c63928eb1e6e7ba5c5a907d67787c41b3d00c14?s=96&d=mm&r=g","contentUrl":"https:\/\/secure.gravatar.com\/avatar\/8a09ac165600ce2e1c38fe593c63928eb1e6e7ba5c5a907d67787c41b3d00c14?s=96&d=mm&r=g","caption":"hotnewsinworld"},"url":"https:\/\/hotnewsinworld.com\/hu\/author\/pt\/"}]}},"_links":{"self":[{"href":"https:\/\/hotnewsinworld.com\/hu\/wp-json\/wp\/v2\/posts\/1356","targetHints":{"allow":["GET"]}}],"collection":[{"href":"https:\/\/hotnewsinworld.com\/hu\/wp-json\/wp\/v2\/posts"}],"about":[{"href":"https:\/\/hotnewsinworld.com\/hu\/wp-json\/wp\/v2\/types\/post"}],"author":[{"embeddable":true,"href":"https:\/\/hotnewsinworld.com\/hu\/wp-json\/wp\/v2\/users\/2"}],"replies":[{"embeddable":true,"href":"https:\/\/hotnewsinworld.com\/hu\/wp-json\/wp\/v2\/comments?post=1356"}],"version-history":[{"count":1,"href":"https:\/\/hotnewsinworld.com\/hu\/wp-json\/wp\/v2\/posts\/1356\/revisions"}],"predecessor-version":[{"id":1357,"href":"https:\/\/hotnewsinworld.com\/hu\/wp-json\/wp\/v2\/posts\/1356\/revisions\/1357"}],"wp:featuredmedia":[{"embeddable":true,"href":"https:\/\/hotnewsinworld.com\/hu\/wp-json\/wp\/v2\/media\/440"}],"wp:attachment":[{"href":"https:\/\/hotnewsinworld.com\/hu\/wp-json\/wp\/v2\/media?parent=1356"}],"wp:term":[{"taxonomy":"category","embeddable":true,"href":"https:\/\/hotnewsinworld.com\/hu\/wp-json\/wp\/v2\/categories?post=1356"},{"taxonomy":"post_tag","embeddable":true,"href":"https:\/\/hotnewsinworld.com\/hu\/wp-json\/wp\/v2\/tags?post=1356"}],"curies":[{"name":"wp","href":"https:\/\/api.w.org\/{rel}","templated":true}]}}