{"id":1360,"date":"2019-08-29T16:35:59","date_gmt":"2019-08-29T13:35:59","guid":{"rendered":"https:\/\/hotnewsinworld.com\/hu\/felmondott-a-zalaegerszegi-szivsebeszeti-osztaly-vezetoje-sertodotten-reagalt-a-korhaz\/"},"modified":"2019-08-29T16:36:01","modified_gmt":"2019-08-29T13:36:01","slug":"felmondott-a-zalaegerszegi-szivsebeszeti-osztaly-vezetoje-sertodotten-reagalt-a-korhaz","status":"publish","type":"post","link":"https:\/\/hotnewsinworld.com\/hu\/felmondott-a-zalaegerszegi-szivsebeszeti-osztaly-vezetoje-sertodotten-reagalt-a-korhaz\/","title":{"rendered":"Felmondott a zalaegerszegi sz\u00edvseb\u00e9szeti oszt\u00e1ly vezet\u0151je, s\u00e9rt\u0151d\u00f6tten reag\u00e1lt a k\u00f3rh\u00e1z"},"content":{"rendered":"<p> [ad_1]<br \/>\n<\/p>\n<div>\n<p>H\u00fasz \u00e9v ut\u00e1n t\u00e1vozik a Zala Megyei Szent Rafael K\u00f3rh\u00e1z Sz\u00edvseb\u00e9szeti Oszt\u00e1ly\u00e1nak \u00e9l\u00e9r\u0151l\u00a0Alotti Nasri \u2013 sz\u00farta ki a 444.hu.<\/p>\n<p>Fot\u00f3: Pixabay<\/p>\n<p>A f\u0151orvos Facebook-oldal\u00e1n k\u00f6z\u00f6lte a h\u00edrt, mint fogalmaz, d\u00f6nt\u00e9se h\u00e1tter\u00e9ben az \u00e1ll, hogy\u00a0j\u00faniusi szabads\u00e1ga idej\u00e9n a k\u00f6zrem\u0171k\u00f6d\u00e9s\u00e9vel<\/p>\n<blockquote><p>&#13;<\/p>\n<p>beker\u00fclt az oszt\u00e1lyra egy s\u00fcrg\u0151s sz\u00edvm\u0171t\u00e9tet ig\u00e9nyl\u0151 beteg, aki \u201eindokolatlan egy h\u00e9t tart\u00f3zkod\u00e1s ut\u00e1n, m\u0171t\u00e9tre v\u00e1rva meghalt&#8221;.\u00a0<\/p>\n<p>&#13;\n<\/p><\/blockquote>\n<p>Nasri azt \u00edrja, k\u00e9t v\u00e1laszt\u00e1sa volt, vagy nem csin\u00e1l bel\u0151le \u00fcgyet \u00e9s per eset\u00e9n valami kegyes hazugs\u00e1ggal hozakodik el\u0151 a b\u00edr\u00f3s\u00e1gon, vagy ink\u00e1bb nem vesz ebben r\u00e9szt tov\u00e1bb, kock\u00e1ra t\u00e9ve csal\u00e1dja meg\u00e9lhet\u00e9s\u00e9t. Ut\u00f3bbi mellett d\u00f6nt\u00f6tt.<\/p>\n<p>\u00c1ll\u00edt\u00e1sa szerint a sz\u00edvseb\u00e9szeti oszt\u00e1lyt<\/p>\n<blockquote><p>&#13;<\/p>\n<p>szem\u00e9lyi \u00e9s t\u00e1rgyi hi\u00e1nyoss\u00e1gok s\u00fajtj\u00e1k, amelyek egyre fokozz\u00e1k a bels\u0151 fesz\u00fclts\u00e9geket.<\/p>\n<p>&#13;\n<\/p><\/blockquote>\n<p>A sz\u00edriai sz\u00e1rmaz\u00e1s\u00fa orvosr\u00f3l m\u00e9g azt \u00e9rdemes tudni, hogy\u00a0az 1967-es arab-izraeli h\u00e1bor\u00fa miatt menek\u00fclt el haz\u00e1j\u00e1b\u00f3l. Egy kor\u00e1bbi interj\u00faj\u00e1b\u00f3l kider\u00fcl, hogy fiatalon sok\u00e1ig egy jord\u00e1niai menek\u00fcltt\u00e1borban \u00e9lt. \u0150 maga n\u00e9gyezer, a csapata pedig t\u00f6bb mint t\u00edzezer \u00e9letment\u0151 m\u0171t\u00e9tet hajtott v\u00e9gre. N\u00e9gy \u00e9ve Zalaegerszeg d\u00edszpolg\u00e1r\u00e1nak v\u00e1lasztott\u00e1k.\u00a0<\/p>\n<p>A zalagerszegi k\u00f3rh\u00e1z k\u00f6zlem\u00e9nyben reag\u00e1lt a f\u0151orvos felmond\u00e1s\u00e1ra:<\/p>\n<blockquote><p>&#13;<\/p>\n<p>Sajn\u00e1latos m\u00f3don a lev\u00e9l hangneme \u00e9s \u00edr\u00f3j\u00e1nak egy\u00e9ni l\u00e1t\u00e1sm\u00f3dja, amelyet felindults\u00e1ga okozott annak meg\u00edr\u00e1sakor, saj\u00e1t v\u00e9lem\u00e9ny alapj\u00e1n rossz sz\u00ednben t\u00fcnteti fel az int\u00e9zm\u00e9nyben foly\u00f3 szakmai \u00e9s igazgat\u00e1si munk\u00e1t, ez\u00e9rt annak tartalm\u00e1t a leghat\u00e1rozottabban visszautas\u00edtjuk. A k\u00f6zv\u00e9lem\u00e9ny t\u00e1j\u00e9koztat\u00e1s\u00e1ra alkalmatlan egy k\u00f6zalkalmazott \u00e1ltal a munk\u00e1ltat\u00f3j\u00e1nak a taglalt k\u00f6r\u00fclm\u00e9nyek k\u00f6z\u00f6tt \u00edrt levele. Felh\u00edvjuk az \u00e9rintettek figyelm\u00e9t, hogy tarts\u00e1k tiszteletben a Zala Megyei Szent Rafael K\u00f3rh\u00e1z \u00e9s munkat\u00e1rsai j\u00f3 h\u00edrnev\u00e9t \u00e9s tan\u00fas\u00edtsanak jogk\u00f6vet\u0151 magatart\u00e1st, ellenkez\u0151 esetben a j\u00f3 h\u00edrn\u00e9v \u00e9s becs\u00fclet csorb\u00edt\u00e1s\u00e1ra alkalmas \u00e1ll\u00edt\u00e1sokkal szemben a k\u00f3rh\u00e1z vezet\u00e9se megfontolja a jogi l\u00e9p\u00e9sek megt\u00e9tel\u00e9t.<\/p>\n<p>&#13;\n<\/p><\/blockquote>\n<p>&#8211; \u00edrj\u00e1k.<\/p>\n<p>        <!--div style=\"padding:20px;margin-top:20px;border-left: 4px solid #e71000;background:#f6f6f6;\">\n            \n\n<h2>FinTechRadar 2.0 konferencia - van m&aacute;r jegyed?<\/h2>\n\n\n\n            \n\n<p>T&eacute;m&aacute;ink: PSD2\/Mobilfizet&eacute;s, Adatbiztons&aacute;g, UX, Big data, &Aacute;llam &eacute;s fintech, Insurtech.\n            2 nap, 30 el&#337;ad&oacute; &eacute;s v&aacute;laszok a fintech aktu&aacute;lis k&eacute;rd&eacute;seire okt&oacute;ber 17-18-&aacute;n a Sug&aacute;r Moziban.<\/p>\n\n\n\n            <a href=\"http:\/\/fintechradar.hu\/konferencia2?utm_source=propeller.hu&utm_medium=textlink&utm_campaign=FTR_konf2\"\n            class=\"button primary\" target=\"_blank\" style=\"color:#fff;margin-top:15px;background: #e71000;\" rel=\"noopener noreferrer\">Program &eacute;s jegyv&aacute;s&aacute;rl&aacute;s &rarr;<\/a>\n        <\/div-->\n    <\/div>\n<p><script>(function(d, s, id) {\n  var js, fjs = d.getElementsByTagName(s)[0];\n  if (d.getElementById(id)) return;\n  js = d.createElement(s); js.id = id;\n  js.src = \"http:\/\/connect.facebook.net\/hu_HU\/sdk.js#xfbml=1&version=v2.7&appId=247823682023773\";\n  fjs.parentNode.insertBefore(js, fjs);\n}(document, 'script', 'facebook-jssdk'));<\/script><br \/>\n<br \/>[ad_2]<br \/>\n<br \/><a href=\"https:\/\/hirek.oldal.info\/rssclick\/14354024\">Source link <\/a><\/p>\n","protected":false},"excerpt":{"rendered":"<p>[ad_1] H\u00fasz \u00e9v ut\u00e1n t\u00e1vozik a Zala Megyei Szent Rafael K\u00f3rh\u00e1z Sz\u00edvseb\u00e9szeti Oszt\u00e1ly\u00e1nak \u00e9l\u00e9r\u0151l\u00a0Alotti Nasri \u2013 sz\u00farta ki a 444.hu. Fot\u00f3: Pixabay A f\u0151orvos Facebook-oldal\u00e1n k\u00f6z\u00f6lte a h\u00edrt, mint fogalmaz, d\u00f6nt\u00e9se h\u00e1tter\u00e9ben az \u00e1ll, hogy\u00a0j\u00faniusi szabads\u00e1ga idej\u00e9n a k\u00f6zrem\u0171k\u00f6d\u00e9s\u00e9vel &#13; beker\u00fclt az oszt\u00e1lyra egy s\u00fcrg\u0151s sz\u00edvm\u0171t\u00e9tet ig\u00e9nyl\u0151 beteg, aki \u201eindokolatlan egy h\u00e9t tart\u00f3zkod\u00e1s ut\u00e1n, m\u0171t\u00e9tre [&hellip;]<\/p>\n","protected":false},"author":2,"featured_media":1361,"comment_status":"open","ping_status":"open","sticky":false,"template":"","format":"standard","meta":{"footnotes":""},"categories":[1],"tags":[],"class_list":["post-1360","post","type-post","status-publish","format-standard","has-post-thumbnail","hentry","category-legujabb-penzugyi-hirek"],"yoast_head":"<!-- This site is optimized with the Yoast SEO plugin v27.4 - https:\/\/yoast.com\/product\/yoast-seo-wordpress\/ -->\n<title>Felmondott a zalaegerszegi sz\u00edvseb\u00e9szeti oszt\u00e1ly vezet\u0151je, s\u00e9rt\u0151d\u00f6tten reag\u00e1lt a k\u00f3rh\u00e1z - Hot News in World<\/title>\n<meta name=\"robots\" content=\"index, follow, max-snippet:-1, max-image-preview:large, max-video-preview:-1\" \/>\n<link rel=\"canonical\" href=\"https:\/\/hotnewsinworld.com\/hu\/felmondott-a-zalaegerszegi-szivsebeszeti-osztaly-vezetoje-sertodotten-reagalt-a-korhaz\/\" \/>\n<meta property=\"og:locale\" content=\"hu_HU\" \/>\n<meta property=\"og:type\" content=\"article\" \/>\n<meta property=\"og:title\" content=\"Felmondott a zalaegerszegi sz\u00edvseb\u00e9szeti oszt\u00e1ly vezet\u0151je, s\u00e9rt\u0151d\u00f6tten reag\u00e1lt a k\u00f3rh\u00e1z - Hot News in World\" \/>\n<meta property=\"og:description\" content=\"[ad_1] H\u00fasz \u00e9v ut\u00e1n t\u00e1vozik a Zala Megyei Szent Rafael K\u00f3rh\u00e1z Sz\u00edvseb\u00e9szeti Oszt\u00e1ly\u00e1nak \u00e9l\u00e9r\u0151l\u00a0Alotti Nasri \u2013 sz\u00farta ki a 444.hu. Fot\u00f3: Pixabay A f\u0151orvos Facebook-oldal\u00e1n k\u00f6z\u00f6lte a h\u00edrt, mint fogalmaz, d\u00f6nt\u00e9se h\u00e1tter\u00e9ben az \u00e1ll, hogy\u00a0j\u00faniusi szabads\u00e1ga idej\u00e9n a k\u00f6zrem\u0171k\u00f6d\u00e9s\u00e9vel &#013; beker\u00fclt az oszt\u00e1lyra egy s\u00fcrg\u0151s sz\u00edvm\u0171t\u00e9tet ig\u00e9nyl\u0151 beteg, aki \u201eindokolatlan egy h\u00e9t tart\u00f3zkod\u00e1s ut\u00e1n, m\u0171t\u00e9tre [&hellip;]\" \/>\n<meta property=\"og:url\" content=\"https:\/\/hotnewsinworld.com\/hu\/felmondott-a-zalaegerszegi-szivsebeszeti-osztaly-vezetoje-sertodotten-reagalt-a-korhaz\/\" \/>\n<meta property=\"og:site_name\" content=\"Hot News in World\" \/>\n<meta property=\"article:published_time\" content=\"2019-08-29T13:35:59+00:00\" \/>\n<meta property=\"article:modified_time\" content=\"2019-08-29T13:36:01+00:00\" \/>\n<meta property=\"og:image\" content=\"https:\/\/hotnewsinworld.com\/hu\/wp-content\/uploads\/sites\/3\/2019\/08\/Felmondott-a-zalaegerszegi-sz\u00edvseb\u00e9szeti-oszt\u00e1ly-vezet\u0151je-s\u00e9rt\u0151d\u00f6tten-reag\u00e1lt-a-k\u00f3rh\u00e1z.jpg\" \/>\n\t<meta property=\"og:image:width\" content=\"800\" \/>\n\t<meta property=\"og:image:height\" content=\"527\" \/>\n\t<meta property=\"og:image:type\" content=\"image\/jpeg\" \/>\n<meta name=\"author\" content=\"hotnewsinworld\" \/>\n<meta name=\"twitter:card\" content=\"summary_large_image\" \/>\n<meta name=\"twitter:label1\" content=\"Szerz\u0151:\" \/>\n\t<meta name=\"twitter:data1\" content=\"hotnewsinworld\" \/>\n\t<meta name=\"twitter:label2\" content=\"Becs\u00fclt olvas\u00e1si id\u0151\" \/>\n\t<meta name=\"twitter:data2\" content=\"2 perc\" \/>\n<script type=\"application\/ld+json\" class=\"yoast-schema-graph\">{\"@context\":\"https:\\\/\\\/schema.org\",\"@graph\":[{\"@type\":\"Article\",\"@id\":\"https:\\\/\\\/hotnewsinworld.com\\\/hu\\\/felmondott-a-zalaegerszegi-szivsebeszeti-osztaly-vezetoje-sertodotten-reagalt-a-korhaz\\\/#article\",\"isPartOf\":{\"@id\":\"https:\\\/\\\/hotnewsinworld.com\\\/hu\\\/felmondott-a-zalaegerszegi-szivsebeszeti-osztaly-vezetoje-sertodotten-reagalt-a-korhaz\\\/\"},\"author\":{\"name\":\"hotnewsinworld\",\"@id\":\"https:\\\/\\\/hotnewsinworld.com\\\/hu\\\/#\\\/schema\\\/person\\\/fe61448b21c0d59086e75fcc1f9d8f6b\"},\"headline\":\"Felmondott a zalaegerszegi sz\u00edvseb\u00e9szeti oszt\u00e1ly vezet\u0151je, s\u00e9rt\u0151d\u00f6tten reag\u00e1lt a k\u00f3rh\u00e1z\",\"datePublished\":\"2019-08-29T13:35:59+00:00\",\"dateModified\":\"2019-08-29T13:36:01+00:00\",\"mainEntityOfPage\":{\"@id\":\"https:\\\/\\\/hotnewsinworld.com\\\/hu\\\/felmondott-a-zalaegerszegi-szivsebeszeti-osztaly-vezetoje-sertodotten-reagalt-a-korhaz\\\/\"},\"wordCount\":464,\"commentCount\":0,\"image\":{\"@id\":\"https:\\\/\\\/hotnewsinworld.com\\\/hu\\\/felmondott-a-zalaegerszegi-szivsebeszeti-osztaly-vezetoje-sertodotten-reagalt-a-korhaz\\\/#primaryimage\"},\"thumbnailUrl\":\"https:\\\/\\\/hotnewsinworld.com\\\/hu\\\/wp-content\\\/uploads\\\/sites\\\/3\\\/2019\\\/08\\\/Felmondott-a-zalaegerszegi-sz\u00edvseb\u00e9szeti-oszt\u00e1ly-vezet\u0151je-s\u00e9rt\u0151d\u00f6tten-reag\u00e1lt-a-k\u00f3rh\u00e1z.jpg\",\"articleSection\":[\"LEG\u00daJABB P\u00c9NZ\u00dcGYI H\u00cdREK\"],\"inLanguage\":\"hu\",\"potentialAction\":[{\"@type\":\"CommentAction\",\"name\":\"Comment\",\"target\":[\"https:\\\/\\\/hotnewsinworld.com\\\/hu\\\/felmondott-a-zalaegerszegi-szivsebeszeti-osztaly-vezetoje-sertodotten-reagalt-a-korhaz\\\/#respond\"]}]},{\"@type\":\"WebPage\",\"@id\":\"https:\\\/\\\/hotnewsinworld.com\\\/hu\\\/felmondott-a-zalaegerszegi-szivsebeszeti-osztaly-vezetoje-sertodotten-reagalt-a-korhaz\\\/\",\"url\":\"https:\\\/\\\/hotnewsinworld.com\\\/hu\\\/felmondott-a-zalaegerszegi-szivsebeszeti-osztaly-vezetoje-sertodotten-reagalt-a-korhaz\\\/\",\"name\":\"Felmondott a zalaegerszegi sz\u00edvseb\u00e9szeti oszt\u00e1ly vezet\u0151je, s\u00e9rt\u0151d\u00f6tten reag\u00e1lt a k\u00f3rh\u00e1z - Hot News in World\",\"isPartOf\":{\"@id\":\"https:\\\/\\\/hotnewsinworld.com\\\/hu\\\/#website\"},\"primaryImageOfPage\":{\"@id\":\"https:\\\/\\\/hotnewsinworld.com\\\/hu\\\/felmondott-a-zalaegerszegi-szivsebeszeti-osztaly-vezetoje-sertodotten-reagalt-a-korhaz\\\/#primaryimage\"},\"image\":{\"@id\":\"https:\\\/\\\/hotnewsinworld.com\\\/hu\\\/felmondott-a-zalaegerszegi-szivsebeszeti-osztaly-vezetoje-sertodotten-reagalt-a-korhaz\\\/#primaryimage\"},\"thumbnailUrl\":\"https:\\\/\\\/hotnewsinworld.com\\\/hu\\\/wp-content\\\/uploads\\\/sites\\\/3\\\/2019\\\/08\\\/Felmondott-a-zalaegerszegi-sz\u00edvseb\u00e9szeti-oszt\u00e1ly-vezet\u0151je-s\u00e9rt\u0151d\u00f6tten-reag\u00e1lt-a-k\u00f3rh\u00e1z.jpg\",\"datePublished\":\"2019-08-29T13:35:59+00:00\",\"dateModified\":\"2019-08-29T13:36:01+00:00\",\"author\":{\"@id\":\"https:\\\/\\\/hotnewsinworld.com\\\/hu\\\/#\\\/schema\\\/person\\\/fe61448b21c0d59086e75fcc1f9d8f6b\"},\"breadcrumb\":{\"@id\":\"https:\\\/\\\/hotnewsinworld.com\\\/hu\\\/felmondott-a-zalaegerszegi-szivsebeszeti-osztaly-vezetoje-sertodotten-reagalt-a-korhaz\\\/#breadcrumb\"},\"inLanguage\":\"hu\",\"potentialAction\":[{\"@type\":\"ReadAction\",\"target\":[\"https:\\\/\\\/hotnewsinworld.com\\\/hu\\\/felmondott-a-zalaegerszegi-szivsebeszeti-osztaly-vezetoje-sertodotten-reagalt-a-korhaz\\\/\"]}]},{\"@type\":\"ImageObject\",\"inLanguage\":\"hu\",\"@id\":\"https:\\\/\\\/hotnewsinworld.com\\\/hu\\\/felmondott-a-zalaegerszegi-szivsebeszeti-osztaly-vezetoje-sertodotten-reagalt-a-korhaz\\\/#primaryimage\",\"url\":\"https:\\\/\\\/hotnewsinworld.com\\\/hu\\\/wp-content\\\/uploads\\\/sites\\\/3\\\/2019\\\/08\\\/Felmondott-a-zalaegerszegi-sz\u00edvseb\u00e9szeti-oszt\u00e1ly-vezet\u0151je-s\u00e9rt\u0151d\u00f6tten-reag\u00e1lt-a-k\u00f3rh\u00e1z.jpg\",\"contentUrl\":\"https:\\\/\\\/hotnewsinworld.com\\\/hu\\\/wp-content\\\/uploads\\\/sites\\\/3\\\/2019\\\/08\\\/Felmondott-a-zalaegerszegi-sz\u00edvseb\u00e9szeti-oszt\u00e1ly-vezet\u0151je-s\u00e9rt\u0151d\u00f6tten-reag\u00e1lt-a-k\u00f3rh\u00e1z.jpg\",\"width\":800,\"height\":527,\"caption\":\"Felmondott a zalaegerszegi sz\u00edvseb\u00e9szeti oszt\u00e1ly vezet\u0151je, s\u00e9rt\u0151d\u00f6tten reag\u00e1lt a k\u00f3rh\u00e1z\"},{\"@type\":\"BreadcrumbList\",\"@id\":\"https:\\\/\\\/hotnewsinworld.com\\\/hu\\\/felmondott-a-zalaegerszegi-szivsebeszeti-osztaly-vezetoje-sertodotten-reagalt-a-korhaz\\\/#breadcrumb\",\"itemListElement\":[{\"@type\":\"ListItem\",\"position\":1,\"name\":\"\u0413\u043b\u0430\u0432\u043d\u0430\u044f \u0441\u0442\u0440\u0430\u043d\u0438\u0446\u0430\",\"item\":\"https:\\\/\\\/hotnewsinworld.com\\\/hu\\\/\"},{\"@type\":\"ListItem\",\"position\":2,\"name\":\"Felmondott a zalaegerszegi sz\u00edvseb\u00e9szeti oszt\u00e1ly vezet\u0151je, s\u00e9rt\u0151d\u00f6tten reag\u00e1lt a k\u00f3rh\u00e1z\"}]},{\"@type\":\"WebSite\",\"@id\":\"https:\\\/\\\/hotnewsinworld.com\\\/hu\\\/#website\",\"url\":\"https:\\\/\\\/hotnewsinworld.com\\\/hu\\\/\",\"name\":\"Hot News in World\",\"description\":\"Hot News in World from Hungary\",\"potentialAction\":[{\"@type\":\"SearchAction\",\"target\":{\"@type\":\"EntryPoint\",\"urlTemplate\":\"https:\\\/\\\/hotnewsinworld.com\\\/hu\\\/?s={search_term_string}\"},\"query-input\":{\"@type\":\"PropertyValueSpecification\",\"valueRequired\":true,\"valueName\":\"search_term_string\"}}],\"inLanguage\":\"hu\"},{\"@type\":\"Person\",\"@id\":\"https:\\\/\\\/hotnewsinworld.com\\\/hu\\\/#\\\/schema\\\/person\\\/fe61448b21c0d59086e75fcc1f9d8f6b\",\"name\":\"hotnewsinworld\",\"image\":{\"@type\":\"ImageObject\",\"inLanguage\":\"hu\",\"@id\":\"https:\\\/\\\/secure.gravatar.com\\\/avatar\\\/8a09ac165600ce2e1c38fe593c63928eb1e6e7ba5c5a907d67787c41b3d00c14?s=96&d=mm&r=g\",\"url\":\"https:\\\/\\\/secure.gravatar.com\\\/avatar\\\/8a09ac165600ce2e1c38fe593c63928eb1e6e7ba5c5a907d67787c41b3d00c14?s=96&d=mm&r=g\",\"contentUrl\":\"https:\\\/\\\/secure.gravatar.com\\\/avatar\\\/8a09ac165600ce2e1c38fe593c63928eb1e6e7ba5c5a907d67787c41b3d00c14?s=96&d=mm&r=g\",\"caption\":\"hotnewsinworld\"},\"url\":\"https:\\\/\\\/hotnewsinworld.com\\\/hu\\\/author\\\/pt\\\/\"}]}<\/script>\n<!-- \/ Yoast SEO plugin. -->","yoast_head_json":{"title":"Felmondott a zalaegerszegi sz\u00edvseb\u00e9szeti oszt\u00e1ly vezet\u0151je, s\u00e9rt\u0151d\u00f6tten reag\u00e1lt a k\u00f3rh\u00e1z - Hot News in World","robots":{"index":"index","follow":"follow","max-snippet":"max-snippet:-1","max-image-preview":"max-image-preview:large","max-video-preview":"max-video-preview:-1"},"canonical":"https:\/\/hotnewsinworld.com\/hu\/felmondott-a-zalaegerszegi-szivsebeszeti-osztaly-vezetoje-sertodotten-reagalt-a-korhaz\/","og_locale":"hu_HU","og_type":"article","og_title":"Felmondott a zalaegerszegi sz\u00edvseb\u00e9szeti oszt\u00e1ly vezet\u0151je, s\u00e9rt\u0151d\u00f6tten reag\u00e1lt a k\u00f3rh\u00e1z - Hot News in World","og_description":"[ad_1] H\u00fasz \u00e9v ut\u00e1n t\u00e1vozik a Zala Megyei Szent Rafael K\u00f3rh\u00e1z Sz\u00edvseb\u00e9szeti Oszt\u00e1ly\u00e1nak \u00e9l\u00e9r\u0151l\u00a0Alotti Nasri \u2013 sz\u00farta ki a 444.hu. Fot\u00f3: Pixabay A f\u0151orvos Facebook-oldal\u00e1n k\u00f6z\u00f6lte a h\u00edrt, mint fogalmaz, d\u00f6nt\u00e9se h\u00e1tter\u00e9ben az \u00e1ll, hogy\u00a0j\u00faniusi szabads\u00e1ga idej\u00e9n a k\u00f6zrem\u0171k\u00f6d\u00e9s\u00e9vel &#13; beker\u00fclt az oszt\u00e1lyra egy s\u00fcrg\u0151s sz\u00edvm\u0171t\u00e9tet ig\u00e9nyl\u0151 beteg, aki \u201eindokolatlan egy h\u00e9t tart\u00f3zkod\u00e1s ut\u00e1n, m\u0171t\u00e9tre [&hellip;]","og_url":"https:\/\/hotnewsinworld.com\/hu\/felmondott-a-zalaegerszegi-szivsebeszeti-osztaly-vezetoje-sertodotten-reagalt-a-korhaz\/","og_site_name":"Hot News in World","article_published_time":"2019-08-29T13:35:59+00:00","article_modified_time":"2019-08-29T13:36:01+00:00","og_image":[{"width":800,"height":527,"url":"https:\/\/hotnewsinworld.com\/hu\/wp-content\/uploads\/sites\/3\/2019\/08\/Felmondott-a-zalaegerszegi-sz\u00edvseb\u00e9szeti-oszt\u00e1ly-vezet\u0151je-s\u00e9rt\u0151d\u00f6tten-reag\u00e1lt-a-k\u00f3rh\u00e1z.jpg","type":"image\/jpeg"}],"author":"hotnewsinworld","twitter_card":"summary_large_image","twitter_misc":{"Szerz\u0151:":"hotnewsinworld","Becs\u00fclt olvas\u00e1si id\u0151":"2 perc"},"schema":{"@context":"https:\/\/schema.org","@graph":[{"@type":"Article","@id":"https:\/\/hotnewsinworld.com\/hu\/felmondott-a-zalaegerszegi-szivsebeszeti-osztaly-vezetoje-sertodotten-reagalt-a-korhaz\/#article","isPartOf":{"@id":"https:\/\/hotnewsinworld.com\/hu\/felmondott-a-zalaegerszegi-szivsebeszeti-osztaly-vezetoje-sertodotten-reagalt-a-korhaz\/"},"author":{"name":"hotnewsinworld","@id":"https:\/\/hotnewsinworld.com\/hu\/#\/schema\/person\/fe61448b21c0d59086e75fcc1f9d8f6b"},"headline":"Felmondott a zalaegerszegi sz\u00edvseb\u00e9szeti oszt\u00e1ly vezet\u0151je, s\u00e9rt\u0151d\u00f6tten reag\u00e1lt a k\u00f3rh\u00e1z","datePublished":"2019-08-29T13:35:59+00:00","dateModified":"2019-08-29T13:36:01+00:00","mainEntityOfPage":{"@id":"https:\/\/hotnewsinworld.com\/hu\/felmondott-a-zalaegerszegi-szivsebeszeti-osztaly-vezetoje-sertodotten-reagalt-a-korhaz\/"},"wordCount":464,"commentCount":0,"image":{"@id":"https:\/\/hotnewsinworld.com\/hu\/felmondott-a-zalaegerszegi-szivsebeszeti-osztaly-vezetoje-sertodotten-reagalt-a-korhaz\/#primaryimage"},"thumbnailUrl":"https:\/\/hotnewsinworld.com\/hu\/wp-content\/uploads\/sites\/3\/2019\/08\/Felmondott-a-zalaegerszegi-sz\u00edvseb\u00e9szeti-oszt\u00e1ly-vezet\u0151je-s\u00e9rt\u0151d\u00f6tten-reag\u00e1lt-a-k\u00f3rh\u00e1z.jpg","articleSection":["LEG\u00daJABB P\u00c9NZ\u00dcGYI H\u00cdREK"],"inLanguage":"hu","potentialAction":[{"@type":"CommentAction","name":"Comment","target":["https:\/\/hotnewsinworld.com\/hu\/felmondott-a-zalaegerszegi-szivsebeszeti-osztaly-vezetoje-sertodotten-reagalt-a-korhaz\/#respond"]}]},{"@type":"WebPage","@id":"https:\/\/hotnewsinworld.com\/hu\/felmondott-a-zalaegerszegi-szivsebeszeti-osztaly-vezetoje-sertodotten-reagalt-a-korhaz\/","url":"https:\/\/hotnewsinworld.com\/hu\/felmondott-a-zalaegerszegi-szivsebeszeti-osztaly-vezetoje-sertodotten-reagalt-a-korhaz\/","name":"Felmondott a zalaegerszegi sz\u00edvseb\u00e9szeti oszt\u00e1ly vezet\u0151je, s\u00e9rt\u0151d\u00f6tten reag\u00e1lt a k\u00f3rh\u00e1z - Hot News in World","isPartOf":{"@id":"https:\/\/hotnewsinworld.com\/hu\/#website"},"primaryImageOfPage":{"@id":"https:\/\/hotnewsinworld.com\/hu\/felmondott-a-zalaegerszegi-szivsebeszeti-osztaly-vezetoje-sertodotten-reagalt-a-korhaz\/#primaryimage"},"image":{"@id":"https:\/\/hotnewsinworld.com\/hu\/felmondott-a-zalaegerszegi-szivsebeszeti-osztaly-vezetoje-sertodotten-reagalt-a-korhaz\/#primaryimage"},"thumbnailUrl":"https:\/\/hotnewsinworld.com\/hu\/wp-content\/uploads\/sites\/3\/2019\/08\/Felmondott-a-zalaegerszegi-sz\u00edvseb\u00e9szeti-oszt\u00e1ly-vezet\u0151je-s\u00e9rt\u0151d\u00f6tten-reag\u00e1lt-a-k\u00f3rh\u00e1z.jpg","datePublished":"2019-08-29T13:35:59+00:00","dateModified":"2019-08-29T13:36:01+00:00","author":{"@id":"https:\/\/hotnewsinworld.com\/hu\/#\/schema\/person\/fe61448b21c0d59086e75fcc1f9d8f6b"},"breadcrumb":{"@id":"https:\/\/hotnewsinworld.com\/hu\/felmondott-a-zalaegerszegi-szivsebeszeti-osztaly-vezetoje-sertodotten-reagalt-a-korhaz\/#breadcrumb"},"inLanguage":"hu","potentialAction":[{"@type":"ReadAction","target":["https:\/\/hotnewsinworld.com\/hu\/felmondott-a-zalaegerszegi-szivsebeszeti-osztaly-vezetoje-sertodotten-reagalt-a-korhaz\/"]}]},{"@type":"ImageObject","inLanguage":"hu","@id":"https:\/\/hotnewsinworld.com\/hu\/felmondott-a-zalaegerszegi-szivsebeszeti-osztaly-vezetoje-sertodotten-reagalt-a-korhaz\/#primaryimage","url":"https:\/\/hotnewsinworld.com\/hu\/wp-content\/uploads\/sites\/3\/2019\/08\/Felmondott-a-zalaegerszegi-sz\u00edvseb\u00e9szeti-oszt\u00e1ly-vezet\u0151je-s\u00e9rt\u0151d\u00f6tten-reag\u00e1lt-a-k\u00f3rh\u00e1z.jpg","contentUrl":"https:\/\/hotnewsinworld.com\/hu\/wp-content\/uploads\/sites\/3\/2019\/08\/Felmondott-a-zalaegerszegi-sz\u00edvseb\u00e9szeti-oszt\u00e1ly-vezet\u0151je-s\u00e9rt\u0151d\u00f6tten-reag\u00e1lt-a-k\u00f3rh\u00e1z.jpg","width":800,"height":527,"caption":"Felmondott a zalaegerszegi sz\u00edvseb\u00e9szeti oszt\u00e1ly vezet\u0151je, s\u00e9rt\u0151d\u00f6tten reag\u00e1lt a k\u00f3rh\u00e1z"},{"@type":"BreadcrumbList","@id":"https:\/\/hotnewsinworld.com\/hu\/felmondott-a-zalaegerszegi-szivsebeszeti-osztaly-vezetoje-sertodotten-reagalt-a-korhaz\/#breadcrumb","itemListElement":[{"@type":"ListItem","position":1,"name":"\u0413\u043b\u0430\u0432\u043d\u0430\u044f \u0441\u0442\u0440\u0430\u043d\u0438\u0446\u0430","item":"https:\/\/hotnewsinworld.com\/hu\/"},{"@type":"ListItem","position":2,"name":"Felmondott a zalaegerszegi sz\u00edvseb\u00e9szeti oszt\u00e1ly vezet\u0151je, s\u00e9rt\u0151d\u00f6tten reag\u00e1lt a k\u00f3rh\u00e1z"}]},{"@type":"WebSite","@id":"https:\/\/hotnewsinworld.com\/hu\/#website","url":"https:\/\/hotnewsinworld.com\/hu\/","name":"Hot News in World","description":"Hot News in World from Hungary","potentialAction":[{"@type":"SearchAction","target":{"@type":"EntryPoint","urlTemplate":"https:\/\/hotnewsinworld.com\/hu\/?s={search_term_string}"},"query-input":{"@type":"PropertyValueSpecification","valueRequired":true,"valueName":"search_term_string"}}],"inLanguage":"hu"},{"@type":"Person","@id":"https:\/\/hotnewsinworld.com\/hu\/#\/schema\/person\/fe61448b21c0d59086e75fcc1f9d8f6b","name":"hotnewsinworld","image":{"@type":"ImageObject","inLanguage":"hu","@id":"https:\/\/secure.gravatar.com\/avatar\/8a09ac165600ce2e1c38fe593c63928eb1e6e7ba5c5a907d67787c41b3d00c14?s=96&d=mm&r=g","url":"https:\/\/secure.gravatar.com\/avatar\/8a09ac165600ce2e1c38fe593c63928eb1e6e7ba5c5a907d67787c41b3d00c14?s=96&d=mm&r=g","contentUrl":"https:\/\/secure.gravatar.com\/avatar\/8a09ac165600ce2e1c38fe593c63928eb1e6e7ba5c5a907d67787c41b3d00c14?s=96&d=mm&r=g","caption":"hotnewsinworld"},"url":"https:\/\/hotnewsinworld.com\/hu\/author\/pt\/"}]}},"_links":{"self":[{"href":"https:\/\/hotnewsinworld.com\/hu\/wp-json\/wp\/v2\/posts\/1360","targetHints":{"allow":["GET"]}}],"collection":[{"href":"https:\/\/hotnewsinworld.com\/hu\/wp-json\/wp\/v2\/posts"}],"about":[{"href":"https:\/\/hotnewsinworld.com\/hu\/wp-json\/wp\/v2\/types\/post"}],"author":[{"embeddable":true,"href":"https:\/\/hotnewsinworld.com\/hu\/wp-json\/wp\/v2\/users\/2"}],"replies":[{"embeddable":true,"href":"https:\/\/hotnewsinworld.com\/hu\/wp-json\/wp\/v2\/comments?post=1360"}],"version-history":[{"count":1,"href":"https:\/\/hotnewsinworld.com\/hu\/wp-json\/wp\/v2\/posts\/1360\/revisions"}],"predecessor-version":[{"id":1362,"href":"https:\/\/hotnewsinworld.com\/hu\/wp-json\/wp\/v2\/posts\/1360\/revisions\/1362"}],"wp:featuredmedia":[{"embeddable":true,"href":"https:\/\/hotnewsinworld.com\/hu\/wp-json\/wp\/v2\/media\/1361"}],"wp:attachment":[{"href":"https:\/\/hotnewsinworld.com\/hu\/wp-json\/wp\/v2\/media?parent=1360"}],"wp:term":[{"taxonomy":"category","embeddable":true,"href":"https:\/\/hotnewsinworld.com\/hu\/wp-json\/wp\/v2\/categories?post=1360"},{"taxonomy":"post_tag","embeddable":true,"href":"https:\/\/hotnewsinworld.com\/hu\/wp-json\/wp\/v2\/tags?post=1360"}],"curies":[{"name":"wp","href":"https:\/\/api.w.org\/{rel}","templated":true}]}}