{"id":1388,"date":"2019-08-30T08:42:45","date_gmt":"2019-08-30T05:42:45","guid":{"rendered":"https:\/\/hotnewsinworld.com\/hu\/12-telepulesen-lesz-ma-az-allatkertek-ejszakaja\/"},"modified":"2019-08-30T08:42:47","modified_gmt":"2019-08-30T05:42:47","slug":"12-telepulesen-lesz-ma-az-allatkertek-ejszakaja","status":"publish","type":"post","link":"https:\/\/hotnewsinworld.com\/hu\/12-telepulesen-lesz-ma-az-allatkertek-ejszakaja\/","title":{"rendered":"12 telep\u00fcl\u00e9sen lesz ma az \u00c1llatkertek \u00e9jszak\u00e1ja"},"content":{"rendered":"<p> [ad_1]<br \/>\n<\/p>\n<div>\n<p>Ma este rendezik meg az \u00c1llatkertek \u00e9jszak\u00e1ja programsorozatot az orsz\u00e1g tizenk\u00e9t telep\u00fcl\u00e9s\u00e9nek tizenh\u00e1rom \u00e1llatkertj\u00e9ben, vadasparkj\u00e1ban, \u00e1llatos bemutat\u00f3hely\u00e9n . A F\u0151v\u00e1rosi \u00c1llat- \u00e9s N\u00f6v\u00e9nykertben \u00e9s a Budakeszi Vadasparkban este 7 \u00f3r\u00e1t\u00f3l \u00e9jf\u00e9lig v\u00e1rj\u00e1k a nagyk\u00f6z\u00f6ns\u00e9get programokkal, l\u00e1tnival\u00f3kkal \u00e9s \u00e9lm\u00e9nyekkel \u2013 t\u00e1j\u00e9koztatta az int\u00e9zm\u00e9ny az MTI-t.<\/p>\n<p>A ny\u00e1r utols\u00f3 p\u00e9ntek est\u00e9je hagyom\u00e1nyosan az \u00c1llatkertek \u00e9jszak\u00e1ja d\u00e1tuma. A programban r\u00e9szt vesz a Budakeszi Vadaspark \u00e9s a F\u0151v\u00e1rosi \u00c1llat- \u00e9s N\u00f6v\u00e9nykert mellett a szint\u00e9n budapesti Tropicarium, debreceni a Nagyerdei Kult\u00farpark \u00c1llat- \u00e9s N\u00f6v\u00e9nykertje, a gy\u0151ri Xantus J\u00e1nos \u00c1llatkert, a J\u00e1szber\u00e9nyi \u00c1llat- \u00e9s N\u00f6v\u00e9nykert, a Kecskem\u00e9ti Vadaskert, a Miskolci \u00c1llatkert \u00e9s Kult\u00farpark, a P\u00e9csi \u00c1llatkert \u00e9s Akv\u00e1rium-Terr\u00e1rium, a poroszl\u00f3i Tisza-tavi \u00d6kocentrum, a Szegedi Vadaspark \u00e9s a veresegyh\u00e1zi Medveotthon is.<\/p>\n<\/p>\n<p><b>Fot\u00f3<\/b>: <em>Illusztr\u00e1ci\u00f3\/pixabay.com CCO<\/em><\/p>\n<p>A F\u0151v\u00e1rosi \u00c1llat- \u00e9s N\u00f6v\u00e9nykertbe a f\u0151bej\u00e1raton, az Elef\u00e1nth\u00e1z melletti kapun \u00e9s a Holnemvolt V\u00e1r kapuj\u00e1n is be lehet majd l\u00e9pni, \u00e9jf\u00e9lig lehet majd a kert ter\u00fclet\u00e9n maradni. Az \u00e1llatkert t\u00f6bb pontj\u00e1n az \u00e9p\u00fcletekre, a sziklafelsz\u00ednre \u00e9s a f\u00e1k lombkoron\u00e1j\u00e1ra vet\u00edtett f\u00e9nyfest\u00e9sben lehet majd gy\u00f6ny\u00f6rk\u00f6dni. A f\u0151kapun\u00e1l filmvet\u00edt\u00e9s \u00e9s arcfest\u00e9s fogadja a l\u00e1togat\u00f3kat, ott lesz a QuartzBox homok- \u00e9s fest\u00e9kanim\u00e1ci\u00f3 vet\u00edt\u00e9s helysz\u00edne is.<\/p>\n<p>\u00c1llatbemutat\u00f3kat, l\u00e1tv\u00e1nyetet\u00e9st \u00e9s tr\u00e9ninget is l\u00e1thatnak a l\u00e1togat\u00f3k: p\u00e9ld\u00e1ul oroszl\u00e1nf\u00f3ka tr\u00e9ninget esti kivil\u00e1g\u00edt\u00e1sban, elef\u00e1nt tr\u00e9ninget, zsir\u00e1f \u00e9s orrszarv\u00fa etet\u00e9st. S\u0151t, l\u00e1tv\u00e1nyetet\u00e9st tartanak a cebui diszn\u00f3kn\u00e1l, a komod\u00f3i s\u00e1rk\u00e1nyokn\u00e1l, az aldabrai \u00f3ri\u00e1stekn\u0151s\u00f6kn\u00e9l \u00e9s a kis tigrispitonokn\u00e1l is.<\/p>\n<p>A Budakeszi Vadaspark is izgalmas programokat k\u00edn\u00e1l az \u00c1llatkertek \u00e9jszak\u00e1j\u00e1n: a napnyugta ut\u00e1n indul\u00f3 t\u00far\u00e1kon az \u00e9rdekl\u0151d\u0151k bepillanthatnak a vadak \u00e9jjeli \u00e9let\u00e9be. A szakvezet\u00e9sek sor\u00e1n nemcsak az \u00e9jszakai \u00e1llatokkal \u00e9s azok szok\u00e1saival ismerkedhetnek meg, hanem az erd\u0151ben hallhat\u00f3 hangok \u00e9s neszek forr\u00e1saival is. L\u00e1that\u00f3v\u00e1 v\u00e1lik az \u00e9jjeli rovarvil\u00e1g, a l\u00e1tv\u00e1nyetet\u00e9sek \u00e9s \u00e1llatbemutat\u00f3k mellett pedig sz\u00e1mos foglalkoztat\u00f3 v\u00e1rja a kicsiket \u00e9s a nagyokat.<\/p>\n<p>Ahogy az elm\u00falt \u00e9vekben, id\u00e9n is lesz lehet\u0151s\u00e9g kombin\u00e1lt jegyek v\u00e1lt\u00e1s\u00e1ra, amelyek a F\u0151v\u00e1rosi \u00c1llat- \u00e9s N\u00f6v\u00e9nykert mellett a Budakeszi Vadasparkba \u00e9s a Tropicariumba is \u00e9rv\u00e9nyesek.<\/p>\n<p>A budapesti Tropicariumban az utols\u00f3 ny\u00e1ri h\u00e9tv\u00e9g\u00e9n minden nap l\u00e1tv\u00e1nyetet\u00e9sekkel v\u00e1rj\u00e1k a k\u00f6z\u00f6ns\u00e9get: p\u00e9nteken este k\u0151hal, alig\u00e1tor, tatu \u00e9s mur\u00e9na, szombaton d\u00e9lel\u0151tt kajm\u00e1n, r\u00e1ja, majom \u00e9s kesely\u0171tekn\u0151s, vas\u00e1rnap d\u00e9lel\u0151tt pedig r\u00e1ja, majom \u00e9s piranha etet\u00e9s\u00e9t n\u00e9zhetik meg a l\u00e1togat\u00f3k.<\/p>\n<p>A debreceni Nagyerdei Kult\u00farparkban is megismerheti a k\u00f6z\u00f6ns\u00e9g a kert titokzatos \u00e9jszakai \u00e9let\u00e9t. A l\u00e1togat\u00f3k szakvezet\u00e9seken leshetnek a kulissz\u00e1k m\u00f6g\u00e9, ehet\u0151 n\u00f6v\u00e9nyeket \u00e9s rovarokat k\u00f3stolhatnak, \u00e9s az id\u00e9n is \u00e1tadnak egy \u00faj \u00e1llatbemutat\u00f3t. Eg\u00e9sz este k\u00f6zlekedik a kisvas\u00fat, \u00e9s \u00fczemel a Vid\u00e1mpark.<\/p>\n<p>A gy\u0151ri Xantus J\u00e1nos \u00c1llatkertben 22 \u00f3r\u00e1ig v\u00e1rj\u00e1k a vend\u00e9geket. A k\u00f6z\u00f6ns\u00e9g megfigyelheti a tigrisek, a medv\u00e9k \u00e9s a vadkuty\u00e1k etet\u00e9s\u00e9t, emellett &#8222;nem szeretem&#8221; \u00e1llatokkal, k\u00edgy\u00f3kkal, cs\u00f3t\u00e1nyokkal is tal\u00e1lkozhat.<\/p>\n<p>A Kecskem\u00e9ti Vadaskertet f\u00e1kly\u00e1kkal vil\u00e1g\u00edtj\u00e1k meg ezen az est\u00e9n, \u00e9s csal\u00e1dias hangulat\u00fa programokkal k\u00e9sz\u00fclnek. A gondoz\u00f3k t\u00f6bbek k\u00f6z\u00f6tt tigrisek, majmok, l\u00e1m\u00e1k, oroszl\u00e1nok etet\u00e9s\u00e9t mutatj\u00e1k be, h\u00fcll\u0151show-val k\u00e9sz\u00fclnek, emellett a Cs\u00f6r\u00f6mp\u00f6l\u0151k Egy\u00fcttes is koncertet ad.<\/p>\n<p>A Miskolci \u00c1llatkert \u00e9s Kult\u00farpark 23 \u00f3r\u00e1ig v\u00e1rja a k\u00f6z\u00f6ns\u00e9get, minden koroszt\u00e1ly sz\u00e1m\u00e1ra k\u00edn\u00e1lnak programokat. \u00c9rdekes h\u00fcll\u0151kkel, k\u00e9t\u00e9lt\u0171ekkel \u00e9s rovarokkal ismerkedhetnek meg a l\u00e1togat\u00f3k, akik csillag\u00e1szbemutat\u00f3n is r\u00e9szt vehetnek, a denev\u00e9reket, a tigriseket, a medv\u00e9ket, a mos\u00f3medv\u00e9ket, az \u00e9jszaka akt\u00edv \u00e1llatokat is megfigyelhetik. A Magyar Mad\u00e1rtani Egyes\u00fclet munkat\u00e1rsainak k\u00f6zrem\u0171k\u00f6d\u00e9s\u00e9vel a B\u00fckki Nemzeti Park \u00e9jjeli ragadoz\u00f3 madaraival is megismerkedhetnek a l\u00e1togat\u00f3k.<\/p>\n<p>A P\u00e9csi \u00c1llatkertben p\u00e9nteken \u00e9s szombaton is lesznek programok. L\u00e1tv\u00e1nyetet\u00e9sek, f\u00e9nyfest\u00e9s, koncertek, t\u0171zzsongl\u0151r-bemutat\u00f3k, csillag\u00e1szati programok, b\u00e1tors\u00e1gpr\u00f3b\u00e1k is v\u00e1rj\u00e1k az \u00e9rdekl\u0151d\u0151ket.<\/p>\n<p>Az esem\u00e9nyek r\u00e9szletes programjai az \u00e1llatkertek honlapj\u00e1n olvashat\u00f3k.<\/p>\n<p>(<em>MTI<\/em>)<\/p>\n<p>        <!--div style=\"padding:20px;margin-top:20px;border-left: 4px solid #e71000;background:#f6f6f6;\">\n            \n\n<h2>FinTechRadar 2.0 konferencia - van m&aacute;r jegyed?<\/h2>\n\n\n\n            \n\n<p>T&eacute;m&aacute;ink: PSD2\/Mobilfizet&eacute;s, Adatbiztons&aacute;g, UX, Big data, &Aacute;llam &eacute;s fintech, Insurtech.\n            2 nap, 30 el&#337;ad&oacute; &eacute;s v&aacute;laszok a fintech aktu&aacute;lis k&eacute;rd&eacute;seire okt&oacute;ber 17-18-&aacute;n a Sug&aacute;r Moziban.<\/p>\n\n\n\n            <a href=\"http:\/\/fintechradar.hu\/konferencia2?utm_source=propeller.hu&utm_medium=textlink&utm_campaign=FTR_konf2\"\n            class=\"button primary\" target=\"_blank\" style=\"color:#fff;margin-top:15px;background: #e71000;\" rel=\"noopener noreferrer\">Program &eacute;s jegyv&aacute;s&aacute;rl&aacute;s &rarr;<\/a>\n        <\/div-->\n    <\/div>\n<p><script>(function(d, s, id) {\n  var js, fjs = d.getElementsByTagName(s)[0];\n  if (d.getElementById(id)) return;\n  js = d.createElement(s); js.id = id;\n  js.src = \"http:\/\/connect.facebook.net\/hu_HU\/sdk.js#xfbml=1&version=v2.7&appId=247823682023773\";\n  fjs.parentNode.insertBefore(js, fjs);\n}(document, 'script', 'facebook-jssdk'));<\/script><br \/>\n<br \/>[ad_2]<br \/>\n<br \/><a href=\"https:\/\/hirek.oldal.info\/rssclick\/14355347\">Source link <\/a><\/p>\n","protected":false},"excerpt":{"rendered":"<p>[ad_1] Ma este rendezik meg az \u00c1llatkertek \u00e9jszak\u00e1ja programsorozatot az orsz\u00e1g tizenk\u00e9t telep\u00fcl\u00e9s\u00e9nek tizenh\u00e1rom \u00e1llatkertj\u00e9ben, vadasparkj\u00e1ban, \u00e1llatos bemutat\u00f3hely\u00e9n . A F\u0151v\u00e1rosi \u00c1llat- \u00e9s N\u00f6v\u00e9nykertben \u00e9s a Budakeszi Vadasparkban este 7 \u00f3r\u00e1t\u00f3l \u00e9jf\u00e9lig v\u00e1rj\u00e1k a nagyk\u00f6z\u00f6ns\u00e9get programokkal, l\u00e1tnival\u00f3kkal \u00e9s \u00e9lm\u00e9nyekkel \u2013 t\u00e1j\u00e9koztatta az int\u00e9zm\u00e9ny az MTI-t. A ny\u00e1r utols\u00f3 p\u00e9ntek est\u00e9je hagyom\u00e1nyosan az \u00c1llatkertek \u00e9jszak\u00e1ja d\u00e1tuma. [&hellip;]<\/p>\n","protected":false},"author":2,"featured_media":1389,"comment_status":"open","ping_status":"open","sticky":false,"template":"","format":"standard","meta":{"footnotes":""},"categories":[1],"tags":[],"class_list":["post-1388","post","type-post","status-publish","format-standard","has-post-thumbnail","hentry","category-legujabb-penzugyi-hirek"],"yoast_head":"<!-- This site is optimized with the Yoast SEO plugin v27.4 - https:\/\/yoast.com\/product\/yoast-seo-wordpress\/ -->\n<title>12 telep\u00fcl\u00e9sen lesz ma az \u00c1llatkertek \u00e9jszak\u00e1ja - Hot News in World<\/title>\n<meta name=\"robots\" content=\"index, follow, max-snippet:-1, max-image-preview:large, max-video-preview:-1\" \/>\n<link rel=\"canonical\" href=\"https:\/\/hotnewsinworld.com\/hu\/12-telepulesen-lesz-ma-az-allatkertek-ejszakaja\/\" \/>\n<meta property=\"og:locale\" content=\"hu_HU\" \/>\n<meta property=\"og:type\" content=\"article\" \/>\n<meta property=\"og:title\" content=\"12 telep\u00fcl\u00e9sen lesz ma az \u00c1llatkertek \u00e9jszak\u00e1ja - Hot News in World\" \/>\n<meta property=\"og:description\" content=\"[ad_1] Ma este rendezik meg az \u00c1llatkertek \u00e9jszak\u00e1ja programsorozatot az orsz\u00e1g tizenk\u00e9t telep\u00fcl\u00e9s\u00e9nek tizenh\u00e1rom \u00e1llatkertj\u00e9ben, vadasparkj\u00e1ban, \u00e1llatos bemutat\u00f3hely\u00e9n . A F\u0151v\u00e1rosi \u00c1llat- \u00e9s N\u00f6v\u00e9nykertben \u00e9s a Budakeszi Vadasparkban este 7 \u00f3r\u00e1t\u00f3l \u00e9jf\u00e9lig v\u00e1rj\u00e1k a nagyk\u00f6z\u00f6ns\u00e9get programokkal, l\u00e1tnival\u00f3kkal \u00e9s \u00e9lm\u00e9nyekkel \u2013 t\u00e1j\u00e9koztatta az int\u00e9zm\u00e9ny az MTI-t. A ny\u00e1r utols\u00f3 p\u00e9ntek est\u00e9je hagyom\u00e1nyosan az \u00c1llatkertek \u00e9jszak\u00e1ja d\u00e1tuma. [&hellip;]\" \/>\n<meta property=\"og:url\" content=\"https:\/\/hotnewsinworld.com\/hu\/12-telepulesen-lesz-ma-az-allatkertek-ejszakaja\/\" \/>\n<meta property=\"og:site_name\" content=\"Hot News in World\" \/>\n<meta property=\"article:published_time\" content=\"2019-08-30T05:42:45+00:00\" \/>\n<meta property=\"article:modified_time\" content=\"2019-08-30T05:42:47+00:00\" \/>\n<meta property=\"og:image\" content=\"https:\/\/hotnewsinworld.com\/hu\/wp-content\/uploads\/sites\/3\/2019\/08\/12-telep\u00fcl\u00e9sen-lesz-ma-az-\u00c1llatkertek-\u00e9jszak\u00e1ja.jpg\" \/>\n\t<meta property=\"og:image:width\" content=\"800\" \/>\n\t<meta property=\"og:image:height\" content=\"602\" \/>\n\t<meta property=\"og:image:type\" content=\"image\/jpeg\" \/>\n<meta name=\"author\" content=\"hotnewsinworld\" \/>\n<meta name=\"twitter:card\" content=\"summary_large_image\" \/>\n<meta name=\"twitter:label1\" content=\"Szerz\u0151:\" \/>\n\t<meta name=\"twitter:data1\" content=\"hotnewsinworld\" \/>\n\t<meta name=\"twitter:label2\" content=\"Becs\u00fclt olvas\u00e1si id\u0151\" \/>\n\t<meta name=\"twitter:data2\" content=\"4 perc\" \/>\n<script type=\"application\/ld+json\" class=\"yoast-schema-graph\">{\"@context\":\"https:\\\/\\\/schema.org\",\"@graph\":[{\"@type\":\"Article\",\"@id\":\"https:\\\/\\\/hotnewsinworld.com\\\/hu\\\/12-telepulesen-lesz-ma-az-allatkertek-ejszakaja\\\/#article\",\"isPartOf\":{\"@id\":\"https:\\\/\\\/hotnewsinworld.com\\\/hu\\\/12-telepulesen-lesz-ma-az-allatkertek-ejszakaja\\\/\"},\"author\":{\"name\":\"hotnewsinworld\",\"@id\":\"https:\\\/\\\/hotnewsinworld.com\\\/hu\\\/#\\\/schema\\\/person\\\/fe61448b21c0d59086e75fcc1f9d8f6b\"},\"headline\":\"12 telep\u00fcl\u00e9sen lesz ma az \u00c1llatkertek \u00e9jszak\u00e1ja\",\"datePublished\":\"2019-08-30T05:42:45+00:00\",\"dateModified\":\"2019-08-30T05:42:47+00:00\",\"mainEntityOfPage\":{\"@id\":\"https:\\\/\\\/hotnewsinworld.com\\\/hu\\\/12-telepulesen-lesz-ma-az-allatkertek-ejszakaja\\\/\"},\"wordCount\":875,\"commentCount\":0,\"image\":{\"@id\":\"https:\\\/\\\/hotnewsinworld.com\\\/hu\\\/12-telepulesen-lesz-ma-az-allatkertek-ejszakaja\\\/#primaryimage\"},\"thumbnailUrl\":\"https:\\\/\\\/hotnewsinworld.com\\\/hu\\\/wp-content\\\/uploads\\\/sites\\\/3\\\/2019\\\/08\\\/12-telep\u00fcl\u00e9sen-lesz-ma-az-\u00c1llatkertek-\u00e9jszak\u00e1ja.jpg\",\"articleSection\":[\"LEG\u00daJABB P\u00c9NZ\u00dcGYI H\u00cdREK\"],\"inLanguage\":\"hu\",\"potentialAction\":[{\"@type\":\"CommentAction\",\"name\":\"Comment\",\"target\":[\"https:\\\/\\\/hotnewsinworld.com\\\/hu\\\/12-telepulesen-lesz-ma-az-allatkertek-ejszakaja\\\/#respond\"]}]},{\"@type\":\"WebPage\",\"@id\":\"https:\\\/\\\/hotnewsinworld.com\\\/hu\\\/12-telepulesen-lesz-ma-az-allatkertek-ejszakaja\\\/\",\"url\":\"https:\\\/\\\/hotnewsinworld.com\\\/hu\\\/12-telepulesen-lesz-ma-az-allatkertek-ejszakaja\\\/\",\"name\":\"12 telep\u00fcl\u00e9sen lesz ma az \u00c1llatkertek \u00e9jszak\u00e1ja - Hot News in World\",\"isPartOf\":{\"@id\":\"https:\\\/\\\/hotnewsinworld.com\\\/hu\\\/#website\"},\"primaryImageOfPage\":{\"@id\":\"https:\\\/\\\/hotnewsinworld.com\\\/hu\\\/12-telepulesen-lesz-ma-az-allatkertek-ejszakaja\\\/#primaryimage\"},\"image\":{\"@id\":\"https:\\\/\\\/hotnewsinworld.com\\\/hu\\\/12-telepulesen-lesz-ma-az-allatkertek-ejszakaja\\\/#primaryimage\"},\"thumbnailUrl\":\"https:\\\/\\\/hotnewsinworld.com\\\/hu\\\/wp-content\\\/uploads\\\/sites\\\/3\\\/2019\\\/08\\\/12-telep\u00fcl\u00e9sen-lesz-ma-az-\u00c1llatkertek-\u00e9jszak\u00e1ja.jpg\",\"datePublished\":\"2019-08-30T05:42:45+00:00\",\"dateModified\":\"2019-08-30T05:42:47+00:00\",\"author\":{\"@id\":\"https:\\\/\\\/hotnewsinworld.com\\\/hu\\\/#\\\/schema\\\/person\\\/fe61448b21c0d59086e75fcc1f9d8f6b\"},\"breadcrumb\":{\"@id\":\"https:\\\/\\\/hotnewsinworld.com\\\/hu\\\/12-telepulesen-lesz-ma-az-allatkertek-ejszakaja\\\/#breadcrumb\"},\"inLanguage\":\"hu\",\"potentialAction\":[{\"@type\":\"ReadAction\",\"target\":[\"https:\\\/\\\/hotnewsinworld.com\\\/hu\\\/12-telepulesen-lesz-ma-az-allatkertek-ejszakaja\\\/\"]}]},{\"@type\":\"ImageObject\",\"inLanguage\":\"hu\",\"@id\":\"https:\\\/\\\/hotnewsinworld.com\\\/hu\\\/12-telepulesen-lesz-ma-az-allatkertek-ejszakaja\\\/#primaryimage\",\"url\":\"https:\\\/\\\/hotnewsinworld.com\\\/hu\\\/wp-content\\\/uploads\\\/sites\\\/3\\\/2019\\\/08\\\/12-telep\u00fcl\u00e9sen-lesz-ma-az-\u00c1llatkertek-\u00e9jszak\u00e1ja.jpg\",\"contentUrl\":\"https:\\\/\\\/hotnewsinworld.com\\\/hu\\\/wp-content\\\/uploads\\\/sites\\\/3\\\/2019\\\/08\\\/12-telep\u00fcl\u00e9sen-lesz-ma-az-\u00c1llatkertek-\u00e9jszak\u00e1ja.jpg\",\"width\":800,\"height\":602,\"caption\":\"12 telep\u00fcl\u00e9sen lesz ma az \u00c1llatkertek \u00e9jszak\u00e1ja\"},{\"@type\":\"BreadcrumbList\",\"@id\":\"https:\\\/\\\/hotnewsinworld.com\\\/hu\\\/12-telepulesen-lesz-ma-az-allatkertek-ejszakaja\\\/#breadcrumb\",\"itemListElement\":[{\"@type\":\"ListItem\",\"position\":1,\"name\":\"\u0413\u043b\u0430\u0432\u043d\u0430\u044f \u0441\u0442\u0440\u0430\u043d\u0438\u0446\u0430\",\"item\":\"https:\\\/\\\/hotnewsinworld.com\\\/hu\\\/\"},{\"@type\":\"ListItem\",\"position\":2,\"name\":\"12 telep\u00fcl\u00e9sen lesz ma az \u00c1llatkertek \u00e9jszak\u00e1ja\"}]},{\"@type\":\"WebSite\",\"@id\":\"https:\\\/\\\/hotnewsinworld.com\\\/hu\\\/#website\",\"url\":\"https:\\\/\\\/hotnewsinworld.com\\\/hu\\\/\",\"name\":\"Hot News in World\",\"description\":\"Hot News in World from Hungary\",\"potentialAction\":[{\"@type\":\"SearchAction\",\"target\":{\"@type\":\"EntryPoint\",\"urlTemplate\":\"https:\\\/\\\/hotnewsinworld.com\\\/hu\\\/?s={search_term_string}\"},\"query-input\":{\"@type\":\"PropertyValueSpecification\",\"valueRequired\":true,\"valueName\":\"search_term_string\"}}],\"inLanguage\":\"hu\"},{\"@type\":\"Person\",\"@id\":\"https:\\\/\\\/hotnewsinworld.com\\\/hu\\\/#\\\/schema\\\/person\\\/fe61448b21c0d59086e75fcc1f9d8f6b\",\"name\":\"hotnewsinworld\",\"image\":{\"@type\":\"ImageObject\",\"inLanguage\":\"hu\",\"@id\":\"https:\\\/\\\/secure.gravatar.com\\\/avatar\\\/8a09ac165600ce2e1c38fe593c63928eb1e6e7ba5c5a907d67787c41b3d00c14?s=96&d=mm&r=g\",\"url\":\"https:\\\/\\\/secure.gravatar.com\\\/avatar\\\/8a09ac165600ce2e1c38fe593c63928eb1e6e7ba5c5a907d67787c41b3d00c14?s=96&d=mm&r=g\",\"contentUrl\":\"https:\\\/\\\/secure.gravatar.com\\\/avatar\\\/8a09ac165600ce2e1c38fe593c63928eb1e6e7ba5c5a907d67787c41b3d00c14?s=96&d=mm&r=g\",\"caption\":\"hotnewsinworld\"},\"url\":\"https:\\\/\\\/hotnewsinworld.com\\\/hu\\\/author\\\/pt\\\/\"}]}<\/script>\n<!-- \/ Yoast SEO plugin. -->","yoast_head_json":{"title":"12 telep\u00fcl\u00e9sen lesz ma az \u00c1llatkertek \u00e9jszak\u00e1ja - Hot News in World","robots":{"index":"index","follow":"follow","max-snippet":"max-snippet:-1","max-image-preview":"max-image-preview:large","max-video-preview":"max-video-preview:-1"},"canonical":"https:\/\/hotnewsinworld.com\/hu\/12-telepulesen-lesz-ma-az-allatkertek-ejszakaja\/","og_locale":"hu_HU","og_type":"article","og_title":"12 telep\u00fcl\u00e9sen lesz ma az \u00c1llatkertek \u00e9jszak\u00e1ja - Hot News in World","og_description":"[ad_1] Ma este rendezik meg az \u00c1llatkertek \u00e9jszak\u00e1ja programsorozatot az orsz\u00e1g tizenk\u00e9t telep\u00fcl\u00e9s\u00e9nek tizenh\u00e1rom \u00e1llatkertj\u00e9ben, vadasparkj\u00e1ban, \u00e1llatos bemutat\u00f3hely\u00e9n . A F\u0151v\u00e1rosi \u00c1llat- \u00e9s N\u00f6v\u00e9nykertben \u00e9s a Budakeszi Vadasparkban este 7 \u00f3r\u00e1t\u00f3l \u00e9jf\u00e9lig v\u00e1rj\u00e1k a nagyk\u00f6z\u00f6ns\u00e9get programokkal, l\u00e1tnival\u00f3kkal \u00e9s \u00e9lm\u00e9nyekkel \u2013 t\u00e1j\u00e9koztatta az int\u00e9zm\u00e9ny az MTI-t. A ny\u00e1r utols\u00f3 p\u00e9ntek est\u00e9je hagyom\u00e1nyosan az \u00c1llatkertek \u00e9jszak\u00e1ja d\u00e1tuma. [&hellip;]","og_url":"https:\/\/hotnewsinworld.com\/hu\/12-telepulesen-lesz-ma-az-allatkertek-ejszakaja\/","og_site_name":"Hot News in World","article_published_time":"2019-08-30T05:42:45+00:00","article_modified_time":"2019-08-30T05:42:47+00:00","og_image":[{"width":800,"height":602,"url":"https:\/\/hotnewsinworld.com\/hu\/wp-content\/uploads\/sites\/3\/2019\/08\/12-telep\u00fcl\u00e9sen-lesz-ma-az-\u00c1llatkertek-\u00e9jszak\u00e1ja.jpg","type":"image\/jpeg"}],"author":"hotnewsinworld","twitter_card":"summary_large_image","twitter_misc":{"Szerz\u0151:":"hotnewsinworld","Becs\u00fclt olvas\u00e1si id\u0151":"4 perc"},"schema":{"@context":"https:\/\/schema.org","@graph":[{"@type":"Article","@id":"https:\/\/hotnewsinworld.com\/hu\/12-telepulesen-lesz-ma-az-allatkertek-ejszakaja\/#article","isPartOf":{"@id":"https:\/\/hotnewsinworld.com\/hu\/12-telepulesen-lesz-ma-az-allatkertek-ejszakaja\/"},"author":{"name":"hotnewsinworld","@id":"https:\/\/hotnewsinworld.com\/hu\/#\/schema\/person\/fe61448b21c0d59086e75fcc1f9d8f6b"},"headline":"12 telep\u00fcl\u00e9sen lesz ma az \u00c1llatkertek \u00e9jszak\u00e1ja","datePublished":"2019-08-30T05:42:45+00:00","dateModified":"2019-08-30T05:42:47+00:00","mainEntityOfPage":{"@id":"https:\/\/hotnewsinworld.com\/hu\/12-telepulesen-lesz-ma-az-allatkertek-ejszakaja\/"},"wordCount":875,"commentCount":0,"image":{"@id":"https:\/\/hotnewsinworld.com\/hu\/12-telepulesen-lesz-ma-az-allatkertek-ejszakaja\/#primaryimage"},"thumbnailUrl":"https:\/\/hotnewsinworld.com\/hu\/wp-content\/uploads\/sites\/3\/2019\/08\/12-telep\u00fcl\u00e9sen-lesz-ma-az-\u00c1llatkertek-\u00e9jszak\u00e1ja.jpg","articleSection":["LEG\u00daJABB P\u00c9NZ\u00dcGYI H\u00cdREK"],"inLanguage":"hu","potentialAction":[{"@type":"CommentAction","name":"Comment","target":["https:\/\/hotnewsinworld.com\/hu\/12-telepulesen-lesz-ma-az-allatkertek-ejszakaja\/#respond"]}]},{"@type":"WebPage","@id":"https:\/\/hotnewsinworld.com\/hu\/12-telepulesen-lesz-ma-az-allatkertek-ejszakaja\/","url":"https:\/\/hotnewsinworld.com\/hu\/12-telepulesen-lesz-ma-az-allatkertek-ejszakaja\/","name":"12 telep\u00fcl\u00e9sen lesz ma az \u00c1llatkertek \u00e9jszak\u00e1ja - Hot News in World","isPartOf":{"@id":"https:\/\/hotnewsinworld.com\/hu\/#website"},"primaryImageOfPage":{"@id":"https:\/\/hotnewsinworld.com\/hu\/12-telepulesen-lesz-ma-az-allatkertek-ejszakaja\/#primaryimage"},"image":{"@id":"https:\/\/hotnewsinworld.com\/hu\/12-telepulesen-lesz-ma-az-allatkertek-ejszakaja\/#primaryimage"},"thumbnailUrl":"https:\/\/hotnewsinworld.com\/hu\/wp-content\/uploads\/sites\/3\/2019\/08\/12-telep\u00fcl\u00e9sen-lesz-ma-az-\u00c1llatkertek-\u00e9jszak\u00e1ja.jpg","datePublished":"2019-08-30T05:42:45+00:00","dateModified":"2019-08-30T05:42:47+00:00","author":{"@id":"https:\/\/hotnewsinworld.com\/hu\/#\/schema\/person\/fe61448b21c0d59086e75fcc1f9d8f6b"},"breadcrumb":{"@id":"https:\/\/hotnewsinworld.com\/hu\/12-telepulesen-lesz-ma-az-allatkertek-ejszakaja\/#breadcrumb"},"inLanguage":"hu","potentialAction":[{"@type":"ReadAction","target":["https:\/\/hotnewsinworld.com\/hu\/12-telepulesen-lesz-ma-az-allatkertek-ejszakaja\/"]}]},{"@type":"ImageObject","inLanguage":"hu","@id":"https:\/\/hotnewsinworld.com\/hu\/12-telepulesen-lesz-ma-az-allatkertek-ejszakaja\/#primaryimage","url":"https:\/\/hotnewsinworld.com\/hu\/wp-content\/uploads\/sites\/3\/2019\/08\/12-telep\u00fcl\u00e9sen-lesz-ma-az-\u00c1llatkertek-\u00e9jszak\u00e1ja.jpg","contentUrl":"https:\/\/hotnewsinworld.com\/hu\/wp-content\/uploads\/sites\/3\/2019\/08\/12-telep\u00fcl\u00e9sen-lesz-ma-az-\u00c1llatkertek-\u00e9jszak\u00e1ja.jpg","width":800,"height":602,"caption":"12 telep\u00fcl\u00e9sen lesz ma az \u00c1llatkertek \u00e9jszak\u00e1ja"},{"@type":"BreadcrumbList","@id":"https:\/\/hotnewsinworld.com\/hu\/12-telepulesen-lesz-ma-az-allatkertek-ejszakaja\/#breadcrumb","itemListElement":[{"@type":"ListItem","position":1,"name":"\u0413\u043b\u0430\u0432\u043d\u0430\u044f \u0441\u0442\u0440\u0430\u043d\u0438\u0446\u0430","item":"https:\/\/hotnewsinworld.com\/hu\/"},{"@type":"ListItem","position":2,"name":"12 telep\u00fcl\u00e9sen lesz ma az \u00c1llatkertek \u00e9jszak\u00e1ja"}]},{"@type":"WebSite","@id":"https:\/\/hotnewsinworld.com\/hu\/#website","url":"https:\/\/hotnewsinworld.com\/hu\/","name":"Hot News in World","description":"Hot News in World from Hungary","potentialAction":[{"@type":"SearchAction","target":{"@type":"EntryPoint","urlTemplate":"https:\/\/hotnewsinworld.com\/hu\/?s={search_term_string}"},"query-input":{"@type":"PropertyValueSpecification","valueRequired":true,"valueName":"search_term_string"}}],"inLanguage":"hu"},{"@type":"Person","@id":"https:\/\/hotnewsinworld.com\/hu\/#\/schema\/person\/fe61448b21c0d59086e75fcc1f9d8f6b","name":"hotnewsinworld","image":{"@type":"ImageObject","inLanguage":"hu","@id":"https:\/\/secure.gravatar.com\/avatar\/8a09ac165600ce2e1c38fe593c63928eb1e6e7ba5c5a907d67787c41b3d00c14?s=96&d=mm&r=g","url":"https:\/\/secure.gravatar.com\/avatar\/8a09ac165600ce2e1c38fe593c63928eb1e6e7ba5c5a907d67787c41b3d00c14?s=96&d=mm&r=g","contentUrl":"https:\/\/secure.gravatar.com\/avatar\/8a09ac165600ce2e1c38fe593c63928eb1e6e7ba5c5a907d67787c41b3d00c14?s=96&d=mm&r=g","caption":"hotnewsinworld"},"url":"https:\/\/hotnewsinworld.com\/hu\/author\/pt\/"}]}},"_links":{"self":[{"href":"https:\/\/hotnewsinworld.com\/hu\/wp-json\/wp\/v2\/posts\/1388","targetHints":{"allow":["GET"]}}],"collection":[{"href":"https:\/\/hotnewsinworld.com\/hu\/wp-json\/wp\/v2\/posts"}],"about":[{"href":"https:\/\/hotnewsinworld.com\/hu\/wp-json\/wp\/v2\/types\/post"}],"author":[{"embeddable":true,"href":"https:\/\/hotnewsinworld.com\/hu\/wp-json\/wp\/v2\/users\/2"}],"replies":[{"embeddable":true,"href":"https:\/\/hotnewsinworld.com\/hu\/wp-json\/wp\/v2\/comments?post=1388"}],"version-history":[{"count":1,"href":"https:\/\/hotnewsinworld.com\/hu\/wp-json\/wp\/v2\/posts\/1388\/revisions"}],"predecessor-version":[{"id":1390,"href":"https:\/\/hotnewsinworld.com\/hu\/wp-json\/wp\/v2\/posts\/1388\/revisions\/1390"}],"wp:featuredmedia":[{"embeddable":true,"href":"https:\/\/hotnewsinworld.com\/hu\/wp-json\/wp\/v2\/media\/1389"}],"wp:attachment":[{"href":"https:\/\/hotnewsinworld.com\/hu\/wp-json\/wp\/v2\/media?parent=1388"}],"wp:term":[{"taxonomy":"category","embeddable":true,"href":"https:\/\/hotnewsinworld.com\/hu\/wp-json\/wp\/v2\/categories?post=1388"},{"taxonomy":"post_tag","embeddable":true,"href":"https:\/\/hotnewsinworld.com\/hu\/wp-json\/wp\/v2\/tags?post=1388"}],"curies":[{"name":"wp","href":"https:\/\/api.w.org\/{rel}","templated":true}]}}