{"id":1396,"date":"2019-08-30T12:58:03","date_gmt":"2019-08-30T09:58:03","guid":{"rendered":"https:\/\/hotnewsinworld.com\/hu\/psz-tulterheltek-a-pedagogusok-eloregedik-a-palya\/"},"modified":"2019-08-30T12:58:04","modified_gmt":"2019-08-30T09:58:04","slug":"psz-tulterheltek-a-pedagogusok-eloregedik-a-palya","status":"publish","type":"post","link":"https:\/\/hotnewsinworld.com\/hu\/psz-tulterheltek-a-pedagogusok-eloregedik-a-palya\/","title":{"rendered":"PSZ: T\u00falterheltek a pedag\u00f3gusok, el\u00f6regedik a p\u00e1lya"},"content":{"rendered":"<p> [ad_1]<br \/>\n<\/p>\n<p>2019. augusztus 30. 11:44<\/p>\n<p>\n            Szab\u00f3 Zsuzsa szerint ilyen \u00e1llapotban, ilyen t\u00falterhel\u00e9s mellett pedag\u00f3gusokkal tan\u00e9vet kezdeni nem lehet.\n        <\/p>\n<div>\n<p>A pedag\u00f3gusok t\u00falterhelts\u00e9g\u00e9re \u00e9s a p\u00e1lya el\u00f6reged\u00e9s\u00e9re figyelmeztetett Szab\u00f3 Zsuzsa, a Pedag\u00f3gusok Szakszervezet\u00e9nek (PSZ) eln\u00f6ke a t\u00f6m\u00f6r\u00fcl\u00e9s p\u00e9nteki budapesti tan\u00e9vnyit\u00f3 sajt\u00f3t\u00e1j\u00e9koztat\u00f3j\u00e1n.<\/p>\n<p>Az \u00e9rdekv\u00e9delmi t\u00f6m\u00f6r\u00fcl\u00e9s vezet\u0151je kifejtette: az elm\u00falt tan\u00e9vben a PSZ hat h\u00f3napon \u00e1t k\u00fczd\u00f6tt a b\u00e9remel\u00e9s\u00e9rt, az \u00f3rasz\u00e1mok cs\u00f6kkent\u00e9s\u00e9\u00e9rt, a munkaterhek m\u00e9rs\u00e9kl\u00e9s\u00e9\u00e9rt. Az \u00f3rasz\u00e1mok cs\u00f6kkent\u00e9se kardin\u00e1lis k\u00e9rd\u00e9s, az elm\u00falt id\u0151szak probl\u00e9m\u00e1inak alapja \u2013 mondta. Ragaszkodtak a fix heti \u00f3rasz\u00e1mokhoz \u2013 id\u00e9zte fel. Hozz\u00e1tette: rem\u00e9nykelt\u0151ek voltak az egyeztet\u00e9sek, m\u00e9g arra is volt es\u00e9ly, hogy m\u00e1r a mostani tan\u00e9vben emelkedjenek a b\u00e9rek.\u00a0 \u00a0<img decoding=\"async\" src=\"https:\/\/hotnewsinworld.com\/hu\/wp-content\/uploads\/sites\/3\/2019\/05\/Bangone-ot-legemlekezetesebb-villanasa-Mandiner.gif\" id=\"ga2\" class=\"ga_img\" \/><\/p>\n<p>M\u00e9rhetetlen\u00fcl elkeseredtek, amikor l\u00e1tt\u00e1k, hogy sem a j\u00f6v\u0151 \u00e9vi k\u00f6lts\u00e9gvet\u00e9sben, sem a k\u00f6znevel\u00e9si t\u00f6rv\u00e9nyben nem l\u00e1tt\u00e1k viszont mindezt \u2013 jegyezte meg Szab\u00f3 Zsuzsa, aki szerint ez a tan\u00e9v is ugyan\u00fagy kezd\u0151dik, mint az elm\u00falt \u00e9vi, azaz semmi nem v\u00e1ltozott. Kit\u00e9rt arra: m\u00edg a garant\u00e1lt b\u00e9rminimum 2014 \u00f3ta 72 sz\u00e1zal\u00e9kkal n\u0151tt, addig a pedag\u00f3gusok b\u00e9re csak 27 sz\u00e1zal\u00e9kkal. Hol van itt a folyamatos b\u00e9remel\u00e9s \u2013 k\u00e9rdezte. M\u00edg 2017-ben 6324 fiatal \u00e1llt munk\u00e1ba, de a k\u00f6telez\u0151 min\u0151s\u00edt\u00e9sre kevesebb, mint a fel\u00fck jelentkeztek. A k\u00f6vetkez\u0151 15 \u00e9vben 60-70 ezren l\u00e9pnek nyugd\u00edjaskorba, de csak n\u00e9h\u00e1ny ezren l\u00e9pnek be a rendszerbe. Mit\u0151l vonz\u00f3 a pedag\u00f3gus p\u00e1lya? \u2013 tette fel a k\u00e9rd\u00e9st.\u00a0<\/p>\n<p>Szab\u00f3 Zsuzsa szerint ilyen \u00e1llapotban, ilyen t\u00falterhel\u00e9s mellett pedag\u00f3gusokkal tan\u00e9vet kezdeni nem lehet.\u00a0Az orsz\u00e1gos vezet\u00e9s szeptember 22-re kongresszust h\u00edvott \u00f6ssze, amely arr\u00f3l d\u00f6nt, hogy mikor \u00e9s mi lesz az a nyom\u00e1sgyakorl\u00e1si forma, amivel el\u00e9rhetik c\u00e9ljaikat \u2013 k\u00f6z\u00f6lte. T\u0171r\u00e9shat\u00e1ruk v\u00e9g\u00e9re \u00e9rtek, minden eszk\u00f6zt bevetnek k\u00f6vetel\u00e9seik \u00e9rdek\u00e9ben \u2013 jelentette ki.<\/p>\n<p>Totyik Tam\u00e1s, a PSZ aleln\u00f6ke azt mondta: egy\u00e9rtelm\u0171 \u00e9s hat\u00e1rozott l\u00e9p\u00e9seket v\u00e1rnak a korm\u00e1nyt\u00f3l a b\u00e9remel\u00e9sek \u00fcgy\u00e9ben. \u00c1ll\u00e1spontjuk szerint becsapja a korm\u00e1ny a t\u00e1rsadalmat, az igazgat\u00f3k p\u00f3tl\u00e9k\u00e1nak n\u00f6vel\u00e9se \u00e9s a gyakornoki id\u0151 megv\u00e1ltoztat\u00e1sa is csak a pedag\u00f3gusok t\u00f6red\u00e9k\u00e9t \u00e9rinti.\u00a0<\/p>\n<p>A pedag\u00f3gusok l\u00e9tsz\u00e1m\u00e1r\u00f3l azt mondta: ha \u00edgy folytatj\u00e1k, 10-15 \u00e9v m\u00falva nem lesz pedag\u00f3gus, \u00e9s nagyon kevesek \u201eluxusa\u201d lesz az \u00e1llami oktat\u00e1s. Az OH statisztik\u00e1ira hivatkozott, miszerint 15 ezer els\u0151\u00e9ves hallgat\u00f3b\u00f3l \u00f6tezren jelentkeztek munk\u00e1ra, min\u0151s\u00edt\u0151 vizsg\u00e1ra pedig 2800-an. \u00c9ves \u00e1tlagban ek\u00f6zben 4500-5000 pedag\u00f3gus megy nyugd\u00edjba \u2013 figyelmeztetett.\u00a0<\/p>\n<p>Besz\u00e1molt arr\u00f3l, hogy a pedag\u00f3gusok munkaterhel\u00e9s\u00e9r\u0151l k\u00e9rd\u0151\u00edvet tettek k\u00f6zz\u00e9, \u00e9s k\u00e9t nap alatt k\u00f6zel 1600 v\u00e1lasz \u00e9rkezett. Ennek alapj\u00e1n a v\u00e1laszad\u00f3k 68 \u00f3r\u00e1t dolgoznak egy h\u00e9ten, a legjobban leterheltek akik tanfel\u00fcgyeletet, min\u0151s\u00edt\u00e9st v\u00e9geznek. A tant\u00e1rgyfeloszt\u00e1sban \u00e1tlag 24 \u00f3ra volt a tan\u00edt\u00e1ssal lek\u00f6t\u00f6tt id\u0151, a v\u00e1laszad\u00f3k 44 \u00f3r\u00e1t helyettes\u00edtettek \u00e1tlagosan az elm\u00falt tan\u00e9vben, felk\u00e9sz\u00fcl\u00e9sre \u00e1tlagosan 12 \u00f3r\u00e1t ford\u00edtottak.\u00a0<\/p>\n<p>Gosztonyi G\u00e1bor, a PSZ aleln\u00f6ke reag\u00e1lt Palkovics L\u00e1szl\u00f3 innov\u00e1ci\u00f3s miniszter nyilatkozat\u00e1ra, miszerint szeptemberben \u00f6n\u00e1ll\u00f3 szakk\u00e9pz\u00e9si \u00e9s feln\u0151ttk\u00e9pz\u00e9si t\u00f6rv\u00e9ny ker\u00fclhet a parlament el\u00e9. Kijelentette: nem megengedhet\u0151, hogy a szakk\u00e9pz\u00e9st kiszak\u00edts\u00e1k a k\u00f6znevel\u00e9s rendszer\u00e9b\u0151l. Ez elfogadhatatlan, ellene minden m\u00f3don tiltakoznak \u2013 fogalmazott, \u00e9s jelezte: a szakk\u00e9pz\u00e9si \u00e9s innov\u00e1ci\u00f3s tan\u00e1cs miel\u0151bbi \u00f6sszeh\u00edv\u00e1s\u00e1t kezdem\u00e9nyezik.<\/p>\n<p>(MTI)<\/p>\n<\/p><\/div>\n<p><script>\n!function(f,b,e,v,n,t,s)\n{if(f.fbq)return;n=f.fbq=function(){n.callMethod?\nn.callMethod.apply(n,arguments):n.queue.push(arguments)};\nif(!f._fbq)f._fbq=n;n.push=n;n.loaded=!0;n.version='2.0';\nn.queue=[];t=b.createElement(e);t.async=!0;\nt.src=v;s=b.getElementsByTagName(e)[0];\ns.parentNode.insertBefore(t,s)}(window,document,'script',\n'https:\/\/connect.facebook.net\/en_US\/fbevents.js');\n fbq('init', '477066539334141');\nfbq('track', 'PageView');<\/p>\n<p>fbq('track', 'ViewContent');\n<\/script><script>(function(d, s, id) {\n  var js, fjs = d.getElementsByTagName(s)[0];\n  if (d.getElementById(id)) return;\n  js = d.createElement(s); js.id = id;\n  js.src = 'https:\/\/connect.facebook.net\/hu_HU\/sdk.js#xfbml=1&version=v3.0&appId=279311132096749&autoLogAppEvents=1';\n  fjs.parentNode.insertBefore(js, fjs);\n}(document, 'script', 'facebook-jssdk'));<\/script><script>(function(d, s, id) {\n  var js, fjs = d.getElementsByTagName(s)[0];\n  if (d.getElementById(id)) return;\n  js = d.createElement(s); js.id = id;\n  js.src = \"http:\/\/connect.facebook.net\/hu_HU\/sdk.js#xfbml=1&version=v2.3&appId=279311132096749\";\n  fjs.parentNode.insertBefore(js, fjs);\n}(document, 'script', 'facebook-jssdk'));<\/script><br \/>\n<br \/>[ad_2]<br \/>\n<br \/><a href=\"https:\/\/hirek.oldal.info\/rssclick\/14356140\">Source link <\/a><\/p>\n","protected":false},"excerpt":{"rendered":"<p>[ad_1] 2019. augusztus 30. 11:44 Szab\u00f3 Zsuzsa szerint ilyen \u00e1llapotban, ilyen t\u00falterhel\u00e9s mellett pedag\u00f3gusokkal tan\u00e9vet kezdeni nem lehet. A pedag\u00f3gusok t\u00falterhelts\u00e9g\u00e9re \u00e9s a p\u00e1lya el\u00f6reged\u00e9s\u00e9re figyelmeztetett Szab\u00f3 Zsuzsa, a Pedag\u00f3gusok Szakszervezet\u00e9nek (PSZ) eln\u00f6ke a t\u00f6m\u00f6r\u00fcl\u00e9s p\u00e9nteki budapesti tan\u00e9vnyit\u00f3 sajt\u00f3t\u00e1j\u00e9koztat\u00f3j\u00e1n. Az \u00e9rdekv\u00e9delmi t\u00f6m\u00f6r\u00fcl\u00e9s vezet\u0151je kifejtette: az elm\u00falt tan\u00e9vben a PSZ hat h\u00f3napon \u00e1t k\u00fczd\u00f6tt a b\u00e9remel\u00e9s\u00e9rt, [&hellip;]<\/p>\n","protected":false},"author":2,"featured_media":69,"comment_status":"open","ping_status":"open","sticky":false,"template":"","format":"standard","meta":{"footnotes":""},"categories":[1],"tags":[],"class_list":["post-1396","post","type-post","status-publish","format-standard","has-post-thumbnail","hentry","category-legujabb-penzugyi-hirek"],"yoast_head":"<!-- This site is optimized with the Yoast SEO plugin v27.4 - https:\/\/yoast.com\/product\/yoast-seo-wordpress\/ -->\n<title>PSZ: T\u00falterheltek a pedag\u00f3gusok, el\u00f6regedik a p\u00e1lya - Hot News in World<\/title>\n<meta name=\"robots\" content=\"index, follow, max-snippet:-1, max-image-preview:large, max-video-preview:-1\" \/>\n<link rel=\"canonical\" href=\"https:\/\/hotnewsinworld.com\/hu\/psz-tulterheltek-a-pedagogusok-eloregedik-a-palya\/\" \/>\n<meta property=\"og:locale\" content=\"hu_HU\" \/>\n<meta property=\"og:type\" content=\"article\" \/>\n<meta property=\"og:title\" content=\"PSZ: T\u00falterheltek a pedag\u00f3gusok, el\u00f6regedik a p\u00e1lya - Hot News in World\" \/>\n<meta property=\"og:description\" content=\"[ad_1] 2019. augusztus 30. 11:44 Szab\u00f3 Zsuzsa szerint ilyen \u00e1llapotban, ilyen t\u00falterhel\u00e9s mellett pedag\u00f3gusokkal tan\u00e9vet kezdeni nem lehet. A pedag\u00f3gusok t\u00falterhelts\u00e9g\u00e9re \u00e9s a p\u00e1lya el\u00f6reged\u00e9s\u00e9re figyelmeztetett Szab\u00f3 Zsuzsa, a Pedag\u00f3gusok Szakszervezet\u00e9nek (PSZ) eln\u00f6ke a t\u00f6m\u00f6r\u00fcl\u00e9s p\u00e9nteki budapesti tan\u00e9vnyit\u00f3 sajt\u00f3t\u00e1j\u00e9koztat\u00f3j\u00e1n. Az \u00e9rdekv\u00e9delmi t\u00f6m\u00f6r\u00fcl\u00e9s vezet\u0151je kifejtette: az elm\u00falt tan\u00e9vben a PSZ hat h\u00f3napon \u00e1t k\u00fczd\u00f6tt a b\u00e9remel\u00e9s\u00e9rt, [&hellip;]\" \/>\n<meta property=\"og:url\" content=\"https:\/\/hotnewsinworld.com\/hu\/psz-tulterheltek-a-pedagogusok-eloregedik-a-palya\/\" \/>\n<meta property=\"og:site_name\" content=\"Hot News in World\" \/>\n<meta property=\"article:published_time\" content=\"2019-08-30T09:58:03+00:00\" \/>\n<meta property=\"article:modified_time\" content=\"2019-08-30T09:58:04+00:00\" \/>\n<meta property=\"og:image\" content=\"https:\/\/hotnewsinworld.com\/hu\/wp-content\/uploads\/sites\/3\/2019\/05\/Bang\u00f3n\u00e9-\u00f6t-legeml\u00e9kezetesebb-villan\u00e1sa-Mandiner.gif\" \/>\n\t<meta property=\"og:image:width\" content=\"2\" \/>\n\t<meta property=\"og:image:height\" content=\"2\" \/>\n\t<meta property=\"og:image:type\" content=\"image\/gif\" \/>\n<meta name=\"author\" content=\"hotnewsinworld\" \/>\n<meta name=\"twitter:card\" content=\"summary_large_image\" \/>\n<meta name=\"twitter:label1\" content=\"Szerz\u0151:\" \/>\n\t<meta name=\"twitter:data1\" content=\"hotnewsinworld\" \/>\n\t<meta name=\"twitter:label2\" content=\"Becs\u00fclt olvas\u00e1si id\u0151\" \/>\n\t<meta name=\"twitter:data2\" content=\"3 perc\" \/>\n<script type=\"application\/ld+json\" class=\"yoast-schema-graph\">{\"@context\":\"https:\\\/\\\/schema.org\",\"@graph\":[{\"@type\":\"Article\",\"@id\":\"https:\\\/\\\/hotnewsinworld.com\\\/hu\\\/psz-tulterheltek-a-pedagogusok-eloregedik-a-palya\\\/#article\",\"isPartOf\":{\"@id\":\"https:\\\/\\\/hotnewsinworld.com\\\/hu\\\/psz-tulterheltek-a-pedagogusok-eloregedik-a-palya\\\/\"},\"author\":{\"name\":\"hotnewsinworld\",\"@id\":\"https:\\\/\\\/hotnewsinworld.com\\\/hu\\\/#\\\/schema\\\/person\\\/fe61448b21c0d59086e75fcc1f9d8f6b\"},\"headline\":\"PSZ: T\u00falterheltek a pedag\u00f3gusok, el\u00f6regedik a p\u00e1lya\",\"datePublished\":\"2019-08-30T09:58:03+00:00\",\"dateModified\":\"2019-08-30T09:58:04+00:00\",\"mainEntityOfPage\":{\"@id\":\"https:\\\/\\\/hotnewsinworld.com\\\/hu\\\/psz-tulterheltek-a-pedagogusok-eloregedik-a-palya\\\/\"},\"wordCount\":704,\"commentCount\":0,\"image\":{\"@id\":\"https:\\\/\\\/hotnewsinworld.com\\\/hu\\\/psz-tulterheltek-a-pedagogusok-eloregedik-a-palya\\\/#primaryimage\"},\"thumbnailUrl\":\"https:\\\/\\\/hotnewsinworld.com\\\/hu\\\/wp-content\\\/uploads\\\/sites\\\/3\\\/2019\\\/05\\\/Bang\u00f3n\u00e9-\u00f6t-legeml\u00e9kezetesebb-villan\u00e1sa-Mandiner.gif\",\"articleSection\":[\"LEG\u00daJABB P\u00c9NZ\u00dcGYI H\u00cdREK\"],\"inLanguage\":\"hu\",\"potentialAction\":[{\"@type\":\"CommentAction\",\"name\":\"Comment\",\"target\":[\"https:\\\/\\\/hotnewsinworld.com\\\/hu\\\/psz-tulterheltek-a-pedagogusok-eloregedik-a-palya\\\/#respond\"]}]},{\"@type\":\"WebPage\",\"@id\":\"https:\\\/\\\/hotnewsinworld.com\\\/hu\\\/psz-tulterheltek-a-pedagogusok-eloregedik-a-palya\\\/\",\"url\":\"https:\\\/\\\/hotnewsinworld.com\\\/hu\\\/psz-tulterheltek-a-pedagogusok-eloregedik-a-palya\\\/\",\"name\":\"PSZ: T\u00falterheltek a pedag\u00f3gusok, el\u00f6regedik a p\u00e1lya - Hot News in World\",\"isPartOf\":{\"@id\":\"https:\\\/\\\/hotnewsinworld.com\\\/hu\\\/#website\"},\"primaryImageOfPage\":{\"@id\":\"https:\\\/\\\/hotnewsinworld.com\\\/hu\\\/psz-tulterheltek-a-pedagogusok-eloregedik-a-palya\\\/#primaryimage\"},\"image\":{\"@id\":\"https:\\\/\\\/hotnewsinworld.com\\\/hu\\\/psz-tulterheltek-a-pedagogusok-eloregedik-a-palya\\\/#primaryimage\"},\"thumbnailUrl\":\"https:\\\/\\\/hotnewsinworld.com\\\/hu\\\/wp-content\\\/uploads\\\/sites\\\/3\\\/2019\\\/05\\\/Bang\u00f3n\u00e9-\u00f6t-legeml\u00e9kezetesebb-villan\u00e1sa-Mandiner.gif\",\"datePublished\":\"2019-08-30T09:58:03+00:00\",\"dateModified\":\"2019-08-30T09:58:04+00:00\",\"author\":{\"@id\":\"https:\\\/\\\/hotnewsinworld.com\\\/hu\\\/#\\\/schema\\\/person\\\/fe61448b21c0d59086e75fcc1f9d8f6b\"},\"breadcrumb\":{\"@id\":\"https:\\\/\\\/hotnewsinworld.com\\\/hu\\\/psz-tulterheltek-a-pedagogusok-eloregedik-a-palya\\\/#breadcrumb\"},\"inLanguage\":\"hu\",\"potentialAction\":[{\"@type\":\"ReadAction\",\"target\":[\"https:\\\/\\\/hotnewsinworld.com\\\/hu\\\/psz-tulterheltek-a-pedagogusok-eloregedik-a-palya\\\/\"]}]},{\"@type\":\"ImageObject\",\"inLanguage\":\"hu\",\"@id\":\"https:\\\/\\\/hotnewsinworld.com\\\/hu\\\/psz-tulterheltek-a-pedagogusok-eloregedik-a-palya\\\/#primaryimage\",\"url\":\"https:\\\/\\\/hotnewsinworld.com\\\/hu\\\/wp-content\\\/uploads\\\/sites\\\/3\\\/2019\\\/05\\\/Bang\u00f3n\u00e9-\u00f6t-legeml\u00e9kezetesebb-villan\u00e1sa-Mandiner.gif\",\"contentUrl\":\"https:\\\/\\\/hotnewsinworld.com\\\/hu\\\/wp-content\\\/uploads\\\/sites\\\/3\\\/2019\\\/05\\\/Bang\u00f3n\u00e9-\u00f6t-legeml\u00e9kezetesebb-villan\u00e1sa-Mandiner.gif\",\"width\":2,\"height\":2,\"caption\":\"Bang\u00f3n\u00e9 \u00f6t legeml\u00e9kezetesebb villan\u00e1sa | Mandiner\"},{\"@type\":\"BreadcrumbList\",\"@id\":\"https:\\\/\\\/hotnewsinworld.com\\\/hu\\\/psz-tulterheltek-a-pedagogusok-eloregedik-a-palya\\\/#breadcrumb\",\"itemListElement\":[{\"@type\":\"ListItem\",\"position\":1,\"name\":\"\u0413\u043b\u0430\u0432\u043d\u0430\u044f \u0441\u0442\u0440\u0430\u043d\u0438\u0446\u0430\",\"item\":\"https:\\\/\\\/hotnewsinworld.com\\\/hu\\\/\"},{\"@type\":\"ListItem\",\"position\":2,\"name\":\"PSZ: T\u00falterheltek a pedag\u00f3gusok, el\u00f6regedik a p\u00e1lya\"}]},{\"@type\":\"WebSite\",\"@id\":\"https:\\\/\\\/hotnewsinworld.com\\\/hu\\\/#website\",\"url\":\"https:\\\/\\\/hotnewsinworld.com\\\/hu\\\/\",\"name\":\"Hot News in World\",\"description\":\"Hot News in World from Hungary\",\"potentialAction\":[{\"@type\":\"SearchAction\",\"target\":{\"@type\":\"EntryPoint\",\"urlTemplate\":\"https:\\\/\\\/hotnewsinworld.com\\\/hu\\\/?s={search_term_string}\"},\"query-input\":{\"@type\":\"PropertyValueSpecification\",\"valueRequired\":true,\"valueName\":\"search_term_string\"}}],\"inLanguage\":\"hu\"},{\"@type\":\"Person\",\"@id\":\"https:\\\/\\\/hotnewsinworld.com\\\/hu\\\/#\\\/schema\\\/person\\\/fe61448b21c0d59086e75fcc1f9d8f6b\",\"name\":\"hotnewsinworld\",\"image\":{\"@type\":\"ImageObject\",\"inLanguage\":\"hu\",\"@id\":\"https:\\\/\\\/secure.gravatar.com\\\/avatar\\\/8a09ac165600ce2e1c38fe593c63928eb1e6e7ba5c5a907d67787c41b3d00c14?s=96&d=mm&r=g\",\"url\":\"https:\\\/\\\/secure.gravatar.com\\\/avatar\\\/8a09ac165600ce2e1c38fe593c63928eb1e6e7ba5c5a907d67787c41b3d00c14?s=96&d=mm&r=g\",\"contentUrl\":\"https:\\\/\\\/secure.gravatar.com\\\/avatar\\\/8a09ac165600ce2e1c38fe593c63928eb1e6e7ba5c5a907d67787c41b3d00c14?s=96&d=mm&r=g\",\"caption\":\"hotnewsinworld\"},\"url\":\"https:\\\/\\\/hotnewsinworld.com\\\/hu\\\/author\\\/pt\\\/\"}]}<\/script>\n<!-- \/ Yoast SEO plugin. -->","yoast_head_json":{"title":"PSZ: T\u00falterheltek a pedag\u00f3gusok, el\u00f6regedik a p\u00e1lya - Hot News in World","robots":{"index":"index","follow":"follow","max-snippet":"max-snippet:-1","max-image-preview":"max-image-preview:large","max-video-preview":"max-video-preview:-1"},"canonical":"https:\/\/hotnewsinworld.com\/hu\/psz-tulterheltek-a-pedagogusok-eloregedik-a-palya\/","og_locale":"hu_HU","og_type":"article","og_title":"PSZ: T\u00falterheltek a pedag\u00f3gusok, el\u00f6regedik a p\u00e1lya - Hot News in World","og_description":"[ad_1] 2019. augusztus 30. 11:44 Szab\u00f3 Zsuzsa szerint ilyen \u00e1llapotban, ilyen t\u00falterhel\u00e9s mellett pedag\u00f3gusokkal tan\u00e9vet kezdeni nem lehet. A pedag\u00f3gusok t\u00falterhelts\u00e9g\u00e9re \u00e9s a p\u00e1lya el\u00f6reged\u00e9s\u00e9re figyelmeztetett Szab\u00f3 Zsuzsa, a Pedag\u00f3gusok Szakszervezet\u00e9nek (PSZ) eln\u00f6ke a t\u00f6m\u00f6r\u00fcl\u00e9s p\u00e9nteki budapesti tan\u00e9vnyit\u00f3 sajt\u00f3t\u00e1j\u00e9koztat\u00f3j\u00e1n. Az \u00e9rdekv\u00e9delmi t\u00f6m\u00f6r\u00fcl\u00e9s vezet\u0151je kifejtette: az elm\u00falt tan\u00e9vben a PSZ hat h\u00f3napon \u00e1t k\u00fczd\u00f6tt a b\u00e9remel\u00e9s\u00e9rt, [&hellip;]","og_url":"https:\/\/hotnewsinworld.com\/hu\/psz-tulterheltek-a-pedagogusok-eloregedik-a-palya\/","og_site_name":"Hot News in World","article_published_time":"2019-08-30T09:58:03+00:00","article_modified_time":"2019-08-30T09:58:04+00:00","og_image":[{"width":2,"height":2,"url":"https:\/\/hotnewsinworld.com\/hu\/wp-content\/uploads\/sites\/3\/2019\/05\/Bang\u00f3n\u00e9-\u00f6t-legeml\u00e9kezetesebb-villan\u00e1sa-Mandiner.gif","type":"image\/gif"}],"author":"hotnewsinworld","twitter_card":"summary_large_image","twitter_misc":{"Szerz\u0151:":"hotnewsinworld","Becs\u00fclt olvas\u00e1si id\u0151":"3 perc"},"schema":{"@context":"https:\/\/schema.org","@graph":[{"@type":"Article","@id":"https:\/\/hotnewsinworld.com\/hu\/psz-tulterheltek-a-pedagogusok-eloregedik-a-palya\/#article","isPartOf":{"@id":"https:\/\/hotnewsinworld.com\/hu\/psz-tulterheltek-a-pedagogusok-eloregedik-a-palya\/"},"author":{"name":"hotnewsinworld","@id":"https:\/\/hotnewsinworld.com\/hu\/#\/schema\/person\/fe61448b21c0d59086e75fcc1f9d8f6b"},"headline":"PSZ: T\u00falterheltek a pedag\u00f3gusok, el\u00f6regedik a p\u00e1lya","datePublished":"2019-08-30T09:58:03+00:00","dateModified":"2019-08-30T09:58:04+00:00","mainEntityOfPage":{"@id":"https:\/\/hotnewsinworld.com\/hu\/psz-tulterheltek-a-pedagogusok-eloregedik-a-palya\/"},"wordCount":704,"commentCount":0,"image":{"@id":"https:\/\/hotnewsinworld.com\/hu\/psz-tulterheltek-a-pedagogusok-eloregedik-a-palya\/#primaryimage"},"thumbnailUrl":"https:\/\/hotnewsinworld.com\/hu\/wp-content\/uploads\/sites\/3\/2019\/05\/Bang\u00f3n\u00e9-\u00f6t-legeml\u00e9kezetesebb-villan\u00e1sa-Mandiner.gif","articleSection":["LEG\u00daJABB P\u00c9NZ\u00dcGYI H\u00cdREK"],"inLanguage":"hu","potentialAction":[{"@type":"CommentAction","name":"Comment","target":["https:\/\/hotnewsinworld.com\/hu\/psz-tulterheltek-a-pedagogusok-eloregedik-a-palya\/#respond"]}]},{"@type":"WebPage","@id":"https:\/\/hotnewsinworld.com\/hu\/psz-tulterheltek-a-pedagogusok-eloregedik-a-palya\/","url":"https:\/\/hotnewsinworld.com\/hu\/psz-tulterheltek-a-pedagogusok-eloregedik-a-palya\/","name":"PSZ: T\u00falterheltek a pedag\u00f3gusok, el\u00f6regedik a p\u00e1lya - Hot News in World","isPartOf":{"@id":"https:\/\/hotnewsinworld.com\/hu\/#website"},"primaryImageOfPage":{"@id":"https:\/\/hotnewsinworld.com\/hu\/psz-tulterheltek-a-pedagogusok-eloregedik-a-palya\/#primaryimage"},"image":{"@id":"https:\/\/hotnewsinworld.com\/hu\/psz-tulterheltek-a-pedagogusok-eloregedik-a-palya\/#primaryimage"},"thumbnailUrl":"https:\/\/hotnewsinworld.com\/hu\/wp-content\/uploads\/sites\/3\/2019\/05\/Bang\u00f3n\u00e9-\u00f6t-legeml\u00e9kezetesebb-villan\u00e1sa-Mandiner.gif","datePublished":"2019-08-30T09:58:03+00:00","dateModified":"2019-08-30T09:58:04+00:00","author":{"@id":"https:\/\/hotnewsinworld.com\/hu\/#\/schema\/person\/fe61448b21c0d59086e75fcc1f9d8f6b"},"breadcrumb":{"@id":"https:\/\/hotnewsinworld.com\/hu\/psz-tulterheltek-a-pedagogusok-eloregedik-a-palya\/#breadcrumb"},"inLanguage":"hu","potentialAction":[{"@type":"ReadAction","target":["https:\/\/hotnewsinworld.com\/hu\/psz-tulterheltek-a-pedagogusok-eloregedik-a-palya\/"]}]},{"@type":"ImageObject","inLanguage":"hu","@id":"https:\/\/hotnewsinworld.com\/hu\/psz-tulterheltek-a-pedagogusok-eloregedik-a-palya\/#primaryimage","url":"https:\/\/hotnewsinworld.com\/hu\/wp-content\/uploads\/sites\/3\/2019\/05\/Bang\u00f3n\u00e9-\u00f6t-legeml\u00e9kezetesebb-villan\u00e1sa-Mandiner.gif","contentUrl":"https:\/\/hotnewsinworld.com\/hu\/wp-content\/uploads\/sites\/3\/2019\/05\/Bang\u00f3n\u00e9-\u00f6t-legeml\u00e9kezetesebb-villan\u00e1sa-Mandiner.gif","width":2,"height":2,"caption":"Bang\u00f3n\u00e9 \u00f6t legeml\u00e9kezetesebb villan\u00e1sa | Mandiner"},{"@type":"BreadcrumbList","@id":"https:\/\/hotnewsinworld.com\/hu\/psz-tulterheltek-a-pedagogusok-eloregedik-a-palya\/#breadcrumb","itemListElement":[{"@type":"ListItem","position":1,"name":"\u0413\u043b\u0430\u0432\u043d\u0430\u044f \u0441\u0442\u0440\u0430\u043d\u0438\u0446\u0430","item":"https:\/\/hotnewsinworld.com\/hu\/"},{"@type":"ListItem","position":2,"name":"PSZ: T\u00falterheltek a pedag\u00f3gusok, el\u00f6regedik a p\u00e1lya"}]},{"@type":"WebSite","@id":"https:\/\/hotnewsinworld.com\/hu\/#website","url":"https:\/\/hotnewsinworld.com\/hu\/","name":"Hot News in World","description":"Hot News in World from Hungary","potentialAction":[{"@type":"SearchAction","target":{"@type":"EntryPoint","urlTemplate":"https:\/\/hotnewsinworld.com\/hu\/?s={search_term_string}"},"query-input":{"@type":"PropertyValueSpecification","valueRequired":true,"valueName":"search_term_string"}}],"inLanguage":"hu"},{"@type":"Person","@id":"https:\/\/hotnewsinworld.com\/hu\/#\/schema\/person\/fe61448b21c0d59086e75fcc1f9d8f6b","name":"hotnewsinworld","image":{"@type":"ImageObject","inLanguage":"hu","@id":"https:\/\/secure.gravatar.com\/avatar\/8a09ac165600ce2e1c38fe593c63928eb1e6e7ba5c5a907d67787c41b3d00c14?s=96&d=mm&r=g","url":"https:\/\/secure.gravatar.com\/avatar\/8a09ac165600ce2e1c38fe593c63928eb1e6e7ba5c5a907d67787c41b3d00c14?s=96&d=mm&r=g","contentUrl":"https:\/\/secure.gravatar.com\/avatar\/8a09ac165600ce2e1c38fe593c63928eb1e6e7ba5c5a907d67787c41b3d00c14?s=96&d=mm&r=g","caption":"hotnewsinworld"},"url":"https:\/\/hotnewsinworld.com\/hu\/author\/pt\/"}]}},"_links":{"self":[{"href":"https:\/\/hotnewsinworld.com\/hu\/wp-json\/wp\/v2\/posts\/1396","targetHints":{"allow":["GET"]}}],"collection":[{"href":"https:\/\/hotnewsinworld.com\/hu\/wp-json\/wp\/v2\/posts"}],"about":[{"href":"https:\/\/hotnewsinworld.com\/hu\/wp-json\/wp\/v2\/types\/post"}],"author":[{"embeddable":true,"href":"https:\/\/hotnewsinworld.com\/hu\/wp-json\/wp\/v2\/users\/2"}],"replies":[{"embeddable":true,"href":"https:\/\/hotnewsinworld.com\/hu\/wp-json\/wp\/v2\/comments?post=1396"}],"version-history":[{"count":1,"href":"https:\/\/hotnewsinworld.com\/hu\/wp-json\/wp\/v2\/posts\/1396\/revisions"}],"predecessor-version":[{"id":1397,"href":"https:\/\/hotnewsinworld.com\/hu\/wp-json\/wp\/v2\/posts\/1396\/revisions\/1397"}],"wp:featuredmedia":[{"embeddable":true,"href":"https:\/\/hotnewsinworld.com\/hu\/wp-json\/wp\/v2\/media\/69"}],"wp:attachment":[{"href":"https:\/\/hotnewsinworld.com\/hu\/wp-json\/wp\/v2\/media?parent=1396"}],"wp:term":[{"taxonomy":"category","embeddable":true,"href":"https:\/\/hotnewsinworld.com\/hu\/wp-json\/wp\/v2\/categories?post=1396"},{"taxonomy":"post_tag","embeddable":true,"href":"https:\/\/hotnewsinworld.com\/hu\/wp-json\/wp\/v2\/tags?post=1396"}],"curies":[{"name":"wp","href":"https:\/\/api.w.org\/{rel}","templated":true}]}}