{"id":1401,"date":"2019-08-30T16:53:11","date_gmt":"2019-08-30T13:53:11","guid":{"rendered":"https:\/\/hotnewsinworld.com\/hu\/az-ellenzek-az-alkotmanybirosaghoz-fordul-a-koznevelesi-torveny-modositasa-miatt\/"},"modified":"2019-08-30T16:53:12","modified_gmt":"2019-08-30T13:53:12","slug":"az-ellenzek-az-alkotmanybirosaghoz-fordul-a-koznevelesi-torveny-modositasa-miatt","status":"publish","type":"post","link":"https:\/\/hotnewsinworld.com\/hu\/az-ellenzek-az-alkotmanybirosaghoz-fordul-a-koznevelesi-torveny-modositasa-miatt\/","title":{"rendered":"Az ellenz\u00e9k az Alkotm\u00e1nyb\u00edr\u00f3s\u00e1ghoz fordul a k\u00f6znevel\u00e9si t\u00f6rv\u00e9ny m\u00f3dos\u00edt\u00e1sa miatt"},"content":{"rendered":"<p> [ad_1]<br \/>\n<\/p>\n<div>\n<p>K\u00f6z\u00f6s beadv\u00e1nyban az Alkotm\u00e1nyb\u00edr\u00f3s\u00e1ghoz fordul \u00f6t ellenz\u00e9ki frakci\u00f3 a k\u00f6znevel\u00e9si t\u00f6rv\u00e9ny m\u00f3dos\u00edt\u00e1sa miatt, err\u0151l Kunhalmi \u00c1gnes (MSZP), Arat\u00f3 Gergely (DK), Brenner Koloman (Jobbik) \u00e9s Tordai Bence (P\u00e1rbesz\u00e9d) tartott sajt\u00f3t\u00e1j\u00e9koztat\u00f3t. A beadv\u00e1ny r\u00e9szletezi, mi\u00e9rt alkotm\u00e1nys\u00e9rt\u0151ek az egyes m\u00f3dos\u00edt\u00e1sok, \u00e9s azt k\u00e9rik, az Alkotm\u00e1nyb\u00edr\u00f3s\u00e1g semmis\u00edtse meg ezeket.<\/p>\n<p>A szocialista Kunhalmi \u00c1gnes azt mondta, hogy a t\u00f6rv\u00e9ny szellemis\u00e9ge is alkotm\u00e1nys\u00e9rt\u0151 \u00e9s a jogszab\u00e1ly nagyon sok ponton nem tartja be a jog\u00e1llamis\u00e1g k\u00f6vetelm\u00e9nyeit. Kiemelte, hogy t\u00f6bbek k\u00f6z\u00f6tt s\u00e9r\u00fcl az inform\u00e1ci\u00f3s szabads\u00e1ghoz val\u00f3 jog, a v\u00e9lem\u00e9nynyilv\u00e1n\u00edt\u00e1s szabads\u00e1ga \u00e9s a gyermekek m\u0171vel\u0151d\u00e9shez val\u00f3 joga. Nem felel meg tov\u00e1bb\u00e1 a t\u00f6rv\u00e9ny a h\u00e1tr\u00e1nyos megk\u00fcl\u00f6nb\u00f6ztet\u00e9s tilalm\u00e1nak \u00e9s az egyenl\u0151 b\u00e1n\u00e1sm\u00f3d k\u00f6vetelm\u00e9ny\u00e9t.<\/p>\n<p>A politikus k\u00fcl\u00f6n nehezm\u00e9nyezte, hogy ezent\u00fal hat\u00e9ves korban k\u00f6telez\u0151 lesz beiskol\u00e1zni a gyermekeket. Hangs\u00falyozta, hogy eddig a szakemberek &#8211; \u00e9s a sz\u00fcl\u0151k egy\u00fctt &#8211; d\u00f6nt\u00f6ttek az iskola\u00e9retts\u00e9gr\u0151l, \u00e9s a nem megfelel\u0151 id\u0151pontban iskol\u00e1ba ker\u00fcl\u0151 gyermek eg\u00e9sz \u00e9let\u00e9re kihat\u00f3 s\u00e9r\u00fcl\u00e9seket szenvedhet, valamint az iskol\u00e1knak is neh\u00e9zs\u00e9get okozhat.<\/p>\n<p>Kunhalmi \u00c1gnes egy\u00fattal felsz\u00f3l\u00edtotta az Orsz\u00e1ggy\u0171l\u00e9st, hogy tegyen eleget egy kor\u00e1bbi alkotm\u00e1nyb\u00edr\u00f3s\u00e1gi hat\u00e1rozatnak \u00e9s alak\u00edtsa ki a beilleszked\u00e9si, tanul\u00e1si \u00e9s magatart\u00e1si neh\u00e9zs\u00e9gekkel k\u00fczd\u0151 gyermekekre vonatkoz\u00f3, az egy\u00e9ni szempontok m\u00e9rlegel\u00e9s\u00e9t is lehet\u0151v\u00e9 tev\u0151 szab\u00e1lyoz\u00e1st. \u00dagy v\u00e9lte, ezzel az Orsz\u00e1ggy\u0171l\u00e9s alkotm\u00e1nyos mulaszt\u00e1st k\u00f6vetett el.<\/p>\n<h3 class=\"subtitle\">&#8222;A t\u00f6rv\u00e9ny kiveszi a d\u00f6nt\u00e9si jogot a sz\u00fcl\u0151k \u00e9s a pedag\u00f3gusok kez\u00e9b\u0151l&#8221;<\/h3>\n<p>Arat\u00f3 Gergely, a DK frakci\u00f3vezet\u0151-helyettese lesz\u00f6gezte, hogy a tanul\u00e1shoz \u00e9s a gyermekek nevel\u00e9si m\u00f3dj\u00e1nak megv\u00e1laszt\u00e1s\u00e1hoz f\u0171z\u0151d\u0151 jogok alkotm\u00e1nyos alapjogok. Az ellenz\u00e9k az\u00e9rt fordul az Alkotm\u00e1nyb\u00edr\u00f3s\u00e1ghoz, mert \u00fagy \u00e9rzi, hogy ezek a jogok s\u00e9r\u00fclnek &#8211; jelentette ki.<\/p>\n<p>A t\u00f6rv\u00e9ny alapj\u00e1n a sz\u00fcl\u0151k nem d\u00f6nthetn\u00e9nek arr\u00f3l, hogy hogyan tan\u00edttass\u00e1k gyermekeiket, ahogy a tan\u00e1roknak sem arr\u00f3l, hogy milyen tanul\u00e1si m\u00f3dokat javasolnak, hogyan gyakorolj\u00e1k a szakm\u00e1jukat &#8211; mondta.<\/p>\n<blockquote><p>A szab\u00e1lyoz\u00e1s jelent\u0151sen cs\u00f6kkenti az alap\u00edtv\u00e1nyi \u00e9s mag\u00e1niskol\u00e1k jog\u00e1t arra, hogy megv\u00e1lassz\u00e1k a saj\u00e1t pedag\u00f3giai programjukat<\/p><\/blockquote>\n<p>&#8211; b\u00edr\u00e1lt a politikus, aki szerint ezzel elv\u00e9sz az alternat\u00edv oktat\u00e1s l\u00e9nyege. Azt hangs\u00falyozta, hogy \u00edgy a k\u00f6zoktat\u00e1sban is rosszul m\u0171k\u00f6d\u0151 el\u0151\u00edr\u00e1sokat er\u0151ltetnek az alternat\u00edv iskol\u00e1kra, amelyeket egy\u00e9bk\u00e9nt egyre t\u00f6bb sz\u00fcl\u0151 v\u00e1laszt.<\/p>\n<p>Sz\u00f3t emelt a mag\u00e1ntanul\u00f3i rendszer megv\u00e1ltoztat\u00e1sa ellen is.<\/p>\n<h3 class=\"subtitle\">&#8222;Az int\u00e9zm\u00e9nyvezet\u0151k lesz\u0171k\u00edtett jogk\u00f6re is tov\u00e1bb cs\u00f6kken&#8221;<\/h3>\n<p>Brenner Koloman, a Jobbik frakci\u00f3vezet\u0151-helyettese kijelentette, a m\u00f3dos\u00edt\u00e1sban komoly jogs\u00e9relmek vannak, p\u00e9ld\u00e1ul<\/p>\n<blockquote><p>a t\u00f6rv\u00e9nym\u00f3dos\u00edt\u00e1s elveszi annak jog\u00e1t a sz\u00fcl\u0151kt\u0151l, a pedag\u00f3gusokt\u00f3l \u00e9s a di\u00e1kokt\u00f3l, hogy belesz\u00f3lhassanak a k\u00f6zoktat\u00e1s rendszer\u00e9be.<\/p><\/blockquote>\n<p>Hangs\u00falyozta, hogy az int\u00e9zm\u00e9nyvezet\u0151k megv\u00e1laszt\u00e1sa sor\u00e1n a tantest\u00fcletnek \u00e9s a di\u00e1k\u00f6nkorm\u00e1nyzatnak eddig is csak v\u00e9lem\u00e9nyez\u00e9si joga volt, de most ezt is elt\u00f6rlik.<\/p>\n<h3 class=\"subtitle\">&#8222;R\u00f6vid hat\u00e1rid\u0151, roml\u00f3 tank\u00f6nyvpiac, az SNI-s gyerekek kimaradtak&#8221;<\/h3>\n<p>Han\u00e1k G\u00e1bor, az LMP eln\u00f6ks\u00e9gi tagja azt mondta, vannak alkotm\u00e1nyoss\u00e1gi elj\u00e1r\u00e1sjogi agg\u00e1lyok is, a felk\u00e9sz\u00fcl\u00e9sre ugyanis rendk\u00edv\u00fcl r\u00f6vid hat\u00e1rid\u0151t szabott a jogalkot\u00f3, hiszen n\u00e9h\u00e1ny rendelkez\u00e9s m\u00e1r a k\u00f6vetkez\u0151 tan\u00e9vben, n\u00e9h\u00e1ny nap m\u00falva \u00e9letbe l\u00e9p.<\/p>\n<p>Arr\u00f3l is besz\u00e9lt, hogy a jogszab\u00e1ly s\u00e9rti a gyermekek megfelel\u0151 fejl\u0151d\u00e9shez val\u00f3 jog\u00e1t. P\u00e9ldak\u00e9nt eml\u00edtette, hogy a d\u00f6nt\u00e9shoz\u00f3k tov\u00e1bb k\u00f6zpontos\u00edtj\u00e1k a tank\u00f6nyvpiacot, aminek min\u0151s\u00e9ge emiatt \u00e9rz\u00e9kelhet\u0151en romlik. A politikus is kit\u00e9rt arra, hogy<\/p>\n<blockquote><p>nem k\u00e9sz\u00fclt el a saj\u00e1tos nevel\u00e9si ig\u00e9ny\u0171 gyermekekre vonatkoz\u00f3 szab\u00e1lyoz\u00e1s, mert ezek a gyermekek &#8222;gyakorlatilag nem l\u00e9tez\u0151ek a korm\u00e1ny sz\u00e1m\u00e1ra&#8221;.<\/p><\/blockquote>\n<p>Kiemelte: ez k\u00e1ros a gyerekekre n\u00e9zve, a csal\u00e1djaikat is neh\u00e9z helyzetbe hozza, \u00e9s a t\u00e1rsadalom is vesz\u00edt a nem megfelel\u0151en seg\u00edtett gyerekek fejleszt\u00e9s\u00e9nek elmarad\u00e1s\u00e1val. A gyerekek elt\u00e9r\u0151ek, \u00e9s joguk van ahhoz, hogy ehhez alkalmazkod\u00f3 oktat\u00e1sban r\u00e9szes\u00fclhessenek.<\/p>\n<h3 class=\"subtitle\">Cs\u00f6kkent\u00e9s helyett n\u00f6velik az egyenl\u0151tlens\u00e9get<\/h3>\n<p>Tordai Bence, a P\u00e1rbesz\u00e9d politikusa arr\u00f3l besz\u00e9lt, hogy a Fidesz kor\u00e1bban megszerzett jogokat vesz el \u00e9s lerontja a magyar oktat\u00e1si rendszert.<\/p>\n<p>A korm\u00e1ny rossz ir\u00e1nyba vezeti az iskolarendszert, ami nem cs\u00f6kkenti, hanem n\u00f6veli a t\u00e1rsadalmi egyenl\u0151tlens\u00e9geket &#8211; mondta a k\u00e9pvisel\u0151.<\/p>\n<p>Nyit\u00f3k\u00e9p: Pixabay<\/p>\n<\/p><\/div>\n<p><script>\n(function(d, s, id) {\n\tvar js, fjs = d.getElementsByTagName(s)[0];\n\tif (d.getElementById(id)) return;\n\tjs = d.createElement(s); js.id = id;\n\tjs.src = \"http:\/\/connect.facebook.net\/hu_HU\/sdk.js#version=v2.0&xfbml=1&appId=\";\n\tfjs.parentNode.insertBefore(js, fjs);\n}(document, 'script', 'facebook-jssdk'));\n<\/script><br \/>\n<br \/>[ad_2]<br \/>\n<br \/><a href=\"https:\/\/hirek.oldal.info\/rssclick\/14356851\">Source link <\/a><\/p>\n","protected":false},"excerpt":{"rendered":"<p>[ad_1] K\u00f6z\u00f6s beadv\u00e1nyban az Alkotm\u00e1nyb\u00edr\u00f3s\u00e1ghoz fordul \u00f6t ellenz\u00e9ki frakci\u00f3 a k\u00f6znevel\u00e9si t\u00f6rv\u00e9ny m\u00f3dos\u00edt\u00e1sa miatt, err\u0151l Kunhalmi \u00c1gnes (MSZP), Arat\u00f3 Gergely (DK), Brenner Koloman (Jobbik) \u00e9s Tordai Bence (P\u00e1rbesz\u00e9d) tartott sajt\u00f3t\u00e1j\u00e9koztat\u00f3t. A beadv\u00e1ny r\u00e9szletezi, mi\u00e9rt alkotm\u00e1nys\u00e9rt\u0151ek az egyes m\u00f3dos\u00edt\u00e1sok, \u00e9s azt k\u00e9rik, az Alkotm\u00e1nyb\u00edr\u00f3s\u00e1g semmis\u00edtse meg ezeket. A szocialista Kunhalmi \u00c1gnes azt mondta, hogy a t\u00f6rv\u00e9ny [&hellip;]<\/p>\n","protected":false},"author":2,"featured_media":1402,"comment_status":"open","ping_status":"open","sticky":false,"template":"","format":"standard","meta":{"footnotes":""},"categories":[1],"tags":[],"class_list":["post-1401","post","type-post","status-publish","format-standard","has-post-thumbnail","hentry","category-legujabb-penzugyi-hirek"],"yoast_head":"<!-- This site is optimized with the Yoast SEO plugin v27.4 - https:\/\/yoast.com\/product\/yoast-seo-wordpress\/ -->\n<title>Az ellenz\u00e9k az Alkotm\u00e1nyb\u00edr\u00f3s\u00e1ghoz fordul a k\u00f6znevel\u00e9si t\u00f6rv\u00e9ny m\u00f3dos\u00edt\u00e1sa miatt - Hot News in World<\/title>\n<meta name=\"robots\" content=\"index, follow, max-snippet:-1, max-image-preview:large, max-video-preview:-1\" \/>\n<link rel=\"canonical\" href=\"https:\/\/hotnewsinworld.com\/hu\/az-ellenzek-az-alkotmanybirosaghoz-fordul-a-koznevelesi-torveny-modositasa-miatt\/\" \/>\n<meta property=\"og:locale\" content=\"hu_HU\" \/>\n<meta property=\"og:type\" content=\"article\" \/>\n<meta property=\"og:title\" content=\"Az ellenz\u00e9k az Alkotm\u00e1nyb\u00edr\u00f3s\u00e1ghoz fordul a k\u00f6znevel\u00e9si t\u00f6rv\u00e9ny m\u00f3dos\u00edt\u00e1sa miatt - Hot News in World\" \/>\n<meta property=\"og:description\" content=\"[ad_1] K\u00f6z\u00f6s beadv\u00e1nyban az Alkotm\u00e1nyb\u00edr\u00f3s\u00e1ghoz fordul \u00f6t ellenz\u00e9ki frakci\u00f3 a k\u00f6znevel\u00e9si t\u00f6rv\u00e9ny m\u00f3dos\u00edt\u00e1sa miatt, err\u0151l Kunhalmi \u00c1gnes (MSZP), Arat\u00f3 Gergely (DK), Brenner Koloman (Jobbik) \u00e9s Tordai Bence (P\u00e1rbesz\u00e9d) tartott sajt\u00f3t\u00e1j\u00e9koztat\u00f3t. A beadv\u00e1ny r\u00e9szletezi, mi\u00e9rt alkotm\u00e1nys\u00e9rt\u0151ek az egyes m\u00f3dos\u00edt\u00e1sok, \u00e9s azt k\u00e9rik, az Alkotm\u00e1nyb\u00edr\u00f3s\u00e1g semmis\u00edtse meg ezeket. A szocialista Kunhalmi \u00c1gnes azt mondta, hogy a t\u00f6rv\u00e9ny [&hellip;]\" \/>\n<meta property=\"og:url\" content=\"https:\/\/hotnewsinworld.com\/hu\/az-ellenzek-az-alkotmanybirosaghoz-fordul-a-koznevelesi-torveny-modositasa-miatt\/\" \/>\n<meta property=\"og:site_name\" content=\"Hot News in World\" \/>\n<meta property=\"article:published_time\" content=\"2019-08-30T13:53:11+00:00\" \/>\n<meta property=\"article:modified_time\" content=\"2019-08-30T13:53:12+00:00\" \/>\n<meta property=\"og:image\" content=\"https:\/\/hotnewsinworld.com\/hu\/wp-content\/uploads\/sites\/3\/2019\/08\/Az-ellenz\u00e9k-az-Alkotm\u00e1nyb\u00edr\u00f3s\u00e1ghoz-fordul-a-k\u00f6znevel\u00e9si-t\u00f6rv\u00e9ny-m\u00f3dos\u00edt\u00e1sa-miatt.jpg\" \/>\n\t<meta property=\"og:image:width\" content=\"960\" \/>\n\t<meta property=\"og:image:height\" content=\"540\" \/>\n\t<meta property=\"og:image:type\" content=\"image\/jpeg\" \/>\n<meta name=\"author\" content=\"hotnewsinworld\" \/>\n<meta name=\"twitter:card\" content=\"summary_large_image\" \/>\n<meta name=\"twitter:label1\" content=\"Szerz\u0151:\" \/>\n\t<meta name=\"twitter:data1\" content=\"hotnewsinworld\" \/>\n\t<meta name=\"twitter:label2\" content=\"Becs\u00fclt olvas\u00e1si id\u0151\" \/>\n\t<meta name=\"twitter:data2\" content=\"5 perc\" \/>\n<script type=\"application\/ld+json\" class=\"yoast-schema-graph\">{\"@context\":\"https:\\\/\\\/schema.org\",\"@graph\":[{\"@type\":\"Article\",\"@id\":\"https:\\\/\\\/hotnewsinworld.com\\\/hu\\\/az-ellenzek-az-alkotmanybirosaghoz-fordul-a-koznevelesi-torveny-modositasa-miatt\\\/#article\",\"isPartOf\":{\"@id\":\"https:\\\/\\\/hotnewsinworld.com\\\/hu\\\/az-ellenzek-az-alkotmanybirosaghoz-fordul-a-koznevelesi-torveny-modositasa-miatt\\\/\"},\"author\":{\"name\":\"hotnewsinworld\",\"@id\":\"https:\\\/\\\/hotnewsinworld.com\\\/hu\\\/#\\\/schema\\\/person\\\/fe61448b21c0d59086e75fcc1f9d8f6b\"},\"headline\":\"Az ellenz\u00e9k az Alkotm\u00e1nyb\u00edr\u00f3s\u00e1ghoz fordul a k\u00f6znevel\u00e9si t\u00f6rv\u00e9ny m\u00f3dos\u00edt\u00e1sa miatt\",\"datePublished\":\"2019-08-30T13:53:11+00:00\",\"dateModified\":\"2019-08-30T13:53:12+00:00\",\"mainEntityOfPage\":{\"@id\":\"https:\\\/\\\/hotnewsinworld.com\\\/hu\\\/az-ellenzek-az-alkotmanybirosaghoz-fordul-a-koznevelesi-torveny-modositasa-miatt\\\/\"},\"wordCount\":961,\"commentCount\":0,\"image\":{\"@id\":\"https:\\\/\\\/hotnewsinworld.com\\\/hu\\\/az-ellenzek-az-alkotmanybirosaghoz-fordul-a-koznevelesi-torveny-modositasa-miatt\\\/#primaryimage\"},\"thumbnailUrl\":\"https:\\\/\\\/hotnewsinworld.com\\\/hu\\\/wp-content\\\/uploads\\\/sites\\\/3\\\/2019\\\/08\\\/Az-ellenz\u00e9k-az-Alkotm\u00e1nyb\u00edr\u00f3s\u00e1ghoz-fordul-a-k\u00f6znevel\u00e9si-t\u00f6rv\u00e9ny-m\u00f3dos\u00edt\u00e1sa-miatt.jpg\",\"articleSection\":[\"LEG\u00daJABB P\u00c9NZ\u00dcGYI H\u00cdREK\"],\"inLanguage\":\"hu\",\"potentialAction\":[{\"@type\":\"CommentAction\",\"name\":\"Comment\",\"target\":[\"https:\\\/\\\/hotnewsinworld.com\\\/hu\\\/az-ellenzek-az-alkotmanybirosaghoz-fordul-a-koznevelesi-torveny-modositasa-miatt\\\/#respond\"]}]},{\"@type\":\"WebPage\",\"@id\":\"https:\\\/\\\/hotnewsinworld.com\\\/hu\\\/az-ellenzek-az-alkotmanybirosaghoz-fordul-a-koznevelesi-torveny-modositasa-miatt\\\/\",\"url\":\"https:\\\/\\\/hotnewsinworld.com\\\/hu\\\/az-ellenzek-az-alkotmanybirosaghoz-fordul-a-koznevelesi-torveny-modositasa-miatt\\\/\",\"name\":\"Az ellenz\u00e9k az Alkotm\u00e1nyb\u00edr\u00f3s\u00e1ghoz fordul a k\u00f6znevel\u00e9si t\u00f6rv\u00e9ny m\u00f3dos\u00edt\u00e1sa miatt - Hot News in World\",\"isPartOf\":{\"@id\":\"https:\\\/\\\/hotnewsinworld.com\\\/hu\\\/#website\"},\"primaryImageOfPage\":{\"@id\":\"https:\\\/\\\/hotnewsinworld.com\\\/hu\\\/az-ellenzek-az-alkotmanybirosaghoz-fordul-a-koznevelesi-torveny-modositasa-miatt\\\/#primaryimage\"},\"image\":{\"@id\":\"https:\\\/\\\/hotnewsinworld.com\\\/hu\\\/az-ellenzek-az-alkotmanybirosaghoz-fordul-a-koznevelesi-torveny-modositasa-miatt\\\/#primaryimage\"},\"thumbnailUrl\":\"https:\\\/\\\/hotnewsinworld.com\\\/hu\\\/wp-content\\\/uploads\\\/sites\\\/3\\\/2019\\\/08\\\/Az-ellenz\u00e9k-az-Alkotm\u00e1nyb\u00edr\u00f3s\u00e1ghoz-fordul-a-k\u00f6znevel\u00e9si-t\u00f6rv\u00e9ny-m\u00f3dos\u00edt\u00e1sa-miatt.jpg\",\"datePublished\":\"2019-08-30T13:53:11+00:00\",\"dateModified\":\"2019-08-30T13:53:12+00:00\",\"author\":{\"@id\":\"https:\\\/\\\/hotnewsinworld.com\\\/hu\\\/#\\\/schema\\\/person\\\/fe61448b21c0d59086e75fcc1f9d8f6b\"},\"breadcrumb\":{\"@id\":\"https:\\\/\\\/hotnewsinworld.com\\\/hu\\\/az-ellenzek-az-alkotmanybirosaghoz-fordul-a-koznevelesi-torveny-modositasa-miatt\\\/#breadcrumb\"},\"inLanguage\":\"hu\",\"potentialAction\":[{\"@type\":\"ReadAction\",\"target\":[\"https:\\\/\\\/hotnewsinworld.com\\\/hu\\\/az-ellenzek-az-alkotmanybirosaghoz-fordul-a-koznevelesi-torveny-modositasa-miatt\\\/\"]}]},{\"@type\":\"ImageObject\",\"inLanguage\":\"hu\",\"@id\":\"https:\\\/\\\/hotnewsinworld.com\\\/hu\\\/az-ellenzek-az-alkotmanybirosaghoz-fordul-a-koznevelesi-torveny-modositasa-miatt\\\/#primaryimage\",\"url\":\"https:\\\/\\\/hotnewsinworld.com\\\/hu\\\/wp-content\\\/uploads\\\/sites\\\/3\\\/2019\\\/08\\\/Az-ellenz\u00e9k-az-Alkotm\u00e1nyb\u00edr\u00f3s\u00e1ghoz-fordul-a-k\u00f6znevel\u00e9si-t\u00f6rv\u00e9ny-m\u00f3dos\u00edt\u00e1sa-miatt.jpg\",\"contentUrl\":\"https:\\\/\\\/hotnewsinworld.com\\\/hu\\\/wp-content\\\/uploads\\\/sites\\\/3\\\/2019\\\/08\\\/Az-ellenz\u00e9k-az-Alkotm\u00e1nyb\u00edr\u00f3s\u00e1ghoz-fordul-a-k\u00f6znevel\u00e9si-t\u00f6rv\u00e9ny-m\u00f3dos\u00edt\u00e1sa-miatt.jpg\",\"width\":960,\"height\":540,\"caption\":\"Az ellenz\u00e9k az Alkotm\u00e1nyb\u00edr\u00f3s\u00e1ghoz fordul a k\u00f6znevel\u00e9si t\u00f6rv\u00e9ny m\u00f3dos\u00edt\u00e1sa miatt\"},{\"@type\":\"BreadcrumbList\",\"@id\":\"https:\\\/\\\/hotnewsinworld.com\\\/hu\\\/az-ellenzek-az-alkotmanybirosaghoz-fordul-a-koznevelesi-torveny-modositasa-miatt\\\/#breadcrumb\",\"itemListElement\":[{\"@type\":\"ListItem\",\"position\":1,\"name\":\"\u0413\u043b\u0430\u0432\u043d\u0430\u044f \u0441\u0442\u0440\u0430\u043d\u0438\u0446\u0430\",\"item\":\"https:\\\/\\\/hotnewsinworld.com\\\/hu\\\/\"},{\"@type\":\"ListItem\",\"position\":2,\"name\":\"Az ellenz\u00e9k az Alkotm\u00e1nyb\u00edr\u00f3s\u00e1ghoz fordul a k\u00f6znevel\u00e9si t\u00f6rv\u00e9ny m\u00f3dos\u00edt\u00e1sa miatt\"}]},{\"@type\":\"WebSite\",\"@id\":\"https:\\\/\\\/hotnewsinworld.com\\\/hu\\\/#website\",\"url\":\"https:\\\/\\\/hotnewsinworld.com\\\/hu\\\/\",\"name\":\"Hot News in World\",\"description\":\"Hot News in World from Hungary\",\"potentialAction\":[{\"@type\":\"SearchAction\",\"target\":{\"@type\":\"EntryPoint\",\"urlTemplate\":\"https:\\\/\\\/hotnewsinworld.com\\\/hu\\\/?s={search_term_string}\"},\"query-input\":{\"@type\":\"PropertyValueSpecification\",\"valueRequired\":true,\"valueName\":\"search_term_string\"}}],\"inLanguage\":\"hu\"},{\"@type\":\"Person\",\"@id\":\"https:\\\/\\\/hotnewsinworld.com\\\/hu\\\/#\\\/schema\\\/person\\\/fe61448b21c0d59086e75fcc1f9d8f6b\",\"name\":\"hotnewsinworld\",\"image\":{\"@type\":\"ImageObject\",\"inLanguage\":\"hu\",\"@id\":\"https:\\\/\\\/secure.gravatar.com\\\/avatar\\\/8a09ac165600ce2e1c38fe593c63928eb1e6e7ba5c5a907d67787c41b3d00c14?s=96&d=mm&r=g\",\"url\":\"https:\\\/\\\/secure.gravatar.com\\\/avatar\\\/8a09ac165600ce2e1c38fe593c63928eb1e6e7ba5c5a907d67787c41b3d00c14?s=96&d=mm&r=g\",\"contentUrl\":\"https:\\\/\\\/secure.gravatar.com\\\/avatar\\\/8a09ac165600ce2e1c38fe593c63928eb1e6e7ba5c5a907d67787c41b3d00c14?s=96&d=mm&r=g\",\"caption\":\"hotnewsinworld\"},\"url\":\"https:\\\/\\\/hotnewsinworld.com\\\/hu\\\/author\\\/pt\\\/\"}]}<\/script>\n<!-- \/ Yoast SEO plugin. -->","yoast_head_json":{"title":"Az ellenz\u00e9k az Alkotm\u00e1nyb\u00edr\u00f3s\u00e1ghoz fordul a k\u00f6znevel\u00e9si t\u00f6rv\u00e9ny m\u00f3dos\u00edt\u00e1sa miatt - Hot News in World","robots":{"index":"index","follow":"follow","max-snippet":"max-snippet:-1","max-image-preview":"max-image-preview:large","max-video-preview":"max-video-preview:-1"},"canonical":"https:\/\/hotnewsinworld.com\/hu\/az-ellenzek-az-alkotmanybirosaghoz-fordul-a-koznevelesi-torveny-modositasa-miatt\/","og_locale":"hu_HU","og_type":"article","og_title":"Az ellenz\u00e9k az Alkotm\u00e1nyb\u00edr\u00f3s\u00e1ghoz fordul a k\u00f6znevel\u00e9si t\u00f6rv\u00e9ny m\u00f3dos\u00edt\u00e1sa miatt - Hot News in World","og_description":"[ad_1] K\u00f6z\u00f6s beadv\u00e1nyban az Alkotm\u00e1nyb\u00edr\u00f3s\u00e1ghoz fordul \u00f6t ellenz\u00e9ki frakci\u00f3 a k\u00f6znevel\u00e9si t\u00f6rv\u00e9ny m\u00f3dos\u00edt\u00e1sa miatt, err\u0151l Kunhalmi \u00c1gnes (MSZP), Arat\u00f3 Gergely (DK), Brenner Koloman (Jobbik) \u00e9s Tordai Bence (P\u00e1rbesz\u00e9d) tartott sajt\u00f3t\u00e1j\u00e9koztat\u00f3t. A beadv\u00e1ny r\u00e9szletezi, mi\u00e9rt alkotm\u00e1nys\u00e9rt\u0151ek az egyes m\u00f3dos\u00edt\u00e1sok, \u00e9s azt k\u00e9rik, az Alkotm\u00e1nyb\u00edr\u00f3s\u00e1g semmis\u00edtse meg ezeket. A szocialista Kunhalmi \u00c1gnes azt mondta, hogy a t\u00f6rv\u00e9ny [&hellip;]","og_url":"https:\/\/hotnewsinworld.com\/hu\/az-ellenzek-az-alkotmanybirosaghoz-fordul-a-koznevelesi-torveny-modositasa-miatt\/","og_site_name":"Hot News in World","article_published_time":"2019-08-30T13:53:11+00:00","article_modified_time":"2019-08-30T13:53:12+00:00","og_image":[{"width":960,"height":540,"url":"https:\/\/hotnewsinworld.com\/hu\/wp-content\/uploads\/sites\/3\/2019\/08\/Az-ellenz\u00e9k-az-Alkotm\u00e1nyb\u00edr\u00f3s\u00e1ghoz-fordul-a-k\u00f6znevel\u00e9si-t\u00f6rv\u00e9ny-m\u00f3dos\u00edt\u00e1sa-miatt.jpg","type":"image\/jpeg"}],"author":"hotnewsinworld","twitter_card":"summary_large_image","twitter_misc":{"Szerz\u0151:":"hotnewsinworld","Becs\u00fclt olvas\u00e1si id\u0151":"5 perc"},"schema":{"@context":"https:\/\/schema.org","@graph":[{"@type":"Article","@id":"https:\/\/hotnewsinworld.com\/hu\/az-ellenzek-az-alkotmanybirosaghoz-fordul-a-koznevelesi-torveny-modositasa-miatt\/#article","isPartOf":{"@id":"https:\/\/hotnewsinworld.com\/hu\/az-ellenzek-az-alkotmanybirosaghoz-fordul-a-koznevelesi-torveny-modositasa-miatt\/"},"author":{"name":"hotnewsinworld","@id":"https:\/\/hotnewsinworld.com\/hu\/#\/schema\/person\/fe61448b21c0d59086e75fcc1f9d8f6b"},"headline":"Az ellenz\u00e9k az Alkotm\u00e1nyb\u00edr\u00f3s\u00e1ghoz fordul a k\u00f6znevel\u00e9si t\u00f6rv\u00e9ny m\u00f3dos\u00edt\u00e1sa miatt","datePublished":"2019-08-30T13:53:11+00:00","dateModified":"2019-08-30T13:53:12+00:00","mainEntityOfPage":{"@id":"https:\/\/hotnewsinworld.com\/hu\/az-ellenzek-az-alkotmanybirosaghoz-fordul-a-koznevelesi-torveny-modositasa-miatt\/"},"wordCount":961,"commentCount":0,"image":{"@id":"https:\/\/hotnewsinworld.com\/hu\/az-ellenzek-az-alkotmanybirosaghoz-fordul-a-koznevelesi-torveny-modositasa-miatt\/#primaryimage"},"thumbnailUrl":"https:\/\/hotnewsinworld.com\/hu\/wp-content\/uploads\/sites\/3\/2019\/08\/Az-ellenz\u00e9k-az-Alkotm\u00e1nyb\u00edr\u00f3s\u00e1ghoz-fordul-a-k\u00f6znevel\u00e9si-t\u00f6rv\u00e9ny-m\u00f3dos\u00edt\u00e1sa-miatt.jpg","articleSection":["LEG\u00daJABB P\u00c9NZ\u00dcGYI H\u00cdREK"],"inLanguage":"hu","potentialAction":[{"@type":"CommentAction","name":"Comment","target":["https:\/\/hotnewsinworld.com\/hu\/az-ellenzek-az-alkotmanybirosaghoz-fordul-a-koznevelesi-torveny-modositasa-miatt\/#respond"]}]},{"@type":"WebPage","@id":"https:\/\/hotnewsinworld.com\/hu\/az-ellenzek-az-alkotmanybirosaghoz-fordul-a-koznevelesi-torveny-modositasa-miatt\/","url":"https:\/\/hotnewsinworld.com\/hu\/az-ellenzek-az-alkotmanybirosaghoz-fordul-a-koznevelesi-torveny-modositasa-miatt\/","name":"Az ellenz\u00e9k az Alkotm\u00e1nyb\u00edr\u00f3s\u00e1ghoz fordul a k\u00f6znevel\u00e9si t\u00f6rv\u00e9ny m\u00f3dos\u00edt\u00e1sa miatt - Hot News in World","isPartOf":{"@id":"https:\/\/hotnewsinworld.com\/hu\/#website"},"primaryImageOfPage":{"@id":"https:\/\/hotnewsinworld.com\/hu\/az-ellenzek-az-alkotmanybirosaghoz-fordul-a-koznevelesi-torveny-modositasa-miatt\/#primaryimage"},"image":{"@id":"https:\/\/hotnewsinworld.com\/hu\/az-ellenzek-az-alkotmanybirosaghoz-fordul-a-koznevelesi-torveny-modositasa-miatt\/#primaryimage"},"thumbnailUrl":"https:\/\/hotnewsinworld.com\/hu\/wp-content\/uploads\/sites\/3\/2019\/08\/Az-ellenz\u00e9k-az-Alkotm\u00e1nyb\u00edr\u00f3s\u00e1ghoz-fordul-a-k\u00f6znevel\u00e9si-t\u00f6rv\u00e9ny-m\u00f3dos\u00edt\u00e1sa-miatt.jpg","datePublished":"2019-08-30T13:53:11+00:00","dateModified":"2019-08-30T13:53:12+00:00","author":{"@id":"https:\/\/hotnewsinworld.com\/hu\/#\/schema\/person\/fe61448b21c0d59086e75fcc1f9d8f6b"},"breadcrumb":{"@id":"https:\/\/hotnewsinworld.com\/hu\/az-ellenzek-az-alkotmanybirosaghoz-fordul-a-koznevelesi-torveny-modositasa-miatt\/#breadcrumb"},"inLanguage":"hu","potentialAction":[{"@type":"ReadAction","target":["https:\/\/hotnewsinworld.com\/hu\/az-ellenzek-az-alkotmanybirosaghoz-fordul-a-koznevelesi-torveny-modositasa-miatt\/"]}]},{"@type":"ImageObject","inLanguage":"hu","@id":"https:\/\/hotnewsinworld.com\/hu\/az-ellenzek-az-alkotmanybirosaghoz-fordul-a-koznevelesi-torveny-modositasa-miatt\/#primaryimage","url":"https:\/\/hotnewsinworld.com\/hu\/wp-content\/uploads\/sites\/3\/2019\/08\/Az-ellenz\u00e9k-az-Alkotm\u00e1nyb\u00edr\u00f3s\u00e1ghoz-fordul-a-k\u00f6znevel\u00e9si-t\u00f6rv\u00e9ny-m\u00f3dos\u00edt\u00e1sa-miatt.jpg","contentUrl":"https:\/\/hotnewsinworld.com\/hu\/wp-content\/uploads\/sites\/3\/2019\/08\/Az-ellenz\u00e9k-az-Alkotm\u00e1nyb\u00edr\u00f3s\u00e1ghoz-fordul-a-k\u00f6znevel\u00e9si-t\u00f6rv\u00e9ny-m\u00f3dos\u00edt\u00e1sa-miatt.jpg","width":960,"height":540,"caption":"Az ellenz\u00e9k az Alkotm\u00e1nyb\u00edr\u00f3s\u00e1ghoz fordul a k\u00f6znevel\u00e9si t\u00f6rv\u00e9ny m\u00f3dos\u00edt\u00e1sa miatt"},{"@type":"BreadcrumbList","@id":"https:\/\/hotnewsinworld.com\/hu\/az-ellenzek-az-alkotmanybirosaghoz-fordul-a-koznevelesi-torveny-modositasa-miatt\/#breadcrumb","itemListElement":[{"@type":"ListItem","position":1,"name":"\u0413\u043b\u0430\u0432\u043d\u0430\u044f \u0441\u0442\u0440\u0430\u043d\u0438\u0446\u0430","item":"https:\/\/hotnewsinworld.com\/hu\/"},{"@type":"ListItem","position":2,"name":"Az ellenz\u00e9k az Alkotm\u00e1nyb\u00edr\u00f3s\u00e1ghoz fordul a k\u00f6znevel\u00e9si t\u00f6rv\u00e9ny m\u00f3dos\u00edt\u00e1sa miatt"}]},{"@type":"WebSite","@id":"https:\/\/hotnewsinworld.com\/hu\/#website","url":"https:\/\/hotnewsinworld.com\/hu\/","name":"Hot News in World","description":"Hot News in World from Hungary","potentialAction":[{"@type":"SearchAction","target":{"@type":"EntryPoint","urlTemplate":"https:\/\/hotnewsinworld.com\/hu\/?s={search_term_string}"},"query-input":{"@type":"PropertyValueSpecification","valueRequired":true,"valueName":"search_term_string"}}],"inLanguage":"hu"},{"@type":"Person","@id":"https:\/\/hotnewsinworld.com\/hu\/#\/schema\/person\/fe61448b21c0d59086e75fcc1f9d8f6b","name":"hotnewsinworld","image":{"@type":"ImageObject","inLanguage":"hu","@id":"https:\/\/secure.gravatar.com\/avatar\/8a09ac165600ce2e1c38fe593c63928eb1e6e7ba5c5a907d67787c41b3d00c14?s=96&d=mm&r=g","url":"https:\/\/secure.gravatar.com\/avatar\/8a09ac165600ce2e1c38fe593c63928eb1e6e7ba5c5a907d67787c41b3d00c14?s=96&d=mm&r=g","contentUrl":"https:\/\/secure.gravatar.com\/avatar\/8a09ac165600ce2e1c38fe593c63928eb1e6e7ba5c5a907d67787c41b3d00c14?s=96&d=mm&r=g","caption":"hotnewsinworld"},"url":"https:\/\/hotnewsinworld.com\/hu\/author\/pt\/"}]}},"_links":{"self":[{"href":"https:\/\/hotnewsinworld.com\/hu\/wp-json\/wp\/v2\/posts\/1401","targetHints":{"allow":["GET"]}}],"collection":[{"href":"https:\/\/hotnewsinworld.com\/hu\/wp-json\/wp\/v2\/posts"}],"about":[{"href":"https:\/\/hotnewsinworld.com\/hu\/wp-json\/wp\/v2\/types\/post"}],"author":[{"embeddable":true,"href":"https:\/\/hotnewsinworld.com\/hu\/wp-json\/wp\/v2\/users\/2"}],"replies":[{"embeddable":true,"href":"https:\/\/hotnewsinworld.com\/hu\/wp-json\/wp\/v2\/comments?post=1401"}],"version-history":[{"count":1,"href":"https:\/\/hotnewsinworld.com\/hu\/wp-json\/wp\/v2\/posts\/1401\/revisions"}],"predecessor-version":[{"id":1403,"href":"https:\/\/hotnewsinworld.com\/hu\/wp-json\/wp\/v2\/posts\/1401\/revisions\/1403"}],"wp:featuredmedia":[{"embeddable":true,"href":"https:\/\/hotnewsinworld.com\/hu\/wp-json\/wp\/v2\/media\/1402"}],"wp:attachment":[{"href":"https:\/\/hotnewsinworld.com\/hu\/wp-json\/wp\/v2\/media?parent=1401"}],"wp:term":[{"taxonomy":"category","embeddable":true,"href":"https:\/\/hotnewsinworld.com\/hu\/wp-json\/wp\/v2\/categories?post=1401"},{"taxonomy":"post_tag","embeddable":true,"href":"https:\/\/hotnewsinworld.com\/hu\/wp-json\/wp\/v2\/tags?post=1401"}],"curies":[{"name":"wp","href":"https:\/\/api.w.org\/{rel}","templated":true}]}}