{"id":1407,"date":"2019-08-30T20:00:28","date_gmt":"2019-08-30T17:00:28","guid":{"rendered":"https:\/\/hotnewsinworld.com\/hu\/meghosszabbitotta-a-viking-sigyn-kapitanyanak-letartoztatasat-a-birosag\/"},"modified":"2019-08-30T20:00:29","modified_gmt":"2019-08-30T17:00:29","slug":"meghosszabbitotta-a-viking-sigyn-kapitanyanak-letartoztatasat-a-birosag","status":"publish","type":"post","link":"https:\/\/hotnewsinworld.com\/hu\/meghosszabbitotta-a-viking-sigyn-kapitanyanak-letartoztatasat-a-birosag\/","title":{"rendered":"Meghosszabb\u00edtotta a Viking Sigyn kapit\u00e1ny\u00e1nak letart\u00f3ztat\u00e1s\u00e1t a b\u00edr\u00f3s\u00e1g"},"content":{"rendered":"<p> [ad_1]<br \/>\n<\/p>\n<p> <span class=\"entry-author\"><span>MTI<\/span><\/span>, <span class=\"posted-on\"><time class=\"entry-date published updated\" datetime=\"2019-08-30T18:50:03+00:00\">2019. 08. 30. 18:50<\/time><\/span><\/p>\n<div>\n<div style=\"max-width: 380px\" class=\"wp-caption alignright\"><\/div>\n<p><b>Meghosszabb\u00edtotta a dunai haj\u00f3baleset okoz\u00e1s\u00e1val gyan\u00fas\u00edtott f\u00e9rfi letart\u00f3ztat\u00e1s\u00e1t a Budai K\u00f6zponti Ker\u00fcleti B\u00edr\u00f3s\u00e1g (BKKB) \u2013 tudatta a F\u0151v\u00e1rosi T\u00f6rv\u00e9nysz\u00e9k p\u00e9nteken k\u00f6zlem\u00e9nyben az MTI-vel.<\/b><span id=\"more-926572\"\/><\/p>\n<p>A ker\u00fcleti b\u00edr\u00f3s\u00e1g sz\u00f6k\u00e9s, elrejt\u0151z\u00e9s \u00e9s a bizony\u00edt\u00e1s megnehez\u00edt\u00e9s\u00e9nek vesz\u00e9lye miatt egy h\u00f3nappal, szeptember 30-ig hosszabb\u00edtotta meg az ukr\u00e1n \u00e1llampolg\u00e1rs\u00e1g\u00fa f\u00e9rfi letart\u00f3ztat\u00e1s\u00e1t. A Viking Sigyn kapit\u00e1ny\u00e1t v\u00edzi k\u00f6zleked\u00e9s \u2013 hal\u00e1los t\u00f6megszerencs\u00e9tlens\u00e9get okoz\u00f3 \u2013 gondatlan vesz\u00e9lyeztet\u00e9s\u00e9vel \u00e9s m\u00e1s b\u0171ncselekm\u00e9nnyel gyan\u00fas\u00edtja a nyomoz\u00f3 hat\u00f3s\u00e1g.<\/p>\n<p>Az els\u0151fok\u00fa b\u00edr\u00f3s\u00e1g v\u00e9gz\u00e9se szerint a gyan\u00fas\u00edtott letart\u00f3ztat\u00e1sa \u00f3ta a megalapozott gyan\u00fa nem gyeng\u00fclt. A gyan\u00fas\u00edtott nem k\u00f6t\u0151dik Magyarorsz\u00e1ghoz, eur\u00f3pai helyismerettel, k\u00fclf\u00f6ldi kapcsolatokkal rendelkezik, ukr\u00e1n \u00e1llampolg\u00e1r, Ukrajna pedig nem adja ki m\u00e1s \u00e1llamnak saj\u00e1t \u00e1llampolg\u00e1r\u00e1t.<\/p>\n<p>Mindezeket \u00e9s a gyan\u00fas\u00edt\u00e1sba szerepl\u0151 b\u0171ncselekm\u00e9ny t\u00e1rgyi s\u00faly\u00e1t is figyelembe v\u00e9ve fenn\u00e1ll a sz\u00f6k\u00e9s, elrejt\u0151z\u00e9s vesz\u00e9lye. Tov\u00e1bb\u00e1 a szak\u00e9rt\u0151i v\u00e9lem\u00e9ny alapj\u00e1n a gyan\u00fas\u00edtott kor\u00e1bban elektronikus adatot t\u00f6r\u00f6lt, \u00e9s ezzel megnehez\u00edtette a bizony\u00edt\u00e1st. A nyomoz\u00e1s jelenlegi szakasz\u00e1ban megalapozottan feltehet\u0151, hogy a gyan\u00fas\u00edtott k\u00e9nyszerint\u00e9zked\u00e9s alkalmaz\u00e1sa n\u00e9lk\u00fcl m\u00e1sok befoly\u00e1sol\u00e1s\u00e1val vesz\u00e9lyeztetn\u00e9 a bizony\u00edt\u00e1st \u2013 \u00edrt\u00e1k.<\/p>\n<p>A ker\u00fcleti b\u00edr\u00f3s\u00e1g a szigor\u00fabb magatart\u00e1si szab\u00e1lyokkal elrendelt b\u0171n\u00fcgyi fel\u00fcgyelet alkalmaz\u00e1s\u00e1t sem l\u00e1tta alkalmasnak a bizony\u00edt\u00e1s vesz\u00e9lyeztet\u00e9s\u00e9nek kik\u00fcsz\u00f6b\u00f6l\u00e9s\u00e9re. A k\u00e9nyszerint\u00e9zked\u00e9ssel el\u00e9rni k\u00edv\u00e1nt c\u00e9lok az elj\u00e1r\u00e1s jelenlegi szakasz\u00e1ban kiz\u00e1r\u00f3lag letart\u00f3ztat\u00e1ssal biztos\u00edthat\u00f3k \u2013 k\u00f6z\u00f6lt\u00e9k.<\/p>\n<p>Az els\u0151fok\u00fa b\u00edr\u00f3s\u00e1g a letart\u00f3ztat\u00e1s meghosszabb\u00edt\u00e1s\u00e1nak tartam\u00e1t az \u00fcgy\u00e9szs\u00e9gi ind\u00edtv\u00e1nyban szerepl\u0151 h\u00e1rom h\u00f3napn\u00e1l r\u00f6videbb, egy h\u00f3napos id\u0151tartamban \u00e1llap\u00edtotta meg.<\/p>\n<p>A v\u00e9gz\u00e9s nem v\u00e9gleges \u2013 \u00e1ll a t\u00f6rv\u00e9nysz\u00e9k k\u00f6zlem\u00e9ny\u00e9ben.<\/p>\n<p>M\u00e1jus 29-\u00e9n s\u00fcllyedt el a Hable\u00e1ny s\u00e9tahaj\u00f3 a Margit h\u00edd k\u00f6zel\u00e9ben, miut\u00e1n \u00f6ssze\u00fctk\u00f6z\u00f6tt a Viking Sigyn sz\u00e1llodahaj\u00f3val. A Hable\u00e1nyon 35-en utaztak, 33 d\u00e9l-koreai turista \u00e9s a k\u00e9ttag\u00fa magyar szem\u00e9lyzet. H\u00e9t koreai turist\u00e1t siker\u00fclt kimenteni, \u00e9s 27 \u00e1ldozat holttest\u00e9t tal\u00e1lt\u00e1k meg a hat\u00f3s\u00e1gok.<\/p>\n<p>A Viking Sigyn kapit\u00e1ny\u00e1t j\u00fanius 1-j\u00e9n m\u00e1r letart\u00f3ztatt\u00e1k, a b\u00edr\u00f3s\u00e1g azonban lehet\u0151v\u00e9 tette, hogy 15 milli\u00f3 forint \u00f3vad\u00e9k ellen\u00e9ben Budapest ter\u00fclet\u00e9n b\u0171n\u00fcgyi fel\u00fcgyelet al\u00e1 ker\u00fclj\u00f6n, nyomk\u00f6vet\u0151 eszk\u00f6z alkalmaz\u00e1s\u00e1val. A legf\u0151bb \u00fcgy\u00e9sz azonban a K\u00fari\u00e1hoz fordult, \u00e9s a legfels\u0151bb b\u00edr\u00f3i f\u00f3rum kimondta: t\u00f6rv\u00e9nys\u00e9rt\u0151 volt az \u00f3vad\u00e9k enged\u00e9lyez\u00e9se.<\/p>\n<p>J\u00falius 31-\u00e9n \u2013 miut\u00e1n seg\u00edts\u00e9gny\u00fajt\u00e1s 35 rendbeli elmulaszt\u00e1s\u00e1val is meggyan\u00fas\u00edtott\u00e1k \u2013 a b\u00edr\u00f3s\u00e1g ism\u00e9t elrendelte az ukr\u00e1n kapit\u00e1ny letart\u00f3ztat\u00e1s\u00e1t.<\/p>\n<p><strong>Tov\u00e1bbi cikkek:<\/strong><\/p>\n<\/div>\n<p><script>(function(d, s, id) {\n  var js, fjs = d.getElementsByTagName(s)[0];\n  if (d.getElementById(id)) return;\n  js = d.createElement(s); js.id = id;\n  js.src = \"http:\/\/connect.facebook.net\/hu_HU\/sdk.js#xfbml=1&version=v2.3\";\n  fjs.parentNode.insertBefore(js, fjs);\n}(document, 'script', 'facebook-jssdk'));<\/script><br \/>\n<br \/>[ad_2]<br \/>\n<br \/><a href=\"https:\/\/hirek.oldal.info\/rssclick\/14357280\">Source link <\/a><\/p>\n","protected":false},"excerpt":{"rendered":"<p>[ad_1] MTI, 2019. 08. 30. 18:50 Meghosszabb\u00edtotta a dunai haj\u00f3baleset okoz\u00e1s\u00e1val gyan\u00fas\u00edtott f\u00e9rfi letart\u00f3ztat\u00e1s\u00e1t a Budai K\u00f6zponti Ker\u00fcleti B\u00edr\u00f3s\u00e1g (BKKB) \u2013 tudatta a F\u0151v\u00e1rosi T\u00f6rv\u00e9nysz\u00e9k p\u00e9nteken k\u00f6zlem\u00e9nyben az MTI-vel. A ker\u00fcleti b\u00edr\u00f3s\u00e1g sz\u00f6k\u00e9s, elrejt\u0151z\u00e9s \u00e9s a bizony\u00edt\u00e1s megnehez\u00edt\u00e9s\u00e9nek vesz\u00e9lye miatt egy h\u00f3nappal, szeptember 30-ig hosszabb\u00edtotta meg az ukr\u00e1n \u00e1llampolg\u00e1rs\u00e1g\u00fa f\u00e9rfi letart\u00f3ztat\u00e1s\u00e1t. A Viking Sigyn kapit\u00e1ny\u00e1t [&hellip;]<\/p>\n","protected":false},"author":2,"featured_media":1408,"comment_status":"open","ping_status":"open","sticky":false,"template":"","format":"standard","meta":{"footnotes":""},"categories":[1],"tags":[],"class_list":["post-1407","post","type-post","status-publish","format-standard","has-post-thumbnail","hentry","category-legujabb-penzugyi-hirek"],"yoast_head":"<!-- This site is optimized with the Yoast SEO plugin v27.4 - https:\/\/yoast.com\/product\/yoast-seo-wordpress\/ -->\n<title>Meghosszabb\u00edtotta a Viking Sigyn kapit\u00e1ny\u00e1nak letart\u00f3ztat\u00e1s\u00e1t a b\u00edr\u00f3s\u00e1g - Hot News in World<\/title>\n<meta name=\"robots\" content=\"index, follow, max-snippet:-1, max-image-preview:large, max-video-preview:-1\" \/>\n<link rel=\"canonical\" href=\"https:\/\/hotnewsinworld.com\/hu\/meghosszabbitotta-a-viking-sigyn-kapitanyanak-letartoztatasat-a-birosag\/\" \/>\n<meta property=\"og:locale\" content=\"hu_HU\" \/>\n<meta property=\"og:type\" content=\"article\" \/>\n<meta property=\"og:title\" content=\"Meghosszabb\u00edtotta a Viking Sigyn kapit\u00e1ny\u00e1nak letart\u00f3ztat\u00e1s\u00e1t a b\u00edr\u00f3s\u00e1g - Hot News in World\" \/>\n<meta property=\"og:description\" content=\"[ad_1] MTI, 2019. 08. 30. 18:50 Meghosszabb\u00edtotta a dunai haj\u00f3baleset okoz\u00e1s\u00e1val gyan\u00fas\u00edtott f\u00e9rfi letart\u00f3ztat\u00e1s\u00e1t a Budai K\u00f6zponti Ker\u00fcleti B\u00edr\u00f3s\u00e1g (BKKB) \u2013 tudatta a F\u0151v\u00e1rosi T\u00f6rv\u00e9nysz\u00e9k p\u00e9nteken k\u00f6zlem\u00e9nyben az MTI-vel. A ker\u00fcleti b\u00edr\u00f3s\u00e1g sz\u00f6k\u00e9s, elrejt\u0151z\u00e9s \u00e9s a bizony\u00edt\u00e1s megnehez\u00edt\u00e9s\u00e9nek vesz\u00e9lye miatt egy h\u00f3nappal, szeptember 30-ig hosszabb\u00edtotta meg az ukr\u00e1n \u00e1llampolg\u00e1rs\u00e1g\u00fa f\u00e9rfi letart\u00f3ztat\u00e1s\u00e1t. A Viking Sigyn kapit\u00e1ny\u00e1t [&hellip;]\" \/>\n<meta property=\"og:url\" content=\"https:\/\/hotnewsinworld.com\/hu\/meghosszabbitotta-a-viking-sigyn-kapitanyanak-letartoztatasat-a-birosag\/\" \/>\n<meta property=\"og:site_name\" content=\"Hot News in World\" \/>\n<meta property=\"article:published_time\" content=\"2019-08-30T17:00:28+00:00\" \/>\n<meta property=\"article:modified_time\" content=\"2019-08-30T17:00:29+00:00\" \/>\n<meta property=\"og:image\" content=\"https:\/\/hotnewsinworld.com\/hu\/wp-content\/uploads\/sites\/3\/2019\/08\/Meghosszabb\u00edtotta-a-Viking-Sigyn-kapit\u00e1ny\u00e1nak-letart\u00f3ztat\u00e1s\u00e1t-a-b\u00edr\u00f3s\u00e1g.jpg\" \/>\n\t<meta property=\"og:image:width\" content=\"391\" \/>\n\t<meta property=\"og:image:height\" content=\"300\" \/>\n\t<meta property=\"og:image:type\" content=\"image\/jpeg\" \/>\n<meta name=\"author\" content=\"hotnewsinworld\" \/>\n<meta name=\"twitter:card\" content=\"summary_large_image\" \/>\n<meta name=\"twitter:label1\" content=\"Szerz\u0151:\" \/>\n\t<meta name=\"twitter:data1\" content=\"hotnewsinworld\" \/>\n\t<meta name=\"twitter:label2\" content=\"Becs\u00fclt olvas\u00e1si id\u0151\" \/>\n\t<meta name=\"twitter:data2\" content=\"3 perc\" \/>\n<script type=\"application\/ld+json\" class=\"yoast-schema-graph\">{\"@context\":\"https:\\\/\\\/schema.org\",\"@graph\":[{\"@type\":\"Article\",\"@id\":\"https:\\\/\\\/hotnewsinworld.com\\\/hu\\\/meghosszabbitotta-a-viking-sigyn-kapitanyanak-letartoztatasat-a-birosag\\\/#article\",\"isPartOf\":{\"@id\":\"https:\\\/\\\/hotnewsinworld.com\\\/hu\\\/meghosszabbitotta-a-viking-sigyn-kapitanyanak-letartoztatasat-a-birosag\\\/\"},\"author\":{\"name\":\"hotnewsinworld\",\"@id\":\"https:\\\/\\\/hotnewsinworld.com\\\/hu\\\/#\\\/schema\\\/person\\\/fe61448b21c0d59086e75fcc1f9d8f6b\"},\"headline\":\"Meghosszabb\u00edtotta a Viking Sigyn kapit\u00e1ny\u00e1nak letart\u00f3ztat\u00e1s\u00e1t a b\u00edr\u00f3s\u00e1g\",\"datePublished\":\"2019-08-30T17:00:28+00:00\",\"dateModified\":\"2019-08-30T17:00:29+00:00\",\"mainEntityOfPage\":{\"@id\":\"https:\\\/\\\/hotnewsinworld.com\\\/hu\\\/meghosszabbitotta-a-viking-sigyn-kapitanyanak-letartoztatasat-a-birosag\\\/\"},\"wordCount\":625,\"commentCount\":0,\"image\":{\"@id\":\"https:\\\/\\\/hotnewsinworld.com\\\/hu\\\/meghosszabbitotta-a-viking-sigyn-kapitanyanak-letartoztatasat-a-birosag\\\/#primaryimage\"},\"thumbnailUrl\":\"https:\\\/\\\/hotnewsinworld.com\\\/hu\\\/wp-content\\\/uploads\\\/sites\\\/3\\\/2019\\\/08\\\/Meghosszabb\u00edtotta-a-Viking-Sigyn-kapit\u00e1ny\u00e1nak-letart\u00f3ztat\u00e1s\u00e1t-a-b\u00edr\u00f3s\u00e1g.jpg\",\"articleSection\":[\"LEG\u00daJABB P\u00c9NZ\u00dcGYI H\u00cdREK\"],\"inLanguage\":\"hu\",\"potentialAction\":[{\"@type\":\"CommentAction\",\"name\":\"Comment\",\"target\":[\"https:\\\/\\\/hotnewsinworld.com\\\/hu\\\/meghosszabbitotta-a-viking-sigyn-kapitanyanak-letartoztatasat-a-birosag\\\/#respond\"]}]},{\"@type\":\"WebPage\",\"@id\":\"https:\\\/\\\/hotnewsinworld.com\\\/hu\\\/meghosszabbitotta-a-viking-sigyn-kapitanyanak-letartoztatasat-a-birosag\\\/\",\"url\":\"https:\\\/\\\/hotnewsinworld.com\\\/hu\\\/meghosszabbitotta-a-viking-sigyn-kapitanyanak-letartoztatasat-a-birosag\\\/\",\"name\":\"Meghosszabb\u00edtotta a Viking Sigyn kapit\u00e1ny\u00e1nak letart\u00f3ztat\u00e1s\u00e1t a b\u00edr\u00f3s\u00e1g - Hot News in World\",\"isPartOf\":{\"@id\":\"https:\\\/\\\/hotnewsinworld.com\\\/hu\\\/#website\"},\"primaryImageOfPage\":{\"@id\":\"https:\\\/\\\/hotnewsinworld.com\\\/hu\\\/meghosszabbitotta-a-viking-sigyn-kapitanyanak-letartoztatasat-a-birosag\\\/#primaryimage\"},\"image\":{\"@id\":\"https:\\\/\\\/hotnewsinworld.com\\\/hu\\\/meghosszabbitotta-a-viking-sigyn-kapitanyanak-letartoztatasat-a-birosag\\\/#primaryimage\"},\"thumbnailUrl\":\"https:\\\/\\\/hotnewsinworld.com\\\/hu\\\/wp-content\\\/uploads\\\/sites\\\/3\\\/2019\\\/08\\\/Meghosszabb\u00edtotta-a-Viking-Sigyn-kapit\u00e1ny\u00e1nak-letart\u00f3ztat\u00e1s\u00e1t-a-b\u00edr\u00f3s\u00e1g.jpg\",\"datePublished\":\"2019-08-30T17:00:28+00:00\",\"dateModified\":\"2019-08-30T17:00:29+00:00\",\"author\":{\"@id\":\"https:\\\/\\\/hotnewsinworld.com\\\/hu\\\/#\\\/schema\\\/person\\\/fe61448b21c0d59086e75fcc1f9d8f6b\"},\"breadcrumb\":{\"@id\":\"https:\\\/\\\/hotnewsinworld.com\\\/hu\\\/meghosszabbitotta-a-viking-sigyn-kapitanyanak-letartoztatasat-a-birosag\\\/#breadcrumb\"},\"inLanguage\":\"hu\",\"potentialAction\":[{\"@type\":\"ReadAction\",\"target\":[\"https:\\\/\\\/hotnewsinworld.com\\\/hu\\\/meghosszabbitotta-a-viking-sigyn-kapitanyanak-letartoztatasat-a-birosag\\\/\"]}]},{\"@type\":\"ImageObject\",\"inLanguage\":\"hu\",\"@id\":\"https:\\\/\\\/hotnewsinworld.com\\\/hu\\\/meghosszabbitotta-a-viking-sigyn-kapitanyanak-letartoztatasat-a-birosag\\\/#primaryimage\",\"url\":\"https:\\\/\\\/hotnewsinworld.com\\\/hu\\\/wp-content\\\/uploads\\\/sites\\\/3\\\/2019\\\/08\\\/Meghosszabb\u00edtotta-a-Viking-Sigyn-kapit\u00e1ny\u00e1nak-letart\u00f3ztat\u00e1s\u00e1t-a-b\u00edr\u00f3s\u00e1g.jpg\",\"contentUrl\":\"https:\\\/\\\/hotnewsinworld.com\\\/hu\\\/wp-content\\\/uploads\\\/sites\\\/3\\\/2019\\\/08\\\/Meghosszabb\u00edtotta-a-Viking-Sigyn-kapit\u00e1ny\u00e1nak-letart\u00f3ztat\u00e1s\u00e1t-a-b\u00edr\u00f3s\u00e1g.jpg\",\"width\":391,\"height\":300,\"caption\":\"Meghosszabb\u00edtotta a Viking Sigyn kapit\u00e1ny\u00e1nak letart\u00f3ztat\u00e1s\u00e1t a b\u00edr\u00f3s\u00e1g\"},{\"@type\":\"BreadcrumbList\",\"@id\":\"https:\\\/\\\/hotnewsinworld.com\\\/hu\\\/meghosszabbitotta-a-viking-sigyn-kapitanyanak-letartoztatasat-a-birosag\\\/#breadcrumb\",\"itemListElement\":[{\"@type\":\"ListItem\",\"position\":1,\"name\":\"\u0413\u043b\u0430\u0432\u043d\u0430\u044f \u0441\u0442\u0440\u0430\u043d\u0438\u0446\u0430\",\"item\":\"https:\\\/\\\/hotnewsinworld.com\\\/hu\\\/\"},{\"@type\":\"ListItem\",\"position\":2,\"name\":\"Meghosszabb\u00edtotta a Viking Sigyn kapit\u00e1ny\u00e1nak letart\u00f3ztat\u00e1s\u00e1t a b\u00edr\u00f3s\u00e1g\"}]},{\"@type\":\"WebSite\",\"@id\":\"https:\\\/\\\/hotnewsinworld.com\\\/hu\\\/#website\",\"url\":\"https:\\\/\\\/hotnewsinworld.com\\\/hu\\\/\",\"name\":\"Hot News in World\",\"description\":\"Hot News in World from Hungary\",\"potentialAction\":[{\"@type\":\"SearchAction\",\"target\":{\"@type\":\"EntryPoint\",\"urlTemplate\":\"https:\\\/\\\/hotnewsinworld.com\\\/hu\\\/?s={search_term_string}\"},\"query-input\":{\"@type\":\"PropertyValueSpecification\",\"valueRequired\":true,\"valueName\":\"search_term_string\"}}],\"inLanguage\":\"hu\"},{\"@type\":\"Person\",\"@id\":\"https:\\\/\\\/hotnewsinworld.com\\\/hu\\\/#\\\/schema\\\/person\\\/fe61448b21c0d59086e75fcc1f9d8f6b\",\"name\":\"hotnewsinworld\",\"image\":{\"@type\":\"ImageObject\",\"inLanguage\":\"hu\",\"@id\":\"https:\\\/\\\/secure.gravatar.com\\\/avatar\\\/8a09ac165600ce2e1c38fe593c63928eb1e6e7ba5c5a907d67787c41b3d00c14?s=96&d=mm&r=g\",\"url\":\"https:\\\/\\\/secure.gravatar.com\\\/avatar\\\/8a09ac165600ce2e1c38fe593c63928eb1e6e7ba5c5a907d67787c41b3d00c14?s=96&d=mm&r=g\",\"contentUrl\":\"https:\\\/\\\/secure.gravatar.com\\\/avatar\\\/8a09ac165600ce2e1c38fe593c63928eb1e6e7ba5c5a907d67787c41b3d00c14?s=96&d=mm&r=g\",\"caption\":\"hotnewsinworld\"},\"url\":\"https:\\\/\\\/hotnewsinworld.com\\\/hu\\\/author\\\/pt\\\/\"}]}<\/script>\n<!-- \/ Yoast SEO plugin. -->","yoast_head_json":{"title":"Meghosszabb\u00edtotta a Viking Sigyn kapit\u00e1ny\u00e1nak letart\u00f3ztat\u00e1s\u00e1t a b\u00edr\u00f3s\u00e1g - Hot News in World","robots":{"index":"index","follow":"follow","max-snippet":"max-snippet:-1","max-image-preview":"max-image-preview:large","max-video-preview":"max-video-preview:-1"},"canonical":"https:\/\/hotnewsinworld.com\/hu\/meghosszabbitotta-a-viking-sigyn-kapitanyanak-letartoztatasat-a-birosag\/","og_locale":"hu_HU","og_type":"article","og_title":"Meghosszabb\u00edtotta a Viking Sigyn kapit\u00e1ny\u00e1nak letart\u00f3ztat\u00e1s\u00e1t a b\u00edr\u00f3s\u00e1g - Hot News in World","og_description":"[ad_1] MTI, 2019. 08. 30. 18:50 Meghosszabb\u00edtotta a dunai haj\u00f3baleset okoz\u00e1s\u00e1val gyan\u00fas\u00edtott f\u00e9rfi letart\u00f3ztat\u00e1s\u00e1t a Budai K\u00f6zponti Ker\u00fcleti B\u00edr\u00f3s\u00e1g (BKKB) \u2013 tudatta a F\u0151v\u00e1rosi T\u00f6rv\u00e9nysz\u00e9k p\u00e9nteken k\u00f6zlem\u00e9nyben az MTI-vel. A ker\u00fcleti b\u00edr\u00f3s\u00e1g sz\u00f6k\u00e9s, elrejt\u0151z\u00e9s \u00e9s a bizony\u00edt\u00e1s megnehez\u00edt\u00e9s\u00e9nek vesz\u00e9lye miatt egy h\u00f3nappal, szeptember 30-ig hosszabb\u00edtotta meg az ukr\u00e1n \u00e1llampolg\u00e1rs\u00e1g\u00fa f\u00e9rfi letart\u00f3ztat\u00e1s\u00e1t. A Viking Sigyn kapit\u00e1ny\u00e1t [&hellip;]","og_url":"https:\/\/hotnewsinworld.com\/hu\/meghosszabbitotta-a-viking-sigyn-kapitanyanak-letartoztatasat-a-birosag\/","og_site_name":"Hot News in World","article_published_time":"2019-08-30T17:00:28+00:00","article_modified_time":"2019-08-30T17:00:29+00:00","og_image":[{"width":391,"height":300,"url":"https:\/\/hotnewsinworld.com\/hu\/wp-content\/uploads\/sites\/3\/2019\/08\/Meghosszabb\u00edtotta-a-Viking-Sigyn-kapit\u00e1ny\u00e1nak-letart\u00f3ztat\u00e1s\u00e1t-a-b\u00edr\u00f3s\u00e1g.jpg","type":"image\/jpeg"}],"author":"hotnewsinworld","twitter_card":"summary_large_image","twitter_misc":{"Szerz\u0151:":"hotnewsinworld","Becs\u00fclt olvas\u00e1si id\u0151":"3 perc"},"schema":{"@context":"https:\/\/schema.org","@graph":[{"@type":"Article","@id":"https:\/\/hotnewsinworld.com\/hu\/meghosszabbitotta-a-viking-sigyn-kapitanyanak-letartoztatasat-a-birosag\/#article","isPartOf":{"@id":"https:\/\/hotnewsinworld.com\/hu\/meghosszabbitotta-a-viking-sigyn-kapitanyanak-letartoztatasat-a-birosag\/"},"author":{"name":"hotnewsinworld","@id":"https:\/\/hotnewsinworld.com\/hu\/#\/schema\/person\/fe61448b21c0d59086e75fcc1f9d8f6b"},"headline":"Meghosszabb\u00edtotta a Viking Sigyn kapit\u00e1ny\u00e1nak letart\u00f3ztat\u00e1s\u00e1t a b\u00edr\u00f3s\u00e1g","datePublished":"2019-08-30T17:00:28+00:00","dateModified":"2019-08-30T17:00:29+00:00","mainEntityOfPage":{"@id":"https:\/\/hotnewsinworld.com\/hu\/meghosszabbitotta-a-viking-sigyn-kapitanyanak-letartoztatasat-a-birosag\/"},"wordCount":625,"commentCount":0,"image":{"@id":"https:\/\/hotnewsinworld.com\/hu\/meghosszabbitotta-a-viking-sigyn-kapitanyanak-letartoztatasat-a-birosag\/#primaryimage"},"thumbnailUrl":"https:\/\/hotnewsinworld.com\/hu\/wp-content\/uploads\/sites\/3\/2019\/08\/Meghosszabb\u00edtotta-a-Viking-Sigyn-kapit\u00e1ny\u00e1nak-letart\u00f3ztat\u00e1s\u00e1t-a-b\u00edr\u00f3s\u00e1g.jpg","articleSection":["LEG\u00daJABB P\u00c9NZ\u00dcGYI H\u00cdREK"],"inLanguage":"hu","potentialAction":[{"@type":"CommentAction","name":"Comment","target":["https:\/\/hotnewsinworld.com\/hu\/meghosszabbitotta-a-viking-sigyn-kapitanyanak-letartoztatasat-a-birosag\/#respond"]}]},{"@type":"WebPage","@id":"https:\/\/hotnewsinworld.com\/hu\/meghosszabbitotta-a-viking-sigyn-kapitanyanak-letartoztatasat-a-birosag\/","url":"https:\/\/hotnewsinworld.com\/hu\/meghosszabbitotta-a-viking-sigyn-kapitanyanak-letartoztatasat-a-birosag\/","name":"Meghosszabb\u00edtotta a Viking Sigyn kapit\u00e1ny\u00e1nak letart\u00f3ztat\u00e1s\u00e1t a b\u00edr\u00f3s\u00e1g - Hot News in World","isPartOf":{"@id":"https:\/\/hotnewsinworld.com\/hu\/#website"},"primaryImageOfPage":{"@id":"https:\/\/hotnewsinworld.com\/hu\/meghosszabbitotta-a-viking-sigyn-kapitanyanak-letartoztatasat-a-birosag\/#primaryimage"},"image":{"@id":"https:\/\/hotnewsinworld.com\/hu\/meghosszabbitotta-a-viking-sigyn-kapitanyanak-letartoztatasat-a-birosag\/#primaryimage"},"thumbnailUrl":"https:\/\/hotnewsinworld.com\/hu\/wp-content\/uploads\/sites\/3\/2019\/08\/Meghosszabb\u00edtotta-a-Viking-Sigyn-kapit\u00e1ny\u00e1nak-letart\u00f3ztat\u00e1s\u00e1t-a-b\u00edr\u00f3s\u00e1g.jpg","datePublished":"2019-08-30T17:00:28+00:00","dateModified":"2019-08-30T17:00:29+00:00","author":{"@id":"https:\/\/hotnewsinworld.com\/hu\/#\/schema\/person\/fe61448b21c0d59086e75fcc1f9d8f6b"},"breadcrumb":{"@id":"https:\/\/hotnewsinworld.com\/hu\/meghosszabbitotta-a-viking-sigyn-kapitanyanak-letartoztatasat-a-birosag\/#breadcrumb"},"inLanguage":"hu","potentialAction":[{"@type":"ReadAction","target":["https:\/\/hotnewsinworld.com\/hu\/meghosszabbitotta-a-viking-sigyn-kapitanyanak-letartoztatasat-a-birosag\/"]}]},{"@type":"ImageObject","inLanguage":"hu","@id":"https:\/\/hotnewsinworld.com\/hu\/meghosszabbitotta-a-viking-sigyn-kapitanyanak-letartoztatasat-a-birosag\/#primaryimage","url":"https:\/\/hotnewsinworld.com\/hu\/wp-content\/uploads\/sites\/3\/2019\/08\/Meghosszabb\u00edtotta-a-Viking-Sigyn-kapit\u00e1ny\u00e1nak-letart\u00f3ztat\u00e1s\u00e1t-a-b\u00edr\u00f3s\u00e1g.jpg","contentUrl":"https:\/\/hotnewsinworld.com\/hu\/wp-content\/uploads\/sites\/3\/2019\/08\/Meghosszabb\u00edtotta-a-Viking-Sigyn-kapit\u00e1ny\u00e1nak-letart\u00f3ztat\u00e1s\u00e1t-a-b\u00edr\u00f3s\u00e1g.jpg","width":391,"height":300,"caption":"Meghosszabb\u00edtotta a Viking Sigyn kapit\u00e1ny\u00e1nak letart\u00f3ztat\u00e1s\u00e1t a b\u00edr\u00f3s\u00e1g"},{"@type":"BreadcrumbList","@id":"https:\/\/hotnewsinworld.com\/hu\/meghosszabbitotta-a-viking-sigyn-kapitanyanak-letartoztatasat-a-birosag\/#breadcrumb","itemListElement":[{"@type":"ListItem","position":1,"name":"\u0413\u043b\u0430\u0432\u043d\u0430\u044f \u0441\u0442\u0440\u0430\u043d\u0438\u0446\u0430","item":"https:\/\/hotnewsinworld.com\/hu\/"},{"@type":"ListItem","position":2,"name":"Meghosszabb\u00edtotta a Viking Sigyn kapit\u00e1ny\u00e1nak letart\u00f3ztat\u00e1s\u00e1t a b\u00edr\u00f3s\u00e1g"}]},{"@type":"WebSite","@id":"https:\/\/hotnewsinworld.com\/hu\/#website","url":"https:\/\/hotnewsinworld.com\/hu\/","name":"Hot News in World","description":"Hot News in World from Hungary","potentialAction":[{"@type":"SearchAction","target":{"@type":"EntryPoint","urlTemplate":"https:\/\/hotnewsinworld.com\/hu\/?s={search_term_string}"},"query-input":{"@type":"PropertyValueSpecification","valueRequired":true,"valueName":"search_term_string"}}],"inLanguage":"hu"},{"@type":"Person","@id":"https:\/\/hotnewsinworld.com\/hu\/#\/schema\/person\/fe61448b21c0d59086e75fcc1f9d8f6b","name":"hotnewsinworld","image":{"@type":"ImageObject","inLanguage":"hu","@id":"https:\/\/secure.gravatar.com\/avatar\/8a09ac165600ce2e1c38fe593c63928eb1e6e7ba5c5a907d67787c41b3d00c14?s=96&d=mm&r=g","url":"https:\/\/secure.gravatar.com\/avatar\/8a09ac165600ce2e1c38fe593c63928eb1e6e7ba5c5a907d67787c41b3d00c14?s=96&d=mm&r=g","contentUrl":"https:\/\/secure.gravatar.com\/avatar\/8a09ac165600ce2e1c38fe593c63928eb1e6e7ba5c5a907d67787c41b3d00c14?s=96&d=mm&r=g","caption":"hotnewsinworld"},"url":"https:\/\/hotnewsinworld.com\/hu\/author\/pt\/"}]}},"_links":{"self":[{"href":"https:\/\/hotnewsinworld.com\/hu\/wp-json\/wp\/v2\/posts\/1407","targetHints":{"allow":["GET"]}}],"collection":[{"href":"https:\/\/hotnewsinworld.com\/hu\/wp-json\/wp\/v2\/posts"}],"about":[{"href":"https:\/\/hotnewsinworld.com\/hu\/wp-json\/wp\/v2\/types\/post"}],"author":[{"embeddable":true,"href":"https:\/\/hotnewsinworld.com\/hu\/wp-json\/wp\/v2\/users\/2"}],"replies":[{"embeddable":true,"href":"https:\/\/hotnewsinworld.com\/hu\/wp-json\/wp\/v2\/comments?post=1407"}],"version-history":[{"count":1,"href":"https:\/\/hotnewsinworld.com\/hu\/wp-json\/wp\/v2\/posts\/1407\/revisions"}],"predecessor-version":[{"id":1409,"href":"https:\/\/hotnewsinworld.com\/hu\/wp-json\/wp\/v2\/posts\/1407\/revisions\/1409"}],"wp:featuredmedia":[{"embeddable":true,"href":"https:\/\/hotnewsinworld.com\/hu\/wp-json\/wp\/v2\/media\/1408"}],"wp:attachment":[{"href":"https:\/\/hotnewsinworld.com\/hu\/wp-json\/wp\/v2\/media?parent=1407"}],"wp:term":[{"taxonomy":"category","embeddable":true,"href":"https:\/\/hotnewsinworld.com\/hu\/wp-json\/wp\/v2\/categories?post=1407"},{"taxonomy":"post_tag","embeddable":true,"href":"https:\/\/hotnewsinworld.com\/hu\/wp-json\/wp\/v2\/tags?post=1407"}],"curies":[{"name":"wp","href":"https:\/\/api.w.org\/{rel}","templated":true}]}}