{"id":1410,"date":"2019-08-30T21:56:57","date_gmt":"2019-08-30T18:56:57","guid":{"rendered":"https:\/\/hotnewsinworld.com\/hu\/szandi-kampanyvideoban-allt-ki-az-obudai-fideszes-polgarmesterjelolt-mellett\/"},"modified":"2019-08-30T21:56:58","modified_gmt":"2019-08-30T18:56:58","slug":"szandi-kampanyvideoban-allt-ki-az-obudai-fideszes-polgarmesterjelolt-mellett","status":"publish","type":"post","link":"https:\/\/hotnewsinworld.com\/hu\/szandi-kampanyvideoban-allt-ki-az-obudai-fideszes-polgarmesterjelolt-mellett\/","title":{"rendered":"Szandi kamp\u00e1nyvide\u00f3ban \u00e1llt ki az \u00f3budai fideszes polg\u00e1rmesterjel\u00f6lt mellett"},"content":{"rendered":"<p> [ad_1]<br \/>\n<\/p>\n<div>\n<p>&#13;<br \/>\n\t\t\t\t  <button class=\"tablinks\" onclick=\"openCity(event, 'attekintes')\" id=\"defaultOpen\">ADATV\u00c9DELMI \u00c1TTEKINT\u00c9S<\/button>&#13;<br \/>\n\t\t\t\t  <button class=\"tablinks\" onclick=\"openCity(event, 'funkcionalis')\">FUNKCION\u00c1LIS S\u00dcTIK<\/button>&#13;<br \/>\n\t\t\t\t  <button class=\"tablinks\" onclick=\"openCity(event, 'kiegesz')\">KIEG\u00c9SZ\u00cdT\u0150 S\u00dcTIK<\/button>&#13;\n\t\t\t\t<\/p>\n<div id=\"attekintes\" class=\"tabcontent\">\n<h3>Adatv\u00e9delmi \u00e1ttekint\u00e9s<\/h3>\n<p>Ez a weboldal s\u00fctiket (cookies) haszn\u00e1l ahhoz, hogy a weboldal megfelel\u0151en m\u0171k\u00f6dj\u00f6n, tov\u00e1bb\u00e1 az oldalt felkeres\u0151 l\u00e1togat\u00f3k sz\u00e1m\u00e1ra a legjobb felhaszn\u00e1l\u00f3i \u00e9lm\u00e9nyt lehessen biztos\u00edtani. A s\u00fctikben elmentett inform\u00e1ci\u00f3k a weboldalt felkeres\u0151 l\u00e1togat\u00f3k b\u00f6ng\u00e9sz\u0151j\u00e9ben ker\u00fcl t\u00e1rol\u00e1sra, \u00e9s olyan adatokat tartalmaznak amelyeknek seg\u00edts\u00e9g\u00e9vel felismerhetj\u00fck, ha a weboldalra visszal\u00e1togat, vagy seg\u00edt abban, hogy a weboldal melyik oldalait l\u00e1togatja a felhaszn\u00e1l\u00f3 a leggyakrabban, mik a leg\u00e9rdekesebbek sz\u00e1m\u00e1ra, melyik r\u00e9szek a legjobban haszn\u00e1lhat\u00f3ak.<\/p>\n<p>Adatv\u00e9delmi t\u00e1j\u00e9koztat\u00f3nkat ide kattintva tal\u00e1lja<\/p>\n<p>A felhaszn\u00e1l\u00f3 a bal oldali r\u00e9sz f\u00fclein kereszt\u00fcl a s\u00fcti be\u00e1ll\u00edt\u00e1sokat r\u00e9szletesen be tudja \u00e1ll\u00edtani.<\/p>\n<\/p><\/div>\n<div id=\"funkcionalis\" class=\"tabcontent\">\n<h3>Funkcion\u00e1lis s\u00fctik<\/h3>\n<p>Ez a weboldal a Google Analytics \u00e9s Hotjar szolg\u00e1ltat\u00e1st haszn\u00e1lja olyan n\u00e9vtelen adatgy\u0171jt\u00e9shez, mint p\u00e9ld\u00e1ul az oldalt felkeres\u0151 l\u00e1togat\u00f3k sz\u00e1ma, vagy a weboldalon bel\u00fcli legn\u00e9pszer\u0171bb aloldalak.<\/p>\n<p>A Facebook \u00e9s Twitter k\u00f3dok a k\u00f6z\u00f6ss\u00e9gi funkci\u00f3k t\u00e1mogat\u00e1s\u00e1ban \u00e9s megoszt\u00e1si lehet\u0151s\u00e9gek b\u0151v\u00edt\u00e9s\u00e9ben j\u00e1tszanak szerepet.<\/p>\n<p>Ezen s\u00fctik enged\u00e9lyez\u00e9se seg\u00edt benn\u00fcnket abban, hogy jav\u00edthassuk a weboldalunk tartalm\u00e1t a l\u00e1togat\u00f3ink \u00e9rdek\u00e9ben.<\/p>\n<\/p><\/div>\n<div id=\"kiegesz\" class=\"tabcontent\">\n<h3>Kieg\u00e9sz\u00edt\u0151 s\u00fctik<\/h3>\n<p>Ez a weboldal a k\u00f6vetkez\u0151 kieg\u00e9sz\u00edt\u0151 s\u00fctiket haszn\u00e1lja:<\/p>\n<p>Google Ads<br \/>&#13;<br \/>\n\t\t\t\t\tGemius Ad<br \/>&#13;<br \/>\n\t\t\t\t\tGoogle Tag Manager<\/p>\n<\/p><\/div>\n<p>\t\t\t\tV\u00e1ltoztat\u00e1sok ment\u00e9se\n\t\t\t<\/p><\/div>\n<p><script>(function(d, s, id) {\n  var js, fjs = d.getElementsByTagName(s)[0];\n  if (d.getElementById(id)) return;\n  js = d.createElement(s); js.id = id;\n  js.src = \"http:\/\/connect.facebook.net\/hu_HU\/sdk.js#xfbml=1&version=v2.7&appId=247823682023773\";\n  fjs.parentNode.insertBefore(js, fjs);\n}(document, 'script', 'facebook-jssdk'));<\/script><br \/>\n<br \/>[ad_2]<br \/>\n<br \/><a href=\"https:\/\/hirek.oldal.info\/rssclick\/14357512\">Source link <\/a><\/p>\n","protected":false},"excerpt":{"rendered":"<p>[ad_1] &#13; ADATV\u00c9DELMI \u00c1TTEKINT\u00c9S&#13; FUNKCION\u00c1LIS S\u00dcTIK&#13; KIEG\u00c9SZ\u00cdT\u0150 S\u00dcTIK&#13; Adatv\u00e9delmi \u00e1ttekint\u00e9s Ez a weboldal s\u00fctiket (cookies) haszn\u00e1l ahhoz, hogy a weboldal megfelel\u0151en m\u0171k\u00f6dj\u00f6n, tov\u00e1bb\u00e1 az oldalt felkeres\u0151 l\u00e1togat\u00f3k sz\u00e1m\u00e1ra a legjobb felhaszn\u00e1l\u00f3i \u00e9lm\u00e9nyt lehessen biztos\u00edtani. A s\u00fctikben elmentett inform\u00e1ci\u00f3k a weboldalt felkeres\u0151 l\u00e1togat\u00f3k b\u00f6ng\u00e9sz\u0151j\u00e9ben ker\u00fcl t\u00e1rol\u00e1sra, \u00e9s olyan adatokat tartalmaznak amelyeknek seg\u00edts\u00e9g\u00e9vel felismerhetj\u00fck, ha a weboldalra [&hellip;]<\/p>\n","protected":false},"author":2,"featured_media":1411,"comment_status":"open","ping_status":"open","sticky":false,"template":"","format":"standard","meta":{"footnotes":""},"categories":[1],"tags":[],"class_list":["post-1410","post","type-post","status-publish","format-standard","has-post-thumbnail","hentry","category-legujabb-penzugyi-hirek"],"yoast_head":"<!-- This site is optimized with the Yoast SEO plugin v27.4 - https:\/\/yoast.com\/product\/yoast-seo-wordpress\/ -->\n<title>Szandi kamp\u00e1nyvide\u00f3ban \u00e1llt ki az \u00f3budai fideszes polg\u00e1rmesterjel\u00f6lt mellett - Hot News in World<\/title>\n<meta name=\"robots\" content=\"index, follow, max-snippet:-1, max-image-preview:large, max-video-preview:-1\" \/>\n<link rel=\"canonical\" href=\"https:\/\/hotnewsinworld.com\/hu\/szandi-kampanyvideoban-allt-ki-az-obudai-fideszes-polgarmesterjelolt-mellett\/\" \/>\n<meta property=\"og:locale\" content=\"hu_HU\" \/>\n<meta property=\"og:type\" content=\"article\" \/>\n<meta property=\"og:title\" content=\"Szandi kamp\u00e1nyvide\u00f3ban \u00e1llt ki az \u00f3budai fideszes polg\u00e1rmesterjel\u00f6lt mellett - Hot News in World\" \/>\n<meta property=\"og:description\" content=\"[ad_1] &#013; ADATV\u00c9DELMI \u00c1TTEKINT\u00c9S&#013; FUNKCION\u00c1LIS S\u00dcTIK&#013; KIEG\u00c9SZ\u00cdT\u0150 S\u00dcTIK&#013; Adatv\u00e9delmi \u00e1ttekint\u00e9s Ez a weboldal s\u00fctiket (cookies) haszn\u00e1l ahhoz, hogy a weboldal megfelel\u0151en m\u0171k\u00f6dj\u00f6n, tov\u00e1bb\u00e1 az oldalt felkeres\u0151 l\u00e1togat\u00f3k sz\u00e1m\u00e1ra a legjobb felhaszn\u00e1l\u00f3i \u00e9lm\u00e9nyt lehessen biztos\u00edtani. A s\u00fctikben elmentett inform\u00e1ci\u00f3k a weboldalt felkeres\u0151 l\u00e1togat\u00f3k b\u00f6ng\u00e9sz\u0151j\u00e9ben ker\u00fcl t\u00e1rol\u00e1sra, \u00e9s olyan adatokat tartalmaznak amelyeknek seg\u00edts\u00e9g\u00e9vel felismerhetj\u00fck, ha a weboldalra [&hellip;]\" \/>\n<meta property=\"og:url\" content=\"https:\/\/hotnewsinworld.com\/hu\/szandi-kampanyvideoban-allt-ki-az-obudai-fideszes-polgarmesterjelolt-mellett\/\" \/>\n<meta property=\"og:site_name\" content=\"Hot News in World\" \/>\n<meta property=\"article:published_time\" content=\"2019-08-30T18:56:57+00:00\" \/>\n<meta property=\"article:modified_time\" content=\"2019-08-30T18:56:58+00:00\" \/>\n<meta property=\"og:image\" content=\"https:\/\/hotnewsinworld.com\/hu\/wp-content\/uploads\/sites\/3\/2019\/08\/Szandi-kamp\u00e1nyvide\u00f3ban-\u00e1llt-ki-az-\u00f3budai-fideszes-polg\u00e1rmesterjel\u00f6lt-mellett.jpg\" \/>\n\t<meta property=\"og:image:width\" content=\"520\" \/>\n\t<meta property=\"og:image:height\" content=\"434\" \/>\n\t<meta property=\"og:image:type\" content=\"image\/jpeg\" \/>\n<meta name=\"author\" content=\"hotnewsinworld\" \/>\n<meta name=\"twitter:card\" content=\"summary_large_image\" \/>\n<meta name=\"twitter:label1\" content=\"Szerz\u0151:\" \/>\n\t<meta name=\"twitter:data1\" content=\"hotnewsinworld\" \/>\n\t<meta name=\"twitter:label2\" content=\"Becs\u00fclt olvas\u00e1si id\u0151\" \/>\n\t<meta name=\"twitter:data2\" content=\"1 perc\" \/>\n<script type=\"application\/ld+json\" class=\"yoast-schema-graph\">{\"@context\":\"https:\\\/\\\/schema.org\",\"@graph\":[{\"@type\":\"Article\",\"@id\":\"https:\\\/\\\/hotnewsinworld.com\\\/hu\\\/szandi-kampanyvideoban-allt-ki-az-obudai-fideszes-polgarmesterjelolt-mellett\\\/#article\",\"isPartOf\":{\"@id\":\"https:\\\/\\\/hotnewsinworld.com\\\/hu\\\/szandi-kampanyvideoban-allt-ki-az-obudai-fideszes-polgarmesterjelolt-mellett\\\/\"},\"author\":{\"name\":\"hotnewsinworld\",\"@id\":\"https:\\\/\\\/hotnewsinworld.com\\\/hu\\\/#\\\/schema\\\/person\\\/fe61448b21c0d59086e75fcc1f9d8f6b\"},\"headline\":\"Szandi kamp\u00e1nyvide\u00f3ban \u00e1llt ki az \u00f3budai fideszes polg\u00e1rmesterjel\u00f6lt mellett\",\"datePublished\":\"2019-08-30T18:56:57+00:00\",\"dateModified\":\"2019-08-30T18:56:58+00:00\",\"mainEntityOfPage\":{\"@id\":\"https:\\\/\\\/hotnewsinworld.com\\\/hu\\\/szandi-kampanyvideoban-allt-ki-az-obudai-fideszes-polgarmesterjelolt-mellett\\\/\"},\"wordCount\":307,\"commentCount\":0,\"image\":{\"@id\":\"https:\\\/\\\/hotnewsinworld.com\\\/hu\\\/szandi-kampanyvideoban-allt-ki-az-obudai-fideszes-polgarmesterjelolt-mellett\\\/#primaryimage\"},\"thumbnailUrl\":\"https:\\\/\\\/hotnewsinworld.com\\\/hu\\\/wp-content\\\/uploads\\\/sites\\\/3\\\/2019\\\/08\\\/Szandi-kamp\u00e1nyvide\u00f3ban-\u00e1llt-ki-az-\u00f3budai-fideszes-polg\u00e1rmesterjel\u00f6lt-mellett.jpg\",\"articleSection\":[\"LEG\u00daJABB P\u00c9NZ\u00dcGYI H\u00cdREK\"],\"inLanguage\":\"hu\",\"potentialAction\":[{\"@type\":\"CommentAction\",\"name\":\"Comment\",\"target\":[\"https:\\\/\\\/hotnewsinworld.com\\\/hu\\\/szandi-kampanyvideoban-allt-ki-az-obudai-fideszes-polgarmesterjelolt-mellett\\\/#respond\"]}]},{\"@type\":\"WebPage\",\"@id\":\"https:\\\/\\\/hotnewsinworld.com\\\/hu\\\/szandi-kampanyvideoban-allt-ki-az-obudai-fideszes-polgarmesterjelolt-mellett\\\/\",\"url\":\"https:\\\/\\\/hotnewsinworld.com\\\/hu\\\/szandi-kampanyvideoban-allt-ki-az-obudai-fideszes-polgarmesterjelolt-mellett\\\/\",\"name\":\"Szandi kamp\u00e1nyvide\u00f3ban \u00e1llt ki az \u00f3budai fideszes polg\u00e1rmesterjel\u00f6lt mellett - Hot News in World\",\"isPartOf\":{\"@id\":\"https:\\\/\\\/hotnewsinworld.com\\\/hu\\\/#website\"},\"primaryImageOfPage\":{\"@id\":\"https:\\\/\\\/hotnewsinworld.com\\\/hu\\\/szandi-kampanyvideoban-allt-ki-az-obudai-fideszes-polgarmesterjelolt-mellett\\\/#primaryimage\"},\"image\":{\"@id\":\"https:\\\/\\\/hotnewsinworld.com\\\/hu\\\/szandi-kampanyvideoban-allt-ki-az-obudai-fideszes-polgarmesterjelolt-mellett\\\/#primaryimage\"},\"thumbnailUrl\":\"https:\\\/\\\/hotnewsinworld.com\\\/hu\\\/wp-content\\\/uploads\\\/sites\\\/3\\\/2019\\\/08\\\/Szandi-kamp\u00e1nyvide\u00f3ban-\u00e1llt-ki-az-\u00f3budai-fideszes-polg\u00e1rmesterjel\u00f6lt-mellett.jpg\",\"datePublished\":\"2019-08-30T18:56:57+00:00\",\"dateModified\":\"2019-08-30T18:56:58+00:00\",\"author\":{\"@id\":\"https:\\\/\\\/hotnewsinworld.com\\\/hu\\\/#\\\/schema\\\/person\\\/fe61448b21c0d59086e75fcc1f9d8f6b\"},\"breadcrumb\":{\"@id\":\"https:\\\/\\\/hotnewsinworld.com\\\/hu\\\/szandi-kampanyvideoban-allt-ki-az-obudai-fideszes-polgarmesterjelolt-mellett\\\/#breadcrumb\"},\"inLanguage\":\"hu\",\"potentialAction\":[{\"@type\":\"ReadAction\",\"target\":[\"https:\\\/\\\/hotnewsinworld.com\\\/hu\\\/szandi-kampanyvideoban-allt-ki-az-obudai-fideszes-polgarmesterjelolt-mellett\\\/\"]}]},{\"@type\":\"ImageObject\",\"inLanguage\":\"hu\",\"@id\":\"https:\\\/\\\/hotnewsinworld.com\\\/hu\\\/szandi-kampanyvideoban-allt-ki-az-obudai-fideszes-polgarmesterjelolt-mellett\\\/#primaryimage\",\"url\":\"https:\\\/\\\/hotnewsinworld.com\\\/hu\\\/wp-content\\\/uploads\\\/sites\\\/3\\\/2019\\\/08\\\/Szandi-kamp\u00e1nyvide\u00f3ban-\u00e1llt-ki-az-\u00f3budai-fideszes-polg\u00e1rmesterjel\u00f6lt-mellett.jpg\",\"contentUrl\":\"https:\\\/\\\/hotnewsinworld.com\\\/hu\\\/wp-content\\\/uploads\\\/sites\\\/3\\\/2019\\\/08\\\/Szandi-kamp\u00e1nyvide\u00f3ban-\u00e1llt-ki-az-\u00f3budai-fideszes-polg\u00e1rmesterjel\u00f6lt-mellett.jpg\",\"width\":520,\"height\":434,\"caption\":\"Szandi kamp&aacute;nyvide&oacute;ban &aacute;llt ki az &oacute;budai fideszes polg&aacute;rmesterjel&ouml;lt mellett\"},{\"@type\":\"BreadcrumbList\",\"@id\":\"https:\\\/\\\/hotnewsinworld.com\\\/hu\\\/szandi-kampanyvideoban-allt-ki-az-obudai-fideszes-polgarmesterjelolt-mellett\\\/#breadcrumb\",\"itemListElement\":[{\"@type\":\"ListItem\",\"position\":1,\"name\":\"\u0413\u043b\u0430\u0432\u043d\u0430\u044f \u0441\u0442\u0440\u0430\u043d\u0438\u0446\u0430\",\"item\":\"https:\\\/\\\/hotnewsinworld.com\\\/hu\\\/\"},{\"@type\":\"ListItem\",\"position\":2,\"name\":\"Szandi kamp\u00e1nyvide\u00f3ban \u00e1llt ki az \u00f3budai fideszes polg\u00e1rmesterjel\u00f6lt mellett\"}]},{\"@type\":\"WebSite\",\"@id\":\"https:\\\/\\\/hotnewsinworld.com\\\/hu\\\/#website\",\"url\":\"https:\\\/\\\/hotnewsinworld.com\\\/hu\\\/\",\"name\":\"Hot News in World\",\"description\":\"Hot News in World from Hungary\",\"potentialAction\":[{\"@type\":\"SearchAction\",\"target\":{\"@type\":\"EntryPoint\",\"urlTemplate\":\"https:\\\/\\\/hotnewsinworld.com\\\/hu\\\/?s={search_term_string}\"},\"query-input\":{\"@type\":\"PropertyValueSpecification\",\"valueRequired\":true,\"valueName\":\"search_term_string\"}}],\"inLanguage\":\"hu\"},{\"@type\":\"Person\",\"@id\":\"https:\\\/\\\/hotnewsinworld.com\\\/hu\\\/#\\\/schema\\\/person\\\/fe61448b21c0d59086e75fcc1f9d8f6b\",\"name\":\"hotnewsinworld\",\"image\":{\"@type\":\"ImageObject\",\"inLanguage\":\"hu\",\"@id\":\"https:\\\/\\\/secure.gravatar.com\\\/avatar\\\/8a09ac165600ce2e1c38fe593c63928eb1e6e7ba5c5a907d67787c41b3d00c14?s=96&d=mm&r=g\",\"url\":\"https:\\\/\\\/secure.gravatar.com\\\/avatar\\\/8a09ac165600ce2e1c38fe593c63928eb1e6e7ba5c5a907d67787c41b3d00c14?s=96&d=mm&r=g\",\"contentUrl\":\"https:\\\/\\\/secure.gravatar.com\\\/avatar\\\/8a09ac165600ce2e1c38fe593c63928eb1e6e7ba5c5a907d67787c41b3d00c14?s=96&d=mm&r=g\",\"caption\":\"hotnewsinworld\"},\"url\":\"https:\\\/\\\/hotnewsinworld.com\\\/hu\\\/author\\\/pt\\\/\"}]}<\/script>\n<!-- \/ Yoast SEO plugin. -->","yoast_head_json":{"title":"Szandi kamp\u00e1nyvide\u00f3ban \u00e1llt ki az \u00f3budai fideszes polg\u00e1rmesterjel\u00f6lt mellett - Hot News in World","robots":{"index":"index","follow":"follow","max-snippet":"max-snippet:-1","max-image-preview":"max-image-preview:large","max-video-preview":"max-video-preview:-1"},"canonical":"https:\/\/hotnewsinworld.com\/hu\/szandi-kampanyvideoban-allt-ki-az-obudai-fideszes-polgarmesterjelolt-mellett\/","og_locale":"hu_HU","og_type":"article","og_title":"Szandi kamp\u00e1nyvide\u00f3ban \u00e1llt ki az \u00f3budai fideszes polg\u00e1rmesterjel\u00f6lt mellett - Hot News in World","og_description":"[ad_1] &#13; ADATV\u00c9DELMI \u00c1TTEKINT\u00c9S&#13; FUNKCION\u00c1LIS S\u00dcTIK&#13; KIEG\u00c9SZ\u00cdT\u0150 S\u00dcTIK&#13; Adatv\u00e9delmi \u00e1ttekint\u00e9s Ez a weboldal s\u00fctiket (cookies) haszn\u00e1l ahhoz, hogy a weboldal megfelel\u0151en m\u0171k\u00f6dj\u00f6n, tov\u00e1bb\u00e1 az oldalt felkeres\u0151 l\u00e1togat\u00f3k sz\u00e1m\u00e1ra a legjobb felhaszn\u00e1l\u00f3i \u00e9lm\u00e9nyt lehessen biztos\u00edtani. A s\u00fctikben elmentett inform\u00e1ci\u00f3k a weboldalt felkeres\u0151 l\u00e1togat\u00f3k b\u00f6ng\u00e9sz\u0151j\u00e9ben ker\u00fcl t\u00e1rol\u00e1sra, \u00e9s olyan adatokat tartalmaznak amelyeknek seg\u00edts\u00e9g\u00e9vel felismerhetj\u00fck, ha a weboldalra [&hellip;]","og_url":"https:\/\/hotnewsinworld.com\/hu\/szandi-kampanyvideoban-allt-ki-az-obudai-fideszes-polgarmesterjelolt-mellett\/","og_site_name":"Hot News in World","article_published_time":"2019-08-30T18:56:57+00:00","article_modified_time":"2019-08-30T18:56:58+00:00","og_image":[{"width":520,"height":434,"url":"https:\/\/hotnewsinworld.com\/hu\/wp-content\/uploads\/sites\/3\/2019\/08\/Szandi-kamp\u00e1nyvide\u00f3ban-\u00e1llt-ki-az-\u00f3budai-fideszes-polg\u00e1rmesterjel\u00f6lt-mellett.jpg","type":"image\/jpeg"}],"author":"hotnewsinworld","twitter_card":"summary_large_image","twitter_misc":{"Szerz\u0151:":"hotnewsinworld","Becs\u00fclt olvas\u00e1si id\u0151":"1 perc"},"schema":{"@context":"https:\/\/schema.org","@graph":[{"@type":"Article","@id":"https:\/\/hotnewsinworld.com\/hu\/szandi-kampanyvideoban-allt-ki-az-obudai-fideszes-polgarmesterjelolt-mellett\/#article","isPartOf":{"@id":"https:\/\/hotnewsinworld.com\/hu\/szandi-kampanyvideoban-allt-ki-az-obudai-fideszes-polgarmesterjelolt-mellett\/"},"author":{"name":"hotnewsinworld","@id":"https:\/\/hotnewsinworld.com\/hu\/#\/schema\/person\/fe61448b21c0d59086e75fcc1f9d8f6b"},"headline":"Szandi kamp\u00e1nyvide\u00f3ban \u00e1llt ki az \u00f3budai fideszes polg\u00e1rmesterjel\u00f6lt mellett","datePublished":"2019-08-30T18:56:57+00:00","dateModified":"2019-08-30T18:56:58+00:00","mainEntityOfPage":{"@id":"https:\/\/hotnewsinworld.com\/hu\/szandi-kampanyvideoban-allt-ki-az-obudai-fideszes-polgarmesterjelolt-mellett\/"},"wordCount":307,"commentCount":0,"image":{"@id":"https:\/\/hotnewsinworld.com\/hu\/szandi-kampanyvideoban-allt-ki-az-obudai-fideszes-polgarmesterjelolt-mellett\/#primaryimage"},"thumbnailUrl":"https:\/\/hotnewsinworld.com\/hu\/wp-content\/uploads\/sites\/3\/2019\/08\/Szandi-kamp\u00e1nyvide\u00f3ban-\u00e1llt-ki-az-\u00f3budai-fideszes-polg\u00e1rmesterjel\u00f6lt-mellett.jpg","articleSection":["LEG\u00daJABB P\u00c9NZ\u00dcGYI H\u00cdREK"],"inLanguage":"hu","potentialAction":[{"@type":"CommentAction","name":"Comment","target":["https:\/\/hotnewsinworld.com\/hu\/szandi-kampanyvideoban-allt-ki-az-obudai-fideszes-polgarmesterjelolt-mellett\/#respond"]}]},{"@type":"WebPage","@id":"https:\/\/hotnewsinworld.com\/hu\/szandi-kampanyvideoban-allt-ki-az-obudai-fideszes-polgarmesterjelolt-mellett\/","url":"https:\/\/hotnewsinworld.com\/hu\/szandi-kampanyvideoban-allt-ki-az-obudai-fideszes-polgarmesterjelolt-mellett\/","name":"Szandi kamp\u00e1nyvide\u00f3ban \u00e1llt ki az \u00f3budai fideszes polg\u00e1rmesterjel\u00f6lt mellett - Hot News in World","isPartOf":{"@id":"https:\/\/hotnewsinworld.com\/hu\/#website"},"primaryImageOfPage":{"@id":"https:\/\/hotnewsinworld.com\/hu\/szandi-kampanyvideoban-allt-ki-az-obudai-fideszes-polgarmesterjelolt-mellett\/#primaryimage"},"image":{"@id":"https:\/\/hotnewsinworld.com\/hu\/szandi-kampanyvideoban-allt-ki-az-obudai-fideszes-polgarmesterjelolt-mellett\/#primaryimage"},"thumbnailUrl":"https:\/\/hotnewsinworld.com\/hu\/wp-content\/uploads\/sites\/3\/2019\/08\/Szandi-kamp\u00e1nyvide\u00f3ban-\u00e1llt-ki-az-\u00f3budai-fideszes-polg\u00e1rmesterjel\u00f6lt-mellett.jpg","datePublished":"2019-08-30T18:56:57+00:00","dateModified":"2019-08-30T18:56:58+00:00","author":{"@id":"https:\/\/hotnewsinworld.com\/hu\/#\/schema\/person\/fe61448b21c0d59086e75fcc1f9d8f6b"},"breadcrumb":{"@id":"https:\/\/hotnewsinworld.com\/hu\/szandi-kampanyvideoban-allt-ki-az-obudai-fideszes-polgarmesterjelolt-mellett\/#breadcrumb"},"inLanguage":"hu","potentialAction":[{"@type":"ReadAction","target":["https:\/\/hotnewsinworld.com\/hu\/szandi-kampanyvideoban-allt-ki-az-obudai-fideszes-polgarmesterjelolt-mellett\/"]}]},{"@type":"ImageObject","inLanguage":"hu","@id":"https:\/\/hotnewsinworld.com\/hu\/szandi-kampanyvideoban-allt-ki-az-obudai-fideszes-polgarmesterjelolt-mellett\/#primaryimage","url":"https:\/\/hotnewsinworld.com\/hu\/wp-content\/uploads\/sites\/3\/2019\/08\/Szandi-kamp\u00e1nyvide\u00f3ban-\u00e1llt-ki-az-\u00f3budai-fideszes-polg\u00e1rmesterjel\u00f6lt-mellett.jpg","contentUrl":"https:\/\/hotnewsinworld.com\/hu\/wp-content\/uploads\/sites\/3\/2019\/08\/Szandi-kamp\u00e1nyvide\u00f3ban-\u00e1llt-ki-az-\u00f3budai-fideszes-polg\u00e1rmesterjel\u00f6lt-mellett.jpg","width":520,"height":434,"caption":"Szandi kamp&aacute;nyvide&oacute;ban &aacute;llt ki az &oacute;budai fideszes polg&aacute;rmesterjel&ouml;lt mellett"},{"@type":"BreadcrumbList","@id":"https:\/\/hotnewsinworld.com\/hu\/szandi-kampanyvideoban-allt-ki-az-obudai-fideszes-polgarmesterjelolt-mellett\/#breadcrumb","itemListElement":[{"@type":"ListItem","position":1,"name":"\u0413\u043b\u0430\u0432\u043d\u0430\u044f \u0441\u0442\u0440\u0430\u043d\u0438\u0446\u0430","item":"https:\/\/hotnewsinworld.com\/hu\/"},{"@type":"ListItem","position":2,"name":"Szandi kamp\u00e1nyvide\u00f3ban \u00e1llt ki az \u00f3budai fideszes polg\u00e1rmesterjel\u00f6lt mellett"}]},{"@type":"WebSite","@id":"https:\/\/hotnewsinworld.com\/hu\/#website","url":"https:\/\/hotnewsinworld.com\/hu\/","name":"Hot News in World","description":"Hot News in World from Hungary","potentialAction":[{"@type":"SearchAction","target":{"@type":"EntryPoint","urlTemplate":"https:\/\/hotnewsinworld.com\/hu\/?s={search_term_string}"},"query-input":{"@type":"PropertyValueSpecification","valueRequired":true,"valueName":"search_term_string"}}],"inLanguage":"hu"},{"@type":"Person","@id":"https:\/\/hotnewsinworld.com\/hu\/#\/schema\/person\/fe61448b21c0d59086e75fcc1f9d8f6b","name":"hotnewsinworld","image":{"@type":"ImageObject","inLanguage":"hu","@id":"https:\/\/secure.gravatar.com\/avatar\/8a09ac165600ce2e1c38fe593c63928eb1e6e7ba5c5a907d67787c41b3d00c14?s=96&d=mm&r=g","url":"https:\/\/secure.gravatar.com\/avatar\/8a09ac165600ce2e1c38fe593c63928eb1e6e7ba5c5a907d67787c41b3d00c14?s=96&d=mm&r=g","contentUrl":"https:\/\/secure.gravatar.com\/avatar\/8a09ac165600ce2e1c38fe593c63928eb1e6e7ba5c5a907d67787c41b3d00c14?s=96&d=mm&r=g","caption":"hotnewsinworld"},"url":"https:\/\/hotnewsinworld.com\/hu\/author\/pt\/"}]}},"_links":{"self":[{"href":"https:\/\/hotnewsinworld.com\/hu\/wp-json\/wp\/v2\/posts\/1410","targetHints":{"allow":["GET"]}}],"collection":[{"href":"https:\/\/hotnewsinworld.com\/hu\/wp-json\/wp\/v2\/posts"}],"about":[{"href":"https:\/\/hotnewsinworld.com\/hu\/wp-json\/wp\/v2\/types\/post"}],"author":[{"embeddable":true,"href":"https:\/\/hotnewsinworld.com\/hu\/wp-json\/wp\/v2\/users\/2"}],"replies":[{"embeddable":true,"href":"https:\/\/hotnewsinworld.com\/hu\/wp-json\/wp\/v2\/comments?post=1410"}],"version-history":[{"count":1,"href":"https:\/\/hotnewsinworld.com\/hu\/wp-json\/wp\/v2\/posts\/1410\/revisions"}],"predecessor-version":[{"id":1412,"href":"https:\/\/hotnewsinworld.com\/hu\/wp-json\/wp\/v2\/posts\/1410\/revisions\/1412"}],"wp:featuredmedia":[{"embeddable":true,"href":"https:\/\/hotnewsinworld.com\/hu\/wp-json\/wp\/v2\/media\/1411"}],"wp:attachment":[{"href":"https:\/\/hotnewsinworld.com\/hu\/wp-json\/wp\/v2\/media?parent=1410"}],"wp:term":[{"taxonomy":"category","embeddable":true,"href":"https:\/\/hotnewsinworld.com\/hu\/wp-json\/wp\/v2\/categories?post=1410"},{"taxonomy":"post_tag","embeddable":true,"href":"https:\/\/hotnewsinworld.com\/hu\/wp-json\/wp\/v2\/tags?post=1410"}],"curies":[{"name":"wp","href":"https:\/\/api.w.org\/{rel}","templated":true}]}}