{"id":1413,"date":"2019-08-30T23:58:18","date_gmt":"2019-08-30T20:58:18","guid":{"rendered":"https:\/\/hotnewsinworld.com\/hu\/szilagyi-peter-az-anyaorszag-nem-mondott-le-a-magyarorszagon-kivul-elo-magyarokrol\/"},"modified":"2019-08-30T23:58:19","modified_gmt":"2019-08-30T20:58:19","slug":"szilagyi-peter-az-anyaorszag-nem-mondott-le-a-magyarorszagon-kivul-elo-magyarokrol","status":"publish","type":"post","link":"https:\/\/hotnewsinworld.com\/hu\/szilagyi-peter-az-anyaorszag-nem-mondott-le-a-magyarorszagon-kivul-elo-magyarokrol\/","title":{"rendered":"Szil\u00e1gyi P\u00e9ter: az anyaorsz\u00e1g nem mondott le a Magyarorsz\u00e1gon k\u00edv\u00fcl \u00e9l\u0151 magyarokr\u00f3l"},"content":{"rendered":"<p> [ad_1]<br \/>\n<\/p>\n<div>\n<p>A korm\u00e1ny azon dolgozik 2010 \u00f3ta, hogy a Magyarorsz\u00e1gon k\u00edv\u00fcl \u00e9l\u0151 magyarok \u00e9rezz\u00e9k, az anyaorsz\u00e1g nem mondott le r\u00f3luk \u2013 hangoztatta a Minisztereln\u00f6ks\u00e9g nemzetpolitik\u00e1\u00e9rt felel\u0151s miniszteri biztosa p\u00e9nteken Gy\u0151rben, a nyugati diaszp\u00f3r\u00e1ban magyar nyelvet tan\u00edt\u00f3k 19. tov\u00e1bbk\u00e9pz\u00e9s\u00e9nek z\u00e1r\u00f3\u00fcnneps\u00e9g\u00e9n.<\/p>\n<p>Szil\u00e1gyi P\u00e9ter elmondta: az\u00e9rt, hogy ezt az \u00e9rz\u00e9st er\u0151s\u00edts\u00e9k, els\u0151 l\u00e9p\u00e9sk\u00e9nt m\u00f3dos\u00edtott\u00e1k az \u00e1llampolg\u00e1rs\u00e1gi t\u00f6rv\u00e9nyt, hogy a diaszp\u00f3r\u00e1ban \u00e9l\u0151k a K\u00e1rp\u00e1t-medencei magyars\u00e1g mellett k\u00f6nny\u00edtett m\u00f3don szerezhessenek magyar \u00e1llampolg\u00e1rs\u00e1got, m\u00e1sodik l\u00e9p\u00e9sk\u00e9nt pedig elfogadt\u00e1k 2011-ben az alapt\u00f6rv\u00e9nyt.<\/p>\n<p>Kiemelte, hogy Magyarorsz\u00e1g nemcsak felel\u0151ss\u00e9get \u00e9rez,<\/p>\n<blockquote><p>&#13;<\/p>\n<p>hanem felel\u0151ss\u00e9get is visel a hat\u00e1ron t\u00fali magyars\u00e1g\u00e9rt. Ez proakt\u00edv, a k\u00f6z\u00f6ss\u00e9g ig\u00e9nyeinek megfelel\u0151 korm\u00e1nyzati politik\u00e1t k\u00edv\u00e1n; ez\u00e9rt sz\u00e1mos programot ind\u00edtott a Minisztereln\u00f6ks\u00e9g a diaszp\u00f3r\u00e1ban \u00e9l\u0151k seg\u00edt\u00e9s\u00e9re<\/p>\n<p>&#13;\n<\/p><\/blockquote>\n<p>&#8211; mondta a miniszteri biztos.<\/p>\n<p>Kifejtette, hogy 2013-ban elindult a K\u0151r\u00f6si Csoma S\u00e1ndor-program; 2017-ben ny\u00edlt p\u00e1ly\u00e1zati rendszer indult a diaszp\u00f3r\u00e1ban \u00e9l\u0151 magyar szervezetek sz\u00e1m\u00e1ra, amelynek \u00e9ves kerete \u00f6tsz\u00e1zmilli\u00f3 forint; elindult a R\u00e1k\u00f3czi Sz\u00f6vets\u00e9ggel egy\u00fcttm\u0171k\u00f6dve egy dipaszp\u00f3ra-t\u00e1boroztat\u00e1si program; a nemzetpolitikai \u00e1llamtitk\u00e1rs\u00e1g tov\u00e1bbk\u00e9pz\u00e9seket tart a h\u00e9tv\u00e9gi iskol\u00e1kban dolgoz\u00f3 pedag\u00f3gusoknak, id\u00e9n febru\u00e1rban t\u00f6bb mint sz\u00e1zan vettek r\u00e9szt egy ilyen k\u00e9pz\u00e9sen.<\/p>\n<p>Szil\u00e1gyi P\u00e9ter megk\u00f6sz\u00f6nte a k\u00e9pz\u00e9sen r\u00e9sztvev\u0151knek, hogy a diaszp\u00f3r\u00e1ban \u00e9l\u0151 magyar k\u00f6z\u00f6ss\u00e9gekben id\u0151seket \u00e9s gyermekeket is seg\u00edtenek, megismertetik vel\u00fck a magyar nyelvet \u00e9s kult\u00far\u00e1t, ez\u00e1ltal meger\u0151s\u00edtik magyars\u00e1gukban az eg\u00e9sz k\u00f6z\u00f6ss\u00e9get.<\/p>\n<p>A nyugati diaszp\u00f3r\u00e1ban magyar nyelvet tan\u00edt\u00f3k tov\u00e1bbk\u00e9pz\u00e9s\u00e9t az Ausztriai Magyar Egyes\u00fcletek \u00e9s Szervezetek K\u00f6zponti Sz\u00f6vets\u00e9ge szervezi a Sz\u00e9chenyi Istv\u00e1n Egyetem Ap\u00e1czai Csere J\u00e1nos Kar\u00e1val egy\u00fcttm\u0171k\u00f6dve. Id\u00e9n 13 orsz\u00e1gb\u00f3l 32-en vettek r\u00e9szt az egyhetes k\u00e9pz\u00e9sen. \u00c9rkeztek pedag\u00f3gusok az Amerikai Egyes\u00fclt \u00c1llamokb\u00f3l, Argent\u00edn\u00e1b\u00f3l, Ausztri\u00e1b\u00f3l, Ausztr\u00e1li\u00e1b\u00f3l, Braz\u00edli\u00e1b\u00f3l, Ciprusr\u00f3l, Csehorsz\u00e1gb\u00f3l, az Egyes\u00fclt Kir\u00e1lys\u00e1gb\u00f3l, Izlandr\u00f3l, Kanad\u00e1b\u00f3l, N\u00e9metorsz\u00e1gb\u00f3l, Paraguayb\u00f3l \u00e9s Sv\u00e9dorsz\u00e1gb\u00f3l.<\/p>\n<p>(MTI)<\/p>\n<p>        <!--div style=\"padding:20px;margin-top:20px;border-left: 4px solid #e71000;background:#f6f6f6;\">\n            \n\n<h2>FinTechRadar 2.0 konferencia - van m&aacute;r jegyed?<\/h2>\n\n\n\n            \n\n<p>T&eacute;m&aacute;ink: PSD2\/Mobilfizet&eacute;s, Adatbiztons&aacute;g, UX, Big data, &Aacute;llam &eacute;s fintech, Insurtech.\n            2 nap, 30 el&#337;ad&oacute; &eacute;s v&aacute;laszok a fintech aktu&aacute;lis k&eacute;rd&eacute;seire okt&oacute;ber 17-18-&aacute;n a Sug&aacute;r Moziban.<\/p>\n\n\n\n            <a href=\"http:\/\/fintechradar.hu\/konferencia2?utm_source=propeller.hu&utm_medium=textlink&utm_campaign=FTR_konf2\"\n            class=\"button primary\" target=\"_blank\" style=\"color:#fff;margin-top:15px;background: #e71000;\" rel=\"noopener noreferrer\">Program &eacute;s jegyv&aacute;s&aacute;rl&aacute;s &rarr;<\/a>\n        <\/div-->\n    <\/div>\n<p><script>(function(d, s, id) {\n  var js, fjs = d.getElementsByTagName(s)[0];\n  if (d.getElementById(id)) return;\n  js = d.createElement(s); js.id = id;\n  js.src = \"http:\/\/connect.facebook.net\/hu_HU\/sdk.js#xfbml=1&version=v2.7&appId=247823682023773\";\n  fjs.parentNode.insertBefore(js, fjs);\n}(document, 'script', 'facebook-jssdk'));<\/script><br \/>\n<br \/>[ad_2]<br \/>\n<br \/><a href=\"https:\/\/hirek.oldal.info\/rssclick\/14357615\">Source link <\/a><\/p>\n","protected":false},"excerpt":{"rendered":"<p>[ad_1] A korm\u00e1ny azon dolgozik 2010 \u00f3ta, hogy a Magyarorsz\u00e1gon k\u00edv\u00fcl \u00e9l\u0151 magyarok \u00e9rezz\u00e9k, az anyaorsz\u00e1g nem mondott le r\u00f3luk \u2013 hangoztatta a Minisztereln\u00f6ks\u00e9g nemzetpolitik\u00e1\u00e9rt felel\u0151s miniszteri biztosa p\u00e9nteken Gy\u0151rben, a nyugati diaszp\u00f3r\u00e1ban magyar nyelvet tan\u00edt\u00f3k 19. tov\u00e1bbk\u00e9pz\u00e9s\u00e9nek z\u00e1r\u00f3\u00fcnneps\u00e9g\u00e9n. Szil\u00e1gyi P\u00e9ter elmondta: az\u00e9rt, hogy ezt az \u00e9rz\u00e9st er\u0151s\u00edts\u00e9k, els\u0151 l\u00e9p\u00e9sk\u00e9nt m\u00f3dos\u00edtott\u00e1k az \u00e1llampolg\u00e1rs\u00e1gi t\u00f6rv\u00e9nyt, hogy [&hellip;]<\/p>\n","protected":false},"author":2,"featured_media":39,"comment_status":"open","ping_status":"open","sticky":false,"template":"","format":"standard","meta":{"footnotes":""},"categories":[1],"tags":[],"class_list":["post-1413","post","type-post","status-publish","format-standard","has-post-thumbnail","hentry","category-legujabb-penzugyi-hirek"],"yoast_head":"<!-- This site is optimized with the Yoast SEO plugin v27.4 - https:\/\/yoast.com\/product\/yoast-seo-wordpress\/ -->\n<title>Szil\u00e1gyi P\u00e9ter: az anyaorsz\u00e1g nem mondott le a Magyarorsz\u00e1gon k\u00edv\u00fcl \u00e9l\u0151 magyarokr\u00f3l - Hot News in World<\/title>\n<meta name=\"robots\" content=\"index, follow, max-snippet:-1, max-image-preview:large, max-video-preview:-1\" \/>\n<link rel=\"canonical\" href=\"https:\/\/hotnewsinworld.com\/hu\/szilagyi-peter-az-anyaorszag-nem-mondott-le-a-magyarorszagon-kivul-elo-magyarokrol\/\" \/>\n<meta property=\"og:locale\" content=\"hu_HU\" \/>\n<meta property=\"og:type\" content=\"article\" \/>\n<meta property=\"og:title\" content=\"Szil\u00e1gyi P\u00e9ter: az anyaorsz\u00e1g nem mondott le a Magyarorsz\u00e1gon k\u00edv\u00fcl \u00e9l\u0151 magyarokr\u00f3l - Hot News in World\" \/>\n<meta property=\"og:description\" content=\"[ad_1] A korm\u00e1ny azon dolgozik 2010 \u00f3ta, hogy a Magyarorsz\u00e1gon k\u00edv\u00fcl \u00e9l\u0151 magyarok \u00e9rezz\u00e9k, az anyaorsz\u00e1g nem mondott le r\u00f3luk \u2013 hangoztatta a Minisztereln\u00f6ks\u00e9g nemzetpolitik\u00e1\u00e9rt felel\u0151s miniszteri biztosa p\u00e9nteken Gy\u0151rben, a nyugati diaszp\u00f3r\u00e1ban magyar nyelvet tan\u00edt\u00f3k 19. tov\u00e1bbk\u00e9pz\u00e9s\u00e9nek z\u00e1r\u00f3\u00fcnneps\u00e9g\u00e9n. Szil\u00e1gyi P\u00e9ter elmondta: az\u00e9rt, hogy ezt az \u00e9rz\u00e9st er\u0151s\u00edts\u00e9k, els\u0151 l\u00e9p\u00e9sk\u00e9nt m\u00f3dos\u00edtott\u00e1k az \u00e1llampolg\u00e1rs\u00e1gi t\u00f6rv\u00e9nyt, hogy [&hellip;]\" \/>\n<meta property=\"og:url\" content=\"https:\/\/hotnewsinworld.com\/hu\/szilagyi-peter-az-anyaorszag-nem-mondott-le-a-magyarorszagon-kivul-elo-magyarokrol\/\" \/>\n<meta property=\"og:site_name\" content=\"Hot News in World\" \/>\n<meta property=\"article:published_time\" content=\"2019-08-30T20:58:18+00:00\" \/>\n<meta property=\"article:modified_time\" content=\"2019-08-30T20:58:19+00:00\" \/>\n<meta property=\"og:image\" content=\"https:\/\/hotnewsinworld.com\/hu\/wp-content\/uploads\/sites\/3\/2019\/05\/MSZP-P\u00e1rbesz\u00e9d-a-korm\u00e1ny-a-munkav\u00e1llal\u00f3k-ellens\u00e9ge.png\" \/>\n\t<meta property=\"og:image:width\" content=\"1000\" \/>\n\t<meta property=\"og:image:height\" content=\"525\" \/>\n\t<meta property=\"og:image:type\" content=\"image\/png\" \/>\n<meta name=\"author\" content=\"hotnewsinworld\" \/>\n<meta name=\"twitter:card\" content=\"summary_large_image\" \/>\n<meta name=\"twitter:label1\" content=\"Szerz\u0151:\" \/>\n\t<meta name=\"twitter:data1\" content=\"hotnewsinworld\" \/>\n\t<meta name=\"twitter:label2\" content=\"Becs\u00fclt olvas\u00e1si id\u0151\" \/>\n\t<meta name=\"twitter:data2\" content=\"2 perc\" \/>\n<script type=\"application\/ld+json\" class=\"yoast-schema-graph\">{\"@context\":\"https:\\\/\\\/schema.org\",\"@graph\":[{\"@type\":\"Article\",\"@id\":\"https:\\\/\\\/hotnewsinworld.com\\\/hu\\\/szilagyi-peter-az-anyaorszag-nem-mondott-le-a-magyarorszagon-kivul-elo-magyarokrol\\\/#article\",\"isPartOf\":{\"@id\":\"https:\\\/\\\/hotnewsinworld.com\\\/hu\\\/szilagyi-peter-az-anyaorszag-nem-mondott-le-a-magyarorszagon-kivul-elo-magyarokrol\\\/\"},\"author\":{\"name\":\"hotnewsinworld\",\"@id\":\"https:\\\/\\\/hotnewsinworld.com\\\/hu\\\/#\\\/schema\\\/person\\\/fe61448b21c0d59086e75fcc1f9d8f6b\"},\"headline\":\"Szil\u00e1gyi P\u00e9ter: az anyaorsz\u00e1g nem mondott le a Magyarorsz\u00e1gon k\u00edv\u00fcl \u00e9l\u0151 magyarokr\u00f3l\",\"datePublished\":\"2019-08-30T20:58:18+00:00\",\"dateModified\":\"2019-08-30T20:58:19+00:00\",\"mainEntityOfPage\":{\"@id\":\"https:\\\/\\\/hotnewsinworld.com\\\/hu\\\/szilagyi-peter-az-anyaorszag-nem-mondott-le-a-magyarorszagon-kivul-elo-magyarokrol\\\/\"},\"wordCount\":477,\"commentCount\":0,\"image\":{\"@id\":\"https:\\\/\\\/hotnewsinworld.com\\\/hu\\\/szilagyi-peter-az-anyaorszag-nem-mondott-le-a-magyarorszagon-kivul-elo-magyarokrol\\\/#primaryimage\"},\"thumbnailUrl\":\"https:\\\/\\\/hotnewsinworld.com\\\/hu\\\/wp-content\\\/uploads\\\/sites\\\/3\\\/2019\\\/05\\\/MSZP-P\u00e1rbesz\u00e9d-a-korm\u00e1ny-a-munkav\u00e1llal\u00f3k-ellens\u00e9ge.png\",\"articleSection\":[\"LEG\u00daJABB P\u00c9NZ\u00dcGYI H\u00cdREK\"],\"inLanguage\":\"hu\",\"potentialAction\":[{\"@type\":\"CommentAction\",\"name\":\"Comment\",\"target\":[\"https:\\\/\\\/hotnewsinworld.com\\\/hu\\\/szilagyi-peter-az-anyaorszag-nem-mondott-le-a-magyarorszagon-kivul-elo-magyarokrol\\\/#respond\"]}]},{\"@type\":\"WebPage\",\"@id\":\"https:\\\/\\\/hotnewsinworld.com\\\/hu\\\/szilagyi-peter-az-anyaorszag-nem-mondott-le-a-magyarorszagon-kivul-elo-magyarokrol\\\/\",\"url\":\"https:\\\/\\\/hotnewsinworld.com\\\/hu\\\/szilagyi-peter-az-anyaorszag-nem-mondott-le-a-magyarorszagon-kivul-elo-magyarokrol\\\/\",\"name\":\"Szil\u00e1gyi P\u00e9ter: az anyaorsz\u00e1g nem mondott le a Magyarorsz\u00e1gon k\u00edv\u00fcl \u00e9l\u0151 magyarokr\u00f3l - Hot News in World\",\"isPartOf\":{\"@id\":\"https:\\\/\\\/hotnewsinworld.com\\\/hu\\\/#website\"},\"primaryImageOfPage\":{\"@id\":\"https:\\\/\\\/hotnewsinworld.com\\\/hu\\\/szilagyi-peter-az-anyaorszag-nem-mondott-le-a-magyarorszagon-kivul-elo-magyarokrol\\\/#primaryimage\"},\"image\":{\"@id\":\"https:\\\/\\\/hotnewsinworld.com\\\/hu\\\/szilagyi-peter-az-anyaorszag-nem-mondott-le-a-magyarorszagon-kivul-elo-magyarokrol\\\/#primaryimage\"},\"thumbnailUrl\":\"https:\\\/\\\/hotnewsinworld.com\\\/hu\\\/wp-content\\\/uploads\\\/sites\\\/3\\\/2019\\\/05\\\/MSZP-P\u00e1rbesz\u00e9d-a-korm\u00e1ny-a-munkav\u00e1llal\u00f3k-ellens\u00e9ge.png\",\"datePublished\":\"2019-08-30T20:58:18+00:00\",\"dateModified\":\"2019-08-30T20:58:19+00:00\",\"author\":{\"@id\":\"https:\\\/\\\/hotnewsinworld.com\\\/hu\\\/#\\\/schema\\\/person\\\/fe61448b21c0d59086e75fcc1f9d8f6b\"},\"breadcrumb\":{\"@id\":\"https:\\\/\\\/hotnewsinworld.com\\\/hu\\\/szilagyi-peter-az-anyaorszag-nem-mondott-le-a-magyarorszagon-kivul-elo-magyarokrol\\\/#breadcrumb\"},\"inLanguage\":\"hu\",\"potentialAction\":[{\"@type\":\"ReadAction\",\"target\":[\"https:\\\/\\\/hotnewsinworld.com\\\/hu\\\/szilagyi-peter-az-anyaorszag-nem-mondott-le-a-magyarorszagon-kivul-elo-magyarokrol\\\/\"]}]},{\"@type\":\"ImageObject\",\"inLanguage\":\"hu\",\"@id\":\"https:\\\/\\\/hotnewsinworld.com\\\/hu\\\/szilagyi-peter-az-anyaorszag-nem-mondott-le-a-magyarorszagon-kivul-elo-magyarokrol\\\/#primaryimage\",\"url\":\"https:\\\/\\\/hotnewsinworld.com\\\/hu\\\/wp-content\\\/uploads\\\/sites\\\/3\\\/2019\\\/05\\\/MSZP-P\u00e1rbesz\u00e9d-a-korm\u00e1ny-a-munkav\u00e1llal\u00f3k-ellens\u00e9ge.png\",\"contentUrl\":\"https:\\\/\\\/hotnewsinworld.com\\\/hu\\\/wp-content\\\/uploads\\\/sites\\\/3\\\/2019\\\/05\\\/MSZP-P\u00e1rbesz\u00e9d-a-korm\u00e1ny-a-munkav\u00e1llal\u00f3k-ellens\u00e9ge.png\",\"width\":1000,\"height\":525,\"caption\":\"MSZP-P\u00e1rbesz\u00e9d: a korm\u00e1ny a munkav\u00e1llal\u00f3k ellens\u00e9ge\"},{\"@type\":\"BreadcrumbList\",\"@id\":\"https:\\\/\\\/hotnewsinworld.com\\\/hu\\\/szilagyi-peter-az-anyaorszag-nem-mondott-le-a-magyarorszagon-kivul-elo-magyarokrol\\\/#breadcrumb\",\"itemListElement\":[{\"@type\":\"ListItem\",\"position\":1,\"name\":\"\u0413\u043b\u0430\u0432\u043d\u0430\u044f \u0441\u0442\u0440\u0430\u043d\u0438\u0446\u0430\",\"item\":\"https:\\\/\\\/hotnewsinworld.com\\\/hu\\\/\"},{\"@type\":\"ListItem\",\"position\":2,\"name\":\"Szil\u00e1gyi P\u00e9ter: az anyaorsz\u00e1g nem mondott le a Magyarorsz\u00e1gon k\u00edv\u00fcl \u00e9l\u0151 magyarokr\u00f3l\"}]},{\"@type\":\"WebSite\",\"@id\":\"https:\\\/\\\/hotnewsinworld.com\\\/hu\\\/#website\",\"url\":\"https:\\\/\\\/hotnewsinworld.com\\\/hu\\\/\",\"name\":\"Hot News in World\",\"description\":\"Hot News in World from Hungary\",\"potentialAction\":[{\"@type\":\"SearchAction\",\"target\":{\"@type\":\"EntryPoint\",\"urlTemplate\":\"https:\\\/\\\/hotnewsinworld.com\\\/hu\\\/?s={search_term_string}\"},\"query-input\":{\"@type\":\"PropertyValueSpecification\",\"valueRequired\":true,\"valueName\":\"search_term_string\"}}],\"inLanguage\":\"hu\"},{\"@type\":\"Person\",\"@id\":\"https:\\\/\\\/hotnewsinworld.com\\\/hu\\\/#\\\/schema\\\/person\\\/fe61448b21c0d59086e75fcc1f9d8f6b\",\"name\":\"hotnewsinworld\",\"image\":{\"@type\":\"ImageObject\",\"inLanguage\":\"hu\",\"@id\":\"https:\\\/\\\/secure.gravatar.com\\\/avatar\\\/8a09ac165600ce2e1c38fe593c63928eb1e6e7ba5c5a907d67787c41b3d00c14?s=96&d=mm&r=g\",\"url\":\"https:\\\/\\\/secure.gravatar.com\\\/avatar\\\/8a09ac165600ce2e1c38fe593c63928eb1e6e7ba5c5a907d67787c41b3d00c14?s=96&d=mm&r=g\",\"contentUrl\":\"https:\\\/\\\/secure.gravatar.com\\\/avatar\\\/8a09ac165600ce2e1c38fe593c63928eb1e6e7ba5c5a907d67787c41b3d00c14?s=96&d=mm&r=g\",\"caption\":\"hotnewsinworld\"},\"url\":\"https:\\\/\\\/hotnewsinworld.com\\\/hu\\\/author\\\/pt\\\/\"}]}<\/script>\n<!-- \/ Yoast SEO plugin. -->","yoast_head_json":{"title":"Szil\u00e1gyi P\u00e9ter: az anyaorsz\u00e1g nem mondott le a Magyarorsz\u00e1gon k\u00edv\u00fcl \u00e9l\u0151 magyarokr\u00f3l - Hot News in World","robots":{"index":"index","follow":"follow","max-snippet":"max-snippet:-1","max-image-preview":"max-image-preview:large","max-video-preview":"max-video-preview:-1"},"canonical":"https:\/\/hotnewsinworld.com\/hu\/szilagyi-peter-az-anyaorszag-nem-mondott-le-a-magyarorszagon-kivul-elo-magyarokrol\/","og_locale":"hu_HU","og_type":"article","og_title":"Szil\u00e1gyi P\u00e9ter: az anyaorsz\u00e1g nem mondott le a Magyarorsz\u00e1gon k\u00edv\u00fcl \u00e9l\u0151 magyarokr\u00f3l - Hot News in World","og_description":"[ad_1] A korm\u00e1ny azon dolgozik 2010 \u00f3ta, hogy a Magyarorsz\u00e1gon k\u00edv\u00fcl \u00e9l\u0151 magyarok \u00e9rezz\u00e9k, az anyaorsz\u00e1g nem mondott le r\u00f3luk \u2013 hangoztatta a Minisztereln\u00f6ks\u00e9g nemzetpolitik\u00e1\u00e9rt felel\u0151s miniszteri biztosa p\u00e9nteken Gy\u0151rben, a nyugati diaszp\u00f3r\u00e1ban magyar nyelvet tan\u00edt\u00f3k 19. tov\u00e1bbk\u00e9pz\u00e9s\u00e9nek z\u00e1r\u00f3\u00fcnneps\u00e9g\u00e9n. Szil\u00e1gyi P\u00e9ter elmondta: az\u00e9rt, hogy ezt az \u00e9rz\u00e9st er\u0151s\u00edts\u00e9k, els\u0151 l\u00e9p\u00e9sk\u00e9nt m\u00f3dos\u00edtott\u00e1k az \u00e1llampolg\u00e1rs\u00e1gi t\u00f6rv\u00e9nyt, hogy [&hellip;]","og_url":"https:\/\/hotnewsinworld.com\/hu\/szilagyi-peter-az-anyaorszag-nem-mondott-le-a-magyarorszagon-kivul-elo-magyarokrol\/","og_site_name":"Hot News in World","article_published_time":"2019-08-30T20:58:18+00:00","article_modified_time":"2019-08-30T20:58:19+00:00","og_image":[{"width":1000,"height":525,"url":"https:\/\/hotnewsinworld.com\/hu\/wp-content\/uploads\/sites\/3\/2019\/05\/MSZP-P\u00e1rbesz\u00e9d-a-korm\u00e1ny-a-munkav\u00e1llal\u00f3k-ellens\u00e9ge.png","type":"image\/png"}],"author":"hotnewsinworld","twitter_card":"summary_large_image","twitter_misc":{"Szerz\u0151:":"hotnewsinworld","Becs\u00fclt olvas\u00e1si id\u0151":"2 perc"},"schema":{"@context":"https:\/\/schema.org","@graph":[{"@type":"Article","@id":"https:\/\/hotnewsinworld.com\/hu\/szilagyi-peter-az-anyaorszag-nem-mondott-le-a-magyarorszagon-kivul-elo-magyarokrol\/#article","isPartOf":{"@id":"https:\/\/hotnewsinworld.com\/hu\/szilagyi-peter-az-anyaorszag-nem-mondott-le-a-magyarorszagon-kivul-elo-magyarokrol\/"},"author":{"name":"hotnewsinworld","@id":"https:\/\/hotnewsinworld.com\/hu\/#\/schema\/person\/fe61448b21c0d59086e75fcc1f9d8f6b"},"headline":"Szil\u00e1gyi P\u00e9ter: az anyaorsz\u00e1g nem mondott le a Magyarorsz\u00e1gon k\u00edv\u00fcl \u00e9l\u0151 magyarokr\u00f3l","datePublished":"2019-08-30T20:58:18+00:00","dateModified":"2019-08-30T20:58:19+00:00","mainEntityOfPage":{"@id":"https:\/\/hotnewsinworld.com\/hu\/szilagyi-peter-az-anyaorszag-nem-mondott-le-a-magyarorszagon-kivul-elo-magyarokrol\/"},"wordCount":477,"commentCount":0,"image":{"@id":"https:\/\/hotnewsinworld.com\/hu\/szilagyi-peter-az-anyaorszag-nem-mondott-le-a-magyarorszagon-kivul-elo-magyarokrol\/#primaryimage"},"thumbnailUrl":"https:\/\/hotnewsinworld.com\/hu\/wp-content\/uploads\/sites\/3\/2019\/05\/MSZP-P\u00e1rbesz\u00e9d-a-korm\u00e1ny-a-munkav\u00e1llal\u00f3k-ellens\u00e9ge.png","articleSection":["LEG\u00daJABB P\u00c9NZ\u00dcGYI H\u00cdREK"],"inLanguage":"hu","potentialAction":[{"@type":"CommentAction","name":"Comment","target":["https:\/\/hotnewsinworld.com\/hu\/szilagyi-peter-az-anyaorszag-nem-mondott-le-a-magyarorszagon-kivul-elo-magyarokrol\/#respond"]}]},{"@type":"WebPage","@id":"https:\/\/hotnewsinworld.com\/hu\/szilagyi-peter-az-anyaorszag-nem-mondott-le-a-magyarorszagon-kivul-elo-magyarokrol\/","url":"https:\/\/hotnewsinworld.com\/hu\/szilagyi-peter-az-anyaorszag-nem-mondott-le-a-magyarorszagon-kivul-elo-magyarokrol\/","name":"Szil\u00e1gyi P\u00e9ter: az anyaorsz\u00e1g nem mondott le a Magyarorsz\u00e1gon k\u00edv\u00fcl \u00e9l\u0151 magyarokr\u00f3l - Hot News in World","isPartOf":{"@id":"https:\/\/hotnewsinworld.com\/hu\/#website"},"primaryImageOfPage":{"@id":"https:\/\/hotnewsinworld.com\/hu\/szilagyi-peter-az-anyaorszag-nem-mondott-le-a-magyarorszagon-kivul-elo-magyarokrol\/#primaryimage"},"image":{"@id":"https:\/\/hotnewsinworld.com\/hu\/szilagyi-peter-az-anyaorszag-nem-mondott-le-a-magyarorszagon-kivul-elo-magyarokrol\/#primaryimage"},"thumbnailUrl":"https:\/\/hotnewsinworld.com\/hu\/wp-content\/uploads\/sites\/3\/2019\/05\/MSZP-P\u00e1rbesz\u00e9d-a-korm\u00e1ny-a-munkav\u00e1llal\u00f3k-ellens\u00e9ge.png","datePublished":"2019-08-30T20:58:18+00:00","dateModified":"2019-08-30T20:58:19+00:00","author":{"@id":"https:\/\/hotnewsinworld.com\/hu\/#\/schema\/person\/fe61448b21c0d59086e75fcc1f9d8f6b"},"breadcrumb":{"@id":"https:\/\/hotnewsinworld.com\/hu\/szilagyi-peter-az-anyaorszag-nem-mondott-le-a-magyarorszagon-kivul-elo-magyarokrol\/#breadcrumb"},"inLanguage":"hu","potentialAction":[{"@type":"ReadAction","target":["https:\/\/hotnewsinworld.com\/hu\/szilagyi-peter-az-anyaorszag-nem-mondott-le-a-magyarorszagon-kivul-elo-magyarokrol\/"]}]},{"@type":"ImageObject","inLanguage":"hu","@id":"https:\/\/hotnewsinworld.com\/hu\/szilagyi-peter-az-anyaorszag-nem-mondott-le-a-magyarorszagon-kivul-elo-magyarokrol\/#primaryimage","url":"https:\/\/hotnewsinworld.com\/hu\/wp-content\/uploads\/sites\/3\/2019\/05\/MSZP-P\u00e1rbesz\u00e9d-a-korm\u00e1ny-a-munkav\u00e1llal\u00f3k-ellens\u00e9ge.png","contentUrl":"https:\/\/hotnewsinworld.com\/hu\/wp-content\/uploads\/sites\/3\/2019\/05\/MSZP-P\u00e1rbesz\u00e9d-a-korm\u00e1ny-a-munkav\u00e1llal\u00f3k-ellens\u00e9ge.png","width":1000,"height":525,"caption":"MSZP-P\u00e1rbesz\u00e9d: a korm\u00e1ny a munkav\u00e1llal\u00f3k ellens\u00e9ge"},{"@type":"BreadcrumbList","@id":"https:\/\/hotnewsinworld.com\/hu\/szilagyi-peter-az-anyaorszag-nem-mondott-le-a-magyarorszagon-kivul-elo-magyarokrol\/#breadcrumb","itemListElement":[{"@type":"ListItem","position":1,"name":"\u0413\u043b\u0430\u0432\u043d\u0430\u044f \u0441\u0442\u0440\u0430\u043d\u0438\u0446\u0430","item":"https:\/\/hotnewsinworld.com\/hu\/"},{"@type":"ListItem","position":2,"name":"Szil\u00e1gyi P\u00e9ter: az anyaorsz\u00e1g nem mondott le a Magyarorsz\u00e1gon k\u00edv\u00fcl \u00e9l\u0151 magyarokr\u00f3l"}]},{"@type":"WebSite","@id":"https:\/\/hotnewsinworld.com\/hu\/#website","url":"https:\/\/hotnewsinworld.com\/hu\/","name":"Hot News in World","description":"Hot News in World from Hungary","potentialAction":[{"@type":"SearchAction","target":{"@type":"EntryPoint","urlTemplate":"https:\/\/hotnewsinworld.com\/hu\/?s={search_term_string}"},"query-input":{"@type":"PropertyValueSpecification","valueRequired":true,"valueName":"search_term_string"}}],"inLanguage":"hu"},{"@type":"Person","@id":"https:\/\/hotnewsinworld.com\/hu\/#\/schema\/person\/fe61448b21c0d59086e75fcc1f9d8f6b","name":"hotnewsinworld","image":{"@type":"ImageObject","inLanguage":"hu","@id":"https:\/\/secure.gravatar.com\/avatar\/8a09ac165600ce2e1c38fe593c63928eb1e6e7ba5c5a907d67787c41b3d00c14?s=96&d=mm&r=g","url":"https:\/\/secure.gravatar.com\/avatar\/8a09ac165600ce2e1c38fe593c63928eb1e6e7ba5c5a907d67787c41b3d00c14?s=96&d=mm&r=g","contentUrl":"https:\/\/secure.gravatar.com\/avatar\/8a09ac165600ce2e1c38fe593c63928eb1e6e7ba5c5a907d67787c41b3d00c14?s=96&d=mm&r=g","caption":"hotnewsinworld"},"url":"https:\/\/hotnewsinworld.com\/hu\/author\/pt\/"}]}},"_links":{"self":[{"href":"https:\/\/hotnewsinworld.com\/hu\/wp-json\/wp\/v2\/posts\/1413","targetHints":{"allow":["GET"]}}],"collection":[{"href":"https:\/\/hotnewsinworld.com\/hu\/wp-json\/wp\/v2\/posts"}],"about":[{"href":"https:\/\/hotnewsinworld.com\/hu\/wp-json\/wp\/v2\/types\/post"}],"author":[{"embeddable":true,"href":"https:\/\/hotnewsinworld.com\/hu\/wp-json\/wp\/v2\/users\/2"}],"replies":[{"embeddable":true,"href":"https:\/\/hotnewsinworld.com\/hu\/wp-json\/wp\/v2\/comments?post=1413"}],"version-history":[{"count":1,"href":"https:\/\/hotnewsinworld.com\/hu\/wp-json\/wp\/v2\/posts\/1413\/revisions"}],"predecessor-version":[{"id":1414,"href":"https:\/\/hotnewsinworld.com\/hu\/wp-json\/wp\/v2\/posts\/1413\/revisions\/1414"}],"wp:featuredmedia":[{"embeddable":true,"href":"https:\/\/hotnewsinworld.com\/hu\/wp-json\/wp\/v2\/media\/39"}],"wp:attachment":[{"href":"https:\/\/hotnewsinworld.com\/hu\/wp-json\/wp\/v2\/media?parent=1413"}],"wp:term":[{"taxonomy":"category","embeddable":true,"href":"https:\/\/hotnewsinworld.com\/hu\/wp-json\/wp\/v2\/categories?post=1413"},{"taxonomy":"post_tag","embeddable":true,"href":"https:\/\/hotnewsinworld.com\/hu\/wp-json\/wp\/v2\/tags?post=1413"}],"curies":[{"name":"wp","href":"https:\/\/api.w.org\/{rel}","templated":true}]}}