{"id":1415,"date":"2019-08-31T01:32:03","date_gmt":"2019-08-30T22:32:03","guid":{"rendered":"https:\/\/hotnewsinworld.com\/hu\/jovore-atadjak-az-uj-kis-balatoni-latogatokozpontot\/"},"modified":"2019-08-31T01:32:04","modified_gmt":"2019-08-30T22:32:04","slug":"jovore-atadjak-az-uj-kis-balatoni-latogatokozpontot","status":"publish","type":"post","link":"https:\/\/hotnewsinworld.com\/hu\/jovore-atadjak-az-uj-kis-balatoni-latogatokozpontot\/","title":{"rendered":"J\u00f6v\u0151re \u00e1tadj\u00e1k az \u00faj kis-balatoni l\u00e1togat\u00f3k\u00f6zpontot"},"content":{"rendered":"<p> [ad_1]<br \/>\n<\/p>\n<div>\n\t\t\t\t\tA cikk emailben t\u00f6rt\u00e9n\u0151 elk\u00fcld\u00e9s\u00e9hez kattintson ide, vagy m\u00e1solja le \u00e9s k\u00fcldje el ezt a linket: <strong>https:\/\/magyarnemzet.hu\/belfold\/jovore-atadjak-az-uj-kis-balatoni-latogatokozpontot-7258652\/<\/strong>\n\t\t\t\t<\/div>\n<p>\n\t\t\t\t\t<span class=\"en-article-dates-main\">2019. augusztus 30. p\u00e9ntek 23:24<\/span><br \/>\n\t\t\t\t\t\t\t\t\t\t\t\t\t\t\t<span class=\"en-article-dates-updated\">2019. 08. 31. 00:24<\/span>\n\t\t\t\t\t\t\t\t\t<\/p>\n<div>\n<p>\n\t\t\t\t\t\t\t\tJ\u00f6v\u0151re adj\u00e1k \u00e1t az \u00faj Kis-Balaton L\u00e1togat\u00f3k\u00f6zpontot \u2013 k\u00f6z\u00f6lte az Agr\u00e1rminiszt\u00e9rium k\u00f6rnyezet\u00fcgyek\u00e9rt felel\u0151s \u00e1llamtitk\u00e1ra p\u00e9ntek este Balatonszentgy\u00f6rgy\u00f6n, miut\u00e1n terepbej\u00e1r\u00e1st tartott az 1,2 milli\u00e1rd forint eur\u00f3pai uni\u00f3s t\u00e1mogat\u00e1sb\u00f3l \u00e9p\u00fcl\u0151 l\u00e9tes\u00edtm\u00e9nyn\u00e9l.\t\t\t\t\t\t\t<\/p>\n<p>Magyarorsz\u00e1g egynegyede term\u00e9szet k\u00f6zeli \u00e1llapotban maradt. A term\u00e9szeti \u00f6r\u00f6ks\u00e9g v\u00e9delm\u00e9t t\u00edz nemzeti park l\u00e1tja el mintegy 1400 munkat\u00e1rssal \u2013 mondta R\u00e1cz Andr\u00e1s a Fejl\u0151d\u0151 Kis-Balaton c\u00edm\u0171 rendezv\u00e9nyen.<\/p>\n<p>A magyarorsz\u00e1gi \u00f6koturizmus legjelent\u0151sebb t\u00e9nyez\u0151i a nemzeti parkok igazgat\u00f3s\u00e1gai, amelyek r\u00e9g\u00e9szeti \u00f6r\u00f6ks\u00e9geket is v\u00e9denek, \u00e9s az orsz\u00e1g 700 \u00f6koturisztikai l\u00e9tes\u00edtm\u00e9ny\u00e9nek mintegy fel\u00e9t m\u0171k\u00f6dtetik. K\u00f6zel 300 ezer hekt\u00e1rnyi \u00e1llami tulajdon\u00fa ter\u00fclet vagyonkezel\u0151i, \u00e9s a feladataik k\u00f6z\u00e9 tartozik a r\u00e9gi magyar h\u00e1zi\u00e1llatok genetikai \u00e1llom\u00e1ny\u00e1nak meg\u0151rz\u00e9se is \u2013 tette hozz\u00e1.<\/p>\n<p>A nemzeti parkok l\u00e9tes\u00edtm\u00e9nyeinek l\u00e1togatotts\u00e1ga az elm\u00falt t\u00edz \u00e9vben 25 sz\u00e1zal\u00e9kkal n\u0151tt. \u00c9ves szinten 1,6 milli\u00f3 regisztr\u00e1lt l\u00e1togat\u00f3t vonzanak, de enn\u00e9l is t\u00f6bb a l\u00e1togat\u00f3ja a kijel\u00f6lt t\u00fara\u00fatvonalaiknak, tan\u00f6sv\u00e9nyeiknek \u2013 mondta R\u00e1cz Andr\u00e1s.<\/p>\n<p>Pusk\u00e1s Zolt\u00e1n, a Balaton-felvid\u00e9ki Nemzeti Park vezet\u0151je elmondta, hogy az igazgat\u00f3s\u00e1g 14 bemutat\u00f3hely\u00e9b\u0151l h\u00e1rmat l\u00e1togat\u00f3k\u00f6zpontk\u00e9nt m\u0171k\u00f6dtetnek, \u00e9vente 450 ezer regisztr\u00e1lt \u00e9rdekl\u0151d\u0151t fogadva.<\/p>\n<p>Besz\u00e1molt \u00f6t folyamatban l\u00e9v\u0151 uni\u00f3s t\u00e1mogat\u00e1st \u00e9lvez\u0151 projektj\u00fckr\u0151l, amelyek k\u00f6z\u00fcl a legnagyobb \u00e9s legl\u00e1tv\u00e1nyosabb az 50 sz\u00e1zal\u00e9kos k\u00e9sz\u00fclts\u00e9gi fokon \u00e1ll\u00f3, a Kis-Balaton kapuj\u00e1nak is nevezett \u00faj l\u00e1togat\u00f3k\u00f6zpont lesz.<\/p>\n<p>A V\u00f6n\u00f6czky Schenk Jakab kutat\u00f3h\u00e1z szomsz\u00e9ds\u00e1g\u00e1ban, mintegy 1300 n\u00e9gyzetm\u00e9teren 1,2 milli\u00e1rd forint uni\u00f3s t\u00e1mogat\u00e1sb\u00f3l \u00e9s 10,3 milli\u00f3 forint \u00f6ner\u0151vel \u00e9p\u00fcl\u0151 l\u00e9tes\u00edtm\u00e9ny formabont\u00f3, t\u00e1jba illeszked\u0151 \u00e9p\u00edtm\u00e9ny lesz, f\u00f6ldtakar\u00e1ssal \u00e9s n\u00f6v\u00e9nyekkel a tetej\u00e9n.<\/p>\n<p>Az \u00e9p\u00fclet k\u00fcls\u0151 energiaforr\u00e1st nem ig\u00e9nyel, napelemparkkal, talajszond\u00e1s f\u0171t\u00e9si rendszerrel k\u00e9sz\u00fcl. Lesz benne moziterem, interakt\u00edv ki\u00e1ll\u00edt\u00e1s, el\u0151ad\u00f3 terem, b\u00fcf\u00e9. J\u00e1tsz\u00f3t\u00e9r, v\u00edzi \u00e9s sz\u00e1razf\u00f6ldi tan\u00f6sv\u00e9nyek, kenut\u00far\u00e1k, csal\u00e1dbar\u00e1t l\u00e9tes\u00edtm\u00e9nyek is v\u00e1rj\u00e1k majd a l\u00e1togat\u00f3kat.<\/p>\n<p>A beruh\u00e1z\u00e1s r\u00e9szek\u00e9nt a Di\u00e1s-szigeti eml\u00e9kh\u00e1z mellett fel\u00faj\u00edtj\u00e1k a Matula-kunyh\u00f3t is.<\/p>\n<\/p><\/div>\n<p><script>\n    window.fbAsyncInit = function() {\n        FB.init({\n            appId      : \"397495361000984\",\n            xfbml      : true,\n            version    : \"v2.12\"\n        });\n        FB.AppEvents.logPageView();\n        jQuery(document).trigger('fbInit');\n    };<\/p>\n<p>    (function(d, s, id){\n        var js, fjs = d.getElementsByTagName(s)[0];\n        if (d.getElementById(id)) {return;}\n        js = d.createElement(s); js.id = id;\n        js.src = \"http:\/\/connect.facebook.net\/hu_HU\/sdk.js\";\n        fjs.parentNode.insertBefore(js, fjs);\n    }(document, \"script\", \"facebook-jssdk\"));\n<\/script><br \/>\n<br \/>[ad_2]<br \/>\n<br \/><a href=\"https:\/\/hirek.oldal.info\/rssclick\/14357723\">Source link <\/a><\/p>\n","protected":false},"excerpt":{"rendered":"<p>[ad_1] A cikk emailben t\u00f6rt\u00e9n\u0151 elk\u00fcld\u00e9s\u00e9hez kattintson ide, vagy m\u00e1solja le \u00e9s k\u00fcldje el ezt a linket: https:\/\/magyarnemzet.hu\/belfold\/jovore-atadjak-az-uj-kis-balatoni-latogatokozpontot-7258652\/ 2019. augusztus 30. p\u00e9ntek 23:24 2019. 08. 31. 00:24 J\u00f6v\u0151re adj\u00e1k \u00e1t az \u00faj Kis-Balaton L\u00e1togat\u00f3k\u00f6zpontot \u2013 k\u00f6z\u00f6lte az Agr\u00e1rminiszt\u00e9rium k\u00f6rnyezet\u00fcgyek\u00e9rt felel\u0151s \u00e1llamtitk\u00e1ra p\u00e9ntek este Balatonszentgy\u00f6rgy\u00f6n, miut\u00e1n terepbej\u00e1r\u00e1st tartott az 1,2 milli\u00e1rd forint eur\u00f3pai uni\u00f3s t\u00e1mogat\u00e1sb\u00f3l \u00e9p\u00fcl\u0151 [&hellip;]<\/p>\n","protected":false},"author":2,"featured_media":199,"comment_status":"open","ping_status":"open","sticky":false,"template":"","format":"standard","meta":{"footnotes":""},"categories":[1],"tags":[],"class_list":["post-1415","post","type-post","status-publish","format-standard","has-post-thumbnail","hentry","category-legujabb-penzugyi-hirek"],"yoast_head":"<!-- This site is optimized with the Yoast SEO plugin v27.4 - https:\/\/yoast.com\/product\/yoast-seo-wordpress\/ -->\n<title>J\u00f6v\u0151re \u00e1tadj\u00e1k az \u00faj kis-balatoni l\u00e1togat\u00f3k\u00f6zpontot - Hot News in World<\/title>\n<meta name=\"robots\" content=\"index, follow, max-snippet:-1, max-image-preview:large, max-video-preview:-1\" \/>\n<link rel=\"canonical\" href=\"https:\/\/hotnewsinworld.com\/hu\/jovore-atadjak-az-uj-kis-balatoni-latogatokozpontot\/\" \/>\n<meta property=\"og:locale\" content=\"hu_HU\" \/>\n<meta property=\"og:type\" content=\"article\" \/>\n<meta property=\"og:title\" content=\"J\u00f6v\u0151re \u00e1tadj\u00e1k az \u00faj kis-balatoni l\u00e1togat\u00f3k\u00f6zpontot - Hot News in World\" \/>\n<meta property=\"og:description\" content=\"[ad_1] A cikk emailben t\u00f6rt\u00e9n\u0151 elk\u00fcld\u00e9s\u00e9hez kattintson ide, vagy m\u00e1solja le \u00e9s k\u00fcldje el ezt a linket: https:\/\/magyarnemzet.hu\/belfold\/jovore-atadjak-az-uj-kis-balatoni-latogatokozpontot-7258652\/ 2019. augusztus 30. p\u00e9ntek 23:24 2019. 08. 31. 00:24 J\u00f6v\u0151re adj\u00e1k \u00e1t az \u00faj Kis-Balaton L\u00e1togat\u00f3k\u00f6zpontot \u2013 k\u00f6z\u00f6lte az Agr\u00e1rminiszt\u00e9rium k\u00f6rnyezet\u00fcgyek\u00e9rt felel\u0151s \u00e1llamtitk\u00e1ra p\u00e9ntek este Balatonszentgy\u00f6rgy\u00f6n, miut\u00e1n terepbej\u00e1r\u00e1st tartott az 1,2 milli\u00e1rd forint eur\u00f3pai uni\u00f3s t\u00e1mogat\u00e1sb\u00f3l \u00e9p\u00fcl\u0151 [&hellip;]\" \/>\n<meta property=\"og:url\" content=\"https:\/\/hotnewsinworld.com\/hu\/jovore-atadjak-az-uj-kis-balatoni-latogatokozpontot\/\" \/>\n<meta property=\"og:site_name\" content=\"Hot News in World\" \/>\n<meta property=\"article:published_time\" content=\"2019-08-30T22:32:03+00:00\" \/>\n<meta property=\"article:modified_time\" content=\"2019-08-30T22:32:04+00:00\" \/>\n<meta property=\"og:image\" content=\"https:\/\/hotnewsinworld.com\/hu\/wp-content\/uploads\/sites\/3\/2019\/06\/Hidv\u00e9ghi-Bal\u00e1zs-A-Fidesz-kezdem\u00e9nyezni-fogja-a-migr\u00e1nsk\u00e1rty\u00e1k-megsz\u00fcntet\u00e9s\u00e9t.png\" \/>\n\t<meta property=\"og:image:width\" content=\"1200\" \/>\n\t<meta property=\"og:image:height\" content=\"630\" \/>\n\t<meta property=\"og:image:type\" content=\"image\/png\" \/>\n<meta name=\"author\" content=\"hotnewsinworld\" \/>\n<meta name=\"twitter:card\" content=\"summary_large_image\" \/>\n<meta name=\"twitter:label1\" content=\"Szerz\u0151:\" \/>\n\t<meta name=\"twitter:data1\" content=\"hotnewsinworld\" \/>\n\t<meta name=\"twitter:label2\" content=\"Becs\u00fclt olvas\u00e1si id\u0151\" \/>\n\t<meta name=\"twitter:data2\" content=\"2 perc\" \/>\n<script type=\"application\/ld+json\" class=\"yoast-schema-graph\">{\"@context\":\"https:\\\/\\\/schema.org\",\"@graph\":[{\"@type\":\"Article\",\"@id\":\"https:\\\/\\\/hotnewsinworld.com\\\/hu\\\/jovore-atadjak-az-uj-kis-balatoni-latogatokozpontot\\\/#article\",\"isPartOf\":{\"@id\":\"https:\\\/\\\/hotnewsinworld.com\\\/hu\\\/jovore-atadjak-az-uj-kis-balatoni-latogatokozpontot\\\/\"},\"author\":{\"name\":\"hotnewsinworld\",\"@id\":\"https:\\\/\\\/hotnewsinworld.com\\\/hu\\\/#\\\/schema\\\/person\\\/fe61448b21c0d59086e75fcc1f9d8f6b\"},\"headline\":\"J\u00f6v\u0151re \u00e1tadj\u00e1k az \u00faj kis-balatoni l\u00e1togat\u00f3k\u00f6zpontot\",\"datePublished\":\"2019-08-30T22:32:03+00:00\",\"dateModified\":\"2019-08-30T22:32:04+00:00\",\"mainEntityOfPage\":{\"@id\":\"https:\\\/\\\/hotnewsinworld.com\\\/hu\\\/jovore-atadjak-az-uj-kis-balatoni-latogatokozpontot\\\/\"},\"wordCount\":505,\"commentCount\":0,\"image\":{\"@id\":\"https:\\\/\\\/hotnewsinworld.com\\\/hu\\\/jovore-atadjak-az-uj-kis-balatoni-latogatokozpontot\\\/#primaryimage\"},\"thumbnailUrl\":\"https:\\\/\\\/hotnewsinworld.com\\\/hu\\\/wp-content\\\/uploads\\\/sites\\\/3\\\/2019\\\/06\\\/Hidv\u00e9ghi-Bal\u00e1zs-A-Fidesz-kezdem\u00e9nyezni-fogja-a-migr\u00e1nsk\u00e1rty\u00e1k-megsz\u00fcntet\u00e9s\u00e9t.png\",\"articleSection\":[\"LEG\u00daJABB P\u00c9NZ\u00dcGYI H\u00cdREK\"],\"inLanguage\":\"hu\",\"potentialAction\":[{\"@type\":\"CommentAction\",\"name\":\"Comment\",\"target\":[\"https:\\\/\\\/hotnewsinworld.com\\\/hu\\\/jovore-atadjak-az-uj-kis-balatoni-latogatokozpontot\\\/#respond\"]}]},{\"@type\":\"WebPage\",\"@id\":\"https:\\\/\\\/hotnewsinworld.com\\\/hu\\\/jovore-atadjak-az-uj-kis-balatoni-latogatokozpontot\\\/\",\"url\":\"https:\\\/\\\/hotnewsinworld.com\\\/hu\\\/jovore-atadjak-az-uj-kis-balatoni-latogatokozpontot\\\/\",\"name\":\"J\u00f6v\u0151re \u00e1tadj\u00e1k az \u00faj kis-balatoni l\u00e1togat\u00f3k\u00f6zpontot - Hot News in World\",\"isPartOf\":{\"@id\":\"https:\\\/\\\/hotnewsinworld.com\\\/hu\\\/#website\"},\"primaryImageOfPage\":{\"@id\":\"https:\\\/\\\/hotnewsinworld.com\\\/hu\\\/jovore-atadjak-az-uj-kis-balatoni-latogatokozpontot\\\/#primaryimage\"},\"image\":{\"@id\":\"https:\\\/\\\/hotnewsinworld.com\\\/hu\\\/jovore-atadjak-az-uj-kis-balatoni-latogatokozpontot\\\/#primaryimage\"},\"thumbnailUrl\":\"https:\\\/\\\/hotnewsinworld.com\\\/hu\\\/wp-content\\\/uploads\\\/sites\\\/3\\\/2019\\\/06\\\/Hidv\u00e9ghi-Bal\u00e1zs-A-Fidesz-kezdem\u00e9nyezni-fogja-a-migr\u00e1nsk\u00e1rty\u00e1k-megsz\u00fcntet\u00e9s\u00e9t.png\",\"datePublished\":\"2019-08-30T22:32:03+00:00\",\"dateModified\":\"2019-08-30T22:32:04+00:00\",\"author\":{\"@id\":\"https:\\\/\\\/hotnewsinworld.com\\\/hu\\\/#\\\/schema\\\/person\\\/fe61448b21c0d59086e75fcc1f9d8f6b\"},\"breadcrumb\":{\"@id\":\"https:\\\/\\\/hotnewsinworld.com\\\/hu\\\/jovore-atadjak-az-uj-kis-balatoni-latogatokozpontot\\\/#breadcrumb\"},\"inLanguage\":\"hu\",\"potentialAction\":[{\"@type\":\"ReadAction\",\"target\":[\"https:\\\/\\\/hotnewsinworld.com\\\/hu\\\/jovore-atadjak-az-uj-kis-balatoni-latogatokozpontot\\\/\"]}]},{\"@type\":\"ImageObject\",\"inLanguage\":\"hu\",\"@id\":\"https:\\\/\\\/hotnewsinworld.com\\\/hu\\\/jovore-atadjak-az-uj-kis-balatoni-latogatokozpontot\\\/#primaryimage\",\"url\":\"https:\\\/\\\/hotnewsinworld.com\\\/hu\\\/wp-content\\\/uploads\\\/sites\\\/3\\\/2019\\\/06\\\/Hidv\u00e9ghi-Bal\u00e1zs-A-Fidesz-kezdem\u00e9nyezni-fogja-a-migr\u00e1nsk\u00e1rty\u00e1k-megsz\u00fcntet\u00e9s\u00e9t.png\",\"contentUrl\":\"https:\\\/\\\/hotnewsinworld.com\\\/hu\\\/wp-content\\\/uploads\\\/sites\\\/3\\\/2019\\\/06\\\/Hidv\u00e9ghi-Bal\u00e1zs-A-Fidesz-kezdem\u00e9nyezni-fogja-a-migr\u00e1nsk\u00e1rty\u00e1k-megsz\u00fcntet\u00e9s\u00e9t.png\",\"width\":1200,\"height\":630,\"caption\":\"Hidv\u00e9ghi Bal\u00e1zs: A Fidesz kezdem\u00e9nyezni fogja a migr\u00e1nsk\u00e1rty\u00e1k megsz\u00fcntet\u00e9s\u00e9t\"},{\"@type\":\"BreadcrumbList\",\"@id\":\"https:\\\/\\\/hotnewsinworld.com\\\/hu\\\/jovore-atadjak-az-uj-kis-balatoni-latogatokozpontot\\\/#breadcrumb\",\"itemListElement\":[{\"@type\":\"ListItem\",\"position\":1,\"name\":\"\u0413\u043b\u0430\u0432\u043d\u0430\u044f \u0441\u0442\u0440\u0430\u043d\u0438\u0446\u0430\",\"item\":\"https:\\\/\\\/hotnewsinworld.com\\\/hu\\\/\"},{\"@type\":\"ListItem\",\"position\":2,\"name\":\"J\u00f6v\u0151re \u00e1tadj\u00e1k az \u00faj kis-balatoni l\u00e1togat\u00f3k\u00f6zpontot\"}]},{\"@type\":\"WebSite\",\"@id\":\"https:\\\/\\\/hotnewsinworld.com\\\/hu\\\/#website\",\"url\":\"https:\\\/\\\/hotnewsinworld.com\\\/hu\\\/\",\"name\":\"Hot News in World\",\"description\":\"Hot News in World from Hungary\",\"potentialAction\":[{\"@type\":\"SearchAction\",\"target\":{\"@type\":\"EntryPoint\",\"urlTemplate\":\"https:\\\/\\\/hotnewsinworld.com\\\/hu\\\/?s={search_term_string}\"},\"query-input\":{\"@type\":\"PropertyValueSpecification\",\"valueRequired\":true,\"valueName\":\"search_term_string\"}}],\"inLanguage\":\"hu\"},{\"@type\":\"Person\",\"@id\":\"https:\\\/\\\/hotnewsinworld.com\\\/hu\\\/#\\\/schema\\\/person\\\/fe61448b21c0d59086e75fcc1f9d8f6b\",\"name\":\"hotnewsinworld\",\"image\":{\"@type\":\"ImageObject\",\"inLanguage\":\"hu\",\"@id\":\"https:\\\/\\\/secure.gravatar.com\\\/avatar\\\/8a09ac165600ce2e1c38fe593c63928eb1e6e7ba5c5a907d67787c41b3d00c14?s=96&d=mm&r=g\",\"url\":\"https:\\\/\\\/secure.gravatar.com\\\/avatar\\\/8a09ac165600ce2e1c38fe593c63928eb1e6e7ba5c5a907d67787c41b3d00c14?s=96&d=mm&r=g\",\"contentUrl\":\"https:\\\/\\\/secure.gravatar.com\\\/avatar\\\/8a09ac165600ce2e1c38fe593c63928eb1e6e7ba5c5a907d67787c41b3d00c14?s=96&d=mm&r=g\",\"caption\":\"hotnewsinworld\"},\"url\":\"https:\\\/\\\/hotnewsinworld.com\\\/hu\\\/author\\\/pt\\\/\"}]}<\/script>\n<!-- \/ Yoast SEO plugin. -->","yoast_head_json":{"title":"J\u00f6v\u0151re \u00e1tadj\u00e1k az \u00faj kis-balatoni l\u00e1togat\u00f3k\u00f6zpontot - Hot News in World","robots":{"index":"index","follow":"follow","max-snippet":"max-snippet:-1","max-image-preview":"max-image-preview:large","max-video-preview":"max-video-preview:-1"},"canonical":"https:\/\/hotnewsinworld.com\/hu\/jovore-atadjak-az-uj-kis-balatoni-latogatokozpontot\/","og_locale":"hu_HU","og_type":"article","og_title":"J\u00f6v\u0151re \u00e1tadj\u00e1k az \u00faj kis-balatoni l\u00e1togat\u00f3k\u00f6zpontot - Hot News in World","og_description":"[ad_1] A cikk emailben t\u00f6rt\u00e9n\u0151 elk\u00fcld\u00e9s\u00e9hez kattintson ide, vagy m\u00e1solja le \u00e9s k\u00fcldje el ezt a linket: https:\/\/magyarnemzet.hu\/belfold\/jovore-atadjak-az-uj-kis-balatoni-latogatokozpontot-7258652\/ 2019. augusztus 30. p\u00e9ntek 23:24 2019. 08. 31. 00:24 J\u00f6v\u0151re adj\u00e1k \u00e1t az \u00faj Kis-Balaton L\u00e1togat\u00f3k\u00f6zpontot \u2013 k\u00f6z\u00f6lte az Agr\u00e1rminiszt\u00e9rium k\u00f6rnyezet\u00fcgyek\u00e9rt felel\u0151s \u00e1llamtitk\u00e1ra p\u00e9ntek este Balatonszentgy\u00f6rgy\u00f6n, miut\u00e1n terepbej\u00e1r\u00e1st tartott az 1,2 milli\u00e1rd forint eur\u00f3pai uni\u00f3s t\u00e1mogat\u00e1sb\u00f3l \u00e9p\u00fcl\u0151 [&hellip;]","og_url":"https:\/\/hotnewsinworld.com\/hu\/jovore-atadjak-az-uj-kis-balatoni-latogatokozpontot\/","og_site_name":"Hot News in World","article_published_time":"2019-08-30T22:32:03+00:00","article_modified_time":"2019-08-30T22:32:04+00:00","og_image":[{"width":1200,"height":630,"url":"https:\/\/hotnewsinworld.com\/hu\/wp-content\/uploads\/sites\/3\/2019\/06\/Hidv\u00e9ghi-Bal\u00e1zs-A-Fidesz-kezdem\u00e9nyezni-fogja-a-migr\u00e1nsk\u00e1rty\u00e1k-megsz\u00fcntet\u00e9s\u00e9t.png","type":"image\/png"}],"author":"hotnewsinworld","twitter_card":"summary_large_image","twitter_misc":{"Szerz\u0151:":"hotnewsinworld","Becs\u00fclt olvas\u00e1si id\u0151":"2 perc"},"schema":{"@context":"https:\/\/schema.org","@graph":[{"@type":"Article","@id":"https:\/\/hotnewsinworld.com\/hu\/jovore-atadjak-az-uj-kis-balatoni-latogatokozpontot\/#article","isPartOf":{"@id":"https:\/\/hotnewsinworld.com\/hu\/jovore-atadjak-az-uj-kis-balatoni-latogatokozpontot\/"},"author":{"name":"hotnewsinworld","@id":"https:\/\/hotnewsinworld.com\/hu\/#\/schema\/person\/fe61448b21c0d59086e75fcc1f9d8f6b"},"headline":"J\u00f6v\u0151re \u00e1tadj\u00e1k az \u00faj kis-balatoni l\u00e1togat\u00f3k\u00f6zpontot","datePublished":"2019-08-30T22:32:03+00:00","dateModified":"2019-08-30T22:32:04+00:00","mainEntityOfPage":{"@id":"https:\/\/hotnewsinworld.com\/hu\/jovore-atadjak-az-uj-kis-balatoni-latogatokozpontot\/"},"wordCount":505,"commentCount":0,"image":{"@id":"https:\/\/hotnewsinworld.com\/hu\/jovore-atadjak-az-uj-kis-balatoni-latogatokozpontot\/#primaryimage"},"thumbnailUrl":"https:\/\/hotnewsinworld.com\/hu\/wp-content\/uploads\/sites\/3\/2019\/06\/Hidv\u00e9ghi-Bal\u00e1zs-A-Fidesz-kezdem\u00e9nyezni-fogja-a-migr\u00e1nsk\u00e1rty\u00e1k-megsz\u00fcntet\u00e9s\u00e9t.png","articleSection":["LEG\u00daJABB P\u00c9NZ\u00dcGYI H\u00cdREK"],"inLanguage":"hu","potentialAction":[{"@type":"CommentAction","name":"Comment","target":["https:\/\/hotnewsinworld.com\/hu\/jovore-atadjak-az-uj-kis-balatoni-latogatokozpontot\/#respond"]}]},{"@type":"WebPage","@id":"https:\/\/hotnewsinworld.com\/hu\/jovore-atadjak-az-uj-kis-balatoni-latogatokozpontot\/","url":"https:\/\/hotnewsinworld.com\/hu\/jovore-atadjak-az-uj-kis-balatoni-latogatokozpontot\/","name":"J\u00f6v\u0151re \u00e1tadj\u00e1k az \u00faj kis-balatoni l\u00e1togat\u00f3k\u00f6zpontot - Hot News in World","isPartOf":{"@id":"https:\/\/hotnewsinworld.com\/hu\/#website"},"primaryImageOfPage":{"@id":"https:\/\/hotnewsinworld.com\/hu\/jovore-atadjak-az-uj-kis-balatoni-latogatokozpontot\/#primaryimage"},"image":{"@id":"https:\/\/hotnewsinworld.com\/hu\/jovore-atadjak-az-uj-kis-balatoni-latogatokozpontot\/#primaryimage"},"thumbnailUrl":"https:\/\/hotnewsinworld.com\/hu\/wp-content\/uploads\/sites\/3\/2019\/06\/Hidv\u00e9ghi-Bal\u00e1zs-A-Fidesz-kezdem\u00e9nyezni-fogja-a-migr\u00e1nsk\u00e1rty\u00e1k-megsz\u00fcntet\u00e9s\u00e9t.png","datePublished":"2019-08-30T22:32:03+00:00","dateModified":"2019-08-30T22:32:04+00:00","author":{"@id":"https:\/\/hotnewsinworld.com\/hu\/#\/schema\/person\/fe61448b21c0d59086e75fcc1f9d8f6b"},"breadcrumb":{"@id":"https:\/\/hotnewsinworld.com\/hu\/jovore-atadjak-az-uj-kis-balatoni-latogatokozpontot\/#breadcrumb"},"inLanguage":"hu","potentialAction":[{"@type":"ReadAction","target":["https:\/\/hotnewsinworld.com\/hu\/jovore-atadjak-az-uj-kis-balatoni-latogatokozpontot\/"]}]},{"@type":"ImageObject","inLanguage":"hu","@id":"https:\/\/hotnewsinworld.com\/hu\/jovore-atadjak-az-uj-kis-balatoni-latogatokozpontot\/#primaryimage","url":"https:\/\/hotnewsinworld.com\/hu\/wp-content\/uploads\/sites\/3\/2019\/06\/Hidv\u00e9ghi-Bal\u00e1zs-A-Fidesz-kezdem\u00e9nyezni-fogja-a-migr\u00e1nsk\u00e1rty\u00e1k-megsz\u00fcntet\u00e9s\u00e9t.png","contentUrl":"https:\/\/hotnewsinworld.com\/hu\/wp-content\/uploads\/sites\/3\/2019\/06\/Hidv\u00e9ghi-Bal\u00e1zs-A-Fidesz-kezdem\u00e9nyezni-fogja-a-migr\u00e1nsk\u00e1rty\u00e1k-megsz\u00fcntet\u00e9s\u00e9t.png","width":1200,"height":630,"caption":"Hidv\u00e9ghi Bal\u00e1zs: A Fidesz kezdem\u00e9nyezni fogja a migr\u00e1nsk\u00e1rty\u00e1k megsz\u00fcntet\u00e9s\u00e9t"},{"@type":"BreadcrumbList","@id":"https:\/\/hotnewsinworld.com\/hu\/jovore-atadjak-az-uj-kis-balatoni-latogatokozpontot\/#breadcrumb","itemListElement":[{"@type":"ListItem","position":1,"name":"\u0413\u043b\u0430\u0432\u043d\u0430\u044f \u0441\u0442\u0440\u0430\u043d\u0438\u0446\u0430","item":"https:\/\/hotnewsinworld.com\/hu\/"},{"@type":"ListItem","position":2,"name":"J\u00f6v\u0151re \u00e1tadj\u00e1k az \u00faj kis-balatoni l\u00e1togat\u00f3k\u00f6zpontot"}]},{"@type":"WebSite","@id":"https:\/\/hotnewsinworld.com\/hu\/#website","url":"https:\/\/hotnewsinworld.com\/hu\/","name":"Hot News in World","description":"Hot News in World from Hungary","potentialAction":[{"@type":"SearchAction","target":{"@type":"EntryPoint","urlTemplate":"https:\/\/hotnewsinworld.com\/hu\/?s={search_term_string}"},"query-input":{"@type":"PropertyValueSpecification","valueRequired":true,"valueName":"search_term_string"}}],"inLanguage":"hu"},{"@type":"Person","@id":"https:\/\/hotnewsinworld.com\/hu\/#\/schema\/person\/fe61448b21c0d59086e75fcc1f9d8f6b","name":"hotnewsinworld","image":{"@type":"ImageObject","inLanguage":"hu","@id":"https:\/\/secure.gravatar.com\/avatar\/8a09ac165600ce2e1c38fe593c63928eb1e6e7ba5c5a907d67787c41b3d00c14?s=96&d=mm&r=g","url":"https:\/\/secure.gravatar.com\/avatar\/8a09ac165600ce2e1c38fe593c63928eb1e6e7ba5c5a907d67787c41b3d00c14?s=96&d=mm&r=g","contentUrl":"https:\/\/secure.gravatar.com\/avatar\/8a09ac165600ce2e1c38fe593c63928eb1e6e7ba5c5a907d67787c41b3d00c14?s=96&d=mm&r=g","caption":"hotnewsinworld"},"url":"https:\/\/hotnewsinworld.com\/hu\/author\/pt\/"}]}},"_links":{"self":[{"href":"https:\/\/hotnewsinworld.com\/hu\/wp-json\/wp\/v2\/posts\/1415","targetHints":{"allow":["GET"]}}],"collection":[{"href":"https:\/\/hotnewsinworld.com\/hu\/wp-json\/wp\/v2\/posts"}],"about":[{"href":"https:\/\/hotnewsinworld.com\/hu\/wp-json\/wp\/v2\/types\/post"}],"author":[{"embeddable":true,"href":"https:\/\/hotnewsinworld.com\/hu\/wp-json\/wp\/v2\/users\/2"}],"replies":[{"embeddable":true,"href":"https:\/\/hotnewsinworld.com\/hu\/wp-json\/wp\/v2\/comments?post=1415"}],"version-history":[{"count":1,"href":"https:\/\/hotnewsinworld.com\/hu\/wp-json\/wp\/v2\/posts\/1415\/revisions"}],"predecessor-version":[{"id":1416,"href":"https:\/\/hotnewsinworld.com\/hu\/wp-json\/wp\/v2\/posts\/1415\/revisions\/1416"}],"wp:featuredmedia":[{"embeddable":true,"href":"https:\/\/hotnewsinworld.com\/hu\/wp-json\/wp\/v2\/media\/199"}],"wp:attachment":[{"href":"https:\/\/hotnewsinworld.com\/hu\/wp-json\/wp\/v2\/media?parent=1415"}],"wp:term":[{"taxonomy":"category","embeddable":true,"href":"https:\/\/hotnewsinworld.com\/hu\/wp-json\/wp\/v2\/categories?post=1415"},{"taxonomy":"post_tag","embeddable":true,"href":"https:\/\/hotnewsinworld.com\/hu\/wp-json\/wp\/v2\/tags?post=1415"}],"curies":[{"name":"wp","href":"https:\/\/api.w.org\/{rel}","templated":true}]}}