{"id":1420,"date":"2019-08-31T04:28:50","date_gmt":"2019-08-31T01:28:50","guid":{"rendered":"https:\/\/hotnewsinworld.com\/hu\/kemenyen-visszavagtak-volt-kollegai-a-felmondott-zalaegerszegi-szivesebesznek\/"},"modified":"2019-08-31T04:28:51","modified_gmt":"2019-08-31T01:28:51","slug":"kemenyen-visszavagtak-volt-kollegai-a-felmondott-zalaegerszegi-szivesebesznek","status":"publish","type":"post","link":"https:\/\/hotnewsinworld.com\/hu\/kemenyen-visszavagtak-volt-kollegai-a-felmondott-zalaegerszegi-szivesebesznek\/","title":{"rendered":"Kem\u00e9nyen visszav\u00e1gtak volt koll\u00e9g\u00e1i a felmondott zalaegerszegi sz\u00edveseb\u00e9sznek"},"content":{"rendered":"<p> [ad_1]<br \/>\n<\/p>\n<div>\n<div class=\"talalat kotegTitle\">\n<p class=\"lead\">Az elhunyt betegr\u0151l nem esik sz\u00f3 a lev\u00e9lben.<br \/>\nFot\u00f3: Pixabay<br \/>\nA k\u00f3rh\u00e1z ut\u00e1n volt koll\u00e9g\u00e1i is reag\u00e1ltak a Zala Megyei Szent Rafael K\u00f3rh\u00e1z Sz\u00edvseb\u00e9szeti Oszt\u00e1ly\u00e1nak \u00e9l\u00e9r\u0151l t\u00e1voz\u00f3 Alotti Nasri \u00fczenet\u00e9re. A f\u0151orvos azt \u00edrta,\u00a0d\u00f6nt\u00e9se h\u00e1tter\u00e9ben az \u00e1ll, hogy j\u00faniusi szabads\u00e1ga idej\u00e9n a k\u00f6zrem\u0171k\u00f6d\u00e9s\u00e9vel<\/p>\n<p>beker\u00fclt az oszt\u00e1lyra egy s\u00fcrg\u0151s sz\u00edvm\u0171t\u00e9tet\u2026<\/p>\n<\/div>\n<div class=\"talalat contsrc_561  szurke line-with-image-container\"><span class=\"line-with-image\"><span class=\"line-with-image-inner\" style=\"background-image:url('https:\/\/stat.hirstart.hu\/image\/20190830\/4847986\/visszaszoltak_a_lelkiismereti_okbol_felmondott_osztalyvezetonek_a_zalaegerszegi_korhaz_szivsebeszei-73x73-crop.jpeg');background-repeat: no-repeat; background-size: 73.00px auto; width: 73.00px; height: 73.00px\"><\/span><\/span>class=&#8221;line-title-with-image&#8221;&gt;<\/p>\n<div class=\"line-with-image-search-padding\">\n<p class=\"lead\">Alotti Nasri h\u00fasz \u00e9v ut\u00e1n t\u00e1vozott a Rafael K\u00f3rh\u00e1z Sz\u00edvseb\u00e9szeti Oszt\u00e1ly\u00e1nak \u00e9l\u00e9r\u0151l egy szerinte elker\u00fclhet\u0151 hal\u00e1leset miatt.<\/p>\n<\/div>\n<\/div>\n<div class=\"talalat contsrc_263  szurke line-with-image-container\"><span class=\"line-with-image\"><span class=\"line-with-image-inner\" style=\"background-image:url('https:\/\/stat.hirstart.hu\/image\/20190829\/4840912\/a_birosagon_majd_kitalalok_egy_kegyes_hazugsagot_-_felmondott_egy_orvos_egy_korhazi_halaleset_miatt-73x73-crop.jpg');background-repeat: no-repeat; background-size: 73.00px auto; width: 73.00px; height: 73.00px\"><\/span><\/span>class=&#8221;line-title-with-image&#8221;&gt;<\/p>\n<div class=\"line-with-image-search-padding\">\n<p class=\"lead\">A zalaegerszegi d\u00edszpolg\u00e1r, eredetileg damaszkuszi sz\u00fclet\u00e9s\u0171 Alotti Nasri nem tudja elfogadni, hogy a k\u00f3rh\u00e1z\u00e1ban egyre rosszabbak a k\u00f6r\u00fclm\u00e9nyek.<\/p>\n<\/div>\n<\/div>\n<div class=\"talalat contsrc_464  line-with-image-container\"><span class=\"line-with-image\"><span class=\"line-with-image-inner\" style=\"background-image:url('https:\/\/stat.hirstart.hu\/image\/20190830\/4847564\/dr_rashed_aref_az_uj_osztalyvezeto-73x73-crop.jpg');background-repeat: no-repeat; background-size: 73.00px auto; width: 73.00px; height: 73.00px\"><\/span><\/span>class=&#8221;line-title-with-image&#8221;&gt;<\/p>\n<div class=\"line-with-image-search-padding\">\n<p class=\"lead\">A Zala Megyei Szent Rafael K\u00f3rh\u00e1z sz\u00edvseb\u00e9szet\u00e9nek \u00faj oszt\u00e1lyvezet\u0151 f\u0151orvosa dr. Rashed Aref PhD \u2013 t\u00e1j\u00e9koztatott p\u00e9nteken az int\u00e9zm\u00e9ny.<\/p>\n<\/div>\n<\/div>\n<div class=\"talalat contsrc_1080  szurke \">class=&#8221;&#8221;&gt;<\/p>\n<p class=\"lead\">\u00dagy \u00e9rezte, megfullad a Zala Megyei Szent Raffael K\u00f3rh\u00e1zban uralkod\u00f3 l\u00e9gk\u00f6rt\u0151l Alotti Nasri, aki h\u00fasz \u00e9ven \u00e1t vezette a sz\u00edvseb\u00e9szeti oszt\u00e1lyt. Err\u0151l az Indexnek besz\u00e9lt azut\u00e1n, hogy cs\u00fct\u00f6rt\u00f6k\u00f6n nyilv\u00e1noss\u00e1gra ker\u00fclt a k\u00f3rh\u00e1z f\u0151igazgat\u00f3j\u00e1nak \u00edrt felmond\u00f3levele. Ahogy cs\u00fct\u00f6rt\u00f6k\u00f6n meg\u00edrtuk, a f\u0151orvos azut\u00e1n mondott fel, hogy j\u00faniusi szabads\u00e1ga idej\u00e9n<\/p>\n<\/div>\n<div class=\"talalat contsrc_942  \">class=&#8221;&#8221;&gt;<\/p>\n<p class=\"lead\">DK: Most a zalaegerszegi k\u00f3rh\u00e1z v\u00e1lt m\u0171k\u00f6d\u00e9sk\u00e9ptelenn\u00e9 \u2013 Ki kell hirdetni az orsz\u00e1gos eg\u00e9szs\u00e9g\u00fcgyi v\u00e1ls\u00e1ghelyzetet Alotti Nasri h\u00fasz \u00e9v ut\u00e1n t\u00e1vozik a Zala Megyei Szent Rafael K\u00f3rh\u00e1z Sz\u00edvseb\u00e9szeti Oszt\u00e1ly\u00e1nak \u00e9l\u00e9r\u0151l, der\u00fclt ki a Facebookon terjed\u0151 felmond\u00f3level\u00e9b\u0151l. Ebben azt \u00edrja, j\u00faniusi szabads\u00e1ga idej\u00e9n a k\u00f6zrem\u0171k\u00f6d\u00e9s\u00e9vel beker\u00fclt az\u2026<\/p>\n<\/div>\n<\/div>\n<p><script>(function(d, s, id) {\n  var js, fjs = d.getElementsByTagName(s)[0];\n  if (d.getElementById(id)) return;\n  js = d.createElement(s); js.id = id;\n  js.src = \"http:\/\/connect.facebook.net\/hu_HU\/sdk.js#xfbml=1&version=v2.6\";\n  fjs.parentNode.insertBefore(js, fjs);\n}(document, 'script', 'facebook-jssdk'));<\/script><br \/>\n<br \/>[ad_2]<br \/>\n<br \/><a href=\"https:\/\/hirek.oldal.info\/rssclick\/14357750\">Source link <\/a><\/p>\n","protected":false},"excerpt":{"rendered":"<p>[ad_1] Az elhunyt betegr\u0151l nem esik sz\u00f3 a lev\u00e9lben. Fot\u00f3: Pixabay A k\u00f3rh\u00e1z ut\u00e1n volt koll\u00e9g\u00e1i is reag\u00e1ltak a Zala Megyei Szent Rafael K\u00f3rh\u00e1z Sz\u00edvseb\u00e9szeti Oszt\u00e1ly\u00e1nak \u00e9l\u00e9r\u0151l t\u00e1voz\u00f3 Alotti Nasri \u00fczenet\u00e9re. A f\u0151orvos azt \u00edrta,\u00a0d\u00f6nt\u00e9se h\u00e1tter\u00e9ben az \u00e1ll, hogy j\u00faniusi szabads\u00e1ga idej\u00e9n a k\u00f6zrem\u0171k\u00f6d\u00e9s\u00e9vel beker\u00fclt az oszt\u00e1lyra egy s\u00fcrg\u0151s sz\u00edvm\u0171t\u00e9tet\u2026 class=&#8221;line-title-with-image&#8221;&gt; Alotti Nasri h\u00fasz \u00e9v [&hellip;]<\/p>\n","protected":false},"author":2,"featured_media":1421,"comment_status":"open","ping_status":"open","sticky":false,"template":"","format":"standard","meta":{"footnotes":""},"categories":[1],"tags":[],"class_list":["post-1420","post","type-post","status-publish","format-standard","has-post-thumbnail","hentry","category-legujabb-penzugyi-hirek"],"yoast_head":"<!-- This site is optimized with the Yoast SEO plugin v27.4 - https:\/\/yoast.com\/product\/yoast-seo-wordpress\/ -->\n<title>Kem\u00e9nyen visszav\u00e1gtak volt koll\u00e9g\u00e1i a felmondott zalaegerszegi sz\u00edveseb\u00e9sznek - Hot News in World<\/title>\n<meta name=\"robots\" content=\"index, follow, max-snippet:-1, max-image-preview:large, max-video-preview:-1\" \/>\n<link rel=\"canonical\" href=\"https:\/\/hotnewsinworld.com\/hu\/kemenyen-visszavagtak-volt-kollegai-a-felmondott-zalaegerszegi-szivesebesznek\/\" \/>\n<meta property=\"og:locale\" content=\"hu_HU\" \/>\n<meta property=\"og:type\" content=\"article\" \/>\n<meta property=\"og:title\" content=\"Kem\u00e9nyen visszav\u00e1gtak volt koll\u00e9g\u00e1i a felmondott zalaegerszegi sz\u00edveseb\u00e9sznek - Hot News in World\" \/>\n<meta property=\"og:description\" content=\"[ad_1] Az elhunyt betegr\u0151l nem esik sz\u00f3 a lev\u00e9lben. Fot\u00f3: Pixabay A k\u00f3rh\u00e1z ut\u00e1n volt koll\u00e9g\u00e1i is reag\u00e1ltak a Zala Megyei Szent Rafael K\u00f3rh\u00e1z Sz\u00edvseb\u00e9szeti Oszt\u00e1ly\u00e1nak \u00e9l\u00e9r\u0151l t\u00e1voz\u00f3 Alotti Nasri \u00fczenet\u00e9re. A f\u0151orvos azt \u00edrta,\u00a0d\u00f6nt\u00e9se h\u00e1tter\u00e9ben az \u00e1ll, hogy j\u00faniusi szabads\u00e1ga idej\u00e9n a k\u00f6zrem\u0171k\u00f6d\u00e9s\u00e9vel beker\u00fclt az oszt\u00e1lyra egy s\u00fcrg\u0151s sz\u00edvm\u0171t\u00e9tet\u2026 class=&#8221;line-title-with-image&#8221;&gt; Alotti Nasri h\u00fasz \u00e9v [&hellip;]\" \/>\n<meta property=\"og:url\" content=\"https:\/\/hotnewsinworld.com\/hu\/kemenyen-visszavagtak-volt-kollegai-a-felmondott-zalaegerszegi-szivesebesznek\/\" \/>\n<meta property=\"og:site_name\" content=\"Hot News in World\" \/>\n<meta property=\"article:published_time\" content=\"2019-08-31T01:28:50+00:00\" \/>\n<meta property=\"article:modified_time\" content=\"2019-08-31T01:28:51+00:00\" \/>\n<meta property=\"og:image\" content=\"https:\/\/hotnewsinworld.com\/hu\/wp-content\/uploads\/sites\/3\/2019\/08\/Kem\u00e9nyen-visszav\u00e1gtak-volt-koll\u00e9g\u00e1i-a-felmondott-zalaegerszegi-sz\u00edveseb\u00e9sznek.jpg\" \/>\n\t<meta property=\"og:image:width\" content=\"600\" \/>\n\t<meta property=\"og:image:height\" content=\"315\" \/>\n\t<meta property=\"og:image:type\" content=\"image\/jpeg\" \/>\n<meta name=\"author\" content=\"hotnewsinworld\" \/>\n<meta name=\"twitter:card\" content=\"summary_large_image\" \/>\n<meta name=\"twitter:label1\" content=\"Szerz\u0151:\" \/>\n\t<meta name=\"twitter:data1\" content=\"hotnewsinworld\" \/>\n\t<meta name=\"twitter:label2\" content=\"Becs\u00fclt olvas\u00e1si id\u0151\" \/>\n\t<meta name=\"twitter:data2\" content=\"2 perc\" \/>\n<script type=\"application\/ld+json\" class=\"yoast-schema-graph\">{\"@context\":\"https:\\\/\\\/schema.org\",\"@graph\":[{\"@type\":\"Article\",\"@id\":\"https:\\\/\\\/hotnewsinworld.com\\\/hu\\\/kemenyen-visszavagtak-volt-kollegai-a-felmondott-zalaegerszegi-szivesebesznek\\\/#article\",\"isPartOf\":{\"@id\":\"https:\\\/\\\/hotnewsinworld.com\\\/hu\\\/kemenyen-visszavagtak-volt-kollegai-a-felmondott-zalaegerszegi-szivesebesznek\\\/\"},\"author\":{\"name\":\"hotnewsinworld\",\"@id\":\"https:\\\/\\\/hotnewsinworld.com\\\/hu\\\/#\\\/schema\\\/person\\\/fe61448b21c0d59086e75fcc1f9d8f6b\"},\"headline\":\"Kem\u00e9nyen visszav\u00e1gtak volt koll\u00e9g\u00e1i a felmondott zalaegerszegi sz\u00edveseb\u00e9sznek\",\"datePublished\":\"2019-08-31T01:28:50+00:00\",\"dateModified\":\"2019-08-31T01:28:51+00:00\",\"mainEntityOfPage\":{\"@id\":\"https:\\\/\\\/hotnewsinworld.com\\\/hu\\\/kemenyen-visszavagtak-volt-kollegai-a-felmondott-zalaegerszegi-szivesebesznek\\\/\"},\"wordCount\":371,\"commentCount\":0,\"image\":{\"@id\":\"https:\\\/\\\/hotnewsinworld.com\\\/hu\\\/kemenyen-visszavagtak-volt-kollegai-a-felmondott-zalaegerszegi-szivesebesznek\\\/#primaryimage\"},\"thumbnailUrl\":\"https:\\\/\\\/hotnewsinworld.com\\\/hu\\\/wp-content\\\/uploads\\\/sites\\\/3\\\/2019\\\/08\\\/Kem\u00e9nyen-visszav\u00e1gtak-volt-koll\u00e9g\u00e1i-a-felmondott-zalaegerszegi-sz\u00edveseb\u00e9sznek.jpg\",\"articleSection\":[\"LEG\u00daJABB P\u00c9NZ\u00dcGYI H\u00cdREK\"],\"inLanguage\":\"hu\",\"potentialAction\":[{\"@type\":\"CommentAction\",\"name\":\"Comment\",\"target\":[\"https:\\\/\\\/hotnewsinworld.com\\\/hu\\\/kemenyen-visszavagtak-volt-kollegai-a-felmondott-zalaegerszegi-szivesebesznek\\\/#respond\"]}]},{\"@type\":\"WebPage\",\"@id\":\"https:\\\/\\\/hotnewsinworld.com\\\/hu\\\/kemenyen-visszavagtak-volt-kollegai-a-felmondott-zalaegerszegi-szivesebesznek\\\/\",\"url\":\"https:\\\/\\\/hotnewsinworld.com\\\/hu\\\/kemenyen-visszavagtak-volt-kollegai-a-felmondott-zalaegerszegi-szivesebesznek\\\/\",\"name\":\"Kem\u00e9nyen visszav\u00e1gtak volt koll\u00e9g\u00e1i a felmondott zalaegerszegi sz\u00edveseb\u00e9sznek - Hot News in World\",\"isPartOf\":{\"@id\":\"https:\\\/\\\/hotnewsinworld.com\\\/hu\\\/#website\"},\"primaryImageOfPage\":{\"@id\":\"https:\\\/\\\/hotnewsinworld.com\\\/hu\\\/kemenyen-visszavagtak-volt-kollegai-a-felmondott-zalaegerszegi-szivesebesznek\\\/#primaryimage\"},\"image\":{\"@id\":\"https:\\\/\\\/hotnewsinworld.com\\\/hu\\\/kemenyen-visszavagtak-volt-kollegai-a-felmondott-zalaegerszegi-szivesebesznek\\\/#primaryimage\"},\"thumbnailUrl\":\"https:\\\/\\\/hotnewsinworld.com\\\/hu\\\/wp-content\\\/uploads\\\/sites\\\/3\\\/2019\\\/08\\\/Kem\u00e9nyen-visszav\u00e1gtak-volt-koll\u00e9g\u00e1i-a-felmondott-zalaegerszegi-sz\u00edveseb\u00e9sznek.jpg\",\"datePublished\":\"2019-08-31T01:28:50+00:00\",\"dateModified\":\"2019-08-31T01:28:51+00:00\",\"author\":{\"@id\":\"https:\\\/\\\/hotnewsinworld.com\\\/hu\\\/#\\\/schema\\\/person\\\/fe61448b21c0d59086e75fcc1f9d8f6b\"},\"breadcrumb\":{\"@id\":\"https:\\\/\\\/hotnewsinworld.com\\\/hu\\\/kemenyen-visszavagtak-volt-kollegai-a-felmondott-zalaegerszegi-szivesebesznek\\\/#breadcrumb\"},\"inLanguage\":\"hu\",\"potentialAction\":[{\"@type\":\"ReadAction\",\"target\":[\"https:\\\/\\\/hotnewsinworld.com\\\/hu\\\/kemenyen-visszavagtak-volt-kollegai-a-felmondott-zalaegerszegi-szivesebesznek\\\/\"]}]},{\"@type\":\"ImageObject\",\"inLanguage\":\"hu\",\"@id\":\"https:\\\/\\\/hotnewsinworld.com\\\/hu\\\/kemenyen-visszavagtak-volt-kollegai-a-felmondott-zalaegerszegi-szivesebesznek\\\/#primaryimage\",\"url\":\"https:\\\/\\\/hotnewsinworld.com\\\/hu\\\/wp-content\\\/uploads\\\/sites\\\/3\\\/2019\\\/08\\\/Kem\u00e9nyen-visszav\u00e1gtak-volt-koll\u00e9g\u00e1i-a-felmondott-zalaegerszegi-sz\u00edveseb\u00e9sznek.jpg\",\"contentUrl\":\"https:\\\/\\\/hotnewsinworld.com\\\/hu\\\/wp-content\\\/uploads\\\/sites\\\/3\\\/2019\\\/08\\\/Kem\u00e9nyen-visszav\u00e1gtak-volt-koll\u00e9g\u00e1i-a-felmondott-zalaegerszegi-sz\u00edveseb\u00e9sznek.jpg\",\"width\":600,\"height\":315,\"caption\":\"Kem\u00e9nyen visszav\u00e1gtak volt koll\u00e9g\u00e1i a felmondott zalaegerszegi sz\u00edveseb\u00e9sznek\"},{\"@type\":\"BreadcrumbList\",\"@id\":\"https:\\\/\\\/hotnewsinworld.com\\\/hu\\\/kemenyen-visszavagtak-volt-kollegai-a-felmondott-zalaegerszegi-szivesebesznek\\\/#breadcrumb\",\"itemListElement\":[{\"@type\":\"ListItem\",\"position\":1,\"name\":\"\u0413\u043b\u0430\u0432\u043d\u0430\u044f \u0441\u0442\u0440\u0430\u043d\u0438\u0446\u0430\",\"item\":\"https:\\\/\\\/hotnewsinworld.com\\\/hu\\\/\"},{\"@type\":\"ListItem\",\"position\":2,\"name\":\"Kem\u00e9nyen visszav\u00e1gtak volt koll\u00e9g\u00e1i a felmondott zalaegerszegi sz\u00edveseb\u00e9sznek\"}]},{\"@type\":\"WebSite\",\"@id\":\"https:\\\/\\\/hotnewsinworld.com\\\/hu\\\/#website\",\"url\":\"https:\\\/\\\/hotnewsinworld.com\\\/hu\\\/\",\"name\":\"Hot News in World\",\"description\":\"Hot News in World from Hungary\",\"potentialAction\":[{\"@type\":\"SearchAction\",\"target\":{\"@type\":\"EntryPoint\",\"urlTemplate\":\"https:\\\/\\\/hotnewsinworld.com\\\/hu\\\/?s={search_term_string}\"},\"query-input\":{\"@type\":\"PropertyValueSpecification\",\"valueRequired\":true,\"valueName\":\"search_term_string\"}}],\"inLanguage\":\"hu\"},{\"@type\":\"Person\",\"@id\":\"https:\\\/\\\/hotnewsinworld.com\\\/hu\\\/#\\\/schema\\\/person\\\/fe61448b21c0d59086e75fcc1f9d8f6b\",\"name\":\"hotnewsinworld\",\"image\":{\"@type\":\"ImageObject\",\"inLanguage\":\"hu\",\"@id\":\"https:\\\/\\\/secure.gravatar.com\\\/avatar\\\/8a09ac165600ce2e1c38fe593c63928eb1e6e7ba5c5a907d67787c41b3d00c14?s=96&d=mm&r=g\",\"url\":\"https:\\\/\\\/secure.gravatar.com\\\/avatar\\\/8a09ac165600ce2e1c38fe593c63928eb1e6e7ba5c5a907d67787c41b3d00c14?s=96&d=mm&r=g\",\"contentUrl\":\"https:\\\/\\\/secure.gravatar.com\\\/avatar\\\/8a09ac165600ce2e1c38fe593c63928eb1e6e7ba5c5a907d67787c41b3d00c14?s=96&d=mm&r=g\",\"caption\":\"hotnewsinworld\"},\"url\":\"https:\\\/\\\/hotnewsinworld.com\\\/hu\\\/author\\\/pt\\\/\"}]}<\/script>\n<!-- \/ Yoast SEO plugin. -->","yoast_head_json":{"title":"Kem\u00e9nyen visszav\u00e1gtak volt koll\u00e9g\u00e1i a felmondott zalaegerszegi sz\u00edveseb\u00e9sznek - Hot News in World","robots":{"index":"index","follow":"follow","max-snippet":"max-snippet:-1","max-image-preview":"max-image-preview:large","max-video-preview":"max-video-preview:-1"},"canonical":"https:\/\/hotnewsinworld.com\/hu\/kemenyen-visszavagtak-volt-kollegai-a-felmondott-zalaegerszegi-szivesebesznek\/","og_locale":"hu_HU","og_type":"article","og_title":"Kem\u00e9nyen visszav\u00e1gtak volt koll\u00e9g\u00e1i a felmondott zalaegerszegi sz\u00edveseb\u00e9sznek - Hot News in World","og_description":"[ad_1] Az elhunyt betegr\u0151l nem esik sz\u00f3 a lev\u00e9lben. Fot\u00f3: Pixabay A k\u00f3rh\u00e1z ut\u00e1n volt koll\u00e9g\u00e1i is reag\u00e1ltak a Zala Megyei Szent Rafael K\u00f3rh\u00e1z Sz\u00edvseb\u00e9szeti Oszt\u00e1ly\u00e1nak \u00e9l\u00e9r\u0151l t\u00e1voz\u00f3 Alotti Nasri \u00fczenet\u00e9re. A f\u0151orvos azt \u00edrta,\u00a0d\u00f6nt\u00e9se h\u00e1tter\u00e9ben az \u00e1ll, hogy j\u00faniusi szabads\u00e1ga idej\u00e9n a k\u00f6zrem\u0171k\u00f6d\u00e9s\u00e9vel beker\u00fclt az oszt\u00e1lyra egy s\u00fcrg\u0151s sz\u00edvm\u0171t\u00e9tet\u2026 class=&#8221;line-title-with-image&#8221;&gt; Alotti Nasri h\u00fasz \u00e9v [&hellip;]","og_url":"https:\/\/hotnewsinworld.com\/hu\/kemenyen-visszavagtak-volt-kollegai-a-felmondott-zalaegerszegi-szivesebesznek\/","og_site_name":"Hot News in World","article_published_time":"2019-08-31T01:28:50+00:00","article_modified_time":"2019-08-31T01:28:51+00:00","og_image":[{"width":600,"height":315,"url":"https:\/\/hotnewsinworld.com\/hu\/wp-content\/uploads\/sites\/3\/2019\/08\/Kem\u00e9nyen-visszav\u00e1gtak-volt-koll\u00e9g\u00e1i-a-felmondott-zalaegerszegi-sz\u00edveseb\u00e9sznek.jpg","type":"image\/jpeg"}],"author":"hotnewsinworld","twitter_card":"summary_large_image","twitter_misc":{"Szerz\u0151:":"hotnewsinworld","Becs\u00fclt olvas\u00e1si id\u0151":"2 perc"},"schema":{"@context":"https:\/\/schema.org","@graph":[{"@type":"Article","@id":"https:\/\/hotnewsinworld.com\/hu\/kemenyen-visszavagtak-volt-kollegai-a-felmondott-zalaegerszegi-szivesebesznek\/#article","isPartOf":{"@id":"https:\/\/hotnewsinworld.com\/hu\/kemenyen-visszavagtak-volt-kollegai-a-felmondott-zalaegerszegi-szivesebesznek\/"},"author":{"name":"hotnewsinworld","@id":"https:\/\/hotnewsinworld.com\/hu\/#\/schema\/person\/fe61448b21c0d59086e75fcc1f9d8f6b"},"headline":"Kem\u00e9nyen visszav\u00e1gtak volt koll\u00e9g\u00e1i a felmondott zalaegerszegi sz\u00edveseb\u00e9sznek","datePublished":"2019-08-31T01:28:50+00:00","dateModified":"2019-08-31T01:28:51+00:00","mainEntityOfPage":{"@id":"https:\/\/hotnewsinworld.com\/hu\/kemenyen-visszavagtak-volt-kollegai-a-felmondott-zalaegerszegi-szivesebesznek\/"},"wordCount":371,"commentCount":0,"image":{"@id":"https:\/\/hotnewsinworld.com\/hu\/kemenyen-visszavagtak-volt-kollegai-a-felmondott-zalaegerszegi-szivesebesznek\/#primaryimage"},"thumbnailUrl":"https:\/\/hotnewsinworld.com\/hu\/wp-content\/uploads\/sites\/3\/2019\/08\/Kem\u00e9nyen-visszav\u00e1gtak-volt-koll\u00e9g\u00e1i-a-felmondott-zalaegerszegi-sz\u00edveseb\u00e9sznek.jpg","articleSection":["LEG\u00daJABB P\u00c9NZ\u00dcGYI H\u00cdREK"],"inLanguage":"hu","potentialAction":[{"@type":"CommentAction","name":"Comment","target":["https:\/\/hotnewsinworld.com\/hu\/kemenyen-visszavagtak-volt-kollegai-a-felmondott-zalaegerszegi-szivesebesznek\/#respond"]}]},{"@type":"WebPage","@id":"https:\/\/hotnewsinworld.com\/hu\/kemenyen-visszavagtak-volt-kollegai-a-felmondott-zalaegerszegi-szivesebesznek\/","url":"https:\/\/hotnewsinworld.com\/hu\/kemenyen-visszavagtak-volt-kollegai-a-felmondott-zalaegerszegi-szivesebesznek\/","name":"Kem\u00e9nyen visszav\u00e1gtak volt koll\u00e9g\u00e1i a felmondott zalaegerszegi sz\u00edveseb\u00e9sznek - Hot News in World","isPartOf":{"@id":"https:\/\/hotnewsinworld.com\/hu\/#website"},"primaryImageOfPage":{"@id":"https:\/\/hotnewsinworld.com\/hu\/kemenyen-visszavagtak-volt-kollegai-a-felmondott-zalaegerszegi-szivesebesznek\/#primaryimage"},"image":{"@id":"https:\/\/hotnewsinworld.com\/hu\/kemenyen-visszavagtak-volt-kollegai-a-felmondott-zalaegerszegi-szivesebesznek\/#primaryimage"},"thumbnailUrl":"https:\/\/hotnewsinworld.com\/hu\/wp-content\/uploads\/sites\/3\/2019\/08\/Kem\u00e9nyen-visszav\u00e1gtak-volt-koll\u00e9g\u00e1i-a-felmondott-zalaegerszegi-sz\u00edveseb\u00e9sznek.jpg","datePublished":"2019-08-31T01:28:50+00:00","dateModified":"2019-08-31T01:28:51+00:00","author":{"@id":"https:\/\/hotnewsinworld.com\/hu\/#\/schema\/person\/fe61448b21c0d59086e75fcc1f9d8f6b"},"breadcrumb":{"@id":"https:\/\/hotnewsinworld.com\/hu\/kemenyen-visszavagtak-volt-kollegai-a-felmondott-zalaegerszegi-szivesebesznek\/#breadcrumb"},"inLanguage":"hu","potentialAction":[{"@type":"ReadAction","target":["https:\/\/hotnewsinworld.com\/hu\/kemenyen-visszavagtak-volt-kollegai-a-felmondott-zalaegerszegi-szivesebesznek\/"]}]},{"@type":"ImageObject","inLanguage":"hu","@id":"https:\/\/hotnewsinworld.com\/hu\/kemenyen-visszavagtak-volt-kollegai-a-felmondott-zalaegerszegi-szivesebesznek\/#primaryimage","url":"https:\/\/hotnewsinworld.com\/hu\/wp-content\/uploads\/sites\/3\/2019\/08\/Kem\u00e9nyen-visszav\u00e1gtak-volt-koll\u00e9g\u00e1i-a-felmondott-zalaegerszegi-sz\u00edveseb\u00e9sznek.jpg","contentUrl":"https:\/\/hotnewsinworld.com\/hu\/wp-content\/uploads\/sites\/3\/2019\/08\/Kem\u00e9nyen-visszav\u00e1gtak-volt-koll\u00e9g\u00e1i-a-felmondott-zalaegerszegi-sz\u00edveseb\u00e9sznek.jpg","width":600,"height":315,"caption":"Kem\u00e9nyen visszav\u00e1gtak volt koll\u00e9g\u00e1i a felmondott zalaegerszegi sz\u00edveseb\u00e9sznek"},{"@type":"BreadcrumbList","@id":"https:\/\/hotnewsinworld.com\/hu\/kemenyen-visszavagtak-volt-kollegai-a-felmondott-zalaegerszegi-szivesebesznek\/#breadcrumb","itemListElement":[{"@type":"ListItem","position":1,"name":"\u0413\u043b\u0430\u0432\u043d\u0430\u044f \u0441\u0442\u0440\u0430\u043d\u0438\u0446\u0430","item":"https:\/\/hotnewsinworld.com\/hu\/"},{"@type":"ListItem","position":2,"name":"Kem\u00e9nyen visszav\u00e1gtak volt koll\u00e9g\u00e1i a felmondott zalaegerszegi sz\u00edveseb\u00e9sznek"}]},{"@type":"WebSite","@id":"https:\/\/hotnewsinworld.com\/hu\/#website","url":"https:\/\/hotnewsinworld.com\/hu\/","name":"Hot News in World","description":"Hot News in World from Hungary","potentialAction":[{"@type":"SearchAction","target":{"@type":"EntryPoint","urlTemplate":"https:\/\/hotnewsinworld.com\/hu\/?s={search_term_string}"},"query-input":{"@type":"PropertyValueSpecification","valueRequired":true,"valueName":"search_term_string"}}],"inLanguage":"hu"},{"@type":"Person","@id":"https:\/\/hotnewsinworld.com\/hu\/#\/schema\/person\/fe61448b21c0d59086e75fcc1f9d8f6b","name":"hotnewsinworld","image":{"@type":"ImageObject","inLanguage":"hu","@id":"https:\/\/secure.gravatar.com\/avatar\/8a09ac165600ce2e1c38fe593c63928eb1e6e7ba5c5a907d67787c41b3d00c14?s=96&d=mm&r=g","url":"https:\/\/secure.gravatar.com\/avatar\/8a09ac165600ce2e1c38fe593c63928eb1e6e7ba5c5a907d67787c41b3d00c14?s=96&d=mm&r=g","contentUrl":"https:\/\/secure.gravatar.com\/avatar\/8a09ac165600ce2e1c38fe593c63928eb1e6e7ba5c5a907d67787c41b3d00c14?s=96&d=mm&r=g","caption":"hotnewsinworld"},"url":"https:\/\/hotnewsinworld.com\/hu\/author\/pt\/"}]}},"_links":{"self":[{"href":"https:\/\/hotnewsinworld.com\/hu\/wp-json\/wp\/v2\/posts\/1420","targetHints":{"allow":["GET"]}}],"collection":[{"href":"https:\/\/hotnewsinworld.com\/hu\/wp-json\/wp\/v2\/posts"}],"about":[{"href":"https:\/\/hotnewsinworld.com\/hu\/wp-json\/wp\/v2\/types\/post"}],"author":[{"embeddable":true,"href":"https:\/\/hotnewsinworld.com\/hu\/wp-json\/wp\/v2\/users\/2"}],"replies":[{"embeddable":true,"href":"https:\/\/hotnewsinworld.com\/hu\/wp-json\/wp\/v2\/comments?post=1420"}],"version-history":[{"count":1,"href":"https:\/\/hotnewsinworld.com\/hu\/wp-json\/wp\/v2\/posts\/1420\/revisions"}],"predecessor-version":[{"id":1422,"href":"https:\/\/hotnewsinworld.com\/hu\/wp-json\/wp\/v2\/posts\/1420\/revisions\/1422"}],"wp:featuredmedia":[{"embeddable":true,"href":"https:\/\/hotnewsinworld.com\/hu\/wp-json\/wp\/v2\/media\/1421"}],"wp:attachment":[{"href":"https:\/\/hotnewsinworld.com\/hu\/wp-json\/wp\/v2\/media?parent=1420"}],"wp:term":[{"taxonomy":"category","embeddable":true,"href":"https:\/\/hotnewsinworld.com\/hu\/wp-json\/wp\/v2\/categories?post=1420"},{"taxonomy":"post_tag","embeddable":true,"href":"https:\/\/hotnewsinworld.com\/hu\/wp-json\/wp\/v2\/tags?post=1420"}],"curies":[{"name":"wp","href":"https:\/\/api.w.org\/{rel}","templated":true}]}}