{"id":1423,"date":"2019-08-31T06:00:34","date_gmt":"2019-08-31T03:00:34","guid":{"rendered":"https:\/\/hotnewsinworld.com\/hu\/kiemelkedoen-nottek-a-berek-juniusban\/"},"modified":"2019-08-31T06:00:34","modified_gmt":"2019-08-31T03:00:34","slug":"kiemelkedoen-nottek-a-berek-juniusban","status":"publish","type":"post","link":"https:\/\/hotnewsinworld.com\/hu\/kiemelkedoen-nottek-a-berek-juniusban\/","title":{"rendered":"Kiemelked\u0151en n\u0151ttek a b\u00e9rek j\u00faniusban"},"content":{"rendered":"<p> [ad_1]<br \/>\n<\/p>\n<div>\n<p><strong>Kiemelked\u0151en n\u0151ttek a b\u00e9rek j\u00faniusban, amit legink\u00e1bb a v\u00e1llalatok v\u00e1ltozatlanul er\u0151s munkaer\u0151-kereslete befoly\u00e1sol elemz\u0151k szerint.<\/strong><span id=\"more-119193\"\/><\/p>\n<p>    A K\u00f6zponti Statisztikai Hivatal p\u00e9nteken tette k\u00f6zz\u00e9, hogy j\u00faniusban a brutt\u00f3 \u00e1tlagkereset 364 800 forint volt, 10,6 sz\u00e1zal\u00e9kkal magasabb, mint egy \u00e9vvel kor\u00e1bban.<br \/>Moln\u00e1r D\u00e1niel, a Sz\u00e1zadv\u00e9g elemz\u0151je az MTI-nek k\u00fcld\u00f6tt komment\u00e1rj\u00e1ban kiemelte, a keresetek j\u00faniusban is kiemelked\u0151 m\u00e9rt\u00e9kben, 10 sz\u00e1zal\u00e9k feletti \u00fctemben n\u0151ttek. A b\u00e9rek n\u00f6veked\u00e9si \u00fcteme tov\u00e1bbra is meghaladja az \u00e9v eleji minim\u00e1lb\u00e9remel\u00e9s m\u00e9rt\u00e9k\u00e9t. Ebb\u0151l arra lehet k\u00f6vetkeztetni, hogy a b\u00e9reket legink\u00e1bb a v\u00e1llalatok v\u00e1ltozatlanul er\u0151s munkaer\u0151-kereslete befoly\u00e1solja.<br \/>A Sz\u00e1zadv\u00e9g elemz\u0151je az \u00e9v eg\u00e9sz\u00e9re 10 sz\u00e1zal\u00e9k feletti b\u00e9remelked\u00e9st v\u00e1r, amelynek egy \u00fajabb l\u00f6k\u00e9st adhat a szoci\u00e1lis hozz\u00e1j\u00e1rul\u00e1si ad\u00f3 j\u00faliusi 2 sz\u00e1zal\u00e9kpontos cs\u00f6kken\u00e9se, szerinte a k\u00f6zszf\u00e9r\u00e1ban, azon bel\u00fcl is els\u0151sorban az oktat\u00e1sban tov\u00e1bbra is l\u00e1tszik a b\u00e9remel\u00e9sek folytat\u00e1s\u00e1nak sz\u00fcks\u00e9gess\u00e9ge.<\/p>\n<p>\u00a0&#13;<br \/>\n&#13;<br \/>\n&#13;<br \/>\n<!-- 640x400 -->&#13;<br \/>\n&#13;<br \/>\n&#13;<br \/>\n&#13;<br \/>\n\u00a0&#13;<br \/>\n\u00a0<\/p>\n<p>    Virov\u00e1cz P\u00e9ter, az ING Bank vezet\u0151 elemz\u0151je r\u00e1mutatott arra, hogy a b\u00e9rek j\u00faniusban is k\u00e9tsz\u00e1mjegy\u0171 n\u00f6veked\u00e9st mutatnak, a munkaer\u0151hi\u00e1ny tov\u00e1bbra is jelent\u0151s. Nagy k\u00e9rd\u00e9s szerinte, hogy a k\u00fcls\u0151 bizonytalans\u00e1gok k\u00f6vetkezt\u00e9ben a v\u00e1llalatok mikor kezdik el m\u00e9rs\u00e9kelni a munkaer\u0151-kereslet\u00fcket, ami a b\u00e9rez\u00e9sre is hat\u00e1ssal lehet.<br \/>\n    Az ING Bank vezet\u0151 elemz\u0151je r\u00e1mutat arra, hogy a b\u00e9rek 10,6 sz\u00e1zal\u00e9kos emelked\u00e9se az el\u0151z\u0151 havi adathoz k\u00e9pest enyhe m\u00e9rs\u00e9kl\u0151d\u00e9st jelent. Ennek els\u0151dleges oka az \u00e1llami szf\u00e9r\u00e1ban keresend\u0151, ahol 8,4 sz\u00e1zal\u00e9kkal n\u0151ttek a b\u00e9rek.<br \/>\n    Jelent\u0151sen \u00e1tlag felett n\u0151ttek a fizet\u00e9sek a neh\u00e9ziparban \u00e9s a mez\u0151gazdas\u00e1gban, mik\u00f6zben n\u00e9mi meglepet\u00e9sre az \u00e9p\u00edt\u0151ipari b\u00e9rek 7,6 sz\u00e1zal\u00e9kos n\u00f6veked\u00e9se hossz\u00fa \u00e9vek \u00f3ta a legalacsonyabb sz\u00e1m. A szolg\u00e1ltat\u00f3 szektorban vegyesebb a b\u00e9rfejleszt\u00e9si k\u00e9p, ahol j\u00faniusban a vend\u00e9gl\u00e1t\u00e1s ter\u00fclet\u00e9n n\u0151ttek legnagyobb m\u00e9rt\u00e9kben a b\u00e9rek, v\u00e9lhet\u0151en az \u00e1gazatban jelentkez\u0151 szezon\u00e1lisan meger\u0151s\u00f6d\u0151 munkaer\u0151-kereslet \u00e9s a munkaer\u0151hi\u00e1ny k\u00f6vetkezt\u00e9ben \u2013 \u00edrja elemz\u00e9s\u00e9ben Virov\u00e1cz P\u00e9ter. Szerinte az els\u0151 f\u00e9l \u00e9vben m\u00e9rt \u00e1tlagos 10,6 sz\u00e1zal\u00e9kos b\u00e9rn\u00f6veked\u00e9si \u00fctem nagyj\u00e1b\u00f3l fennmaradhat az \u00e9v m\u00e1sodik fel\u00e9ben is.<br \/>\n    Horv\u00e1th Andr\u00e1s, a Takar\u00e9kbank vezet\u0151 elemz\u0151je szerint a j\u00faniusi b\u00e9rek alakul\u00e1s\u00e1ra hat\u00e1ssal volt a k\u00e9pzett munkaer\u0151 egyre fokozottabb hi\u00e1nya \u00e9s a b\u00e9rminimum emel\u00e9se. Arra h\u00edvta fel a figyelmet, hogy 2015 \u00f3ta az egyedi kifizet\u00e9sekt\u0151l megtiszt\u00edtott rendszeres b\u00e9rek 51,1 sz\u00e1zal\u00e9kkal n\u0151ttek a magyar munkaer\u0151piacon, ami p\u00e9ld\u00e1tlan felz\u00e1rk\u00f3z\u00e1st jelent a hazai nemzetgazdas\u00e1g t\u00f6rt\u00e9net\u00e9ben.<br \/>\n    A Takar\u00e9kbank vezet\u0151 elemz\u0151je kiemelte, hogy a k\u00f6zszf\u00e9ra a gyenge pontja tov\u00e1bbra is a jelenlegi b\u00e9rdinamik\u00e1nak, m\u00edg a versenyszf\u00e9ra fel\u00fclm\u00falja az \u00e1tlagot, de az id\u00e9n ny\u00e1rt\u00f3l m\u00e1r elindult \u00e9s 2022-ig 72 sz\u00e1zal\u00e9kkal emelked\u0151 eg\u00e9szs\u00e9g\u00fcgyi szakdolgoz\u00f3i b\u00e9rek gyors\u00edthatnak majd a dinamik\u00e1n, mivel mintegy 90 ezer embert \u00e9rint.<br \/>\n    A Takar\u00e9kbank vezet\u0151 elemz\u0151je 2019-re 10,3 sz\u00e1zal\u00e9k k\u00f6r\u00fcli \u00e9ves n\u00f6veked\u00e9st v\u00e1r a brutt\u00f3 b\u00e9rekben, a re\u00e1lb\u00e9r n\u00f6veked\u00e9se pedig 6,5 sz\u00e1zal\u00e9k felett alakul majd. A tov\u00e1bbra is kifesz\u00edtett munkaer\u0151piac \u00e9s a rekord alacsony munkan\u00e9lk\u00fclis\u00e9g miatt a b\u00e9rn\u00f6veked\u00e9s dinamik\u00e1ja a k\u00f6vetkez\u0151 id\u0151szakban is hasonl\u00f3an intenz\u00edv marad \u2013 \u00edrja elemz\u00e9s\u00e9ben Horv\u00e1th Andr\u00e1s.(MTI)<\/p><\/div>\n<p>[ad_2]<br \/>\n<br \/><a href=\"https:\/\/hirek.oldal.info\/rssclick\/14357771\">Source link <\/a><\/p>\n","protected":false},"excerpt":{"rendered":"<p>[ad_1] Kiemelked\u0151en n\u0151ttek a b\u00e9rek j\u00faniusban, amit legink\u00e1bb a v\u00e1llalatok v\u00e1ltozatlanul er\u0151s munkaer\u0151-kereslete befoly\u00e1sol elemz\u0151k szerint. A K\u00f6zponti Statisztikai Hivatal p\u00e9nteken tette k\u00f6zz\u00e9, hogy j\u00faniusban a brutt\u00f3 \u00e1tlagkereset 364 800 forint volt, 10,6 sz\u00e1zal\u00e9kkal magasabb, mint egy \u00e9vvel kor\u00e1bban.Moln\u00e1r D\u00e1niel, a Sz\u00e1zadv\u00e9g elemz\u0151je az MTI-nek k\u00fcld\u00f6tt komment\u00e1rj\u00e1ban kiemelte, a keresetek j\u00faniusban is kiemelked\u0151 m\u00e9rt\u00e9kben, 10 [&hellip;]<\/p>\n","protected":false},"author":2,"featured_media":0,"comment_status":"open","ping_status":"open","sticky":false,"template":"","format":"standard","meta":{"footnotes":""},"categories":[1],"tags":[],"class_list":["post-1423","post","type-post","status-publish","format-standard","hentry","category-legujabb-penzugyi-hirek"],"yoast_head":"<!-- This site is optimized with the Yoast SEO plugin v27.4 - https:\/\/yoast.com\/product\/yoast-seo-wordpress\/ -->\n<title>Kiemelked\u0151en n\u0151ttek a b\u00e9rek j\u00faniusban - Hot News in World<\/title>\n<meta name=\"robots\" content=\"index, follow, max-snippet:-1, max-image-preview:large, max-video-preview:-1\" \/>\n<link rel=\"canonical\" href=\"https:\/\/hotnewsinworld.com\/hu\/kiemelkedoen-nottek-a-berek-juniusban\/\" \/>\n<meta property=\"og:locale\" content=\"hu_HU\" \/>\n<meta property=\"og:type\" content=\"article\" \/>\n<meta property=\"og:title\" content=\"Kiemelked\u0151en n\u0151ttek a b\u00e9rek j\u00faniusban - Hot News in World\" \/>\n<meta property=\"og:description\" content=\"[ad_1] Kiemelked\u0151en n\u0151ttek a b\u00e9rek j\u00faniusban, amit legink\u00e1bb a v\u00e1llalatok v\u00e1ltozatlanul er\u0151s munkaer\u0151-kereslete befoly\u00e1sol elemz\u0151k szerint. A K\u00f6zponti Statisztikai Hivatal p\u00e9nteken tette k\u00f6zz\u00e9, hogy j\u00faniusban a brutt\u00f3 \u00e1tlagkereset 364 800 forint volt, 10,6 sz\u00e1zal\u00e9kkal magasabb, mint egy \u00e9vvel kor\u00e1bban.Moln\u00e1r D\u00e1niel, a Sz\u00e1zadv\u00e9g elemz\u0151je az MTI-nek k\u00fcld\u00f6tt komment\u00e1rj\u00e1ban kiemelte, a keresetek j\u00faniusban is kiemelked\u0151 m\u00e9rt\u00e9kben, 10 [&hellip;]\" \/>\n<meta property=\"og:url\" content=\"https:\/\/hotnewsinworld.com\/hu\/kiemelkedoen-nottek-a-berek-juniusban\/\" \/>\n<meta property=\"og:site_name\" content=\"Hot News in World\" \/>\n<meta property=\"article:published_time\" content=\"2019-08-31T03:00:34+00:00\" \/>\n<meta name=\"author\" content=\"hotnewsinworld\" \/>\n<meta name=\"twitter:card\" content=\"summary_large_image\" \/>\n<meta name=\"twitter:label1\" content=\"Szerz\u0151:\" \/>\n\t<meta name=\"twitter:data1\" content=\"hotnewsinworld\" \/>\n\t<meta name=\"twitter:label2\" content=\"Becs\u00fclt olvas\u00e1si id\u0151\" \/>\n\t<meta name=\"twitter:data2\" content=\"3 perc\" \/>\n<script type=\"application\/ld+json\" class=\"yoast-schema-graph\">{\"@context\":\"https:\\\/\\\/schema.org\",\"@graph\":[{\"@type\":\"Article\",\"@id\":\"https:\\\/\\\/hotnewsinworld.com\\\/hu\\\/kiemelkedoen-nottek-a-berek-juniusban\\\/#article\",\"isPartOf\":{\"@id\":\"https:\\\/\\\/hotnewsinworld.com\\\/hu\\\/kiemelkedoen-nottek-a-berek-juniusban\\\/\"},\"author\":{\"name\":\"hotnewsinworld\",\"@id\":\"https:\\\/\\\/hotnewsinworld.com\\\/hu\\\/#\\\/schema\\\/person\\\/fe61448b21c0d59086e75fcc1f9d8f6b\"},\"headline\":\"Kiemelked\u0151en n\u0151ttek a b\u00e9rek j\u00faniusban\",\"datePublished\":\"2019-08-31T03:00:34+00:00\",\"mainEntityOfPage\":{\"@id\":\"https:\\\/\\\/hotnewsinworld.com\\\/hu\\\/kiemelkedoen-nottek-a-berek-juniusban\\\/\"},\"wordCount\":702,\"commentCount\":0,\"articleSection\":[\"LEG\u00daJABB P\u00c9NZ\u00dcGYI H\u00cdREK\"],\"inLanguage\":\"hu\",\"potentialAction\":[{\"@type\":\"CommentAction\",\"name\":\"Comment\",\"target\":[\"https:\\\/\\\/hotnewsinworld.com\\\/hu\\\/kiemelkedoen-nottek-a-berek-juniusban\\\/#respond\"]}]},{\"@type\":\"WebPage\",\"@id\":\"https:\\\/\\\/hotnewsinworld.com\\\/hu\\\/kiemelkedoen-nottek-a-berek-juniusban\\\/\",\"url\":\"https:\\\/\\\/hotnewsinworld.com\\\/hu\\\/kiemelkedoen-nottek-a-berek-juniusban\\\/\",\"name\":\"Kiemelked\u0151en n\u0151ttek a b\u00e9rek j\u00faniusban - Hot News in World\",\"isPartOf\":{\"@id\":\"https:\\\/\\\/hotnewsinworld.com\\\/hu\\\/#website\"},\"datePublished\":\"2019-08-31T03:00:34+00:00\",\"author\":{\"@id\":\"https:\\\/\\\/hotnewsinworld.com\\\/hu\\\/#\\\/schema\\\/person\\\/fe61448b21c0d59086e75fcc1f9d8f6b\"},\"breadcrumb\":{\"@id\":\"https:\\\/\\\/hotnewsinworld.com\\\/hu\\\/kiemelkedoen-nottek-a-berek-juniusban\\\/#breadcrumb\"},\"inLanguage\":\"hu\",\"potentialAction\":[{\"@type\":\"ReadAction\",\"target\":[\"https:\\\/\\\/hotnewsinworld.com\\\/hu\\\/kiemelkedoen-nottek-a-berek-juniusban\\\/\"]}]},{\"@type\":\"BreadcrumbList\",\"@id\":\"https:\\\/\\\/hotnewsinworld.com\\\/hu\\\/kiemelkedoen-nottek-a-berek-juniusban\\\/#breadcrumb\",\"itemListElement\":[{\"@type\":\"ListItem\",\"position\":1,\"name\":\"\u0413\u043b\u0430\u0432\u043d\u0430\u044f \u0441\u0442\u0440\u0430\u043d\u0438\u0446\u0430\",\"item\":\"https:\\\/\\\/hotnewsinworld.com\\\/hu\\\/\"},{\"@type\":\"ListItem\",\"position\":2,\"name\":\"Kiemelked\u0151en n\u0151ttek a b\u00e9rek j\u00faniusban\"}]},{\"@type\":\"WebSite\",\"@id\":\"https:\\\/\\\/hotnewsinworld.com\\\/hu\\\/#website\",\"url\":\"https:\\\/\\\/hotnewsinworld.com\\\/hu\\\/\",\"name\":\"Hot News in World\",\"description\":\"Hot News in World from Hungary\",\"potentialAction\":[{\"@type\":\"SearchAction\",\"target\":{\"@type\":\"EntryPoint\",\"urlTemplate\":\"https:\\\/\\\/hotnewsinworld.com\\\/hu\\\/?s={search_term_string}\"},\"query-input\":{\"@type\":\"PropertyValueSpecification\",\"valueRequired\":true,\"valueName\":\"search_term_string\"}}],\"inLanguage\":\"hu\"},{\"@type\":\"Person\",\"@id\":\"https:\\\/\\\/hotnewsinworld.com\\\/hu\\\/#\\\/schema\\\/person\\\/fe61448b21c0d59086e75fcc1f9d8f6b\",\"name\":\"hotnewsinworld\",\"image\":{\"@type\":\"ImageObject\",\"inLanguage\":\"hu\",\"@id\":\"https:\\\/\\\/secure.gravatar.com\\\/avatar\\\/8a09ac165600ce2e1c38fe593c63928eb1e6e7ba5c5a907d67787c41b3d00c14?s=96&d=mm&r=g\",\"url\":\"https:\\\/\\\/secure.gravatar.com\\\/avatar\\\/8a09ac165600ce2e1c38fe593c63928eb1e6e7ba5c5a907d67787c41b3d00c14?s=96&d=mm&r=g\",\"contentUrl\":\"https:\\\/\\\/secure.gravatar.com\\\/avatar\\\/8a09ac165600ce2e1c38fe593c63928eb1e6e7ba5c5a907d67787c41b3d00c14?s=96&d=mm&r=g\",\"caption\":\"hotnewsinworld\"},\"url\":\"https:\\\/\\\/hotnewsinworld.com\\\/hu\\\/author\\\/pt\\\/\"}]}<\/script>\n<!-- \/ Yoast SEO plugin. -->","yoast_head_json":{"title":"Kiemelked\u0151en n\u0151ttek a b\u00e9rek j\u00faniusban - Hot News in World","robots":{"index":"index","follow":"follow","max-snippet":"max-snippet:-1","max-image-preview":"max-image-preview:large","max-video-preview":"max-video-preview:-1"},"canonical":"https:\/\/hotnewsinworld.com\/hu\/kiemelkedoen-nottek-a-berek-juniusban\/","og_locale":"hu_HU","og_type":"article","og_title":"Kiemelked\u0151en n\u0151ttek a b\u00e9rek j\u00faniusban - Hot News in World","og_description":"[ad_1] Kiemelked\u0151en n\u0151ttek a b\u00e9rek j\u00faniusban, amit legink\u00e1bb a v\u00e1llalatok v\u00e1ltozatlanul er\u0151s munkaer\u0151-kereslete befoly\u00e1sol elemz\u0151k szerint. A K\u00f6zponti Statisztikai Hivatal p\u00e9nteken tette k\u00f6zz\u00e9, hogy j\u00faniusban a brutt\u00f3 \u00e1tlagkereset 364 800 forint volt, 10,6 sz\u00e1zal\u00e9kkal magasabb, mint egy \u00e9vvel kor\u00e1bban.Moln\u00e1r D\u00e1niel, a Sz\u00e1zadv\u00e9g elemz\u0151je az MTI-nek k\u00fcld\u00f6tt komment\u00e1rj\u00e1ban kiemelte, a keresetek j\u00faniusban is kiemelked\u0151 m\u00e9rt\u00e9kben, 10 [&hellip;]","og_url":"https:\/\/hotnewsinworld.com\/hu\/kiemelkedoen-nottek-a-berek-juniusban\/","og_site_name":"Hot News in World","article_published_time":"2019-08-31T03:00:34+00:00","author":"hotnewsinworld","twitter_card":"summary_large_image","twitter_misc":{"Szerz\u0151:":"hotnewsinworld","Becs\u00fclt olvas\u00e1si id\u0151":"3 perc"},"schema":{"@context":"https:\/\/schema.org","@graph":[{"@type":"Article","@id":"https:\/\/hotnewsinworld.com\/hu\/kiemelkedoen-nottek-a-berek-juniusban\/#article","isPartOf":{"@id":"https:\/\/hotnewsinworld.com\/hu\/kiemelkedoen-nottek-a-berek-juniusban\/"},"author":{"name":"hotnewsinworld","@id":"https:\/\/hotnewsinworld.com\/hu\/#\/schema\/person\/fe61448b21c0d59086e75fcc1f9d8f6b"},"headline":"Kiemelked\u0151en n\u0151ttek a b\u00e9rek j\u00faniusban","datePublished":"2019-08-31T03:00:34+00:00","mainEntityOfPage":{"@id":"https:\/\/hotnewsinworld.com\/hu\/kiemelkedoen-nottek-a-berek-juniusban\/"},"wordCount":702,"commentCount":0,"articleSection":["LEG\u00daJABB P\u00c9NZ\u00dcGYI H\u00cdREK"],"inLanguage":"hu","potentialAction":[{"@type":"CommentAction","name":"Comment","target":["https:\/\/hotnewsinworld.com\/hu\/kiemelkedoen-nottek-a-berek-juniusban\/#respond"]}]},{"@type":"WebPage","@id":"https:\/\/hotnewsinworld.com\/hu\/kiemelkedoen-nottek-a-berek-juniusban\/","url":"https:\/\/hotnewsinworld.com\/hu\/kiemelkedoen-nottek-a-berek-juniusban\/","name":"Kiemelked\u0151en n\u0151ttek a b\u00e9rek j\u00faniusban - Hot News in World","isPartOf":{"@id":"https:\/\/hotnewsinworld.com\/hu\/#website"},"datePublished":"2019-08-31T03:00:34+00:00","author":{"@id":"https:\/\/hotnewsinworld.com\/hu\/#\/schema\/person\/fe61448b21c0d59086e75fcc1f9d8f6b"},"breadcrumb":{"@id":"https:\/\/hotnewsinworld.com\/hu\/kiemelkedoen-nottek-a-berek-juniusban\/#breadcrumb"},"inLanguage":"hu","potentialAction":[{"@type":"ReadAction","target":["https:\/\/hotnewsinworld.com\/hu\/kiemelkedoen-nottek-a-berek-juniusban\/"]}]},{"@type":"BreadcrumbList","@id":"https:\/\/hotnewsinworld.com\/hu\/kiemelkedoen-nottek-a-berek-juniusban\/#breadcrumb","itemListElement":[{"@type":"ListItem","position":1,"name":"\u0413\u043b\u0430\u0432\u043d\u0430\u044f \u0441\u0442\u0440\u0430\u043d\u0438\u0446\u0430","item":"https:\/\/hotnewsinworld.com\/hu\/"},{"@type":"ListItem","position":2,"name":"Kiemelked\u0151en n\u0151ttek a b\u00e9rek j\u00faniusban"}]},{"@type":"WebSite","@id":"https:\/\/hotnewsinworld.com\/hu\/#website","url":"https:\/\/hotnewsinworld.com\/hu\/","name":"Hot News in World","description":"Hot News in World from Hungary","potentialAction":[{"@type":"SearchAction","target":{"@type":"EntryPoint","urlTemplate":"https:\/\/hotnewsinworld.com\/hu\/?s={search_term_string}"},"query-input":{"@type":"PropertyValueSpecification","valueRequired":true,"valueName":"search_term_string"}}],"inLanguage":"hu"},{"@type":"Person","@id":"https:\/\/hotnewsinworld.com\/hu\/#\/schema\/person\/fe61448b21c0d59086e75fcc1f9d8f6b","name":"hotnewsinworld","image":{"@type":"ImageObject","inLanguage":"hu","@id":"https:\/\/secure.gravatar.com\/avatar\/8a09ac165600ce2e1c38fe593c63928eb1e6e7ba5c5a907d67787c41b3d00c14?s=96&d=mm&r=g","url":"https:\/\/secure.gravatar.com\/avatar\/8a09ac165600ce2e1c38fe593c63928eb1e6e7ba5c5a907d67787c41b3d00c14?s=96&d=mm&r=g","contentUrl":"https:\/\/secure.gravatar.com\/avatar\/8a09ac165600ce2e1c38fe593c63928eb1e6e7ba5c5a907d67787c41b3d00c14?s=96&d=mm&r=g","caption":"hotnewsinworld"},"url":"https:\/\/hotnewsinworld.com\/hu\/author\/pt\/"}]}},"_links":{"self":[{"href":"https:\/\/hotnewsinworld.com\/hu\/wp-json\/wp\/v2\/posts\/1423","targetHints":{"allow":["GET"]}}],"collection":[{"href":"https:\/\/hotnewsinworld.com\/hu\/wp-json\/wp\/v2\/posts"}],"about":[{"href":"https:\/\/hotnewsinworld.com\/hu\/wp-json\/wp\/v2\/types\/post"}],"author":[{"embeddable":true,"href":"https:\/\/hotnewsinworld.com\/hu\/wp-json\/wp\/v2\/users\/2"}],"replies":[{"embeddable":true,"href":"https:\/\/hotnewsinworld.com\/hu\/wp-json\/wp\/v2\/comments?post=1423"}],"version-history":[{"count":0,"href":"https:\/\/hotnewsinworld.com\/hu\/wp-json\/wp\/v2\/posts\/1423\/revisions"}],"wp:attachment":[{"href":"https:\/\/hotnewsinworld.com\/hu\/wp-json\/wp\/v2\/media?parent=1423"}],"wp:term":[{"taxonomy":"category","embeddable":true,"href":"https:\/\/hotnewsinworld.com\/hu\/wp-json\/wp\/v2\/categories?post=1423"},{"taxonomy":"post_tag","embeddable":true,"href":"https:\/\/hotnewsinworld.com\/hu\/wp-json\/wp\/v2\/tags?post=1423"}],"curies":[{"name":"wp","href":"https:\/\/api.w.org\/{rel}","templated":true}]}}