{"id":1430,"date":"2019-08-31T10:31:08","date_gmt":"2019-08-31T07:31:08","guid":{"rendered":"https:\/\/hotnewsinworld.com\/hu\/nepszava-kampanykulisszak-mogott\/"},"modified":"2019-08-31T10:31:09","modified_gmt":"2019-08-31T07:31:09","slug":"nepszava-kampanykulisszak-mogott","status":"publish","type":"post","link":"https:\/\/hotnewsinworld.com\/hu\/nepszava-kampanykulisszak-mogott\/","title":{"rendered":"N\u00e9pszava Kamp\u00e1nykulissz\u00e1k m\u00f6g\u00f6tt"},"content":{"rendered":"<p> [ad_1]<br \/>\n<\/p>\n<div id=\"\">\n<p>Valami b\u0171zlik. A Fidesz f\u0151n\u00f6ks\u00e9ge mintha csak f\u00e9lsz\u00edvvel kamp\u00e1nyolna, valami m\u00e1sra, vagy m\u00e1sra is koncentr\u00e1l. Az\u00e9rt el\u0151vett\u00e9k a r\u00e9gi kott\u00e1kat is, v\u00e9gigj\u00e1tssz\u00e1k az ismert kamp\u00e1nydiszn\u00f3s\u00e1gokat, az m\u00e1r rutinb\u00f3l megy, a helyi vez\u00e9rek \u00e9s az 500 org\u00e1numb\u00f3l \u00e1ll\u00f3 m\u00e9diaholding behunyt szemmel is lezongor\u00e1zz\u00e1k. De komolyan gondolja valaki, hogy ha a legjobb er\u0151ket ide \u00f6sszpontos\u00edtan\u00e1k, akkor K\u00f3sa Lajosra b\u00edzn\u00e1k a kamp\u00e1nyf\u0151n\u00f6ki teend\u0151ket, \u00fagy, hogy Finkelstein \u00e9s Birnbaum sincs m\u00e1r?\u00a0<\/p>\n<p>Sz\u00f3 sincs arr\u00f3l, mintha nem akarn\u00e1nak nyerni. De m\u00e1r k\u00e9t forgat\u00f3k\u00f6nyvvel sz\u00e1molnak. Az egyik a k\u00e9nyelmes: meg\u0151rizni az \u00f6nkorm\u00e1nyzati h\u00e1torsz\u00e1got. \u00c1m a v\u00e1rosokban a meccs gyakran k\u00e9tes\u00e9lyes. Lehet, hogy v\u00e9gk\u00e9pp felbomlik a centr\u00e1lis er\u0151t\u00e9r? Viszont az is igaz, hogy polg\u00e1rmestert v\u00e1ltani nehezebb, mint parlamenti k\u00e9pvisel\u0151t. Az er\u0151s indulatok \u00e1ltal\u00e1ban nem ellen\u00fck ir\u00e1nyulnak. A konfliktusforr\u00e1s iskola, k\u00f3rh\u00e1z m\u00e1r nem hozz\u00e1juk tartozik. Az engedelmeseknek csurran-cseppen az uni\u00f3s fejleszt\u00e9sekb\u0151l. A helyi korrupci\u00f3 otthonos form\u00e1kat \u00f6lt\u00f6tt: m\u00e1r kiismerik magukat az \u00e9rdekeltek, tudj\u00e1k, kinek mennyit kell tejelni. Nagy botr\u00e1ny csak abb\u00f3l van, ha az el\u00f6lj\u00e1r\u00f3 az eg\u00e9sz v\u00e1rosh\u00e1z\u00e1t hazaviszi. Ha nem siker\u00fcl a rendszerszint\u0171 v\u00e1ltoz\u00e1s v\u00e1gy\u00e1t felkelteni, a v\u00e1rosvezet\u0151k nehezen mozd\u00edthat\u00f3k. Persze siker\u00fclhet, ha az ellenz\u00e9k, amely eddig az egy\u00fcttm\u0171k\u00f6d\u00e9s kereteit sz\u00f6gelte \u00f6ssze, most meg is t\u00f6lti azokat. Ha nemcsak a mennyis\u00e9gek ad\u00f3dnak elvben \u00f6ssze, hanem \u00faj min\u0151s\u00e9g is sz\u00fcletik.<\/p>\n<p>A rezsim urai ez\u00e9rt k\u00e9sz\u00fclnek a kev\u00e9sb\u00e9 kedvez\u0151 eredm\u00e9nyre is. Ezt szolg\u00e1lja a m\u00e1sodik forgat\u00f3k\u00f6nyv: a k\u00f6zponti hatalom tov\u00e1bbi koncentr\u00e1l\u00e1sa arra az esetre, ha az \u00f6nkorm\u00e1nyzati t\u00e1maszt\u00e9k m\u00e1r kev\u00e9sb\u00e9 szil\u00e1rd. A kulissz\u00e1k el\u0151tt, a sz\u00ednpadon az els\u0151 forgat\u00f3k\u00f6nyv szerint zajlik a kamp\u00e1ny, szok\u00e1sosan m\u00e9zzel \u00e9s mocsokkal. 9 ezer ft a nyugd\u00edjasoknak, b\u00e1r a hozz\u00e1jut\u00e1st sokak sz\u00e1m\u00e1ra akad\u00e1lyfut\u00e1ss\u00e1 nehez\u00edtett\u00e9k, a bor\u00edt\u00e9kban majd ott lesz a minisztereln\u00f6ki lev\u00e9l. Ha D\u00e1vid Ferencnek igaza van, val\u00f3di p\u00e9nz n\u00e9lk\u00fcl, egyszer\u0171en a szolg\u00e1ltat\u00f3 c\u00e9gekre r\u00e1terhelve. De ennek m\u00e9g \u00f6r\u00fclhet\u00fcnk is: legal\u00e1bb ezt nem lophatt\u00e1k el.\u00a0<\/p>\n<p>Vagy nem az eg\u00e9szet. J\u00f6nnek a k\u00f6zv\u00e9lem\u00e9nykutat\u00e1snak \u00e1lc\u00e1zott lej\u00e1rat\u00f3 telefonok (\u201eAkkor is szavazna r\u00e1, ha megtudn\u00e1, hogy veri a csal\u00e1dj\u00e1t, lopja az ez\u00fcstkanalakat \u00e9s b\u00fcd\u00f6s a l\u00e1ba?\u201d). Ocsm\u00e1ny karaktergyilkoss\u00e1gok, a macs\u00f3 hatalom r\u00e9sz\u00e9r\u0151l k\u00fcl\u00f6n k\u00e9jjel a politik\u00e1ba mer\u00e9szked\u0151 n\u0151k, pl. Don\u00e1th Anna ellen. Ahol siker\u00fcl valakit s\u00e9rtetts\u00e9g, hi\u00fas\u00e1g vagy szimpl\u00e1n p\u00e9nz seg\u00edts\u00e9g\u00e9vel felbiztatni, ott v\u00e1ratlan jel\u00f6ltekkel teszik zavaross\u00e1 a mez\u0151nyt \u2013 ha m\u00e1sra nem j\u00f3, h\u00e1t a v\u00e1laszt\u00e1s kom\u00e9di\u00e1v\u00e1 alacsony\u00edt\u00e1s\u00e1ra biztosan. Van, aki j\u00f3hiszem\u0171, van, akin\u00e9l m\u00e9teres l\u00f3l\u00e1b l\u00f3g ki. Az ingyen osztogatott korm\u00e1nyszolga lap v\u00e1ratlanul Berki Kriszti\u00e1n rendezv\u00e9ny\u00e9t h\u00edreli, akinek a fell\u00e9p\u0151 F\u00e1sy \u00c1d\u00e1m a k\u00f6vetkez\u0151k\u00e9ppen kamp\u00e1nyol: \u201eTerm\u00e9szetesen Tarl\u00f3s Istv\u00e1n az, akit sz\u00edvesen l\u00e1tn\u00e9k tov\u00e1bbra is a f\u0151polg\u00e1rmesteri sz\u00e9kben,\u2026 de sz\u00e1m\u00edt\u00e1sba kell venni Berki Kriszti\u00e1nt is. Nincs m\u00e1s komolyan vehet\u0151 jel\u00f6lt.\u201d Nah\u00e1t, micsoda v\u00e9res p\u00e1rbaj Tarl\u00f3ssal, a k\u00f6rm\u00f6m r\u00e1gom izgalmamban!<\/p>\n<p>A kamp\u00e1nykulissz\u00e1k m\u00f6g\u00f6tt k\u00f6zben folyik a l\u00e1zas \u00e1t\u00e9p\u00edt\u00e9s, a m\u00e1sodik, biztons\u00e1gi forgat\u00f3k\u00f6nyv \u00e9rtelm\u00e9ben. Ha baj lesz az \u00f6nkorm\u00e1nyzatokban, Orb\u00e1n k\u00f6zponti hatalm\u00e1t ann\u00e1l ink\u00e1bb meg kell er\u0151s\u00edteni. A rendszer eddig is egyfajta \u201e\u00e1llamfeudalizmusk\u00e9nt\u201d m\u0171k\u00f6d\u00f6tt, h\u0171b\u00e9ri l\u00e1ncolatra, kegyurak adom\u00e1nyaira \u00e9p\u00edtette a modern gazdas\u00e1got is. Eddig azonban itt-ott fellelhet\u0151k voltak benne az egykori rendi monarchi\u00e1k hatalommegoszt\u00f3 elemei: az uralkod\u00f3 oszt\u00e1ly egyes csoportjai valamelyes saj\u00e1t hatalommal is rendelkeztek \u2013 gondoljunk csak Simicsk\u00e1ra vagy m\u00e1s szempontb\u00f3l L\u00e1z\u00e1rra, az \u00f6nj\u00e1r\u00f3 K\u00f6v\u00e9rre, vagy egy-egy megye fideszes ur\u00e1ra, amilyen eddig Simonka is volt. Az \u0151 sorsa is p\u00e9ld\u00e1zza: a rendi monarchi\u00e1b\u00f3l \u00e1tl\u00e9p\u00fcnk az abszol\u00fat monarchi\u00e1ba.\u00a0<\/p>\n<p>Ennek r\u00e9szek\u00e9nt zajlik a lopakod\u00f3 korm\u00e1ny\u00e1talak\u00edt\u00e1s. Palkovics cs\u00facsminiszt\u00e9rium\u00e1ban egy k\u00e9zbe ker\u00fcl a d\u00f6nt\u00e9s, kiket vihet el\u0151re a gazdas\u00e1gi fejl\u0151d\u00e9s f\u0151 sodra. Itt van az uni\u00f3s t\u00e1mogat\u00e1s, a nagy beruh\u00e1z\u00e1sok, az innov\u00e1ci\u00f3 \u00e9s sz\u00fcks\u00e9ges kell\u00e9kei: a kutat\u00e1sok, a fels\u0151oktat\u00e1s, a szakk\u00e9pz\u00e9s, az eg\u00e9szs\u00e9g\u00fcgynek csak a cs\u00facsa, vagyis az egyetemi klinik\u00e1k \u2013 a plebs rohad\u00f3 eg\u00e9szs\u00e9g\u00fcgye \u00e9s k\u00f6zoktat\u00e1sa marad a sz\u00e9tes\u0151 K\u00e1sler-t\u00e1rc\u00e1n\u00e1l, kit \u00e9rdekel! Stik\u00e1ban \u00e9ppen eg\u00e9sz gazdas\u00e1gi \u00e1gazatokat foglal el a hatalom: a turizmus, az \u00e9p\u00edt\u0151ipar ut\u00e1n most j\u00f6n a bankszektor \u00e9s az energiaszolg\u00e1ltat\u00e1s. Gigabankot hoznak l\u00e9tre a takar\u00e9ksz\u00f6vetkezeteket felzab\u00e1l\u00f3 Takar\u00e9kbankb\u00f3l: tulajdonosi k\u00f6r\u00e9ben csendben t\u00f6bbs\u00e9get szerez M\u00e9sz\u00e1ros L\u0151rinc k\u00e9t embere. Az EON eladja az \u00e1ramell\u00e1t\u00e1s jelent\u0151s r\u00e9sz\u00e9t: vev\u0151 vagy M\u00e9sz\u00e1ros L\u0151rinc\u00e9k, vagy a kegyencek m\u00e1sik z\u0171r\u00f6s c\u00e9ge, a MET, esetleg maga az \u00e1llam. Az uralkod\u00f3 abszol\u00fat hatalma m\u00e1r nem csak a politik\u00e1ra: a gazdas\u00e1gra is kiterjed.<\/p>\n<p>Most, hogy az ellenz\u00e9ket m\u00e1r nem a helyi meg\u00e1llapod\u00e1sok verejt\u00e9kes munk\u00e1ja k\u00f6ti le, vil\u00e1g\u00edtsanak be a kulissz\u00e1k m\u00f6g\u00e9! Krek\u00f3 P\u00e9ter fogalmazott \u00edgy: l\u00e1ss\u00e1k a helyi f\u00e1kt\u00f3l az orsz\u00e1gos erd\u0151t is! A k\u00f6z\u00f6s erd\u0151nk maradv\u00e1ny\u00e1t \u00e9ppen fel\u00e9getik, kisaj\u00e1t\u00edtj\u00e1k. Azt\u00e1n majd erre is azt mondj\u00e1k: semmi, ez csak a boz\u00f3t.<\/p>\n<p><i>A szerz\u0151 volt orsz\u00e1ggy\u0171l\u00e9si k\u00e9pvisel\u0151\u00a0<\/i><\/p>\n<p>            <a class=\"slogo\"><br \/>\n                <svg xmlns=\"http:\/\/www.w3.org\/2000\/svg\" width=\"30\" height=\"30\" viewbox=\"0 0 30 30\"><path d=\"M23.858,9.041c-1.868.118-2.456.46-2.456,3.4V22.732H19.6L10.625,11.6v6.758c0,3.072.759,3.179,2.537,3.5v.791H6.971v-.791c1.737-.28,2.46-.28,2.456-3.391V11.65c0-.644-.058-2.127-2.517-2.588V8.25h5.421L20.2,17.988V12.541c0-1.153.321-3.235-2.527-3.5V8.25h6.181Z\"\/><\/svg><\/a>\n\t\t\t<\/div>\n<p>[ad_2]<br \/>\n<br \/><a href=\"https:\/\/hirek.oldal.info\/rssclick\/14358126\">Source link <\/a><\/p>\n","protected":false},"excerpt":{"rendered":"<p>[ad_1] Valami b\u0171zlik. A Fidesz f\u0151n\u00f6ks\u00e9ge mintha csak f\u00e9lsz\u00edvvel kamp\u00e1nyolna, valami m\u00e1sra, vagy m\u00e1sra is koncentr\u00e1l. Az\u00e9rt el\u0151vett\u00e9k a r\u00e9gi kott\u00e1kat is, v\u00e9gigj\u00e1tssz\u00e1k az ismert kamp\u00e1nydiszn\u00f3s\u00e1gokat, az m\u00e1r rutinb\u00f3l megy, a helyi vez\u00e9rek \u00e9s az 500 org\u00e1numb\u00f3l \u00e1ll\u00f3 m\u00e9diaholding behunyt szemmel is lezongor\u00e1zz\u00e1k. De komolyan gondolja valaki, hogy ha a legjobb er\u0151ket ide \u00f6sszpontos\u00edtan\u00e1k, akkor [&hellip;]<\/p>\n","protected":false},"author":2,"featured_media":1431,"comment_status":"open","ping_status":"open","sticky":false,"template":"","format":"standard","meta":{"footnotes":""},"categories":[1],"tags":[],"class_list":["post-1430","post","type-post","status-publish","format-standard","has-post-thumbnail","hentry","category-legujabb-penzugyi-hirek"],"yoast_head":"<!-- This site is optimized with the Yoast SEO plugin v27.4 - https:\/\/yoast.com\/product\/yoast-seo-wordpress\/ -->\n<title>N\u00e9pszava Kamp\u00e1nykulissz\u00e1k m\u00f6g\u00f6tt - Hot News in World<\/title>\n<meta name=\"robots\" content=\"index, follow, max-snippet:-1, max-image-preview:large, max-video-preview:-1\" \/>\n<link rel=\"canonical\" href=\"https:\/\/hotnewsinworld.com\/hu\/nepszava-kampanykulisszak-mogott\/\" \/>\n<meta property=\"og:locale\" content=\"hu_HU\" \/>\n<meta property=\"og:type\" content=\"article\" \/>\n<meta property=\"og:title\" content=\"N\u00e9pszava Kamp\u00e1nykulissz\u00e1k m\u00f6g\u00f6tt - Hot News in World\" \/>\n<meta property=\"og:description\" content=\"[ad_1] Valami b\u0171zlik. A Fidesz f\u0151n\u00f6ks\u00e9ge mintha csak f\u00e9lsz\u00edvvel kamp\u00e1nyolna, valami m\u00e1sra, vagy m\u00e1sra is koncentr\u00e1l. Az\u00e9rt el\u0151vett\u00e9k a r\u00e9gi kott\u00e1kat is, v\u00e9gigj\u00e1tssz\u00e1k az ismert kamp\u00e1nydiszn\u00f3s\u00e1gokat, az m\u00e1r rutinb\u00f3l megy, a helyi vez\u00e9rek \u00e9s az 500 org\u00e1numb\u00f3l \u00e1ll\u00f3 m\u00e9diaholding behunyt szemmel is lezongor\u00e1zz\u00e1k. De komolyan gondolja valaki, hogy ha a legjobb er\u0151ket ide \u00f6sszpontos\u00edtan\u00e1k, akkor [&hellip;]\" \/>\n<meta property=\"og:url\" content=\"https:\/\/hotnewsinworld.com\/hu\/nepszava-kampanykulisszak-mogott\/\" \/>\n<meta property=\"og:site_name\" content=\"Hot News in World\" \/>\n<meta property=\"article:published_time\" content=\"2019-08-31T07:31:08+00:00\" \/>\n<meta property=\"article:modified_time\" content=\"2019-08-31T07:31:09+00:00\" \/>\n<meta property=\"og:image\" content=\"https:\/\/hotnewsinworld.com\/hu\/wp-content\/uploads\/sites\/3\/2019\/08\/N\u00e9pszava-Kamp\u00e1nykulissz\u00e1k-m\u00f6g\u00f6tt.jpg\" \/>\n\t<meta property=\"og:image:width\" content=\"400\" \/>\n\t<meta property=\"og:image:height\" content=\"400\" \/>\n\t<meta property=\"og:image:type\" content=\"image\/jpeg\" \/>\n<meta name=\"author\" content=\"hotnewsinworld\" \/>\n<meta name=\"twitter:card\" content=\"summary_large_image\" \/>\n<meta name=\"twitter:label1\" content=\"Szerz\u0151:\" \/>\n\t<meta name=\"twitter:data1\" content=\"hotnewsinworld\" \/>\n\t<meta name=\"twitter:label2\" content=\"Becs\u00fclt olvas\u00e1si id\u0151\" \/>\n\t<meta name=\"twitter:data2\" content=\"6 perc\" \/>\n<script type=\"application\/ld+json\" class=\"yoast-schema-graph\">{\"@context\":\"https:\\\/\\\/schema.org\",\"@graph\":[{\"@type\":\"Article\",\"@id\":\"https:\\\/\\\/hotnewsinworld.com\\\/hu\\\/nepszava-kampanykulisszak-mogott\\\/#article\",\"isPartOf\":{\"@id\":\"https:\\\/\\\/hotnewsinworld.com\\\/hu\\\/nepszava-kampanykulisszak-mogott\\\/\"},\"author\":{\"name\":\"hotnewsinworld\",\"@id\":\"https:\\\/\\\/hotnewsinworld.com\\\/hu\\\/#\\\/schema\\\/person\\\/fe61448b21c0d59086e75fcc1f9d8f6b\"},\"headline\":\"N\u00e9pszava Kamp\u00e1nykulissz\u00e1k m\u00f6g\u00f6tt\",\"datePublished\":\"2019-08-31T07:31:08+00:00\",\"dateModified\":\"2019-08-31T07:31:09+00:00\",\"mainEntityOfPage\":{\"@id\":\"https:\\\/\\\/hotnewsinworld.com\\\/hu\\\/nepszava-kampanykulisszak-mogott\\\/\"},\"wordCount\":1141,\"commentCount\":0,\"image\":{\"@id\":\"https:\\\/\\\/hotnewsinworld.com\\\/hu\\\/nepszava-kampanykulisszak-mogott\\\/#primaryimage\"},\"thumbnailUrl\":\"https:\\\/\\\/hotnewsinworld.com\\\/hu\\\/wp-content\\\/uploads\\\/sites\\\/3\\\/2019\\\/08\\\/N\u00e9pszava-Kamp\u00e1nykulissz\u00e1k-m\u00f6g\u00f6tt.jpg\",\"articleSection\":[\"LEG\u00daJABB P\u00c9NZ\u00dcGYI H\u00cdREK\"],\"inLanguage\":\"hu\",\"potentialAction\":[{\"@type\":\"CommentAction\",\"name\":\"Comment\",\"target\":[\"https:\\\/\\\/hotnewsinworld.com\\\/hu\\\/nepszava-kampanykulisszak-mogott\\\/#respond\"]}]},{\"@type\":\"WebPage\",\"@id\":\"https:\\\/\\\/hotnewsinworld.com\\\/hu\\\/nepszava-kampanykulisszak-mogott\\\/\",\"url\":\"https:\\\/\\\/hotnewsinworld.com\\\/hu\\\/nepszava-kampanykulisszak-mogott\\\/\",\"name\":\"N\u00e9pszava Kamp\u00e1nykulissz\u00e1k m\u00f6g\u00f6tt - Hot News in World\",\"isPartOf\":{\"@id\":\"https:\\\/\\\/hotnewsinworld.com\\\/hu\\\/#website\"},\"primaryImageOfPage\":{\"@id\":\"https:\\\/\\\/hotnewsinworld.com\\\/hu\\\/nepszava-kampanykulisszak-mogott\\\/#primaryimage\"},\"image\":{\"@id\":\"https:\\\/\\\/hotnewsinworld.com\\\/hu\\\/nepszava-kampanykulisszak-mogott\\\/#primaryimage\"},\"thumbnailUrl\":\"https:\\\/\\\/hotnewsinworld.com\\\/hu\\\/wp-content\\\/uploads\\\/sites\\\/3\\\/2019\\\/08\\\/N\u00e9pszava-Kamp\u00e1nykulissz\u00e1k-m\u00f6g\u00f6tt.jpg\",\"datePublished\":\"2019-08-31T07:31:08+00:00\",\"dateModified\":\"2019-08-31T07:31:09+00:00\",\"author\":{\"@id\":\"https:\\\/\\\/hotnewsinworld.com\\\/hu\\\/#\\\/schema\\\/person\\\/fe61448b21c0d59086e75fcc1f9d8f6b\"},\"breadcrumb\":{\"@id\":\"https:\\\/\\\/hotnewsinworld.com\\\/hu\\\/nepszava-kampanykulisszak-mogott\\\/#breadcrumb\"},\"inLanguage\":\"hu\",\"potentialAction\":[{\"@type\":\"ReadAction\",\"target\":[\"https:\\\/\\\/hotnewsinworld.com\\\/hu\\\/nepszava-kampanykulisszak-mogott\\\/\"]}]},{\"@type\":\"ImageObject\",\"inLanguage\":\"hu\",\"@id\":\"https:\\\/\\\/hotnewsinworld.com\\\/hu\\\/nepszava-kampanykulisszak-mogott\\\/#primaryimage\",\"url\":\"https:\\\/\\\/hotnewsinworld.com\\\/hu\\\/wp-content\\\/uploads\\\/sites\\\/3\\\/2019\\\/08\\\/N\u00e9pszava-Kamp\u00e1nykulissz\u00e1k-m\u00f6g\u00f6tt.jpg\",\"contentUrl\":\"https:\\\/\\\/hotnewsinworld.com\\\/hu\\\/wp-content\\\/uploads\\\/sites\\\/3\\\/2019\\\/08\\\/N\u00e9pszava-Kamp\u00e1nykulissz\u00e1k-m\u00f6g\u00f6tt.jpg\",\"width\":400,\"height\":400,\"caption\":\"N\u00e9pszava Kamp\u00e1nykulissz\u00e1k m\u00f6g\u00f6tt\"},{\"@type\":\"BreadcrumbList\",\"@id\":\"https:\\\/\\\/hotnewsinworld.com\\\/hu\\\/nepszava-kampanykulisszak-mogott\\\/#breadcrumb\",\"itemListElement\":[{\"@type\":\"ListItem\",\"position\":1,\"name\":\"\u0413\u043b\u0430\u0432\u043d\u0430\u044f \u0441\u0442\u0440\u0430\u043d\u0438\u0446\u0430\",\"item\":\"https:\\\/\\\/hotnewsinworld.com\\\/hu\\\/\"},{\"@type\":\"ListItem\",\"position\":2,\"name\":\"N\u00e9pszava Kamp\u00e1nykulissz\u00e1k m\u00f6g\u00f6tt\"}]},{\"@type\":\"WebSite\",\"@id\":\"https:\\\/\\\/hotnewsinworld.com\\\/hu\\\/#website\",\"url\":\"https:\\\/\\\/hotnewsinworld.com\\\/hu\\\/\",\"name\":\"Hot News in World\",\"description\":\"Hot News in World from Hungary\",\"potentialAction\":[{\"@type\":\"SearchAction\",\"target\":{\"@type\":\"EntryPoint\",\"urlTemplate\":\"https:\\\/\\\/hotnewsinworld.com\\\/hu\\\/?s={search_term_string}\"},\"query-input\":{\"@type\":\"PropertyValueSpecification\",\"valueRequired\":true,\"valueName\":\"search_term_string\"}}],\"inLanguage\":\"hu\"},{\"@type\":\"Person\",\"@id\":\"https:\\\/\\\/hotnewsinworld.com\\\/hu\\\/#\\\/schema\\\/person\\\/fe61448b21c0d59086e75fcc1f9d8f6b\",\"name\":\"hotnewsinworld\",\"image\":{\"@type\":\"ImageObject\",\"inLanguage\":\"hu\",\"@id\":\"https:\\\/\\\/secure.gravatar.com\\\/avatar\\\/8a09ac165600ce2e1c38fe593c63928eb1e6e7ba5c5a907d67787c41b3d00c14?s=96&d=mm&r=g\",\"url\":\"https:\\\/\\\/secure.gravatar.com\\\/avatar\\\/8a09ac165600ce2e1c38fe593c63928eb1e6e7ba5c5a907d67787c41b3d00c14?s=96&d=mm&r=g\",\"contentUrl\":\"https:\\\/\\\/secure.gravatar.com\\\/avatar\\\/8a09ac165600ce2e1c38fe593c63928eb1e6e7ba5c5a907d67787c41b3d00c14?s=96&d=mm&r=g\",\"caption\":\"hotnewsinworld\"},\"url\":\"https:\\\/\\\/hotnewsinworld.com\\\/hu\\\/author\\\/pt\\\/\"}]}<\/script>\n<!-- \/ Yoast SEO plugin. -->","yoast_head_json":{"title":"N\u00e9pszava Kamp\u00e1nykulissz\u00e1k m\u00f6g\u00f6tt - Hot News in World","robots":{"index":"index","follow":"follow","max-snippet":"max-snippet:-1","max-image-preview":"max-image-preview:large","max-video-preview":"max-video-preview:-1"},"canonical":"https:\/\/hotnewsinworld.com\/hu\/nepszava-kampanykulisszak-mogott\/","og_locale":"hu_HU","og_type":"article","og_title":"N\u00e9pszava Kamp\u00e1nykulissz\u00e1k m\u00f6g\u00f6tt - Hot News in World","og_description":"[ad_1] Valami b\u0171zlik. A Fidesz f\u0151n\u00f6ks\u00e9ge mintha csak f\u00e9lsz\u00edvvel kamp\u00e1nyolna, valami m\u00e1sra, vagy m\u00e1sra is koncentr\u00e1l. Az\u00e9rt el\u0151vett\u00e9k a r\u00e9gi kott\u00e1kat is, v\u00e9gigj\u00e1tssz\u00e1k az ismert kamp\u00e1nydiszn\u00f3s\u00e1gokat, az m\u00e1r rutinb\u00f3l megy, a helyi vez\u00e9rek \u00e9s az 500 org\u00e1numb\u00f3l \u00e1ll\u00f3 m\u00e9diaholding behunyt szemmel is lezongor\u00e1zz\u00e1k. De komolyan gondolja valaki, hogy ha a legjobb er\u0151ket ide \u00f6sszpontos\u00edtan\u00e1k, akkor [&hellip;]","og_url":"https:\/\/hotnewsinworld.com\/hu\/nepszava-kampanykulisszak-mogott\/","og_site_name":"Hot News in World","article_published_time":"2019-08-31T07:31:08+00:00","article_modified_time":"2019-08-31T07:31:09+00:00","og_image":[{"width":400,"height":400,"url":"https:\/\/hotnewsinworld.com\/hu\/wp-content\/uploads\/sites\/3\/2019\/08\/N\u00e9pszava-Kamp\u00e1nykulissz\u00e1k-m\u00f6g\u00f6tt.jpg","type":"image\/jpeg"}],"author":"hotnewsinworld","twitter_card":"summary_large_image","twitter_misc":{"Szerz\u0151:":"hotnewsinworld","Becs\u00fclt olvas\u00e1si id\u0151":"6 perc"},"schema":{"@context":"https:\/\/schema.org","@graph":[{"@type":"Article","@id":"https:\/\/hotnewsinworld.com\/hu\/nepszava-kampanykulisszak-mogott\/#article","isPartOf":{"@id":"https:\/\/hotnewsinworld.com\/hu\/nepszava-kampanykulisszak-mogott\/"},"author":{"name":"hotnewsinworld","@id":"https:\/\/hotnewsinworld.com\/hu\/#\/schema\/person\/fe61448b21c0d59086e75fcc1f9d8f6b"},"headline":"N\u00e9pszava Kamp\u00e1nykulissz\u00e1k m\u00f6g\u00f6tt","datePublished":"2019-08-31T07:31:08+00:00","dateModified":"2019-08-31T07:31:09+00:00","mainEntityOfPage":{"@id":"https:\/\/hotnewsinworld.com\/hu\/nepszava-kampanykulisszak-mogott\/"},"wordCount":1141,"commentCount":0,"image":{"@id":"https:\/\/hotnewsinworld.com\/hu\/nepszava-kampanykulisszak-mogott\/#primaryimage"},"thumbnailUrl":"https:\/\/hotnewsinworld.com\/hu\/wp-content\/uploads\/sites\/3\/2019\/08\/N\u00e9pszava-Kamp\u00e1nykulissz\u00e1k-m\u00f6g\u00f6tt.jpg","articleSection":["LEG\u00daJABB P\u00c9NZ\u00dcGYI H\u00cdREK"],"inLanguage":"hu","potentialAction":[{"@type":"CommentAction","name":"Comment","target":["https:\/\/hotnewsinworld.com\/hu\/nepszava-kampanykulisszak-mogott\/#respond"]}]},{"@type":"WebPage","@id":"https:\/\/hotnewsinworld.com\/hu\/nepszava-kampanykulisszak-mogott\/","url":"https:\/\/hotnewsinworld.com\/hu\/nepszava-kampanykulisszak-mogott\/","name":"N\u00e9pszava Kamp\u00e1nykulissz\u00e1k m\u00f6g\u00f6tt - Hot News in World","isPartOf":{"@id":"https:\/\/hotnewsinworld.com\/hu\/#website"},"primaryImageOfPage":{"@id":"https:\/\/hotnewsinworld.com\/hu\/nepszava-kampanykulisszak-mogott\/#primaryimage"},"image":{"@id":"https:\/\/hotnewsinworld.com\/hu\/nepszava-kampanykulisszak-mogott\/#primaryimage"},"thumbnailUrl":"https:\/\/hotnewsinworld.com\/hu\/wp-content\/uploads\/sites\/3\/2019\/08\/N\u00e9pszava-Kamp\u00e1nykulissz\u00e1k-m\u00f6g\u00f6tt.jpg","datePublished":"2019-08-31T07:31:08+00:00","dateModified":"2019-08-31T07:31:09+00:00","author":{"@id":"https:\/\/hotnewsinworld.com\/hu\/#\/schema\/person\/fe61448b21c0d59086e75fcc1f9d8f6b"},"breadcrumb":{"@id":"https:\/\/hotnewsinworld.com\/hu\/nepszava-kampanykulisszak-mogott\/#breadcrumb"},"inLanguage":"hu","potentialAction":[{"@type":"ReadAction","target":["https:\/\/hotnewsinworld.com\/hu\/nepszava-kampanykulisszak-mogott\/"]}]},{"@type":"ImageObject","inLanguage":"hu","@id":"https:\/\/hotnewsinworld.com\/hu\/nepszava-kampanykulisszak-mogott\/#primaryimage","url":"https:\/\/hotnewsinworld.com\/hu\/wp-content\/uploads\/sites\/3\/2019\/08\/N\u00e9pszava-Kamp\u00e1nykulissz\u00e1k-m\u00f6g\u00f6tt.jpg","contentUrl":"https:\/\/hotnewsinworld.com\/hu\/wp-content\/uploads\/sites\/3\/2019\/08\/N\u00e9pszava-Kamp\u00e1nykulissz\u00e1k-m\u00f6g\u00f6tt.jpg","width":400,"height":400,"caption":"N\u00e9pszava Kamp\u00e1nykulissz\u00e1k m\u00f6g\u00f6tt"},{"@type":"BreadcrumbList","@id":"https:\/\/hotnewsinworld.com\/hu\/nepszava-kampanykulisszak-mogott\/#breadcrumb","itemListElement":[{"@type":"ListItem","position":1,"name":"\u0413\u043b\u0430\u0432\u043d\u0430\u044f \u0441\u0442\u0440\u0430\u043d\u0438\u0446\u0430","item":"https:\/\/hotnewsinworld.com\/hu\/"},{"@type":"ListItem","position":2,"name":"N\u00e9pszava Kamp\u00e1nykulissz\u00e1k m\u00f6g\u00f6tt"}]},{"@type":"WebSite","@id":"https:\/\/hotnewsinworld.com\/hu\/#website","url":"https:\/\/hotnewsinworld.com\/hu\/","name":"Hot News in World","description":"Hot News in World from Hungary","potentialAction":[{"@type":"SearchAction","target":{"@type":"EntryPoint","urlTemplate":"https:\/\/hotnewsinworld.com\/hu\/?s={search_term_string}"},"query-input":{"@type":"PropertyValueSpecification","valueRequired":true,"valueName":"search_term_string"}}],"inLanguage":"hu"},{"@type":"Person","@id":"https:\/\/hotnewsinworld.com\/hu\/#\/schema\/person\/fe61448b21c0d59086e75fcc1f9d8f6b","name":"hotnewsinworld","image":{"@type":"ImageObject","inLanguage":"hu","@id":"https:\/\/secure.gravatar.com\/avatar\/8a09ac165600ce2e1c38fe593c63928eb1e6e7ba5c5a907d67787c41b3d00c14?s=96&d=mm&r=g","url":"https:\/\/secure.gravatar.com\/avatar\/8a09ac165600ce2e1c38fe593c63928eb1e6e7ba5c5a907d67787c41b3d00c14?s=96&d=mm&r=g","contentUrl":"https:\/\/secure.gravatar.com\/avatar\/8a09ac165600ce2e1c38fe593c63928eb1e6e7ba5c5a907d67787c41b3d00c14?s=96&d=mm&r=g","caption":"hotnewsinworld"},"url":"https:\/\/hotnewsinworld.com\/hu\/author\/pt\/"}]}},"_links":{"self":[{"href":"https:\/\/hotnewsinworld.com\/hu\/wp-json\/wp\/v2\/posts\/1430","targetHints":{"allow":["GET"]}}],"collection":[{"href":"https:\/\/hotnewsinworld.com\/hu\/wp-json\/wp\/v2\/posts"}],"about":[{"href":"https:\/\/hotnewsinworld.com\/hu\/wp-json\/wp\/v2\/types\/post"}],"author":[{"embeddable":true,"href":"https:\/\/hotnewsinworld.com\/hu\/wp-json\/wp\/v2\/users\/2"}],"replies":[{"embeddable":true,"href":"https:\/\/hotnewsinworld.com\/hu\/wp-json\/wp\/v2\/comments?post=1430"}],"version-history":[{"count":1,"href":"https:\/\/hotnewsinworld.com\/hu\/wp-json\/wp\/v2\/posts\/1430\/revisions"}],"predecessor-version":[{"id":1432,"href":"https:\/\/hotnewsinworld.com\/hu\/wp-json\/wp\/v2\/posts\/1430\/revisions\/1432"}],"wp:featuredmedia":[{"embeddable":true,"href":"https:\/\/hotnewsinworld.com\/hu\/wp-json\/wp\/v2\/media\/1431"}],"wp:attachment":[{"href":"https:\/\/hotnewsinworld.com\/hu\/wp-json\/wp\/v2\/media?parent=1430"}],"wp:term":[{"taxonomy":"category","embeddable":true,"href":"https:\/\/hotnewsinworld.com\/hu\/wp-json\/wp\/v2\/categories?post=1430"},{"taxonomy":"post_tag","embeddable":true,"href":"https:\/\/hotnewsinworld.com\/hu\/wp-json\/wp\/v2\/tags?post=1430"}],"curies":[{"name":"wp","href":"https:\/\/api.w.org\/{rel}","templated":true}]}}