{"id":1436,"date":"2019-08-31T14:47:35","date_gmt":"2019-08-31T11:47:35","guid":{"rendered":"https:\/\/hotnewsinworld.com\/hu\/szili-katalin-a-holnap-alapjait-ma-kell-lerakni-s-az-ovodak-ennek-eszkozei\/"},"modified":"2019-08-31T14:47:36","modified_gmt":"2019-08-31T11:47:36","slug":"szili-katalin-a-holnap-alapjait-ma-kell-lerakni-s-az-ovodak-ennek-eszkozei","status":"publish","type":"post","link":"https:\/\/hotnewsinworld.com\/hu\/szili-katalin-a-holnap-alapjait-ma-kell-lerakni-s-az-ovodak-ennek-eszkozei\/","title":{"rendered":"Szili Katalin: a holnap alapjait ma kell lerakni, s az \u00f3vod\u00e1k ennek eszk\u00f6zei"},"content":{"rendered":"<p> [ad_1]<br \/>\n<\/p>\n<p> <span class=\"entry-author\"><span>MTI<\/span><\/span>, <span class=\"posted-on\"><time class=\"entry-date published updated\" datetime=\"2019-08-31T13:44:35+00:00\">2019. 08. 31. 13:44<\/time><\/span><\/p>\n<div>\n<div style=\"max-width: 380px\" class=\"wp-caption alignright\"><\/div>\n<p><strong>A holnap alapjait ma kell lerakni, s mivel az \u00f3vod\u00e1k ennek eszk\u00f6zei, az \u00f6n\u00e1ll\u00f3 magyar \u00f3vod\u00e1kra a k\u00fclhoni magyar k\u00f6z\u00f6ss\u00e9gekben is sz\u00fcks\u00e9g van \u2013 jelentette ki Szili Katalin minisztereln\u00f6ki megb\u00edzott a felvid\u00e9ki Tornalj\u00e1n, ahol besz\u00e9det mondott a K\u00e1rp\u00e1t-medencei \u00d3vodafejleszt\u00e9si Program keret\u00e9ben elk\u00e9sz\u00fclt \u00faj helyi reform\u00e1tus magyar \u00f3voda \u00e1tad\u00e1s\u00e1n szombaton.<\/strong><span id=\"more-926941\"\/><\/p>\n<p>A t\u00f6bbs\u00e9g\u00e9ben magyarok lakta g\u00f6m\u00f6ri kisv\u00e1rosban tartott \u00e1tad\u00f3t istentisztelet el\u0151zte meg. A minisztereln\u00f6ki megb\u00edzott az \u00fcnnep\u00e9lyes \u00e1tad\u00f3n az \u00f3vodafejleszt\u00e9si program c\u00e9ljair\u00f3l, a magyar \u00f3vod\u00e1knak a k\u00fclhoni magyar k\u00f6z\u00f6ss\u00e9gekben bet\u00f6lt\u00f6tt t\u00f6bbletszerep\u00e9r\u0151l is besz\u00e9lt.<\/p>\n<p>Elmondta: a K\u00e1rp\u00e1t-medencei \u00f3vodafejleszt\u00e9si program egy olyan \u201ckegyelmi \u00e1llapotban\u201d megny\u00edlt lehet\u0151s\u00e9g, amelyet most megragadott Tornalja is. R\u00e1mutatott: az \u00faj int\u00e9zm\u00e9ny a gyerekeknek lehet\u0151v\u00e9 teszi, hogy a legjobb k\u00f6r\u00fclm\u00e9nyek k\u00f6z\u00f6tt nevelkedhessenek, \u00e9s \u00f6szt\u00f6nz\u0151leg hat a sz\u00fcl\u0151kre is, hogy gyermekeiket oda \u00edrass\u00e1k.<\/p>\n<p>\u201c\u00d3ri\u00e1si szolg\u00e1lat az, amelyet az \u00f3v\u00f3 pedag\u00f3gusok v\u00e9geznek a nemzet szolg\u00e1lat\u00e1ban\u201d \u2013 hangs\u00falyozta Szili Katalin, r\u00e1mutatva: az \u00faj \u00f3voda sz\u00e9p \u00e9s korszer\u0171 kereteket teremt a rendk\u00edv\u00fcl fontos \u00f3vodapedag\u00f3giai munk\u00e1hoz is. Lesz\u00f6gezte: itt is sz\u00fcks\u00e9g van egy \u00f6n\u00e1ll\u00f3 magyar \u00f3vod\u00e1ra, mert a holnap alapjait ma kell letenn\u00fcnk, s az \u00f3vod\u00e1k ennek eszk\u00f6zei, a k\u00fclhoni magyar k\u00f6z\u00f6ss\u00e9gekben k\u00fcl\u00f6n\u00f6sk\u00e9ppen.<\/p>\n<p>\u201cAz \u00faj int\u00e9zm\u00e9ny a k\u00f6z\u00f6ss\u00e9ghez val\u00f3 tartoz\u00e1s kapuja lehet a kisgyermekeknek Tornalj\u00e1n\u201d \u2013 fejtette ki Szili Katalin. Hozz\u00e1tette: rem\u00e9li az int\u00e9zm\u00e9ny idei l\u00e9tsz\u00e1m\u00e1t a k\u00f6zelj\u00f6v\u0151ben meg tudja sokszorozni.<\/p>\n<p>Az \u00faj reform\u00e1tus magyar \u00f3vod\u00e1t Tornalj\u00e1n a K\u00e1rp\u00e1t-medencei \u00d3vodafejleszt\u00e9si Program keret\u00e9ben ny\u00fajtott, 350 ezer eur\u00f3 (115,5 milli\u00f3 forint) \u00f6sszeg\u0171 t\u00e1mogat\u00e1snak k\u00f6sz\u00f6nhet\u0151en siker\u00fclt meg\u00e9p\u00edteni.<\/p>\n<p>A K\u00e1rp\u00e1t-medencei \u00f3vodafejleszt\u00e9si program h\u00e1rom \u00fctem\u00e9ben 47,6 milli\u00e1rd forintot ford\u00edtanak az \u00f3vodai \u00e9s b\u00f6lcs\u0151dei rendszer meg\u00faj\u00edt\u00e1s\u00e1ra szerte a K\u00e1rp\u00e1t-medenc\u00e9ben. Ebb\u0151l az \u00f6sszegb\u0151l 13,1 milli\u00e1rd forint jut a Felvid\u00e9kre, ahol 155 egyh\u00e1zi, illetve \u00f6nkorm\u00e1nyzati fenntart\u00e1s\u00fa int\u00e9zm\u00e9nyt, \u00f3vod\u00e1t \u00e9s b\u00f6lcs\u0151d\u00e9t \u00faj\u00edtottak \u00e9s \u00faj\u00edtanak fel, valamint 32 \u00faj int\u00e9zm\u00e9nyt \u00e9p\u00edtenek. A Felvid\u00e9ken a program keret\u00e9ben fel\u00faj\u00edtott int\u00e9zm\u00e9nyek sz\u00e1ma m\u00e1r meghaladta a sz\u00e1zt\u00edzet \u00e9s \u00fctemszer\u0171en halad a teljesen \u00fajak \u00e9p\u00edt\u00e9se is.<\/p>\n<p>A K\u00e1rp\u00e1t-medencei \u00f3vodafejleszt\u00e9si programot 2016 december\u00e9ben illetve 2017-ben hagyta j\u00f3v\u00e1 a magyar korm\u00e1ny. A program, amely r\u00e9szben k\u00f6veti, r\u00e9szben pedig p\u00e1rhuzamosan fut a magyarorsz\u00e1gi \u00f3voda- \u00e9s b\u00f6lcs\u0151defejleszt\u00e9si programokkal, Trianon \u00f3ta a hat\u00e1ron t\u00fali \u00f3vod\u00e1kat c\u00e9lz\u00f3 legnagyobb befektet\u00e9s.<\/p>\n<\/div>\n<p><script>(function(d, s, id) {\n  var js, fjs = d.getElementsByTagName(s)[0];\n  if (d.getElementById(id)) return;\n  js = d.createElement(s); js.id = id;\n  js.src = \"http:\/\/connect.facebook.net\/hu_HU\/sdk.js#xfbml=1&version=v2.3\";\n  fjs.parentNode.insertBefore(js, fjs);\n}(document, 'script', 'facebook-jssdk'));<\/script><br \/>\n<br \/>[ad_2]<br \/>\n<br \/><a href=\"https:\/\/hirek.oldal.info\/rssclick\/14358651\">Source link <\/a><\/p>\n","protected":false},"excerpt":{"rendered":"<p>[ad_1] MTI, 2019. 08. 31. 13:44 A holnap alapjait ma kell lerakni, s mivel az \u00f3vod\u00e1k ennek eszk\u00f6zei, az \u00f6n\u00e1ll\u00f3 magyar \u00f3vod\u00e1kra a k\u00fclhoni magyar k\u00f6z\u00f6ss\u00e9gekben is sz\u00fcks\u00e9g van \u2013 jelentette ki Szili Katalin minisztereln\u00f6ki megb\u00edzott a felvid\u00e9ki Tornalj\u00e1n, ahol besz\u00e9det mondott a K\u00e1rp\u00e1t-medencei \u00d3vodafejleszt\u00e9si Program keret\u00e9ben elk\u00e9sz\u00fclt \u00faj helyi reform\u00e1tus magyar \u00f3voda \u00e1tad\u00e1s\u00e1n szombaton. [&hellip;]<\/p>\n","protected":false},"author":2,"featured_media":1437,"comment_status":"open","ping_status":"open","sticky":false,"template":"","format":"standard","meta":{"footnotes":""},"categories":[1],"tags":[],"class_list":["post-1436","post","type-post","status-publish","format-standard","has-post-thumbnail","hentry","category-legujabb-penzugyi-hirek"],"yoast_head":"<!-- This site is optimized with the Yoast SEO plugin v27.4 - https:\/\/yoast.com\/product\/yoast-seo-wordpress\/ -->\n<title>Szili Katalin: a holnap alapjait ma kell lerakni, s az \u00f3vod\u00e1k ennek eszk\u00f6zei - Hot News in World<\/title>\n<meta name=\"robots\" content=\"index, follow, max-snippet:-1, max-image-preview:large, max-video-preview:-1\" \/>\n<link rel=\"canonical\" href=\"https:\/\/hotnewsinworld.com\/hu\/szili-katalin-a-holnap-alapjait-ma-kell-lerakni-s-az-ovodak-ennek-eszkozei\/\" \/>\n<meta property=\"og:locale\" content=\"hu_HU\" \/>\n<meta property=\"og:type\" content=\"article\" \/>\n<meta property=\"og:title\" content=\"Szili Katalin: a holnap alapjait ma kell lerakni, s az \u00f3vod\u00e1k ennek eszk\u00f6zei - Hot News in World\" \/>\n<meta property=\"og:description\" content=\"[ad_1] MTI, 2019. 08. 31. 13:44 A holnap alapjait ma kell lerakni, s mivel az \u00f3vod\u00e1k ennek eszk\u00f6zei, az \u00f6n\u00e1ll\u00f3 magyar \u00f3vod\u00e1kra a k\u00fclhoni magyar k\u00f6z\u00f6ss\u00e9gekben is sz\u00fcks\u00e9g van \u2013 jelentette ki Szili Katalin minisztereln\u00f6ki megb\u00edzott a felvid\u00e9ki Tornalj\u00e1n, ahol besz\u00e9det mondott a K\u00e1rp\u00e1t-medencei \u00d3vodafejleszt\u00e9si Program keret\u00e9ben elk\u00e9sz\u00fclt \u00faj helyi reform\u00e1tus magyar \u00f3voda \u00e1tad\u00e1s\u00e1n szombaton. [&hellip;]\" \/>\n<meta property=\"og:url\" content=\"https:\/\/hotnewsinworld.com\/hu\/szili-katalin-a-holnap-alapjait-ma-kell-lerakni-s-az-ovodak-ennek-eszkozei\/\" \/>\n<meta property=\"og:site_name\" content=\"Hot News in World\" \/>\n<meta property=\"article:published_time\" content=\"2019-08-31T11:47:35+00:00\" \/>\n<meta property=\"article:modified_time\" content=\"2019-08-31T11:47:36+00:00\" \/>\n<meta property=\"og:image\" content=\"https:\/\/hotnewsinworld.com\/hu\/wp-content\/uploads\/sites\/3\/2019\/08\/Szili-Katalin-a-holnap-alapjait-ma-kell-lerakni-s-az.jpg\" \/>\n\t<meta property=\"og:image:width\" content=\"400\" \/>\n\t<meta property=\"og:image:height\" content=\"268\" \/>\n\t<meta property=\"og:image:type\" content=\"image\/jpeg\" \/>\n<meta name=\"author\" content=\"hotnewsinworld\" \/>\n<meta name=\"twitter:card\" content=\"summary_large_image\" \/>\n<meta name=\"twitter:label1\" content=\"Szerz\u0151:\" \/>\n\t<meta name=\"twitter:data1\" content=\"hotnewsinworld\" \/>\n\t<meta name=\"twitter:label2\" content=\"Becs\u00fclt olvas\u00e1si id\u0151\" \/>\n\t<meta name=\"twitter:data2\" content=\"3 perc\" \/>\n<script type=\"application\/ld+json\" class=\"yoast-schema-graph\">{\"@context\":\"https:\\\/\\\/schema.org\",\"@graph\":[{\"@type\":\"Article\",\"@id\":\"https:\\\/\\\/hotnewsinworld.com\\\/hu\\\/szili-katalin-a-holnap-alapjait-ma-kell-lerakni-s-az-ovodak-ennek-eszkozei\\\/#article\",\"isPartOf\":{\"@id\":\"https:\\\/\\\/hotnewsinworld.com\\\/hu\\\/szili-katalin-a-holnap-alapjait-ma-kell-lerakni-s-az-ovodak-ennek-eszkozei\\\/\"},\"author\":{\"name\":\"hotnewsinworld\",\"@id\":\"https:\\\/\\\/hotnewsinworld.com\\\/hu\\\/#\\\/schema\\\/person\\\/fe61448b21c0d59086e75fcc1f9d8f6b\"},\"headline\":\"Szili Katalin: a holnap alapjait ma kell lerakni, s az \u00f3vod\u00e1k ennek eszk\u00f6zei\",\"datePublished\":\"2019-08-31T11:47:35+00:00\",\"dateModified\":\"2019-08-31T11:47:36+00:00\",\"mainEntityOfPage\":{\"@id\":\"https:\\\/\\\/hotnewsinworld.com\\\/hu\\\/szili-katalin-a-holnap-alapjait-ma-kell-lerakni-s-az-ovodak-ennek-eszkozei\\\/\"},\"wordCount\":540,\"commentCount\":0,\"image\":{\"@id\":\"https:\\\/\\\/hotnewsinworld.com\\\/hu\\\/szili-katalin-a-holnap-alapjait-ma-kell-lerakni-s-az-ovodak-ennek-eszkozei\\\/#primaryimage\"},\"thumbnailUrl\":\"https:\\\/\\\/hotnewsinworld.com\\\/hu\\\/wp-content\\\/uploads\\\/sites\\\/3\\\/2019\\\/08\\\/Szili-Katalin-a-holnap-alapjait-ma-kell-lerakni-s-az.jpg\",\"articleSection\":[\"LEG\u00daJABB P\u00c9NZ\u00dcGYI H\u00cdREK\"],\"inLanguage\":\"hu\",\"potentialAction\":[{\"@type\":\"CommentAction\",\"name\":\"Comment\",\"target\":[\"https:\\\/\\\/hotnewsinworld.com\\\/hu\\\/szili-katalin-a-holnap-alapjait-ma-kell-lerakni-s-az-ovodak-ennek-eszkozei\\\/#respond\"]}]},{\"@type\":\"WebPage\",\"@id\":\"https:\\\/\\\/hotnewsinworld.com\\\/hu\\\/szili-katalin-a-holnap-alapjait-ma-kell-lerakni-s-az-ovodak-ennek-eszkozei\\\/\",\"url\":\"https:\\\/\\\/hotnewsinworld.com\\\/hu\\\/szili-katalin-a-holnap-alapjait-ma-kell-lerakni-s-az-ovodak-ennek-eszkozei\\\/\",\"name\":\"Szili Katalin: a holnap alapjait ma kell lerakni, s az \u00f3vod\u00e1k ennek eszk\u00f6zei - Hot News in World\",\"isPartOf\":{\"@id\":\"https:\\\/\\\/hotnewsinworld.com\\\/hu\\\/#website\"},\"primaryImageOfPage\":{\"@id\":\"https:\\\/\\\/hotnewsinworld.com\\\/hu\\\/szili-katalin-a-holnap-alapjait-ma-kell-lerakni-s-az-ovodak-ennek-eszkozei\\\/#primaryimage\"},\"image\":{\"@id\":\"https:\\\/\\\/hotnewsinworld.com\\\/hu\\\/szili-katalin-a-holnap-alapjait-ma-kell-lerakni-s-az-ovodak-ennek-eszkozei\\\/#primaryimage\"},\"thumbnailUrl\":\"https:\\\/\\\/hotnewsinworld.com\\\/hu\\\/wp-content\\\/uploads\\\/sites\\\/3\\\/2019\\\/08\\\/Szili-Katalin-a-holnap-alapjait-ma-kell-lerakni-s-az.jpg\",\"datePublished\":\"2019-08-31T11:47:35+00:00\",\"dateModified\":\"2019-08-31T11:47:36+00:00\",\"author\":{\"@id\":\"https:\\\/\\\/hotnewsinworld.com\\\/hu\\\/#\\\/schema\\\/person\\\/fe61448b21c0d59086e75fcc1f9d8f6b\"},\"breadcrumb\":{\"@id\":\"https:\\\/\\\/hotnewsinworld.com\\\/hu\\\/szili-katalin-a-holnap-alapjait-ma-kell-lerakni-s-az-ovodak-ennek-eszkozei\\\/#breadcrumb\"},\"inLanguage\":\"hu\",\"potentialAction\":[{\"@type\":\"ReadAction\",\"target\":[\"https:\\\/\\\/hotnewsinworld.com\\\/hu\\\/szili-katalin-a-holnap-alapjait-ma-kell-lerakni-s-az-ovodak-ennek-eszkozei\\\/\"]}]},{\"@type\":\"ImageObject\",\"inLanguage\":\"hu\",\"@id\":\"https:\\\/\\\/hotnewsinworld.com\\\/hu\\\/szili-katalin-a-holnap-alapjait-ma-kell-lerakni-s-az-ovodak-ennek-eszkozei\\\/#primaryimage\",\"url\":\"https:\\\/\\\/hotnewsinworld.com\\\/hu\\\/wp-content\\\/uploads\\\/sites\\\/3\\\/2019\\\/08\\\/Szili-Katalin-a-holnap-alapjait-ma-kell-lerakni-s-az.jpg\",\"contentUrl\":\"https:\\\/\\\/hotnewsinworld.com\\\/hu\\\/wp-content\\\/uploads\\\/sites\\\/3\\\/2019\\\/08\\\/Szili-Katalin-a-holnap-alapjait-ma-kell-lerakni-s-az.jpg\",\"width\":400,\"height\":268,\"caption\":\"Szili Katalin: a holnap alapjait ma kell lerakni, s az \u00f3vod\u00e1k ennek eszk\u00f6zei\"},{\"@type\":\"BreadcrumbList\",\"@id\":\"https:\\\/\\\/hotnewsinworld.com\\\/hu\\\/szili-katalin-a-holnap-alapjait-ma-kell-lerakni-s-az-ovodak-ennek-eszkozei\\\/#breadcrumb\",\"itemListElement\":[{\"@type\":\"ListItem\",\"position\":1,\"name\":\"\u0413\u043b\u0430\u0432\u043d\u0430\u044f \u0441\u0442\u0440\u0430\u043d\u0438\u0446\u0430\",\"item\":\"https:\\\/\\\/hotnewsinworld.com\\\/hu\\\/\"},{\"@type\":\"ListItem\",\"position\":2,\"name\":\"Szili Katalin: a holnap alapjait ma kell lerakni, s az \u00f3vod\u00e1k ennek eszk\u00f6zei\"}]},{\"@type\":\"WebSite\",\"@id\":\"https:\\\/\\\/hotnewsinworld.com\\\/hu\\\/#website\",\"url\":\"https:\\\/\\\/hotnewsinworld.com\\\/hu\\\/\",\"name\":\"Hot News in World\",\"description\":\"Hot News in World from Hungary\",\"potentialAction\":[{\"@type\":\"SearchAction\",\"target\":{\"@type\":\"EntryPoint\",\"urlTemplate\":\"https:\\\/\\\/hotnewsinworld.com\\\/hu\\\/?s={search_term_string}\"},\"query-input\":{\"@type\":\"PropertyValueSpecification\",\"valueRequired\":true,\"valueName\":\"search_term_string\"}}],\"inLanguage\":\"hu\"},{\"@type\":\"Person\",\"@id\":\"https:\\\/\\\/hotnewsinworld.com\\\/hu\\\/#\\\/schema\\\/person\\\/fe61448b21c0d59086e75fcc1f9d8f6b\",\"name\":\"hotnewsinworld\",\"image\":{\"@type\":\"ImageObject\",\"inLanguage\":\"hu\",\"@id\":\"https:\\\/\\\/secure.gravatar.com\\\/avatar\\\/8a09ac165600ce2e1c38fe593c63928eb1e6e7ba5c5a907d67787c41b3d00c14?s=96&d=mm&r=g\",\"url\":\"https:\\\/\\\/secure.gravatar.com\\\/avatar\\\/8a09ac165600ce2e1c38fe593c63928eb1e6e7ba5c5a907d67787c41b3d00c14?s=96&d=mm&r=g\",\"contentUrl\":\"https:\\\/\\\/secure.gravatar.com\\\/avatar\\\/8a09ac165600ce2e1c38fe593c63928eb1e6e7ba5c5a907d67787c41b3d00c14?s=96&d=mm&r=g\",\"caption\":\"hotnewsinworld\"},\"url\":\"https:\\\/\\\/hotnewsinworld.com\\\/hu\\\/author\\\/pt\\\/\"}]}<\/script>\n<!-- \/ Yoast SEO plugin. -->","yoast_head_json":{"title":"Szili Katalin: a holnap alapjait ma kell lerakni, s az \u00f3vod\u00e1k ennek eszk\u00f6zei - Hot News in World","robots":{"index":"index","follow":"follow","max-snippet":"max-snippet:-1","max-image-preview":"max-image-preview:large","max-video-preview":"max-video-preview:-1"},"canonical":"https:\/\/hotnewsinworld.com\/hu\/szili-katalin-a-holnap-alapjait-ma-kell-lerakni-s-az-ovodak-ennek-eszkozei\/","og_locale":"hu_HU","og_type":"article","og_title":"Szili Katalin: a holnap alapjait ma kell lerakni, s az \u00f3vod\u00e1k ennek eszk\u00f6zei - Hot News in World","og_description":"[ad_1] MTI, 2019. 08. 31. 13:44 A holnap alapjait ma kell lerakni, s mivel az \u00f3vod\u00e1k ennek eszk\u00f6zei, az \u00f6n\u00e1ll\u00f3 magyar \u00f3vod\u00e1kra a k\u00fclhoni magyar k\u00f6z\u00f6ss\u00e9gekben is sz\u00fcks\u00e9g van \u2013 jelentette ki Szili Katalin minisztereln\u00f6ki megb\u00edzott a felvid\u00e9ki Tornalj\u00e1n, ahol besz\u00e9det mondott a K\u00e1rp\u00e1t-medencei \u00d3vodafejleszt\u00e9si Program keret\u00e9ben elk\u00e9sz\u00fclt \u00faj helyi reform\u00e1tus magyar \u00f3voda \u00e1tad\u00e1s\u00e1n szombaton. [&hellip;]","og_url":"https:\/\/hotnewsinworld.com\/hu\/szili-katalin-a-holnap-alapjait-ma-kell-lerakni-s-az-ovodak-ennek-eszkozei\/","og_site_name":"Hot News in World","article_published_time":"2019-08-31T11:47:35+00:00","article_modified_time":"2019-08-31T11:47:36+00:00","og_image":[{"width":400,"height":268,"url":"https:\/\/hotnewsinworld.com\/hu\/wp-content\/uploads\/sites\/3\/2019\/08\/Szili-Katalin-a-holnap-alapjait-ma-kell-lerakni-s-az.jpg","type":"image\/jpeg"}],"author":"hotnewsinworld","twitter_card":"summary_large_image","twitter_misc":{"Szerz\u0151:":"hotnewsinworld","Becs\u00fclt olvas\u00e1si id\u0151":"3 perc"},"schema":{"@context":"https:\/\/schema.org","@graph":[{"@type":"Article","@id":"https:\/\/hotnewsinworld.com\/hu\/szili-katalin-a-holnap-alapjait-ma-kell-lerakni-s-az-ovodak-ennek-eszkozei\/#article","isPartOf":{"@id":"https:\/\/hotnewsinworld.com\/hu\/szili-katalin-a-holnap-alapjait-ma-kell-lerakni-s-az-ovodak-ennek-eszkozei\/"},"author":{"name":"hotnewsinworld","@id":"https:\/\/hotnewsinworld.com\/hu\/#\/schema\/person\/fe61448b21c0d59086e75fcc1f9d8f6b"},"headline":"Szili Katalin: a holnap alapjait ma kell lerakni, s az \u00f3vod\u00e1k ennek eszk\u00f6zei","datePublished":"2019-08-31T11:47:35+00:00","dateModified":"2019-08-31T11:47:36+00:00","mainEntityOfPage":{"@id":"https:\/\/hotnewsinworld.com\/hu\/szili-katalin-a-holnap-alapjait-ma-kell-lerakni-s-az-ovodak-ennek-eszkozei\/"},"wordCount":540,"commentCount":0,"image":{"@id":"https:\/\/hotnewsinworld.com\/hu\/szili-katalin-a-holnap-alapjait-ma-kell-lerakni-s-az-ovodak-ennek-eszkozei\/#primaryimage"},"thumbnailUrl":"https:\/\/hotnewsinworld.com\/hu\/wp-content\/uploads\/sites\/3\/2019\/08\/Szili-Katalin-a-holnap-alapjait-ma-kell-lerakni-s-az.jpg","articleSection":["LEG\u00daJABB P\u00c9NZ\u00dcGYI H\u00cdREK"],"inLanguage":"hu","potentialAction":[{"@type":"CommentAction","name":"Comment","target":["https:\/\/hotnewsinworld.com\/hu\/szili-katalin-a-holnap-alapjait-ma-kell-lerakni-s-az-ovodak-ennek-eszkozei\/#respond"]}]},{"@type":"WebPage","@id":"https:\/\/hotnewsinworld.com\/hu\/szili-katalin-a-holnap-alapjait-ma-kell-lerakni-s-az-ovodak-ennek-eszkozei\/","url":"https:\/\/hotnewsinworld.com\/hu\/szili-katalin-a-holnap-alapjait-ma-kell-lerakni-s-az-ovodak-ennek-eszkozei\/","name":"Szili Katalin: a holnap alapjait ma kell lerakni, s az \u00f3vod\u00e1k ennek eszk\u00f6zei - Hot News in World","isPartOf":{"@id":"https:\/\/hotnewsinworld.com\/hu\/#website"},"primaryImageOfPage":{"@id":"https:\/\/hotnewsinworld.com\/hu\/szili-katalin-a-holnap-alapjait-ma-kell-lerakni-s-az-ovodak-ennek-eszkozei\/#primaryimage"},"image":{"@id":"https:\/\/hotnewsinworld.com\/hu\/szili-katalin-a-holnap-alapjait-ma-kell-lerakni-s-az-ovodak-ennek-eszkozei\/#primaryimage"},"thumbnailUrl":"https:\/\/hotnewsinworld.com\/hu\/wp-content\/uploads\/sites\/3\/2019\/08\/Szili-Katalin-a-holnap-alapjait-ma-kell-lerakni-s-az.jpg","datePublished":"2019-08-31T11:47:35+00:00","dateModified":"2019-08-31T11:47:36+00:00","author":{"@id":"https:\/\/hotnewsinworld.com\/hu\/#\/schema\/person\/fe61448b21c0d59086e75fcc1f9d8f6b"},"breadcrumb":{"@id":"https:\/\/hotnewsinworld.com\/hu\/szili-katalin-a-holnap-alapjait-ma-kell-lerakni-s-az-ovodak-ennek-eszkozei\/#breadcrumb"},"inLanguage":"hu","potentialAction":[{"@type":"ReadAction","target":["https:\/\/hotnewsinworld.com\/hu\/szili-katalin-a-holnap-alapjait-ma-kell-lerakni-s-az-ovodak-ennek-eszkozei\/"]}]},{"@type":"ImageObject","inLanguage":"hu","@id":"https:\/\/hotnewsinworld.com\/hu\/szili-katalin-a-holnap-alapjait-ma-kell-lerakni-s-az-ovodak-ennek-eszkozei\/#primaryimage","url":"https:\/\/hotnewsinworld.com\/hu\/wp-content\/uploads\/sites\/3\/2019\/08\/Szili-Katalin-a-holnap-alapjait-ma-kell-lerakni-s-az.jpg","contentUrl":"https:\/\/hotnewsinworld.com\/hu\/wp-content\/uploads\/sites\/3\/2019\/08\/Szili-Katalin-a-holnap-alapjait-ma-kell-lerakni-s-az.jpg","width":400,"height":268,"caption":"Szili Katalin: a holnap alapjait ma kell lerakni, s az \u00f3vod\u00e1k ennek eszk\u00f6zei"},{"@type":"BreadcrumbList","@id":"https:\/\/hotnewsinworld.com\/hu\/szili-katalin-a-holnap-alapjait-ma-kell-lerakni-s-az-ovodak-ennek-eszkozei\/#breadcrumb","itemListElement":[{"@type":"ListItem","position":1,"name":"\u0413\u043b\u0430\u0432\u043d\u0430\u044f \u0441\u0442\u0440\u0430\u043d\u0438\u0446\u0430","item":"https:\/\/hotnewsinworld.com\/hu\/"},{"@type":"ListItem","position":2,"name":"Szili Katalin: a holnap alapjait ma kell lerakni, s az \u00f3vod\u00e1k ennek eszk\u00f6zei"}]},{"@type":"WebSite","@id":"https:\/\/hotnewsinworld.com\/hu\/#website","url":"https:\/\/hotnewsinworld.com\/hu\/","name":"Hot News in World","description":"Hot News in World from Hungary","potentialAction":[{"@type":"SearchAction","target":{"@type":"EntryPoint","urlTemplate":"https:\/\/hotnewsinworld.com\/hu\/?s={search_term_string}"},"query-input":{"@type":"PropertyValueSpecification","valueRequired":true,"valueName":"search_term_string"}}],"inLanguage":"hu"},{"@type":"Person","@id":"https:\/\/hotnewsinworld.com\/hu\/#\/schema\/person\/fe61448b21c0d59086e75fcc1f9d8f6b","name":"hotnewsinworld","image":{"@type":"ImageObject","inLanguage":"hu","@id":"https:\/\/secure.gravatar.com\/avatar\/8a09ac165600ce2e1c38fe593c63928eb1e6e7ba5c5a907d67787c41b3d00c14?s=96&d=mm&r=g","url":"https:\/\/secure.gravatar.com\/avatar\/8a09ac165600ce2e1c38fe593c63928eb1e6e7ba5c5a907d67787c41b3d00c14?s=96&d=mm&r=g","contentUrl":"https:\/\/secure.gravatar.com\/avatar\/8a09ac165600ce2e1c38fe593c63928eb1e6e7ba5c5a907d67787c41b3d00c14?s=96&d=mm&r=g","caption":"hotnewsinworld"},"url":"https:\/\/hotnewsinworld.com\/hu\/author\/pt\/"}]}},"_links":{"self":[{"href":"https:\/\/hotnewsinworld.com\/hu\/wp-json\/wp\/v2\/posts\/1436","targetHints":{"allow":["GET"]}}],"collection":[{"href":"https:\/\/hotnewsinworld.com\/hu\/wp-json\/wp\/v2\/posts"}],"about":[{"href":"https:\/\/hotnewsinworld.com\/hu\/wp-json\/wp\/v2\/types\/post"}],"author":[{"embeddable":true,"href":"https:\/\/hotnewsinworld.com\/hu\/wp-json\/wp\/v2\/users\/2"}],"replies":[{"embeddable":true,"href":"https:\/\/hotnewsinworld.com\/hu\/wp-json\/wp\/v2\/comments?post=1436"}],"version-history":[{"count":1,"href":"https:\/\/hotnewsinworld.com\/hu\/wp-json\/wp\/v2\/posts\/1436\/revisions"}],"predecessor-version":[{"id":1438,"href":"https:\/\/hotnewsinworld.com\/hu\/wp-json\/wp\/v2\/posts\/1436\/revisions\/1438"}],"wp:featuredmedia":[{"embeddable":true,"href":"https:\/\/hotnewsinworld.com\/hu\/wp-json\/wp\/v2\/media\/1437"}],"wp:attachment":[{"href":"https:\/\/hotnewsinworld.com\/hu\/wp-json\/wp\/v2\/media?parent=1436"}],"wp:term":[{"taxonomy":"category","embeddable":true,"href":"https:\/\/hotnewsinworld.com\/hu\/wp-json\/wp\/v2\/categories?post=1436"},{"taxonomy":"post_tag","embeddable":true,"href":"https:\/\/hotnewsinworld.com\/hu\/wp-json\/wp\/v2\/tags?post=1436"}],"curies":[{"name":"wp","href":"https:\/\/api.w.org\/{rel}","templated":true}]}}