{"id":1439,"date":"2019-08-31T16:10:54","date_gmt":"2019-08-31T13:10:54","guid":{"rendered":"https:\/\/hotnewsinworld.com\/hu\/palkovics-tiz-ev-utan-eloszor-tobben-valasztottak-a-szakkepzest-mint-a-gimnaziumot\/"},"modified":"2019-08-31T16:10:54","modified_gmt":"2019-08-31T13:10:54","slug":"palkovics-tiz-ev-utan-eloszor-tobben-valasztottak-a-szakkepzest-mint-a-gimnaziumot","status":"publish","type":"post","link":"https:\/\/hotnewsinworld.com\/hu\/palkovics-tiz-ev-utan-eloszor-tobben-valasztottak-a-szakkepzest-mint-a-gimnaziumot\/","title":{"rendered":"Palkovics: T\u00edz \u00e9v ut\u00e1n el\u0151sz\u00f6r t\u00f6bben v\u00e1lasztott\u00e1k a szakk\u00e9pz\u00e9st, mint a gimn\u00e1ziumot"},"content":{"rendered":"<p> [ad_1]<br \/>\n<\/p>\n<p>2019. augusztus 31. 15:01<\/p>\n<p>\n            \u00c1talak\u00edtja a szakk\u00e9pz\u00e9st a korm\u00e1ny \u2013 mondta Palkovics L\u00e1szl\u00f3 innov\u00e1ci\u00f3s \u00e9s technol\u00f3giai miniszter az orsz\u00e1gos szakk\u00e9pz\u00e9si tan\u00e9vnyit\u00f3n szombaton Ny\u00edregyh\u00e1z\u00e1n, v\u00e1zolva a f\u0151bb, v\u00e1rhat\u00f3 v\u00e1ltoz\u00e1sokat. Palkovics a tan\u00e1rokhoz is sz\u00f3lt.\n        <\/p>\n<div>\n<p>T\u00edz \u00e9v ut\u00e1n el\u0151sz\u00f6r 8,5 sz\u00e1zal\u00e9kkal t\u00f6bb di\u00e1k kezdte meg tanulm\u00e1nyait szakgimn\u00e1ziumban, mint \u00e1ltal\u00e1nos gimn\u00e1ziumban tavaly, ez is jelzi, hogy a szakk\u00e9pz\u00e9s\u00e9 a j\u00f6v\u0151 \u2013\u00a0mondta az innov\u00e1ci\u00f3s \u00e9s technol\u00f3giai miniszter az orsz\u00e1gos szakk\u00e9pz\u00e9si tan\u00e9vnyit\u00f3n szombaton Ny\u00edregyh\u00e1z\u00e1n.\u00a0<\/p>\n<p>Palkovics L\u00e1szl\u00f3 a Ny\u00edregyh\u00e1zi Szakk\u00e9pz\u00e9si Centrumban tartott \u00fcnneps\u00e9gen kiemelte, a magyar tanul\u00f3k sorra hozz\u00e1k el a hazai \u00e9s nemzetk\u00f6zi szakmai versenyek f\u0151d\u00edjait, ami igazolja, hogy nemzetk\u00f6zi sz\u00ednt\u00e9ren is elismert a magyar k\u00e9pz\u00e9s.<img decoding=\"async\" src=\"https:\/\/hotnewsinworld.com\/hu\/wp-content\/uploads\/sites\/3\/2019\/05\/Bangone-ot-legemlekezetesebb-villanasa-Mandiner.gif\" id=\"ga2\" class=\"ga_img\" \/><\/p>\n<p>A korm\u00e1ny t\u00e1mogat\u00e1s\u00e1val minden felt\u00e9tel adott ahhoz, hogy tov\u00e1bb fejl\u0151dj\u00f6n a szakk\u00e9pz\u00e9s \u2013\u00a0mondta a miniszter.<\/p>\n<p>A szakk\u00e9pz\u00e9s \u00e9s a feln\u0151ttk\u00e9pz\u00e9s rendszerszint\u0171 meg\u00faj\u00edt\u00e1s\u00e1t \u00e9s tov\u00e1bbfejleszt\u00e9s\u00e9t meghat\u00e1roz\u00f3 kezdem\u00e9nyez\u00e9ssel a korm\u00e1ny c\u00e9lja a p\u00e1lyav\u00e1laszt\u00e1s el\u0151tt \u00e1ll\u00f3kkal m\u00e9g ink\u00e1bb elhitetni, hogy a j\u00f3l v\u00e9gzett szakmunka nemcsak versenysikert hozhat, hanem meg\u00e9lhet\u00e9st is biztos\u00edt a csal\u00e1dnak, valamint hozz\u00e1j\u00e1rul Magyarorsz\u00e1g gazdas\u00e1gi siker\u00e9hez \u2013 hangoztatta a miniszter.<\/p>\n<p>Mint mondta, a rugalmas, modern, a munkaer\u0151piaci ig\u00e9nyekhez igazod\u00f3 szakk\u00e9pz\u00e9si rendszer fejleszt\u00e9se az \u00e1gazat minden szerepl\u0151j\u00e9nek kedvez\u0151 lesz; n\u00f6veli az orsz\u00e1g versenyk\u00e9pess\u00e9g\u00e9t, di\u00e1kok sz\u00e1m\u00e1ra t\u00f6bb lehet\u0151s\u00e9get ny\u00fajt a tanul\u00e1shoz \u00e9s a tov\u00e1bbtanul\u00e1shoz, a v\u00e1llalatok pedig az ig\u00e9nyeikhez igazod\u00f3, szaktud\u00e1ssal rendelkez\u0151 \u00e9s k\u00e9pzett munkaer\u0151t kaphatnak.<\/p>\n<p>Palkovics L\u00e1szl\u00f3 szerint a rendszer figyel a fels\u0151oktat\u00e1sba tov\u00e1bbl\u00e9p\u0151kre is, 2020-t\u00f3l a szakgimn\u00e1ziumok n\u00e9gy plusz egy \u00e9ves k\u00e9pz\u00e9si strukt\u00far\u00e1j\u00e1t a technikumok \u00f6t\u00e9ves k\u00e9pz\u00e9se v\u00e1ltja fel, ahonnan a di\u00e1kok gyakorlati tapasztalatokkal l\u00e9phetnek munk\u00e1ba, illetve a tov\u00e1bbtanul\u00e1s eset\u00e9n k\u00f6zvetlen\u00fcl a szakir\u00e1ny\u00fa fels\u0151fok\u00fa k\u00e9pz\u00e9sbe.<\/p>\n<p>Emellett a szakk\u00f6z\u00e9piskol\u00e1kat h\u00e1rom\u00e9ves szakk\u00e9pz\u0151 iskol\u00e1kk\u00e1 alak\u00edtj\u00e1k \u00e1t, ahol a gyakorlati tapasztalatot az utols\u00f3 k\u00e9t \u00e9v du\u00e1lis k\u00e9pz\u00e9se biztos\u00edtja, a r\u00e9szszakk\u00e9pz\u00e9st ny\u00fajt\u00f3 m\u0171helyiskol\u00e1k alap\u00edt\u00e1sa pedig azoknak a fiataloknak lesz kedvez\u0151 lehet\u0151s\u00e9g, akik nem tudj\u00e1k elv\u00e9gezni az \u00e1ltal\u00e1nos iskol\u00e1t, vagy a hagyom\u00e1nyos oktat\u00e1si k\u00f6rnyezetben nem tudnak megfelel\u0151en teljes\u00edteni \u2013\u00a0tette hozz\u00e1.<\/p>\n<p>Ut\u00f3bbir\u00f3l sz\u00f3lva a t\u00e1rcavezet\u0151 megjegyezte, b\u00e1r a lemorzsol\u00f3d\u00e1ssal vesz\u00e9lyeztetett di\u00e1kok sz\u00e1ma tavaly a szakgimn\u00e1ziumokban k\u00f6zel harmad\u00e1val, a szakk\u00f6z\u00e9piskol\u00e1ban m\u00e9g enn\u00e9l is nagyobb m\u00e9rt\u00e9kben cs\u00f6kkent, de tov\u00e1bbi c\u00e9l az iskol\u00e1t v\u00e9gzetts\u00e9g n\u00e9lk\u00fcl elhagy\u00f3k sz\u00e1m\u00e1nak 12-r\u00f3l 10 sz\u00e1zal\u00e9k al\u00e1 cs\u00f6kkent\u00e9se lesz.<\/p>\n<p>Ehhez seg\u00edts\u00e9gk\u00e9nt meg\u00fajul p\u00e9ld\u00e1ul az \u00e1llami \u00f6szt\u00f6nd\u00edjrendszer is, annak \u00e9rdek\u00e9ben, hogy a du\u00e1lis k\u00e9pz\u00e9sben nem r\u00e9sztvev\u0151 fiatalok az \u00faj szakk\u00e9pz\u00e9si rendszerben is anyagi t\u00e1mogat\u00e1shoz tudjanak jutni \u2013\u00a0tette hozz\u00e1 Palkovics L\u00e1szl\u00f3.<\/p>\n<p>A miniszter a pedag\u00f3gusokhoz, tan\u00e1rokhoz sz\u00f3lva elmondta, a korm\u00e1nyzat dolgozik a sz\u00e1mukra versenyk\u00e9pes \u00e9letp\u00e1ly\u00e1t \u00e9s j\u00f6vedelmet mag\u00e1ban foglal\u00f3 rendszer kialak\u00edt\u00e1s\u00e1n, \u00e9s azon, hogy ennek<em> \u201emin\u00e9l el\u0151bb sz\u00e1mokban m\u00e9rhet\u0151 eredm\u00e9nye legyen\u201d.<\/em><\/p>\n<p>(k\u00e9p \u00e9s sz\u00f6veg: MTI)<\/p>\n<\/p><\/div>\n<p><script>\n!function(f,b,e,v,n,t,s)\n{if(f.fbq)return;n=f.fbq=function(){n.callMethod?\nn.callMethod.apply(n,arguments):n.queue.push(arguments)};\nif(!f._fbq)f._fbq=n;n.push=n;n.loaded=!0;n.version='2.0';\nn.queue=[];t=b.createElement(e);t.async=!0;\nt.src=v;s=b.getElementsByTagName(e)[0];\ns.parentNode.insertBefore(t,s)}(window,document,'script',\n'https:\/\/connect.facebook.net\/en_US\/fbevents.js');\n fbq('init', '477066539334141');\nfbq('track', 'PageView');<\/p>\n<p>fbq('track', 'ViewContent');\n<\/script><script>(function(d, s, id) {\n  var js, fjs = d.getElementsByTagName(s)[0];\n  if (d.getElementById(id)) return;\n  js = d.createElement(s); js.id = id;\n  js.src = 'https:\/\/connect.facebook.net\/hu_HU\/sdk.js#xfbml=1&version=v3.0&appId=279311132096749&autoLogAppEvents=1';\n  fjs.parentNode.insertBefore(js, fjs);\n}(document, 'script', 'facebook-jssdk'));<\/script><script>(function(d, s, id) {\n  var js, fjs = d.getElementsByTagName(s)[0];\n  if (d.getElementById(id)) return;\n  js = d.createElement(s); js.id = id;\n  js.src = \"http:\/\/connect.facebook.net\/hu_HU\/sdk.js#xfbml=1&version=v2.3&appId=279311132096749\";\n  fjs.parentNode.insertBefore(js, fjs);\n}(document, 'script', 'facebook-jssdk'));<\/script><br \/>\n<br \/>[ad_2]<br \/>\n<br \/><a href=\"https:\/\/hirek.oldal.info\/rssclick\/14358775\">Source link <\/a><\/p>\n","protected":false},"excerpt":{"rendered":"<p>[ad_1] 2019. augusztus 31. 15:01 \u00c1talak\u00edtja a szakk\u00e9pz\u00e9st a korm\u00e1ny \u2013 mondta Palkovics L\u00e1szl\u00f3 innov\u00e1ci\u00f3s \u00e9s technol\u00f3giai miniszter az orsz\u00e1gos szakk\u00e9pz\u00e9si tan\u00e9vnyit\u00f3n szombaton Ny\u00edregyh\u00e1z\u00e1n, v\u00e1zolva a f\u0151bb, v\u00e1rhat\u00f3 v\u00e1ltoz\u00e1sokat. Palkovics a tan\u00e1rokhoz is sz\u00f3lt. T\u00edz \u00e9v ut\u00e1n el\u0151sz\u00f6r 8,5 sz\u00e1zal\u00e9kkal t\u00f6bb di\u00e1k kezdte meg tanulm\u00e1nyait szakgimn\u00e1ziumban, mint \u00e1ltal\u00e1nos gimn\u00e1ziumban tavaly, ez is jelzi, hogy a [&hellip;]<\/p>\n","protected":false},"author":2,"featured_media":69,"comment_status":"open","ping_status":"open","sticky":false,"template":"","format":"standard","meta":{"footnotes":""},"categories":[1],"tags":[],"class_list":["post-1439","post","type-post","status-publish","format-standard","has-post-thumbnail","hentry","category-legujabb-penzugyi-hirek"],"yoast_head":"<!-- This site is optimized with the Yoast SEO plugin v27.4 - https:\/\/yoast.com\/product\/yoast-seo-wordpress\/ -->\n<title>Palkovics: T\u00edz \u00e9v ut\u00e1n el\u0151sz\u00f6r t\u00f6bben v\u00e1lasztott\u00e1k a szakk\u00e9pz\u00e9st, mint a gimn\u00e1ziumot - Hot News in World<\/title>\n<meta name=\"robots\" content=\"index, follow, max-snippet:-1, max-image-preview:large, max-video-preview:-1\" \/>\n<link rel=\"canonical\" href=\"https:\/\/hotnewsinworld.com\/hu\/palkovics-tiz-ev-utan-eloszor-tobben-valasztottak-a-szakkepzest-mint-a-gimnaziumot\/\" \/>\n<meta property=\"og:locale\" content=\"hu_HU\" \/>\n<meta property=\"og:type\" content=\"article\" \/>\n<meta property=\"og:title\" content=\"Palkovics: T\u00edz \u00e9v ut\u00e1n el\u0151sz\u00f6r t\u00f6bben v\u00e1lasztott\u00e1k a szakk\u00e9pz\u00e9st, mint a gimn\u00e1ziumot - Hot News in World\" \/>\n<meta property=\"og:description\" content=\"[ad_1] 2019. augusztus 31. 15:01 \u00c1talak\u00edtja a szakk\u00e9pz\u00e9st a korm\u00e1ny \u2013 mondta Palkovics L\u00e1szl\u00f3 innov\u00e1ci\u00f3s \u00e9s technol\u00f3giai miniszter az orsz\u00e1gos szakk\u00e9pz\u00e9si tan\u00e9vnyit\u00f3n szombaton Ny\u00edregyh\u00e1z\u00e1n, v\u00e1zolva a f\u0151bb, v\u00e1rhat\u00f3 v\u00e1ltoz\u00e1sokat. Palkovics a tan\u00e1rokhoz is sz\u00f3lt. T\u00edz \u00e9v ut\u00e1n el\u0151sz\u00f6r 8,5 sz\u00e1zal\u00e9kkal t\u00f6bb di\u00e1k kezdte meg tanulm\u00e1nyait szakgimn\u00e1ziumban, mint \u00e1ltal\u00e1nos gimn\u00e1ziumban tavaly, ez is jelzi, hogy a [&hellip;]\" \/>\n<meta property=\"og:url\" content=\"https:\/\/hotnewsinworld.com\/hu\/palkovics-tiz-ev-utan-eloszor-tobben-valasztottak-a-szakkepzest-mint-a-gimnaziumot\/\" \/>\n<meta property=\"og:site_name\" content=\"Hot News in World\" \/>\n<meta property=\"article:published_time\" content=\"2019-08-31T13:10:54+00:00\" \/>\n<meta property=\"og:image\" content=\"https:\/\/hotnewsinworld.com\/hu\/wp-content\/uploads\/sites\/3\/2019\/05\/Bang\u00f3n\u00e9-\u00f6t-legeml\u00e9kezetesebb-villan\u00e1sa-Mandiner.gif\" \/>\n\t<meta property=\"og:image:width\" content=\"2\" \/>\n\t<meta property=\"og:image:height\" content=\"2\" \/>\n\t<meta property=\"og:image:type\" content=\"image\/gif\" \/>\n<meta name=\"author\" content=\"hotnewsinworld\" \/>\n<meta name=\"twitter:card\" content=\"summary_large_image\" \/>\n<meta name=\"twitter:label1\" content=\"Szerz\u0151:\" \/>\n\t<meta name=\"twitter:data1\" content=\"hotnewsinworld\" \/>\n\t<meta name=\"twitter:label2\" content=\"Becs\u00fclt olvas\u00e1si id\u0151\" \/>\n\t<meta name=\"twitter:data2\" content=\"3 perc\" \/>\n<script type=\"application\/ld+json\" class=\"yoast-schema-graph\">{\"@context\":\"https:\\\/\\\/schema.org\",\"@graph\":[{\"@type\":\"Article\",\"@id\":\"https:\\\/\\\/hotnewsinworld.com\\\/hu\\\/palkovics-tiz-ev-utan-eloszor-tobben-valasztottak-a-szakkepzest-mint-a-gimnaziumot\\\/#article\",\"isPartOf\":{\"@id\":\"https:\\\/\\\/hotnewsinworld.com\\\/hu\\\/palkovics-tiz-ev-utan-eloszor-tobben-valasztottak-a-szakkepzest-mint-a-gimnaziumot\\\/\"},\"author\":{\"name\":\"hotnewsinworld\",\"@id\":\"https:\\\/\\\/hotnewsinworld.com\\\/hu\\\/#\\\/schema\\\/person\\\/fe61448b21c0d59086e75fcc1f9d8f6b\"},\"headline\":\"Palkovics: T\u00edz \u00e9v ut\u00e1n el\u0151sz\u00f6r t\u00f6bben v\u00e1lasztott\u00e1k a szakk\u00e9pz\u00e9st, mint a gimn\u00e1ziumot\",\"datePublished\":\"2019-08-31T13:10:54+00:00\",\"mainEntityOfPage\":{\"@id\":\"https:\\\/\\\/hotnewsinworld.com\\\/hu\\\/palkovics-tiz-ev-utan-eloszor-tobben-valasztottak-a-szakkepzest-mint-a-gimnaziumot\\\/\"},\"wordCount\":690,\"commentCount\":0,\"image\":{\"@id\":\"https:\\\/\\\/hotnewsinworld.com\\\/hu\\\/palkovics-tiz-ev-utan-eloszor-tobben-valasztottak-a-szakkepzest-mint-a-gimnaziumot\\\/#primaryimage\"},\"thumbnailUrl\":\"https:\\\/\\\/hotnewsinworld.com\\\/hu\\\/wp-content\\\/uploads\\\/sites\\\/3\\\/2019\\\/05\\\/Bang\u00f3n\u00e9-\u00f6t-legeml\u00e9kezetesebb-villan\u00e1sa-Mandiner.gif\",\"articleSection\":[\"LEG\u00daJABB P\u00c9NZ\u00dcGYI H\u00cdREK\"],\"inLanguage\":\"hu\",\"potentialAction\":[{\"@type\":\"CommentAction\",\"name\":\"Comment\",\"target\":[\"https:\\\/\\\/hotnewsinworld.com\\\/hu\\\/palkovics-tiz-ev-utan-eloszor-tobben-valasztottak-a-szakkepzest-mint-a-gimnaziumot\\\/#respond\"]}]},{\"@type\":\"WebPage\",\"@id\":\"https:\\\/\\\/hotnewsinworld.com\\\/hu\\\/palkovics-tiz-ev-utan-eloszor-tobben-valasztottak-a-szakkepzest-mint-a-gimnaziumot\\\/\",\"url\":\"https:\\\/\\\/hotnewsinworld.com\\\/hu\\\/palkovics-tiz-ev-utan-eloszor-tobben-valasztottak-a-szakkepzest-mint-a-gimnaziumot\\\/\",\"name\":\"Palkovics: T\u00edz \u00e9v ut\u00e1n el\u0151sz\u00f6r t\u00f6bben v\u00e1lasztott\u00e1k a szakk\u00e9pz\u00e9st, mint a gimn\u00e1ziumot - Hot News in World\",\"isPartOf\":{\"@id\":\"https:\\\/\\\/hotnewsinworld.com\\\/hu\\\/#website\"},\"primaryImageOfPage\":{\"@id\":\"https:\\\/\\\/hotnewsinworld.com\\\/hu\\\/palkovics-tiz-ev-utan-eloszor-tobben-valasztottak-a-szakkepzest-mint-a-gimnaziumot\\\/#primaryimage\"},\"image\":{\"@id\":\"https:\\\/\\\/hotnewsinworld.com\\\/hu\\\/palkovics-tiz-ev-utan-eloszor-tobben-valasztottak-a-szakkepzest-mint-a-gimnaziumot\\\/#primaryimage\"},\"thumbnailUrl\":\"https:\\\/\\\/hotnewsinworld.com\\\/hu\\\/wp-content\\\/uploads\\\/sites\\\/3\\\/2019\\\/05\\\/Bang\u00f3n\u00e9-\u00f6t-legeml\u00e9kezetesebb-villan\u00e1sa-Mandiner.gif\",\"datePublished\":\"2019-08-31T13:10:54+00:00\",\"author\":{\"@id\":\"https:\\\/\\\/hotnewsinworld.com\\\/hu\\\/#\\\/schema\\\/person\\\/fe61448b21c0d59086e75fcc1f9d8f6b\"},\"breadcrumb\":{\"@id\":\"https:\\\/\\\/hotnewsinworld.com\\\/hu\\\/palkovics-tiz-ev-utan-eloszor-tobben-valasztottak-a-szakkepzest-mint-a-gimnaziumot\\\/#breadcrumb\"},\"inLanguage\":\"hu\",\"potentialAction\":[{\"@type\":\"ReadAction\",\"target\":[\"https:\\\/\\\/hotnewsinworld.com\\\/hu\\\/palkovics-tiz-ev-utan-eloszor-tobben-valasztottak-a-szakkepzest-mint-a-gimnaziumot\\\/\"]}]},{\"@type\":\"ImageObject\",\"inLanguage\":\"hu\",\"@id\":\"https:\\\/\\\/hotnewsinworld.com\\\/hu\\\/palkovics-tiz-ev-utan-eloszor-tobben-valasztottak-a-szakkepzest-mint-a-gimnaziumot\\\/#primaryimage\",\"url\":\"https:\\\/\\\/hotnewsinworld.com\\\/hu\\\/wp-content\\\/uploads\\\/sites\\\/3\\\/2019\\\/05\\\/Bang\u00f3n\u00e9-\u00f6t-legeml\u00e9kezetesebb-villan\u00e1sa-Mandiner.gif\",\"contentUrl\":\"https:\\\/\\\/hotnewsinworld.com\\\/hu\\\/wp-content\\\/uploads\\\/sites\\\/3\\\/2019\\\/05\\\/Bang\u00f3n\u00e9-\u00f6t-legeml\u00e9kezetesebb-villan\u00e1sa-Mandiner.gif\",\"width\":2,\"height\":2,\"caption\":\"Bang\u00f3n\u00e9 \u00f6t legeml\u00e9kezetesebb villan\u00e1sa | Mandiner\"},{\"@type\":\"BreadcrumbList\",\"@id\":\"https:\\\/\\\/hotnewsinworld.com\\\/hu\\\/palkovics-tiz-ev-utan-eloszor-tobben-valasztottak-a-szakkepzest-mint-a-gimnaziumot\\\/#breadcrumb\",\"itemListElement\":[{\"@type\":\"ListItem\",\"position\":1,\"name\":\"\u0413\u043b\u0430\u0432\u043d\u0430\u044f \u0441\u0442\u0440\u0430\u043d\u0438\u0446\u0430\",\"item\":\"https:\\\/\\\/hotnewsinworld.com\\\/hu\\\/\"},{\"@type\":\"ListItem\",\"position\":2,\"name\":\"Palkovics: T\u00edz \u00e9v ut\u00e1n el\u0151sz\u00f6r t\u00f6bben v\u00e1lasztott\u00e1k a szakk\u00e9pz\u00e9st, mint a gimn\u00e1ziumot\"}]},{\"@type\":\"WebSite\",\"@id\":\"https:\\\/\\\/hotnewsinworld.com\\\/hu\\\/#website\",\"url\":\"https:\\\/\\\/hotnewsinworld.com\\\/hu\\\/\",\"name\":\"Hot News in World\",\"description\":\"Hot News in World from Hungary\",\"potentialAction\":[{\"@type\":\"SearchAction\",\"target\":{\"@type\":\"EntryPoint\",\"urlTemplate\":\"https:\\\/\\\/hotnewsinworld.com\\\/hu\\\/?s={search_term_string}\"},\"query-input\":{\"@type\":\"PropertyValueSpecification\",\"valueRequired\":true,\"valueName\":\"search_term_string\"}}],\"inLanguage\":\"hu\"},{\"@type\":\"Person\",\"@id\":\"https:\\\/\\\/hotnewsinworld.com\\\/hu\\\/#\\\/schema\\\/person\\\/fe61448b21c0d59086e75fcc1f9d8f6b\",\"name\":\"hotnewsinworld\",\"image\":{\"@type\":\"ImageObject\",\"inLanguage\":\"hu\",\"@id\":\"https:\\\/\\\/secure.gravatar.com\\\/avatar\\\/8a09ac165600ce2e1c38fe593c63928eb1e6e7ba5c5a907d67787c41b3d00c14?s=96&d=mm&r=g\",\"url\":\"https:\\\/\\\/secure.gravatar.com\\\/avatar\\\/8a09ac165600ce2e1c38fe593c63928eb1e6e7ba5c5a907d67787c41b3d00c14?s=96&d=mm&r=g\",\"contentUrl\":\"https:\\\/\\\/secure.gravatar.com\\\/avatar\\\/8a09ac165600ce2e1c38fe593c63928eb1e6e7ba5c5a907d67787c41b3d00c14?s=96&d=mm&r=g\",\"caption\":\"hotnewsinworld\"},\"url\":\"https:\\\/\\\/hotnewsinworld.com\\\/hu\\\/author\\\/pt\\\/\"}]}<\/script>\n<!-- \/ Yoast SEO plugin. -->","yoast_head_json":{"title":"Palkovics: T\u00edz \u00e9v ut\u00e1n el\u0151sz\u00f6r t\u00f6bben v\u00e1lasztott\u00e1k a szakk\u00e9pz\u00e9st, mint a gimn\u00e1ziumot - Hot News in World","robots":{"index":"index","follow":"follow","max-snippet":"max-snippet:-1","max-image-preview":"max-image-preview:large","max-video-preview":"max-video-preview:-1"},"canonical":"https:\/\/hotnewsinworld.com\/hu\/palkovics-tiz-ev-utan-eloszor-tobben-valasztottak-a-szakkepzest-mint-a-gimnaziumot\/","og_locale":"hu_HU","og_type":"article","og_title":"Palkovics: T\u00edz \u00e9v ut\u00e1n el\u0151sz\u00f6r t\u00f6bben v\u00e1lasztott\u00e1k a szakk\u00e9pz\u00e9st, mint a gimn\u00e1ziumot - Hot News in World","og_description":"[ad_1] 2019. augusztus 31. 15:01 \u00c1talak\u00edtja a szakk\u00e9pz\u00e9st a korm\u00e1ny \u2013 mondta Palkovics L\u00e1szl\u00f3 innov\u00e1ci\u00f3s \u00e9s technol\u00f3giai miniszter az orsz\u00e1gos szakk\u00e9pz\u00e9si tan\u00e9vnyit\u00f3n szombaton Ny\u00edregyh\u00e1z\u00e1n, v\u00e1zolva a f\u0151bb, v\u00e1rhat\u00f3 v\u00e1ltoz\u00e1sokat. Palkovics a tan\u00e1rokhoz is sz\u00f3lt. T\u00edz \u00e9v ut\u00e1n el\u0151sz\u00f6r 8,5 sz\u00e1zal\u00e9kkal t\u00f6bb di\u00e1k kezdte meg tanulm\u00e1nyait szakgimn\u00e1ziumban, mint \u00e1ltal\u00e1nos gimn\u00e1ziumban tavaly, ez is jelzi, hogy a [&hellip;]","og_url":"https:\/\/hotnewsinworld.com\/hu\/palkovics-tiz-ev-utan-eloszor-tobben-valasztottak-a-szakkepzest-mint-a-gimnaziumot\/","og_site_name":"Hot News in World","article_published_time":"2019-08-31T13:10:54+00:00","og_image":[{"width":2,"height":2,"url":"https:\/\/hotnewsinworld.com\/hu\/wp-content\/uploads\/sites\/3\/2019\/05\/Bang\u00f3n\u00e9-\u00f6t-legeml\u00e9kezetesebb-villan\u00e1sa-Mandiner.gif","type":"image\/gif"}],"author":"hotnewsinworld","twitter_card":"summary_large_image","twitter_misc":{"Szerz\u0151:":"hotnewsinworld","Becs\u00fclt olvas\u00e1si id\u0151":"3 perc"},"schema":{"@context":"https:\/\/schema.org","@graph":[{"@type":"Article","@id":"https:\/\/hotnewsinworld.com\/hu\/palkovics-tiz-ev-utan-eloszor-tobben-valasztottak-a-szakkepzest-mint-a-gimnaziumot\/#article","isPartOf":{"@id":"https:\/\/hotnewsinworld.com\/hu\/palkovics-tiz-ev-utan-eloszor-tobben-valasztottak-a-szakkepzest-mint-a-gimnaziumot\/"},"author":{"name":"hotnewsinworld","@id":"https:\/\/hotnewsinworld.com\/hu\/#\/schema\/person\/fe61448b21c0d59086e75fcc1f9d8f6b"},"headline":"Palkovics: T\u00edz \u00e9v ut\u00e1n el\u0151sz\u00f6r t\u00f6bben v\u00e1lasztott\u00e1k a szakk\u00e9pz\u00e9st, mint a gimn\u00e1ziumot","datePublished":"2019-08-31T13:10:54+00:00","mainEntityOfPage":{"@id":"https:\/\/hotnewsinworld.com\/hu\/palkovics-tiz-ev-utan-eloszor-tobben-valasztottak-a-szakkepzest-mint-a-gimnaziumot\/"},"wordCount":690,"commentCount":0,"image":{"@id":"https:\/\/hotnewsinworld.com\/hu\/palkovics-tiz-ev-utan-eloszor-tobben-valasztottak-a-szakkepzest-mint-a-gimnaziumot\/#primaryimage"},"thumbnailUrl":"https:\/\/hotnewsinworld.com\/hu\/wp-content\/uploads\/sites\/3\/2019\/05\/Bang\u00f3n\u00e9-\u00f6t-legeml\u00e9kezetesebb-villan\u00e1sa-Mandiner.gif","articleSection":["LEG\u00daJABB P\u00c9NZ\u00dcGYI H\u00cdREK"],"inLanguage":"hu","potentialAction":[{"@type":"CommentAction","name":"Comment","target":["https:\/\/hotnewsinworld.com\/hu\/palkovics-tiz-ev-utan-eloszor-tobben-valasztottak-a-szakkepzest-mint-a-gimnaziumot\/#respond"]}]},{"@type":"WebPage","@id":"https:\/\/hotnewsinworld.com\/hu\/palkovics-tiz-ev-utan-eloszor-tobben-valasztottak-a-szakkepzest-mint-a-gimnaziumot\/","url":"https:\/\/hotnewsinworld.com\/hu\/palkovics-tiz-ev-utan-eloszor-tobben-valasztottak-a-szakkepzest-mint-a-gimnaziumot\/","name":"Palkovics: T\u00edz \u00e9v ut\u00e1n el\u0151sz\u00f6r t\u00f6bben v\u00e1lasztott\u00e1k a szakk\u00e9pz\u00e9st, mint a gimn\u00e1ziumot - Hot News in World","isPartOf":{"@id":"https:\/\/hotnewsinworld.com\/hu\/#website"},"primaryImageOfPage":{"@id":"https:\/\/hotnewsinworld.com\/hu\/palkovics-tiz-ev-utan-eloszor-tobben-valasztottak-a-szakkepzest-mint-a-gimnaziumot\/#primaryimage"},"image":{"@id":"https:\/\/hotnewsinworld.com\/hu\/palkovics-tiz-ev-utan-eloszor-tobben-valasztottak-a-szakkepzest-mint-a-gimnaziumot\/#primaryimage"},"thumbnailUrl":"https:\/\/hotnewsinworld.com\/hu\/wp-content\/uploads\/sites\/3\/2019\/05\/Bang\u00f3n\u00e9-\u00f6t-legeml\u00e9kezetesebb-villan\u00e1sa-Mandiner.gif","datePublished":"2019-08-31T13:10:54+00:00","author":{"@id":"https:\/\/hotnewsinworld.com\/hu\/#\/schema\/person\/fe61448b21c0d59086e75fcc1f9d8f6b"},"breadcrumb":{"@id":"https:\/\/hotnewsinworld.com\/hu\/palkovics-tiz-ev-utan-eloszor-tobben-valasztottak-a-szakkepzest-mint-a-gimnaziumot\/#breadcrumb"},"inLanguage":"hu","potentialAction":[{"@type":"ReadAction","target":["https:\/\/hotnewsinworld.com\/hu\/palkovics-tiz-ev-utan-eloszor-tobben-valasztottak-a-szakkepzest-mint-a-gimnaziumot\/"]}]},{"@type":"ImageObject","inLanguage":"hu","@id":"https:\/\/hotnewsinworld.com\/hu\/palkovics-tiz-ev-utan-eloszor-tobben-valasztottak-a-szakkepzest-mint-a-gimnaziumot\/#primaryimage","url":"https:\/\/hotnewsinworld.com\/hu\/wp-content\/uploads\/sites\/3\/2019\/05\/Bang\u00f3n\u00e9-\u00f6t-legeml\u00e9kezetesebb-villan\u00e1sa-Mandiner.gif","contentUrl":"https:\/\/hotnewsinworld.com\/hu\/wp-content\/uploads\/sites\/3\/2019\/05\/Bang\u00f3n\u00e9-\u00f6t-legeml\u00e9kezetesebb-villan\u00e1sa-Mandiner.gif","width":2,"height":2,"caption":"Bang\u00f3n\u00e9 \u00f6t legeml\u00e9kezetesebb villan\u00e1sa | Mandiner"},{"@type":"BreadcrumbList","@id":"https:\/\/hotnewsinworld.com\/hu\/palkovics-tiz-ev-utan-eloszor-tobben-valasztottak-a-szakkepzest-mint-a-gimnaziumot\/#breadcrumb","itemListElement":[{"@type":"ListItem","position":1,"name":"\u0413\u043b\u0430\u0432\u043d\u0430\u044f \u0441\u0442\u0440\u0430\u043d\u0438\u0446\u0430","item":"https:\/\/hotnewsinworld.com\/hu\/"},{"@type":"ListItem","position":2,"name":"Palkovics: T\u00edz \u00e9v ut\u00e1n el\u0151sz\u00f6r t\u00f6bben v\u00e1lasztott\u00e1k a szakk\u00e9pz\u00e9st, mint a gimn\u00e1ziumot"}]},{"@type":"WebSite","@id":"https:\/\/hotnewsinworld.com\/hu\/#website","url":"https:\/\/hotnewsinworld.com\/hu\/","name":"Hot News in World","description":"Hot News in World from Hungary","potentialAction":[{"@type":"SearchAction","target":{"@type":"EntryPoint","urlTemplate":"https:\/\/hotnewsinworld.com\/hu\/?s={search_term_string}"},"query-input":{"@type":"PropertyValueSpecification","valueRequired":true,"valueName":"search_term_string"}}],"inLanguage":"hu"},{"@type":"Person","@id":"https:\/\/hotnewsinworld.com\/hu\/#\/schema\/person\/fe61448b21c0d59086e75fcc1f9d8f6b","name":"hotnewsinworld","image":{"@type":"ImageObject","inLanguage":"hu","@id":"https:\/\/secure.gravatar.com\/avatar\/8a09ac165600ce2e1c38fe593c63928eb1e6e7ba5c5a907d67787c41b3d00c14?s=96&d=mm&r=g","url":"https:\/\/secure.gravatar.com\/avatar\/8a09ac165600ce2e1c38fe593c63928eb1e6e7ba5c5a907d67787c41b3d00c14?s=96&d=mm&r=g","contentUrl":"https:\/\/secure.gravatar.com\/avatar\/8a09ac165600ce2e1c38fe593c63928eb1e6e7ba5c5a907d67787c41b3d00c14?s=96&d=mm&r=g","caption":"hotnewsinworld"},"url":"https:\/\/hotnewsinworld.com\/hu\/author\/pt\/"}]}},"_links":{"self":[{"href":"https:\/\/hotnewsinworld.com\/hu\/wp-json\/wp\/v2\/posts\/1439","targetHints":{"allow":["GET"]}}],"collection":[{"href":"https:\/\/hotnewsinworld.com\/hu\/wp-json\/wp\/v2\/posts"}],"about":[{"href":"https:\/\/hotnewsinworld.com\/hu\/wp-json\/wp\/v2\/types\/post"}],"author":[{"embeddable":true,"href":"https:\/\/hotnewsinworld.com\/hu\/wp-json\/wp\/v2\/users\/2"}],"replies":[{"embeddable":true,"href":"https:\/\/hotnewsinworld.com\/hu\/wp-json\/wp\/v2\/comments?post=1439"}],"version-history":[{"count":1,"href":"https:\/\/hotnewsinworld.com\/hu\/wp-json\/wp\/v2\/posts\/1439\/revisions"}],"predecessor-version":[{"id":1440,"href":"https:\/\/hotnewsinworld.com\/hu\/wp-json\/wp\/v2\/posts\/1439\/revisions\/1440"}],"wp:featuredmedia":[{"embeddable":true,"href":"https:\/\/hotnewsinworld.com\/hu\/wp-json\/wp\/v2\/media\/69"}],"wp:attachment":[{"href":"https:\/\/hotnewsinworld.com\/hu\/wp-json\/wp\/v2\/media?parent=1439"}],"wp:term":[{"taxonomy":"category","embeddable":true,"href":"https:\/\/hotnewsinworld.com\/hu\/wp-json\/wp\/v2\/categories?post=1439"},{"taxonomy":"post_tag","embeddable":true,"href":"https:\/\/hotnewsinworld.com\/hu\/wp-json\/wp\/v2\/tags?post=1439"}],"curies":[{"name":"wp","href":"https:\/\/api.w.org\/{rel}","templated":true}]}}