{"id":1443,"date":"2019-08-31T18:59:08","date_gmt":"2019-08-31T15:59:08","guid":{"rendered":"https:\/\/hotnewsinworld.com\/hu\/hunvald-is-le-akarja-valtani-a-fideszt\/"},"modified":"2019-08-31T18:59:10","modified_gmt":"2019-08-31T15:59:10","slug":"hunvald-is-le-akarja-valtani-a-fideszt","status":"publish","type":"post","link":"https:\/\/hotnewsinworld.com\/hu\/hunvald-is-le-akarja-valtani-a-fideszt\/","title":{"rendered":"Hunvald is le akarja v\u00e1ltani a Fideszt"},"content":{"rendered":"<p> [ad_1]<br \/>\n<\/p>\n<p>\n\t\t\t\t\t\tSzerinte Niederm\u00fcller P\u00e9ternek kellene visszal\u00e9pnie az \u0151 jav\u00e1ra.\t\t\t\t\t<\/p>\n<div>\n<p>A Klubr\u00e1di\u00f3ban a VII. ker\u00fclet egykori polg\u00e1rmestere azt mondta,\u00a0 nem sz\u00e1m\u00edt, hogy az \u0151t t\u00e1mogat\u00f3 lok\u00e1lpatri\u00f3ta szervezet val\u00f3j\u00e1ban ferencv\u00e1rosi, mert a v\u00e1laszt\u00e1sokig meglesz az erzs\u00e9betv\u00e1rosi is. Az emberek \u0151t ismerik, a Hunvald n\u00e9v m\u00e9g mindig vonz\u00f3 a ker\u00fcletben, a hiteless\u00e9g\u00e9t pedig nem tudja \u00e1tadni senkinek.<\/p>\n<blockquote>\n<p>Nem veszekszem az ellenz\u00e9kkel, nekem az ellenfelem a Fidesz.<\/p>\n<\/blockquote>\n<p>Mint mondta, \u0151 nem mond rosszat az MSZP-re, nem is s\u00e9rtett, elfogadta, hogy az ellenz\u00e9ki p\u00e1rtok nem akartak vele dolgozni, de azt nem \u00e9rti, hogy egy demokr\u00e1ci\u00e1ban mi\u00e9rt baj, ha elindul \u00e9s meg akarja val\u00f3s\u00edtani a programj\u00e1t. Hunvald Gy\u00f6rgy szerint rossz d\u00f6nt\u00e9s sz\u00fcletett, de nem n\u00e1la, hanem a t\u00faloldalon, \u0151 ugyanis mag\u00e1t es\u00e9lyesebbnek tartja az ellenz\u00e9k jel\u00f6ltj\u00e9n\u00e9l.<\/p>\n<blockquote>\n<p>Niederm\u00fcller P\u00e9ternek m\u00e9g van 43 napja, hogy visszal\u00e9pjen.<\/p>\n<\/blockquote>\n<p>Azt elismerte, a helyi er\u0151viszonyokr\u00f3l nem l\u00e1tott felm\u00e9r\u00e9st vagy becsl\u00e9st, de szerinte nem lesz t\u00f6bbs\u00e9gben a Fidesz okt\u00f3ber 13-a ut\u00e1n a ker\u00fcletben.<\/p>\n<p>A DK-s <strong>Niederm\u00fcller P\u00e9ter<\/strong> azt mondta, sajn\u00e1lja \u00e9s bizonyos m\u00e9rt\u00e9kig ki\u00e1br\u00e1nd\u00edt\u00f3nak tartja, hogy Hunvald Gy\u00f6rgy nem l\u00e1tja be, aki az \u00f6tp\u00e1rti meg\u00e1llapod\u00e1ssal szemben elindul, az gyeng\u00edti az ellenz\u00e9ket, b\u00e1rmennyi szavazatot szerez is v\u00e9g\u00fcl. Szerinte a v\u00e1laszt\u00e1s nem Hunvald rehabilit\u00e1l\u00e1s\u00e1r\u00f3l sz\u00f3l, hanem arr\u00f3l, hogy mik\u00e9nt lehet a Fidesz helytart\u00f3it lev\u00e1ltani Erzs\u00e9betv\u00e1rosban.<\/p>\n<p>Hunvald Gy\u00f6rgy a Magyar H\u00edrlapnak is meger\u0151s\u00edtette, nem l\u00e9p vissza, hiszen mag\u00e1t er\u0151sebb jel\u00f6ltnek tartja Niederm\u00fcllern\u00e9l, \u00e9s\u00a0 szerinte az tolja a Fidesz szeker\u00e9t, aki es\u00e9lytelenebbk\u00e9nt, puszt\u00e1n p\u00e1rtmutyik alapj\u00e1n kiv\u00e1lasztva indul. Ennek alapj\u00e1n a Gyurcs\u00e1ny vezette DK \u00e9s a szocialist\u00e1k akarj\u00e1k a Fideszt hatalomban tartani Budapest VII. ker\u00fclet\u00e9ben. A lap szerint a Lok\u00e1lpatri\u00f3t\u00e1k sz\u00edneiben egy\u00e9bk\u00e9nt egy\u00e9ni k\u00f6rzetben k\u00e9pvisel\u0151jel\u00f6ltk\u00e9nt indul az egykori polg\u00e1rmester fia, Hunvald Andr\u00e1s m\u00e1sod\u00e9ves joghallgat\u00f3.<\/p>\n<p>\u00a0<\/p>\n<p><em>Kiemelt k\u00e9p: Hunvald Gy\u00f6rgy\/Facebook\u00a0\u00a0<\/em><\/p>\n<\/p><\/div>\n<p><script>\n\tjQuery(window).load(function() {\n\t\twindow.fbAsyncInit = function () {\n\t\t\tFB.init({\n\t\t\t\tappId: '',\n\t\t\t\txfbml: true,\n\t\t\t\tversion: 'v3.2'\n\t\t\t});<\/p>\n<p>\t\t\tFB.Event.subscribe('xfbml.ready', function (msg) {\n\t\t\t\tif (msg.type === 'video') {\n\t\t\t\t\tif(typeof insertVideoMeasuringCode != \"undefined\"){\n\t\t\t\t\t\tinsertVideoMeasuringCode(msg);\n\t\t\t\t\t}\n\t\t\t\t}\n\t\t\t});\n\t\t};<\/p>\n<p>\t\tfunction initFB()\n\t\t{\n\t\t\t(function (d, s, id) {\n\t\t\t\tvar js, fjs = d.getElementsByTagName(s)[0];\n\t\t\t\tif (d.getElementById(id)) {\n\t\t\t\t\treturn;\n\t\t\t\t}\n\t\t\t\tjs = d.createElement(s);\n\t\t\t\tjs.id = id;\n\t\t\t\tjs.src = \"http:\/\/connect.facebook.net\/hu_HU\/all.js\";\n\t\t\t\tfjs.parentNode.insertBefore(js, fjs);\n\t\t\t}(document, 'script', 'facebook-jssdk'));\n\t\t\tjQuery(window).off('scroll mousemove touchmove', initFB);\n\t\t}<\/p>\n<p>\t\tfunction parseXFBML(e)\n\t\t{\n\t\t\tif (typeof FB !== \"undefined\" && typeof FB.XFBML !== \"undefined\") {\n\t\t\t\te.preventDefault();\n\t\t\t\te.stopPropagation();\n\t\t\t\tFB.XFBML.parse();\n\t\t\t\tjQuery(window).off('scroll mousemove touchmove', parseXFBML);<\/p>\n<p>\t\t\t\tif (typeof catchSocialEvents != \"undefined\" && typeof catchSocialEvents === \"function\") {\n\t\t\t\t\tcatchSocialEvents();\n\t\t\t\t}\n\t\t\t}\n\t\t}<\/p>\n<p>\t\tjQuery(window).on('scroll mousemove touchmove', initFB);\n\t\tjQuery(window).on('scroll mousemove touchmove', parseXFBML);\n\t});\n<\/script><br \/>\n<br \/>[ad_2]<br \/>\n<br \/><a href=\"https:\/\/hirek.oldal.info\/rssclick\/14359081\">Source link <\/a><\/p>\n","protected":false},"excerpt":{"rendered":"<p>[ad_1] Szerinte Niederm\u00fcller P\u00e9ternek kellene visszal\u00e9pnie az \u0151 jav\u00e1ra. A Klubr\u00e1di\u00f3ban a VII. ker\u00fclet egykori polg\u00e1rmestere azt mondta,\u00a0 nem sz\u00e1m\u00edt, hogy az \u0151t t\u00e1mogat\u00f3 lok\u00e1lpatri\u00f3ta szervezet val\u00f3j\u00e1ban ferencv\u00e1rosi, mert a v\u00e1laszt\u00e1sokig meglesz az erzs\u00e9betv\u00e1rosi is. Az emberek \u0151t ismerik, a Hunvald n\u00e9v m\u00e9g mindig vonz\u00f3 a ker\u00fcletben, a hiteless\u00e9g\u00e9t pedig nem tudja \u00e1tadni senkinek. Nem [&hellip;]<\/p>\n","protected":false},"author":2,"featured_media":1444,"comment_status":"open","ping_status":"open","sticky":false,"template":"","format":"standard","meta":{"footnotes":""},"categories":[1],"tags":[],"class_list":["post-1443","post","type-post","status-publish","format-standard","has-post-thumbnail","hentry","category-legujabb-penzugyi-hirek"],"yoast_head":"<!-- This site is optimized with the Yoast SEO plugin v27.4 - https:\/\/yoast.com\/product\/yoast-seo-wordpress\/ -->\n<title>Hunvald is le akarja v\u00e1ltani a Fideszt - Hot News in World<\/title>\n<meta name=\"robots\" content=\"index, follow, max-snippet:-1, max-image-preview:large, max-video-preview:-1\" \/>\n<link rel=\"canonical\" href=\"https:\/\/hotnewsinworld.com\/hu\/hunvald-is-le-akarja-valtani-a-fideszt\/\" \/>\n<meta property=\"og:locale\" content=\"hu_HU\" \/>\n<meta property=\"og:type\" content=\"article\" \/>\n<meta property=\"og:title\" content=\"Hunvald is le akarja v\u00e1ltani a Fideszt - Hot News in World\" \/>\n<meta property=\"og:description\" content=\"[ad_1] Szerinte Niederm\u00fcller P\u00e9ternek kellene visszal\u00e9pnie az \u0151 jav\u00e1ra. A Klubr\u00e1di\u00f3ban a VII. ker\u00fclet egykori polg\u00e1rmestere azt mondta,\u00a0 nem sz\u00e1m\u00edt, hogy az \u0151t t\u00e1mogat\u00f3 lok\u00e1lpatri\u00f3ta szervezet val\u00f3j\u00e1ban ferencv\u00e1rosi, mert a v\u00e1laszt\u00e1sokig meglesz az erzs\u00e9betv\u00e1rosi is. Az emberek \u0151t ismerik, a Hunvald n\u00e9v m\u00e9g mindig vonz\u00f3 a ker\u00fcletben, a hiteless\u00e9g\u00e9t pedig nem tudja \u00e1tadni senkinek. Nem [&hellip;]\" \/>\n<meta property=\"og:url\" content=\"https:\/\/hotnewsinworld.com\/hu\/hunvald-is-le-akarja-valtani-a-fideszt\/\" \/>\n<meta property=\"og:site_name\" content=\"Hot News in World\" \/>\n<meta property=\"article:published_time\" content=\"2019-08-31T15:59:08+00:00\" \/>\n<meta property=\"article:modified_time\" content=\"2019-08-31T15:59:10+00:00\" \/>\n<meta property=\"og:image\" content=\"https:\/\/hotnewsinworld.com\/hu\/wp-content\/uploads\/sites\/3\/2019\/08\/Hunvald-is-le-akarja-v\u00e1ltani-a-Fideszt.jpg\" \/>\n\t<meta property=\"og:image:width\" content=\"1024\" \/>\n\t<meta property=\"og:image:height\" content=\"576\" \/>\n\t<meta property=\"og:image:type\" content=\"image\/jpeg\" \/>\n<meta name=\"author\" content=\"hotnewsinworld\" \/>\n<meta name=\"twitter:card\" content=\"summary_large_image\" \/>\n<meta name=\"twitter:label1\" content=\"Szerz\u0151:\" \/>\n\t<meta name=\"twitter:data1\" content=\"hotnewsinworld\" \/>\n\t<meta name=\"twitter:label2\" content=\"Becs\u00fclt olvas\u00e1si id\u0151\" \/>\n\t<meta name=\"twitter:data2\" content=\"2 perc\" \/>\n<script type=\"application\/ld+json\" class=\"yoast-schema-graph\">{\"@context\":\"https:\\\/\\\/schema.org\",\"@graph\":[{\"@type\":\"Article\",\"@id\":\"https:\\\/\\\/hotnewsinworld.com\\\/hu\\\/hunvald-is-le-akarja-valtani-a-fideszt\\\/#article\",\"isPartOf\":{\"@id\":\"https:\\\/\\\/hotnewsinworld.com\\\/hu\\\/hunvald-is-le-akarja-valtani-a-fideszt\\\/\"},\"author\":{\"name\":\"hotnewsinworld\",\"@id\":\"https:\\\/\\\/hotnewsinworld.com\\\/hu\\\/#\\\/schema\\\/person\\\/fe61448b21c0d59086e75fcc1f9d8f6b\"},\"headline\":\"Hunvald is le akarja v\u00e1ltani a Fideszt\",\"datePublished\":\"2019-08-31T15:59:08+00:00\",\"dateModified\":\"2019-08-31T15:59:10+00:00\",\"mainEntityOfPage\":{\"@id\":\"https:\\\/\\\/hotnewsinworld.com\\\/hu\\\/hunvald-is-le-akarja-valtani-a-fideszt\\\/\"},\"wordCount\":413,\"commentCount\":0,\"image\":{\"@id\":\"https:\\\/\\\/hotnewsinworld.com\\\/hu\\\/hunvald-is-le-akarja-valtani-a-fideszt\\\/#primaryimage\"},\"thumbnailUrl\":\"https:\\\/\\\/hotnewsinworld.com\\\/hu\\\/wp-content\\\/uploads\\\/sites\\\/3\\\/2019\\\/08\\\/Hunvald-is-le-akarja-v\u00e1ltani-a-Fideszt.jpg\",\"articleSection\":[\"LEG\u00daJABB P\u00c9NZ\u00dcGYI H\u00cdREK\"],\"inLanguage\":\"hu\",\"potentialAction\":[{\"@type\":\"CommentAction\",\"name\":\"Comment\",\"target\":[\"https:\\\/\\\/hotnewsinworld.com\\\/hu\\\/hunvald-is-le-akarja-valtani-a-fideszt\\\/#respond\"]}]},{\"@type\":\"WebPage\",\"@id\":\"https:\\\/\\\/hotnewsinworld.com\\\/hu\\\/hunvald-is-le-akarja-valtani-a-fideszt\\\/\",\"url\":\"https:\\\/\\\/hotnewsinworld.com\\\/hu\\\/hunvald-is-le-akarja-valtani-a-fideszt\\\/\",\"name\":\"Hunvald is le akarja v\u00e1ltani a Fideszt - Hot News in World\",\"isPartOf\":{\"@id\":\"https:\\\/\\\/hotnewsinworld.com\\\/hu\\\/#website\"},\"primaryImageOfPage\":{\"@id\":\"https:\\\/\\\/hotnewsinworld.com\\\/hu\\\/hunvald-is-le-akarja-valtani-a-fideszt\\\/#primaryimage\"},\"image\":{\"@id\":\"https:\\\/\\\/hotnewsinworld.com\\\/hu\\\/hunvald-is-le-akarja-valtani-a-fideszt\\\/#primaryimage\"},\"thumbnailUrl\":\"https:\\\/\\\/hotnewsinworld.com\\\/hu\\\/wp-content\\\/uploads\\\/sites\\\/3\\\/2019\\\/08\\\/Hunvald-is-le-akarja-v\u00e1ltani-a-Fideszt.jpg\",\"datePublished\":\"2019-08-31T15:59:08+00:00\",\"dateModified\":\"2019-08-31T15:59:10+00:00\",\"author\":{\"@id\":\"https:\\\/\\\/hotnewsinworld.com\\\/hu\\\/#\\\/schema\\\/person\\\/fe61448b21c0d59086e75fcc1f9d8f6b\"},\"breadcrumb\":{\"@id\":\"https:\\\/\\\/hotnewsinworld.com\\\/hu\\\/hunvald-is-le-akarja-valtani-a-fideszt\\\/#breadcrumb\"},\"inLanguage\":\"hu\",\"potentialAction\":[{\"@type\":\"ReadAction\",\"target\":[\"https:\\\/\\\/hotnewsinworld.com\\\/hu\\\/hunvald-is-le-akarja-valtani-a-fideszt\\\/\"]}]},{\"@type\":\"ImageObject\",\"inLanguage\":\"hu\",\"@id\":\"https:\\\/\\\/hotnewsinworld.com\\\/hu\\\/hunvald-is-le-akarja-valtani-a-fideszt\\\/#primaryimage\",\"url\":\"https:\\\/\\\/hotnewsinworld.com\\\/hu\\\/wp-content\\\/uploads\\\/sites\\\/3\\\/2019\\\/08\\\/Hunvald-is-le-akarja-v\u00e1ltani-a-Fideszt.jpg\",\"contentUrl\":\"https:\\\/\\\/hotnewsinworld.com\\\/hu\\\/wp-content\\\/uploads\\\/sites\\\/3\\\/2019\\\/08\\\/Hunvald-is-le-akarja-v\u00e1ltani-a-Fideszt.jpg\",\"width\":1024,\"height\":576,\"caption\":\"Hunvald is le akarja v\u00e1ltani a Fideszt\"},{\"@type\":\"BreadcrumbList\",\"@id\":\"https:\\\/\\\/hotnewsinworld.com\\\/hu\\\/hunvald-is-le-akarja-valtani-a-fideszt\\\/#breadcrumb\",\"itemListElement\":[{\"@type\":\"ListItem\",\"position\":1,\"name\":\"\u0413\u043b\u0430\u0432\u043d\u0430\u044f \u0441\u0442\u0440\u0430\u043d\u0438\u0446\u0430\",\"item\":\"https:\\\/\\\/hotnewsinworld.com\\\/hu\\\/\"},{\"@type\":\"ListItem\",\"position\":2,\"name\":\"Hunvald is le akarja v\u00e1ltani a Fideszt\"}]},{\"@type\":\"WebSite\",\"@id\":\"https:\\\/\\\/hotnewsinworld.com\\\/hu\\\/#website\",\"url\":\"https:\\\/\\\/hotnewsinworld.com\\\/hu\\\/\",\"name\":\"Hot News in World\",\"description\":\"Hot News in World from Hungary\",\"potentialAction\":[{\"@type\":\"SearchAction\",\"target\":{\"@type\":\"EntryPoint\",\"urlTemplate\":\"https:\\\/\\\/hotnewsinworld.com\\\/hu\\\/?s={search_term_string}\"},\"query-input\":{\"@type\":\"PropertyValueSpecification\",\"valueRequired\":true,\"valueName\":\"search_term_string\"}}],\"inLanguage\":\"hu\"},{\"@type\":\"Person\",\"@id\":\"https:\\\/\\\/hotnewsinworld.com\\\/hu\\\/#\\\/schema\\\/person\\\/fe61448b21c0d59086e75fcc1f9d8f6b\",\"name\":\"hotnewsinworld\",\"image\":{\"@type\":\"ImageObject\",\"inLanguage\":\"hu\",\"@id\":\"https:\\\/\\\/secure.gravatar.com\\\/avatar\\\/8a09ac165600ce2e1c38fe593c63928eb1e6e7ba5c5a907d67787c41b3d00c14?s=96&d=mm&r=g\",\"url\":\"https:\\\/\\\/secure.gravatar.com\\\/avatar\\\/8a09ac165600ce2e1c38fe593c63928eb1e6e7ba5c5a907d67787c41b3d00c14?s=96&d=mm&r=g\",\"contentUrl\":\"https:\\\/\\\/secure.gravatar.com\\\/avatar\\\/8a09ac165600ce2e1c38fe593c63928eb1e6e7ba5c5a907d67787c41b3d00c14?s=96&d=mm&r=g\",\"caption\":\"hotnewsinworld\"},\"url\":\"https:\\\/\\\/hotnewsinworld.com\\\/hu\\\/author\\\/pt\\\/\"}]}<\/script>\n<!-- \/ Yoast SEO plugin. -->","yoast_head_json":{"title":"Hunvald is le akarja v\u00e1ltani a Fideszt - Hot News in World","robots":{"index":"index","follow":"follow","max-snippet":"max-snippet:-1","max-image-preview":"max-image-preview:large","max-video-preview":"max-video-preview:-1"},"canonical":"https:\/\/hotnewsinworld.com\/hu\/hunvald-is-le-akarja-valtani-a-fideszt\/","og_locale":"hu_HU","og_type":"article","og_title":"Hunvald is le akarja v\u00e1ltani a Fideszt - Hot News in World","og_description":"[ad_1] Szerinte Niederm\u00fcller P\u00e9ternek kellene visszal\u00e9pnie az \u0151 jav\u00e1ra. A Klubr\u00e1di\u00f3ban a VII. ker\u00fclet egykori polg\u00e1rmestere azt mondta,\u00a0 nem sz\u00e1m\u00edt, hogy az \u0151t t\u00e1mogat\u00f3 lok\u00e1lpatri\u00f3ta szervezet val\u00f3j\u00e1ban ferencv\u00e1rosi, mert a v\u00e1laszt\u00e1sokig meglesz az erzs\u00e9betv\u00e1rosi is. Az emberek \u0151t ismerik, a Hunvald n\u00e9v m\u00e9g mindig vonz\u00f3 a ker\u00fcletben, a hiteless\u00e9g\u00e9t pedig nem tudja \u00e1tadni senkinek. Nem [&hellip;]","og_url":"https:\/\/hotnewsinworld.com\/hu\/hunvald-is-le-akarja-valtani-a-fideszt\/","og_site_name":"Hot News in World","article_published_time":"2019-08-31T15:59:08+00:00","article_modified_time":"2019-08-31T15:59:10+00:00","og_image":[{"width":1024,"height":576,"url":"https:\/\/hotnewsinworld.com\/hu\/wp-content\/uploads\/sites\/3\/2019\/08\/Hunvald-is-le-akarja-v\u00e1ltani-a-Fideszt.jpg","type":"image\/jpeg"}],"author":"hotnewsinworld","twitter_card":"summary_large_image","twitter_misc":{"Szerz\u0151:":"hotnewsinworld","Becs\u00fclt olvas\u00e1si id\u0151":"2 perc"},"schema":{"@context":"https:\/\/schema.org","@graph":[{"@type":"Article","@id":"https:\/\/hotnewsinworld.com\/hu\/hunvald-is-le-akarja-valtani-a-fideszt\/#article","isPartOf":{"@id":"https:\/\/hotnewsinworld.com\/hu\/hunvald-is-le-akarja-valtani-a-fideszt\/"},"author":{"name":"hotnewsinworld","@id":"https:\/\/hotnewsinworld.com\/hu\/#\/schema\/person\/fe61448b21c0d59086e75fcc1f9d8f6b"},"headline":"Hunvald is le akarja v\u00e1ltani a Fideszt","datePublished":"2019-08-31T15:59:08+00:00","dateModified":"2019-08-31T15:59:10+00:00","mainEntityOfPage":{"@id":"https:\/\/hotnewsinworld.com\/hu\/hunvald-is-le-akarja-valtani-a-fideszt\/"},"wordCount":413,"commentCount":0,"image":{"@id":"https:\/\/hotnewsinworld.com\/hu\/hunvald-is-le-akarja-valtani-a-fideszt\/#primaryimage"},"thumbnailUrl":"https:\/\/hotnewsinworld.com\/hu\/wp-content\/uploads\/sites\/3\/2019\/08\/Hunvald-is-le-akarja-v\u00e1ltani-a-Fideszt.jpg","articleSection":["LEG\u00daJABB P\u00c9NZ\u00dcGYI H\u00cdREK"],"inLanguage":"hu","potentialAction":[{"@type":"CommentAction","name":"Comment","target":["https:\/\/hotnewsinworld.com\/hu\/hunvald-is-le-akarja-valtani-a-fideszt\/#respond"]}]},{"@type":"WebPage","@id":"https:\/\/hotnewsinworld.com\/hu\/hunvald-is-le-akarja-valtani-a-fideszt\/","url":"https:\/\/hotnewsinworld.com\/hu\/hunvald-is-le-akarja-valtani-a-fideszt\/","name":"Hunvald is le akarja v\u00e1ltani a Fideszt - Hot News in World","isPartOf":{"@id":"https:\/\/hotnewsinworld.com\/hu\/#website"},"primaryImageOfPage":{"@id":"https:\/\/hotnewsinworld.com\/hu\/hunvald-is-le-akarja-valtani-a-fideszt\/#primaryimage"},"image":{"@id":"https:\/\/hotnewsinworld.com\/hu\/hunvald-is-le-akarja-valtani-a-fideszt\/#primaryimage"},"thumbnailUrl":"https:\/\/hotnewsinworld.com\/hu\/wp-content\/uploads\/sites\/3\/2019\/08\/Hunvald-is-le-akarja-v\u00e1ltani-a-Fideszt.jpg","datePublished":"2019-08-31T15:59:08+00:00","dateModified":"2019-08-31T15:59:10+00:00","author":{"@id":"https:\/\/hotnewsinworld.com\/hu\/#\/schema\/person\/fe61448b21c0d59086e75fcc1f9d8f6b"},"breadcrumb":{"@id":"https:\/\/hotnewsinworld.com\/hu\/hunvald-is-le-akarja-valtani-a-fideszt\/#breadcrumb"},"inLanguage":"hu","potentialAction":[{"@type":"ReadAction","target":["https:\/\/hotnewsinworld.com\/hu\/hunvald-is-le-akarja-valtani-a-fideszt\/"]}]},{"@type":"ImageObject","inLanguage":"hu","@id":"https:\/\/hotnewsinworld.com\/hu\/hunvald-is-le-akarja-valtani-a-fideszt\/#primaryimage","url":"https:\/\/hotnewsinworld.com\/hu\/wp-content\/uploads\/sites\/3\/2019\/08\/Hunvald-is-le-akarja-v\u00e1ltani-a-Fideszt.jpg","contentUrl":"https:\/\/hotnewsinworld.com\/hu\/wp-content\/uploads\/sites\/3\/2019\/08\/Hunvald-is-le-akarja-v\u00e1ltani-a-Fideszt.jpg","width":1024,"height":576,"caption":"Hunvald is le akarja v\u00e1ltani a Fideszt"},{"@type":"BreadcrumbList","@id":"https:\/\/hotnewsinworld.com\/hu\/hunvald-is-le-akarja-valtani-a-fideszt\/#breadcrumb","itemListElement":[{"@type":"ListItem","position":1,"name":"\u0413\u043b\u0430\u0432\u043d\u0430\u044f \u0441\u0442\u0440\u0430\u043d\u0438\u0446\u0430","item":"https:\/\/hotnewsinworld.com\/hu\/"},{"@type":"ListItem","position":2,"name":"Hunvald is le akarja v\u00e1ltani a Fideszt"}]},{"@type":"WebSite","@id":"https:\/\/hotnewsinworld.com\/hu\/#website","url":"https:\/\/hotnewsinworld.com\/hu\/","name":"Hot News in World","description":"Hot News in World from Hungary","potentialAction":[{"@type":"SearchAction","target":{"@type":"EntryPoint","urlTemplate":"https:\/\/hotnewsinworld.com\/hu\/?s={search_term_string}"},"query-input":{"@type":"PropertyValueSpecification","valueRequired":true,"valueName":"search_term_string"}}],"inLanguage":"hu"},{"@type":"Person","@id":"https:\/\/hotnewsinworld.com\/hu\/#\/schema\/person\/fe61448b21c0d59086e75fcc1f9d8f6b","name":"hotnewsinworld","image":{"@type":"ImageObject","inLanguage":"hu","@id":"https:\/\/secure.gravatar.com\/avatar\/8a09ac165600ce2e1c38fe593c63928eb1e6e7ba5c5a907d67787c41b3d00c14?s=96&d=mm&r=g","url":"https:\/\/secure.gravatar.com\/avatar\/8a09ac165600ce2e1c38fe593c63928eb1e6e7ba5c5a907d67787c41b3d00c14?s=96&d=mm&r=g","contentUrl":"https:\/\/secure.gravatar.com\/avatar\/8a09ac165600ce2e1c38fe593c63928eb1e6e7ba5c5a907d67787c41b3d00c14?s=96&d=mm&r=g","caption":"hotnewsinworld"},"url":"https:\/\/hotnewsinworld.com\/hu\/author\/pt\/"}]}},"_links":{"self":[{"href":"https:\/\/hotnewsinworld.com\/hu\/wp-json\/wp\/v2\/posts\/1443","targetHints":{"allow":["GET"]}}],"collection":[{"href":"https:\/\/hotnewsinworld.com\/hu\/wp-json\/wp\/v2\/posts"}],"about":[{"href":"https:\/\/hotnewsinworld.com\/hu\/wp-json\/wp\/v2\/types\/post"}],"author":[{"embeddable":true,"href":"https:\/\/hotnewsinworld.com\/hu\/wp-json\/wp\/v2\/users\/2"}],"replies":[{"embeddable":true,"href":"https:\/\/hotnewsinworld.com\/hu\/wp-json\/wp\/v2\/comments?post=1443"}],"version-history":[{"count":1,"href":"https:\/\/hotnewsinworld.com\/hu\/wp-json\/wp\/v2\/posts\/1443\/revisions"}],"predecessor-version":[{"id":1445,"href":"https:\/\/hotnewsinworld.com\/hu\/wp-json\/wp\/v2\/posts\/1443\/revisions\/1445"}],"wp:featuredmedia":[{"embeddable":true,"href":"https:\/\/hotnewsinworld.com\/hu\/wp-json\/wp\/v2\/media\/1444"}],"wp:attachment":[{"href":"https:\/\/hotnewsinworld.com\/hu\/wp-json\/wp\/v2\/media?parent=1443"}],"wp:term":[{"taxonomy":"category","embeddable":true,"href":"https:\/\/hotnewsinworld.com\/hu\/wp-json\/wp\/v2\/categories?post=1443"},{"taxonomy":"post_tag","embeddable":true,"href":"https:\/\/hotnewsinworld.com\/hu\/wp-json\/wp\/v2\/tags?post=1443"}],"curies":[{"name":"wp","href":"https:\/\/api.w.org\/{rel}","templated":true}]}}