{"id":1446,"date":"2019-08-31T20:18:07","date_gmt":"2019-08-31T17:18:07","guid":{"rendered":"https:\/\/hotnewsinworld.com\/hu\/szegeny-legeny-vagyok-en-a-keletinel-tartott-performanszt-a-pedagogusok-szakszervezete\/"},"modified":"2019-09-16T17:03:02","modified_gmt":"2019-09-16T14:03:02","slug":"szegeny-legeny-vagyok-en-a-keletinel-tartott-performanszt-a-pedagogusok-szakszervezete","status":"publish","type":"post","link":"https:\/\/hotnewsinworld.com\/hu\/szegeny-legeny-vagyok-en-a-keletinel-tartott-performanszt-a-pedagogusok-szakszervezete\/","title":{"rendered":"&#8222;Szeg\u00e9ny leg\u00e9ny vagyok \u00e9n&#8221; &#8211; a Keletin\u00e9l tartott performanszt a Pedag\u00f3gusok Szakszervezete"},"content":{"rendered":"<p>[ad_1]<\/p>\n<div>\n<p>Performanszt tartott a Pedag\u00f3gusok Szakszervezete (PSZ) szombat d\u00e9lut\u00e1n a Keleti p\u00e1lyaudvarn\u00e1l \u2013 a szakszervezet eln\u00f6ke azt mondta, ha a korm\u00e1ny r\u00f6vid id\u0151n bel\u00fcl nem rendezi az oktat\u00e1sban jelen l\u00e9v\u0151 probl\u00e9m\u00e1kat, n\u00e9h\u00e1ny \u00e9ven bel\u00fcl nemhogy szaktan\u00e1r, olyan pedag\u00f3gus sem lesz, aki fel\u00fcgyeletet biztos\u00edtana a tantermekben,\u2026<\/p>\n<p><a href=\"https:\/\/hirek.oldal.info\/rssclick\/14359249\">Source link <\/a><\/p>\n<\/div>\n","protected":false},"excerpt":{"rendered":"<p>[ad_1] Performanszt tartott a Pedag\u00f3gusok Szakszervezete (PSZ) szombat d\u00e9lut\u00e1n a Keleti p\u00e1lyaudvarn\u00e1l \u2013 a szakszervezet eln\u00f6ke azt mondta, ha a korm\u00e1ny r\u00f6vid id\u0151n bel\u00fcl nem rendezi az oktat\u00e1sban jelen l\u00e9v\u0151 probl\u00e9m\u00e1kat, n\u00e9h\u00e1ny \u00e9ven bel\u00fcl nemhogy szaktan\u00e1r, olyan pedag\u00f3gus sem lesz, aki fel\u00fcgyeletet biztos\u00edtana a tantermekben,\u2026 Source link<\/p>\n","protected":false},"author":2,"featured_media":1447,"comment_status":"open","ping_status":"open","sticky":false,"template":"","format":"standard","meta":{"footnotes":""},"categories":[1],"tags":[],"class_list":["post-1446","post","type-post","status-publish","format-standard","has-post-thumbnail","hentry","category-legujabb-penzugyi-hirek"],"yoast_head":"<!-- This site is optimized with the Yoast SEO plugin v27.4 - https:\/\/yoast.com\/product\/yoast-seo-wordpress\/ -->\n<title>&quot;Szeg\u00e9ny leg\u00e9ny vagyok \u00e9n&quot; - a Keletin\u00e9l tartott performanszt a Pedag\u00f3gusok Szakszervezete - Hot News in World<\/title>\n<meta name=\"robots\" content=\"index, follow, max-snippet:-1, max-image-preview:large, max-video-preview:-1\" \/>\n<link rel=\"canonical\" href=\"https:\/\/hotnewsinworld.com\/hu\/szegeny-legeny-vagyok-en-a-keletinel-tartott-performanszt-a-pedagogusok-szakszervezete\/\" \/>\n<meta property=\"og:locale\" content=\"hu_HU\" \/>\n<meta property=\"og:type\" content=\"article\" \/>\n<meta property=\"og:title\" content=\"&quot;Szeg\u00e9ny leg\u00e9ny vagyok \u00e9n&quot; - a Keletin\u00e9l tartott performanszt a Pedag\u00f3gusok Szakszervezete - Hot News in World\" \/>\n<meta property=\"og:description\" content=\"[ad_1] Performanszt tartott a Pedag\u00f3gusok Szakszervezete (PSZ) szombat d\u00e9lut\u00e1n a Keleti p\u00e1lyaudvarn\u00e1l \u2013 a szakszervezet eln\u00f6ke azt mondta, ha a korm\u00e1ny r\u00f6vid id\u0151n bel\u00fcl nem rendezi az oktat\u00e1sban jelen l\u00e9v\u0151 probl\u00e9m\u00e1kat, n\u00e9h\u00e1ny \u00e9ven bel\u00fcl nemhogy szaktan\u00e1r, olyan pedag\u00f3gus sem lesz, aki fel\u00fcgyeletet biztos\u00edtana a tantermekben,\u2026 Source link\" \/>\n<meta property=\"og:url\" content=\"https:\/\/hotnewsinworld.com\/hu\/szegeny-legeny-vagyok-en-a-keletinel-tartott-performanszt-a-pedagogusok-szakszervezete\/\" \/>\n<meta property=\"og:site_name\" content=\"Hot News in World\" \/>\n<meta property=\"article:published_time\" content=\"2019-08-31T17:18:07+00:00\" \/>\n<meta property=\"article:modified_time\" content=\"2019-09-16T14:03:02+00:00\" \/>\n<meta property=\"og:image\" content=\"https:\/\/hotnewsinworld.com\/hu\/wp-content\/uploads\/sites\/3\/2019\/08\/Szeg\u00e9ny-leg\u00e9ny-vagyok-\u00e9n-a-Keletin\u00e9l-tartott-performanszt-a.jpg\" \/>\n\t<meta property=\"og:image:width\" content=\"600\" \/>\n\t<meta property=\"og:image:height\" content=\"315\" \/>\n\t<meta property=\"og:image:type\" content=\"image\/jpeg\" \/>\n<meta name=\"author\" content=\"hotnewsinworld\" \/>\n<meta name=\"twitter:card\" content=\"summary_large_image\" \/>\n<meta name=\"twitter:label1\" content=\"Szerz\u0151:\" \/>\n\t<meta name=\"twitter:data1\" content=\"hotnewsinworld\" \/>\n<script type=\"application\/ld+json\" class=\"yoast-schema-graph\">{\"@context\":\"https:\\\/\\\/schema.org\",\"@graph\":[{\"@type\":\"Article\",\"@id\":\"https:\\\/\\\/hotnewsinworld.com\\\/hu\\\/szegeny-legeny-vagyok-en-a-keletinel-tartott-performanszt-a-pedagogusok-szakszervezete\\\/#article\",\"isPartOf\":{\"@id\":\"https:\\\/\\\/hotnewsinworld.com\\\/hu\\\/szegeny-legeny-vagyok-en-a-keletinel-tartott-performanszt-a-pedagogusok-szakszervezete\\\/\"},\"author\":{\"name\":\"hotnewsinworld\",\"@id\":\"https:\\\/\\\/hotnewsinworld.com\\\/hu\\\/#\\\/schema\\\/person\\\/fe61448b21c0d59086e75fcc1f9d8f6b\"},\"headline\":\"&#8222;Szeg\u00e9ny leg\u00e9ny vagyok \u00e9n&#8221; &#8211; a Keletin\u00e9l tartott performanszt a Pedag\u00f3gusok Szakszervezete\",\"datePublished\":\"2019-08-31T17:18:07+00:00\",\"dateModified\":\"2019-09-16T14:03:02+00:00\",\"mainEntityOfPage\":{\"@id\":\"https:\\\/\\\/hotnewsinworld.com\\\/hu\\\/szegeny-legeny-vagyok-en-a-keletinel-tartott-performanszt-a-pedagogusok-szakszervezete\\\/\"},\"wordCount\":83,\"commentCount\":0,\"image\":{\"@id\":\"https:\\\/\\\/hotnewsinworld.com\\\/hu\\\/szegeny-legeny-vagyok-en-a-keletinel-tartott-performanszt-a-pedagogusok-szakszervezete\\\/#primaryimage\"},\"thumbnailUrl\":\"https:\\\/\\\/hotnewsinworld.com\\\/hu\\\/wp-content\\\/uploads\\\/sites\\\/3\\\/2019\\\/08\\\/Szeg\u00e9ny-leg\u00e9ny-vagyok-\u00e9n-a-Keletin\u00e9l-tartott-performanszt-a.jpg\",\"articleSection\":[\"LEG\u00daJABB P\u00c9NZ\u00dcGYI H\u00cdREK\"],\"inLanguage\":\"hu\",\"potentialAction\":[{\"@type\":\"CommentAction\",\"name\":\"Comment\",\"target\":[\"https:\\\/\\\/hotnewsinworld.com\\\/hu\\\/szegeny-legeny-vagyok-en-a-keletinel-tartott-performanszt-a-pedagogusok-szakszervezete\\\/#respond\"]}]},{\"@type\":\"WebPage\",\"@id\":\"https:\\\/\\\/hotnewsinworld.com\\\/hu\\\/szegeny-legeny-vagyok-en-a-keletinel-tartott-performanszt-a-pedagogusok-szakszervezete\\\/\",\"url\":\"https:\\\/\\\/hotnewsinworld.com\\\/hu\\\/szegeny-legeny-vagyok-en-a-keletinel-tartott-performanszt-a-pedagogusok-szakszervezete\\\/\",\"name\":\"\\\"Szeg\u00e9ny leg\u00e9ny vagyok \u00e9n\\\" - a Keletin\u00e9l tartott performanszt a Pedag\u00f3gusok Szakszervezete - Hot News in World\",\"isPartOf\":{\"@id\":\"https:\\\/\\\/hotnewsinworld.com\\\/hu\\\/#website\"},\"primaryImageOfPage\":{\"@id\":\"https:\\\/\\\/hotnewsinworld.com\\\/hu\\\/szegeny-legeny-vagyok-en-a-keletinel-tartott-performanszt-a-pedagogusok-szakszervezete\\\/#primaryimage\"},\"image\":{\"@id\":\"https:\\\/\\\/hotnewsinworld.com\\\/hu\\\/szegeny-legeny-vagyok-en-a-keletinel-tartott-performanszt-a-pedagogusok-szakszervezete\\\/#primaryimage\"},\"thumbnailUrl\":\"https:\\\/\\\/hotnewsinworld.com\\\/hu\\\/wp-content\\\/uploads\\\/sites\\\/3\\\/2019\\\/08\\\/Szeg\u00e9ny-leg\u00e9ny-vagyok-\u00e9n-a-Keletin\u00e9l-tartott-performanszt-a.jpg\",\"datePublished\":\"2019-08-31T17:18:07+00:00\",\"dateModified\":\"2019-09-16T14:03:02+00:00\",\"author\":{\"@id\":\"https:\\\/\\\/hotnewsinworld.com\\\/hu\\\/#\\\/schema\\\/person\\\/fe61448b21c0d59086e75fcc1f9d8f6b\"},\"breadcrumb\":{\"@id\":\"https:\\\/\\\/hotnewsinworld.com\\\/hu\\\/szegeny-legeny-vagyok-en-a-keletinel-tartott-performanszt-a-pedagogusok-szakszervezete\\\/#breadcrumb\"},\"inLanguage\":\"hu\",\"potentialAction\":[{\"@type\":\"ReadAction\",\"target\":[\"https:\\\/\\\/hotnewsinworld.com\\\/hu\\\/szegeny-legeny-vagyok-en-a-keletinel-tartott-performanszt-a-pedagogusok-szakszervezete\\\/\"]}]},{\"@type\":\"ImageObject\",\"inLanguage\":\"hu\",\"@id\":\"https:\\\/\\\/hotnewsinworld.com\\\/hu\\\/szegeny-legeny-vagyok-en-a-keletinel-tartott-performanszt-a-pedagogusok-szakszervezete\\\/#primaryimage\",\"url\":\"https:\\\/\\\/hotnewsinworld.com\\\/hu\\\/wp-content\\\/uploads\\\/sites\\\/3\\\/2019\\\/08\\\/Szeg\u00e9ny-leg\u00e9ny-vagyok-\u00e9n-a-Keletin\u00e9l-tartott-performanszt-a.jpg\",\"contentUrl\":\"https:\\\/\\\/hotnewsinworld.com\\\/hu\\\/wp-content\\\/uploads\\\/sites\\\/3\\\/2019\\\/08\\\/Szeg\u00e9ny-leg\u00e9ny-vagyok-\u00e9n-a-Keletin\u00e9l-tartott-performanszt-a.jpg\",\"width\":600,\"height\":315,\"caption\":\"\\\"Szeg\u00e9ny leg\u00e9ny vagyok \u00e9n\\\" - a Keletin\u00e9l tartott performanszt a Pedag\u00f3gusok Szakszervezete\"},{\"@type\":\"BreadcrumbList\",\"@id\":\"https:\\\/\\\/hotnewsinworld.com\\\/hu\\\/szegeny-legeny-vagyok-en-a-keletinel-tartott-performanszt-a-pedagogusok-szakszervezete\\\/#breadcrumb\",\"itemListElement\":[{\"@type\":\"ListItem\",\"position\":1,\"name\":\"\u0413\u043b\u0430\u0432\u043d\u0430\u044f \u0441\u0442\u0440\u0430\u043d\u0438\u0446\u0430\",\"item\":\"https:\\\/\\\/hotnewsinworld.com\\\/hu\\\/\"},{\"@type\":\"ListItem\",\"position\":2,\"name\":\"&#8220;Szeg\u00e9ny leg\u00e9ny vagyok \u00e9n&#8221; &#8211; a Keletin\u00e9l tartott performanszt a Pedag\u00f3gusok Szakszervezete\"}]},{\"@type\":\"WebSite\",\"@id\":\"https:\\\/\\\/hotnewsinworld.com\\\/hu\\\/#website\",\"url\":\"https:\\\/\\\/hotnewsinworld.com\\\/hu\\\/\",\"name\":\"Hot News in World\",\"description\":\"Hot News in World from Hungary\",\"potentialAction\":[{\"@type\":\"SearchAction\",\"target\":{\"@type\":\"EntryPoint\",\"urlTemplate\":\"https:\\\/\\\/hotnewsinworld.com\\\/hu\\\/?s={search_term_string}\"},\"query-input\":{\"@type\":\"PropertyValueSpecification\",\"valueRequired\":true,\"valueName\":\"search_term_string\"}}],\"inLanguage\":\"hu\"},{\"@type\":\"Person\",\"@id\":\"https:\\\/\\\/hotnewsinworld.com\\\/hu\\\/#\\\/schema\\\/person\\\/fe61448b21c0d59086e75fcc1f9d8f6b\",\"name\":\"hotnewsinworld\",\"image\":{\"@type\":\"ImageObject\",\"inLanguage\":\"hu\",\"@id\":\"https:\\\/\\\/secure.gravatar.com\\\/avatar\\\/8a09ac165600ce2e1c38fe593c63928eb1e6e7ba5c5a907d67787c41b3d00c14?s=96&d=mm&r=g\",\"url\":\"https:\\\/\\\/secure.gravatar.com\\\/avatar\\\/8a09ac165600ce2e1c38fe593c63928eb1e6e7ba5c5a907d67787c41b3d00c14?s=96&d=mm&r=g\",\"contentUrl\":\"https:\\\/\\\/secure.gravatar.com\\\/avatar\\\/8a09ac165600ce2e1c38fe593c63928eb1e6e7ba5c5a907d67787c41b3d00c14?s=96&d=mm&r=g\",\"caption\":\"hotnewsinworld\"},\"url\":\"https:\\\/\\\/hotnewsinworld.com\\\/hu\\\/author\\\/pt\\\/\"}]}<\/script>\n<!-- \/ Yoast SEO plugin. -->","yoast_head_json":{"title":"\"Szeg\u00e9ny leg\u00e9ny vagyok \u00e9n\" - a Keletin\u00e9l tartott performanszt a Pedag\u00f3gusok Szakszervezete - Hot News in World","robots":{"index":"index","follow":"follow","max-snippet":"max-snippet:-1","max-image-preview":"max-image-preview:large","max-video-preview":"max-video-preview:-1"},"canonical":"https:\/\/hotnewsinworld.com\/hu\/szegeny-legeny-vagyok-en-a-keletinel-tartott-performanszt-a-pedagogusok-szakszervezete\/","og_locale":"hu_HU","og_type":"article","og_title":"\"Szeg\u00e9ny leg\u00e9ny vagyok \u00e9n\" - a Keletin\u00e9l tartott performanszt a Pedag\u00f3gusok Szakszervezete - Hot News in World","og_description":"[ad_1] Performanszt tartott a Pedag\u00f3gusok Szakszervezete (PSZ) szombat d\u00e9lut\u00e1n a Keleti p\u00e1lyaudvarn\u00e1l \u2013 a szakszervezet eln\u00f6ke azt mondta, ha a korm\u00e1ny r\u00f6vid id\u0151n bel\u00fcl nem rendezi az oktat\u00e1sban jelen l\u00e9v\u0151 probl\u00e9m\u00e1kat, n\u00e9h\u00e1ny \u00e9ven bel\u00fcl nemhogy szaktan\u00e1r, olyan pedag\u00f3gus sem lesz, aki fel\u00fcgyeletet biztos\u00edtana a tantermekben,\u2026 Source link","og_url":"https:\/\/hotnewsinworld.com\/hu\/szegeny-legeny-vagyok-en-a-keletinel-tartott-performanszt-a-pedagogusok-szakszervezete\/","og_site_name":"Hot News in World","article_published_time":"2019-08-31T17:18:07+00:00","article_modified_time":"2019-09-16T14:03:02+00:00","og_image":[{"width":600,"height":315,"url":"https:\/\/hotnewsinworld.com\/hu\/wp-content\/uploads\/sites\/3\/2019\/08\/Szeg\u00e9ny-leg\u00e9ny-vagyok-\u00e9n-a-Keletin\u00e9l-tartott-performanszt-a.jpg","type":"image\/jpeg"}],"author":"hotnewsinworld","twitter_card":"summary_large_image","twitter_misc":{"Szerz\u0151:":"hotnewsinworld"},"schema":{"@context":"https:\/\/schema.org","@graph":[{"@type":"Article","@id":"https:\/\/hotnewsinworld.com\/hu\/szegeny-legeny-vagyok-en-a-keletinel-tartott-performanszt-a-pedagogusok-szakszervezete\/#article","isPartOf":{"@id":"https:\/\/hotnewsinworld.com\/hu\/szegeny-legeny-vagyok-en-a-keletinel-tartott-performanszt-a-pedagogusok-szakszervezete\/"},"author":{"name":"hotnewsinworld","@id":"https:\/\/hotnewsinworld.com\/hu\/#\/schema\/person\/fe61448b21c0d59086e75fcc1f9d8f6b"},"headline":"&#8222;Szeg\u00e9ny leg\u00e9ny vagyok \u00e9n&#8221; &#8211; a Keletin\u00e9l tartott performanszt a Pedag\u00f3gusok Szakszervezete","datePublished":"2019-08-31T17:18:07+00:00","dateModified":"2019-09-16T14:03:02+00:00","mainEntityOfPage":{"@id":"https:\/\/hotnewsinworld.com\/hu\/szegeny-legeny-vagyok-en-a-keletinel-tartott-performanszt-a-pedagogusok-szakszervezete\/"},"wordCount":83,"commentCount":0,"image":{"@id":"https:\/\/hotnewsinworld.com\/hu\/szegeny-legeny-vagyok-en-a-keletinel-tartott-performanszt-a-pedagogusok-szakszervezete\/#primaryimage"},"thumbnailUrl":"https:\/\/hotnewsinworld.com\/hu\/wp-content\/uploads\/sites\/3\/2019\/08\/Szeg\u00e9ny-leg\u00e9ny-vagyok-\u00e9n-a-Keletin\u00e9l-tartott-performanszt-a.jpg","articleSection":["LEG\u00daJABB P\u00c9NZ\u00dcGYI H\u00cdREK"],"inLanguage":"hu","potentialAction":[{"@type":"CommentAction","name":"Comment","target":["https:\/\/hotnewsinworld.com\/hu\/szegeny-legeny-vagyok-en-a-keletinel-tartott-performanszt-a-pedagogusok-szakszervezete\/#respond"]}]},{"@type":"WebPage","@id":"https:\/\/hotnewsinworld.com\/hu\/szegeny-legeny-vagyok-en-a-keletinel-tartott-performanszt-a-pedagogusok-szakszervezete\/","url":"https:\/\/hotnewsinworld.com\/hu\/szegeny-legeny-vagyok-en-a-keletinel-tartott-performanszt-a-pedagogusok-szakszervezete\/","name":"\"Szeg\u00e9ny leg\u00e9ny vagyok \u00e9n\" - a Keletin\u00e9l tartott performanszt a Pedag\u00f3gusok Szakszervezete - Hot News in World","isPartOf":{"@id":"https:\/\/hotnewsinworld.com\/hu\/#website"},"primaryImageOfPage":{"@id":"https:\/\/hotnewsinworld.com\/hu\/szegeny-legeny-vagyok-en-a-keletinel-tartott-performanszt-a-pedagogusok-szakszervezete\/#primaryimage"},"image":{"@id":"https:\/\/hotnewsinworld.com\/hu\/szegeny-legeny-vagyok-en-a-keletinel-tartott-performanszt-a-pedagogusok-szakszervezete\/#primaryimage"},"thumbnailUrl":"https:\/\/hotnewsinworld.com\/hu\/wp-content\/uploads\/sites\/3\/2019\/08\/Szeg\u00e9ny-leg\u00e9ny-vagyok-\u00e9n-a-Keletin\u00e9l-tartott-performanszt-a.jpg","datePublished":"2019-08-31T17:18:07+00:00","dateModified":"2019-09-16T14:03:02+00:00","author":{"@id":"https:\/\/hotnewsinworld.com\/hu\/#\/schema\/person\/fe61448b21c0d59086e75fcc1f9d8f6b"},"breadcrumb":{"@id":"https:\/\/hotnewsinworld.com\/hu\/szegeny-legeny-vagyok-en-a-keletinel-tartott-performanszt-a-pedagogusok-szakszervezete\/#breadcrumb"},"inLanguage":"hu","potentialAction":[{"@type":"ReadAction","target":["https:\/\/hotnewsinworld.com\/hu\/szegeny-legeny-vagyok-en-a-keletinel-tartott-performanszt-a-pedagogusok-szakszervezete\/"]}]},{"@type":"ImageObject","inLanguage":"hu","@id":"https:\/\/hotnewsinworld.com\/hu\/szegeny-legeny-vagyok-en-a-keletinel-tartott-performanszt-a-pedagogusok-szakszervezete\/#primaryimage","url":"https:\/\/hotnewsinworld.com\/hu\/wp-content\/uploads\/sites\/3\/2019\/08\/Szeg\u00e9ny-leg\u00e9ny-vagyok-\u00e9n-a-Keletin\u00e9l-tartott-performanszt-a.jpg","contentUrl":"https:\/\/hotnewsinworld.com\/hu\/wp-content\/uploads\/sites\/3\/2019\/08\/Szeg\u00e9ny-leg\u00e9ny-vagyok-\u00e9n-a-Keletin\u00e9l-tartott-performanszt-a.jpg","width":600,"height":315,"caption":"\"Szeg\u00e9ny leg\u00e9ny vagyok \u00e9n\" - a Keletin\u00e9l tartott performanszt a Pedag\u00f3gusok Szakszervezete"},{"@type":"BreadcrumbList","@id":"https:\/\/hotnewsinworld.com\/hu\/szegeny-legeny-vagyok-en-a-keletinel-tartott-performanszt-a-pedagogusok-szakszervezete\/#breadcrumb","itemListElement":[{"@type":"ListItem","position":1,"name":"\u0413\u043b\u0430\u0432\u043d\u0430\u044f \u0441\u0442\u0440\u0430\u043d\u0438\u0446\u0430","item":"https:\/\/hotnewsinworld.com\/hu\/"},{"@type":"ListItem","position":2,"name":"&#8220;Szeg\u00e9ny leg\u00e9ny vagyok \u00e9n&#8221; &#8211; a Keletin\u00e9l tartott performanszt a Pedag\u00f3gusok Szakszervezete"}]},{"@type":"WebSite","@id":"https:\/\/hotnewsinworld.com\/hu\/#website","url":"https:\/\/hotnewsinworld.com\/hu\/","name":"Hot News in World","description":"Hot News in World from Hungary","potentialAction":[{"@type":"SearchAction","target":{"@type":"EntryPoint","urlTemplate":"https:\/\/hotnewsinworld.com\/hu\/?s={search_term_string}"},"query-input":{"@type":"PropertyValueSpecification","valueRequired":true,"valueName":"search_term_string"}}],"inLanguage":"hu"},{"@type":"Person","@id":"https:\/\/hotnewsinworld.com\/hu\/#\/schema\/person\/fe61448b21c0d59086e75fcc1f9d8f6b","name":"hotnewsinworld","image":{"@type":"ImageObject","inLanguage":"hu","@id":"https:\/\/secure.gravatar.com\/avatar\/8a09ac165600ce2e1c38fe593c63928eb1e6e7ba5c5a907d67787c41b3d00c14?s=96&d=mm&r=g","url":"https:\/\/secure.gravatar.com\/avatar\/8a09ac165600ce2e1c38fe593c63928eb1e6e7ba5c5a907d67787c41b3d00c14?s=96&d=mm&r=g","contentUrl":"https:\/\/secure.gravatar.com\/avatar\/8a09ac165600ce2e1c38fe593c63928eb1e6e7ba5c5a907d67787c41b3d00c14?s=96&d=mm&r=g","caption":"hotnewsinworld"},"url":"https:\/\/hotnewsinworld.com\/hu\/author\/pt\/"}]}},"_links":{"self":[{"href":"https:\/\/hotnewsinworld.com\/hu\/wp-json\/wp\/v2\/posts\/1446","targetHints":{"allow":["GET"]}}],"collection":[{"href":"https:\/\/hotnewsinworld.com\/hu\/wp-json\/wp\/v2\/posts"}],"about":[{"href":"https:\/\/hotnewsinworld.com\/hu\/wp-json\/wp\/v2\/types\/post"}],"author":[{"embeddable":true,"href":"https:\/\/hotnewsinworld.com\/hu\/wp-json\/wp\/v2\/users\/2"}],"replies":[{"embeddable":true,"href":"https:\/\/hotnewsinworld.com\/hu\/wp-json\/wp\/v2\/comments?post=1446"}],"version-history":[{"count":2,"href":"https:\/\/hotnewsinworld.com\/hu\/wp-json\/wp\/v2\/posts\/1446\/revisions"}],"predecessor-version":[{"id":2154,"href":"https:\/\/hotnewsinworld.com\/hu\/wp-json\/wp\/v2\/posts\/1446\/revisions\/2154"}],"wp:featuredmedia":[{"embeddable":true,"href":"https:\/\/hotnewsinworld.com\/hu\/wp-json\/wp\/v2\/media\/1447"}],"wp:attachment":[{"href":"https:\/\/hotnewsinworld.com\/hu\/wp-json\/wp\/v2\/media?parent=1446"}],"wp:term":[{"taxonomy":"category","embeddable":true,"href":"https:\/\/hotnewsinworld.com\/hu\/wp-json\/wp\/v2\/categories?post=1446"},{"taxonomy":"post_tag","embeddable":true,"href":"https:\/\/hotnewsinworld.com\/hu\/wp-json\/wp\/v2\/tags?post=1446"}],"curies":[{"name":"wp","href":"https:\/\/api.w.org\/{rel}","templated":true}]}}