{"id":1449,"date":"2019-08-31T21:49:38","date_gmt":"2019-08-31T18:49:38","guid":{"rendered":"https:\/\/hotnewsinworld.com\/hu\/nepszava-budapest-nem-lesz-felcsut-also-karacsony-hivatalosan-is-elinditotta-kampanyat\/"},"modified":"2019-08-31T21:49:39","modified_gmt":"2019-08-31T18:49:39","slug":"nepszava-budapest-nem-lesz-felcsut-also-karacsony-hivatalosan-is-elinditotta-kampanyat","status":"publish","type":"post","link":"https:\/\/hotnewsinworld.com\/hu\/nepszava-budapest-nem-lesz-felcsut-also-karacsony-hivatalosan-is-elinditotta-kampanyat\/","title":{"rendered":"N\u00e9pszava Budapest \u201enem lesz Felcs\u00fat-als\u00f3\u201d\u2013 Kar\u00e1csony hivatalosan is elind\u00edtotta kamp\u00e1ny\u00e1t"},"content":{"rendered":"<p> [ad_1]<br \/>\n<\/p>\n<div id=\"\">\n<p>\u201eArr\u00f3l szeretn\u00e9k besz\u00e9lni 25 \u00e9v m\u00falva az unok\u00e1mmal, hogy ezt a v\u00e1rost veletek k\u00f6z\u00f6sen megcsin\u00e1ltuk, ez a v\u00e1ros z\u00f6ld \u00e9s szabad\u201d \u2013 \u00fczente a f\u0151polg\u00e1rmester-jel\u00f6lt.<\/p>\n<p>\u201eAkkor ugye nem lesz\u00fcnk Felcs\u00fat-als\u00f3, \u00e9s Felcs\u00fat-fels\u0151, \u00e9s b\u00e1rmilyen Felcs\u00fat?\u201d \u2013 tette fel a k\u00e9rd\u00e9st <b>Kar\u00e1csony Gergely<\/b> a szombaton, a Szabads\u00e1g t\u00e9ren tartott kamp\u00e1nynyit\u00f3 rendezv\u00e9ny\u00e9n.<\/p>\n<p>A baloldal k\u00f6z\u00f6s f\u0151polg\u00e1rmester-jel\u00f6ltje \u00fagy folytatta: nem t\u00f6rv\u00e9nyszer\u0171, nem volt meg\u00edrva a sors\u00e1ban, hogy pont itt fog besz\u00e9lni Budapest j\u00f6v\u0151j\u00e9r\u0151l a budapestiekkel. \u201e\u00c9n nem belesz\u00fclettem ebbe a v\u00e1rosba, de beleszerettem alaposan\u201d \u2013 fogalmazott.<\/p>\n<p>Kar\u00e1csony kiemelte: t\u00f6bb mint h\u00fasz \u00e9ve \u201eegy\u00fctt \u00f6regszik\u201d a v\u00e1rossal, itt kapott es\u00e9lyt a tanul\u00e1sra, itt er\u0151s\u00f6dtek meg az elvei \u00e9s a hite abban, hogy olyan orsz\u00e1got, olyan v\u00e1rost szeretne, ahol az emberek b\u00e9k\u00e9ben \u00e9lnek egym\u00e1ssal.<\/p>\n<div class=\"qfrom\"><q>\u201eAz\u00e9rt vagyok itt, hogy ebb\u0151l a sok mindenb\u0151l, amit ett\u0151l a v\u00e1rost\u00f3l kaptam, valamit visszaadjak Budapestnek \u00e9s a budapestieknek. AZ\u00e9rt vagyok itt, hogy k\u00f6z\u00f6sen teremts\u00fcnk egy \u00e9l\u0151 \u00e9s \u00e9lhet\u0151 v\u00e1rost magunknak\u201d<\/q><\/p>\n<p>\u2013 tette hozz\u00e1.<\/p>\n<\/div>\n<p>A P\u00e1rbesz\u00e9d t\u00e1rseln\u00f6ke kiemelte:\u00a0van valami v\u00e9gtelen\u00fcl szomor\u00fa abban, hogy 30 \u00e9vvel a rendszerv\u00e1lt\u00e1s ut\u00e1n a Szabads\u00e1g t\u00e9ren \u00fajra a szabads\u00e1gr\u00f3l kell besz\u00e9lni.<\/p>\n<div class=\"qfrom\"><q>\u201eAz a szabad eur\u00f3pai Magyarorsz\u00e1g \u00e9s az a szabad Budapest, amit mindannyian meg\u00e1lmodtunk, m\u00e1r csak nyomokban van jelen az \u00e9let\u00fcnkben. Mint egy betiltott igazs\u00e1got, \u0151rizz\u00fck magunknak\u201d<\/q><\/p>\n<p>\u2013 mondta Kar\u00e1csony.<\/p>\n<\/div>\n<p>Felid\u00e9zte: volt m\u00e1r olyan a t\u00f6rt\u00e9nelemben, hogy egy v\u00e1ros v\u00e1lt a szabads\u00e1g szimb\u00f3lum\u00e1v\u00e1. Ez a gondolat ma \u00fajra ismer\u0151s lehet nek\u00fcnk.<\/p>\n<p>\u00dagy folytatta, \u0151 is egy budapesti, aki egyszerre magyar \u00e9s eur\u00f3pai, ragaszkodik a szabads\u00e1g\u00e1hoz. Ragaszkodik a V\u00e1rosliget z\u00f6ldj\u00e9hez \u00e9s a R\u00f3mai-parti f\u00e1khoz, a Dun\u00e1hoz. Ahhoz, hogy a v\u00e1rosi szeg\u00e9nyeket nem b\u00fcntetni kell, hanem megseg\u00edteni, \u00e9s hogy ne a hatalom mondhassa meg, mit j\u00e1tszhatnak este a sz\u00ednh\u00e1zakban, vagy ki lehet a rendez\u0151. Nem fogadja el, hogy ebben a v\u00e1rosban minden beruh\u00e1z\u00e1s, fel\u00faj\u00edt\u00e1s csak sil\u00e1ny min\u0151s\u00e9g\u0171 lehet, hogy minden dr\u00e1ga, \u00e9s ezeken csak a kevesek gazdagodnak a sokak k\u00e1r\u00e1ra \u2013 sorolta.<\/p>\n<div class=\"qfrom\"><q>\u201e\u00c9n is egy vagyok k\u00f6z\u00fcletek, akiknek Budapest a b\u0171v\u00f6s v\u00e1ros, az a v\u00e1ros amir\u0151l pontosan tudjuk, hogy sokkal er\u0151sebb \u00e9s sokkal konokabb, mint ahogy azt Orb\u00e1n Viktor \u00e9s Tarl\u00f3s Istv\u00e1n elk\u00e9pzelte\u201d<\/q><\/p>\n<p>\u2013 fogalmazott.<\/p>\n<\/div>\n<p>Kar\u00e1csony azt mondta, \u201e42 nap van m\u00e9g a Fidesz budapesti uralm\u00e1b\u00f3l\u201d, \u00e9s nem csak rem\u00e9ny, de j\u00f3kora es\u00e9ly is van a v\u00e1ros megv\u00e1ltoztat\u00e1s\u00e1ra. A kiv\u00e1lts\u00e1gok kevesek tov\u00e1bbi gazdagod\u00e1sa, vagy a budapestiek jobb \u00e9lete \u2013 ez a t\u00e9t \u2013 \u00fczente a f\u0151polg\u00e1rmester-jel\u00f6lt.<br \/>\n\u00a0<br \/>\nArr\u00f3l is besz\u00e9lt, hogy a p\u00e1rtok \u2013 kicsit lassan \u2013 de v\u00e9gre meg\u00e9rtett\u00e9k: a rivaliz\u00e1l\u00e1s korszak\u00e1t le kell v\u00e1ltania az egy\u00fcttm\u0171k\u00f6d\u00e9s korszak\u00e1nak. Siker\u00fclt el\u00e9rni, hogy a 23 ker\u00fcleti polg\u00e1rmesterv\u00e1laszt\u00e1sn\u00e1l \u00e9s a 289 egy\u00e9ni k\u00e9pvisel\u0151 v\u00e1laszt\u00e1sn\u00e1l mindenhol egy k\u00e9pvisel\u0151je van a v\u00e1ltoz\u00e1st akar\u00f3 embereknek \u2013 hangs\u00falyozta.<\/p>\n<p>Majd kiemelte: vegy\u00fck komolyan, amikor azt mondjuk, hogy Budapesten a v\u00e1ltoz\u00e1s igenis \u00e9let-hal\u00e1l k\u00e9rd\u00e9se. A f\u0151v\u00e1rosban t\u00f6bb ezren halnak meg a rossz leveg\u0151 miatt. T\u00e9len a f\u0171tetlen lak\u00e1sokban, ny\u00e1ron pedig a melegben halnak meg emberek. \u00c9s \u00e9pp akkor t\u00f6rt\u00e9nik mindez, amikor \u00f6sszeomlik az eg\u00e9szs\u00e9g\u00fcgyi ell\u00e1t\u00e1s \u00e9s a szem\u00e9tsz\u00e1ll\u00edt\u00e1s.<\/p>\n<p>A kl\u00edmav\u00e1ltoz\u00e1s az eg\u00e9sz vil\u00e1got \u00e9rinti, tudjuk hogy gond van, de Budapesten ezt nem l\u00e1tj\u00e1k. Budapestnek z\u00f6ld v\u00e1ross\u00e1 kell lennie.<\/p>\n<div class=\"qfrom\"><q>\u201eAz a helyzet, kedves Lajos, hogy nem a boz\u00f3t \u00e9g, hanem az erd\u0151\u201d<\/q><\/p>\n<p>\u2013 \u00fczente K\u00f3s\u00e1nak.<\/p>\n<\/div>\n<p>Mint mondta, \u00faj szeml\u00e9letre, \u00faj akaratra, \u00faj vezet\u0151kre van sz\u00fcks\u00e9g.<\/p>\n<p>Kar\u00e1csony k\u00f6z\u00f6lte: 25 \u00e9v m\u00falva lesz annyi id\u0151s, mint Tarl\u00f3s Istv\u00e1n, \u00e9s rem\u00e9li, akkor m\u00e1r nyugd\u00edjas lesz \u00e9s az unok\u00e1ival fog foglalkozni. Akkor arr\u00f3l szeretne majd besz\u00e1molni nekik, hogy ebben a v\u00e1rosban mindenkinek van m\u00e9lt\u00f3 lakhat\u00e1sa, \u00e9s aki szeg\u00e9ny, az nem t\u00f6bb vegz\u00e1l\u00e1st, hanem t\u00f6bb seg\u00edts\u00e9get kap. Itt j\u00f3 a leveg\u0151 \u00e9s az emberek vannak a k\u00f6z\u00e9ppontban, nem a t\u00e9rk\u0151gy\u00e1rt\u00f3k, az ingatlanberuh\u00e1z\u00f3k, a hatalom.<\/p>\n<div class=\"qfrom\"><q>\u201eArr\u00f3l szeretn\u00e9k besz\u00e9lni 25 \u00e9v m\u00falva az unok\u00e1mmal, hogy ezt a v\u00e1rost veletek k\u00f6z\u00f6sen megcsin\u00e1ltuk, hogy ez a v\u00e1ros z\u00f6ld \u00e9s szabad\u201d<\/q><\/p>\n<p>\u2013 jelentette ki.<\/p>\n<\/div>\n<p>Felid\u00e9zte, hogy \u00e9ppen ma \u00fcnnepelj\u00fck a 110. sz\u00fclet\u00e9snapj\u00e1t Fejt\u0151 Ferencnek: \u0151 mondta azt, hogy arra vagyunk \u00edt\u00e9lve, hogy a holnap polg\u00e1rai legy\u00fcnk, egy olyan haz\u00e1ban, amit mi \u00e9p\u00edtett\u00fcnk meg saj\u00e1t magunknak.<\/p>\n<p>Kar\u00e1csony azt mondta, \u201earra sz\u00f6vetkez\u00fcnk, hogy visszaszerezz\u00fck Budapestet a kiv\u00e1lts\u00e1gokt\u00f3l\u201d, a v\u00e1ros p\u00e9nz\u00e9t \u00e9s \u00f6nbecs\u00fcl\u00e9s\u00e9t. Ez a v\u00e1ros nem egy terepasztal, ahol a minisztereln\u00f6k t\u00f6rt\u00e9nelmi eml\u00e9keket tologat egyik helyr\u0151l a m\u00e1sikra. Ha megvan az \u00f6nbecs\u00fcl\u00e9s\u00fcnk er\u0151sek lesz\u00fcnk, hogy visszaszerezz\u00fck az ellopott vagyonokat. Vissza kell adni a budapestieknek az elvett \u00e9veket, a j\u00f3 leveg\u0151t, \u00e9s a m\u00e9lt\u00e1nyos \u00e9s mindenki sz\u00e1m\u00e1ra hozz\u00e1f\u00e9rhet\u0151 egy\u00e9szs\u00e9g\u00fcgyi ell\u00e1t\u00e1st.<\/p>\n<p>Kiemelte, hogy a f\u0151polg\u00e1rmesternek v\u00e9t\u00f3joga van, hogy \u00e9rtelmetlen beruh\u00e1z\u00e1sokkal szemben a budapestieket v\u00e9delmezze, de Tarl\u00f3s Istv\u00e1n nem tett semmit. \u201eVan itt p\u00e9nz, csak el kellene \u00e9rni, hogy ezt ne a minisztereln\u00f6k hobbij\u00e1ra k\u00f6lts\u00fck, hanem arra, amire sz\u00fcks\u00e9g van\u201d \u2013 jelentette ki. \u00c9s azt \u00edg\u00e9rte, hogy\u00a0 Budapesten addig nem \u00e9p\u00fcl \u00faj stadion, am\u00edg nincs minden ker\u00fcletben egy CT-berendez\u00e9s.<\/p>\n<p>Kar\u00e1csony a besz\u00e9de v\u00e9g\u00e9n sz\u00ednpadra h\u00edvta a 23 k\u00f6z\u00f6s ellenz\u00e9ki polg\u00e1rmester-jel\u00f6ltet.<\/p>\n<div class=\"qfrom\"><q>\u201eSzerezz\u00fck vissza Budapestet, mert Budapest a ti\u00e9tek\u201d<\/q><\/p>\n<p>\u2013 mondta Kar\u00e1csony.<\/p>\n<\/div>\n<p><iframe loading=\"lazy\" src=\"https:\/\/www.facebook.com\/plugins\/video.php?href=https%3A%2F%2Fwww.facebook.com%2Fkaracsonygergely%2Fvideos%2F505340613614926%2F&amp;show_text=0&amp;width=560\" width=\"560\" height=\"315\" style=\"border:none;overflow:hidden\" scrolling=\"no\" frameborder=\"0\" allowtransparency=\"true\" allowfullscreen=\"true\"><\/iframe><\/p>\n<p><b>Szalay Kriszta<\/b>\u00a0sz\u00edn\u00e9sz -\u00e9s \u00edr\u00f3n\u0151 a rendezv\u00e9ny els\u0151 felsz\u00f3lal\u00f3jak\u00e9nt egyebek mellett arr\u00f3l besz\u00e9lt: a\u00a0politika azt jelenti, k\u00f6z\u00e9let. \u201eNek\u00fcnk\u00a0csakis a k\u00f6z sz\u00e1m\u00e1ra, az emberek sz\u00e1m\u00e1ra szolg\u00e1lni akar\u00f3 emberekre van sz\u00fcks\u00e9g\u00fcnk. Val\u00f3di\u00a0k\u00e9pvisel\u0151kre, akik az embereket megk\u00e9rdezve \u00e9s meghallgatva vesznek r\u00e9szt az \u00e9let\u00fcnkben\u201d \u2013 fogalmazott.<\/p>\n<p><b>Barab\u00e1s Rich\u00e1rd<\/b>, a P\u00e1rbesz\u00e9d Magyarorsz\u00e1g\u00e9rt sz\u00f3viv\u0151je a k\u00f6z\u00f6ns\u00e9geknek azt \u00fczente: tudj\u00e1k, mi a\u00a0feladat, mi a c\u00e9l, \u00e9s hogyan kell egy\u00fcttm\u0171k\u00f6dni.<\/p>\n<p>\u201eK\u00fcl\u00f6nleges dolog az, hogy egy\u00fcttm\u0171k\u00f6d\u00fcnk. A harc nem megold\u00e1s \u2013 a megold\u00e1s az egy\u00fcttm\u0171k\u00f6d\u00e9s, egym\u00e1s hangj\u00e1nak a meghall\u00e1sa, az odafigyel\u00e9s, a kis h\u00e9tk\u00f6znapi h\u0151stettek\u201d \u2013 mondta.<br \/>\n\u00a0\u00a0<br \/>\nA kamp\u00e1nynyit\u00f3 rendezv\u00e9nyen fell\u00e9pett\u00a0<b>D\u00e9s L\u00e1szl\u00f3<\/b> \u00e9s zenekara, valamint <b>Szab\u00f3-Kimmel Tam\u00e1s<\/b> is, akit Kar\u00e1csony Gergely k\u00eds\u00e9rt git\u00e1ron.<\/p>\n<p>Emellett lej\u00e1tszottak egy kisfilmet, melyben Ekrem Imamoglu isztambuli f\u0151polg\u00e1rmester \u00fczent a magyaroknak.\u00a0Imamoglu k\u00f6z\u00f6lte: Budapest, ak\u00e1rcsak Isztambul, k\u00fcl\u00f6nleges v\u00e1ros, \u00e9s otthagyta k\u00e9zjegy\u00e9t a vil\u00e1gt\u00f6rt\u00e9nelem lapjain. Sok sikert k\u00edv\u00e1nt kar\u00e1csonynak, \u00e9s azt k\u00edv\u00e1nta, olyan id\u0151szak k\u00f6vetkezzen, mely m\u00e9lt\u00f3 Budapest t\u00f6rt\u00e9nelm\u00e9hez \u00e9s szellem\u00e9hez.<\/p>\n<p>            <a class=\"slogo\"><br \/>\n                <svg xmlns=\"http:\/\/www.w3.org\/2000\/svg\" width=\"30\" height=\"30\" viewbox=\"0 0 30 30\"><path d=\"M23.858,9.041c-1.868.118-2.456.46-2.456,3.4V22.732H19.6L10.625,11.6v6.758c0,3.072.759,3.179,2.537,3.5v.791H6.971v-.791c1.737-.28,2.46-.28,2.456-3.391V11.65c0-.644-.058-2.127-2.517-2.588V8.25h5.421L20.2,17.988V12.541c0-1.153.321-3.235-2.527-3.5V8.25h6.181Z\"\/><\/svg><\/a>\n\t\t\t<\/div>\n<p>[ad_2]<br \/>\n<br \/><a href=\"https:\/\/hirek.oldal.info\/rssclick\/14359408\">Source link <\/a><\/p>\n","protected":false},"excerpt":{"rendered":"<p>[ad_1] \u201eArr\u00f3l szeretn\u00e9k besz\u00e9lni 25 \u00e9v m\u00falva az unok\u00e1mmal, hogy ezt a v\u00e1rost veletek k\u00f6z\u00f6sen megcsin\u00e1ltuk, ez a v\u00e1ros z\u00f6ld \u00e9s szabad\u201d \u2013 \u00fczente a f\u0151polg\u00e1rmester-jel\u00f6lt. \u201eAkkor ugye nem lesz\u00fcnk Felcs\u00fat-als\u00f3, \u00e9s Felcs\u00fat-fels\u0151, \u00e9s b\u00e1rmilyen Felcs\u00fat?\u201d \u2013 tette fel a k\u00e9rd\u00e9st Kar\u00e1csony Gergely a szombaton, a Szabads\u00e1g t\u00e9ren tartott kamp\u00e1nynyit\u00f3 rendezv\u00e9ny\u00e9n. A baloldal k\u00f6z\u00f6s f\u0151polg\u00e1rmester-jel\u00f6ltje [&hellip;]<\/p>\n","protected":false},"author":2,"featured_media":1450,"comment_status":"open","ping_status":"open","sticky":false,"template":"","format":"standard","meta":{"footnotes":""},"categories":[1],"tags":[],"class_list":["post-1449","post","type-post","status-publish","format-standard","has-post-thumbnail","hentry","category-legujabb-penzugyi-hirek"],"yoast_head":"<!-- This site is optimized with the Yoast SEO plugin v27.4 - https:\/\/yoast.com\/product\/yoast-seo-wordpress\/ -->\n<title>N\u00e9pszava Budapest \u201enem lesz Felcs\u00fat-als\u00f3\u201d\u2013 Kar\u00e1csony hivatalosan is elind\u00edtotta kamp\u00e1ny\u00e1t - Hot News in World<\/title>\n<meta name=\"robots\" content=\"index, follow, max-snippet:-1, max-image-preview:large, max-video-preview:-1\" \/>\n<link rel=\"canonical\" href=\"https:\/\/hotnewsinworld.com\/hu\/nepszava-budapest-nem-lesz-felcsut-also-karacsony-hivatalosan-is-elinditotta-kampanyat\/\" \/>\n<meta property=\"og:locale\" content=\"hu_HU\" \/>\n<meta property=\"og:type\" content=\"article\" \/>\n<meta property=\"og:title\" content=\"N\u00e9pszava Budapest \u201enem lesz Felcs\u00fat-als\u00f3\u201d\u2013 Kar\u00e1csony hivatalosan is elind\u00edtotta kamp\u00e1ny\u00e1t - Hot News in World\" \/>\n<meta property=\"og:description\" content=\"[ad_1] \u201eArr\u00f3l szeretn\u00e9k besz\u00e9lni 25 \u00e9v m\u00falva az unok\u00e1mmal, hogy ezt a v\u00e1rost veletek k\u00f6z\u00f6sen megcsin\u00e1ltuk, ez a v\u00e1ros z\u00f6ld \u00e9s szabad\u201d \u2013 \u00fczente a f\u0151polg\u00e1rmester-jel\u00f6lt. \u201eAkkor ugye nem lesz\u00fcnk Felcs\u00fat-als\u00f3, \u00e9s Felcs\u00fat-fels\u0151, \u00e9s b\u00e1rmilyen Felcs\u00fat?\u201d \u2013 tette fel a k\u00e9rd\u00e9st Kar\u00e1csony Gergely a szombaton, a Szabads\u00e1g t\u00e9ren tartott kamp\u00e1nynyit\u00f3 rendezv\u00e9ny\u00e9n. A baloldal k\u00f6z\u00f6s f\u0151polg\u00e1rmester-jel\u00f6ltje [&hellip;]\" \/>\n<meta property=\"og:url\" content=\"https:\/\/hotnewsinworld.com\/hu\/nepszava-budapest-nem-lesz-felcsut-also-karacsony-hivatalosan-is-elinditotta-kampanyat\/\" \/>\n<meta property=\"og:site_name\" content=\"Hot News in World\" \/>\n<meta property=\"article:published_time\" content=\"2019-08-31T18:49:38+00:00\" \/>\n<meta property=\"article:modified_time\" content=\"2019-08-31T18:49:39+00:00\" \/>\n<meta property=\"og:image\" content=\"https:\/\/hotnewsinworld.com\/hu\/wp-content\/uploads\/sites\/3\/2019\/08\/N\u00e9pszava-Budapest-\u201enem-lesz-Felcs\u00fat-als\u00f3\u201d\u2013-Kar\u00e1csony-hivatalosan-is-elind\u00edtotta-kamp\u00e1ny\u00e1t.jpg\" \/>\n\t<meta property=\"og:image:width\" content=\"1000\" \/>\n\t<meta property=\"og:image:height\" content=\"600\" \/>\n\t<meta property=\"og:image:type\" content=\"image\/jpeg\" \/>\n<meta name=\"author\" content=\"hotnewsinworld\" \/>\n<meta name=\"twitter:card\" content=\"summary_large_image\" \/>\n<meta name=\"twitter:label1\" content=\"Szerz\u0151:\" \/>\n\t<meta name=\"twitter:data1\" content=\"hotnewsinworld\" \/>\n\t<meta name=\"twitter:label2\" content=\"Becs\u00fclt olvas\u00e1si id\u0151\" \/>\n\t<meta name=\"twitter:data2\" content=\"7 perc\" \/>\n<script type=\"application\/ld+json\" class=\"yoast-schema-graph\">{\"@context\":\"https:\\\/\\\/schema.org\",\"@graph\":[{\"@type\":\"Article\",\"@id\":\"https:\\\/\\\/hotnewsinworld.com\\\/hu\\\/nepszava-budapest-nem-lesz-felcsut-also-karacsony-hivatalosan-is-elinditotta-kampanyat\\\/#article\",\"isPartOf\":{\"@id\":\"https:\\\/\\\/hotnewsinworld.com\\\/hu\\\/nepszava-budapest-nem-lesz-felcsut-also-karacsony-hivatalosan-is-elinditotta-kampanyat\\\/\"},\"author\":{\"name\":\"hotnewsinworld\",\"@id\":\"https:\\\/\\\/hotnewsinworld.com\\\/hu\\\/#\\\/schema\\\/person\\\/fe61448b21c0d59086e75fcc1f9d8f6b\"},\"headline\":\"N\u00e9pszava Budapest \u201enem lesz Felcs\u00fat-als\u00f3\u201d\u2013 Kar\u00e1csony hivatalosan is elind\u00edtotta kamp\u00e1ny\u00e1t\",\"datePublished\":\"2019-08-31T18:49:38+00:00\",\"dateModified\":\"2019-08-31T18:49:39+00:00\",\"mainEntityOfPage\":{\"@id\":\"https:\\\/\\\/hotnewsinworld.com\\\/hu\\\/nepszava-budapest-nem-lesz-felcsut-also-karacsony-hivatalosan-is-elinditotta-kampanyat\\\/\"},\"wordCount\":1377,\"commentCount\":0,\"image\":{\"@id\":\"https:\\\/\\\/hotnewsinworld.com\\\/hu\\\/nepszava-budapest-nem-lesz-felcsut-also-karacsony-hivatalosan-is-elinditotta-kampanyat\\\/#primaryimage\"},\"thumbnailUrl\":\"https:\\\/\\\/hotnewsinworld.com\\\/hu\\\/wp-content\\\/uploads\\\/sites\\\/3\\\/2019\\\/08\\\/N\u00e9pszava-Budapest-\u201enem-lesz-Felcs\u00fat-als\u00f3\u201d\u2013-Kar\u00e1csony-hivatalosan-is-elind\u00edtotta-kamp\u00e1ny\u00e1t.jpg\",\"articleSection\":[\"LEG\u00daJABB P\u00c9NZ\u00dcGYI H\u00cdREK\"],\"inLanguage\":\"hu\",\"potentialAction\":[{\"@type\":\"CommentAction\",\"name\":\"Comment\",\"target\":[\"https:\\\/\\\/hotnewsinworld.com\\\/hu\\\/nepszava-budapest-nem-lesz-felcsut-also-karacsony-hivatalosan-is-elinditotta-kampanyat\\\/#respond\"]}]},{\"@type\":\"WebPage\",\"@id\":\"https:\\\/\\\/hotnewsinworld.com\\\/hu\\\/nepszava-budapest-nem-lesz-felcsut-also-karacsony-hivatalosan-is-elinditotta-kampanyat\\\/\",\"url\":\"https:\\\/\\\/hotnewsinworld.com\\\/hu\\\/nepszava-budapest-nem-lesz-felcsut-also-karacsony-hivatalosan-is-elinditotta-kampanyat\\\/\",\"name\":\"N\u00e9pszava Budapest \u201enem lesz Felcs\u00fat-als\u00f3\u201d\u2013 Kar\u00e1csony hivatalosan is elind\u00edtotta kamp\u00e1ny\u00e1t - Hot News in World\",\"isPartOf\":{\"@id\":\"https:\\\/\\\/hotnewsinworld.com\\\/hu\\\/#website\"},\"primaryImageOfPage\":{\"@id\":\"https:\\\/\\\/hotnewsinworld.com\\\/hu\\\/nepszava-budapest-nem-lesz-felcsut-also-karacsony-hivatalosan-is-elinditotta-kampanyat\\\/#primaryimage\"},\"image\":{\"@id\":\"https:\\\/\\\/hotnewsinworld.com\\\/hu\\\/nepszava-budapest-nem-lesz-felcsut-also-karacsony-hivatalosan-is-elinditotta-kampanyat\\\/#primaryimage\"},\"thumbnailUrl\":\"https:\\\/\\\/hotnewsinworld.com\\\/hu\\\/wp-content\\\/uploads\\\/sites\\\/3\\\/2019\\\/08\\\/N\u00e9pszava-Budapest-\u201enem-lesz-Felcs\u00fat-als\u00f3\u201d\u2013-Kar\u00e1csony-hivatalosan-is-elind\u00edtotta-kamp\u00e1ny\u00e1t.jpg\",\"datePublished\":\"2019-08-31T18:49:38+00:00\",\"dateModified\":\"2019-08-31T18:49:39+00:00\",\"author\":{\"@id\":\"https:\\\/\\\/hotnewsinworld.com\\\/hu\\\/#\\\/schema\\\/person\\\/fe61448b21c0d59086e75fcc1f9d8f6b\"},\"breadcrumb\":{\"@id\":\"https:\\\/\\\/hotnewsinworld.com\\\/hu\\\/nepszava-budapest-nem-lesz-felcsut-also-karacsony-hivatalosan-is-elinditotta-kampanyat\\\/#breadcrumb\"},\"inLanguage\":\"hu\",\"potentialAction\":[{\"@type\":\"ReadAction\",\"target\":[\"https:\\\/\\\/hotnewsinworld.com\\\/hu\\\/nepszava-budapest-nem-lesz-felcsut-also-karacsony-hivatalosan-is-elinditotta-kampanyat\\\/\"]}]},{\"@type\":\"ImageObject\",\"inLanguage\":\"hu\",\"@id\":\"https:\\\/\\\/hotnewsinworld.com\\\/hu\\\/nepszava-budapest-nem-lesz-felcsut-also-karacsony-hivatalosan-is-elinditotta-kampanyat\\\/#primaryimage\",\"url\":\"https:\\\/\\\/hotnewsinworld.com\\\/hu\\\/wp-content\\\/uploads\\\/sites\\\/3\\\/2019\\\/08\\\/N\u00e9pszava-Budapest-\u201enem-lesz-Felcs\u00fat-als\u00f3\u201d\u2013-Kar\u00e1csony-hivatalosan-is-elind\u00edtotta-kamp\u00e1ny\u00e1t.jpg\",\"contentUrl\":\"https:\\\/\\\/hotnewsinworld.com\\\/hu\\\/wp-content\\\/uploads\\\/sites\\\/3\\\/2019\\\/08\\\/N\u00e9pszava-Budapest-\u201enem-lesz-Felcs\u00fat-als\u00f3\u201d\u2013-Kar\u00e1csony-hivatalosan-is-elind\u00edtotta-kamp\u00e1ny\u00e1t.jpg\",\"width\":1000,\"height\":600,\"caption\":\"N\u00e9pszava Budapest \u201enem lesz Felcs\u00fat-als\u00f3\u201d\u2013 Kar\u00e1csony hivatalosan is elind\u00edtotta kamp\u00e1ny\u00e1t\"},{\"@type\":\"BreadcrumbList\",\"@id\":\"https:\\\/\\\/hotnewsinworld.com\\\/hu\\\/nepszava-budapest-nem-lesz-felcsut-also-karacsony-hivatalosan-is-elinditotta-kampanyat\\\/#breadcrumb\",\"itemListElement\":[{\"@type\":\"ListItem\",\"position\":1,\"name\":\"\u0413\u043b\u0430\u0432\u043d\u0430\u044f \u0441\u0442\u0440\u0430\u043d\u0438\u0446\u0430\",\"item\":\"https:\\\/\\\/hotnewsinworld.com\\\/hu\\\/\"},{\"@type\":\"ListItem\",\"position\":2,\"name\":\"N\u00e9pszava Budapest \u201enem lesz Felcs\u00fat-als\u00f3\u201d\u2013 Kar\u00e1csony hivatalosan is elind\u00edtotta kamp\u00e1ny\u00e1t\"}]},{\"@type\":\"WebSite\",\"@id\":\"https:\\\/\\\/hotnewsinworld.com\\\/hu\\\/#website\",\"url\":\"https:\\\/\\\/hotnewsinworld.com\\\/hu\\\/\",\"name\":\"Hot News in World\",\"description\":\"Hot News in World from Hungary\",\"potentialAction\":[{\"@type\":\"SearchAction\",\"target\":{\"@type\":\"EntryPoint\",\"urlTemplate\":\"https:\\\/\\\/hotnewsinworld.com\\\/hu\\\/?s={search_term_string}\"},\"query-input\":{\"@type\":\"PropertyValueSpecification\",\"valueRequired\":true,\"valueName\":\"search_term_string\"}}],\"inLanguage\":\"hu\"},{\"@type\":\"Person\",\"@id\":\"https:\\\/\\\/hotnewsinworld.com\\\/hu\\\/#\\\/schema\\\/person\\\/fe61448b21c0d59086e75fcc1f9d8f6b\",\"name\":\"hotnewsinworld\",\"image\":{\"@type\":\"ImageObject\",\"inLanguage\":\"hu\",\"@id\":\"https:\\\/\\\/secure.gravatar.com\\\/avatar\\\/8a09ac165600ce2e1c38fe593c63928eb1e6e7ba5c5a907d67787c41b3d00c14?s=96&d=mm&r=g\",\"url\":\"https:\\\/\\\/secure.gravatar.com\\\/avatar\\\/8a09ac165600ce2e1c38fe593c63928eb1e6e7ba5c5a907d67787c41b3d00c14?s=96&d=mm&r=g\",\"contentUrl\":\"https:\\\/\\\/secure.gravatar.com\\\/avatar\\\/8a09ac165600ce2e1c38fe593c63928eb1e6e7ba5c5a907d67787c41b3d00c14?s=96&d=mm&r=g\",\"caption\":\"hotnewsinworld\"},\"url\":\"https:\\\/\\\/hotnewsinworld.com\\\/hu\\\/author\\\/pt\\\/\"}]}<\/script>\n<!-- \/ Yoast SEO plugin. -->","yoast_head_json":{"title":"N\u00e9pszava Budapest \u201enem lesz Felcs\u00fat-als\u00f3\u201d\u2013 Kar\u00e1csony hivatalosan is elind\u00edtotta kamp\u00e1ny\u00e1t - Hot News in World","robots":{"index":"index","follow":"follow","max-snippet":"max-snippet:-1","max-image-preview":"max-image-preview:large","max-video-preview":"max-video-preview:-1"},"canonical":"https:\/\/hotnewsinworld.com\/hu\/nepszava-budapest-nem-lesz-felcsut-also-karacsony-hivatalosan-is-elinditotta-kampanyat\/","og_locale":"hu_HU","og_type":"article","og_title":"N\u00e9pszava Budapest \u201enem lesz Felcs\u00fat-als\u00f3\u201d\u2013 Kar\u00e1csony hivatalosan is elind\u00edtotta kamp\u00e1ny\u00e1t - Hot News in World","og_description":"[ad_1] \u201eArr\u00f3l szeretn\u00e9k besz\u00e9lni 25 \u00e9v m\u00falva az unok\u00e1mmal, hogy ezt a v\u00e1rost veletek k\u00f6z\u00f6sen megcsin\u00e1ltuk, ez a v\u00e1ros z\u00f6ld \u00e9s szabad\u201d \u2013 \u00fczente a f\u0151polg\u00e1rmester-jel\u00f6lt. \u201eAkkor ugye nem lesz\u00fcnk Felcs\u00fat-als\u00f3, \u00e9s Felcs\u00fat-fels\u0151, \u00e9s b\u00e1rmilyen Felcs\u00fat?\u201d \u2013 tette fel a k\u00e9rd\u00e9st Kar\u00e1csony Gergely a szombaton, a Szabads\u00e1g t\u00e9ren tartott kamp\u00e1nynyit\u00f3 rendezv\u00e9ny\u00e9n. A baloldal k\u00f6z\u00f6s f\u0151polg\u00e1rmester-jel\u00f6ltje [&hellip;]","og_url":"https:\/\/hotnewsinworld.com\/hu\/nepszava-budapest-nem-lesz-felcsut-also-karacsony-hivatalosan-is-elinditotta-kampanyat\/","og_site_name":"Hot News in World","article_published_time":"2019-08-31T18:49:38+00:00","article_modified_time":"2019-08-31T18:49:39+00:00","og_image":[{"width":1000,"height":600,"url":"https:\/\/hotnewsinworld.com\/hu\/wp-content\/uploads\/sites\/3\/2019\/08\/N\u00e9pszava-Budapest-\u201enem-lesz-Felcs\u00fat-als\u00f3\u201d\u2013-Kar\u00e1csony-hivatalosan-is-elind\u00edtotta-kamp\u00e1ny\u00e1t.jpg","type":"image\/jpeg"}],"author":"hotnewsinworld","twitter_card":"summary_large_image","twitter_misc":{"Szerz\u0151:":"hotnewsinworld","Becs\u00fclt olvas\u00e1si id\u0151":"7 perc"},"schema":{"@context":"https:\/\/schema.org","@graph":[{"@type":"Article","@id":"https:\/\/hotnewsinworld.com\/hu\/nepszava-budapest-nem-lesz-felcsut-also-karacsony-hivatalosan-is-elinditotta-kampanyat\/#article","isPartOf":{"@id":"https:\/\/hotnewsinworld.com\/hu\/nepszava-budapest-nem-lesz-felcsut-also-karacsony-hivatalosan-is-elinditotta-kampanyat\/"},"author":{"name":"hotnewsinworld","@id":"https:\/\/hotnewsinworld.com\/hu\/#\/schema\/person\/fe61448b21c0d59086e75fcc1f9d8f6b"},"headline":"N\u00e9pszava Budapest \u201enem lesz Felcs\u00fat-als\u00f3\u201d\u2013 Kar\u00e1csony hivatalosan is elind\u00edtotta kamp\u00e1ny\u00e1t","datePublished":"2019-08-31T18:49:38+00:00","dateModified":"2019-08-31T18:49:39+00:00","mainEntityOfPage":{"@id":"https:\/\/hotnewsinworld.com\/hu\/nepszava-budapest-nem-lesz-felcsut-also-karacsony-hivatalosan-is-elinditotta-kampanyat\/"},"wordCount":1377,"commentCount":0,"image":{"@id":"https:\/\/hotnewsinworld.com\/hu\/nepszava-budapest-nem-lesz-felcsut-also-karacsony-hivatalosan-is-elinditotta-kampanyat\/#primaryimage"},"thumbnailUrl":"https:\/\/hotnewsinworld.com\/hu\/wp-content\/uploads\/sites\/3\/2019\/08\/N\u00e9pszava-Budapest-\u201enem-lesz-Felcs\u00fat-als\u00f3\u201d\u2013-Kar\u00e1csony-hivatalosan-is-elind\u00edtotta-kamp\u00e1ny\u00e1t.jpg","articleSection":["LEG\u00daJABB P\u00c9NZ\u00dcGYI H\u00cdREK"],"inLanguage":"hu","potentialAction":[{"@type":"CommentAction","name":"Comment","target":["https:\/\/hotnewsinworld.com\/hu\/nepszava-budapest-nem-lesz-felcsut-also-karacsony-hivatalosan-is-elinditotta-kampanyat\/#respond"]}]},{"@type":"WebPage","@id":"https:\/\/hotnewsinworld.com\/hu\/nepszava-budapest-nem-lesz-felcsut-also-karacsony-hivatalosan-is-elinditotta-kampanyat\/","url":"https:\/\/hotnewsinworld.com\/hu\/nepszava-budapest-nem-lesz-felcsut-also-karacsony-hivatalosan-is-elinditotta-kampanyat\/","name":"N\u00e9pszava Budapest \u201enem lesz Felcs\u00fat-als\u00f3\u201d\u2013 Kar\u00e1csony hivatalosan is elind\u00edtotta kamp\u00e1ny\u00e1t - Hot News in World","isPartOf":{"@id":"https:\/\/hotnewsinworld.com\/hu\/#website"},"primaryImageOfPage":{"@id":"https:\/\/hotnewsinworld.com\/hu\/nepszava-budapest-nem-lesz-felcsut-also-karacsony-hivatalosan-is-elinditotta-kampanyat\/#primaryimage"},"image":{"@id":"https:\/\/hotnewsinworld.com\/hu\/nepszava-budapest-nem-lesz-felcsut-also-karacsony-hivatalosan-is-elinditotta-kampanyat\/#primaryimage"},"thumbnailUrl":"https:\/\/hotnewsinworld.com\/hu\/wp-content\/uploads\/sites\/3\/2019\/08\/N\u00e9pszava-Budapest-\u201enem-lesz-Felcs\u00fat-als\u00f3\u201d\u2013-Kar\u00e1csony-hivatalosan-is-elind\u00edtotta-kamp\u00e1ny\u00e1t.jpg","datePublished":"2019-08-31T18:49:38+00:00","dateModified":"2019-08-31T18:49:39+00:00","author":{"@id":"https:\/\/hotnewsinworld.com\/hu\/#\/schema\/person\/fe61448b21c0d59086e75fcc1f9d8f6b"},"breadcrumb":{"@id":"https:\/\/hotnewsinworld.com\/hu\/nepszava-budapest-nem-lesz-felcsut-also-karacsony-hivatalosan-is-elinditotta-kampanyat\/#breadcrumb"},"inLanguage":"hu","potentialAction":[{"@type":"ReadAction","target":["https:\/\/hotnewsinworld.com\/hu\/nepszava-budapest-nem-lesz-felcsut-also-karacsony-hivatalosan-is-elinditotta-kampanyat\/"]}]},{"@type":"ImageObject","inLanguage":"hu","@id":"https:\/\/hotnewsinworld.com\/hu\/nepszava-budapest-nem-lesz-felcsut-also-karacsony-hivatalosan-is-elinditotta-kampanyat\/#primaryimage","url":"https:\/\/hotnewsinworld.com\/hu\/wp-content\/uploads\/sites\/3\/2019\/08\/N\u00e9pszava-Budapest-\u201enem-lesz-Felcs\u00fat-als\u00f3\u201d\u2013-Kar\u00e1csony-hivatalosan-is-elind\u00edtotta-kamp\u00e1ny\u00e1t.jpg","contentUrl":"https:\/\/hotnewsinworld.com\/hu\/wp-content\/uploads\/sites\/3\/2019\/08\/N\u00e9pszava-Budapest-\u201enem-lesz-Felcs\u00fat-als\u00f3\u201d\u2013-Kar\u00e1csony-hivatalosan-is-elind\u00edtotta-kamp\u00e1ny\u00e1t.jpg","width":1000,"height":600,"caption":"N\u00e9pszava Budapest \u201enem lesz Felcs\u00fat-als\u00f3\u201d\u2013 Kar\u00e1csony hivatalosan is elind\u00edtotta kamp\u00e1ny\u00e1t"},{"@type":"BreadcrumbList","@id":"https:\/\/hotnewsinworld.com\/hu\/nepszava-budapest-nem-lesz-felcsut-also-karacsony-hivatalosan-is-elinditotta-kampanyat\/#breadcrumb","itemListElement":[{"@type":"ListItem","position":1,"name":"\u0413\u043b\u0430\u0432\u043d\u0430\u044f \u0441\u0442\u0440\u0430\u043d\u0438\u0446\u0430","item":"https:\/\/hotnewsinworld.com\/hu\/"},{"@type":"ListItem","position":2,"name":"N\u00e9pszava Budapest \u201enem lesz Felcs\u00fat-als\u00f3\u201d\u2013 Kar\u00e1csony hivatalosan is elind\u00edtotta kamp\u00e1ny\u00e1t"}]},{"@type":"WebSite","@id":"https:\/\/hotnewsinworld.com\/hu\/#website","url":"https:\/\/hotnewsinworld.com\/hu\/","name":"Hot News in World","description":"Hot News in World from Hungary","potentialAction":[{"@type":"SearchAction","target":{"@type":"EntryPoint","urlTemplate":"https:\/\/hotnewsinworld.com\/hu\/?s={search_term_string}"},"query-input":{"@type":"PropertyValueSpecification","valueRequired":true,"valueName":"search_term_string"}}],"inLanguage":"hu"},{"@type":"Person","@id":"https:\/\/hotnewsinworld.com\/hu\/#\/schema\/person\/fe61448b21c0d59086e75fcc1f9d8f6b","name":"hotnewsinworld","image":{"@type":"ImageObject","inLanguage":"hu","@id":"https:\/\/secure.gravatar.com\/avatar\/8a09ac165600ce2e1c38fe593c63928eb1e6e7ba5c5a907d67787c41b3d00c14?s=96&d=mm&r=g","url":"https:\/\/secure.gravatar.com\/avatar\/8a09ac165600ce2e1c38fe593c63928eb1e6e7ba5c5a907d67787c41b3d00c14?s=96&d=mm&r=g","contentUrl":"https:\/\/secure.gravatar.com\/avatar\/8a09ac165600ce2e1c38fe593c63928eb1e6e7ba5c5a907d67787c41b3d00c14?s=96&d=mm&r=g","caption":"hotnewsinworld"},"url":"https:\/\/hotnewsinworld.com\/hu\/author\/pt\/"}]}},"_links":{"self":[{"href":"https:\/\/hotnewsinworld.com\/hu\/wp-json\/wp\/v2\/posts\/1449","targetHints":{"allow":["GET"]}}],"collection":[{"href":"https:\/\/hotnewsinworld.com\/hu\/wp-json\/wp\/v2\/posts"}],"about":[{"href":"https:\/\/hotnewsinworld.com\/hu\/wp-json\/wp\/v2\/types\/post"}],"author":[{"embeddable":true,"href":"https:\/\/hotnewsinworld.com\/hu\/wp-json\/wp\/v2\/users\/2"}],"replies":[{"embeddable":true,"href":"https:\/\/hotnewsinworld.com\/hu\/wp-json\/wp\/v2\/comments?post=1449"}],"version-history":[{"count":1,"href":"https:\/\/hotnewsinworld.com\/hu\/wp-json\/wp\/v2\/posts\/1449\/revisions"}],"predecessor-version":[{"id":1451,"href":"https:\/\/hotnewsinworld.com\/hu\/wp-json\/wp\/v2\/posts\/1449\/revisions\/1451"}],"wp:featuredmedia":[{"embeddable":true,"href":"https:\/\/hotnewsinworld.com\/hu\/wp-json\/wp\/v2\/media\/1450"}],"wp:attachment":[{"href":"https:\/\/hotnewsinworld.com\/hu\/wp-json\/wp\/v2\/media?parent=1449"}],"wp:term":[{"taxonomy":"category","embeddable":true,"href":"https:\/\/hotnewsinworld.com\/hu\/wp-json\/wp\/v2\/categories?post=1449"},{"taxonomy":"post_tag","embeddable":true,"href":"https:\/\/hotnewsinworld.com\/hu\/wp-json\/wp\/v2\/tags?post=1449"}],"curies":[{"name":"wp","href":"https:\/\/api.w.org\/{rel}","templated":true}]}}