{"id":1452,"date":"2019-08-31T23:12:06","date_gmt":"2019-08-31T20:12:06","guid":{"rendered":"https:\/\/hotnewsinworld.com\/hu\/tiz-ev-utan-eloszor-tobben-valasztottak-a-szakkepzest-mint-a-gimnaziumot\/"},"modified":"2019-08-31T23:12:07","modified_gmt":"2019-08-31T20:12:07","slug":"tiz-ev-utan-eloszor-tobben-valasztottak-a-szakkepzest-mint-a-gimnaziumot","status":"publish","type":"post","link":"https:\/\/hotnewsinworld.com\/hu\/tiz-ev-utan-eloszor-tobben-valasztottak-a-szakkepzest-mint-a-gimnaziumot\/","title":{"rendered":"T\u00edz \u00e9v ut\u00e1n el\u0151sz\u00f6r t\u00f6bben v\u00e1lasztott\u00e1k a szakk\u00e9pz\u00e9st, mint a gimn\u00e1ziumot"},"content":{"rendered":"<p> [ad_1]<br \/>\n<\/p>\n<div>\n<blockquote>\n<p>T\u00edz \u00e9v ut\u00e1n el\u0151sz\u00f6r 8,5 sz\u00e1zal\u00e9kkal t\u00f6bb di\u00e1k kezdte meg tanulm\u00e1nyait szakgimn\u00e1ziumban, mint \u00e1ltal\u00e1nos gimn\u00e1ziumban tavaly, ez is jelzi, hogy a szakk\u00e9pz\u00e9s\u00e9 a j\u00f6v\u0151<\/p>\n<\/blockquote>\n<p>\u2013 mondta az innov\u00e1ci\u00f3s \u00e9s technol\u00f3giai miniszter az orsz\u00e1gos szakk\u00e9pz\u00e9si tan\u00e9vnyit\u00f3n szombaton Ny\u00edregyh\u00e1z\u00e1n.<\/p>\n<p><strong>Palkovics L\u00e1szl\u00f3<\/strong> a Ny\u00edregyh\u00e1zi Szakk\u00e9pz\u00e9si Centrumban tartott \u00fcnneps\u00e9gen kiemelte, a magyar tanul\u00f3k sorra hozz\u00e1k el a hazai \u00e9s nemzetk\u00f6zi szakmai versenyek f\u0151d\u00edjait, ami igazolja, hogy nemzetk\u00f6zi sz\u00ednt\u00e9ren is elismert a magyar k\u00e9pz\u00e9s.<\/p>\n<p>Palkovics L\u00e1szl\u00f3 szerint a rendszer figyel a fels\u0151oktat\u00e1sba tov\u00e1bbl\u00e9p\u0151kre is, 2020-t\u00f3l a szakgimn\u00e1ziumok n\u00e9gy plusz egy \u00e9ves k\u00e9pz\u00e9si strukt\u00far\u00e1j\u00e1t a technikumok \u00f6t\u00e9ves k\u00e9pz\u00e9se v\u00e1ltja fel, ahonnan a di\u00e1kok gyakorlati tapasztalatokkal l\u00e9phetnek munk\u00e1ba, illetve a tov\u00e1bbtanul\u00e1s eset\u00e9n k\u00f6zvetlen\u00fcl a szakir\u00e1ny\u00fa fels\u0151fok\u00fa k\u00e9pz\u00e9sbe.<\/p>\n<p>Emellett a szakk\u00f6z\u00e9piskol\u00e1kat h\u00e1rom\u00e9ves szakk\u00e9pz\u0151 iskol\u00e1kk\u00e1 alak\u00edtj\u00e1k \u00e1t, ahol a gyakorlati tapasztalatot az utols\u00f3 k\u00e9t \u00e9v du\u00e1lis k\u00e9pz\u00e9se biztos\u00edtja, a r\u00e9szszakk\u00e9pz\u00e9st ny\u00fajt\u00f3 m\u0171helyiskol\u00e1k alap\u00edt\u00e1sa pedig azoknak a fiataloknak lesz kedvez\u0151 lehet\u0151s\u00e9g, akik nem tudj\u00e1k elv\u00e9gezni az \u00e1ltal\u00e1nos iskol\u00e1t, vagy a hagyom\u00e1nyos oktat\u00e1si k\u00f6rnyezetben nem tudnak megfelel\u0151en teljes\u00edteni \u2013 tette hozz\u00e1.<\/p>\n<p>Ut\u00f3bbir\u00f3l sz\u00f3lva a t\u00e1rcavezet\u0151 megjegyezte, b\u00e1r a lemorzsol\u00f3d\u00e1ssal vesz\u00e9lyeztetett di\u00e1kok sz\u00e1ma tavaly a szakkgimn\u00e1ziumokban k\u00f6zel harmad\u00e1val, a szakk\u00f6z\u00e9piskol\u00e1ban m\u00e9g enn\u00e9l is nagyobb m\u00e9rt\u00e9kben cs\u00f6kkent, de tov\u00e1bbi c\u00e9l az iskol\u00e1t v\u00e9gzetts\u00e9g n\u00e9lk\u00fcl elhagy\u00f3k sz\u00e1m\u00e1nak 12-r\u00f3l 10 sz\u00e1zal\u00e9k al\u00e1 cs\u00f6kkent\u00e9se lesz.<\/p>\n<p><em>(MTI, kiemelt k\u00e9p: MTI\/Bal\u00e1zs Attila)<\/em><\/p>\n<\/p><\/div>\n<p><script>\n\tjQuery(window).load(function() {\n\t\twindow.fbAsyncInit = function () {\n\t\t\tFB.init({\n\t\t\t\tappId: '',\n\t\t\t\txfbml: true,\n\t\t\t\tversion: 'v3.2'\n\t\t\t});<\/p>\n<p>\t\t\tFB.Event.subscribe('xfbml.ready', function (msg) {\n\t\t\t\tif (msg.type === 'video') {\n\t\t\t\t\tif(typeof insertVideoMeasuringCode != \"undefined\"){\n\t\t\t\t\t\tinsertVideoMeasuringCode(msg);\n\t\t\t\t\t}\n\t\t\t\t}\n\t\t\t});\n\t\t};<\/p>\n<p>\t\tfunction initFB()\n\t\t{\n\t\t\t(function (d, s, id) {\n\t\t\t\tvar js, fjs = d.getElementsByTagName(s)[0];\n\t\t\t\tif (d.getElementById(id)) {\n\t\t\t\t\treturn;\n\t\t\t\t}\n\t\t\t\tjs = d.createElement(s);\n\t\t\t\tjs.id = id;\n\t\t\t\tjs.src = \"http:\/\/connect.facebook.net\/hu_HU\/all.js\";\n\t\t\t\tfjs.parentNode.insertBefore(js, fjs);\n\t\t\t}(document, 'script', 'facebook-jssdk'));\n\t\t\tjQuery(window).off('scroll mousemove touchmove', initFB);\n\t\t}<\/p>\n<p>\t\tfunction parseXFBML(e)\n\t\t{\n\t\t\tif (typeof FB !== \"undefined\" && typeof FB.XFBML !== \"undefined\") {\n\t\t\t\te.preventDefault();\n\t\t\t\te.stopPropagation();\n\t\t\t\tFB.XFBML.parse();\n\t\t\t\tjQuery(window).off('scroll mousemove touchmove', parseXFBML);<\/p>\n<p>\t\t\t\tif (typeof catchSocialEvents != \"undefined\" && typeof catchSocialEvents === \"function\") {\n\t\t\t\t\tcatchSocialEvents();\n\t\t\t\t}\n\t\t\t}\n\t\t}<\/p>\n<p>\t\tjQuery(window).on('scroll mousemove touchmove', initFB);\n\t\tjQuery(window).on('scroll mousemove touchmove', parseXFBML);\n\t});\n<\/script><br \/>\n<br \/>[ad_2]<br \/>\n<br \/><a href=\"https:\/\/hirek.oldal.info\/rssclick\/14359501\">Source link <\/a><\/p>\n","protected":false},"excerpt":{"rendered":"<p>[ad_1] T\u00edz \u00e9v ut\u00e1n el\u0151sz\u00f6r 8,5 sz\u00e1zal\u00e9kkal t\u00f6bb di\u00e1k kezdte meg tanulm\u00e1nyait szakgimn\u00e1ziumban, mint \u00e1ltal\u00e1nos gimn\u00e1ziumban tavaly, ez is jelzi, hogy a szakk\u00e9pz\u00e9s\u00e9 a j\u00f6v\u0151 \u2013 mondta az innov\u00e1ci\u00f3s \u00e9s technol\u00f3giai miniszter az orsz\u00e1gos szakk\u00e9pz\u00e9si tan\u00e9vnyit\u00f3n szombaton Ny\u00edregyh\u00e1z\u00e1n. Palkovics L\u00e1szl\u00f3 a Ny\u00edregyh\u00e1zi Szakk\u00e9pz\u00e9si Centrumban tartott \u00fcnneps\u00e9gen kiemelte, a magyar tanul\u00f3k sorra hozz\u00e1k el a hazai [&hellip;]<\/p>\n","protected":false},"author":2,"featured_media":1453,"comment_status":"open","ping_status":"open","sticky":false,"template":"","format":"standard","meta":{"footnotes":""},"categories":[1],"tags":[],"class_list":["post-1452","post","type-post","status-publish","format-standard","has-post-thumbnail","hentry","category-legujabb-penzugyi-hirek"],"yoast_head":"<!-- This site is optimized with the Yoast SEO plugin v27.4 - https:\/\/yoast.com\/product\/yoast-seo-wordpress\/ -->\n<title>T\u00edz \u00e9v ut\u00e1n el\u0151sz\u00f6r t\u00f6bben v\u00e1lasztott\u00e1k a szakk\u00e9pz\u00e9st, mint a gimn\u00e1ziumot - Hot News in World<\/title>\n<meta name=\"robots\" content=\"index, follow, max-snippet:-1, max-image-preview:large, max-video-preview:-1\" \/>\n<link rel=\"canonical\" href=\"https:\/\/hotnewsinworld.com\/hu\/tiz-ev-utan-eloszor-tobben-valasztottak-a-szakkepzest-mint-a-gimnaziumot\/\" \/>\n<meta property=\"og:locale\" content=\"hu_HU\" \/>\n<meta property=\"og:type\" content=\"article\" \/>\n<meta property=\"og:title\" content=\"T\u00edz \u00e9v ut\u00e1n el\u0151sz\u00f6r t\u00f6bben v\u00e1lasztott\u00e1k a szakk\u00e9pz\u00e9st, mint a gimn\u00e1ziumot - Hot News in World\" \/>\n<meta property=\"og:description\" content=\"[ad_1] T\u00edz \u00e9v ut\u00e1n el\u0151sz\u00f6r 8,5 sz\u00e1zal\u00e9kkal t\u00f6bb di\u00e1k kezdte meg tanulm\u00e1nyait szakgimn\u00e1ziumban, mint \u00e1ltal\u00e1nos gimn\u00e1ziumban tavaly, ez is jelzi, hogy a szakk\u00e9pz\u00e9s\u00e9 a j\u00f6v\u0151 \u2013 mondta az innov\u00e1ci\u00f3s \u00e9s technol\u00f3giai miniszter az orsz\u00e1gos szakk\u00e9pz\u00e9si tan\u00e9vnyit\u00f3n szombaton Ny\u00edregyh\u00e1z\u00e1n. Palkovics L\u00e1szl\u00f3 a Ny\u00edregyh\u00e1zi Szakk\u00e9pz\u00e9si Centrumban tartott \u00fcnneps\u00e9gen kiemelte, a magyar tanul\u00f3k sorra hozz\u00e1k el a hazai [&hellip;]\" \/>\n<meta property=\"og:url\" content=\"https:\/\/hotnewsinworld.com\/hu\/tiz-ev-utan-eloszor-tobben-valasztottak-a-szakkepzest-mint-a-gimnaziumot\/\" \/>\n<meta property=\"og:site_name\" content=\"Hot News in World\" \/>\n<meta property=\"article:published_time\" content=\"2019-08-31T20:12:06+00:00\" \/>\n<meta property=\"article:modified_time\" content=\"2019-08-31T20:12:07+00:00\" \/>\n<meta property=\"og:image\" content=\"https:\/\/hotnewsinworld.com\/hu\/wp-content\/uploads\/sites\/3\/2019\/08\/T\u00edz-\u00e9v-ut\u00e1n-el\u0151sz\u00f6r-t\u00f6bben-v\u00e1lasztott\u00e1k-a-szakk\u00e9pz\u00e9st-mint-a.jpg\" \/>\n\t<meta property=\"og:image:width\" content=\"1024\" \/>\n\t<meta property=\"og:image:height\" content=\"596\" \/>\n\t<meta property=\"og:image:type\" content=\"image\/jpeg\" \/>\n<meta name=\"author\" content=\"hotnewsinworld\" \/>\n<meta name=\"twitter:card\" content=\"summary_large_image\" \/>\n<meta name=\"twitter:label1\" content=\"Szerz\u0151:\" \/>\n\t<meta name=\"twitter:data1\" content=\"hotnewsinworld\" \/>\n\t<meta name=\"twitter:label2\" content=\"Becs\u00fclt olvas\u00e1si id\u0151\" \/>\n\t<meta name=\"twitter:data2\" content=\"2 perc\" \/>\n<script type=\"application\/ld+json\" class=\"yoast-schema-graph\">{\"@context\":\"https:\\\/\\\/schema.org\",\"@graph\":[{\"@type\":\"Article\",\"@id\":\"https:\\\/\\\/hotnewsinworld.com\\\/hu\\\/tiz-ev-utan-eloszor-tobben-valasztottak-a-szakkepzest-mint-a-gimnaziumot\\\/#article\",\"isPartOf\":{\"@id\":\"https:\\\/\\\/hotnewsinworld.com\\\/hu\\\/tiz-ev-utan-eloszor-tobben-valasztottak-a-szakkepzest-mint-a-gimnaziumot\\\/\"},\"author\":{\"name\":\"hotnewsinworld\",\"@id\":\"https:\\\/\\\/hotnewsinworld.com\\\/hu\\\/#\\\/schema\\\/person\\\/fe61448b21c0d59086e75fcc1f9d8f6b\"},\"headline\":\"T\u00edz \u00e9v ut\u00e1n el\u0151sz\u00f6r t\u00f6bben v\u00e1lasztott\u00e1k a szakk\u00e9pz\u00e9st, mint a gimn\u00e1ziumot\",\"datePublished\":\"2019-08-31T20:12:06+00:00\",\"dateModified\":\"2019-08-31T20:12:07+00:00\",\"mainEntityOfPage\":{\"@id\":\"https:\\\/\\\/hotnewsinworld.com\\\/hu\\\/tiz-ev-utan-eloszor-tobben-valasztottak-a-szakkepzest-mint-a-gimnaziumot\\\/\"},\"wordCount\":369,\"commentCount\":0,\"image\":{\"@id\":\"https:\\\/\\\/hotnewsinworld.com\\\/hu\\\/tiz-ev-utan-eloszor-tobben-valasztottak-a-szakkepzest-mint-a-gimnaziumot\\\/#primaryimage\"},\"thumbnailUrl\":\"https:\\\/\\\/hotnewsinworld.com\\\/hu\\\/wp-content\\\/uploads\\\/sites\\\/3\\\/2019\\\/08\\\/T\u00edz-\u00e9v-ut\u00e1n-el\u0151sz\u00f6r-t\u00f6bben-v\u00e1lasztott\u00e1k-a-szakk\u00e9pz\u00e9st-mint-a.jpg\",\"articleSection\":[\"LEG\u00daJABB P\u00c9NZ\u00dcGYI H\u00cdREK\"],\"inLanguage\":\"hu\",\"potentialAction\":[{\"@type\":\"CommentAction\",\"name\":\"Comment\",\"target\":[\"https:\\\/\\\/hotnewsinworld.com\\\/hu\\\/tiz-ev-utan-eloszor-tobben-valasztottak-a-szakkepzest-mint-a-gimnaziumot\\\/#respond\"]}]},{\"@type\":\"WebPage\",\"@id\":\"https:\\\/\\\/hotnewsinworld.com\\\/hu\\\/tiz-ev-utan-eloszor-tobben-valasztottak-a-szakkepzest-mint-a-gimnaziumot\\\/\",\"url\":\"https:\\\/\\\/hotnewsinworld.com\\\/hu\\\/tiz-ev-utan-eloszor-tobben-valasztottak-a-szakkepzest-mint-a-gimnaziumot\\\/\",\"name\":\"T\u00edz \u00e9v ut\u00e1n el\u0151sz\u00f6r t\u00f6bben v\u00e1lasztott\u00e1k a szakk\u00e9pz\u00e9st, mint a gimn\u00e1ziumot - Hot News in World\",\"isPartOf\":{\"@id\":\"https:\\\/\\\/hotnewsinworld.com\\\/hu\\\/#website\"},\"primaryImageOfPage\":{\"@id\":\"https:\\\/\\\/hotnewsinworld.com\\\/hu\\\/tiz-ev-utan-eloszor-tobben-valasztottak-a-szakkepzest-mint-a-gimnaziumot\\\/#primaryimage\"},\"image\":{\"@id\":\"https:\\\/\\\/hotnewsinworld.com\\\/hu\\\/tiz-ev-utan-eloszor-tobben-valasztottak-a-szakkepzest-mint-a-gimnaziumot\\\/#primaryimage\"},\"thumbnailUrl\":\"https:\\\/\\\/hotnewsinworld.com\\\/hu\\\/wp-content\\\/uploads\\\/sites\\\/3\\\/2019\\\/08\\\/T\u00edz-\u00e9v-ut\u00e1n-el\u0151sz\u00f6r-t\u00f6bben-v\u00e1lasztott\u00e1k-a-szakk\u00e9pz\u00e9st-mint-a.jpg\",\"datePublished\":\"2019-08-31T20:12:06+00:00\",\"dateModified\":\"2019-08-31T20:12:07+00:00\",\"author\":{\"@id\":\"https:\\\/\\\/hotnewsinworld.com\\\/hu\\\/#\\\/schema\\\/person\\\/fe61448b21c0d59086e75fcc1f9d8f6b\"},\"breadcrumb\":{\"@id\":\"https:\\\/\\\/hotnewsinworld.com\\\/hu\\\/tiz-ev-utan-eloszor-tobben-valasztottak-a-szakkepzest-mint-a-gimnaziumot\\\/#breadcrumb\"},\"inLanguage\":\"hu\",\"potentialAction\":[{\"@type\":\"ReadAction\",\"target\":[\"https:\\\/\\\/hotnewsinworld.com\\\/hu\\\/tiz-ev-utan-eloszor-tobben-valasztottak-a-szakkepzest-mint-a-gimnaziumot\\\/\"]}]},{\"@type\":\"ImageObject\",\"inLanguage\":\"hu\",\"@id\":\"https:\\\/\\\/hotnewsinworld.com\\\/hu\\\/tiz-ev-utan-eloszor-tobben-valasztottak-a-szakkepzest-mint-a-gimnaziumot\\\/#primaryimage\",\"url\":\"https:\\\/\\\/hotnewsinworld.com\\\/hu\\\/wp-content\\\/uploads\\\/sites\\\/3\\\/2019\\\/08\\\/T\u00edz-\u00e9v-ut\u00e1n-el\u0151sz\u00f6r-t\u00f6bben-v\u00e1lasztott\u00e1k-a-szakk\u00e9pz\u00e9st-mint-a.jpg\",\"contentUrl\":\"https:\\\/\\\/hotnewsinworld.com\\\/hu\\\/wp-content\\\/uploads\\\/sites\\\/3\\\/2019\\\/08\\\/T\u00edz-\u00e9v-ut\u00e1n-el\u0151sz\u00f6r-t\u00f6bben-v\u00e1lasztott\u00e1k-a-szakk\u00e9pz\u00e9st-mint-a.jpg\",\"width\":1024,\"height\":596,\"caption\":\"T\u00edz \u00e9v ut\u00e1n el\u0151sz\u00f6r t\u00f6bben v\u00e1lasztott\u00e1k a szakk\u00e9pz\u00e9st, mint a gimn\u00e1ziumot\"},{\"@type\":\"BreadcrumbList\",\"@id\":\"https:\\\/\\\/hotnewsinworld.com\\\/hu\\\/tiz-ev-utan-eloszor-tobben-valasztottak-a-szakkepzest-mint-a-gimnaziumot\\\/#breadcrumb\",\"itemListElement\":[{\"@type\":\"ListItem\",\"position\":1,\"name\":\"\u0413\u043b\u0430\u0432\u043d\u0430\u044f \u0441\u0442\u0440\u0430\u043d\u0438\u0446\u0430\",\"item\":\"https:\\\/\\\/hotnewsinworld.com\\\/hu\\\/\"},{\"@type\":\"ListItem\",\"position\":2,\"name\":\"T\u00edz \u00e9v ut\u00e1n el\u0151sz\u00f6r t\u00f6bben v\u00e1lasztott\u00e1k a szakk\u00e9pz\u00e9st, mint a gimn\u00e1ziumot\"}]},{\"@type\":\"WebSite\",\"@id\":\"https:\\\/\\\/hotnewsinworld.com\\\/hu\\\/#website\",\"url\":\"https:\\\/\\\/hotnewsinworld.com\\\/hu\\\/\",\"name\":\"Hot News in World\",\"description\":\"Hot News in World from Hungary\",\"potentialAction\":[{\"@type\":\"SearchAction\",\"target\":{\"@type\":\"EntryPoint\",\"urlTemplate\":\"https:\\\/\\\/hotnewsinworld.com\\\/hu\\\/?s={search_term_string}\"},\"query-input\":{\"@type\":\"PropertyValueSpecification\",\"valueRequired\":true,\"valueName\":\"search_term_string\"}}],\"inLanguage\":\"hu\"},{\"@type\":\"Person\",\"@id\":\"https:\\\/\\\/hotnewsinworld.com\\\/hu\\\/#\\\/schema\\\/person\\\/fe61448b21c0d59086e75fcc1f9d8f6b\",\"name\":\"hotnewsinworld\",\"image\":{\"@type\":\"ImageObject\",\"inLanguage\":\"hu\",\"@id\":\"https:\\\/\\\/secure.gravatar.com\\\/avatar\\\/8a09ac165600ce2e1c38fe593c63928eb1e6e7ba5c5a907d67787c41b3d00c14?s=96&d=mm&r=g\",\"url\":\"https:\\\/\\\/secure.gravatar.com\\\/avatar\\\/8a09ac165600ce2e1c38fe593c63928eb1e6e7ba5c5a907d67787c41b3d00c14?s=96&d=mm&r=g\",\"contentUrl\":\"https:\\\/\\\/secure.gravatar.com\\\/avatar\\\/8a09ac165600ce2e1c38fe593c63928eb1e6e7ba5c5a907d67787c41b3d00c14?s=96&d=mm&r=g\",\"caption\":\"hotnewsinworld\"},\"url\":\"https:\\\/\\\/hotnewsinworld.com\\\/hu\\\/author\\\/pt\\\/\"}]}<\/script>\n<!-- \/ Yoast SEO plugin. -->","yoast_head_json":{"title":"T\u00edz \u00e9v ut\u00e1n el\u0151sz\u00f6r t\u00f6bben v\u00e1lasztott\u00e1k a szakk\u00e9pz\u00e9st, mint a gimn\u00e1ziumot - Hot News in World","robots":{"index":"index","follow":"follow","max-snippet":"max-snippet:-1","max-image-preview":"max-image-preview:large","max-video-preview":"max-video-preview:-1"},"canonical":"https:\/\/hotnewsinworld.com\/hu\/tiz-ev-utan-eloszor-tobben-valasztottak-a-szakkepzest-mint-a-gimnaziumot\/","og_locale":"hu_HU","og_type":"article","og_title":"T\u00edz \u00e9v ut\u00e1n el\u0151sz\u00f6r t\u00f6bben v\u00e1lasztott\u00e1k a szakk\u00e9pz\u00e9st, mint a gimn\u00e1ziumot - Hot News in World","og_description":"[ad_1] T\u00edz \u00e9v ut\u00e1n el\u0151sz\u00f6r 8,5 sz\u00e1zal\u00e9kkal t\u00f6bb di\u00e1k kezdte meg tanulm\u00e1nyait szakgimn\u00e1ziumban, mint \u00e1ltal\u00e1nos gimn\u00e1ziumban tavaly, ez is jelzi, hogy a szakk\u00e9pz\u00e9s\u00e9 a j\u00f6v\u0151 \u2013 mondta az innov\u00e1ci\u00f3s \u00e9s technol\u00f3giai miniszter az orsz\u00e1gos szakk\u00e9pz\u00e9si tan\u00e9vnyit\u00f3n szombaton Ny\u00edregyh\u00e1z\u00e1n. Palkovics L\u00e1szl\u00f3 a Ny\u00edregyh\u00e1zi Szakk\u00e9pz\u00e9si Centrumban tartott \u00fcnneps\u00e9gen kiemelte, a magyar tanul\u00f3k sorra hozz\u00e1k el a hazai [&hellip;]","og_url":"https:\/\/hotnewsinworld.com\/hu\/tiz-ev-utan-eloszor-tobben-valasztottak-a-szakkepzest-mint-a-gimnaziumot\/","og_site_name":"Hot News in World","article_published_time":"2019-08-31T20:12:06+00:00","article_modified_time":"2019-08-31T20:12:07+00:00","og_image":[{"width":1024,"height":596,"url":"https:\/\/hotnewsinworld.com\/hu\/wp-content\/uploads\/sites\/3\/2019\/08\/T\u00edz-\u00e9v-ut\u00e1n-el\u0151sz\u00f6r-t\u00f6bben-v\u00e1lasztott\u00e1k-a-szakk\u00e9pz\u00e9st-mint-a.jpg","type":"image\/jpeg"}],"author":"hotnewsinworld","twitter_card":"summary_large_image","twitter_misc":{"Szerz\u0151:":"hotnewsinworld","Becs\u00fclt olvas\u00e1si id\u0151":"2 perc"},"schema":{"@context":"https:\/\/schema.org","@graph":[{"@type":"Article","@id":"https:\/\/hotnewsinworld.com\/hu\/tiz-ev-utan-eloszor-tobben-valasztottak-a-szakkepzest-mint-a-gimnaziumot\/#article","isPartOf":{"@id":"https:\/\/hotnewsinworld.com\/hu\/tiz-ev-utan-eloszor-tobben-valasztottak-a-szakkepzest-mint-a-gimnaziumot\/"},"author":{"name":"hotnewsinworld","@id":"https:\/\/hotnewsinworld.com\/hu\/#\/schema\/person\/fe61448b21c0d59086e75fcc1f9d8f6b"},"headline":"T\u00edz \u00e9v ut\u00e1n el\u0151sz\u00f6r t\u00f6bben v\u00e1lasztott\u00e1k a szakk\u00e9pz\u00e9st, mint a gimn\u00e1ziumot","datePublished":"2019-08-31T20:12:06+00:00","dateModified":"2019-08-31T20:12:07+00:00","mainEntityOfPage":{"@id":"https:\/\/hotnewsinworld.com\/hu\/tiz-ev-utan-eloszor-tobben-valasztottak-a-szakkepzest-mint-a-gimnaziumot\/"},"wordCount":369,"commentCount":0,"image":{"@id":"https:\/\/hotnewsinworld.com\/hu\/tiz-ev-utan-eloszor-tobben-valasztottak-a-szakkepzest-mint-a-gimnaziumot\/#primaryimage"},"thumbnailUrl":"https:\/\/hotnewsinworld.com\/hu\/wp-content\/uploads\/sites\/3\/2019\/08\/T\u00edz-\u00e9v-ut\u00e1n-el\u0151sz\u00f6r-t\u00f6bben-v\u00e1lasztott\u00e1k-a-szakk\u00e9pz\u00e9st-mint-a.jpg","articleSection":["LEG\u00daJABB P\u00c9NZ\u00dcGYI H\u00cdREK"],"inLanguage":"hu","potentialAction":[{"@type":"CommentAction","name":"Comment","target":["https:\/\/hotnewsinworld.com\/hu\/tiz-ev-utan-eloszor-tobben-valasztottak-a-szakkepzest-mint-a-gimnaziumot\/#respond"]}]},{"@type":"WebPage","@id":"https:\/\/hotnewsinworld.com\/hu\/tiz-ev-utan-eloszor-tobben-valasztottak-a-szakkepzest-mint-a-gimnaziumot\/","url":"https:\/\/hotnewsinworld.com\/hu\/tiz-ev-utan-eloszor-tobben-valasztottak-a-szakkepzest-mint-a-gimnaziumot\/","name":"T\u00edz \u00e9v ut\u00e1n el\u0151sz\u00f6r t\u00f6bben v\u00e1lasztott\u00e1k a szakk\u00e9pz\u00e9st, mint a gimn\u00e1ziumot - Hot News in World","isPartOf":{"@id":"https:\/\/hotnewsinworld.com\/hu\/#website"},"primaryImageOfPage":{"@id":"https:\/\/hotnewsinworld.com\/hu\/tiz-ev-utan-eloszor-tobben-valasztottak-a-szakkepzest-mint-a-gimnaziumot\/#primaryimage"},"image":{"@id":"https:\/\/hotnewsinworld.com\/hu\/tiz-ev-utan-eloszor-tobben-valasztottak-a-szakkepzest-mint-a-gimnaziumot\/#primaryimage"},"thumbnailUrl":"https:\/\/hotnewsinworld.com\/hu\/wp-content\/uploads\/sites\/3\/2019\/08\/T\u00edz-\u00e9v-ut\u00e1n-el\u0151sz\u00f6r-t\u00f6bben-v\u00e1lasztott\u00e1k-a-szakk\u00e9pz\u00e9st-mint-a.jpg","datePublished":"2019-08-31T20:12:06+00:00","dateModified":"2019-08-31T20:12:07+00:00","author":{"@id":"https:\/\/hotnewsinworld.com\/hu\/#\/schema\/person\/fe61448b21c0d59086e75fcc1f9d8f6b"},"breadcrumb":{"@id":"https:\/\/hotnewsinworld.com\/hu\/tiz-ev-utan-eloszor-tobben-valasztottak-a-szakkepzest-mint-a-gimnaziumot\/#breadcrumb"},"inLanguage":"hu","potentialAction":[{"@type":"ReadAction","target":["https:\/\/hotnewsinworld.com\/hu\/tiz-ev-utan-eloszor-tobben-valasztottak-a-szakkepzest-mint-a-gimnaziumot\/"]}]},{"@type":"ImageObject","inLanguage":"hu","@id":"https:\/\/hotnewsinworld.com\/hu\/tiz-ev-utan-eloszor-tobben-valasztottak-a-szakkepzest-mint-a-gimnaziumot\/#primaryimage","url":"https:\/\/hotnewsinworld.com\/hu\/wp-content\/uploads\/sites\/3\/2019\/08\/T\u00edz-\u00e9v-ut\u00e1n-el\u0151sz\u00f6r-t\u00f6bben-v\u00e1lasztott\u00e1k-a-szakk\u00e9pz\u00e9st-mint-a.jpg","contentUrl":"https:\/\/hotnewsinworld.com\/hu\/wp-content\/uploads\/sites\/3\/2019\/08\/T\u00edz-\u00e9v-ut\u00e1n-el\u0151sz\u00f6r-t\u00f6bben-v\u00e1lasztott\u00e1k-a-szakk\u00e9pz\u00e9st-mint-a.jpg","width":1024,"height":596,"caption":"T\u00edz \u00e9v ut\u00e1n el\u0151sz\u00f6r t\u00f6bben v\u00e1lasztott\u00e1k a szakk\u00e9pz\u00e9st, mint a gimn\u00e1ziumot"},{"@type":"BreadcrumbList","@id":"https:\/\/hotnewsinworld.com\/hu\/tiz-ev-utan-eloszor-tobben-valasztottak-a-szakkepzest-mint-a-gimnaziumot\/#breadcrumb","itemListElement":[{"@type":"ListItem","position":1,"name":"\u0413\u043b\u0430\u0432\u043d\u0430\u044f \u0441\u0442\u0440\u0430\u043d\u0438\u0446\u0430","item":"https:\/\/hotnewsinworld.com\/hu\/"},{"@type":"ListItem","position":2,"name":"T\u00edz \u00e9v ut\u00e1n el\u0151sz\u00f6r t\u00f6bben v\u00e1lasztott\u00e1k a szakk\u00e9pz\u00e9st, mint a gimn\u00e1ziumot"}]},{"@type":"WebSite","@id":"https:\/\/hotnewsinworld.com\/hu\/#website","url":"https:\/\/hotnewsinworld.com\/hu\/","name":"Hot News in World","description":"Hot News in World from Hungary","potentialAction":[{"@type":"SearchAction","target":{"@type":"EntryPoint","urlTemplate":"https:\/\/hotnewsinworld.com\/hu\/?s={search_term_string}"},"query-input":{"@type":"PropertyValueSpecification","valueRequired":true,"valueName":"search_term_string"}}],"inLanguage":"hu"},{"@type":"Person","@id":"https:\/\/hotnewsinworld.com\/hu\/#\/schema\/person\/fe61448b21c0d59086e75fcc1f9d8f6b","name":"hotnewsinworld","image":{"@type":"ImageObject","inLanguage":"hu","@id":"https:\/\/secure.gravatar.com\/avatar\/8a09ac165600ce2e1c38fe593c63928eb1e6e7ba5c5a907d67787c41b3d00c14?s=96&d=mm&r=g","url":"https:\/\/secure.gravatar.com\/avatar\/8a09ac165600ce2e1c38fe593c63928eb1e6e7ba5c5a907d67787c41b3d00c14?s=96&d=mm&r=g","contentUrl":"https:\/\/secure.gravatar.com\/avatar\/8a09ac165600ce2e1c38fe593c63928eb1e6e7ba5c5a907d67787c41b3d00c14?s=96&d=mm&r=g","caption":"hotnewsinworld"},"url":"https:\/\/hotnewsinworld.com\/hu\/author\/pt\/"}]}},"_links":{"self":[{"href":"https:\/\/hotnewsinworld.com\/hu\/wp-json\/wp\/v2\/posts\/1452","targetHints":{"allow":["GET"]}}],"collection":[{"href":"https:\/\/hotnewsinworld.com\/hu\/wp-json\/wp\/v2\/posts"}],"about":[{"href":"https:\/\/hotnewsinworld.com\/hu\/wp-json\/wp\/v2\/types\/post"}],"author":[{"embeddable":true,"href":"https:\/\/hotnewsinworld.com\/hu\/wp-json\/wp\/v2\/users\/2"}],"replies":[{"embeddable":true,"href":"https:\/\/hotnewsinworld.com\/hu\/wp-json\/wp\/v2\/comments?post=1452"}],"version-history":[{"count":1,"href":"https:\/\/hotnewsinworld.com\/hu\/wp-json\/wp\/v2\/posts\/1452\/revisions"}],"predecessor-version":[{"id":1454,"href":"https:\/\/hotnewsinworld.com\/hu\/wp-json\/wp\/v2\/posts\/1452\/revisions\/1454"}],"wp:featuredmedia":[{"embeddable":true,"href":"https:\/\/hotnewsinworld.com\/hu\/wp-json\/wp\/v2\/media\/1453"}],"wp:attachment":[{"href":"https:\/\/hotnewsinworld.com\/hu\/wp-json\/wp\/v2\/media?parent=1452"}],"wp:term":[{"taxonomy":"category","embeddable":true,"href":"https:\/\/hotnewsinworld.com\/hu\/wp-json\/wp\/v2\/categories?post=1452"},{"taxonomy":"post_tag","embeddable":true,"href":"https:\/\/hotnewsinworld.com\/hu\/wp-json\/wp\/v2\/tags?post=1452"}],"curies":[{"name":"wp","href":"https:\/\/api.w.org\/{rel}","templated":true}]}}