{"id":1464,"date":"2019-09-01T04:44:30","date_gmt":"2019-09-01T01:44:30","guid":{"rendered":"https:\/\/hotnewsinworld.com\/hu\/a-kormany-keszen-all-vari-attila-pecsi-polgarmesterjelolt-terveinek-tamogatasara\/"},"modified":"2019-09-01T04:44:37","modified_gmt":"2019-09-01T01:44:37","slug":"a-kormany-keszen-all-vari-attila-pecsi-polgarmesterjelolt-terveinek-tamogatasara","status":"publish","type":"post","link":"https:\/\/hotnewsinworld.com\/hu\/a-kormany-keszen-all-vari-attila-pecsi-polgarmesterjelolt-terveinek-tamogatasara\/","title":{"rendered":"A korm\u00e1ny k\u00e9szen \u00e1ll V\u00e1ri Attila p\u00e9csi polg\u00e1rmesterjel\u00f6lt terveinek t\u00e1mogat\u00e1s\u00e1ra"},"content":{"rendered":"<p> [ad_1]<br \/>\n<\/p>\n<div>\n<div class=\"talalat kotegTitle\">\n<p class=\"lead\">Biztos j\u00f6v\u0151k\u00e9pe van P\u00e9ccsel kapcsolatban a k\u00e9tszeres olimpiai bajnok v\u00edzilabd\u00e1z\u00f3 V\u00e1ri Attil\u00e1nak, a Fidesz, a KDNP \u00e9s az \u00d6sszefog\u00e1s P\u00e9cs\u00e9rt polg\u00e1rmester-jel\u00f6ltj\u00e9nek, akit k\u00e9sz t\u00e1mogatni a korm\u00e1ny \u2013 mondta Guly\u00e1s Gergely a baranyai megyesz\u00e9khelyen.<\/p>\n<\/div>\n<div class=\"talalat contsrc_694  szurke line-with-image-container\"><span class=\"line-with-image\"><span class=\"line-with-image-inner\" style=\"background-image:url('https:\/\/stat.hirstart.hu\/image\/20190831\/4849750\/gulyas_gergely_a_kormany_keszen_all_vari_attila_pecsi_polgarmesterjelolt_terveinek_tamogatasara-73x73-crop.jpg');background-repeat: no-repeat; background-size: 73.00px auto; width: 73.00px; height: 73.00px\"><\/span><\/span>class=&#8221;line-title-with-image&#8221;&gt;<\/p>\n<div class=\"line-with-image-search-padding\">\n<p class=\"lead\">V\u00e1ri Attil\u00e1nak biztos j\u00f6v\u0151k\u00e9pe van P\u00e9ccsel \u00e9s azzal kapcsolatban, hogy a baranyai megyesz\u00e9khelynek milyen szerepe legyen a r\u00e9gi\u00f3ban.<\/p>\n<\/div>\n<\/div>\n<div class=\"talalat contsrc_1056  szurke \">class=&#8221;&#8221;&gt;<\/p>\n<p class=\"lead\">V\u00e1ri Attil\u00e1nak biztos j\u00f6v\u0151k\u00e9pe van P\u00e9ccsel \u00e9s azzal kapcsolatban, hogy a baranyai megyesz\u00e9khelynek milyen szerepe legyen a r\u00e9gi\u00f3ban \u2013 hangs\u00falyozta a Minisztereln\u00f6ks\u00e9get vezet\u0151 miniszter.<\/p>\n<\/div>\n<div class=\"talalat contsrc_691  line-with-image-container\"><span class=\"line-with-image\"><span class=\"line-with-image-inner\" style=\"background-image:url('https:\/\/stat.hirstart.hu\/image\/20190831\/4849990\/gulyas_gergely_a_kormany_keszen_all_vari_attila_pecsi_polgarmesterjelolt_terveinek_tamogatasara_3-73x73-crop.jpg');background-repeat: no-repeat; background-size: 73.00px auto; width: 73.00px; height: 73.00px\"><\/span><\/span>class=&#8221;line-title-with-image&#8221;&gt;<\/p>\n<div class=\"line-with-image-search-padding\">\n<p class=\"lead\">A korm\u00e1ny k\u00e9szen \u00e1ll arra, hogy a Fidesz, a KDNP \u00e9s az \u00d6sszefog\u00e1s P\u00e9cs\u00e9rt \u00e1ltal t\u00e1mogatott V\u00e1ri Attila p\u00e9csi polg\u00e1rmesterjel\u00f6lt terveit t\u00e1mogassa, megv\u00e1laszt\u00e1sa eset\u00e9n &#8211; jelentette ki Guly\u00e1s Gergely, a Minisztereln\u00f6ks\u00e9get vezet\u0151 miniszter a baranyai megyesz\u00e9khelyen \u00fajs\u00e1g\u00edr\u00f3knak.<\/p>\n<\/div>\n<\/div>\n<div class=\"talalat contsrc_537  szurke \">class=&#8221;&#8221;&gt;<\/p>\n<p class=\"lead\">A korm\u00e1ny k\u00e9szen \u00e1ll arra, hogy a Fidesz, a KDNP \u00e9s az \u00d6sszefog\u00e1s P\u00e9cs\u00e9rt \u00e1ltal t\u00e1mogatott V\u00e1ri Attila p\u00e9csi polg\u00e1rmesterjel\u00f6lt terveit t\u00e1mogassa, megv\u00e1laszt\u00e1sa eset\u00e9n &#8211; jelentette ki Guly\u00e1s Gergely, a Minisztereln\u00f6ks\u00e9get vezet\u0151 miniszter a baranyai megyesz\u00e9khelyen \u00fajs\u00e1g\u00edr\u00f3knak.<\/p>\n<\/div>\n<div class=\"talalat contsrc_885  line-with-image-container\"><span class=\"line-with-image\"><span class=\"line-with-image-inner\" style=\"background-image:url('https:\/\/stat.hirstart.hu\/image\/20190901\/4851314\/gulyas_gergely_a_kormany_645_milliard_forinttal_tobbet_kolt_oktatasra_2020-ban_mint_2010-ben_4-73x73-crop.jpg');background-repeat: no-repeat; background-size: 73.00px auto; width: 73.00px; height: 73.00px\"><\/span><\/span>class=&#8221;line-title-with-image&#8221;&gt;<\/p>\n<div class=\"line-with-image-search-padding\">\n<p class=\"lead\">A m\u00e1r elfogadott j\u00f6v\u0151 \u00e9vi k\u00f6lts\u00e9gvet\u00e9s szerint a korm\u00e1ny 645 milli\u00e1rd forinttal t\u00f6bbet k\u00f6lt oktat\u00e1sra 2020-ban, mint 2010-ben \u2013 jelentette ki Guly\u00e1s Gergely Minisztereln\u00f6ks\u00e9get vezet\u0151 miniszter a K\u00e1rp\u00e1t-medence reform\u00e1tus oktat\u00e1si int\u00e9zm\u00e9nyeinek szombati k\u00f6z\u00f6s tan\u00e9vnyit\u00f3j\u00e1n, P\u00e9csen. A P\u00e9csi Reform\u00e1tus Koll\u00e9giumban tartott rendezv\u00e9nyen Guly\u00e1s\u2026<\/p>\n<\/div>\n<\/div>\n<div class=\"talalat contsrc_376  szurke \">class=&#8221;&#8221;&gt;<\/p>\n<p class=\"lead\">A korm\u00e1ny k\u00e9szen \u00e1ll arra, hogy a Fidesz, a KDNP \u00e9s az \u00d6sszefog\u00e1s P\u00e9cs\u00e9rt \u00e1ltal t\u00e1mogatott V\u00e1ri Attila p\u00e9csi polg\u00e1rmesterjel\u00f6lt terveit t\u00e1mogassa, megv\u00e1laszt\u00e1sa eset\u00e9n &#8211; jelentette ki Guly\u00e1s Gergely, a Minisztereln\u00f6ks\u00e9get vezet\u0151 miniszter a baranyai megyesz\u00e9khelyen \u00fajs\u00e1g\u00edr\u00f3knak.\u00a0 \u00a0A politikus a K\u00e1rp\u00e1t-medence reform\u00e1tus oktat\u00e1si\u2026<\/p>\n<\/div>\n<div class=\"talalat contsrc_54  line-with-image-container\"><span class=\"line-with-image\"><span class=\"line-with-image-inner\" style=\"background-image:url('https:\/\/stat.hirstart.hu\/image\/20190831\/4849778\/gulyas_a_kormany_keszen_all_vari_attila_pecsi_terveinek_tamogatasara-73x73-crop.jpg');background-repeat: no-repeat; background-size: 73.00px auto; width: 73.00px; height: 73.00px\"><\/span><\/span>class=&#8221;line-title-with-image&#8221;&gt;<\/p>\n<div class=\"line-with-image-search-padding\">\n<p class=\"lead\">A miniszter szerint a polg\u00e1rmesterjel\u00f6ltnek biztos j\u00f6v\u0151k\u00e9pe van P\u00e9ccsel.<\/p>\n<\/div>\n<\/div>\n<div class=\"talalat contsrc_126  szurke \">class=&#8221;&#8221;&gt;<\/p>\n<p class=\"lead\">V\u00e1ri Attila kor\u00e1bbi k\u00e9tszeres olimpiai bajnok v\u00edzilabd\u00e1z\u00f3 P\u00e9csre egy igazi region\u00e1lis k\u00f6zpontk\u00e9nt tekint.<\/p>\n<\/div>\n<div class=\"talalat contsrc_990  line-with-image-container\"><span class=\"line-with-image\"><span class=\"line-with-image-inner\" style=\"background-image:url('https:\/\/stat.hirstart.hu\/image\/20190831\/4849808\/a_kormany_kesz_tamogatni_vari_attila_terveit-73x73-crop.jpg');background-repeat: no-repeat; background-size: 73.00px auto; width: 73.00px; height: 73.00px\"><\/span><\/span>class=&#8221;line-title-with-image&#8221;&gt;<\/p>\n<div class=\"line-with-image-search-padding\">\n<p class=\"lead\">A korm\u00e1ny k\u00e9sz V\u00e1ri Attila p\u00e9csi polg\u00e1rmesterjel\u00f6lt terveinek t\u00e1mogat\u00e1s\u00e1ra \u2013 mondta Guly\u00e1s Gergely.<\/p>\n<\/div>\n<\/div>\n<div class=\"talalat contsrc_879  szurke line-with-image-container\"><span class=\"line-with-image\"><span class=\"line-with-image-inner\" style=\"background-image:url('https:\/\/stat.hirstart.hu\/image\/20190831\/4849799\/gulyas_gergely_a_kormany_kesz_tamogatni_vari_attila_terveit-73x73-crop.jpg');background-repeat: no-repeat; background-size: 73.00px auto; width: 73.00px; height: 73.00px\"><\/span><\/span>class=&#8221;line-title-with-image&#8221;&gt;<\/p>\n<div class=\"line-with-image-search-padding\">\n<p class=\"lead\">A korm\u00e1ny k\u00e9szen \u00e1ll arra, hogy V\u00e1ri Attila p\u00e9csi polg\u00e1rmesterjel\u00f6lt terveit t\u00e1mogassa.<\/p>\n<\/div>\n<\/div>\n<\/div>\n<p><script>(function(d, s, id) {\n  var js, fjs = d.getElementsByTagName(s)[0];\n  if (d.getElementById(id)) return;\n  js = d.createElement(s); js.id = id;\n  js.src = \"http:\/\/connect.facebook.net\/hu_HU\/sdk.js#xfbml=1&version=v2.6\";\n  fjs.parentNode.insertBefore(js, fjs);\n}(document, 'script', 'facebook-jssdk'));<\/script><br \/>\n<br \/>[ad_2]<br \/>\n<br \/><a href=\"https:\/\/hirek.oldal.info\/rssclick\/14359727\">Source link <\/a><\/p>\n","protected":false},"excerpt":{"rendered":"<p>[ad_1] Biztos j\u00f6v\u0151k\u00e9pe van P\u00e9ccsel kapcsolatban a k\u00e9tszeres olimpiai bajnok v\u00edzilabd\u00e1z\u00f3 V\u00e1ri Attil\u00e1nak, a Fidesz, a KDNP \u00e9s az \u00d6sszefog\u00e1s P\u00e9cs\u00e9rt polg\u00e1rmester-jel\u00f6ltj\u00e9nek, akit k\u00e9sz t\u00e1mogatni a korm\u00e1ny \u2013 mondta Guly\u00e1s Gergely a baranyai megyesz\u00e9khelyen. class=&#8221;line-title-with-image&#8221;&gt; V\u00e1ri Attil\u00e1nak biztos j\u00f6v\u0151k\u00e9pe van P\u00e9ccsel \u00e9s azzal kapcsolatban, hogy a baranyai megyesz\u00e9khelynek milyen szerepe legyen a r\u00e9gi\u00f3ban. class=&#8221;&#8221;&gt; V\u00e1ri [&hellip;]<\/p>\n","protected":false},"author":2,"featured_media":1465,"comment_status":"open","ping_status":"open","sticky":false,"template":"","format":"standard","meta":{"footnotes":""},"categories":[1],"tags":[],"class_list":["post-1464","post","type-post","status-publish","format-standard","has-post-thumbnail","hentry","category-legujabb-penzugyi-hirek"],"yoast_head":"<!-- This site is optimized with the Yoast SEO plugin v27.4 - https:\/\/yoast.com\/product\/yoast-seo-wordpress\/ -->\n<title>A korm\u00e1ny k\u00e9szen \u00e1ll V\u00e1ri Attila p\u00e9csi polg\u00e1rmesterjel\u00f6lt terveinek t\u00e1mogat\u00e1s\u00e1ra - Hot News in World<\/title>\n<meta name=\"robots\" content=\"index, follow, max-snippet:-1, max-image-preview:large, max-video-preview:-1\" \/>\n<link rel=\"canonical\" href=\"https:\/\/hotnewsinworld.com\/hu\/a-kormany-keszen-all-vari-attila-pecsi-polgarmesterjelolt-terveinek-tamogatasara\/\" \/>\n<meta property=\"og:locale\" content=\"hu_HU\" \/>\n<meta property=\"og:type\" content=\"article\" \/>\n<meta property=\"og:title\" content=\"A korm\u00e1ny k\u00e9szen \u00e1ll V\u00e1ri Attila p\u00e9csi polg\u00e1rmesterjel\u00f6lt terveinek t\u00e1mogat\u00e1s\u00e1ra - Hot News in World\" \/>\n<meta property=\"og:description\" content=\"[ad_1] Biztos j\u00f6v\u0151k\u00e9pe van P\u00e9ccsel kapcsolatban a k\u00e9tszeres olimpiai bajnok v\u00edzilabd\u00e1z\u00f3 V\u00e1ri Attil\u00e1nak, a Fidesz, a KDNP \u00e9s az \u00d6sszefog\u00e1s P\u00e9cs\u00e9rt polg\u00e1rmester-jel\u00f6ltj\u00e9nek, akit k\u00e9sz t\u00e1mogatni a korm\u00e1ny \u2013 mondta Guly\u00e1s Gergely a baranyai megyesz\u00e9khelyen. class=&#8221;line-title-with-image&#8221;&gt; V\u00e1ri Attil\u00e1nak biztos j\u00f6v\u0151k\u00e9pe van P\u00e9ccsel \u00e9s azzal kapcsolatban, hogy a baranyai megyesz\u00e9khelynek milyen szerepe legyen a r\u00e9gi\u00f3ban. class=&#8221;&#8221;&gt; V\u00e1ri [&hellip;]\" \/>\n<meta property=\"og:url\" content=\"https:\/\/hotnewsinworld.com\/hu\/a-kormany-keszen-all-vari-attila-pecsi-polgarmesterjelolt-terveinek-tamogatasara\/\" \/>\n<meta property=\"og:site_name\" content=\"Hot News in World\" \/>\n<meta property=\"article:published_time\" content=\"2019-09-01T01:44:30+00:00\" \/>\n<meta property=\"article:modified_time\" content=\"2019-09-01T01:44:37+00:00\" \/>\n<meta property=\"og:image\" content=\"https:\/\/hotnewsinworld.com\/hu\/wp-content\/uploads\/sites\/3\/2019\/09\/A-korm\u00e1ny-k\u00e9szen-\u00e1ll-V\u00e1ri-Attila-p\u00e9csi-polg\u00e1rmesterjel\u00f6lt-terveinek-t\u00e1mogat\u00e1s\u00e1ra.jpg\" \/>\n\t<meta property=\"og:image:width\" content=\"600\" \/>\n\t<meta property=\"og:image:height\" content=\"315\" \/>\n\t<meta property=\"og:image:type\" content=\"image\/jpeg\" \/>\n<meta name=\"author\" content=\"hotnewsinworld\" \/>\n<meta name=\"twitter:card\" content=\"summary_large_image\" \/>\n<meta name=\"twitter:label1\" content=\"Szerz\u0151:\" \/>\n\t<meta name=\"twitter:data1\" content=\"hotnewsinworld\" \/>\n\t<meta name=\"twitter:label2\" content=\"Becs\u00fclt olvas\u00e1si id\u0151\" \/>\n\t<meta name=\"twitter:data2\" content=\"2 perc\" \/>\n<script type=\"application\/ld+json\" class=\"yoast-schema-graph\">{\"@context\":\"https:\\\/\\\/schema.org\",\"@graph\":[{\"@type\":\"Article\",\"@id\":\"https:\\\/\\\/hotnewsinworld.com\\\/hu\\\/a-kormany-keszen-all-vari-attila-pecsi-polgarmesterjelolt-terveinek-tamogatasara\\\/#article\",\"isPartOf\":{\"@id\":\"https:\\\/\\\/hotnewsinworld.com\\\/hu\\\/a-kormany-keszen-all-vari-attila-pecsi-polgarmesterjelolt-terveinek-tamogatasara\\\/\"},\"author\":{\"name\":\"hotnewsinworld\",\"@id\":\"https:\\\/\\\/hotnewsinworld.com\\\/hu\\\/#\\\/schema\\\/person\\\/fe61448b21c0d59086e75fcc1f9d8f6b\"},\"headline\":\"A korm\u00e1ny k\u00e9szen \u00e1ll V\u00e1ri Attila p\u00e9csi polg\u00e1rmesterjel\u00f6lt terveinek t\u00e1mogat\u00e1s\u00e1ra\",\"datePublished\":\"2019-09-01T01:44:30+00:00\",\"dateModified\":\"2019-09-01T01:44:37+00:00\",\"mainEntityOfPage\":{\"@id\":\"https:\\\/\\\/hotnewsinworld.com\\\/hu\\\/a-kormany-keszen-all-vari-attila-pecsi-polgarmesterjelolt-terveinek-tamogatasara\\\/\"},\"wordCount\":495,\"commentCount\":0,\"image\":{\"@id\":\"https:\\\/\\\/hotnewsinworld.com\\\/hu\\\/a-kormany-keszen-all-vari-attila-pecsi-polgarmesterjelolt-terveinek-tamogatasara\\\/#primaryimage\"},\"thumbnailUrl\":\"https:\\\/\\\/hotnewsinworld.com\\\/hu\\\/wp-content\\\/uploads\\\/sites\\\/3\\\/2019\\\/09\\\/A-korm\u00e1ny-k\u00e9szen-\u00e1ll-V\u00e1ri-Attila-p\u00e9csi-polg\u00e1rmesterjel\u00f6lt-terveinek-t\u00e1mogat\u00e1s\u00e1ra.jpg\",\"articleSection\":[\"LEG\u00daJABB P\u00c9NZ\u00dcGYI H\u00cdREK\"],\"inLanguage\":\"hu\",\"potentialAction\":[{\"@type\":\"CommentAction\",\"name\":\"Comment\",\"target\":[\"https:\\\/\\\/hotnewsinworld.com\\\/hu\\\/a-kormany-keszen-all-vari-attila-pecsi-polgarmesterjelolt-terveinek-tamogatasara\\\/#respond\"]}]},{\"@type\":\"WebPage\",\"@id\":\"https:\\\/\\\/hotnewsinworld.com\\\/hu\\\/a-kormany-keszen-all-vari-attila-pecsi-polgarmesterjelolt-terveinek-tamogatasara\\\/\",\"url\":\"https:\\\/\\\/hotnewsinworld.com\\\/hu\\\/a-kormany-keszen-all-vari-attila-pecsi-polgarmesterjelolt-terveinek-tamogatasara\\\/\",\"name\":\"A korm\u00e1ny k\u00e9szen \u00e1ll V\u00e1ri Attila p\u00e9csi polg\u00e1rmesterjel\u00f6lt terveinek t\u00e1mogat\u00e1s\u00e1ra - Hot News in World\",\"isPartOf\":{\"@id\":\"https:\\\/\\\/hotnewsinworld.com\\\/hu\\\/#website\"},\"primaryImageOfPage\":{\"@id\":\"https:\\\/\\\/hotnewsinworld.com\\\/hu\\\/a-kormany-keszen-all-vari-attila-pecsi-polgarmesterjelolt-terveinek-tamogatasara\\\/#primaryimage\"},\"image\":{\"@id\":\"https:\\\/\\\/hotnewsinworld.com\\\/hu\\\/a-kormany-keszen-all-vari-attila-pecsi-polgarmesterjelolt-terveinek-tamogatasara\\\/#primaryimage\"},\"thumbnailUrl\":\"https:\\\/\\\/hotnewsinworld.com\\\/hu\\\/wp-content\\\/uploads\\\/sites\\\/3\\\/2019\\\/09\\\/A-korm\u00e1ny-k\u00e9szen-\u00e1ll-V\u00e1ri-Attila-p\u00e9csi-polg\u00e1rmesterjel\u00f6lt-terveinek-t\u00e1mogat\u00e1s\u00e1ra.jpg\",\"datePublished\":\"2019-09-01T01:44:30+00:00\",\"dateModified\":\"2019-09-01T01:44:37+00:00\",\"author\":{\"@id\":\"https:\\\/\\\/hotnewsinworld.com\\\/hu\\\/#\\\/schema\\\/person\\\/fe61448b21c0d59086e75fcc1f9d8f6b\"},\"breadcrumb\":{\"@id\":\"https:\\\/\\\/hotnewsinworld.com\\\/hu\\\/a-kormany-keszen-all-vari-attila-pecsi-polgarmesterjelolt-terveinek-tamogatasara\\\/#breadcrumb\"},\"inLanguage\":\"hu\",\"potentialAction\":[{\"@type\":\"ReadAction\",\"target\":[\"https:\\\/\\\/hotnewsinworld.com\\\/hu\\\/a-kormany-keszen-all-vari-attila-pecsi-polgarmesterjelolt-terveinek-tamogatasara\\\/\"]}]},{\"@type\":\"ImageObject\",\"inLanguage\":\"hu\",\"@id\":\"https:\\\/\\\/hotnewsinworld.com\\\/hu\\\/a-kormany-keszen-all-vari-attila-pecsi-polgarmesterjelolt-terveinek-tamogatasara\\\/#primaryimage\",\"url\":\"https:\\\/\\\/hotnewsinworld.com\\\/hu\\\/wp-content\\\/uploads\\\/sites\\\/3\\\/2019\\\/09\\\/A-korm\u00e1ny-k\u00e9szen-\u00e1ll-V\u00e1ri-Attila-p\u00e9csi-polg\u00e1rmesterjel\u00f6lt-terveinek-t\u00e1mogat\u00e1s\u00e1ra.jpg\",\"contentUrl\":\"https:\\\/\\\/hotnewsinworld.com\\\/hu\\\/wp-content\\\/uploads\\\/sites\\\/3\\\/2019\\\/09\\\/A-korm\u00e1ny-k\u00e9szen-\u00e1ll-V\u00e1ri-Attila-p\u00e9csi-polg\u00e1rmesterjel\u00f6lt-terveinek-t\u00e1mogat\u00e1s\u00e1ra.jpg\",\"width\":600,\"height\":315,\"caption\":\"A korm\u00e1ny k\u00e9szen \u00e1ll V\u00e1ri Attila p\u00e9csi polg\u00e1rmesterjel\u00f6lt terveinek t\u00e1mogat\u00e1s\u00e1ra\"},{\"@type\":\"BreadcrumbList\",\"@id\":\"https:\\\/\\\/hotnewsinworld.com\\\/hu\\\/a-kormany-keszen-all-vari-attila-pecsi-polgarmesterjelolt-terveinek-tamogatasara\\\/#breadcrumb\",\"itemListElement\":[{\"@type\":\"ListItem\",\"position\":1,\"name\":\"\u0413\u043b\u0430\u0432\u043d\u0430\u044f \u0441\u0442\u0440\u0430\u043d\u0438\u0446\u0430\",\"item\":\"https:\\\/\\\/hotnewsinworld.com\\\/hu\\\/\"},{\"@type\":\"ListItem\",\"position\":2,\"name\":\"A korm\u00e1ny k\u00e9szen \u00e1ll V\u00e1ri Attila p\u00e9csi polg\u00e1rmesterjel\u00f6lt terveinek t\u00e1mogat\u00e1s\u00e1ra\"}]},{\"@type\":\"WebSite\",\"@id\":\"https:\\\/\\\/hotnewsinworld.com\\\/hu\\\/#website\",\"url\":\"https:\\\/\\\/hotnewsinworld.com\\\/hu\\\/\",\"name\":\"Hot News in World\",\"description\":\"Hot News in World from Hungary\",\"potentialAction\":[{\"@type\":\"SearchAction\",\"target\":{\"@type\":\"EntryPoint\",\"urlTemplate\":\"https:\\\/\\\/hotnewsinworld.com\\\/hu\\\/?s={search_term_string}\"},\"query-input\":{\"@type\":\"PropertyValueSpecification\",\"valueRequired\":true,\"valueName\":\"search_term_string\"}}],\"inLanguage\":\"hu\"},{\"@type\":\"Person\",\"@id\":\"https:\\\/\\\/hotnewsinworld.com\\\/hu\\\/#\\\/schema\\\/person\\\/fe61448b21c0d59086e75fcc1f9d8f6b\",\"name\":\"hotnewsinworld\",\"image\":{\"@type\":\"ImageObject\",\"inLanguage\":\"hu\",\"@id\":\"https:\\\/\\\/secure.gravatar.com\\\/avatar\\\/8a09ac165600ce2e1c38fe593c63928eb1e6e7ba5c5a907d67787c41b3d00c14?s=96&d=mm&r=g\",\"url\":\"https:\\\/\\\/secure.gravatar.com\\\/avatar\\\/8a09ac165600ce2e1c38fe593c63928eb1e6e7ba5c5a907d67787c41b3d00c14?s=96&d=mm&r=g\",\"contentUrl\":\"https:\\\/\\\/secure.gravatar.com\\\/avatar\\\/8a09ac165600ce2e1c38fe593c63928eb1e6e7ba5c5a907d67787c41b3d00c14?s=96&d=mm&r=g\",\"caption\":\"hotnewsinworld\"},\"url\":\"https:\\\/\\\/hotnewsinworld.com\\\/hu\\\/author\\\/pt\\\/\"}]}<\/script>\n<!-- \/ Yoast SEO plugin. -->","yoast_head_json":{"title":"A korm\u00e1ny k\u00e9szen \u00e1ll V\u00e1ri Attila p\u00e9csi polg\u00e1rmesterjel\u00f6lt terveinek t\u00e1mogat\u00e1s\u00e1ra - Hot News in World","robots":{"index":"index","follow":"follow","max-snippet":"max-snippet:-1","max-image-preview":"max-image-preview:large","max-video-preview":"max-video-preview:-1"},"canonical":"https:\/\/hotnewsinworld.com\/hu\/a-kormany-keszen-all-vari-attila-pecsi-polgarmesterjelolt-terveinek-tamogatasara\/","og_locale":"hu_HU","og_type":"article","og_title":"A korm\u00e1ny k\u00e9szen \u00e1ll V\u00e1ri Attila p\u00e9csi polg\u00e1rmesterjel\u00f6lt terveinek t\u00e1mogat\u00e1s\u00e1ra - Hot News in World","og_description":"[ad_1] Biztos j\u00f6v\u0151k\u00e9pe van P\u00e9ccsel kapcsolatban a k\u00e9tszeres olimpiai bajnok v\u00edzilabd\u00e1z\u00f3 V\u00e1ri Attil\u00e1nak, a Fidesz, a KDNP \u00e9s az \u00d6sszefog\u00e1s P\u00e9cs\u00e9rt polg\u00e1rmester-jel\u00f6ltj\u00e9nek, akit k\u00e9sz t\u00e1mogatni a korm\u00e1ny \u2013 mondta Guly\u00e1s Gergely a baranyai megyesz\u00e9khelyen. class=&#8221;line-title-with-image&#8221;&gt; V\u00e1ri Attil\u00e1nak biztos j\u00f6v\u0151k\u00e9pe van P\u00e9ccsel \u00e9s azzal kapcsolatban, hogy a baranyai megyesz\u00e9khelynek milyen szerepe legyen a r\u00e9gi\u00f3ban. class=&#8221;&#8221;&gt; V\u00e1ri [&hellip;]","og_url":"https:\/\/hotnewsinworld.com\/hu\/a-kormany-keszen-all-vari-attila-pecsi-polgarmesterjelolt-terveinek-tamogatasara\/","og_site_name":"Hot News in World","article_published_time":"2019-09-01T01:44:30+00:00","article_modified_time":"2019-09-01T01:44:37+00:00","og_image":[{"width":600,"height":315,"url":"https:\/\/hotnewsinworld.com\/hu\/wp-content\/uploads\/sites\/3\/2019\/09\/A-korm\u00e1ny-k\u00e9szen-\u00e1ll-V\u00e1ri-Attila-p\u00e9csi-polg\u00e1rmesterjel\u00f6lt-terveinek-t\u00e1mogat\u00e1s\u00e1ra.jpg","type":"image\/jpeg"}],"author":"hotnewsinworld","twitter_card":"summary_large_image","twitter_misc":{"Szerz\u0151:":"hotnewsinworld","Becs\u00fclt olvas\u00e1si id\u0151":"2 perc"},"schema":{"@context":"https:\/\/schema.org","@graph":[{"@type":"Article","@id":"https:\/\/hotnewsinworld.com\/hu\/a-kormany-keszen-all-vari-attila-pecsi-polgarmesterjelolt-terveinek-tamogatasara\/#article","isPartOf":{"@id":"https:\/\/hotnewsinworld.com\/hu\/a-kormany-keszen-all-vari-attila-pecsi-polgarmesterjelolt-terveinek-tamogatasara\/"},"author":{"name":"hotnewsinworld","@id":"https:\/\/hotnewsinworld.com\/hu\/#\/schema\/person\/fe61448b21c0d59086e75fcc1f9d8f6b"},"headline":"A korm\u00e1ny k\u00e9szen \u00e1ll V\u00e1ri Attila p\u00e9csi polg\u00e1rmesterjel\u00f6lt terveinek t\u00e1mogat\u00e1s\u00e1ra","datePublished":"2019-09-01T01:44:30+00:00","dateModified":"2019-09-01T01:44:37+00:00","mainEntityOfPage":{"@id":"https:\/\/hotnewsinworld.com\/hu\/a-kormany-keszen-all-vari-attila-pecsi-polgarmesterjelolt-terveinek-tamogatasara\/"},"wordCount":495,"commentCount":0,"image":{"@id":"https:\/\/hotnewsinworld.com\/hu\/a-kormany-keszen-all-vari-attila-pecsi-polgarmesterjelolt-terveinek-tamogatasara\/#primaryimage"},"thumbnailUrl":"https:\/\/hotnewsinworld.com\/hu\/wp-content\/uploads\/sites\/3\/2019\/09\/A-korm\u00e1ny-k\u00e9szen-\u00e1ll-V\u00e1ri-Attila-p\u00e9csi-polg\u00e1rmesterjel\u00f6lt-terveinek-t\u00e1mogat\u00e1s\u00e1ra.jpg","articleSection":["LEG\u00daJABB P\u00c9NZ\u00dcGYI H\u00cdREK"],"inLanguage":"hu","potentialAction":[{"@type":"CommentAction","name":"Comment","target":["https:\/\/hotnewsinworld.com\/hu\/a-kormany-keszen-all-vari-attila-pecsi-polgarmesterjelolt-terveinek-tamogatasara\/#respond"]}]},{"@type":"WebPage","@id":"https:\/\/hotnewsinworld.com\/hu\/a-kormany-keszen-all-vari-attila-pecsi-polgarmesterjelolt-terveinek-tamogatasara\/","url":"https:\/\/hotnewsinworld.com\/hu\/a-kormany-keszen-all-vari-attila-pecsi-polgarmesterjelolt-terveinek-tamogatasara\/","name":"A korm\u00e1ny k\u00e9szen \u00e1ll V\u00e1ri Attila p\u00e9csi polg\u00e1rmesterjel\u00f6lt terveinek t\u00e1mogat\u00e1s\u00e1ra - Hot News in World","isPartOf":{"@id":"https:\/\/hotnewsinworld.com\/hu\/#website"},"primaryImageOfPage":{"@id":"https:\/\/hotnewsinworld.com\/hu\/a-kormany-keszen-all-vari-attila-pecsi-polgarmesterjelolt-terveinek-tamogatasara\/#primaryimage"},"image":{"@id":"https:\/\/hotnewsinworld.com\/hu\/a-kormany-keszen-all-vari-attila-pecsi-polgarmesterjelolt-terveinek-tamogatasara\/#primaryimage"},"thumbnailUrl":"https:\/\/hotnewsinworld.com\/hu\/wp-content\/uploads\/sites\/3\/2019\/09\/A-korm\u00e1ny-k\u00e9szen-\u00e1ll-V\u00e1ri-Attila-p\u00e9csi-polg\u00e1rmesterjel\u00f6lt-terveinek-t\u00e1mogat\u00e1s\u00e1ra.jpg","datePublished":"2019-09-01T01:44:30+00:00","dateModified":"2019-09-01T01:44:37+00:00","author":{"@id":"https:\/\/hotnewsinworld.com\/hu\/#\/schema\/person\/fe61448b21c0d59086e75fcc1f9d8f6b"},"breadcrumb":{"@id":"https:\/\/hotnewsinworld.com\/hu\/a-kormany-keszen-all-vari-attila-pecsi-polgarmesterjelolt-terveinek-tamogatasara\/#breadcrumb"},"inLanguage":"hu","potentialAction":[{"@type":"ReadAction","target":["https:\/\/hotnewsinworld.com\/hu\/a-kormany-keszen-all-vari-attila-pecsi-polgarmesterjelolt-terveinek-tamogatasara\/"]}]},{"@type":"ImageObject","inLanguage":"hu","@id":"https:\/\/hotnewsinworld.com\/hu\/a-kormany-keszen-all-vari-attila-pecsi-polgarmesterjelolt-terveinek-tamogatasara\/#primaryimage","url":"https:\/\/hotnewsinworld.com\/hu\/wp-content\/uploads\/sites\/3\/2019\/09\/A-korm\u00e1ny-k\u00e9szen-\u00e1ll-V\u00e1ri-Attila-p\u00e9csi-polg\u00e1rmesterjel\u00f6lt-terveinek-t\u00e1mogat\u00e1s\u00e1ra.jpg","contentUrl":"https:\/\/hotnewsinworld.com\/hu\/wp-content\/uploads\/sites\/3\/2019\/09\/A-korm\u00e1ny-k\u00e9szen-\u00e1ll-V\u00e1ri-Attila-p\u00e9csi-polg\u00e1rmesterjel\u00f6lt-terveinek-t\u00e1mogat\u00e1s\u00e1ra.jpg","width":600,"height":315,"caption":"A korm\u00e1ny k\u00e9szen \u00e1ll V\u00e1ri Attila p\u00e9csi polg\u00e1rmesterjel\u00f6lt terveinek t\u00e1mogat\u00e1s\u00e1ra"},{"@type":"BreadcrumbList","@id":"https:\/\/hotnewsinworld.com\/hu\/a-kormany-keszen-all-vari-attila-pecsi-polgarmesterjelolt-terveinek-tamogatasara\/#breadcrumb","itemListElement":[{"@type":"ListItem","position":1,"name":"\u0413\u043b\u0430\u0432\u043d\u0430\u044f \u0441\u0442\u0440\u0430\u043d\u0438\u0446\u0430","item":"https:\/\/hotnewsinworld.com\/hu\/"},{"@type":"ListItem","position":2,"name":"A korm\u00e1ny k\u00e9szen \u00e1ll V\u00e1ri Attila p\u00e9csi polg\u00e1rmesterjel\u00f6lt terveinek t\u00e1mogat\u00e1s\u00e1ra"}]},{"@type":"WebSite","@id":"https:\/\/hotnewsinworld.com\/hu\/#website","url":"https:\/\/hotnewsinworld.com\/hu\/","name":"Hot News in World","description":"Hot News in World from Hungary","potentialAction":[{"@type":"SearchAction","target":{"@type":"EntryPoint","urlTemplate":"https:\/\/hotnewsinworld.com\/hu\/?s={search_term_string}"},"query-input":{"@type":"PropertyValueSpecification","valueRequired":true,"valueName":"search_term_string"}}],"inLanguage":"hu"},{"@type":"Person","@id":"https:\/\/hotnewsinworld.com\/hu\/#\/schema\/person\/fe61448b21c0d59086e75fcc1f9d8f6b","name":"hotnewsinworld","image":{"@type":"ImageObject","inLanguage":"hu","@id":"https:\/\/secure.gravatar.com\/avatar\/8a09ac165600ce2e1c38fe593c63928eb1e6e7ba5c5a907d67787c41b3d00c14?s=96&d=mm&r=g","url":"https:\/\/secure.gravatar.com\/avatar\/8a09ac165600ce2e1c38fe593c63928eb1e6e7ba5c5a907d67787c41b3d00c14?s=96&d=mm&r=g","contentUrl":"https:\/\/secure.gravatar.com\/avatar\/8a09ac165600ce2e1c38fe593c63928eb1e6e7ba5c5a907d67787c41b3d00c14?s=96&d=mm&r=g","caption":"hotnewsinworld"},"url":"https:\/\/hotnewsinworld.com\/hu\/author\/pt\/"}]}},"_links":{"self":[{"href":"https:\/\/hotnewsinworld.com\/hu\/wp-json\/wp\/v2\/posts\/1464","targetHints":{"allow":["GET"]}}],"collection":[{"href":"https:\/\/hotnewsinworld.com\/hu\/wp-json\/wp\/v2\/posts"}],"about":[{"href":"https:\/\/hotnewsinworld.com\/hu\/wp-json\/wp\/v2\/types\/post"}],"author":[{"embeddable":true,"href":"https:\/\/hotnewsinworld.com\/hu\/wp-json\/wp\/v2\/users\/2"}],"replies":[{"embeddable":true,"href":"https:\/\/hotnewsinworld.com\/hu\/wp-json\/wp\/v2\/comments?post=1464"}],"version-history":[{"count":1,"href":"https:\/\/hotnewsinworld.com\/hu\/wp-json\/wp\/v2\/posts\/1464\/revisions"}],"predecessor-version":[{"id":1466,"href":"https:\/\/hotnewsinworld.com\/hu\/wp-json\/wp\/v2\/posts\/1464\/revisions\/1466"}],"wp:featuredmedia":[{"embeddable":true,"href":"https:\/\/hotnewsinworld.com\/hu\/wp-json\/wp\/v2\/media\/1465"}],"wp:attachment":[{"href":"https:\/\/hotnewsinworld.com\/hu\/wp-json\/wp\/v2\/media?parent=1464"}],"wp:term":[{"taxonomy":"category","embeddable":true,"href":"https:\/\/hotnewsinworld.com\/hu\/wp-json\/wp\/v2\/categories?post=1464"},{"taxonomy":"post_tag","embeddable":true,"href":"https:\/\/hotnewsinworld.com\/hu\/wp-json\/wp\/v2\/tags?post=1464"}],"curies":[{"name":"wp","href":"https:\/\/api.w.org\/{rel}","templated":true}]}}