{"id":1467,"date":"2019-09-01T06:06:45","date_gmt":"2019-09-01T03:06:45","guid":{"rendered":"https:\/\/hotnewsinworld.com\/hu\/az-egeszsegugyi-allamtitkar-megigerte-hogy-iden-es-jovore-szinte-minden-mentoallomas-kap-uj-mentoautot\/"},"modified":"2019-09-01T06:06:50","modified_gmt":"2019-09-01T03:06:50","slug":"az-egeszsegugyi-allamtitkar-megigerte-hogy-iden-es-jovore-szinte-minden-mentoallomas-kap-uj-mentoautot","status":"publish","type":"post","link":"https:\/\/hotnewsinworld.com\/hu\/az-egeszsegugyi-allamtitkar-megigerte-hogy-iden-es-jovore-szinte-minden-mentoallomas-kap-uj-mentoautot\/","title":{"rendered":"Az eg\u00e9szs\u00e9g\u00fcgyi \u00e1llamtitk\u00e1r meg\u00edg\u00e9rte, hogy id\u00e9n \u00e9s j\u00f6v\u0151re szinte minden ment\u0151\u00e1llom\u00e1s kap \u00faj ment\u0151aut\u00f3t"},"content":{"rendered":"<p> [ad_1]<br \/>\n<\/p>\n<div>\n<div class=\"talalat kotegTitle\">\n<p class=\"lead\">Majdnem minden ment\u0151\u00e1llom\u00e1s \u00faj ment\u0151aut\u00f3t kaphat 2019-ben \u00e9s 2020-ban &#8211; mondta el Horv\u00e1th Ildik\u00f3 eg\u00e9szs\u00e9g\u00fcgy\u00e9rt felel\u0151s \u00e1llamtitk\u00e1r az Orsz\u00e1gos Ment\u0151szolg\u00e1lat napj\u00e1n a\u00a0V\u00e1rosligetben.<\/p>\n<\/div>\n<div class=\"talalat contsrc_263  szurke line-with-image-container\"><span class=\"line-with-image\"><span class=\"line-with-image-inner\" style=\"background-image:url('https:\/\/stat.hirstart.hu\/image\/20190831\/4849952\/uj_mentoautokat_igert_be_az_allamtitkar-73x73-crop.jpg');background-repeat: no-repeat; background-size: 73.00px auto; width: 73.00px; height: 73.00px\"><\/span><\/span>class=&#8221;line-title-with-image&#8221;&gt;<\/p>\n<div class=\"line-with-image-search-padding\">\n<p class=\"lead\">Majdnem minden ment\u0151\u00e1llom\u00e1s \u00faj ment\u0151aut\u00f3t kaphat id\u00e9n \u00e9s j\u00f6v\u0151re &#8211; mondta el Horv\u00e1th Ildik\u00f3 eg\u00e9szs\u00e9g\u00fcgy\u00e9rt felel\u0151s \u00e1llamtitk\u00e1r az Orsz\u00e1gos Ment\u0151szolg\u00e1lat napj\u00e1n a V\u00e1rosligetben.<\/p>\n<\/div>\n<\/div>\n<div class=\"talalat contsrc_24  szurke line-with-image-container\"><span class=\"line-with-image\"><span class=\"line-with-image-inner\" style=\"background-image:url('https:\/\/stat.hirstart.hu\/image\/20190831\/4849630\/allamtitkar_uj_mentoautot_kaphatnak_a_mentoallomasok-73x73-crop.jpg');background-repeat: no-repeat; background-size: 73.00px auto; width: 73.00px; height: 73.00px\"><\/span><\/span>class=&#8221;line-title-with-image&#8221;&gt;<\/p>\n<div class=\"line-with-image-search-padding\">\n<p class=\"lead\">Majdnem minden ment\u0151\u00e1llom\u00e1s \u00faj ment\u0151aut\u00f3t kaphat 2019-ben \u00e9s 2020-ban &#8211; mondta el Horv\u00e1th Ildik\u00f3 eg\u00e9szs\u00e9g\u00fcgy\u00e9rt felel\u0151s \u00e1llamtitk\u00e1r az Orsz\u00e1gos Ment\u0151szolg\u00e1lat napj\u00e1n, szombaton a budapesti V\u00e1rosligetben.<\/p>\n<\/div>\n<\/div>\n<div class=\"talalat contsrc_699  line-with-image-container\"><span class=\"line-with-image\"><span class=\"line-with-image-inner\" style=\"background-image:url('https:\/\/stat.hirstart.hu\/image\/20190831\/4849942\/johetnek_az_uj_mentoautok-73x73-crop.jpg');background-repeat: no-repeat; background-size: 73.00px auto; width: 73.00px; height: 73.00px\"><\/span><\/span>class=&#8221;line-title-with-image&#8221;&gt;<\/p>\n<div class=\"line-with-image-search-padding\">\n<p class=\"lead\">Horv\u00e1th Ildik\u00f3 eg\u00e9szs\u00e9g\u00fcgy\u00e9rt felel\u0151s \u00e1llamtitk\u00e1r az Orsz\u00e1gos Ment\u0151szolg\u00e1lat napj\u00e1n, szombaton a budapesti V\u00e1rosligetben besz\u00e9lt err\u0151l.<\/p>\n<\/div>\n<\/div>\n<div class=\"talalat contsrc_1056  szurke line-with-image-container\"><span class=\"line-with-image\"><span class=\"line-with-image-inner\" style=\"background-image:url('https:\/\/stat.hirstart.hu\/image\/20190831\/4849871\/horvath_ildiko_uj_mentoautot_kaphatnak_a_mentoallomasok-73x73-crop.jpg');background-repeat: no-repeat; background-size: 73.00px auto; width: 73.00px; height: 73.00px\"><\/span><\/span>class=&#8221;line-title-with-image&#8221;&gt;<\/p>\n<div class=\"line-with-image-search-padding\">\n<p class=\"lead\">Majdnem minden ment\u0151\u00e1llom\u00e1s \u00faj ment\u0151aut\u00f3t kaphat id\u00e9n \u00e9s j\u00f6v\u0151re \u2013 emelte ki az eg\u00e9szs\u00e9g\u00fcgy\u00e9rt felel\u0151s \u00e1llamtitk\u00e1r az Orsz\u00e1gos Ment\u0151szolg\u00e1lat napj\u00e1n, szombaton a budapesti V\u00e1rosligetben.<\/p>\n<\/div>\n<\/div>\n<div class=\"talalat contsrc_90  line-with-image-container\"><span class=\"line-with-image\"><span class=\"line-with-image-inner\" style=\"background-image:url('https:\/\/stat.hirstart.hu\/image\/20190831\/4849762\/uj_mentoautokat_igert_az_allamtitkar-73x73-crop.jpeg');background-repeat: no-repeat; background-size: 73.00px auto; width: 73.00px; height: 73.00px\"><\/span><\/span>class=&#8221;line-title-with-image&#8221;&gt;<\/p>\n<div class=\"line-with-image-search-padding\">\n<p class=\"lead\">Majdnem minden ment\u0151\u00e1llom\u00e1s \u00faj ment\u0151aut\u00f3t kaphat 2019-ben \u00e9s 2020-ban &#8211; mondta Horv\u00e1th Ildik\u00f3 eg\u00e9szs\u00e9g\u00fcgy\u00e9rt felel\u0151s \u00e1llamtitk\u00e1r az Orsz\u00e1gos Ment\u0151szolg\u00e1lat napj\u00e1n, szombaton a budapesti V\u00e1rosligetben.<\/p>\n<\/div>\n<\/div>\n<div class=\"talalat contsrc_133  szurke \">class=&#8221;&#8221;&gt;<\/p>\n<p class=\"lead\">Majdnem minden ment\u0151\u00e1llom\u00e1s \u00faj ment\u0151aut\u00f3t kaphat 2019-ben \u00e9s 2020-ban &#8211; mondta el Horv\u00e1th Ildik\u00f3 eg\u00e9szs\u00e9g\u00fcgy\u00e9rt felel\u0151s \u00e1llamtitk\u00e1r az Orsz\u00e1gos Ment\u0151szolg\u00e1lat napj\u00e1n, szombaton a budapesti V\u00e1rosligetben.<\/p>\n<\/div>\n<div class=\"talalat contsrc_62  line-with-image-container\"><span class=\"line-with-image\"><span class=\"line-with-image-inner\" style=\"background-image:url('https:\/\/stat.hirstart.hu\/image\/20190831\/4850226\/uj_mentoautot_kaphatnak_a_mentoallomasok_5-73x73-crop.jpg');background-repeat: no-repeat; background-size: 73.00px auto; width: 73.00px; height: 73.00px\"><\/span><\/span>class=&#8221;line-title-with-image&#8221;&gt;<\/p>\n<div class=\"line-with-image-search-padding\">\n<p class=\"lead\">Majdnem minden ment\u0151\u00e1llom\u00e1s \u00faj ment\u0151aut\u00f3t kaphat 2019-ben \u00e9s 2020-ban &#8211; mondta el Horv\u00e1th Ildik\u00f3 eg\u00e9szs\u00e9g\u00fcgy\u00e9rt felel\u0151s \u00e1llamtitk\u00e1r az Orsz\u00e1gos Ment\u0151szolg\u00e1lat napj\u00e1n, szombaton a budapesti V\u00e1rosligetben.<\/p>\n<\/div>\n<\/div>\n<div class=\"talalat contsrc_537  szurke \">class=&#8221;&#8221;&gt;<\/p>\n<p class=\"lead\">Majdnem minden ment\u0151\u00e1llom\u00e1s \u00faj ment\u0151aut\u00f3t kaphat 2019-ben \u00e9s 2020-ban &#8211; mondta el Horv\u00e1th Ildik\u00f3 eg\u00e9szs\u00e9g\u00fcgy\u00e9rt felel\u0151s \u00e1llamtitk\u00e1r az Orsz\u00e1gos Ment\u0151szolg\u00e1lat napj\u00e1n, szombaton a budapesti V\u00e1rosligetben.<\/p>\n<\/div>\n<div class=\"talalat contsrc_268  line-with-image-container\"><span class=\"line-with-image\"><span class=\"line-with-image-inner\" style=\"background-image:url('https:\/\/stat.hirstart.hu\/image\/20190830\/4846945\/masfelmillios_ajanlatot_kaptak_a_fogorvosok-73x73-crop.jpg');background-repeat: no-repeat; background-size: 73.00px auto; width: 73.00px; height: 73.00px\"><\/span><\/span>class=&#8221;line-title-with-image&#8221;&gt;<\/p>\n<div class=\"line-with-image-search-padding\">\n<p class=\"lead\">Aj\u00e1nlatot kapott a Magyar Orvosi Kamara Fogorvosi Tagozat\u00e1nak eln\u00f6ks\u00e9ge\u00a0Horv\u00e1th Ildik\u00f3 eg\u00e9szs\u00e9g\u00fcgy\u00e9rt felel\u0151s \u00e1llamtitk\u00e1rt\u00f3l \u2013 \u00e9rtes\u00fclt a MedicalOnline.<\/p>\n<\/div>\n<\/div>\n<div class=\"talalat contsrc_1080  szurke \">class=&#8221;&#8221;&gt;<\/p>\n<p class=\"lead\">F\u0171t-f\u00e1t \u00edg\u00e9rgetnek, csak az a baj, hogy a negyede nem val\u00f3sul meg sose Majdnem minden ment\u0151\u00e1llom\u00e1s \u00faj ment\u0151aut\u00f3t kaphat 2019-ben \u00e9s 2020-ban \u2013 mondta el Horv\u00e1th Ildik\u00f3 eg\u00e9szs\u00e9g\u00fcgy\u00e9rt felel\u0151s \u00e1llamtitk\u00e1r az Orsz\u00e1gos Ment\u0151szolg\u00e1lat napj\u00e1n, szombaton a budapesti V\u00e1rosligetben. Az \u00e1llamtitk\u00e1r kiemelt jelent\u0151s\u00e9g\u0171nek nevezte, hogy\u2026<\/p>\n<\/div>\n<div class=\"talalat contsrc_6  line-with-image-container\"><span class=\"line-with-image\"><span class=\"line-with-image-inner\" style=\"background-image:url('https:\/\/stat.hirstart.hu\/image\/20190831\/4850391\/uj_mentoautot_igert_az_allamtitkar-73x73-crop.jpeg');background-repeat: no-repeat; background-size: 73.00px auto; width: 73.00px; height: 73.00px\"><\/span><\/span>class=&#8221;line-title-with-image&#8221;&gt;<\/p>\n<div class=\"line-with-image-search-padding\">\n<p class=\"lead\">Majdnem minden ment\u0151\u00e1llom\u00e1s \u00faj ment\u0151aut\u00f3t kaphat 2019-ben \u00e9s 2020-ban &#8211; mondta el Horv\u00e1th Ildik\u00f3 eg\u00e9szs\u00e9g\u00fcgy\u00e9rt felel\u0151s \u00e1llamtitk\u00e1r az Orsz\u00e1gos Ment\u0151szolg\u00e1lat napj\u00e1n, szombaton a budapesti V\u00e1rosligetben.<\/p>\n<\/div>\n<\/div>\n<div class=\"talalat contsrc_885  szurke line-with-image-container\"><span class=\"line-with-image\"><span class=\"line-with-image-inner\" style=\"background-image:url('https:\/\/stat.hirstart.hu\/image\/20190901\/4851319\/uj_mentoautot_kaphatnak_a_mentoallomasok_7-73x73-crop.jpg');background-repeat: no-repeat; background-size: 73.00px auto; width: 73.00px; height: 73.00px\"><\/span><\/span>class=&#8221;line-title-with-image&#8221;&gt;<\/p>\n<div class=\"line-with-image-search-padding\">\n<p class=\"lead\">Majdnem minden ment\u0151\u00e1llom\u00e1s \u00faj ment\u0151aut\u00f3t kaphat 2019-ben \u00e9s 2020-ban \u2013 mondta el Horv\u00e1th Ildik\u00f3 eg\u00e9szs\u00e9g\u00fcgy\u00e9rt felel\u0151s \u00e1llamtitk\u00e1r az Orsz\u00e1gos Ment\u0151szolg\u00e1lat napj\u00e1n, szombaton a budapesti V\u00e1rosligetben. Az \u00e1llamtitk\u00e1r kiemelt jelent\u0151s\u00e9g\u0171nek nevezte, hogy nemcsak a ment\u0151aut\u00f3k lesznek \u00fajak, hanem a benn\u00fck l\u00e9v\u0151 ment\u00e9si\u2026<\/p>\n<\/div>\n<\/div>\n<div class=\"talalat contsrc_54  line-with-image-container\"><span class=\"line-with-image\"><span class=\"line-with-image-inner\" style=\"background-image:url('https:\/\/stat.hirstart.hu\/image\/20190831\/4849782\/uj_mentoautot_kaphatnak_a_mentoallomasok_3-73x73-crop.jpg');background-repeat: no-repeat; background-size: 73.00px auto; width: 73.00px; height: 73.00px\"><\/span><\/span>class=&#8221;line-title-with-image&#8221;&gt;<\/p>\n<div class=\"line-with-image-search-padding\">\n<p class=\"lead\">2500 \u00faj ment\u00e9stechnikai eszk\u00f6z beszerz\u00e9s\u00e9re is lehet\u0151s\u00e9g ny\u00edlik.<\/p>\n<\/div>\n<\/div>\n<div class=\"talalat contsrc_1  szurke \">class=&#8221;&#8221;&gt;<\/p>\n<p class=\"lead\">Defibrill\u00e1tok \u00e9s l\u00e9legeztet\u0151g\u00e9pek beszerz\u00e9s\u00e9r\u0151l is nyilatkozott az eg\u00e9szs\u00e9g\u00fcgyi \u00e1llamtitk\u00e1r.<\/p>\n<\/div>\n<div class=\"talalat contsrc_896  line-with-image-container\"><span class=\"line-with-image\"><span class=\"line-with-image-inner\" style=\"background-image:url('https:\/\/stat.hirstart.hu\/image\/20190831\/4850633\/mentonap_-_horvath_ildiko_uj_mentoautot_kaphatnak_a_mentoallomasok-73x73-crop.jpg');background-repeat: no-repeat; background-size: 73.00px auto; width: 73.00px; height: 73.00px\"><\/span><\/span>class=&#8221;line-title-with-image&#8221;&gt;<\/p>\n<div class=\"line-with-image-search-padding\">\n<p class=\"lead\">Majdnem minden ment\u0151\u00e1llom\u00e1s \u00faj ment\u0151aut\u00f3t kaphat 2019-ben \u00e9s 2020-ban &#8211; mondta el Horv\u00e1th Ildik\u00f3 eg\u00e9szs\u00e9g\u00fcgy\u00e9rt felel\u0151s \u00e1llamtitk\u00e1r az Orsz\u00e1gos Ment\u0151szolg\u00e1lat napj\u00e1n, szombaton a budapesti V\u00e1rosligetben.<\/p>\n<\/div>\n<\/div>\n<div class=\"talalat contsrc_1028  szurke line-with-image-container\"><span class=\"line-with-image\"><span class=\"line-with-image-inner\" style=\"background-image:url('https:\/\/stat.hirstart.hu\/image\/20190831\/4850467\/uj_mentoautot_kaphatnak_a_mentoallomasok_6-73x73-crop.jpg');background-repeat: no-repeat; background-size: 73.00px auto; width: 73.00px; height: 73.00px\"><\/span><\/span>class=&#8221;line-title-with-image&#8221;&gt;<\/p>\n<div class=\"line-with-image-search-padding\">\n<p class=\"lead\">Majdnem minden ment\u0151\u00e1llom\u00e1s \u00faj ment\u0151aut\u00f3t kaphat 2019-ben \u00e9s 2020-ban \u2013 mondta el Horv\u00e1th Ildik\u00f3 eg\u00e9szs\u00e9g\u00fcgy\u00e9rt felel\u0151s \u00e1llamtitk\u00e1r az Orsz\u00e1gos Ment\u0151szolg\u00e1lat napj\u00e1n, szombaton a budapesti V\u00e1rosligetben. Az \u00e1llamtitk\u00e1r kiemelt jelent\u0151s\u00e9g\u0171nek nevezte, hogy nemcsak a ment\u0151aut\u00f3k lesznek \u00fajak, hanem a benn\u00fck l\u00e9v\u0151 ment\u00e9si\u2026<\/p>\n<\/div>\n<\/div>\n<div class=\"talalat contsrc_7  line-with-image-container\"><span class=\"line-with-image\"><span class=\"line-with-image-inner\" style=\"background-image:url('https:\/\/stat.hirstart.hu\/image\/20190831\/4850340\/az_allamtitkar_szerint_uj_mentoautot_kaphatnak_a_mentoallomasok-73x73-crop.jpg');background-repeat: no-repeat; background-size: 73.00px auto; width: 73.00px; height: 73.00px\"><\/span><\/span>class=&#8221;line-title-with-image&#8221;&gt;<\/p>\n<div class=\"line-with-image-search-padding\">\n<p class=\"lead\">Horv\u00e1th Ildik\u00f3 kiemelte, hogy 1,6 milli\u00e1rd forint korm\u00e1nyzati t\u00e1mogat\u00e1ssal 2500 \u00faj ment\u00e9stechnikai eszk\u00f6z \u2013 k\u00f6zt\u00fck defibrill\u00e1torok, l\u00e9legeztet\u0151g\u00e9p \u2013 beszerz\u00e9s\u00e9re ny\u00edlik lehet\u0151s\u00e9g.<\/p>\n<\/div>\n<\/div>\n<div class=\"talalat contsrc_1102  szurke line-with-image-container\"><span class=\"line-with-image\"><span class=\"line-with-image-inner\" style=\"background-image:url('https:\/\/stat.hirstart.hu\/image\/20190831\/4849949\/minden_allomas_uj_mentoautot_kap_vagyis_majdnem_minden-73x73-crop.jpg');background-repeat: no-repeat; background-size: 73.00px auto; width: 73.00px; height: 73.00px\"><\/span><\/span>class=&#8221;line-title-with-image&#8221;&gt;<\/p>\n<div class=\"line-with-image-search-padding\">\n<p class=\"lead\">Az \u00e1llamtitk\u00e1r m\u00e1st is \u00edg\u00e9rt.<\/p>\n<\/div>\n<\/div>\n<div class=\"talalat contsrc_438  line-with-image-container\"><span class=\"line-with-image\"><span class=\"line-with-image-inner\" style=\"background-image:url('https:\/\/stat.hirstart.hu\/image\/20190831\/4849968\/minden_allomas_uj_mentoautot_kap_azaz_majdnem_minden-73x73-crop.jpg');background-repeat: no-repeat; background-size: 73.00px auto; width: 73.00px; height: 73.00px\"><\/span><\/span>class=&#8221;line-title-with-image&#8221;&gt;<\/p>\n<div class=\"line-with-image-search-padding\">\n<p class=\"lead\">Az \u00e1llamtitk\u00e1r m\u00e1st is \u00edg\u00e9rt.<\/p>\n<\/div>\n<\/div>\n<div class=\"talalat contsrc_854  szurke \">class=&#8221;&#8221;&gt;<\/p>\n<p class=\"lead\">Budapest &#8211; Majdnem minden ment\u0151\u00e1llom\u00e1s \u00faj ment\u0151aut\u00f3t kaphat 2019-ben \u00e9s 2020-ban.<\/p>\n<\/div>\n<div class=\"talalat contsrc_1077  line-with-image-container\"><span class=\"line-with-image\"><span class=\"line-with-image-inner\" style=\"background-image:url('https:\/\/stat.hirstart.hu\/image\/20190831\/4849720\/uj_mentoautot_kaphatnak_a_mentoallomasok_2-73x73-crop.jpg');background-repeat: no-repeat; background-size: 73.00px auto; width: 73.00px; height: 73.00px\"><\/span><\/span>class=&#8221;line-title-with-image&#8221;&gt;<\/p>\n<div class=\"line-with-image-search-padding\">\n<p class=\"lead\">Majdnem minden ment\u0151\u00e1llom\u00e1s \u00faj ment\u0151aut\u00f3t kaphat 2019-ben \u00e9s 2020-ban &#8211; mondta el Horv\u00e1th Ildik\u00f3 eg\u00e9szs\u00e9g\u00fcgy\u00e9rt felel\u0151s \u00e1llamtitk\u00e1r az Orsz\u00e1gos Ment\u0151szolg\u00e1lat napj\u00e1n, szombaton a budapesti V\u00e1rosligetben.<\/p>\n<\/div>\n<\/div>\n<div class=\"talalat contsrc_943  szurke line-with-image-container\"><span class=\"line-with-image\"><span class=\"line-with-image-inner\" style=\"background-image:url('https:\/\/stat.hirstart.hu\/image\/20190831\/4849689\/uj_mentoautot_kaphatnak_a_mentoallomasok-73x73-crop.jpg');background-repeat: no-repeat; background-size: 73.00px auto; width: 73.00px; height: 73.00px\"><\/span><\/span>class=&#8221;line-title-with-image&#8221;&gt;<\/p>\n<div class=\"line-with-image-search-padding\">\n<p class=\"lead\">Majdnem minden ment\u0151\u00e1llom\u00e1s \u00faj ment\u0151aut\u00f3t kaphat 2019-ben \u00e9s 2020-ban &#8211; mondta el Horv\u00e1th Ildik\u00f3 eg\u00e9szs\u00e9g\u00fcgy\u00e9rt felel\u0151s \u00e1llamtitk\u00e1r az Orsz\u00e1gos Ment\u0151szolg\u00e1lat napj\u00e1n, szombaton a budapesti V\u00e1rosligetben.<\/p>\n<\/div>\n<\/div>\n<div class=\"talalat contsrc_126  line-with-image-container\"><span class=\"line-with-image\"><span class=\"line-with-image-inner\" style=\"background-image:url('https:\/\/stat.hirstart.hu\/image\/20190831\/4849717\/majdnem_minden_mentoallomas_uj_mentoautot_kaphat-73x73-crop.jpg');background-repeat: no-repeat; background-size: 73.00px auto; width: 73.00px; height: 73.00px\"><\/span><\/span>class=&#8221;line-title-with-image&#8221;&gt;<\/p>\n<div class=\"line-with-image-search-padding\">\n<p class=\"lead\">1,6 milli\u00e1rdos korm\u00e1nyzati t\u00e1mogat\u00e1ssal 2500 \u00faj ment\u00e9stechnikai eszk\u00f6z beszerz\u00e9s\u00e9re ny\u00edlik lehet\u0151s\u00e9g.<\/p>\n<\/div>\n<\/div>\n<div class=\"talalat contsrc_395  szurke \">class=&#8221;&#8221;&gt;<\/p>\n<p class=\"lead\">Majdnem minden ment\u0151\u00e1llom\u00e1s \u00faj ment\u0151aut\u00f3t kaphat 2019-ben \u00e9s 2020-ban \u2013 mondta el Horv\u00e1th Ildik\u00f3 eg\u00e9szs\u00e9g\u00fcgy\u00e9rt felel\u0151s \u00e1llamtitk\u00e1r az Orsz\u00e1gos Ment\u0151szolg\u00e1lat napj\u00e1n, szombaton a budapesti V\u00e1rosligetben. Az \u00e1llamtitk\u00e1r kiemelt jelent\u0151s\u00e9g\u0171nek nevezte, hogy nemcsak a ment\u0151aut\u00f3k lesznek \u00fajak, hanem a benn\u00fck l\u00e9v\u0151 ment\u00e9si\u2026<\/p>\n<\/div>\n<div class=\"talalat contsrc_1048  line-with-image-container\"><span class=\"line-with-image\"><span class=\"line-with-image-inner\" style=\"background-image:url('https:\/\/stat.hirstart.hu\/image\/20190831\/4849694\/mentonap_horvath_ildiko_uj_mentoautot_kaphatnak_a_mentoallomas-73x73-crop.jpeg');background-repeat: no-repeat; background-size: 73.00px auto; width: 73.00px; height: 73.00px\"><\/span><\/span>class=&#8221;line-title-with-image&#8221;&gt;<\/p>\n<div class=\"line-with-image-search-padding\">\n<p class=\"lead\">Majdnem minden ment\u0151\u00e1llom\u00e1s \u00faj ment\u0151aut\u00f3t kaphat 2019-ben \u00e9s 2020-ban \u2013 mondta el Horv\u00e1th Ildik\u00f3 eg\u00e9szs\u00e9g\u00fcgy\u00e9rt felel\u0151s \u00e1llamtitk\u00e1r az Orsz\u00e1gos Ment\u0151szolg\u00e1lat &#8230;<\/p>\n<\/div>\n<\/div>\n<\/div>\n<p><script>(function(d, s, id) {\n  var js, fjs = d.getElementsByTagName(s)[0];\n  if (d.getElementById(id)) return;\n  js = d.createElement(s); js.id = id;\n  js.src = \"http:\/\/connect.facebook.net\/hu_HU\/sdk.js#xfbml=1&version=v2.6\";\n  fjs.parentNode.insertBefore(js, fjs);\n}(document, 'script', 'facebook-jssdk'));<\/script><br \/>\n<br \/>[ad_2]<br \/>\n<br \/><a href=\"https:\/\/hirek.oldal.info\/rssclick\/14359732\">Source link <\/a><\/p>\n","protected":false},"excerpt":{"rendered":"<p>[ad_1] Majdnem minden ment\u0151\u00e1llom\u00e1s \u00faj ment\u0151aut\u00f3t kaphat 2019-ben \u00e9s 2020-ban &#8211; mondta el Horv\u00e1th Ildik\u00f3 eg\u00e9szs\u00e9g\u00fcgy\u00e9rt felel\u0151s \u00e1llamtitk\u00e1r az Orsz\u00e1gos Ment\u0151szolg\u00e1lat napj\u00e1n a\u00a0V\u00e1rosligetben. class=&#8221;line-title-with-image&#8221;&gt; Majdnem minden ment\u0151\u00e1llom\u00e1s \u00faj ment\u0151aut\u00f3t kaphat id\u00e9n \u00e9s j\u00f6v\u0151re &#8211; mondta el Horv\u00e1th Ildik\u00f3 eg\u00e9szs\u00e9g\u00fcgy\u00e9rt felel\u0151s \u00e1llamtitk\u00e1r az Orsz\u00e1gos Ment\u0151szolg\u00e1lat napj\u00e1n a V\u00e1rosligetben. class=&#8221;line-title-with-image&#8221;&gt; Majdnem minden ment\u0151\u00e1llom\u00e1s \u00faj ment\u0151aut\u00f3t kaphat 2019-ben [&hellip;]<\/p>\n","protected":false},"author":2,"featured_media":1468,"comment_status":"open","ping_status":"open","sticky":false,"template":"","format":"standard","meta":{"footnotes":""},"categories":[1],"tags":[],"class_list":["post-1467","post","type-post","status-publish","format-standard","has-post-thumbnail","hentry","category-legujabb-penzugyi-hirek"],"yoast_head":"<!-- This site is optimized with the Yoast SEO plugin v27.4 - https:\/\/yoast.com\/product\/yoast-seo-wordpress\/ -->\n<title>Az eg\u00e9szs\u00e9g\u00fcgyi \u00e1llamtitk\u00e1r meg\u00edg\u00e9rte, hogy id\u00e9n \u00e9s j\u00f6v\u0151re szinte minden ment\u0151\u00e1llom\u00e1s kap \u00faj ment\u0151aut\u00f3t - Hot News in World<\/title>\n<meta name=\"robots\" content=\"index, follow, max-snippet:-1, max-image-preview:large, max-video-preview:-1\" \/>\n<link rel=\"canonical\" href=\"https:\/\/hotnewsinworld.com\/hu\/az-egeszsegugyi-allamtitkar-megigerte-hogy-iden-es-jovore-szinte-minden-mentoallomas-kap-uj-mentoautot\/\" \/>\n<meta property=\"og:locale\" content=\"hu_HU\" \/>\n<meta property=\"og:type\" content=\"article\" \/>\n<meta property=\"og:title\" content=\"Az eg\u00e9szs\u00e9g\u00fcgyi \u00e1llamtitk\u00e1r meg\u00edg\u00e9rte, hogy id\u00e9n \u00e9s j\u00f6v\u0151re szinte minden ment\u0151\u00e1llom\u00e1s kap \u00faj ment\u0151aut\u00f3t - Hot News in World\" \/>\n<meta property=\"og:description\" content=\"[ad_1] Majdnem minden ment\u0151\u00e1llom\u00e1s \u00faj ment\u0151aut\u00f3t kaphat 2019-ben \u00e9s 2020-ban &#8211; mondta el Horv\u00e1th Ildik\u00f3 eg\u00e9szs\u00e9g\u00fcgy\u00e9rt felel\u0151s \u00e1llamtitk\u00e1r az Orsz\u00e1gos Ment\u0151szolg\u00e1lat napj\u00e1n a\u00a0V\u00e1rosligetben. class=&#8221;line-title-with-image&#8221;&gt; Majdnem minden ment\u0151\u00e1llom\u00e1s \u00faj ment\u0151aut\u00f3t kaphat id\u00e9n \u00e9s j\u00f6v\u0151re &#8211; mondta el Horv\u00e1th Ildik\u00f3 eg\u00e9szs\u00e9g\u00fcgy\u00e9rt felel\u0151s \u00e1llamtitk\u00e1r az Orsz\u00e1gos Ment\u0151szolg\u00e1lat napj\u00e1n a V\u00e1rosligetben. class=&#8221;line-title-with-image&#8221;&gt; Majdnem minden ment\u0151\u00e1llom\u00e1s \u00faj ment\u0151aut\u00f3t kaphat 2019-ben [&hellip;]\" \/>\n<meta property=\"og:url\" content=\"https:\/\/hotnewsinworld.com\/hu\/az-egeszsegugyi-allamtitkar-megigerte-hogy-iden-es-jovore-szinte-minden-mentoallomas-kap-uj-mentoautot\/\" \/>\n<meta property=\"og:site_name\" content=\"Hot News in World\" \/>\n<meta property=\"article:published_time\" content=\"2019-09-01T03:06:45+00:00\" \/>\n<meta property=\"article:modified_time\" content=\"2019-09-01T03:06:50+00:00\" \/>\n<meta property=\"og:image\" content=\"https:\/\/hotnewsinworld.com\/hu\/wp-content\/uploads\/sites\/3\/2019\/09\/Az-eg\u00e9szs\u00e9g\u00fcgyi-\u00e1llamtitk\u00e1r-meg\u00edg\u00e9rte-hogy-id\u00e9n-\u00e9s-j\u00f6v\u0151re-szinte-minden.jpg\" \/>\n\t<meta property=\"og:image:width\" content=\"600\" \/>\n\t<meta property=\"og:image:height\" content=\"315\" \/>\n\t<meta property=\"og:image:type\" content=\"image\/jpeg\" \/>\n<meta name=\"author\" content=\"hotnewsinworld\" \/>\n<meta name=\"twitter:card\" content=\"summary_large_image\" \/>\n<meta name=\"twitter:label1\" content=\"Szerz\u0151:\" \/>\n\t<meta name=\"twitter:data1\" content=\"hotnewsinworld\" \/>\n\t<meta name=\"twitter:label2\" content=\"Becs\u00fclt olvas\u00e1si id\u0151\" \/>\n\t<meta name=\"twitter:data2\" content=\"5 perc\" \/>\n<script type=\"application\/ld+json\" class=\"yoast-schema-graph\">{\"@context\":\"https:\\\/\\\/schema.org\",\"@graph\":[{\"@type\":\"Article\",\"@id\":\"https:\\\/\\\/hotnewsinworld.com\\\/hu\\\/az-egeszsegugyi-allamtitkar-megigerte-hogy-iden-es-jovore-szinte-minden-mentoallomas-kap-uj-mentoautot\\\/#article\",\"isPartOf\":{\"@id\":\"https:\\\/\\\/hotnewsinworld.com\\\/hu\\\/az-egeszsegugyi-allamtitkar-megigerte-hogy-iden-es-jovore-szinte-minden-mentoallomas-kap-uj-mentoautot\\\/\"},\"author\":{\"name\":\"hotnewsinworld\",\"@id\":\"https:\\\/\\\/hotnewsinworld.com\\\/hu\\\/#\\\/schema\\\/person\\\/fe61448b21c0d59086e75fcc1f9d8f6b\"},\"headline\":\"Az eg\u00e9szs\u00e9g\u00fcgyi \u00e1llamtitk\u00e1r meg\u00edg\u00e9rte, hogy id\u00e9n \u00e9s j\u00f6v\u0151re szinte minden ment\u0151\u00e1llom\u00e1s kap \u00faj ment\u0151aut\u00f3t\",\"datePublished\":\"2019-09-01T03:06:45+00:00\",\"dateModified\":\"2019-09-01T03:06:50+00:00\",\"mainEntityOfPage\":{\"@id\":\"https:\\\/\\\/hotnewsinworld.com\\\/hu\\\/az-egeszsegugyi-allamtitkar-megigerte-hogy-iden-es-jovore-szinte-minden-mentoallomas-kap-uj-mentoautot\\\/\"},\"wordCount\":1064,\"commentCount\":0,\"image\":{\"@id\":\"https:\\\/\\\/hotnewsinworld.com\\\/hu\\\/az-egeszsegugyi-allamtitkar-megigerte-hogy-iden-es-jovore-szinte-minden-mentoallomas-kap-uj-mentoautot\\\/#primaryimage\"},\"thumbnailUrl\":\"https:\\\/\\\/hotnewsinworld.com\\\/hu\\\/wp-content\\\/uploads\\\/sites\\\/3\\\/2019\\\/09\\\/Az-eg\u00e9szs\u00e9g\u00fcgyi-\u00e1llamtitk\u00e1r-meg\u00edg\u00e9rte-hogy-id\u00e9n-\u00e9s-j\u00f6v\u0151re-szinte-minden.jpg\",\"articleSection\":[\"LEG\u00daJABB P\u00c9NZ\u00dcGYI H\u00cdREK\"],\"inLanguage\":\"hu\",\"potentialAction\":[{\"@type\":\"CommentAction\",\"name\":\"Comment\",\"target\":[\"https:\\\/\\\/hotnewsinworld.com\\\/hu\\\/az-egeszsegugyi-allamtitkar-megigerte-hogy-iden-es-jovore-szinte-minden-mentoallomas-kap-uj-mentoautot\\\/#respond\"]}]},{\"@type\":\"WebPage\",\"@id\":\"https:\\\/\\\/hotnewsinworld.com\\\/hu\\\/az-egeszsegugyi-allamtitkar-megigerte-hogy-iden-es-jovore-szinte-minden-mentoallomas-kap-uj-mentoautot\\\/\",\"url\":\"https:\\\/\\\/hotnewsinworld.com\\\/hu\\\/az-egeszsegugyi-allamtitkar-megigerte-hogy-iden-es-jovore-szinte-minden-mentoallomas-kap-uj-mentoautot\\\/\",\"name\":\"Az eg\u00e9szs\u00e9g\u00fcgyi \u00e1llamtitk\u00e1r meg\u00edg\u00e9rte, hogy id\u00e9n \u00e9s j\u00f6v\u0151re szinte minden ment\u0151\u00e1llom\u00e1s kap \u00faj ment\u0151aut\u00f3t - Hot News in World\",\"isPartOf\":{\"@id\":\"https:\\\/\\\/hotnewsinworld.com\\\/hu\\\/#website\"},\"primaryImageOfPage\":{\"@id\":\"https:\\\/\\\/hotnewsinworld.com\\\/hu\\\/az-egeszsegugyi-allamtitkar-megigerte-hogy-iden-es-jovore-szinte-minden-mentoallomas-kap-uj-mentoautot\\\/#primaryimage\"},\"image\":{\"@id\":\"https:\\\/\\\/hotnewsinworld.com\\\/hu\\\/az-egeszsegugyi-allamtitkar-megigerte-hogy-iden-es-jovore-szinte-minden-mentoallomas-kap-uj-mentoautot\\\/#primaryimage\"},\"thumbnailUrl\":\"https:\\\/\\\/hotnewsinworld.com\\\/hu\\\/wp-content\\\/uploads\\\/sites\\\/3\\\/2019\\\/09\\\/Az-eg\u00e9szs\u00e9g\u00fcgyi-\u00e1llamtitk\u00e1r-meg\u00edg\u00e9rte-hogy-id\u00e9n-\u00e9s-j\u00f6v\u0151re-szinte-minden.jpg\",\"datePublished\":\"2019-09-01T03:06:45+00:00\",\"dateModified\":\"2019-09-01T03:06:50+00:00\",\"author\":{\"@id\":\"https:\\\/\\\/hotnewsinworld.com\\\/hu\\\/#\\\/schema\\\/person\\\/fe61448b21c0d59086e75fcc1f9d8f6b\"},\"breadcrumb\":{\"@id\":\"https:\\\/\\\/hotnewsinworld.com\\\/hu\\\/az-egeszsegugyi-allamtitkar-megigerte-hogy-iden-es-jovore-szinte-minden-mentoallomas-kap-uj-mentoautot\\\/#breadcrumb\"},\"inLanguage\":\"hu\",\"potentialAction\":[{\"@type\":\"ReadAction\",\"target\":[\"https:\\\/\\\/hotnewsinworld.com\\\/hu\\\/az-egeszsegugyi-allamtitkar-megigerte-hogy-iden-es-jovore-szinte-minden-mentoallomas-kap-uj-mentoautot\\\/\"]}]},{\"@type\":\"ImageObject\",\"inLanguage\":\"hu\",\"@id\":\"https:\\\/\\\/hotnewsinworld.com\\\/hu\\\/az-egeszsegugyi-allamtitkar-megigerte-hogy-iden-es-jovore-szinte-minden-mentoallomas-kap-uj-mentoautot\\\/#primaryimage\",\"url\":\"https:\\\/\\\/hotnewsinworld.com\\\/hu\\\/wp-content\\\/uploads\\\/sites\\\/3\\\/2019\\\/09\\\/Az-eg\u00e9szs\u00e9g\u00fcgyi-\u00e1llamtitk\u00e1r-meg\u00edg\u00e9rte-hogy-id\u00e9n-\u00e9s-j\u00f6v\u0151re-szinte-minden.jpg\",\"contentUrl\":\"https:\\\/\\\/hotnewsinworld.com\\\/hu\\\/wp-content\\\/uploads\\\/sites\\\/3\\\/2019\\\/09\\\/Az-eg\u00e9szs\u00e9g\u00fcgyi-\u00e1llamtitk\u00e1r-meg\u00edg\u00e9rte-hogy-id\u00e9n-\u00e9s-j\u00f6v\u0151re-szinte-minden.jpg\",\"width\":600,\"height\":315,\"caption\":\"Az eg\u00e9szs\u00e9g\u00fcgyi \u00e1llamtitk\u00e1r meg\u00edg\u00e9rte, hogy id\u00e9n \u00e9s j\u00f6v\u0151re szinte minden ment\u0151\u00e1llom\u00e1s kap \u00faj ment\u0151aut\u00f3t\"},{\"@type\":\"BreadcrumbList\",\"@id\":\"https:\\\/\\\/hotnewsinworld.com\\\/hu\\\/az-egeszsegugyi-allamtitkar-megigerte-hogy-iden-es-jovore-szinte-minden-mentoallomas-kap-uj-mentoautot\\\/#breadcrumb\",\"itemListElement\":[{\"@type\":\"ListItem\",\"position\":1,\"name\":\"\u0413\u043b\u0430\u0432\u043d\u0430\u044f \u0441\u0442\u0440\u0430\u043d\u0438\u0446\u0430\",\"item\":\"https:\\\/\\\/hotnewsinworld.com\\\/hu\\\/\"},{\"@type\":\"ListItem\",\"position\":2,\"name\":\"Az eg\u00e9szs\u00e9g\u00fcgyi \u00e1llamtitk\u00e1r meg\u00edg\u00e9rte, hogy id\u00e9n \u00e9s j\u00f6v\u0151re szinte minden ment\u0151\u00e1llom\u00e1s kap \u00faj ment\u0151aut\u00f3t\"}]},{\"@type\":\"WebSite\",\"@id\":\"https:\\\/\\\/hotnewsinworld.com\\\/hu\\\/#website\",\"url\":\"https:\\\/\\\/hotnewsinworld.com\\\/hu\\\/\",\"name\":\"Hot News in World\",\"description\":\"Hot News in World from Hungary\",\"potentialAction\":[{\"@type\":\"SearchAction\",\"target\":{\"@type\":\"EntryPoint\",\"urlTemplate\":\"https:\\\/\\\/hotnewsinworld.com\\\/hu\\\/?s={search_term_string}\"},\"query-input\":{\"@type\":\"PropertyValueSpecification\",\"valueRequired\":true,\"valueName\":\"search_term_string\"}}],\"inLanguage\":\"hu\"},{\"@type\":\"Person\",\"@id\":\"https:\\\/\\\/hotnewsinworld.com\\\/hu\\\/#\\\/schema\\\/person\\\/fe61448b21c0d59086e75fcc1f9d8f6b\",\"name\":\"hotnewsinworld\",\"image\":{\"@type\":\"ImageObject\",\"inLanguage\":\"hu\",\"@id\":\"https:\\\/\\\/secure.gravatar.com\\\/avatar\\\/8a09ac165600ce2e1c38fe593c63928eb1e6e7ba5c5a907d67787c41b3d00c14?s=96&d=mm&r=g\",\"url\":\"https:\\\/\\\/secure.gravatar.com\\\/avatar\\\/8a09ac165600ce2e1c38fe593c63928eb1e6e7ba5c5a907d67787c41b3d00c14?s=96&d=mm&r=g\",\"contentUrl\":\"https:\\\/\\\/secure.gravatar.com\\\/avatar\\\/8a09ac165600ce2e1c38fe593c63928eb1e6e7ba5c5a907d67787c41b3d00c14?s=96&d=mm&r=g\",\"caption\":\"hotnewsinworld\"},\"url\":\"https:\\\/\\\/hotnewsinworld.com\\\/hu\\\/author\\\/pt\\\/\"}]}<\/script>\n<!-- \/ Yoast SEO plugin. -->","yoast_head_json":{"title":"Az eg\u00e9szs\u00e9g\u00fcgyi \u00e1llamtitk\u00e1r meg\u00edg\u00e9rte, hogy id\u00e9n \u00e9s j\u00f6v\u0151re szinte minden ment\u0151\u00e1llom\u00e1s kap \u00faj ment\u0151aut\u00f3t - Hot News in World","robots":{"index":"index","follow":"follow","max-snippet":"max-snippet:-1","max-image-preview":"max-image-preview:large","max-video-preview":"max-video-preview:-1"},"canonical":"https:\/\/hotnewsinworld.com\/hu\/az-egeszsegugyi-allamtitkar-megigerte-hogy-iden-es-jovore-szinte-minden-mentoallomas-kap-uj-mentoautot\/","og_locale":"hu_HU","og_type":"article","og_title":"Az eg\u00e9szs\u00e9g\u00fcgyi \u00e1llamtitk\u00e1r meg\u00edg\u00e9rte, hogy id\u00e9n \u00e9s j\u00f6v\u0151re szinte minden ment\u0151\u00e1llom\u00e1s kap \u00faj ment\u0151aut\u00f3t - Hot News in World","og_description":"[ad_1] Majdnem minden ment\u0151\u00e1llom\u00e1s \u00faj ment\u0151aut\u00f3t kaphat 2019-ben \u00e9s 2020-ban &#8211; mondta el Horv\u00e1th Ildik\u00f3 eg\u00e9szs\u00e9g\u00fcgy\u00e9rt felel\u0151s \u00e1llamtitk\u00e1r az Orsz\u00e1gos Ment\u0151szolg\u00e1lat napj\u00e1n a\u00a0V\u00e1rosligetben. class=&#8221;line-title-with-image&#8221;&gt; Majdnem minden ment\u0151\u00e1llom\u00e1s \u00faj ment\u0151aut\u00f3t kaphat id\u00e9n \u00e9s j\u00f6v\u0151re &#8211; mondta el Horv\u00e1th Ildik\u00f3 eg\u00e9szs\u00e9g\u00fcgy\u00e9rt felel\u0151s \u00e1llamtitk\u00e1r az Orsz\u00e1gos Ment\u0151szolg\u00e1lat napj\u00e1n a V\u00e1rosligetben. class=&#8221;line-title-with-image&#8221;&gt; Majdnem minden ment\u0151\u00e1llom\u00e1s \u00faj ment\u0151aut\u00f3t kaphat 2019-ben [&hellip;]","og_url":"https:\/\/hotnewsinworld.com\/hu\/az-egeszsegugyi-allamtitkar-megigerte-hogy-iden-es-jovore-szinte-minden-mentoallomas-kap-uj-mentoautot\/","og_site_name":"Hot News in World","article_published_time":"2019-09-01T03:06:45+00:00","article_modified_time":"2019-09-01T03:06:50+00:00","og_image":[{"width":600,"height":315,"url":"https:\/\/hotnewsinworld.com\/hu\/wp-content\/uploads\/sites\/3\/2019\/09\/Az-eg\u00e9szs\u00e9g\u00fcgyi-\u00e1llamtitk\u00e1r-meg\u00edg\u00e9rte-hogy-id\u00e9n-\u00e9s-j\u00f6v\u0151re-szinte-minden.jpg","type":"image\/jpeg"}],"author":"hotnewsinworld","twitter_card":"summary_large_image","twitter_misc":{"Szerz\u0151:":"hotnewsinworld","Becs\u00fclt olvas\u00e1si id\u0151":"5 perc"},"schema":{"@context":"https:\/\/schema.org","@graph":[{"@type":"Article","@id":"https:\/\/hotnewsinworld.com\/hu\/az-egeszsegugyi-allamtitkar-megigerte-hogy-iden-es-jovore-szinte-minden-mentoallomas-kap-uj-mentoautot\/#article","isPartOf":{"@id":"https:\/\/hotnewsinworld.com\/hu\/az-egeszsegugyi-allamtitkar-megigerte-hogy-iden-es-jovore-szinte-minden-mentoallomas-kap-uj-mentoautot\/"},"author":{"name":"hotnewsinworld","@id":"https:\/\/hotnewsinworld.com\/hu\/#\/schema\/person\/fe61448b21c0d59086e75fcc1f9d8f6b"},"headline":"Az eg\u00e9szs\u00e9g\u00fcgyi \u00e1llamtitk\u00e1r meg\u00edg\u00e9rte, hogy id\u00e9n \u00e9s j\u00f6v\u0151re szinte minden ment\u0151\u00e1llom\u00e1s kap \u00faj ment\u0151aut\u00f3t","datePublished":"2019-09-01T03:06:45+00:00","dateModified":"2019-09-01T03:06:50+00:00","mainEntityOfPage":{"@id":"https:\/\/hotnewsinworld.com\/hu\/az-egeszsegugyi-allamtitkar-megigerte-hogy-iden-es-jovore-szinte-minden-mentoallomas-kap-uj-mentoautot\/"},"wordCount":1064,"commentCount":0,"image":{"@id":"https:\/\/hotnewsinworld.com\/hu\/az-egeszsegugyi-allamtitkar-megigerte-hogy-iden-es-jovore-szinte-minden-mentoallomas-kap-uj-mentoautot\/#primaryimage"},"thumbnailUrl":"https:\/\/hotnewsinworld.com\/hu\/wp-content\/uploads\/sites\/3\/2019\/09\/Az-eg\u00e9szs\u00e9g\u00fcgyi-\u00e1llamtitk\u00e1r-meg\u00edg\u00e9rte-hogy-id\u00e9n-\u00e9s-j\u00f6v\u0151re-szinte-minden.jpg","articleSection":["LEG\u00daJABB P\u00c9NZ\u00dcGYI H\u00cdREK"],"inLanguage":"hu","potentialAction":[{"@type":"CommentAction","name":"Comment","target":["https:\/\/hotnewsinworld.com\/hu\/az-egeszsegugyi-allamtitkar-megigerte-hogy-iden-es-jovore-szinte-minden-mentoallomas-kap-uj-mentoautot\/#respond"]}]},{"@type":"WebPage","@id":"https:\/\/hotnewsinworld.com\/hu\/az-egeszsegugyi-allamtitkar-megigerte-hogy-iden-es-jovore-szinte-minden-mentoallomas-kap-uj-mentoautot\/","url":"https:\/\/hotnewsinworld.com\/hu\/az-egeszsegugyi-allamtitkar-megigerte-hogy-iden-es-jovore-szinte-minden-mentoallomas-kap-uj-mentoautot\/","name":"Az eg\u00e9szs\u00e9g\u00fcgyi \u00e1llamtitk\u00e1r meg\u00edg\u00e9rte, hogy id\u00e9n \u00e9s j\u00f6v\u0151re szinte minden ment\u0151\u00e1llom\u00e1s kap \u00faj ment\u0151aut\u00f3t - Hot News in World","isPartOf":{"@id":"https:\/\/hotnewsinworld.com\/hu\/#website"},"primaryImageOfPage":{"@id":"https:\/\/hotnewsinworld.com\/hu\/az-egeszsegugyi-allamtitkar-megigerte-hogy-iden-es-jovore-szinte-minden-mentoallomas-kap-uj-mentoautot\/#primaryimage"},"image":{"@id":"https:\/\/hotnewsinworld.com\/hu\/az-egeszsegugyi-allamtitkar-megigerte-hogy-iden-es-jovore-szinte-minden-mentoallomas-kap-uj-mentoautot\/#primaryimage"},"thumbnailUrl":"https:\/\/hotnewsinworld.com\/hu\/wp-content\/uploads\/sites\/3\/2019\/09\/Az-eg\u00e9szs\u00e9g\u00fcgyi-\u00e1llamtitk\u00e1r-meg\u00edg\u00e9rte-hogy-id\u00e9n-\u00e9s-j\u00f6v\u0151re-szinte-minden.jpg","datePublished":"2019-09-01T03:06:45+00:00","dateModified":"2019-09-01T03:06:50+00:00","author":{"@id":"https:\/\/hotnewsinworld.com\/hu\/#\/schema\/person\/fe61448b21c0d59086e75fcc1f9d8f6b"},"breadcrumb":{"@id":"https:\/\/hotnewsinworld.com\/hu\/az-egeszsegugyi-allamtitkar-megigerte-hogy-iden-es-jovore-szinte-minden-mentoallomas-kap-uj-mentoautot\/#breadcrumb"},"inLanguage":"hu","potentialAction":[{"@type":"ReadAction","target":["https:\/\/hotnewsinworld.com\/hu\/az-egeszsegugyi-allamtitkar-megigerte-hogy-iden-es-jovore-szinte-minden-mentoallomas-kap-uj-mentoautot\/"]}]},{"@type":"ImageObject","inLanguage":"hu","@id":"https:\/\/hotnewsinworld.com\/hu\/az-egeszsegugyi-allamtitkar-megigerte-hogy-iden-es-jovore-szinte-minden-mentoallomas-kap-uj-mentoautot\/#primaryimage","url":"https:\/\/hotnewsinworld.com\/hu\/wp-content\/uploads\/sites\/3\/2019\/09\/Az-eg\u00e9szs\u00e9g\u00fcgyi-\u00e1llamtitk\u00e1r-meg\u00edg\u00e9rte-hogy-id\u00e9n-\u00e9s-j\u00f6v\u0151re-szinte-minden.jpg","contentUrl":"https:\/\/hotnewsinworld.com\/hu\/wp-content\/uploads\/sites\/3\/2019\/09\/Az-eg\u00e9szs\u00e9g\u00fcgyi-\u00e1llamtitk\u00e1r-meg\u00edg\u00e9rte-hogy-id\u00e9n-\u00e9s-j\u00f6v\u0151re-szinte-minden.jpg","width":600,"height":315,"caption":"Az eg\u00e9szs\u00e9g\u00fcgyi \u00e1llamtitk\u00e1r meg\u00edg\u00e9rte, hogy id\u00e9n \u00e9s j\u00f6v\u0151re szinte minden ment\u0151\u00e1llom\u00e1s kap \u00faj ment\u0151aut\u00f3t"},{"@type":"BreadcrumbList","@id":"https:\/\/hotnewsinworld.com\/hu\/az-egeszsegugyi-allamtitkar-megigerte-hogy-iden-es-jovore-szinte-minden-mentoallomas-kap-uj-mentoautot\/#breadcrumb","itemListElement":[{"@type":"ListItem","position":1,"name":"\u0413\u043b\u0430\u0432\u043d\u0430\u044f \u0441\u0442\u0440\u0430\u043d\u0438\u0446\u0430","item":"https:\/\/hotnewsinworld.com\/hu\/"},{"@type":"ListItem","position":2,"name":"Az eg\u00e9szs\u00e9g\u00fcgyi \u00e1llamtitk\u00e1r meg\u00edg\u00e9rte, hogy id\u00e9n \u00e9s j\u00f6v\u0151re szinte minden ment\u0151\u00e1llom\u00e1s kap \u00faj ment\u0151aut\u00f3t"}]},{"@type":"WebSite","@id":"https:\/\/hotnewsinworld.com\/hu\/#website","url":"https:\/\/hotnewsinworld.com\/hu\/","name":"Hot News in World","description":"Hot News in World from Hungary","potentialAction":[{"@type":"SearchAction","target":{"@type":"EntryPoint","urlTemplate":"https:\/\/hotnewsinworld.com\/hu\/?s={search_term_string}"},"query-input":{"@type":"PropertyValueSpecification","valueRequired":true,"valueName":"search_term_string"}}],"inLanguage":"hu"},{"@type":"Person","@id":"https:\/\/hotnewsinworld.com\/hu\/#\/schema\/person\/fe61448b21c0d59086e75fcc1f9d8f6b","name":"hotnewsinworld","image":{"@type":"ImageObject","inLanguage":"hu","@id":"https:\/\/secure.gravatar.com\/avatar\/8a09ac165600ce2e1c38fe593c63928eb1e6e7ba5c5a907d67787c41b3d00c14?s=96&d=mm&r=g","url":"https:\/\/secure.gravatar.com\/avatar\/8a09ac165600ce2e1c38fe593c63928eb1e6e7ba5c5a907d67787c41b3d00c14?s=96&d=mm&r=g","contentUrl":"https:\/\/secure.gravatar.com\/avatar\/8a09ac165600ce2e1c38fe593c63928eb1e6e7ba5c5a907d67787c41b3d00c14?s=96&d=mm&r=g","caption":"hotnewsinworld"},"url":"https:\/\/hotnewsinworld.com\/hu\/author\/pt\/"}]}},"_links":{"self":[{"href":"https:\/\/hotnewsinworld.com\/hu\/wp-json\/wp\/v2\/posts\/1467","targetHints":{"allow":["GET"]}}],"collection":[{"href":"https:\/\/hotnewsinworld.com\/hu\/wp-json\/wp\/v2\/posts"}],"about":[{"href":"https:\/\/hotnewsinworld.com\/hu\/wp-json\/wp\/v2\/types\/post"}],"author":[{"embeddable":true,"href":"https:\/\/hotnewsinworld.com\/hu\/wp-json\/wp\/v2\/users\/2"}],"replies":[{"embeddable":true,"href":"https:\/\/hotnewsinworld.com\/hu\/wp-json\/wp\/v2\/comments?post=1467"}],"version-history":[{"count":1,"href":"https:\/\/hotnewsinworld.com\/hu\/wp-json\/wp\/v2\/posts\/1467\/revisions"}],"predecessor-version":[{"id":1469,"href":"https:\/\/hotnewsinworld.com\/hu\/wp-json\/wp\/v2\/posts\/1467\/revisions\/1469"}],"wp:featuredmedia":[{"embeddable":true,"href":"https:\/\/hotnewsinworld.com\/hu\/wp-json\/wp\/v2\/media\/1468"}],"wp:attachment":[{"href":"https:\/\/hotnewsinworld.com\/hu\/wp-json\/wp\/v2\/media?parent=1467"}],"wp:term":[{"taxonomy":"category","embeddable":true,"href":"https:\/\/hotnewsinworld.com\/hu\/wp-json\/wp\/v2\/categories?post=1467"},{"taxonomy":"post_tag","embeddable":true,"href":"https:\/\/hotnewsinworld.com\/hu\/wp-json\/wp\/v2\/tags?post=1467"}],"curies":[{"name":"wp","href":"https:\/\/api.w.org\/{rel}","templated":true}]}}