{"id":1477,"date":"2019-09-01T11:31:27","date_gmt":"2019-09-01T08:31:27","guid":{"rendered":"https:\/\/hotnewsinworld.com\/hu\/segitettek-a-balatoni-vizirendorok-a-magyar-rendorseg-hivatalos-honlapja\/"},"modified":"2019-09-01T11:31:28","modified_gmt":"2019-09-01T08:31:28","slug":"segitettek-a-balatoni-vizirendorok-a-magyar-rendorseg-hivatalos-honlapja","status":"publish","type":"post","link":"https:\/\/hotnewsinworld.com\/hu\/segitettek-a-balatoni-vizirendorok-a-magyar-rendorseg-hivatalos-honlapja\/","title":{"rendered":"Seg\u00edtettek a balatoni v\u00edzirend\u0151r\u00f6k | A Magyar Rend\u0151rs\u00e9g hivatalos honlapja"},"content":{"rendered":"<p> [ad_1]<br \/>\n<\/p>\n<div>\n<p>A Balatoni V\u00edzirend\u00e9szeti Rend\u0151rkapit\u00e1nys\u00e1g munkat\u00e1rsai 2019. augusztus 31-\u00e9n h\u00e1rom esetben \u00f6sszesen hat szem\u00e9lyt mentettek ki a t\u00f3b\u00f3l.<\/p>\n<\/p><\/div>\n<div>\n<p>A nap folyam\u00e1n a strandol\u00f3k gumics\u00f3nakkal, katamar\u00e1nnal \u00e9s SUP deszk\u00e1val nem tudtak volna a v\u00edzirend\u0151r\u00f6k seg\u00edts\u00e9ge n\u00e9lk\u00fcl biztons\u00e1gosan partra jutni.<\/p>\n<p>A Somogy Megyei Rend\u0151r-f\u0151kapit\u00e1nys\u00e1g ism\u00e9telten felh\u00edvja a figyelmet arra, hogy a v\u00edzen, vagy a v\u00edzben k\u00fcl\u00f6n\u00f6sen fontos betartani a viharjelz\u00e9si szab\u00e1lyokat, figyelni egym\u00e1sra, t\u00e1rsainkra, gyermekeinkre, hiszen egy vesz\u00e9lyhelyzet nagyon gyorsan kialakulhat.<\/p>\n<p>Els\u0151fok\u00fa viharjelz\u00e9s eset\u00e9n a viharjelz\u0151 percenk\u00e9nt 45-\u00f6t villan, ebben az esetben \u00faszni, illetve cs\u00f3nakkal \u00e9s m\u00e1s v\u00edzi sporteszk\u00f6zzel csak a partt\u00f3l sz\u00e1m\u00edtott 500 m\u00e9teren bel\u00fcl szabad tart\u00f3zkodni. <strong>M\u00e1sodfok\u00fa viharjelz\u00e9s eset\u00e9n<\/strong> a viharjelz\u0151 berendez\u00e9s percenk\u00e9nt 90-szer villan fel, ilyenkor <strong>f\u00fcr\u00f6dni tilos<\/strong>, valamint szint\u00e9n nem szabad cs\u00f3nakkal \u00e9s m\u00e1s v\u00edzi sporteszk\u00f6zzel k\u00f6zlekedni (a vitorl\u00e1shaj\u00f3k kiv\u00e9tel\u00e9vel).<\/p>\n<p>A viharjelz\u00e9s figyelembe v\u00e9tel\u00e9vel, j\u00f3 helyzet\u00e9rt\u00e9kel\u00e9ssel \u00e9s az alapvet\u0151 biztons\u00e1gi int\u00e9zked\u00e9sek betart\u00e1s\u00e1val legt\u00f6bbsz\u00f6r megel\u0151zhet\u0151k a vesz\u00e9lyhelyzetek.<\/p>\n<p>A Balatoni V\u00edzirend\u00e9szeti Rend\u0151rkapit\u00e1nys\u00e1g felh\u00edvja a figyelmet, hogy amennyiben a Balaton v\u00edzfel\u00fclet\u00e9n bajba ker\u00fclnek vagy bajba jutott szem\u00e9lyt, szem\u00e9lyeket \u00e9szlelnek, tegyenek bejelent\u00e9st az ingyenesen h\u00edvhat\u00f3 1817-es seg\u00e9lyh\u00edv\u00f3 telefonsz\u00e1mon!<\/p>\n<\/p><\/div>\n<p><script>(function(d, s, id) {\n                                                                  var js, fjs = d.getElementsByTagName(s)[0];\n                                                                  if (d.getElementById(id)) return;\n                                                                  js = d.createElement(s); js.id = id;\n                                                                 \t\t js.src = \"http:\/\/connect.facebook.net\/hu_HU\/sdk.js#xfbml=1&version=v2.10\";\t   \t \n                                                                  fjs.parentNode.insertBefore(js, fjs);\n                                                                }(document, 'script', 'facebook-jssdk'));\n                                <\/script><br \/>\n<br \/>[ad_2]<br \/>\n<br \/><a href=\"https:\/\/hirek.oldal.info\/rssclick\/14360163\">Source link <\/a><\/p>\n","protected":false},"excerpt":{"rendered":"<p>[ad_1] A Balatoni V\u00edzirend\u00e9szeti Rend\u0151rkapit\u00e1nys\u00e1g munkat\u00e1rsai 2019. augusztus 31-\u00e9n h\u00e1rom esetben \u00f6sszesen hat szem\u00e9lyt mentettek ki a t\u00f3b\u00f3l. A nap folyam\u00e1n a strandol\u00f3k gumics\u00f3nakkal, katamar\u00e1nnal \u00e9s SUP deszk\u00e1val nem tudtak volna a v\u00edzirend\u0151r\u00f6k seg\u00edts\u00e9ge n\u00e9lk\u00fcl biztons\u00e1gosan partra jutni. A Somogy Megyei Rend\u0151r-f\u0151kapit\u00e1nys\u00e1g ism\u00e9telten felh\u00edvja a figyelmet arra, hogy a v\u00edzen, vagy a v\u00edzben k\u00fcl\u00f6n\u00f6sen fontos [&hellip;]<\/p>\n","protected":false},"author":2,"featured_media":1478,"comment_status":"open","ping_status":"open","sticky":false,"template":"","format":"standard","meta":{"footnotes":""},"categories":[1],"tags":[],"class_list":["post-1477","post","type-post","status-publish","format-standard","has-post-thumbnail","hentry","category-legujabb-penzugyi-hirek"],"yoast_head":"<!-- This site is optimized with the Yoast SEO plugin v27.4 - https:\/\/yoast.com\/product\/yoast-seo-wordpress\/ -->\n<title>Seg\u00edtettek a balatoni v\u00edzirend\u0151r\u00f6k | A Magyar Rend\u0151rs\u00e9g hivatalos honlapja - Hot News in World<\/title>\n<meta name=\"robots\" content=\"index, follow, max-snippet:-1, max-image-preview:large, max-video-preview:-1\" \/>\n<link rel=\"canonical\" href=\"https:\/\/hotnewsinworld.com\/hu\/segitettek-a-balatoni-vizirendorok-a-magyar-rendorseg-hivatalos-honlapja\/\" \/>\n<meta property=\"og:locale\" content=\"hu_HU\" \/>\n<meta property=\"og:type\" content=\"article\" \/>\n<meta property=\"og:title\" content=\"Seg\u00edtettek a balatoni v\u00edzirend\u0151r\u00f6k | A Magyar Rend\u0151rs\u00e9g hivatalos honlapja - Hot News in World\" \/>\n<meta property=\"og:description\" content=\"[ad_1] A Balatoni V\u00edzirend\u00e9szeti Rend\u0151rkapit\u00e1nys\u00e1g munkat\u00e1rsai 2019. augusztus 31-\u00e9n h\u00e1rom esetben \u00f6sszesen hat szem\u00e9lyt mentettek ki a t\u00f3b\u00f3l. A nap folyam\u00e1n a strandol\u00f3k gumics\u00f3nakkal, katamar\u00e1nnal \u00e9s SUP deszk\u00e1val nem tudtak volna a v\u00edzirend\u0151r\u00f6k seg\u00edts\u00e9ge n\u00e9lk\u00fcl biztons\u00e1gosan partra jutni. A Somogy Megyei Rend\u0151r-f\u0151kapit\u00e1nys\u00e1g ism\u00e9telten felh\u00edvja a figyelmet arra, hogy a v\u00edzen, vagy a v\u00edzben k\u00fcl\u00f6n\u00f6sen fontos [&hellip;]\" \/>\n<meta property=\"og:url\" content=\"https:\/\/hotnewsinworld.com\/hu\/segitettek-a-balatoni-vizirendorok-a-magyar-rendorseg-hivatalos-honlapja\/\" \/>\n<meta property=\"og:site_name\" content=\"Hot News in World\" \/>\n<meta property=\"article:published_time\" content=\"2019-09-01T08:31:27+00:00\" \/>\n<meta property=\"article:modified_time\" content=\"2019-09-01T08:31:28+00:00\" \/>\n<meta property=\"og:image\" content=\"https:\/\/hotnewsinworld.com\/hu\/wp-content\/uploads\/sites\/3\/2019\/09\/Seg\u00edtettek-a-balatoni-v\u00edzirend\u0151r\u00f6k-A-Magyar-Rend\u0151rs\u00e9g-hivatalos-honlapja.jpg\" \/>\n\t<meta property=\"og:image:width\" content=\"751\" \/>\n\t<meta property=\"og:image:height\" content=\"500\" \/>\n\t<meta property=\"og:image:type\" content=\"image\/jpeg\" \/>\n<meta name=\"author\" content=\"hotnewsinworld\" \/>\n<meta name=\"twitter:card\" content=\"summary_large_image\" \/>\n<meta name=\"twitter:label1\" content=\"Szerz\u0151:\" \/>\n\t<meta name=\"twitter:data1\" content=\"hotnewsinworld\" \/>\n\t<meta name=\"twitter:label2\" content=\"Becs\u00fclt olvas\u00e1si id\u0151\" \/>\n\t<meta name=\"twitter:data2\" content=\"1 perc\" \/>\n<script type=\"application\/ld+json\" class=\"yoast-schema-graph\">{\"@context\":\"https:\\\/\\\/schema.org\",\"@graph\":[{\"@type\":\"Article\",\"@id\":\"https:\\\/\\\/hotnewsinworld.com\\\/hu\\\/segitettek-a-balatoni-vizirendorok-a-magyar-rendorseg-hivatalos-honlapja\\\/#article\",\"isPartOf\":{\"@id\":\"https:\\\/\\\/hotnewsinworld.com\\\/hu\\\/segitettek-a-balatoni-vizirendorok-a-magyar-rendorseg-hivatalos-honlapja\\\/\"},\"author\":{\"name\":\"hotnewsinworld\",\"@id\":\"https:\\\/\\\/hotnewsinworld.com\\\/hu\\\/#\\\/schema\\\/person\\\/fe61448b21c0d59086e75fcc1f9d8f6b\"},\"headline\":\"Seg\u00edtettek a balatoni v\u00edzirend\u0151r\u00f6k | A Magyar Rend\u0151rs\u00e9g hivatalos honlapja\",\"datePublished\":\"2019-09-01T08:31:27+00:00\",\"dateModified\":\"2019-09-01T08:31:28+00:00\",\"mainEntityOfPage\":{\"@id\":\"https:\\\/\\\/hotnewsinworld.com\\\/hu\\\/segitettek-a-balatoni-vizirendorok-a-magyar-rendorseg-hivatalos-honlapja\\\/\"},\"wordCount\":287,\"commentCount\":0,\"image\":{\"@id\":\"https:\\\/\\\/hotnewsinworld.com\\\/hu\\\/segitettek-a-balatoni-vizirendorok-a-magyar-rendorseg-hivatalos-honlapja\\\/#primaryimage\"},\"thumbnailUrl\":\"https:\\\/\\\/hotnewsinworld.com\\\/hu\\\/wp-content\\\/uploads\\\/sites\\\/3\\\/2019\\\/09\\\/Seg\u00edtettek-a-balatoni-v\u00edzirend\u0151r\u00f6k-A-Magyar-Rend\u0151rs\u00e9g-hivatalos-honlapja.jpg\",\"articleSection\":[\"LEG\u00daJABB P\u00c9NZ\u00dcGYI H\u00cdREK\"],\"inLanguage\":\"hu\",\"potentialAction\":[{\"@type\":\"CommentAction\",\"name\":\"Comment\",\"target\":[\"https:\\\/\\\/hotnewsinworld.com\\\/hu\\\/segitettek-a-balatoni-vizirendorok-a-magyar-rendorseg-hivatalos-honlapja\\\/#respond\"]}]},{\"@type\":\"WebPage\",\"@id\":\"https:\\\/\\\/hotnewsinworld.com\\\/hu\\\/segitettek-a-balatoni-vizirendorok-a-magyar-rendorseg-hivatalos-honlapja\\\/\",\"url\":\"https:\\\/\\\/hotnewsinworld.com\\\/hu\\\/segitettek-a-balatoni-vizirendorok-a-magyar-rendorseg-hivatalos-honlapja\\\/\",\"name\":\"Seg\u00edtettek a balatoni v\u00edzirend\u0151r\u00f6k | A Magyar Rend\u0151rs\u00e9g hivatalos honlapja - Hot News in World\",\"isPartOf\":{\"@id\":\"https:\\\/\\\/hotnewsinworld.com\\\/hu\\\/#website\"},\"primaryImageOfPage\":{\"@id\":\"https:\\\/\\\/hotnewsinworld.com\\\/hu\\\/segitettek-a-balatoni-vizirendorok-a-magyar-rendorseg-hivatalos-honlapja\\\/#primaryimage\"},\"image\":{\"@id\":\"https:\\\/\\\/hotnewsinworld.com\\\/hu\\\/segitettek-a-balatoni-vizirendorok-a-magyar-rendorseg-hivatalos-honlapja\\\/#primaryimage\"},\"thumbnailUrl\":\"https:\\\/\\\/hotnewsinworld.com\\\/hu\\\/wp-content\\\/uploads\\\/sites\\\/3\\\/2019\\\/09\\\/Seg\u00edtettek-a-balatoni-v\u00edzirend\u0151r\u00f6k-A-Magyar-Rend\u0151rs\u00e9g-hivatalos-honlapja.jpg\",\"datePublished\":\"2019-09-01T08:31:27+00:00\",\"dateModified\":\"2019-09-01T08:31:28+00:00\",\"author\":{\"@id\":\"https:\\\/\\\/hotnewsinworld.com\\\/hu\\\/#\\\/schema\\\/person\\\/fe61448b21c0d59086e75fcc1f9d8f6b\"},\"breadcrumb\":{\"@id\":\"https:\\\/\\\/hotnewsinworld.com\\\/hu\\\/segitettek-a-balatoni-vizirendorok-a-magyar-rendorseg-hivatalos-honlapja\\\/#breadcrumb\"},\"inLanguage\":\"hu\",\"potentialAction\":[{\"@type\":\"ReadAction\",\"target\":[\"https:\\\/\\\/hotnewsinworld.com\\\/hu\\\/segitettek-a-balatoni-vizirendorok-a-magyar-rendorseg-hivatalos-honlapja\\\/\"]}]},{\"@type\":\"ImageObject\",\"inLanguage\":\"hu\",\"@id\":\"https:\\\/\\\/hotnewsinworld.com\\\/hu\\\/segitettek-a-balatoni-vizirendorok-a-magyar-rendorseg-hivatalos-honlapja\\\/#primaryimage\",\"url\":\"https:\\\/\\\/hotnewsinworld.com\\\/hu\\\/wp-content\\\/uploads\\\/sites\\\/3\\\/2019\\\/09\\\/Seg\u00edtettek-a-balatoni-v\u00edzirend\u0151r\u00f6k-A-Magyar-Rend\u0151rs\u00e9g-hivatalos-honlapja.jpg\",\"contentUrl\":\"https:\\\/\\\/hotnewsinworld.com\\\/hu\\\/wp-content\\\/uploads\\\/sites\\\/3\\\/2019\\\/09\\\/Seg\u00edtettek-a-balatoni-v\u00edzirend\u0151r\u00f6k-A-Magyar-Rend\u0151rs\u00e9g-hivatalos-honlapja.jpg\",\"width\":751,\"height\":500,\"caption\":\"Seg\u00edtettek a balatoni v\u00edzirend\u0151r\u00f6k | A Magyar Rend\u0151rs\u00e9g hivatalos honlapja\"},{\"@type\":\"BreadcrumbList\",\"@id\":\"https:\\\/\\\/hotnewsinworld.com\\\/hu\\\/segitettek-a-balatoni-vizirendorok-a-magyar-rendorseg-hivatalos-honlapja\\\/#breadcrumb\",\"itemListElement\":[{\"@type\":\"ListItem\",\"position\":1,\"name\":\"\u0413\u043b\u0430\u0432\u043d\u0430\u044f \u0441\u0442\u0440\u0430\u043d\u0438\u0446\u0430\",\"item\":\"https:\\\/\\\/hotnewsinworld.com\\\/hu\\\/\"},{\"@type\":\"ListItem\",\"position\":2,\"name\":\"Seg\u00edtettek a balatoni v\u00edzirend\u0151r\u00f6k | A Magyar Rend\u0151rs\u00e9g hivatalos honlapja\"}]},{\"@type\":\"WebSite\",\"@id\":\"https:\\\/\\\/hotnewsinworld.com\\\/hu\\\/#website\",\"url\":\"https:\\\/\\\/hotnewsinworld.com\\\/hu\\\/\",\"name\":\"Hot News in World\",\"description\":\"Hot News in World from Hungary\",\"potentialAction\":[{\"@type\":\"SearchAction\",\"target\":{\"@type\":\"EntryPoint\",\"urlTemplate\":\"https:\\\/\\\/hotnewsinworld.com\\\/hu\\\/?s={search_term_string}\"},\"query-input\":{\"@type\":\"PropertyValueSpecification\",\"valueRequired\":true,\"valueName\":\"search_term_string\"}}],\"inLanguage\":\"hu\"},{\"@type\":\"Person\",\"@id\":\"https:\\\/\\\/hotnewsinworld.com\\\/hu\\\/#\\\/schema\\\/person\\\/fe61448b21c0d59086e75fcc1f9d8f6b\",\"name\":\"hotnewsinworld\",\"image\":{\"@type\":\"ImageObject\",\"inLanguage\":\"hu\",\"@id\":\"https:\\\/\\\/secure.gravatar.com\\\/avatar\\\/8a09ac165600ce2e1c38fe593c63928eb1e6e7ba5c5a907d67787c41b3d00c14?s=96&d=mm&r=g\",\"url\":\"https:\\\/\\\/secure.gravatar.com\\\/avatar\\\/8a09ac165600ce2e1c38fe593c63928eb1e6e7ba5c5a907d67787c41b3d00c14?s=96&d=mm&r=g\",\"contentUrl\":\"https:\\\/\\\/secure.gravatar.com\\\/avatar\\\/8a09ac165600ce2e1c38fe593c63928eb1e6e7ba5c5a907d67787c41b3d00c14?s=96&d=mm&r=g\",\"caption\":\"hotnewsinworld\"},\"url\":\"https:\\\/\\\/hotnewsinworld.com\\\/hu\\\/author\\\/pt\\\/\"}]}<\/script>\n<!-- \/ Yoast SEO plugin. -->","yoast_head_json":{"title":"Seg\u00edtettek a balatoni v\u00edzirend\u0151r\u00f6k | A Magyar Rend\u0151rs\u00e9g hivatalos honlapja - Hot News in World","robots":{"index":"index","follow":"follow","max-snippet":"max-snippet:-1","max-image-preview":"max-image-preview:large","max-video-preview":"max-video-preview:-1"},"canonical":"https:\/\/hotnewsinworld.com\/hu\/segitettek-a-balatoni-vizirendorok-a-magyar-rendorseg-hivatalos-honlapja\/","og_locale":"hu_HU","og_type":"article","og_title":"Seg\u00edtettek a balatoni v\u00edzirend\u0151r\u00f6k | A Magyar Rend\u0151rs\u00e9g hivatalos honlapja - Hot News in World","og_description":"[ad_1] A Balatoni V\u00edzirend\u00e9szeti Rend\u0151rkapit\u00e1nys\u00e1g munkat\u00e1rsai 2019. augusztus 31-\u00e9n h\u00e1rom esetben \u00f6sszesen hat szem\u00e9lyt mentettek ki a t\u00f3b\u00f3l. A nap folyam\u00e1n a strandol\u00f3k gumics\u00f3nakkal, katamar\u00e1nnal \u00e9s SUP deszk\u00e1val nem tudtak volna a v\u00edzirend\u0151r\u00f6k seg\u00edts\u00e9ge n\u00e9lk\u00fcl biztons\u00e1gosan partra jutni. A Somogy Megyei Rend\u0151r-f\u0151kapit\u00e1nys\u00e1g ism\u00e9telten felh\u00edvja a figyelmet arra, hogy a v\u00edzen, vagy a v\u00edzben k\u00fcl\u00f6n\u00f6sen fontos [&hellip;]","og_url":"https:\/\/hotnewsinworld.com\/hu\/segitettek-a-balatoni-vizirendorok-a-magyar-rendorseg-hivatalos-honlapja\/","og_site_name":"Hot News in World","article_published_time":"2019-09-01T08:31:27+00:00","article_modified_time":"2019-09-01T08:31:28+00:00","og_image":[{"width":751,"height":500,"url":"https:\/\/hotnewsinworld.com\/hu\/wp-content\/uploads\/sites\/3\/2019\/09\/Seg\u00edtettek-a-balatoni-v\u00edzirend\u0151r\u00f6k-A-Magyar-Rend\u0151rs\u00e9g-hivatalos-honlapja.jpg","type":"image\/jpeg"}],"author":"hotnewsinworld","twitter_card":"summary_large_image","twitter_misc":{"Szerz\u0151:":"hotnewsinworld","Becs\u00fclt olvas\u00e1si id\u0151":"1 perc"},"schema":{"@context":"https:\/\/schema.org","@graph":[{"@type":"Article","@id":"https:\/\/hotnewsinworld.com\/hu\/segitettek-a-balatoni-vizirendorok-a-magyar-rendorseg-hivatalos-honlapja\/#article","isPartOf":{"@id":"https:\/\/hotnewsinworld.com\/hu\/segitettek-a-balatoni-vizirendorok-a-magyar-rendorseg-hivatalos-honlapja\/"},"author":{"name":"hotnewsinworld","@id":"https:\/\/hotnewsinworld.com\/hu\/#\/schema\/person\/fe61448b21c0d59086e75fcc1f9d8f6b"},"headline":"Seg\u00edtettek a balatoni v\u00edzirend\u0151r\u00f6k | A Magyar Rend\u0151rs\u00e9g hivatalos honlapja","datePublished":"2019-09-01T08:31:27+00:00","dateModified":"2019-09-01T08:31:28+00:00","mainEntityOfPage":{"@id":"https:\/\/hotnewsinworld.com\/hu\/segitettek-a-balatoni-vizirendorok-a-magyar-rendorseg-hivatalos-honlapja\/"},"wordCount":287,"commentCount":0,"image":{"@id":"https:\/\/hotnewsinworld.com\/hu\/segitettek-a-balatoni-vizirendorok-a-magyar-rendorseg-hivatalos-honlapja\/#primaryimage"},"thumbnailUrl":"https:\/\/hotnewsinworld.com\/hu\/wp-content\/uploads\/sites\/3\/2019\/09\/Seg\u00edtettek-a-balatoni-v\u00edzirend\u0151r\u00f6k-A-Magyar-Rend\u0151rs\u00e9g-hivatalos-honlapja.jpg","articleSection":["LEG\u00daJABB P\u00c9NZ\u00dcGYI H\u00cdREK"],"inLanguage":"hu","potentialAction":[{"@type":"CommentAction","name":"Comment","target":["https:\/\/hotnewsinworld.com\/hu\/segitettek-a-balatoni-vizirendorok-a-magyar-rendorseg-hivatalos-honlapja\/#respond"]}]},{"@type":"WebPage","@id":"https:\/\/hotnewsinworld.com\/hu\/segitettek-a-balatoni-vizirendorok-a-magyar-rendorseg-hivatalos-honlapja\/","url":"https:\/\/hotnewsinworld.com\/hu\/segitettek-a-balatoni-vizirendorok-a-magyar-rendorseg-hivatalos-honlapja\/","name":"Seg\u00edtettek a balatoni v\u00edzirend\u0151r\u00f6k | A Magyar Rend\u0151rs\u00e9g hivatalos honlapja - Hot News in World","isPartOf":{"@id":"https:\/\/hotnewsinworld.com\/hu\/#website"},"primaryImageOfPage":{"@id":"https:\/\/hotnewsinworld.com\/hu\/segitettek-a-balatoni-vizirendorok-a-magyar-rendorseg-hivatalos-honlapja\/#primaryimage"},"image":{"@id":"https:\/\/hotnewsinworld.com\/hu\/segitettek-a-balatoni-vizirendorok-a-magyar-rendorseg-hivatalos-honlapja\/#primaryimage"},"thumbnailUrl":"https:\/\/hotnewsinworld.com\/hu\/wp-content\/uploads\/sites\/3\/2019\/09\/Seg\u00edtettek-a-balatoni-v\u00edzirend\u0151r\u00f6k-A-Magyar-Rend\u0151rs\u00e9g-hivatalos-honlapja.jpg","datePublished":"2019-09-01T08:31:27+00:00","dateModified":"2019-09-01T08:31:28+00:00","author":{"@id":"https:\/\/hotnewsinworld.com\/hu\/#\/schema\/person\/fe61448b21c0d59086e75fcc1f9d8f6b"},"breadcrumb":{"@id":"https:\/\/hotnewsinworld.com\/hu\/segitettek-a-balatoni-vizirendorok-a-magyar-rendorseg-hivatalos-honlapja\/#breadcrumb"},"inLanguage":"hu","potentialAction":[{"@type":"ReadAction","target":["https:\/\/hotnewsinworld.com\/hu\/segitettek-a-balatoni-vizirendorok-a-magyar-rendorseg-hivatalos-honlapja\/"]}]},{"@type":"ImageObject","inLanguage":"hu","@id":"https:\/\/hotnewsinworld.com\/hu\/segitettek-a-balatoni-vizirendorok-a-magyar-rendorseg-hivatalos-honlapja\/#primaryimage","url":"https:\/\/hotnewsinworld.com\/hu\/wp-content\/uploads\/sites\/3\/2019\/09\/Seg\u00edtettek-a-balatoni-v\u00edzirend\u0151r\u00f6k-A-Magyar-Rend\u0151rs\u00e9g-hivatalos-honlapja.jpg","contentUrl":"https:\/\/hotnewsinworld.com\/hu\/wp-content\/uploads\/sites\/3\/2019\/09\/Seg\u00edtettek-a-balatoni-v\u00edzirend\u0151r\u00f6k-A-Magyar-Rend\u0151rs\u00e9g-hivatalos-honlapja.jpg","width":751,"height":500,"caption":"Seg\u00edtettek a balatoni v\u00edzirend\u0151r\u00f6k | A Magyar Rend\u0151rs\u00e9g hivatalos honlapja"},{"@type":"BreadcrumbList","@id":"https:\/\/hotnewsinworld.com\/hu\/segitettek-a-balatoni-vizirendorok-a-magyar-rendorseg-hivatalos-honlapja\/#breadcrumb","itemListElement":[{"@type":"ListItem","position":1,"name":"\u0413\u043b\u0430\u0432\u043d\u0430\u044f \u0441\u0442\u0440\u0430\u043d\u0438\u0446\u0430","item":"https:\/\/hotnewsinworld.com\/hu\/"},{"@type":"ListItem","position":2,"name":"Seg\u00edtettek a balatoni v\u00edzirend\u0151r\u00f6k | A Magyar Rend\u0151rs\u00e9g hivatalos honlapja"}]},{"@type":"WebSite","@id":"https:\/\/hotnewsinworld.com\/hu\/#website","url":"https:\/\/hotnewsinworld.com\/hu\/","name":"Hot News in World","description":"Hot News in World from Hungary","potentialAction":[{"@type":"SearchAction","target":{"@type":"EntryPoint","urlTemplate":"https:\/\/hotnewsinworld.com\/hu\/?s={search_term_string}"},"query-input":{"@type":"PropertyValueSpecification","valueRequired":true,"valueName":"search_term_string"}}],"inLanguage":"hu"},{"@type":"Person","@id":"https:\/\/hotnewsinworld.com\/hu\/#\/schema\/person\/fe61448b21c0d59086e75fcc1f9d8f6b","name":"hotnewsinworld","image":{"@type":"ImageObject","inLanguage":"hu","@id":"https:\/\/secure.gravatar.com\/avatar\/8a09ac165600ce2e1c38fe593c63928eb1e6e7ba5c5a907d67787c41b3d00c14?s=96&d=mm&r=g","url":"https:\/\/secure.gravatar.com\/avatar\/8a09ac165600ce2e1c38fe593c63928eb1e6e7ba5c5a907d67787c41b3d00c14?s=96&d=mm&r=g","contentUrl":"https:\/\/secure.gravatar.com\/avatar\/8a09ac165600ce2e1c38fe593c63928eb1e6e7ba5c5a907d67787c41b3d00c14?s=96&d=mm&r=g","caption":"hotnewsinworld"},"url":"https:\/\/hotnewsinworld.com\/hu\/author\/pt\/"}]}},"_links":{"self":[{"href":"https:\/\/hotnewsinworld.com\/hu\/wp-json\/wp\/v2\/posts\/1477","targetHints":{"allow":["GET"]}}],"collection":[{"href":"https:\/\/hotnewsinworld.com\/hu\/wp-json\/wp\/v2\/posts"}],"about":[{"href":"https:\/\/hotnewsinworld.com\/hu\/wp-json\/wp\/v2\/types\/post"}],"author":[{"embeddable":true,"href":"https:\/\/hotnewsinworld.com\/hu\/wp-json\/wp\/v2\/users\/2"}],"replies":[{"embeddable":true,"href":"https:\/\/hotnewsinworld.com\/hu\/wp-json\/wp\/v2\/comments?post=1477"}],"version-history":[{"count":1,"href":"https:\/\/hotnewsinworld.com\/hu\/wp-json\/wp\/v2\/posts\/1477\/revisions"}],"predecessor-version":[{"id":1479,"href":"https:\/\/hotnewsinworld.com\/hu\/wp-json\/wp\/v2\/posts\/1477\/revisions\/1479"}],"wp:featuredmedia":[{"embeddable":true,"href":"https:\/\/hotnewsinworld.com\/hu\/wp-json\/wp\/v2\/media\/1478"}],"wp:attachment":[{"href":"https:\/\/hotnewsinworld.com\/hu\/wp-json\/wp\/v2\/media?parent=1477"}],"wp:term":[{"taxonomy":"category","embeddable":true,"href":"https:\/\/hotnewsinworld.com\/hu\/wp-json\/wp\/v2\/categories?post=1477"},{"taxonomy":"post_tag","embeddable":true,"href":"https:\/\/hotnewsinworld.com\/hu\/wp-json\/wp\/v2\/tags?post=1477"}],"curies":[{"name":"wp","href":"https:\/\/api.w.org\/{rel}","templated":true}]}}