{"id":1480,"date":"2019-09-01T12:51:20","date_gmt":"2019-09-01T09:51:20","guid":{"rendered":"https:\/\/hotnewsinworld.com\/hu\/kocsis-mate-gyurcsanyek-semmibe-veszik-a-magyar-emberek-akaratat\/"},"modified":"2019-09-01T12:51:21","modified_gmt":"2019-09-01T09:51:21","slug":"kocsis-mate-gyurcsanyek-semmibe-veszik-a-magyar-emberek-akaratat","status":"publish","type":"post","link":"https:\/\/hotnewsinworld.com\/hu\/kocsis-mate-gyurcsanyek-semmibe-veszik-a-magyar-emberek-akaratat\/","title":{"rendered":"Kocsis M\u00e1t\u00e9: Gyurcs\u00e1ny\u00e9k semmibe veszik a magyar emberek akarat\u00e1t"},"content":{"rendered":"<p> [ad_1]<br \/>\n<\/p>\n<div>\n\t\t\t\t\tA cikk emailben t\u00f6rt\u00e9n\u0151 elk\u00fcld\u00e9s\u00e9hez kattintson ide, vagy m\u00e1solja le \u00e9s k\u00fcldje el ezt a linket: <strong>https:\/\/magyarnemzet.hu\/belfold\/kocsis-mate-gyurcsanyek-semmibe-veszik-a-magyar-emberek-akaratat-7260104\/<\/strong>\n\t\t\t\t<\/div>\n<p>\n\t\t\t\t\t<span class=\"en-article-dates-main\">2019. szeptember 1. vas\u00e1rnap 11:44<\/span><br \/>\n\t\t\t\t\t\t\t\t\t\t\t\t\t\t\t<span class=\"en-article-dates-updated\">2019. 09. 01. 11:49<\/span>\n\t\t\t\t\t\t\t\t\t<\/p>\n<div>\n<p>\n\t\t\t\t\t\t\t\tGyurcs\u00e1ny Ferenc\u00e9k semmibe veszik a magyar emberek k\u00e9t v\u00e1laszt\u00e1son \u00e9s egy n\u00e9pszavaz\u00e1son vil\u00e1goss\u00e1 tett akarat\u00e1t a hat\u00e1rv\u00e9delemr\u0151l \u00e9s a br\u00fcsszeli bev\u00e1ndorl\u00e1spolitik\u00e1r\u00f3l \u2013 \u00e9rt\u00e9kelt Kocsis M\u00e1t\u00e9 a Kossuth R\u00e1di\u00f3 Vas\u00e1rnapi \u00dajs\u00e1g c\u00edm\u0171 reggeli m\u0171sor\u00e1ban. \t\t\t\t\t\t\t<\/p>\n<p>A Fidesz frakci\u00f3vezet\u0151j\u00e9t arr\u00f3l k\u00e9rdezt\u00e9k, mi a v\u00e9lem\u00e9nye arr\u00f3l, hogy Dobrev Kl\u00e1ra, a Demokratikus Koal\u00edci\u00f3 eur\u00f3pai parlamenti (EP-) k\u00e9pvisel\u0151je nem t\u00e1mogatja, hogy az EU kifizesse Magyarorsz\u00e1gnak a hat\u00e1rv\u00e9delem k\u00f6lts\u00e9geit. A korm\u00e1nyp\u00e1rti politikus szerint a magyar embereknek m\u00e1r nem meglep\u0151, hogy Gyurcs\u00e1ny Ferenc vagy a feles\u00e9ge \u201ea legbrut\u00e1lisabb nemzetellenes politik\u00e1t\u201d k\u00e9pviseli.<\/p>\n<p>Hozz\u00e1tette, az ellenz\u00e9ki politikus kijelent\u00e9se is annak bizony\u00edt\u00e9ka, hogy a Gyurcs\u00e1ny vezette politikai t\u00f6mb, az eg\u00e9sz baloldal nem v\u00e1ltoztatott politik\u00e1j\u00e1n. \u201eHi\u00e1ba d\u00f6nt\u00f6ttek a magyarok az elm\u00falt v\u00e1laszt\u00e1sokon egy\u00e9rtelm\u0171en, Gyurcs\u00e1ny Ferenc tov\u00e1bbra is folytatja az \u00e1mokfut\u00e1s\u00e1t a bev\u00e1ndorl\u00e1s, a kv\u00f3ta \u00e9s a hat\u00e1rker\u00edt\u00e9s lebont\u00e1sa \u00e9rdek\u00e9ben\u201d \u2013 fogalmazott.<\/p>\n<p>Szerinte \u00e9rdekeltek abban, hogy Magyarorsz\u00e1gnak semmi se jusson.<\/p>\n<p>Arra a felvet\u00e9sre, hogy Gyurcs\u00e1ny Ferenc leh\u00fcly\u00e9zte a Fidesz politikusait \u00e9s azt \u00edrta a Facebook-oldal\u00e1n, \u201ea franc se akarja lebontani a ker\u00edt\u00e9st\u201d, Kocsis M\u00e1t\u00e9 \u00fagy reag\u00e1lt: akkor minek ment oda egy er\u0151v\u00e1g\u00f3val, mikor \u00e9p\u00fclt a ker\u00edt\u00e9s? Mi\u00e9rt gy\u0171jt\u00f6tt a DK al\u00e1\u00edr\u00e1st a betelep\u00edt\u00e9si kv\u00f3ta mellett? Mi\u00e9rt nem szavazt\u00e1k meg az ezzel \u00f6sszef\u00fcgg\u0151 alkotm\u00e1nym\u00f3dos\u00edt\u00e1st? \u2013 sorolta k\u00e9rd\u00e9seit.<\/p>\n<p>K\u00f6z\u00f6lte, nincs semmi meglep\u0151 abban, hogy \u201eGyurcs\u00e1ny Ferenc not\u00f3rius hazudoz\u00f3 \u00e9s azt is letagadja, amir\u0151l teljesen nyilv\u00e1nval\u00f3 felv\u00e9telek vannak\u201d.<\/p>\n<p>Hozz\u00e1tette: t\u00e1j\u00e9koztat\u00f3 kamp\u00e1nyt ind\u00edtanak az\u00e9rt, mert minden magyarnak joga van tudni, mit jelent a Gyurcs\u00e1ny Ferenc \u00e9s feles\u00e9ge vezette baloldal politik\u00e1ja.<\/p>\n<p>Kocsis M\u00e1t\u00e9 szerint ak\u00e1r provok\u00e1ci\u00f3nak, egyfajta szankci\u00f3nak is felfoghat\u00f3, hogy az EU a hat\u00e1rv\u00e9delem k\u00f6lts\u00e9geinek fele helyett mind\u00f6ssze egy sz\u00e1zal\u00e9k\u00e1t t\u00e9r\u00edti meg Magyarorsz\u00e1gnak.<\/p>\n<p>\u00dagy indokolt, amikor Magyarorsz\u00e1g a hat\u00e1r\u00e1t v\u00e9di, akkor a schengeni hat\u00e1rt is v\u00e9di, ez eur\u00f3pai uni\u00f3s k\u00f6telezetts\u00e9ge. Hozz\u00e1tette: ez az a szerz\u0151d\u00e9ses alap, amely miatt Magyarorsz\u00e1g azt gondolja, hogy a k\u00f6lts\u00e9geket feler\u00e9szben az uni\u00f3nak kellene \u00e1llnia. Rem\u00e9nyre ad okot, hogy ezt a kedvez\u0151tlen \u00edg\u00e9retet m\u00e9g a Juncker-f\u00e9le bizotts\u00e1g tette, \u00e9s az \u00fajonnan fel\u00e1ll\u00f3 bizotts\u00e1gn\u00e1l \u00fajra meg kell nyitni a hat\u00e1rv\u00e9delmi k\u00f6lts\u00e9gekkel kapcsolatos t\u00e1rgyal\u00e1sokat.<\/p>\n<\/p><\/div>\n<p><script>\n    window.fbAsyncInit = function() {\n        FB.init({\n            appId      : \"397495361000984\",\n            xfbml      : true,\n            version    : \"v2.12\"\n        });\n        FB.AppEvents.logPageView();\n        jQuery(document).trigger('fbInit');\n    };<\/p>\n<p>    (function(d, s, id){\n        var js, fjs = d.getElementsByTagName(s)[0];\n        if (d.getElementById(id)) {return;}\n        js = d.createElement(s); js.id = id;\n        js.src = \"http:\/\/connect.facebook.net\/hu_HU\/sdk.js\";\n        fjs.parentNode.insertBefore(js, fjs);\n    }(document, \"script\", \"facebook-jssdk\"));\n<\/script><br \/>\n<br \/>[ad_2]<br \/>\n<br \/><a href=\"https:\/\/hirek.oldal.info\/rssclick\/14360330\">Source link <\/a><\/p>\n","protected":false},"excerpt":{"rendered":"<p>[ad_1] A cikk emailben t\u00f6rt\u00e9n\u0151 elk\u00fcld\u00e9s\u00e9hez kattintson ide, vagy m\u00e1solja le \u00e9s k\u00fcldje el ezt a linket: https:\/\/magyarnemzet.hu\/belfold\/kocsis-mate-gyurcsanyek-semmibe-veszik-a-magyar-emberek-akaratat-7260104\/ 2019. szeptember 1. vas\u00e1rnap 11:44 2019. 09. 01. 11:49 Gyurcs\u00e1ny Ferenc\u00e9k semmibe veszik a magyar emberek k\u00e9t v\u00e1laszt\u00e1son \u00e9s egy n\u00e9pszavaz\u00e1son vil\u00e1goss\u00e1 tett akarat\u00e1t a hat\u00e1rv\u00e9delemr\u0151l \u00e9s a br\u00fcsszeli bev\u00e1ndorl\u00e1spolitik\u00e1r\u00f3l \u2013 \u00e9rt\u00e9kelt Kocsis M\u00e1t\u00e9 a Kossuth R\u00e1di\u00f3 [&hellip;]<\/p>\n","protected":false},"author":2,"featured_media":199,"comment_status":"open","ping_status":"open","sticky":false,"template":"","format":"standard","meta":{"footnotes":""},"categories":[1],"tags":[],"class_list":["post-1480","post","type-post","status-publish","format-standard","has-post-thumbnail","hentry","category-legujabb-penzugyi-hirek"],"yoast_head":"<!-- This site is optimized with the Yoast SEO plugin v27.4 - https:\/\/yoast.com\/product\/yoast-seo-wordpress\/ -->\n<title>Kocsis M\u00e1t\u00e9: Gyurcs\u00e1ny\u00e9k semmibe veszik a magyar emberek akarat\u00e1t - Hot News in World<\/title>\n<meta name=\"robots\" content=\"index, follow, max-snippet:-1, max-image-preview:large, max-video-preview:-1\" \/>\n<link rel=\"canonical\" href=\"https:\/\/hotnewsinworld.com\/hu\/kocsis-mate-gyurcsanyek-semmibe-veszik-a-magyar-emberek-akaratat\/\" \/>\n<meta property=\"og:locale\" content=\"hu_HU\" \/>\n<meta property=\"og:type\" content=\"article\" \/>\n<meta property=\"og:title\" content=\"Kocsis M\u00e1t\u00e9: Gyurcs\u00e1ny\u00e9k semmibe veszik a magyar emberek akarat\u00e1t - Hot News in World\" \/>\n<meta property=\"og:description\" content=\"[ad_1] A cikk emailben t\u00f6rt\u00e9n\u0151 elk\u00fcld\u00e9s\u00e9hez kattintson ide, vagy m\u00e1solja le \u00e9s k\u00fcldje el ezt a linket: https:\/\/magyarnemzet.hu\/belfold\/kocsis-mate-gyurcsanyek-semmibe-veszik-a-magyar-emberek-akaratat-7260104\/ 2019. szeptember 1. vas\u00e1rnap 11:44 2019. 09. 01. 11:49 Gyurcs\u00e1ny Ferenc\u00e9k semmibe veszik a magyar emberek k\u00e9t v\u00e1laszt\u00e1son \u00e9s egy n\u00e9pszavaz\u00e1son vil\u00e1goss\u00e1 tett akarat\u00e1t a hat\u00e1rv\u00e9delemr\u0151l \u00e9s a br\u00fcsszeli bev\u00e1ndorl\u00e1spolitik\u00e1r\u00f3l \u2013 \u00e9rt\u00e9kelt Kocsis M\u00e1t\u00e9 a Kossuth R\u00e1di\u00f3 [&hellip;]\" \/>\n<meta property=\"og:url\" content=\"https:\/\/hotnewsinworld.com\/hu\/kocsis-mate-gyurcsanyek-semmibe-veszik-a-magyar-emberek-akaratat\/\" \/>\n<meta property=\"og:site_name\" content=\"Hot News in World\" \/>\n<meta property=\"article:published_time\" content=\"2019-09-01T09:51:20+00:00\" \/>\n<meta property=\"article:modified_time\" content=\"2019-09-01T09:51:21+00:00\" \/>\n<meta property=\"og:image\" content=\"https:\/\/hotnewsinworld.com\/hu\/wp-content\/uploads\/sites\/3\/2019\/06\/Hidv\u00e9ghi-Bal\u00e1zs-A-Fidesz-kezdem\u00e9nyezni-fogja-a-migr\u00e1nsk\u00e1rty\u00e1k-megsz\u00fcntet\u00e9s\u00e9t.png\" \/>\n\t<meta property=\"og:image:width\" content=\"1200\" \/>\n\t<meta property=\"og:image:height\" content=\"630\" \/>\n\t<meta property=\"og:image:type\" content=\"image\/png\" \/>\n<meta name=\"author\" content=\"hotnewsinworld\" \/>\n<meta name=\"twitter:card\" content=\"summary_large_image\" \/>\n<meta name=\"twitter:label1\" content=\"Szerz\u0151:\" \/>\n\t<meta name=\"twitter:data1\" content=\"hotnewsinworld\" \/>\n\t<meta name=\"twitter:label2\" content=\"Becs\u00fclt olvas\u00e1si id\u0151\" \/>\n\t<meta name=\"twitter:data2\" content=\"3 perc\" \/>\n<script type=\"application\/ld+json\" class=\"yoast-schema-graph\">{\"@context\":\"https:\\\/\\\/schema.org\",\"@graph\":[{\"@type\":\"Article\",\"@id\":\"https:\\\/\\\/hotnewsinworld.com\\\/hu\\\/kocsis-mate-gyurcsanyek-semmibe-veszik-a-magyar-emberek-akaratat\\\/#article\",\"isPartOf\":{\"@id\":\"https:\\\/\\\/hotnewsinworld.com\\\/hu\\\/kocsis-mate-gyurcsanyek-semmibe-veszik-a-magyar-emberek-akaratat\\\/\"},\"author\":{\"name\":\"hotnewsinworld\",\"@id\":\"https:\\\/\\\/hotnewsinworld.com\\\/hu\\\/#\\\/schema\\\/person\\\/fe61448b21c0d59086e75fcc1f9d8f6b\"},\"headline\":\"Kocsis M\u00e1t\u00e9: Gyurcs\u00e1ny\u00e9k semmibe veszik a magyar emberek akarat\u00e1t\",\"datePublished\":\"2019-09-01T09:51:20+00:00\",\"dateModified\":\"2019-09-01T09:51:21+00:00\",\"mainEntityOfPage\":{\"@id\":\"https:\\\/\\\/hotnewsinworld.com\\\/hu\\\/kocsis-mate-gyurcsanyek-semmibe-veszik-a-magyar-emberek-akaratat\\\/\"},\"wordCount\":546,\"commentCount\":0,\"image\":{\"@id\":\"https:\\\/\\\/hotnewsinworld.com\\\/hu\\\/kocsis-mate-gyurcsanyek-semmibe-veszik-a-magyar-emberek-akaratat\\\/#primaryimage\"},\"thumbnailUrl\":\"https:\\\/\\\/hotnewsinworld.com\\\/hu\\\/wp-content\\\/uploads\\\/sites\\\/3\\\/2019\\\/06\\\/Hidv\u00e9ghi-Bal\u00e1zs-A-Fidesz-kezdem\u00e9nyezni-fogja-a-migr\u00e1nsk\u00e1rty\u00e1k-megsz\u00fcntet\u00e9s\u00e9t.png\",\"articleSection\":[\"LEG\u00daJABB P\u00c9NZ\u00dcGYI H\u00cdREK\"],\"inLanguage\":\"hu\",\"potentialAction\":[{\"@type\":\"CommentAction\",\"name\":\"Comment\",\"target\":[\"https:\\\/\\\/hotnewsinworld.com\\\/hu\\\/kocsis-mate-gyurcsanyek-semmibe-veszik-a-magyar-emberek-akaratat\\\/#respond\"]}]},{\"@type\":\"WebPage\",\"@id\":\"https:\\\/\\\/hotnewsinworld.com\\\/hu\\\/kocsis-mate-gyurcsanyek-semmibe-veszik-a-magyar-emberek-akaratat\\\/\",\"url\":\"https:\\\/\\\/hotnewsinworld.com\\\/hu\\\/kocsis-mate-gyurcsanyek-semmibe-veszik-a-magyar-emberek-akaratat\\\/\",\"name\":\"Kocsis M\u00e1t\u00e9: Gyurcs\u00e1ny\u00e9k semmibe veszik a magyar emberek akarat\u00e1t - Hot News in World\",\"isPartOf\":{\"@id\":\"https:\\\/\\\/hotnewsinworld.com\\\/hu\\\/#website\"},\"primaryImageOfPage\":{\"@id\":\"https:\\\/\\\/hotnewsinworld.com\\\/hu\\\/kocsis-mate-gyurcsanyek-semmibe-veszik-a-magyar-emberek-akaratat\\\/#primaryimage\"},\"image\":{\"@id\":\"https:\\\/\\\/hotnewsinworld.com\\\/hu\\\/kocsis-mate-gyurcsanyek-semmibe-veszik-a-magyar-emberek-akaratat\\\/#primaryimage\"},\"thumbnailUrl\":\"https:\\\/\\\/hotnewsinworld.com\\\/hu\\\/wp-content\\\/uploads\\\/sites\\\/3\\\/2019\\\/06\\\/Hidv\u00e9ghi-Bal\u00e1zs-A-Fidesz-kezdem\u00e9nyezni-fogja-a-migr\u00e1nsk\u00e1rty\u00e1k-megsz\u00fcntet\u00e9s\u00e9t.png\",\"datePublished\":\"2019-09-01T09:51:20+00:00\",\"dateModified\":\"2019-09-01T09:51:21+00:00\",\"author\":{\"@id\":\"https:\\\/\\\/hotnewsinworld.com\\\/hu\\\/#\\\/schema\\\/person\\\/fe61448b21c0d59086e75fcc1f9d8f6b\"},\"breadcrumb\":{\"@id\":\"https:\\\/\\\/hotnewsinworld.com\\\/hu\\\/kocsis-mate-gyurcsanyek-semmibe-veszik-a-magyar-emberek-akaratat\\\/#breadcrumb\"},\"inLanguage\":\"hu\",\"potentialAction\":[{\"@type\":\"ReadAction\",\"target\":[\"https:\\\/\\\/hotnewsinworld.com\\\/hu\\\/kocsis-mate-gyurcsanyek-semmibe-veszik-a-magyar-emberek-akaratat\\\/\"]}]},{\"@type\":\"ImageObject\",\"inLanguage\":\"hu\",\"@id\":\"https:\\\/\\\/hotnewsinworld.com\\\/hu\\\/kocsis-mate-gyurcsanyek-semmibe-veszik-a-magyar-emberek-akaratat\\\/#primaryimage\",\"url\":\"https:\\\/\\\/hotnewsinworld.com\\\/hu\\\/wp-content\\\/uploads\\\/sites\\\/3\\\/2019\\\/06\\\/Hidv\u00e9ghi-Bal\u00e1zs-A-Fidesz-kezdem\u00e9nyezni-fogja-a-migr\u00e1nsk\u00e1rty\u00e1k-megsz\u00fcntet\u00e9s\u00e9t.png\",\"contentUrl\":\"https:\\\/\\\/hotnewsinworld.com\\\/hu\\\/wp-content\\\/uploads\\\/sites\\\/3\\\/2019\\\/06\\\/Hidv\u00e9ghi-Bal\u00e1zs-A-Fidesz-kezdem\u00e9nyezni-fogja-a-migr\u00e1nsk\u00e1rty\u00e1k-megsz\u00fcntet\u00e9s\u00e9t.png\",\"width\":1200,\"height\":630,\"caption\":\"Hidv\u00e9ghi Bal\u00e1zs: A Fidesz kezdem\u00e9nyezni fogja a migr\u00e1nsk\u00e1rty\u00e1k megsz\u00fcntet\u00e9s\u00e9t\"},{\"@type\":\"BreadcrumbList\",\"@id\":\"https:\\\/\\\/hotnewsinworld.com\\\/hu\\\/kocsis-mate-gyurcsanyek-semmibe-veszik-a-magyar-emberek-akaratat\\\/#breadcrumb\",\"itemListElement\":[{\"@type\":\"ListItem\",\"position\":1,\"name\":\"\u0413\u043b\u0430\u0432\u043d\u0430\u044f \u0441\u0442\u0440\u0430\u043d\u0438\u0446\u0430\",\"item\":\"https:\\\/\\\/hotnewsinworld.com\\\/hu\\\/\"},{\"@type\":\"ListItem\",\"position\":2,\"name\":\"Kocsis M\u00e1t\u00e9: Gyurcs\u00e1ny\u00e9k semmibe veszik a magyar emberek akarat\u00e1t\"}]},{\"@type\":\"WebSite\",\"@id\":\"https:\\\/\\\/hotnewsinworld.com\\\/hu\\\/#website\",\"url\":\"https:\\\/\\\/hotnewsinworld.com\\\/hu\\\/\",\"name\":\"Hot News in World\",\"description\":\"Hot News in World from Hungary\",\"potentialAction\":[{\"@type\":\"SearchAction\",\"target\":{\"@type\":\"EntryPoint\",\"urlTemplate\":\"https:\\\/\\\/hotnewsinworld.com\\\/hu\\\/?s={search_term_string}\"},\"query-input\":{\"@type\":\"PropertyValueSpecification\",\"valueRequired\":true,\"valueName\":\"search_term_string\"}}],\"inLanguage\":\"hu\"},{\"@type\":\"Person\",\"@id\":\"https:\\\/\\\/hotnewsinworld.com\\\/hu\\\/#\\\/schema\\\/person\\\/fe61448b21c0d59086e75fcc1f9d8f6b\",\"name\":\"hotnewsinworld\",\"image\":{\"@type\":\"ImageObject\",\"inLanguage\":\"hu\",\"@id\":\"https:\\\/\\\/secure.gravatar.com\\\/avatar\\\/8a09ac165600ce2e1c38fe593c63928eb1e6e7ba5c5a907d67787c41b3d00c14?s=96&d=mm&r=g\",\"url\":\"https:\\\/\\\/secure.gravatar.com\\\/avatar\\\/8a09ac165600ce2e1c38fe593c63928eb1e6e7ba5c5a907d67787c41b3d00c14?s=96&d=mm&r=g\",\"contentUrl\":\"https:\\\/\\\/secure.gravatar.com\\\/avatar\\\/8a09ac165600ce2e1c38fe593c63928eb1e6e7ba5c5a907d67787c41b3d00c14?s=96&d=mm&r=g\",\"caption\":\"hotnewsinworld\"},\"url\":\"https:\\\/\\\/hotnewsinworld.com\\\/hu\\\/author\\\/pt\\\/\"}]}<\/script>\n<!-- \/ Yoast SEO plugin. -->","yoast_head_json":{"title":"Kocsis M\u00e1t\u00e9: Gyurcs\u00e1ny\u00e9k semmibe veszik a magyar emberek akarat\u00e1t - Hot News in World","robots":{"index":"index","follow":"follow","max-snippet":"max-snippet:-1","max-image-preview":"max-image-preview:large","max-video-preview":"max-video-preview:-1"},"canonical":"https:\/\/hotnewsinworld.com\/hu\/kocsis-mate-gyurcsanyek-semmibe-veszik-a-magyar-emberek-akaratat\/","og_locale":"hu_HU","og_type":"article","og_title":"Kocsis M\u00e1t\u00e9: Gyurcs\u00e1ny\u00e9k semmibe veszik a magyar emberek akarat\u00e1t - Hot News in World","og_description":"[ad_1] A cikk emailben t\u00f6rt\u00e9n\u0151 elk\u00fcld\u00e9s\u00e9hez kattintson ide, vagy m\u00e1solja le \u00e9s k\u00fcldje el ezt a linket: https:\/\/magyarnemzet.hu\/belfold\/kocsis-mate-gyurcsanyek-semmibe-veszik-a-magyar-emberek-akaratat-7260104\/ 2019. szeptember 1. vas\u00e1rnap 11:44 2019. 09. 01. 11:49 Gyurcs\u00e1ny Ferenc\u00e9k semmibe veszik a magyar emberek k\u00e9t v\u00e1laszt\u00e1son \u00e9s egy n\u00e9pszavaz\u00e1son vil\u00e1goss\u00e1 tett akarat\u00e1t a hat\u00e1rv\u00e9delemr\u0151l \u00e9s a br\u00fcsszeli bev\u00e1ndorl\u00e1spolitik\u00e1r\u00f3l \u2013 \u00e9rt\u00e9kelt Kocsis M\u00e1t\u00e9 a Kossuth R\u00e1di\u00f3 [&hellip;]","og_url":"https:\/\/hotnewsinworld.com\/hu\/kocsis-mate-gyurcsanyek-semmibe-veszik-a-magyar-emberek-akaratat\/","og_site_name":"Hot News in World","article_published_time":"2019-09-01T09:51:20+00:00","article_modified_time":"2019-09-01T09:51:21+00:00","og_image":[{"width":1200,"height":630,"url":"https:\/\/hotnewsinworld.com\/hu\/wp-content\/uploads\/sites\/3\/2019\/06\/Hidv\u00e9ghi-Bal\u00e1zs-A-Fidesz-kezdem\u00e9nyezni-fogja-a-migr\u00e1nsk\u00e1rty\u00e1k-megsz\u00fcntet\u00e9s\u00e9t.png","type":"image\/png"}],"author":"hotnewsinworld","twitter_card":"summary_large_image","twitter_misc":{"Szerz\u0151:":"hotnewsinworld","Becs\u00fclt olvas\u00e1si id\u0151":"3 perc"},"schema":{"@context":"https:\/\/schema.org","@graph":[{"@type":"Article","@id":"https:\/\/hotnewsinworld.com\/hu\/kocsis-mate-gyurcsanyek-semmibe-veszik-a-magyar-emberek-akaratat\/#article","isPartOf":{"@id":"https:\/\/hotnewsinworld.com\/hu\/kocsis-mate-gyurcsanyek-semmibe-veszik-a-magyar-emberek-akaratat\/"},"author":{"name":"hotnewsinworld","@id":"https:\/\/hotnewsinworld.com\/hu\/#\/schema\/person\/fe61448b21c0d59086e75fcc1f9d8f6b"},"headline":"Kocsis M\u00e1t\u00e9: Gyurcs\u00e1ny\u00e9k semmibe veszik a magyar emberek akarat\u00e1t","datePublished":"2019-09-01T09:51:20+00:00","dateModified":"2019-09-01T09:51:21+00:00","mainEntityOfPage":{"@id":"https:\/\/hotnewsinworld.com\/hu\/kocsis-mate-gyurcsanyek-semmibe-veszik-a-magyar-emberek-akaratat\/"},"wordCount":546,"commentCount":0,"image":{"@id":"https:\/\/hotnewsinworld.com\/hu\/kocsis-mate-gyurcsanyek-semmibe-veszik-a-magyar-emberek-akaratat\/#primaryimage"},"thumbnailUrl":"https:\/\/hotnewsinworld.com\/hu\/wp-content\/uploads\/sites\/3\/2019\/06\/Hidv\u00e9ghi-Bal\u00e1zs-A-Fidesz-kezdem\u00e9nyezni-fogja-a-migr\u00e1nsk\u00e1rty\u00e1k-megsz\u00fcntet\u00e9s\u00e9t.png","articleSection":["LEG\u00daJABB P\u00c9NZ\u00dcGYI H\u00cdREK"],"inLanguage":"hu","potentialAction":[{"@type":"CommentAction","name":"Comment","target":["https:\/\/hotnewsinworld.com\/hu\/kocsis-mate-gyurcsanyek-semmibe-veszik-a-magyar-emberek-akaratat\/#respond"]}]},{"@type":"WebPage","@id":"https:\/\/hotnewsinworld.com\/hu\/kocsis-mate-gyurcsanyek-semmibe-veszik-a-magyar-emberek-akaratat\/","url":"https:\/\/hotnewsinworld.com\/hu\/kocsis-mate-gyurcsanyek-semmibe-veszik-a-magyar-emberek-akaratat\/","name":"Kocsis M\u00e1t\u00e9: Gyurcs\u00e1ny\u00e9k semmibe veszik a magyar emberek akarat\u00e1t - Hot News in World","isPartOf":{"@id":"https:\/\/hotnewsinworld.com\/hu\/#website"},"primaryImageOfPage":{"@id":"https:\/\/hotnewsinworld.com\/hu\/kocsis-mate-gyurcsanyek-semmibe-veszik-a-magyar-emberek-akaratat\/#primaryimage"},"image":{"@id":"https:\/\/hotnewsinworld.com\/hu\/kocsis-mate-gyurcsanyek-semmibe-veszik-a-magyar-emberek-akaratat\/#primaryimage"},"thumbnailUrl":"https:\/\/hotnewsinworld.com\/hu\/wp-content\/uploads\/sites\/3\/2019\/06\/Hidv\u00e9ghi-Bal\u00e1zs-A-Fidesz-kezdem\u00e9nyezni-fogja-a-migr\u00e1nsk\u00e1rty\u00e1k-megsz\u00fcntet\u00e9s\u00e9t.png","datePublished":"2019-09-01T09:51:20+00:00","dateModified":"2019-09-01T09:51:21+00:00","author":{"@id":"https:\/\/hotnewsinworld.com\/hu\/#\/schema\/person\/fe61448b21c0d59086e75fcc1f9d8f6b"},"breadcrumb":{"@id":"https:\/\/hotnewsinworld.com\/hu\/kocsis-mate-gyurcsanyek-semmibe-veszik-a-magyar-emberek-akaratat\/#breadcrumb"},"inLanguage":"hu","potentialAction":[{"@type":"ReadAction","target":["https:\/\/hotnewsinworld.com\/hu\/kocsis-mate-gyurcsanyek-semmibe-veszik-a-magyar-emberek-akaratat\/"]}]},{"@type":"ImageObject","inLanguage":"hu","@id":"https:\/\/hotnewsinworld.com\/hu\/kocsis-mate-gyurcsanyek-semmibe-veszik-a-magyar-emberek-akaratat\/#primaryimage","url":"https:\/\/hotnewsinworld.com\/hu\/wp-content\/uploads\/sites\/3\/2019\/06\/Hidv\u00e9ghi-Bal\u00e1zs-A-Fidesz-kezdem\u00e9nyezni-fogja-a-migr\u00e1nsk\u00e1rty\u00e1k-megsz\u00fcntet\u00e9s\u00e9t.png","contentUrl":"https:\/\/hotnewsinworld.com\/hu\/wp-content\/uploads\/sites\/3\/2019\/06\/Hidv\u00e9ghi-Bal\u00e1zs-A-Fidesz-kezdem\u00e9nyezni-fogja-a-migr\u00e1nsk\u00e1rty\u00e1k-megsz\u00fcntet\u00e9s\u00e9t.png","width":1200,"height":630,"caption":"Hidv\u00e9ghi Bal\u00e1zs: A Fidesz kezdem\u00e9nyezni fogja a migr\u00e1nsk\u00e1rty\u00e1k megsz\u00fcntet\u00e9s\u00e9t"},{"@type":"BreadcrumbList","@id":"https:\/\/hotnewsinworld.com\/hu\/kocsis-mate-gyurcsanyek-semmibe-veszik-a-magyar-emberek-akaratat\/#breadcrumb","itemListElement":[{"@type":"ListItem","position":1,"name":"\u0413\u043b\u0430\u0432\u043d\u0430\u044f \u0441\u0442\u0440\u0430\u043d\u0438\u0446\u0430","item":"https:\/\/hotnewsinworld.com\/hu\/"},{"@type":"ListItem","position":2,"name":"Kocsis M\u00e1t\u00e9: Gyurcs\u00e1ny\u00e9k semmibe veszik a magyar emberek akarat\u00e1t"}]},{"@type":"WebSite","@id":"https:\/\/hotnewsinworld.com\/hu\/#website","url":"https:\/\/hotnewsinworld.com\/hu\/","name":"Hot News in World","description":"Hot News in World from Hungary","potentialAction":[{"@type":"SearchAction","target":{"@type":"EntryPoint","urlTemplate":"https:\/\/hotnewsinworld.com\/hu\/?s={search_term_string}"},"query-input":{"@type":"PropertyValueSpecification","valueRequired":true,"valueName":"search_term_string"}}],"inLanguage":"hu"},{"@type":"Person","@id":"https:\/\/hotnewsinworld.com\/hu\/#\/schema\/person\/fe61448b21c0d59086e75fcc1f9d8f6b","name":"hotnewsinworld","image":{"@type":"ImageObject","inLanguage":"hu","@id":"https:\/\/secure.gravatar.com\/avatar\/8a09ac165600ce2e1c38fe593c63928eb1e6e7ba5c5a907d67787c41b3d00c14?s=96&d=mm&r=g","url":"https:\/\/secure.gravatar.com\/avatar\/8a09ac165600ce2e1c38fe593c63928eb1e6e7ba5c5a907d67787c41b3d00c14?s=96&d=mm&r=g","contentUrl":"https:\/\/secure.gravatar.com\/avatar\/8a09ac165600ce2e1c38fe593c63928eb1e6e7ba5c5a907d67787c41b3d00c14?s=96&d=mm&r=g","caption":"hotnewsinworld"},"url":"https:\/\/hotnewsinworld.com\/hu\/author\/pt\/"}]}},"_links":{"self":[{"href":"https:\/\/hotnewsinworld.com\/hu\/wp-json\/wp\/v2\/posts\/1480","targetHints":{"allow":["GET"]}}],"collection":[{"href":"https:\/\/hotnewsinworld.com\/hu\/wp-json\/wp\/v2\/posts"}],"about":[{"href":"https:\/\/hotnewsinworld.com\/hu\/wp-json\/wp\/v2\/types\/post"}],"author":[{"embeddable":true,"href":"https:\/\/hotnewsinworld.com\/hu\/wp-json\/wp\/v2\/users\/2"}],"replies":[{"embeddable":true,"href":"https:\/\/hotnewsinworld.com\/hu\/wp-json\/wp\/v2\/comments?post=1480"}],"version-history":[{"count":1,"href":"https:\/\/hotnewsinworld.com\/hu\/wp-json\/wp\/v2\/posts\/1480\/revisions"}],"predecessor-version":[{"id":1481,"href":"https:\/\/hotnewsinworld.com\/hu\/wp-json\/wp\/v2\/posts\/1480\/revisions\/1481"}],"wp:featuredmedia":[{"embeddable":true,"href":"https:\/\/hotnewsinworld.com\/hu\/wp-json\/wp\/v2\/media\/199"}],"wp:attachment":[{"href":"https:\/\/hotnewsinworld.com\/hu\/wp-json\/wp\/v2\/media?parent=1480"}],"wp:term":[{"taxonomy":"category","embeddable":true,"href":"https:\/\/hotnewsinworld.com\/hu\/wp-json\/wp\/v2\/categories?post=1480"},{"taxonomy":"post_tag","embeddable":true,"href":"https:\/\/hotnewsinworld.com\/hu\/wp-json\/wp\/v2\/tags?post=1480"}],"curies":[{"name":"wp","href":"https:\/\/api.w.org\/{rel}","templated":true}]}}