{"id":1487,"date":"2019-09-01T17:01:53","date_gmt":"2019-09-01T14:01:53","guid":{"rendered":"https:\/\/hotnewsinworld.com\/hu\/bejelentes-bevezetik-a-klasszikus-ertekekre-tamaszkodo-alaptantervet-2020-ban\/"},"modified":"2019-09-16T16:34:15","modified_gmt":"2019-09-16T13:34:15","slug":"bejelentes-bevezetik-a-klasszikus-ertekekre-tamaszkodo-alaptantervet-2020-ban","status":"publish","type":"post","link":"https:\/\/hotnewsinworld.com\/hu\/bejelentes-bevezetik-a-klasszikus-ertekekre-tamaszkodo-alaptantervet-2020-ban\/","title":{"rendered":"Bejelent\u00e9s: bevezetik a &#8222;klasszikus \u00e9rt\u00e9kekre&#8221; t\u00e1maszkod\u00f3 alaptantervet 2020-ban"},"content":{"rendered":"<p>[ad_1]<\/p>\n<div>\n<p>A magyar korm\u00e1ny feladata \u00e9s c\u00e9lja, hogy mindenben t\u00e1mogassa a gyermekeket nevel\u0151 csal\u00e1dokat, a szorgalmasan tanul\u00f3 di\u00e1kokat \u00e9s a hivat\u00e1sukat odaad\u00f3an v\u00e9gz\u0151 pedag\u00f3gusokat &#8211; mondta az MTI szerint K\u00e1sler Mikl\u00f3s, az emberi er\u0151forr\u00e1sok minisztere az orsz\u00e1gos tan\u00e9vnyit\u00f3n, vas\u00e1rnap S\u00e1rv\u00e1ron.<\/p>\n<div class=\"szerzoesido\">\n<p>Fot\u00f3: Shutterstock &#8211; A k\u00e9p illusztr\u00e1ci\u00f3.<\/p>\n<\/div>\n<p><!-- BANNER --><\/p>\n<p>Elk\u00e9sz\u00fclt, \u00e9s a k\u00f6vetkez\u0151 tan\u00e9vben bevezetik a klasszikus \u00e9rt\u00e9kekre, de a legkorszer\u0171bb m\u00f3dszerekre \u00e9s eszk\u00f6z\u00f6kre t\u00e1maszkod\u00f3 nemzeti alaptantervet \u00e9s kerettantervet &#8211; jelentette be K\u00e1sler Mikl\u00f3s. Ehhez alak\u00edtj\u00e1k a digit\u00e1lis \u00e9s hagyom\u00e1nyos tank\u00f6nyveket, amelyeket a 2020\/21-es tan\u00e9vben minden magyar di\u00e1knak ingyenesen bocs\u00e1tanak rendelkez\u00e9sre 14 milli\u00e1rd forint \u00e9rt\u00e9kben.<\/p>\n<p><b>Sokat adtak<\/b><\/p>\n<p>800 iskol\u00e1t \u00e9p\u00edt, illetve \u00faj\u00edt fel a korm\u00e1ny 276 milli\u00e1rd forint \u00f6ssz\u00e9rt\u00e9kben. Minden k\u00f6z\u00e9piskol\u00e1s di\u00e1k &#8211; \u00e9vente 140 ezren &#8211; a 9. \u00e9s 11. \u00e9vfolyamon k\u00fclf\u00f6ld\u00f6n eg\u00e9sz\u00edtheti ki nyelvtud\u00e1s\u00e1t. Emellett ingyenes els\u0151 nyelvvizsg\u00e1t, valamint KRESZ-vizsg\u00e1t tehetnek a di\u00e1kok, \u00e9s minden magyar tanul\u00f3 t\u00e9r\u00edt\u00e9smentesen el fog jutni m\u00fazeumokba, lev\u00e9lt\u00e1rakba, sz\u00ednh\u00e1zakba \u00e9s hangversenytermekbe.<\/p>\n<p>A korm\u00e1ny 2010-es hivatalba l\u00e9p\u00e9se \u00f3ta a h\u00e1romszoros\u00e1t, 83 milli\u00e1rd forintot ford\u00edt gyermek\u00e9tkeztet\u00e9si programra, amelyet a r\u00e1szorul\u00f3k eg\u00e9sz \u00e9vben ig\u00e9nybe vehetnek &#8211; sorolta a v\u00edvm\u00e1nyokat a miniszter.<\/p>\n<p>A pedag\u00f3gusb\u00e9rek \u00e1tlag 50 sz\u00e1zal\u00e9kkal emelkedtek az utols\u00f3 hat \u00e9vben, \u00e9s t\u00edzezren szereztek mesterpedag\u00f3gusi fokozatot, ami ak\u00e1r 70 ezer forintos fizet\u00e9semel\u00e9ssel is j\u00e1rhat &#8211; v\u00e9li K\u00e1sler.<\/p>\n<p><b>Sokgy\u00f6ker\u0171 a magyar n\u00e9p<\/b><\/p>\n<p>Az MTI szerint K\u00e1sler Mikl\u00f3s a nemzeti tan\u00e9vnyit\u00f3n \u00fagy fogalmazott: az oktat\u00e1s, a nevel\u00e9s \u00e9s az erk\u00f6lcs egy\u00fcttese k\u00e9pezi az \u00f6nazonoss\u00e1got, &#8222;annak a tudat\u00e1t, hogy ki vagyok \u00e9s mi\u00e9rt vagyok&#8221;.<\/p>\n<div class=\"idezetframe\">\n<p>A sokgy\u00f6ker\u0171 magyar n\u00e9p a t\u00f6rt\u00e9nelme sor\u00e1n az\u00e9rt tudott fennmaradni, ism\u00e9t \u00e9s ism\u00e9t meger\u0151s\u00f6dni, megalkotni kult\u00far\u00e1j\u00e1t, mert mindig visszat\u00e9rt \u0151sei helyes \u00fatj\u00e1ra, magasztos eszm\u00e9k vez\u00e9relt\u00e9k, \u00e9s a helyes \u00e9rt\u00e9kek ment\u00e9n cselekedett.<\/p>\n<\/div>\n<p>Szavai szerint a pedag\u00f3gusok feladata, hogy j\u00f3 p\u00e9ld\u00e1t mutatva \u00e9ljenek, \u00e1tadj\u00e1k az el\u0151z\u0151 nemzed\u00e9kek \u00e1ltal felhalmozott szellemi kincseket, megtartva ezzel is p\u00e1ratlanul gazdag kultur\u00e1lis \u00f6r\u00f6ks\u00e9g\u00fcnket, seg\u00edtve a fiatalabb gener\u00e1ci\u00f3kat, hogy tov\u00e1bb gyarap\u00edts\u00e1k azt.<\/p>\n<p>A X. Nemzeti Tan\u00e9vnyit\u00f3n, amelyet id\u00e9n a s\u00e1rv\u00e1ri N\u00e1dasdy Tam\u00e1s \u00c1ltal\u00e1nos Iskol\u00e1ban tartottak, Lakat Attila, az int\u00e9zm\u00e9ny igazgat\u00f3ja k\u00f6sz\u00f6nt\u00f6tte a jelenl\u00e9v\u0151ket, k\u00f6zt\u00fck az iskola tanul\u00f3it, akik sz\u00e1m\u00e1ra a t\u00f6bbi di\u00e1kkal egy\u00fctt h\u00e9tf\u0151 reggel \u00fajra megkezd\u0151dik a tanul\u00e1s, a munka id\u0151szaka &#8211; \u00edrta az MTI.<\/p>\n<p><a href=\"https:\/\/hirek.oldal.info\/rssclick\/14360762\">Source link <\/a><\/p>\n<p><!-- BANNER --><\/p>\n<p><!-- hozzaszolasok (csak md, lg meretben) --><\/p>\n<\/div>\n","protected":false},"excerpt":{"rendered":"<p>[ad_1] A magyar korm\u00e1ny feladata \u00e9s c\u00e9lja, hogy mindenben t\u00e1mogassa a gyermekeket nevel\u0151 csal\u00e1dokat, a szorgalmasan tanul\u00f3 di\u00e1kokat \u00e9s a hivat\u00e1sukat odaad\u00f3an v\u00e9gz\u0151 pedag\u00f3gusokat &#8211; mondta az MTI szerint K\u00e1sler Mikl\u00f3s, az emberi er\u0151forr\u00e1sok minisztere az orsz\u00e1gos tan\u00e9vnyit\u00f3n, vas\u00e1rnap S\u00e1rv\u00e1ron. Fot\u00f3: Shutterstock &#8211; A k\u00e9p illusztr\u00e1ci\u00f3. Elk\u00e9sz\u00fclt, \u00e9s a k\u00f6vetkez\u0151 tan\u00e9vben bevezetik a klasszikus \u00e9rt\u00e9kekre, [&hellip;]<\/p>\n","protected":false},"author":2,"featured_media":1488,"comment_status":"open","ping_status":"open","sticky":false,"template":"","format":"standard","meta":{"footnotes":""},"categories":[1],"tags":[],"class_list":["post-1487","post","type-post","status-publish","format-standard","has-post-thumbnail","hentry","category-legujabb-penzugyi-hirek"],"yoast_head":"<!-- This site is optimized with the Yoast SEO plugin v27.4 - https:\/\/yoast.com\/product\/yoast-seo-wordpress\/ -->\n<title>Bejelent\u00e9s: bevezetik a &quot;klasszikus \u00e9rt\u00e9kekre&quot; t\u00e1maszkod\u00f3 alaptantervet 2020-ban - Hot News in World<\/title>\n<meta name=\"robots\" content=\"index, follow, max-snippet:-1, max-image-preview:large, max-video-preview:-1\" \/>\n<link rel=\"canonical\" href=\"https:\/\/hotnewsinworld.com\/hu\/bejelentes-bevezetik-a-klasszikus-ertekekre-tamaszkodo-alaptantervet-2020-ban\/\" \/>\n<meta property=\"og:locale\" content=\"hu_HU\" \/>\n<meta property=\"og:type\" content=\"article\" \/>\n<meta property=\"og:title\" content=\"Bejelent\u00e9s: bevezetik a &quot;klasszikus \u00e9rt\u00e9kekre&quot; t\u00e1maszkod\u00f3 alaptantervet 2020-ban - Hot News in World\" \/>\n<meta property=\"og:description\" content=\"[ad_1] A magyar korm\u00e1ny feladata \u00e9s c\u00e9lja, hogy mindenben t\u00e1mogassa a gyermekeket nevel\u0151 csal\u00e1dokat, a szorgalmasan tanul\u00f3 di\u00e1kokat \u00e9s a hivat\u00e1sukat odaad\u00f3an v\u00e9gz\u0151 pedag\u00f3gusokat &#8211; mondta az MTI szerint K\u00e1sler Mikl\u00f3s, az emberi er\u0151forr\u00e1sok minisztere az orsz\u00e1gos tan\u00e9vnyit\u00f3n, vas\u00e1rnap S\u00e1rv\u00e1ron. Fot\u00f3: Shutterstock &#8211; A k\u00e9p illusztr\u00e1ci\u00f3. Elk\u00e9sz\u00fclt, \u00e9s a k\u00f6vetkez\u0151 tan\u00e9vben bevezetik a klasszikus \u00e9rt\u00e9kekre, [&hellip;]\" \/>\n<meta property=\"og:url\" content=\"https:\/\/hotnewsinworld.com\/hu\/bejelentes-bevezetik-a-klasszikus-ertekekre-tamaszkodo-alaptantervet-2020-ban\/\" \/>\n<meta property=\"og:site_name\" content=\"Hot News in World\" \/>\n<meta property=\"article:published_time\" content=\"2019-09-01T14:01:53+00:00\" \/>\n<meta property=\"article:modified_time\" content=\"2019-09-16T13:34:15+00:00\" \/>\n<meta property=\"og:image\" content=\"https:\/\/hotnewsinworld.com\/hu\/wp-content\/uploads\/sites\/3\/2019\/09\/Bejelent\u00e9s-bevezetik-a-klasszikus-\u00e9rt\u00e9kekre-t\u00e1maszkod\u00f3-alaptantervet-2020-ban.jpeg\" \/>\n\t<meta property=\"og:image:width\" content=\"780\" \/>\n\t<meta property=\"og:image:height\" content=\"439\" \/>\n\t<meta property=\"og:image:type\" content=\"image\/jpeg\" \/>\n<meta name=\"author\" content=\"hotnewsinworld\" \/>\n<meta name=\"twitter:card\" content=\"summary_large_image\" \/>\n<meta name=\"twitter:label1\" content=\"Szerz\u0151:\" \/>\n\t<meta name=\"twitter:data1\" content=\"hotnewsinworld\" \/>\n\t<meta name=\"twitter:label2\" content=\"Becs\u00fclt olvas\u00e1si id\u0151\" \/>\n\t<meta name=\"twitter:data2\" content=\"3 perc\" \/>\n<script type=\"application\/ld+json\" class=\"yoast-schema-graph\">{\"@context\":\"https:\\\/\\\/schema.org\",\"@graph\":[{\"@type\":\"Article\",\"@id\":\"https:\\\/\\\/hotnewsinworld.com\\\/hu\\\/bejelentes-bevezetik-a-klasszikus-ertekekre-tamaszkodo-alaptantervet-2020-ban\\\/#article\",\"isPartOf\":{\"@id\":\"https:\\\/\\\/hotnewsinworld.com\\\/hu\\\/bejelentes-bevezetik-a-klasszikus-ertekekre-tamaszkodo-alaptantervet-2020-ban\\\/\"},\"author\":{\"name\":\"hotnewsinworld\",\"@id\":\"https:\\\/\\\/hotnewsinworld.com\\\/hu\\\/#\\\/schema\\\/person\\\/fe61448b21c0d59086e75fcc1f9d8f6b\"},\"headline\":\"Bejelent\u00e9s: bevezetik a &#8222;klasszikus \u00e9rt\u00e9kekre&#8221; t\u00e1maszkod\u00f3 alaptantervet 2020-ban\",\"datePublished\":\"2019-09-01T14:01:53+00:00\",\"dateModified\":\"2019-09-16T13:34:15+00:00\",\"mainEntityOfPage\":{\"@id\":\"https:\\\/\\\/hotnewsinworld.com\\\/hu\\\/bejelentes-bevezetik-a-klasszikus-ertekekre-tamaszkodo-alaptantervet-2020-ban\\\/\"},\"wordCount\":524,\"commentCount\":0,\"image\":{\"@id\":\"https:\\\/\\\/hotnewsinworld.com\\\/hu\\\/bejelentes-bevezetik-a-klasszikus-ertekekre-tamaszkodo-alaptantervet-2020-ban\\\/#primaryimage\"},\"thumbnailUrl\":\"https:\\\/\\\/hotnewsinworld.com\\\/hu\\\/wp-content\\\/uploads\\\/sites\\\/3\\\/2019\\\/09\\\/Bejelent\u00e9s-bevezetik-a-klasszikus-\u00e9rt\u00e9kekre-t\u00e1maszkod\u00f3-alaptantervet-2020-ban.jpeg\",\"articleSection\":[\"LEG\u00daJABB P\u00c9NZ\u00dcGYI H\u00cdREK\"],\"inLanguage\":\"hu\",\"potentialAction\":[{\"@type\":\"CommentAction\",\"name\":\"Comment\",\"target\":[\"https:\\\/\\\/hotnewsinworld.com\\\/hu\\\/bejelentes-bevezetik-a-klasszikus-ertekekre-tamaszkodo-alaptantervet-2020-ban\\\/#respond\"]}]},{\"@type\":\"WebPage\",\"@id\":\"https:\\\/\\\/hotnewsinworld.com\\\/hu\\\/bejelentes-bevezetik-a-klasszikus-ertekekre-tamaszkodo-alaptantervet-2020-ban\\\/\",\"url\":\"https:\\\/\\\/hotnewsinworld.com\\\/hu\\\/bejelentes-bevezetik-a-klasszikus-ertekekre-tamaszkodo-alaptantervet-2020-ban\\\/\",\"name\":\"Bejelent\u00e9s: bevezetik a \\\"klasszikus \u00e9rt\u00e9kekre\\\" t\u00e1maszkod\u00f3 alaptantervet 2020-ban - Hot News in World\",\"isPartOf\":{\"@id\":\"https:\\\/\\\/hotnewsinworld.com\\\/hu\\\/#website\"},\"primaryImageOfPage\":{\"@id\":\"https:\\\/\\\/hotnewsinworld.com\\\/hu\\\/bejelentes-bevezetik-a-klasszikus-ertekekre-tamaszkodo-alaptantervet-2020-ban\\\/#primaryimage\"},\"image\":{\"@id\":\"https:\\\/\\\/hotnewsinworld.com\\\/hu\\\/bejelentes-bevezetik-a-klasszikus-ertekekre-tamaszkodo-alaptantervet-2020-ban\\\/#primaryimage\"},\"thumbnailUrl\":\"https:\\\/\\\/hotnewsinworld.com\\\/hu\\\/wp-content\\\/uploads\\\/sites\\\/3\\\/2019\\\/09\\\/Bejelent\u00e9s-bevezetik-a-klasszikus-\u00e9rt\u00e9kekre-t\u00e1maszkod\u00f3-alaptantervet-2020-ban.jpeg\",\"datePublished\":\"2019-09-01T14:01:53+00:00\",\"dateModified\":\"2019-09-16T13:34:15+00:00\",\"author\":{\"@id\":\"https:\\\/\\\/hotnewsinworld.com\\\/hu\\\/#\\\/schema\\\/person\\\/fe61448b21c0d59086e75fcc1f9d8f6b\"},\"breadcrumb\":{\"@id\":\"https:\\\/\\\/hotnewsinworld.com\\\/hu\\\/bejelentes-bevezetik-a-klasszikus-ertekekre-tamaszkodo-alaptantervet-2020-ban\\\/#breadcrumb\"},\"inLanguage\":\"hu\",\"potentialAction\":[{\"@type\":\"ReadAction\",\"target\":[\"https:\\\/\\\/hotnewsinworld.com\\\/hu\\\/bejelentes-bevezetik-a-klasszikus-ertekekre-tamaszkodo-alaptantervet-2020-ban\\\/\"]}]},{\"@type\":\"ImageObject\",\"inLanguage\":\"hu\",\"@id\":\"https:\\\/\\\/hotnewsinworld.com\\\/hu\\\/bejelentes-bevezetik-a-klasszikus-ertekekre-tamaszkodo-alaptantervet-2020-ban\\\/#primaryimage\",\"url\":\"https:\\\/\\\/hotnewsinworld.com\\\/hu\\\/wp-content\\\/uploads\\\/sites\\\/3\\\/2019\\\/09\\\/Bejelent\u00e9s-bevezetik-a-klasszikus-\u00e9rt\u00e9kekre-t\u00e1maszkod\u00f3-alaptantervet-2020-ban.jpeg\",\"contentUrl\":\"https:\\\/\\\/hotnewsinworld.com\\\/hu\\\/wp-content\\\/uploads\\\/sites\\\/3\\\/2019\\\/09\\\/Bejelent\u00e9s-bevezetik-a-klasszikus-\u00e9rt\u00e9kekre-t\u00e1maszkod\u00f3-alaptantervet-2020-ban.jpeg\",\"width\":780,\"height\":439,\"caption\":\"Bejelent\u00e9s: bevezetik a \\\"klasszikus \u00e9rt\u00e9kekre\\\" t\u00e1maszkod\u00f3 alaptantervet 2020-ban\"},{\"@type\":\"BreadcrumbList\",\"@id\":\"https:\\\/\\\/hotnewsinworld.com\\\/hu\\\/bejelentes-bevezetik-a-klasszikus-ertekekre-tamaszkodo-alaptantervet-2020-ban\\\/#breadcrumb\",\"itemListElement\":[{\"@type\":\"ListItem\",\"position\":1,\"name\":\"\u0413\u043b\u0430\u0432\u043d\u0430\u044f \u0441\u0442\u0440\u0430\u043d\u0438\u0446\u0430\",\"item\":\"https:\\\/\\\/hotnewsinworld.com\\\/hu\\\/\"},{\"@type\":\"ListItem\",\"position\":2,\"name\":\"Bejelent\u00e9s: bevezetik a &#8220;klasszikus \u00e9rt\u00e9kekre&#8221; t\u00e1maszkod\u00f3 alaptantervet 2020-ban\"}]},{\"@type\":\"WebSite\",\"@id\":\"https:\\\/\\\/hotnewsinworld.com\\\/hu\\\/#website\",\"url\":\"https:\\\/\\\/hotnewsinworld.com\\\/hu\\\/\",\"name\":\"Hot News in World\",\"description\":\"Hot News in World from Hungary\",\"potentialAction\":[{\"@type\":\"SearchAction\",\"target\":{\"@type\":\"EntryPoint\",\"urlTemplate\":\"https:\\\/\\\/hotnewsinworld.com\\\/hu\\\/?s={search_term_string}\"},\"query-input\":{\"@type\":\"PropertyValueSpecification\",\"valueRequired\":true,\"valueName\":\"search_term_string\"}}],\"inLanguage\":\"hu\"},{\"@type\":\"Person\",\"@id\":\"https:\\\/\\\/hotnewsinworld.com\\\/hu\\\/#\\\/schema\\\/person\\\/fe61448b21c0d59086e75fcc1f9d8f6b\",\"name\":\"hotnewsinworld\",\"image\":{\"@type\":\"ImageObject\",\"inLanguage\":\"hu\",\"@id\":\"https:\\\/\\\/secure.gravatar.com\\\/avatar\\\/8a09ac165600ce2e1c38fe593c63928eb1e6e7ba5c5a907d67787c41b3d00c14?s=96&d=mm&r=g\",\"url\":\"https:\\\/\\\/secure.gravatar.com\\\/avatar\\\/8a09ac165600ce2e1c38fe593c63928eb1e6e7ba5c5a907d67787c41b3d00c14?s=96&d=mm&r=g\",\"contentUrl\":\"https:\\\/\\\/secure.gravatar.com\\\/avatar\\\/8a09ac165600ce2e1c38fe593c63928eb1e6e7ba5c5a907d67787c41b3d00c14?s=96&d=mm&r=g\",\"caption\":\"hotnewsinworld\"},\"url\":\"https:\\\/\\\/hotnewsinworld.com\\\/hu\\\/author\\\/pt\\\/\"}]}<\/script>\n<!-- \/ Yoast SEO plugin. -->","yoast_head_json":{"title":"Bejelent\u00e9s: bevezetik a \"klasszikus \u00e9rt\u00e9kekre\" t\u00e1maszkod\u00f3 alaptantervet 2020-ban - Hot News in World","robots":{"index":"index","follow":"follow","max-snippet":"max-snippet:-1","max-image-preview":"max-image-preview:large","max-video-preview":"max-video-preview:-1"},"canonical":"https:\/\/hotnewsinworld.com\/hu\/bejelentes-bevezetik-a-klasszikus-ertekekre-tamaszkodo-alaptantervet-2020-ban\/","og_locale":"hu_HU","og_type":"article","og_title":"Bejelent\u00e9s: bevezetik a \"klasszikus \u00e9rt\u00e9kekre\" t\u00e1maszkod\u00f3 alaptantervet 2020-ban - Hot News in World","og_description":"[ad_1] A magyar korm\u00e1ny feladata \u00e9s c\u00e9lja, hogy mindenben t\u00e1mogassa a gyermekeket nevel\u0151 csal\u00e1dokat, a szorgalmasan tanul\u00f3 di\u00e1kokat \u00e9s a hivat\u00e1sukat odaad\u00f3an v\u00e9gz\u0151 pedag\u00f3gusokat &#8211; mondta az MTI szerint K\u00e1sler Mikl\u00f3s, az emberi er\u0151forr\u00e1sok minisztere az orsz\u00e1gos tan\u00e9vnyit\u00f3n, vas\u00e1rnap S\u00e1rv\u00e1ron. Fot\u00f3: Shutterstock &#8211; A k\u00e9p illusztr\u00e1ci\u00f3. Elk\u00e9sz\u00fclt, \u00e9s a k\u00f6vetkez\u0151 tan\u00e9vben bevezetik a klasszikus \u00e9rt\u00e9kekre, [&hellip;]","og_url":"https:\/\/hotnewsinworld.com\/hu\/bejelentes-bevezetik-a-klasszikus-ertekekre-tamaszkodo-alaptantervet-2020-ban\/","og_site_name":"Hot News in World","article_published_time":"2019-09-01T14:01:53+00:00","article_modified_time":"2019-09-16T13:34:15+00:00","og_image":[{"width":780,"height":439,"url":"https:\/\/hotnewsinworld.com\/hu\/wp-content\/uploads\/sites\/3\/2019\/09\/Bejelent\u00e9s-bevezetik-a-klasszikus-\u00e9rt\u00e9kekre-t\u00e1maszkod\u00f3-alaptantervet-2020-ban.jpeg","type":"image\/jpeg"}],"author":"hotnewsinworld","twitter_card":"summary_large_image","twitter_misc":{"Szerz\u0151:":"hotnewsinworld","Becs\u00fclt olvas\u00e1si id\u0151":"3 perc"},"schema":{"@context":"https:\/\/schema.org","@graph":[{"@type":"Article","@id":"https:\/\/hotnewsinworld.com\/hu\/bejelentes-bevezetik-a-klasszikus-ertekekre-tamaszkodo-alaptantervet-2020-ban\/#article","isPartOf":{"@id":"https:\/\/hotnewsinworld.com\/hu\/bejelentes-bevezetik-a-klasszikus-ertekekre-tamaszkodo-alaptantervet-2020-ban\/"},"author":{"name":"hotnewsinworld","@id":"https:\/\/hotnewsinworld.com\/hu\/#\/schema\/person\/fe61448b21c0d59086e75fcc1f9d8f6b"},"headline":"Bejelent\u00e9s: bevezetik a &#8222;klasszikus \u00e9rt\u00e9kekre&#8221; t\u00e1maszkod\u00f3 alaptantervet 2020-ban","datePublished":"2019-09-01T14:01:53+00:00","dateModified":"2019-09-16T13:34:15+00:00","mainEntityOfPage":{"@id":"https:\/\/hotnewsinworld.com\/hu\/bejelentes-bevezetik-a-klasszikus-ertekekre-tamaszkodo-alaptantervet-2020-ban\/"},"wordCount":524,"commentCount":0,"image":{"@id":"https:\/\/hotnewsinworld.com\/hu\/bejelentes-bevezetik-a-klasszikus-ertekekre-tamaszkodo-alaptantervet-2020-ban\/#primaryimage"},"thumbnailUrl":"https:\/\/hotnewsinworld.com\/hu\/wp-content\/uploads\/sites\/3\/2019\/09\/Bejelent\u00e9s-bevezetik-a-klasszikus-\u00e9rt\u00e9kekre-t\u00e1maszkod\u00f3-alaptantervet-2020-ban.jpeg","articleSection":["LEG\u00daJABB P\u00c9NZ\u00dcGYI H\u00cdREK"],"inLanguage":"hu","potentialAction":[{"@type":"CommentAction","name":"Comment","target":["https:\/\/hotnewsinworld.com\/hu\/bejelentes-bevezetik-a-klasszikus-ertekekre-tamaszkodo-alaptantervet-2020-ban\/#respond"]}]},{"@type":"WebPage","@id":"https:\/\/hotnewsinworld.com\/hu\/bejelentes-bevezetik-a-klasszikus-ertekekre-tamaszkodo-alaptantervet-2020-ban\/","url":"https:\/\/hotnewsinworld.com\/hu\/bejelentes-bevezetik-a-klasszikus-ertekekre-tamaszkodo-alaptantervet-2020-ban\/","name":"Bejelent\u00e9s: bevezetik a \"klasszikus \u00e9rt\u00e9kekre\" t\u00e1maszkod\u00f3 alaptantervet 2020-ban - Hot News in World","isPartOf":{"@id":"https:\/\/hotnewsinworld.com\/hu\/#website"},"primaryImageOfPage":{"@id":"https:\/\/hotnewsinworld.com\/hu\/bejelentes-bevezetik-a-klasszikus-ertekekre-tamaszkodo-alaptantervet-2020-ban\/#primaryimage"},"image":{"@id":"https:\/\/hotnewsinworld.com\/hu\/bejelentes-bevezetik-a-klasszikus-ertekekre-tamaszkodo-alaptantervet-2020-ban\/#primaryimage"},"thumbnailUrl":"https:\/\/hotnewsinworld.com\/hu\/wp-content\/uploads\/sites\/3\/2019\/09\/Bejelent\u00e9s-bevezetik-a-klasszikus-\u00e9rt\u00e9kekre-t\u00e1maszkod\u00f3-alaptantervet-2020-ban.jpeg","datePublished":"2019-09-01T14:01:53+00:00","dateModified":"2019-09-16T13:34:15+00:00","author":{"@id":"https:\/\/hotnewsinworld.com\/hu\/#\/schema\/person\/fe61448b21c0d59086e75fcc1f9d8f6b"},"breadcrumb":{"@id":"https:\/\/hotnewsinworld.com\/hu\/bejelentes-bevezetik-a-klasszikus-ertekekre-tamaszkodo-alaptantervet-2020-ban\/#breadcrumb"},"inLanguage":"hu","potentialAction":[{"@type":"ReadAction","target":["https:\/\/hotnewsinworld.com\/hu\/bejelentes-bevezetik-a-klasszikus-ertekekre-tamaszkodo-alaptantervet-2020-ban\/"]}]},{"@type":"ImageObject","inLanguage":"hu","@id":"https:\/\/hotnewsinworld.com\/hu\/bejelentes-bevezetik-a-klasszikus-ertekekre-tamaszkodo-alaptantervet-2020-ban\/#primaryimage","url":"https:\/\/hotnewsinworld.com\/hu\/wp-content\/uploads\/sites\/3\/2019\/09\/Bejelent\u00e9s-bevezetik-a-klasszikus-\u00e9rt\u00e9kekre-t\u00e1maszkod\u00f3-alaptantervet-2020-ban.jpeg","contentUrl":"https:\/\/hotnewsinworld.com\/hu\/wp-content\/uploads\/sites\/3\/2019\/09\/Bejelent\u00e9s-bevezetik-a-klasszikus-\u00e9rt\u00e9kekre-t\u00e1maszkod\u00f3-alaptantervet-2020-ban.jpeg","width":780,"height":439,"caption":"Bejelent\u00e9s: bevezetik a \"klasszikus \u00e9rt\u00e9kekre\" t\u00e1maszkod\u00f3 alaptantervet 2020-ban"},{"@type":"BreadcrumbList","@id":"https:\/\/hotnewsinworld.com\/hu\/bejelentes-bevezetik-a-klasszikus-ertekekre-tamaszkodo-alaptantervet-2020-ban\/#breadcrumb","itemListElement":[{"@type":"ListItem","position":1,"name":"\u0413\u043b\u0430\u0432\u043d\u0430\u044f \u0441\u0442\u0440\u0430\u043d\u0438\u0446\u0430","item":"https:\/\/hotnewsinworld.com\/hu\/"},{"@type":"ListItem","position":2,"name":"Bejelent\u00e9s: bevezetik a &#8220;klasszikus \u00e9rt\u00e9kekre&#8221; t\u00e1maszkod\u00f3 alaptantervet 2020-ban"}]},{"@type":"WebSite","@id":"https:\/\/hotnewsinworld.com\/hu\/#website","url":"https:\/\/hotnewsinworld.com\/hu\/","name":"Hot News in World","description":"Hot News in World from Hungary","potentialAction":[{"@type":"SearchAction","target":{"@type":"EntryPoint","urlTemplate":"https:\/\/hotnewsinworld.com\/hu\/?s={search_term_string}"},"query-input":{"@type":"PropertyValueSpecification","valueRequired":true,"valueName":"search_term_string"}}],"inLanguage":"hu"},{"@type":"Person","@id":"https:\/\/hotnewsinworld.com\/hu\/#\/schema\/person\/fe61448b21c0d59086e75fcc1f9d8f6b","name":"hotnewsinworld","image":{"@type":"ImageObject","inLanguage":"hu","@id":"https:\/\/secure.gravatar.com\/avatar\/8a09ac165600ce2e1c38fe593c63928eb1e6e7ba5c5a907d67787c41b3d00c14?s=96&d=mm&r=g","url":"https:\/\/secure.gravatar.com\/avatar\/8a09ac165600ce2e1c38fe593c63928eb1e6e7ba5c5a907d67787c41b3d00c14?s=96&d=mm&r=g","contentUrl":"https:\/\/secure.gravatar.com\/avatar\/8a09ac165600ce2e1c38fe593c63928eb1e6e7ba5c5a907d67787c41b3d00c14?s=96&d=mm&r=g","caption":"hotnewsinworld"},"url":"https:\/\/hotnewsinworld.com\/hu\/author\/pt\/"}]}},"_links":{"self":[{"href":"https:\/\/hotnewsinworld.com\/hu\/wp-json\/wp\/v2\/posts\/1487","targetHints":{"allow":["GET"]}}],"collection":[{"href":"https:\/\/hotnewsinworld.com\/hu\/wp-json\/wp\/v2\/posts"}],"about":[{"href":"https:\/\/hotnewsinworld.com\/hu\/wp-json\/wp\/v2\/types\/post"}],"author":[{"embeddable":true,"href":"https:\/\/hotnewsinworld.com\/hu\/wp-json\/wp\/v2\/users\/2"}],"replies":[{"embeddable":true,"href":"https:\/\/hotnewsinworld.com\/hu\/wp-json\/wp\/v2\/comments?post=1487"}],"version-history":[{"count":2,"href":"https:\/\/hotnewsinworld.com\/hu\/wp-json\/wp\/v2\/posts\/1487\/revisions"}],"predecessor-version":[{"id":2123,"href":"https:\/\/hotnewsinworld.com\/hu\/wp-json\/wp\/v2\/posts\/1487\/revisions\/2123"}],"wp:featuredmedia":[{"embeddable":true,"href":"https:\/\/hotnewsinworld.com\/hu\/wp-json\/wp\/v2\/media\/1488"}],"wp:attachment":[{"href":"https:\/\/hotnewsinworld.com\/hu\/wp-json\/wp\/v2\/media?parent=1487"}],"wp:term":[{"taxonomy":"category","embeddable":true,"href":"https:\/\/hotnewsinworld.com\/hu\/wp-json\/wp\/v2\/categories?post=1487"},{"taxonomy":"post_tag","embeddable":true,"href":"https:\/\/hotnewsinworld.com\/hu\/wp-json\/wp\/v2\/tags?post=1487"}],"curies":[{"name":"wp","href":"https:\/\/api.w.org\/{rel}","templated":true}]}}